{"id":41335,"date":"2022-04-05T09:03:22","date_gmt":"2022-04-05T07:03:22","guid":{"rendered":"https:\/\/buletin.de\/bucuresti\/?p=41335"},"modified":"2022-04-05T09:18:45","modified_gmt":"2022-04-05T07:18:45","slug":"peste-200-de-persoane-evacuate-dintr-un-tunel-de-metrou-in-apropiere-de-statia-basarab","status":"publish","type":"post","link":"https:\/\/buletin.de\/bucuresti\/peste-200-de-persoane-evacuate-dintr-un-tunel-de-metrou-in-apropiere-de-statia-basarab\/","title":{"rendered":"Peste 200 de persoane, evacuate dintr-un tunel de metrou \u00een apropiere de sta\u021bia Basarab"},"content":{"rendered":"\n<p class=\"has-pale-cyan-blue-background-color has-background\">276 de persoane au fost evacuate de pompieri pe tunelul c\u0103tre sta\u021bia Basarab, dup\u0103 ce o garnitur\u0103 de metrou s-a defectat mar\u021bi diminea\u021b\u0103, \u00een jurul orei 09:00.<\/p>\n\n\n\n<p>\u201eLinia a fost deconectat\u0103 de la electricitate, iar evacuarea s-a f\u0103cut sub coordonarea echipelor de pompieri. Nu au fost probleme medicale. C\u0103l\u0103torii au fost evacua\u021bi pe tunel c\u0103tre sta\u021bia Basarab, pe o distan\u021b\u0103 de aproximativ 200 de metri. Ac\u021bioneaz\u0103 Departamentul Special de Salvatori, dou\u0103 echipaje SMURD, patru autospeciale de pompieri \u0219i salvatorii Metrorex\u201d, a precizat ISU Bucure\u0219ti Ilfov.<\/p>\n\n\n\n<p>Oficialii Metrorex precizeaz\u0103 c\u0103 garnitura defect\u0103 va fi retras\u0103 la depou, unde se va verifica motivul pentru care s-a defectat.<\/p>\n\n\n\n<p>\u201eDup\u0103 debarcarea c\u0103l\u0103torilor din tren, tunelul este verificat pentru a fi repus\u0103 tensiunea. Trenul defect urmeaz\u0103 s\u0103 fie retras la depou \u0219i verificat pentru stabilirea cauzelor deranjamentului \u0219i a remedierii. P\u00e2n\u0103 la rezolvarea situa\u021biei, circula\u021bia trenurilor de metrou se desf\u0103\u0219oar\u0103 \u00een sistem pendul\u0103. Preciz\u0103m c\u0103 trenul ajutor trimis pentru tractarea trenului defect nu a fost blocat \u00een tunel, acesta realizeaz\u0103 manevre de tractare\u201d, a declarat conducerea Metrorex.<\/p>\n\n\n\n<figure class=\"wp-block-gallery columns-3 is-cropped wp-block-gallery-1 is-layout-flex wp-block-gallery-is-layout-flex\"><ul class=\"blocks-gallery-grid\"><li class=\"blocks-gallery-item\"><figure><img fetchpriority=\"high\" decoding=\"async\" width=\"900\" height=\"675\" src=\"data:image\/gif;base64,R0lGODlhAQABAAAAACH5BAEKAAEALAAAAAABAAEAAAICTAEAOw==\" data-src=\"https:\/\/buletin.de\/bucuresti\/wp-content\/uploads\/evacuare-metrou-1-900x675.jpg\" alt=\"\" data-id=\"41336\" data-full-url=\"https:\/\/buletin.de\/bucuresti\/wp-content\/uploads\/evacuare-metrou-1.jpg\" data-link=\"https:\/\/buletin.de\/bucuresti\/?attachment_id=41336\" class=\"wp-image-41336 lazyload\" data-sizes=\"auto\" data-srcset=\"https:\/\/buletin.de\/bucuresti\/wp-content\/uploads\/evacuare-metrou-1-900x675.jpg 900w, https:\/\/buletin.de\/bucuresti\/wp-content\/uploads\/evacuare-metrou-1-300x225.jpg 300w, https:\/\/buletin.de\/bucuresti\/wp-content\/uploads\/evacuare-metrou-1-768x576.jpg 768w, https:\/\/buletin.de\/bucuresti\/wp-content\/uploads\/evacuare-metrou-1-550x413.jpg 550w, https:\/\/buletin.de\/bucuresti\/wp-content\/uploads\/evacuare-metrou-1-667x500.jpg 667w, https:\/\/buletin.de\/bucuresti\/wp-content\/uploads\/evacuare-metrou-1-600x450.jpg 600w, https:\/\/buletin.de\/bucuresti\/wp-content\/uploads\/evacuare-metrou-1.jpg 1024w\" sizes=\"(max-width: 900px) 100vw, 900px\" \/><\/figure><\/li><li class=\"blocks-gallery-item\"><figure><img decoding=\"async\" width=\"900\" height=\"675\" src=\"data:image\/gif;base64,R0lGODlhAQABAAAAACH5BAEKAAEALAAAAAABAAEAAAICTAEAOw==\" data-src=\"https:\/\/buletin.de\/bucuresti\/wp-content\/uploads\/evacuare-metrou-2-900x675.jpg\" alt=\"\" data-id=\"41337\" data-full-url=\"https:\/\/buletin.de\/bucuresti\/wp-content\/uploads\/evacuare-metrou-2.jpg\" data-link=\"https:\/\/buletin.de\/bucuresti\/?attachment_id=41337\" class=\"wp-image-41337 lazyload\" data-sizes=\"auto\" data-srcset=\"https:\/\/buletin.de\/bucuresti\/wp-content\/uploads\/evacuare-metrou-2-900x675.jpg 900w, https:\/\/buletin.de\/bucuresti\/wp-content\/uploads\/evacuare-metrou-2-300x225.jpg 300w, https:\/\/buletin.de\/bucuresti\/wp-content\/uploads\/evacuare-metrou-2-768x576.jpg 768w, https:\/\/buletin.de\/bucuresti\/wp-content\/uploads\/evacuare-metrou-2-550x413.jpg 550w, https:\/\/buletin.de\/bucuresti\/wp-content\/uploads\/evacuare-metrou-2-667x500.jpg 667w, https:\/\/buletin.de\/bucuresti\/wp-content\/uploads\/evacuare-metrou-2-600x450.jpg 600w, https:\/\/buletin.de\/bucuresti\/wp-content\/uploads\/evacuare-metrou-2.jpg 1024w\" sizes=\"(max-width: 900px) 100vw, 900px\" \/><\/figure><\/li><li class=\"blocks-gallery-item\"><figure><img decoding=\"async\" width=\"900\" height=\"675\" src=\"data:image\/gif;base64,R0lGODlhAQABAAAAACH5BAEKAAEALAAAAAABAAEAAAICTAEAOw==\" data-src=\"https:\/\/buletin.de\/bucuresti\/wp-content\/uploads\/evacuare-metrou-3-900x675.jpg\" alt=\"\" data-id=\"41338\" data-full-url=\"https:\/\/buletin.de\/bucuresti\/wp-content\/uploads\/evacuare-metrou-3.jpg\" data-link=\"https:\/\/buletin.de\/bucuresti\/?attachment_id=41338\" class=\"wp-image-41338 lazyload\" data-sizes=\"auto\" data-srcset=\"https:\/\/buletin.de\/bucuresti\/wp-content\/uploads\/evacuare-metrou-3-900x675.jpg 900w, https:\/\/buletin.de\/bucuresti\/wp-content\/uploads\/evacuare-metrou-3-300x225.jpg 300w, https:\/\/buletin.de\/bucuresti\/wp-content\/uploads\/evacuare-metrou-3-768x576.jpg 768w, https:\/\/buletin.de\/bucuresti\/wp-content\/uploads\/evacuare-metrou-3-550x413.jpg 550w, https:\/\/buletin.de\/bucuresti\/wp-content\/uploads\/evacuare-metrou-3-667x500.jpg 667w, https:\/\/buletin.de\/bucuresti\/wp-content\/uploads\/evacuare-metrou-3-600x450.jpg 600w, https:\/\/buletin.de\/bucuresti\/wp-content\/uploads\/evacuare-metrou-3.jpg 1024w\" sizes=\"(max-width: 900px) 100vw, 900px\" \/><\/figure><\/li><li class=\"blocks-gallery-item\"><figure><img loading=\"lazy\" decoding=\"async\" width=\"900\" height=\"675\" src=\"data:image\/gif;base64,R0lGODlhAQABAAAAACH5BAEKAAEALAAAAAABAAEAAAICTAEAOw==\" data-src=\"https:\/\/buletin.de\/bucuresti\/wp-content\/uploads\/evacuare-metrou-4-900x675.jpg\" alt=\"\" data-id=\"41339\" data-full-url=\"https:\/\/buletin.de\/bucuresti\/wp-content\/uploads\/evacuare-metrou-4.jpg\" data-link=\"https:\/\/buletin.de\/bucuresti\/?attachment_id=41339\" class=\"wp-image-41339 lazyload\" data-sizes=\"auto\" data-srcset=\"https:\/\/buletin.de\/bucuresti\/wp-content\/uploads\/evacuare-metrou-4-900x675.jpg 900w, https:\/\/buletin.de\/bucuresti\/wp-content\/uploads\/evacuare-metrou-4-300x225.jpg 300w, https:\/\/buletin.de\/bucuresti\/wp-content\/uploads\/evacuare-metrou-4-768x576.jpg 768w, https:\/\/buletin.de\/bucuresti\/wp-content\/uploads\/evacuare-metrou-4-550x413.jpg 550w, https:\/\/buletin.de\/bucuresti\/wp-content\/uploads\/evacuare-metrou-4-667x500.jpg 667w, https:\/\/buletin.de\/bucuresti\/wp-content\/uploads\/evacuare-metrou-4-600x450.jpg 600w, https:\/\/buletin.de\/bucuresti\/wp-content\/uploads\/evacuare-metrou-4.jpg 1024w\" sizes=\"(max-width: 900px) 100vw, 900px\" \/><\/figure><\/li><\/ul><\/figure>\n","protected":false},"excerpt":{"rendered":"<p>276 de persoane au fost evacuate de pompieri pe tunelul c\u0103tre sta\u021bia Basarab, dup\u0103 ce o garnitur\u0103 de metrou s-a defectat mar\u021bi diminea\u021b\u0103, \u00een jurul orei 09:00. \u201eLinia a fost deconectat\u0103 de la electricitate, iar evacuarea s-a f\u0103cut sub coordonarea echipelor de pompieri. Nu au fost probleme medicale. C\u0103l\u0103torii au fost evacua\u021bi pe tunel c\u0103tre [&hellip;]<\/p>\n","protected":false},"author":38,"featured_media":41340,"comment_status":"closed","ping_status":"open","sticky":false,"template":"","format":"standard","meta":{"_acf_changed":false,"inline_featured_image":false,"ngg_post_thumbnail":0,"footnotes":""},"categories":[62],"tags":[],"ppma_author":[22601],"class_list":["post-41335","post","type-post","status-publish","format-standard","has-post-thumbnail","hentry","category-stiri"],"acf":[],"yoast_head":"<!-- This site is optimized with the Yoast SEO Premium plugin v25.3 (Yoast SEO v27.4) - https:\/\/yoast.com\/product\/yoast-seo-premium-wordpress\/ -->\n<title>Peste 200 de persoane, evacuate dintr-un tunel de metrou \u00een apropiere de sta\u021bia Basarab - Buletin de Bucure\u0219ti<\/title>\n<meta name=\"robots\" content=\"index, follow, max-snippet:-1, max-image-preview:large, max-video-preview:-1\" \/>\n<link rel=\"canonical\" href=\"https:\/\/buletin.de\/bucuresti\/peste-200-de-persoane-evacuate-dintr-un-tunel-de-metrou-in-apropiere-de-statia-basarab\/\" \/>\n<meta property=\"og:locale\" content=\"en_GB\" \/>\n<meta property=\"og:type\" content=\"article\" \/>\n<meta property=\"og:title\" content=\"Peste 200 de persoane, evacuate dintr-un tunel de metrou \u00een apropiere de sta\u021bia Basarab\" \/>\n<meta property=\"og:description\" content=\"276 de persoane au fost evacuate de pompieri pe tunelul c\u0103tre sta\u021bia Basarab, dup\u0103 ce o garnitur\u0103 de metrou s-a defectat mar\u021bi diminea\u021b\u0103, \u00een jurul orei 09:00. \u201eLinia a fost deconectat\u0103 de la electricitate, iar evacuarea s-a f\u0103cut sub coordonarea echipelor de pompieri. Nu au fost probleme medicale. C\u0103l\u0103torii au fost evacua\u021bi pe tunel c\u0103tre [&hellip;]\" \/>\n<meta property=\"og:url\" content=\"https:\/\/buletin.de\/bucuresti\/peste-200-de-persoane-evacuate-dintr-un-tunel-de-metrou-in-apropiere-de-statia-basarab\/\" \/>\n<meta property=\"og:site_name\" content=\"Buletin de Bucure\u0219ti\" \/>\n<meta property=\"article:publisher\" content=\"https:\/\/www.facebook.com\/buletin.de.buc\" \/>\n<meta property=\"article:published_time\" content=\"2022-04-05T07:03:22+00:00\" \/>\n<meta property=\"article:modified_time\" content=\"2022-04-05T07:18:45+00:00\" \/>\n<meta property=\"og:image\" content=\"https:\/\/buletin.de\/bucuresti\/wp-content\/uploads\/evacuare-metrou.jpg\" \/>\n\t<meta property=\"og:image:width\" content=\"1599\" \/>\n\t<meta property=\"og:image:height\" content=\"899\" \/>\n\t<meta property=\"og:image:type\" content=\"image\/jpeg\" \/>\n<meta name=\"author\" content=\"Anamaria Nedelcoff\" \/>\n<meta name=\"twitter:card\" content=\"summary_large_image\" \/>\n<meta name=\"twitter:label1\" content=\"Written by\" \/>\n\t<meta name=\"twitter:data1\" content=\"Anamaria Nedelcoff\" \/>\n\t<meta name=\"twitter:label2\" content=\"Estimated reading time\" \/>\n\t<meta name=\"twitter:data2\" content=\"2 minutes\" \/>\n<script type=\"application\/ld+json\" class=\"yoast-schema-graph\">{\"@context\":\"https:\\\/\\\/schema.org\",\"@graph\":[{\"@type\":\"Article\",\"@id\":\"https:\\\/\\\/buletin.de\\\/bucuresti\\\/peste-200-de-persoane-evacuate-dintr-un-tunel-de-metrou-in-apropiere-de-statia-basarab\\\/#article\",\"isPartOf\":{\"@id\":\"https:\\\/\\\/buletin.de\\\/bucuresti\\\/peste-200-de-persoane-evacuate-dintr-un-tunel-de-metrou-in-apropiere-de-statia-basarab\\\/\"},\"author\":{\"name\":\"Anamaria Nedelcoff\",\"@id\":\"https:\\\/\\\/buletin.de\\\/bucuresti\\\/#\\\/schema\\\/person\\\/bfa22994f12f5d3353b170aca494f1f9\"},\"headline\":\"Peste 200 de persoane, evacuate dintr-un tunel de metrou \u00een apropiere de sta\u021bia Basarab\",\"datePublished\":\"2022-04-05T07:03:22+00:00\",\"dateModified\":\"2022-04-05T07:18:45+00:00\",\"mainEntityOfPage\":{\"@id\":\"https:\\\/\\\/buletin.de\\\/bucuresti\\\/peste-200-de-persoane-evacuate-dintr-un-tunel-de-metrou-in-apropiere-de-statia-basarab\\\/\"},\"wordCount\":201,\"publisher\":{\"@id\":\"https:\\\/\\\/buletin.de\\\/bucuresti\\\/#organization\"},\"image\":{\"@id\":\"https:\\\/\\\/buletin.de\\\/bucuresti\\\/peste-200-de-persoane-evacuate-dintr-un-tunel-de-metrou-in-apropiere-de-statia-basarab\\\/#primaryimage\"},\"thumbnailUrl\":\"https:\\\/\\\/buletin.de\\\/bucuresti\\\/wp-content\\\/uploads\\\/evacuare-metrou.jpg\",\"articleSection\":[\"\u0218tiri\"],\"inLanguage\":\"en-GB\",\"copyrightYear\":\"2022\",\"copyrightHolder\":{\"@id\":\"https:\\\/\\\/buletin.de\\\/bucuresti\\\/#organization\"}},{\"@type\":\"WebPage\",\"@id\":\"https:\\\/\\\/buletin.de\\\/bucuresti\\\/peste-200-de-persoane-evacuate-dintr-un-tunel-de-metrou-in-apropiere-de-statia-basarab\\\/\",\"url\":\"https:\\\/\\\/buletin.de\\\/bucuresti\\\/peste-200-de-persoane-evacuate-dintr-un-tunel-de-metrou-in-apropiere-de-statia-basarab\\\/\",\"name\":\"Peste 200 de persoane, evacuate dintr-un tunel de metrou \u00een apropiere de sta\u021bia Basarab - Buletin de Bucure\u0219ti\",\"isPartOf\":{\"@id\":\"https:\\\/\\\/buletin.de\\\/bucuresti\\\/#website\"},\"primaryImageOfPage\":{\"@id\":\"https:\\\/\\\/buletin.de\\\/bucuresti\\\/peste-200-de-persoane-evacuate-dintr-un-tunel-de-metrou-in-apropiere-de-statia-basarab\\\/#primaryimage\"},\"image\":{\"@id\":\"https:\\\/\\\/buletin.de\\\/bucuresti\\\/peste-200-de-persoane-evacuate-dintr-un-tunel-de-metrou-in-apropiere-de-statia-basarab\\\/#primaryimage\"},\"thumbnailUrl\":\"https:\\\/\\\/buletin.de\\\/bucuresti\\\/wp-content\\\/uploads\\\/evacuare-metrou.jpg\",\"datePublished\":\"2022-04-05T07:03:22+00:00\",\"dateModified\":\"2022-04-05T07:18:45+00:00\",\"breadcrumb\":{\"@id\":\"https:\\\/\\\/buletin.de\\\/bucuresti\\\/peste-200-de-persoane-evacuate-dintr-un-tunel-de-metrou-in-apropiere-de-statia-basarab\\\/#breadcrumb\"},\"inLanguage\":\"en-GB\",\"potentialAction\":[{\"@type\":\"ReadAction\",\"target\":[\"https:\\\/\\\/buletin.de\\\/bucuresti\\\/peste-200-de-persoane-evacuate-dintr-un-tunel-de-metrou-in-apropiere-de-statia-basarab\\\/\"]}]},{\"@type\":\"ImageObject\",\"inLanguage\":\"en-GB\",\"@id\":\"https:\\\/\\\/buletin.de\\\/bucuresti\\\/peste-200-de-persoane-evacuate-dintr-un-tunel-de-metrou-in-apropiere-de-statia-basarab\\\/#primaryimage\",\"url\":\"https:\\\/\\\/buletin.de\\\/bucuresti\\\/wp-content\\\/uploads\\\/evacuare-metrou.jpg\",\"contentUrl\":\"https:\\\/\\\/buletin.de\\\/bucuresti\\\/wp-content\\\/uploads\\\/evacuare-metrou.jpg\",\"width\":1599,\"height\":899},{\"@type\":\"BreadcrumbList\",\"@id\":\"https:\\\/\\\/buletin.de\\\/bucuresti\\\/peste-200-de-persoane-evacuate-dintr-un-tunel-de-metrou-in-apropiere-de-statia-basarab\\\/#breadcrumb\",\"itemListElement\":[{\"@type\":\"ListItem\",\"position\":1,\"name\":\"Acas\u0103\",\"item\":\"https:\\\/\\\/buletin.de\\\/bucuresti\\\/\"},{\"@type\":\"ListItem\",\"position\":2,\"name\":\"Peste 200 de persoane, evacuate dintr-un tunel de metrou \u00een apropiere de sta\u021bia Basarab\"}]},{\"@type\":\"WebSite\",\"@id\":\"https:\\\/\\\/buletin.de\\\/bucuresti\\\/#website\",\"url\":\"https:\\\/\\\/buletin.de\\\/bucuresti\\\/\",\"name\":\"Buletin de Bucure\u0219ti\",\"description\":\"\u0218tiri \u0219i investiga\u021bii esen\u021biale din capital\u0103\",\"publisher\":{\"@id\":\"https:\\\/\\\/buletin.de\\\/bucuresti\\\/#organization\"},\"potentialAction\":[{\"@type\":\"SearchAction\",\"target\":{\"@type\":\"EntryPoint\",\"urlTemplate\":\"https:\\\/\\\/buletin.de\\\/bucuresti\\\/?s={search_term_string}\"},\"query-input\":{\"@type\":\"PropertyValueSpecification\",\"valueRequired\":true,\"valueName\":\"search_term_string\"}}],\"inLanguage\":\"en-GB\"},{\"@type\":\"Organization\",\"@id\":\"https:\\\/\\\/buletin.de\\\/bucuresti\\\/#organization\",\"name\":\"Buletin de Bucure\u0219ti\",\"url\":\"https:\\\/\\\/buletin.de\\\/bucuresti\\\/\",\"logo\":{\"@type\":\"ImageObject\",\"inLanguage\":\"en-GB\",\"@id\":\"https:\\\/\\\/buletin.de\\\/bucuresti\\\/#\\\/schema\\\/logo\\\/image\\\/\",\"url\":\"https:\\\/\\\/buletin.de\\\/bucuresti\\\/wp-content\\\/uploads\\\/logo-bdb-full-wide-vernil-transparent.png\",\"contentUrl\":\"https:\\\/\\\/buletin.de\\\/bucuresti\\\/wp-content\\\/uploads\\\/logo-bdb-full-wide-vernil-transparent.png\",\"width\":1782,\"height\":626,\"caption\":\"Buletin de Bucure\u0219ti\"},\"image\":{\"@id\":\"https:\\\/\\\/buletin.de\\\/bucuresti\\\/#\\\/schema\\\/logo\\\/image\\\/\"},\"sameAs\":[\"https:\\\/\\\/www.facebook.com\\\/buletin.de.buc\",\"https:\\\/\\\/www.instagram.com\\\/buletinde.bucuresti\\\/\"]},{\"@type\":\"Person\",\"@id\":\"https:\\\/\\\/buletin.de\\\/bucuresti\\\/#\\\/schema\\\/person\\\/bfa22994f12f5d3353b170aca494f1f9\",\"name\":\"Anamaria Nedelcoff\",\"image\":{\"@type\":\"ImageObject\",\"inLanguage\":\"en-GB\",\"@id\":\"https:\\\/\\\/secure.gravatar.com\\\/avatar\\\/409df91a26b98006111557131cc35236962765b734317e1dcf94c6bc1d010629?s=96&d=monsterid&r=g9bc3ae6c8e1522e913d1a0debd6aec89\",\"url\":\"https:\\\/\\\/secure.gravatar.com\\\/avatar\\\/409df91a26b98006111557131cc35236962765b734317e1dcf94c6bc1d010629?s=96&d=monsterid&r=g\",\"contentUrl\":\"https:\\\/\\\/secure.gravatar.com\\\/avatar\\\/409df91a26b98006111557131cc35236962765b734317e1dcf94c6bc1d010629?s=96&d=monsterid&r=g\",\"caption\":\"Anamaria Nedelcoff\"},\"url\":\"https:\\\/\\\/buletin.de\\\/bucuresti\\\/author\\\/nedelcoff\\\/\"}]}<\/script>\n<!-- \/ Yoast SEO Premium plugin. -->","yoast_head_json":{"title":"Peste 200 de persoane, evacuate dintr-un tunel de metrou \u00een apropiere de sta\u021bia Basarab - Buletin de Bucure\u0219ti","robots":{"index":"index","follow":"follow","max-snippet":"max-snippet:-1","max-image-preview":"max-image-preview:large","max-video-preview":"max-video-preview:-1"},"canonical":"https:\/\/buletin.de\/bucuresti\/peste-200-de-persoane-evacuate-dintr-un-tunel-de-metrou-in-apropiere-de-statia-basarab\/","og_locale":"en_GB","og_type":"article","og_title":"Peste 200 de persoane, evacuate dintr-un tunel de metrou \u00een apropiere de sta\u021bia Basarab","og_description":"276 de persoane au fost evacuate de pompieri pe tunelul c\u0103tre sta\u021bia Basarab, dup\u0103 ce o garnitur\u0103 de metrou s-a defectat mar\u021bi diminea\u021b\u0103, \u00een jurul orei 09:00. \u201eLinia a fost deconectat\u0103 de la electricitate, iar evacuarea s-a f\u0103cut sub coordonarea echipelor de pompieri. Nu au fost probleme medicale. C\u0103l\u0103torii au fost evacua\u021bi pe tunel c\u0103tre [&hellip;]","og_url":"https:\/\/buletin.de\/bucuresti\/peste-200-de-persoane-evacuate-dintr-un-tunel-de-metrou-in-apropiere-de-statia-basarab\/","og_site_name":"Buletin de Bucure\u0219ti","article_publisher":"https:\/\/www.facebook.com\/buletin.de.buc","article_published_time":"2022-04-05T07:03:22+00:00","article_modified_time":"2022-04-05T07:18:45+00:00","og_image":[{"width":1599,"height":899,"url":"https:\/\/buletin.de\/bucuresti\/wp-content\/uploads\/evacuare-metrou.jpg","type":"image\/jpeg"}],"author":"Anamaria Nedelcoff","twitter_card":"summary_large_image","twitter_misc":{"Written by":"Anamaria Nedelcoff","Estimated reading time":"2 minutes"},"schema":{"@context":"https:\/\/schema.org","@graph":[{"@type":"Article","@id":"https:\/\/buletin.de\/bucuresti\/peste-200-de-persoane-evacuate-dintr-un-tunel-de-metrou-in-apropiere-de-statia-basarab\/#article","isPartOf":{"@id":"https:\/\/buletin.de\/bucuresti\/peste-200-de-persoane-evacuate-dintr-un-tunel-de-metrou-in-apropiere-de-statia-basarab\/"},"author":{"name":"Anamaria Nedelcoff","@id":"https:\/\/buletin.de\/bucuresti\/#\/schema\/person\/bfa22994f12f5d3353b170aca494f1f9"},"headline":"Peste 200 de persoane, evacuate dintr-un tunel de metrou \u00een apropiere de sta\u021bia Basarab","datePublished":"2022-04-05T07:03:22+00:00","dateModified":"2022-04-05T07:18:45+00:00","mainEntityOfPage":{"@id":"https:\/\/buletin.de\/bucuresti\/peste-200-de-persoane-evacuate-dintr-un-tunel-de-metrou-in-apropiere-de-statia-basarab\/"},"wordCount":201,"publisher":{"@id":"https:\/\/buletin.de\/bucuresti\/#organization"},"image":{"@id":"https:\/\/buletin.de\/bucuresti\/peste-200-de-persoane-evacuate-dintr-un-tunel-de-metrou-in-apropiere-de-statia-basarab\/#primaryimage"},"thumbnailUrl":"https:\/\/buletin.de\/bucuresti\/wp-content\/uploads\/evacuare-metrou.jpg","articleSection":["\u0218tiri"],"inLanguage":"en-GB","copyrightYear":"2022","copyrightHolder":{"@id":"https:\/\/buletin.de\/bucuresti\/#organization"}},{"@type":"WebPage","@id":"https:\/\/buletin.de\/bucuresti\/peste-200-de-persoane-evacuate-dintr-un-tunel-de-metrou-in-apropiere-de-statia-basarab\/","url":"https:\/\/buletin.de\/bucuresti\/peste-200-de-persoane-evacuate-dintr-un-tunel-de-metrou-in-apropiere-de-statia-basarab\/","name":"Peste 200 de persoane, evacuate dintr-un tunel de metrou \u00een apropiere de sta\u021bia Basarab - Buletin de Bucure\u0219ti","isPartOf":{"@id":"https:\/\/buletin.de\/bucuresti\/#website"},"primaryImageOfPage":{"@id":"https:\/\/buletin.de\/bucuresti\/peste-200-de-persoane-evacuate-dintr-un-tunel-de-metrou-in-apropiere-de-statia-basarab\/#primaryimage"},"image":{"@id":"https:\/\/buletin.de\/bucuresti\/peste-200-de-persoane-evacuate-dintr-un-tunel-de-metrou-in-apropiere-de-statia-basarab\/#primaryimage"},"thumbnailUrl":"https:\/\/buletin.de\/bucuresti\/wp-content\/uploads\/evacuare-metrou.jpg","datePublished":"2022-04-05T07:03:22+00:00","dateModified":"2022-04-05T07:18:45+00:00","breadcrumb":{"@id":"https:\/\/buletin.de\/bucuresti\/peste-200-de-persoane-evacuate-dintr-un-tunel-de-metrou-in-apropiere-de-statia-basarab\/#breadcrumb"},"inLanguage":"en-GB","potentialAction":[{"@type":"ReadAction","target":["https:\/\/buletin.de\/bucuresti\/peste-200-de-persoane-evacuate-dintr-un-tunel-de-metrou-in-apropiere-de-statia-basarab\/"]}]},{"@type":"ImageObject","inLanguage":"en-GB","@id":"https:\/\/buletin.de\/bucuresti\/peste-200-de-persoane-evacuate-dintr-un-tunel-de-metrou-in-apropiere-de-statia-basarab\/#primaryimage","url":"https:\/\/buletin.de\/bucuresti\/wp-content\/uploads\/evacuare-metrou.jpg","contentUrl":"https:\/\/buletin.de\/bucuresti\/wp-content\/uploads\/evacuare-metrou.jpg","width":1599,"height":899},{"@type":"BreadcrumbList","@id":"https:\/\/buletin.de\/bucuresti\/peste-200-de-persoane-evacuate-dintr-un-tunel-de-metrou-in-apropiere-de-statia-basarab\/#breadcrumb","itemListElement":[{"@type":"ListItem","position":1,"name":"Acas\u0103","item":"https:\/\/buletin.de\/bucuresti\/"},{"@type":"ListItem","position":2,"name":"Peste 200 de persoane, evacuate dintr-un tunel de metrou \u00een apropiere de sta\u021bia Basarab"}]},{"@type":"WebSite","@id":"https:\/\/buletin.de\/bucuresti\/#website","url":"https:\/\/buletin.de\/bucuresti\/","name":"Buletin de Bucure\u0219ti","description":"\u0218tiri \u0219i investiga\u021bii esen\u021biale din capital\u0103","publisher":{"@id":"https:\/\/buletin.de\/bucuresti\/#organization"},"potentialAction":[{"@type":"SearchAction","target":{"@type":"EntryPoint","urlTemplate":"https:\/\/buletin.de\/bucuresti\/?s={search_term_string}"},"query-input":{"@type":"PropertyValueSpecification","valueRequired":true,"valueName":"search_term_string"}}],"inLanguage":"en-GB"},{"@type":"Organization","@id":"https:\/\/buletin.de\/bucuresti\/#organization","name":"Buletin de Bucure\u0219ti","url":"https:\/\/buletin.de\/bucuresti\/","logo":{"@type":"ImageObject","inLanguage":"en-GB","@id":"https:\/\/buletin.de\/bucuresti\/#\/schema\/logo\/image\/","url":"https:\/\/buletin.de\/bucuresti\/wp-content\/uploads\/logo-bdb-full-wide-vernil-transparent.png","contentUrl":"https:\/\/buletin.de\/bucuresti\/wp-content\/uploads\/logo-bdb-full-wide-vernil-transparent.png","width":1782,"height":626,"caption":"Buletin de Bucure\u0219ti"},"image":{"@id":"https:\/\/buletin.de\/bucuresti\/#\/schema\/logo\/image\/"},"sameAs":["https:\/\/www.facebook.com\/buletin.de.buc","https:\/\/www.instagram.com\/buletinde.bucuresti\/"]},{"@type":"Person","@id":"https:\/\/buletin.de\/bucuresti\/#\/schema\/person\/bfa22994f12f5d3353b170aca494f1f9","name":"Anamaria Nedelcoff","image":{"@type":"ImageObject","inLanguage":"en-GB","@id":"https:\/\/secure.gravatar.com\/avatar\/409df91a26b98006111557131cc35236962765b734317e1dcf94c6bc1d010629?s=96&d=monsterid&r=g9bc3ae6c8e1522e913d1a0debd6aec89","url":"https:\/\/secure.gravatar.com\/avatar\/409df91a26b98006111557131cc35236962765b734317e1dcf94c6bc1d010629?s=96&d=monsterid&r=g","contentUrl":"https:\/\/secure.gravatar.com\/avatar\/409df91a26b98006111557131cc35236962765b734317e1dcf94c6bc1d010629?s=96&d=monsterid&r=g","caption":"Anamaria Nedelcoff"},"url":"https:\/\/buletin.de\/bucuresti\/author\/nedelcoff\/"}]}},"authors":[{"term_id":22601,"user_id":38,"is_guest":0,"slug":"nedelcoff","display_name":"Anamaria Nedelcoff","avatar_url":"https:\/\/secure.gravatar.com\/avatar\/409df91a26b98006111557131cc35236962765b734317e1dcf94c6bc1d010629?s=96&d=monsterid&r=g","0":null,"1":"","2":"","3":"","4":"","5":"","6":"","7":"","8":""}],"_links":{"self":[{"href":"https:\/\/buletin.de\/bucuresti\/wp-json\/wp\/v2\/posts\/41335","targetHints":{"allow":["GET"]}}],"collection":[{"href":"https:\/\/buletin.de\/bucuresti\/wp-json\/wp\/v2\/posts"}],"about":[{"href":"https:\/\/buletin.de\/bucuresti\/wp-json\/wp\/v2\/types\/post"}],"author":[{"embeddable":true,"href":"https:\/\/buletin.de\/bucuresti\/wp-json\/wp\/v2\/users\/38"}],"replies":[{"embeddable":true,"href":"https:\/\/buletin.de\/bucuresti\/wp-json\/wp\/v2\/comments?post=41335"}],"version-history":[{"count":6,"href":"https:\/\/buletin.de\/bucuresti\/wp-json\/wp\/v2\/posts\/41335\/revisions"}],"predecessor-version":[{"id":41348,"href":"https:\/\/buletin.de\/bucuresti\/wp-json\/wp\/v2\/posts\/41335\/revisions\/41348"}],"wp:featuredmedia":[{"embeddable":true,"href":"https:\/\/buletin.de\/bucuresti\/wp-json\/wp\/v2\/media\/41340"}],"wp:attachment":[{"href":"https:\/\/buletin.de\/bucuresti\/wp-json\/wp\/v2\/media?parent=41335"}],"wp:term":[{"taxonomy":"category","embeddable":true,"href":"https:\/\/buletin.de\/bucuresti\/wp-json\/wp\/v2\/categories?post=41335"},{"taxonomy":"post_tag","embeddable":true,"href":"https:\/\/buletin.de\/bucuresti\/wp-json\/wp\/v2\/tags?post=41335"},{"taxonomy":"author","embeddable":true,"href":"https:\/\/buletin.de\/bucuresti\/wp-json\/wp\/v2\/ppma_author?post=41335"}],"curies":[{"name":"wp","href":"https:\/\/api.w.org\/{rel}","templated":true}]}}