{"id":41286,"date":"2022-04-04T14:08:34","date_gmt":"2022-04-04T12:08:34","guid":{"rendered":"https:\/\/buletin.de\/bucuresti\/?p=41286"},"modified":"2022-04-04T16:50:03","modified_gmt":"2022-04-04T14:50:03","slug":"incepe-lupta-impotriva-capuselor","status":"publish","type":"post","link":"https:\/\/buletin.de\/bucuresti\/incepe-lupta-impotriva-capuselor\/","title":{"rendered":"\u00cencepe lupta \u00eempotriva c\u0103pu\u0219elor"},"content":{"rendered":"\n<p>Prim\u0103ria Bucure\u0219ti anun\u021b\u0103 c\u0103, de m\u00e2ine, 5 aprilie, \u00eencepe primul tratament de combatere a c\u0103pu\u0219elor dintre cele patru programate anul acesta \u00een Bucure\u0219ti. Ac\u021biunea debuteaz\u0103 \u00een parcuri, iar toate prim\u0103riile de sector au fost anun\u021bate.<\/p>\n\n\n\n<p>De asemenea, deratizarea e \u00een desf\u0103\u0219urare \u0219i suntem chiar \u00eenaintea program\u0103rii, fiindc\u0103 timpul ne-a permis s\u0103 facem \u0219i tratamente de deratizare exterioar\u0103. A avut loc deja un tratament de deratizare interioar\u0103 \u00een subsoluri, iar urm\u0103torul va fi la toamn\u0103.<\/p>\n\n\n\n<p>Anul acesta suntem \u00eentr-o situa\u021bie mult mai bun\u0103 dec\u00e2t cea din 2021; avem fondurile necesare \u0219i calendarul de lucru poate fi respectat, anun\u021b\u0103 primarul Nicu\u0219or Dan, pe pagina sa de Facebook. <\/p>\n\n\n\n<p>\u0218i prim\u0103ria Sector 6 anun\u021b\u0103 unde se va face dezinsec\u021bie &#8211; parcurile Drumul Taberei, P\u0103cii, Tudor Vladimirescu, Timi\u0219oara nr.10, 9 Mai, Nicolae Filimon, Sf. Andrei, Marin Preda, Cr\u00e2nga\u0219i, ANL, ANL Mediu \u0219i este demarat\u0103 de c\u0103tre Compania Municipal\u0103 Eco Igenizare Bucure\u0219ti.<\/p>\n\n\n\n<p>Aceasta va dura, \u00een medie, dou\u0103 luni, iar substan\u021ba folosit\u0103 se nume\u0219te MICROSIN, avizat\u0103 de c\u0103tre Ministerul S\u0103n\u0103t\u0103\u021bii, prin Comisia Na\u021bional\u0103 de produse biocide.<\/p>\n\n\n\n<p>Pentru combatarea \u021b\u00e2n\u021barilor se va stropi odat\u0103 cu venirea verii \u0219i instalarea temperaturilor ridicate.<\/p>\n\n\n\n<p>De asemenea, Prim\u0103ria Sectorului 6, prin Serviciul Control Activit\u0103\u021bi Publice Gospod\u0103re\u0219ti, Sanitar- Veterinar, Fitosanitar, va continua tratamentele de deratizare de exterior pe parcursul lunilor aprilie \u0219i mai.<\/p>\n\n\n\n<p>Campania de deratizare a \u00eenceput anul acesta \u00eenc\u0103 din ianuarie, mult mai devreme dec\u00e2t \u00een anii precen\u021bi, \u00eentruc\u00e2t temperaturile au permis acest lucru.<\/p>\n\n\n\n<p>Tratamentele de deratizare (la exterior) constau \u00een amplasarea unor capcane (cutii din PVC de culoare neagr\u0103) care con\u021bin raticid (Racumin Paste). Acestea au fost amplasate \u00een toate parcurile din sector \u0219i pe spa\u021biile verzi, la 7.850 de de sc\u0103ri de bloc.<\/p>\n","protected":false},"excerpt":{"rendered":"<p>Prim\u0103ria Bucure\u0219ti anun\u021b\u0103 c\u0103, de m\u00e2ine, 5 aprilie, \u00eencepe primul tratament de combatere a c\u0103pu\u0219elor dintre cele patru programate anul acesta \u00een Bucure\u0219ti. Ac\u021biunea debuteaz\u0103 \u00een parcuri, iar toate prim\u0103riile de sector au fost anun\u021bate. De asemenea, deratizarea e \u00een desf\u0103\u0219urare \u0219i suntem chiar \u00eenaintea program\u0103rii, fiindc\u0103 timpul ne-a permis s\u0103 facem \u0219i tratamente de [&hellip;]<\/p>\n","protected":false},"author":18,"featured_media":41288,"comment_status":"closed","ping_status":"open","sticky":false,"template":"","format":"standard","meta":{"_acf_changed":false,"inline_featured_image":false,"ngg_post_thumbnail":0,"footnotes":""},"categories":[62],"tags":[],"ppma_author":[22579],"class_list":["post-41286","post","type-post","status-publish","format-standard","has-post-thumbnail","hentry","category-stiri"],"acf":[],"yoast_head":"<!-- This site is optimized with the Yoast SEO Premium plugin v25.3 (Yoast SEO v27.4) - https:\/\/yoast.com\/product\/yoast-seo-premium-wordpress\/ -->\n<title>\u00cencepe lupta \u00eempotriva c\u0103pu\u0219elor - Buletin de Bucure\u0219ti<\/title>\n<meta name=\"robots\" content=\"index, follow, max-snippet:-1, max-image-preview:large, max-video-preview:-1\" \/>\n<link rel=\"canonical\" href=\"https:\/\/buletin.de\/bucuresti\/incepe-lupta-impotriva-capuselor\/\" \/>\n<meta property=\"og:locale\" content=\"en_GB\" \/>\n<meta property=\"og:type\" content=\"article\" \/>\n<meta property=\"og:title\" content=\"\u00cencepe lupta \u00eempotriva c\u0103pu\u0219elor\" \/>\n<meta property=\"og:description\" content=\"Prim\u0103ria Bucure\u0219ti anun\u021b\u0103 c\u0103, de m\u00e2ine, 5 aprilie, \u00eencepe primul tratament de combatere a c\u0103pu\u0219elor dintre cele patru programate anul acesta \u00een Bucure\u0219ti. Ac\u021biunea debuteaz\u0103 \u00een parcuri, iar toate prim\u0103riile de sector au fost anun\u021bate. De asemenea, deratizarea e \u00een desf\u0103\u0219urare \u0219i suntem chiar \u00eenaintea program\u0103rii, fiindc\u0103 timpul ne-a permis s\u0103 facem \u0219i tratamente de [&hellip;]\" \/>\n<meta property=\"og:url\" content=\"https:\/\/buletin.de\/bucuresti\/incepe-lupta-impotriva-capuselor\/\" \/>\n<meta property=\"og:site_name\" content=\"Buletin de Bucure\u0219ti\" \/>\n<meta property=\"article:publisher\" content=\"https:\/\/www.facebook.com\/buletin.de.buc\" \/>\n<meta property=\"article:published_time\" content=\"2022-04-04T12:08:34+00:00\" \/>\n<meta property=\"article:modified_time\" content=\"2022-04-04T14:50:03+00:00\" \/>\n<meta property=\"og:image\" content=\"https:\/\/buletin.de\/bucuresti\/wp-content\/uploads\/capuse.jpg\" \/>\n\t<meta property=\"og:image:width\" content=\"540\" \/>\n\t<meta property=\"og:image:height\" content=\"960\" \/>\n\t<meta property=\"og:image:type\" content=\"image\/jpeg\" \/>\n<meta name=\"author\" content=\"Teodora Stroe\" \/>\n<meta name=\"twitter:card\" content=\"summary_large_image\" \/>\n<meta name=\"twitter:label1\" content=\"Written by\" \/>\n\t<meta name=\"twitter:data1\" content=\"Teodora Stroe\" \/>\n\t<meta name=\"twitter:label2\" content=\"Estimated reading time\" \/>\n\t<meta name=\"twitter:data2\" content=\"2 minutes\" \/>\n<script type=\"application\/ld+json\" class=\"yoast-schema-graph\">{\"@context\":\"https:\\\/\\\/schema.org\",\"@graph\":[{\"@type\":\"Article\",\"@id\":\"https:\\\/\\\/buletin.de\\\/bucuresti\\\/incepe-lupta-impotriva-capuselor\\\/#article\",\"isPartOf\":{\"@id\":\"https:\\\/\\\/buletin.de\\\/bucuresti\\\/incepe-lupta-impotriva-capuselor\\\/\"},\"author\":{\"name\":\"Teodora Stroe\",\"@id\":\"https:\\\/\\\/buletin.de\\\/bucuresti\\\/#\\\/schema\\\/person\\\/d369d7ddc775abece205795e0b804614\"},\"headline\":\"\u00cencepe lupta \u00eempotriva c\u0103pu\u0219elor\",\"datePublished\":\"2022-04-04T12:08:34+00:00\",\"dateModified\":\"2022-04-04T14:50:03+00:00\",\"mainEntityOfPage\":{\"@id\":\"https:\\\/\\\/buletin.de\\\/bucuresti\\\/incepe-lupta-impotriva-capuselor\\\/\"},\"wordCount\":316,\"publisher\":{\"@id\":\"https:\\\/\\\/buletin.de\\\/bucuresti\\\/#organization\"},\"image\":{\"@id\":\"https:\\\/\\\/buletin.de\\\/bucuresti\\\/incepe-lupta-impotriva-capuselor\\\/#primaryimage\"},\"thumbnailUrl\":\"https:\\\/\\\/buletin.de\\\/bucuresti\\\/wp-content\\\/uploads\\\/capuse.jpg\",\"articleSection\":[\"\u0218tiri\"],\"inLanguage\":\"en-GB\",\"copyrightYear\":\"2022\",\"copyrightHolder\":{\"@id\":\"https:\\\/\\\/buletin.de\\\/bucuresti\\\/#organization\"}},{\"@type\":\"WebPage\",\"@id\":\"https:\\\/\\\/buletin.de\\\/bucuresti\\\/incepe-lupta-impotriva-capuselor\\\/\",\"url\":\"https:\\\/\\\/buletin.de\\\/bucuresti\\\/incepe-lupta-impotriva-capuselor\\\/\",\"name\":\"\u00cencepe lupta \u00eempotriva c\u0103pu\u0219elor - Buletin de Bucure\u0219ti\",\"isPartOf\":{\"@id\":\"https:\\\/\\\/buletin.de\\\/bucuresti\\\/#website\"},\"primaryImageOfPage\":{\"@id\":\"https:\\\/\\\/buletin.de\\\/bucuresti\\\/incepe-lupta-impotriva-capuselor\\\/#primaryimage\"},\"image\":{\"@id\":\"https:\\\/\\\/buletin.de\\\/bucuresti\\\/incepe-lupta-impotriva-capuselor\\\/#primaryimage\"},\"thumbnailUrl\":\"https:\\\/\\\/buletin.de\\\/bucuresti\\\/wp-content\\\/uploads\\\/capuse.jpg\",\"datePublished\":\"2022-04-04T12:08:34+00:00\",\"dateModified\":\"2022-04-04T14:50:03+00:00\",\"breadcrumb\":{\"@id\":\"https:\\\/\\\/buletin.de\\\/bucuresti\\\/incepe-lupta-impotriva-capuselor\\\/#breadcrumb\"},\"inLanguage\":\"en-GB\",\"potentialAction\":[{\"@type\":\"ReadAction\",\"target\":[\"https:\\\/\\\/buletin.de\\\/bucuresti\\\/incepe-lupta-impotriva-capuselor\\\/\"]}]},{\"@type\":\"ImageObject\",\"inLanguage\":\"en-GB\",\"@id\":\"https:\\\/\\\/buletin.de\\\/bucuresti\\\/incepe-lupta-impotriva-capuselor\\\/#primaryimage\",\"url\":\"https:\\\/\\\/buletin.de\\\/bucuresti\\\/wp-content\\\/uploads\\\/capuse.jpg\",\"contentUrl\":\"https:\\\/\\\/buletin.de\\\/bucuresti\\\/wp-content\\\/uploads\\\/capuse.jpg\",\"width\":540,\"height\":960},{\"@type\":\"BreadcrumbList\",\"@id\":\"https:\\\/\\\/buletin.de\\\/bucuresti\\\/incepe-lupta-impotriva-capuselor\\\/#breadcrumb\",\"itemListElement\":[{\"@type\":\"ListItem\",\"position\":1,\"name\":\"Acas\u0103\",\"item\":\"https:\\\/\\\/buletin.de\\\/bucuresti\\\/\"},{\"@type\":\"ListItem\",\"position\":2,\"name\":\"\u00cencepe lupta \u00eempotriva c\u0103pu\u0219elor\"}]},{\"@type\":\"WebSite\",\"@id\":\"https:\\\/\\\/buletin.de\\\/bucuresti\\\/#website\",\"url\":\"https:\\\/\\\/buletin.de\\\/bucuresti\\\/\",\"name\":\"Buletin de Bucure\u0219ti\",\"description\":\"\u0218tiri \u0219i investiga\u021bii esen\u021biale din capital\u0103\",\"publisher\":{\"@id\":\"https:\\\/\\\/buletin.de\\\/bucuresti\\\/#organization\"},\"potentialAction\":[{\"@type\":\"SearchAction\",\"target\":{\"@type\":\"EntryPoint\",\"urlTemplate\":\"https:\\\/\\\/buletin.de\\\/bucuresti\\\/?s={search_term_string}\"},\"query-input\":{\"@type\":\"PropertyValueSpecification\",\"valueRequired\":true,\"valueName\":\"search_term_string\"}}],\"inLanguage\":\"en-GB\"},{\"@type\":\"Organization\",\"@id\":\"https:\\\/\\\/buletin.de\\\/bucuresti\\\/#organization\",\"name\":\"Buletin de Bucure\u0219ti\",\"url\":\"https:\\\/\\\/buletin.de\\\/bucuresti\\\/\",\"logo\":{\"@type\":\"ImageObject\",\"inLanguage\":\"en-GB\",\"@id\":\"https:\\\/\\\/buletin.de\\\/bucuresti\\\/#\\\/schema\\\/logo\\\/image\\\/\",\"url\":\"https:\\\/\\\/buletin.de\\\/bucuresti\\\/wp-content\\\/uploads\\\/logo-bdb-full-wide-vernil-transparent.png\",\"contentUrl\":\"https:\\\/\\\/buletin.de\\\/bucuresti\\\/wp-content\\\/uploads\\\/logo-bdb-full-wide-vernil-transparent.png\",\"width\":1782,\"height\":626,\"caption\":\"Buletin de Bucure\u0219ti\"},\"image\":{\"@id\":\"https:\\\/\\\/buletin.de\\\/bucuresti\\\/#\\\/schema\\\/logo\\\/image\\\/\"},\"sameAs\":[\"https:\\\/\\\/www.facebook.com\\\/buletin.de.buc\",\"https:\\\/\\\/www.instagram.com\\\/buletinde.bucuresti\\\/\"]},{\"@type\":\"Person\",\"@id\":\"https:\\\/\\\/buletin.de\\\/bucuresti\\\/#\\\/schema\\\/person\\\/d369d7ddc775abece205795e0b804614\",\"name\":\"Teodora Stroe\",\"image\":{\"@type\":\"ImageObject\",\"inLanguage\":\"en-GB\",\"@id\":\"https:\\\/\\\/secure.gravatar.com\\\/avatar\\\/2560b4cd9f5f1bc100b123158e657d75584bd1c3e1d9c69285720b9457c1b78d?s=96&d=monsterid&r=gc104800242ba5f2d78dd5d7dc4df08b6\",\"url\":\"https:\\\/\\\/secure.gravatar.com\\\/avatar\\\/2560b4cd9f5f1bc100b123158e657d75584bd1c3e1d9c69285720b9457c1b78d?s=96&d=monsterid&r=g\",\"contentUrl\":\"https:\\\/\\\/secure.gravatar.com\\\/avatar\\\/2560b4cd9f5f1bc100b123158e657d75584bd1c3e1d9c69285720b9457c1b78d?s=96&d=monsterid&r=g\",\"caption\":\"Teodora Stroe\"},\"url\":\"https:\\\/\\\/buletin.de\\\/bucuresti\\\/author\\\/simonacarlugea\\\/\"}]}<\/script>\n<!-- \/ Yoast SEO Premium plugin. -->","yoast_head_json":{"title":"\u00cencepe lupta \u00eempotriva c\u0103pu\u0219elor - Buletin de Bucure\u0219ti","robots":{"index":"index","follow":"follow","max-snippet":"max-snippet:-1","max-image-preview":"max-image-preview:large","max-video-preview":"max-video-preview:-1"},"canonical":"https:\/\/buletin.de\/bucuresti\/incepe-lupta-impotriva-capuselor\/","og_locale":"en_GB","og_type":"article","og_title":"\u00cencepe lupta \u00eempotriva c\u0103pu\u0219elor","og_description":"Prim\u0103ria Bucure\u0219ti anun\u021b\u0103 c\u0103, de m\u00e2ine, 5 aprilie, \u00eencepe primul tratament de combatere a c\u0103pu\u0219elor dintre cele patru programate anul acesta \u00een Bucure\u0219ti. Ac\u021biunea debuteaz\u0103 \u00een parcuri, iar toate prim\u0103riile de sector au fost anun\u021bate. De asemenea, deratizarea e \u00een desf\u0103\u0219urare \u0219i suntem chiar \u00eenaintea program\u0103rii, fiindc\u0103 timpul ne-a permis s\u0103 facem \u0219i tratamente de [&hellip;]","og_url":"https:\/\/buletin.de\/bucuresti\/incepe-lupta-impotriva-capuselor\/","og_site_name":"Buletin de Bucure\u0219ti","article_publisher":"https:\/\/www.facebook.com\/buletin.de.buc","article_published_time":"2022-04-04T12:08:34+00:00","article_modified_time":"2022-04-04T14:50:03+00:00","og_image":[{"width":540,"height":960,"url":"https:\/\/buletin.de\/bucuresti\/wp-content\/uploads\/capuse.jpg","type":"image\/jpeg"}],"author":"Teodora Stroe","twitter_card":"summary_large_image","twitter_misc":{"Written by":"Teodora Stroe","Estimated reading time":"2 minutes"},"schema":{"@context":"https:\/\/schema.org","@graph":[{"@type":"Article","@id":"https:\/\/buletin.de\/bucuresti\/incepe-lupta-impotriva-capuselor\/#article","isPartOf":{"@id":"https:\/\/buletin.de\/bucuresti\/incepe-lupta-impotriva-capuselor\/"},"author":{"name":"Teodora Stroe","@id":"https:\/\/buletin.de\/bucuresti\/#\/schema\/person\/d369d7ddc775abece205795e0b804614"},"headline":"\u00cencepe lupta \u00eempotriva c\u0103pu\u0219elor","datePublished":"2022-04-04T12:08:34+00:00","dateModified":"2022-04-04T14:50:03+00:00","mainEntityOfPage":{"@id":"https:\/\/buletin.de\/bucuresti\/incepe-lupta-impotriva-capuselor\/"},"wordCount":316,"publisher":{"@id":"https:\/\/buletin.de\/bucuresti\/#organization"},"image":{"@id":"https:\/\/buletin.de\/bucuresti\/incepe-lupta-impotriva-capuselor\/#primaryimage"},"thumbnailUrl":"https:\/\/buletin.de\/bucuresti\/wp-content\/uploads\/capuse.jpg","articleSection":["\u0218tiri"],"inLanguage":"en-GB","copyrightYear":"2022","copyrightHolder":{"@id":"https:\/\/buletin.de\/bucuresti\/#organization"}},{"@type":"WebPage","@id":"https:\/\/buletin.de\/bucuresti\/incepe-lupta-impotriva-capuselor\/","url":"https:\/\/buletin.de\/bucuresti\/incepe-lupta-impotriva-capuselor\/","name":"\u00cencepe lupta \u00eempotriva c\u0103pu\u0219elor - Buletin de Bucure\u0219ti","isPartOf":{"@id":"https:\/\/buletin.de\/bucuresti\/#website"},"primaryImageOfPage":{"@id":"https:\/\/buletin.de\/bucuresti\/incepe-lupta-impotriva-capuselor\/#primaryimage"},"image":{"@id":"https:\/\/buletin.de\/bucuresti\/incepe-lupta-impotriva-capuselor\/#primaryimage"},"thumbnailUrl":"https:\/\/buletin.de\/bucuresti\/wp-content\/uploads\/capuse.jpg","datePublished":"2022-04-04T12:08:34+00:00","dateModified":"2022-04-04T14:50:03+00:00","breadcrumb":{"@id":"https:\/\/buletin.de\/bucuresti\/incepe-lupta-impotriva-capuselor\/#breadcrumb"},"inLanguage":"en-GB","potentialAction":[{"@type":"ReadAction","target":["https:\/\/buletin.de\/bucuresti\/incepe-lupta-impotriva-capuselor\/"]}]},{"@type":"ImageObject","inLanguage":"en-GB","@id":"https:\/\/buletin.de\/bucuresti\/incepe-lupta-impotriva-capuselor\/#primaryimage","url":"https:\/\/buletin.de\/bucuresti\/wp-content\/uploads\/capuse.jpg","contentUrl":"https:\/\/buletin.de\/bucuresti\/wp-content\/uploads\/capuse.jpg","width":540,"height":960},{"@type":"BreadcrumbList","@id":"https:\/\/buletin.de\/bucuresti\/incepe-lupta-impotriva-capuselor\/#breadcrumb","itemListElement":[{"@type":"ListItem","position":1,"name":"Acas\u0103","item":"https:\/\/buletin.de\/bucuresti\/"},{"@type":"ListItem","position":2,"name":"\u00cencepe lupta \u00eempotriva c\u0103pu\u0219elor"}]},{"@type":"WebSite","@id":"https:\/\/buletin.de\/bucuresti\/#website","url":"https:\/\/buletin.de\/bucuresti\/","name":"Buletin de Bucure\u0219ti","description":"\u0218tiri \u0219i investiga\u021bii esen\u021biale din capital\u0103","publisher":{"@id":"https:\/\/buletin.de\/bucuresti\/#organization"},"potentialAction":[{"@type":"SearchAction","target":{"@type":"EntryPoint","urlTemplate":"https:\/\/buletin.de\/bucuresti\/?s={search_term_string}"},"query-input":{"@type":"PropertyValueSpecification","valueRequired":true,"valueName":"search_term_string"}}],"inLanguage":"en-GB"},{"@type":"Organization","@id":"https:\/\/buletin.de\/bucuresti\/#organization","name":"Buletin de Bucure\u0219ti","url":"https:\/\/buletin.de\/bucuresti\/","logo":{"@type":"ImageObject","inLanguage":"en-GB","@id":"https:\/\/buletin.de\/bucuresti\/#\/schema\/logo\/image\/","url":"https:\/\/buletin.de\/bucuresti\/wp-content\/uploads\/logo-bdb-full-wide-vernil-transparent.png","contentUrl":"https:\/\/buletin.de\/bucuresti\/wp-content\/uploads\/logo-bdb-full-wide-vernil-transparent.png","width":1782,"height":626,"caption":"Buletin de Bucure\u0219ti"},"image":{"@id":"https:\/\/buletin.de\/bucuresti\/#\/schema\/logo\/image\/"},"sameAs":["https:\/\/www.facebook.com\/buletin.de.buc","https:\/\/www.instagram.com\/buletinde.bucuresti\/"]},{"@type":"Person","@id":"https:\/\/buletin.de\/bucuresti\/#\/schema\/person\/d369d7ddc775abece205795e0b804614","name":"Teodora Stroe","image":{"@type":"ImageObject","inLanguage":"en-GB","@id":"https:\/\/secure.gravatar.com\/avatar\/2560b4cd9f5f1bc100b123158e657d75584bd1c3e1d9c69285720b9457c1b78d?s=96&d=monsterid&r=gc104800242ba5f2d78dd5d7dc4df08b6","url":"https:\/\/secure.gravatar.com\/avatar\/2560b4cd9f5f1bc100b123158e657d75584bd1c3e1d9c69285720b9457c1b78d?s=96&d=monsterid&r=g","contentUrl":"https:\/\/secure.gravatar.com\/avatar\/2560b4cd9f5f1bc100b123158e657d75584bd1c3e1d9c69285720b9457c1b78d?s=96&d=monsterid&r=g","caption":"Teodora Stroe"},"url":"https:\/\/buletin.de\/bucuresti\/author\/simonacarlugea\/"}]}},"authors":[{"term_id":22579,"user_id":18,"is_guest":0,"slug":"simonacarlugea","display_name":"Teodora Stroe","avatar_url":"https:\/\/secure.gravatar.com\/avatar\/2560b4cd9f5f1bc100b123158e657d75584bd1c3e1d9c69285720b9457c1b78d?s=96&d=monsterid&r=g","0":null,"1":"","2":"","3":"","4":"","5":"","6":"","7":"","8":""}],"_links":{"self":[{"href":"https:\/\/buletin.de\/bucuresti\/wp-json\/wp\/v2\/posts\/41286","targetHints":{"allow":["GET"]}}],"collection":[{"href":"https:\/\/buletin.de\/bucuresti\/wp-json\/wp\/v2\/posts"}],"about":[{"href":"https:\/\/buletin.de\/bucuresti\/wp-json\/wp\/v2\/types\/post"}],"author":[{"embeddable":true,"href":"https:\/\/buletin.de\/bucuresti\/wp-json\/wp\/v2\/users\/18"}],"replies":[{"embeddable":true,"href":"https:\/\/buletin.de\/bucuresti\/wp-json\/wp\/v2\/comments?post=41286"}],"version-history":[{"count":2,"href":"https:\/\/buletin.de\/bucuresti\/wp-json\/wp\/v2\/posts\/41286\/revisions"}],"predecessor-version":[{"id":41306,"href":"https:\/\/buletin.de\/bucuresti\/wp-json\/wp\/v2\/posts\/41286\/revisions\/41306"}],"wp:featuredmedia":[{"embeddable":true,"href":"https:\/\/buletin.de\/bucuresti\/wp-json\/wp\/v2\/media\/41288"}],"wp:attachment":[{"href":"https:\/\/buletin.de\/bucuresti\/wp-json\/wp\/v2\/media?parent=41286"}],"wp:term":[{"taxonomy":"category","embeddable":true,"href":"https:\/\/buletin.de\/bucuresti\/wp-json\/wp\/v2\/categories?post=41286"},{"taxonomy":"post_tag","embeddable":true,"href":"https:\/\/buletin.de\/bucuresti\/wp-json\/wp\/v2\/tags?post=41286"},{"taxonomy":"author","embeddable":true,"href":"https:\/\/buletin.de\/bucuresti\/wp-json\/wp\/v2\/ppma_author?post=41286"}],"curies":[{"name":"wp","href":"https:\/\/api.w.org\/{rel}","templated":true}]}}