{"id":41238,"date":"2022-04-02T11:36:07","date_gmt":"2022-04-02T09:36:07","guid":{"rendered":"https:\/\/buletin.de\/bucuresti\/?p=41238"},"modified":"2022-04-02T11:36:08","modified_gmt":"2022-04-02T09:36:08","slug":"bugetul-primariei-sectorului-1-a-trecut-dupa-11-incercari","status":"publish","type":"post","link":"https:\/\/buletin.de\/bucuresti\/bugetul-primariei-sectorului-1-a-trecut-dupa-11-incercari\/","title":{"rendered":"Bugetul Prim\u0103riei Sectorului 1 a trecut, dup\u0103 11 \u00eencerc\u0103ri"},"content":{"rendered":"\n<p><strong>Ieri, bugetul local al Prim\u0103riei Sectorului 1 a trecut de votul consilierilor locali, dup\u0103 ce a fost pus pe ordinea de zi pentru a 11-a oar\u0103 \u0219i votul a fost secret, nu deschis. \u0218edin\u021bele care au avut bugetul local \u201epe mas\u0103\u201d au durat ore \u00eentregi \u00een care consilierii \u0219i Primarul Clodilde Armand s-au certat \u0219i jignit. Edilul Sectorului 1 anun\u021b\u0103 \u201einvesti\u021bii istorice\u201d de la reabilitarea \u0219i extinderea unor \u0219coli supraaglomerate \u0219i p\u00e2n\u0103 la racordarea a 2000 de apartamente la \u201etermoficare de la soare\u201d. <\/strong><\/p>\n\n\n\n<blockquote class=\"wp-block-quote is-layout-flow wp-block-quote-is-layout-flow\"><p>Mergem pe mai multe paliere cu investi\u021biile: \u0219coli \u0219i gr\u0103dini\u021be, spitale, infrastructur\u0103, mediu \u0219i digitalizare. Avem multe priorit\u0103\u021bi, v\u0103 spun doar c\u0103 sunt str\u0103zi care nu au v\u0103zut asfaltul din 2008 \u0219i avem mai multe unit\u0103\u021bi de \u00eenv\u0103\u021b\u0103m\u00e2nt supraaglomerate, aici vom extinde ce vom putea \u0219i vom construi, acestea sunt doar o parte dintre priorit\u0103\u021bi. De\u0219i bugetul a fost aprobat cu \u00eent\u00e2rziere de dou\u0103 luni, vrem ca la finalul anului s\u0103 racord\u0103m peste 2.000 de apartamente \u00een programul \u201cTermoficare de la soare\u201d. Anul acesta \u00eencepem reamenajarea \u0219i modernizarea marilor parcuri aflate \u00een administra\u021bia noastr\u0103.<\/p><cite>A scris Clotilde Armand pe <a href=\"https:\/\/www.facebook.com\/clotildearmand.ro\/posts\/523975482427115?__cft__[0]=AZX20IhH05zP7fmtVjy8nC-T1vjtwzJtw-QIJxvSCSQUJC3DdZyij58oBaePqIUkT1aQrQaUdOYEceiJz-qGHHwVYAduPiejttfOOhX71JsBr9cmaSI-QhuNm3j-OkrTpU2Y4cKCy3Vvz-rortVhXyvp&amp;__tn__=%2CO%2CP-R\">Facebook<\/a>, imediat dup\u0103 votarea bugetului<\/cite><\/blockquote>\n\n\n\n<p>Consilierii PNL \u0219i PSD au acuzat \u00een aceste dou\u0103 luni de am\u00e2nare a votului c\u0103 bugetul propus de Clotilde Armand nu este legal, \u00eens\u0103 adev\u0103rata miz\u0103 a scandalului este cea legat\u0103 de faptul c\u0103 edilul Sectorului 1 nu vrea s\u0103 pl\u0103teasc\u0103 facturile firmei de salubritate Romprest, despre care sus\u021bine c\u0103 sunt ilegale. <\/p>\n\n\n\n<p>Consilierii locali care sus\u021bin aceast\u0103 situa\u021bie nu vor s\u0103 \u0219i-o asume \u00een scris, prin depunerea unui amendament ce ar obliga Prim\u0103ria Sectorului 1 s\u0103 pl\u0103teasc\u0103 facturile firmei de salubritate.<\/p>\n\n\n\n<p>\u0218edin\u021ba de Consiliu Local \u00een care a fost aprobat bugetul local al Prim\u0103riei Sector 1 pentru 2021: <\/p>\n\n\n\n<iframe src=\"https:\/\/www.facebook.com\/plugins\/video.php?height=314&#038;href=https%3A%2F%2Fwww.facebook.com%2FPrimariaSectorUnu%2Fvideos%2F652356219198061%2F&#038;show_text=false&#038;width=560&#038;t=0\" width=\"560\" height=\"314\" style=\"border:none;overflow:hidden\" scrolling=\"no\" frameborder=\"0\" allowfullscreen=\"true\" allow=\"autoplay; clipboard-write; encrypted-media; picture-in-picture; web-share\" allowFullScreen=\"true\"><\/iframe>\n\n\n\n<p>Surs\u0103 Foto: Captur\u0103 ecran\/Prim\u0103ria Sectorului 1 <\/p>\n\n\n\n<p>CITE\u0218TE \u0218I: <\/p>\n\n\n\n<ul class=\"wp-block-list\"><li><a href=\"https:\/\/buletin.de\/bucuresti\/sectorul-1-tot-fara-buget-nici-a-8-a-sedinta-de-consiliu-local-pe-aceasta-tema-n-a-fost-cu-noroc\/\">Sectorul 1, tot f\u0103r\u0103 buget. Nici a 8-a \u0219i a 9-a \u0219edin\u021b\u0103 de Consiliu Local pe aceast\u0103 tem\u0103 n-au fost cu noroc<\/a><\/li><li><a href=\"https:\/\/buletin.de\/bucuresti\/banii-romprestului-adevarata-miza-a-scandalului-pe-bugetul-de-la-sector-1-armand-lasilor\/\">Banii Romprestului, adev\u0103rata miz\u0103 a scandalului pe bugetul de la Sector 1. Armand: \u201eLa\u0219ilor!\u201d<\/a><\/li><\/ul>\n","protected":false},"excerpt":{"rendered":"<p>Ieri, bugetul local al Prim\u0103riei Sectorului 1 a trecut de votul consilierilor locali, dup\u0103 ce a fost pus pe ordinea de zi pentru a 11-a oar\u0103 \u0219i votul a fost secret, nu deschis. \u0218edin\u021bele care au avut bugetul local \u201epe mas\u0103\u201d au durat ore \u00eentregi \u00een care consilierii \u0219i Primarul Clodilde Armand s-au certat \u0219i [&hellip;]<\/p>\n","protected":false},"author":17,"featured_media":41153,"comment_status":"closed","ping_status":"open","sticky":false,"template":"","format":"standard","meta":{"_acf_changed":false,"inline_featured_image":false,"ngg_post_thumbnail":0,"footnotes":""},"categories":[24],"tags":[],"ppma_author":[22576],"class_list":["post-41238","post","type-post","status-publish","format-standard","has-post-thumbnail","hentry","category-primarie"],"acf":[],"yoast_head":"<!-- This site is optimized with the Yoast SEO Premium plugin v25.3 (Yoast SEO v27.4) - https:\/\/yoast.com\/product\/yoast-seo-premium-wordpress\/ -->\n<title>Bugetul Prim\u0103riei Sectorului 1 a trecut, dup\u0103 11 \u00eencerc\u0103ri - Buletin de Bucure\u0219ti<\/title>\n<meta name=\"robots\" content=\"index, follow, max-snippet:-1, max-image-preview:large, max-video-preview:-1\" \/>\n<link rel=\"canonical\" href=\"https:\/\/buletin.de\/bucuresti\/bugetul-primariei-sectorului-1-a-trecut-dupa-11-incercari\/\" \/>\n<meta property=\"og:locale\" content=\"en_GB\" \/>\n<meta property=\"og:type\" content=\"article\" \/>\n<meta property=\"og:title\" content=\"Bugetul Prim\u0103riei Sectorului 1 a trecut, dup\u0103 11 \u00eencerc\u0103ri\" \/>\n<meta property=\"og:description\" content=\"Ieri, bugetul local al Prim\u0103riei Sectorului 1 a trecut de votul consilierilor locali, dup\u0103 ce a fost pus pe ordinea de zi pentru a 11-a oar\u0103 \u0219i votul a fost secret, nu deschis. \u0218edin\u021bele care au avut bugetul local \u201epe mas\u0103\u201d au durat ore \u00eentregi \u00een care consilierii \u0219i Primarul Clodilde Armand s-au certat \u0219i [&hellip;]\" \/>\n<meta property=\"og:url\" content=\"https:\/\/buletin.de\/bucuresti\/bugetul-primariei-sectorului-1-a-trecut-dupa-11-incercari\/\" \/>\n<meta property=\"og:site_name\" content=\"Buletin de Bucure\u0219ti\" \/>\n<meta property=\"article:publisher\" content=\"https:\/\/www.facebook.com\/buletin.de.buc\" \/>\n<meta property=\"article:published_time\" content=\"2022-04-02T09:36:07+00:00\" \/>\n<meta property=\"article:modified_time\" content=\"2022-04-02T09:36:08+00:00\" \/>\n<meta property=\"og:image\" content=\"https:\/\/buletin.de\/bucuresti\/wp-content\/uploads\/sedinta-s1.jpg\" \/>\n\t<meta property=\"og:image:width\" content=\"692\" \/>\n\t<meta property=\"og:image:height\" content=\"327\" \/>\n\t<meta property=\"og:image:type\" content=\"image\/jpeg\" \/>\n<meta name=\"author\" content=\"Florin R\u00e2\u0219teiu\" \/>\n<meta name=\"twitter:card\" content=\"summary_large_image\" \/>\n<meta name=\"twitter:label1\" content=\"Written by\" \/>\n\t<meta name=\"twitter:data1\" content=\"Florin R\u00e2\u0219teiu\" \/>\n\t<meta name=\"twitter:label2\" content=\"Estimated reading time\" \/>\n\t<meta name=\"twitter:data2\" content=\"2 minutes\" \/>\n<script type=\"application\/ld+json\" class=\"yoast-schema-graph\">{\"@context\":\"https:\\\/\\\/schema.org\",\"@graph\":[{\"@type\":\"Article\",\"@id\":\"https:\\\/\\\/buletin.de\\\/bucuresti\\\/bugetul-primariei-sectorului-1-a-trecut-dupa-11-incercari\\\/#article\",\"isPartOf\":{\"@id\":\"https:\\\/\\\/buletin.de\\\/bucuresti\\\/bugetul-primariei-sectorului-1-a-trecut-dupa-11-incercari\\\/\"},\"author\":{\"name\":\"Florin R\u00e2\u0219teiu\",\"@id\":\"https:\\\/\\\/buletin.de\\\/bucuresti\\\/#\\\/schema\\\/person\\\/b0686d7a8b666c6afc78239777fd8a89\"},\"headline\":\"Bugetul Prim\u0103riei Sectorului 1 a trecut, dup\u0103 11 \u00eencerc\u0103ri\",\"datePublished\":\"2022-04-02T09:36:07+00:00\",\"dateModified\":\"2022-04-02T09:36:08+00:00\",\"mainEntityOfPage\":{\"@id\":\"https:\\\/\\\/buletin.de\\\/bucuresti\\\/bugetul-primariei-sectorului-1-a-trecut-dupa-11-incercari\\\/\"},\"wordCount\":360,\"publisher\":{\"@id\":\"https:\\\/\\\/buletin.de\\\/bucuresti\\\/#organization\"},\"image\":{\"@id\":\"https:\\\/\\\/buletin.de\\\/bucuresti\\\/bugetul-primariei-sectorului-1-a-trecut-dupa-11-incercari\\\/#primaryimage\"},\"thumbnailUrl\":\"https:\\\/\\\/buletin.de\\\/bucuresti\\\/wp-content\\\/uploads\\\/sedinta-s1.jpg\",\"articleSection\":[\"Prim\u0103rie\"],\"inLanguage\":\"en-GB\",\"copyrightYear\":\"2022\",\"copyrightHolder\":{\"@id\":\"https:\\\/\\\/buletin.de\\\/bucuresti\\\/#organization\"}},{\"@type\":\"WebPage\",\"@id\":\"https:\\\/\\\/buletin.de\\\/bucuresti\\\/bugetul-primariei-sectorului-1-a-trecut-dupa-11-incercari\\\/\",\"url\":\"https:\\\/\\\/buletin.de\\\/bucuresti\\\/bugetul-primariei-sectorului-1-a-trecut-dupa-11-incercari\\\/\",\"name\":\"Bugetul Prim\u0103riei Sectorului 1 a trecut, dup\u0103 11 \u00eencerc\u0103ri - Buletin de Bucure\u0219ti\",\"isPartOf\":{\"@id\":\"https:\\\/\\\/buletin.de\\\/bucuresti\\\/#website\"},\"primaryImageOfPage\":{\"@id\":\"https:\\\/\\\/buletin.de\\\/bucuresti\\\/bugetul-primariei-sectorului-1-a-trecut-dupa-11-incercari\\\/#primaryimage\"},\"image\":{\"@id\":\"https:\\\/\\\/buletin.de\\\/bucuresti\\\/bugetul-primariei-sectorului-1-a-trecut-dupa-11-incercari\\\/#primaryimage\"},\"thumbnailUrl\":\"https:\\\/\\\/buletin.de\\\/bucuresti\\\/wp-content\\\/uploads\\\/sedinta-s1.jpg\",\"datePublished\":\"2022-04-02T09:36:07+00:00\",\"dateModified\":\"2022-04-02T09:36:08+00:00\",\"breadcrumb\":{\"@id\":\"https:\\\/\\\/buletin.de\\\/bucuresti\\\/bugetul-primariei-sectorului-1-a-trecut-dupa-11-incercari\\\/#breadcrumb\"},\"inLanguage\":\"en-GB\",\"potentialAction\":[{\"@type\":\"ReadAction\",\"target\":[\"https:\\\/\\\/buletin.de\\\/bucuresti\\\/bugetul-primariei-sectorului-1-a-trecut-dupa-11-incercari\\\/\"]}]},{\"@type\":\"ImageObject\",\"inLanguage\":\"en-GB\",\"@id\":\"https:\\\/\\\/buletin.de\\\/bucuresti\\\/bugetul-primariei-sectorului-1-a-trecut-dupa-11-incercari\\\/#primaryimage\",\"url\":\"https:\\\/\\\/buletin.de\\\/bucuresti\\\/wp-content\\\/uploads\\\/sedinta-s1.jpg\",\"contentUrl\":\"https:\\\/\\\/buletin.de\\\/bucuresti\\\/wp-content\\\/uploads\\\/sedinta-s1.jpg\",\"width\":692,\"height\":327},{\"@type\":\"BreadcrumbList\",\"@id\":\"https:\\\/\\\/buletin.de\\\/bucuresti\\\/bugetul-primariei-sectorului-1-a-trecut-dupa-11-incercari\\\/#breadcrumb\",\"itemListElement\":[{\"@type\":\"ListItem\",\"position\":1,\"name\":\"Acas\u0103\",\"item\":\"https:\\\/\\\/buletin.de\\\/bucuresti\\\/\"},{\"@type\":\"ListItem\",\"position\":2,\"name\":\"Bugetul Prim\u0103riei Sectorului 1 a trecut, dup\u0103 11 \u00eencerc\u0103ri\"}]},{\"@type\":\"WebSite\",\"@id\":\"https:\\\/\\\/buletin.de\\\/bucuresti\\\/#website\",\"url\":\"https:\\\/\\\/buletin.de\\\/bucuresti\\\/\",\"name\":\"Buletin de Bucure\u0219ti\",\"description\":\"\u0218tiri \u0219i investiga\u021bii esen\u021biale din capital\u0103\",\"publisher\":{\"@id\":\"https:\\\/\\\/buletin.de\\\/bucuresti\\\/#organization\"},\"potentialAction\":[{\"@type\":\"SearchAction\",\"target\":{\"@type\":\"EntryPoint\",\"urlTemplate\":\"https:\\\/\\\/buletin.de\\\/bucuresti\\\/?s={search_term_string}\"},\"query-input\":{\"@type\":\"PropertyValueSpecification\",\"valueRequired\":true,\"valueName\":\"search_term_string\"}}],\"inLanguage\":\"en-GB\"},{\"@type\":\"Organization\",\"@id\":\"https:\\\/\\\/buletin.de\\\/bucuresti\\\/#organization\",\"name\":\"Buletin de Bucure\u0219ti\",\"url\":\"https:\\\/\\\/buletin.de\\\/bucuresti\\\/\",\"logo\":{\"@type\":\"ImageObject\",\"inLanguage\":\"en-GB\",\"@id\":\"https:\\\/\\\/buletin.de\\\/bucuresti\\\/#\\\/schema\\\/logo\\\/image\\\/\",\"url\":\"https:\\\/\\\/buletin.de\\\/bucuresti\\\/wp-content\\\/uploads\\\/logo-bdb-full-wide-vernil-transparent.png\",\"contentUrl\":\"https:\\\/\\\/buletin.de\\\/bucuresti\\\/wp-content\\\/uploads\\\/logo-bdb-full-wide-vernil-transparent.png\",\"width\":1782,\"height\":626,\"caption\":\"Buletin de Bucure\u0219ti\"},\"image\":{\"@id\":\"https:\\\/\\\/buletin.de\\\/bucuresti\\\/#\\\/schema\\\/logo\\\/image\\\/\"},\"sameAs\":[\"https:\\\/\\\/www.facebook.com\\\/buletin.de.buc\",\"https:\\\/\\\/www.instagram.com\\\/buletinde.bucuresti\\\/\"]},{\"@type\":\"Person\",\"@id\":\"https:\\\/\\\/buletin.de\\\/bucuresti\\\/#\\\/schema\\\/person\\\/b0686d7a8b666c6afc78239777fd8a89\",\"name\":\"Florin R\u00e2\u0219teiu\",\"image\":{\"@type\":\"ImageObject\",\"inLanguage\":\"en-GB\",\"@id\":\"https:\\\/\\\/buletin.de\\\/bucuresti\\\/wp-content\\\/uploads\\\/Florin-Rasteiu-96x96.jpgf0a6fe28453aa12f0a60e4d0a2e3a78c\",\"url\":\"https:\\\/\\\/buletin.de\\\/bucuresti\\\/wp-content\\\/uploads\\\/Florin-Rasteiu-96x96.jpg\",\"contentUrl\":\"https:\\\/\\\/buletin.de\\\/bucuresti\\\/wp-content\\\/uploads\\\/Florin-Rasteiu-96x96.jpg\",\"caption\":\"Florin R\u00e2\u0219teiu\"},\"description\":\"Jurnalist de investiga\u021bie. Lucreaz\u0103 de aproape 6 ani la Buletin de Bucure\u0219ti, unde a publicat articole care scot la suprafa\u021b\u0103 corup\u021bia din Capital\u0103. Analizeaz\u0103 baze de date zilnic \u0219i scoate pove\u0219ti din exceluri pline de cifre. Pune reflectorul pe adev\u0103r cu fiecare ocazie. A c\u00e2\u0219tigat premiul I la categoria Pres\u0103 Local\u0103 \u00een 2025 \u0219i locul al II-lea la aceea\u0219i categorie \u00een 2024 \u00een cadrul Premiilor Superscrieri pentru jurnalism independent.\",\"url\":\"https:\\\/\\\/buletin.de\\\/bucuresti\\\/author\\\/florinrasteiu\\\/\"}]}<\/script>\n<!-- \/ Yoast SEO Premium plugin. -->","yoast_head_json":{"title":"Bugetul Prim\u0103riei Sectorului 1 a trecut, dup\u0103 11 \u00eencerc\u0103ri - Buletin de Bucure\u0219ti","robots":{"index":"index","follow":"follow","max-snippet":"max-snippet:-1","max-image-preview":"max-image-preview:large","max-video-preview":"max-video-preview:-1"},"canonical":"https:\/\/buletin.de\/bucuresti\/bugetul-primariei-sectorului-1-a-trecut-dupa-11-incercari\/","og_locale":"en_GB","og_type":"article","og_title":"Bugetul Prim\u0103riei Sectorului 1 a trecut, dup\u0103 11 \u00eencerc\u0103ri","og_description":"Ieri, bugetul local al Prim\u0103riei Sectorului 1 a trecut de votul consilierilor locali, dup\u0103 ce a fost pus pe ordinea de zi pentru a 11-a oar\u0103 \u0219i votul a fost secret, nu deschis. \u0218edin\u021bele care au avut bugetul local \u201epe mas\u0103\u201d au durat ore \u00eentregi \u00een care consilierii \u0219i Primarul Clodilde Armand s-au certat \u0219i [&hellip;]","og_url":"https:\/\/buletin.de\/bucuresti\/bugetul-primariei-sectorului-1-a-trecut-dupa-11-incercari\/","og_site_name":"Buletin de Bucure\u0219ti","article_publisher":"https:\/\/www.facebook.com\/buletin.de.buc","article_published_time":"2022-04-02T09:36:07+00:00","article_modified_time":"2022-04-02T09:36:08+00:00","og_image":[{"width":692,"height":327,"url":"https:\/\/buletin.de\/bucuresti\/wp-content\/uploads\/sedinta-s1.jpg","type":"image\/jpeg"}],"author":"Florin R\u00e2\u0219teiu","twitter_card":"summary_large_image","twitter_misc":{"Written by":"Florin R\u00e2\u0219teiu","Estimated reading time":"2 minutes"},"schema":{"@context":"https:\/\/schema.org","@graph":[{"@type":"Article","@id":"https:\/\/buletin.de\/bucuresti\/bugetul-primariei-sectorului-1-a-trecut-dupa-11-incercari\/#article","isPartOf":{"@id":"https:\/\/buletin.de\/bucuresti\/bugetul-primariei-sectorului-1-a-trecut-dupa-11-incercari\/"},"author":{"name":"Florin R\u00e2\u0219teiu","@id":"https:\/\/buletin.de\/bucuresti\/#\/schema\/person\/b0686d7a8b666c6afc78239777fd8a89"},"headline":"Bugetul Prim\u0103riei Sectorului 1 a trecut, dup\u0103 11 \u00eencerc\u0103ri","datePublished":"2022-04-02T09:36:07+00:00","dateModified":"2022-04-02T09:36:08+00:00","mainEntityOfPage":{"@id":"https:\/\/buletin.de\/bucuresti\/bugetul-primariei-sectorului-1-a-trecut-dupa-11-incercari\/"},"wordCount":360,"publisher":{"@id":"https:\/\/buletin.de\/bucuresti\/#organization"},"image":{"@id":"https:\/\/buletin.de\/bucuresti\/bugetul-primariei-sectorului-1-a-trecut-dupa-11-incercari\/#primaryimage"},"thumbnailUrl":"https:\/\/buletin.de\/bucuresti\/wp-content\/uploads\/sedinta-s1.jpg","articleSection":["Prim\u0103rie"],"inLanguage":"en-GB","copyrightYear":"2022","copyrightHolder":{"@id":"https:\/\/buletin.de\/bucuresti\/#organization"}},{"@type":"WebPage","@id":"https:\/\/buletin.de\/bucuresti\/bugetul-primariei-sectorului-1-a-trecut-dupa-11-incercari\/","url":"https:\/\/buletin.de\/bucuresti\/bugetul-primariei-sectorului-1-a-trecut-dupa-11-incercari\/","name":"Bugetul Prim\u0103riei Sectorului 1 a trecut, dup\u0103 11 \u00eencerc\u0103ri - Buletin de Bucure\u0219ti","isPartOf":{"@id":"https:\/\/buletin.de\/bucuresti\/#website"},"primaryImageOfPage":{"@id":"https:\/\/buletin.de\/bucuresti\/bugetul-primariei-sectorului-1-a-trecut-dupa-11-incercari\/#primaryimage"},"image":{"@id":"https:\/\/buletin.de\/bucuresti\/bugetul-primariei-sectorului-1-a-trecut-dupa-11-incercari\/#primaryimage"},"thumbnailUrl":"https:\/\/buletin.de\/bucuresti\/wp-content\/uploads\/sedinta-s1.jpg","datePublished":"2022-04-02T09:36:07+00:00","dateModified":"2022-04-02T09:36:08+00:00","breadcrumb":{"@id":"https:\/\/buletin.de\/bucuresti\/bugetul-primariei-sectorului-1-a-trecut-dupa-11-incercari\/#breadcrumb"},"inLanguage":"en-GB","potentialAction":[{"@type":"ReadAction","target":["https:\/\/buletin.de\/bucuresti\/bugetul-primariei-sectorului-1-a-trecut-dupa-11-incercari\/"]}]},{"@type":"ImageObject","inLanguage":"en-GB","@id":"https:\/\/buletin.de\/bucuresti\/bugetul-primariei-sectorului-1-a-trecut-dupa-11-incercari\/#primaryimage","url":"https:\/\/buletin.de\/bucuresti\/wp-content\/uploads\/sedinta-s1.jpg","contentUrl":"https:\/\/buletin.de\/bucuresti\/wp-content\/uploads\/sedinta-s1.jpg","width":692,"height":327},{"@type":"BreadcrumbList","@id":"https:\/\/buletin.de\/bucuresti\/bugetul-primariei-sectorului-1-a-trecut-dupa-11-incercari\/#breadcrumb","itemListElement":[{"@type":"ListItem","position":1,"name":"Acas\u0103","item":"https:\/\/buletin.de\/bucuresti\/"},{"@type":"ListItem","position":2,"name":"Bugetul Prim\u0103riei Sectorului 1 a trecut, dup\u0103 11 \u00eencerc\u0103ri"}]},{"@type":"WebSite","@id":"https:\/\/buletin.de\/bucuresti\/#website","url":"https:\/\/buletin.de\/bucuresti\/","name":"Buletin de Bucure\u0219ti","description":"\u0218tiri \u0219i investiga\u021bii esen\u021biale din capital\u0103","publisher":{"@id":"https:\/\/buletin.de\/bucuresti\/#organization"},"potentialAction":[{"@type":"SearchAction","target":{"@type":"EntryPoint","urlTemplate":"https:\/\/buletin.de\/bucuresti\/?s={search_term_string}"},"query-input":{"@type":"PropertyValueSpecification","valueRequired":true,"valueName":"search_term_string"}}],"inLanguage":"en-GB"},{"@type":"Organization","@id":"https:\/\/buletin.de\/bucuresti\/#organization","name":"Buletin de Bucure\u0219ti","url":"https:\/\/buletin.de\/bucuresti\/","logo":{"@type":"ImageObject","inLanguage":"en-GB","@id":"https:\/\/buletin.de\/bucuresti\/#\/schema\/logo\/image\/","url":"https:\/\/buletin.de\/bucuresti\/wp-content\/uploads\/logo-bdb-full-wide-vernil-transparent.png","contentUrl":"https:\/\/buletin.de\/bucuresti\/wp-content\/uploads\/logo-bdb-full-wide-vernil-transparent.png","width":1782,"height":626,"caption":"Buletin de Bucure\u0219ti"},"image":{"@id":"https:\/\/buletin.de\/bucuresti\/#\/schema\/logo\/image\/"},"sameAs":["https:\/\/www.facebook.com\/buletin.de.buc","https:\/\/www.instagram.com\/buletinde.bucuresti\/"]},{"@type":"Person","@id":"https:\/\/buletin.de\/bucuresti\/#\/schema\/person\/b0686d7a8b666c6afc78239777fd8a89","name":"Florin R\u00e2\u0219teiu","image":{"@type":"ImageObject","inLanguage":"en-GB","@id":"https:\/\/buletin.de\/bucuresti\/wp-content\/uploads\/Florin-Rasteiu-96x96.jpgf0a6fe28453aa12f0a60e4d0a2e3a78c","url":"https:\/\/buletin.de\/bucuresti\/wp-content\/uploads\/Florin-Rasteiu-96x96.jpg","contentUrl":"https:\/\/buletin.de\/bucuresti\/wp-content\/uploads\/Florin-Rasteiu-96x96.jpg","caption":"Florin R\u00e2\u0219teiu"},"description":"Jurnalist de investiga\u021bie. Lucreaz\u0103 de aproape 6 ani la Buletin de Bucure\u0219ti, unde a publicat articole care scot la suprafa\u021b\u0103 corup\u021bia din Capital\u0103. Analizeaz\u0103 baze de date zilnic \u0219i scoate pove\u0219ti din exceluri pline de cifre. Pune reflectorul pe adev\u0103r cu fiecare ocazie. A c\u00e2\u0219tigat premiul I la categoria Pres\u0103 Local\u0103 \u00een 2025 \u0219i locul al II-lea la aceea\u0219i categorie \u00een 2024 \u00een cadrul Premiilor Superscrieri pentru jurnalism independent.","url":"https:\/\/buletin.de\/bucuresti\/author\/florinrasteiu\/"}]}},"authors":[{"term_id":22576,"user_id":17,"is_guest":0,"slug":"florinrasteiu","display_name":"Florin R\u00e2\u0219teiu","avatar_url":"https:\/\/buletin.de\/bucuresti\/wp-content\/uploads\/Florin-Rasteiu-96x96.jpg","0":null,"1":"","2":"","3":"","4":"","5":"","6":"","7":"","8":""}],"_links":{"self":[{"href":"https:\/\/buletin.de\/bucuresti\/wp-json\/wp\/v2\/posts\/41238","targetHints":{"allow":["GET"]}}],"collection":[{"href":"https:\/\/buletin.de\/bucuresti\/wp-json\/wp\/v2\/posts"}],"about":[{"href":"https:\/\/buletin.de\/bucuresti\/wp-json\/wp\/v2\/types\/post"}],"author":[{"embeddable":true,"href":"https:\/\/buletin.de\/bucuresti\/wp-json\/wp\/v2\/users\/17"}],"replies":[{"embeddable":true,"href":"https:\/\/buletin.de\/bucuresti\/wp-json\/wp\/v2\/comments?post=41238"}],"version-history":[{"count":2,"href":"https:\/\/buletin.de\/bucuresti\/wp-json\/wp\/v2\/posts\/41238\/revisions"}],"predecessor-version":[{"id":41240,"href":"https:\/\/buletin.de\/bucuresti\/wp-json\/wp\/v2\/posts\/41238\/revisions\/41240"}],"wp:featuredmedia":[{"embeddable":true,"href":"https:\/\/buletin.de\/bucuresti\/wp-json\/wp\/v2\/media\/41153"}],"wp:attachment":[{"href":"https:\/\/buletin.de\/bucuresti\/wp-json\/wp\/v2\/media?parent=41238"}],"wp:term":[{"taxonomy":"category","embeddable":true,"href":"https:\/\/buletin.de\/bucuresti\/wp-json\/wp\/v2\/categories?post=41238"},{"taxonomy":"post_tag","embeddable":true,"href":"https:\/\/buletin.de\/bucuresti\/wp-json\/wp\/v2\/tags?post=41238"},{"taxonomy":"author","embeddable":true,"href":"https:\/\/buletin.de\/bucuresti\/wp-json\/wp\/v2\/ppma_author?post=41238"}],"curies":[{"name":"wp","href":"https:\/\/api.w.org\/{rel}","templated":true}]}}