{"id":40940,"date":"2022-04-12T10:37:58","date_gmt":"2022-04-12T08:37:58","guid":{"rendered":"https:\/\/buletin.de\/bucuresti\/?p=40940"},"modified":"2022-04-12T10:37:59","modified_gmt":"2022-04-12T08:37:59","slug":"1-6-milioane-de-lei-pentru-promovarea-sectorului-3-la-realitatea-antena3-b1tv-romania-tv-sau-digi24","status":"publish","type":"post","link":"https:\/\/buletin.de\/bucuresti\/1-6-milioane-de-lei-pentru-promovarea-sectorului-3-la-realitatea-antena3-b1tv-romania-tv-sau-digi24\/","title":{"rendered":"1.6 milioane de lei pentru promovarea Sectorului 3 la Realitatea, Antena3, B1TV, Rom\u00e2nia TV sau Digi24"},"content":{"rendered":"\n<p><strong>La finalul anului trecut, Prim\u0103ria Sectorului 3 a semnat zece contracte \u00een valoare total\u0103 de peste 1.6 milioane de lei prin care a cump\u0103rat publicitate \u00een pres\u0103. Televiziuni precum Digi24, Antena3, Realitatea, Rom\u00e2nia TV sau B1TV au primit sute de mii de lei de la Robert Negoi\u021b\u0103 pentru a difuza spoturi video despre activitatea edilului. Prezen\u021ba lui Negoi\u021b\u0103 nu lipse\u0219te nici din online, acolo unde mai multe publica\u021bii distribuie bannere sau advertoriale despre sectorul 3.<\/strong><\/p>\n\n\n\n<p>\u201eVia\u021ba e mai simpl\u0103 c\u00e2nd nu amestec\u0103m lucrurile\u201d. A\u0219a sun\u0103 titlul celei mai recente campanii de informare cu privire la colectarea selectiv\u0103 a sectorului 3. Advertorialul marcat cu (P) a ap\u0103rut \u00een decembrie 2021 pe site-urile digi24.ro \u0219i realitatea.net, dou\u0103 dintre publica\u021biile care au primit cele mai mari sume de la Prim\u0103ria Sectorului 3.<\/p>\n\n\n\n<p><\/p>\n\n\n\n<figure class=\"wp-block-image size-large\"><img fetchpriority=\"high\" decoding=\"async\" width=\"900\" height=\"540\" src=\"data:image\/gif;base64,R0lGODlhAQABAAAAACH5BAEKAAEALAAAAAABAAEAAAICTAEAOw==\" data-src=\"https:\/\/buletin.de\/bucuresti\/wp-content\/uploads\/Screenshot_7-2-900x540.jpg\" alt=\"\" class=\"wp-image-40941 lazyload\" data-sizes=\"auto\" data-srcset=\"https:\/\/buletin.de\/bucuresti\/wp-content\/uploads\/Screenshot_7-2-900x540.jpg 900w, https:\/\/buletin.de\/bucuresti\/wp-content\/uploads\/Screenshot_7-2-300x180.jpg 300w, https:\/\/buletin.de\/bucuresti\/wp-content\/uploads\/Screenshot_7-2-768x461.jpg 768w, https:\/\/buletin.de\/bucuresti\/wp-content\/uploads\/Screenshot_7-2-1060x636.jpg 1060w, https:\/\/buletin.de\/bucuresti\/wp-content\/uploads\/Screenshot_7-2-550x330.jpg 550w, https:\/\/buletin.de\/bucuresti\/wp-content\/uploads\/Screenshot_7-2-833x500.jpg 833w, https:\/\/buletin.de\/bucuresti\/wp-content\/uploads\/Screenshot_7-2-600x360.jpg 600w, https:\/\/buletin.de\/bucuresti\/wp-content\/uploads\/Screenshot_7-2.jpg 1424w\" sizes=\"(max-width: 900px) 100vw, 900px\" \/><\/figure>\n\n\n\n<figure class=\"wp-block-image size-large\"><img decoding=\"async\" width=\"900\" height=\"466\" src=\"data:image\/gif;base64,R0lGODlhAQABAAAAACH5BAEKAAEALAAAAAABAAEAAAICTAEAOw==\" data-src=\"https:\/\/buletin.de\/bucuresti\/wp-content\/uploads\/Screenshot_1-20-900x466.jpg\" alt=\"\" class=\"wp-image-40942 lazyload\" data-sizes=\"auto\" data-srcset=\"https:\/\/buletin.de\/bucuresti\/wp-content\/uploads\/Screenshot_1-20-900x466.jpg 900w, https:\/\/buletin.de\/bucuresti\/wp-content\/uploads\/Screenshot_1-20-300x155.jpg 300w, https:\/\/buletin.de\/bucuresti\/wp-content\/uploads\/Screenshot_1-20-768x398.jpg 768w, https:\/\/buletin.de\/bucuresti\/wp-content\/uploads\/Screenshot_1-20-1060x549.jpg 1060w, https:\/\/buletin.de\/bucuresti\/wp-content\/uploads\/Screenshot_1-20-550x285.jpg 550w, https:\/\/buletin.de\/bucuresti\/wp-content\/uploads\/Screenshot_1-20-965x500.jpg 965w, https:\/\/buletin.de\/bucuresti\/wp-content\/uploads\/Screenshot_1-20-600x311.jpg 600w, https:\/\/buletin.de\/bucuresti\/wp-content\/uploads\/Screenshot_1-20.jpg 1283w\" sizes=\"(max-width: 900px) 100vw, 900px\" \/><\/figure>\n\n\n\n<p>Din decembrie 2021 \u0219i p\u00e2n\u0103 \u00een aprilie 2022, realiz\u0103rile edilului Negoi\u021b\u0103 sunt promovate la televiziuni na\u021bionale \u0219i publica\u021bii online. Acesta a pl\u0103tit peste 1.6 milioane de lei pentru a difuza mii de spoturi TV, mii de bannere \u0219i c\u00e2teva zeci de advertoriale. Totul din banii cet\u0103\u021benilor.<\/p>\n\n\n\n<h2 class=\"wp-block-heading\">Televiziunile au primit cei mai mul\u021bi bani<\/h2>\n\n\n\n<p>Realitatea \u0219i Antena 3 au primit, fiecare, peste 350 de mii de lei de la Prim\u0103ria Sectorului 3. De exemplu, Realitatea, prin firma DBV Media House, c\u00e2\u0219tig\u0103 180 de mii de lei pentru 342 de difuz\u0103ri de reclame, pe parcursul a dou\u0103 luni. Pe l\u00e2ng\u0103 asta, al\u021bi 120 de mii de lei sunt cheltui\u021bi pentru publicitate pe site-ul realitatea.net, la care se adaug\u0103 TVA.<\/p>\n\n\n\n<figure class=\"wp-block-image size-full\"><img decoding=\"async\" width=\"699\" height=\"663\" src=\"data:image\/gif;base64,R0lGODlhAQABAAAAACH5BAEKAAEALAAAAAABAAEAAAICTAEAOw==\" data-src=\"https:\/\/buletin.de\/bucuresti\/wp-content\/uploads\/Screenshot_2-19.jpg\" alt=\"\" class=\"wp-image-40947 lazyload\" data-sizes=\"auto\" data-srcset=\"https:\/\/buletin.de\/bucuresti\/wp-content\/uploads\/Screenshot_2-19.jpg 699w, https:\/\/buletin.de\/bucuresti\/wp-content\/uploads\/Screenshot_2-19-300x285.jpg 300w, https:\/\/buletin.de\/bucuresti\/wp-content\/uploads\/Screenshot_2-19-550x522.jpg 550w, https:\/\/buletin.de\/bucuresti\/wp-content\/uploads\/Screenshot_2-19-527x500.jpg 527w, https:\/\/buletin.de\/bucuresti\/wp-content\/uploads\/Screenshot_2-19-600x569.jpg 600w\" sizes=\"(max-width: 699px) 100vw, 699px\" \/><\/figure>\n\n\n\n<figure class=\"wp-block-image size-full\"><img loading=\"lazy\" decoding=\"async\" width=\"664\" height=\"528\" src=\"data:image\/gif;base64,R0lGODlhAQABAAAAACH5BAEKAAEALAAAAAABAAEAAAICTAEAOw==\" data-src=\"https:\/\/buletin.de\/bucuresti\/wp-content\/uploads\/Screenshot_3-9.jpg\" alt=\"\" class=\"wp-image-40948 lazyload\" data-sizes=\"auto\" data-srcset=\"https:\/\/buletin.de\/bucuresti\/wp-content\/uploads\/Screenshot_3-9.jpg 664w, https:\/\/buletin.de\/bucuresti\/wp-content\/uploads\/Screenshot_3-9-300x239.jpg 300w, https:\/\/buletin.de\/bucuresti\/wp-content\/uploads\/Screenshot_3-9-550x437.jpg 550w, https:\/\/buletin.de\/bucuresti\/wp-content\/uploads\/Screenshot_3-9-629x500.jpg 629w, https:\/\/buletin.de\/bucuresti\/wp-content\/uploads\/Screenshot_3-9-600x477.jpg 600w\" sizes=\"(max-width: 664px) 100vw, 664px\" \/><figcaption>Surs\u0103: Contract Realitatea TV \u0219i Prim\u0103ria Sectorului 3 <\/figcaption><\/figure>\n\n\n\n<p>\u0218i B1TV \u0219i Rom\u00e2niaTV se bucur\u0103 de sume mari de bani din bugetul sectorului 3, peste 200 de mii de lei. Rom\u00e2nia TV prime\u0219te o mie de lei pentru fiecare spot tv de 30 de secunde pe care \u00eel afi\u0219eaz\u0103 pe post, \u00een timp ce B1TV c\u00e2\u0219tig\u0103 doar jum\u0103tate pentru acela\u0219i tip de difuzare.<\/p>\n\n\n\n<p>Digi24, care a semnat un contract de 140 de mii de lei cu Prim\u0103ria Sectorului 3, este publica\u021bia care are cel mai mare tarif pentru advertoriale: 12.375 RON bucata. Comparativ, DCNews cere 3.250 pentru un advertorial, iar Antena3 2.000 RON.<\/p>\n\n\n\n<figure class=\"wp-block-image size-large\"><img loading=\"lazy\" decoding=\"async\" width=\"900\" height=\"712\" src=\"data:image\/gif;base64,R0lGODlhAQABAAAAACH5BAEKAAEALAAAAAABAAEAAAICTAEAOw==\" data-src=\"https:\/\/buletin.de\/bucuresti\/wp-content\/uploads\/Screenshot_6-900x712.jpg\" alt=\"\" class=\"wp-image-40949 lazyload\" data-sizes=\"auto\" data-srcset=\"https:\/\/buletin.de\/bucuresti\/wp-content\/uploads\/Screenshot_6-900x712.jpg 900w, https:\/\/buletin.de\/bucuresti\/wp-content\/uploads\/Screenshot_6-300x237.jpg 300w, https:\/\/buletin.de\/bucuresti\/wp-content\/uploads\/Screenshot_6-768x608.jpg 768w, https:\/\/buletin.de\/bucuresti\/wp-content\/uploads\/Screenshot_6-550x435.jpg 550w, https:\/\/buletin.de\/bucuresti\/wp-content\/uploads\/Screenshot_6-632x500.jpg 632w, https:\/\/buletin.de\/bucuresti\/wp-content\/uploads\/Screenshot_6-600x475.jpg 600w, https:\/\/buletin.de\/bucuresti\/wp-content\/uploads\/Screenshot_6.jpg 958w\" sizes=\"(max-width: 900px) 100vw, 900px\" \/><figcaption>Surs\u0103: Contract Campus Media TV (Digi 24) cu Prim\u0103ria Sectorului 3<\/figcaption><\/figure>\n\n\n\n<p><\/p>\n\n\n\n<p>Pe l\u00e2ng\u0103 asta, Robert Negoi\u021b\u0103 a avut grij\u0103 s\u0103 \u00ee\u0219i consolideze vizibilitatea \u0219i \u00een online. Publica\u021bii precum G\u00e2ndul, DCNews sau \u0219tiripesurse.ro au fost pl\u0103tite din bani publici pentru a promova pe siteurile lor diverse campanii din sectorul 3. &nbsp;&nbsp;&nbsp;<\/p>\n\n\n\n<div class=\"infogram-embed\" data-id=\"6cb7ad34-ae15-46f7-b396-e450a713b03a\" data-type=\"interactive\" data-title=\"Presa Negoita 2022\"><\/div><script>!function(e,i,n,s){var t=\"InfogramEmbeds\",d=e.getElementsByTagName(\"script\")[0];if(window[t]&&window[t].initialized)window[t].process&&window[t].process();else if(!e.getElementById(n)){var o=e.createElement(\"script\");o.async=1,o.id=n,o.src=\"https:\/\/e.infogram.com\/js\/dist\/embed-loader-min.js\",d.parentNode.insertBefore(o,d)}}(document,0,\"infogram-async\");<\/script>\n\n\n\n<h2 class=\"wp-block-heading\">Negoi\u021b\u0103 nu se opre\u0219te aici. Milioane de lei ajung \u00een buzunarele patronilor trusturilor de pres\u0103<\/h2>\n\n\n\n<p>\u00cen februarie, <a href=\"https:\/\/spotmedia.ro\/stiri\/social\/negoita-cheltuieste-milioane-de-lei-ca-sa-isi-promoveze-realizarile-in-presa-la-ce-televiziuni-si-site-uri-de-stiri-vor-ajunge-banii-bucurestenilor\">spotmedia.ro<\/a> a publicat un articol \u00een care prezenta modul \u00een care Robert Negoi\u021b\u0103 a atribuit contracte de mai multe milioane de lei pentru a \u00ee\u0219i face promovare institu\u021bional\u0103. Mai exact, e vorba de \u0219ase milioane de lei care ar urma s\u0103 se \u00eempart\u0103 \u00eentre B1TV, Rom\u00e2nia TV, Realitatea TV, \u0219tiripesurse.ro, G\u00e2ndul, DCNews \u0219i Double Click Net, societatea de\u021binut\u0103 de partronul ziarului Na\u021bional.<\/p>\n\n\n\n<p>Cheltuielile de milioane de lei cu presa a devenit o tradi\u021bie \u00een sectorului 3. Anul trecut, Buletin de Bucure\u0219ti a dezv\u0103luit <a href=\"https:\/\/buletin.de\/bucuresti\/12-milioane-de-lei-de-la-robert-negoita-catre-presa-in-ultimii-doi-ani-digi24-digi-sport-antena3-si-romania-tv-cele-mai-mari-sume\/\">zeci de contracte \u021binute la secret<\/a> prin care edilul Negoi\u021b\u0103 a cheltuit 12 milioane de lei. Digi24, Digi Sport, Antena 3 \u0219i Rom\u00e2nia TV au primit, atunci, cele mai mari sume.<\/p>\n\n\n\n<p>P\u00e2n\u0103 la momentul public\u0103rii articolului, Prim\u0103ria Sectorului 3 nu ne-a r\u0103spuns la \u00eentreb\u0103ri. <\/p>\n\n\n\n<p>Surs\u0103 cover foto: Inquam Photos \/&nbsp;<a href=\"https:\/\/inquamphotos.com\/users\/ilonaandrei\">Ilona&nbsp;Andrei<\/a><\/p>\n","protected":false},"excerpt":{"rendered":"<p>La finalul anului trecut, Prim\u0103ria Sectorului 3 a semnat zece contracte \u00een valoare total\u0103 de peste 1.6 milioane de lei prin care a cump\u0103rat publicitate \u00een pres\u0103. Televiziuni precum Digi24, Antena3, Realitatea, Rom\u00e2nia TV sau B1TV au primit sute de mii de lei de la Robert Negoi\u021b\u0103 pentru a difuza spoturi video despre activitatea edilului. [&hellip;]<\/p>\n","protected":false},"author":6,"featured_media":40954,"comment_status":"closed","ping_status":"open","sticky":false,"template":"","format":"standard","meta":{"_acf_changed":false,"inline_featured_image":false,"ngg_post_thumbnail":0,"footnotes":""},"categories":[24],"tags":[3695,220,440],"ppma_author":[22588],"class_list":["post-40940","post","type-post","status-publish","format-standard","has-post-thumbnail","hentry","category-primarie","tag-presa-platita","tag-robert-negoita","tag-sector-3"],"acf":[],"yoast_head":"<!-- This site is optimized with the Yoast SEO Premium plugin v25.3 (Yoast SEO v27.5) - https:\/\/yoast.com\/product\/yoast-seo-premium-wordpress\/ -->\n<title>1.6 milioane de lei pentru promovarea Sectorului 3 la Realitatea, Antena3, B1TV, Rom\u00e2nia TV sau Digi24 - Buletin de Bucure\u0219ti<\/title>\n<meta name=\"robots\" content=\"index, follow, max-snippet:-1, max-image-preview:large, max-video-preview:-1\" \/>\n<link rel=\"canonical\" href=\"https:\/\/buletin.de\/bucuresti\/1-6-milioane-de-lei-pentru-promovarea-sectorului-3-la-realitatea-antena3-b1tv-romania-tv-sau-digi24\/\" \/>\n<meta property=\"og:locale\" content=\"en_GB\" \/>\n<meta property=\"og:type\" content=\"article\" \/>\n<meta property=\"og:title\" content=\"1.6 milioane de lei pentru promovarea Sectorului 3 la Realitatea, Antena3, B1TV, Rom\u00e2nia TV sau Digi24\" \/>\n<meta property=\"og:description\" content=\"La finalul anului trecut, Prim\u0103ria Sectorului 3 a semnat zece contracte \u00een valoare total\u0103 de peste 1.6 milioane de lei prin care a cump\u0103rat publicitate \u00een pres\u0103. Televiziuni precum Digi24, Antena3, Realitatea, Rom\u00e2nia TV sau B1TV au primit sute de mii de lei de la Robert Negoi\u021b\u0103 pentru a difuza spoturi video despre activitatea edilului. [&hellip;]\" \/>\n<meta property=\"og:url\" content=\"https:\/\/buletin.de\/bucuresti\/1-6-milioane-de-lei-pentru-promovarea-sectorului-3-la-realitatea-antena3-b1tv-romania-tv-sau-digi24\/\" \/>\n<meta property=\"og:site_name\" content=\"Buletin de Bucure\u0219ti\" \/>\n<meta property=\"article:publisher\" content=\"https:\/\/www.facebook.com\/buletin.de.buc\" \/>\n<meta property=\"article:published_time\" content=\"2022-04-12T08:37:58+00:00\" \/>\n<meta property=\"article:modified_time\" content=\"2022-04-12T08:37:59+00:00\" \/>\n<meta property=\"og:image\" content=\"https:\/\/buletin.de\/bucuresti\/wp-content\/uploads\/ID146940_INQUAM_Photos_Ilona_Andrei.jpg\" \/>\n\t<meta property=\"og:image:width\" content=\"2000\" \/>\n\t<meta property=\"og:image:height\" content=\"1333\" \/>\n\t<meta property=\"og:image:type\" content=\"image\/jpeg\" \/>\n<meta name=\"author\" content=\"Bianca Albu\" \/>\n<meta name=\"twitter:card\" content=\"summary_large_image\" \/>\n<meta name=\"twitter:label1\" content=\"Written by\" \/>\n\t<meta name=\"twitter:data1\" content=\"Bianca Albu\" \/>\n\t<meta name=\"twitter:label2\" content=\"Estimated reading time\" \/>\n\t<meta name=\"twitter:data2\" content=\"4 minutes\" \/>\n<script type=\"application\/ld+json\" class=\"yoast-schema-graph\">{\"@context\":\"https:\\\/\\\/schema.org\",\"@graph\":[{\"@type\":\"Article\",\"@id\":\"https:\\\/\\\/buletin.de\\\/bucuresti\\\/1-6-milioane-de-lei-pentru-promovarea-sectorului-3-la-realitatea-antena3-b1tv-romania-tv-sau-digi24\\\/#article\",\"isPartOf\":{\"@id\":\"https:\\\/\\\/buletin.de\\\/bucuresti\\\/1-6-milioane-de-lei-pentru-promovarea-sectorului-3-la-realitatea-antena3-b1tv-romania-tv-sau-digi24\\\/\"},\"author\":{\"name\":\"Bianca Albu\",\"@id\":\"https:\\\/\\\/buletin.de\\\/bucuresti\\\/#\\\/schema\\\/person\\\/295dc2228d2dc79294d636619468dc7f\"},\"headline\":\"1.6 milioane de lei pentru promovarea Sectorului 3 la Realitatea, Antena3, B1TV, Rom\u00e2nia TV sau Digi24\",\"datePublished\":\"2022-04-12T08:37:58+00:00\",\"dateModified\":\"2022-04-12T08:37:59+00:00\",\"mainEntityOfPage\":{\"@id\":\"https:\\\/\\\/buletin.de\\\/bucuresti\\\/1-6-milioane-de-lei-pentru-promovarea-sectorului-3-la-realitatea-antena3-b1tv-romania-tv-sau-digi24\\\/\"},\"wordCount\":605,\"publisher\":{\"@id\":\"https:\\\/\\\/buletin.de\\\/bucuresti\\\/#organization\"},\"image\":{\"@id\":\"https:\\\/\\\/buletin.de\\\/bucuresti\\\/1-6-milioane-de-lei-pentru-promovarea-sectorului-3-la-realitatea-antena3-b1tv-romania-tv-sau-digi24\\\/#primaryimage\"},\"thumbnailUrl\":\"https:\\\/\\\/buletin.de\\\/bucuresti\\\/wp-content\\\/uploads\\\/ID146940_INQUAM_Photos_Ilona_Andrei.jpg\",\"keywords\":[\"presa platita\",\"robert negoita\",\"Sector 3\"],\"articleSection\":[\"Prim\u0103rie\"],\"inLanguage\":\"en-GB\",\"copyrightYear\":\"2022\",\"copyrightHolder\":{\"@id\":\"https:\\\/\\\/buletin.de\\\/bucuresti\\\/#organization\"}},{\"@type\":\"WebPage\",\"@id\":\"https:\\\/\\\/buletin.de\\\/bucuresti\\\/1-6-milioane-de-lei-pentru-promovarea-sectorului-3-la-realitatea-antena3-b1tv-romania-tv-sau-digi24\\\/\",\"url\":\"https:\\\/\\\/buletin.de\\\/bucuresti\\\/1-6-milioane-de-lei-pentru-promovarea-sectorului-3-la-realitatea-antena3-b1tv-romania-tv-sau-digi24\\\/\",\"name\":\"1.6 milioane de lei pentru promovarea Sectorului 3 la Realitatea, Antena3, B1TV, Rom\u00e2nia TV sau Digi24 - Buletin de Bucure\u0219ti\",\"isPartOf\":{\"@id\":\"https:\\\/\\\/buletin.de\\\/bucuresti\\\/#website\"},\"primaryImageOfPage\":{\"@id\":\"https:\\\/\\\/buletin.de\\\/bucuresti\\\/1-6-milioane-de-lei-pentru-promovarea-sectorului-3-la-realitatea-antena3-b1tv-romania-tv-sau-digi24\\\/#primaryimage\"},\"image\":{\"@id\":\"https:\\\/\\\/buletin.de\\\/bucuresti\\\/1-6-milioane-de-lei-pentru-promovarea-sectorului-3-la-realitatea-antena3-b1tv-romania-tv-sau-digi24\\\/#primaryimage\"},\"thumbnailUrl\":\"https:\\\/\\\/buletin.de\\\/bucuresti\\\/wp-content\\\/uploads\\\/ID146940_INQUAM_Photos_Ilona_Andrei.jpg\",\"datePublished\":\"2022-04-12T08:37:58+00:00\",\"dateModified\":\"2022-04-12T08:37:59+00:00\",\"breadcrumb\":{\"@id\":\"https:\\\/\\\/buletin.de\\\/bucuresti\\\/1-6-milioane-de-lei-pentru-promovarea-sectorului-3-la-realitatea-antena3-b1tv-romania-tv-sau-digi24\\\/#breadcrumb\"},\"inLanguage\":\"en-GB\",\"potentialAction\":[{\"@type\":\"ReadAction\",\"target\":[\"https:\\\/\\\/buletin.de\\\/bucuresti\\\/1-6-milioane-de-lei-pentru-promovarea-sectorului-3-la-realitatea-antena3-b1tv-romania-tv-sau-digi24\\\/\"]}]},{\"@type\":\"ImageObject\",\"inLanguage\":\"en-GB\",\"@id\":\"https:\\\/\\\/buletin.de\\\/bucuresti\\\/1-6-milioane-de-lei-pentru-promovarea-sectorului-3-la-realitatea-antena3-b1tv-romania-tv-sau-digi24\\\/#primaryimage\",\"url\":\"https:\\\/\\\/buletin.de\\\/bucuresti\\\/wp-content\\\/uploads\\\/ID146940_INQUAM_Photos_Ilona_Andrei.jpg\",\"contentUrl\":\"https:\\\/\\\/buletin.de\\\/bucuresti\\\/wp-content\\\/uploads\\\/ID146940_INQUAM_Photos_Ilona_Andrei.jpg\",\"width\":2000,\"height\":1333},{\"@type\":\"BreadcrumbList\",\"@id\":\"https:\\\/\\\/buletin.de\\\/bucuresti\\\/1-6-milioane-de-lei-pentru-promovarea-sectorului-3-la-realitatea-antena3-b1tv-romania-tv-sau-digi24\\\/#breadcrumb\",\"itemListElement\":[{\"@type\":\"ListItem\",\"position\":1,\"name\":\"Acas\u0103\",\"item\":\"https:\\\/\\\/buletin.de\\\/bucuresti\\\/\"},{\"@type\":\"ListItem\",\"position\":2,\"name\":\"1.6 milioane de lei pentru promovarea Sectorului 3 la Realitatea, Antena3, B1TV, Rom\u00e2nia TV sau Digi24\"}]},{\"@type\":\"WebSite\",\"@id\":\"https:\\\/\\\/buletin.de\\\/bucuresti\\\/#website\",\"url\":\"https:\\\/\\\/buletin.de\\\/bucuresti\\\/\",\"name\":\"Buletin de Bucure\u0219ti\",\"description\":\"\u0218tiri \u0219i investiga\u021bii esen\u021biale din capital\u0103\",\"publisher\":{\"@id\":\"https:\\\/\\\/buletin.de\\\/bucuresti\\\/#organization\"},\"potentialAction\":[{\"@type\":\"SearchAction\",\"target\":{\"@type\":\"EntryPoint\",\"urlTemplate\":\"https:\\\/\\\/buletin.de\\\/bucuresti\\\/?s={search_term_string}\"},\"query-input\":{\"@type\":\"PropertyValueSpecification\",\"valueRequired\":true,\"valueName\":\"search_term_string\"}}],\"inLanguage\":\"en-GB\"},{\"@type\":\"Organization\",\"@id\":\"https:\\\/\\\/buletin.de\\\/bucuresti\\\/#organization\",\"name\":\"Buletin de Bucure\u0219ti\",\"url\":\"https:\\\/\\\/buletin.de\\\/bucuresti\\\/\",\"logo\":{\"@type\":\"ImageObject\",\"inLanguage\":\"en-GB\",\"@id\":\"https:\\\/\\\/buletin.de\\\/bucuresti\\\/#\\\/schema\\\/logo\\\/image\\\/\",\"url\":\"https:\\\/\\\/buletin.de\\\/bucuresti\\\/wp-content\\\/uploads\\\/logo-bdb-full-wide-vernil-transparent.png\",\"contentUrl\":\"https:\\\/\\\/buletin.de\\\/bucuresti\\\/wp-content\\\/uploads\\\/logo-bdb-full-wide-vernil-transparent.png\",\"width\":1782,\"height\":626,\"caption\":\"Buletin de Bucure\u0219ti\"},\"image\":{\"@id\":\"https:\\\/\\\/buletin.de\\\/bucuresti\\\/#\\\/schema\\\/logo\\\/image\\\/\"},\"sameAs\":[\"https:\\\/\\\/www.facebook.com\\\/buletin.de.buc\",\"https:\\\/\\\/www.instagram.com\\\/buletinde.bucuresti\\\/\"]},{\"@type\":\"Person\",\"@id\":\"https:\\\/\\\/buletin.de\\\/bucuresti\\\/#\\\/schema\\\/person\\\/295dc2228d2dc79294d636619468dc7f\",\"name\":\"Bianca Albu\",\"image\":{\"@type\":\"ImageObject\",\"inLanguage\":\"en-GB\",\"@id\":\"https:\\\/\\\/secure.gravatar.com\\\/avatar\\\/3df2e34e20f529e6fd7be4311ee1f7c4ec4aa886971590baf6fa214b15743516?s=96&d=monsterid&r=gf541c715eeec409ce8101252a3c0d8a7\",\"url\":\"https:\\\/\\\/secure.gravatar.com\\\/avatar\\\/3df2e34e20f529e6fd7be4311ee1f7c4ec4aa886971590baf6fa214b15743516?s=96&d=monsterid&r=g\",\"contentUrl\":\"https:\\\/\\\/secure.gravatar.com\\\/avatar\\\/3df2e34e20f529e6fd7be4311ee1f7c4ec4aa886971590baf6fa214b15743516?s=96&d=monsterid&r=g\",\"caption\":\"Bianca Albu\"},\"description\":\"Reporter\",\"url\":\"https:\\\/\\\/buletin.de\\\/bucuresti\\\/author\\\/biancaalbu\\\/\"}]}<\/script>\n<!-- \/ Yoast SEO Premium plugin. -->","yoast_head_json":{"title":"1.6 milioane de lei pentru promovarea Sectorului 3 la Realitatea, Antena3, B1TV, Rom\u00e2nia TV sau Digi24 - Buletin de Bucure\u0219ti","robots":{"index":"index","follow":"follow","max-snippet":"max-snippet:-1","max-image-preview":"max-image-preview:large","max-video-preview":"max-video-preview:-1"},"canonical":"https:\/\/buletin.de\/bucuresti\/1-6-milioane-de-lei-pentru-promovarea-sectorului-3-la-realitatea-antena3-b1tv-romania-tv-sau-digi24\/","og_locale":"en_GB","og_type":"article","og_title":"1.6 milioane de lei pentru promovarea Sectorului 3 la Realitatea, Antena3, B1TV, Rom\u00e2nia TV sau Digi24","og_description":"La finalul anului trecut, Prim\u0103ria Sectorului 3 a semnat zece contracte \u00een valoare total\u0103 de peste 1.6 milioane de lei prin care a cump\u0103rat publicitate \u00een pres\u0103. Televiziuni precum Digi24, Antena3, Realitatea, Rom\u00e2nia TV sau B1TV au primit sute de mii de lei de la Robert Negoi\u021b\u0103 pentru a difuza spoturi video despre activitatea edilului. [&hellip;]","og_url":"https:\/\/buletin.de\/bucuresti\/1-6-milioane-de-lei-pentru-promovarea-sectorului-3-la-realitatea-antena3-b1tv-romania-tv-sau-digi24\/","og_site_name":"Buletin de Bucure\u0219ti","article_publisher":"https:\/\/www.facebook.com\/buletin.de.buc","article_published_time":"2022-04-12T08:37:58+00:00","article_modified_time":"2022-04-12T08:37:59+00:00","og_image":[{"width":2000,"height":1333,"url":"https:\/\/buletin.de\/bucuresti\/wp-content\/uploads\/ID146940_INQUAM_Photos_Ilona_Andrei.jpg","type":"image\/jpeg"}],"author":"Bianca Albu","twitter_card":"summary_large_image","twitter_misc":{"Written by":"Bianca Albu","Estimated reading time":"4 minutes"},"schema":{"@context":"https:\/\/schema.org","@graph":[{"@type":"Article","@id":"https:\/\/buletin.de\/bucuresti\/1-6-milioane-de-lei-pentru-promovarea-sectorului-3-la-realitatea-antena3-b1tv-romania-tv-sau-digi24\/#article","isPartOf":{"@id":"https:\/\/buletin.de\/bucuresti\/1-6-milioane-de-lei-pentru-promovarea-sectorului-3-la-realitatea-antena3-b1tv-romania-tv-sau-digi24\/"},"author":{"name":"Bianca Albu","@id":"https:\/\/buletin.de\/bucuresti\/#\/schema\/person\/295dc2228d2dc79294d636619468dc7f"},"headline":"1.6 milioane de lei pentru promovarea Sectorului 3 la Realitatea, Antena3, B1TV, Rom\u00e2nia TV sau Digi24","datePublished":"2022-04-12T08:37:58+00:00","dateModified":"2022-04-12T08:37:59+00:00","mainEntityOfPage":{"@id":"https:\/\/buletin.de\/bucuresti\/1-6-milioane-de-lei-pentru-promovarea-sectorului-3-la-realitatea-antena3-b1tv-romania-tv-sau-digi24\/"},"wordCount":605,"publisher":{"@id":"https:\/\/buletin.de\/bucuresti\/#organization"},"image":{"@id":"https:\/\/buletin.de\/bucuresti\/1-6-milioane-de-lei-pentru-promovarea-sectorului-3-la-realitatea-antena3-b1tv-romania-tv-sau-digi24\/#primaryimage"},"thumbnailUrl":"https:\/\/buletin.de\/bucuresti\/wp-content\/uploads\/ID146940_INQUAM_Photos_Ilona_Andrei.jpg","keywords":["presa platita","robert negoita","Sector 3"],"articleSection":["Prim\u0103rie"],"inLanguage":"en-GB","copyrightYear":"2022","copyrightHolder":{"@id":"https:\/\/buletin.de\/bucuresti\/#organization"}},{"@type":"WebPage","@id":"https:\/\/buletin.de\/bucuresti\/1-6-milioane-de-lei-pentru-promovarea-sectorului-3-la-realitatea-antena3-b1tv-romania-tv-sau-digi24\/","url":"https:\/\/buletin.de\/bucuresti\/1-6-milioane-de-lei-pentru-promovarea-sectorului-3-la-realitatea-antena3-b1tv-romania-tv-sau-digi24\/","name":"1.6 milioane de lei pentru promovarea Sectorului 3 la Realitatea, Antena3, B1TV, Rom\u00e2nia TV sau Digi24 - Buletin de Bucure\u0219ti","isPartOf":{"@id":"https:\/\/buletin.de\/bucuresti\/#website"},"primaryImageOfPage":{"@id":"https:\/\/buletin.de\/bucuresti\/1-6-milioane-de-lei-pentru-promovarea-sectorului-3-la-realitatea-antena3-b1tv-romania-tv-sau-digi24\/#primaryimage"},"image":{"@id":"https:\/\/buletin.de\/bucuresti\/1-6-milioane-de-lei-pentru-promovarea-sectorului-3-la-realitatea-antena3-b1tv-romania-tv-sau-digi24\/#primaryimage"},"thumbnailUrl":"https:\/\/buletin.de\/bucuresti\/wp-content\/uploads\/ID146940_INQUAM_Photos_Ilona_Andrei.jpg","datePublished":"2022-04-12T08:37:58+00:00","dateModified":"2022-04-12T08:37:59+00:00","breadcrumb":{"@id":"https:\/\/buletin.de\/bucuresti\/1-6-milioane-de-lei-pentru-promovarea-sectorului-3-la-realitatea-antena3-b1tv-romania-tv-sau-digi24\/#breadcrumb"},"inLanguage":"en-GB","potentialAction":[{"@type":"ReadAction","target":["https:\/\/buletin.de\/bucuresti\/1-6-milioane-de-lei-pentru-promovarea-sectorului-3-la-realitatea-antena3-b1tv-romania-tv-sau-digi24\/"]}]},{"@type":"ImageObject","inLanguage":"en-GB","@id":"https:\/\/buletin.de\/bucuresti\/1-6-milioane-de-lei-pentru-promovarea-sectorului-3-la-realitatea-antena3-b1tv-romania-tv-sau-digi24\/#primaryimage","url":"https:\/\/buletin.de\/bucuresti\/wp-content\/uploads\/ID146940_INQUAM_Photos_Ilona_Andrei.jpg","contentUrl":"https:\/\/buletin.de\/bucuresti\/wp-content\/uploads\/ID146940_INQUAM_Photos_Ilona_Andrei.jpg","width":2000,"height":1333},{"@type":"BreadcrumbList","@id":"https:\/\/buletin.de\/bucuresti\/1-6-milioane-de-lei-pentru-promovarea-sectorului-3-la-realitatea-antena3-b1tv-romania-tv-sau-digi24\/#breadcrumb","itemListElement":[{"@type":"ListItem","position":1,"name":"Acas\u0103","item":"https:\/\/buletin.de\/bucuresti\/"},{"@type":"ListItem","position":2,"name":"1.6 milioane de lei pentru promovarea Sectorului 3 la Realitatea, Antena3, B1TV, Rom\u00e2nia TV sau Digi24"}]},{"@type":"WebSite","@id":"https:\/\/buletin.de\/bucuresti\/#website","url":"https:\/\/buletin.de\/bucuresti\/","name":"Buletin de Bucure\u0219ti","description":"\u0218tiri \u0219i investiga\u021bii esen\u021biale din capital\u0103","publisher":{"@id":"https:\/\/buletin.de\/bucuresti\/#organization"},"potentialAction":[{"@type":"SearchAction","target":{"@type":"EntryPoint","urlTemplate":"https:\/\/buletin.de\/bucuresti\/?s={search_term_string}"},"query-input":{"@type":"PropertyValueSpecification","valueRequired":true,"valueName":"search_term_string"}}],"inLanguage":"en-GB"},{"@type":"Organization","@id":"https:\/\/buletin.de\/bucuresti\/#organization","name":"Buletin de Bucure\u0219ti","url":"https:\/\/buletin.de\/bucuresti\/","logo":{"@type":"ImageObject","inLanguage":"en-GB","@id":"https:\/\/buletin.de\/bucuresti\/#\/schema\/logo\/image\/","url":"https:\/\/buletin.de\/bucuresti\/wp-content\/uploads\/logo-bdb-full-wide-vernil-transparent.png","contentUrl":"https:\/\/buletin.de\/bucuresti\/wp-content\/uploads\/logo-bdb-full-wide-vernil-transparent.png","width":1782,"height":626,"caption":"Buletin de Bucure\u0219ti"},"image":{"@id":"https:\/\/buletin.de\/bucuresti\/#\/schema\/logo\/image\/"},"sameAs":["https:\/\/www.facebook.com\/buletin.de.buc","https:\/\/www.instagram.com\/buletinde.bucuresti\/"]},{"@type":"Person","@id":"https:\/\/buletin.de\/bucuresti\/#\/schema\/person\/295dc2228d2dc79294d636619468dc7f","name":"Bianca Albu","image":{"@type":"ImageObject","inLanguage":"en-GB","@id":"https:\/\/secure.gravatar.com\/avatar\/3df2e34e20f529e6fd7be4311ee1f7c4ec4aa886971590baf6fa214b15743516?s=96&d=monsterid&r=gf541c715eeec409ce8101252a3c0d8a7","url":"https:\/\/secure.gravatar.com\/avatar\/3df2e34e20f529e6fd7be4311ee1f7c4ec4aa886971590baf6fa214b15743516?s=96&d=monsterid&r=g","contentUrl":"https:\/\/secure.gravatar.com\/avatar\/3df2e34e20f529e6fd7be4311ee1f7c4ec4aa886971590baf6fa214b15743516?s=96&d=monsterid&r=g","caption":"Bianca Albu"},"description":"Reporter","url":"https:\/\/buletin.de\/bucuresti\/author\/biancaalbu\/"}]}},"authors":[{"term_id":22588,"user_id":6,"is_guest":0,"slug":"biancaalbu","display_name":"Bianca Albu","avatar_url":"https:\/\/secure.gravatar.com\/avatar\/3df2e34e20f529e6fd7be4311ee1f7c4ec4aa886971590baf6fa214b15743516?s=96&d=monsterid&r=g","0":null,"1":"","2":"","3":"","4":"","5":"","6":"","7":"","8":""}],"_links":{"self":[{"href":"https:\/\/buletin.de\/bucuresti\/wp-json\/wp\/v2\/posts\/40940","targetHints":{"allow":["GET"]}}],"collection":[{"href":"https:\/\/buletin.de\/bucuresti\/wp-json\/wp\/v2\/posts"}],"about":[{"href":"https:\/\/buletin.de\/bucuresti\/wp-json\/wp\/v2\/types\/post"}],"author":[{"embeddable":true,"href":"https:\/\/buletin.de\/bucuresti\/wp-json\/wp\/v2\/users\/6"}],"replies":[{"embeddable":true,"href":"https:\/\/buletin.de\/bucuresti\/wp-json\/wp\/v2\/comments?post=40940"}],"version-history":[{"count":4,"href":"https:\/\/buletin.de\/bucuresti\/wp-json\/wp\/v2\/posts\/40940\/revisions"}],"predecessor-version":[{"id":41695,"href":"https:\/\/buletin.de\/bucuresti\/wp-json\/wp\/v2\/posts\/40940\/revisions\/41695"}],"wp:featuredmedia":[{"embeddable":true,"href":"https:\/\/buletin.de\/bucuresti\/wp-json\/wp\/v2\/media\/40954"}],"wp:attachment":[{"href":"https:\/\/buletin.de\/bucuresti\/wp-json\/wp\/v2\/media?parent=40940"}],"wp:term":[{"taxonomy":"category","embeddable":true,"href":"https:\/\/buletin.de\/bucuresti\/wp-json\/wp\/v2\/categories?post=40940"},{"taxonomy":"post_tag","embeddable":true,"href":"https:\/\/buletin.de\/bucuresti\/wp-json\/wp\/v2\/tags?post=40940"},{"taxonomy":"author","embeddable":true,"href":"https:\/\/buletin.de\/bucuresti\/wp-json\/wp\/v2\/ppma_author?post=40940"}],"curies":[{"name":"wp","href":"https:\/\/api.w.org\/{rel}","templated":true}]}}