{"id":40928,"date":"2022-03-28T12:15:41","date_gmt":"2022-03-28T10:15:41","guid":{"rendered":"https:\/\/buletin.de\/bucuresti\/?p=40928"},"modified":"2022-03-28T16:20:22","modified_gmt":"2022-03-28T14:20:22","slug":"dan-puric-s-a-intors-la-tnb-cu-propaganda-anti-europeana-si-rasiala-ministrul-culturii-promite-o-ancheta","status":"publish","type":"post","link":"https:\/\/buletin.de\/bucuresti\/dan-puric-s-a-intors-la-tnb-cu-propaganda-anti-europeana-si-rasiala-ministrul-culturii-promite-o-ancheta\/","title":{"rendered":"Dan Puric &#8220;s-a \u00eentors&#8221; la TNB cu propagand\u0103 anti-european\u0103 \u0219i rasial\u0103. Ministrul Culturii promite o anchet\u0103"},"content":{"rendered":"\n<p class=\"has-light-green-cyan-background-color has-background\">De Ziua Mondial\u0103 a Teatrului, Na\u021bionalul bucure\u0219tean a fost folosit ca mijloc de propagand\u0103 anti UE, rasist \u0219i pro-rus. Spectatorii veni\u021bi la spectacolul conferin\u021b\u0103 <em>M-am \u00eentors<\/em> al lui Dan Puric au primit c\u00e2te un exemplar dintr-o publica\u021bie na\u021bionalist\u0103 \u0219i anti-european\u0103. Ministrul Culturii a anun\u021bat o anchet\u0103 \u0219i a declarat c\u0103 nimeni din conducerea teatrului nu \u0219tia de acest demers. Fotografiile din sala de spectacol \u00eel contrazic \u00eens\u0103. Directorul TNB a fost \u00een sala de spectacol. <\/p>\n\n\n\n<p>Update:<\/p>\n\n\n\n<p>Directorul interimar al TNB a publicat, <a href=\"https:\/\/www.blogtnb.com\/blog-1\/params\/post\/4019609\/comunicat-de-presa-mircea-rusu-director-general-interimar-tnb?fbclid=IwAR2bmE13SxEQKK4JLki_r1eZhsmptTGN0CZ-djrlO2vnVy7gu7g0fHWeRKs\">pe pagina insitu\u021biei<\/a> un punct de vedere asupra situa\u021biei create. \u00cen opinia sa, scandalul a fost iscat de un grup reac\u021bionat existent \u00een insitu\u021bie \u0219i de for\u021be politice. Mircea Rusu sus\u021bine c\u0103 spectacolul lui Puric a fost <em>un show cultural, <\/em>iar c\u0103 ziarul cu pricina se vinde \u0219i la chio\u0219curi dar n-ar fi trebuit, totu\u0219i, s\u0103 ajung\u0103 \u00een sala de spectacol f\u0103r\u0103 \u0219tiin\u021ba sa. <\/p>\n\n\n\n<p><em>\u00a0Subliniez c\u0103 acest \u201dshow cultural\u201d a respectat cu o\u00a0disciplin\u0103 indiscutabil\u0103 promisiunea.\u00a0Doar c\u0103, pe scaunele S\u0103lii Studio \u0219i pe standurile cu c\u0103r\u021bi ale artistului Dan\u00a0Puric, pe l\u00e2ng\u0103 volumele lui, au ap\u0103rut ni\u0219te ziare \u201eCertitudinea\u201d.\u00a0Chiar dac\u0103 publica\u021bia respectiv\u0103 se vinde prin chio\u0219curi, nu trebuia s\u0103 p\u0103trund\u0103 \u00een\u00a0teatru f\u0103r\u0103 acordul nostru! Nu inten\u021bionez s\u0103 m\u0103 absolv de o vin\u0103 evident\u0103, dar\u00a0responsabilitatea unor asemenea decizii revine \u00een exclusivitate organizatorului\u00a0evenimentului, \u00een cazul acesta \u201eForward Media &amp; Advertising\u201d.<\/em><\/p>\n\n\n\n<p><em>M\u0103 delimitez hot\u0103r\u00e2t de ac\u021biunea subversiv\u0103 care s-a petrecut duminic\u0103\u00a0diminea\u021b\u0103! \u00cen loc de o s\u0103rb\u0103toare a teatrului, s-a \u00eencercat un \u201eprohod\u201d al lui . Cei\u00a0care au orchestrat ac\u021biunea, au reu\u0219it s\u0103 destabilizeze un echilibru care se a\u0219ezase\u00a0destul de evident. Au mai c\u00e2\u0219tigat o b\u0103t\u0103lie, dar \u201e resbelu\u201d e lung!\u00a0Primesc mesaje de sus\u021binere de la adev\u0103ratele valori ale teatrului rom\u00e2nesc,\u00a0dar vin din partea unor oameni discre\u021bi, care nu vor s\u0103-\u0219i maculeze personalitatea\u00a0\u00een noroiul mediatic. Creat artificial, zic eu.\u00a0\u0218i asta, tocmai acum c\u00e2nd, la Teatrul Na\u021bional, au fost chemate cele mai\u00a0mari valori ale teatrului rom\u00e2nesc! \u00cen 2022, monteaz\u0103 sau vor monta cei mai mari\u00a0regizori rom\u00e2ni contemporani! Vor fi 10 premiere, fapt unic \u00een istoria Teatrului\u00a0Na\u021bional \u201eI.L.Caragiale\u201d, \u00een istoria vreunui teatru din Rom\u00e2nia.\u00a0Am \u00eencercat din r\u0103sputeri s\u0103 \u021bin Teatrul Na\u021bional Bucure\u0219ti \u00een afara\u00a0conflictelor cu atingeri politice. N-a fost cu putin\u021b\u0103. Exist\u0103 un grup reac\u021bionar \u00een\u00a0interiorul institu\u021biei, care zg\u00e2nd\u0103re atmosfera interioar\u0103. Se aliaz\u0103 lor \u0219i for\u021be\u00a0politice sau de media. Influente sau nu, fac un imens r\u0103u Teatrului Na\u021bional<\/em>, a scris Mircea Rusu, pe pagina de internet a TNB.<\/p>\n\n\n\n<p><\/p>\n\n\n\n<p><\/p>\n\n\n\n<p>Printre cei care au semnalat ce s-a \u00eent\u00e2mplat \u00een sala TNB a fost parlamentarul USR, Iulian Bulai. Al\u0103turi de mesajul \u00een care cerea ministrului Culturii demiterea conducerii teatrului, Bulai a postat \u0219i c\u00e2teva fotografii cu gazeta cu pricina.<\/p>\n\n\n\n<p><em>Teatrul Na\u021bional nu face politic\u0103, dar n-are nicio problem\u0103 cu propaganda.<\/em><\/p>\n\n\n\n<p><em>Cam 500 de spectatori ai Teatrului Na\u021bional Bucure\u0219ti au g\u0103sit azi, la Sala Studio, c\u00e2te un exemplar dintr-o publica\u021bie na\u021bionalist\u0103, revan\u0219ard\u0103, rasist\u0103 \u0219i antieuropean\u0103, pe numele ei \u201eCertitudinea\u201d. Care s\u0103 \u201eacompanieze\u201d monologul lui Dan Puric, prezentat de Ziua Mondial\u0103 a Teatrului.<\/em><\/p>\n\n\n\n<p><em>La intrarea \u00een sal\u0103 erau \u00eemp\u0103r\u021bite alte exemplare din aceea\u0219i fi\u021buic\u0103 extremist\u0103.<\/em><\/p>\n\n\n\n<p><em>A\u0219tept de la administra\u021bia Teatrului Na\u021bional explica\u021bii privind distribu\u021bia acelei publica\u021bii de propagand\u0103 \u00eentr-o institu\u021bie public\u0103, sub ochii angaja\u021bilor TNB, ai directorului interimar \u0219i ai unui membru al Consiliului Artistic.<\/em><\/p>\n\n\n\n<p><em>A\u0219tept de la ministrul Culturii, Lucian N. Romascanu, s\u0103-l demit\u0103 pe directorul interimar al TNB. Cu aceea\u0219i vitez\u0103 cu care a confirmat c\u0103 la TNB nu se face politic\u0103, doar art\u0103<\/em>, a scris Iulian Bulai, pe pagina sa de Facebook.<\/p>\n\n\n\n<h2 class=\"wp-block-heading\">Ministrul Culturii &#8211; conducerea nu \u0219tia c\u0103 va fi distribuit\u0103 gazeta<\/h2>\n\n\n\n<p>Reac\u021bia ministrului Culturii, Lucian Roma\u0219canu a venit imediat, sub forma unui comentariu la postarea lui Bulai. Ministrul a anun\u021bat o anchet\u0103 \u0219i a sus\u021binut c\u0103 managementul TNB nu \u0219tia de acest demers. <\/p>\n\n\n\n<p><em>M\u00e2ine se va face anchet\u0103 intern\u0103 \u0219i pl\u00e2ngere la poli\u021bie pentru distribu\u021bie neautorizat\u0103 de materiale \u00een incinta TNB. Nimeni din conducere nu a fost informat despre acest demers, <\/em>a scris Roma\u0219canu.<\/p>\n\n\n\n<p><\/p>\n\n\n\n<figure class=\"wp-block-image size-large\"><img fetchpriority=\"high\" decoding=\"async\" width=\"704\" height=\"900\" src=\"data:image\/gif;base64,R0lGODlhAQABAAAAACH5BAEKAAEALAAAAAABAAEAAAICTAEAOw==\" data-src=\"https:\/\/buletin.de\/bucuresti\/wp-content\/uploads\/romascanu-704x900.jpg\" alt=\"\" class=\"wp-image-40929 lazyload\" data-sizes=\"auto\" data-srcset=\"https:\/\/buletin.de\/bucuresti\/wp-content\/uploads\/romascanu-704x900.jpg 704w, https:\/\/buletin.de\/bucuresti\/wp-content\/uploads\/romascanu-235x300.jpg 235w, https:\/\/buletin.de\/bucuresti\/wp-content\/uploads\/romascanu-768x982.jpg 768w, https:\/\/buletin.de\/bucuresti\/wp-content\/uploads\/romascanu-550x703.jpg 550w, https:\/\/buletin.de\/bucuresti\/wp-content\/uploads\/romascanu-391x500.jpg 391w, https:\/\/buletin.de\/bucuresti\/wp-content\/uploads\/romascanu-600x767.jpg 600w, https:\/\/buletin.de\/bucuresti\/wp-content\/uploads\/romascanu.jpg 801w\" sizes=\"(max-width: 704px) 100vw, 704px\" \/><figcaption>Facebook Iulian Bulai<\/figcaption><\/figure>\n\n\n\n<h2 class=\"wp-block-heading\">Mihai C\u0103lin &#8211; directorul era \u00een sal\u0103.<\/h2>\n\n\n\n<p>Doar c\u0103 imaginile din sala TNB, \u00eenainte de a \u00eencepe spectacolul, postate de actorul Mihai C\u0103lin \u00eel contrazic pe Lucian Roma\u0219canu. Managerul TNB era \u00een sal\u0103 \u00een timp de spectatorii r\u0103sfoiau gazeta pro-rus\u0103.<\/p>\n\n\n\n<figure class=\"wp-block-image size-large\"><img decoding=\"async\" width=\"495\" height=\"900\" src=\"data:image\/gif;base64,R0lGODlhAQABAAAAACH5BAEKAAEALAAAAAABAAEAAAICTAEAOw==\" data-src=\"https:\/\/buletin.de\/bucuresti\/wp-content\/uploads\/mihaicalin-495x900.jpg\" alt=\"\" class=\"wp-image-40932 lazyload\" data-sizes=\"auto\" data-srcset=\"https:\/\/buletin.de\/bucuresti\/wp-content\/uploads\/mihaicalin-495x900.jpg 495w, https:\/\/buletin.de\/bucuresti\/wp-content\/uploads\/mihaicalin-165x300.jpg 165w, https:\/\/buletin.de\/bucuresti\/wp-content\/uploads\/mihaicalin-550x1000.jpg 550w, https:\/\/buletin.de\/bucuresti\/wp-content\/uploads\/mihaicalin-275x500.jpg 275w, https:\/\/buletin.de\/bucuresti\/wp-content\/uploads\/mihaicalin.jpg 563w\" sizes=\"(max-width: 495px) 100vw, 495px\" \/><figcaption>sursa Facebook Mihai Calin<\/figcaption><\/figure>\n\n\n\n<p><\/p>\n\n\n\n<p>Acela\u0219i manager interimar al TNB, Mircea Rusu, a interzis ac\u021biunile de solidaritate cu Ucraina, oragnizate de sindicatul actorilor din TNB.<\/p>\n\n\n\n<p><em>\u201cSindicatul Actorilor din TNB a propus campania \u201c TNB pentru Ucraina\u201d. Directorul general interimar a refuzat, argument\u00e2nd c\u0103 teatrul are alt rol, c\u0103 noi nu facem politic\u0103 \u0219i m-a invitat s\u0103 m\u0103 duc la Cern\u0103u\u021bi \u0219i Cahul ca s\u0103 v\u0103d ce p\u0103\u021besc rom\u00e2nii din cauza ucrainenilor.<\/em><\/p>\n\n\n\n<p><em>Iar pe TNB nu avem voie s\u0103 proiectam steagul ucrainean, ci doar tricolorul rom\u00e2nesc, pentru c\u0103 suntem patrio\u021bi rom\u00e2ni, iar ucrainenii ne-au f\u0103cut destule rele!\u201d<\/em>, a declarat Mihai C\u0103lin, reprezentantul sindicatului.<\/p>\n\n\n\n<p> <\/p>\n\n\n\n<h2 class=\"wp-block-heading\">Spectacolul <em>M-am \u00eentors, <\/em>premier\u0103 de Ziua Mondial\u0103 a Teatrului<\/h2>\n\n\n\n<p>Dan Puric, cunoscut pentru declara\u021biile sale anti UE, pro-ruse a programat <a href=\"https:\/\/www.tnb.ro\/ro\/m-am-intors?fbclid=IwAR0laVYBjI5m6NgDwpVUvy7DUpgUnK_mV017Dtcs2qHTe2QueSqJEydPK3k\">prima reprezenta\u021bie a spectacolului s\u0103u<\/a> <em>M-am \u00eentors, <\/em> , organizat de o agen\u021bie de impresariat, chiar de Ziua Mondial\u0103 a Teatrului. Sala Studio a TNB a fost \u00eenchiriat\u0103 de agen\u021bia cu pricina.<\/p>\n\n\n\n<p>Programarea acestui spectacol pe scena Na\u021bionalului \u00eentr-o zi cu o \u00eensemn\u0103tate aparte pentru Teatru a st\u00e2rnit numeroase comentarii. Regizoarea Carmen Lidia Vidu a fost una dintre vocile care au luat atitudine.<\/p>\n\n\n\n<p><em>\u201c\u00cen\u021beleg c\u0103 noua direc\u021bie a Teatrului Na\u021bional nu e solidar\u0103 cu Ucraina, refuz\u0103 implicarea politic\u0103 \u0219i se l\u0103s\u0103 reprezentat\u0103 de Dan Puric, cel care a fost recrutat de Securitate \u00een scopul supravegherii informative a colegilor de liceu. A semnat un angajament cu Securitatea pe c\u00e2nd avea doar 17 ani \u0219i a primit numele conspirativ \u201cCristian\u201d. Adeverin\u021ba CNSAS nu \u00eei atribuie totu\u0219i calitatea de lucr\u0103tor \/ colaborator al Securit\u0103\u021bi<\/em>i, a declarat Carmen Lidia Vidu pentru culturaladuba.ro<\/p>\n\n\n\n<p>\u0218i criticul de teatru Iulia Popovici a acuzat conducerea TNB c\u0103 a v\u00e2ndut sala unui privat pentru bani.<\/p>\n\n\n\n<p><em>Deci, care dreak e rolul teatrului, de care tot vorbe\u0219te dl director interimar al TNB? S\u0103-ncepem cu rolul teatrului numit TNB, care, s\u0103 recapitul\u0103m, ofer\u0103 de Ziua Mondial\u0103 a Teatrului un ceva produs de o agen\u021bie de impresariat, ceva despre care \u0219tim deja c\u0103 va fi o adunare de poncife Moscova-driven na\u021bionalist, paseist \u0219i conspira\u021bionist, dar care, fiind produs de al\u021bii, TNB n-a m\u00eencat usturoi, gura nu-i miroase \u0219i banii oricum nu put<\/em>, a scris Iulia Popovici pe pagina sa de Facebook.<\/p>\n\n\n\n<h2 class=\"wp-block-heading\">Dan Puric, discurs na\u021bionalist, pro-rus \u0219i anti-european<\/h2>\n\n\n\n<p>Dan Puric s-a remarcat \u00een ultimii ani prin discursul s\u0103u na\u021bionalist, pro-rus \u0219i anti UE. Numele s\u0103u apare \u0219i pe o a\u0219a zis\u0103 list\u0103 a <em>prietenilor Kremlinului,<\/em> publicat\u0103 de un <a href=\"https:\/\/adevarul.ro\/news\/politica\/prietenii-rusiei-romania-deconspirati-presa-ucraineana-dan-puric-mircea-dogaru-lista-1_547ef05da0eb96501e529010\/index.html\">grup de hackeri ucraineni<\/a>.<\/p>\n\n\n\n<p><em>Rom\u00e2nia nu ar trebui s\u0103 fie \u00eempotriva Rusiei pentru c\u0103 dac\u0103 suntem contra Rusiei distrugem un vecin, o rela\u021bie cu o \u021bar\u0103 cre\u0219tin\u0103 prieten\u0103, <\/em>a declarat Puric pentru <a href=\"https:\/\/katehon.com\/en\/article\/name-christianity-we-have-be-together\">katehon.com<\/a>. <\/p>\n\n\n\n<p>Conform <a href=\"https:\/\/culturaladuba.ro\/de-ziua-mondiala-a-teatrului-tnb-va-gazdui-un-spectacol-al-lui-dan-puric-admiratorul-lui-putin\/\">culturaladuba.ro<\/a>, Dan Puric a contestat puternic Uniunea European\u0103 \u00eentr-un interviu acordat unei televiziuni locale, anul acesta, pe 8 martie.<\/p>\n\n\n\n<p><em>\u201cPot s\u0103 dau exemplu&nbsp;<strong>gr\u0103dina asta zoologic\u0103 numit\u0103 Comitetul European<\/strong>. Derbedeul al\u0103 de comisar european care vine s\u0103 ne inve\u021be ce \u00eenseamn\u0103 coexisten\u021ba. Pe noi! Ei, care au v\u00e2ndut sclavi. (\u2026) Vorbesc de o arogan\u021b\u0103 ideologic\u0103 cu care vrea s\u0103 ne schimonoseasc\u0103 copiii, adolescen\u021bii, \u021bara, mentalul. Trebuie s\u0103 le r\u0103spundem\u201d, <\/em> a declarat Dan Puric, conform culturaladuba.ro<\/p>\n\n\n\n<h2 class=\"wp-block-heading\">Ziarul Certitudinea<\/h2>\n\n\n\n<p>Gazeta care i-a a\u0219teptat pe spectatorii lui Dan Puric, Certitudinea, este \u00een al 6-lea an de existen\u021b\u0103 \u0219i \u00een sal\u0103 au fost distribuite dou\u0103 numere, 104 \u0219i 105.  \u00cen cuprinsul s\u0103u amestecate articole scrise de Mihai Eminescu, Ion luca Caragiale cu cele apartin\u00e2nd unor contemporani &#8211; acad. Ion Aurel Pop, Adriana Stoicescu. <\/p>\n\n\n\n<p>Articolele au titluri cu tent\u0103 na\u021bionalist\u0103, rasist\u0103 \u0219i antieuropean\u0103. De remarcat un articol atribuit lui Ion I. Br\u0103tianu, <em>Uniunea Lag\u0103relor comuniste s-a transformat \u00een Lag\u0103rul Uniunii Europene. <\/em><\/p>\n\n\n\n<p>din sumarul nr. 104<\/p>\n\n\n\n<p>\u25cf G-ral Av. RADU THEODORU. Fi\u021bi rom\u00e2ni, m\u0103i oameni buni, fi\u021bi rom\u00e2ni, \u00een ultimul ceas!<\/p>\n\n\n\n<p>\u25cf DAN CRISTIAN IONESCU. \u021aiganii vechi \u0219i noi<\/p>\n\n\n\n<p>\u25cf Acad. IOAN AUREL POP. Identitatea na\u021bional\u0103 \u0219i credin\u021ba cre\u0219tin\u0103<\/p>\n\n\n\n<p>\u25cf ION LUCA CARAGIALE. Chestiunea evreeasc\u0103. Protest calomnios la Londra, contra statului rom\u00e2n care \u201eschingiuie\u0219te evrei\u201d<\/p>\n\n\n\n<p>\u25cf ADRIANA STOICESCU. Arde\u021bi, naibii, c\u0103r\u021bile, c\u0103 ocup\u0103 loc \u0219i adun\u0103 praf<\/p>\n\n\n\n<p>\u25cf MIRON MANEGA. MApN cere iertare Institutului Wiesel<\/p>\n\n\n\n<p>\u25cf CONSTITU\u021aIA LOR \u0219i CONSTITU\u021aIA NOASTR\u0102. Rolul Autorit\u0103\u021bii Financiare<\/p>\n\n\n\n<p>\u25cf AUREL C. POPOVICI (1863-1917). Democra\u021bia: Vox populi, vox derbedei<\/p>\n\n\n\n<p>\u25cf MIREL PALADA. N-avem nevoie de interes na\u021bional. Noi avem nevoie de trotinet\u0103, m\u0103, s\u0103r\u0103ntocilor, m\u0103!<\/p>\n\n\n\n<p>\u25cf DAN DIACONU. Un exemplu tipic de \u201e\u021bar\u0103 ca afar\u0103\u201d. V\u0103 place? Muta\u021bi-v\u0103 acolo!<\/p>\n\n\n\n<p>\u25cf Dr. LUC MONTAGNIER, laureat Nobel: \u201eVaccinarea copiilor este o crim\u0103!\u201d<\/p>\n\n\n\n<p>\u25cf ION I. BR\u0102TIANU. Uniunea Lag\u0103relor comuniste s-a transformat \u00een Lag\u0103rul Uniunii Europene<\/p>\n\n\n\n<p><em>\u25cf&nbsp;<\/em>IOAN RO\u0218CA. Combaterea \u201eantisemitismului\u201d folose\u015fte subjug\u0103rii rom\u00e2nilor? (XI)<\/p>\n\n\n\n<figure class=\"wp-block-image size-large\"><img decoding=\"async\" width=\"900\" height=\"534\" src=\"data:image\/gif;base64,R0lGODlhAQABAAAAACH5BAEKAAEALAAAAAABAAEAAAICTAEAOw==\" data-src=\"https:\/\/buletin.de\/bucuresti\/wp-content\/uploads\/image-1188-900x534.png\" alt=\"\" class=\"wp-image-40959 lazyload\" data-sizes=\"auto\" data-srcset=\"https:\/\/buletin.de\/bucuresti\/wp-content\/uploads\/image-1188-900x534.png 900w, https:\/\/buletin.de\/bucuresti\/wp-content\/uploads\/image-1188-300x178.png 300w, https:\/\/buletin.de\/bucuresti\/wp-content\/uploads\/image-1188-768x456.png 768w, https:\/\/buletin.de\/bucuresti\/wp-content\/uploads\/image-1188-550x327.png 550w, https:\/\/buletin.de\/bucuresti\/wp-content\/uploads\/image-1188-842x500.png 842w, https:\/\/buletin.de\/bucuresti\/wp-content\/uploads\/image-1188-600x356.png 600w, https:\/\/buletin.de\/bucuresti\/wp-content\/uploads\/image-1188.png 965w\" sizes=\"(max-width: 900px) 100vw, 900px\" \/><\/figure>\n\n\n\n<p><\/p>\n\n\n\n<div class=\"wp-block-media-text alignwide is-stacked-on-mobile\"><figure class=\"wp-block-media-text__media\"><img loading=\"lazy\" decoding=\"async\" width=\"215\" height=\"673\" src=\"data:image\/gif;base64,R0lGODlhAQABAAAAACH5BAEKAAEALAAAAAABAAEAAAICTAEAOw==\" data-src=\"https:\/\/buletin.de\/bucuresti\/wp-content\/uploads\/image-1187.png\" alt=\"\" class=\"wp-image-40956 size-full lazyload\" data-sizes=\"auto\" data-srcset=\"https:\/\/buletin.de\/bucuresti\/wp-content\/uploads\/image-1187.png 215w, https:\/\/buletin.de\/bucuresti\/wp-content\/uploads\/image-1187-96x300.png 96w, https:\/\/buletin.de\/bucuresti\/wp-content\/uploads\/image-1187-160x500.png 160w\" sizes=\"(max-width: 215px) 100vw, 215px\" \/><\/figure><div class=\"wp-block-media-text__content\">\n<p class=\"has-normal-font-size\"> Pe pagina de internet a revistei, la Colegiul Redac\u021bional, e trecut Mihai Eminescu, coordonator editorial \u0219i moral \u0219i o list\u0103 lung\u0103 de scriitori \u0219i politicieni rom\u00e2ni to\u021bi deceda\u021bi. La colaboratori, persoane \u00eenc\u0103 \u00een via\u021b\u0103, apare \u0219i Dan Puric, al\u0103turi de al\u021bi doi actori Dorel Vi\u0219an \u0219i Florin Zamfirescu. Ispravnic de concept e trecut Miron Manega,regizor.<\/p>\n<\/div><\/div>\n\n\n\n<p><\/p>\n\n\n\n<p><\/p>\n\n\n\n<p><\/p>\n","protected":false},"excerpt":{"rendered":"<p>De Ziua Mondial\u0103 a Teatrului, Na\u021bionalul bucure\u0219tean a fost folosit ca mijloc de propagand\u0103 anti UE, rasist \u0219i pro-rus. Spectatorii veni\u021bi la spectacolul conferin\u021b\u0103 M-am \u00eentors al lui Dan Puric au primit c\u00e2te un exemplar dintr-o publica\u021bie na\u021bionalist\u0103 \u0219i anti-european\u0103. Ministrul Culturii a anun\u021bat o anchet\u0103 \u0219i a declarat c\u0103 nimeni din conducerea teatrului nu [&hellip;]<\/p>\n","protected":false},"author":18,"featured_media":40963,"comment_status":"closed","ping_status":"open","sticky":false,"template":"","format":"standard","meta":{"_acf_changed":false,"inline_featured_image":false,"ngg_post_thumbnail":0,"footnotes":""},"categories":[3419,62],"tags":[4087,4086,4085],"ppma_author":[22579],"class_list":["post-40928","post","type-post","status-publish","format-standard","has-post-thumbnail","hentry","category-featured","category-stiri","tag-certitudinea","tag-dan-puric","tag-tnb"],"acf":[],"yoast_head":"<!-- This site is optimized with the Yoast SEO Premium plugin v25.3 (Yoast SEO v27.4) - https:\/\/yoast.com\/product\/yoast-seo-premium-wordpress\/ -->\n<title>Dan Puric &quot;s-a \u00eentors&quot; la TNB cu propagand\u0103 anti-european\u0103 \u0219i rasial\u0103. Ministrul Culturii promite o anchet\u0103 - Buletin de Bucure\u0219ti<\/title>\n<meta name=\"robots\" content=\"index, follow, max-snippet:-1, max-image-preview:large, max-video-preview:-1\" \/>\n<link rel=\"canonical\" href=\"https:\/\/buletin.de\/bucuresti\/dan-puric-s-a-intors-la-tnb-cu-propaganda-anti-europeana-si-rasiala-ministrul-culturii-promite-o-ancheta\/\" \/>\n<meta property=\"og:locale\" content=\"en_GB\" \/>\n<meta property=\"og:type\" content=\"article\" \/>\n<meta property=\"og:title\" content=\"Dan Puric &quot;s-a \u00eentors&quot; la TNB cu propagand\u0103 anti-european\u0103 \u0219i rasial\u0103. Ministrul Culturii promite o anchet\u0103\" \/>\n<meta property=\"og:description\" content=\"De Ziua Mondial\u0103 a Teatrului, Na\u021bionalul bucure\u0219tean a fost folosit ca mijloc de propagand\u0103 anti UE, rasist \u0219i pro-rus. Spectatorii veni\u021bi la spectacolul conferin\u021b\u0103 M-am \u00eentors al lui Dan Puric au primit c\u00e2te un exemplar dintr-o publica\u021bie na\u021bionalist\u0103 \u0219i anti-european\u0103. Ministrul Culturii a anun\u021bat o anchet\u0103 \u0219i a declarat c\u0103 nimeni din conducerea teatrului nu [&hellip;]\" \/>\n<meta property=\"og:url\" content=\"https:\/\/buletin.de\/bucuresti\/dan-puric-s-a-intors-la-tnb-cu-propaganda-anti-europeana-si-rasiala-ministrul-culturii-promite-o-ancheta\/\" \/>\n<meta property=\"og:site_name\" content=\"Buletin de Bucure\u0219ti\" \/>\n<meta property=\"article:publisher\" content=\"https:\/\/www.facebook.com\/buletin.de.buc\" \/>\n<meta property=\"article:published_time\" content=\"2022-03-28T10:15:41+00:00\" \/>\n<meta property=\"article:modified_time\" content=\"2022-03-28T14:20:22+00:00\" \/>\n<meta property=\"og:image\" content=\"https:\/\/buletin.de\/bucuresti\/wp-content\/uploads\/image-1189.png\" \/>\n\t<meta property=\"og:image:width\" content=\"1823\" \/>\n\t<meta property=\"og:image:height\" content=\"779\" \/>\n\t<meta property=\"og:image:type\" content=\"image\/png\" \/>\n<meta name=\"author\" content=\"Teodora Stroe\" \/>\n<meta name=\"twitter:card\" content=\"summary_large_image\" \/>\n<meta name=\"twitter:label1\" content=\"Written by\" \/>\n\t<meta name=\"twitter:data1\" content=\"Teodora Stroe\" \/>\n\t<meta name=\"twitter:label2\" content=\"Estimated reading time\" \/>\n\t<meta name=\"twitter:data2\" content=\"8 minutes\" \/>\n<script type=\"application\/ld+json\" class=\"yoast-schema-graph\">{\"@context\":\"https:\\\/\\\/schema.org\",\"@graph\":[{\"@type\":\"Article\",\"@id\":\"https:\\\/\\\/buletin.de\\\/bucuresti\\\/dan-puric-s-a-intors-la-tnb-cu-propaganda-anti-europeana-si-rasiala-ministrul-culturii-promite-o-ancheta\\\/#article\",\"isPartOf\":{\"@id\":\"https:\\\/\\\/buletin.de\\\/bucuresti\\\/dan-puric-s-a-intors-la-tnb-cu-propaganda-anti-europeana-si-rasiala-ministrul-culturii-promite-o-ancheta\\\/\"},\"author\":{\"name\":\"Teodora Stroe\",\"@id\":\"https:\\\/\\\/buletin.de\\\/bucuresti\\\/#\\\/schema\\\/person\\\/d369d7ddc775abece205795e0b804614\"},\"headline\":\"Dan Puric &#8220;s-a \u00eentors&#8221; la TNB cu propagand\u0103 anti-european\u0103 \u0219i rasial\u0103. Ministrul Culturii promite o anchet\u0103\",\"datePublished\":\"2022-03-28T10:15:41+00:00\",\"dateModified\":\"2022-03-28T14:20:22+00:00\",\"mainEntityOfPage\":{\"@id\":\"https:\\\/\\\/buletin.de\\\/bucuresti\\\/dan-puric-s-a-intors-la-tnb-cu-propaganda-anti-europeana-si-rasiala-ministrul-culturii-promite-o-ancheta\\\/\"},\"wordCount\":1690,\"publisher\":{\"@id\":\"https:\\\/\\\/buletin.de\\\/bucuresti\\\/#organization\"},\"image\":{\"@id\":\"https:\\\/\\\/buletin.de\\\/bucuresti\\\/dan-puric-s-a-intors-la-tnb-cu-propaganda-anti-europeana-si-rasiala-ministrul-culturii-promite-o-ancheta\\\/#primaryimage\"},\"thumbnailUrl\":\"https:\\\/\\\/buletin.de\\\/bucuresti\\\/wp-content\\\/uploads\\\/image-1189.png\",\"keywords\":[\"certitudinea\",\"dan puric\",\"TNB\"],\"articleSection\":[\"Featured\",\"\u0218tiri\"],\"inLanguage\":\"en-GB\",\"copyrightYear\":\"2022\",\"copyrightHolder\":{\"@id\":\"https:\\\/\\\/buletin.de\\\/bucuresti\\\/#organization\"}},{\"@type\":\"WebPage\",\"@id\":\"https:\\\/\\\/buletin.de\\\/bucuresti\\\/dan-puric-s-a-intors-la-tnb-cu-propaganda-anti-europeana-si-rasiala-ministrul-culturii-promite-o-ancheta\\\/\",\"url\":\"https:\\\/\\\/buletin.de\\\/bucuresti\\\/dan-puric-s-a-intors-la-tnb-cu-propaganda-anti-europeana-si-rasiala-ministrul-culturii-promite-o-ancheta\\\/\",\"name\":\"Dan Puric \\\"s-a \u00eentors\\\" la TNB cu propagand\u0103 anti-european\u0103 \u0219i rasial\u0103. Ministrul Culturii promite o anchet\u0103 - Buletin de Bucure\u0219ti\",\"isPartOf\":{\"@id\":\"https:\\\/\\\/buletin.de\\\/bucuresti\\\/#website\"},\"primaryImageOfPage\":{\"@id\":\"https:\\\/\\\/buletin.de\\\/bucuresti\\\/dan-puric-s-a-intors-la-tnb-cu-propaganda-anti-europeana-si-rasiala-ministrul-culturii-promite-o-ancheta\\\/#primaryimage\"},\"image\":{\"@id\":\"https:\\\/\\\/buletin.de\\\/bucuresti\\\/dan-puric-s-a-intors-la-tnb-cu-propaganda-anti-europeana-si-rasiala-ministrul-culturii-promite-o-ancheta\\\/#primaryimage\"},\"thumbnailUrl\":\"https:\\\/\\\/buletin.de\\\/bucuresti\\\/wp-content\\\/uploads\\\/image-1189.png\",\"datePublished\":\"2022-03-28T10:15:41+00:00\",\"dateModified\":\"2022-03-28T14:20:22+00:00\",\"breadcrumb\":{\"@id\":\"https:\\\/\\\/buletin.de\\\/bucuresti\\\/dan-puric-s-a-intors-la-tnb-cu-propaganda-anti-europeana-si-rasiala-ministrul-culturii-promite-o-ancheta\\\/#breadcrumb\"},\"inLanguage\":\"en-GB\",\"potentialAction\":[{\"@type\":\"ReadAction\",\"target\":[\"https:\\\/\\\/buletin.de\\\/bucuresti\\\/dan-puric-s-a-intors-la-tnb-cu-propaganda-anti-europeana-si-rasiala-ministrul-culturii-promite-o-ancheta\\\/\"]}]},{\"@type\":\"ImageObject\",\"inLanguage\":\"en-GB\",\"@id\":\"https:\\\/\\\/buletin.de\\\/bucuresti\\\/dan-puric-s-a-intors-la-tnb-cu-propaganda-anti-europeana-si-rasiala-ministrul-culturii-promite-o-ancheta\\\/#primaryimage\",\"url\":\"https:\\\/\\\/buletin.de\\\/bucuresti\\\/wp-content\\\/uploads\\\/image-1189.png\",\"contentUrl\":\"https:\\\/\\\/buletin.de\\\/bucuresti\\\/wp-content\\\/uploads\\\/image-1189.png\",\"width\":1823,\"height\":779},{\"@type\":\"BreadcrumbList\",\"@id\":\"https:\\\/\\\/buletin.de\\\/bucuresti\\\/dan-puric-s-a-intors-la-tnb-cu-propaganda-anti-europeana-si-rasiala-ministrul-culturii-promite-o-ancheta\\\/#breadcrumb\",\"itemListElement\":[{\"@type\":\"ListItem\",\"position\":1,\"name\":\"Acas\u0103\",\"item\":\"https:\\\/\\\/buletin.de\\\/bucuresti\\\/\"},{\"@type\":\"ListItem\",\"position\":2,\"name\":\"Dan Puric &#8220;s-a \u00eentors&#8221; la TNB cu propagand\u0103 anti-european\u0103 \u0219i rasial\u0103. Ministrul Culturii promite o anchet\u0103\"}]},{\"@type\":\"WebSite\",\"@id\":\"https:\\\/\\\/buletin.de\\\/bucuresti\\\/#website\",\"url\":\"https:\\\/\\\/buletin.de\\\/bucuresti\\\/\",\"name\":\"Buletin de Bucure\u0219ti\",\"description\":\"\u0218tiri \u0219i investiga\u021bii esen\u021biale din capital\u0103\",\"publisher\":{\"@id\":\"https:\\\/\\\/buletin.de\\\/bucuresti\\\/#organization\"},\"potentialAction\":[{\"@type\":\"SearchAction\",\"target\":{\"@type\":\"EntryPoint\",\"urlTemplate\":\"https:\\\/\\\/buletin.de\\\/bucuresti\\\/?s={search_term_string}\"},\"query-input\":{\"@type\":\"PropertyValueSpecification\",\"valueRequired\":true,\"valueName\":\"search_term_string\"}}],\"inLanguage\":\"en-GB\"},{\"@type\":\"Organization\",\"@id\":\"https:\\\/\\\/buletin.de\\\/bucuresti\\\/#organization\",\"name\":\"Buletin de Bucure\u0219ti\",\"url\":\"https:\\\/\\\/buletin.de\\\/bucuresti\\\/\",\"logo\":{\"@type\":\"ImageObject\",\"inLanguage\":\"en-GB\",\"@id\":\"https:\\\/\\\/buletin.de\\\/bucuresti\\\/#\\\/schema\\\/logo\\\/image\\\/\",\"url\":\"https:\\\/\\\/buletin.de\\\/bucuresti\\\/wp-content\\\/uploads\\\/logo-bdb-full-wide-vernil-transparent.png\",\"contentUrl\":\"https:\\\/\\\/buletin.de\\\/bucuresti\\\/wp-content\\\/uploads\\\/logo-bdb-full-wide-vernil-transparent.png\",\"width\":1782,\"height\":626,\"caption\":\"Buletin de Bucure\u0219ti\"},\"image\":{\"@id\":\"https:\\\/\\\/buletin.de\\\/bucuresti\\\/#\\\/schema\\\/logo\\\/image\\\/\"},\"sameAs\":[\"https:\\\/\\\/www.facebook.com\\\/buletin.de.buc\",\"https:\\\/\\\/www.instagram.com\\\/buletinde.bucuresti\\\/\"]},{\"@type\":\"Person\",\"@id\":\"https:\\\/\\\/buletin.de\\\/bucuresti\\\/#\\\/schema\\\/person\\\/d369d7ddc775abece205795e0b804614\",\"name\":\"Teodora Stroe\",\"image\":{\"@type\":\"ImageObject\",\"inLanguage\":\"en-GB\",\"@id\":\"https:\\\/\\\/secure.gravatar.com\\\/avatar\\\/2560b4cd9f5f1bc100b123158e657d75584bd1c3e1d9c69285720b9457c1b78d?s=96&d=monsterid&r=gc104800242ba5f2d78dd5d7dc4df08b6\",\"url\":\"https:\\\/\\\/secure.gravatar.com\\\/avatar\\\/2560b4cd9f5f1bc100b123158e657d75584bd1c3e1d9c69285720b9457c1b78d?s=96&d=monsterid&r=g\",\"contentUrl\":\"https:\\\/\\\/secure.gravatar.com\\\/avatar\\\/2560b4cd9f5f1bc100b123158e657d75584bd1c3e1d9c69285720b9457c1b78d?s=96&d=monsterid&r=g\",\"caption\":\"Teodora Stroe\"},\"url\":\"https:\\\/\\\/buletin.de\\\/bucuresti\\\/author\\\/simonacarlugea\\\/\"}]}<\/script>\n<!-- \/ Yoast SEO Premium plugin. -->","yoast_head_json":{"title":"Dan Puric \"s-a \u00eentors\" la TNB cu propagand\u0103 anti-european\u0103 \u0219i rasial\u0103. Ministrul Culturii promite o anchet\u0103 - Buletin de Bucure\u0219ti","robots":{"index":"index","follow":"follow","max-snippet":"max-snippet:-1","max-image-preview":"max-image-preview:large","max-video-preview":"max-video-preview:-1"},"canonical":"https:\/\/buletin.de\/bucuresti\/dan-puric-s-a-intors-la-tnb-cu-propaganda-anti-europeana-si-rasiala-ministrul-culturii-promite-o-ancheta\/","og_locale":"en_GB","og_type":"article","og_title":"Dan Puric \"s-a \u00eentors\" la TNB cu propagand\u0103 anti-european\u0103 \u0219i rasial\u0103. Ministrul Culturii promite o anchet\u0103","og_description":"De Ziua Mondial\u0103 a Teatrului, Na\u021bionalul bucure\u0219tean a fost folosit ca mijloc de propagand\u0103 anti UE, rasist \u0219i pro-rus. Spectatorii veni\u021bi la spectacolul conferin\u021b\u0103 M-am \u00eentors al lui Dan Puric au primit c\u00e2te un exemplar dintr-o publica\u021bie na\u021bionalist\u0103 \u0219i anti-european\u0103. Ministrul Culturii a anun\u021bat o anchet\u0103 \u0219i a declarat c\u0103 nimeni din conducerea teatrului nu [&hellip;]","og_url":"https:\/\/buletin.de\/bucuresti\/dan-puric-s-a-intors-la-tnb-cu-propaganda-anti-europeana-si-rasiala-ministrul-culturii-promite-o-ancheta\/","og_site_name":"Buletin de Bucure\u0219ti","article_publisher":"https:\/\/www.facebook.com\/buletin.de.buc","article_published_time":"2022-03-28T10:15:41+00:00","article_modified_time":"2022-03-28T14:20:22+00:00","og_image":[{"width":1823,"height":779,"url":"https:\/\/buletin.de\/bucuresti\/wp-content\/uploads\/image-1189.png","type":"image\/png"}],"author":"Teodora Stroe","twitter_card":"summary_large_image","twitter_misc":{"Written by":"Teodora Stroe","Estimated reading time":"8 minutes"},"schema":{"@context":"https:\/\/schema.org","@graph":[{"@type":"Article","@id":"https:\/\/buletin.de\/bucuresti\/dan-puric-s-a-intors-la-tnb-cu-propaganda-anti-europeana-si-rasiala-ministrul-culturii-promite-o-ancheta\/#article","isPartOf":{"@id":"https:\/\/buletin.de\/bucuresti\/dan-puric-s-a-intors-la-tnb-cu-propaganda-anti-europeana-si-rasiala-ministrul-culturii-promite-o-ancheta\/"},"author":{"name":"Teodora Stroe","@id":"https:\/\/buletin.de\/bucuresti\/#\/schema\/person\/d369d7ddc775abece205795e0b804614"},"headline":"Dan Puric &#8220;s-a \u00eentors&#8221; la TNB cu propagand\u0103 anti-european\u0103 \u0219i rasial\u0103. Ministrul Culturii promite o anchet\u0103","datePublished":"2022-03-28T10:15:41+00:00","dateModified":"2022-03-28T14:20:22+00:00","mainEntityOfPage":{"@id":"https:\/\/buletin.de\/bucuresti\/dan-puric-s-a-intors-la-tnb-cu-propaganda-anti-europeana-si-rasiala-ministrul-culturii-promite-o-ancheta\/"},"wordCount":1690,"publisher":{"@id":"https:\/\/buletin.de\/bucuresti\/#organization"},"image":{"@id":"https:\/\/buletin.de\/bucuresti\/dan-puric-s-a-intors-la-tnb-cu-propaganda-anti-europeana-si-rasiala-ministrul-culturii-promite-o-ancheta\/#primaryimage"},"thumbnailUrl":"https:\/\/buletin.de\/bucuresti\/wp-content\/uploads\/image-1189.png","keywords":["certitudinea","dan puric","TNB"],"articleSection":["Featured","\u0218tiri"],"inLanguage":"en-GB","copyrightYear":"2022","copyrightHolder":{"@id":"https:\/\/buletin.de\/bucuresti\/#organization"}},{"@type":"WebPage","@id":"https:\/\/buletin.de\/bucuresti\/dan-puric-s-a-intors-la-tnb-cu-propaganda-anti-europeana-si-rasiala-ministrul-culturii-promite-o-ancheta\/","url":"https:\/\/buletin.de\/bucuresti\/dan-puric-s-a-intors-la-tnb-cu-propaganda-anti-europeana-si-rasiala-ministrul-culturii-promite-o-ancheta\/","name":"Dan Puric \"s-a \u00eentors\" la TNB cu propagand\u0103 anti-european\u0103 \u0219i rasial\u0103. Ministrul Culturii promite o anchet\u0103 - Buletin de Bucure\u0219ti","isPartOf":{"@id":"https:\/\/buletin.de\/bucuresti\/#website"},"primaryImageOfPage":{"@id":"https:\/\/buletin.de\/bucuresti\/dan-puric-s-a-intors-la-tnb-cu-propaganda-anti-europeana-si-rasiala-ministrul-culturii-promite-o-ancheta\/#primaryimage"},"image":{"@id":"https:\/\/buletin.de\/bucuresti\/dan-puric-s-a-intors-la-tnb-cu-propaganda-anti-europeana-si-rasiala-ministrul-culturii-promite-o-ancheta\/#primaryimage"},"thumbnailUrl":"https:\/\/buletin.de\/bucuresti\/wp-content\/uploads\/image-1189.png","datePublished":"2022-03-28T10:15:41+00:00","dateModified":"2022-03-28T14:20:22+00:00","breadcrumb":{"@id":"https:\/\/buletin.de\/bucuresti\/dan-puric-s-a-intors-la-tnb-cu-propaganda-anti-europeana-si-rasiala-ministrul-culturii-promite-o-ancheta\/#breadcrumb"},"inLanguage":"en-GB","potentialAction":[{"@type":"ReadAction","target":["https:\/\/buletin.de\/bucuresti\/dan-puric-s-a-intors-la-tnb-cu-propaganda-anti-europeana-si-rasiala-ministrul-culturii-promite-o-ancheta\/"]}]},{"@type":"ImageObject","inLanguage":"en-GB","@id":"https:\/\/buletin.de\/bucuresti\/dan-puric-s-a-intors-la-tnb-cu-propaganda-anti-europeana-si-rasiala-ministrul-culturii-promite-o-ancheta\/#primaryimage","url":"https:\/\/buletin.de\/bucuresti\/wp-content\/uploads\/image-1189.png","contentUrl":"https:\/\/buletin.de\/bucuresti\/wp-content\/uploads\/image-1189.png","width":1823,"height":779},{"@type":"BreadcrumbList","@id":"https:\/\/buletin.de\/bucuresti\/dan-puric-s-a-intors-la-tnb-cu-propaganda-anti-europeana-si-rasiala-ministrul-culturii-promite-o-ancheta\/#breadcrumb","itemListElement":[{"@type":"ListItem","position":1,"name":"Acas\u0103","item":"https:\/\/buletin.de\/bucuresti\/"},{"@type":"ListItem","position":2,"name":"Dan Puric &#8220;s-a \u00eentors&#8221; la TNB cu propagand\u0103 anti-european\u0103 \u0219i rasial\u0103. Ministrul Culturii promite o anchet\u0103"}]},{"@type":"WebSite","@id":"https:\/\/buletin.de\/bucuresti\/#website","url":"https:\/\/buletin.de\/bucuresti\/","name":"Buletin de Bucure\u0219ti","description":"\u0218tiri \u0219i investiga\u021bii esen\u021biale din capital\u0103","publisher":{"@id":"https:\/\/buletin.de\/bucuresti\/#organization"},"potentialAction":[{"@type":"SearchAction","target":{"@type":"EntryPoint","urlTemplate":"https:\/\/buletin.de\/bucuresti\/?s={search_term_string}"},"query-input":{"@type":"PropertyValueSpecification","valueRequired":true,"valueName":"search_term_string"}}],"inLanguage":"en-GB"},{"@type":"Organization","@id":"https:\/\/buletin.de\/bucuresti\/#organization","name":"Buletin de Bucure\u0219ti","url":"https:\/\/buletin.de\/bucuresti\/","logo":{"@type":"ImageObject","inLanguage":"en-GB","@id":"https:\/\/buletin.de\/bucuresti\/#\/schema\/logo\/image\/","url":"https:\/\/buletin.de\/bucuresti\/wp-content\/uploads\/logo-bdb-full-wide-vernil-transparent.png","contentUrl":"https:\/\/buletin.de\/bucuresti\/wp-content\/uploads\/logo-bdb-full-wide-vernil-transparent.png","width":1782,"height":626,"caption":"Buletin de Bucure\u0219ti"},"image":{"@id":"https:\/\/buletin.de\/bucuresti\/#\/schema\/logo\/image\/"},"sameAs":["https:\/\/www.facebook.com\/buletin.de.buc","https:\/\/www.instagram.com\/buletinde.bucuresti\/"]},{"@type":"Person","@id":"https:\/\/buletin.de\/bucuresti\/#\/schema\/person\/d369d7ddc775abece205795e0b804614","name":"Teodora Stroe","image":{"@type":"ImageObject","inLanguage":"en-GB","@id":"https:\/\/secure.gravatar.com\/avatar\/2560b4cd9f5f1bc100b123158e657d75584bd1c3e1d9c69285720b9457c1b78d?s=96&d=monsterid&r=gc104800242ba5f2d78dd5d7dc4df08b6","url":"https:\/\/secure.gravatar.com\/avatar\/2560b4cd9f5f1bc100b123158e657d75584bd1c3e1d9c69285720b9457c1b78d?s=96&d=monsterid&r=g","contentUrl":"https:\/\/secure.gravatar.com\/avatar\/2560b4cd9f5f1bc100b123158e657d75584bd1c3e1d9c69285720b9457c1b78d?s=96&d=monsterid&r=g","caption":"Teodora Stroe"},"url":"https:\/\/buletin.de\/bucuresti\/author\/simonacarlugea\/"}]}},"authors":[{"term_id":22579,"user_id":18,"is_guest":0,"slug":"simonacarlugea","display_name":"Teodora Stroe","avatar_url":"https:\/\/secure.gravatar.com\/avatar\/2560b4cd9f5f1bc100b123158e657d75584bd1c3e1d9c69285720b9457c1b78d?s=96&d=monsterid&r=g","0":null,"1":"","2":"","3":"","4":"","5":"","6":"","7":"","8":""}],"_links":{"self":[{"href":"https:\/\/buletin.de\/bucuresti\/wp-json\/wp\/v2\/posts\/40928","targetHints":{"allow":["GET"]}}],"collection":[{"href":"https:\/\/buletin.de\/bucuresti\/wp-json\/wp\/v2\/posts"}],"about":[{"href":"https:\/\/buletin.de\/bucuresti\/wp-json\/wp\/v2\/types\/post"}],"author":[{"embeddable":true,"href":"https:\/\/buletin.de\/bucuresti\/wp-json\/wp\/v2\/users\/18"}],"replies":[{"embeddable":true,"href":"https:\/\/buletin.de\/bucuresti\/wp-json\/wp\/v2\/comments?post=40928"}],"version-history":[{"count":29,"href":"https:\/\/buletin.de\/bucuresti\/wp-json\/wp\/v2\/posts\/40928\/revisions"}],"predecessor-version":[{"id":41010,"href":"https:\/\/buletin.de\/bucuresti\/wp-json\/wp\/v2\/posts\/40928\/revisions\/41010"}],"wp:featuredmedia":[{"embeddable":true,"href":"https:\/\/buletin.de\/bucuresti\/wp-json\/wp\/v2\/media\/40963"}],"wp:attachment":[{"href":"https:\/\/buletin.de\/bucuresti\/wp-json\/wp\/v2\/media?parent=40928"}],"wp:term":[{"taxonomy":"category","embeddable":true,"href":"https:\/\/buletin.de\/bucuresti\/wp-json\/wp\/v2\/categories?post=40928"},{"taxonomy":"post_tag","embeddable":true,"href":"https:\/\/buletin.de\/bucuresti\/wp-json\/wp\/v2\/tags?post=40928"},{"taxonomy":"author","embeddable":true,"href":"https:\/\/buletin.de\/bucuresti\/wp-json\/wp\/v2\/ppma_author?post=40928"}],"curies":[{"name":"wp","href":"https:\/\/api.w.org\/{rel}","templated":true}]}}