{"id":40866,"date":"2022-03-27T14:11:21","date_gmt":"2022-03-27T12:11:21","guid":{"rendered":"https:\/\/buletin.de\/bucuresti\/?p=40866"},"modified":"2022-03-27T15:13:14","modified_gmt":"2022-03-27T13:13:14","slug":"muntele-de-haine-de-la-romexpo-cucerit-de-voluntari-in-3-zile","status":"publish","type":"post","link":"https:\/\/buletin.de\/bucuresti\/muntele-de-haine-de-la-romexpo-cucerit-de-voluntari-in-3-zile\/","title":{"rendered":"Muntele de haine de la Romexpo, cucerit de voluntari \u00een 3 zile"},"content":{"rendered":"\n<p class=\"has-pale-cyan-blue-background-color has-background\">Ni\u0219te copii alearg\u0103, se joac\u0103 \u0219i r\u00e2d tare. Al\u021bii r\u0103scolesc cutiile cu juc\u0103rii \u0219i \u00ee\u0219i g\u0103sesc personajul preferat, pe care mai apoi \u00eel str\u00e2ng \u00een bra\u021be, hot\u0103r\u00e2\u021bi s\u0103 nu se despart\u0103 de el. Doi c\u0103\u021bei, mici \u0219i floco\u0219i, se alearg\u0103 de colo-colo. Femei \u00een v\u00e2rst\u0103 vor ni\u0219te produse de igien\u0103 personal\u0103, iar o mam\u0103 t\u00e2n\u0103r\u0103 cere ceva pentru copilul de doar c\u00e2teva luni, care doarme \u00eemp\u0103cat \u00een c\u0103rucior. Iar sute de oameni au ales s\u0103 nu \u00ee\u0219i petreac\u0103 s\u00e2mb\u0103ta prin parcuri, \u00een primul weekend cald al prim\u0103verii, ci s\u0103 se lupte cu <a href=\"https:\/\/buletin.de\/bucuresti\/sambata-sunt-asteptati-la-romexpo-voluntari-pentru-a-sorta-hainele-donate-refugiatilor\/\">un munte de haine<\/a>.&nbsp;<\/p>\n\n\n\n<figure class=\"wp-block-image size-large\"><img fetchpriority=\"high\" decoding=\"async\" width=\"900\" height=\"600\" src=\"data:image\/gif;base64,R0lGODlhAQABAAAAACH5BAEKAAEALAAAAAABAAEAAAICTAEAOw==\" data-src=\"https:\/\/buletin.de\/bucuresti\/wp-content\/uploads\/web-14-BD225775-900x600.jpg\" alt=\"\" class=\"wp-image-40867 lazyload\" data-sizes=\"auto\" data-srcset=\"https:\/\/buletin.de\/bucuresti\/wp-content\/uploads\/web-14-BD225775-900x600.jpg 900w, https:\/\/buletin.de\/bucuresti\/wp-content\/uploads\/web-14-BD225775-300x200.jpg 300w, https:\/\/buletin.de\/bucuresti\/wp-content\/uploads\/web-14-BD225775-768x512.jpg 768w, https:\/\/buletin.de\/bucuresti\/wp-content\/uploads\/web-14-BD225775-1536x1024.jpg 1536w, https:\/\/buletin.de\/bucuresti\/wp-content\/uploads\/web-14-BD225775-1060x706.jpg 1060w, https:\/\/buletin.de\/bucuresti\/wp-content\/uploads\/web-14-BD225775-550x367.jpg 550w, https:\/\/buletin.de\/bucuresti\/wp-content\/uploads\/web-14-BD225775-750x500.jpg 750w, https:\/\/buletin.de\/bucuresti\/wp-content\/uploads\/web-14-BD225775-1920x1280.jpg 1920w, https:\/\/buletin.de\/bucuresti\/wp-content\/uploads\/web-14-BD225775-1620x1080.jpg 1620w, https:\/\/buletin.de\/bucuresti\/wp-content\/uploads\/web-14-BD225775-600x400.jpg 600w, https:\/\/buletin.de\/bucuresti\/wp-content\/uploads\/web-14-BD225775.jpg 2000w\" sizes=\"(max-width: 900px) 100vw, 900px\" \/><figcaption>foto: Bogdan Dinc\u0103<\/figcaption><\/figure>\n\n\n\n<p>O feti\u021b\u0103 ajut\u0103 la aranjarea pantofilor pentru copii: \u00eei organizeaz\u0103 pe m\u0103rimi \u0219i pe culori \u0219i bate din palme, \u00eenc\u00e2ntat\u0103, la fiecare r\u00e2nd terminat; elevi de liceu pun haine pe umera\u0219e \u0219i mut\u0103 standere dintr-o parte \u00een alta. Oameni veni\u021bi din toate col\u021burile Capitalei sunt la sortat haine: le aleg pe cele mai bune, fiindc\u0103 sunt \u0219i bucure\u0219teni care au adus drept dona\u021bii haine rupte, vechi, murdare. Tot ce n-au putut ei arunca la gunoi. Undeva, \u00eentr-un col\u021b al Romexpo, at\u00e2rn\u0103 o rochie de mireas\u0103. \u0218i ea a fost donat\u0103 pentru o refugiat\u0103 ucrainean\u0103.&nbsp;<\/p>\n\n\n\n<figure class=\"wp-block-image size-large\"><img decoding=\"async\" width=\"675\" height=\"900\" src=\"data:image\/gif;base64,R0lGODlhAQABAAAAACH5BAEKAAEALAAAAAABAAEAAAICTAEAOw==\" data-src=\"https:\/\/buletin.de\/bucuresti\/wp-content\/uploads\/rochia-de-mireasa-romexpo-675x900.jpg\" alt=\"\" class=\"wp-image-40868 lazyload\" data-sizes=\"auto\" data-srcset=\"https:\/\/buletin.de\/bucuresti\/wp-content\/uploads\/rochia-de-mireasa-romexpo-675x900.jpg 675w, https:\/\/buletin.de\/bucuresti\/wp-content\/uploads\/rochia-de-mireasa-romexpo-225x300.jpg 225w, https:\/\/buletin.de\/bucuresti\/wp-content\/uploads\/rochia-de-mireasa-romexpo-768x1024.jpg 768w, https:\/\/buletin.de\/bucuresti\/wp-content\/uploads\/rochia-de-mireasa-romexpo-1152x1536.jpg 1152w, https:\/\/buletin.de\/bucuresti\/wp-content\/uploads\/rochia-de-mireasa-romexpo-1060x1413.jpg 1060w, https:\/\/buletin.de\/bucuresti\/wp-content\/uploads\/rochia-de-mireasa-romexpo-550x733.jpg 550w, https:\/\/buletin.de\/bucuresti\/wp-content\/uploads\/rochia-de-mireasa-romexpo-375x500.jpg 375w, https:\/\/buletin.de\/bucuresti\/wp-content\/uploads\/rochia-de-mireasa-romexpo-810x1080.jpg 810w, https:\/\/buletin.de\/bucuresti\/wp-content\/uploads\/rochia-de-mireasa-romexpo-600x800.jpg 600w, https:\/\/buletin.de\/bucuresti\/wp-content\/uploads\/rochia-de-mireasa-romexpo.jpg 1536w\" sizes=\"(max-width: 675px) 100vw, 675px\" \/><figcaption>foto: Facebook\/Cosmina Simiean<\/figcaption><\/figure>\n\n\n\n<p>Am fost la Romexpo, unde doar ieri, 276 de voluntari au sortat haine care urmeaz\u0103 s\u0103 fie donate mai apoi refugia\u021bilor ucraineni. Tot ieri, peste 700 de refugia\u021bi au primit produsele donate de bucure\u0219teni.&nbsp;<\/p>\n\n\n\n<p>Liza, Larissa \u0219i Tetiana sunt fiic\u0103, mam\u0103 \u0219i m\u0103tu\u0219\u0103. Venite din Odesa, au hot\u0103r\u00e2t s\u0103 fie voluntare la Romexpo. Vorbesc cu ceilal\u021bi ucraineni, \u00eei \u00eencurajeaz\u0103, traduc pentru voluntarii \u0219i angaja\u021bii Direc\u021biei de Asisten\u021b\u0103 Social\u0103, sorteaz\u0103 haine, aranjeaz\u0103 produsele pe rafturi, \u00eei \u00eencurajeaz\u0103 pe ceilal\u021bi.<\/p>\n\n\n\n<p>\u201eAm v\u0103zut mesajul c\u0103 se caut\u0103 voluntari la Romexpo \u0219i m-am decis s\u0103 vin. Am vrut s\u0103 \u00eei ajut pe oameni, nu doar s\u0103 privesc de pe margine, s\u0103 urm\u0103resc \u0219tirile la televizor \u0219i s\u0103 navighez pe internet. Mi-am dorit s\u0103 fiu util\u0103. Eu vorbesc ucraineana, pot vorbi cu oamenii din \u021bara mea, \u00eei \u00een\u021beleg. Sper ca r\u0103zboiul s\u0103 se termine cur\u00e2nd. Vreau s\u0103 m\u0103 \u00eentorc acas\u0103: acolo am munca, am prietenii \u0219i sunt sigur\u0103 c\u0103 \u00eentr-un an, \u021bara va fi reconstruit\u0103. Vreau s\u0103 mul\u021bumesc rom\u00e2nilor din partea tuturor ucrainenilor pentru ajutor: am fost nea\u0219teptat de bine primi\u021bi, rom\u00e2nii au fost foarte buni cu noi\u201d, ne-a m\u0103rturisit Liza.<\/p>\n\n\n\n<figure class=\"wp-block-gallery columns-3 is-cropped wp-block-gallery-1 is-layout-flex wp-block-gallery-is-layout-flex\"><ul class=\"blocks-gallery-grid\"><li class=\"blocks-gallery-item\"><figure><img decoding=\"async\" width=\"900\" height=\"600\" src=\"data:image\/gif;base64,R0lGODlhAQABAAAAACH5BAEKAAEALAAAAAABAAEAAAICTAEAOw==\" data-src=\"https:\/\/buletin.de\/bucuresti\/wp-content\/uploads\/web-10-BD225574-900x600.jpg\" alt=\"\" data-id=\"40869\" data-full-url=\"https:\/\/buletin.de\/bucuresti\/wp-content\/uploads\/web-10-BD225574.jpg\" data-link=\"https:\/\/buletin.de\/bucuresti\/?attachment_id=40869\" class=\"wp-image-40869 lazyload\" data-sizes=\"auto\" data-srcset=\"https:\/\/buletin.de\/bucuresti\/wp-content\/uploads\/web-10-BD225574-900x600.jpg 900w, https:\/\/buletin.de\/bucuresti\/wp-content\/uploads\/web-10-BD225574-300x200.jpg 300w, https:\/\/buletin.de\/bucuresti\/wp-content\/uploads\/web-10-BD225574-768x512.jpg 768w, https:\/\/buletin.de\/bucuresti\/wp-content\/uploads\/web-10-BD225574-1536x1024.jpg 1536w, https:\/\/buletin.de\/bucuresti\/wp-content\/uploads\/web-10-BD225574-1060x706.jpg 1060w, https:\/\/buletin.de\/bucuresti\/wp-content\/uploads\/web-10-BD225574-550x367.jpg 550w, https:\/\/buletin.de\/bucuresti\/wp-content\/uploads\/web-10-BD225574-750x500.jpg 750w, https:\/\/buletin.de\/bucuresti\/wp-content\/uploads\/web-10-BD225574-1920x1280.jpg 1920w, https:\/\/buletin.de\/bucuresti\/wp-content\/uploads\/web-10-BD225574-1620x1080.jpg 1620w, https:\/\/buletin.de\/bucuresti\/wp-content\/uploads\/web-10-BD225574-600x400.jpg 600w, https:\/\/buletin.de\/bucuresti\/wp-content\/uploads\/web-10-BD225574.jpg 2000w\" sizes=\"(max-width: 900px) 100vw, 900px\" \/><\/figure><\/li><li class=\"blocks-gallery-item\"><figure><img loading=\"lazy\" decoding=\"async\" width=\"900\" height=\"600\" src=\"data:image\/gif;base64,R0lGODlhAQABAAAAACH5BAEKAAEALAAAAAABAAEAAAICTAEAOw==\" data-src=\"https:\/\/buletin.de\/bucuresti\/wp-content\/uploads\/web-11-BD225561-900x600.jpg\" alt=\"\" data-id=\"40870\" data-full-url=\"https:\/\/buletin.de\/bucuresti\/wp-content\/uploads\/web-11-BD225561.jpg\" data-link=\"https:\/\/buletin.de\/bucuresti\/?attachment_id=40870\" class=\"wp-image-40870 lazyload\" data-sizes=\"auto\" data-srcset=\"https:\/\/buletin.de\/bucuresti\/wp-content\/uploads\/web-11-BD225561-900x600.jpg 900w, https:\/\/buletin.de\/bucuresti\/wp-content\/uploads\/web-11-BD225561-300x200.jpg 300w, https:\/\/buletin.de\/bucuresti\/wp-content\/uploads\/web-11-BD225561-768x512.jpg 768w, https:\/\/buletin.de\/bucuresti\/wp-content\/uploads\/web-11-BD225561-1536x1024.jpg 1536w, https:\/\/buletin.de\/bucuresti\/wp-content\/uploads\/web-11-BD225561-1060x706.jpg 1060w, https:\/\/buletin.de\/bucuresti\/wp-content\/uploads\/web-11-BD225561-550x367.jpg 550w, https:\/\/buletin.de\/bucuresti\/wp-content\/uploads\/web-11-BD225561-750x500.jpg 750w, https:\/\/buletin.de\/bucuresti\/wp-content\/uploads\/web-11-BD225561-1920x1280.jpg 1920w, https:\/\/buletin.de\/bucuresti\/wp-content\/uploads\/web-11-BD225561-1620x1080.jpg 1620w, https:\/\/buletin.de\/bucuresti\/wp-content\/uploads\/web-11-BD225561-600x400.jpg 600w, https:\/\/buletin.de\/bucuresti\/wp-content\/uploads\/web-11-BD225561.jpg 2000w\" sizes=\"(max-width: 900px) 100vw, 900px\" \/><\/figure><\/li><li class=\"blocks-gallery-item\"><figure><img loading=\"lazy\" decoding=\"async\" width=\"900\" height=\"600\" src=\"data:image\/gif;base64,R0lGODlhAQABAAAAACH5BAEKAAEALAAAAAABAAEAAAICTAEAOw==\" data-src=\"https:\/\/buletin.de\/bucuresti\/wp-content\/uploads\/web-12-BD225601-900x600.jpg\" alt=\"\" data-id=\"40871\" data-full-url=\"https:\/\/buletin.de\/bucuresti\/wp-content\/uploads\/web-12-BD225601.jpg\" data-link=\"https:\/\/buletin.de\/bucuresti\/?attachment_id=40871\" class=\"wp-image-40871 lazyload\" data-sizes=\"auto\" data-srcset=\"https:\/\/buletin.de\/bucuresti\/wp-content\/uploads\/web-12-BD225601-900x600.jpg 900w, https:\/\/buletin.de\/bucuresti\/wp-content\/uploads\/web-12-BD225601-300x200.jpg 300w, https:\/\/buletin.de\/bucuresti\/wp-content\/uploads\/web-12-BD225601-768x512.jpg 768w, https:\/\/buletin.de\/bucuresti\/wp-content\/uploads\/web-12-BD225601-1536x1024.jpg 1536w, https:\/\/buletin.de\/bucuresti\/wp-content\/uploads\/web-12-BD225601-1060x706.jpg 1060w, https:\/\/buletin.de\/bucuresti\/wp-content\/uploads\/web-12-BD225601-550x367.jpg 550w, https:\/\/buletin.de\/bucuresti\/wp-content\/uploads\/web-12-BD225601-750x500.jpg 750w, https:\/\/buletin.de\/bucuresti\/wp-content\/uploads\/web-12-BD225601-1920x1280.jpg 1920w, https:\/\/buletin.de\/bucuresti\/wp-content\/uploads\/web-12-BD225601-1620x1080.jpg 1620w, https:\/\/buletin.de\/bucuresti\/wp-content\/uploads\/web-12-BD225601-600x400.jpg 600w, https:\/\/buletin.de\/bucuresti\/wp-content\/uploads\/web-12-BD225601.jpg 2000w\" sizes=\"(max-width: 900px) 100vw, 900px\" \/><\/figure><\/li><li class=\"blocks-gallery-item\"><figure><img loading=\"lazy\" decoding=\"async\" width=\"900\" height=\"600\" src=\"data:image\/gif;base64,R0lGODlhAQABAAAAACH5BAEKAAEALAAAAAABAAEAAAICTAEAOw==\" data-src=\"https:\/\/buletin.de\/bucuresti\/wp-content\/uploads\/web-13-BD225721-900x600.jpg\" alt=\"\" data-id=\"40872\" data-full-url=\"https:\/\/buletin.de\/bucuresti\/wp-content\/uploads\/web-13-BD225721.jpg\" data-link=\"https:\/\/buletin.de\/bucuresti\/?attachment_id=40872\" class=\"wp-image-40872 lazyload\" data-sizes=\"auto\" data-srcset=\"https:\/\/buletin.de\/bucuresti\/wp-content\/uploads\/web-13-BD225721-900x600.jpg 900w, https:\/\/buletin.de\/bucuresti\/wp-content\/uploads\/web-13-BD225721-300x200.jpg 300w, https:\/\/buletin.de\/bucuresti\/wp-content\/uploads\/web-13-BD225721-768x512.jpg 768w, https:\/\/buletin.de\/bucuresti\/wp-content\/uploads\/web-13-BD225721-1536x1024.jpg 1536w, https:\/\/buletin.de\/bucuresti\/wp-content\/uploads\/web-13-BD225721-1060x706.jpg 1060w, https:\/\/buletin.de\/bucuresti\/wp-content\/uploads\/web-13-BD225721-550x367.jpg 550w, https:\/\/buletin.de\/bucuresti\/wp-content\/uploads\/web-13-BD225721-750x500.jpg 750w, https:\/\/buletin.de\/bucuresti\/wp-content\/uploads\/web-13-BD225721-1920x1280.jpg 1920w, https:\/\/buletin.de\/bucuresti\/wp-content\/uploads\/web-13-BD225721-1620x1080.jpg 1620w, https:\/\/buletin.de\/bucuresti\/wp-content\/uploads\/web-13-BD225721-600x400.jpg 600w, https:\/\/buletin.de\/bucuresti\/wp-content\/uploads\/web-13-BD225721.jpg 2000w\" sizes=\"(max-width: 900px) 100vw, 900px\" \/><\/figure><\/li><li class=\"blocks-gallery-item\"><figure><img loading=\"lazy\" decoding=\"async\" width=\"900\" height=\"600\" src=\"data:image\/gif;base64,R0lGODlhAQABAAAAACH5BAEKAAEALAAAAAABAAEAAAICTAEAOw==\" data-src=\"https:\/\/buletin.de\/bucuresti\/wp-content\/uploads\/web-15-BD225778-900x600.jpg\" alt=\"\" data-id=\"40873\" data-full-url=\"https:\/\/buletin.de\/bucuresti\/wp-content\/uploads\/web-15-BD225778.jpg\" data-link=\"https:\/\/buletin.de\/bucuresti\/?attachment_id=40873\" class=\"wp-image-40873 lazyload\" data-sizes=\"auto\" data-srcset=\"https:\/\/buletin.de\/bucuresti\/wp-content\/uploads\/web-15-BD225778-900x600.jpg 900w, https:\/\/buletin.de\/bucuresti\/wp-content\/uploads\/web-15-BD225778-300x200.jpg 300w, https:\/\/buletin.de\/bucuresti\/wp-content\/uploads\/web-15-BD225778-768x512.jpg 768w, https:\/\/buletin.de\/bucuresti\/wp-content\/uploads\/web-15-BD225778-1536x1024.jpg 1536w, https:\/\/buletin.de\/bucuresti\/wp-content\/uploads\/web-15-BD225778-1060x706.jpg 1060w, https:\/\/buletin.de\/bucuresti\/wp-content\/uploads\/web-15-BD225778-550x367.jpg 550w, https:\/\/buletin.de\/bucuresti\/wp-content\/uploads\/web-15-BD225778-750x500.jpg 750w, https:\/\/buletin.de\/bucuresti\/wp-content\/uploads\/web-15-BD225778-1920x1280.jpg 1920w, https:\/\/buletin.de\/bucuresti\/wp-content\/uploads\/web-15-BD225778-1620x1080.jpg 1620w, https:\/\/buletin.de\/bucuresti\/wp-content\/uploads\/web-15-BD225778-600x400.jpg 600w, https:\/\/buletin.de\/bucuresti\/wp-content\/uploads\/web-15-BD225778.jpg 2000w\" sizes=\"(max-width: 900px) 100vw, 900px\" \/><\/figure><\/li><li class=\"blocks-gallery-item\"><figure><img loading=\"lazy\" decoding=\"async\" width=\"900\" height=\"600\" src=\"data:image\/gif;base64,R0lGODlhAQABAAAAACH5BAEKAAEALAAAAAABAAEAAAICTAEAOw==\" data-src=\"https:\/\/buletin.de\/bucuresti\/wp-content\/uploads\/web-16-BD225757-900x600.jpg\" alt=\"\" data-id=\"40874\" data-full-url=\"https:\/\/buletin.de\/bucuresti\/wp-content\/uploads\/web-16-BD225757.jpg\" data-link=\"https:\/\/buletin.de\/bucuresti\/?attachment_id=40874\" class=\"wp-image-40874 lazyload\" data-sizes=\"auto\" data-srcset=\"https:\/\/buletin.de\/bucuresti\/wp-content\/uploads\/web-16-BD225757-900x600.jpg 900w, https:\/\/buletin.de\/bucuresti\/wp-content\/uploads\/web-16-BD225757-300x200.jpg 300w, https:\/\/buletin.de\/bucuresti\/wp-content\/uploads\/web-16-BD225757-768x512.jpg 768w, https:\/\/buletin.de\/bucuresti\/wp-content\/uploads\/web-16-BD225757-1536x1024.jpg 1536w, https:\/\/buletin.de\/bucuresti\/wp-content\/uploads\/web-16-BD225757-1060x706.jpg 1060w, https:\/\/buletin.de\/bucuresti\/wp-content\/uploads\/web-16-BD225757-550x367.jpg 550w, https:\/\/buletin.de\/bucuresti\/wp-content\/uploads\/web-16-BD225757-750x500.jpg 750w, https:\/\/buletin.de\/bucuresti\/wp-content\/uploads\/web-16-BD225757-1920x1280.jpg 1920w, https:\/\/buletin.de\/bucuresti\/wp-content\/uploads\/web-16-BD225757-1620x1080.jpg 1620w, https:\/\/buletin.de\/bucuresti\/wp-content\/uploads\/web-16-BD225757-600x400.jpg 600w, https:\/\/buletin.de\/bucuresti\/wp-content\/uploads\/web-16-BD225757.jpg 2000w\" sizes=\"(max-width: 900px) 100vw, 900px\" \/><\/figure><\/li><li class=\"blocks-gallery-item\"><figure><img loading=\"lazy\" decoding=\"async\" width=\"900\" height=\"600\" src=\"data:image\/gif;base64,R0lGODlhAQABAAAAACH5BAEKAAEALAAAAAABAAEAAAICTAEAOw==\" data-src=\"https:\/\/buletin.de\/bucuresti\/wp-content\/uploads\/web-18-BD226091-900x600.jpg\" alt=\"\" data-id=\"40875\" data-full-url=\"https:\/\/buletin.de\/bucuresti\/wp-content\/uploads\/web-18-BD226091.jpg\" data-link=\"https:\/\/buletin.de\/bucuresti\/?attachment_id=40875\" class=\"wp-image-40875 lazyload\" data-sizes=\"auto\" data-srcset=\"https:\/\/buletin.de\/bucuresti\/wp-content\/uploads\/web-18-BD226091-900x600.jpg 900w, https:\/\/buletin.de\/bucuresti\/wp-content\/uploads\/web-18-BD226091-300x200.jpg 300w, https:\/\/buletin.de\/bucuresti\/wp-content\/uploads\/web-18-BD226091-768x512.jpg 768w, https:\/\/buletin.de\/bucuresti\/wp-content\/uploads\/web-18-BD226091-1536x1024.jpg 1536w, https:\/\/buletin.de\/bucuresti\/wp-content\/uploads\/web-18-BD226091-1060x706.jpg 1060w, https:\/\/buletin.de\/bucuresti\/wp-content\/uploads\/web-18-BD226091-550x367.jpg 550w, https:\/\/buletin.de\/bucuresti\/wp-content\/uploads\/web-18-BD226091-750x500.jpg 750w, https:\/\/buletin.de\/bucuresti\/wp-content\/uploads\/web-18-BD226091-1920x1280.jpg 1920w, https:\/\/buletin.de\/bucuresti\/wp-content\/uploads\/web-18-BD226091-1620x1080.jpg 1620w, https:\/\/buletin.de\/bucuresti\/wp-content\/uploads\/web-18-BD226091-600x400.jpg 600w, https:\/\/buletin.de\/bucuresti\/wp-content\/uploads\/web-18-BD226091.jpg 2000w\" sizes=\"(max-width: 900px) 100vw, 900px\" \/><\/figure><\/li><li class=\"blocks-gallery-item\"><figure><img loading=\"lazy\" decoding=\"async\" width=\"900\" height=\"600\" src=\"data:image\/gif;base64,R0lGODlhAQABAAAAACH5BAEKAAEALAAAAAABAAEAAAICTAEAOw==\" data-src=\"https:\/\/buletin.de\/bucuresti\/wp-content\/uploads\/web-19-BD225977-900x600.jpg\" alt=\"\" data-id=\"40877\" data-full-url=\"https:\/\/buletin.de\/bucuresti\/wp-content\/uploads\/web-19-BD225977.jpg\" data-link=\"https:\/\/buletin.de\/bucuresti\/?attachment_id=40877\" class=\"wp-image-40877 lazyload\" data-sizes=\"auto\" data-srcset=\"https:\/\/buletin.de\/bucuresti\/wp-content\/uploads\/web-19-BD225977-900x600.jpg 900w, https:\/\/buletin.de\/bucuresti\/wp-content\/uploads\/web-19-BD225977-300x200.jpg 300w, https:\/\/buletin.de\/bucuresti\/wp-content\/uploads\/web-19-BD225977-768x512.jpg 768w, https:\/\/buletin.de\/bucuresti\/wp-content\/uploads\/web-19-BD225977-1536x1024.jpg 1536w, https:\/\/buletin.de\/bucuresti\/wp-content\/uploads\/web-19-BD225977-1060x706.jpg 1060w, https:\/\/buletin.de\/bucuresti\/wp-content\/uploads\/web-19-BD225977-550x367.jpg 550w, https:\/\/buletin.de\/bucuresti\/wp-content\/uploads\/web-19-BD225977-750x500.jpg 750w, https:\/\/buletin.de\/bucuresti\/wp-content\/uploads\/web-19-BD225977-1920x1280.jpg 1920w, https:\/\/buletin.de\/bucuresti\/wp-content\/uploads\/web-19-BD225977-1620x1080.jpg 1620w, https:\/\/buletin.de\/bucuresti\/wp-content\/uploads\/web-19-BD225977-600x400.jpg 600w, https:\/\/buletin.de\/bucuresti\/wp-content\/uploads\/web-19-BD225977.jpg 2000w\" sizes=\"(max-width: 900px) 100vw, 900px\" \/><\/figure><\/li><li class=\"blocks-gallery-item\"><figure><img loading=\"lazy\" decoding=\"async\" width=\"900\" height=\"600\" src=\"data:image\/gif;base64,R0lGODlhAQABAAAAACH5BAEKAAEALAAAAAABAAEAAAICTAEAOw==\" data-src=\"https:\/\/buletin.de\/bucuresti\/wp-content\/uploads\/web-20-BD226150-900x600.jpg\" alt=\"\" data-id=\"40878\" data-full-url=\"https:\/\/buletin.de\/bucuresti\/wp-content\/uploads\/web-20-BD226150.jpg\" data-link=\"https:\/\/buletin.de\/bucuresti\/?attachment_id=40878\" class=\"wp-image-40878 lazyload\" data-sizes=\"auto\" data-srcset=\"https:\/\/buletin.de\/bucuresti\/wp-content\/uploads\/web-20-BD226150-900x600.jpg 900w, https:\/\/buletin.de\/bucuresti\/wp-content\/uploads\/web-20-BD226150-300x200.jpg 300w, https:\/\/buletin.de\/bucuresti\/wp-content\/uploads\/web-20-BD226150-768x512.jpg 768w, https:\/\/buletin.de\/bucuresti\/wp-content\/uploads\/web-20-BD226150-1536x1024.jpg 1536w, https:\/\/buletin.de\/bucuresti\/wp-content\/uploads\/web-20-BD226150-1060x706.jpg 1060w, https:\/\/buletin.de\/bucuresti\/wp-content\/uploads\/web-20-BD226150-550x367.jpg 550w, https:\/\/buletin.de\/bucuresti\/wp-content\/uploads\/web-20-BD226150-750x500.jpg 750w, https:\/\/buletin.de\/bucuresti\/wp-content\/uploads\/web-20-BD226150-1920x1280.jpg 1920w, https:\/\/buletin.de\/bucuresti\/wp-content\/uploads\/web-20-BD226150-1620x1080.jpg 1620w, https:\/\/buletin.de\/bucuresti\/wp-content\/uploads\/web-20-BD226150-600x400.jpg 600w, https:\/\/buletin.de\/bucuresti\/wp-content\/uploads\/web-20-BD226150.jpg 2000w\" sizes=\"(max-width: 900px) 100vw, 900px\" \/><\/figure><\/li><li class=\"blocks-gallery-item\"><figure><img loading=\"lazy\" decoding=\"async\" width=\"900\" height=\"600\" src=\"data:image\/gif;base64,R0lGODlhAQABAAAAACH5BAEKAAEALAAAAAABAAEAAAICTAEAOw==\" data-src=\"https:\/\/buletin.de\/bucuresti\/wp-content\/uploads\/web-21-BD226171-900x600.jpg\" alt=\"\" data-id=\"40879\" data-full-url=\"https:\/\/buletin.de\/bucuresti\/wp-content\/uploads\/web-21-BD226171.jpg\" data-link=\"https:\/\/buletin.de\/bucuresti\/?attachment_id=40879\" class=\"wp-image-40879 lazyload\" data-sizes=\"auto\" data-srcset=\"https:\/\/buletin.de\/bucuresti\/wp-content\/uploads\/web-21-BD226171-900x600.jpg 900w, https:\/\/buletin.de\/bucuresti\/wp-content\/uploads\/web-21-BD226171-300x200.jpg 300w, https:\/\/buletin.de\/bucuresti\/wp-content\/uploads\/web-21-BD226171-768x512.jpg 768w, https:\/\/buletin.de\/bucuresti\/wp-content\/uploads\/web-21-BD226171-1536x1024.jpg 1536w, https:\/\/buletin.de\/bucuresti\/wp-content\/uploads\/web-21-BD226171-1060x706.jpg 1060w, https:\/\/buletin.de\/bucuresti\/wp-content\/uploads\/web-21-BD226171-550x367.jpg 550w, https:\/\/buletin.de\/bucuresti\/wp-content\/uploads\/web-21-BD226171-750x500.jpg 750w, https:\/\/buletin.de\/bucuresti\/wp-content\/uploads\/web-21-BD226171-1920x1280.jpg 1920w, https:\/\/buletin.de\/bucuresti\/wp-content\/uploads\/web-21-BD226171-1620x1080.jpg 1620w, https:\/\/buletin.de\/bucuresti\/wp-content\/uploads\/web-21-BD226171-600x400.jpg 600w, https:\/\/buletin.de\/bucuresti\/wp-content\/uploads\/web-21-BD226171.jpg 2000w\" sizes=\"(max-width: 900px) 100vw, 900px\" \/><\/figure><\/li><li class=\"blocks-gallery-item\"><figure><img loading=\"lazy\" decoding=\"async\" width=\"900\" height=\"600\" src=\"data:image\/gif;base64,R0lGODlhAQABAAAAACH5BAEKAAEALAAAAAABAAEAAAICTAEAOw==\" data-src=\"https:\/\/buletin.de\/bucuresti\/wp-content\/uploads\/web-22-BD226038-900x600.jpg\" alt=\"\" data-id=\"40880\" data-full-url=\"https:\/\/buletin.de\/bucuresti\/wp-content\/uploads\/web-22-BD226038.jpg\" data-link=\"https:\/\/buletin.de\/bucuresti\/?attachment_id=40880\" class=\"wp-image-40880 lazyload\" data-sizes=\"auto\" data-srcset=\"https:\/\/buletin.de\/bucuresti\/wp-content\/uploads\/web-22-BD226038-900x600.jpg 900w, https:\/\/buletin.de\/bucuresti\/wp-content\/uploads\/web-22-BD226038-300x200.jpg 300w, https:\/\/buletin.de\/bucuresti\/wp-content\/uploads\/web-22-BD226038-768x512.jpg 768w, https:\/\/buletin.de\/bucuresti\/wp-content\/uploads\/web-22-BD226038-1536x1024.jpg 1536w, https:\/\/buletin.de\/bucuresti\/wp-content\/uploads\/web-22-BD226038-1060x706.jpg 1060w, https:\/\/buletin.de\/bucuresti\/wp-content\/uploads\/web-22-BD226038-550x367.jpg 550w, https:\/\/buletin.de\/bucuresti\/wp-content\/uploads\/web-22-BD226038-750x500.jpg 750w, https:\/\/buletin.de\/bucuresti\/wp-content\/uploads\/web-22-BD226038-1920x1280.jpg 1920w, https:\/\/buletin.de\/bucuresti\/wp-content\/uploads\/web-22-BD226038-1620x1080.jpg 1620w, https:\/\/buletin.de\/bucuresti\/wp-content\/uploads\/web-22-BD226038-600x400.jpg 600w, https:\/\/buletin.de\/bucuresti\/wp-content\/uploads\/web-22-BD226038.jpg 2000w\" sizes=\"(max-width: 900px) 100vw, 900px\" \/><\/figure><\/li><li class=\"blocks-gallery-item\"><figure><img loading=\"lazy\" decoding=\"async\" width=\"900\" height=\"600\" src=\"data:image\/gif;base64,R0lGODlhAQABAAAAACH5BAEKAAEALAAAAAABAAEAAAICTAEAOw==\" data-src=\"https:\/\/buletin.de\/bucuresti\/wp-content\/uploads\/web-23-BD226074-900x600.jpg\" alt=\"\" data-id=\"40881\" data-full-url=\"https:\/\/buletin.de\/bucuresti\/wp-content\/uploads\/web-23-BD226074.jpg\" data-link=\"https:\/\/buletin.de\/bucuresti\/?attachment_id=40881\" class=\"wp-image-40881 lazyload\" data-sizes=\"auto\" data-srcset=\"https:\/\/buletin.de\/bucuresti\/wp-content\/uploads\/web-23-BD226074-900x600.jpg 900w, https:\/\/buletin.de\/bucuresti\/wp-content\/uploads\/web-23-BD226074-300x200.jpg 300w, https:\/\/buletin.de\/bucuresti\/wp-content\/uploads\/web-23-BD226074-768x512.jpg 768w, https:\/\/buletin.de\/bucuresti\/wp-content\/uploads\/web-23-BD226074-1536x1024.jpg 1536w, https:\/\/buletin.de\/bucuresti\/wp-content\/uploads\/web-23-BD226074-1060x706.jpg 1060w, https:\/\/buletin.de\/bucuresti\/wp-content\/uploads\/web-23-BD226074-550x367.jpg 550w, https:\/\/buletin.de\/bucuresti\/wp-content\/uploads\/web-23-BD226074-750x500.jpg 750w, https:\/\/buletin.de\/bucuresti\/wp-content\/uploads\/web-23-BD226074-1920x1280.jpg 1920w, https:\/\/buletin.de\/bucuresti\/wp-content\/uploads\/web-23-BD226074-1620x1080.jpg 1620w, https:\/\/buletin.de\/bucuresti\/wp-content\/uploads\/web-23-BD226074-600x400.jpg 600w, https:\/\/buletin.de\/bucuresti\/wp-content\/uploads\/web-23-BD226074.jpg 2000w\" sizes=\"(max-width: 900px) 100vw, 900px\" \/><\/figure><\/li><li class=\"blocks-gallery-item\"><figure><img loading=\"lazy\" decoding=\"async\" width=\"900\" height=\"600\" src=\"data:image\/gif;base64,R0lGODlhAQABAAAAACH5BAEKAAEALAAAAAABAAEAAAICTAEAOw==\" data-src=\"https:\/\/buletin.de\/bucuresti\/wp-content\/uploads\/web-24-BD225895-900x600.jpg\" alt=\"\" data-id=\"40882\" data-full-url=\"https:\/\/buletin.de\/bucuresti\/wp-content\/uploads\/web-24-BD225895.jpg\" data-link=\"https:\/\/buletin.de\/bucuresti\/?attachment_id=40882\" class=\"wp-image-40882 lazyload\" data-sizes=\"auto\" data-srcset=\"https:\/\/buletin.de\/bucuresti\/wp-content\/uploads\/web-24-BD225895-900x600.jpg 900w, https:\/\/buletin.de\/bucuresti\/wp-content\/uploads\/web-24-BD225895-300x200.jpg 300w, https:\/\/buletin.de\/bucuresti\/wp-content\/uploads\/web-24-BD225895-768x512.jpg 768w, https:\/\/buletin.de\/bucuresti\/wp-content\/uploads\/web-24-BD225895-1536x1024.jpg 1536w, https:\/\/buletin.de\/bucuresti\/wp-content\/uploads\/web-24-BD225895-1060x706.jpg 1060w, https:\/\/buletin.de\/bucuresti\/wp-content\/uploads\/web-24-BD225895-550x367.jpg 550w, https:\/\/buletin.de\/bucuresti\/wp-content\/uploads\/web-24-BD225895-750x500.jpg 750w, https:\/\/buletin.de\/bucuresti\/wp-content\/uploads\/web-24-BD225895-1920x1280.jpg 1920w, https:\/\/buletin.de\/bucuresti\/wp-content\/uploads\/web-24-BD225895-1620x1080.jpg 1620w, https:\/\/buletin.de\/bucuresti\/wp-content\/uploads\/web-24-BD225895-600x400.jpg 600w, https:\/\/buletin.de\/bucuresti\/wp-content\/uploads\/web-24-BD225895.jpg 2000w\" sizes=\"(max-width: 900px) 100vw, 900px\" \/><\/figure><\/li><\/ul><figcaption class=\"blocks-gallery-caption\">foto: Bogdan Dinc\u0103<\/figcaption><\/figure>\n\n\n\n<p>Printre voluntari, la sortat de haine a fost \u0219i prefectul Capitalei, Alexandra Vacaru.<\/p>\n\n\n\n<p>\u201eAm venit \u00een calitate de voluntar. A\u0219 fi venit mai des, dar nu \u00eemi permite timpul, din p\u0103cate, pentru c\u0103 am gestionat mai mult la Gara de Nord cu fluxul de refugia\u021bi. Am zis s\u0103 vin \u0219i s\u0103 dau o m\u00e2n\u0103 de ajutor. Eu iubesc foarte mult copiii, emo\u021bional am asistat pe peronul g\u0103rii \u0219i am v\u0103zut refugiatele \u00eens\u0103rcinate, venind cu foarte mul\u021bi copii, cu animale. Vreau s\u0103 simt c\u0103, dincolo de jobul meu, fac ceva care \u00eei ajut\u0103 propriu-zis\u201d, a declarat, pentru <a href=\"https:\/\/buletin.de\/bucuresti\/\">Buletin de Bucure\u0219ti,<\/a> Alexandra Vacaru.<\/p>\n\n\n\n<figure class=\"wp-block-image size-large\"><img loading=\"lazy\" decoding=\"async\" width=\"600\" height=\"900\" src=\"data:image\/gif;base64,R0lGODlhAQABAAAAACH5BAEKAAEALAAAAAABAAEAAAICTAEAOw==\" data-src=\"https:\/\/buletin.de\/bucuresti\/wp-content\/uploads\/web-10-BD225467-600x900.jpg\" alt=\"\" class=\"wp-image-40876 lazyload\" data-sizes=\"auto\" data-srcset=\"https:\/\/buletin.de\/bucuresti\/wp-content\/uploads\/web-10-BD225467-600x900.jpg 600w, https:\/\/buletin.de\/bucuresti\/wp-content\/uploads\/web-10-BD225467-200x300.jpg 200w, https:\/\/buletin.de\/bucuresti\/wp-content\/uploads\/web-10-BD225467-768x1152.jpg 768w, https:\/\/buletin.de\/bucuresti\/wp-content\/uploads\/web-10-BD225467-1024x1536.jpg 1024w, https:\/\/buletin.de\/bucuresti\/wp-content\/uploads\/web-10-BD225467-1060x1590.jpg 1060w, https:\/\/buletin.de\/bucuresti\/wp-content\/uploads\/web-10-BD225467-550x825.jpg 550w, https:\/\/buletin.de\/bucuresti\/wp-content\/uploads\/web-10-BD225467-333x500.jpg 333w, https:\/\/buletin.de\/bucuresti\/wp-content\/uploads\/web-10-BD225467-720x1080.jpg 720w, https:\/\/buletin.de\/bucuresti\/wp-content\/uploads\/web-10-BD225467.jpg 1333w\" sizes=\"(max-width: 600px) 100vw, 600px\" \/><figcaption>Alexandra Vacaru, prefectul Capitalei. <em>foto: Bogdan Dinc\u0103<\/em> <\/figcaption><\/figure>\n\n\n\n<p>Prefectul Capitalei mai spune c\u0103, \u00een aceast\u0103 perioad\u0103, colaborarea dintre voluntari \u0219i autorit\u0103\u021bi este foarte important\u0103.<\/p>\n\n\n\n<p>\u201e\u00cen aceast\u0103 ac\u021biune, este important s\u0103 ne amintim c\u0103 suntem oameni, s\u0103 renun\u021b\u0103m la orgolii, s\u0103 punem empatia pe primul loc \u0219i s\u0103 \u00eei punem pe ei pe primul loc. Nu mai conteaz\u0103 ierarhia \u00eentre autorit\u0103\u021bi \u0219i voluntari. Le mul\u021bumesc voluntarilor, pentru c\u0103 ei au fost primii acolo \u0219i au intrat primii \u00een contact cu refugia\u021bii. Noi am intrat pe partea de ordine public\u0103 \u0219i pe legiferare, ca s\u0103 cre\u0103m un sistem, care s\u0103 \u00eei \u00eencadreze at\u00e2t pe voluntari, c\u00e2t \u0219i pe autorit\u0103\u021bi s\u0103 \u00ee\u0219i exercite competen\u021ba\u201d, mai spune Alexandra Vacaru.<\/p>\n\n\n\n<p>Cosmina Simiean este directorul general al Direc\u021biei Generale de Asisten\u021b\u0103 Social\u0103 a Municipiului Bucure\u0219ti. Ea este cea care coordoneaz\u0103 \u00eentreaga activitate prin care refugia\u021bii ucraineni pot avea parte de servicii sociale.<\/p>\n\n\n\n<figure class=\"wp-block-image size-large\"><img loading=\"lazy\" decoding=\"async\" width=\"900\" height=\"600\" src=\"data:image\/gif;base64,R0lGODlhAQABAAAAACH5BAEKAAEALAAAAAABAAEAAAICTAEAOw==\" data-src=\"https:\/\/buletin.de\/bucuresti\/wp-content\/uploads\/web-17-BD226378-900x600.jpg\" alt=\"\" class=\"wp-image-40883 lazyload\" data-sizes=\"auto\" data-srcset=\"https:\/\/buletin.de\/bucuresti\/wp-content\/uploads\/web-17-BD226378-900x600.jpg 900w, https:\/\/buletin.de\/bucuresti\/wp-content\/uploads\/web-17-BD226378-300x200.jpg 300w, https:\/\/buletin.de\/bucuresti\/wp-content\/uploads\/web-17-BD226378-768x512.jpg 768w, https:\/\/buletin.de\/bucuresti\/wp-content\/uploads\/web-17-BD226378-1536x1024.jpg 1536w, https:\/\/buletin.de\/bucuresti\/wp-content\/uploads\/web-17-BD226378-1060x706.jpg 1060w, https:\/\/buletin.de\/bucuresti\/wp-content\/uploads\/web-17-BD226378-550x367.jpg 550w, https:\/\/buletin.de\/bucuresti\/wp-content\/uploads\/web-17-BD226378-750x500.jpg 750w, https:\/\/buletin.de\/bucuresti\/wp-content\/uploads\/web-17-BD226378-1920x1280.jpg 1920w, https:\/\/buletin.de\/bucuresti\/wp-content\/uploads\/web-17-BD226378-1620x1080.jpg 1620w, https:\/\/buletin.de\/bucuresti\/wp-content\/uploads\/web-17-BD226378-600x400.jpg 600w, https:\/\/buletin.de\/bucuresti\/wp-content\/uploads\/web-17-BD226378.jpg 2000w\" sizes=\"(max-width: 900px) 100vw, 900px\" \/><figcaption>Cosmina Simiean, directorul general al DGASMB (dreapta). <em>Foto: Bogdan Dinc\u0103<\/em><\/figcaption><\/figure>\n\n\n\n<p><strong>Reporter: Care sunt serviciile oferite refugia\u021bilor ucraineni la Romexpo?<\/strong><\/p>\n\n\n\n<p><strong>Cosmina Simiean:<\/strong> La Romexpo, care este preg\u0103tit la solicitarea autorit\u0103\u021bilor na\u021bionale pentru a primi 2.000 de refugia\u021bi, \u00een cazul \u00een care capacitatea de cazare din celelalte centre este ajuns\u0103 la limit\u0103, oferim servicii de zi pentru refugia\u021bi. Am organizat un free supermaket pentru ace\u0219tia, cu produsele donate de bucure\u0219teni \u0219i companiile care au dorit s\u0103 ni se al\u0103ture.<\/p>\n\n\n\n<p>\u00cen principal avem foarte multe haine, din care refugia\u021bii ucraineni vin s\u0103-\u0219i aleag\u0103, dar \u0219i produse pentru copii: c\u0103rucioare, produse de igien\u0103 pentru femei \u0219i b\u0103rba\u021bi \u0219i m\u00e2ncare neperisabil\u0103, pentru cei pe care bucure\u0219tenii \u00eei g\u0103zduiesc acas\u0103.<\/p>\n\n\n\n<p>Pot veni aici o dat\u0103 la 10 zile \u0219i, cu aceast\u0103 ocazie, facem \u0219i o \u00eenregistrare a persoanelor care se afl\u0103 \u00een locuin\u021bele private din Bucure\u0219ti, pentru c\u0103 nu avem o situa\u021bie foarte clar\u0103 a num\u0103rului acestor persoane din Capital\u0103.<\/p>\n\n\n\n<p>Tot ce vede\u021bi la Romexpo nu ar fi fost posibil f\u0103r\u0103 voluntari. Sigur, voluntarii vin mai mult \u00een weekend, pentru c\u0103 sunt oameni care au locuri de munc\u0103, dar vin aici \u0219i ne-au ajutat s\u0103 sort\u0103m, s\u0103 punem pe categorii \u0219i s\u0103 le oferim refugia\u021bilor cele mai bune haine oferite de bucure\u0219teni.<\/p>\n\n\n\n<p>Muntele nostru de haine, \u00een 3 zile de voluntariat, \u00een urma apelului public f\u0103cut de Prim\u0103ria Capitalei, a disp\u0103rut. Este un semn foarte bun, le avem pe toate aranjate \u0219i vom putea s\u0103 deservim din ce \u00een ce mai mul\u021bi refugia\u021bi ucraineni.<\/p>\n\n\n\n<p>\u00cen cazul \u00een care dori\u021bi s\u0103 fi\u021bi voluntari ai Prim\u0103riei Capitalei, urm\u0103ri\u021bi paginile de Facebook, fie a Prim\u0103riei Capitalei, fie a Direc\u021biei de Asisten\u021b\u0103 Social\u0103 a municipiului Bucure\u0219ti. Acolo anun\u021b\u0103m ac\u021biunile noastre de voluntariat la care bucure\u0219tenii pot participa.<\/p>\n\n\n\n<p><strong>Reporter: C\u00e2\u021bi refugia\u021bi au venit de la deschiderea centrului de aici \u0219i p\u00e2n\u0103 acum?<\/strong><\/p>\n\n\n\n<p><strong>Cosmina Simiean:<\/strong> Ast\u0103zi se \u00eempline\u0219te o s\u0103pt\u0103m\u00e2n\u0103 de c\u00e2nd am deschis acest centru cu servicii de zi pentru ei. Sunt peste 1.600 de persoane care au venit \u0219i care au luat produse de aici. Toate produsele pe care le avem provin din dona\u021bii. Bucure\u0219tenii au fost extrem de genero\u0219i \u00een privin\u021ba refugia\u021bilor din Ucraina, ceea ce ne-a permis s\u0103 avem suficiente produse pentru a r\u0103spunde cererii refugia\u021bilor ucraineni. Sper\u0103m ca \u00een continuare bucure\u0219tenii \u0219i companiile mari s\u0103 doneze, pentru c\u0103 fluxul este extrem de mare \u0219i num\u0103rul de persoane care vin este din ce \u00een ce mai mare \u00een fiecare zi. Bucure\u0219tenii pot aduce dona\u021bii \u00een acela\u0219i interval orar, de luni p\u00e2n\u0103 s\u00e2mb\u0103t\u0103, \u00eentre 11:00 \u0219i 19:00. Duminica este \u00eenchis aici.&nbsp;<\/p>\n\n\n\n<p><strong>Reporter: Care este procedura prin care un refugiat poate beneficia de aceste servicii?Cosmina Simiean:<\/strong> Un refugiat ucrainean se poate prezenta la Romexpo de luni p\u00e2n\u0103 s\u00e2mb\u0103t\u0103, \u00eentre 11:00 \u0219i 19:00, cu actele care atest\u0103 faptul c\u0103 este din Ucraina: pa\u0219aport, carte de identitate, permis de conducere. Am avut situa\u021bii multiple, pentru c\u0103 au putut trece grani\u021ba f\u0103r\u0103 s\u0103 aib\u0103 neap\u0103rat un pa\u0219aport. \u00cen cazul \u00een care au copii \u0219i dac\u0103 nu au actele neap\u0103rat la ei, s\u0103 aib\u0103 o poz\u0103 pe telefon a actelor copiilor, pentru a putea primi \u0219i ei produse pentru copii.<\/p>\n\n\n\n<figure class=\"wp-block-image size-large\"><img loading=\"lazy\" decoding=\"async\" width=\"900\" height=\"600\" src=\"data:image\/gif;base64,R0lGODlhAQABAAAAACH5BAEKAAEALAAAAAABAAEAAAICTAEAOw==\" data-src=\"https:\/\/buletin.de\/bucuresti\/wp-content\/uploads\/web-25-BD225970-900x600.jpg\" alt=\"\" class=\"wp-image-40884 lazyload\" data-sizes=\"auto\" data-srcset=\"https:\/\/buletin.de\/bucuresti\/wp-content\/uploads\/web-25-BD225970-900x600.jpg 900w, https:\/\/buletin.de\/bucuresti\/wp-content\/uploads\/web-25-BD225970-300x200.jpg 300w, https:\/\/buletin.de\/bucuresti\/wp-content\/uploads\/web-25-BD225970-768x512.jpg 768w, https:\/\/buletin.de\/bucuresti\/wp-content\/uploads\/web-25-BD225970-1536x1024.jpg 1536w, https:\/\/buletin.de\/bucuresti\/wp-content\/uploads\/web-25-BD225970-1060x706.jpg 1060w, https:\/\/buletin.de\/bucuresti\/wp-content\/uploads\/web-25-BD225970-550x367.jpg 550w, https:\/\/buletin.de\/bucuresti\/wp-content\/uploads\/web-25-BD225970-750x500.jpg 750w, https:\/\/buletin.de\/bucuresti\/wp-content\/uploads\/web-25-BD225970-1920x1280.jpg 1920w, https:\/\/buletin.de\/bucuresti\/wp-content\/uploads\/web-25-BD225970-1620x1080.jpg 1620w, https:\/\/buletin.de\/bucuresti\/wp-content\/uploads\/web-25-BD225970-600x400.jpg 600w, https:\/\/buletin.de\/bucuresti\/wp-content\/uploads\/web-25-BD225970.jpg 2000w\" sizes=\"(max-width: 900px) 100vw, 900px\" \/><figcaption>foto: Bogdan Dinc\u0103<\/figcaption><\/figure>\n","protected":false},"excerpt":{"rendered":"<p>Ni\u0219te copii alearg\u0103, se joac\u0103 \u0219i r\u00e2d tare. Al\u021bii r\u0103scolesc cutiile cu juc\u0103rii \u0219i \u00ee\u0219i g\u0103sesc personajul preferat, pe care mai apoi \u00eel str\u00e2ng \u00een bra\u021be, hot\u0103r\u00e2\u021bi s\u0103 nu se despart\u0103 de el. Doi c\u0103\u021bei, mici \u0219i floco\u0219i, se alearg\u0103 de colo-colo. Femei \u00een v\u00e2rst\u0103 vor ni\u0219te produse de igien\u0103 personal\u0103, iar o mam\u0103 t\u00e2n\u0103r\u0103 [&hellip;]<\/p>\n","protected":false},"author":38,"featured_media":40872,"comment_status":"closed","ping_status":"open","sticky":false,"template":"","format":"standard","meta":{"_acf_changed":false,"inline_featured_image":false,"ngg_post_thumbnail":0,"footnotes":""},"categories":[169],"tags":[3309,4084,4081,4082,4083,2824,487],"ppma_author":[22601],"class_list":["post-40866","post","type-post","status-publish","format-standard","has-post-thumbnail","hentry","category-reportaj","tag-alexandra-vacaru","tag-cosmina-simiean","tag-dgasmb","tag-haine","tag-refugiati-ucraineni","tag-romexpo","tag-voluntari"],"acf":[],"yoast_head":"<!-- This site is optimized with the Yoast SEO Premium plugin v25.3 (Yoast SEO v27.4) - https:\/\/yoast.com\/product\/yoast-seo-premium-wordpress\/ -->\n<title>Muntele de haine de la Romexpo, cucerit de voluntari \u00een 3 zile - Buletin de Bucure\u0219ti<\/title>\n<meta name=\"robots\" content=\"index, follow, max-snippet:-1, max-image-preview:large, max-video-preview:-1\" \/>\n<link rel=\"canonical\" href=\"https:\/\/buletin.de\/bucuresti\/muntele-de-haine-de-la-romexpo-cucerit-de-voluntari-in-3-zile\/\" \/>\n<meta property=\"og:locale\" content=\"en_GB\" \/>\n<meta property=\"og:type\" content=\"article\" \/>\n<meta property=\"og:title\" content=\"Muntele de haine de la Romexpo, cucerit de voluntari \u00een 3 zile\" \/>\n<meta property=\"og:description\" content=\"Ni\u0219te copii alearg\u0103, se joac\u0103 \u0219i r\u00e2d tare. Al\u021bii r\u0103scolesc cutiile cu juc\u0103rii \u0219i \u00ee\u0219i g\u0103sesc personajul preferat, pe care mai apoi \u00eel str\u00e2ng \u00een bra\u021be, hot\u0103r\u00e2\u021bi s\u0103 nu se despart\u0103 de el. Doi c\u0103\u021bei, mici \u0219i floco\u0219i, se alearg\u0103 de colo-colo. Femei \u00een v\u00e2rst\u0103 vor ni\u0219te produse de igien\u0103 personal\u0103, iar o mam\u0103 t\u00e2n\u0103r\u0103 [&hellip;]\" \/>\n<meta property=\"og:url\" content=\"https:\/\/buletin.de\/bucuresti\/muntele-de-haine-de-la-romexpo-cucerit-de-voluntari-in-3-zile\/\" \/>\n<meta property=\"og:site_name\" content=\"Buletin de Bucure\u0219ti\" \/>\n<meta property=\"article:publisher\" content=\"https:\/\/www.facebook.com\/buletin.de.buc\" \/>\n<meta property=\"article:published_time\" content=\"2022-03-27T12:11:21+00:00\" \/>\n<meta property=\"article:modified_time\" content=\"2022-03-27T13:13:14+00:00\" \/>\n<meta property=\"og:image\" content=\"https:\/\/buletin.de\/bucuresti\/wp-content\/uploads\/web-13-BD225721.jpg\" \/>\n\t<meta property=\"og:image:width\" content=\"2000\" \/>\n\t<meta property=\"og:image:height\" content=\"1333\" \/>\n\t<meta property=\"og:image:type\" content=\"image\/jpeg\" \/>\n<meta name=\"author\" content=\"Anamaria Nedelcoff\" \/>\n<meta name=\"twitter:card\" content=\"summary_large_image\" \/>\n<meta name=\"twitter:label1\" content=\"Written by\" \/>\n\t<meta name=\"twitter:data1\" content=\"Anamaria Nedelcoff\" \/>\n\t<meta name=\"twitter:label2\" content=\"Estimated reading time\" \/>\n\t<meta name=\"twitter:data2\" content=\"9 minutes\" \/>\n<script type=\"application\/ld+json\" class=\"yoast-schema-graph\">{\"@context\":\"https:\\\/\\\/schema.org\",\"@graph\":[{\"@type\":\"Article\",\"@id\":\"https:\\\/\\\/buletin.de\\\/bucuresti\\\/muntele-de-haine-de-la-romexpo-cucerit-de-voluntari-in-3-zile\\\/#article\",\"isPartOf\":{\"@id\":\"https:\\\/\\\/buletin.de\\\/bucuresti\\\/muntele-de-haine-de-la-romexpo-cucerit-de-voluntari-in-3-zile\\\/\"},\"author\":{\"name\":\"Anamaria Nedelcoff\",\"@id\":\"https:\\\/\\\/buletin.de\\\/bucuresti\\\/#\\\/schema\\\/person\\\/bfa22994f12f5d3353b170aca494f1f9\"},\"headline\":\"Muntele de haine de la Romexpo, cucerit de voluntari \u00een 3 zile\",\"datePublished\":\"2022-03-27T12:11:21+00:00\",\"dateModified\":\"2022-03-27T13:13:14+00:00\",\"mainEntityOfPage\":{\"@id\":\"https:\\\/\\\/buletin.de\\\/bucuresti\\\/muntele-de-haine-de-la-romexpo-cucerit-de-voluntari-in-3-zile\\\/\"},\"wordCount\":1310,\"publisher\":{\"@id\":\"https:\\\/\\\/buletin.de\\\/bucuresti\\\/#organization\"},\"image\":{\"@id\":\"https:\\\/\\\/buletin.de\\\/bucuresti\\\/muntele-de-haine-de-la-romexpo-cucerit-de-voluntari-in-3-zile\\\/#primaryimage\"},\"thumbnailUrl\":\"https:\\\/\\\/buletin.de\\\/bucuresti\\\/wp-content\\\/uploads\\\/web-13-BD225721.jpg\",\"keywords\":[\"alexandra vacaru\",\"cosmina simiean\",\"dgasmb\",\"haine\",\"refugiati ucraineni\",\"romexpo\",\"voluntari\"],\"articleSection\":[\"Reportaj\"],\"inLanguage\":\"en-GB\",\"copyrightYear\":\"2022\",\"copyrightHolder\":{\"@id\":\"https:\\\/\\\/buletin.de\\\/bucuresti\\\/#organization\"}},{\"@type\":\"WebPage\",\"@id\":\"https:\\\/\\\/buletin.de\\\/bucuresti\\\/muntele-de-haine-de-la-romexpo-cucerit-de-voluntari-in-3-zile\\\/\",\"url\":\"https:\\\/\\\/buletin.de\\\/bucuresti\\\/muntele-de-haine-de-la-romexpo-cucerit-de-voluntari-in-3-zile\\\/\",\"name\":\"Muntele de haine de la Romexpo, cucerit de voluntari \u00een 3 zile - Buletin de Bucure\u0219ti\",\"isPartOf\":{\"@id\":\"https:\\\/\\\/buletin.de\\\/bucuresti\\\/#website\"},\"primaryImageOfPage\":{\"@id\":\"https:\\\/\\\/buletin.de\\\/bucuresti\\\/muntele-de-haine-de-la-romexpo-cucerit-de-voluntari-in-3-zile\\\/#primaryimage\"},\"image\":{\"@id\":\"https:\\\/\\\/buletin.de\\\/bucuresti\\\/muntele-de-haine-de-la-romexpo-cucerit-de-voluntari-in-3-zile\\\/#primaryimage\"},\"thumbnailUrl\":\"https:\\\/\\\/buletin.de\\\/bucuresti\\\/wp-content\\\/uploads\\\/web-13-BD225721.jpg\",\"datePublished\":\"2022-03-27T12:11:21+00:00\",\"dateModified\":\"2022-03-27T13:13:14+00:00\",\"breadcrumb\":{\"@id\":\"https:\\\/\\\/buletin.de\\\/bucuresti\\\/muntele-de-haine-de-la-romexpo-cucerit-de-voluntari-in-3-zile\\\/#breadcrumb\"},\"inLanguage\":\"en-GB\",\"potentialAction\":[{\"@type\":\"ReadAction\",\"target\":[\"https:\\\/\\\/buletin.de\\\/bucuresti\\\/muntele-de-haine-de-la-romexpo-cucerit-de-voluntari-in-3-zile\\\/\"]}]},{\"@type\":\"ImageObject\",\"inLanguage\":\"en-GB\",\"@id\":\"https:\\\/\\\/buletin.de\\\/bucuresti\\\/muntele-de-haine-de-la-romexpo-cucerit-de-voluntari-in-3-zile\\\/#primaryimage\",\"url\":\"https:\\\/\\\/buletin.de\\\/bucuresti\\\/wp-content\\\/uploads\\\/web-13-BD225721.jpg\",\"contentUrl\":\"https:\\\/\\\/buletin.de\\\/bucuresti\\\/wp-content\\\/uploads\\\/web-13-BD225721.jpg\",\"width\":2000,\"height\":1333},{\"@type\":\"BreadcrumbList\",\"@id\":\"https:\\\/\\\/buletin.de\\\/bucuresti\\\/muntele-de-haine-de-la-romexpo-cucerit-de-voluntari-in-3-zile\\\/#breadcrumb\",\"itemListElement\":[{\"@type\":\"ListItem\",\"position\":1,\"name\":\"Acas\u0103\",\"item\":\"https:\\\/\\\/buletin.de\\\/bucuresti\\\/\"},{\"@type\":\"ListItem\",\"position\":2,\"name\":\"Muntele de haine de la Romexpo, cucerit de voluntari \u00een 3 zile\"}]},{\"@type\":\"WebSite\",\"@id\":\"https:\\\/\\\/buletin.de\\\/bucuresti\\\/#website\",\"url\":\"https:\\\/\\\/buletin.de\\\/bucuresti\\\/\",\"name\":\"Buletin de Bucure\u0219ti\",\"description\":\"\u0218tiri \u0219i investiga\u021bii esen\u021biale din capital\u0103\",\"publisher\":{\"@id\":\"https:\\\/\\\/buletin.de\\\/bucuresti\\\/#organization\"},\"potentialAction\":[{\"@type\":\"SearchAction\",\"target\":{\"@type\":\"EntryPoint\",\"urlTemplate\":\"https:\\\/\\\/buletin.de\\\/bucuresti\\\/?s={search_term_string}\"},\"query-input\":{\"@type\":\"PropertyValueSpecification\",\"valueRequired\":true,\"valueName\":\"search_term_string\"}}],\"inLanguage\":\"en-GB\"},{\"@type\":\"Organization\",\"@id\":\"https:\\\/\\\/buletin.de\\\/bucuresti\\\/#organization\",\"name\":\"Buletin de Bucure\u0219ti\",\"url\":\"https:\\\/\\\/buletin.de\\\/bucuresti\\\/\",\"logo\":{\"@type\":\"ImageObject\",\"inLanguage\":\"en-GB\",\"@id\":\"https:\\\/\\\/buletin.de\\\/bucuresti\\\/#\\\/schema\\\/logo\\\/image\\\/\",\"url\":\"https:\\\/\\\/buletin.de\\\/bucuresti\\\/wp-content\\\/uploads\\\/logo-bdb-full-wide-vernil-transparent.png\",\"contentUrl\":\"https:\\\/\\\/buletin.de\\\/bucuresti\\\/wp-content\\\/uploads\\\/logo-bdb-full-wide-vernil-transparent.png\",\"width\":1782,\"height\":626,\"caption\":\"Buletin de Bucure\u0219ti\"},\"image\":{\"@id\":\"https:\\\/\\\/buletin.de\\\/bucuresti\\\/#\\\/schema\\\/logo\\\/image\\\/\"},\"sameAs\":[\"https:\\\/\\\/www.facebook.com\\\/buletin.de.buc\",\"https:\\\/\\\/www.instagram.com\\\/buletinde.bucuresti\\\/\"]},{\"@type\":\"Person\",\"@id\":\"https:\\\/\\\/buletin.de\\\/bucuresti\\\/#\\\/schema\\\/person\\\/bfa22994f12f5d3353b170aca494f1f9\",\"name\":\"Anamaria Nedelcoff\",\"image\":{\"@type\":\"ImageObject\",\"inLanguage\":\"en-GB\",\"@id\":\"https:\\\/\\\/secure.gravatar.com\\\/avatar\\\/409df91a26b98006111557131cc35236962765b734317e1dcf94c6bc1d010629?s=96&d=monsterid&r=g9bc3ae6c8e1522e913d1a0debd6aec89\",\"url\":\"https:\\\/\\\/secure.gravatar.com\\\/avatar\\\/409df91a26b98006111557131cc35236962765b734317e1dcf94c6bc1d010629?s=96&d=monsterid&r=g\",\"contentUrl\":\"https:\\\/\\\/secure.gravatar.com\\\/avatar\\\/409df91a26b98006111557131cc35236962765b734317e1dcf94c6bc1d010629?s=96&d=monsterid&r=g\",\"caption\":\"Anamaria Nedelcoff\"},\"url\":\"https:\\\/\\\/buletin.de\\\/bucuresti\\\/author\\\/nedelcoff\\\/\"}]}<\/script>\n<!-- \/ Yoast SEO Premium plugin. -->","yoast_head_json":{"title":"Muntele de haine de la Romexpo, cucerit de voluntari \u00een 3 zile - Buletin de Bucure\u0219ti","robots":{"index":"index","follow":"follow","max-snippet":"max-snippet:-1","max-image-preview":"max-image-preview:large","max-video-preview":"max-video-preview:-1"},"canonical":"https:\/\/buletin.de\/bucuresti\/muntele-de-haine-de-la-romexpo-cucerit-de-voluntari-in-3-zile\/","og_locale":"en_GB","og_type":"article","og_title":"Muntele de haine de la Romexpo, cucerit de voluntari \u00een 3 zile","og_description":"Ni\u0219te copii alearg\u0103, se joac\u0103 \u0219i r\u00e2d tare. Al\u021bii r\u0103scolesc cutiile cu juc\u0103rii \u0219i \u00ee\u0219i g\u0103sesc personajul preferat, pe care mai apoi \u00eel str\u00e2ng \u00een bra\u021be, hot\u0103r\u00e2\u021bi s\u0103 nu se despart\u0103 de el. Doi c\u0103\u021bei, mici \u0219i floco\u0219i, se alearg\u0103 de colo-colo. Femei \u00een v\u00e2rst\u0103 vor ni\u0219te produse de igien\u0103 personal\u0103, iar o mam\u0103 t\u00e2n\u0103r\u0103 [&hellip;]","og_url":"https:\/\/buletin.de\/bucuresti\/muntele-de-haine-de-la-romexpo-cucerit-de-voluntari-in-3-zile\/","og_site_name":"Buletin de Bucure\u0219ti","article_publisher":"https:\/\/www.facebook.com\/buletin.de.buc","article_published_time":"2022-03-27T12:11:21+00:00","article_modified_time":"2022-03-27T13:13:14+00:00","og_image":[{"width":2000,"height":1333,"url":"https:\/\/buletin.de\/bucuresti\/wp-content\/uploads\/web-13-BD225721.jpg","type":"image\/jpeg"}],"author":"Anamaria Nedelcoff","twitter_card":"summary_large_image","twitter_misc":{"Written by":"Anamaria Nedelcoff","Estimated reading time":"9 minutes"},"schema":{"@context":"https:\/\/schema.org","@graph":[{"@type":"Article","@id":"https:\/\/buletin.de\/bucuresti\/muntele-de-haine-de-la-romexpo-cucerit-de-voluntari-in-3-zile\/#article","isPartOf":{"@id":"https:\/\/buletin.de\/bucuresti\/muntele-de-haine-de-la-romexpo-cucerit-de-voluntari-in-3-zile\/"},"author":{"name":"Anamaria Nedelcoff","@id":"https:\/\/buletin.de\/bucuresti\/#\/schema\/person\/bfa22994f12f5d3353b170aca494f1f9"},"headline":"Muntele de haine de la Romexpo, cucerit de voluntari \u00een 3 zile","datePublished":"2022-03-27T12:11:21+00:00","dateModified":"2022-03-27T13:13:14+00:00","mainEntityOfPage":{"@id":"https:\/\/buletin.de\/bucuresti\/muntele-de-haine-de-la-romexpo-cucerit-de-voluntari-in-3-zile\/"},"wordCount":1310,"publisher":{"@id":"https:\/\/buletin.de\/bucuresti\/#organization"},"image":{"@id":"https:\/\/buletin.de\/bucuresti\/muntele-de-haine-de-la-romexpo-cucerit-de-voluntari-in-3-zile\/#primaryimage"},"thumbnailUrl":"https:\/\/buletin.de\/bucuresti\/wp-content\/uploads\/web-13-BD225721.jpg","keywords":["alexandra vacaru","cosmina simiean","dgasmb","haine","refugiati ucraineni","romexpo","voluntari"],"articleSection":["Reportaj"],"inLanguage":"en-GB","copyrightYear":"2022","copyrightHolder":{"@id":"https:\/\/buletin.de\/bucuresti\/#organization"}},{"@type":"WebPage","@id":"https:\/\/buletin.de\/bucuresti\/muntele-de-haine-de-la-romexpo-cucerit-de-voluntari-in-3-zile\/","url":"https:\/\/buletin.de\/bucuresti\/muntele-de-haine-de-la-romexpo-cucerit-de-voluntari-in-3-zile\/","name":"Muntele de haine de la Romexpo, cucerit de voluntari \u00een 3 zile - Buletin de Bucure\u0219ti","isPartOf":{"@id":"https:\/\/buletin.de\/bucuresti\/#website"},"primaryImageOfPage":{"@id":"https:\/\/buletin.de\/bucuresti\/muntele-de-haine-de-la-romexpo-cucerit-de-voluntari-in-3-zile\/#primaryimage"},"image":{"@id":"https:\/\/buletin.de\/bucuresti\/muntele-de-haine-de-la-romexpo-cucerit-de-voluntari-in-3-zile\/#primaryimage"},"thumbnailUrl":"https:\/\/buletin.de\/bucuresti\/wp-content\/uploads\/web-13-BD225721.jpg","datePublished":"2022-03-27T12:11:21+00:00","dateModified":"2022-03-27T13:13:14+00:00","breadcrumb":{"@id":"https:\/\/buletin.de\/bucuresti\/muntele-de-haine-de-la-romexpo-cucerit-de-voluntari-in-3-zile\/#breadcrumb"},"inLanguage":"en-GB","potentialAction":[{"@type":"ReadAction","target":["https:\/\/buletin.de\/bucuresti\/muntele-de-haine-de-la-romexpo-cucerit-de-voluntari-in-3-zile\/"]}]},{"@type":"ImageObject","inLanguage":"en-GB","@id":"https:\/\/buletin.de\/bucuresti\/muntele-de-haine-de-la-romexpo-cucerit-de-voluntari-in-3-zile\/#primaryimage","url":"https:\/\/buletin.de\/bucuresti\/wp-content\/uploads\/web-13-BD225721.jpg","contentUrl":"https:\/\/buletin.de\/bucuresti\/wp-content\/uploads\/web-13-BD225721.jpg","width":2000,"height":1333},{"@type":"BreadcrumbList","@id":"https:\/\/buletin.de\/bucuresti\/muntele-de-haine-de-la-romexpo-cucerit-de-voluntari-in-3-zile\/#breadcrumb","itemListElement":[{"@type":"ListItem","position":1,"name":"Acas\u0103","item":"https:\/\/buletin.de\/bucuresti\/"},{"@type":"ListItem","position":2,"name":"Muntele de haine de la Romexpo, cucerit de voluntari \u00een 3 zile"}]},{"@type":"WebSite","@id":"https:\/\/buletin.de\/bucuresti\/#website","url":"https:\/\/buletin.de\/bucuresti\/","name":"Buletin de Bucure\u0219ti","description":"\u0218tiri \u0219i investiga\u021bii esen\u021biale din capital\u0103","publisher":{"@id":"https:\/\/buletin.de\/bucuresti\/#organization"},"potentialAction":[{"@type":"SearchAction","target":{"@type":"EntryPoint","urlTemplate":"https:\/\/buletin.de\/bucuresti\/?s={search_term_string}"},"query-input":{"@type":"PropertyValueSpecification","valueRequired":true,"valueName":"search_term_string"}}],"inLanguage":"en-GB"},{"@type":"Organization","@id":"https:\/\/buletin.de\/bucuresti\/#organization","name":"Buletin de Bucure\u0219ti","url":"https:\/\/buletin.de\/bucuresti\/","logo":{"@type":"ImageObject","inLanguage":"en-GB","@id":"https:\/\/buletin.de\/bucuresti\/#\/schema\/logo\/image\/","url":"https:\/\/buletin.de\/bucuresti\/wp-content\/uploads\/logo-bdb-full-wide-vernil-transparent.png","contentUrl":"https:\/\/buletin.de\/bucuresti\/wp-content\/uploads\/logo-bdb-full-wide-vernil-transparent.png","width":1782,"height":626,"caption":"Buletin de Bucure\u0219ti"},"image":{"@id":"https:\/\/buletin.de\/bucuresti\/#\/schema\/logo\/image\/"},"sameAs":["https:\/\/www.facebook.com\/buletin.de.buc","https:\/\/www.instagram.com\/buletinde.bucuresti\/"]},{"@type":"Person","@id":"https:\/\/buletin.de\/bucuresti\/#\/schema\/person\/bfa22994f12f5d3353b170aca494f1f9","name":"Anamaria Nedelcoff","image":{"@type":"ImageObject","inLanguage":"en-GB","@id":"https:\/\/secure.gravatar.com\/avatar\/409df91a26b98006111557131cc35236962765b734317e1dcf94c6bc1d010629?s=96&d=monsterid&r=g9bc3ae6c8e1522e913d1a0debd6aec89","url":"https:\/\/secure.gravatar.com\/avatar\/409df91a26b98006111557131cc35236962765b734317e1dcf94c6bc1d010629?s=96&d=monsterid&r=g","contentUrl":"https:\/\/secure.gravatar.com\/avatar\/409df91a26b98006111557131cc35236962765b734317e1dcf94c6bc1d010629?s=96&d=monsterid&r=g","caption":"Anamaria Nedelcoff"},"url":"https:\/\/buletin.de\/bucuresti\/author\/nedelcoff\/"}]}},"authors":[{"term_id":22601,"user_id":38,"is_guest":0,"slug":"nedelcoff","display_name":"Anamaria Nedelcoff","avatar_url":"https:\/\/secure.gravatar.com\/avatar\/409df91a26b98006111557131cc35236962765b734317e1dcf94c6bc1d010629?s=96&d=monsterid&r=g","0":null,"1":"","2":"","3":"","4":"","5":"","6":"","7":"","8":""}],"_links":{"self":[{"href":"https:\/\/buletin.de\/bucuresti\/wp-json\/wp\/v2\/posts\/40866","targetHints":{"allow":["GET"]}}],"collection":[{"href":"https:\/\/buletin.de\/bucuresti\/wp-json\/wp\/v2\/posts"}],"about":[{"href":"https:\/\/buletin.de\/bucuresti\/wp-json\/wp\/v2\/types\/post"}],"author":[{"embeddable":true,"href":"https:\/\/buletin.de\/bucuresti\/wp-json\/wp\/v2\/users\/38"}],"replies":[{"embeddable":true,"href":"https:\/\/buletin.de\/bucuresti\/wp-json\/wp\/v2\/comments?post=40866"}],"version-history":[{"count":3,"href":"https:\/\/buletin.de\/bucuresti\/wp-json\/wp\/v2\/posts\/40866\/revisions"}],"predecessor-version":[{"id":40888,"href":"https:\/\/buletin.de\/bucuresti\/wp-json\/wp\/v2\/posts\/40866\/revisions\/40888"}],"wp:featuredmedia":[{"embeddable":true,"href":"https:\/\/buletin.de\/bucuresti\/wp-json\/wp\/v2\/media\/40872"}],"wp:attachment":[{"href":"https:\/\/buletin.de\/bucuresti\/wp-json\/wp\/v2\/media?parent=40866"}],"wp:term":[{"taxonomy":"category","embeddable":true,"href":"https:\/\/buletin.de\/bucuresti\/wp-json\/wp\/v2\/categories?post=40866"},{"taxonomy":"post_tag","embeddable":true,"href":"https:\/\/buletin.de\/bucuresti\/wp-json\/wp\/v2\/tags?post=40866"},{"taxonomy":"author","embeddable":true,"href":"https:\/\/buletin.de\/bucuresti\/wp-json\/wp\/v2\/ppma_author?post=40866"}],"curies":[{"name":"wp","href":"https:\/\/api.w.org\/{rel}","templated":true}]}}