{"id":40602,"date":"2022-03-23T13:54:54","date_gmt":"2022-03-23T11:54:54","guid":{"rendered":"https:\/\/buletin.de\/bucuresti\/?p=40602"},"modified":"2022-03-23T13:57:46","modified_gmt":"2022-03-23T11:57:46","slug":"fotovideo-anpc-a-oprit-din-circulatie-mai-multe-mijloace-de-transport-ale-stb-pentru-ca-puneau-in-pericol-viata-sau-sanatatea-bucurestenilor","status":"publish","type":"post","link":"https:\/\/buletin.de\/bucuresti\/fotovideo-anpc-a-oprit-din-circulatie-mai-multe-mijloace-de-transport-ale-stb-pentru-ca-puneau-in-pericol-viata-sau-sanatatea-bucurestenilor\/","title":{"rendered":"FOTO&#038;VIDEO | ANPC a oprit din circula\u021bie mai multe mijloace de transport ale STB pentru c\u0103 puneau \u00een pericol via\u021ba sau s\u0103n\u0103tatea bucure\u0219tenilor"},"content":{"rendered":"\n<p><strong>Foarte devreme \u00een aceast\u0103 diminea\u021b\u0103, mai precis \u00een jurul orei 03:30, Autoritatea Na\u021bional\u0103 pentru Protec\u021bia Consumatorilor (ANPC) a controlat autobuzele, troleibuzele \u0219i tramvaiele din principalele depouri STB care ar fi urmat s\u0103 porneasc\u0103 pe traseu la prima or\u0103. Au fost g\u0103site mai multe nereguli, de la u\u0219i care nu se \u00eenchid complet sau lipsa igieniz\u0103rii \u0219i p\u00e2n\u0103 la lipsa rampelor de acces pentru persoanele cu dizabilit\u0103\u021bi. O parte dintre mijloacele de transport au fost oprite din circula\u021bie, pe motiv c\u0103 pun \u00een pericol via\u021ba bucure\u0219tenilor. <\/strong><\/p>\n\n\n\n<div class=\"wp-block-media-text alignwide is-stacked-on-mobile is-style-default\" style=\"grid-template-columns:32% auto\"><figure class=\"wp-block-media-text__media\"><video controls src=\"https:\/\/buletin.de\/bucuresti\/wp-content\/uploads\/WhatsApp-Video-2022-03-23-at-12.31.00.mp4\"><\/video><\/figure><div class=\"wp-block-media-text__content\">\n<p class=\"has-large-font-size\" style=\"font-size:20px\">Unul dintre tramvaiele verificate de comisa ANPC. \u00cen video se observ\u0103 cum interiorul mijlocului de transport nu este igienizat. <\/p>\n\n\n\n<p>Surs\u0103 Video: ANPC <\/p>\n<\/div><\/div>\n\n\n\n<p><\/p>\n\n\n\n<p>Inspectorii ANPC au verificat inclusiv sting\u0103toarele din mijloacele de transport. \u00centr-unul dintre tramvaie, \u0219eful de depou s-a chinuit timp de mai multe secunde s\u0103 scoat\u0103 sting\u0103torul din suportul de fier, ruginit, pentru a-l ar\u0103ta comisiei de control data la care expir\u0103. \u00cen cele din urm\u0103, sting\u0103torul a fost scos par\u021bial din suport, suficient pentru a se observa data de valabilitate, p\u00e2n\u0103 \u00een 2023. <\/p>\n\n\n\n<figure class=\"wp-block-video\"><video controls src=\"https:\/\/buletin.de\/bucuresti\/wp-content\/uploads\/WhatsApp-Video-2022-03-23-at-12.31.00-1.mp4\"><\/video><figcaption>Imagini cu unul dintre extinctoarele din tramvai, cu data de valabilitate p\u00e2n\u00ee \u00een 2023. Surs\u0103 video: ANPC<\/figcaption><\/figure>\n\n\n\n<p><\/p>\n\n\n\n<p>\u00cen mai multe autobuze au fost identificate m\u00e2nere \u00eentr-o stare de degradare sever\u0103. O parte nu mai au protec\u021bia de PVC, lucru care duce la imposibilitatea de a fi dezinfectate. Ele sunt \u0219i  \u00een pericol de a se rupe. Mai mult, au fost g\u0103site \u0219i mijloace de transport cu m\u00e2nere lips\u0103.<\/p>\n\n\n\n<figure class=\"wp-block-gallery columns-2 is-cropped wp-block-gallery-1 is-layout-flex wp-block-gallery-is-layout-flex\"><ul class=\"blocks-gallery-grid\"><li class=\"blocks-gallery-item\"><figure><a href=\"https:\/\/buletin.de\/bucuresti\/wp-content\/uploads\/WhatsApp-Image-2022-03-23-at-12.31.05.jpeg\"><img fetchpriority=\"high\" decoding=\"async\" width=\"900\" height=\"675\" src=\"data:image\/gif;base64,R0lGODlhAQABAAAAACH5BAEKAAEALAAAAAABAAEAAAICTAEAOw==\" data-src=\"https:\/\/buletin.de\/bucuresti\/wp-content\/uploads\/WhatsApp-Image-2022-03-23-at-12.31.05-900x675.jpeg\" alt=\"\" data-id=\"40615\" data-full-url=\"https:\/\/buletin.de\/bucuresti\/wp-content\/uploads\/WhatsApp-Image-2022-03-23-at-12.31.05.jpeg\" data-link=\"https:\/\/buletin.de\/bucuresti\/?attachment_id=40615\" class=\"wp-image-40615 lazyload\" data-sizes=\"auto\" data-srcset=\"https:\/\/buletin.de\/bucuresti\/wp-content\/uploads\/WhatsApp-Image-2022-03-23-at-12.31.05-900x675.jpeg 900w, https:\/\/buletin.de\/bucuresti\/wp-content\/uploads\/WhatsApp-Image-2022-03-23-at-12.31.05-300x225.jpeg 300w, https:\/\/buletin.de\/bucuresti\/wp-content\/uploads\/WhatsApp-Image-2022-03-23-at-12.31.05-768x576.jpeg 768w, https:\/\/buletin.de\/bucuresti\/wp-content\/uploads\/WhatsApp-Image-2022-03-23-at-12.31.05-550x413.jpeg 550w, https:\/\/buletin.de\/bucuresti\/wp-content\/uploads\/WhatsApp-Image-2022-03-23-at-12.31.05-667x500.jpeg 667w, https:\/\/buletin.de\/bucuresti\/wp-content\/uploads\/WhatsApp-Image-2022-03-23-at-12.31.05-600x450.jpeg 600w, https:\/\/buletin.de\/bucuresti\/wp-content\/uploads\/WhatsApp-Image-2022-03-23-at-12.31.05.jpeg 1024w\" sizes=\"(max-width: 900px) 100vw, 900px\" \/><\/a><\/figure><\/li><li class=\"blocks-gallery-item\"><figure><a href=\"https:\/\/buletin.de\/bucuresti\/wp-content\/uploads\/WhatsApp-Image-2022-03-23-at-12.31.04.jpeg\"><img decoding=\"async\" width=\"675\" height=\"900\" src=\"data:image\/gif;base64,R0lGODlhAQABAAAAACH5BAEKAAEALAAAAAABAAEAAAICTAEAOw==\" data-src=\"https:\/\/buletin.de\/bucuresti\/wp-content\/uploads\/WhatsApp-Image-2022-03-23-at-12.31.04-675x900.jpeg\" alt=\"\" data-id=\"40616\" data-full-url=\"https:\/\/buletin.de\/bucuresti\/wp-content\/uploads\/WhatsApp-Image-2022-03-23-at-12.31.04.jpeg\" data-link=\"https:\/\/buletin.de\/bucuresti\/?attachment_id=40616\" class=\"wp-image-40616 lazyload\" data-sizes=\"auto\" data-srcset=\"https:\/\/buletin.de\/bucuresti\/wp-content\/uploads\/WhatsApp-Image-2022-03-23-at-12.31.04-675x900.jpeg 675w, https:\/\/buletin.de\/bucuresti\/wp-content\/uploads\/WhatsApp-Image-2022-03-23-at-12.31.04-225x300.jpeg 225w, https:\/\/buletin.de\/bucuresti\/wp-content\/uploads\/WhatsApp-Image-2022-03-23-at-12.31.04-550x733.jpeg 550w, https:\/\/buletin.de\/bucuresti\/wp-content\/uploads\/WhatsApp-Image-2022-03-23-at-12.31.04-375x500.jpeg 375w, https:\/\/buletin.de\/bucuresti\/wp-content\/uploads\/WhatsApp-Image-2022-03-23-at-12.31.04-600x800.jpeg 600w, https:\/\/buletin.de\/bucuresti\/wp-content\/uploads\/WhatsApp-Image-2022-03-23-at-12.31.04.jpeg 768w\" sizes=\"(max-width: 675px) 100vw, 675px\" \/><\/a><\/figure><\/li><\/ul><figcaption class=\"blocks-gallery-caption\">Imagini cu m\u00e2nerele deteriorate din autobuzele STB. Surs\u0103 Foto: ANPC<\/figcaption><\/figure>\n\n\n\n<p><\/p>\n\n\n\n<p>Neregulilor men\u021bionate mai sus se adaug\u0103 \u0219i u\u0219i ale tramvaielor car nu pot fi \u00eenchise complet, lucru care pune pericol  s\u0103n\u0103tatea c\u0103l\u0103torilor, mai ales iarna. O alt\u0103 problem\u0103 identificat\u0103 la control ar fi c\u0103 o parte din ventilatoarele din mijloacele de transport fuc\u021bioneaz\u0103 par\u021bial sau deloc. <\/p>\n\n\n\n<figure class=\"wp-block-gallery columns-2 is-cropped wp-block-gallery-2 is-layout-flex wp-block-gallery-is-layout-flex\"><ul class=\"blocks-gallery-grid\"><li class=\"blocks-gallery-item\"><figure><img decoding=\"async\" width=\"675\" height=\"900\" src=\"data:image\/gif;base64,R0lGODlhAQABAAAAACH5BAEKAAEALAAAAAABAAEAAAICTAEAOw==\" data-src=\"https:\/\/buletin.de\/bucuresti\/wp-content\/uploads\/WhatsApp-Image-2022-03-23-at-12.31.02-1-675x900.jpeg\" alt=\"\" data-id=\"40606\" data-full-url=\"https:\/\/buletin.de\/bucuresti\/wp-content\/uploads\/WhatsApp-Image-2022-03-23-at-12.31.02-1.jpeg\" data-link=\"https:\/\/buletin.de\/bucuresti\/?attachment_id=40606\" class=\"wp-image-40606 lazyload\" data-sizes=\"auto\" data-srcset=\"https:\/\/buletin.de\/bucuresti\/wp-content\/uploads\/WhatsApp-Image-2022-03-23-at-12.31.02-1-675x900.jpeg 675w, https:\/\/buletin.de\/bucuresti\/wp-content\/uploads\/WhatsApp-Image-2022-03-23-at-12.31.02-1-225x300.jpeg 225w, https:\/\/buletin.de\/bucuresti\/wp-content\/uploads\/WhatsApp-Image-2022-03-23-at-12.31.02-1-768x1024.jpeg 768w, https:\/\/buletin.de\/bucuresti\/wp-content\/uploads\/WhatsApp-Image-2022-03-23-at-12.31.02-1-1152x1536.jpeg 1152w, https:\/\/buletin.de\/bucuresti\/wp-content\/uploads\/WhatsApp-Image-2022-03-23-at-12.31.02-1-1060x1413.jpeg 1060w, https:\/\/buletin.de\/bucuresti\/wp-content\/uploads\/WhatsApp-Image-2022-03-23-at-12.31.02-1-550x733.jpeg 550w, https:\/\/buletin.de\/bucuresti\/wp-content\/uploads\/WhatsApp-Image-2022-03-23-at-12.31.02-1-375x500.jpeg 375w, https:\/\/buletin.de\/bucuresti\/wp-content\/uploads\/WhatsApp-Image-2022-03-23-at-12.31.02-1-810x1080.jpeg 810w, https:\/\/buletin.de\/bucuresti\/wp-content\/uploads\/WhatsApp-Image-2022-03-23-at-12.31.02-1-600x800.jpeg 600w, https:\/\/buletin.de\/bucuresti\/wp-content\/uploads\/WhatsApp-Image-2022-03-23-at-12.31.02-1.jpeg 1536w\" sizes=\"(max-width: 675px) 100vw, 675px\" \/><\/figure><\/li><li class=\"blocks-gallery-item\"><figure><img loading=\"lazy\" decoding=\"async\" width=\"675\" height=\"900\" src=\"data:image\/gif;base64,R0lGODlhAQABAAAAACH5BAEKAAEALAAAAAABAAEAAAICTAEAOw==\" data-src=\"https:\/\/buletin.de\/bucuresti\/wp-content\/uploads\/WhatsApp-Image-2022-03-23-at-12.31.02-675x900.jpeg\" alt=\"\" data-id=\"40607\" data-full-url=\"https:\/\/buletin.de\/bucuresti\/wp-content\/uploads\/WhatsApp-Image-2022-03-23-at-12.31.02.jpeg\" data-link=\"https:\/\/buletin.de\/bucuresti\/?attachment_id=40607\" class=\"wp-image-40607 lazyload\" data-sizes=\"auto\" data-srcset=\"https:\/\/buletin.de\/bucuresti\/wp-content\/uploads\/WhatsApp-Image-2022-03-23-at-12.31.02-675x900.jpeg 675w, https:\/\/buletin.de\/bucuresti\/wp-content\/uploads\/WhatsApp-Image-2022-03-23-at-12.31.02-225x300.jpeg 225w, https:\/\/buletin.de\/bucuresti\/wp-content\/uploads\/WhatsApp-Image-2022-03-23-at-12.31.02-768x1024.jpeg 768w, https:\/\/buletin.de\/bucuresti\/wp-content\/uploads\/WhatsApp-Image-2022-03-23-at-12.31.02-1152x1536.jpeg 1152w, https:\/\/buletin.de\/bucuresti\/wp-content\/uploads\/WhatsApp-Image-2022-03-23-at-12.31.02-1060x1413.jpeg 1060w, https:\/\/buletin.de\/bucuresti\/wp-content\/uploads\/WhatsApp-Image-2022-03-23-at-12.31.02-550x733.jpeg 550w, https:\/\/buletin.de\/bucuresti\/wp-content\/uploads\/WhatsApp-Image-2022-03-23-at-12.31.02-375x500.jpeg 375w, https:\/\/buletin.de\/bucuresti\/wp-content\/uploads\/WhatsApp-Image-2022-03-23-at-12.31.02-810x1080.jpeg 810w, https:\/\/buletin.de\/bucuresti\/wp-content\/uploads\/WhatsApp-Image-2022-03-23-at-12.31.02-600x800.jpeg 600w, https:\/\/buletin.de\/bucuresti\/wp-content\/uploads\/WhatsApp-Image-2022-03-23-at-12.31.02.jpeg 1536w\" sizes=\"(max-width: 675px) 100vw, 675px\" \/><\/figure><\/li><\/ul><figcaption class=\"blocks-gallery-caption\"><br>U\u0219i de tramvai care se \u00eenchid par\u021bial. Surs\u0103 Foto: ANPC<\/figcaption><\/figure>\n\n\n\n<div class=\"wp-block-media-text alignwide is-stacked-on-mobile\"><figure class=\"wp-block-media-text__media\"><video controls src=\"https:\/\/buletin.de\/bucuresti\/wp-content\/uploads\/WhatsApp-Video-2022-03-23-at-12.31.03.mp4\"><\/video><\/figure><div class=\"wp-block-media-text__content\">\n<p class=\"has-large-font-size\" style=\"font-size:19px\">Imagini cu un alt tramvai care ar fi pornit \u00een aceast\u0103 diminea\u021b\u0103, f\u0103r\u0103 s\u0103 fie Igienizat. \u00centr-una dintre discu\u021biile dintre persoanele comisei de control \u0219i \u0219eful de depou este me\u021bionat c\u0103 tramvaiul nu a mai fost renovat \u00eenc\u0103 din 1974. <\/p>\n\n\n\n<p>Surs\u0103 Video: ANPC<\/p>\n<\/div><\/div>\n\n\n\n<p><\/p>\n\n\n\n<p>Lista complet\u0103 a neregulilor g\u0103site de comisia ANPC condus\u0103 de pre\u0219edintele ANPC, Horia Constantinescu \u0219i vicepre\u0219edintele ANPC, Mihai Culeaf\u0103 este divers\u0103 \u0219i cuprinde opt tipuri de nereguli:<\/p>\n\n\n\n<ul class=\"has-background wp-block-list\" style=\"background-color:#f5f7ae\"><li>Prezen\u021ba unor u\u0219i care nu se \u00eenchideau complet, f\u0103r\u0103 etan\u0219eizare,&nbsp;&nbsp;<\/li><li>lipsa m\u00e2nerelor de sus\u021binere sau prezen\u021ba unor m\u00e2nere deteriorate, f\u0103r\u0103 protec\u021bia de PVC, \u00een pericol de a se rupe sau fiind imposibil de dezinfectat<\/li><li>existen\u021ba linoleumului deteriorat de pe pardosel\u0103 \u2013 cu buc\u0103\u021bi lips\u0103 sau dezlipite \u0219i ridicate, pun\u00e2nd \u00een pericol c\u0103l\u0103torii<\/li><li>lipsa rampelor de acces pentru persoanele cu dizabilit\u0103\u021bi&nbsp;<\/li><li>func\u021bionarea precar\u0103 a instala\u021biilor de ventila\u021bie sau \u00eenc\u0103lzire \u00een mijloacele de transport \u00een comun.<\/li><li>Deficin\u021be de igien\u0103 \u0219i \u00eentre\u021binere<\/li><li>Neigienizarea total\u0103 sau pa\u021bial\u0103 a incintelor mijloacelor de transport \u00een comun<\/li><li>Utilizarea unor substan\u021be ineficiente pentru igienizare<\/li><li>Utilizarea unor ustensile vechi, deteriorate \u0219i neigienizate pentru cur\u0103\u021barea mijloacelor de transport \u00een comun.<\/li><\/ul>\n\n\n\n<p>Controalele continu\u0103, momentan au fost verificate mijloacele de transport din depourile au verificat depourile de la Victoria, Dude\u0219ti, Giurgiului, Militari, Berceni, Titan. \u00cen cursul zilei de ast\u0103zi, reprezentan\u021bii STB vor veni la sediul ANPC, unde va avea loc o discu\u021bie pe tema neregulilor identificate \u0219i se va stabili termenul cel mai scurt de remediere a deficien\u021belor. <\/p>\n\n\n\n<p>Surs\u0103 cover: ANPC <\/p>\n","protected":false},"excerpt":{"rendered":"<p>Foarte devreme \u00een aceast\u0103 diminea\u021b\u0103, mai precis \u00een jurul orei 03:30, Autoritatea Na\u021bional\u0103 pentru Protec\u021bia Consumatorilor (ANPC) a controlat autobuzele, troleibuzele \u0219i tramvaiele din principalele depouri STB care ar fi urmat s\u0103 porneasc\u0103 pe traseu la prima or\u0103. Au fost g\u0103site mai multe nereguli, de la u\u0219i care nu se \u00eenchid complet sau lipsa igieniz\u0103rii [&hellip;]<\/p>\n","protected":false},"author":17,"featured_media":40619,"comment_status":"closed","ping_status":"open","sticky":false,"template":"","format":"standard","meta":{"_acf_changed":false,"inline_featured_image":false,"ngg_post_thumbnail":0,"footnotes":""},"categories":[3419,650],"tags":[],"ppma_author":[22576],"class_list":["post-40602","post","type-post","status-publish","format-standard","has-post-thumbnail","hentry","category-featured","category-transport"],"acf":[],"yoast_head":"<!-- This site is optimized with the Yoast SEO Premium plugin v25.3 (Yoast SEO v27.4) - https:\/\/yoast.com\/product\/yoast-seo-premium-wordpress\/ -->\n<title>FOTO&amp;VIDEO | ANPC a oprit din circula\u021bie mai multe mijloace de transport ale STB pentru c\u0103 puneau \u00een pericol via\u021ba sau s\u0103n\u0103tatea bucure\u0219tenilor - Buletin de Bucure\u0219ti<\/title>\n<meta name=\"robots\" content=\"index, follow, max-snippet:-1, max-image-preview:large, max-video-preview:-1\" \/>\n<link rel=\"canonical\" href=\"https:\/\/buletin.de\/bucuresti\/fotovideo-anpc-a-oprit-din-circulatie-mai-multe-mijloace-de-transport-ale-stb-pentru-ca-puneau-in-pericol-viata-sau-sanatatea-bucurestenilor\/\" \/>\n<meta property=\"og:locale\" content=\"en_GB\" \/>\n<meta property=\"og:type\" content=\"article\" \/>\n<meta property=\"og:title\" content=\"FOTO&amp;VIDEO | ANPC a oprit din circula\u021bie mai multe mijloace de transport ale STB pentru c\u0103 puneau \u00een pericol via\u021ba sau s\u0103n\u0103tatea bucure\u0219tenilor\" \/>\n<meta property=\"og:description\" content=\"Foarte devreme \u00een aceast\u0103 diminea\u021b\u0103, mai precis \u00een jurul orei 03:30, Autoritatea Na\u021bional\u0103 pentru Protec\u021bia Consumatorilor (ANPC) a controlat autobuzele, troleibuzele \u0219i tramvaiele din principalele depouri STB care ar fi urmat s\u0103 porneasc\u0103 pe traseu la prima or\u0103. Au fost g\u0103site mai multe nereguli, de la u\u0219i care nu se \u00eenchid complet sau lipsa igieniz\u0103rii [&hellip;]\" \/>\n<meta property=\"og:url\" content=\"https:\/\/buletin.de\/bucuresti\/fotovideo-anpc-a-oprit-din-circulatie-mai-multe-mijloace-de-transport-ale-stb-pentru-ca-puneau-in-pericol-viata-sau-sanatatea-bucurestenilor\/\" \/>\n<meta property=\"og:site_name\" content=\"Buletin de Bucure\u0219ti\" \/>\n<meta property=\"article:publisher\" content=\"https:\/\/www.facebook.com\/buletin.de.buc\" \/>\n<meta property=\"article:published_time\" content=\"2022-03-23T11:54:54+00:00\" \/>\n<meta property=\"article:modified_time\" content=\"2022-03-23T11:57:46+00:00\" \/>\n<meta property=\"og:image\" content=\"https:\/\/buletin.de\/bucuresti\/wp-content\/uploads\/WhatsApp-Image-2022-03-23-at-12.31.06-1.jpeg\" \/>\n\t<meta property=\"og:image:width\" content=\"1600\" \/>\n\t<meta property=\"og:image:height\" content=\"1200\" \/>\n\t<meta property=\"og:image:type\" content=\"image\/jpeg\" \/>\n<meta name=\"author\" content=\"Florin R\u00e2\u0219teiu\" \/>\n<meta name=\"twitter:card\" content=\"summary_large_image\" \/>\n<meta name=\"twitter:label1\" content=\"Written by\" \/>\n\t<meta name=\"twitter:data1\" content=\"Florin R\u00e2\u0219teiu\" \/>\n\t<meta name=\"twitter:label2\" content=\"Estimated reading time\" \/>\n\t<meta name=\"twitter:data2\" content=\"4 minutes\" \/>\n<script type=\"application\/ld+json\" class=\"yoast-schema-graph\">{\"@context\":\"https:\\\/\\\/schema.org\",\"@graph\":[{\"@type\":\"Article\",\"@id\":\"https:\\\/\\\/buletin.de\\\/bucuresti\\\/fotovideo-anpc-a-oprit-din-circulatie-mai-multe-mijloace-de-transport-ale-stb-pentru-ca-puneau-in-pericol-viata-sau-sanatatea-bucurestenilor\\\/#article\",\"isPartOf\":{\"@id\":\"https:\\\/\\\/buletin.de\\\/bucuresti\\\/fotovideo-anpc-a-oprit-din-circulatie-mai-multe-mijloace-de-transport-ale-stb-pentru-ca-puneau-in-pericol-viata-sau-sanatatea-bucurestenilor\\\/\"},\"author\":{\"name\":\"Florin R\u00e2\u0219teiu\",\"@id\":\"https:\\\/\\\/buletin.de\\\/bucuresti\\\/#\\\/schema\\\/person\\\/b0686d7a8b666c6afc78239777fd8a89\"},\"headline\":\"FOTO&#038;VIDEO | ANPC a oprit din circula\u021bie mai multe mijloace de transport ale STB pentru c\u0103 puneau \u00een pericol via\u021ba sau s\u0103n\u0103tatea bucure\u0219tenilor\",\"datePublished\":\"2022-03-23T11:54:54+00:00\",\"dateModified\":\"2022-03-23T11:57:46+00:00\",\"mainEntityOfPage\":{\"@id\":\"https:\\\/\\\/buletin.de\\\/bucuresti\\\/fotovideo-anpc-a-oprit-din-circulatie-mai-multe-mijloace-de-transport-ale-stb-pentru-ca-puneau-in-pericol-viata-sau-sanatatea-bucurestenilor\\\/\"},\"wordCount\":637,\"publisher\":{\"@id\":\"https:\\\/\\\/buletin.de\\\/bucuresti\\\/#organization\"},\"image\":{\"@id\":\"https:\\\/\\\/buletin.de\\\/bucuresti\\\/fotovideo-anpc-a-oprit-din-circulatie-mai-multe-mijloace-de-transport-ale-stb-pentru-ca-puneau-in-pericol-viata-sau-sanatatea-bucurestenilor\\\/#primaryimage\"},\"thumbnailUrl\":\"https:\\\/\\\/buletin.de\\\/bucuresti\\\/wp-content\\\/uploads\\\/WhatsApp-Image-2022-03-23-at-12.31.06-1.jpeg\",\"articleSection\":[\"Featured\",\"Transport\"],\"inLanguage\":\"en-GB\",\"copyrightYear\":\"2022\",\"copyrightHolder\":{\"@id\":\"https:\\\/\\\/buletin.de\\\/bucuresti\\\/#organization\"}},{\"@type\":\"WebPage\",\"@id\":\"https:\\\/\\\/buletin.de\\\/bucuresti\\\/fotovideo-anpc-a-oprit-din-circulatie-mai-multe-mijloace-de-transport-ale-stb-pentru-ca-puneau-in-pericol-viata-sau-sanatatea-bucurestenilor\\\/\",\"url\":\"https:\\\/\\\/buletin.de\\\/bucuresti\\\/fotovideo-anpc-a-oprit-din-circulatie-mai-multe-mijloace-de-transport-ale-stb-pentru-ca-puneau-in-pericol-viata-sau-sanatatea-bucurestenilor\\\/\",\"name\":\"FOTO&VIDEO | ANPC a oprit din circula\u021bie mai multe mijloace de transport ale STB pentru c\u0103 puneau \u00een pericol via\u021ba sau s\u0103n\u0103tatea bucure\u0219tenilor - Buletin de Bucure\u0219ti\",\"isPartOf\":{\"@id\":\"https:\\\/\\\/buletin.de\\\/bucuresti\\\/#website\"},\"primaryImageOfPage\":{\"@id\":\"https:\\\/\\\/buletin.de\\\/bucuresti\\\/fotovideo-anpc-a-oprit-din-circulatie-mai-multe-mijloace-de-transport-ale-stb-pentru-ca-puneau-in-pericol-viata-sau-sanatatea-bucurestenilor\\\/#primaryimage\"},\"image\":{\"@id\":\"https:\\\/\\\/buletin.de\\\/bucuresti\\\/fotovideo-anpc-a-oprit-din-circulatie-mai-multe-mijloace-de-transport-ale-stb-pentru-ca-puneau-in-pericol-viata-sau-sanatatea-bucurestenilor\\\/#primaryimage\"},\"thumbnailUrl\":\"https:\\\/\\\/buletin.de\\\/bucuresti\\\/wp-content\\\/uploads\\\/WhatsApp-Image-2022-03-23-at-12.31.06-1.jpeg\",\"datePublished\":\"2022-03-23T11:54:54+00:00\",\"dateModified\":\"2022-03-23T11:57:46+00:00\",\"breadcrumb\":{\"@id\":\"https:\\\/\\\/buletin.de\\\/bucuresti\\\/fotovideo-anpc-a-oprit-din-circulatie-mai-multe-mijloace-de-transport-ale-stb-pentru-ca-puneau-in-pericol-viata-sau-sanatatea-bucurestenilor\\\/#breadcrumb\"},\"inLanguage\":\"en-GB\",\"potentialAction\":[{\"@type\":\"ReadAction\",\"target\":[\"https:\\\/\\\/buletin.de\\\/bucuresti\\\/fotovideo-anpc-a-oprit-din-circulatie-mai-multe-mijloace-de-transport-ale-stb-pentru-ca-puneau-in-pericol-viata-sau-sanatatea-bucurestenilor\\\/\"]}]},{\"@type\":\"ImageObject\",\"inLanguage\":\"en-GB\",\"@id\":\"https:\\\/\\\/buletin.de\\\/bucuresti\\\/fotovideo-anpc-a-oprit-din-circulatie-mai-multe-mijloace-de-transport-ale-stb-pentru-ca-puneau-in-pericol-viata-sau-sanatatea-bucurestenilor\\\/#primaryimage\",\"url\":\"https:\\\/\\\/buletin.de\\\/bucuresti\\\/wp-content\\\/uploads\\\/WhatsApp-Image-2022-03-23-at-12.31.06-1.jpeg\",\"contentUrl\":\"https:\\\/\\\/buletin.de\\\/bucuresti\\\/wp-content\\\/uploads\\\/WhatsApp-Image-2022-03-23-at-12.31.06-1.jpeg\",\"width\":1600,\"height\":1200},{\"@type\":\"BreadcrumbList\",\"@id\":\"https:\\\/\\\/buletin.de\\\/bucuresti\\\/fotovideo-anpc-a-oprit-din-circulatie-mai-multe-mijloace-de-transport-ale-stb-pentru-ca-puneau-in-pericol-viata-sau-sanatatea-bucurestenilor\\\/#breadcrumb\",\"itemListElement\":[{\"@type\":\"ListItem\",\"position\":1,\"name\":\"Acas\u0103\",\"item\":\"https:\\\/\\\/buletin.de\\\/bucuresti\\\/\"},{\"@type\":\"ListItem\",\"position\":2,\"name\":\"FOTO&#038;VIDEO | ANPC a oprit din circula\u021bie mai multe mijloace de transport ale STB pentru c\u0103 puneau \u00een pericol via\u021ba sau s\u0103n\u0103tatea bucure\u0219tenilor\"}]},{\"@type\":\"WebSite\",\"@id\":\"https:\\\/\\\/buletin.de\\\/bucuresti\\\/#website\",\"url\":\"https:\\\/\\\/buletin.de\\\/bucuresti\\\/\",\"name\":\"Buletin de Bucure\u0219ti\",\"description\":\"\u0218tiri \u0219i investiga\u021bii esen\u021biale din capital\u0103\",\"publisher\":{\"@id\":\"https:\\\/\\\/buletin.de\\\/bucuresti\\\/#organization\"},\"potentialAction\":[{\"@type\":\"SearchAction\",\"target\":{\"@type\":\"EntryPoint\",\"urlTemplate\":\"https:\\\/\\\/buletin.de\\\/bucuresti\\\/?s={search_term_string}\"},\"query-input\":{\"@type\":\"PropertyValueSpecification\",\"valueRequired\":true,\"valueName\":\"search_term_string\"}}],\"inLanguage\":\"en-GB\"},{\"@type\":\"Organization\",\"@id\":\"https:\\\/\\\/buletin.de\\\/bucuresti\\\/#organization\",\"name\":\"Buletin de Bucure\u0219ti\",\"url\":\"https:\\\/\\\/buletin.de\\\/bucuresti\\\/\",\"logo\":{\"@type\":\"ImageObject\",\"inLanguage\":\"en-GB\",\"@id\":\"https:\\\/\\\/buletin.de\\\/bucuresti\\\/#\\\/schema\\\/logo\\\/image\\\/\",\"url\":\"https:\\\/\\\/buletin.de\\\/bucuresti\\\/wp-content\\\/uploads\\\/logo-bdb-full-wide-vernil-transparent.png\",\"contentUrl\":\"https:\\\/\\\/buletin.de\\\/bucuresti\\\/wp-content\\\/uploads\\\/logo-bdb-full-wide-vernil-transparent.png\",\"width\":1782,\"height\":626,\"caption\":\"Buletin de Bucure\u0219ti\"},\"image\":{\"@id\":\"https:\\\/\\\/buletin.de\\\/bucuresti\\\/#\\\/schema\\\/logo\\\/image\\\/\"},\"sameAs\":[\"https:\\\/\\\/www.facebook.com\\\/buletin.de.buc\",\"https:\\\/\\\/www.instagram.com\\\/buletinde.bucuresti\\\/\"]},{\"@type\":\"Person\",\"@id\":\"https:\\\/\\\/buletin.de\\\/bucuresti\\\/#\\\/schema\\\/person\\\/b0686d7a8b666c6afc78239777fd8a89\",\"name\":\"Florin R\u00e2\u0219teiu\",\"image\":{\"@type\":\"ImageObject\",\"inLanguage\":\"en-GB\",\"@id\":\"https:\\\/\\\/buletin.de\\\/bucuresti\\\/wp-content\\\/uploads\\\/Florin-Rasteiu-96x96.jpgf0a6fe28453aa12f0a60e4d0a2e3a78c\",\"url\":\"https:\\\/\\\/buletin.de\\\/bucuresti\\\/wp-content\\\/uploads\\\/Florin-Rasteiu-96x96.jpg\",\"contentUrl\":\"https:\\\/\\\/buletin.de\\\/bucuresti\\\/wp-content\\\/uploads\\\/Florin-Rasteiu-96x96.jpg\",\"caption\":\"Florin R\u00e2\u0219teiu\"},\"description\":\"Jurnalist de investiga\u021bie. Lucreaz\u0103 de aproape 6 ani la Buletin de Bucure\u0219ti, unde a publicat articole care scot la suprafa\u021b\u0103 corup\u021bia din Capital\u0103. Analizeaz\u0103 baze de date zilnic \u0219i scoate pove\u0219ti din exceluri pline de cifre. Pune reflectorul pe adev\u0103r cu fiecare ocazie. A c\u00e2\u0219tigat premiul I la categoria Pres\u0103 Local\u0103 \u00een 2025 \u0219i locul al II-lea la aceea\u0219i categorie \u00een 2024 \u00een cadrul Premiilor Superscrieri pentru jurnalism independent.\",\"url\":\"https:\\\/\\\/buletin.de\\\/bucuresti\\\/author\\\/florinrasteiu\\\/\"}]}<\/script>\n<!-- \/ Yoast SEO Premium plugin. -->","yoast_head_json":{"title":"FOTO&VIDEO | ANPC a oprit din circula\u021bie mai multe mijloace de transport ale STB pentru c\u0103 puneau \u00een pericol via\u021ba sau s\u0103n\u0103tatea bucure\u0219tenilor - Buletin de Bucure\u0219ti","robots":{"index":"index","follow":"follow","max-snippet":"max-snippet:-1","max-image-preview":"max-image-preview:large","max-video-preview":"max-video-preview:-1"},"canonical":"https:\/\/buletin.de\/bucuresti\/fotovideo-anpc-a-oprit-din-circulatie-mai-multe-mijloace-de-transport-ale-stb-pentru-ca-puneau-in-pericol-viata-sau-sanatatea-bucurestenilor\/","og_locale":"en_GB","og_type":"article","og_title":"FOTO&VIDEO | ANPC a oprit din circula\u021bie mai multe mijloace de transport ale STB pentru c\u0103 puneau \u00een pericol via\u021ba sau s\u0103n\u0103tatea bucure\u0219tenilor","og_description":"Foarte devreme \u00een aceast\u0103 diminea\u021b\u0103, mai precis \u00een jurul orei 03:30, Autoritatea Na\u021bional\u0103 pentru Protec\u021bia Consumatorilor (ANPC) a controlat autobuzele, troleibuzele \u0219i tramvaiele din principalele depouri STB care ar fi urmat s\u0103 porneasc\u0103 pe traseu la prima or\u0103. Au fost g\u0103site mai multe nereguli, de la u\u0219i care nu se \u00eenchid complet sau lipsa igieniz\u0103rii [&hellip;]","og_url":"https:\/\/buletin.de\/bucuresti\/fotovideo-anpc-a-oprit-din-circulatie-mai-multe-mijloace-de-transport-ale-stb-pentru-ca-puneau-in-pericol-viata-sau-sanatatea-bucurestenilor\/","og_site_name":"Buletin de Bucure\u0219ti","article_publisher":"https:\/\/www.facebook.com\/buletin.de.buc","article_published_time":"2022-03-23T11:54:54+00:00","article_modified_time":"2022-03-23T11:57:46+00:00","og_image":[{"width":1600,"height":1200,"url":"https:\/\/buletin.de\/bucuresti\/wp-content\/uploads\/WhatsApp-Image-2022-03-23-at-12.31.06-1.jpeg","type":"image\/jpeg"}],"author":"Florin R\u00e2\u0219teiu","twitter_card":"summary_large_image","twitter_misc":{"Written by":"Florin R\u00e2\u0219teiu","Estimated reading time":"4 minutes"},"schema":{"@context":"https:\/\/schema.org","@graph":[{"@type":"Article","@id":"https:\/\/buletin.de\/bucuresti\/fotovideo-anpc-a-oprit-din-circulatie-mai-multe-mijloace-de-transport-ale-stb-pentru-ca-puneau-in-pericol-viata-sau-sanatatea-bucurestenilor\/#article","isPartOf":{"@id":"https:\/\/buletin.de\/bucuresti\/fotovideo-anpc-a-oprit-din-circulatie-mai-multe-mijloace-de-transport-ale-stb-pentru-ca-puneau-in-pericol-viata-sau-sanatatea-bucurestenilor\/"},"author":{"name":"Florin R\u00e2\u0219teiu","@id":"https:\/\/buletin.de\/bucuresti\/#\/schema\/person\/b0686d7a8b666c6afc78239777fd8a89"},"headline":"FOTO&#038;VIDEO | ANPC a oprit din circula\u021bie mai multe mijloace de transport ale STB pentru c\u0103 puneau \u00een pericol via\u021ba sau s\u0103n\u0103tatea bucure\u0219tenilor","datePublished":"2022-03-23T11:54:54+00:00","dateModified":"2022-03-23T11:57:46+00:00","mainEntityOfPage":{"@id":"https:\/\/buletin.de\/bucuresti\/fotovideo-anpc-a-oprit-din-circulatie-mai-multe-mijloace-de-transport-ale-stb-pentru-ca-puneau-in-pericol-viata-sau-sanatatea-bucurestenilor\/"},"wordCount":637,"publisher":{"@id":"https:\/\/buletin.de\/bucuresti\/#organization"},"image":{"@id":"https:\/\/buletin.de\/bucuresti\/fotovideo-anpc-a-oprit-din-circulatie-mai-multe-mijloace-de-transport-ale-stb-pentru-ca-puneau-in-pericol-viata-sau-sanatatea-bucurestenilor\/#primaryimage"},"thumbnailUrl":"https:\/\/buletin.de\/bucuresti\/wp-content\/uploads\/WhatsApp-Image-2022-03-23-at-12.31.06-1.jpeg","articleSection":["Featured","Transport"],"inLanguage":"en-GB","copyrightYear":"2022","copyrightHolder":{"@id":"https:\/\/buletin.de\/bucuresti\/#organization"}},{"@type":"WebPage","@id":"https:\/\/buletin.de\/bucuresti\/fotovideo-anpc-a-oprit-din-circulatie-mai-multe-mijloace-de-transport-ale-stb-pentru-ca-puneau-in-pericol-viata-sau-sanatatea-bucurestenilor\/","url":"https:\/\/buletin.de\/bucuresti\/fotovideo-anpc-a-oprit-din-circulatie-mai-multe-mijloace-de-transport-ale-stb-pentru-ca-puneau-in-pericol-viata-sau-sanatatea-bucurestenilor\/","name":"FOTO&VIDEO | ANPC a oprit din circula\u021bie mai multe mijloace de transport ale STB pentru c\u0103 puneau \u00een pericol via\u021ba sau s\u0103n\u0103tatea bucure\u0219tenilor - Buletin de Bucure\u0219ti","isPartOf":{"@id":"https:\/\/buletin.de\/bucuresti\/#website"},"primaryImageOfPage":{"@id":"https:\/\/buletin.de\/bucuresti\/fotovideo-anpc-a-oprit-din-circulatie-mai-multe-mijloace-de-transport-ale-stb-pentru-ca-puneau-in-pericol-viata-sau-sanatatea-bucurestenilor\/#primaryimage"},"image":{"@id":"https:\/\/buletin.de\/bucuresti\/fotovideo-anpc-a-oprit-din-circulatie-mai-multe-mijloace-de-transport-ale-stb-pentru-ca-puneau-in-pericol-viata-sau-sanatatea-bucurestenilor\/#primaryimage"},"thumbnailUrl":"https:\/\/buletin.de\/bucuresti\/wp-content\/uploads\/WhatsApp-Image-2022-03-23-at-12.31.06-1.jpeg","datePublished":"2022-03-23T11:54:54+00:00","dateModified":"2022-03-23T11:57:46+00:00","breadcrumb":{"@id":"https:\/\/buletin.de\/bucuresti\/fotovideo-anpc-a-oprit-din-circulatie-mai-multe-mijloace-de-transport-ale-stb-pentru-ca-puneau-in-pericol-viata-sau-sanatatea-bucurestenilor\/#breadcrumb"},"inLanguage":"en-GB","potentialAction":[{"@type":"ReadAction","target":["https:\/\/buletin.de\/bucuresti\/fotovideo-anpc-a-oprit-din-circulatie-mai-multe-mijloace-de-transport-ale-stb-pentru-ca-puneau-in-pericol-viata-sau-sanatatea-bucurestenilor\/"]}]},{"@type":"ImageObject","inLanguage":"en-GB","@id":"https:\/\/buletin.de\/bucuresti\/fotovideo-anpc-a-oprit-din-circulatie-mai-multe-mijloace-de-transport-ale-stb-pentru-ca-puneau-in-pericol-viata-sau-sanatatea-bucurestenilor\/#primaryimage","url":"https:\/\/buletin.de\/bucuresti\/wp-content\/uploads\/WhatsApp-Image-2022-03-23-at-12.31.06-1.jpeg","contentUrl":"https:\/\/buletin.de\/bucuresti\/wp-content\/uploads\/WhatsApp-Image-2022-03-23-at-12.31.06-1.jpeg","width":1600,"height":1200},{"@type":"BreadcrumbList","@id":"https:\/\/buletin.de\/bucuresti\/fotovideo-anpc-a-oprit-din-circulatie-mai-multe-mijloace-de-transport-ale-stb-pentru-ca-puneau-in-pericol-viata-sau-sanatatea-bucurestenilor\/#breadcrumb","itemListElement":[{"@type":"ListItem","position":1,"name":"Acas\u0103","item":"https:\/\/buletin.de\/bucuresti\/"},{"@type":"ListItem","position":2,"name":"FOTO&#038;VIDEO | ANPC a oprit din circula\u021bie mai multe mijloace de transport ale STB pentru c\u0103 puneau \u00een pericol via\u021ba sau s\u0103n\u0103tatea bucure\u0219tenilor"}]},{"@type":"WebSite","@id":"https:\/\/buletin.de\/bucuresti\/#website","url":"https:\/\/buletin.de\/bucuresti\/","name":"Buletin de Bucure\u0219ti","description":"\u0218tiri \u0219i investiga\u021bii esen\u021biale din capital\u0103","publisher":{"@id":"https:\/\/buletin.de\/bucuresti\/#organization"},"potentialAction":[{"@type":"SearchAction","target":{"@type":"EntryPoint","urlTemplate":"https:\/\/buletin.de\/bucuresti\/?s={search_term_string}"},"query-input":{"@type":"PropertyValueSpecification","valueRequired":true,"valueName":"search_term_string"}}],"inLanguage":"en-GB"},{"@type":"Organization","@id":"https:\/\/buletin.de\/bucuresti\/#organization","name":"Buletin de Bucure\u0219ti","url":"https:\/\/buletin.de\/bucuresti\/","logo":{"@type":"ImageObject","inLanguage":"en-GB","@id":"https:\/\/buletin.de\/bucuresti\/#\/schema\/logo\/image\/","url":"https:\/\/buletin.de\/bucuresti\/wp-content\/uploads\/logo-bdb-full-wide-vernil-transparent.png","contentUrl":"https:\/\/buletin.de\/bucuresti\/wp-content\/uploads\/logo-bdb-full-wide-vernil-transparent.png","width":1782,"height":626,"caption":"Buletin de Bucure\u0219ti"},"image":{"@id":"https:\/\/buletin.de\/bucuresti\/#\/schema\/logo\/image\/"},"sameAs":["https:\/\/www.facebook.com\/buletin.de.buc","https:\/\/www.instagram.com\/buletinde.bucuresti\/"]},{"@type":"Person","@id":"https:\/\/buletin.de\/bucuresti\/#\/schema\/person\/b0686d7a8b666c6afc78239777fd8a89","name":"Florin R\u00e2\u0219teiu","image":{"@type":"ImageObject","inLanguage":"en-GB","@id":"https:\/\/buletin.de\/bucuresti\/wp-content\/uploads\/Florin-Rasteiu-96x96.jpgf0a6fe28453aa12f0a60e4d0a2e3a78c","url":"https:\/\/buletin.de\/bucuresti\/wp-content\/uploads\/Florin-Rasteiu-96x96.jpg","contentUrl":"https:\/\/buletin.de\/bucuresti\/wp-content\/uploads\/Florin-Rasteiu-96x96.jpg","caption":"Florin R\u00e2\u0219teiu"},"description":"Jurnalist de investiga\u021bie. Lucreaz\u0103 de aproape 6 ani la Buletin de Bucure\u0219ti, unde a publicat articole care scot la suprafa\u021b\u0103 corup\u021bia din Capital\u0103. Analizeaz\u0103 baze de date zilnic \u0219i scoate pove\u0219ti din exceluri pline de cifre. Pune reflectorul pe adev\u0103r cu fiecare ocazie. A c\u00e2\u0219tigat premiul I la categoria Pres\u0103 Local\u0103 \u00een 2025 \u0219i locul al II-lea la aceea\u0219i categorie \u00een 2024 \u00een cadrul Premiilor Superscrieri pentru jurnalism independent.","url":"https:\/\/buletin.de\/bucuresti\/author\/florinrasteiu\/"}]}},"authors":[{"term_id":22576,"user_id":17,"is_guest":0,"slug":"florinrasteiu","display_name":"Florin R\u00e2\u0219teiu","avatar_url":"https:\/\/buletin.de\/bucuresti\/wp-content\/uploads\/Florin-Rasteiu-96x96.jpg","0":null,"1":"","2":"","3":"","4":"","5":"","6":"","7":"","8":""}],"_links":{"self":[{"href":"https:\/\/buletin.de\/bucuresti\/wp-json\/wp\/v2\/posts\/40602","targetHints":{"allow":["GET"]}}],"collection":[{"href":"https:\/\/buletin.de\/bucuresti\/wp-json\/wp\/v2\/posts"}],"about":[{"href":"https:\/\/buletin.de\/bucuresti\/wp-json\/wp\/v2\/types\/post"}],"author":[{"embeddable":true,"href":"https:\/\/buletin.de\/bucuresti\/wp-json\/wp\/v2\/users\/17"}],"replies":[{"embeddable":true,"href":"https:\/\/buletin.de\/bucuresti\/wp-json\/wp\/v2\/comments?post=40602"}],"version-history":[{"count":5,"href":"https:\/\/buletin.de\/bucuresti\/wp-json\/wp\/v2\/posts\/40602\/revisions"}],"predecessor-version":[{"id":40622,"href":"https:\/\/buletin.de\/bucuresti\/wp-json\/wp\/v2\/posts\/40602\/revisions\/40622"}],"wp:featuredmedia":[{"embeddable":true,"href":"https:\/\/buletin.de\/bucuresti\/wp-json\/wp\/v2\/media\/40619"}],"wp:attachment":[{"href":"https:\/\/buletin.de\/bucuresti\/wp-json\/wp\/v2\/media?parent=40602"}],"wp:term":[{"taxonomy":"category","embeddable":true,"href":"https:\/\/buletin.de\/bucuresti\/wp-json\/wp\/v2\/categories?post=40602"},{"taxonomy":"post_tag","embeddable":true,"href":"https:\/\/buletin.de\/bucuresti\/wp-json\/wp\/v2\/tags?post=40602"},{"taxonomy":"author","embeddable":true,"href":"https:\/\/buletin.de\/bucuresti\/wp-json\/wp\/v2\/ppma_author?post=40602"}],"curies":[{"name":"wp","href":"https:\/\/api.w.org\/{rel}","templated":true}]}}