{"id":40357,"date":"2022-03-19T20:19:51","date_gmt":"2022-03-19T18:19:51","guid":{"rendered":"https:\/\/buletin.de\/bucuresti\/?p=40357"},"modified":"2022-03-19T20:19:53","modified_gmt":"2022-03-19T18:19:53","slug":"stop-the-war-miting-impotriva-razboiului-din-ucraina-in-capitala","status":"publish","type":"post","link":"https:\/\/buletin.de\/bucuresti\/stop-the-war-miting-impotriva-razboiului-din-ucraina-in-capitala\/","title":{"rendered":"Stop the War! &#8211; Miting \u00eempotriva r\u0103zboiului din Ucraina \u00een Capital\u0103"},"content":{"rendered":"\n<p class=\"has-pale-cyan-blue-background-color has-background\">Sute de persoane particip\u0103 la un miting \u00eempotriva r\u0103zboiului din Ucraina, \u00een fa\u021ba Ambasadei Rusiei la Bucure\u0219ti. Participan\u021bii s-au adunat la ora 16:00 \u00een Pia\u021ba Victoriei \u0219i au pornit \u00een mar\u0219 spre ambasada rus\u0103. Ace\u0219tia cer oprirea r\u0103zboiului, iar printre manifestan\u021bi se num\u0103r\u0103 \u0219i refugia\u021bi ucraineni.<\/p>\n\n\n\n<iframe src=\"https:\/\/www.facebook.com\/plugins\/video.php?height=476&#038;href=https%3A%2F%2Fwww.facebook.com%2Fandreea.toma.547389%2Fvideos%2F387786916133290%2F&#038;show_text=true&#038;width=267&#038;t=0\" width=\"267\" height=\"591\" style=\"border:none;overflow:hidden\" scrolling=\"no\" frameborder=\"0\" allowfullscreen=\"true\" allow=\"autoplay; clipboard-write; encrypted-media; picture-in-picture; web-share\" allowFullScreen=\"true\"><\/iframe>\n\n\n\n<p>\u201eEste un gest comun al ora\u0219elor europene prin care \u00ee\u0219i manifest\u0103 sus\u021binerea pentru Ucraina \u00een aceast\u0103 situa\u021bie dificil\u0103, dar \u0219i pozi\u021bia ferm\u0103 \u00eempotriva oric\u0103ror acte care limiteaz\u0103 libertatea statelor lumii.<\/p>\n\n\n\n<p>Ne al\u0103tur\u0103m demersului \u0219i \u00eei invit\u0103m pe to\u021bi cei care cred \u00een pace \u0219i doresc s\u0103 trimit\u0103 un semnal puternic pentru \u00eencetarea acestui r\u0103zboi injust, neprovocat, care ucide zilnic oameni nevinova\u021bi!<\/p>\n\n\n\n<p>Cerem Rusiei sa puna capat masacr\u0103rii vie\u021bilor nevinovate ale civililor ucraineni, mul\u021bi dintre ei, copii!!<\/p>\n\n\n\n<p>Este o datorie \u0219i \u00een virtutea Tratatului de la Budapesta din 1994, prin care Federa\u021bia Rus\u0103 \u0219i-a asumat respectarea suveranit\u0103\u021bii Ucrainei, dar pe care a decis s\u0103 o invadeze!<\/p>\n\n\n\n<p>Prezentul protest e o mi\u0219care civic\u0103: nu are afiliere politic\u0103, nu este determinat de organiza\u021bii politice sau institu\u021bii ale statului rom\u00e2n, nu poate fi revendicat de lideri politici ai partidelor.<\/p>\n\n\n\n<p>Participarea fiec\u0103ruia la protest semnific\u0103 comemorarea victimelor \u0219i solidarizarea cu cet\u0103\u021benii ucraineni \u0219i ru\u0219i care se pronun\u021b\u0103 pentru solu\u021bionarea nonviolent\u0103 a crizei \u0219i evitarea escalad\u0103rii conflictului\u201d, se precizeaz\u0103 <a href=\"https:\/\/www.facebook.com\/events\/5161807163902914\/\">pe pagina evenimentului.<\/a><\/p>\n\n\n\n<p>Protestul este organizat de Funky Citizens, Corup\u021bia Ucide, Greenpeace Romania, Voluntari \u00een Europa, Rezisten\u021ba Civic\u0103 Gala\u021bi, Aradul Civic, Geeks for Democracy, Rezistenta, \u0218tafeta Steagului Uniunii Europene, Rezist Gala\u021bi, Ini\u021biativa Rom\u00e2nia, Reset \u0219i Declic.<\/p>\n\n\n\n<p>foto main: Facebook\/Elena Ciubuca<\/p>\n","protected":false},"excerpt":{"rendered":"<p>Sute de persoane particip\u0103 la un miting \u00eempotriva r\u0103zboiului din Ucraina, \u00een fa\u021ba Ambasadei Rusiei la Bucure\u0219ti. Participan\u021bii s-au adunat la ora 16:00 \u00een Pia\u021ba Victoriei \u0219i au pornit \u00een mar\u0219 spre ambasada rus\u0103. Ace\u0219tia cer oprirea r\u0103zboiului, iar printre manifestan\u021bi se num\u0103r\u0103 \u0219i refugia\u021bi ucraineni. \u201eEste un gest comun al ora\u0219elor europene prin care [&hellip;]<\/p>\n","protected":false},"author":38,"featured_media":40358,"comment_status":"closed","ping_status":"open","sticky":false,"template":"","format":"standard","meta":{"_acf_changed":false,"inline_featured_image":false,"ngg_post_thumbnail":0,"footnotes":""},"categories":[62],"tags":[114,4023,4068],"ppma_author":[22601],"class_list":["post-40357","post","type-post","status-publish","format-standard","has-post-thumbnail","hentry","category-stiri","tag-protest","tag-razboi-ucraina","tag-stop-the-war"],"acf":[],"yoast_head":"<!-- This site is optimized with the Yoast SEO Premium plugin v25.3 (Yoast SEO v27.4) - https:\/\/yoast.com\/product\/yoast-seo-premium-wordpress\/ -->\n<title>Stop the War! - Miting \u00eempotriva r\u0103zboiului din Ucraina \u00een Capital\u0103 - Buletin de Bucure\u0219ti<\/title>\n<meta name=\"robots\" content=\"index, follow, max-snippet:-1, max-image-preview:large, max-video-preview:-1\" \/>\n<link rel=\"canonical\" href=\"https:\/\/buletin.de\/bucuresti\/stop-the-war-miting-impotriva-razboiului-din-ucraina-in-capitala\/\" \/>\n<meta property=\"og:locale\" content=\"en_GB\" \/>\n<meta property=\"og:type\" content=\"article\" \/>\n<meta property=\"og:title\" content=\"Stop the War! - Miting \u00eempotriva r\u0103zboiului din Ucraina \u00een Capital\u0103\" \/>\n<meta property=\"og:description\" content=\"Sute de persoane particip\u0103 la un miting \u00eempotriva r\u0103zboiului din Ucraina, \u00een fa\u021ba Ambasadei Rusiei la Bucure\u0219ti. Participan\u021bii s-au adunat la ora 16:00 \u00een Pia\u021ba Victoriei \u0219i au pornit \u00een mar\u0219 spre ambasada rus\u0103. Ace\u0219tia cer oprirea r\u0103zboiului, iar printre manifestan\u021bi se num\u0103r\u0103 \u0219i refugia\u021bi ucraineni. \u201eEste un gest comun al ora\u0219elor europene prin care [&hellip;]\" \/>\n<meta property=\"og:url\" content=\"https:\/\/buletin.de\/bucuresti\/stop-the-war-miting-impotriva-razboiului-din-ucraina-in-capitala\/\" \/>\n<meta property=\"og:site_name\" content=\"Buletin de Bucure\u0219ti\" \/>\n<meta property=\"article:publisher\" content=\"https:\/\/www.facebook.com\/buletin.de.buc\" \/>\n<meta property=\"article:published_time\" content=\"2022-03-19T18:19:51+00:00\" \/>\n<meta property=\"article:modified_time\" content=\"2022-03-19T18:19:53+00:00\" \/>\n<meta property=\"og:image\" content=\"https:\/\/buletin.de\/bucuresti\/wp-content\/uploads\/elena-ciubuca-foto.jpg\" \/>\n\t<meta property=\"og:image:width\" content=\"2048\" \/>\n\t<meta property=\"og:image:height\" content=\"1536\" \/>\n\t<meta property=\"og:image:type\" content=\"image\/jpeg\" \/>\n<meta name=\"author\" content=\"Anamaria Nedelcoff\" \/>\n<meta name=\"twitter:card\" content=\"summary_large_image\" \/>\n<meta name=\"twitter:label1\" content=\"Written by\" \/>\n\t<meta name=\"twitter:data1\" content=\"Anamaria Nedelcoff\" \/>\n\t<meta name=\"twitter:label2\" content=\"Estimated reading time\" \/>\n\t<meta name=\"twitter:data2\" content=\"2 minutes\" \/>\n<script type=\"application\/ld+json\" class=\"yoast-schema-graph\">{\"@context\":\"https:\\\/\\\/schema.org\",\"@graph\":[{\"@type\":\"Article\",\"@id\":\"https:\\\/\\\/buletin.de\\\/bucuresti\\\/stop-the-war-miting-impotriva-razboiului-din-ucraina-in-capitala\\\/#article\",\"isPartOf\":{\"@id\":\"https:\\\/\\\/buletin.de\\\/bucuresti\\\/stop-the-war-miting-impotriva-razboiului-din-ucraina-in-capitala\\\/\"},\"author\":{\"name\":\"Anamaria Nedelcoff\",\"@id\":\"https:\\\/\\\/buletin.de\\\/bucuresti\\\/#\\\/schema\\\/person\\\/bfa22994f12f5d3353b170aca494f1f9\"},\"headline\":\"Stop the War! &#8211; Miting \u00eempotriva r\u0103zboiului din Ucraina \u00een Capital\u0103\",\"datePublished\":\"2022-03-19T18:19:51+00:00\",\"dateModified\":\"2022-03-19T18:19:53+00:00\",\"mainEntityOfPage\":{\"@id\":\"https:\\\/\\\/buletin.de\\\/bucuresti\\\/stop-the-war-miting-impotriva-razboiului-din-ucraina-in-capitala\\\/\"},\"wordCount\":301,\"publisher\":{\"@id\":\"https:\\\/\\\/buletin.de\\\/bucuresti\\\/#organization\"},\"image\":{\"@id\":\"https:\\\/\\\/buletin.de\\\/bucuresti\\\/stop-the-war-miting-impotriva-razboiului-din-ucraina-in-capitala\\\/#primaryimage\"},\"thumbnailUrl\":\"https:\\\/\\\/buletin.de\\\/bucuresti\\\/wp-content\\\/uploads\\\/elena-ciubuca-foto.jpg\",\"keywords\":[\"protest\",\"razboi ucraina\",\"stop the war\"],\"articleSection\":[\"\u0218tiri\"],\"inLanguage\":\"en-GB\",\"copyrightYear\":\"2022\",\"copyrightHolder\":{\"@id\":\"https:\\\/\\\/buletin.de\\\/bucuresti\\\/#organization\"}},{\"@type\":\"WebPage\",\"@id\":\"https:\\\/\\\/buletin.de\\\/bucuresti\\\/stop-the-war-miting-impotriva-razboiului-din-ucraina-in-capitala\\\/\",\"url\":\"https:\\\/\\\/buletin.de\\\/bucuresti\\\/stop-the-war-miting-impotriva-razboiului-din-ucraina-in-capitala\\\/\",\"name\":\"Stop the War! - Miting \u00eempotriva r\u0103zboiului din Ucraina \u00een Capital\u0103 - Buletin de Bucure\u0219ti\",\"isPartOf\":{\"@id\":\"https:\\\/\\\/buletin.de\\\/bucuresti\\\/#website\"},\"primaryImageOfPage\":{\"@id\":\"https:\\\/\\\/buletin.de\\\/bucuresti\\\/stop-the-war-miting-impotriva-razboiului-din-ucraina-in-capitala\\\/#primaryimage\"},\"image\":{\"@id\":\"https:\\\/\\\/buletin.de\\\/bucuresti\\\/stop-the-war-miting-impotriva-razboiului-din-ucraina-in-capitala\\\/#primaryimage\"},\"thumbnailUrl\":\"https:\\\/\\\/buletin.de\\\/bucuresti\\\/wp-content\\\/uploads\\\/elena-ciubuca-foto.jpg\",\"datePublished\":\"2022-03-19T18:19:51+00:00\",\"dateModified\":\"2022-03-19T18:19:53+00:00\",\"breadcrumb\":{\"@id\":\"https:\\\/\\\/buletin.de\\\/bucuresti\\\/stop-the-war-miting-impotriva-razboiului-din-ucraina-in-capitala\\\/#breadcrumb\"},\"inLanguage\":\"en-GB\",\"potentialAction\":[{\"@type\":\"ReadAction\",\"target\":[\"https:\\\/\\\/buletin.de\\\/bucuresti\\\/stop-the-war-miting-impotriva-razboiului-din-ucraina-in-capitala\\\/\"]}]},{\"@type\":\"ImageObject\",\"inLanguage\":\"en-GB\",\"@id\":\"https:\\\/\\\/buletin.de\\\/bucuresti\\\/stop-the-war-miting-impotriva-razboiului-din-ucraina-in-capitala\\\/#primaryimage\",\"url\":\"https:\\\/\\\/buletin.de\\\/bucuresti\\\/wp-content\\\/uploads\\\/elena-ciubuca-foto.jpg\",\"contentUrl\":\"https:\\\/\\\/buletin.de\\\/bucuresti\\\/wp-content\\\/uploads\\\/elena-ciubuca-foto.jpg\",\"width\":2048,\"height\":1536},{\"@type\":\"BreadcrumbList\",\"@id\":\"https:\\\/\\\/buletin.de\\\/bucuresti\\\/stop-the-war-miting-impotriva-razboiului-din-ucraina-in-capitala\\\/#breadcrumb\",\"itemListElement\":[{\"@type\":\"ListItem\",\"position\":1,\"name\":\"Acas\u0103\",\"item\":\"https:\\\/\\\/buletin.de\\\/bucuresti\\\/\"},{\"@type\":\"ListItem\",\"position\":2,\"name\":\"Stop the War! &#8211; Miting \u00eempotriva r\u0103zboiului din Ucraina \u00een Capital\u0103\"}]},{\"@type\":\"WebSite\",\"@id\":\"https:\\\/\\\/buletin.de\\\/bucuresti\\\/#website\",\"url\":\"https:\\\/\\\/buletin.de\\\/bucuresti\\\/\",\"name\":\"Buletin de Bucure\u0219ti\",\"description\":\"\u0218tiri \u0219i investiga\u021bii esen\u021biale din capital\u0103\",\"publisher\":{\"@id\":\"https:\\\/\\\/buletin.de\\\/bucuresti\\\/#organization\"},\"potentialAction\":[{\"@type\":\"SearchAction\",\"target\":{\"@type\":\"EntryPoint\",\"urlTemplate\":\"https:\\\/\\\/buletin.de\\\/bucuresti\\\/?s={search_term_string}\"},\"query-input\":{\"@type\":\"PropertyValueSpecification\",\"valueRequired\":true,\"valueName\":\"search_term_string\"}}],\"inLanguage\":\"en-GB\"},{\"@type\":\"Organization\",\"@id\":\"https:\\\/\\\/buletin.de\\\/bucuresti\\\/#organization\",\"name\":\"Buletin de Bucure\u0219ti\",\"url\":\"https:\\\/\\\/buletin.de\\\/bucuresti\\\/\",\"logo\":{\"@type\":\"ImageObject\",\"inLanguage\":\"en-GB\",\"@id\":\"https:\\\/\\\/buletin.de\\\/bucuresti\\\/#\\\/schema\\\/logo\\\/image\\\/\",\"url\":\"https:\\\/\\\/buletin.de\\\/bucuresti\\\/wp-content\\\/uploads\\\/logo-bdb-full-wide-vernil-transparent.png\",\"contentUrl\":\"https:\\\/\\\/buletin.de\\\/bucuresti\\\/wp-content\\\/uploads\\\/logo-bdb-full-wide-vernil-transparent.png\",\"width\":1782,\"height\":626,\"caption\":\"Buletin de Bucure\u0219ti\"},\"image\":{\"@id\":\"https:\\\/\\\/buletin.de\\\/bucuresti\\\/#\\\/schema\\\/logo\\\/image\\\/\"},\"sameAs\":[\"https:\\\/\\\/www.facebook.com\\\/buletin.de.buc\",\"https:\\\/\\\/www.instagram.com\\\/buletinde.bucuresti\\\/\"]},{\"@type\":\"Person\",\"@id\":\"https:\\\/\\\/buletin.de\\\/bucuresti\\\/#\\\/schema\\\/person\\\/bfa22994f12f5d3353b170aca494f1f9\",\"name\":\"Anamaria Nedelcoff\",\"image\":{\"@type\":\"ImageObject\",\"inLanguage\":\"en-GB\",\"@id\":\"https:\\\/\\\/secure.gravatar.com\\\/avatar\\\/409df91a26b98006111557131cc35236962765b734317e1dcf94c6bc1d010629?s=96&d=monsterid&r=g9bc3ae6c8e1522e913d1a0debd6aec89\",\"url\":\"https:\\\/\\\/secure.gravatar.com\\\/avatar\\\/409df91a26b98006111557131cc35236962765b734317e1dcf94c6bc1d010629?s=96&d=monsterid&r=g\",\"contentUrl\":\"https:\\\/\\\/secure.gravatar.com\\\/avatar\\\/409df91a26b98006111557131cc35236962765b734317e1dcf94c6bc1d010629?s=96&d=monsterid&r=g\",\"caption\":\"Anamaria Nedelcoff\"},\"url\":\"https:\\\/\\\/buletin.de\\\/bucuresti\\\/author\\\/nedelcoff\\\/\"}]}<\/script>\n<!-- \/ Yoast SEO Premium plugin. -->","yoast_head_json":{"title":"Stop the War! - Miting \u00eempotriva r\u0103zboiului din Ucraina \u00een Capital\u0103 - Buletin de Bucure\u0219ti","robots":{"index":"index","follow":"follow","max-snippet":"max-snippet:-1","max-image-preview":"max-image-preview:large","max-video-preview":"max-video-preview:-1"},"canonical":"https:\/\/buletin.de\/bucuresti\/stop-the-war-miting-impotriva-razboiului-din-ucraina-in-capitala\/","og_locale":"en_GB","og_type":"article","og_title":"Stop the War! - Miting \u00eempotriva r\u0103zboiului din Ucraina \u00een Capital\u0103","og_description":"Sute de persoane particip\u0103 la un miting \u00eempotriva r\u0103zboiului din Ucraina, \u00een fa\u021ba Ambasadei Rusiei la Bucure\u0219ti. Participan\u021bii s-au adunat la ora 16:00 \u00een Pia\u021ba Victoriei \u0219i au pornit \u00een mar\u0219 spre ambasada rus\u0103. Ace\u0219tia cer oprirea r\u0103zboiului, iar printre manifestan\u021bi se num\u0103r\u0103 \u0219i refugia\u021bi ucraineni. \u201eEste un gest comun al ora\u0219elor europene prin care [&hellip;]","og_url":"https:\/\/buletin.de\/bucuresti\/stop-the-war-miting-impotriva-razboiului-din-ucraina-in-capitala\/","og_site_name":"Buletin de Bucure\u0219ti","article_publisher":"https:\/\/www.facebook.com\/buletin.de.buc","article_published_time":"2022-03-19T18:19:51+00:00","article_modified_time":"2022-03-19T18:19:53+00:00","og_image":[{"width":2048,"height":1536,"url":"https:\/\/buletin.de\/bucuresti\/wp-content\/uploads\/elena-ciubuca-foto.jpg","type":"image\/jpeg"}],"author":"Anamaria Nedelcoff","twitter_card":"summary_large_image","twitter_misc":{"Written by":"Anamaria Nedelcoff","Estimated reading time":"2 minutes"},"schema":{"@context":"https:\/\/schema.org","@graph":[{"@type":"Article","@id":"https:\/\/buletin.de\/bucuresti\/stop-the-war-miting-impotriva-razboiului-din-ucraina-in-capitala\/#article","isPartOf":{"@id":"https:\/\/buletin.de\/bucuresti\/stop-the-war-miting-impotriva-razboiului-din-ucraina-in-capitala\/"},"author":{"name":"Anamaria Nedelcoff","@id":"https:\/\/buletin.de\/bucuresti\/#\/schema\/person\/bfa22994f12f5d3353b170aca494f1f9"},"headline":"Stop the War! &#8211; Miting \u00eempotriva r\u0103zboiului din Ucraina \u00een Capital\u0103","datePublished":"2022-03-19T18:19:51+00:00","dateModified":"2022-03-19T18:19:53+00:00","mainEntityOfPage":{"@id":"https:\/\/buletin.de\/bucuresti\/stop-the-war-miting-impotriva-razboiului-din-ucraina-in-capitala\/"},"wordCount":301,"publisher":{"@id":"https:\/\/buletin.de\/bucuresti\/#organization"},"image":{"@id":"https:\/\/buletin.de\/bucuresti\/stop-the-war-miting-impotriva-razboiului-din-ucraina-in-capitala\/#primaryimage"},"thumbnailUrl":"https:\/\/buletin.de\/bucuresti\/wp-content\/uploads\/elena-ciubuca-foto.jpg","keywords":["protest","razboi ucraina","stop the war"],"articleSection":["\u0218tiri"],"inLanguage":"en-GB","copyrightYear":"2022","copyrightHolder":{"@id":"https:\/\/buletin.de\/bucuresti\/#organization"}},{"@type":"WebPage","@id":"https:\/\/buletin.de\/bucuresti\/stop-the-war-miting-impotriva-razboiului-din-ucraina-in-capitala\/","url":"https:\/\/buletin.de\/bucuresti\/stop-the-war-miting-impotriva-razboiului-din-ucraina-in-capitala\/","name":"Stop the War! - Miting \u00eempotriva r\u0103zboiului din Ucraina \u00een Capital\u0103 - Buletin de Bucure\u0219ti","isPartOf":{"@id":"https:\/\/buletin.de\/bucuresti\/#website"},"primaryImageOfPage":{"@id":"https:\/\/buletin.de\/bucuresti\/stop-the-war-miting-impotriva-razboiului-din-ucraina-in-capitala\/#primaryimage"},"image":{"@id":"https:\/\/buletin.de\/bucuresti\/stop-the-war-miting-impotriva-razboiului-din-ucraina-in-capitala\/#primaryimage"},"thumbnailUrl":"https:\/\/buletin.de\/bucuresti\/wp-content\/uploads\/elena-ciubuca-foto.jpg","datePublished":"2022-03-19T18:19:51+00:00","dateModified":"2022-03-19T18:19:53+00:00","breadcrumb":{"@id":"https:\/\/buletin.de\/bucuresti\/stop-the-war-miting-impotriva-razboiului-din-ucraina-in-capitala\/#breadcrumb"},"inLanguage":"en-GB","potentialAction":[{"@type":"ReadAction","target":["https:\/\/buletin.de\/bucuresti\/stop-the-war-miting-impotriva-razboiului-din-ucraina-in-capitala\/"]}]},{"@type":"ImageObject","inLanguage":"en-GB","@id":"https:\/\/buletin.de\/bucuresti\/stop-the-war-miting-impotriva-razboiului-din-ucraina-in-capitala\/#primaryimage","url":"https:\/\/buletin.de\/bucuresti\/wp-content\/uploads\/elena-ciubuca-foto.jpg","contentUrl":"https:\/\/buletin.de\/bucuresti\/wp-content\/uploads\/elena-ciubuca-foto.jpg","width":2048,"height":1536},{"@type":"BreadcrumbList","@id":"https:\/\/buletin.de\/bucuresti\/stop-the-war-miting-impotriva-razboiului-din-ucraina-in-capitala\/#breadcrumb","itemListElement":[{"@type":"ListItem","position":1,"name":"Acas\u0103","item":"https:\/\/buletin.de\/bucuresti\/"},{"@type":"ListItem","position":2,"name":"Stop the War! &#8211; Miting \u00eempotriva r\u0103zboiului din Ucraina \u00een Capital\u0103"}]},{"@type":"WebSite","@id":"https:\/\/buletin.de\/bucuresti\/#website","url":"https:\/\/buletin.de\/bucuresti\/","name":"Buletin de Bucure\u0219ti","description":"\u0218tiri \u0219i investiga\u021bii esen\u021biale din capital\u0103","publisher":{"@id":"https:\/\/buletin.de\/bucuresti\/#organization"},"potentialAction":[{"@type":"SearchAction","target":{"@type":"EntryPoint","urlTemplate":"https:\/\/buletin.de\/bucuresti\/?s={search_term_string}"},"query-input":{"@type":"PropertyValueSpecification","valueRequired":true,"valueName":"search_term_string"}}],"inLanguage":"en-GB"},{"@type":"Organization","@id":"https:\/\/buletin.de\/bucuresti\/#organization","name":"Buletin de Bucure\u0219ti","url":"https:\/\/buletin.de\/bucuresti\/","logo":{"@type":"ImageObject","inLanguage":"en-GB","@id":"https:\/\/buletin.de\/bucuresti\/#\/schema\/logo\/image\/","url":"https:\/\/buletin.de\/bucuresti\/wp-content\/uploads\/logo-bdb-full-wide-vernil-transparent.png","contentUrl":"https:\/\/buletin.de\/bucuresti\/wp-content\/uploads\/logo-bdb-full-wide-vernil-transparent.png","width":1782,"height":626,"caption":"Buletin de Bucure\u0219ti"},"image":{"@id":"https:\/\/buletin.de\/bucuresti\/#\/schema\/logo\/image\/"},"sameAs":["https:\/\/www.facebook.com\/buletin.de.buc","https:\/\/www.instagram.com\/buletinde.bucuresti\/"]},{"@type":"Person","@id":"https:\/\/buletin.de\/bucuresti\/#\/schema\/person\/bfa22994f12f5d3353b170aca494f1f9","name":"Anamaria Nedelcoff","image":{"@type":"ImageObject","inLanguage":"en-GB","@id":"https:\/\/secure.gravatar.com\/avatar\/409df91a26b98006111557131cc35236962765b734317e1dcf94c6bc1d010629?s=96&d=monsterid&r=g9bc3ae6c8e1522e913d1a0debd6aec89","url":"https:\/\/secure.gravatar.com\/avatar\/409df91a26b98006111557131cc35236962765b734317e1dcf94c6bc1d010629?s=96&d=monsterid&r=g","contentUrl":"https:\/\/secure.gravatar.com\/avatar\/409df91a26b98006111557131cc35236962765b734317e1dcf94c6bc1d010629?s=96&d=monsterid&r=g","caption":"Anamaria Nedelcoff"},"url":"https:\/\/buletin.de\/bucuresti\/author\/nedelcoff\/"}]}},"authors":[{"term_id":22601,"user_id":38,"is_guest":0,"slug":"nedelcoff","display_name":"Anamaria Nedelcoff","avatar_url":"https:\/\/secure.gravatar.com\/avatar\/409df91a26b98006111557131cc35236962765b734317e1dcf94c6bc1d010629?s=96&d=monsterid&r=g","0":null,"1":"","2":"","3":"","4":"","5":"","6":"","7":"","8":""}],"_links":{"self":[{"href":"https:\/\/buletin.de\/bucuresti\/wp-json\/wp\/v2\/posts\/40357","targetHints":{"allow":["GET"]}}],"collection":[{"href":"https:\/\/buletin.de\/bucuresti\/wp-json\/wp\/v2\/posts"}],"about":[{"href":"https:\/\/buletin.de\/bucuresti\/wp-json\/wp\/v2\/types\/post"}],"author":[{"embeddable":true,"href":"https:\/\/buletin.de\/bucuresti\/wp-json\/wp\/v2\/users\/38"}],"replies":[{"embeddable":true,"href":"https:\/\/buletin.de\/bucuresti\/wp-json\/wp\/v2\/comments?post=40357"}],"version-history":[{"count":3,"href":"https:\/\/buletin.de\/bucuresti\/wp-json\/wp\/v2\/posts\/40357\/revisions"}],"predecessor-version":[{"id":40361,"href":"https:\/\/buletin.de\/bucuresti\/wp-json\/wp\/v2\/posts\/40357\/revisions\/40361"}],"wp:featuredmedia":[{"embeddable":true,"href":"https:\/\/buletin.de\/bucuresti\/wp-json\/wp\/v2\/media\/40358"}],"wp:attachment":[{"href":"https:\/\/buletin.de\/bucuresti\/wp-json\/wp\/v2\/media?parent=40357"}],"wp:term":[{"taxonomy":"category","embeddable":true,"href":"https:\/\/buletin.de\/bucuresti\/wp-json\/wp\/v2\/categories?post=40357"},{"taxonomy":"post_tag","embeddable":true,"href":"https:\/\/buletin.de\/bucuresti\/wp-json\/wp\/v2\/tags?post=40357"},{"taxonomy":"author","embeddable":true,"href":"https:\/\/buletin.de\/bucuresti\/wp-json\/wp\/v2\/ppma_author?post=40357"}],"curies":[{"name":"wp","href":"https:\/\/api.w.org\/{rel}","templated":true}]}}