{"id":40348,"date":"2022-03-18T18:13:09","date_gmt":"2022-03-18T16:13:09","guid":{"rendered":"https:\/\/buletin.de\/bucuresti\/?p=40348"},"modified":"2022-03-18T18:13:10","modified_gmt":"2022-03-18T16:13:10","slug":"peste-940-de-refugiati-ucraineni-au-fost-cazati-in-centrele-pmb","status":"publish","type":"post","link":"https:\/\/buletin.de\/bucuresti\/peste-940-de-refugiati-ucraineni-au-fost-cazati-in-centrele-pmb\/","title":{"rendered":"Peste 940 de refugia\u021bi ucraineni au fost caza\u021bi \u00een centrele PMB"},"content":{"rendered":"\n<p class=\"has-pale-cyan-blue-background-color has-background\">Peste 940 de refugia\u021bi ucraineni \u0219i au fost caza\u021bi \u00een centrele Prim\u0103riei Bucure\u0219ti p\u00e2n\u0103 acum. Aproape jum\u0103tate dintre ace\u0219tia erau copii, precizeaz\u0103 institu\u021bia, \u00eentr-un bilan\u021b prezentat vineri.<\/p>\n\n\n\n<p>Astfel, p\u00e2n\u0103 \u00een momentul de fa\u021b\u0103, aproximativ 11.500 refugia\u021bi consilia\u021bi \u0219i ajuta\u021bi la Punctul de Informare \u015fi Coordonare care&nbsp; func\u0163ioneaz\u0103 non-stop la Gara de Nord.<\/p>\n\n\n\n<p>Prim\u0103ria Capitalei are 8 centre de cazare,\u00a0 7 apar\u021bin Direc\u021biei Generale de Asisten\u021b\u0103 Social\u0103 Bucure\u0219ti, iar unul a fost realizat \u00een parteneriat cu Romexpo. 177 de oameni sunt caza\u021bi \u00een prezent \u00een aceste centre. 88 de animale de companie au fost cazate \u00eempreun\u0103 cu familiile refugiate.<\/p>\n\n\n\n<figure class=\"wp-block-gallery columns-3 is-cropped wp-block-gallery-1 is-layout-flex wp-block-gallery-is-layout-flex\"><ul class=\"blocks-gallery-grid\"><li class=\"blocks-gallery-item\"><figure><img fetchpriority=\"high\" decoding=\"async\" width=\"675\" height=\"900\" src=\"data:image\/gif;base64,R0lGODlhAQABAAAAACH5BAEKAAEALAAAAAABAAEAAAICTAEAOw==\" data-src=\"https:\/\/buletin.de\/bucuresti\/wp-content\/uploads\/refugiati-ucraina-1-675x900.jpg\" alt=\"\" data-id=\"40349\" data-full-url=\"https:\/\/buletin.de\/bucuresti\/wp-content\/uploads\/refugiati-ucraina-1.jpg\" data-link=\"https:\/\/buletin.de\/bucuresti\/?attachment_id=40349\" class=\"wp-image-40349 lazyload\" data-sizes=\"auto\" data-srcset=\"https:\/\/buletin.de\/bucuresti\/wp-content\/uploads\/refugiati-ucraina-1-675x900.jpg 675w, https:\/\/buletin.de\/bucuresti\/wp-content\/uploads\/refugiati-ucraina-1-225x300.jpg 225w, https:\/\/buletin.de\/bucuresti\/wp-content\/uploads\/refugiati-ucraina-1-768x1024.jpg 768w, https:\/\/buletin.de\/bucuresti\/wp-content\/uploads\/refugiati-ucraina-1-1060x1413.jpg 1060w, https:\/\/buletin.de\/bucuresti\/wp-content\/uploads\/refugiati-ucraina-1-550x733.jpg 550w, https:\/\/buletin.de\/bucuresti\/wp-content\/uploads\/refugiati-ucraina-1-375x500.jpg 375w, https:\/\/buletin.de\/bucuresti\/wp-content\/uploads\/refugiati-ucraina-1-810x1080.jpg 810w, https:\/\/buletin.de\/bucuresti\/wp-content\/uploads\/refugiati-ucraina-1-600x800.jpg 600w, https:\/\/buletin.de\/bucuresti\/wp-content\/uploads\/refugiati-ucraina-1.jpg 1080w\" sizes=\"(max-width: 675px) 100vw, 675px\" \/><\/figure><\/li><li class=\"blocks-gallery-item\"><figure><img decoding=\"async\" width=\"506\" height=\"900\" src=\"data:image\/gif;base64,R0lGODlhAQABAAAAACH5BAEKAAEALAAAAAABAAEAAAICTAEAOw==\" data-src=\"https:\/\/buletin.de\/bucuresti\/wp-content\/uploads\/refugiati-ucraina-2-506x900.jpg\" alt=\"\" data-id=\"40350\" data-full-url=\"https:\/\/buletin.de\/bucuresti\/wp-content\/uploads\/refugiati-ucraina-2.jpg\" data-link=\"https:\/\/buletin.de\/bucuresti\/?attachment_id=40350\" class=\"wp-image-40350 lazyload\" data-sizes=\"auto\" data-srcset=\"https:\/\/buletin.de\/bucuresti\/wp-content\/uploads\/refugiati-ucraina-2-506x900.jpg 506w, https:\/\/buletin.de\/bucuresti\/wp-content\/uploads\/refugiati-ucraina-2-169x300.jpg 169w, https:\/\/buletin.de\/bucuresti\/wp-content\/uploads\/refugiati-ucraina-2-768x1365.jpg 768w, https:\/\/buletin.de\/bucuresti\/wp-content\/uploads\/refugiati-ucraina-2-550x978.jpg 550w, https:\/\/buletin.de\/bucuresti\/wp-content\/uploads\/refugiati-ucraina-2-281x500.jpg 281w, https:\/\/buletin.de\/bucuresti\/wp-content\/uploads\/refugiati-ucraina-2-608x1080.jpg 608w, https:\/\/buletin.de\/bucuresti\/wp-content\/uploads\/refugiati-ucraina-2-600x1067.jpg 600w, https:\/\/buletin.de\/bucuresti\/wp-content\/uploads\/refugiati-ucraina-2.jpg 810w\" sizes=\"(max-width: 506px) 100vw, 506px\" \/><\/figure><\/li><li class=\"blocks-gallery-item\"><figure><img decoding=\"async\" width=\"900\" height=\"600\" src=\"data:image\/gif;base64,R0lGODlhAQABAAAAACH5BAEKAAEALAAAAAABAAEAAAICTAEAOw==\" data-src=\"https:\/\/buletin.de\/bucuresti\/wp-content\/uploads\/refugiati-ucraina-3-900x600.jpg\" alt=\"\" data-id=\"40351\" data-full-url=\"https:\/\/buletin.de\/bucuresti\/wp-content\/uploads\/refugiati-ucraina-3.jpg\" data-link=\"https:\/\/buletin.de\/bucuresti\/?attachment_id=40351\" class=\"wp-image-40351 lazyload\" data-sizes=\"auto\" data-srcset=\"https:\/\/buletin.de\/bucuresti\/wp-content\/uploads\/refugiati-ucraina-3-900x600.jpg 900w, https:\/\/buletin.de\/bucuresti\/wp-content\/uploads\/refugiati-ucraina-3-300x200.jpg 300w, https:\/\/buletin.de\/bucuresti\/wp-content\/uploads\/refugiati-ucraina-3-768x512.jpg 768w, https:\/\/buletin.de\/bucuresti\/wp-content\/uploads\/refugiati-ucraina-3-550x367.jpg 550w, https:\/\/buletin.de\/bucuresti\/wp-content\/uploads\/refugiati-ucraina-3-750x500.jpg 750w, https:\/\/buletin.de\/bucuresti\/wp-content\/uploads\/refugiati-ucraina-3-600x400.jpg 600w, https:\/\/buletin.de\/bucuresti\/wp-content\/uploads\/refugiati-ucraina-3.jpg 1024w\" sizes=\"(max-width: 900px) 100vw, 900px\" \/><\/figure><\/li><li class=\"blocks-gallery-item\"><figure><img loading=\"lazy\" decoding=\"async\" width=\"900\" height=\"675\" src=\"data:image\/gif;base64,R0lGODlhAQABAAAAACH5BAEKAAEALAAAAAABAAEAAAICTAEAOw==\" data-src=\"https:\/\/buletin.de\/bucuresti\/wp-content\/uploads\/refugiati-ucraina-4-900x675.jpg\" alt=\"\" data-id=\"40352\" data-full-url=\"https:\/\/buletin.de\/bucuresti\/wp-content\/uploads\/refugiati-ucraina-4.jpg\" data-link=\"https:\/\/buletin.de\/bucuresti\/?attachment_id=40352\" class=\"wp-image-40352 lazyload\" data-sizes=\"auto\" data-srcset=\"https:\/\/buletin.de\/bucuresti\/wp-content\/uploads\/refugiati-ucraina-4-900x675.jpg 900w, https:\/\/buletin.de\/bucuresti\/wp-content\/uploads\/refugiati-ucraina-4-300x225.jpg 300w, https:\/\/buletin.de\/bucuresti\/wp-content\/uploads\/refugiati-ucraina-4-768x576.jpg 768w, https:\/\/buletin.de\/bucuresti\/wp-content\/uploads\/refugiati-ucraina-4-1536x1152.jpg 1536w, https:\/\/buletin.de\/bucuresti\/wp-content\/uploads\/refugiati-ucraina-4-1060x795.jpg 1060w, https:\/\/buletin.de\/bucuresti\/wp-content\/uploads\/refugiati-ucraina-4-550x413.jpg 550w, https:\/\/buletin.de\/bucuresti\/wp-content\/uploads\/refugiati-ucraina-4-667x500.jpg 667w, https:\/\/buletin.de\/bucuresti\/wp-content\/uploads\/refugiati-ucraina-4-1920x1440.jpg 1920w, https:\/\/buletin.de\/bucuresti\/wp-content\/uploads\/refugiati-ucraina-4-1440x1080.jpg 1440w, https:\/\/buletin.de\/bucuresti\/wp-content\/uploads\/refugiati-ucraina-4-600x450.jpg 600w, https:\/\/buletin.de\/bucuresti\/wp-content\/uploads\/refugiati-ucraina-4.jpg 2048w\" sizes=\"(max-width: 900px) 100vw, 900px\" \/><\/figure><\/li><li class=\"blocks-gallery-item\"><figure><img loading=\"lazy\" decoding=\"async\" width=\"675\" height=\"900\" src=\"data:image\/gif;base64,R0lGODlhAQABAAAAACH5BAEKAAEALAAAAAABAAEAAAICTAEAOw==\" data-src=\"https:\/\/buletin.de\/bucuresti\/wp-content\/uploads\/refugiati-ucraina-5-675x900.jpg\" alt=\"\" data-id=\"40353\" data-full-url=\"https:\/\/buletin.de\/bucuresti\/wp-content\/uploads\/refugiati-ucraina-5.jpg\" data-link=\"https:\/\/buletin.de\/bucuresti\/?attachment_id=40353\" class=\"wp-image-40353 lazyload\" data-sizes=\"auto\" data-srcset=\"https:\/\/buletin.de\/bucuresti\/wp-content\/uploads\/refugiati-ucraina-5-675x900.jpg 675w, https:\/\/buletin.de\/bucuresti\/wp-content\/uploads\/refugiati-ucraina-5-225x300.jpg 225w, https:\/\/buletin.de\/bucuresti\/wp-content\/uploads\/refugiati-ucraina-5-550x733.jpg 550w, https:\/\/buletin.de\/bucuresti\/wp-content\/uploads\/refugiati-ucraina-5-375x500.jpg 375w, https:\/\/buletin.de\/bucuresti\/wp-content\/uploads\/refugiati-ucraina-5-600x800.jpg 600w, https:\/\/buletin.de\/bucuresti\/wp-content\/uploads\/refugiati-ucraina-5.jpg 768w\" sizes=\"(max-width: 675px) 100vw, 675px\" \/><\/figure><\/li><li class=\"blocks-gallery-item\"><figure><img loading=\"lazy\" decoding=\"async\" width=\"900\" height=\"506\" src=\"data:image\/gif;base64,R0lGODlhAQABAAAAACH5BAEKAAEALAAAAAABAAEAAAICTAEAOw==\" data-src=\"https:\/\/buletin.de\/bucuresti\/wp-content\/uploads\/refugiati-ucraina-6-900x506.jpg\" alt=\"\" data-id=\"40354\" data-full-url=\"https:\/\/buletin.de\/bucuresti\/wp-content\/uploads\/refugiati-ucraina-6.jpg\" data-link=\"https:\/\/buletin.de\/bucuresti\/?attachment_id=40354\" class=\"wp-image-40354 lazyload\" data-sizes=\"auto\" data-srcset=\"https:\/\/buletin.de\/bucuresti\/wp-content\/uploads\/refugiati-ucraina-6-900x506.jpg 900w, https:\/\/buletin.de\/bucuresti\/wp-content\/uploads\/refugiati-ucraina-6-300x169.jpg 300w, https:\/\/buletin.de\/bucuresti\/wp-content\/uploads\/refugiati-ucraina-6-768x432.jpg 768w, https:\/\/buletin.de\/bucuresti\/wp-content\/uploads\/refugiati-ucraina-6-550x309.jpg 550w, https:\/\/buletin.de\/bucuresti\/wp-content\/uploads\/refugiati-ucraina-6-889x500.jpg 889w, https:\/\/buletin.de\/bucuresti\/wp-content\/uploads\/refugiati-ucraina-6-600x338.jpg 600w, https:\/\/buletin.de\/bucuresti\/wp-content\/uploads\/refugiati-ucraina-6.jpg 1024w\" sizes=\"(max-width: 900px) 100vw, 900px\" \/><\/figure><\/li><li class=\"blocks-gallery-item\"><figure><img loading=\"lazy\" decoding=\"async\" width=\"900\" height=\"675\" src=\"data:image\/gif;base64,R0lGODlhAQABAAAAACH5BAEKAAEALAAAAAABAAEAAAICTAEAOw==\" data-src=\"https:\/\/buletin.de\/bucuresti\/wp-content\/uploads\/refugiati-ucraina-main-900x675.jpg\" alt=\"\" data-id=\"40355\" data-full-url=\"https:\/\/buletin.de\/bucuresti\/wp-content\/uploads\/refugiati-ucraina-main.jpg\" data-link=\"https:\/\/buletin.de\/bucuresti\/?attachment_id=40355\" class=\"wp-image-40355 lazyload\" data-sizes=\"auto\" data-srcset=\"https:\/\/buletin.de\/bucuresti\/wp-content\/uploads\/refugiati-ucraina-main-900x675.jpg 900w, https:\/\/buletin.de\/bucuresti\/wp-content\/uploads\/refugiati-ucraina-main-300x225.jpg 300w, https:\/\/buletin.de\/bucuresti\/wp-content\/uploads\/refugiati-ucraina-main-768x576.jpg 768w, https:\/\/buletin.de\/bucuresti\/wp-content\/uploads\/refugiati-ucraina-main-1060x795.jpg 1060w, https:\/\/buletin.de\/bucuresti\/wp-content\/uploads\/refugiati-ucraina-main-550x413.jpg 550w, https:\/\/buletin.de\/bucuresti\/wp-content\/uploads\/refugiati-ucraina-main-667x500.jpg 667w, https:\/\/buletin.de\/bucuresti\/wp-content\/uploads\/refugiati-ucraina-main-600x450.jpg 600w, https:\/\/buletin.de\/bucuresti\/wp-content\/uploads\/refugiati-ucraina-main.jpg 1440w\" sizes=\"(max-width: 900px) 100vw, 900px\" \/><\/figure><\/li><\/ul><figcaption class=\"blocks-gallery-caption\">sursa foto: Facebook \/ Prim\u0103ria Bucure\u0219ti<\/figcaption><\/figure>\n\n\n\n<p>Institu\u021bia a mai prezentat \u0219i alte cifre:<\/p>\n\n\n\n<p>&#8211; 2.000 de paturi de campanie, 200 de mese \u0219i 1.500 de scaune \u00een spa\u021biul de 15.000 mp amenajat de PMB, prin DGASMB, la Romexpo;<\/p>\n\n\n\n<p>&#8211; 177 de tone de produse donate de bucure\u0219teni la Centrul de Colectare a dona\u021biilor deschis de Proedus la Arena Na\u021bional\u0103 \u0219i \u00een cele dou\u0103 centre ale DGASMB: Centrul Bebe de Bucure\u015fti (Bulevardul Regina Elisabeta nr. 75, sector 5, rond Pia\u0163a Kog\u0103lniceanu) \u015fi Centrul de Economie Circular\u0103 (Calea Plevnei nr. 98, sectorul 1). M\u00e2ncare neperisabil\u0103, produse igien\u0103 \u0219i haine curate pot fi donate \u00een fiecare zi, \u00eentre 10 \u0219i 19 \u0219i la Romexpo.<\/p>\n\n\n\n<p>&#8211; Peste 12.400 de sendvi\u0219uri \u0219i aproximativ 10.000 de por\u021bii de m\u00e2ncare\/hran\u0103 cald\u0103 distribuite de DGASMB la Gara de Nord, la aeroportul Otopeni, \u00een fa\u021ba Ambasadei Ucrainei \u00een Rom\u00e2nia. \u00cen toate loca\u021biile, persoanele refugiate din Ucraina au la dispozi\u021bie ap\u0103, cafea, ceaiuri, dulciuri, lapte praf pentru bebelu\u0219i, biberoane, suzete, c\u0103ciuli, m\u0103nu\u0219i, fulare.<\/p>\n\n\n\n<p>&#8211; Dou\u0103 centre de zi destinate copiilor afla\u021bi \u00een situa\u021bii deosebite, proveni\u021bi din zona conflictului armat din Ucraina, deschise de Prim\u0103ria Capitalei, prin DGASMB, \u00een colaborare cu Funda\u021bia Romanian Angel Appeal. Centrele sunt situate pe strada Turnu M\u0103gurele nr. 17 A, sector 4 \u0219i pe \u0218oseaua \u0218tefan Cel Mare nr. 1, sector 1, cu programul de func\u021bionare \u00een intervalul 10.00-17.00.<\/p>\n\n\n\n<p>&#8211; 70 de copii au accesat, p\u00e2n\u0103 \u00een prezent, serviciile celor 2 centre de zi, desf\u0103\u0219ur\u00e2nd activit\u0103\u021bi zilnice care constau \u00een lec\u021bii al\u0103turi de profesori din Odesa (tot refugia\u021bi), recreere, jocuri specifice v\u00e2rstelor.<\/p>\n\n\n\n<p>&#8211; Un spa\u021biu de joac\u0103 pentru copiii ucraineni deschis de DGASMB \u00een parteneriat cu \u201dSalva\u021bi Copiii Rom\u00e2nia\u201d la Gara de Nord<\/p>\n\n\n\n<p>&#8211; Dou\u0103 numere de telefon unde pot suna persoanele interesate s\u0103 sprijine cet\u0103\u021benii ucraineni care se afl\u0103 \u00een Bucure\u0219ti: 021 9524 \u0219i 021.414.44.94 &#8211; call-center permanent pentru sprijinul refugia\u021bilor din Ucraina, afla\u021bi \u00een municipiul Bucure\u0219ti \u0219i jude\u021bul Ilfov, pus la dispozi\u021bie de Institu\u021bia Prefectului Municipiului Bucure\u0219ti.<\/p>\n","protected":false},"excerpt":{"rendered":"<p>Peste 940 de refugia\u021bi ucraineni \u0219i au fost caza\u021bi \u00een centrele Prim\u0103riei Bucure\u0219ti p\u00e2n\u0103 acum. Aproape jum\u0103tate dintre ace\u0219tia erau copii, precizeaz\u0103 institu\u021bia, \u00eentr-un bilan\u021b prezentat vineri. Astfel, p\u00e2n\u0103 \u00een momentul de fa\u021b\u0103, aproximativ 11.500 refugia\u021bi consilia\u021bi \u0219i ajuta\u021bi la Punctul de Informare \u015fi Coordonare care&nbsp; func\u0163ioneaz\u0103 non-stop la Gara de Nord. Prim\u0103ria Capitalei are [&hellip;]<\/p>\n","protected":false},"author":38,"featured_media":40355,"comment_status":"closed","ping_status":"open","sticky":false,"template":"","format":"standard","meta":{"_acf_changed":false,"inline_featured_image":false,"ngg_post_thumbnail":0,"footnotes":""},"categories":[62],"tags":[],"ppma_author":[22601],"class_list":["post-40348","post","type-post","status-publish","format-standard","has-post-thumbnail","hentry","category-stiri"],"acf":[],"yoast_head":"<!-- This site is optimized with the Yoast SEO Premium plugin v25.3 (Yoast SEO v27.4) - https:\/\/yoast.com\/product\/yoast-seo-premium-wordpress\/ -->\n<title>Peste 940 de refugia\u021bi ucraineni au fost caza\u021bi \u00een centrele PMB - Buletin de Bucure\u0219ti<\/title>\n<meta name=\"robots\" content=\"index, follow, max-snippet:-1, max-image-preview:large, max-video-preview:-1\" \/>\n<link rel=\"canonical\" href=\"https:\/\/buletin.de\/bucuresti\/peste-940-de-refugiati-ucraineni-au-fost-cazati-in-centrele-pmb\/\" \/>\n<meta property=\"og:locale\" content=\"en_GB\" \/>\n<meta property=\"og:type\" content=\"article\" \/>\n<meta property=\"og:title\" content=\"Peste 940 de refugia\u021bi ucraineni au fost caza\u021bi \u00een centrele PMB\" \/>\n<meta property=\"og:description\" content=\"Peste 940 de refugia\u021bi ucraineni \u0219i au fost caza\u021bi \u00een centrele Prim\u0103riei Bucure\u0219ti p\u00e2n\u0103 acum. Aproape jum\u0103tate dintre ace\u0219tia erau copii, precizeaz\u0103 institu\u021bia, \u00eentr-un bilan\u021b prezentat vineri. Astfel, p\u00e2n\u0103 \u00een momentul de fa\u021b\u0103, aproximativ 11.500 refugia\u021bi consilia\u021bi \u0219i ajuta\u021bi la Punctul de Informare \u015fi Coordonare care&nbsp; func\u0163ioneaz\u0103 non-stop la Gara de Nord. Prim\u0103ria Capitalei are [&hellip;]\" \/>\n<meta property=\"og:url\" content=\"https:\/\/buletin.de\/bucuresti\/peste-940-de-refugiati-ucraineni-au-fost-cazati-in-centrele-pmb\/\" \/>\n<meta property=\"og:site_name\" content=\"Buletin de Bucure\u0219ti\" \/>\n<meta property=\"article:publisher\" content=\"https:\/\/www.facebook.com\/buletin.de.buc\" \/>\n<meta property=\"article:published_time\" content=\"2022-03-18T16:13:09+00:00\" \/>\n<meta property=\"article:modified_time\" content=\"2022-03-18T16:13:10+00:00\" \/>\n<meta property=\"og:image\" content=\"https:\/\/buletin.de\/bucuresti\/wp-content\/uploads\/refugiati-ucraina-main.jpg\" \/>\n\t<meta property=\"og:image:width\" content=\"1440\" \/>\n\t<meta property=\"og:image:height\" content=\"1080\" \/>\n\t<meta property=\"og:image:type\" content=\"image\/jpeg\" \/>\n<meta name=\"author\" content=\"Anamaria Nedelcoff\" \/>\n<meta name=\"twitter:card\" content=\"summary_large_image\" \/>\n<meta name=\"twitter:label1\" content=\"Written by\" \/>\n\t<meta name=\"twitter:data1\" content=\"Anamaria Nedelcoff\" \/>\n\t<meta name=\"twitter:label2\" content=\"Estimated reading time\" \/>\n\t<meta name=\"twitter:data2\" content=\"4 minutes\" \/>\n<script type=\"application\/ld+json\" class=\"yoast-schema-graph\">{\"@context\":\"https:\\\/\\\/schema.org\",\"@graph\":[{\"@type\":\"Article\",\"@id\":\"https:\\\/\\\/buletin.de\\\/bucuresti\\\/peste-940-de-refugiati-ucraineni-au-fost-cazati-in-centrele-pmb\\\/#article\",\"isPartOf\":{\"@id\":\"https:\\\/\\\/buletin.de\\\/bucuresti\\\/peste-940-de-refugiati-ucraineni-au-fost-cazati-in-centrele-pmb\\\/\"},\"author\":{\"name\":\"Anamaria Nedelcoff\",\"@id\":\"https:\\\/\\\/buletin.de\\\/bucuresti\\\/#\\\/schema\\\/person\\\/bfa22994f12f5d3353b170aca494f1f9\"},\"headline\":\"Peste 940 de refugia\u021bi ucraineni au fost caza\u021bi \u00een centrele PMB\",\"datePublished\":\"2022-03-18T16:13:09+00:00\",\"dateModified\":\"2022-03-18T16:13:10+00:00\",\"mainEntityOfPage\":{\"@id\":\"https:\\\/\\\/buletin.de\\\/bucuresti\\\/peste-940-de-refugiati-ucraineni-au-fost-cazati-in-centrele-pmb\\\/\"},\"wordCount\":473,\"publisher\":{\"@id\":\"https:\\\/\\\/buletin.de\\\/bucuresti\\\/#organization\"},\"image\":{\"@id\":\"https:\\\/\\\/buletin.de\\\/bucuresti\\\/peste-940-de-refugiati-ucraineni-au-fost-cazati-in-centrele-pmb\\\/#primaryimage\"},\"thumbnailUrl\":\"https:\\\/\\\/buletin.de\\\/bucuresti\\\/wp-content\\\/uploads\\\/refugiati-ucraina-main.jpg\",\"articleSection\":[\"\u0218tiri\"],\"inLanguage\":\"en-GB\",\"copyrightYear\":\"2022\",\"copyrightHolder\":{\"@id\":\"https:\\\/\\\/buletin.de\\\/bucuresti\\\/#organization\"}},{\"@type\":\"WebPage\",\"@id\":\"https:\\\/\\\/buletin.de\\\/bucuresti\\\/peste-940-de-refugiati-ucraineni-au-fost-cazati-in-centrele-pmb\\\/\",\"url\":\"https:\\\/\\\/buletin.de\\\/bucuresti\\\/peste-940-de-refugiati-ucraineni-au-fost-cazati-in-centrele-pmb\\\/\",\"name\":\"Peste 940 de refugia\u021bi ucraineni au fost caza\u021bi \u00een centrele PMB - Buletin de Bucure\u0219ti\",\"isPartOf\":{\"@id\":\"https:\\\/\\\/buletin.de\\\/bucuresti\\\/#website\"},\"primaryImageOfPage\":{\"@id\":\"https:\\\/\\\/buletin.de\\\/bucuresti\\\/peste-940-de-refugiati-ucraineni-au-fost-cazati-in-centrele-pmb\\\/#primaryimage\"},\"image\":{\"@id\":\"https:\\\/\\\/buletin.de\\\/bucuresti\\\/peste-940-de-refugiati-ucraineni-au-fost-cazati-in-centrele-pmb\\\/#primaryimage\"},\"thumbnailUrl\":\"https:\\\/\\\/buletin.de\\\/bucuresti\\\/wp-content\\\/uploads\\\/refugiati-ucraina-main.jpg\",\"datePublished\":\"2022-03-18T16:13:09+00:00\",\"dateModified\":\"2022-03-18T16:13:10+00:00\",\"breadcrumb\":{\"@id\":\"https:\\\/\\\/buletin.de\\\/bucuresti\\\/peste-940-de-refugiati-ucraineni-au-fost-cazati-in-centrele-pmb\\\/#breadcrumb\"},\"inLanguage\":\"en-GB\",\"potentialAction\":[{\"@type\":\"ReadAction\",\"target\":[\"https:\\\/\\\/buletin.de\\\/bucuresti\\\/peste-940-de-refugiati-ucraineni-au-fost-cazati-in-centrele-pmb\\\/\"]}]},{\"@type\":\"ImageObject\",\"inLanguage\":\"en-GB\",\"@id\":\"https:\\\/\\\/buletin.de\\\/bucuresti\\\/peste-940-de-refugiati-ucraineni-au-fost-cazati-in-centrele-pmb\\\/#primaryimage\",\"url\":\"https:\\\/\\\/buletin.de\\\/bucuresti\\\/wp-content\\\/uploads\\\/refugiati-ucraina-main.jpg\",\"contentUrl\":\"https:\\\/\\\/buletin.de\\\/bucuresti\\\/wp-content\\\/uploads\\\/refugiati-ucraina-main.jpg\",\"width\":1440,\"height\":1080},{\"@type\":\"BreadcrumbList\",\"@id\":\"https:\\\/\\\/buletin.de\\\/bucuresti\\\/peste-940-de-refugiati-ucraineni-au-fost-cazati-in-centrele-pmb\\\/#breadcrumb\",\"itemListElement\":[{\"@type\":\"ListItem\",\"position\":1,\"name\":\"Acas\u0103\",\"item\":\"https:\\\/\\\/buletin.de\\\/bucuresti\\\/\"},{\"@type\":\"ListItem\",\"position\":2,\"name\":\"Peste 940 de refugia\u021bi ucraineni au fost caza\u021bi \u00een centrele PMB\"}]},{\"@type\":\"WebSite\",\"@id\":\"https:\\\/\\\/buletin.de\\\/bucuresti\\\/#website\",\"url\":\"https:\\\/\\\/buletin.de\\\/bucuresti\\\/\",\"name\":\"Buletin de Bucure\u0219ti\",\"description\":\"\u0218tiri \u0219i investiga\u021bii esen\u021biale din capital\u0103\",\"publisher\":{\"@id\":\"https:\\\/\\\/buletin.de\\\/bucuresti\\\/#organization\"},\"potentialAction\":[{\"@type\":\"SearchAction\",\"target\":{\"@type\":\"EntryPoint\",\"urlTemplate\":\"https:\\\/\\\/buletin.de\\\/bucuresti\\\/?s={search_term_string}\"},\"query-input\":{\"@type\":\"PropertyValueSpecification\",\"valueRequired\":true,\"valueName\":\"search_term_string\"}}],\"inLanguage\":\"en-GB\"},{\"@type\":\"Organization\",\"@id\":\"https:\\\/\\\/buletin.de\\\/bucuresti\\\/#organization\",\"name\":\"Buletin de Bucure\u0219ti\",\"url\":\"https:\\\/\\\/buletin.de\\\/bucuresti\\\/\",\"logo\":{\"@type\":\"ImageObject\",\"inLanguage\":\"en-GB\",\"@id\":\"https:\\\/\\\/buletin.de\\\/bucuresti\\\/#\\\/schema\\\/logo\\\/image\\\/\",\"url\":\"https:\\\/\\\/buletin.de\\\/bucuresti\\\/wp-content\\\/uploads\\\/logo-bdb-full-wide-vernil-transparent.png\",\"contentUrl\":\"https:\\\/\\\/buletin.de\\\/bucuresti\\\/wp-content\\\/uploads\\\/logo-bdb-full-wide-vernil-transparent.png\",\"width\":1782,\"height\":626,\"caption\":\"Buletin de Bucure\u0219ti\"},\"image\":{\"@id\":\"https:\\\/\\\/buletin.de\\\/bucuresti\\\/#\\\/schema\\\/logo\\\/image\\\/\"},\"sameAs\":[\"https:\\\/\\\/www.facebook.com\\\/buletin.de.buc\",\"https:\\\/\\\/www.instagram.com\\\/buletinde.bucuresti\\\/\"]},{\"@type\":\"Person\",\"@id\":\"https:\\\/\\\/buletin.de\\\/bucuresti\\\/#\\\/schema\\\/person\\\/bfa22994f12f5d3353b170aca494f1f9\",\"name\":\"Anamaria Nedelcoff\",\"image\":{\"@type\":\"ImageObject\",\"inLanguage\":\"en-GB\",\"@id\":\"https:\\\/\\\/secure.gravatar.com\\\/avatar\\\/409df91a26b98006111557131cc35236962765b734317e1dcf94c6bc1d010629?s=96&d=monsterid&r=g9bc3ae6c8e1522e913d1a0debd6aec89\",\"url\":\"https:\\\/\\\/secure.gravatar.com\\\/avatar\\\/409df91a26b98006111557131cc35236962765b734317e1dcf94c6bc1d010629?s=96&d=monsterid&r=g\",\"contentUrl\":\"https:\\\/\\\/secure.gravatar.com\\\/avatar\\\/409df91a26b98006111557131cc35236962765b734317e1dcf94c6bc1d010629?s=96&d=monsterid&r=g\",\"caption\":\"Anamaria Nedelcoff\"},\"url\":\"https:\\\/\\\/buletin.de\\\/bucuresti\\\/author\\\/nedelcoff\\\/\"}]}<\/script>\n<!-- \/ Yoast SEO Premium plugin. -->","yoast_head_json":{"title":"Peste 940 de refugia\u021bi ucraineni au fost caza\u021bi \u00een centrele PMB - Buletin de Bucure\u0219ti","robots":{"index":"index","follow":"follow","max-snippet":"max-snippet:-1","max-image-preview":"max-image-preview:large","max-video-preview":"max-video-preview:-1"},"canonical":"https:\/\/buletin.de\/bucuresti\/peste-940-de-refugiati-ucraineni-au-fost-cazati-in-centrele-pmb\/","og_locale":"en_GB","og_type":"article","og_title":"Peste 940 de refugia\u021bi ucraineni au fost caza\u021bi \u00een centrele PMB","og_description":"Peste 940 de refugia\u021bi ucraineni \u0219i au fost caza\u021bi \u00een centrele Prim\u0103riei Bucure\u0219ti p\u00e2n\u0103 acum. Aproape jum\u0103tate dintre ace\u0219tia erau copii, precizeaz\u0103 institu\u021bia, \u00eentr-un bilan\u021b prezentat vineri. Astfel, p\u00e2n\u0103 \u00een momentul de fa\u021b\u0103, aproximativ 11.500 refugia\u021bi consilia\u021bi \u0219i ajuta\u021bi la Punctul de Informare \u015fi Coordonare care&nbsp; func\u0163ioneaz\u0103 non-stop la Gara de Nord. Prim\u0103ria Capitalei are [&hellip;]","og_url":"https:\/\/buletin.de\/bucuresti\/peste-940-de-refugiati-ucraineni-au-fost-cazati-in-centrele-pmb\/","og_site_name":"Buletin de Bucure\u0219ti","article_publisher":"https:\/\/www.facebook.com\/buletin.de.buc","article_published_time":"2022-03-18T16:13:09+00:00","article_modified_time":"2022-03-18T16:13:10+00:00","og_image":[{"width":1440,"height":1080,"url":"https:\/\/buletin.de\/bucuresti\/wp-content\/uploads\/refugiati-ucraina-main.jpg","type":"image\/jpeg"}],"author":"Anamaria Nedelcoff","twitter_card":"summary_large_image","twitter_misc":{"Written by":"Anamaria Nedelcoff","Estimated reading time":"4 minutes"},"schema":{"@context":"https:\/\/schema.org","@graph":[{"@type":"Article","@id":"https:\/\/buletin.de\/bucuresti\/peste-940-de-refugiati-ucraineni-au-fost-cazati-in-centrele-pmb\/#article","isPartOf":{"@id":"https:\/\/buletin.de\/bucuresti\/peste-940-de-refugiati-ucraineni-au-fost-cazati-in-centrele-pmb\/"},"author":{"name":"Anamaria Nedelcoff","@id":"https:\/\/buletin.de\/bucuresti\/#\/schema\/person\/bfa22994f12f5d3353b170aca494f1f9"},"headline":"Peste 940 de refugia\u021bi ucraineni au fost caza\u021bi \u00een centrele PMB","datePublished":"2022-03-18T16:13:09+00:00","dateModified":"2022-03-18T16:13:10+00:00","mainEntityOfPage":{"@id":"https:\/\/buletin.de\/bucuresti\/peste-940-de-refugiati-ucraineni-au-fost-cazati-in-centrele-pmb\/"},"wordCount":473,"publisher":{"@id":"https:\/\/buletin.de\/bucuresti\/#organization"},"image":{"@id":"https:\/\/buletin.de\/bucuresti\/peste-940-de-refugiati-ucraineni-au-fost-cazati-in-centrele-pmb\/#primaryimage"},"thumbnailUrl":"https:\/\/buletin.de\/bucuresti\/wp-content\/uploads\/refugiati-ucraina-main.jpg","articleSection":["\u0218tiri"],"inLanguage":"en-GB","copyrightYear":"2022","copyrightHolder":{"@id":"https:\/\/buletin.de\/bucuresti\/#organization"}},{"@type":"WebPage","@id":"https:\/\/buletin.de\/bucuresti\/peste-940-de-refugiati-ucraineni-au-fost-cazati-in-centrele-pmb\/","url":"https:\/\/buletin.de\/bucuresti\/peste-940-de-refugiati-ucraineni-au-fost-cazati-in-centrele-pmb\/","name":"Peste 940 de refugia\u021bi ucraineni au fost caza\u021bi \u00een centrele PMB - Buletin de Bucure\u0219ti","isPartOf":{"@id":"https:\/\/buletin.de\/bucuresti\/#website"},"primaryImageOfPage":{"@id":"https:\/\/buletin.de\/bucuresti\/peste-940-de-refugiati-ucraineni-au-fost-cazati-in-centrele-pmb\/#primaryimage"},"image":{"@id":"https:\/\/buletin.de\/bucuresti\/peste-940-de-refugiati-ucraineni-au-fost-cazati-in-centrele-pmb\/#primaryimage"},"thumbnailUrl":"https:\/\/buletin.de\/bucuresti\/wp-content\/uploads\/refugiati-ucraina-main.jpg","datePublished":"2022-03-18T16:13:09+00:00","dateModified":"2022-03-18T16:13:10+00:00","breadcrumb":{"@id":"https:\/\/buletin.de\/bucuresti\/peste-940-de-refugiati-ucraineni-au-fost-cazati-in-centrele-pmb\/#breadcrumb"},"inLanguage":"en-GB","potentialAction":[{"@type":"ReadAction","target":["https:\/\/buletin.de\/bucuresti\/peste-940-de-refugiati-ucraineni-au-fost-cazati-in-centrele-pmb\/"]}]},{"@type":"ImageObject","inLanguage":"en-GB","@id":"https:\/\/buletin.de\/bucuresti\/peste-940-de-refugiati-ucraineni-au-fost-cazati-in-centrele-pmb\/#primaryimage","url":"https:\/\/buletin.de\/bucuresti\/wp-content\/uploads\/refugiati-ucraina-main.jpg","contentUrl":"https:\/\/buletin.de\/bucuresti\/wp-content\/uploads\/refugiati-ucraina-main.jpg","width":1440,"height":1080},{"@type":"BreadcrumbList","@id":"https:\/\/buletin.de\/bucuresti\/peste-940-de-refugiati-ucraineni-au-fost-cazati-in-centrele-pmb\/#breadcrumb","itemListElement":[{"@type":"ListItem","position":1,"name":"Acas\u0103","item":"https:\/\/buletin.de\/bucuresti\/"},{"@type":"ListItem","position":2,"name":"Peste 940 de refugia\u021bi ucraineni au fost caza\u021bi \u00een centrele PMB"}]},{"@type":"WebSite","@id":"https:\/\/buletin.de\/bucuresti\/#website","url":"https:\/\/buletin.de\/bucuresti\/","name":"Buletin de Bucure\u0219ti","description":"\u0218tiri \u0219i investiga\u021bii esen\u021biale din capital\u0103","publisher":{"@id":"https:\/\/buletin.de\/bucuresti\/#organization"},"potentialAction":[{"@type":"SearchAction","target":{"@type":"EntryPoint","urlTemplate":"https:\/\/buletin.de\/bucuresti\/?s={search_term_string}"},"query-input":{"@type":"PropertyValueSpecification","valueRequired":true,"valueName":"search_term_string"}}],"inLanguage":"en-GB"},{"@type":"Organization","@id":"https:\/\/buletin.de\/bucuresti\/#organization","name":"Buletin de Bucure\u0219ti","url":"https:\/\/buletin.de\/bucuresti\/","logo":{"@type":"ImageObject","inLanguage":"en-GB","@id":"https:\/\/buletin.de\/bucuresti\/#\/schema\/logo\/image\/","url":"https:\/\/buletin.de\/bucuresti\/wp-content\/uploads\/logo-bdb-full-wide-vernil-transparent.png","contentUrl":"https:\/\/buletin.de\/bucuresti\/wp-content\/uploads\/logo-bdb-full-wide-vernil-transparent.png","width":1782,"height":626,"caption":"Buletin de Bucure\u0219ti"},"image":{"@id":"https:\/\/buletin.de\/bucuresti\/#\/schema\/logo\/image\/"},"sameAs":["https:\/\/www.facebook.com\/buletin.de.buc","https:\/\/www.instagram.com\/buletinde.bucuresti\/"]},{"@type":"Person","@id":"https:\/\/buletin.de\/bucuresti\/#\/schema\/person\/bfa22994f12f5d3353b170aca494f1f9","name":"Anamaria Nedelcoff","image":{"@type":"ImageObject","inLanguage":"en-GB","@id":"https:\/\/secure.gravatar.com\/avatar\/409df91a26b98006111557131cc35236962765b734317e1dcf94c6bc1d010629?s=96&d=monsterid&r=g9bc3ae6c8e1522e913d1a0debd6aec89","url":"https:\/\/secure.gravatar.com\/avatar\/409df91a26b98006111557131cc35236962765b734317e1dcf94c6bc1d010629?s=96&d=monsterid&r=g","contentUrl":"https:\/\/secure.gravatar.com\/avatar\/409df91a26b98006111557131cc35236962765b734317e1dcf94c6bc1d010629?s=96&d=monsterid&r=g","caption":"Anamaria Nedelcoff"},"url":"https:\/\/buletin.de\/bucuresti\/author\/nedelcoff\/"}]}},"authors":[{"term_id":22601,"user_id":38,"is_guest":0,"slug":"nedelcoff","display_name":"Anamaria Nedelcoff","avatar_url":"https:\/\/secure.gravatar.com\/avatar\/409df91a26b98006111557131cc35236962765b734317e1dcf94c6bc1d010629?s=96&d=monsterid&r=g","0":null,"1":"","2":"","3":"","4":"","5":"","6":"","7":"","8":""}],"_links":{"self":[{"href":"https:\/\/buletin.de\/bucuresti\/wp-json\/wp\/v2\/posts\/40348","targetHints":{"allow":["GET"]}}],"collection":[{"href":"https:\/\/buletin.de\/bucuresti\/wp-json\/wp\/v2\/posts"}],"about":[{"href":"https:\/\/buletin.de\/bucuresti\/wp-json\/wp\/v2\/types\/post"}],"author":[{"embeddable":true,"href":"https:\/\/buletin.de\/bucuresti\/wp-json\/wp\/v2\/users\/38"}],"replies":[{"embeddable":true,"href":"https:\/\/buletin.de\/bucuresti\/wp-json\/wp\/v2\/comments?post=40348"}],"version-history":[{"count":1,"href":"https:\/\/buletin.de\/bucuresti\/wp-json\/wp\/v2\/posts\/40348\/revisions"}],"predecessor-version":[{"id":40356,"href":"https:\/\/buletin.de\/bucuresti\/wp-json\/wp\/v2\/posts\/40348\/revisions\/40356"}],"wp:featuredmedia":[{"embeddable":true,"href":"https:\/\/buletin.de\/bucuresti\/wp-json\/wp\/v2\/media\/40355"}],"wp:attachment":[{"href":"https:\/\/buletin.de\/bucuresti\/wp-json\/wp\/v2\/media?parent=40348"}],"wp:term":[{"taxonomy":"category","embeddable":true,"href":"https:\/\/buletin.de\/bucuresti\/wp-json\/wp\/v2\/categories?post=40348"},{"taxonomy":"post_tag","embeddable":true,"href":"https:\/\/buletin.de\/bucuresti\/wp-json\/wp\/v2\/tags?post=40348"},{"taxonomy":"author","embeddable":true,"href":"https:\/\/buletin.de\/bucuresti\/wp-json\/wp\/v2\/ppma_author?post=40348"}],"curies":[{"name":"wp","href":"https:\/\/api.w.org\/{rel}","templated":true}]}}