{"id":40339,"date":"2022-03-18T17:10:25","date_gmt":"2022-03-18T15:10:25","guid":{"rendered":"https:\/\/buletin.de\/bucuresti\/?p=40339"},"modified":"2022-03-18T17:10:26","modified_gmt":"2022-03-18T15:10:26","slug":"garda-nationala-de-mediu-capitala-are-de-3-ori-mai-putin-spatiu-verde-decat-prevede-legea","status":"publish","type":"post","link":"https:\/\/buletin.de\/bucuresti\/garda-nationala-de-mediu-capitala-are-de-3-ori-mai-putin-spatiu-verde-decat-prevede-legea\/","title":{"rendered":"Garda Na\u021bional\u0103 de Mediu | Capitala are de 3 ori mai pu\u021bin spa\u021biu verde dec\u00e2t prevede legea"},"content":{"rendered":"\n<p class=\"has-light-green-cyan-background-color has-background\"> \u00cen Municipiul Bucure\u0219ti spa\u021biul verde este de aproximativ 8 mp\/ persoan\u0103, la nivelul celui mai recent recens\u0103m\u00e2nt oficial al popula\u021biei, cifr\u0103 de peste trei ori mai mic\u0103 dec\u00e2t cea prev\u0103zut\u0103 de lege, anun\u021b\u0103 Garde Na\u021bional\u0103 de Mediu, \u00eentr-un comunicat. Mai mult, Capitala nu are nici registrul spa\u021biilor verzi, document administrativ care este, deasemenea, obligatoriu prin lege. <\/p>\n\n\n\n<p><em>Cre\u0219terea suprafe\u021belor de spa\u021bii verzi este una din principalele metode de contracarare a efectelor polu\u0103rii, dar o parte<\/em> <em>din autorit\u0103\u021bile locale nu par s\u0103 \u0219tie acest lucru. Capitala \u0219i alte 86 de localit\u0103\u021bi, reprezent\u00e2nd 47% din cele 184 de ora\u015fe \u015fi municipii verificate de Garda Na\u021bional\u0103 de Mediu (GNM), \u00een privin\u021ba \u00eendeplinirii obliga\u021biei legale, de a asigura minimum 26 mp de spa\u021biu verde din terenul intravilan, pentru fiecare locuitor, sunt foarte departe de acest obiectiv.<\/em><\/p>\n\n\n\n<p><em>Mai mult, 25% din localit\u0103\u021bile verificate, inclusiv Municipiul Bucure\u0219ti nici m\u0103car nu de\u021bin un registru al spa\u021biilor verzi, a\u0219a cum le oblig\u0103 legea<\/em>, anun\u021b\u0103 Garda de Mediu.<\/p>\n\n\n\n<p><br>\u00cen 2021, Garda de Media a verificat 184 de ora\u0219e \u0219i municipii dac\u0103 \u00eendeplinesc obliga\u021biile legale ce revin autorit\u0103\u021bilor publice locale de a \u021bine eviden\u021ba spa\u021biilor verzi de pe teritoriul unit\u0103\u021bilor administrative. <br>Din cele 184 de ora\u015fe \u015fi municipii verificate, 46 (25%) nu de\u021bin registrul spa\u021biilor verzi, printre acestea afl\u00e2ndu-se Bucure\u0219ti, Timi\u0219oara, Foc\u0219ani, Mangalia, Slatina sau Comarnic.<br>\u00cen plus, 87 (47%) nu asigur\u0103 suprafa\u021ba obligatorie de spa\u021biu verde, de 26 mp\/ locuitor din terenul intravilan, iar aici pot fi amintite: Bucure\u0219ti, Pite\u0219ti, Buz\u0103u, Constan\u021ba, Sf. Gheorghe, Giurgiu, Urziceni, Ia\u0219i, Vaslui, Rm. V\u00e2lcea sau Foc\u0219ani.<\/p>\n\n\n\n<p><br>Conform datelor comunciate de Garda Na\u021bional\u0103 de Mediu, \u00een Municipiul Bucure\u0219ti spa\u021biul verde este de aproximativ 8 mp\/ persoan\u0103. Cifra de peste trei ori mai mic\u0103 dec\u00e2t cea prev\u0103zut\u0103 de lege.<\/p>\n\n\n\n<p>\u00cen 2020, PMB a primit o amend\u0103 de 100.000 de lei pentru c\u0103 nu are un registru al spa\u021biilor verzi. <\/p>\n\n\n\n<p><a href=\"https:\/\/buletin.de\/bucuresti\/pmb-dupa-amenda-de-100-000-de-lei-de-la-garda-de-mediu-registrul-spatiilor-verzi-conditionat-de-disponibilitatea-fondurilor-bugetare-dar-in-lista-de-prioritati\/\">PMB, dup\u0103 amenda de 100.000 de lei de la Garda de Mediu: Registrul Spa\u021biilor Verzi, \u201econdi\u021bionat de disponibilitatea fondurilor bugetare\u201d, dar \u201e\u00een lista de priorit\u0103\u021bi\u201d<\/a><\/p>\n\n\n\n<p><br><a href=\"http:\/\/regver.pmb.ro\/Index.aspx?id=4&amp;site=1#id=4&amp;site=1&amp;zoom=1.7835409346147792&amp;lat=327079.4726&amp;lon=587265.05504&amp;layers=BTTTTTTTTTTTTTTT\">O platform\u0103 digital\u0103<\/a> de inventariere a spa\u021biilor verzi exist\u0103 \u00een Capital\u0103 din 2013, dar este incomplet\u0103 \u0219i neactualizat\u0103. \u00cen noiembrie 2021, Tribunalul Bucure\u0219ti a obligat printr-o decizie s\u0103 \u00eentocmeasc\u0103 acest registru. Decizia nu este \u00eens\u0103 definitiv\u0103. <\/p>\n\n\n\n<p><\/p>\n\n\n\n<p><\/p>\n\n\n\n<p>sursa foto cover Cosmin Pojoranu<\/p>\n","protected":false},"excerpt":{"rendered":"<p>\u00cen Municipiul Bucure\u0219ti spa\u021biul verde este de aproximativ 8 mp\/ persoan\u0103, la nivelul celui mai recent recens\u0103m\u00e2nt oficial al popula\u021biei, cifr\u0103 de peste trei ori mai mic\u0103 dec\u00e2t cea prev\u0103zut\u0103 de lege, anun\u021b\u0103 Garde Na\u021bional\u0103 de Mediu, \u00eentr-un comunicat. Mai mult, Capitala nu are nici registrul spa\u021biilor verzi, document administrativ care este, deasemenea, obligatoriu prin [&hellip;]<\/p>\n","protected":false},"author":18,"featured_media":40342,"comment_status":"closed","ping_status":"open","sticky":false,"template":"","format":"standard","meta":{"_acf_changed":false,"inline_featured_image":false,"ngg_post_thumbnail":0,"footnotes":""},"categories":[62],"tags":[9,4067,76],"ppma_author":[22579],"class_list":["post-40339","post","type-post","status-publish","format-standard","has-post-thumbnail","hentry","category-stiri","tag-bucuresti","tag-locuitori","tag-spatii-verzi"],"acf":[],"yoast_head":"<!-- This site is optimized with the Yoast SEO Premium plugin v25.3 (Yoast SEO v27.4) - https:\/\/yoast.com\/product\/yoast-seo-premium-wordpress\/ -->\n<title>Garda Na\u021bional\u0103 de Mediu | Capitala are de 3 ori mai pu\u021bin spa\u021biu verde dec\u00e2t prevede legea - Buletin de Bucure\u0219ti<\/title>\n<meta name=\"robots\" content=\"index, follow, max-snippet:-1, max-image-preview:large, max-video-preview:-1\" \/>\n<link rel=\"canonical\" href=\"https:\/\/buletin.de\/bucuresti\/garda-nationala-de-mediu-capitala-are-de-3-ori-mai-putin-spatiu-verde-decat-prevede-legea\/\" \/>\n<meta property=\"og:locale\" content=\"en_GB\" \/>\n<meta property=\"og:type\" content=\"article\" \/>\n<meta property=\"og:title\" content=\"Garda Na\u021bional\u0103 de Mediu | Capitala are de 3 ori mai pu\u021bin spa\u021biu verde dec\u00e2t prevede legea\" \/>\n<meta property=\"og:description\" content=\"\u00cen Municipiul Bucure\u0219ti spa\u021biul verde este de aproximativ 8 mp\/ persoan\u0103, la nivelul celui mai recent recens\u0103m\u00e2nt oficial al popula\u021biei, cifr\u0103 de peste trei ori mai mic\u0103 dec\u00e2t cea prev\u0103zut\u0103 de lege, anun\u021b\u0103 Garde Na\u021bional\u0103 de Mediu, \u00eentr-un comunicat. Mai mult, Capitala nu are nici registrul spa\u021biilor verzi, document administrativ care este, deasemenea, obligatoriu prin [&hellip;]\" \/>\n<meta property=\"og:url\" content=\"https:\/\/buletin.de\/bucuresti\/garda-nationala-de-mediu-capitala-are-de-3-ori-mai-putin-spatiu-verde-decat-prevede-legea\/\" \/>\n<meta property=\"og:site_name\" content=\"Buletin de Bucure\u0219ti\" \/>\n<meta property=\"article:publisher\" content=\"https:\/\/www.facebook.com\/buletin.de.buc\" \/>\n<meta property=\"article:published_time\" content=\"2022-03-18T15:10:25+00:00\" \/>\n<meta property=\"article:modified_time\" content=\"2022-03-18T15:10:26+00:00\" \/>\n<meta property=\"og:image\" content=\"https:\/\/buletin.de\/bucuresti\/wp-content\/uploads\/20200908_165238.jpg\" \/>\n\t<meta property=\"og:image:width\" content=\"1920\" \/>\n\t<meta property=\"og:image:height\" content=\"909\" \/>\n\t<meta property=\"og:image:type\" content=\"image\/jpeg\" \/>\n<meta name=\"author\" content=\"Teodora Stroe\" \/>\n<meta name=\"twitter:card\" content=\"summary_large_image\" \/>\n<meta name=\"twitter:label1\" content=\"Written by\" \/>\n\t<meta name=\"twitter:data1\" content=\"Teodora Stroe\" \/>\n\t<meta name=\"twitter:label2\" content=\"Estimated reading time\" \/>\n\t<meta name=\"twitter:data2\" content=\"2 minutes\" \/>\n<script type=\"application\/ld+json\" class=\"yoast-schema-graph\">{\"@context\":\"https:\\\/\\\/schema.org\",\"@graph\":[{\"@type\":\"Article\",\"@id\":\"https:\\\/\\\/buletin.de\\\/bucuresti\\\/garda-nationala-de-mediu-capitala-are-de-3-ori-mai-putin-spatiu-verde-decat-prevede-legea\\\/#article\",\"isPartOf\":{\"@id\":\"https:\\\/\\\/buletin.de\\\/bucuresti\\\/garda-nationala-de-mediu-capitala-are-de-3-ori-mai-putin-spatiu-verde-decat-prevede-legea\\\/\"},\"author\":{\"name\":\"Teodora Stroe\",\"@id\":\"https:\\\/\\\/buletin.de\\\/bucuresti\\\/#\\\/schema\\\/person\\\/d369d7ddc775abece205795e0b804614\"},\"headline\":\"Garda Na\u021bional\u0103 de Mediu | Capitala are de 3 ori mai pu\u021bin spa\u021biu verde dec\u00e2t prevede legea\",\"datePublished\":\"2022-03-18T15:10:25+00:00\",\"dateModified\":\"2022-03-18T15:10:26+00:00\",\"mainEntityOfPage\":{\"@id\":\"https:\\\/\\\/buletin.de\\\/bucuresti\\\/garda-nationala-de-mediu-capitala-are-de-3-ori-mai-putin-spatiu-verde-decat-prevede-legea\\\/\"},\"wordCount\":428,\"publisher\":{\"@id\":\"https:\\\/\\\/buletin.de\\\/bucuresti\\\/#organization\"},\"image\":{\"@id\":\"https:\\\/\\\/buletin.de\\\/bucuresti\\\/garda-nationala-de-mediu-capitala-are-de-3-ori-mai-putin-spatiu-verde-decat-prevede-legea\\\/#primaryimage\"},\"thumbnailUrl\":\"https:\\\/\\\/buletin.de\\\/bucuresti\\\/wp-content\\\/uploads\\\/20200908_165238.jpg\",\"keywords\":[\"bucuresti\",\"locuitori\",\"spatii verzi\"],\"articleSection\":[\"\u0218tiri\"],\"inLanguage\":\"en-GB\",\"copyrightYear\":\"2022\",\"copyrightHolder\":{\"@id\":\"https:\\\/\\\/buletin.de\\\/bucuresti\\\/#organization\"}},{\"@type\":\"WebPage\",\"@id\":\"https:\\\/\\\/buletin.de\\\/bucuresti\\\/garda-nationala-de-mediu-capitala-are-de-3-ori-mai-putin-spatiu-verde-decat-prevede-legea\\\/\",\"url\":\"https:\\\/\\\/buletin.de\\\/bucuresti\\\/garda-nationala-de-mediu-capitala-are-de-3-ori-mai-putin-spatiu-verde-decat-prevede-legea\\\/\",\"name\":\"Garda Na\u021bional\u0103 de Mediu | Capitala are de 3 ori mai pu\u021bin spa\u021biu verde dec\u00e2t prevede legea - Buletin de Bucure\u0219ti\",\"isPartOf\":{\"@id\":\"https:\\\/\\\/buletin.de\\\/bucuresti\\\/#website\"},\"primaryImageOfPage\":{\"@id\":\"https:\\\/\\\/buletin.de\\\/bucuresti\\\/garda-nationala-de-mediu-capitala-are-de-3-ori-mai-putin-spatiu-verde-decat-prevede-legea\\\/#primaryimage\"},\"image\":{\"@id\":\"https:\\\/\\\/buletin.de\\\/bucuresti\\\/garda-nationala-de-mediu-capitala-are-de-3-ori-mai-putin-spatiu-verde-decat-prevede-legea\\\/#primaryimage\"},\"thumbnailUrl\":\"https:\\\/\\\/buletin.de\\\/bucuresti\\\/wp-content\\\/uploads\\\/20200908_165238.jpg\",\"datePublished\":\"2022-03-18T15:10:25+00:00\",\"dateModified\":\"2022-03-18T15:10:26+00:00\",\"breadcrumb\":{\"@id\":\"https:\\\/\\\/buletin.de\\\/bucuresti\\\/garda-nationala-de-mediu-capitala-are-de-3-ori-mai-putin-spatiu-verde-decat-prevede-legea\\\/#breadcrumb\"},\"inLanguage\":\"en-GB\",\"potentialAction\":[{\"@type\":\"ReadAction\",\"target\":[\"https:\\\/\\\/buletin.de\\\/bucuresti\\\/garda-nationala-de-mediu-capitala-are-de-3-ori-mai-putin-spatiu-verde-decat-prevede-legea\\\/\"]}]},{\"@type\":\"ImageObject\",\"inLanguage\":\"en-GB\",\"@id\":\"https:\\\/\\\/buletin.de\\\/bucuresti\\\/garda-nationala-de-mediu-capitala-are-de-3-ori-mai-putin-spatiu-verde-decat-prevede-legea\\\/#primaryimage\",\"url\":\"https:\\\/\\\/buletin.de\\\/bucuresti\\\/wp-content\\\/uploads\\\/20200908_165238.jpg\",\"contentUrl\":\"https:\\\/\\\/buletin.de\\\/bucuresti\\\/wp-content\\\/uploads\\\/20200908_165238.jpg\",\"width\":1920,\"height\":909},{\"@type\":\"BreadcrumbList\",\"@id\":\"https:\\\/\\\/buletin.de\\\/bucuresti\\\/garda-nationala-de-mediu-capitala-are-de-3-ori-mai-putin-spatiu-verde-decat-prevede-legea\\\/#breadcrumb\",\"itemListElement\":[{\"@type\":\"ListItem\",\"position\":1,\"name\":\"Acas\u0103\",\"item\":\"https:\\\/\\\/buletin.de\\\/bucuresti\\\/\"},{\"@type\":\"ListItem\",\"position\":2,\"name\":\"Garda Na\u021bional\u0103 de Mediu | Capitala are de 3 ori mai pu\u021bin spa\u021biu verde dec\u00e2t prevede legea\"}]},{\"@type\":\"WebSite\",\"@id\":\"https:\\\/\\\/buletin.de\\\/bucuresti\\\/#website\",\"url\":\"https:\\\/\\\/buletin.de\\\/bucuresti\\\/\",\"name\":\"Buletin de Bucure\u0219ti\",\"description\":\"\u0218tiri \u0219i investiga\u021bii esen\u021biale din capital\u0103\",\"publisher\":{\"@id\":\"https:\\\/\\\/buletin.de\\\/bucuresti\\\/#organization\"},\"potentialAction\":[{\"@type\":\"SearchAction\",\"target\":{\"@type\":\"EntryPoint\",\"urlTemplate\":\"https:\\\/\\\/buletin.de\\\/bucuresti\\\/?s={search_term_string}\"},\"query-input\":{\"@type\":\"PropertyValueSpecification\",\"valueRequired\":true,\"valueName\":\"search_term_string\"}}],\"inLanguage\":\"en-GB\"},{\"@type\":\"Organization\",\"@id\":\"https:\\\/\\\/buletin.de\\\/bucuresti\\\/#organization\",\"name\":\"Buletin de Bucure\u0219ti\",\"url\":\"https:\\\/\\\/buletin.de\\\/bucuresti\\\/\",\"logo\":{\"@type\":\"ImageObject\",\"inLanguage\":\"en-GB\",\"@id\":\"https:\\\/\\\/buletin.de\\\/bucuresti\\\/#\\\/schema\\\/logo\\\/image\\\/\",\"url\":\"https:\\\/\\\/buletin.de\\\/bucuresti\\\/wp-content\\\/uploads\\\/logo-bdb-full-wide-vernil-transparent.png\",\"contentUrl\":\"https:\\\/\\\/buletin.de\\\/bucuresti\\\/wp-content\\\/uploads\\\/logo-bdb-full-wide-vernil-transparent.png\",\"width\":1782,\"height\":626,\"caption\":\"Buletin de Bucure\u0219ti\"},\"image\":{\"@id\":\"https:\\\/\\\/buletin.de\\\/bucuresti\\\/#\\\/schema\\\/logo\\\/image\\\/\"},\"sameAs\":[\"https:\\\/\\\/www.facebook.com\\\/buletin.de.buc\",\"https:\\\/\\\/www.instagram.com\\\/buletinde.bucuresti\\\/\"]},{\"@type\":\"Person\",\"@id\":\"https:\\\/\\\/buletin.de\\\/bucuresti\\\/#\\\/schema\\\/person\\\/d369d7ddc775abece205795e0b804614\",\"name\":\"Teodora Stroe\",\"image\":{\"@type\":\"ImageObject\",\"inLanguage\":\"en-GB\",\"@id\":\"https:\\\/\\\/secure.gravatar.com\\\/avatar\\\/2560b4cd9f5f1bc100b123158e657d75584bd1c3e1d9c69285720b9457c1b78d?s=96&d=monsterid&r=gc104800242ba5f2d78dd5d7dc4df08b6\",\"url\":\"https:\\\/\\\/secure.gravatar.com\\\/avatar\\\/2560b4cd9f5f1bc100b123158e657d75584bd1c3e1d9c69285720b9457c1b78d?s=96&d=monsterid&r=g\",\"contentUrl\":\"https:\\\/\\\/secure.gravatar.com\\\/avatar\\\/2560b4cd9f5f1bc100b123158e657d75584bd1c3e1d9c69285720b9457c1b78d?s=96&d=monsterid&r=g\",\"caption\":\"Teodora Stroe\"},\"url\":\"https:\\\/\\\/buletin.de\\\/bucuresti\\\/author\\\/simonacarlugea\\\/\"}]}<\/script>\n<!-- \/ Yoast SEO Premium plugin. -->","yoast_head_json":{"title":"Garda Na\u021bional\u0103 de Mediu | Capitala are de 3 ori mai pu\u021bin spa\u021biu verde dec\u00e2t prevede legea - Buletin de Bucure\u0219ti","robots":{"index":"index","follow":"follow","max-snippet":"max-snippet:-1","max-image-preview":"max-image-preview:large","max-video-preview":"max-video-preview:-1"},"canonical":"https:\/\/buletin.de\/bucuresti\/garda-nationala-de-mediu-capitala-are-de-3-ori-mai-putin-spatiu-verde-decat-prevede-legea\/","og_locale":"en_GB","og_type":"article","og_title":"Garda Na\u021bional\u0103 de Mediu | Capitala are de 3 ori mai pu\u021bin spa\u021biu verde dec\u00e2t prevede legea","og_description":"\u00cen Municipiul Bucure\u0219ti spa\u021biul verde este de aproximativ 8 mp\/ persoan\u0103, la nivelul celui mai recent recens\u0103m\u00e2nt oficial al popula\u021biei, cifr\u0103 de peste trei ori mai mic\u0103 dec\u00e2t cea prev\u0103zut\u0103 de lege, anun\u021b\u0103 Garde Na\u021bional\u0103 de Mediu, \u00eentr-un comunicat. Mai mult, Capitala nu are nici registrul spa\u021biilor verzi, document administrativ care este, deasemenea, obligatoriu prin [&hellip;]","og_url":"https:\/\/buletin.de\/bucuresti\/garda-nationala-de-mediu-capitala-are-de-3-ori-mai-putin-spatiu-verde-decat-prevede-legea\/","og_site_name":"Buletin de Bucure\u0219ti","article_publisher":"https:\/\/www.facebook.com\/buletin.de.buc","article_published_time":"2022-03-18T15:10:25+00:00","article_modified_time":"2022-03-18T15:10:26+00:00","og_image":[{"width":1920,"height":909,"url":"https:\/\/buletin.de\/bucuresti\/wp-content\/uploads\/20200908_165238.jpg","type":"image\/jpeg"}],"author":"Teodora Stroe","twitter_card":"summary_large_image","twitter_misc":{"Written by":"Teodora Stroe","Estimated reading time":"2 minutes"},"schema":{"@context":"https:\/\/schema.org","@graph":[{"@type":"Article","@id":"https:\/\/buletin.de\/bucuresti\/garda-nationala-de-mediu-capitala-are-de-3-ori-mai-putin-spatiu-verde-decat-prevede-legea\/#article","isPartOf":{"@id":"https:\/\/buletin.de\/bucuresti\/garda-nationala-de-mediu-capitala-are-de-3-ori-mai-putin-spatiu-verde-decat-prevede-legea\/"},"author":{"name":"Teodora Stroe","@id":"https:\/\/buletin.de\/bucuresti\/#\/schema\/person\/d369d7ddc775abece205795e0b804614"},"headline":"Garda Na\u021bional\u0103 de Mediu | Capitala are de 3 ori mai pu\u021bin spa\u021biu verde dec\u00e2t prevede legea","datePublished":"2022-03-18T15:10:25+00:00","dateModified":"2022-03-18T15:10:26+00:00","mainEntityOfPage":{"@id":"https:\/\/buletin.de\/bucuresti\/garda-nationala-de-mediu-capitala-are-de-3-ori-mai-putin-spatiu-verde-decat-prevede-legea\/"},"wordCount":428,"publisher":{"@id":"https:\/\/buletin.de\/bucuresti\/#organization"},"image":{"@id":"https:\/\/buletin.de\/bucuresti\/garda-nationala-de-mediu-capitala-are-de-3-ori-mai-putin-spatiu-verde-decat-prevede-legea\/#primaryimage"},"thumbnailUrl":"https:\/\/buletin.de\/bucuresti\/wp-content\/uploads\/20200908_165238.jpg","keywords":["bucuresti","locuitori","spatii verzi"],"articleSection":["\u0218tiri"],"inLanguage":"en-GB","copyrightYear":"2022","copyrightHolder":{"@id":"https:\/\/buletin.de\/bucuresti\/#organization"}},{"@type":"WebPage","@id":"https:\/\/buletin.de\/bucuresti\/garda-nationala-de-mediu-capitala-are-de-3-ori-mai-putin-spatiu-verde-decat-prevede-legea\/","url":"https:\/\/buletin.de\/bucuresti\/garda-nationala-de-mediu-capitala-are-de-3-ori-mai-putin-spatiu-verde-decat-prevede-legea\/","name":"Garda Na\u021bional\u0103 de Mediu | Capitala are de 3 ori mai pu\u021bin spa\u021biu verde dec\u00e2t prevede legea - Buletin de Bucure\u0219ti","isPartOf":{"@id":"https:\/\/buletin.de\/bucuresti\/#website"},"primaryImageOfPage":{"@id":"https:\/\/buletin.de\/bucuresti\/garda-nationala-de-mediu-capitala-are-de-3-ori-mai-putin-spatiu-verde-decat-prevede-legea\/#primaryimage"},"image":{"@id":"https:\/\/buletin.de\/bucuresti\/garda-nationala-de-mediu-capitala-are-de-3-ori-mai-putin-spatiu-verde-decat-prevede-legea\/#primaryimage"},"thumbnailUrl":"https:\/\/buletin.de\/bucuresti\/wp-content\/uploads\/20200908_165238.jpg","datePublished":"2022-03-18T15:10:25+00:00","dateModified":"2022-03-18T15:10:26+00:00","breadcrumb":{"@id":"https:\/\/buletin.de\/bucuresti\/garda-nationala-de-mediu-capitala-are-de-3-ori-mai-putin-spatiu-verde-decat-prevede-legea\/#breadcrumb"},"inLanguage":"en-GB","potentialAction":[{"@type":"ReadAction","target":["https:\/\/buletin.de\/bucuresti\/garda-nationala-de-mediu-capitala-are-de-3-ori-mai-putin-spatiu-verde-decat-prevede-legea\/"]}]},{"@type":"ImageObject","inLanguage":"en-GB","@id":"https:\/\/buletin.de\/bucuresti\/garda-nationala-de-mediu-capitala-are-de-3-ori-mai-putin-spatiu-verde-decat-prevede-legea\/#primaryimage","url":"https:\/\/buletin.de\/bucuresti\/wp-content\/uploads\/20200908_165238.jpg","contentUrl":"https:\/\/buletin.de\/bucuresti\/wp-content\/uploads\/20200908_165238.jpg","width":1920,"height":909},{"@type":"BreadcrumbList","@id":"https:\/\/buletin.de\/bucuresti\/garda-nationala-de-mediu-capitala-are-de-3-ori-mai-putin-spatiu-verde-decat-prevede-legea\/#breadcrumb","itemListElement":[{"@type":"ListItem","position":1,"name":"Acas\u0103","item":"https:\/\/buletin.de\/bucuresti\/"},{"@type":"ListItem","position":2,"name":"Garda Na\u021bional\u0103 de Mediu | Capitala are de 3 ori mai pu\u021bin spa\u021biu verde dec\u00e2t prevede legea"}]},{"@type":"WebSite","@id":"https:\/\/buletin.de\/bucuresti\/#website","url":"https:\/\/buletin.de\/bucuresti\/","name":"Buletin de Bucure\u0219ti","description":"\u0218tiri \u0219i investiga\u021bii esen\u021biale din capital\u0103","publisher":{"@id":"https:\/\/buletin.de\/bucuresti\/#organization"},"potentialAction":[{"@type":"SearchAction","target":{"@type":"EntryPoint","urlTemplate":"https:\/\/buletin.de\/bucuresti\/?s={search_term_string}"},"query-input":{"@type":"PropertyValueSpecification","valueRequired":true,"valueName":"search_term_string"}}],"inLanguage":"en-GB"},{"@type":"Organization","@id":"https:\/\/buletin.de\/bucuresti\/#organization","name":"Buletin de Bucure\u0219ti","url":"https:\/\/buletin.de\/bucuresti\/","logo":{"@type":"ImageObject","inLanguage":"en-GB","@id":"https:\/\/buletin.de\/bucuresti\/#\/schema\/logo\/image\/","url":"https:\/\/buletin.de\/bucuresti\/wp-content\/uploads\/logo-bdb-full-wide-vernil-transparent.png","contentUrl":"https:\/\/buletin.de\/bucuresti\/wp-content\/uploads\/logo-bdb-full-wide-vernil-transparent.png","width":1782,"height":626,"caption":"Buletin de Bucure\u0219ti"},"image":{"@id":"https:\/\/buletin.de\/bucuresti\/#\/schema\/logo\/image\/"},"sameAs":["https:\/\/www.facebook.com\/buletin.de.buc","https:\/\/www.instagram.com\/buletinde.bucuresti\/"]},{"@type":"Person","@id":"https:\/\/buletin.de\/bucuresti\/#\/schema\/person\/d369d7ddc775abece205795e0b804614","name":"Teodora Stroe","image":{"@type":"ImageObject","inLanguage":"en-GB","@id":"https:\/\/secure.gravatar.com\/avatar\/2560b4cd9f5f1bc100b123158e657d75584bd1c3e1d9c69285720b9457c1b78d?s=96&d=monsterid&r=gc104800242ba5f2d78dd5d7dc4df08b6","url":"https:\/\/secure.gravatar.com\/avatar\/2560b4cd9f5f1bc100b123158e657d75584bd1c3e1d9c69285720b9457c1b78d?s=96&d=monsterid&r=g","contentUrl":"https:\/\/secure.gravatar.com\/avatar\/2560b4cd9f5f1bc100b123158e657d75584bd1c3e1d9c69285720b9457c1b78d?s=96&d=monsterid&r=g","caption":"Teodora Stroe"},"url":"https:\/\/buletin.de\/bucuresti\/author\/simonacarlugea\/"}]}},"authors":[{"term_id":22579,"user_id":18,"is_guest":0,"slug":"simonacarlugea","display_name":"Teodora Stroe","avatar_url":"https:\/\/secure.gravatar.com\/avatar\/2560b4cd9f5f1bc100b123158e657d75584bd1c3e1d9c69285720b9457c1b78d?s=96&d=monsterid&r=g","0":null,"1":"","2":"","3":"","4":"","5":"","6":"","7":"","8":""}],"_links":{"self":[{"href":"https:\/\/buletin.de\/bucuresti\/wp-json\/wp\/v2\/posts\/40339","targetHints":{"allow":["GET"]}}],"collection":[{"href":"https:\/\/buletin.de\/bucuresti\/wp-json\/wp\/v2\/posts"}],"about":[{"href":"https:\/\/buletin.de\/bucuresti\/wp-json\/wp\/v2\/types\/post"}],"author":[{"embeddable":true,"href":"https:\/\/buletin.de\/bucuresti\/wp-json\/wp\/v2\/users\/18"}],"replies":[{"embeddable":true,"href":"https:\/\/buletin.de\/bucuresti\/wp-json\/wp\/v2\/comments?post=40339"}],"version-history":[{"count":3,"href":"https:\/\/buletin.de\/bucuresti\/wp-json\/wp\/v2\/posts\/40339\/revisions"}],"predecessor-version":[{"id":40345,"href":"https:\/\/buletin.de\/bucuresti\/wp-json\/wp\/v2\/posts\/40339\/revisions\/40345"}],"wp:featuredmedia":[{"embeddable":true,"href":"https:\/\/buletin.de\/bucuresti\/wp-json\/wp\/v2\/media\/40342"}],"wp:attachment":[{"href":"https:\/\/buletin.de\/bucuresti\/wp-json\/wp\/v2\/media?parent=40339"}],"wp:term":[{"taxonomy":"category","embeddable":true,"href":"https:\/\/buletin.de\/bucuresti\/wp-json\/wp\/v2\/categories?post=40339"},{"taxonomy":"post_tag","embeddable":true,"href":"https:\/\/buletin.de\/bucuresti\/wp-json\/wp\/v2\/tags?post=40339"},{"taxonomy":"author","embeddable":true,"href":"https:\/\/buletin.de\/bucuresti\/wp-json\/wp\/v2\/ppma_author?post=40339"}],"curies":[{"name":"wp","href":"https:\/\/api.w.org\/{rel}","templated":true}]}}