{"id":40331,"date":"2022-03-18T17:15:46","date_gmt":"2022-03-18T15:15:46","guid":{"rendered":"https:\/\/buletin.de\/bucuresti\/?p=40331"},"modified":"2022-03-18T17:16:34","modified_gmt":"2022-03-18T15:16:34","slug":"imapp-bucharest-poiecteaza-maine-imagini-simbol-pentru-pace-pe-cladirea-teatrului-national","status":"publish","type":"post","link":"https:\/\/buletin.de\/bucuresti\/imapp-bucharest-poiecteaza-maine-imagini-simbol-pentru-pace-pe-cladirea-teatrului-national\/","title":{"rendered":"iMapp Bucharest poiecteaz\u0103, m\u00e2ine, imagini simbol pentru pace pe cl\u0103direa Teatrului Na\u021bional"},"content":{"rendered":"\n<p><strong>iMapp Bucharest se al\u0103tur\u0103 campaniei interna\u021bionale de solidaritate Enlightenment \u0219i va proiecta imagini simbol pentru pace pe cl\u0103direa Teatrului Na\u021bional \u201eIon Luca Caragiale\u201d, \u00een intervalul orar 20:30 \u2013 23:00. Campania interna\u021bional\u0103 de solidaritate ENLIGHTENMENT este sus\u021binut\u0103, pro bono, de peste 35 de arti\u0219ti vizuali \u0219i festivaluri de profil din \u00eentreaga lume \u0219i proiec\u021biile vor fi f\u0103cute \u00een 18 \u021b\u0103ri. <\/strong><\/p>\n\n\n\n<figure class=\"wp-block-gallery columns-3 is-cropped wp-block-gallery-1 is-layout-flex wp-block-gallery-is-layout-flex\"><ul class=\"blocks-gallery-grid\"><li class=\"blocks-gallery-item\"><figure><a href=\"https:\/\/buletin.de\/bucuresti\/wp-content\/uploads\/274739165_276821604625551_5768363416741803026_n.jpg\"><img fetchpriority=\"high\" decoding=\"async\" width=\"900\" height=\"476\" src=\"data:image\/gif;base64,R0lGODlhAQABAAAAACH5BAEKAAEALAAAAAABAAEAAAICTAEAOw==\" data-src=\"https:\/\/buletin.de\/bucuresti\/wp-content\/uploads\/274739165_276821604625551_5768363416741803026_n-900x476.jpg\" alt=\"\" data-id=\"40332\" data-full-url=\"https:\/\/buletin.de\/bucuresti\/wp-content\/uploads\/274739165_276821604625551_5768363416741803026_n.jpg\" data-link=\"https:\/\/buletin.de\/bucuresti\/?attachment_id=40332\" class=\"wp-image-40332 lazyload\" data-sizes=\"auto\" data-srcset=\"https:\/\/buletin.de\/bucuresti\/wp-content\/uploads\/274739165_276821604625551_5768363416741803026_n-900x476.jpg 900w, https:\/\/buletin.de\/bucuresti\/wp-content\/uploads\/274739165_276821604625551_5768363416741803026_n-300x159.jpg 300w, https:\/\/buletin.de\/bucuresti\/wp-content\/uploads\/274739165_276821604625551_5768363416741803026_n-768x407.jpg 768w, https:\/\/buletin.de\/bucuresti\/wp-content\/uploads\/274739165_276821604625551_5768363416741803026_n-550x291.jpg 550w, https:\/\/buletin.de\/bucuresti\/wp-content\/uploads\/274739165_276821604625551_5768363416741803026_n-945x500.jpg 945w, https:\/\/buletin.de\/bucuresti\/wp-content\/uploads\/274739165_276821604625551_5768363416741803026_n-600x318.jpg 600w, https:\/\/buletin.de\/bucuresti\/wp-content\/uploads\/274739165_276821604625551_5768363416741803026_n.jpg 1024w\" sizes=\"(max-width: 900px) 100vw, 900px\" \/><\/a><\/figure><\/li><li class=\"blocks-gallery-item\"><figure><a href=\"https:\/\/buletin.de\/bucuresti\/wp-content\/uploads\/275173431_276821561292222_6995091795373401510_n.jpg\"><img decoding=\"async\" width=\"900\" height=\"505\" src=\"data:image\/gif;base64,R0lGODlhAQABAAAAACH5BAEKAAEALAAAAAABAAEAAAICTAEAOw==\" data-src=\"https:\/\/buletin.de\/bucuresti\/wp-content\/uploads\/275173431_276821561292222_6995091795373401510_n-900x505.jpg\" alt=\"\" data-id=\"40333\" data-full-url=\"https:\/\/buletin.de\/bucuresti\/wp-content\/uploads\/275173431_276821561292222_6995091795373401510_n.jpg\" data-link=\"https:\/\/buletin.de\/bucuresti\/?attachment_id=40333\" class=\"wp-image-40333 lazyload\" data-sizes=\"auto\" data-srcset=\"https:\/\/buletin.de\/bucuresti\/wp-content\/uploads\/275173431_276821561292222_6995091795373401510_n-900x505.jpg 900w, https:\/\/buletin.de\/bucuresti\/wp-content\/uploads\/275173431_276821561292222_6995091795373401510_n-300x168.jpg 300w, https:\/\/buletin.de\/bucuresti\/wp-content\/uploads\/275173431_276821561292222_6995091795373401510_n-768x431.jpg 768w, https:\/\/buletin.de\/bucuresti\/wp-content\/uploads\/275173431_276821561292222_6995091795373401510_n-550x309.jpg 550w, https:\/\/buletin.de\/bucuresti\/wp-content\/uploads\/275173431_276821561292222_6995091795373401510_n-890x500.jpg 890w, https:\/\/buletin.de\/bucuresti\/wp-content\/uploads\/275173431_276821561292222_6995091795373401510_n-600x337.jpg 600w, https:\/\/buletin.de\/bucuresti\/wp-content\/uploads\/275173431_276821561292222_6995091795373401510_n.jpg 1024w\" sizes=\"(max-width: 900px) 100vw, 900px\" \/><\/a><\/figure><\/li><li class=\"blocks-gallery-item\"><figure><a href=\"https:\/\/buletin.de\/bucuresti\/wp-content\/uploads\/275867432_276821504625561_2205509948844696900_n.jpg\"><img decoding=\"async\" width=\"900\" height=\"504\" src=\"data:image\/gif;base64,R0lGODlhAQABAAAAACH5BAEKAAEALAAAAAABAAEAAAICTAEAOw==\" data-src=\"https:\/\/buletin.de\/bucuresti\/wp-content\/uploads\/275867432_276821504625561_2205509948844696900_n-900x504.jpg\" alt=\"\" data-id=\"40334\" data-full-url=\"https:\/\/buletin.de\/bucuresti\/wp-content\/uploads\/275867432_276821504625561_2205509948844696900_n.jpg\" data-link=\"https:\/\/buletin.de\/bucuresti\/?attachment_id=40334\" class=\"wp-image-40334 lazyload\" data-sizes=\"auto\" data-srcset=\"https:\/\/buletin.de\/bucuresti\/wp-content\/uploads\/275867432_276821504625561_2205509948844696900_n-900x504.jpg 900w, https:\/\/buletin.de\/bucuresti\/wp-content\/uploads\/275867432_276821504625561_2205509948844696900_n-300x168.jpg 300w, https:\/\/buletin.de\/bucuresti\/wp-content\/uploads\/275867432_276821504625561_2205509948844696900_n-768x430.jpg 768w, https:\/\/buletin.de\/bucuresti\/wp-content\/uploads\/275867432_276821504625561_2205509948844696900_n-550x308.jpg 550w, https:\/\/buletin.de\/bucuresti\/wp-content\/uploads\/275867432_276821504625561_2205509948844696900_n-894x500.jpg 894w, https:\/\/buletin.de\/bucuresti\/wp-content\/uploads\/275867432_276821504625561_2205509948844696900_n-600x336.jpg 600w, https:\/\/buletin.de\/bucuresti\/wp-content\/uploads\/275867432_276821504625561_2205509948844696900_n.jpg 1024w\" sizes=\"(max-width: 900px) 100vw, 900px\" \/><\/a><\/figure><\/li><li class=\"blocks-gallery-item\"><figure><a href=\"https:\/\/buletin.de\/bucuresti\/wp-content\/uploads\/275877070_276821447958900_1522476637767529012_n.jpg\"><img loading=\"lazy\" decoding=\"async\" width=\"900\" height=\"630\" src=\"data:image\/gif;base64,R0lGODlhAQABAAAAACH5BAEKAAEALAAAAAABAAEAAAICTAEAOw==\" data-src=\"https:\/\/buletin.de\/bucuresti\/wp-content\/uploads\/275877070_276821447958900_1522476637767529012_n-900x630.jpg\" alt=\"\" data-id=\"40335\" data-full-url=\"https:\/\/buletin.de\/bucuresti\/wp-content\/uploads\/275877070_276821447958900_1522476637767529012_n.jpg\" data-link=\"https:\/\/buletin.de\/bucuresti\/?attachment_id=40335\" class=\"wp-image-40335 lazyload\" data-sizes=\"auto\" data-srcset=\"https:\/\/buletin.de\/bucuresti\/wp-content\/uploads\/275877070_276821447958900_1522476637767529012_n-900x630.jpg 900w, https:\/\/buletin.de\/bucuresti\/wp-content\/uploads\/275877070_276821447958900_1522476637767529012_n-300x210.jpg 300w, https:\/\/buletin.de\/bucuresti\/wp-content\/uploads\/275877070_276821447958900_1522476637767529012_n-768x538.jpg 768w, https:\/\/buletin.de\/bucuresti\/wp-content\/uploads\/275877070_276821447958900_1522476637767529012_n-550x385.jpg 550w, https:\/\/buletin.de\/bucuresti\/wp-content\/uploads\/275877070_276821447958900_1522476637767529012_n-714x500.jpg 714w, https:\/\/buletin.de\/bucuresti\/wp-content\/uploads\/275877070_276821447958900_1522476637767529012_n-600x420.jpg 600w, https:\/\/buletin.de\/bucuresti\/wp-content\/uploads\/275877070_276821447958900_1522476637767529012_n.jpg 1024w\" sizes=\"(max-width: 900px) 100vw, 900px\" \/><\/a><\/figure><\/li><li class=\"blocks-gallery-item\"><figure><a href=\"https:\/\/buletin.de\/bucuresti\/wp-content\/uploads\/276120891_276821381292240_1232834464386838949_n.jpg\"><img loading=\"lazy\" decoding=\"async\" width=\"900\" height=\"508\" src=\"data:image\/gif;base64,R0lGODlhAQABAAAAACH5BAEKAAEALAAAAAABAAEAAAICTAEAOw==\" data-src=\"https:\/\/buletin.de\/bucuresti\/wp-content\/uploads\/276120891_276821381292240_1232834464386838949_n-900x508.jpg\" alt=\"\" data-id=\"40336\" data-full-url=\"https:\/\/buletin.de\/bucuresti\/wp-content\/uploads\/276120891_276821381292240_1232834464386838949_n.jpg\" data-link=\"https:\/\/buletin.de\/bucuresti\/?attachment_id=40336\" class=\"wp-image-40336 lazyload\" data-sizes=\"auto\" data-srcset=\"https:\/\/buletin.de\/bucuresti\/wp-content\/uploads\/276120891_276821381292240_1232834464386838949_n-900x508.jpg 900w, https:\/\/buletin.de\/bucuresti\/wp-content\/uploads\/276120891_276821381292240_1232834464386838949_n-300x169.jpg 300w, https:\/\/buletin.de\/bucuresti\/wp-content\/uploads\/276120891_276821381292240_1232834464386838949_n-768x434.jpg 768w, https:\/\/buletin.de\/bucuresti\/wp-content\/uploads\/276120891_276821381292240_1232834464386838949_n-550x310.jpg 550w, https:\/\/buletin.de\/bucuresti\/wp-content\/uploads\/276120891_276821381292240_1232834464386838949_n-886x500.jpg 886w, https:\/\/buletin.de\/bucuresti\/wp-content\/uploads\/276120891_276821381292240_1232834464386838949_n-600x339.jpg 600w, https:\/\/buletin.de\/bucuresti\/wp-content\/uploads\/276120891_276821381292240_1232834464386838949_n.jpg 1024w\" sizes=\"(max-width: 900px) 100vw, 900px\" \/><\/a><\/figure><\/li><\/ul><figcaption class=\"blocks-gallery-caption\">Surs\u0103 foto: Facebook\/PMB<\/figcaption><\/figure>\n\n\n\n<p>\u00cen cadrul evenimentului, sub deviza ENLIGHTENMENT, <a href=\"https:\/\/www.facebook.com\/hashtag\/artistsunitedforpeace?__eep__=6&amp;__cft__[0]=AZUSz7QMMIP_hZ2lngFvB5gEvvzKsSCGCCtcdeEzRaTUisJzGjX132mugA2WlunTxFTKLq6hNUHkPi5-ap7l2435LXPJDO8DdoIvQyDG7KL4HUH2Xd7EW963Zg6NJQOQVYTd051o_JyXwTMsfYaFPcQt&amp;__tn__=*NK-R\">#ArtistsUnitedforPeace<\/a>, arti\u0219tii vizuali interna\u021bionali au fost invita\u021bi s\u0103-\u0219i proiecteze lucr\u0103rile de art\u0103 \u00een diferite ora\u0219e din toat\u0103 lumea, \u00een weekend-ul 19 \u2013 20 martie 2022.<\/p>\n\n\n\n<p>Campania interna\u021bional\u0103 de solidaritate se va desf\u0103\u0219ura \u00een Rom\u00e2nia, SUA, Mexic, Costa Rica, Marea Britanie, Belgia, Fran\u021ba, Germania, Portugalia, Republica Ceh\u0103, Polonia, Norvegia, Italia, Ungaria, Australia, Japonia, Canada \u0219i Thailanda. <\/p>\n\n\n\n<p>iMapp Bucharest este un eveniment \u00een top 3 concursuri de video mapping la nivel mondial, organizat de Prim\u0103ria Capitalei, prin CREART. iMapp Bucharest, cel mai mare eveniment de New Media Art din Rom\u00e2nia. <\/p>\n\n\n\n<p class=\"has-background\" style=\"background-color:#fefcab\"> <strong>Ce este new media art?<\/strong> <br><br>Din aceast\u0103 categorie fac parte operele de art\u0103 proiectate \u0219i produse prin intermediul noilor tehnologii media, cum ar fi: art\u0103 virtual\u0103, grafic\u0103 pe computer, anima\u021bie pe computer, art\u0103 digital\u0103, art\u0103 interactiv\u0103, art\u0103 sonor\u0103, art\u0103 pe internet, jocuri video, robotic\u0103, imprimare 3D \u0219i art\u0103 cyborg.<\/p>\n\n\n\n<p>Surs\u0103 Foto: Facebook\/PMB <\/p>\n","protected":false},"excerpt":{"rendered":"<p>iMapp Bucharest se al\u0103tur\u0103 campaniei interna\u021bionale de solidaritate Enlightenment \u0219i va proiecta imagini simbol pentru pace pe cl\u0103direa Teatrului Na\u021bional \u201eIon Luca Caragiale\u201d, \u00een intervalul orar 20:30 \u2013 23:00. Campania interna\u021bional\u0103 de solidaritate ENLIGHTENMENT este sus\u021binut\u0103, pro bono, de peste 35 de arti\u0219ti vizuali \u0219i festivaluri de profil din \u00eentreaga lume \u0219i proiec\u021biile vor fi [&hellip;]<\/p>\n","protected":false},"author":17,"featured_media":40336,"comment_status":"closed","ping_status":"open","sticky":false,"template":"","format":"standard","meta":{"_acf_changed":false,"inline_featured_image":false,"ngg_post_thumbnail":0,"footnotes":""},"categories":[62],"tags":[],"ppma_author":[22576],"class_list":["post-40331","post","type-post","status-publish","format-standard","has-post-thumbnail","hentry","category-stiri"],"acf":[],"yoast_head":"<!-- This site is optimized with the Yoast SEO Premium plugin v25.3 (Yoast SEO v27.4) - https:\/\/yoast.com\/product\/yoast-seo-premium-wordpress\/ -->\n<title>iMapp Bucharest poiecteaz\u0103, m\u00e2ine, imagini simbol pentru pace pe cl\u0103direa Teatrului Na\u021bional - Buletin de Bucure\u0219ti<\/title>\n<meta name=\"robots\" content=\"index, follow, max-snippet:-1, max-image-preview:large, max-video-preview:-1\" \/>\n<link rel=\"canonical\" href=\"https:\/\/buletin.de\/bucuresti\/imapp-bucharest-poiecteaza-maine-imagini-simbol-pentru-pace-pe-cladirea-teatrului-national\/\" \/>\n<meta property=\"og:locale\" content=\"en_GB\" \/>\n<meta property=\"og:type\" content=\"article\" \/>\n<meta property=\"og:title\" content=\"iMapp Bucharest poiecteaz\u0103, m\u00e2ine, imagini simbol pentru pace pe cl\u0103direa Teatrului Na\u021bional\" \/>\n<meta property=\"og:description\" content=\"iMapp Bucharest se al\u0103tur\u0103 campaniei interna\u021bionale de solidaritate Enlightenment \u0219i va proiecta imagini simbol pentru pace pe cl\u0103direa Teatrului Na\u021bional \u201eIon Luca Caragiale\u201d, \u00een intervalul orar 20:30 \u2013 23:00. Campania interna\u021bional\u0103 de solidaritate ENLIGHTENMENT este sus\u021binut\u0103, pro bono, de peste 35 de arti\u0219ti vizuali \u0219i festivaluri de profil din \u00eentreaga lume \u0219i proiec\u021biile vor fi [&hellip;]\" \/>\n<meta property=\"og:url\" content=\"https:\/\/buletin.de\/bucuresti\/imapp-bucharest-poiecteaza-maine-imagini-simbol-pentru-pace-pe-cladirea-teatrului-national\/\" \/>\n<meta property=\"og:site_name\" content=\"Buletin de Bucure\u0219ti\" \/>\n<meta property=\"article:publisher\" content=\"https:\/\/www.facebook.com\/buletin.de.buc\" \/>\n<meta property=\"article:published_time\" content=\"2022-03-18T15:15:46+00:00\" \/>\n<meta property=\"article:modified_time\" content=\"2022-03-18T15:16:34+00:00\" \/>\n<meta property=\"og:image\" content=\"https:\/\/buletin.de\/bucuresti\/wp-content\/uploads\/276120891_276821381292240_1232834464386838949_n.jpg\" \/>\n\t<meta property=\"og:image:width\" content=\"1024\" \/>\n\t<meta property=\"og:image:height\" content=\"578\" \/>\n\t<meta property=\"og:image:type\" content=\"image\/jpeg\" \/>\n<meta name=\"author\" content=\"Florin R\u00e2\u0219teiu\" \/>\n<meta name=\"twitter:card\" content=\"summary_large_image\" \/>\n<meta name=\"twitter:label1\" content=\"Written by\" \/>\n\t<meta name=\"twitter:data1\" content=\"Florin R\u00e2\u0219teiu\" \/>\n\t<meta name=\"twitter:label2\" content=\"Estimated reading time\" \/>\n\t<meta name=\"twitter:data2\" content=\"2 minutes\" \/>\n<script type=\"application\/ld+json\" class=\"yoast-schema-graph\">{\"@context\":\"https:\\\/\\\/schema.org\",\"@graph\":[{\"@type\":\"Article\",\"@id\":\"https:\\\/\\\/buletin.de\\\/bucuresti\\\/imapp-bucharest-poiecteaza-maine-imagini-simbol-pentru-pace-pe-cladirea-teatrului-national\\\/#article\",\"isPartOf\":{\"@id\":\"https:\\\/\\\/buletin.de\\\/bucuresti\\\/imapp-bucharest-poiecteaza-maine-imagini-simbol-pentru-pace-pe-cladirea-teatrului-national\\\/\"},\"author\":{\"name\":\"Florin R\u00e2\u0219teiu\",\"@id\":\"https:\\\/\\\/buletin.de\\\/bucuresti\\\/#\\\/schema\\\/person\\\/b0686d7a8b666c6afc78239777fd8a89\"},\"headline\":\"iMapp Bucharest poiecteaz\u0103, m\u00e2ine, imagini simbol pentru pace pe cl\u0103direa Teatrului Na\u021bional\",\"datePublished\":\"2022-03-18T15:15:46+00:00\",\"dateModified\":\"2022-03-18T15:16:34+00:00\",\"mainEntityOfPage\":{\"@id\":\"https:\\\/\\\/buletin.de\\\/bucuresti\\\/imapp-bucharest-poiecteaza-maine-imagini-simbol-pentru-pace-pe-cladirea-teatrului-national\\\/\"},\"wordCount\":238,\"publisher\":{\"@id\":\"https:\\\/\\\/buletin.de\\\/bucuresti\\\/#organization\"},\"image\":{\"@id\":\"https:\\\/\\\/buletin.de\\\/bucuresti\\\/imapp-bucharest-poiecteaza-maine-imagini-simbol-pentru-pace-pe-cladirea-teatrului-national\\\/#primaryimage\"},\"thumbnailUrl\":\"https:\\\/\\\/buletin.de\\\/bucuresti\\\/wp-content\\\/uploads\\\/276120891_276821381292240_1232834464386838949_n.jpg\",\"articleSection\":[\"\u0218tiri\"],\"inLanguage\":\"en-GB\",\"copyrightYear\":\"2022\",\"copyrightHolder\":{\"@id\":\"https:\\\/\\\/buletin.de\\\/bucuresti\\\/#organization\"}},{\"@type\":\"WebPage\",\"@id\":\"https:\\\/\\\/buletin.de\\\/bucuresti\\\/imapp-bucharest-poiecteaza-maine-imagini-simbol-pentru-pace-pe-cladirea-teatrului-national\\\/\",\"url\":\"https:\\\/\\\/buletin.de\\\/bucuresti\\\/imapp-bucharest-poiecteaza-maine-imagini-simbol-pentru-pace-pe-cladirea-teatrului-national\\\/\",\"name\":\"iMapp Bucharest poiecteaz\u0103, m\u00e2ine, imagini simbol pentru pace pe cl\u0103direa Teatrului Na\u021bional - Buletin de Bucure\u0219ti\",\"isPartOf\":{\"@id\":\"https:\\\/\\\/buletin.de\\\/bucuresti\\\/#website\"},\"primaryImageOfPage\":{\"@id\":\"https:\\\/\\\/buletin.de\\\/bucuresti\\\/imapp-bucharest-poiecteaza-maine-imagini-simbol-pentru-pace-pe-cladirea-teatrului-national\\\/#primaryimage\"},\"image\":{\"@id\":\"https:\\\/\\\/buletin.de\\\/bucuresti\\\/imapp-bucharest-poiecteaza-maine-imagini-simbol-pentru-pace-pe-cladirea-teatrului-national\\\/#primaryimage\"},\"thumbnailUrl\":\"https:\\\/\\\/buletin.de\\\/bucuresti\\\/wp-content\\\/uploads\\\/276120891_276821381292240_1232834464386838949_n.jpg\",\"datePublished\":\"2022-03-18T15:15:46+00:00\",\"dateModified\":\"2022-03-18T15:16:34+00:00\",\"breadcrumb\":{\"@id\":\"https:\\\/\\\/buletin.de\\\/bucuresti\\\/imapp-bucharest-poiecteaza-maine-imagini-simbol-pentru-pace-pe-cladirea-teatrului-national\\\/#breadcrumb\"},\"inLanguage\":\"en-GB\",\"potentialAction\":[{\"@type\":\"ReadAction\",\"target\":[\"https:\\\/\\\/buletin.de\\\/bucuresti\\\/imapp-bucharest-poiecteaza-maine-imagini-simbol-pentru-pace-pe-cladirea-teatrului-national\\\/\"]}]},{\"@type\":\"ImageObject\",\"inLanguage\":\"en-GB\",\"@id\":\"https:\\\/\\\/buletin.de\\\/bucuresti\\\/imapp-bucharest-poiecteaza-maine-imagini-simbol-pentru-pace-pe-cladirea-teatrului-national\\\/#primaryimage\",\"url\":\"https:\\\/\\\/buletin.de\\\/bucuresti\\\/wp-content\\\/uploads\\\/276120891_276821381292240_1232834464386838949_n.jpg\",\"contentUrl\":\"https:\\\/\\\/buletin.de\\\/bucuresti\\\/wp-content\\\/uploads\\\/276120891_276821381292240_1232834464386838949_n.jpg\",\"width\":1024,\"height\":578},{\"@type\":\"BreadcrumbList\",\"@id\":\"https:\\\/\\\/buletin.de\\\/bucuresti\\\/imapp-bucharest-poiecteaza-maine-imagini-simbol-pentru-pace-pe-cladirea-teatrului-national\\\/#breadcrumb\",\"itemListElement\":[{\"@type\":\"ListItem\",\"position\":1,\"name\":\"Acas\u0103\",\"item\":\"https:\\\/\\\/buletin.de\\\/bucuresti\\\/\"},{\"@type\":\"ListItem\",\"position\":2,\"name\":\"iMapp Bucharest poiecteaz\u0103, m\u00e2ine, imagini simbol pentru pace pe cl\u0103direa Teatrului Na\u021bional\"}]},{\"@type\":\"WebSite\",\"@id\":\"https:\\\/\\\/buletin.de\\\/bucuresti\\\/#website\",\"url\":\"https:\\\/\\\/buletin.de\\\/bucuresti\\\/\",\"name\":\"Buletin de Bucure\u0219ti\",\"description\":\"\u0218tiri \u0219i investiga\u021bii esen\u021biale din capital\u0103\",\"publisher\":{\"@id\":\"https:\\\/\\\/buletin.de\\\/bucuresti\\\/#organization\"},\"potentialAction\":[{\"@type\":\"SearchAction\",\"target\":{\"@type\":\"EntryPoint\",\"urlTemplate\":\"https:\\\/\\\/buletin.de\\\/bucuresti\\\/?s={search_term_string}\"},\"query-input\":{\"@type\":\"PropertyValueSpecification\",\"valueRequired\":true,\"valueName\":\"search_term_string\"}}],\"inLanguage\":\"en-GB\"},{\"@type\":\"Organization\",\"@id\":\"https:\\\/\\\/buletin.de\\\/bucuresti\\\/#organization\",\"name\":\"Buletin de Bucure\u0219ti\",\"url\":\"https:\\\/\\\/buletin.de\\\/bucuresti\\\/\",\"logo\":{\"@type\":\"ImageObject\",\"inLanguage\":\"en-GB\",\"@id\":\"https:\\\/\\\/buletin.de\\\/bucuresti\\\/#\\\/schema\\\/logo\\\/image\\\/\",\"url\":\"https:\\\/\\\/buletin.de\\\/bucuresti\\\/wp-content\\\/uploads\\\/logo-bdb-full-wide-vernil-transparent.png\",\"contentUrl\":\"https:\\\/\\\/buletin.de\\\/bucuresti\\\/wp-content\\\/uploads\\\/logo-bdb-full-wide-vernil-transparent.png\",\"width\":1782,\"height\":626,\"caption\":\"Buletin de Bucure\u0219ti\"},\"image\":{\"@id\":\"https:\\\/\\\/buletin.de\\\/bucuresti\\\/#\\\/schema\\\/logo\\\/image\\\/\"},\"sameAs\":[\"https:\\\/\\\/www.facebook.com\\\/buletin.de.buc\",\"https:\\\/\\\/www.instagram.com\\\/buletinde.bucuresti\\\/\"]},{\"@type\":\"Person\",\"@id\":\"https:\\\/\\\/buletin.de\\\/bucuresti\\\/#\\\/schema\\\/person\\\/b0686d7a8b666c6afc78239777fd8a89\",\"name\":\"Florin R\u00e2\u0219teiu\",\"image\":{\"@type\":\"ImageObject\",\"inLanguage\":\"en-GB\",\"@id\":\"https:\\\/\\\/buletin.de\\\/bucuresti\\\/wp-content\\\/uploads\\\/Florin-Rasteiu-96x96.jpgf0a6fe28453aa12f0a60e4d0a2e3a78c\",\"url\":\"https:\\\/\\\/buletin.de\\\/bucuresti\\\/wp-content\\\/uploads\\\/Florin-Rasteiu-96x96.jpg\",\"contentUrl\":\"https:\\\/\\\/buletin.de\\\/bucuresti\\\/wp-content\\\/uploads\\\/Florin-Rasteiu-96x96.jpg\",\"caption\":\"Florin R\u00e2\u0219teiu\"},\"description\":\"Jurnalist de investiga\u021bie. Lucreaz\u0103 de aproape 6 ani la Buletin de Bucure\u0219ti, unde a publicat articole care scot la suprafa\u021b\u0103 corup\u021bia din Capital\u0103. Analizeaz\u0103 baze de date zilnic \u0219i scoate pove\u0219ti din exceluri pline de cifre. Pune reflectorul pe adev\u0103r cu fiecare ocazie. A c\u00e2\u0219tigat premiul I la categoria Pres\u0103 Local\u0103 \u00een 2025 \u0219i locul al II-lea la aceea\u0219i categorie \u00een 2024 \u00een cadrul Premiilor Superscrieri pentru jurnalism independent.\",\"url\":\"https:\\\/\\\/buletin.de\\\/bucuresti\\\/author\\\/florinrasteiu\\\/\"}]}<\/script>\n<!-- \/ Yoast SEO Premium plugin. -->","yoast_head_json":{"title":"iMapp Bucharest poiecteaz\u0103, m\u00e2ine, imagini simbol pentru pace pe cl\u0103direa Teatrului Na\u021bional - Buletin de Bucure\u0219ti","robots":{"index":"index","follow":"follow","max-snippet":"max-snippet:-1","max-image-preview":"max-image-preview:large","max-video-preview":"max-video-preview:-1"},"canonical":"https:\/\/buletin.de\/bucuresti\/imapp-bucharest-poiecteaza-maine-imagini-simbol-pentru-pace-pe-cladirea-teatrului-national\/","og_locale":"en_GB","og_type":"article","og_title":"iMapp Bucharest poiecteaz\u0103, m\u00e2ine, imagini simbol pentru pace pe cl\u0103direa Teatrului Na\u021bional","og_description":"iMapp Bucharest se al\u0103tur\u0103 campaniei interna\u021bionale de solidaritate Enlightenment \u0219i va proiecta imagini simbol pentru pace pe cl\u0103direa Teatrului Na\u021bional \u201eIon Luca Caragiale\u201d, \u00een intervalul orar 20:30 \u2013 23:00. Campania interna\u021bional\u0103 de solidaritate ENLIGHTENMENT este sus\u021binut\u0103, pro bono, de peste 35 de arti\u0219ti vizuali \u0219i festivaluri de profil din \u00eentreaga lume \u0219i proiec\u021biile vor fi [&hellip;]","og_url":"https:\/\/buletin.de\/bucuresti\/imapp-bucharest-poiecteaza-maine-imagini-simbol-pentru-pace-pe-cladirea-teatrului-national\/","og_site_name":"Buletin de Bucure\u0219ti","article_publisher":"https:\/\/www.facebook.com\/buletin.de.buc","article_published_time":"2022-03-18T15:15:46+00:00","article_modified_time":"2022-03-18T15:16:34+00:00","og_image":[{"width":1024,"height":578,"url":"https:\/\/buletin.de\/bucuresti\/wp-content\/uploads\/276120891_276821381292240_1232834464386838949_n.jpg","type":"image\/jpeg"}],"author":"Florin R\u00e2\u0219teiu","twitter_card":"summary_large_image","twitter_misc":{"Written by":"Florin R\u00e2\u0219teiu","Estimated reading time":"2 minutes"},"schema":{"@context":"https:\/\/schema.org","@graph":[{"@type":"Article","@id":"https:\/\/buletin.de\/bucuresti\/imapp-bucharest-poiecteaza-maine-imagini-simbol-pentru-pace-pe-cladirea-teatrului-national\/#article","isPartOf":{"@id":"https:\/\/buletin.de\/bucuresti\/imapp-bucharest-poiecteaza-maine-imagini-simbol-pentru-pace-pe-cladirea-teatrului-national\/"},"author":{"name":"Florin R\u00e2\u0219teiu","@id":"https:\/\/buletin.de\/bucuresti\/#\/schema\/person\/b0686d7a8b666c6afc78239777fd8a89"},"headline":"iMapp Bucharest poiecteaz\u0103, m\u00e2ine, imagini simbol pentru pace pe cl\u0103direa Teatrului Na\u021bional","datePublished":"2022-03-18T15:15:46+00:00","dateModified":"2022-03-18T15:16:34+00:00","mainEntityOfPage":{"@id":"https:\/\/buletin.de\/bucuresti\/imapp-bucharest-poiecteaza-maine-imagini-simbol-pentru-pace-pe-cladirea-teatrului-national\/"},"wordCount":238,"publisher":{"@id":"https:\/\/buletin.de\/bucuresti\/#organization"},"image":{"@id":"https:\/\/buletin.de\/bucuresti\/imapp-bucharest-poiecteaza-maine-imagini-simbol-pentru-pace-pe-cladirea-teatrului-national\/#primaryimage"},"thumbnailUrl":"https:\/\/buletin.de\/bucuresti\/wp-content\/uploads\/276120891_276821381292240_1232834464386838949_n.jpg","articleSection":["\u0218tiri"],"inLanguage":"en-GB","copyrightYear":"2022","copyrightHolder":{"@id":"https:\/\/buletin.de\/bucuresti\/#organization"}},{"@type":"WebPage","@id":"https:\/\/buletin.de\/bucuresti\/imapp-bucharest-poiecteaza-maine-imagini-simbol-pentru-pace-pe-cladirea-teatrului-national\/","url":"https:\/\/buletin.de\/bucuresti\/imapp-bucharest-poiecteaza-maine-imagini-simbol-pentru-pace-pe-cladirea-teatrului-national\/","name":"iMapp Bucharest poiecteaz\u0103, m\u00e2ine, imagini simbol pentru pace pe cl\u0103direa Teatrului Na\u021bional - Buletin de Bucure\u0219ti","isPartOf":{"@id":"https:\/\/buletin.de\/bucuresti\/#website"},"primaryImageOfPage":{"@id":"https:\/\/buletin.de\/bucuresti\/imapp-bucharest-poiecteaza-maine-imagini-simbol-pentru-pace-pe-cladirea-teatrului-national\/#primaryimage"},"image":{"@id":"https:\/\/buletin.de\/bucuresti\/imapp-bucharest-poiecteaza-maine-imagini-simbol-pentru-pace-pe-cladirea-teatrului-national\/#primaryimage"},"thumbnailUrl":"https:\/\/buletin.de\/bucuresti\/wp-content\/uploads\/276120891_276821381292240_1232834464386838949_n.jpg","datePublished":"2022-03-18T15:15:46+00:00","dateModified":"2022-03-18T15:16:34+00:00","breadcrumb":{"@id":"https:\/\/buletin.de\/bucuresti\/imapp-bucharest-poiecteaza-maine-imagini-simbol-pentru-pace-pe-cladirea-teatrului-national\/#breadcrumb"},"inLanguage":"en-GB","potentialAction":[{"@type":"ReadAction","target":["https:\/\/buletin.de\/bucuresti\/imapp-bucharest-poiecteaza-maine-imagini-simbol-pentru-pace-pe-cladirea-teatrului-national\/"]}]},{"@type":"ImageObject","inLanguage":"en-GB","@id":"https:\/\/buletin.de\/bucuresti\/imapp-bucharest-poiecteaza-maine-imagini-simbol-pentru-pace-pe-cladirea-teatrului-national\/#primaryimage","url":"https:\/\/buletin.de\/bucuresti\/wp-content\/uploads\/276120891_276821381292240_1232834464386838949_n.jpg","contentUrl":"https:\/\/buletin.de\/bucuresti\/wp-content\/uploads\/276120891_276821381292240_1232834464386838949_n.jpg","width":1024,"height":578},{"@type":"BreadcrumbList","@id":"https:\/\/buletin.de\/bucuresti\/imapp-bucharest-poiecteaza-maine-imagini-simbol-pentru-pace-pe-cladirea-teatrului-national\/#breadcrumb","itemListElement":[{"@type":"ListItem","position":1,"name":"Acas\u0103","item":"https:\/\/buletin.de\/bucuresti\/"},{"@type":"ListItem","position":2,"name":"iMapp Bucharest poiecteaz\u0103, m\u00e2ine, imagini simbol pentru pace pe cl\u0103direa Teatrului Na\u021bional"}]},{"@type":"WebSite","@id":"https:\/\/buletin.de\/bucuresti\/#website","url":"https:\/\/buletin.de\/bucuresti\/","name":"Buletin de Bucure\u0219ti","description":"\u0218tiri \u0219i investiga\u021bii esen\u021biale din capital\u0103","publisher":{"@id":"https:\/\/buletin.de\/bucuresti\/#organization"},"potentialAction":[{"@type":"SearchAction","target":{"@type":"EntryPoint","urlTemplate":"https:\/\/buletin.de\/bucuresti\/?s={search_term_string}"},"query-input":{"@type":"PropertyValueSpecification","valueRequired":true,"valueName":"search_term_string"}}],"inLanguage":"en-GB"},{"@type":"Organization","@id":"https:\/\/buletin.de\/bucuresti\/#organization","name":"Buletin de Bucure\u0219ti","url":"https:\/\/buletin.de\/bucuresti\/","logo":{"@type":"ImageObject","inLanguage":"en-GB","@id":"https:\/\/buletin.de\/bucuresti\/#\/schema\/logo\/image\/","url":"https:\/\/buletin.de\/bucuresti\/wp-content\/uploads\/logo-bdb-full-wide-vernil-transparent.png","contentUrl":"https:\/\/buletin.de\/bucuresti\/wp-content\/uploads\/logo-bdb-full-wide-vernil-transparent.png","width":1782,"height":626,"caption":"Buletin de Bucure\u0219ti"},"image":{"@id":"https:\/\/buletin.de\/bucuresti\/#\/schema\/logo\/image\/"},"sameAs":["https:\/\/www.facebook.com\/buletin.de.buc","https:\/\/www.instagram.com\/buletinde.bucuresti\/"]},{"@type":"Person","@id":"https:\/\/buletin.de\/bucuresti\/#\/schema\/person\/b0686d7a8b666c6afc78239777fd8a89","name":"Florin R\u00e2\u0219teiu","image":{"@type":"ImageObject","inLanguage":"en-GB","@id":"https:\/\/buletin.de\/bucuresti\/wp-content\/uploads\/Florin-Rasteiu-96x96.jpgf0a6fe28453aa12f0a60e4d0a2e3a78c","url":"https:\/\/buletin.de\/bucuresti\/wp-content\/uploads\/Florin-Rasteiu-96x96.jpg","contentUrl":"https:\/\/buletin.de\/bucuresti\/wp-content\/uploads\/Florin-Rasteiu-96x96.jpg","caption":"Florin R\u00e2\u0219teiu"},"description":"Jurnalist de investiga\u021bie. Lucreaz\u0103 de aproape 6 ani la Buletin de Bucure\u0219ti, unde a publicat articole care scot la suprafa\u021b\u0103 corup\u021bia din Capital\u0103. Analizeaz\u0103 baze de date zilnic \u0219i scoate pove\u0219ti din exceluri pline de cifre. Pune reflectorul pe adev\u0103r cu fiecare ocazie. A c\u00e2\u0219tigat premiul I la categoria Pres\u0103 Local\u0103 \u00een 2025 \u0219i locul al II-lea la aceea\u0219i categorie \u00een 2024 \u00een cadrul Premiilor Superscrieri pentru jurnalism independent.","url":"https:\/\/buletin.de\/bucuresti\/author\/florinrasteiu\/"}]}},"authors":[{"term_id":22576,"user_id":17,"is_guest":0,"slug":"florinrasteiu","display_name":"Florin R\u00e2\u0219teiu","avatar_url":"https:\/\/buletin.de\/bucuresti\/wp-content\/uploads\/Florin-Rasteiu-96x96.jpg","0":null,"1":"","2":"","3":"","4":"","5":"","6":"","7":"","8":""}],"_links":{"self":[{"href":"https:\/\/buletin.de\/bucuresti\/wp-json\/wp\/v2\/posts\/40331","targetHints":{"allow":["GET"]}}],"collection":[{"href":"https:\/\/buletin.de\/bucuresti\/wp-json\/wp\/v2\/posts"}],"about":[{"href":"https:\/\/buletin.de\/bucuresti\/wp-json\/wp\/v2\/types\/post"}],"author":[{"embeddable":true,"href":"https:\/\/buletin.de\/bucuresti\/wp-json\/wp\/v2\/users\/17"}],"replies":[{"embeddable":true,"href":"https:\/\/buletin.de\/bucuresti\/wp-json\/wp\/v2\/comments?post=40331"}],"version-history":[{"count":4,"href":"https:\/\/buletin.de\/bucuresti\/wp-json\/wp\/v2\/posts\/40331\/revisions"}],"predecessor-version":[{"id":40347,"href":"https:\/\/buletin.de\/bucuresti\/wp-json\/wp\/v2\/posts\/40331\/revisions\/40347"}],"wp:featuredmedia":[{"embeddable":true,"href":"https:\/\/buletin.de\/bucuresti\/wp-json\/wp\/v2\/media\/40336"}],"wp:attachment":[{"href":"https:\/\/buletin.de\/bucuresti\/wp-json\/wp\/v2\/media?parent=40331"}],"wp:term":[{"taxonomy":"category","embeddable":true,"href":"https:\/\/buletin.de\/bucuresti\/wp-json\/wp\/v2\/categories?post=40331"},{"taxonomy":"post_tag","embeddable":true,"href":"https:\/\/buletin.de\/bucuresti\/wp-json\/wp\/v2\/tags?post=40331"},{"taxonomy":"author","embeddable":true,"href":"https:\/\/buletin.de\/bucuresti\/wp-json\/wp\/v2\/ppma_author?post=40331"}],"curies":[{"name":"wp","href":"https:\/\/api.w.org\/{rel}","templated":true}]}}