{"id":39289,"date":"2022-02-21T10:50:05","date_gmt":"2022-02-21T08:50:05","guid":{"rendered":"https:\/\/buletin.de\/bucuresti\/?p=39289"},"modified":"2022-02-21T16:12:22","modified_gmt":"2022-02-21T14:12:22","slug":"primarul-robert-negoita-acuzat-de-dna-ca-ar-fi-prelungit-nelegat-contractul-de-salubritate-cu-rosal-grup-prejudiciu-estimat-de-580-milioane-de-lei","status":"publish","type":"post","link":"https:\/\/buletin.de\/bucuresti\/primarul-robert-negoita-acuzat-de-dna-ca-ar-fi-prelungit-nelegat-contractul-de-salubritate-cu-rosal-grup-prejudiciu-estimat-de-580-milioane-de-lei\/","title":{"rendered":"Primarul Robert Negoi\u021b\u0103, acuzat de DNA c\u0103 ar fi prelungit nelegal contractul de salubritate cu Rosal Grup. Prejudiciu estimat de 580 milioane de lei"},"content":{"rendered":"\n<p><strong>Primarul Robert Negoi\u021b\u0103 \u0219i mai mul\u021bi func\u021bionari din cadrul administra\u021biei sectorului 3 au fost pu\u0219i sub urm\u0103rire penal\u0103 de Direc\u021bia Na\u021bional\u0103 Anticorup\u021bie. Procurorii \u00eel acuz\u0103 pe edil c\u0103 ar fi prelungit nelegal contractul de salubritate cu Rosal Grup cu \u00eenc\u0103 zece ani. Prejudiul total este de aproape 580 de milioane de lei.<\/strong><\/p>\n\n\n\n<p>Actualizare 16:10, 21.2.2022. Primarul sectorului 3 a declarat pe Facebook c\u0103 \u201eEste absolut normal \u0219i de datoria procurorilor s\u0103 deruleze investiga\u021bii \u0219i verific\u0103ri acolo unde exist\u0103 diferite suspiciuni\u201d \u0219i c\u0103 va colabora cu organele de anchet\u0103. <\/p>\n\n\n\n<blockquote class=\"wp-block-quote is-layout-flow wp-block-quote-is-layout-flow\"><p>\u201eConcret, \u00een momentul de fa\u021b\u0103, acuza\u021bia care se aduce este c\u0103 a fost prelungit contractul de salubritate ce era \u00een vigoare din anul 1999, dosarul f\u0103c\u00e2nd referire la intervalul 2000-2018. Vom demonstra, conform procedurilor legale, c\u0103 nu am ac\u021bionat \u00een afara legii sau \u00een vreun mod care s\u0103 prejudicieze interesele \u0219i nevoile comunit\u0103\u021bii sectorului nostru.\u201d<\/p><cite>Robert Negoi\u021b\u0103, primarul sectorului 3 <\/cite><\/blockquote>\n\n\n\n<iframe src=\"https:\/\/www.facebook.com\/plugins\/post.php?href=https%3A%2F%2Fwww.facebook.com%2FRobert.Negoita%2Fposts%2F502987211182876&#038;show_text=true&#038;width=500\" width=\"500\" height=\"296\" style=\"border:none;overflow:hidden\" scrolling=\"no\" frameborder=\"0\" allowfullscreen=\"true\" allow=\"autoplay; clipboard-write; encrypted-media; picture-in-picture; web-share\"><\/iframe>\n\n\n\n<p><\/p>\n\n\n\n<p><\/p>\n\n\n\n<p><\/p>\n\n\n\n<p>Conform comunicatului de pres\u0103 emis de DNA, \u00een anii 2000-2018, \u00een Sectorul 3 s-au \u00eencheiat 54 acte adi\u021bionale la un contract de salubrizare cu S.C. ROSAL GRUP S.A., prin care, fie s-a prelungit contractul, fie s-a m\u0103rit valoarea acestuia. Astfel, administra\u021bia condus\u0103 de Negoi\u021b\u0103 a \u00eenc\u0103lcat legisla\u021bia \u00een vigoare deoarece, \u00een loc s\u0103 fie organizate licita\u021bii publice, contractul de salubritate \u00eencheiat \u00een anul 1999 a fost prelungit succesiv cu S.C. ROSAL GRUP S.A. (operator nelicen\u021biat din anul 2013 pentru Sectorul 3), prin acte adi\u021bionale care au determinat inclusiv cre\u0219terea tarifelor de salubrizare.<\/p>\n\n\n\n<p>Primarul sectorului 3 este acuzat de DNA c\u0103 ar fi determinat ob\u021binerea vot\u0103rii de c\u0103tre consiliul local a unui act care, \u00een realitate, viza prelungirea nelegal\u0103 a contractului de salubritate cu \u00eenc\u0103 10 ani. Totodat\u0103, el ar fi \u00eencheiat \u0219i semnat \u00een mod nelegal un alt act adi\u021bional f\u0103r\u0103 a-l supune aprob\u0103rii consiliului, prin care s-au crescut frecven\u021bele de realizare a activit\u0103\u021bilor de cur\u0103\u021benie a c\u0103ilor publice \u0219i costurilor operatorului de salubritate.<\/p>\n\n\n\n<p><em>\u201eModalitatea de prelungire a contractului ini\u021bial de salubrizare printr-o serie de acte adi\u021bionale a f\u0103cut obiectul unor controale din partea Cur\u021bii de Conturi, Autorit\u0103\u021bii Na\u021bionale pentru Reglementarea \u0219i Monitorizarea Achizi\u021biilor Publice \u0219i Consiliului Concuren\u021bei.<\/em><\/p>\n\n\n\n<p><em>Aceste controale au constatat \u00eenc\u0103lc\u0103ri ale dispozi\u021biilor legale, iar ca urmare, autorit\u0103\u021bii contractante (UAT Sector 3) i s-a comunicat obliga\u021bia de a nu mai prelungi contractul ini\u021bial \u00eencheiat \u00een 1999 peste termenul de valabilitate de 5 ani stipulat \u00een contract \u0219i i s-a recomandat s\u0103 dispun\u0103 reorganizarea serviciilor de salubrizare.\u201d<\/em><\/p>\n\n\n\n<p>DNA a dispus efectuarea urm\u0103rii penale f\u0103\u021b\u0103 de urm\u0103torii:<\/p>\n\n\n\n<p><strong>ROBERT SORIN NEGOI\u021a\u0102,<\/strong> primar al Sectorului 3 din municipiul Bucure\u0219ti, sub aspectul s\u0103v\u00e2r\u0219irii a dou\u0103 infrac\u021biuni de abuz \u00een serviciu cu ob\u021binere de foloase necuvenite cu consecin\u021be deosebit de grave \u0219i a unei infrac\u021biuni de instigare la infrac\u021biunea de abuz \u00een serviciu cu ob\u021binere de foloase necuvenite cu consecin\u021be deosebit de grave,<\/p>\n\n\n\n<p><strong>OCTAVIAN GHE\u021aU,<\/strong> director executiv la Direc\u021bia Economic\u0103 din cadrul Prim\u0103riei Sectorului 3, sub aspectul s\u0103v\u00e2r\u0219irii a trei complicit\u0103\u021bi la infrac\u021biunea de abuz \u00een serviciu cu ob\u021binere de foloase necuvenite cu consecin\u021be deosebit de grave, complicitate la instigare la infrac\u021biunea de abuz \u00een serviciu cu ob\u021binere de foloase necuvenite cu consecin\u021be deosebit de grave \u0219i fals intelectual,<\/p>\n\n\n\n<p><strong>GEORGE-ALEXANDRU MANCIU,<\/strong> la data faptelor director al Direc\u021biei de Utilit\u0103\u021bi Publice din cadrul Prim\u0103riei Sectorului 3, sub aspectul s\u0103v\u00e2r\u0219irii a dou\u0103 complicit\u0103\u021bi la infrac\u021biunea de abuz \u00een serviciu cu ob\u021binere de foloase necuvenite, cu consecin\u021be deosebit de grave,<\/p>\n\n\n\n<p><strong>IRINA-GINA SOROCEANU,<\/strong> director executiv la Direc\u021bia Investi\u021bii \u0219i Achizi\u021bii din cadrul Prim\u0103riei Sectorului 3, sub aspectul s\u0103v\u00e2r\u0219irii a dou\u0103 complicit\u0103\u021bi la infrac\u021biunea de abuz \u00een serviciu cu ob\u021binere de foloase necuvenite, cu consecin\u021be deosebit de grave,<\/p>\n\n\n\n<p><strong>FLORENTINA PENCEA, <\/strong>la data faptelor director executiv Direc\u021bia Juridic\u0103 din cadrul Prim\u0103riei Sectorului 3, sub aspectul s\u0103v\u00e2r\u0219irii a dou\u0103 complicit\u0103\u021bi la infrac\u021biunea de abuz \u00een serviciu cu ob\u021binere de foloase necuvenite, cu consecin\u021be deosebit de grave<\/p>\n\n\n\n<p><strong>MIH\u0102I\u021a\u0102 MARIUS, <\/strong>la data faptelor secretar al Prim\u0103riei Sectorului 3, sub aspectul s\u0103v\u00e2r\u0219irii infrac\u021biunii de abuz \u00een serviciu,<\/p>\n\n\n\n<p><strong>ELENA PETRESCU,<\/strong> la data faptelor viceprimar al Sectorului 3, sub aspectul s\u0103v\u00e2r\u0219irii infrac\u021biunii de uzurparea func\u021biei cu consecin\u021be deosebit de grave,<\/p>\n\n\n\n<p>Persoan\u0103 fizic\u0103 reprezentant al S.C. ROSAL GRUP S.A, sub aspectul s\u0103v\u00e2r\u0219irii a dou\u0103 complicit\u0103\u021bi la infrac\u021biunea de abuz \u00een serviciu cu ob\u021binere de foloase necuvenite cu consecin\u021be deosebit de grave,<\/p>\n\n\n\n<p><strong>MIRELA CHETREANU,<\/strong> auditor public extern, sub aspectul s\u0103v\u00e2r\u0219irii infrac\u021biunii de fals intelectual,<\/p>\n\n\n\n<p>\u0219i S.C. ROSAL GRUP S.A., sub aspectul s\u0103v\u00e2r\u0219irii a dou\u0103 complicit\u0103\u021bi la infrac\u021biunea de abuz \u00een serviciu dac\u0103 func\u021bionarul public a ob\u021binut pentru sine ori pentru altul un folos necuvenit cu consecin\u021be deosebit de grave.<\/p>\n\n\n\n<p>Prin faptele descrise, la care au contribuit, sub forma complicit\u0103\u021bii, \u0219i persoanele men\u021bionate din conducerea Prim\u0103riei Sectorului 3, s-ar fi creat un prejudiciu total de 578.446.818 lei \u00een dauna Sectorului 3 \u0219i un folos necuvenit pentru SC Rosal Grup SA.<\/p>\n\n\n\n<p>\u00centregul comunicat DNA poate fi citit <a href=\"https:\/\/www.pna.ro\/comunicat.xhtml?id=11008&amp;fbclid=IwAR08FLHRc_x_4Og0S4KM1hs68aZZWEVxyHt-_YNaH16xXv0d_1YIeKLGMFQ#\">aici.<\/a><\/p>\n\n\n\n<p> Surs\u0103 foto: INQUAM Photos\/Liviu-Florin Albei <\/p>\n","protected":false},"excerpt":{"rendered":"<p>Primarul Robert Negoi\u021b\u0103 \u0219i mai mul\u021bi func\u021bionari din cadrul administra\u021biei sectorului 3 au fost pu\u0219i sub urm\u0103rire penal\u0103 de Direc\u021bia Na\u021bional\u0103 Anticorup\u021bie. Procurorii \u00eel acuz\u0103 pe edil c\u0103 ar fi prelungit nelegal contractul de salubritate cu Rosal Grup cu \u00eenc\u0103 zece ani. Prejudiul total este de aproape 580 de milioane de lei. Actualizare 16:10, 21.2.2022. [&hellip;]<\/p>\n","protected":false},"author":6,"featured_media":30049,"comment_status":"closed","ping_status":"open","sticky":false,"template":"","format":"standard","meta":{"_acf_changed":false,"inline_featured_image":false,"ngg_post_thumbnail":0,"footnotes":""},"categories":[24],"tags":[518,875,220,440],"ppma_author":[22588],"class_list":["post-39289","post","type-post","status-publish","format-standard","has-post-thumbnail","hentry","category-primarie","tag-curtea-de-conturi","tag-dna","tag-robert-negoita","tag-sector-3"],"acf":[],"yoast_head":"<!-- This site is optimized with the Yoast SEO Premium plugin v25.3 (Yoast SEO v27.5) - https:\/\/yoast.com\/product\/yoast-seo-premium-wordpress\/ -->\n<title>Primarul Robert Negoi\u021b\u0103, acuzat de DNA c\u0103 ar fi prelungit nelegal contractul de salubritate cu Rosal Grup. Prejudiciu estimat de 580 milioane de lei - Buletin de Bucure\u0219ti<\/title>\n<meta name=\"robots\" content=\"index, follow, max-snippet:-1, max-image-preview:large, max-video-preview:-1\" \/>\n<link rel=\"canonical\" href=\"https:\/\/buletin.de\/bucuresti\/primarul-robert-negoita-acuzat-de-dna-ca-ar-fi-prelungit-nelegat-contractul-de-salubritate-cu-rosal-grup-prejudiciu-estimat-de-580-milioane-de-lei\/\" \/>\n<meta property=\"og:locale\" content=\"en_GB\" \/>\n<meta property=\"og:type\" content=\"article\" \/>\n<meta property=\"og:title\" content=\"Primarul Robert Negoi\u021b\u0103, acuzat de DNA c\u0103 ar fi prelungit nelegal contractul de salubritate cu Rosal Grup. Prejudiciu estimat de 580 milioane de lei\" \/>\n<meta property=\"og:description\" content=\"Primarul Robert Negoi\u021b\u0103 \u0219i mai mul\u021bi func\u021bionari din cadrul administra\u021biei sectorului 3 au fost pu\u0219i sub urm\u0103rire penal\u0103 de Direc\u021bia Na\u021bional\u0103 Anticorup\u021bie. Procurorii \u00eel acuz\u0103 pe edil c\u0103 ar fi prelungit nelegal contractul de salubritate cu Rosal Grup cu \u00eenc\u0103 zece ani. Prejudiul total este de aproape 580 de milioane de lei. Actualizare 16:10, 21.2.2022. [&hellip;]\" \/>\n<meta property=\"og:url\" content=\"https:\/\/buletin.de\/bucuresti\/primarul-robert-negoita-acuzat-de-dna-ca-ar-fi-prelungit-nelegat-contractul-de-salubritate-cu-rosal-grup-prejudiciu-estimat-de-580-milioane-de-lei\/\" \/>\n<meta property=\"og:site_name\" content=\"Buletin de Bucure\u0219ti\" \/>\n<meta property=\"article:publisher\" content=\"https:\/\/www.facebook.com\/buletin.de.buc\" \/>\n<meta property=\"article:published_time\" content=\"2022-02-21T08:50:05+00:00\" \/>\n<meta property=\"article:modified_time\" content=\"2022-02-21T14:12:22+00:00\" \/>\n<meta property=\"og:image\" content=\"https:\/\/buletin.de\/bucuresti\/wp-content\/uploads\/ID40304_INQUAM_Photos_Liviu-Florin_Albei-scaled.jpg\" \/>\n\t<meta property=\"og:image:width\" content=\"2560\" \/>\n\t<meta property=\"og:image:height\" content=\"1707\" \/>\n\t<meta property=\"og:image:type\" content=\"image\/jpeg\" \/>\n<meta name=\"author\" content=\"Bianca Albu\" \/>\n<meta name=\"twitter:card\" content=\"summary_large_image\" \/>\n<meta name=\"twitter:label1\" content=\"Written by\" \/>\n\t<meta name=\"twitter:data1\" content=\"Bianca Albu\" \/>\n\t<meta name=\"twitter:label2\" content=\"Estimated reading time\" \/>\n\t<meta name=\"twitter:data2\" content=\"4 minutes\" \/>\n<script type=\"application\/ld+json\" class=\"yoast-schema-graph\">{\"@context\":\"https:\\\/\\\/schema.org\",\"@graph\":[{\"@type\":\"Article\",\"@id\":\"https:\\\/\\\/buletin.de\\\/bucuresti\\\/primarul-robert-negoita-acuzat-de-dna-ca-ar-fi-prelungit-nelegat-contractul-de-salubritate-cu-rosal-grup-prejudiciu-estimat-de-580-milioane-de-lei\\\/#article\",\"isPartOf\":{\"@id\":\"https:\\\/\\\/buletin.de\\\/bucuresti\\\/primarul-robert-negoita-acuzat-de-dna-ca-ar-fi-prelungit-nelegat-contractul-de-salubritate-cu-rosal-grup-prejudiciu-estimat-de-580-milioane-de-lei\\\/\"},\"author\":{\"name\":\"Bianca Albu\",\"@id\":\"https:\\\/\\\/buletin.de\\\/bucuresti\\\/#\\\/schema\\\/person\\\/295dc2228d2dc79294d636619468dc7f\"},\"headline\":\"Primarul Robert Negoi\u021b\u0103, acuzat de DNA c\u0103 ar fi prelungit nelegal contractul de salubritate cu Rosal Grup. Prejudiciu estimat de 580 milioane de lei\",\"datePublished\":\"2022-02-21T08:50:05+00:00\",\"dateModified\":\"2022-02-21T14:12:22+00:00\",\"mainEntityOfPage\":{\"@id\":\"https:\\\/\\\/buletin.de\\\/bucuresti\\\/primarul-robert-negoita-acuzat-de-dna-ca-ar-fi-prelungit-nelegat-contractul-de-salubritate-cu-rosal-grup-prejudiciu-estimat-de-580-milioane-de-lei\\\/\"},\"wordCount\":934,\"publisher\":{\"@id\":\"https:\\\/\\\/buletin.de\\\/bucuresti\\\/#organization\"},\"image\":{\"@id\":\"https:\\\/\\\/buletin.de\\\/bucuresti\\\/primarul-robert-negoita-acuzat-de-dna-ca-ar-fi-prelungit-nelegat-contractul-de-salubritate-cu-rosal-grup-prejudiciu-estimat-de-580-milioane-de-lei\\\/#primaryimage\"},\"thumbnailUrl\":\"https:\\\/\\\/buletin.de\\\/bucuresti\\\/wp-content\\\/uploads\\\/ID40304_INQUAM_Photos_Liviu-Florin_Albei-scaled.jpg\",\"keywords\":[\"curtea de conturi\",\"dna\",\"robert negoita\",\"Sector 3\"],\"articleSection\":[\"Prim\u0103rie\"],\"inLanguage\":\"en-GB\",\"copyrightYear\":\"2022\",\"copyrightHolder\":{\"@id\":\"https:\\\/\\\/buletin.de\\\/bucuresti\\\/#organization\"}},{\"@type\":\"WebPage\",\"@id\":\"https:\\\/\\\/buletin.de\\\/bucuresti\\\/primarul-robert-negoita-acuzat-de-dna-ca-ar-fi-prelungit-nelegat-contractul-de-salubritate-cu-rosal-grup-prejudiciu-estimat-de-580-milioane-de-lei\\\/\",\"url\":\"https:\\\/\\\/buletin.de\\\/bucuresti\\\/primarul-robert-negoita-acuzat-de-dna-ca-ar-fi-prelungit-nelegat-contractul-de-salubritate-cu-rosal-grup-prejudiciu-estimat-de-580-milioane-de-lei\\\/\",\"name\":\"Primarul Robert Negoi\u021b\u0103, acuzat de DNA c\u0103 ar fi prelungit nelegal contractul de salubritate cu Rosal Grup. Prejudiciu estimat de 580 milioane de lei - Buletin de Bucure\u0219ti\",\"isPartOf\":{\"@id\":\"https:\\\/\\\/buletin.de\\\/bucuresti\\\/#website\"},\"primaryImageOfPage\":{\"@id\":\"https:\\\/\\\/buletin.de\\\/bucuresti\\\/primarul-robert-negoita-acuzat-de-dna-ca-ar-fi-prelungit-nelegat-contractul-de-salubritate-cu-rosal-grup-prejudiciu-estimat-de-580-milioane-de-lei\\\/#primaryimage\"},\"image\":{\"@id\":\"https:\\\/\\\/buletin.de\\\/bucuresti\\\/primarul-robert-negoita-acuzat-de-dna-ca-ar-fi-prelungit-nelegat-contractul-de-salubritate-cu-rosal-grup-prejudiciu-estimat-de-580-milioane-de-lei\\\/#primaryimage\"},\"thumbnailUrl\":\"https:\\\/\\\/buletin.de\\\/bucuresti\\\/wp-content\\\/uploads\\\/ID40304_INQUAM_Photos_Liviu-Florin_Albei-scaled.jpg\",\"datePublished\":\"2022-02-21T08:50:05+00:00\",\"dateModified\":\"2022-02-21T14:12:22+00:00\",\"breadcrumb\":{\"@id\":\"https:\\\/\\\/buletin.de\\\/bucuresti\\\/primarul-robert-negoita-acuzat-de-dna-ca-ar-fi-prelungit-nelegat-contractul-de-salubritate-cu-rosal-grup-prejudiciu-estimat-de-580-milioane-de-lei\\\/#breadcrumb\"},\"inLanguage\":\"en-GB\",\"potentialAction\":[{\"@type\":\"ReadAction\",\"target\":[\"https:\\\/\\\/buletin.de\\\/bucuresti\\\/primarul-robert-negoita-acuzat-de-dna-ca-ar-fi-prelungit-nelegat-contractul-de-salubritate-cu-rosal-grup-prejudiciu-estimat-de-580-milioane-de-lei\\\/\"]}]},{\"@type\":\"ImageObject\",\"inLanguage\":\"en-GB\",\"@id\":\"https:\\\/\\\/buletin.de\\\/bucuresti\\\/primarul-robert-negoita-acuzat-de-dna-ca-ar-fi-prelungit-nelegat-contractul-de-salubritate-cu-rosal-grup-prejudiciu-estimat-de-580-milioane-de-lei\\\/#primaryimage\",\"url\":\"https:\\\/\\\/buletin.de\\\/bucuresti\\\/wp-content\\\/uploads\\\/ID40304_INQUAM_Photos_Liviu-Florin_Albei-scaled.jpg\",\"contentUrl\":\"https:\\\/\\\/buletin.de\\\/bucuresti\\\/wp-content\\\/uploads\\\/ID40304_INQUAM_Photos_Liviu-Florin_Albei-scaled.jpg\",\"width\":2560,\"height\":1707,\"caption\":\"Robert Negoita, primarul Sectorului 3, soseste la DNA unde este audiat ca martor in dosarul in care sunt cercetati Liviu Dragnea si fosta sotie, miercuri, 11 aprilie 2016. Inquam Photos \\\/ Liviu Albei\"},{\"@type\":\"BreadcrumbList\",\"@id\":\"https:\\\/\\\/buletin.de\\\/bucuresti\\\/primarul-robert-negoita-acuzat-de-dna-ca-ar-fi-prelungit-nelegat-contractul-de-salubritate-cu-rosal-grup-prejudiciu-estimat-de-580-milioane-de-lei\\\/#breadcrumb\",\"itemListElement\":[{\"@type\":\"ListItem\",\"position\":1,\"name\":\"Acas\u0103\",\"item\":\"https:\\\/\\\/buletin.de\\\/bucuresti\\\/\"},{\"@type\":\"ListItem\",\"position\":2,\"name\":\"Primarul Robert Negoi\u021b\u0103, acuzat de DNA c\u0103 ar fi prelungit nelegal contractul de salubritate cu Rosal Grup. Prejudiciu estimat de 580 milioane de lei\"}]},{\"@type\":\"WebSite\",\"@id\":\"https:\\\/\\\/buletin.de\\\/bucuresti\\\/#website\",\"url\":\"https:\\\/\\\/buletin.de\\\/bucuresti\\\/\",\"name\":\"Buletin de Bucure\u0219ti\",\"description\":\"\u0218tiri \u0219i investiga\u021bii esen\u021biale din capital\u0103\",\"publisher\":{\"@id\":\"https:\\\/\\\/buletin.de\\\/bucuresti\\\/#organization\"},\"potentialAction\":[{\"@type\":\"SearchAction\",\"target\":{\"@type\":\"EntryPoint\",\"urlTemplate\":\"https:\\\/\\\/buletin.de\\\/bucuresti\\\/?s={search_term_string}\"},\"query-input\":{\"@type\":\"PropertyValueSpecification\",\"valueRequired\":true,\"valueName\":\"search_term_string\"}}],\"inLanguage\":\"en-GB\"},{\"@type\":\"Organization\",\"@id\":\"https:\\\/\\\/buletin.de\\\/bucuresti\\\/#organization\",\"name\":\"Buletin de Bucure\u0219ti\",\"url\":\"https:\\\/\\\/buletin.de\\\/bucuresti\\\/\",\"logo\":{\"@type\":\"ImageObject\",\"inLanguage\":\"en-GB\",\"@id\":\"https:\\\/\\\/buletin.de\\\/bucuresti\\\/#\\\/schema\\\/logo\\\/image\\\/\",\"url\":\"https:\\\/\\\/buletin.de\\\/bucuresti\\\/wp-content\\\/uploads\\\/logo-bdb-full-wide-vernil-transparent.png\",\"contentUrl\":\"https:\\\/\\\/buletin.de\\\/bucuresti\\\/wp-content\\\/uploads\\\/logo-bdb-full-wide-vernil-transparent.png\",\"width\":1782,\"height\":626,\"caption\":\"Buletin de Bucure\u0219ti\"},\"image\":{\"@id\":\"https:\\\/\\\/buletin.de\\\/bucuresti\\\/#\\\/schema\\\/logo\\\/image\\\/\"},\"sameAs\":[\"https:\\\/\\\/www.facebook.com\\\/buletin.de.buc\",\"https:\\\/\\\/www.instagram.com\\\/buletinde.bucuresti\\\/\"]},{\"@type\":\"Person\",\"@id\":\"https:\\\/\\\/buletin.de\\\/bucuresti\\\/#\\\/schema\\\/person\\\/295dc2228d2dc79294d636619468dc7f\",\"name\":\"Bianca Albu\",\"image\":{\"@type\":\"ImageObject\",\"inLanguage\":\"en-GB\",\"@id\":\"https:\\\/\\\/secure.gravatar.com\\\/avatar\\\/3df2e34e20f529e6fd7be4311ee1f7c4ec4aa886971590baf6fa214b15743516?s=96&d=monsterid&r=gf541c715eeec409ce8101252a3c0d8a7\",\"url\":\"https:\\\/\\\/secure.gravatar.com\\\/avatar\\\/3df2e34e20f529e6fd7be4311ee1f7c4ec4aa886971590baf6fa214b15743516?s=96&d=monsterid&r=g\",\"contentUrl\":\"https:\\\/\\\/secure.gravatar.com\\\/avatar\\\/3df2e34e20f529e6fd7be4311ee1f7c4ec4aa886971590baf6fa214b15743516?s=96&d=monsterid&r=g\",\"caption\":\"Bianca Albu\"},\"description\":\"Reporter\",\"url\":\"https:\\\/\\\/buletin.de\\\/bucuresti\\\/author\\\/biancaalbu\\\/\"}]}<\/script>\n<!-- \/ Yoast SEO Premium plugin. -->","yoast_head_json":{"title":"Primarul Robert Negoi\u021b\u0103, acuzat de DNA c\u0103 ar fi prelungit nelegal contractul de salubritate cu Rosal Grup. Prejudiciu estimat de 580 milioane de lei - Buletin de Bucure\u0219ti","robots":{"index":"index","follow":"follow","max-snippet":"max-snippet:-1","max-image-preview":"max-image-preview:large","max-video-preview":"max-video-preview:-1"},"canonical":"https:\/\/buletin.de\/bucuresti\/primarul-robert-negoita-acuzat-de-dna-ca-ar-fi-prelungit-nelegat-contractul-de-salubritate-cu-rosal-grup-prejudiciu-estimat-de-580-milioane-de-lei\/","og_locale":"en_GB","og_type":"article","og_title":"Primarul Robert Negoi\u021b\u0103, acuzat de DNA c\u0103 ar fi prelungit nelegal contractul de salubritate cu Rosal Grup. Prejudiciu estimat de 580 milioane de lei","og_description":"Primarul Robert Negoi\u021b\u0103 \u0219i mai mul\u021bi func\u021bionari din cadrul administra\u021biei sectorului 3 au fost pu\u0219i sub urm\u0103rire penal\u0103 de Direc\u021bia Na\u021bional\u0103 Anticorup\u021bie. Procurorii \u00eel acuz\u0103 pe edil c\u0103 ar fi prelungit nelegal contractul de salubritate cu Rosal Grup cu \u00eenc\u0103 zece ani. Prejudiul total este de aproape 580 de milioane de lei. Actualizare 16:10, 21.2.2022. [&hellip;]","og_url":"https:\/\/buletin.de\/bucuresti\/primarul-robert-negoita-acuzat-de-dna-ca-ar-fi-prelungit-nelegat-contractul-de-salubritate-cu-rosal-grup-prejudiciu-estimat-de-580-milioane-de-lei\/","og_site_name":"Buletin de Bucure\u0219ti","article_publisher":"https:\/\/www.facebook.com\/buletin.de.buc","article_published_time":"2022-02-21T08:50:05+00:00","article_modified_time":"2022-02-21T14:12:22+00:00","og_image":[{"width":2560,"height":1707,"url":"https:\/\/buletin.de\/bucuresti\/wp-content\/uploads\/ID40304_INQUAM_Photos_Liviu-Florin_Albei-scaled.jpg","type":"image\/jpeg"}],"author":"Bianca Albu","twitter_card":"summary_large_image","twitter_misc":{"Written by":"Bianca Albu","Estimated reading time":"4 minutes"},"schema":{"@context":"https:\/\/schema.org","@graph":[{"@type":"Article","@id":"https:\/\/buletin.de\/bucuresti\/primarul-robert-negoita-acuzat-de-dna-ca-ar-fi-prelungit-nelegat-contractul-de-salubritate-cu-rosal-grup-prejudiciu-estimat-de-580-milioane-de-lei\/#article","isPartOf":{"@id":"https:\/\/buletin.de\/bucuresti\/primarul-robert-negoita-acuzat-de-dna-ca-ar-fi-prelungit-nelegat-contractul-de-salubritate-cu-rosal-grup-prejudiciu-estimat-de-580-milioane-de-lei\/"},"author":{"name":"Bianca Albu","@id":"https:\/\/buletin.de\/bucuresti\/#\/schema\/person\/295dc2228d2dc79294d636619468dc7f"},"headline":"Primarul Robert Negoi\u021b\u0103, acuzat de DNA c\u0103 ar fi prelungit nelegal contractul de salubritate cu Rosal Grup. Prejudiciu estimat de 580 milioane de lei","datePublished":"2022-02-21T08:50:05+00:00","dateModified":"2022-02-21T14:12:22+00:00","mainEntityOfPage":{"@id":"https:\/\/buletin.de\/bucuresti\/primarul-robert-negoita-acuzat-de-dna-ca-ar-fi-prelungit-nelegat-contractul-de-salubritate-cu-rosal-grup-prejudiciu-estimat-de-580-milioane-de-lei\/"},"wordCount":934,"publisher":{"@id":"https:\/\/buletin.de\/bucuresti\/#organization"},"image":{"@id":"https:\/\/buletin.de\/bucuresti\/primarul-robert-negoita-acuzat-de-dna-ca-ar-fi-prelungit-nelegat-contractul-de-salubritate-cu-rosal-grup-prejudiciu-estimat-de-580-milioane-de-lei\/#primaryimage"},"thumbnailUrl":"https:\/\/buletin.de\/bucuresti\/wp-content\/uploads\/ID40304_INQUAM_Photos_Liviu-Florin_Albei-scaled.jpg","keywords":["curtea de conturi","dna","robert negoita","Sector 3"],"articleSection":["Prim\u0103rie"],"inLanguage":"en-GB","copyrightYear":"2022","copyrightHolder":{"@id":"https:\/\/buletin.de\/bucuresti\/#organization"}},{"@type":"WebPage","@id":"https:\/\/buletin.de\/bucuresti\/primarul-robert-negoita-acuzat-de-dna-ca-ar-fi-prelungit-nelegat-contractul-de-salubritate-cu-rosal-grup-prejudiciu-estimat-de-580-milioane-de-lei\/","url":"https:\/\/buletin.de\/bucuresti\/primarul-robert-negoita-acuzat-de-dna-ca-ar-fi-prelungit-nelegat-contractul-de-salubritate-cu-rosal-grup-prejudiciu-estimat-de-580-milioane-de-lei\/","name":"Primarul Robert Negoi\u021b\u0103, acuzat de DNA c\u0103 ar fi prelungit nelegal contractul de salubritate cu Rosal Grup. Prejudiciu estimat de 580 milioane de lei - Buletin de Bucure\u0219ti","isPartOf":{"@id":"https:\/\/buletin.de\/bucuresti\/#website"},"primaryImageOfPage":{"@id":"https:\/\/buletin.de\/bucuresti\/primarul-robert-negoita-acuzat-de-dna-ca-ar-fi-prelungit-nelegat-contractul-de-salubritate-cu-rosal-grup-prejudiciu-estimat-de-580-milioane-de-lei\/#primaryimage"},"image":{"@id":"https:\/\/buletin.de\/bucuresti\/primarul-robert-negoita-acuzat-de-dna-ca-ar-fi-prelungit-nelegat-contractul-de-salubritate-cu-rosal-grup-prejudiciu-estimat-de-580-milioane-de-lei\/#primaryimage"},"thumbnailUrl":"https:\/\/buletin.de\/bucuresti\/wp-content\/uploads\/ID40304_INQUAM_Photos_Liviu-Florin_Albei-scaled.jpg","datePublished":"2022-02-21T08:50:05+00:00","dateModified":"2022-02-21T14:12:22+00:00","breadcrumb":{"@id":"https:\/\/buletin.de\/bucuresti\/primarul-robert-negoita-acuzat-de-dna-ca-ar-fi-prelungit-nelegat-contractul-de-salubritate-cu-rosal-grup-prejudiciu-estimat-de-580-milioane-de-lei\/#breadcrumb"},"inLanguage":"en-GB","potentialAction":[{"@type":"ReadAction","target":["https:\/\/buletin.de\/bucuresti\/primarul-robert-negoita-acuzat-de-dna-ca-ar-fi-prelungit-nelegat-contractul-de-salubritate-cu-rosal-grup-prejudiciu-estimat-de-580-milioane-de-lei\/"]}]},{"@type":"ImageObject","inLanguage":"en-GB","@id":"https:\/\/buletin.de\/bucuresti\/primarul-robert-negoita-acuzat-de-dna-ca-ar-fi-prelungit-nelegat-contractul-de-salubritate-cu-rosal-grup-prejudiciu-estimat-de-580-milioane-de-lei\/#primaryimage","url":"https:\/\/buletin.de\/bucuresti\/wp-content\/uploads\/ID40304_INQUAM_Photos_Liviu-Florin_Albei-scaled.jpg","contentUrl":"https:\/\/buletin.de\/bucuresti\/wp-content\/uploads\/ID40304_INQUAM_Photos_Liviu-Florin_Albei-scaled.jpg","width":2560,"height":1707,"caption":"Robert Negoita, primarul Sectorului 3, soseste la DNA unde este audiat ca martor in dosarul in care sunt cercetati Liviu Dragnea si fosta sotie, miercuri, 11 aprilie 2016. Inquam Photos \/ Liviu Albei"},{"@type":"BreadcrumbList","@id":"https:\/\/buletin.de\/bucuresti\/primarul-robert-negoita-acuzat-de-dna-ca-ar-fi-prelungit-nelegat-contractul-de-salubritate-cu-rosal-grup-prejudiciu-estimat-de-580-milioane-de-lei\/#breadcrumb","itemListElement":[{"@type":"ListItem","position":1,"name":"Acas\u0103","item":"https:\/\/buletin.de\/bucuresti\/"},{"@type":"ListItem","position":2,"name":"Primarul Robert Negoi\u021b\u0103, acuzat de DNA c\u0103 ar fi prelungit nelegal contractul de salubritate cu Rosal Grup. Prejudiciu estimat de 580 milioane de lei"}]},{"@type":"WebSite","@id":"https:\/\/buletin.de\/bucuresti\/#website","url":"https:\/\/buletin.de\/bucuresti\/","name":"Buletin de Bucure\u0219ti","description":"\u0218tiri \u0219i investiga\u021bii esen\u021biale din capital\u0103","publisher":{"@id":"https:\/\/buletin.de\/bucuresti\/#organization"},"potentialAction":[{"@type":"SearchAction","target":{"@type":"EntryPoint","urlTemplate":"https:\/\/buletin.de\/bucuresti\/?s={search_term_string}"},"query-input":{"@type":"PropertyValueSpecification","valueRequired":true,"valueName":"search_term_string"}}],"inLanguage":"en-GB"},{"@type":"Organization","@id":"https:\/\/buletin.de\/bucuresti\/#organization","name":"Buletin de Bucure\u0219ti","url":"https:\/\/buletin.de\/bucuresti\/","logo":{"@type":"ImageObject","inLanguage":"en-GB","@id":"https:\/\/buletin.de\/bucuresti\/#\/schema\/logo\/image\/","url":"https:\/\/buletin.de\/bucuresti\/wp-content\/uploads\/logo-bdb-full-wide-vernil-transparent.png","contentUrl":"https:\/\/buletin.de\/bucuresti\/wp-content\/uploads\/logo-bdb-full-wide-vernil-transparent.png","width":1782,"height":626,"caption":"Buletin de Bucure\u0219ti"},"image":{"@id":"https:\/\/buletin.de\/bucuresti\/#\/schema\/logo\/image\/"},"sameAs":["https:\/\/www.facebook.com\/buletin.de.buc","https:\/\/www.instagram.com\/buletinde.bucuresti\/"]},{"@type":"Person","@id":"https:\/\/buletin.de\/bucuresti\/#\/schema\/person\/295dc2228d2dc79294d636619468dc7f","name":"Bianca Albu","image":{"@type":"ImageObject","inLanguage":"en-GB","@id":"https:\/\/secure.gravatar.com\/avatar\/3df2e34e20f529e6fd7be4311ee1f7c4ec4aa886971590baf6fa214b15743516?s=96&d=monsterid&r=gf541c715eeec409ce8101252a3c0d8a7","url":"https:\/\/secure.gravatar.com\/avatar\/3df2e34e20f529e6fd7be4311ee1f7c4ec4aa886971590baf6fa214b15743516?s=96&d=monsterid&r=g","contentUrl":"https:\/\/secure.gravatar.com\/avatar\/3df2e34e20f529e6fd7be4311ee1f7c4ec4aa886971590baf6fa214b15743516?s=96&d=monsterid&r=g","caption":"Bianca Albu"},"description":"Reporter","url":"https:\/\/buletin.de\/bucuresti\/author\/biancaalbu\/"}]}},"authors":[{"term_id":22588,"user_id":6,"is_guest":0,"slug":"biancaalbu","display_name":"Bianca Albu","avatar_url":"https:\/\/secure.gravatar.com\/avatar\/3df2e34e20f529e6fd7be4311ee1f7c4ec4aa886971590baf6fa214b15743516?s=96&d=monsterid&r=g","0":null,"1":"","2":"","3":"","4":"","5":"","6":"","7":"","8":""}],"_links":{"self":[{"href":"https:\/\/buletin.de\/bucuresti\/wp-json\/wp\/v2\/posts\/39289","targetHints":{"allow":["GET"]}}],"collection":[{"href":"https:\/\/buletin.de\/bucuresti\/wp-json\/wp\/v2\/posts"}],"about":[{"href":"https:\/\/buletin.de\/bucuresti\/wp-json\/wp\/v2\/types\/post"}],"author":[{"embeddable":true,"href":"https:\/\/buletin.de\/bucuresti\/wp-json\/wp\/v2\/users\/6"}],"replies":[{"embeddable":true,"href":"https:\/\/buletin.de\/bucuresti\/wp-json\/wp\/v2\/comments?post=39289"}],"version-history":[{"count":4,"href":"https:\/\/buletin.de\/bucuresti\/wp-json\/wp\/v2\/posts\/39289\/revisions"}],"predecessor-version":[{"id":39335,"href":"https:\/\/buletin.de\/bucuresti\/wp-json\/wp\/v2\/posts\/39289\/revisions\/39335"}],"wp:featuredmedia":[{"embeddable":true,"href":"https:\/\/buletin.de\/bucuresti\/wp-json\/wp\/v2\/media\/30049"}],"wp:attachment":[{"href":"https:\/\/buletin.de\/bucuresti\/wp-json\/wp\/v2\/media?parent=39289"}],"wp:term":[{"taxonomy":"category","embeddable":true,"href":"https:\/\/buletin.de\/bucuresti\/wp-json\/wp\/v2\/categories?post=39289"},{"taxonomy":"post_tag","embeddable":true,"href":"https:\/\/buletin.de\/bucuresti\/wp-json\/wp\/v2\/tags?post=39289"},{"taxonomy":"author","embeddable":true,"href":"https:\/\/buletin.de\/bucuresti\/wp-json\/wp\/v2\/ppma_author?post=39289"}],"curies":[{"name":"wp","href":"https:\/\/api.w.org\/{rel}","templated":true}]}}