{"id":39184,"date":"2022-02-17T16:57:58","date_gmt":"2022-02-17T14:57:58","guid":{"rendered":"https:\/\/buletin.de\/bucuresti\/?p=39184"},"modified":"2022-02-17T18:29:58","modified_gmt":"2022-02-17T16:29:58","slug":"incendiu-in-sectorul-6-arde-o-macelarie-din-strada-bulgarus","status":"publish","type":"post","link":"https:\/\/buletin.de\/bucuresti\/incendiu-in-sectorul-6-arde-o-macelarie-din-strada-bulgarus\/","title":{"rendered":"Incendiu \u00een Sectorul 6. Arde o m\u0103cel\u0103rie  din strada Bulg\u0103ru\u0219"},"content":{"rendered":"\n<p><strong>Un incendiu a izbucnit, \u00een aceast\u0103 dup\u0103 amiaz\u0103, la o m\u0103cel\u0103rie clandestin\u0103 din Sectorul 6, de pe strada Bulg\u0103ra\u0219. Pompierii de la ISU Bucure\u0219ti sunt deja la fa\u021ba locului \u0219i au localizat focul care se putea extinde la dou\u0103 case din apropiere. <\/strong><\/p>\n\n\n\n<blockquote class=\"wp-block-quote is-layout-flow wp-block-quote-is-layout-flow\"><p>E un incendiu \u00een desf\u0103\u0219urare. Momentan e localizat. Cl\u0103direa unde a izbucnit focul are vreo 350 mp de pe strada Bulg\u0103ru\u0219 din Sectorul 6. Pompierii au \u00eenceput deja s\u0103 intervin\u0103 la fa\u021ba locului cu \u0219ase autospeciale, nu sunt victime. <\/p><cite>A declarat pentru Buletin de Bucure\u0219ti pur\u0103torul de cuv\u00e2nt ISUBIF <\/cite><\/blockquote>\n\n\n\n<p><em>\u0218tire \u00een curs de actualizare <\/em><\/p>\n","protected":false},"excerpt":{"rendered":"<p>Un incendiu a izbucnit, \u00een aceast\u0103 dup\u0103 amiaz\u0103, la o m\u0103cel\u0103rie clandestin\u0103 din Sectorul 6, de pe strada Bulg\u0103ra\u0219. Pompierii de la ISU Bucure\u0219ti sunt deja la fa\u021ba locului \u0219i au localizat focul care se putea extinde la dou\u0103 case din apropiere. E un incendiu \u00een desf\u0103\u0219urare. Momentan e localizat. Cl\u0103direa unde a izbucnit focul [&hellip;]<\/p>\n","protected":false},"author":17,"featured_media":39185,"comment_status":"closed","ping_status":"open","sticky":false,"template":"","format":"standard","meta":{"_acf_changed":false,"inline_featured_image":false,"ngg_post_thumbnail":0,"footnotes":""},"categories":[62],"tags":[],"ppma_author":[22576],"class_list":["post-39184","post","type-post","status-publish","format-standard","has-post-thumbnail","hentry","category-stiri"],"acf":[],"yoast_head":"<!-- This site is optimized with the Yoast SEO Premium plugin v25.3 (Yoast SEO v27.5) - https:\/\/yoast.com\/product\/yoast-seo-premium-wordpress\/ -->\n<title>Incendiu \u00een Sectorul 6. Arde o m\u0103cel\u0103rie din strada Bulg\u0103ru\u0219 - Buletin de Bucure\u0219ti<\/title>\n<meta name=\"robots\" content=\"index, follow, max-snippet:-1, max-image-preview:large, max-video-preview:-1\" \/>\n<link rel=\"canonical\" href=\"https:\/\/buletin.de\/bucuresti\/incendiu-in-sectorul-6-arde-o-macelarie-din-strada-bulgarus\/\" \/>\n<meta property=\"og:locale\" content=\"en_GB\" \/>\n<meta property=\"og:type\" content=\"article\" \/>\n<meta property=\"og:title\" content=\"Incendiu \u00een Sectorul 6. Arde o m\u0103cel\u0103rie din strada Bulg\u0103ru\u0219\" \/>\n<meta property=\"og:description\" content=\"Un incendiu a izbucnit, \u00een aceast\u0103 dup\u0103 amiaz\u0103, la o m\u0103cel\u0103rie clandestin\u0103 din Sectorul 6, de pe strada Bulg\u0103ra\u0219. Pompierii de la ISU Bucure\u0219ti sunt deja la fa\u021ba locului \u0219i au localizat focul care se putea extinde la dou\u0103 case din apropiere. E un incendiu \u00een desf\u0103\u0219urare. Momentan e localizat. Cl\u0103direa unde a izbucnit focul [&hellip;]\" \/>\n<meta property=\"og:url\" content=\"https:\/\/buletin.de\/bucuresti\/incendiu-in-sectorul-6-arde-o-macelarie-din-strada-bulgarus\/\" \/>\n<meta property=\"og:site_name\" content=\"Buletin de Bucure\u0219ti\" \/>\n<meta property=\"article:publisher\" content=\"https:\/\/www.facebook.com\/buletin.de.buc\" \/>\n<meta property=\"article:published_time\" content=\"2022-02-17T14:57:58+00:00\" \/>\n<meta property=\"article:modified_time\" content=\"2022-02-17T16:29:58+00:00\" \/>\n<meta property=\"og:image\" content=\"https:\/\/buletin.de\/bucuresti\/wp-content\/uploads\/loeqhoa1uwy.jpg\" \/>\n\t<meta property=\"og:image:width\" content=\"1600\" \/>\n\t<meta property=\"og:image:height\" content=\"1068\" \/>\n\t<meta property=\"og:image:type\" content=\"image\/jpeg\" \/>\n<meta name=\"author\" content=\"Florin R\u00e2\u0219teiu\" \/>\n<meta name=\"twitter:card\" content=\"summary_large_image\" \/>\n<meta name=\"twitter:label1\" content=\"Written by\" \/>\n\t<meta name=\"twitter:data1\" content=\"Florin R\u00e2\u0219teiu\" \/>\n\t<meta name=\"twitter:label2\" content=\"Estimated reading time\" \/>\n\t<meta name=\"twitter:data2\" content=\"1 minute\" \/>\n<script type=\"application\/ld+json\" class=\"yoast-schema-graph\">{\"@context\":\"https:\\\/\\\/schema.org\",\"@graph\":[{\"@type\":\"Article\",\"@id\":\"https:\\\/\\\/buletin.de\\\/bucuresti\\\/incendiu-in-sectorul-6-arde-o-macelarie-din-strada-bulgarus\\\/#article\",\"isPartOf\":{\"@id\":\"https:\\\/\\\/buletin.de\\\/bucuresti\\\/incendiu-in-sectorul-6-arde-o-macelarie-din-strada-bulgarus\\\/\"},\"author\":{\"name\":\"Florin R\u00e2\u0219teiu\",\"@id\":\"https:\\\/\\\/buletin.de\\\/bucuresti\\\/#\\\/schema\\\/person\\\/b0686d7a8b666c6afc78239777fd8a89\"},\"headline\":\"Incendiu \u00een Sectorul 6. Arde o m\u0103cel\u0103rie din strada Bulg\u0103ru\u0219\",\"datePublished\":\"2022-02-17T14:57:58+00:00\",\"dateModified\":\"2022-02-17T16:29:58+00:00\",\"mainEntityOfPage\":{\"@id\":\"https:\\\/\\\/buletin.de\\\/bucuresti\\\/incendiu-in-sectorul-6-arde-o-macelarie-din-strada-bulgarus\\\/\"},\"wordCount\":117,\"publisher\":{\"@id\":\"https:\\\/\\\/buletin.de\\\/bucuresti\\\/#organization\"},\"image\":{\"@id\":\"https:\\\/\\\/buletin.de\\\/bucuresti\\\/incendiu-in-sectorul-6-arde-o-macelarie-din-strada-bulgarus\\\/#primaryimage\"},\"thumbnailUrl\":\"https:\\\/\\\/buletin.de\\\/bucuresti\\\/wp-content\\\/uploads\\\/loeqhoa1uwy.jpg\",\"articleSection\":[\"\u0218tiri\"],\"inLanguage\":\"en-GB\",\"copyrightYear\":\"2022\",\"copyrightHolder\":{\"@id\":\"https:\\\/\\\/buletin.de\\\/bucuresti\\\/#organization\"}},{\"@type\":\"WebPage\",\"@id\":\"https:\\\/\\\/buletin.de\\\/bucuresti\\\/incendiu-in-sectorul-6-arde-o-macelarie-din-strada-bulgarus\\\/\",\"url\":\"https:\\\/\\\/buletin.de\\\/bucuresti\\\/incendiu-in-sectorul-6-arde-o-macelarie-din-strada-bulgarus\\\/\",\"name\":\"Incendiu \u00een Sectorul 6. Arde o m\u0103cel\u0103rie din strada Bulg\u0103ru\u0219 - Buletin de Bucure\u0219ti\",\"isPartOf\":{\"@id\":\"https:\\\/\\\/buletin.de\\\/bucuresti\\\/#website\"},\"primaryImageOfPage\":{\"@id\":\"https:\\\/\\\/buletin.de\\\/bucuresti\\\/incendiu-in-sectorul-6-arde-o-macelarie-din-strada-bulgarus\\\/#primaryimage\"},\"image\":{\"@id\":\"https:\\\/\\\/buletin.de\\\/bucuresti\\\/incendiu-in-sectorul-6-arde-o-macelarie-din-strada-bulgarus\\\/#primaryimage\"},\"thumbnailUrl\":\"https:\\\/\\\/buletin.de\\\/bucuresti\\\/wp-content\\\/uploads\\\/loeqhoa1uwy.jpg\",\"datePublished\":\"2022-02-17T14:57:58+00:00\",\"dateModified\":\"2022-02-17T16:29:58+00:00\",\"breadcrumb\":{\"@id\":\"https:\\\/\\\/buletin.de\\\/bucuresti\\\/incendiu-in-sectorul-6-arde-o-macelarie-din-strada-bulgarus\\\/#breadcrumb\"},\"inLanguage\":\"en-GB\",\"potentialAction\":[{\"@type\":\"ReadAction\",\"target\":[\"https:\\\/\\\/buletin.de\\\/bucuresti\\\/incendiu-in-sectorul-6-arde-o-macelarie-din-strada-bulgarus\\\/\"]}]},{\"@type\":\"ImageObject\",\"inLanguage\":\"en-GB\",\"@id\":\"https:\\\/\\\/buletin.de\\\/bucuresti\\\/incendiu-in-sectorul-6-arde-o-macelarie-din-strada-bulgarus\\\/#primaryimage\",\"url\":\"https:\\\/\\\/buletin.de\\\/bucuresti\\\/wp-content\\\/uploads\\\/loeqhoa1uwy.jpg\",\"contentUrl\":\"https:\\\/\\\/buletin.de\\\/bucuresti\\\/wp-content\\\/uploads\\\/loeqhoa1uwy.jpg\",\"width\":1600,\"height\":1068,\"caption\":\"fireman watering fire\"},{\"@type\":\"BreadcrumbList\",\"@id\":\"https:\\\/\\\/buletin.de\\\/bucuresti\\\/incendiu-in-sectorul-6-arde-o-macelarie-din-strada-bulgarus\\\/#breadcrumb\",\"itemListElement\":[{\"@type\":\"ListItem\",\"position\":1,\"name\":\"Acas\u0103\",\"item\":\"https:\\\/\\\/buletin.de\\\/bucuresti\\\/\"},{\"@type\":\"ListItem\",\"position\":2,\"name\":\"Incendiu \u00een Sectorul 6. Arde o m\u0103cel\u0103rie din strada Bulg\u0103ru\u0219\"}]},{\"@type\":\"WebSite\",\"@id\":\"https:\\\/\\\/buletin.de\\\/bucuresti\\\/#website\",\"url\":\"https:\\\/\\\/buletin.de\\\/bucuresti\\\/\",\"name\":\"Buletin de Bucure\u0219ti\",\"description\":\"\u0218tiri \u0219i investiga\u021bii esen\u021biale din capital\u0103\",\"publisher\":{\"@id\":\"https:\\\/\\\/buletin.de\\\/bucuresti\\\/#organization\"},\"potentialAction\":[{\"@type\":\"SearchAction\",\"target\":{\"@type\":\"EntryPoint\",\"urlTemplate\":\"https:\\\/\\\/buletin.de\\\/bucuresti\\\/?s={search_term_string}\"},\"query-input\":{\"@type\":\"PropertyValueSpecification\",\"valueRequired\":true,\"valueName\":\"search_term_string\"}}],\"inLanguage\":\"en-GB\"},{\"@type\":\"Organization\",\"@id\":\"https:\\\/\\\/buletin.de\\\/bucuresti\\\/#organization\",\"name\":\"Buletin de Bucure\u0219ti\",\"url\":\"https:\\\/\\\/buletin.de\\\/bucuresti\\\/\",\"logo\":{\"@type\":\"ImageObject\",\"inLanguage\":\"en-GB\",\"@id\":\"https:\\\/\\\/buletin.de\\\/bucuresti\\\/#\\\/schema\\\/logo\\\/image\\\/\",\"url\":\"https:\\\/\\\/buletin.de\\\/bucuresti\\\/wp-content\\\/uploads\\\/logo-bdb-full-wide-vernil-transparent.png\",\"contentUrl\":\"https:\\\/\\\/buletin.de\\\/bucuresti\\\/wp-content\\\/uploads\\\/logo-bdb-full-wide-vernil-transparent.png\",\"width\":1782,\"height\":626,\"caption\":\"Buletin de Bucure\u0219ti\"},\"image\":{\"@id\":\"https:\\\/\\\/buletin.de\\\/bucuresti\\\/#\\\/schema\\\/logo\\\/image\\\/\"},\"sameAs\":[\"https:\\\/\\\/www.facebook.com\\\/buletin.de.buc\",\"https:\\\/\\\/www.instagram.com\\\/buletinde.bucuresti\\\/\"]},{\"@type\":\"Person\",\"@id\":\"https:\\\/\\\/buletin.de\\\/bucuresti\\\/#\\\/schema\\\/person\\\/b0686d7a8b666c6afc78239777fd8a89\",\"name\":\"Florin R\u00e2\u0219teiu\",\"image\":{\"@type\":\"ImageObject\",\"inLanguage\":\"en-GB\",\"@id\":\"https:\\\/\\\/buletin.de\\\/bucuresti\\\/wp-content\\\/uploads\\\/Florin-Rasteiu-96x96.jpgf0a6fe28453aa12f0a60e4d0a2e3a78c\",\"url\":\"https:\\\/\\\/buletin.de\\\/bucuresti\\\/wp-content\\\/uploads\\\/Florin-Rasteiu-96x96.jpg\",\"contentUrl\":\"https:\\\/\\\/buletin.de\\\/bucuresti\\\/wp-content\\\/uploads\\\/Florin-Rasteiu-96x96.jpg\",\"caption\":\"Florin R\u00e2\u0219teiu\"},\"description\":\"Jurnalist de investiga\u021bie. Lucreaz\u0103 de aproape 6 ani la Buletin de Bucure\u0219ti, unde a publicat articole care scot la suprafa\u021b\u0103 corup\u021bia din Capital\u0103. Analizeaz\u0103 baze de date zilnic \u0219i scoate pove\u0219ti din exceluri pline de cifre. Pune reflectorul pe adev\u0103r cu fiecare ocazie. A c\u00e2\u0219tigat premiul I la categoria Pres\u0103 Local\u0103 \u00een 2025 \u0219i locul al II-lea la aceea\u0219i categorie \u00een 2024 \u00een cadrul Premiilor Superscrieri pentru jurnalism independent.\",\"url\":\"https:\\\/\\\/buletin.de\\\/bucuresti\\\/author\\\/florinrasteiu\\\/\"}]}<\/script>\n<!-- \/ Yoast SEO Premium plugin. -->","yoast_head_json":{"title":"Incendiu \u00een Sectorul 6. Arde o m\u0103cel\u0103rie din strada Bulg\u0103ru\u0219 - Buletin de Bucure\u0219ti","robots":{"index":"index","follow":"follow","max-snippet":"max-snippet:-1","max-image-preview":"max-image-preview:large","max-video-preview":"max-video-preview:-1"},"canonical":"https:\/\/buletin.de\/bucuresti\/incendiu-in-sectorul-6-arde-o-macelarie-din-strada-bulgarus\/","og_locale":"en_GB","og_type":"article","og_title":"Incendiu \u00een Sectorul 6. Arde o m\u0103cel\u0103rie din strada Bulg\u0103ru\u0219","og_description":"Un incendiu a izbucnit, \u00een aceast\u0103 dup\u0103 amiaz\u0103, la o m\u0103cel\u0103rie clandestin\u0103 din Sectorul 6, de pe strada Bulg\u0103ra\u0219. Pompierii de la ISU Bucure\u0219ti sunt deja la fa\u021ba locului \u0219i au localizat focul care se putea extinde la dou\u0103 case din apropiere. E un incendiu \u00een desf\u0103\u0219urare. Momentan e localizat. Cl\u0103direa unde a izbucnit focul [&hellip;]","og_url":"https:\/\/buletin.de\/bucuresti\/incendiu-in-sectorul-6-arde-o-macelarie-din-strada-bulgarus\/","og_site_name":"Buletin de Bucure\u0219ti","article_publisher":"https:\/\/www.facebook.com\/buletin.de.buc","article_published_time":"2022-02-17T14:57:58+00:00","article_modified_time":"2022-02-17T16:29:58+00:00","og_image":[{"width":1600,"height":1068,"url":"https:\/\/buletin.de\/bucuresti\/wp-content\/uploads\/loeqhoa1uwy.jpg","type":"image\/jpeg"}],"author":"Florin R\u00e2\u0219teiu","twitter_card":"summary_large_image","twitter_misc":{"Written by":"Florin R\u00e2\u0219teiu","Estimated reading time":"1 minute"},"schema":{"@context":"https:\/\/schema.org","@graph":[{"@type":"Article","@id":"https:\/\/buletin.de\/bucuresti\/incendiu-in-sectorul-6-arde-o-macelarie-din-strada-bulgarus\/#article","isPartOf":{"@id":"https:\/\/buletin.de\/bucuresti\/incendiu-in-sectorul-6-arde-o-macelarie-din-strada-bulgarus\/"},"author":{"name":"Florin R\u00e2\u0219teiu","@id":"https:\/\/buletin.de\/bucuresti\/#\/schema\/person\/b0686d7a8b666c6afc78239777fd8a89"},"headline":"Incendiu \u00een Sectorul 6. Arde o m\u0103cel\u0103rie din strada Bulg\u0103ru\u0219","datePublished":"2022-02-17T14:57:58+00:00","dateModified":"2022-02-17T16:29:58+00:00","mainEntityOfPage":{"@id":"https:\/\/buletin.de\/bucuresti\/incendiu-in-sectorul-6-arde-o-macelarie-din-strada-bulgarus\/"},"wordCount":117,"publisher":{"@id":"https:\/\/buletin.de\/bucuresti\/#organization"},"image":{"@id":"https:\/\/buletin.de\/bucuresti\/incendiu-in-sectorul-6-arde-o-macelarie-din-strada-bulgarus\/#primaryimage"},"thumbnailUrl":"https:\/\/buletin.de\/bucuresti\/wp-content\/uploads\/loeqhoa1uwy.jpg","articleSection":["\u0218tiri"],"inLanguage":"en-GB","copyrightYear":"2022","copyrightHolder":{"@id":"https:\/\/buletin.de\/bucuresti\/#organization"}},{"@type":"WebPage","@id":"https:\/\/buletin.de\/bucuresti\/incendiu-in-sectorul-6-arde-o-macelarie-din-strada-bulgarus\/","url":"https:\/\/buletin.de\/bucuresti\/incendiu-in-sectorul-6-arde-o-macelarie-din-strada-bulgarus\/","name":"Incendiu \u00een Sectorul 6. Arde o m\u0103cel\u0103rie din strada Bulg\u0103ru\u0219 - Buletin de Bucure\u0219ti","isPartOf":{"@id":"https:\/\/buletin.de\/bucuresti\/#website"},"primaryImageOfPage":{"@id":"https:\/\/buletin.de\/bucuresti\/incendiu-in-sectorul-6-arde-o-macelarie-din-strada-bulgarus\/#primaryimage"},"image":{"@id":"https:\/\/buletin.de\/bucuresti\/incendiu-in-sectorul-6-arde-o-macelarie-din-strada-bulgarus\/#primaryimage"},"thumbnailUrl":"https:\/\/buletin.de\/bucuresti\/wp-content\/uploads\/loeqhoa1uwy.jpg","datePublished":"2022-02-17T14:57:58+00:00","dateModified":"2022-02-17T16:29:58+00:00","breadcrumb":{"@id":"https:\/\/buletin.de\/bucuresti\/incendiu-in-sectorul-6-arde-o-macelarie-din-strada-bulgarus\/#breadcrumb"},"inLanguage":"en-GB","potentialAction":[{"@type":"ReadAction","target":["https:\/\/buletin.de\/bucuresti\/incendiu-in-sectorul-6-arde-o-macelarie-din-strada-bulgarus\/"]}]},{"@type":"ImageObject","inLanguage":"en-GB","@id":"https:\/\/buletin.de\/bucuresti\/incendiu-in-sectorul-6-arde-o-macelarie-din-strada-bulgarus\/#primaryimage","url":"https:\/\/buletin.de\/bucuresti\/wp-content\/uploads\/loeqhoa1uwy.jpg","contentUrl":"https:\/\/buletin.de\/bucuresti\/wp-content\/uploads\/loeqhoa1uwy.jpg","width":1600,"height":1068,"caption":"fireman watering fire"},{"@type":"BreadcrumbList","@id":"https:\/\/buletin.de\/bucuresti\/incendiu-in-sectorul-6-arde-o-macelarie-din-strada-bulgarus\/#breadcrumb","itemListElement":[{"@type":"ListItem","position":1,"name":"Acas\u0103","item":"https:\/\/buletin.de\/bucuresti\/"},{"@type":"ListItem","position":2,"name":"Incendiu \u00een Sectorul 6. Arde o m\u0103cel\u0103rie din strada Bulg\u0103ru\u0219"}]},{"@type":"WebSite","@id":"https:\/\/buletin.de\/bucuresti\/#website","url":"https:\/\/buletin.de\/bucuresti\/","name":"Buletin de Bucure\u0219ti","description":"\u0218tiri \u0219i investiga\u021bii esen\u021biale din capital\u0103","publisher":{"@id":"https:\/\/buletin.de\/bucuresti\/#organization"},"potentialAction":[{"@type":"SearchAction","target":{"@type":"EntryPoint","urlTemplate":"https:\/\/buletin.de\/bucuresti\/?s={search_term_string}"},"query-input":{"@type":"PropertyValueSpecification","valueRequired":true,"valueName":"search_term_string"}}],"inLanguage":"en-GB"},{"@type":"Organization","@id":"https:\/\/buletin.de\/bucuresti\/#organization","name":"Buletin de Bucure\u0219ti","url":"https:\/\/buletin.de\/bucuresti\/","logo":{"@type":"ImageObject","inLanguage":"en-GB","@id":"https:\/\/buletin.de\/bucuresti\/#\/schema\/logo\/image\/","url":"https:\/\/buletin.de\/bucuresti\/wp-content\/uploads\/logo-bdb-full-wide-vernil-transparent.png","contentUrl":"https:\/\/buletin.de\/bucuresti\/wp-content\/uploads\/logo-bdb-full-wide-vernil-transparent.png","width":1782,"height":626,"caption":"Buletin de Bucure\u0219ti"},"image":{"@id":"https:\/\/buletin.de\/bucuresti\/#\/schema\/logo\/image\/"},"sameAs":["https:\/\/www.facebook.com\/buletin.de.buc","https:\/\/www.instagram.com\/buletinde.bucuresti\/"]},{"@type":"Person","@id":"https:\/\/buletin.de\/bucuresti\/#\/schema\/person\/b0686d7a8b666c6afc78239777fd8a89","name":"Florin R\u00e2\u0219teiu","image":{"@type":"ImageObject","inLanguage":"en-GB","@id":"https:\/\/buletin.de\/bucuresti\/wp-content\/uploads\/Florin-Rasteiu-96x96.jpgf0a6fe28453aa12f0a60e4d0a2e3a78c","url":"https:\/\/buletin.de\/bucuresti\/wp-content\/uploads\/Florin-Rasteiu-96x96.jpg","contentUrl":"https:\/\/buletin.de\/bucuresti\/wp-content\/uploads\/Florin-Rasteiu-96x96.jpg","caption":"Florin R\u00e2\u0219teiu"},"description":"Jurnalist de investiga\u021bie. Lucreaz\u0103 de aproape 6 ani la Buletin de Bucure\u0219ti, unde a publicat articole care scot la suprafa\u021b\u0103 corup\u021bia din Capital\u0103. Analizeaz\u0103 baze de date zilnic \u0219i scoate pove\u0219ti din exceluri pline de cifre. Pune reflectorul pe adev\u0103r cu fiecare ocazie. A c\u00e2\u0219tigat premiul I la categoria Pres\u0103 Local\u0103 \u00een 2025 \u0219i locul al II-lea la aceea\u0219i categorie \u00een 2024 \u00een cadrul Premiilor Superscrieri pentru jurnalism independent.","url":"https:\/\/buletin.de\/bucuresti\/author\/florinrasteiu\/"}]}},"authors":[{"term_id":22576,"user_id":17,"is_guest":0,"slug":"florinrasteiu","display_name":"Florin R\u00e2\u0219teiu","avatar_url":"https:\/\/buletin.de\/bucuresti\/wp-content\/uploads\/Florin-Rasteiu-96x96.jpg","0":null,"1":"","2":"","3":"","4":"","5":"","6":"","7":"","8":""}],"_links":{"self":[{"href":"https:\/\/buletin.de\/bucuresti\/wp-json\/wp\/v2\/posts\/39184","targetHints":{"allow":["GET"]}}],"collection":[{"href":"https:\/\/buletin.de\/bucuresti\/wp-json\/wp\/v2\/posts"}],"about":[{"href":"https:\/\/buletin.de\/bucuresti\/wp-json\/wp\/v2\/types\/post"}],"author":[{"embeddable":true,"href":"https:\/\/buletin.de\/bucuresti\/wp-json\/wp\/v2\/users\/17"}],"replies":[{"embeddable":true,"href":"https:\/\/buletin.de\/bucuresti\/wp-json\/wp\/v2\/comments?post=39184"}],"version-history":[{"count":3,"href":"https:\/\/buletin.de\/bucuresti\/wp-json\/wp\/v2\/posts\/39184\/revisions"}],"predecessor-version":[{"id":39192,"href":"https:\/\/buletin.de\/bucuresti\/wp-json\/wp\/v2\/posts\/39184\/revisions\/39192"}],"wp:featuredmedia":[{"embeddable":true,"href":"https:\/\/buletin.de\/bucuresti\/wp-json\/wp\/v2\/media\/39185"}],"wp:attachment":[{"href":"https:\/\/buletin.de\/bucuresti\/wp-json\/wp\/v2\/media?parent=39184"}],"wp:term":[{"taxonomy":"category","embeddable":true,"href":"https:\/\/buletin.de\/bucuresti\/wp-json\/wp\/v2\/categories?post=39184"},{"taxonomy":"post_tag","embeddable":true,"href":"https:\/\/buletin.de\/bucuresti\/wp-json\/wp\/v2\/tags?post=39184"},{"taxonomy":"author","embeddable":true,"href":"https:\/\/buletin.de\/bucuresti\/wp-json\/wp\/v2\/ppma_author?post=39184"}],"curies":[{"name":"wp","href":"https:\/\/api.w.org\/{rel}","templated":true}]}}