{"id":39172,"date":"2022-02-17T16:35:22","date_gmt":"2022-02-17T14:35:22","guid":{"rendered":"https:\/\/buletin.de\/bucuresti\/?p=39172"},"modified":"2022-02-17T18:39:11","modified_gmt":"2022-02-17T16:39:11","slug":"trasee-modificate-pentru-transportul-in-comun-din-cauza-lucrarilor-de-la-pasajul-de-la-obregia-metalurgiei","status":"publish","type":"post","link":"https:\/\/buletin.de\/bucuresti\/trasee-modificate-pentru-transportul-in-comun-din-cauza-lucrarilor-de-la-pasajul-de-la-obregia-metalurgiei\/","title":{"rendered":"Trasee modificate pentru transportul \u00een comun din cauza lucr\u0103rilor de la pasajul de la Obregia-Metalurgiei"},"content":{"rendered":"\n<p><strong>Linia de troleibuz 74 va fi suspendat\u0103, iar liniile de autobuz 243, 312 \u0219i liniile de noapte N106, N123 \u0219i N124 vor func\u021biona pe trasee modificate \u00eencep\u00e2nd de&nbsp;s\u00e2mb\u0103t\u0103, 19 februarie 2022, pentru c\u0103 \u00eencep lucr\u0103rile de construire a pasajului rutier suprateran de la intersec\u021bia bulevardelor Turnu M\u0103gurele, Alexandru Obregia \u0219i Metalurgiei. \u00cen perioada lucr\u0103rilor, linia 312 va avea mai multe autobuze care vor circula \u00eentre capetele de linie&nbsp;\u201ePia\u021ba Unirii\u201d&nbsp;\u0219i&nbsp;\u201ePlatforma Comercial\u0103 Arcade Berceni\u201d, \u00een loc de&nbsp;\u201ePia\u021ba de Gros\u201d, ca p\u00e2n\u0103 acum, anun\u021b\u0103 Asocia\u021bia de Dezvoltare Intercomunitar\u0103 pentru Transport Public Bucure\u0219ti \u2013 Ilfov (TPBI).<\/strong><\/p>\n\n\n\n<p>TPBI sus\u021bine \u0219i c\u0103 troleibuzele de pe linia suspendat\u0103 74 vor fi&nbsp;redistribuite pe linia 73, care o s\u0103 circule \u00een continuare \u00eentre terminalele \u201eTurnu M\u0103gurele\u201d \u0219i \u201ePia\u021ba Unirii\u201d. Autobuzele liniei 243&nbsp;vor avea traseul modificat, urm\u00e2nd ca, \u00een perioada lucr\u0103rilor, s\u0103 circule \u00eentre&nbsp;Strada Emil Racovi\u021b\u0103&nbsp;\u0219i&nbsp;CFR Constan\u021ba. <\/p>\n\n\n\n<p>Liniile de noapte&nbsp;N106, N123&nbsp;\u0219i&nbsp;N124&nbsp;vor \u00eentoarce la terminalul troleibuzelor liniei 73, \u201eTurnu M\u0103gurele\u201d, nu la \u201eBulevardul Alexandru Obregia\u201d, ca p\u00e2n\u0103 acum.<\/p>\n\n\n\n<p>La \u00eenceputul acestui an, pe 18 decembrie, Daniel B\u0103u\u021b\u0103 a declarat pentru Hotnews.ro c\u0103 \u00een aceast\u0103 prim\u0103var\u0103 vor \u00eencepe lucr\u0103rile de la pasajul suprateran de la intersec\u021bia  bulevardelor Turnu M\u0103gurele, Alexandru Obregia \u0219i Metalurgiei. Edilul sus\u021binea atunci c\u0103 lucr\u0103rile ar urma s\u0103 dureze doi ani. <\/p>\n\n\n\n<blockquote class=\"wp-block-quote is-layout-flow wp-block-quote-is-layout-flow\"><p>\u201eAnul acesta \u00eencepem pasajul suprateran de la intersec\u021bia bd. Turnu M\u0103gurele cu bd. Alexandru Obregia \u0219i Metalurgiei. Deja am \u00eenceput relocarea utilit\u0103\u021bilor, sper\u0103m s\u0103 \u00eencepem forarea pentru pilonii acestui pasaj undeva la \u00eenceputul prim\u0103verii, astfel \u00eenc\u00e2t \u00een maxim 2 ani s\u0103 finaliz\u0103m aceast\u0103 investi\u021bie\u201d.<\/p><cite>A declarat pentru <a href=\"https:\/\/www.hotnews.ro\/stiri-administratie_locala-25308192-video-investitii-incep-primariile-sector-2022-daniel-baluta-anunta-inceperea-lucrarilor-pasajul-intersectia-sos-magurele-metalurgiei-intampla-extinderea-magistralei-m2-metrou.htm\">Hotnews.ro<\/a> Daniel B\u0103lu\u021b\u0103, primarul Sectorului 4<\/cite><\/blockquote>\n\n\n\n<figure class=\"wp-block-image size-large\"><a href=\"https:\/\/buletin.de\/bucuresti\/wp-content\/uploads\/273778831_4829069150502648_2912328494679336092_n.jpg\"><img fetchpriority=\"high\" decoding=\"async\" width=\"900\" height=\"406\" src=\"data:image\/gif;base64,R0lGODlhAQABAAAAACH5BAEKAAEALAAAAAABAAEAAAICTAEAOw==\" data-src=\"https:\/\/buletin.de\/bucuresti\/wp-content\/uploads\/273778831_4829069150502648_2912328494679336092_n-900x406.jpg\" alt=\"\" class=\"wp-image-39173 lazyload\" data-sizes=\"auto\" data-srcset=\"https:\/\/buletin.de\/bucuresti\/wp-content\/uploads\/273778831_4829069150502648_2912328494679336092_n-900x406.jpg 900w, https:\/\/buletin.de\/bucuresti\/wp-content\/uploads\/273778831_4829069150502648_2912328494679336092_n-300x135.jpg 300w, https:\/\/buletin.de\/bucuresti\/wp-content\/uploads\/273778831_4829069150502648_2912328494679336092_n-768x347.jpg 768w, https:\/\/buletin.de\/bucuresti\/wp-content\/uploads\/273778831_4829069150502648_2912328494679336092_n-1060x478.jpg 1060w, https:\/\/buletin.de\/bucuresti\/wp-content\/uploads\/273778831_4829069150502648_2912328494679336092_n-550x248.jpg 550w, https:\/\/buletin.de\/bucuresti\/wp-content\/uploads\/273778831_4829069150502648_2912328494679336092_n-1108x500.jpg 1108w, https:\/\/buletin.de\/bucuresti\/wp-content\/uploads\/273778831_4829069150502648_2912328494679336092_n-600x271.jpg 600w, https:\/\/buletin.de\/bucuresti\/wp-content\/uploads\/273778831_4829069150502648_2912328494679336092_n.jpg 1363w\" sizes=\"(max-width: 900px) 100vw, 900px\" \/><\/a><figcaption>Cum ar urma s\u0103 arate <span style=\"background-color: rgba(0, 0, 0, 0.2); font-size: revert; color: initial;\">pasajul suprateran de la intersec\u021bia bd. Turnu M\u0103gurele cu bd. Alexandru Obregia \u0219i Metalurgiei<\/span>, dup\u0103 ce vor fi finalizate lucr\u0103rile.<br><\/figcaption><\/figure>\n\n\n\n<p>Surs\u0103 Foto: Facebook\/TPBI <\/p>\n","protected":false},"excerpt":{"rendered":"<p>Linia de troleibuz 74 va fi suspendat\u0103, iar liniile de autobuz 243, 312 \u0219i liniile de noapte N106, N123 \u0219i N124 vor func\u021biona pe trasee modificate \u00eencep\u00e2nd de&nbsp;s\u00e2mb\u0103t\u0103, 19 februarie 2022, pentru c\u0103 \u00eencep lucr\u0103rile de construire a pasajului rutier suprateran de la intersec\u021bia bulevardelor Turnu M\u0103gurele, Alexandru Obregia \u0219i Metalurgiei. \u00cen perioada lucr\u0103rilor, linia [&hellip;]<\/p>\n","protected":false},"author":17,"featured_media":39175,"comment_status":"closed","ping_status":"open","sticky":false,"template":"","format":"standard","meta":{"_acf_changed":false,"inline_featured_image":false,"ngg_post_thumbnail":0,"footnotes":""},"categories":[650],"tags":[130,2120,3981,765,3982,564],"ppma_author":[22576],"class_list":["post-39172","post","type-post","status-publish","format-standard","has-post-thumbnail","hentry","category-transport","tag-autobuze","tag-daniel-baluta-2","tag-pasaj-obregia","tag-sector-4","tag-suspendare-transport","tag-tramvai"],"acf":[],"yoast_head":"<!-- This site is optimized with the Yoast SEO Premium plugin v25.3 (Yoast SEO v27.5) - https:\/\/yoast.com\/product\/yoast-seo-premium-wordpress\/ -->\n<title>Trasee modificate pentru transportul \u00een comun din cauza lucr\u0103rilor de la pasajul de la Obregia-Metalurgiei - Buletin de Bucure\u0219ti<\/title>\n<meta name=\"robots\" content=\"index, follow, max-snippet:-1, max-image-preview:large, max-video-preview:-1\" \/>\n<link rel=\"canonical\" href=\"https:\/\/buletin.de\/bucuresti\/trasee-modificate-pentru-transportul-in-comun-din-cauza-lucrarilor-de-la-pasajul-de-la-obregia-metalurgiei\/\" \/>\n<meta property=\"og:locale\" content=\"en_GB\" \/>\n<meta property=\"og:type\" content=\"article\" \/>\n<meta property=\"og:title\" content=\"Trasee modificate pentru transportul \u00een comun din cauza lucr\u0103rilor de la pasajul de la Obregia-Metalurgiei\" \/>\n<meta property=\"og:description\" content=\"Linia de troleibuz 74 va fi suspendat\u0103, iar liniile de autobuz 243, 312 \u0219i liniile de noapte N106, N123 \u0219i N124 vor func\u021biona pe trasee modificate \u00eencep\u00e2nd de&nbsp;s\u00e2mb\u0103t\u0103, 19 februarie 2022, pentru c\u0103 \u00eencep lucr\u0103rile de construire a pasajului rutier suprateran de la intersec\u021bia bulevardelor Turnu M\u0103gurele, Alexandru Obregia \u0219i Metalurgiei. \u00cen perioada lucr\u0103rilor, linia [&hellip;]\" \/>\n<meta property=\"og:url\" content=\"https:\/\/buletin.de\/bucuresti\/trasee-modificate-pentru-transportul-in-comun-din-cauza-lucrarilor-de-la-pasajul-de-la-obregia-metalurgiei\/\" \/>\n<meta property=\"og:site_name\" content=\"Buletin de Bucure\u0219ti\" \/>\n<meta property=\"article:publisher\" content=\"https:\/\/www.facebook.com\/buletin.de.buc\" \/>\n<meta property=\"article:published_time\" content=\"2022-02-17T14:35:22+00:00\" \/>\n<meta property=\"article:modified_time\" content=\"2022-02-17T16:39:11+00:00\" \/>\n<meta property=\"og:image\" content=\"https:\/\/buletin.de\/bucuresti\/wp-content\/uploads\/273967035_4829068697169360_8864633320095046537_n.jpg\" \/>\n\t<meta property=\"og:image:width\" content=\"1600\" \/>\n\t<meta property=\"og:image:height\" content=\"1066\" \/>\n\t<meta property=\"og:image:type\" content=\"image\/jpeg\" \/>\n<meta name=\"author\" content=\"Florin R\u00e2\u0219teiu\" \/>\n<meta name=\"twitter:card\" content=\"summary_large_image\" \/>\n<meta name=\"twitter:label1\" content=\"Written by\" \/>\n\t<meta name=\"twitter:data1\" content=\"Florin R\u00e2\u0219teiu\" \/>\n\t<meta name=\"twitter:label2\" content=\"Estimated reading time\" \/>\n\t<meta name=\"twitter:data2\" content=\"2 minutes\" \/>\n<script type=\"application\/ld+json\" class=\"yoast-schema-graph\">{\"@context\":\"https:\\\/\\\/schema.org\",\"@graph\":[{\"@type\":\"Article\",\"@id\":\"https:\\\/\\\/buletin.de\\\/bucuresti\\\/trasee-modificate-pentru-transportul-in-comun-din-cauza-lucrarilor-de-la-pasajul-de-la-obregia-metalurgiei\\\/#article\",\"isPartOf\":{\"@id\":\"https:\\\/\\\/buletin.de\\\/bucuresti\\\/trasee-modificate-pentru-transportul-in-comun-din-cauza-lucrarilor-de-la-pasajul-de-la-obregia-metalurgiei\\\/\"},\"author\":{\"name\":\"Florin R\u00e2\u0219teiu\",\"@id\":\"https:\\\/\\\/buletin.de\\\/bucuresti\\\/#\\\/schema\\\/person\\\/b0686d7a8b666c6afc78239777fd8a89\"},\"headline\":\"Trasee modificate pentru transportul \u00een comun din cauza lucr\u0103rilor de la pasajul de la Obregia-Metalurgiei\",\"datePublished\":\"2022-02-17T14:35:22+00:00\",\"dateModified\":\"2022-02-17T16:39:11+00:00\",\"mainEntityOfPage\":{\"@id\":\"https:\\\/\\\/buletin.de\\\/bucuresti\\\/trasee-modificate-pentru-transportul-in-comun-din-cauza-lucrarilor-de-la-pasajul-de-la-obregia-metalurgiei\\\/\"},\"wordCount\":356,\"publisher\":{\"@id\":\"https:\\\/\\\/buletin.de\\\/bucuresti\\\/#organization\"},\"image\":{\"@id\":\"https:\\\/\\\/buletin.de\\\/bucuresti\\\/trasee-modificate-pentru-transportul-in-comun-din-cauza-lucrarilor-de-la-pasajul-de-la-obregia-metalurgiei\\\/#primaryimage\"},\"thumbnailUrl\":\"https:\\\/\\\/buletin.de\\\/bucuresti\\\/wp-content\\\/uploads\\\/273967035_4829068697169360_8864633320095046537_n.jpg\",\"keywords\":[\"autobuze\",\"Daniel B\u0103lu\u021b\u0103\",\"pasaj Obregia\",\"Sector 4\",\"suspendare transport\",\"tramvai\"],\"articleSection\":[\"Transport\"],\"inLanguage\":\"en-GB\",\"copyrightYear\":\"2022\",\"copyrightHolder\":{\"@id\":\"https:\\\/\\\/buletin.de\\\/bucuresti\\\/#organization\"}},{\"@type\":\"WebPage\",\"@id\":\"https:\\\/\\\/buletin.de\\\/bucuresti\\\/trasee-modificate-pentru-transportul-in-comun-din-cauza-lucrarilor-de-la-pasajul-de-la-obregia-metalurgiei\\\/\",\"url\":\"https:\\\/\\\/buletin.de\\\/bucuresti\\\/trasee-modificate-pentru-transportul-in-comun-din-cauza-lucrarilor-de-la-pasajul-de-la-obregia-metalurgiei\\\/\",\"name\":\"Trasee modificate pentru transportul \u00een comun din cauza lucr\u0103rilor de la pasajul de la Obregia-Metalurgiei - Buletin de Bucure\u0219ti\",\"isPartOf\":{\"@id\":\"https:\\\/\\\/buletin.de\\\/bucuresti\\\/#website\"},\"primaryImageOfPage\":{\"@id\":\"https:\\\/\\\/buletin.de\\\/bucuresti\\\/trasee-modificate-pentru-transportul-in-comun-din-cauza-lucrarilor-de-la-pasajul-de-la-obregia-metalurgiei\\\/#primaryimage\"},\"image\":{\"@id\":\"https:\\\/\\\/buletin.de\\\/bucuresti\\\/trasee-modificate-pentru-transportul-in-comun-din-cauza-lucrarilor-de-la-pasajul-de-la-obregia-metalurgiei\\\/#primaryimage\"},\"thumbnailUrl\":\"https:\\\/\\\/buletin.de\\\/bucuresti\\\/wp-content\\\/uploads\\\/273967035_4829068697169360_8864633320095046537_n.jpg\",\"datePublished\":\"2022-02-17T14:35:22+00:00\",\"dateModified\":\"2022-02-17T16:39:11+00:00\",\"breadcrumb\":{\"@id\":\"https:\\\/\\\/buletin.de\\\/bucuresti\\\/trasee-modificate-pentru-transportul-in-comun-din-cauza-lucrarilor-de-la-pasajul-de-la-obregia-metalurgiei\\\/#breadcrumb\"},\"inLanguage\":\"en-GB\",\"potentialAction\":[{\"@type\":\"ReadAction\",\"target\":[\"https:\\\/\\\/buletin.de\\\/bucuresti\\\/trasee-modificate-pentru-transportul-in-comun-din-cauza-lucrarilor-de-la-pasajul-de-la-obregia-metalurgiei\\\/\"]}]},{\"@type\":\"ImageObject\",\"inLanguage\":\"en-GB\",\"@id\":\"https:\\\/\\\/buletin.de\\\/bucuresti\\\/trasee-modificate-pentru-transportul-in-comun-din-cauza-lucrarilor-de-la-pasajul-de-la-obregia-metalurgiei\\\/#primaryimage\",\"url\":\"https:\\\/\\\/buletin.de\\\/bucuresti\\\/wp-content\\\/uploads\\\/273967035_4829068697169360_8864633320095046537_n.jpg\",\"contentUrl\":\"https:\\\/\\\/buletin.de\\\/bucuresti\\\/wp-content\\\/uploads\\\/273967035_4829068697169360_8864633320095046537_n.jpg\",\"width\":1600,\"height\":1066},{\"@type\":\"BreadcrumbList\",\"@id\":\"https:\\\/\\\/buletin.de\\\/bucuresti\\\/trasee-modificate-pentru-transportul-in-comun-din-cauza-lucrarilor-de-la-pasajul-de-la-obregia-metalurgiei\\\/#breadcrumb\",\"itemListElement\":[{\"@type\":\"ListItem\",\"position\":1,\"name\":\"Acas\u0103\",\"item\":\"https:\\\/\\\/buletin.de\\\/bucuresti\\\/\"},{\"@type\":\"ListItem\",\"position\":2,\"name\":\"Trasee modificate pentru transportul \u00een comun din cauza lucr\u0103rilor de la pasajul de la Obregia-Metalurgiei\"}]},{\"@type\":\"WebSite\",\"@id\":\"https:\\\/\\\/buletin.de\\\/bucuresti\\\/#website\",\"url\":\"https:\\\/\\\/buletin.de\\\/bucuresti\\\/\",\"name\":\"Buletin de Bucure\u0219ti\",\"description\":\"\u0218tiri \u0219i investiga\u021bii esen\u021biale din capital\u0103\",\"publisher\":{\"@id\":\"https:\\\/\\\/buletin.de\\\/bucuresti\\\/#organization\"},\"potentialAction\":[{\"@type\":\"SearchAction\",\"target\":{\"@type\":\"EntryPoint\",\"urlTemplate\":\"https:\\\/\\\/buletin.de\\\/bucuresti\\\/?s={search_term_string}\"},\"query-input\":{\"@type\":\"PropertyValueSpecification\",\"valueRequired\":true,\"valueName\":\"search_term_string\"}}],\"inLanguage\":\"en-GB\"},{\"@type\":\"Organization\",\"@id\":\"https:\\\/\\\/buletin.de\\\/bucuresti\\\/#organization\",\"name\":\"Buletin de Bucure\u0219ti\",\"url\":\"https:\\\/\\\/buletin.de\\\/bucuresti\\\/\",\"logo\":{\"@type\":\"ImageObject\",\"inLanguage\":\"en-GB\",\"@id\":\"https:\\\/\\\/buletin.de\\\/bucuresti\\\/#\\\/schema\\\/logo\\\/image\\\/\",\"url\":\"https:\\\/\\\/buletin.de\\\/bucuresti\\\/wp-content\\\/uploads\\\/logo-bdb-full-wide-vernil-transparent.png\",\"contentUrl\":\"https:\\\/\\\/buletin.de\\\/bucuresti\\\/wp-content\\\/uploads\\\/logo-bdb-full-wide-vernil-transparent.png\",\"width\":1782,\"height\":626,\"caption\":\"Buletin de Bucure\u0219ti\"},\"image\":{\"@id\":\"https:\\\/\\\/buletin.de\\\/bucuresti\\\/#\\\/schema\\\/logo\\\/image\\\/\"},\"sameAs\":[\"https:\\\/\\\/www.facebook.com\\\/buletin.de.buc\",\"https:\\\/\\\/www.instagram.com\\\/buletinde.bucuresti\\\/\"]},{\"@type\":\"Person\",\"@id\":\"https:\\\/\\\/buletin.de\\\/bucuresti\\\/#\\\/schema\\\/person\\\/b0686d7a8b666c6afc78239777fd8a89\",\"name\":\"Florin R\u00e2\u0219teiu\",\"image\":{\"@type\":\"ImageObject\",\"inLanguage\":\"en-GB\",\"@id\":\"https:\\\/\\\/buletin.de\\\/bucuresti\\\/wp-content\\\/uploads\\\/Florin-Rasteiu-96x96.jpgf0a6fe28453aa12f0a60e4d0a2e3a78c\",\"url\":\"https:\\\/\\\/buletin.de\\\/bucuresti\\\/wp-content\\\/uploads\\\/Florin-Rasteiu-96x96.jpg\",\"contentUrl\":\"https:\\\/\\\/buletin.de\\\/bucuresti\\\/wp-content\\\/uploads\\\/Florin-Rasteiu-96x96.jpg\",\"caption\":\"Florin R\u00e2\u0219teiu\"},\"description\":\"Jurnalist de investiga\u021bie. Lucreaz\u0103 de aproape 6 ani la Buletin de Bucure\u0219ti, unde a publicat articole care scot la suprafa\u021b\u0103 corup\u021bia din Capital\u0103. Analizeaz\u0103 baze de date zilnic \u0219i scoate pove\u0219ti din exceluri pline de cifre. Pune reflectorul pe adev\u0103r cu fiecare ocazie. A c\u00e2\u0219tigat premiul I la categoria Pres\u0103 Local\u0103 \u00een 2025 \u0219i locul al II-lea la aceea\u0219i categorie \u00een 2024 \u00een cadrul Premiilor Superscrieri pentru jurnalism independent.\",\"url\":\"https:\\\/\\\/buletin.de\\\/bucuresti\\\/author\\\/florinrasteiu\\\/\"}]}<\/script>\n<!-- \/ Yoast SEO Premium plugin. -->","yoast_head_json":{"title":"Trasee modificate pentru transportul \u00een comun din cauza lucr\u0103rilor de la pasajul de la Obregia-Metalurgiei - Buletin de Bucure\u0219ti","robots":{"index":"index","follow":"follow","max-snippet":"max-snippet:-1","max-image-preview":"max-image-preview:large","max-video-preview":"max-video-preview:-1"},"canonical":"https:\/\/buletin.de\/bucuresti\/trasee-modificate-pentru-transportul-in-comun-din-cauza-lucrarilor-de-la-pasajul-de-la-obregia-metalurgiei\/","og_locale":"en_GB","og_type":"article","og_title":"Trasee modificate pentru transportul \u00een comun din cauza lucr\u0103rilor de la pasajul de la Obregia-Metalurgiei","og_description":"Linia de troleibuz 74 va fi suspendat\u0103, iar liniile de autobuz 243, 312 \u0219i liniile de noapte N106, N123 \u0219i N124 vor func\u021biona pe trasee modificate \u00eencep\u00e2nd de&nbsp;s\u00e2mb\u0103t\u0103, 19 februarie 2022, pentru c\u0103 \u00eencep lucr\u0103rile de construire a pasajului rutier suprateran de la intersec\u021bia bulevardelor Turnu M\u0103gurele, Alexandru Obregia \u0219i Metalurgiei. \u00cen perioada lucr\u0103rilor, linia [&hellip;]","og_url":"https:\/\/buletin.de\/bucuresti\/trasee-modificate-pentru-transportul-in-comun-din-cauza-lucrarilor-de-la-pasajul-de-la-obregia-metalurgiei\/","og_site_name":"Buletin de Bucure\u0219ti","article_publisher":"https:\/\/www.facebook.com\/buletin.de.buc","article_published_time":"2022-02-17T14:35:22+00:00","article_modified_time":"2022-02-17T16:39:11+00:00","og_image":[{"width":1600,"height":1066,"url":"https:\/\/buletin.de\/bucuresti\/wp-content\/uploads\/273967035_4829068697169360_8864633320095046537_n.jpg","type":"image\/jpeg"}],"author":"Florin R\u00e2\u0219teiu","twitter_card":"summary_large_image","twitter_misc":{"Written by":"Florin R\u00e2\u0219teiu","Estimated reading time":"2 minutes"},"schema":{"@context":"https:\/\/schema.org","@graph":[{"@type":"Article","@id":"https:\/\/buletin.de\/bucuresti\/trasee-modificate-pentru-transportul-in-comun-din-cauza-lucrarilor-de-la-pasajul-de-la-obregia-metalurgiei\/#article","isPartOf":{"@id":"https:\/\/buletin.de\/bucuresti\/trasee-modificate-pentru-transportul-in-comun-din-cauza-lucrarilor-de-la-pasajul-de-la-obregia-metalurgiei\/"},"author":{"name":"Florin R\u00e2\u0219teiu","@id":"https:\/\/buletin.de\/bucuresti\/#\/schema\/person\/b0686d7a8b666c6afc78239777fd8a89"},"headline":"Trasee modificate pentru transportul \u00een comun din cauza lucr\u0103rilor de la pasajul de la Obregia-Metalurgiei","datePublished":"2022-02-17T14:35:22+00:00","dateModified":"2022-02-17T16:39:11+00:00","mainEntityOfPage":{"@id":"https:\/\/buletin.de\/bucuresti\/trasee-modificate-pentru-transportul-in-comun-din-cauza-lucrarilor-de-la-pasajul-de-la-obregia-metalurgiei\/"},"wordCount":356,"publisher":{"@id":"https:\/\/buletin.de\/bucuresti\/#organization"},"image":{"@id":"https:\/\/buletin.de\/bucuresti\/trasee-modificate-pentru-transportul-in-comun-din-cauza-lucrarilor-de-la-pasajul-de-la-obregia-metalurgiei\/#primaryimage"},"thumbnailUrl":"https:\/\/buletin.de\/bucuresti\/wp-content\/uploads\/273967035_4829068697169360_8864633320095046537_n.jpg","keywords":["autobuze","Daniel B\u0103lu\u021b\u0103","pasaj Obregia","Sector 4","suspendare transport","tramvai"],"articleSection":["Transport"],"inLanguage":"en-GB","copyrightYear":"2022","copyrightHolder":{"@id":"https:\/\/buletin.de\/bucuresti\/#organization"}},{"@type":"WebPage","@id":"https:\/\/buletin.de\/bucuresti\/trasee-modificate-pentru-transportul-in-comun-din-cauza-lucrarilor-de-la-pasajul-de-la-obregia-metalurgiei\/","url":"https:\/\/buletin.de\/bucuresti\/trasee-modificate-pentru-transportul-in-comun-din-cauza-lucrarilor-de-la-pasajul-de-la-obregia-metalurgiei\/","name":"Trasee modificate pentru transportul \u00een comun din cauza lucr\u0103rilor de la pasajul de la Obregia-Metalurgiei - Buletin de Bucure\u0219ti","isPartOf":{"@id":"https:\/\/buletin.de\/bucuresti\/#website"},"primaryImageOfPage":{"@id":"https:\/\/buletin.de\/bucuresti\/trasee-modificate-pentru-transportul-in-comun-din-cauza-lucrarilor-de-la-pasajul-de-la-obregia-metalurgiei\/#primaryimage"},"image":{"@id":"https:\/\/buletin.de\/bucuresti\/trasee-modificate-pentru-transportul-in-comun-din-cauza-lucrarilor-de-la-pasajul-de-la-obregia-metalurgiei\/#primaryimage"},"thumbnailUrl":"https:\/\/buletin.de\/bucuresti\/wp-content\/uploads\/273967035_4829068697169360_8864633320095046537_n.jpg","datePublished":"2022-02-17T14:35:22+00:00","dateModified":"2022-02-17T16:39:11+00:00","breadcrumb":{"@id":"https:\/\/buletin.de\/bucuresti\/trasee-modificate-pentru-transportul-in-comun-din-cauza-lucrarilor-de-la-pasajul-de-la-obregia-metalurgiei\/#breadcrumb"},"inLanguage":"en-GB","potentialAction":[{"@type":"ReadAction","target":["https:\/\/buletin.de\/bucuresti\/trasee-modificate-pentru-transportul-in-comun-din-cauza-lucrarilor-de-la-pasajul-de-la-obregia-metalurgiei\/"]}]},{"@type":"ImageObject","inLanguage":"en-GB","@id":"https:\/\/buletin.de\/bucuresti\/trasee-modificate-pentru-transportul-in-comun-din-cauza-lucrarilor-de-la-pasajul-de-la-obregia-metalurgiei\/#primaryimage","url":"https:\/\/buletin.de\/bucuresti\/wp-content\/uploads\/273967035_4829068697169360_8864633320095046537_n.jpg","contentUrl":"https:\/\/buletin.de\/bucuresti\/wp-content\/uploads\/273967035_4829068697169360_8864633320095046537_n.jpg","width":1600,"height":1066},{"@type":"BreadcrumbList","@id":"https:\/\/buletin.de\/bucuresti\/trasee-modificate-pentru-transportul-in-comun-din-cauza-lucrarilor-de-la-pasajul-de-la-obregia-metalurgiei\/#breadcrumb","itemListElement":[{"@type":"ListItem","position":1,"name":"Acas\u0103","item":"https:\/\/buletin.de\/bucuresti\/"},{"@type":"ListItem","position":2,"name":"Trasee modificate pentru transportul \u00een comun din cauza lucr\u0103rilor de la pasajul de la Obregia-Metalurgiei"}]},{"@type":"WebSite","@id":"https:\/\/buletin.de\/bucuresti\/#website","url":"https:\/\/buletin.de\/bucuresti\/","name":"Buletin de Bucure\u0219ti","description":"\u0218tiri \u0219i investiga\u021bii esen\u021biale din capital\u0103","publisher":{"@id":"https:\/\/buletin.de\/bucuresti\/#organization"},"potentialAction":[{"@type":"SearchAction","target":{"@type":"EntryPoint","urlTemplate":"https:\/\/buletin.de\/bucuresti\/?s={search_term_string}"},"query-input":{"@type":"PropertyValueSpecification","valueRequired":true,"valueName":"search_term_string"}}],"inLanguage":"en-GB"},{"@type":"Organization","@id":"https:\/\/buletin.de\/bucuresti\/#organization","name":"Buletin de Bucure\u0219ti","url":"https:\/\/buletin.de\/bucuresti\/","logo":{"@type":"ImageObject","inLanguage":"en-GB","@id":"https:\/\/buletin.de\/bucuresti\/#\/schema\/logo\/image\/","url":"https:\/\/buletin.de\/bucuresti\/wp-content\/uploads\/logo-bdb-full-wide-vernil-transparent.png","contentUrl":"https:\/\/buletin.de\/bucuresti\/wp-content\/uploads\/logo-bdb-full-wide-vernil-transparent.png","width":1782,"height":626,"caption":"Buletin de Bucure\u0219ti"},"image":{"@id":"https:\/\/buletin.de\/bucuresti\/#\/schema\/logo\/image\/"},"sameAs":["https:\/\/www.facebook.com\/buletin.de.buc","https:\/\/www.instagram.com\/buletinde.bucuresti\/"]},{"@type":"Person","@id":"https:\/\/buletin.de\/bucuresti\/#\/schema\/person\/b0686d7a8b666c6afc78239777fd8a89","name":"Florin R\u00e2\u0219teiu","image":{"@type":"ImageObject","inLanguage":"en-GB","@id":"https:\/\/buletin.de\/bucuresti\/wp-content\/uploads\/Florin-Rasteiu-96x96.jpgf0a6fe28453aa12f0a60e4d0a2e3a78c","url":"https:\/\/buletin.de\/bucuresti\/wp-content\/uploads\/Florin-Rasteiu-96x96.jpg","contentUrl":"https:\/\/buletin.de\/bucuresti\/wp-content\/uploads\/Florin-Rasteiu-96x96.jpg","caption":"Florin R\u00e2\u0219teiu"},"description":"Jurnalist de investiga\u021bie. Lucreaz\u0103 de aproape 6 ani la Buletin de Bucure\u0219ti, unde a publicat articole care scot la suprafa\u021b\u0103 corup\u021bia din Capital\u0103. Analizeaz\u0103 baze de date zilnic \u0219i scoate pove\u0219ti din exceluri pline de cifre. Pune reflectorul pe adev\u0103r cu fiecare ocazie. A c\u00e2\u0219tigat premiul I la categoria Pres\u0103 Local\u0103 \u00een 2025 \u0219i locul al II-lea la aceea\u0219i categorie \u00een 2024 \u00een cadrul Premiilor Superscrieri pentru jurnalism independent.","url":"https:\/\/buletin.de\/bucuresti\/author\/florinrasteiu\/"}]}},"authors":[{"term_id":22576,"user_id":17,"is_guest":0,"slug":"florinrasteiu","display_name":"Florin R\u00e2\u0219teiu","avatar_url":"https:\/\/buletin.de\/bucuresti\/wp-content\/uploads\/Florin-Rasteiu-96x96.jpg","0":null,"1":"","2":"","3":"","4":"","5":"","6":"","7":"","8":""}],"_links":{"self":[{"href":"https:\/\/buletin.de\/bucuresti\/wp-json\/wp\/v2\/posts\/39172","targetHints":{"allow":["GET"]}}],"collection":[{"href":"https:\/\/buletin.de\/bucuresti\/wp-json\/wp\/v2\/posts"}],"about":[{"href":"https:\/\/buletin.de\/bucuresti\/wp-json\/wp\/v2\/types\/post"}],"author":[{"embeddable":true,"href":"https:\/\/buletin.de\/bucuresti\/wp-json\/wp\/v2\/users\/17"}],"replies":[{"embeddable":true,"href":"https:\/\/buletin.de\/bucuresti\/wp-json\/wp\/v2\/comments?post=39172"}],"version-history":[{"count":9,"href":"https:\/\/buletin.de\/bucuresti\/wp-json\/wp\/v2\/posts\/39172\/revisions"}],"predecessor-version":[{"id":39195,"href":"https:\/\/buletin.de\/bucuresti\/wp-json\/wp\/v2\/posts\/39172\/revisions\/39195"}],"wp:featuredmedia":[{"embeddable":true,"href":"https:\/\/buletin.de\/bucuresti\/wp-json\/wp\/v2\/media\/39175"}],"wp:attachment":[{"href":"https:\/\/buletin.de\/bucuresti\/wp-json\/wp\/v2\/media?parent=39172"}],"wp:term":[{"taxonomy":"category","embeddable":true,"href":"https:\/\/buletin.de\/bucuresti\/wp-json\/wp\/v2\/categories?post=39172"},{"taxonomy":"post_tag","embeddable":true,"href":"https:\/\/buletin.de\/bucuresti\/wp-json\/wp\/v2\/tags?post=39172"},{"taxonomy":"author","embeddable":true,"href":"https:\/\/buletin.de\/bucuresti\/wp-json\/wp\/v2\/ppma_author?post=39172"}],"curies":[{"name":"wp","href":"https:\/\/api.w.org\/{rel}","templated":true}]}}