{"id":38875,"date":"2022-02-15T13:50:33","date_gmt":"2022-02-15T11:50:33","guid":{"rendered":"https:\/\/buletin.de\/bucuresti\/?p=38875"},"modified":"2022-02-15T14:59:04","modified_gmt":"2022-02-15T12:59:04","slug":"ziua-nationala-a-lecturii-la-biblioteca-metropolitana","status":"publish","type":"post","link":"https:\/\/buletin.de\/bucuresti\/ziua-nationala-a-lecturii-la-biblioteca-metropolitana\/","title":{"rendered":"Ziua Na\u021bional\u0103 a Lecturii, la Biblioteca Metropolitan\u0103"},"content":{"rendered":"\n<p>De Ziua Na\u021bional\u0103 a Lecturii, s\u0103rb\u0103torit\u0103 pentru prima oar\u0103 anul acesta pe 15 februarie, <a href=\"https:\/\/bibmet.ro\/ziua-nationala-a-lecturii-sarbatorita-in-filialele-bmb\/?fbclid=IwAR3J93sCcyXfKdF8hmDFNKQRXqmyk9-gaAaJ-K5-3FULhdafgbAQmOMjocU\">Biblioteca Metropolitan\u0103 Bucure\u0219ti<\/a> organizeaz\u0103 o serie de ac\u021biuni \u00een mai multe fialiale ale sale.  Activit\u0103\u021bile sunt online \u0219i offline \u0219i se adreseaz\u0103 iubitorilor de lectur\u0103 de toate v\u00e2rstele. <\/p>\n\n\n\n<p>Actri\u021ba Adriana Moca s-a \u00eent\u00e2lnit cu cititorii la Filiala Dimitrie Cantemir. Un atelier de lectur\u0103 la care particip\u0103 scriitorul Iuliu Ungureanu a \u00eenceput la ora 14:00, la filiala Ioan Slavici. Cei interesa\u021bi de copil\u0103ria \u0219i via\u021ba scriitorilor rom\u00e2ni pot merge la filiala Dimitrie Bolintineanu.<\/p>\n\n\n\n<p>Alte ateliere de lectur\u0103 vor fi organizate de c\u0103tre filialele Petre Ispirescu, Marin Preda, Otilia Cazimir, Alexandru Macedonski, Lucian Blaga, Costache Neguzzi. Elevii Colegiului Tehnic Gheorghe Airinei vor participa la o sesiune de lectur\u0103 propus\u0103 de filiala Ien\u0103chi\u021b\u0103 V\u0103c\u0103rescu.&nbsp;<\/p>\n\n\n\n<p>\u0218i elevii sectorului 1 s\u0103rb\u0103toresc lectura la <a href=\"https:\/\/www.primariasector1.ro\/articole\/citeste\/comunicate-presa\/2137\/liceenii-din-sectorul-1-sarbatoresc-ziua-nationala-a-lecturii\"> Centrul de Excelen\u021b\u0103 \u00een Arhitectur\u0103, Arte \u0219i Audiovizual \u00eempreun\u0103 cu Prim\u0103ria Sectorului 1<\/a>. Organizatorii expozi\u021biei \u201eBucure\u0219ti. O arhitectur\u0103 modernist\u0103 european\u0103\u201d le propun elevilor o altfel de experien\u021b\u0103 &#8211; lectura unei ilustra\u021bii, lectura unui text, lectura unui desen de linie, a unei picturi, a unui portret sau a unui peisaj, lectura unei partituri. Evenimentul va \u00eencepe la ora 17:00, \u00een spa\u021biul cultural \u0219i expozi\u021bional de pe strada Pia\u021ba Amzei, nr. 13 \u0219l poate fi urm\u0103rit \u0219i <a href=\"https:\/\/www.facebook.com\/centrudeexcelentaAAA,\">online<\/a>. <\/p>\n\n\n\n<p>Tot de Ziua Na\u021bional\u0103 a Lecturii, Prim\u0103ria Capitale, prin Direc\u021bia General\u0103 de Asisten\u021b\u0103 Social\u0103 a Municipiului Bucure\u0219ti, deschide un centru de lectur\u0103 destinat seniorilor, Biblioteca Bunicii. Centrul este situat \u00een cadrul complexului Ominis, strada Turnu M\u0103gurele nr. 17A, sector 4.<\/p>\n\n\n\n<p>Biblioteca Bunicii e deschis\u0103 de luni p\u00e2n\u0103 vineri, \u00eentre orele 9:00-15:00.<\/p>\n\n\n\n<p>\u00cencep\u00e2nd din acest an, Rom\u00e2nia s\u0103rb\u0103tore\u0219te Ziua Na\u021bional\u0103 a Lecturii pe data de 15 februarie. Decizia a fost luat\u0103 de Ministerul Educa\u021biei.<\/p>\n","protected":false},"excerpt":{"rendered":"<p>De Ziua Na\u021bional\u0103 a Lecturii, s\u0103rb\u0103torit\u0103 pentru prima oar\u0103 anul acesta pe 15 februarie, Biblioteca Metropolitan\u0103 Bucure\u0219ti organizeaz\u0103 o serie de ac\u021biuni \u00een mai multe fialiale ale sale. Activit\u0103\u021bile sunt online \u0219i offline \u0219i se adreseaz\u0103 iubitorilor de lectur\u0103 de toate v\u00e2rstele. Actri\u021ba Adriana Moca s-a \u00eent\u00e2lnit cu cititorii la Filiala Dimitrie Cantemir. Un atelier [&hellip;]<\/p>\n","protected":false},"author":41,"featured_media":38877,"comment_status":"closed","ping_status":"open","sticky":false,"template":"","format":"standard","meta":{"_acf_changed":false,"inline_featured_image":false,"ngg_post_thumbnail":0,"footnotes":""},"categories":[62],"tags":[],"ppma_author":[22602],"class_list":["post-38875","post","type-post","status-publish","format-standard","has-post-thumbnail","hentry","category-stiri"],"acf":[],"yoast_head":"<!-- This site is optimized with the Yoast SEO Premium plugin v25.3 (Yoast SEO v27.4) - https:\/\/yoast.com\/product\/yoast-seo-premium-wordpress\/ -->\n<title>Ziua Na\u021bional\u0103 a Lecturii, la Biblioteca Metropolitan\u0103 - Buletin de Bucure\u0219ti<\/title>\n<meta name=\"robots\" content=\"index, follow, max-snippet:-1, max-image-preview:large, max-video-preview:-1\" \/>\n<link rel=\"canonical\" href=\"https:\/\/buletin.de\/bucuresti\/ziua-nationala-a-lecturii-la-biblioteca-metropolitana\/\" \/>\n<meta property=\"og:locale\" content=\"en_GB\" \/>\n<meta property=\"og:type\" content=\"article\" \/>\n<meta property=\"og:title\" content=\"Ziua Na\u021bional\u0103 a Lecturii, la Biblioteca Metropolitan\u0103\" \/>\n<meta property=\"og:description\" content=\"De Ziua Na\u021bional\u0103 a Lecturii, s\u0103rb\u0103torit\u0103 pentru prima oar\u0103 anul acesta pe 15 februarie, Biblioteca Metropolitan\u0103 Bucure\u0219ti organizeaz\u0103 o serie de ac\u021biuni \u00een mai multe fialiale ale sale. Activit\u0103\u021bile sunt online \u0219i offline \u0219i se adreseaz\u0103 iubitorilor de lectur\u0103 de toate v\u00e2rstele. Actri\u021ba Adriana Moca s-a \u00eent\u00e2lnit cu cititorii la Filiala Dimitrie Cantemir. Un atelier [&hellip;]\" \/>\n<meta property=\"og:url\" content=\"https:\/\/buletin.de\/bucuresti\/ziua-nationala-a-lecturii-la-biblioteca-metropolitana\/\" \/>\n<meta property=\"og:site_name\" content=\"Buletin de Bucure\u0219ti\" \/>\n<meta property=\"article:publisher\" content=\"https:\/\/www.facebook.com\/buletin.de.buc\" \/>\n<meta property=\"article:published_time\" content=\"2022-02-15T11:50:33+00:00\" \/>\n<meta property=\"article:modified_time\" content=\"2022-02-15T12:59:04+00:00\" \/>\n<meta property=\"og:image\" content=\"https:\/\/buletin.de\/bucuresti\/wp-content\/uploads\/biblioteca.jpg\" \/>\n\t<meta property=\"og:image:width\" content=\"745\" \/>\n\t<meta property=\"og:image:height\" content=\"438\" \/>\n\t<meta property=\"og:image:type\" content=\"image\/jpeg\" \/>\n<meta name=\"author\" content=\"Daniela Nedelcu\" \/>\n<meta name=\"twitter:card\" content=\"summary_large_image\" \/>\n<meta name=\"twitter:label1\" content=\"Written by\" \/>\n\t<meta name=\"twitter:data1\" content=\"Daniela Nedelcu\" \/>\n\t<meta name=\"twitter:label2\" content=\"Estimated reading time\" \/>\n\t<meta name=\"twitter:data2\" content=\"2 minutes\" \/>\n<script type=\"application\/ld+json\" class=\"yoast-schema-graph\">{\"@context\":\"https:\\\/\\\/schema.org\",\"@graph\":[{\"@type\":\"Article\",\"@id\":\"https:\\\/\\\/buletin.de\\\/bucuresti\\\/ziua-nationala-a-lecturii-la-biblioteca-metropolitana\\\/#article\",\"isPartOf\":{\"@id\":\"https:\\\/\\\/buletin.de\\\/bucuresti\\\/ziua-nationala-a-lecturii-la-biblioteca-metropolitana\\\/\"},\"author\":{\"name\":\"Daniela Nedelcu\",\"@id\":\"https:\\\/\\\/buletin.de\\\/bucuresti\\\/#\\\/schema\\\/person\\\/c12bfa9cf52b692da098d1519a30dc75\"},\"headline\":\"Ziua Na\u021bional\u0103 a Lecturii, la Biblioteca Metropolitan\u0103\",\"datePublished\":\"2022-02-15T11:50:33+00:00\",\"dateModified\":\"2022-02-15T12:59:04+00:00\",\"mainEntityOfPage\":{\"@id\":\"https:\\\/\\\/buletin.de\\\/bucuresti\\\/ziua-nationala-a-lecturii-la-biblioteca-metropolitana\\\/\"},\"wordCount\":322,\"publisher\":{\"@id\":\"https:\\\/\\\/buletin.de\\\/bucuresti\\\/#organization\"},\"image\":{\"@id\":\"https:\\\/\\\/buletin.de\\\/bucuresti\\\/ziua-nationala-a-lecturii-la-biblioteca-metropolitana\\\/#primaryimage\"},\"thumbnailUrl\":\"https:\\\/\\\/buletin.de\\\/bucuresti\\\/wp-content\\\/uploads\\\/biblioteca.jpg\",\"articleSection\":[\"\u0218tiri\"],\"inLanguage\":\"en-GB\",\"copyrightYear\":\"2022\",\"copyrightHolder\":{\"@id\":\"https:\\\/\\\/buletin.de\\\/bucuresti\\\/#organization\"}},{\"@type\":\"WebPage\",\"@id\":\"https:\\\/\\\/buletin.de\\\/bucuresti\\\/ziua-nationala-a-lecturii-la-biblioteca-metropolitana\\\/\",\"url\":\"https:\\\/\\\/buletin.de\\\/bucuresti\\\/ziua-nationala-a-lecturii-la-biblioteca-metropolitana\\\/\",\"name\":\"Ziua Na\u021bional\u0103 a Lecturii, la Biblioteca Metropolitan\u0103 - Buletin de Bucure\u0219ti\",\"isPartOf\":{\"@id\":\"https:\\\/\\\/buletin.de\\\/bucuresti\\\/#website\"},\"primaryImageOfPage\":{\"@id\":\"https:\\\/\\\/buletin.de\\\/bucuresti\\\/ziua-nationala-a-lecturii-la-biblioteca-metropolitana\\\/#primaryimage\"},\"image\":{\"@id\":\"https:\\\/\\\/buletin.de\\\/bucuresti\\\/ziua-nationala-a-lecturii-la-biblioteca-metropolitana\\\/#primaryimage\"},\"thumbnailUrl\":\"https:\\\/\\\/buletin.de\\\/bucuresti\\\/wp-content\\\/uploads\\\/biblioteca.jpg\",\"datePublished\":\"2022-02-15T11:50:33+00:00\",\"dateModified\":\"2022-02-15T12:59:04+00:00\",\"breadcrumb\":{\"@id\":\"https:\\\/\\\/buletin.de\\\/bucuresti\\\/ziua-nationala-a-lecturii-la-biblioteca-metropolitana\\\/#breadcrumb\"},\"inLanguage\":\"en-GB\",\"potentialAction\":[{\"@type\":\"ReadAction\",\"target\":[\"https:\\\/\\\/buletin.de\\\/bucuresti\\\/ziua-nationala-a-lecturii-la-biblioteca-metropolitana\\\/\"]}]},{\"@type\":\"ImageObject\",\"inLanguage\":\"en-GB\",\"@id\":\"https:\\\/\\\/buletin.de\\\/bucuresti\\\/ziua-nationala-a-lecturii-la-biblioteca-metropolitana\\\/#primaryimage\",\"url\":\"https:\\\/\\\/buletin.de\\\/bucuresti\\\/wp-content\\\/uploads\\\/biblioteca.jpg\",\"contentUrl\":\"https:\\\/\\\/buletin.de\\\/bucuresti\\\/wp-content\\\/uploads\\\/biblioteca.jpg\",\"width\":745,\"height\":438},{\"@type\":\"BreadcrumbList\",\"@id\":\"https:\\\/\\\/buletin.de\\\/bucuresti\\\/ziua-nationala-a-lecturii-la-biblioteca-metropolitana\\\/#breadcrumb\",\"itemListElement\":[{\"@type\":\"ListItem\",\"position\":1,\"name\":\"Acas\u0103\",\"item\":\"https:\\\/\\\/buletin.de\\\/bucuresti\\\/\"},{\"@type\":\"ListItem\",\"position\":2,\"name\":\"Ziua Na\u021bional\u0103 a Lecturii, la Biblioteca Metropolitan\u0103\"}]},{\"@type\":\"WebSite\",\"@id\":\"https:\\\/\\\/buletin.de\\\/bucuresti\\\/#website\",\"url\":\"https:\\\/\\\/buletin.de\\\/bucuresti\\\/\",\"name\":\"Buletin de Bucure\u0219ti\",\"description\":\"\u0218tiri \u0219i investiga\u021bii esen\u021biale din capital\u0103\",\"publisher\":{\"@id\":\"https:\\\/\\\/buletin.de\\\/bucuresti\\\/#organization\"},\"potentialAction\":[{\"@type\":\"SearchAction\",\"target\":{\"@type\":\"EntryPoint\",\"urlTemplate\":\"https:\\\/\\\/buletin.de\\\/bucuresti\\\/?s={search_term_string}\"},\"query-input\":{\"@type\":\"PropertyValueSpecification\",\"valueRequired\":true,\"valueName\":\"search_term_string\"}}],\"inLanguage\":\"en-GB\"},{\"@type\":\"Organization\",\"@id\":\"https:\\\/\\\/buletin.de\\\/bucuresti\\\/#organization\",\"name\":\"Buletin de Bucure\u0219ti\",\"url\":\"https:\\\/\\\/buletin.de\\\/bucuresti\\\/\",\"logo\":{\"@type\":\"ImageObject\",\"inLanguage\":\"en-GB\",\"@id\":\"https:\\\/\\\/buletin.de\\\/bucuresti\\\/#\\\/schema\\\/logo\\\/image\\\/\",\"url\":\"https:\\\/\\\/buletin.de\\\/bucuresti\\\/wp-content\\\/uploads\\\/logo-bdb-full-wide-vernil-transparent.png\",\"contentUrl\":\"https:\\\/\\\/buletin.de\\\/bucuresti\\\/wp-content\\\/uploads\\\/logo-bdb-full-wide-vernil-transparent.png\",\"width\":1782,\"height\":626,\"caption\":\"Buletin de Bucure\u0219ti\"},\"image\":{\"@id\":\"https:\\\/\\\/buletin.de\\\/bucuresti\\\/#\\\/schema\\\/logo\\\/image\\\/\"},\"sameAs\":[\"https:\\\/\\\/www.facebook.com\\\/buletin.de.buc\",\"https:\\\/\\\/www.instagram.com\\\/buletinde.bucuresti\\\/\"]},{\"@type\":\"Person\",\"@id\":\"https:\\\/\\\/buletin.de\\\/bucuresti\\\/#\\\/schema\\\/person\\\/c12bfa9cf52b692da098d1519a30dc75\",\"name\":\"Daniela Nedelcu\",\"image\":{\"@type\":\"ImageObject\",\"inLanguage\":\"en-GB\",\"@id\":\"https:\\\/\\\/secure.gravatar.com\\\/avatar\\\/627a8a74c55292c1761bc7541723f39a6cf16c2596456bd0d6bf84c12e6b234f?s=96&d=monsterid&r=g149bd8cb2ad30d3c023163d8f0d263cd\",\"url\":\"https:\\\/\\\/secure.gravatar.com\\\/avatar\\\/627a8a74c55292c1761bc7541723f39a6cf16c2596456bd0d6bf84c12e6b234f?s=96&d=monsterid&r=g\",\"contentUrl\":\"https:\\\/\\\/secure.gravatar.com\\\/avatar\\\/627a8a74c55292c1761bc7541723f39a6cf16c2596456bd0d6bf84c12e6b234f?s=96&d=monsterid&r=g\",\"caption\":\"Daniela Nedelcu\"},\"url\":\"https:\\\/\\\/buletin.de\\\/bucuresti\\\/author\\\/daniela\\\/\"}]}<\/script>\n<!-- \/ Yoast SEO Premium plugin. -->","yoast_head_json":{"title":"Ziua Na\u021bional\u0103 a Lecturii, la Biblioteca Metropolitan\u0103 - Buletin de Bucure\u0219ti","robots":{"index":"index","follow":"follow","max-snippet":"max-snippet:-1","max-image-preview":"max-image-preview:large","max-video-preview":"max-video-preview:-1"},"canonical":"https:\/\/buletin.de\/bucuresti\/ziua-nationala-a-lecturii-la-biblioteca-metropolitana\/","og_locale":"en_GB","og_type":"article","og_title":"Ziua Na\u021bional\u0103 a Lecturii, la Biblioteca Metropolitan\u0103","og_description":"De Ziua Na\u021bional\u0103 a Lecturii, s\u0103rb\u0103torit\u0103 pentru prima oar\u0103 anul acesta pe 15 februarie, Biblioteca Metropolitan\u0103 Bucure\u0219ti organizeaz\u0103 o serie de ac\u021biuni \u00een mai multe fialiale ale sale. Activit\u0103\u021bile sunt online \u0219i offline \u0219i se adreseaz\u0103 iubitorilor de lectur\u0103 de toate v\u00e2rstele. Actri\u021ba Adriana Moca s-a \u00eent\u00e2lnit cu cititorii la Filiala Dimitrie Cantemir. Un atelier [&hellip;]","og_url":"https:\/\/buletin.de\/bucuresti\/ziua-nationala-a-lecturii-la-biblioteca-metropolitana\/","og_site_name":"Buletin de Bucure\u0219ti","article_publisher":"https:\/\/www.facebook.com\/buletin.de.buc","article_published_time":"2022-02-15T11:50:33+00:00","article_modified_time":"2022-02-15T12:59:04+00:00","og_image":[{"width":745,"height":438,"url":"https:\/\/buletin.de\/bucuresti\/wp-content\/uploads\/biblioteca.jpg","type":"image\/jpeg"}],"author":"Daniela Nedelcu","twitter_card":"summary_large_image","twitter_misc":{"Written by":"Daniela Nedelcu","Estimated reading time":"2 minutes"},"schema":{"@context":"https:\/\/schema.org","@graph":[{"@type":"Article","@id":"https:\/\/buletin.de\/bucuresti\/ziua-nationala-a-lecturii-la-biblioteca-metropolitana\/#article","isPartOf":{"@id":"https:\/\/buletin.de\/bucuresti\/ziua-nationala-a-lecturii-la-biblioteca-metropolitana\/"},"author":{"name":"Daniela Nedelcu","@id":"https:\/\/buletin.de\/bucuresti\/#\/schema\/person\/c12bfa9cf52b692da098d1519a30dc75"},"headline":"Ziua Na\u021bional\u0103 a Lecturii, la Biblioteca Metropolitan\u0103","datePublished":"2022-02-15T11:50:33+00:00","dateModified":"2022-02-15T12:59:04+00:00","mainEntityOfPage":{"@id":"https:\/\/buletin.de\/bucuresti\/ziua-nationala-a-lecturii-la-biblioteca-metropolitana\/"},"wordCount":322,"publisher":{"@id":"https:\/\/buletin.de\/bucuresti\/#organization"},"image":{"@id":"https:\/\/buletin.de\/bucuresti\/ziua-nationala-a-lecturii-la-biblioteca-metropolitana\/#primaryimage"},"thumbnailUrl":"https:\/\/buletin.de\/bucuresti\/wp-content\/uploads\/biblioteca.jpg","articleSection":["\u0218tiri"],"inLanguage":"en-GB","copyrightYear":"2022","copyrightHolder":{"@id":"https:\/\/buletin.de\/bucuresti\/#organization"}},{"@type":"WebPage","@id":"https:\/\/buletin.de\/bucuresti\/ziua-nationala-a-lecturii-la-biblioteca-metropolitana\/","url":"https:\/\/buletin.de\/bucuresti\/ziua-nationala-a-lecturii-la-biblioteca-metropolitana\/","name":"Ziua Na\u021bional\u0103 a Lecturii, la Biblioteca Metropolitan\u0103 - Buletin de Bucure\u0219ti","isPartOf":{"@id":"https:\/\/buletin.de\/bucuresti\/#website"},"primaryImageOfPage":{"@id":"https:\/\/buletin.de\/bucuresti\/ziua-nationala-a-lecturii-la-biblioteca-metropolitana\/#primaryimage"},"image":{"@id":"https:\/\/buletin.de\/bucuresti\/ziua-nationala-a-lecturii-la-biblioteca-metropolitana\/#primaryimage"},"thumbnailUrl":"https:\/\/buletin.de\/bucuresti\/wp-content\/uploads\/biblioteca.jpg","datePublished":"2022-02-15T11:50:33+00:00","dateModified":"2022-02-15T12:59:04+00:00","breadcrumb":{"@id":"https:\/\/buletin.de\/bucuresti\/ziua-nationala-a-lecturii-la-biblioteca-metropolitana\/#breadcrumb"},"inLanguage":"en-GB","potentialAction":[{"@type":"ReadAction","target":["https:\/\/buletin.de\/bucuresti\/ziua-nationala-a-lecturii-la-biblioteca-metropolitana\/"]}]},{"@type":"ImageObject","inLanguage":"en-GB","@id":"https:\/\/buletin.de\/bucuresti\/ziua-nationala-a-lecturii-la-biblioteca-metropolitana\/#primaryimage","url":"https:\/\/buletin.de\/bucuresti\/wp-content\/uploads\/biblioteca.jpg","contentUrl":"https:\/\/buletin.de\/bucuresti\/wp-content\/uploads\/biblioteca.jpg","width":745,"height":438},{"@type":"BreadcrumbList","@id":"https:\/\/buletin.de\/bucuresti\/ziua-nationala-a-lecturii-la-biblioteca-metropolitana\/#breadcrumb","itemListElement":[{"@type":"ListItem","position":1,"name":"Acas\u0103","item":"https:\/\/buletin.de\/bucuresti\/"},{"@type":"ListItem","position":2,"name":"Ziua Na\u021bional\u0103 a Lecturii, la Biblioteca Metropolitan\u0103"}]},{"@type":"WebSite","@id":"https:\/\/buletin.de\/bucuresti\/#website","url":"https:\/\/buletin.de\/bucuresti\/","name":"Buletin de Bucure\u0219ti","description":"\u0218tiri \u0219i investiga\u021bii esen\u021biale din capital\u0103","publisher":{"@id":"https:\/\/buletin.de\/bucuresti\/#organization"},"potentialAction":[{"@type":"SearchAction","target":{"@type":"EntryPoint","urlTemplate":"https:\/\/buletin.de\/bucuresti\/?s={search_term_string}"},"query-input":{"@type":"PropertyValueSpecification","valueRequired":true,"valueName":"search_term_string"}}],"inLanguage":"en-GB"},{"@type":"Organization","@id":"https:\/\/buletin.de\/bucuresti\/#organization","name":"Buletin de Bucure\u0219ti","url":"https:\/\/buletin.de\/bucuresti\/","logo":{"@type":"ImageObject","inLanguage":"en-GB","@id":"https:\/\/buletin.de\/bucuresti\/#\/schema\/logo\/image\/","url":"https:\/\/buletin.de\/bucuresti\/wp-content\/uploads\/logo-bdb-full-wide-vernil-transparent.png","contentUrl":"https:\/\/buletin.de\/bucuresti\/wp-content\/uploads\/logo-bdb-full-wide-vernil-transparent.png","width":1782,"height":626,"caption":"Buletin de Bucure\u0219ti"},"image":{"@id":"https:\/\/buletin.de\/bucuresti\/#\/schema\/logo\/image\/"},"sameAs":["https:\/\/www.facebook.com\/buletin.de.buc","https:\/\/www.instagram.com\/buletinde.bucuresti\/"]},{"@type":"Person","@id":"https:\/\/buletin.de\/bucuresti\/#\/schema\/person\/c12bfa9cf52b692da098d1519a30dc75","name":"Daniela Nedelcu","image":{"@type":"ImageObject","inLanguage":"en-GB","@id":"https:\/\/secure.gravatar.com\/avatar\/627a8a74c55292c1761bc7541723f39a6cf16c2596456bd0d6bf84c12e6b234f?s=96&d=monsterid&r=g149bd8cb2ad30d3c023163d8f0d263cd","url":"https:\/\/secure.gravatar.com\/avatar\/627a8a74c55292c1761bc7541723f39a6cf16c2596456bd0d6bf84c12e6b234f?s=96&d=monsterid&r=g","contentUrl":"https:\/\/secure.gravatar.com\/avatar\/627a8a74c55292c1761bc7541723f39a6cf16c2596456bd0d6bf84c12e6b234f?s=96&d=monsterid&r=g","caption":"Daniela Nedelcu"},"url":"https:\/\/buletin.de\/bucuresti\/author\/daniela\/"}]}},"authors":[{"term_id":22602,"user_id":41,"is_guest":0,"slug":"daniela","display_name":"Daniela Nedelcu","avatar_url":"https:\/\/secure.gravatar.com\/avatar\/627a8a74c55292c1761bc7541723f39a6cf16c2596456bd0d6bf84c12e6b234f?s=96&d=monsterid&r=g","0":null,"1":"","2":"","3":"","4":"","5":"","6":"","7":"","8":""}],"_links":{"self":[{"href":"https:\/\/buletin.de\/bucuresti\/wp-json\/wp\/v2\/posts\/38875","targetHints":{"allow":["GET"]}}],"collection":[{"href":"https:\/\/buletin.de\/bucuresti\/wp-json\/wp\/v2\/posts"}],"about":[{"href":"https:\/\/buletin.de\/bucuresti\/wp-json\/wp\/v2\/types\/post"}],"author":[{"embeddable":true,"href":"https:\/\/buletin.de\/bucuresti\/wp-json\/wp\/v2\/users\/41"}],"replies":[{"embeddable":true,"href":"https:\/\/buletin.de\/bucuresti\/wp-json\/wp\/v2\/comments?post=38875"}],"version-history":[{"count":15,"href":"https:\/\/buletin.de\/bucuresti\/wp-json\/wp\/v2\/posts\/38875\/revisions"}],"predecessor-version":[{"id":38917,"href":"https:\/\/buletin.de\/bucuresti\/wp-json\/wp\/v2\/posts\/38875\/revisions\/38917"}],"wp:featuredmedia":[{"embeddable":true,"href":"https:\/\/buletin.de\/bucuresti\/wp-json\/wp\/v2\/media\/38877"}],"wp:attachment":[{"href":"https:\/\/buletin.de\/bucuresti\/wp-json\/wp\/v2\/media?parent=38875"}],"wp:term":[{"taxonomy":"category","embeddable":true,"href":"https:\/\/buletin.de\/bucuresti\/wp-json\/wp\/v2\/categories?post=38875"},{"taxonomy":"post_tag","embeddable":true,"href":"https:\/\/buletin.de\/bucuresti\/wp-json\/wp\/v2\/tags?post=38875"},{"taxonomy":"author","embeddable":true,"href":"https:\/\/buletin.de\/bucuresti\/wp-json\/wp\/v2\/ppma_author?post=38875"}],"curies":[{"name":"wp","href":"https:\/\/api.w.org\/{rel}","templated":true}]}}