{"id":38739,"date":"2022-02-12T12:24:10","date_gmt":"2022-02-12T10:24:10","guid":{"rendered":"https:\/\/buletin.de\/bucuresti\/?p=38739"},"modified":"2022-02-12T12:24:11","modified_gmt":"2022-02-12T10:24:11","slug":"tpbi-circulatia-troleibuzului-66-va-fi-modificata-temporar","status":"publish","type":"post","link":"https:\/\/buletin.de\/bucuresti\/tpbi-circulatia-troleibuzului-66-va-fi-modificata-temporar\/","title":{"rendered":"TPBI: Circula\u021bia troleibuzului 66 va fi modificat\u0103 temporar"},"content":{"rendered":"\n<p>Asocia\u021bia de Dezvoltare Intercomunitar\u0103 pentru Transport Public Bucure\u0219ti \u0219i Ilfov a anun\u021bat c\u0103 linia de troleibuz 66 va circula diferit o perioad\u0103. M\u00e3sura a fost luat\u0103 din cauza lucr\u00e3rilor la Pasajul Doamna Ghica.<\/p>\n\n\n\n<p>A\u0219adar, din 14 februarie 2022, linia 66 va func\u021biona \u00eentre \u201eVasile P\u00e2rvan\u201d \u0219i \u201eArena Na\u021bional\u0103\u201d. \u00cen locul troleibuzelor, cet\u0103\u021benii vor putea c\u0103l\u0103tori cu linia navet\u0103 de autobuz 667 care va func\u021biona \u00eentre \u201ePia\u021ba Rosetti\u201d \u0219i \u201eSpitalul Fundeni\u201d. Autobuzul va merge prin toate sta\u021biile liniei 66, iar la sf\u00e2r\u0219it are sta\u021bie comun\u0103 cu linia 311.<\/p>\n\n\n\n<p>Noua rut\u0103 a liniei 66 va func\u021biona pe traseul de baz\u0103 \u201eVasile P\u00e2rvan\u201d p\u00e2n\u0103 la intersec\u021bia Bd. Carol\/ Calea Mo\u0219ilor, dup\u0103 care va avea un traseu modificat pe Bd. Pache Protopopescu, Str. Matei Voievod, Str. Vatra Luminoas\u0103, Bd. Pierre de Coubertin p\u00e2n\u0103 la \u201eArena Na\u021bional\u0103\u201d.<\/p>\n\n\n\n<p>Pe parcursul lucr\u0103rilor la Pasajul Doamna Ghica, liniile de troleibuz 70 \u0219i 85 vor avea un num\u0103r de vehicule suplimentare.<\/p>\n\n\n\n<p>Surs\u0103 foto: mobilitate.eu<\/p>\n","protected":false},"excerpt":{"rendered":"<p>Asocia\u021bia de Dezvoltare Intercomunitar\u0103 pentru Transport Public Bucure\u0219ti \u0219i Ilfov a anun\u021bat c\u0103 linia de troleibuz 66 va circula diferit o perioad\u0103. M\u00e3sura a fost luat\u0103 din cauza lucr\u00e3rilor la Pasajul Doamna Ghica. A\u0219adar, din 14 februarie 2022, linia 66 va func\u021biona \u00eentre \u201eVasile P\u00e2rvan\u201d \u0219i \u201eArena Na\u021bional\u0103\u201d. \u00cen locul troleibuzelor, cet\u0103\u021benii vor putea c\u0103l\u0103tori [&hellip;]<\/p>\n","protected":false},"author":42,"featured_media":38740,"comment_status":"closed","ping_status":"open","sticky":false,"template":"","format":"standard","meta":{"_acf_changed":false,"inline_featured_image":false,"ngg_post_thumbnail":0,"footnotes":""},"categories":[62],"tags":[9,2381,3956,373,746],"ppma_author":[22603],"class_list":["post-38739","post","type-post","status-publish","format-standard","has-post-thumbnail","hentry","category-stiri","tag-bucuresti","tag-buletin-zilnic","tag-linia-66","tag-pasajul-doamna-ghica","tag-troleibuze"],"acf":[],"yoast_head":"<!-- This site is optimized with the Yoast SEO Premium plugin v25.3 (Yoast SEO v27.4) - https:\/\/yoast.com\/product\/yoast-seo-premium-wordpress\/ -->\n<title>TPBI: Circula\u021bia liniei 66 va fi modificat\u0103 temporar<\/title>\n<meta name=\"robots\" content=\"index, follow, max-snippet:-1, max-image-preview:large, max-video-preview:-1\" \/>\n<link rel=\"canonical\" href=\"https:\/\/buletin.de\/bucuresti\/tpbi-circulatia-troleibuzului-66-va-fi-modificata-temporar\/\" \/>\n<meta property=\"og:locale\" content=\"en_GB\" \/>\n<meta property=\"og:type\" content=\"article\" \/>\n<meta property=\"og:title\" content=\"TPBI: Circula\u021bia troleibuzului 66 va fi modificat\u0103 temporar\" \/>\n<meta property=\"og:description\" content=\"Asocia\u021bia de Dezvoltare Intercomunitar\u0103 pentru Transport Public Bucure\u0219ti \u0219i Ilfov a anun\u021bat c\u0103 linia de troleibuz 66 va circula diferit o perioad\u0103. M\u00e3sura a fost luat\u0103 din cauza lucr\u00e3rilor la Pasajul Doamna Ghica. A\u0219adar, din 14 februarie 2022, linia 66 va func\u021biona \u00eentre \u201eVasile P\u00e2rvan\u201d \u0219i \u201eArena Na\u021bional\u0103\u201d. \u00cen locul troleibuzelor, cet\u0103\u021benii vor putea c\u0103l\u0103tori [&hellip;]\" \/>\n<meta property=\"og:url\" content=\"https:\/\/buletin.de\/bucuresti\/tpbi-circulatia-troleibuzului-66-va-fi-modificata-temporar\/\" \/>\n<meta property=\"og:site_name\" content=\"Buletin de Bucure\u0219ti\" \/>\n<meta property=\"article:publisher\" content=\"https:\/\/www.facebook.com\/buletin.de.buc\" \/>\n<meta property=\"article:published_time\" content=\"2022-02-12T10:24:10+00:00\" \/>\n<meta property=\"article:modified_time\" content=\"2022-02-12T10:24:11+00:00\" \/>\n<meta property=\"og:image\" content=\"https:\/\/buletin.de\/bucuresti\/wp-content\/uploads\/20220203_104728.jpg\" \/>\n\t<meta property=\"og:image:width\" content=\"1400\" \/>\n\t<meta property=\"og:image:height\" content=\"875\" \/>\n\t<meta property=\"og:image:type\" content=\"image\/jpeg\" \/>\n<meta name=\"author\" content=\"Andra Mure\u0219an\" \/>\n<meta name=\"twitter:card\" content=\"summary_large_image\" \/>\n<meta name=\"twitter:label1\" content=\"Written by\" \/>\n\t<meta name=\"twitter:data1\" content=\"Andra Mure\u0219an\" \/>\n\t<meta name=\"twitter:label2\" content=\"Estimated reading time\" \/>\n\t<meta name=\"twitter:data2\" content=\"1 minute\" \/>\n<script type=\"application\/ld+json\" class=\"yoast-schema-graph\">{\"@context\":\"https:\\\/\\\/schema.org\",\"@graph\":[{\"@type\":\"Article\",\"@id\":\"https:\\\/\\\/buletin.de\\\/bucuresti\\\/tpbi-circulatia-troleibuzului-66-va-fi-modificata-temporar\\\/#article\",\"isPartOf\":{\"@id\":\"https:\\\/\\\/buletin.de\\\/bucuresti\\\/tpbi-circulatia-troleibuzului-66-va-fi-modificata-temporar\\\/\"},\"author\":{\"name\":\"Andra Mure\u0219an\",\"@id\":\"https:\\\/\\\/buletin.de\\\/bucuresti\\\/#\\\/schema\\\/person\\\/2305426a193cfbaadc0b30023ee5d01c\"},\"headline\":\"TPBI: Circula\u021bia troleibuzului 66 va fi modificat\u0103 temporar\",\"datePublished\":\"2022-02-12T10:24:10+00:00\",\"dateModified\":\"2022-02-12T10:24:11+00:00\",\"mainEntityOfPage\":{\"@id\":\"https:\\\/\\\/buletin.de\\\/bucuresti\\\/tpbi-circulatia-troleibuzului-66-va-fi-modificata-temporar\\\/\"},\"wordCount\":181,\"publisher\":{\"@id\":\"https:\\\/\\\/buletin.de\\\/bucuresti\\\/#organization\"},\"image\":{\"@id\":\"https:\\\/\\\/buletin.de\\\/bucuresti\\\/tpbi-circulatia-troleibuzului-66-va-fi-modificata-temporar\\\/#primaryimage\"},\"thumbnailUrl\":\"https:\\\/\\\/buletin.de\\\/bucuresti\\\/wp-content\\\/uploads\\\/20220203_104728.jpg\",\"keywords\":[\"bucuresti\",\"buletin zilnic\",\"linia 66\",\"pasajul doamna ghica\",\"troleibuze\"],\"articleSection\":[\"\u0218tiri\"],\"inLanguage\":\"en-GB\",\"copyrightYear\":\"2022\",\"copyrightHolder\":{\"@id\":\"https:\\\/\\\/buletin.de\\\/bucuresti\\\/#organization\"}},{\"@type\":\"WebPage\",\"@id\":\"https:\\\/\\\/buletin.de\\\/bucuresti\\\/tpbi-circulatia-troleibuzului-66-va-fi-modificata-temporar\\\/\",\"url\":\"https:\\\/\\\/buletin.de\\\/bucuresti\\\/tpbi-circulatia-troleibuzului-66-va-fi-modificata-temporar\\\/\",\"name\":\"TPBI: Circula\u021bia liniei 66 va fi modificat\u0103 temporar\",\"isPartOf\":{\"@id\":\"https:\\\/\\\/buletin.de\\\/bucuresti\\\/#website\"},\"primaryImageOfPage\":{\"@id\":\"https:\\\/\\\/buletin.de\\\/bucuresti\\\/tpbi-circulatia-troleibuzului-66-va-fi-modificata-temporar\\\/#primaryimage\"},\"image\":{\"@id\":\"https:\\\/\\\/buletin.de\\\/bucuresti\\\/tpbi-circulatia-troleibuzului-66-va-fi-modificata-temporar\\\/#primaryimage\"},\"thumbnailUrl\":\"https:\\\/\\\/buletin.de\\\/bucuresti\\\/wp-content\\\/uploads\\\/20220203_104728.jpg\",\"datePublished\":\"2022-02-12T10:24:10+00:00\",\"dateModified\":\"2022-02-12T10:24:11+00:00\",\"breadcrumb\":{\"@id\":\"https:\\\/\\\/buletin.de\\\/bucuresti\\\/tpbi-circulatia-troleibuzului-66-va-fi-modificata-temporar\\\/#breadcrumb\"},\"inLanguage\":\"en-GB\",\"potentialAction\":[{\"@type\":\"ReadAction\",\"target\":[\"https:\\\/\\\/buletin.de\\\/bucuresti\\\/tpbi-circulatia-troleibuzului-66-va-fi-modificata-temporar\\\/\"]}]},{\"@type\":\"ImageObject\",\"inLanguage\":\"en-GB\",\"@id\":\"https:\\\/\\\/buletin.de\\\/bucuresti\\\/tpbi-circulatia-troleibuzului-66-va-fi-modificata-temporar\\\/#primaryimage\",\"url\":\"https:\\\/\\\/buletin.de\\\/bucuresti\\\/wp-content\\\/uploads\\\/20220203_104728.jpg\",\"contentUrl\":\"https:\\\/\\\/buletin.de\\\/bucuresti\\\/wp-content\\\/uploads\\\/20220203_104728.jpg\",\"width\":1400,\"height\":875},{\"@type\":\"BreadcrumbList\",\"@id\":\"https:\\\/\\\/buletin.de\\\/bucuresti\\\/tpbi-circulatia-troleibuzului-66-va-fi-modificata-temporar\\\/#breadcrumb\",\"itemListElement\":[{\"@type\":\"ListItem\",\"position\":1,\"name\":\"Acas\u0103\",\"item\":\"https:\\\/\\\/buletin.de\\\/bucuresti\\\/\"},{\"@type\":\"ListItem\",\"position\":2,\"name\":\"TPBI: Circula\u021bia troleibuzului 66 va fi modificat\u0103 temporar\"}]},{\"@type\":\"WebSite\",\"@id\":\"https:\\\/\\\/buletin.de\\\/bucuresti\\\/#website\",\"url\":\"https:\\\/\\\/buletin.de\\\/bucuresti\\\/\",\"name\":\"Buletin de Bucure\u0219ti\",\"description\":\"\u0218tiri \u0219i investiga\u021bii esen\u021biale din capital\u0103\",\"publisher\":{\"@id\":\"https:\\\/\\\/buletin.de\\\/bucuresti\\\/#organization\"},\"potentialAction\":[{\"@type\":\"SearchAction\",\"target\":{\"@type\":\"EntryPoint\",\"urlTemplate\":\"https:\\\/\\\/buletin.de\\\/bucuresti\\\/?s={search_term_string}\"},\"query-input\":{\"@type\":\"PropertyValueSpecification\",\"valueRequired\":true,\"valueName\":\"search_term_string\"}}],\"inLanguage\":\"en-GB\"},{\"@type\":\"Organization\",\"@id\":\"https:\\\/\\\/buletin.de\\\/bucuresti\\\/#organization\",\"name\":\"Buletin de Bucure\u0219ti\",\"url\":\"https:\\\/\\\/buletin.de\\\/bucuresti\\\/\",\"logo\":{\"@type\":\"ImageObject\",\"inLanguage\":\"en-GB\",\"@id\":\"https:\\\/\\\/buletin.de\\\/bucuresti\\\/#\\\/schema\\\/logo\\\/image\\\/\",\"url\":\"https:\\\/\\\/buletin.de\\\/bucuresti\\\/wp-content\\\/uploads\\\/logo-bdb-full-wide-vernil-transparent.png\",\"contentUrl\":\"https:\\\/\\\/buletin.de\\\/bucuresti\\\/wp-content\\\/uploads\\\/logo-bdb-full-wide-vernil-transparent.png\",\"width\":1782,\"height\":626,\"caption\":\"Buletin de Bucure\u0219ti\"},\"image\":{\"@id\":\"https:\\\/\\\/buletin.de\\\/bucuresti\\\/#\\\/schema\\\/logo\\\/image\\\/\"},\"sameAs\":[\"https:\\\/\\\/www.facebook.com\\\/buletin.de.buc\",\"https:\\\/\\\/www.instagram.com\\\/buletinde.bucuresti\\\/\"]},{\"@type\":\"Person\",\"@id\":\"https:\\\/\\\/buletin.de\\\/bucuresti\\\/#\\\/schema\\\/person\\\/2305426a193cfbaadc0b30023ee5d01c\",\"name\":\"Andra Mure\u0219an\",\"image\":{\"@type\":\"ImageObject\",\"inLanguage\":\"en-GB\",\"@id\":\"https:\\\/\\\/secure.gravatar.com\\\/avatar\\\/0f89940de76acadc8ab9c36e6cec5b672fc84ab1bf1537562fa8584e29dfa8a5?s=96&d=monsterid&r=g30a40ed95e1c0fc67315c6f2c6fa871e\",\"url\":\"https:\\\/\\\/secure.gravatar.com\\\/avatar\\\/0f89940de76acadc8ab9c36e6cec5b672fc84ab1bf1537562fa8584e29dfa8a5?s=96&d=monsterid&r=g\",\"contentUrl\":\"https:\\\/\\\/secure.gravatar.com\\\/avatar\\\/0f89940de76acadc8ab9c36e6cec5b672fc84ab1bf1537562fa8584e29dfa8a5?s=96&d=monsterid&r=g\",\"caption\":\"Andra Mure\u0219an\"},\"url\":\"https:\\\/\\\/buletin.de\\\/bucuresti\\\/author\\\/andra\\\/\"}]}<\/script>\n<!-- \/ Yoast SEO Premium plugin. -->","yoast_head_json":{"title":"TPBI: Circula\u021bia liniei 66 va fi modificat\u0103 temporar","robots":{"index":"index","follow":"follow","max-snippet":"max-snippet:-1","max-image-preview":"max-image-preview:large","max-video-preview":"max-video-preview:-1"},"canonical":"https:\/\/buletin.de\/bucuresti\/tpbi-circulatia-troleibuzului-66-va-fi-modificata-temporar\/","og_locale":"en_GB","og_type":"article","og_title":"TPBI: Circula\u021bia troleibuzului 66 va fi modificat\u0103 temporar","og_description":"Asocia\u021bia de Dezvoltare Intercomunitar\u0103 pentru Transport Public Bucure\u0219ti \u0219i Ilfov a anun\u021bat c\u0103 linia de troleibuz 66 va circula diferit o perioad\u0103. M\u00e3sura a fost luat\u0103 din cauza lucr\u00e3rilor la Pasajul Doamna Ghica. A\u0219adar, din 14 februarie 2022, linia 66 va func\u021biona \u00eentre \u201eVasile P\u00e2rvan\u201d \u0219i \u201eArena Na\u021bional\u0103\u201d. \u00cen locul troleibuzelor, cet\u0103\u021benii vor putea c\u0103l\u0103tori [&hellip;]","og_url":"https:\/\/buletin.de\/bucuresti\/tpbi-circulatia-troleibuzului-66-va-fi-modificata-temporar\/","og_site_name":"Buletin de Bucure\u0219ti","article_publisher":"https:\/\/www.facebook.com\/buletin.de.buc","article_published_time":"2022-02-12T10:24:10+00:00","article_modified_time":"2022-02-12T10:24:11+00:00","og_image":[{"width":1400,"height":875,"url":"https:\/\/buletin.de\/bucuresti\/wp-content\/uploads\/20220203_104728.jpg","type":"image\/jpeg"}],"author":"Andra Mure\u0219an","twitter_card":"summary_large_image","twitter_misc":{"Written by":"Andra Mure\u0219an","Estimated reading time":"1 minute"},"schema":{"@context":"https:\/\/schema.org","@graph":[{"@type":"Article","@id":"https:\/\/buletin.de\/bucuresti\/tpbi-circulatia-troleibuzului-66-va-fi-modificata-temporar\/#article","isPartOf":{"@id":"https:\/\/buletin.de\/bucuresti\/tpbi-circulatia-troleibuzului-66-va-fi-modificata-temporar\/"},"author":{"name":"Andra Mure\u0219an","@id":"https:\/\/buletin.de\/bucuresti\/#\/schema\/person\/2305426a193cfbaadc0b30023ee5d01c"},"headline":"TPBI: Circula\u021bia troleibuzului 66 va fi modificat\u0103 temporar","datePublished":"2022-02-12T10:24:10+00:00","dateModified":"2022-02-12T10:24:11+00:00","mainEntityOfPage":{"@id":"https:\/\/buletin.de\/bucuresti\/tpbi-circulatia-troleibuzului-66-va-fi-modificata-temporar\/"},"wordCount":181,"publisher":{"@id":"https:\/\/buletin.de\/bucuresti\/#organization"},"image":{"@id":"https:\/\/buletin.de\/bucuresti\/tpbi-circulatia-troleibuzului-66-va-fi-modificata-temporar\/#primaryimage"},"thumbnailUrl":"https:\/\/buletin.de\/bucuresti\/wp-content\/uploads\/20220203_104728.jpg","keywords":["bucuresti","buletin zilnic","linia 66","pasajul doamna ghica","troleibuze"],"articleSection":["\u0218tiri"],"inLanguage":"en-GB","copyrightYear":"2022","copyrightHolder":{"@id":"https:\/\/buletin.de\/bucuresti\/#organization"}},{"@type":"WebPage","@id":"https:\/\/buletin.de\/bucuresti\/tpbi-circulatia-troleibuzului-66-va-fi-modificata-temporar\/","url":"https:\/\/buletin.de\/bucuresti\/tpbi-circulatia-troleibuzului-66-va-fi-modificata-temporar\/","name":"TPBI: Circula\u021bia liniei 66 va fi modificat\u0103 temporar","isPartOf":{"@id":"https:\/\/buletin.de\/bucuresti\/#website"},"primaryImageOfPage":{"@id":"https:\/\/buletin.de\/bucuresti\/tpbi-circulatia-troleibuzului-66-va-fi-modificata-temporar\/#primaryimage"},"image":{"@id":"https:\/\/buletin.de\/bucuresti\/tpbi-circulatia-troleibuzului-66-va-fi-modificata-temporar\/#primaryimage"},"thumbnailUrl":"https:\/\/buletin.de\/bucuresti\/wp-content\/uploads\/20220203_104728.jpg","datePublished":"2022-02-12T10:24:10+00:00","dateModified":"2022-02-12T10:24:11+00:00","breadcrumb":{"@id":"https:\/\/buletin.de\/bucuresti\/tpbi-circulatia-troleibuzului-66-va-fi-modificata-temporar\/#breadcrumb"},"inLanguage":"en-GB","potentialAction":[{"@type":"ReadAction","target":["https:\/\/buletin.de\/bucuresti\/tpbi-circulatia-troleibuzului-66-va-fi-modificata-temporar\/"]}]},{"@type":"ImageObject","inLanguage":"en-GB","@id":"https:\/\/buletin.de\/bucuresti\/tpbi-circulatia-troleibuzului-66-va-fi-modificata-temporar\/#primaryimage","url":"https:\/\/buletin.de\/bucuresti\/wp-content\/uploads\/20220203_104728.jpg","contentUrl":"https:\/\/buletin.de\/bucuresti\/wp-content\/uploads\/20220203_104728.jpg","width":1400,"height":875},{"@type":"BreadcrumbList","@id":"https:\/\/buletin.de\/bucuresti\/tpbi-circulatia-troleibuzului-66-va-fi-modificata-temporar\/#breadcrumb","itemListElement":[{"@type":"ListItem","position":1,"name":"Acas\u0103","item":"https:\/\/buletin.de\/bucuresti\/"},{"@type":"ListItem","position":2,"name":"TPBI: Circula\u021bia troleibuzului 66 va fi modificat\u0103 temporar"}]},{"@type":"WebSite","@id":"https:\/\/buletin.de\/bucuresti\/#website","url":"https:\/\/buletin.de\/bucuresti\/","name":"Buletin de Bucure\u0219ti","description":"\u0218tiri \u0219i investiga\u021bii esen\u021biale din capital\u0103","publisher":{"@id":"https:\/\/buletin.de\/bucuresti\/#organization"},"potentialAction":[{"@type":"SearchAction","target":{"@type":"EntryPoint","urlTemplate":"https:\/\/buletin.de\/bucuresti\/?s={search_term_string}"},"query-input":{"@type":"PropertyValueSpecification","valueRequired":true,"valueName":"search_term_string"}}],"inLanguage":"en-GB"},{"@type":"Organization","@id":"https:\/\/buletin.de\/bucuresti\/#organization","name":"Buletin de Bucure\u0219ti","url":"https:\/\/buletin.de\/bucuresti\/","logo":{"@type":"ImageObject","inLanguage":"en-GB","@id":"https:\/\/buletin.de\/bucuresti\/#\/schema\/logo\/image\/","url":"https:\/\/buletin.de\/bucuresti\/wp-content\/uploads\/logo-bdb-full-wide-vernil-transparent.png","contentUrl":"https:\/\/buletin.de\/bucuresti\/wp-content\/uploads\/logo-bdb-full-wide-vernil-transparent.png","width":1782,"height":626,"caption":"Buletin de Bucure\u0219ti"},"image":{"@id":"https:\/\/buletin.de\/bucuresti\/#\/schema\/logo\/image\/"},"sameAs":["https:\/\/www.facebook.com\/buletin.de.buc","https:\/\/www.instagram.com\/buletinde.bucuresti\/"]},{"@type":"Person","@id":"https:\/\/buletin.de\/bucuresti\/#\/schema\/person\/2305426a193cfbaadc0b30023ee5d01c","name":"Andra Mure\u0219an","image":{"@type":"ImageObject","inLanguage":"en-GB","@id":"https:\/\/secure.gravatar.com\/avatar\/0f89940de76acadc8ab9c36e6cec5b672fc84ab1bf1537562fa8584e29dfa8a5?s=96&d=monsterid&r=g30a40ed95e1c0fc67315c6f2c6fa871e","url":"https:\/\/secure.gravatar.com\/avatar\/0f89940de76acadc8ab9c36e6cec5b672fc84ab1bf1537562fa8584e29dfa8a5?s=96&d=monsterid&r=g","contentUrl":"https:\/\/secure.gravatar.com\/avatar\/0f89940de76acadc8ab9c36e6cec5b672fc84ab1bf1537562fa8584e29dfa8a5?s=96&d=monsterid&r=g","caption":"Andra Mure\u0219an"},"url":"https:\/\/buletin.de\/bucuresti\/author\/andra\/"}]}},"authors":[{"term_id":22603,"user_id":42,"is_guest":0,"slug":"andra","display_name":"Andra Mure\u0219an","avatar_url":"https:\/\/secure.gravatar.com\/avatar\/0f89940de76acadc8ab9c36e6cec5b672fc84ab1bf1537562fa8584e29dfa8a5?s=96&d=monsterid&r=g","0":null,"1":"","2":"","3":"","4":"","5":"","6":"","7":"","8":""}],"_links":{"self":[{"href":"https:\/\/buletin.de\/bucuresti\/wp-json\/wp\/v2\/posts\/38739","targetHints":{"allow":["GET"]}}],"collection":[{"href":"https:\/\/buletin.de\/bucuresti\/wp-json\/wp\/v2\/posts"}],"about":[{"href":"https:\/\/buletin.de\/bucuresti\/wp-json\/wp\/v2\/types\/post"}],"author":[{"embeddable":true,"href":"https:\/\/buletin.de\/bucuresti\/wp-json\/wp\/v2\/users\/42"}],"replies":[{"embeddable":true,"href":"https:\/\/buletin.de\/bucuresti\/wp-json\/wp\/v2\/comments?post=38739"}],"version-history":[{"count":3,"href":"https:\/\/buletin.de\/bucuresti\/wp-json\/wp\/v2\/posts\/38739\/revisions"}],"predecessor-version":[{"id":38745,"href":"https:\/\/buletin.de\/bucuresti\/wp-json\/wp\/v2\/posts\/38739\/revisions\/38745"}],"wp:featuredmedia":[{"embeddable":true,"href":"https:\/\/buletin.de\/bucuresti\/wp-json\/wp\/v2\/media\/38740"}],"wp:attachment":[{"href":"https:\/\/buletin.de\/bucuresti\/wp-json\/wp\/v2\/media?parent=38739"}],"wp:term":[{"taxonomy":"category","embeddable":true,"href":"https:\/\/buletin.de\/bucuresti\/wp-json\/wp\/v2\/categories?post=38739"},{"taxonomy":"post_tag","embeddable":true,"href":"https:\/\/buletin.de\/bucuresti\/wp-json\/wp\/v2\/tags?post=38739"},{"taxonomy":"author","embeddable":true,"href":"https:\/\/buletin.de\/bucuresti\/wp-json\/wp\/v2\/ppma_author?post=38739"}],"curies":[{"name":"wp","href":"https:\/\/api.w.org\/{rel}","templated":true}]}}