{"id":38686,"date":"2022-02-11T15:16:22","date_gmt":"2022-02-11T13:16:22","guid":{"rendered":"https:\/\/buletin.de\/bucuresti\/?p=38686"},"modified":"2022-02-11T15:35:36","modified_gmt":"2022-02-11T13:35:36","slug":"primarul-din-stefanestii-de-jos-ridicat-de-diicot-edilul-e-cercetat-intr-un-dosar-de-viol","status":"publish","type":"post","link":"https:\/\/buletin.de\/bucuresti\/primarul-din-stefanestii-de-jos-ridicat-de-diicot-edilul-e-cercetat-intr-un-dosar-de-viol\/","title":{"rendered":"Primarul din \u0218tef\u0103ne\u0219tii de Jos, ridicat de DIICOT. Edilul e cercetat \u00eentr-un dosar de viol"},"content":{"rendered":"\n<p class=\"has-light-green-cyan-background-color has-background\">Primarul comunei \u0218tef\u0103ne\u0219tii de Jos din Ilfov a fost ridicat de DIICOT \u0219i condus la audieri.  Edilul, \u0218tefan Ionel Robert, este cercetat din iunie anul trecut pentru viol asupra unei minore. Robert \u0218tefan a fost atunci re\u021binut pentru 24 de ore dup\u0103 care eliberat. Pe l\u00e2ng\u0103 viol, primarul mai este acuzat acum \u0219i de agresiune asupra unor martori. \u00cen acela\u0219i dosar mai sunt cercetate \u00eenc\u0103 4 persoane. <\/p>\n\n\n\n<p>Procurorii su\u021bin c\u0103, \u00eentre 2017 \u0219i 2018, suspec\u021bii au traficat \u0219i exploatat sexual \u00een mod constant o minor\u0103 \u00een v\u00e2rst\u0103 de 13 ani. Dup\u0103 \u00eenceperea urm\u0103ririi penale, ace\u0219tia au amenin\u021bat \u0219i chiar agresat fizic pe cel care i-a denun\u021bat.<\/p>\n\n\n\n<p><br>\u201e\u00cen vederea \u00eengreun\u0103rii anchetei penale \u0219i \u00eempiedic\u0103rii tragerii la r\u0103spundere penal\u0103 a autorilor, suspec\u021bii au \u00eentreprins demersuri const\u00e2nd \u00een influen\u021barea declara\u021biilor persoanei v\u0103t\u0103mate \u00een fa\u021ba organelor judiciare prin oferirea de foloase patrimoniale \u0219i exercitarea de amenin\u021b\u0103ri asupra familiei minorei.<br>De asemenea, doi dintre suspec\u021bi au exercitat \u00een mod repetat acte de violen\u021b\u0103 asupra martorului denun\u021b\u0103tor (ce au necesitat 3-4 zile, respectiv 11-12 zile de \u00eengrijiri medicale) \u00een scopul \u00eempiedic\u0103rii sesiz\u0103rii organelor judiciare\u201d, mai scrie \u00een comunicatul DIICOT.<\/p>\n\n\n\n<p><a href=\"https:\/\/buletin.de\/bucuresti\/primarul-din-stefanestii-de-jos-acuzat-ca-a-violat-o-fata-de-12-ani-in-dosar-mai-sunt-cercetati-alti-patru-barbati\/\">Pe 10 iunie 2021,<\/a> procurorii de la Parchetul de pe l\u00e2ng\u0103 Judec\u0103toria Buftea \u0219i poli\u021bi\u0219tii de la Serviciul de Investiga\u021bii Criminale Ilfov au descins la mai multe adrese pentru a c\u0103uta probe \u00eentr-un dosar de viol, act sexual cu un minor, \u0219antaj \u0219i influen\u021barea martorilor. \u00centre persoanele cercetate, se afl\u0103 \u0219i primarul comunei \u0218tef\u0103ne\u0219tii de Jos, Ilfov. Acesta, al\u0103turi de al\u021bi 4 b\u0103rba\u021bi, sunt b\u0103nui\u021bi c\u0103 au \u00eentre\u021binut rela\u021bii sexuale cu o minor\u0103 de 12 ani, \u00een perioada 2017-2018. Fata a n\u0103scut la 13 ani un copil.<\/p>\n\n\n\n<p>Ini\u021bial 3 persoane, dintre care \u0219i primarul, au fost re\u021binute pentru 24 de ore, dup\u0103 care au fost eliberate. Procurorul de caz a considerat c\u0103 nu se impune m\u0103sura arestului preventiv.<\/p>\n\n\n\n<p>Imediat dup\u0103, primarul din \u0218tef\u0103ne\u0219ti a declarat c\u0103 acuzele care i se aduc sunt neadev\u0103rate \u0219i a solicitat un test ADN \u0219i unul poligraf pentru a demonstra spusele sale. De asemenea, primarul a declarat  c\u0103 are \u00eencredere \u00een justi\u021bie \u0219i c\u0103 nu va comenta nimic din acuzele care i se aduc p\u00e2n\u0103 la finalizarea anchetei.<\/p>\n\n\n\n<blockquote class=\"wp-block-quote is-layout-flow wp-block-quote-is-layout-flow\"><p>\u201eAm \u00eencredere c\u0103 \u00eemi voi demonstra nevinov\u0103\u021bia. Probele vor demonstra asta, pentru c\u0103 am solicitat un test poligraf \u0219i un test ADN care vor ar\u0103ta exact contrariul a tot ceea ce se speculeaz\u0103 despre mine \u00een spa\u021biul public. Sunt convins c\u0103 se va face dreptate, iar numele meu va fi reabilitat, dar \u00een niciun caz justi\u021bia nu ar trebui s\u0103 se fac\u0103 la televizor. Ar trebui s\u0103 l\u0103s\u0103m magistra\u021bii s\u0103 \u00ee\u0219i fac\u0103 treaba, f\u0103r\u0103 presiuni de acest fel. Dosarul este \u00een desf\u0103\u0219urare, nu pot comenta mai multe, a\u0219tept finalizarea lui.\u201d<\/p><cite>FACEBOOK IONEL ROBERT \u0218TEFAN &#8211; iunie 2021<\/cite><\/blockquote>\n\n\n\n<p><em>sursa foto cover Facebook Prim\u0103ria Stef\u0103nestii de Jos<\/em><\/p>\n\n\n\n<p><\/p>\n","protected":false},"excerpt":{"rendered":"<p>Primarul comunei \u0218tef\u0103ne\u0219tii de Jos din Ilfov a fost ridicat de DIICOT \u0219i condus la audieri. Edilul, \u0218tefan Ionel Robert, este cercetat din iunie anul trecut pentru viol asupra unei minore. Robert \u0218tefan a fost atunci re\u021binut pentru 24 de ore dup\u0103 care eliberat. Pe l\u00e2ng\u0103 viol, primarul mai este acuzat acum \u0219i de agresiune [&hellip;]<\/p>\n","protected":false},"author":18,"featured_media":26272,"comment_status":"closed","ping_status":"open","sticky":false,"template":"","format":"standard","meta":{"_acf_changed":false,"inline_featured_image":false,"ngg_post_thumbnail":0,"footnotes":""},"categories":[62],"tags":[1367,820,225,2923,3772],"ppma_author":[22579],"class_list":["post-38686","post","type-post","status-publish","format-standard","has-post-thumbnail","hentry","category-stiri","tag-diicot","tag-ilfov","tag-primar","tag-stefanestii-de-jos","tag-viol"],"acf":[],"yoast_head":"<!-- This site is optimized with the Yoast SEO Premium plugin v25.3 (Yoast SEO v27.4) - https:\/\/yoast.com\/product\/yoast-seo-premium-wordpress\/ -->\n<title>Primarul din \u0218tef\u0103ne\u0219tii de Jos, ridicat de DIICOT. Edilul e cercetat \u00eentr-un dosar de viol - Buletin de Bucure\u0219ti<\/title>\n<meta name=\"robots\" content=\"index, follow, max-snippet:-1, max-image-preview:large, max-video-preview:-1\" \/>\n<link rel=\"canonical\" href=\"https:\/\/buletin.de\/bucuresti\/primarul-din-stefanestii-de-jos-ridicat-de-diicot-edilul-e-cercetat-intr-un-dosar-de-viol\/\" \/>\n<meta property=\"og:locale\" content=\"en_GB\" \/>\n<meta property=\"og:type\" content=\"article\" \/>\n<meta property=\"og:title\" content=\"Primarul din \u0218tef\u0103ne\u0219tii de Jos, ridicat de DIICOT. Edilul e cercetat \u00eentr-un dosar de viol\" \/>\n<meta property=\"og:description\" content=\"Primarul comunei \u0218tef\u0103ne\u0219tii de Jos din Ilfov a fost ridicat de DIICOT \u0219i condus la audieri. Edilul, \u0218tefan Ionel Robert, este cercetat din iunie anul trecut pentru viol asupra unei minore. Robert \u0218tefan a fost atunci re\u021binut pentru 24 de ore dup\u0103 care eliberat. Pe l\u00e2ng\u0103 viol, primarul mai este acuzat acum \u0219i de agresiune [&hellip;]\" \/>\n<meta property=\"og:url\" content=\"https:\/\/buletin.de\/bucuresti\/primarul-din-stefanestii-de-jos-ridicat-de-diicot-edilul-e-cercetat-intr-un-dosar-de-viol\/\" \/>\n<meta property=\"og:site_name\" content=\"Buletin de Bucure\u0219ti\" \/>\n<meta property=\"article:publisher\" content=\"https:\/\/www.facebook.com\/buletin.de.buc\" \/>\n<meta property=\"article:published_time\" content=\"2022-02-11T13:16:22+00:00\" \/>\n<meta property=\"article:modified_time\" content=\"2022-02-11T13:35:36+00:00\" \/>\n<meta property=\"og:image\" content=\"https:\/\/buletin.de\/bucuresti\/wp-content\/uploads\/image-778-900x802.png\" \/>\n\t<meta property=\"og:image:width\" content=\"900\" \/>\n\t<meta property=\"og:image:height\" content=\"802\" \/>\n\t<meta property=\"og:image:type\" content=\"image\/png\" \/>\n<meta name=\"author\" content=\"Teodora Stroe\" \/>\n<meta name=\"twitter:card\" content=\"summary_large_image\" \/>\n<meta name=\"twitter:label1\" content=\"Written by\" \/>\n\t<meta name=\"twitter:data1\" content=\"Teodora Stroe\" \/>\n\t<meta name=\"twitter:label2\" content=\"Estimated reading time\" \/>\n\t<meta name=\"twitter:data2\" content=\"3 minutes\" \/>\n<script type=\"application\/ld+json\" class=\"yoast-schema-graph\">{\"@context\":\"https:\\\/\\\/schema.org\",\"@graph\":[{\"@type\":\"Article\",\"@id\":\"https:\\\/\\\/buletin.de\\\/bucuresti\\\/primarul-din-stefanestii-de-jos-ridicat-de-diicot-edilul-e-cercetat-intr-un-dosar-de-viol\\\/#article\",\"isPartOf\":{\"@id\":\"https:\\\/\\\/buletin.de\\\/bucuresti\\\/primarul-din-stefanestii-de-jos-ridicat-de-diicot-edilul-e-cercetat-intr-un-dosar-de-viol\\\/\"},\"author\":{\"name\":\"Teodora Stroe\",\"@id\":\"https:\\\/\\\/buletin.de\\\/bucuresti\\\/#\\\/schema\\\/person\\\/d369d7ddc775abece205795e0b804614\"},\"headline\":\"Primarul din \u0218tef\u0103ne\u0219tii de Jos, ridicat de DIICOT. Edilul e cercetat \u00eentr-un dosar de viol\",\"datePublished\":\"2022-02-11T13:16:22+00:00\",\"dateModified\":\"2022-02-11T13:35:36+00:00\",\"mainEntityOfPage\":{\"@id\":\"https:\\\/\\\/buletin.de\\\/bucuresti\\\/primarul-din-stefanestii-de-jos-ridicat-de-diicot-edilul-e-cercetat-intr-un-dosar-de-viol\\\/\"},\"wordCount\":530,\"publisher\":{\"@id\":\"https:\\\/\\\/buletin.de\\\/bucuresti\\\/#organization\"},\"image\":{\"@id\":\"https:\\\/\\\/buletin.de\\\/bucuresti\\\/primarul-din-stefanestii-de-jos-ridicat-de-diicot-edilul-e-cercetat-intr-un-dosar-de-viol\\\/#primaryimage\"},\"thumbnailUrl\":\"https:\\\/\\\/buletin.de\\\/bucuresti\\\/wp-content\\\/uploads\\\/image-778.png\",\"keywords\":[\"diicot\",\"Ilfov\",\"primar\",\"stefanestii de jos\",\"viol\"],\"articleSection\":[\"\u0218tiri\"],\"inLanguage\":\"en-GB\",\"copyrightYear\":\"2022\",\"copyrightHolder\":{\"@id\":\"https:\\\/\\\/buletin.de\\\/bucuresti\\\/#organization\"}},{\"@type\":\"WebPage\",\"@id\":\"https:\\\/\\\/buletin.de\\\/bucuresti\\\/primarul-din-stefanestii-de-jos-ridicat-de-diicot-edilul-e-cercetat-intr-un-dosar-de-viol\\\/\",\"url\":\"https:\\\/\\\/buletin.de\\\/bucuresti\\\/primarul-din-stefanestii-de-jos-ridicat-de-diicot-edilul-e-cercetat-intr-un-dosar-de-viol\\\/\",\"name\":\"Primarul din \u0218tef\u0103ne\u0219tii de Jos, ridicat de DIICOT. Edilul e cercetat \u00eentr-un dosar de viol - Buletin de Bucure\u0219ti\",\"isPartOf\":{\"@id\":\"https:\\\/\\\/buletin.de\\\/bucuresti\\\/#website\"},\"primaryImageOfPage\":{\"@id\":\"https:\\\/\\\/buletin.de\\\/bucuresti\\\/primarul-din-stefanestii-de-jos-ridicat-de-diicot-edilul-e-cercetat-intr-un-dosar-de-viol\\\/#primaryimage\"},\"image\":{\"@id\":\"https:\\\/\\\/buletin.de\\\/bucuresti\\\/primarul-din-stefanestii-de-jos-ridicat-de-diicot-edilul-e-cercetat-intr-un-dosar-de-viol\\\/#primaryimage\"},\"thumbnailUrl\":\"https:\\\/\\\/buletin.de\\\/bucuresti\\\/wp-content\\\/uploads\\\/image-778.png\",\"datePublished\":\"2022-02-11T13:16:22+00:00\",\"dateModified\":\"2022-02-11T13:35:36+00:00\",\"breadcrumb\":{\"@id\":\"https:\\\/\\\/buletin.de\\\/bucuresti\\\/primarul-din-stefanestii-de-jos-ridicat-de-diicot-edilul-e-cercetat-intr-un-dosar-de-viol\\\/#breadcrumb\"},\"inLanguage\":\"en-GB\",\"potentialAction\":[{\"@type\":\"ReadAction\",\"target\":[\"https:\\\/\\\/buletin.de\\\/bucuresti\\\/primarul-din-stefanestii-de-jos-ridicat-de-diicot-edilul-e-cercetat-intr-un-dosar-de-viol\\\/\"]}]},{\"@type\":\"ImageObject\",\"inLanguage\":\"en-GB\",\"@id\":\"https:\\\/\\\/buletin.de\\\/bucuresti\\\/primarul-din-stefanestii-de-jos-ridicat-de-diicot-edilul-e-cercetat-intr-un-dosar-de-viol\\\/#primaryimage\",\"url\":\"https:\\\/\\\/buletin.de\\\/bucuresti\\\/wp-content\\\/uploads\\\/image-778.png\",\"contentUrl\":\"https:\\\/\\\/buletin.de\\\/bucuresti\\\/wp-content\\\/uploads\\\/image-778.png\",\"width\":1195,\"height\":1065},{\"@type\":\"BreadcrumbList\",\"@id\":\"https:\\\/\\\/buletin.de\\\/bucuresti\\\/primarul-din-stefanestii-de-jos-ridicat-de-diicot-edilul-e-cercetat-intr-un-dosar-de-viol\\\/#breadcrumb\",\"itemListElement\":[{\"@type\":\"ListItem\",\"position\":1,\"name\":\"Acas\u0103\",\"item\":\"https:\\\/\\\/buletin.de\\\/bucuresti\\\/\"},{\"@type\":\"ListItem\",\"position\":2,\"name\":\"Primarul din \u0218tef\u0103ne\u0219tii de Jos, ridicat de DIICOT. Edilul e cercetat \u00eentr-un dosar de viol\"}]},{\"@type\":\"WebSite\",\"@id\":\"https:\\\/\\\/buletin.de\\\/bucuresti\\\/#website\",\"url\":\"https:\\\/\\\/buletin.de\\\/bucuresti\\\/\",\"name\":\"Buletin de Bucure\u0219ti\",\"description\":\"\u0218tiri \u0219i investiga\u021bii esen\u021biale din capital\u0103\",\"publisher\":{\"@id\":\"https:\\\/\\\/buletin.de\\\/bucuresti\\\/#organization\"},\"potentialAction\":[{\"@type\":\"SearchAction\",\"target\":{\"@type\":\"EntryPoint\",\"urlTemplate\":\"https:\\\/\\\/buletin.de\\\/bucuresti\\\/?s={search_term_string}\"},\"query-input\":{\"@type\":\"PropertyValueSpecification\",\"valueRequired\":true,\"valueName\":\"search_term_string\"}}],\"inLanguage\":\"en-GB\"},{\"@type\":\"Organization\",\"@id\":\"https:\\\/\\\/buletin.de\\\/bucuresti\\\/#organization\",\"name\":\"Buletin de Bucure\u0219ti\",\"url\":\"https:\\\/\\\/buletin.de\\\/bucuresti\\\/\",\"logo\":{\"@type\":\"ImageObject\",\"inLanguage\":\"en-GB\",\"@id\":\"https:\\\/\\\/buletin.de\\\/bucuresti\\\/#\\\/schema\\\/logo\\\/image\\\/\",\"url\":\"https:\\\/\\\/buletin.de\\\/bucuresti\\\/wp-content\\\/uploads\\\/logo-bdb-full-wide-vernil-transparent.png\",\"contentUrl\":\"https:\\\/\\\/buletin.de\\\/bucuresti\\\/wp-content\\\/uploads\\\/logo-bdb-full-wide-vernil-transparent.png\",\"width\":1782,\"height\":626,\"caption\":\"Buletin de Bucure\u0219ti\"},\"image\":{\"@id\":\"https:\\\/\\\/buletin.de\\\/bucuresti\\\/#\\\/schema\\\/logo\\\/image\\\/\"},\"sameAs\":[\"https:\\\/\\\/www.facebook.com\\\/buletin.de.buc\",\"https:\\\/\\\/www.instagram.com\\\/buletinde.bucuresti\\\/\"]},{\"@type\":\"Person\",\"@id\":\"https:\\\/\\\/buletin.de\\\/bucuresti\\\/#\\\/schema\\\/person\\\/d369d7ddc775abece205795e0b804614\",\"name\":\"Teodora Stroe\",\"image\":{\"@type\":\"ImageObject\",\"inLanguage\":\"en-GB\",\"@id\":\"https:\\\/\\\/secure.gravatar.com\\\/avatar\\\/2560b4cd9f5f1bc100b123158e657d75584bd1c3e1d9c69285720b9457c1b78d?s=96&d=monsterid&r=gc104800242ba5f2d78dd5d7dc4df08b6\",\"url\":\"https:\\\/\\\/secure.gravatar.com\\\/avatar\\\/2560b4cd9f5f1bc100b123158e657d75584bd1c3e1d9c69285720b9457c1b78d?s=96&d=monsterid&r=g\",\"contentUrl\":\"https:\\\/\\\/secure.gravatar.com\\\/avatar\\\/2560b4cd9f5f1bc100b123158e657d75584bd1c3e1d9c69285720b9457c1b78d?s=96&d=monsterid&r=g\",\"caption\":\"Teodora Stroe\"},\"url\":\"https:\\\/\\\/buletin.de\\\/bucuresti\\\/author\\\/simonacarlugea\\\/\"}]}<\/script>\n<!-- \/ Yoast SEO Premium plugin. -->","yoast_head_json":{"title":"Primarul din \u0218tef\u0103ne\u0219tii de Jos, ridicat de DIICOT. Edilul e cercetat \u00eentr-un dosar de viol - Buletin de Bucure\u0219ti","robots":{"index":"index","follow":"follow","max-snippet":"max-snippet:-1","max-image-preview":"max-image-preview:large","max-video-preview":"max-video-preview:-1"},"canonical":"https:\/\/buletin.de\/bucuresti\/primarul-din-stefanestii-de-jos-ridicat-de-diicot-edilul-e-cercetat-intr-un-dosar-de-viol\/","og_locale":"en_GB","og_type":"article","og_title":"Primarul din \u0218tef\u0103ne\u0219tii de Jos, ridicat de DIICOT. Edilul e cercetat \u00eentr-un dosar de viol","og_description":"Primarul comunei \u0218tef\u0103ne\u0219tii de Jos din Ilfov a fost ridicat de DIICOT \u0219i condus la audieri. Edilul, \u0218tefan Ionel Robert, este cercetat din iunie anul trecut pentru viol asupra unei minore. Robert \u0218tefan a fost atunci re\u021binut pentru 24 de ore dup\u0103 care eliberat. Pe l\u00e2ng\u0103 viol, primarul mai este acuzat acum \u0219i de agresiune [&hellip;]","og_url":"https:\/\/buletin.de\/bucuresti\/primarul-din-stefanestii-de-jos-ridicat-de-diicot-edilul-e-cercetat-intr-un-dosar-de-viol\/","og_site_name":"Buletin de Bucure\u0219ti","article_publisher":"https:\/\/www.facebook.com\/buletin.de.buc","article_published_time":"2022-02-11T13:16:22+00:00","article_modified_time":"2022-02-11T13:35:36+00:00","og_image":[{"width":900,"height":802,"url":"https:\/\/buletin.de\/bucuresti\/wp-content\/uploads\/image-778-900x802.png","type":"image\/png"}],"author":"Teodora Stroe","twitter_card":"summary_large_image","twitter_misc":{"Written by":"Teodora Stroe","Estimated reading time":"3 minutes"},"schema":{"@context":"https:\/\/schema.org","@graph":[{"@type":"Article","@id":"https:\/\/buletin.de\/bucuresti\/primarul-din-stefanestii-de-jos-ridicat-de-diicot-edilul-e-cercetat-intr-un-dosar-de-viol\/#article","isPartOf":{"@id":"https:\/\/buletin.de\/bucuresti\/primarul-din-stefanestii-de-jos-ridicat-de-diicot-edilul-e-cercetat-intr-un-dosar-de-viol\/"},"author":{"name":"Teodora Stroe","@id":"https:\/\/buletin.de\/bucuresti\/#\/schema\/person\/d369d7ddc775abece205795e0b804614"},"headline":"Primarul din \u0218tef\u0103ne\u0219tii de Jos, ridicat de DIICOT. Edilul e cercetat \u00eentr-un dosar de viol","datePublished":"2022-02-11T13:16:22+00:00","dateModified":"2022-02-11T13:35:36+00:00","mainEntityOfPage":{"@id":"https:\/\/buletin.de\/bucuresti\/primarul-din-stefanestii-de-jos-ridicat-de-diicot-edilul-e-cercetat-intr-un-dosar-de-viol\/"},"wordCount":530,"publisher":{"@id":"https:\/\/buletin.de\/bucuresti\/#organization"},"image":{"@id":"https:\/\/buletin.de\/bucuresti\/primarul-din-stefanestii-de-jos-ridicat-de-diicot-edilul-e-cercetat-intr-un-dosar-de-viol\/#primaryimage"},"thumbnailUrl":"https:\/\/buletin.de\/bucuresti\/wp-content\/uploads\/image-778.png","keywords":["diicot","Ilfov","primar","stefanestii de jos","viol"],"articleSection":["\u0218tiri"],"inLanguage":"en-GB","copyrightYear":"2022","copyrightHolder":{"@id":"https:\/\/buletin.de\/bucuresti\/#organization"}},{"@type":"WebPage","@id":"https:\/\/buletin.de\/bucuresti\/primarul-din-stefanestii-de-jos-ridicat-de-diicot-edilul-e-cercetat-intr-un-dosar-de-viol\/","url":"https:\/\/buletin.de\/bucuresti\/primarul-din-stefanestii-de-jos-ridicat-de-diicot-edilul-e-cercetat-intr-un-dosar-de-viol\/","name":"Primarul din \u0218tef\u0103ne\u0219tii de Jos, ridicat de DIICOT. Edilul e cercetat \u00eentr-un dosar de viol - Buletin de Bucure\u0219ti","isPartOf":{"@id":"https:\/\/buletin.de\/bucuresti\/#website"},"primaryImageOfPage":{"@id":"https:\/\/buletin.de\/bucuresti\/primarul-din-stefanestii-de-jos-ridicat-de-diicot-edilul-e-cercetat-intr-un-dosar-de-viol\/#primaryimage"},"image":{"@id":"https:\/\/buletin.de\/bucuresti\/primarul-din-stefanestii-de-jos-ridicat-de-diicot-edilul-e-cercetat-intr-un-dosar-de-viol\/#primaryimage"},"thumbnailUrl":"https:\/\/buletin.de\/bucuresti\/wp-content\/uploads\/image-778.png","datePublished":"2022-02-11T13:16:22+00:00","dateModified":"2022-02-11T13:35:36+00:00","breadcrumb":{"@id":"https:\/\/buletin.de\/bucuresti\/primarul-din-stefanestii-de-jos-ridicat-de-diicot-edilul-e-cercetat-intr-un-dosar-de-viol\/#breadcrumb"},"inLanguage":"en-GB","potentialAction":[{"@type":"ReadAction","target":["https:\/\/buletin.de\/bucuresti\/primarul-din-stefanestii-de-jos-ridicat-de-diicot-edilul-e-cercetat-intr-un-dosar-de-viol\/"]}]},{"@type":"ImageObject","inLanguage":"en-GB","@id":"https:\/\/buletin.de\/bucuresti\/primarul-din-stefanestii-de-jos-ridicat-de-diicot-edilul-e-cercetat-intr-un-dosar-de-viol\/#primaryimage","url":"https:\/\/buletin.de\/bucuresti\/wp-content\/uploads\/image-778.png","contentUrl":"https:\/\/buletin.de\/bucuresti\/wp-content\/uploads\/image-778.png","width":1195,"height":1065},{"@type":"BreadcrumbList","@id":"https:\/\/buletin.de\/bucuresti\/primarul-din-stefanestii-de-jos-ridicat-de-diicot-edilul-e-cercetat-intr-un-dosar-de-viol\/#breadcrumb","itemListElement":[{"@type":"ListItem","position":1,"name":"Acas\u0103","item":"https:\/\/buletin.de\/bucuresti\/"},{"@type":"ListItem","position":2,"name":"Primarul din \u0218tef\u0103ne\u0219tii de Jos, ridicat de DIICOT. Edilul e cercetat \u00eentr-un dosar de viol"}]},{"@type":"WebSite","@id":"https:\/\/buletin.de\/bucuresti\/#website","url":"https:\/\/buletin.de\/bucuresti\/","name":"Buletin de Bucure\u0219ti","description":"\u0218tiri \u0219i investiga\u021bii esen\u021biale din capital\u0103","publisher":{"@id":"https:\/\/buletin.de\/bucuresti\/#organization"},"potentialAction":[{"@type":"SearchAction","target":{"@type":"EntryPoint","urlTemplate":"https:\/\/buletin.de\/bucuresti\/?s={search_term_string}"},"query-input":{"@type":"PropertyValueSpecification","valueRequired":true,"valueName":"search_term_string"}}],"inLanguage":"en-GB"},{"@type":"Organization","@id":"https:\/\/buletin.de\/bucuresti\/#organization","name":"Buletin de Bucure\u0219ti","url":"https:\/\/buletin.de\/bucuresti\/","logo":{"@type":"ImageObject","inLanguage":"en-GB","@id":"https:\/\/buletin.de\/bucuresti\/#\/schema\/logo\/image\/","url":"https:\/\/buletin.de\/bucuresti\/wp-content\/uploads\/logo-bdb-full-wide-vernil-transparent.png","contentUrl":"https:\/\/buletin.de\/bucuresti\/wp-content\/uploads\/logo-bdb-full-wide-vernil-transparent.png","width":1782,"height":626,"caption":"Buletin de Bucure\u0219ti"},"image":{"@id":"https:\/\/buletin.de\/bucuresti\/#\/schema\/logo\/image\/"},"sameAs":["https:\/\/www.facebook.com\/buletin.de.buc","https:\/\/www.instagram.com\/buletinde.bucuresti\/"]},{"@type":"Person","@id":"https:\/\/buletin.de\/bucuresti\/#\/schema\/person\/d369d7ddc775abece205795e0b804614","name":"Teodora Stroe","image":{"@type":"ImageObject","inLanguage":"en-GB","@id":"https:\/\/secure.gravatar.com\/avatar\/2560b4cd9f5f1bc100b123158e657d75584bd1c3e1d9c69285720b9457c1b78d?s=96&d=monsterid&r=gc104800242ba5f2d78dd5d7dc4df08b6","url":"https:\/\/secure.gravatar.com\/avatar\/2560b4cd9f5f1bc100b123158e657d75584bd1c3e1d9c69285720b9457c1b78d?s=96&d=monsterid&r=g","contentUrl":"https:\/\/secure.gravatar.com\/avatar\/2560b4cd9f5f1bc100b123158e657d75584bd1c3e1d9c69285720b9457c1b78d?s=96&d=monsterid&r=g","caption":"Teodora Stroe"},"url":"https:\/\/buletin.de\/bucuresti\/author\/simonacarlugea\/"}]}},"authors":[{"term_id":22579,"user_id":18,"is_guest":0,"slug":"simonacarlugea","display_name":"Teodora Stroe","avatar_url":"https:\/\/secure.gravatar.com\/avatar\/2560b4cd9f5f1bc100b123158e657d75584bd1c3e1d9c69285720b9457c1b78d?s=96&d=monsterid&r=g","0":null,"1":"","2":"","3":"","4":"","5":"","6":"","7":"","8":""}],"_links":{"self":[{"href":"https:\/\/buletin.de\/bucuresti\/wp-json\/wp\/v2\/posts\/38686","targetHints":{"allow":["GET"]}}],"collection":[{"href":"https:\/\/buletin.de\/bucuresti\/wp-json\/wp\/v2\/posts"}],"about":[{"href":"https:\/\/buletin.de\/bucuresti\/wp-json\/wp\/v2\/types\/post"}],"author":[{"embeddable":true,"href":"https:\/\/buletin.de\/bucuresti\/wp-json\/wp\/v2\/users\/18"}],"replies":[{"embeddable":true,"href":"https:\/\/buletin.de\/bucuresti\/wp-json\/wp\/v2\/comments?post=38686"}],"version-history":[{"count":4,"href":"https:\/\/buletin.de\/bucuresti\/wp-json\/wp\/v2\/posts\/38686\/revisions"}],"predecessor-version":[{"id":38691,"href":"https:\/\/buletin.de\/bucuresti\/wp-json\/wp\/v2\/posts\/38686\/revisions\/38691"}],"wp:featuredmedia":[{"embeddable":true,"href":"https:\/\/buletin.de\/bucuresti\/wp-json\/wp\/v2\/media\/26272"}],"wp:attachment":[{"href":"https:\/\/buletin.de\/bucuresti\/wp-json\/wp\/v2\/media?parent=38686"}],"wp:term":[{"taxonomy":"category","embeddable":true,"href":"https:\/\/buletin.de\/bucuresti\/wp-json\/wp\/v2\/categories?post=38686"},{"taxonomy":"post_tag","embeddable":true,"href":"https:\/\/buletin.de\/bucuresti\/wp-json\/wp\/v2\/tags?post=38686"},{"taxonomy":"author","embeddable":true,"href":"https:\/\/buletin.de\/bucuresti\/wp-json\/wp\/v2\/ppma_author?post=38686"}],"curies":[{"name":"wp","href":"https:\/\/api.w.org\/{rel}","templated":true}]}}