{"id":38497,"date":"2022-02-08T12:47:01","date_gmt":"2022-02-08T10:47:01","guid":{"rendered":"https:\/\/buletin.de\/bucuresti\/?p=38497"},"modified":"2022-02-08T12:47:02","modified_gmt":"2022-02-08T10:47:02","slug":"inspectoratul-in-constructii-amenzi-de-265-de-mii-de-lei-la-institutiile-din-bucuresti-si-ilfov-in-2021-primaria-sectorului-3-campioana","status":"publish","type":"post","link":"https:\/\/buletin.de\/bucuresti\/inspectoratul-in-constructii-amenzi-de-265-de-mii-de-lei-la-institutiile-din-bucuresti-si-ilfov-in-2021-primaria-sectorului-3-campioana\/","title":{"rendered":"Inspectoratul \u00een Construc\u021bii | Amenzi de 265 de mii de lei la institu\u021biile din Bucure\u0219ti \u0219i Ilfov, \u00een 2021. Prim\u0103ria Sectorului 3, campioan\u0103"},"content":{"rendered":"\n<p><strong>Anul trecut, Inspectoratul de Stat \u00een Construc\u021bii (ISC) a amendat institu\u021biile din Capital\u0103 \u0219i din Ilfov cu 265 de mii de lei, \u00een total. Administra\u021bia condus\u0103 de Robert Negoi\u021b\u0103 a primit cele mai multe amenzi. Ele \u00eensumeaz\u0103 mai bine de jum\u0103tate din \u00eentreaga sum\u0103, 179 de mii de lei. \u00cen plus, \u0219i primarul Nicu\u0219or Dan \u0219i arhitectul \u0219ef al sectorului 4 au fost sanc\u021biona\u021bi de ISC pentru neemiterea \u00een termen a unor certificate de urbanism. \u0218i Consiliul Jude\u021bean Ilfov, Prim\u0103ria Comunei Dasc\u0103lu, Prim\u0103ria Comunei Nuci \u0219i Prim\u0103ria Corbeanca au fost amendate.<\/strong><\/p>\n\n\n\n<h2 class=\"wp-block-heading\">Sectorul 3, campionul amenzilor date de ISC<\/h2>\n\n\n\n<p>\u00cen 2021, Inspectoratul de Stat \u00een Construc\u021bii a dat 19 amenzi institu\u021biilor publice din Bucure\u0219ti \u0219i Ilfov. Dintre acestea, opt au ajuns la administra\u021bia lui Robert Negoi\u021b\u0103. \u00cen total, bugetul sectorului 3 a pierdut 179 de mii de lei din cauza acestor amenzi.<\/p>\n\n\n\n<p>Prim\u0103ria condus\u0103 de Negoi\u021b\u0103 a fost sanc\u021bionat\u0103 de ISC pentru c\u0103 a f\u0103cut construc\u021bii f\u0103r\u0103 s\u0103 de\u021bin\u0103 autoriza\u021bii de construire, pentru neexercitarea controlului privind disciplina \u00een construc\u021bii \u0219i pentru c\u0103 a \u00eenc\u0103lcat legea de mai multe ori. Algorithm Construc\u021bii SRL, o societate finan\u021bat\u0103 din banii publici ai sectorului 3, a fost \u0219i ea amendat\u0103 pentru lucr\u0103ri f\u0103r\u0103 autoriza\u021bie de construire.<\/p>\n\n\n\n<p>Anul trecut, \u0219ase muncitori care lucrau pe \u0219antierul edilului Negoi\u021b\u0103 <a href=\"https:\/\/buletin.de\/bucuresti\/firma-primariei-lui-negoita-unde-erau-angajati-cei-sase-muncitori-surprinsi-de-valul-de-pamant-lucra-fara-autorizatie-pe-terenul-ministerului-culturii\/\">f\u0103r\u0103 autoriza\u021bie de construire<\/a> au fost surprin\u0219i sub un mal de p\u0103m\u00e2nt care s-a pr\u0103bu\u0219it. Doi dintre ace\u0219tia au decedat. Chiar \u0219i a\u0219a, sectorul 3 a continuat aceste practici: pe 3 noiembrie, la trei luni dup\u0103 accident, ISC a dat dou\u0103 amenzi pentru lucr\u0103ri f\u0103cute f\u0103r\u0103 autoriza\u021bie, \u00een valoare total\u0103 de 100 de mii de lei.<\/p>\n\n\n\n<p>\u00cen ciuda multiplelor cereri trimise Prim\u0103riei Sectorului 3, p\u00e2n\u0103 \u00een momentul de fa\u021b\u0103 nu am primit niciun r\u0103spuns cu privire la accidentul care a avut loc la Biblioteca Na\u021bional\u0103 sau despre \u0219antierul ilegal din apropiere.<\/p>\n\n\n\n<h2 class=\"wp-block-heading\">Neemiterea \u00een termen a unor certificate de urbanism<\/h2>\n\n\n\n<p>Nicu\u0219or Dan a fost amendat cu 40 de mii de lei la final de 2021 pentru c\u0103 nu a emis \u00een termen anumite certificate de urbanism. Edilul a transmis pe Facebook c\u0103 motivul pentru care nu va emite certificat de urbanism pentru alimentarea cu energie electric\u0103 a unei construc\u021bii ilegale de pe strada Nicolae Dr\u0103ganu este securitatea la incendiu.<\/p>\n\n\n\n<iframe src=\"https:\/\/www.facebook.com\/plugins\/post.php?href=https%3A%2F%2Fwww.facebook.com%2FNicusorDan.ro%2Fposts%2F462605028549250&amp;show_text=true&amp;width=500\" width=\"500\" height=\"766\" style=\"border:none;overflow:hidden\" scrolling=\"no\" frameborder=\"0\" allowfullscreen=\"true\" allow=\"autoplay; clipboard-write; encrypted-media; picture-in-picture; web-share\"><\/iframe>\n\n\n\n<p>\u0218i arhitectul \u0219ef din cadrul Prim\u0103riei Sectorului 4 a fost sanc\u021bionat de ISC pentru neemiterea \u00een termen a unor certificate de urbanism, \u00eens\u0103 amenda primit\u0103 de el este considerabil mai mic\u0103 fa\u021b\u0103 de cele care au ajuns la Nicu\u0219or Dan: 5.000 RON.<\/p>\n\n\n\n<h2 class=\"wp-block-heading\">Institu\u021biile din Ilfov, amendate pentru emiterea autoriza\u021biilor de construire ilegale<\/h2>\n\n\n\n<p>\u00cen octombrie anul trecut, pre\u0219edintele, secretarul \u0219i arhitectul \u0219ef al Consiliului Jude\u021bean Ilfov au fost amenda\u021bi pentru c\u0103 au refuzat nejustificat s\u0103 emit\u0103 o autoriza\u021bie de construire. \u00cen total, 11 mii de lei. Totodat\u0103, arhitectul \u0219ef a mai primit \u00eenc\u0103 o amend\u0103 de cinci mii de lei de la ISC pentru neemiterea \u00een termen a certificatului de urbanism.<\/p>\n\n\n\n<p>Pe l\u00e2ng\u0103 asta, ISC a amendat trei comune din Ilfov \u00een 2021. Primarul \u0219i secretarul comunei Dasc\u0103lu au fost fiecare amenda\u021bi cu c\u00e2te cinci mii de lei pentru emiterea unei autoriza\u021bii de construire care \u00eencalc\u0103 prevederile documenta\u021biilor de urbanism. \u0218i arhitectul \u0219ef al comunei Corbeanca a fost sanc\u021bionat cu cinci mii de lei, tot pentru c\u0103 a dat o autoriza\u021bie ilegal\u0103.<\/p>\n\n\n\n<p>Prim\u0103ria Comunei Nuci a fost amendat\u0103 \u00een iulie 2021 cu zece mii de lei pentru c\u0103 lucr\u0103rile de construc\u021bii de la sala de sport a \u0218colii Gimnaziale nr. 1 au fost realizate f\u0103r\u0103 respectarea legii.<\/p>\n\n\n\n<p><\/p>\n\n\n\n<div class=\"infogram-embed\" data-id=\"0460f6ef-cdd4-4710-b149-a933483d17d7\" data-type=\"interactive\" data-title=\"Amenzi ISC - Buc si IF 2021\"><\/div><script>!function(e,i,n,s){var t=\"InfogramEmbeds\",d=e.getElementsByTagName(\"script\")[0];if(window[t]&&window[t].initialized)window[t].process&&window[t].process();else if(!e.getElementById(n)){var o=e.createElement(\"script\");o.async=1,o.id=n,o.src=\"https:\/\/e.infogram.com\/js\/dist\/embed-loader-min.js\",d.parentNode.insertBefore(o,d)}}(document,0,\"infogram-async\");<\/script>\n","protected":false},"excerpt":{"rendered":"<p>Anul trecut, Inspectoratul de Stat \u00een Construc\u021bii (ISC) a amendat institu\u021biile din Capital\u0103 \u0219i din Ilfov cu 265 de mii de lei, \u00een total. Administra\u021bia condus\u0103 de Robert Negoi\u021b\u0103 a primit cele mai multe amenzi. Ele \u00eensumeaz\u0103 mai bine de jum\u0103tate din \u00eentreaga sum\u0103, 179 de mii de lei. \u00cen plus, \u0219i primarul Nicu\u0219or Dan [&hellip;]<\/p>\n","protected":false},"author":6,"featured_media":38498,"comment_status":"closed","ping_status":"open","sticky":false,"template":"","format":"standard","meta":{"_acf_changed":false,"inline_featured_image":false,"ngg_post_thumbnail":0,"footnotes":""},"categories":[24],"tags":[3936,2289,276,440,765],"ppma_author":[22588],"class_list":["post-38497","post","type-post","status-publish","format-standard","has-post-thumbnail","hentry","category-primarie","tag-amenzi-isc","tag-isc","tag-primaria-bucuresti","tag-sector-3","tag-sector-4"],"acf":[],"yoast_head":"<!-- This site is optimized with the Yoast SEO Premium plugin v25.3 (Yoast SEO v27.5) - https:\/\/yoast.com\/product\/yoast-seo-premium-wordpress\/ -->\n<title>Inspectoratul \u00een Construc\u021bii | Amenzi de 265 de mii de lei la institu\u021biile din Bucure\u0219ti \u0219i Ilfov, \u00een 2021. Prim\u0103ria Sectorului 3, campioan\u0103 - Buletin de Bucure\u0219ti<\/title>\n<meta name=\"robots\" content=\"index, follow, max-snippet:-1, max-image-preview:large, max-video-preview:-1\" \/>\n<link rel=\"canonical\" href=\"https:\/\/buletin.de\/bucuresti\/inspectoratul-in-constructii-amenzi-de-265-de-mii-de-lei-la-institutiile-din-bucuresti-si-ilfov-in-2021-primaria-sectorului-3-campioana\/\" \/>\n<meta property=\"og:locale\" content=\"en_GB\" \/>\n<meta property=\"og:type\" content=\"article\" \/>\n<meta property=\"og:title\" content=\"Inspectoratul \u00een Construc\u021bii | Amenzi de 265 de mii de lei la institu\u021biile din Bucure\u0219ti \u0219i Ilfov, \u00een 2021. Prim\u0103ria Sectorului 3, campioan\u0103\" \/>\n<meta property=\"og:description\" content=\"Anul trecut, Inspectoratul de Stat \u00een Construc\u021bii (ISC) a amendat institu\u021biile din Capital\u0103 \u0219i din Ilfov cu 265 de mii de lei, \u00een total. Administra\u021bia condus\u0103 de Robert Negoi\u021b\u0103 a primit cele mai multe amenzi. Ele \u00eensumeaz\u0103 mai bine de jum\u0103tate din \u00eentreaga sum\u0103, 179 de mii de lei. \u00cen plus, \u0219i primarul Nicu\u0219or Dan [&hellip;]\" \/>\n<meta property=\"og:url\" content=\"https:\/\/buletin.de\/bucuresti\/inspectoratul-in-constructii-amenzi-de-265-de-mii-de-lei-la-institutiile-din-bucuresti-si-ilfov-in-2021-primaria-sectorului-3-campioana\/\" \/>\n<meta property=\"og:site_name\" content=\"Buletin de Bucure\u0219ti\" \/>\n<meta property=\"article:publisher\" content=\"https:\/\/www.facebook.com\/buletin.de.buc\" \/>\n<meta property=\"article:published_time\" content=\"2022-02-08T10:47:01+00:00\" \/>\n<meta property=\"article:modified_time\" content=\"2022-02-08T10:47:02+00:00\" \/>\n<meta property=\"og:image\" content=\"https:\/\/buletin.de\/bucuresti\/wp-content\/uploads\/IMG20211027144347-1.jpg\" \/>\n\t<meta property=\"og:image:width\" content=\"2000\" \/>\n\t<meta property=\"og:image:height\" content=\"1500\" \/>\n\t<meta property=\"og:image:type\" content=\"image\/jpeg\" \/>\n<meta name=\"author\" content=\"Bianca Albu\" \/>\n<meta name=\"twitter:card\" content=\"summary_large_image\" \/>\n<meta name=\"twitter:label1\" content=\"Written by\" \/>\n\t<meta name=\"twitter:data1\" content=\"Bianca Albu\" \/>\n\t<meta name=\"twitter:label2\" content=\"Estimated reading time\" \/>\n\t<meta name=\"twitter:data2\" content=\"3 minutes\" \/>\n<script type=\"application\/ld+json\" class=\"yoast-schema-graph\">{\"@context\":\"https:\\\/\\\/schema.org\",\"@graph\":[{\"@type\":\"Article\",\"@id\":\"https:\\\/\\\/buletin.de\\\/bucuresti\\\/inspectoratul-in-constructii-amenzi-de-265-de-mii-de-lei-la-institutiile-din-bucuresti-si-ilfov-in-2021-primaria-sectorului-3-campioana\\\/#article\",\"isPartOf\":{\"@id\":\"https:\\\/\\\/buletin.de\\\/bucuresti\\\/inspectoratul-in-constructii-amenzi-de-265-de-mii-de-lei-la-institutiile-din-bucuresti-si-ilfov-in-2021-primaria-sectorului-3-campioana\\\/\"},\"author\":{\"name\":\"Bianca Albu\",\"@id\":\"https:\\\/\\\/buletin.de\\\/bucuresti\\\/#\\\/schema\\\/person\\\/295dc2228d2dc79294d636619468dc7f\"},\"headline\":\"Inspectoratul \u00een Construc\u021bii | Amenzi de 265 de mii de lei la institu\u021biile din Bucure\u0219ti \u0219i Ilfov, \u00een 2021. Prim\u0103ria Sectorului 3, campioan\u0103\",\"datePublished\":\"2022-02-08T10:47:01+00:00\",\"dateModified\":\"2022-02-08T10:47:02+00:00\",\"mainEntityOfPage\":{\"@id\":\"https:\\\/\\\/buletin.de\\\/bucuresti\\\/inspectoratul-in-constructii-amenzi-de-265-de-mii-de-lei-la-institutiile-din-bucuresti-si-ilfov-in-2021-primaria-sectorului-3-campioana\\\/\"},\"wordCount\":648,\"publisher\":{\"@id\":\"https:\\\/\\\/buletin.de\\\/bucuresti\\\/#organization\"},\"image\":{\"@id\":\"https:\\\/\\\/buletin.de\\\/bucuresti\\\/inspectoratul-in-constructii-amenzi-de-265-de-mii-de-lei-la-institutiile-din-bucuresti-si-ilfov-in-2021-primaria-sectorului-3-campioana\\\/#primaryimage\"},\"thumbnailUrl\":\"https:\\\/\\\/buletin.de\\\/bucuresti\\\/wp-content\\\/uploads\\\/IMG20211027144347-1.jpg\",\"keywords\":[\"amenzi isc\",\"isc\",\"primaria bucuresti\",\"Sector 3\",\"Sector 4\"],\"articleSection\":[\"Prim\u0103rie\"],\"inLanguage\":\"en-GB\",\"copyrightYear\":\"2022\",\"copyrightHolder\":{\"@id\":\"https:\\\/\\\/buletin.de\\\/bucuresti\\\/#organization\"}},{\"@type\":\"WebPage\",\"@id\":\"https:\\\/\\\/buletin.de\\\/bucuresti\\\/inspectoratul-in-constructii-amenzi-de-265-de-mii-de-lei-la-institutiile-din-bucuresti-si-ilfov-in-2021-primaria-sectorului-3-campioana\\\/\",\"url\":\"https:\\\/\\\/buletin.de\\\/bucuresti\\\/inspectoratul-in-constructii-amenzi-de-265-de-mii-de-lei-la-institutiile-din-bucuresti-si-ilfov-in-2021-primaria-sectorului-3-campioana\\\/\",\"name\":\"Inspectoratul \u00een Construc\u021bii | Amenzi de 265 de mii de lei la institu\u021biile din Bucure\u0219ti \u0219i Ilfov, \u00een 2021. Prim\u0103ria Sectorului 3, campioan\u0103 - Buletin de Bucure\u0219ti\",\"isPartOf\":{\"@id\":\"https:\\\/\\\/buletin.de\\\/bucuresti\\\/#website\"},\"primaryImageOfPage\":{\"@id\":\"https:\\\/\\\/buletin.de\\\/bucuresti\\\/inspectoratul-in-constructii-amenzi-de-265-de-mii-de-lei-la-institutiile-din-bucuresti-si-ilfov-in-2021-primaria-sectorului-3-campioana\\\/#primaryimage\"},\"image\":{\"@id\":\"https:\\\/\\\/buletin.de\\\/bucuresti\\\/inspectoratul-in-constructii-amenzi-de-265-de-mii-de-lei-la-institutiile-din-bucuresti-si-ilfov-in-2021-primaria-sectorului-3-campioana\\\/#primaryimage\"},\"thumbnailUrl\":\"https:\\\/\\\/buletin.de\\\/bucuresti\\\/wp-content\\\/uploads\\\/IMG20211027144347-1.jpg\",\"datePublished\":\"2022-02-08T10:47:01+00:00\",\"dateModified\":\"2022-02-08T10:47:02+00:00\",\"breadcrumb\":{\"@id\":\"https:\\\/\\\/buletin.de\\\/bucuresti\\\/inspectoratul-in-constructii-amenzi-de-265-de-mii-de-lei-la-institutiile-din-bucuresti-si-ilfov-in-2021-primaria-sectorului-3-campioana\\\/#breadcrumb\"},\"inLanguage\":\"en-GB\",\"potentialAction\":[{\"@type\":\"ReadAction\",\"target\":[\"https:\\\/\\\/buletin.de\\\/bucuresti\\\/inspectoratul-in-constructii-amenzi-de-265-de-mii-de-lei-la-institutiile-din-bucuresti-si-ilfov-in-2021-primaria-sectorului-3-campioana\\\/\"]}]},{\"@type\":\"ImageObject\",\"inLanguage\":\"en-GB\",\"@id\":\"https:\\\/\\\/buletin.de\\\/bucuresti\\\/inspectoratul-in-constructii-amenzi-de-265-de-mii-de-lei-la-institutiile-din-bucuresti-si-ilfov-in-2021-primaria-sectorului-3-campioana\\\/#primaryimage\",\"url\":\"https:\\\/\\\/buletin.de\\\/bucuresti\\\/wp-content\\\/uploads\\\/IMG20211027144347-1.jpg\",\"contentUrl\":\"https:\\\/\\\/buletin.de\\\/bucuresti\\\/wp-content\\\/uploads\\\/IMG20211027144347-1.jpg\",\"width\":2000,\"height\":1500},{\"@type\":\"BreadcrumbList\",\"@id\":\"https:\\\/\\\/buletin.de\\\/bucuresti\\\/inspectoratul-in-constructii-amenzi-de-265-de-mii-de-lei-la-institutiile-din-bucuresti-si-ilfov-in-2021-primaria-sectorului-3-campioana\\\/#breadcrumb\",\"itemListElement\":[{\"@type\":\"ListItem\",\"position\":1,\"name\":\"Acas\u0103\",\"item\":\"https:\\\/\\\/buletin.de\\\/bucuresti\\\/\"},{\"@type\":\"ListItem\",\"position\":2,\"name\":\"Inspectoratul \u00een Construc\u021bii | Amenzi de 265 de mii de lei la institu\u021biile din Bucure\u0219ti \u0219i Ilfov, \u00een 2021. Prim\u0103ria Sectorului 3, campioan\u0103\"}]},{\"@type\":\"WebSite\",\"@id\":\"https:\\\/\\\/buletin.de\\\/bucuresti\\\/#website\",\"url\":\"https:\\\/\\\/buletin.de\\\/bucuresti\\\/\",\"name\":\"Buletin de Bucure\u0219ti\",\"description\":\"\u0218tiri \u0219i investiga\u021bii esen\u021biale din capital\u0103\",\"publisher\":{\"@id\":\"https:\\\/\\\/buletin.de\\\/bucuresti\\\/#organization\"},\"potentialAction\":[{\"@type\":\"SearchAction\",\"target\":{\"@type\":\"EntryPoint\",\"urlTemplate\":\"https:\\\/\\\/buletin.de\\\/bucuresti\\\/?s={search_term_string}\"},\"query-input\":{\"@type\":\"PropertyValueSpecification\",\"valueRequired\":true,\"valueName\":\"search_term_string\"}}],\"inLanguage\":\"en-GB\"},{\"@type\":\"Organization\",\"@id\":\"https:\\\/\\\/buletin.de\\\/bucuresti\\\/#organization\",\"name\":\"Buletin de Bucure\u0219ti\",\"url\":\"https:\\\/\\\/buletin.de\\\/bucuresti\\\/\",\"logo\":{\"@type\":\"ImageObject\",\"inLanguage\":\"en-GB\",\"@id\":\"https:\\\/\\\/buletin.de\\\/bucuresti\\\/#\\\/schema\\\/logo\\\/image\\\/\",\"url\":\"https:\\\/\\\/buletin.de\\\/bucuresti\\\/wp-content\\\/uploads\\\/logo-bdb-full-wide-vernil-transparent.png\",\"contentUrl\":\"https:\\\/\\\/buletin.de\\\/bucuresti\\\/wp-content\\\/uploads\\\/logo-bdb-full-wide-vernil-transparent.png\",\"width\":1782,\"height\":626,\"caption\":\"Buletin de Bucure\u0219ti\"},\"image\":{\"@id\":\"https:\\\/\\\/buletin.de\\\/bucuresti\\\/#\\\/schema\\\/logo\\\/image\\\/\"},\"sameAs\":[\"https:\\\/\\\/www.facebook.com\\\/buletin.de.buc\",\"https:\\\/\\\/www.instagram.com\\\/buletinde.bucuresti\\\/\"]},{\"@type\":\"Person\",\"@id\":\"https:\\\/\\\/buletin.de\\\/bucuresti\\\/#\\\/schema\\\/person\\\/295dc2228d2dc79294d636619468dc7f\",\"name\":\"Bianca Albu\",\"image\":{\"@type\":\"ImageObject\",\"inLanguage\":\"en-GB\",\"@id\":\"https:\\\/\\\/secure.gravatar.com\\\/avatar\\\/3df2e34e20f529e6fd7be4311ee1f7c4ec4aa886971590baf6fa214b15743516?s=96&d=monsterid&r=gf541c715eeec409ce8101252a3c0d8a7\",\"url\":\"https:\\\/\\\/secure.gravatar.com\\\/avatar\\\/3df2e34e20f529e6fd7be4311ee1f7c4ec4aa886971590baf6fa214b15743516?s=96&d=monsterid&r=g\",\"contentUrl\":\"https:\\\/\\\/secure.gravatar.com\\\/avatar\\\/3df2e34e20f529e6fd7be4311ee1f7c4ec4aa886971590baf6fa214b15743516?s=96&d=monsterid&r=g\",\"caption\":\"Bianca Albu\"},\"description\":\"Reporter\",\"url\":\"https:\\\/\\\/buletin.de\\\/bucuresti\\\/author\\\/biancaalbu\\\/\"}]}<\/script>\n<!-- \/ Yoast SEO Premium plugin. -->","yoast_head_json":{"title":"Inspectoratul \u00een Construc\u021bii | Amenzi de 265 de mii de lei la institu\u021biile din Bucure\u0219ti \u0219i Ilfov, \u00een 2021. Prim\u0103ria Sectorului 3, campioan\u0103 - Buletin de Bucure\u0219ti","robots":{"index":"index","follow":"follow","max-snippet":"max-snippet:-1","max-image-preview":"max-image-preview:large","max-video-preview":"max-video-preview:-1"},"canonical":"https:\/\/buletin.de\/bucuresti\/inspectoratul-in-constructii-amenzi-de-265-de-mii-de-lei-la-institutiile-din-bucuresti-si-ilfov-in-2021-primaria-sectorului-3-campioana\/","og_locale":"en_GB","og_type":"article","og_title":"Inspectoratul \u00een Construc\u021bii | Amenzi de 265 de mii de lei la institu\u021biile din Bucure\u0219ti \u0219i Ilfov, \u00een 2021. Prim\u0103ria Sectorului 3, campioan\u0103","og_description":"Anul trecut, Inspectoratul de Stat \u00een Construc\u021bii (ISC) a amendat institu\u021biile din Capital\u0103 \u0219i din Ilfov cu 265 de mii de lei, \u00een total. Administra\u021bia condus\u0103 de Robert Negoi\u021b\u0103 a primit cele mai multe amenzi. Ele \u00eensumeaz\u0103 mai bine de jum\u0103tate din \u00eentreaga sum\u0103, 179 de mii de lei. \u00cen plus, \u0219i primarul Nicu\u0219or Dan [&hellip;]","og_url":"https:\/\/buletin.de\/bucuresti\/inspectoratul-in-constructii-amenzi-de-265-de-mii-de-lei-la-institutiile-din-bucuresti-si-ilfov-in-2021-primaria-sectorului-3-campioana\/","og_site_name":"Buletin de Bucure\u0219ti","article_publisher":"https:\/\/www.facebook.com\/buletin.de.buc","article_published_time":"2022-02-08T10:47:01+00:00","article_modified_time":"2022-02-08T10:47:02+00:00","og_image":[{"width":2000,"height":1500,"url":"https:\/\/buletin.de\/bucuresti\/wp-content\/uploads\/IMG20211027144347-1.jpg","type":"image\/jpeg"}],"author":"Bianca Albu","twitter_card":"summary_large_image","twitter_misc":{"Written by":"Bianca Albu","Estimated reading time":"3 minutes"},"schema":{"@context":"https:\/\/schema.org","@graph":[{"@type":"Article","@id":"https:\/\/buletin.de\/bucuresti\/inspectoratul-in-constructii-amenzi-de-265-de-mii-de-lei-la-institutiile-din-bucuresti-si-ilfov-in-2021-primaria-sectorului-3-campioana\/#article","isPartOf":{"@id":"https:\/\/buletin.de\/bucuresti\/inspectoratul-in-constructii-amenzi-de-265-de-mii-de-lei-la-institutiile-din-bucuresti-si-ilfov-in-2021-primaria-sectorului-3-campioana\/"},"author":{"name":"Bianca Albu","@id":"https:\/\/buletin.de\/bucuresti\/#\/schema\/person\/295dc2228d2dc79294d636619468dc7f"},"headline":"Inspectoratul \u00een Construc\u021bii | Amenzi de 265 de mii de lei la institu\u021biile din Bucure\u0219ti \u0219i Ilfov, \u00een 2021. Prim\u0103ria Sectorului 3, campioan\u0103","datePublished":"2022-02-08T10:47:01+00:00","dateModified":"2022-02-08T10:47:02+00:00","mainEntityOfPage":{"@id":"https:\/\/buletin.de\/bucuresti\/inspectoratul-in-constructii-amenzi-de-265-de-mii-de-lei-la-institutiile-din-bucuresti-si-ilfov-in-2021-primaria-sectorului-3-campioana\/"},"wordCount":648,"publisher":{"@id":"https:\/\/buletin.de\/bucuresti\/#organization"},"image":{"@id":"https:\/\/buletin.de\/bucuresti\/inspectoratul-in-constructii-amenzi-de-265-de-mii-de-lei-la-institutiile-din-bucuresti-si-ilfov-in-2021-primaria-sectorului-3-campioana\/#primaryimage"},"thumbnailUrl":"https:\/\/buletin.de\/bucuresti\/wp-content\/uploads\/IMG20211027144347-1.jpg","keywords":["amenzi isc","isc","primaria bucuresti","Sector 3","Sector 4"],"articleSection":["Prim\u0103rie"],"inLanguage":"en-GB","copyrightYear":"2022","copyrightHolder":{"@id":"https:\/\/buletin.de\/bucuresti\/#organization"}},{"@type":"WebPage","@id":"https:\/\/buletin.de\/bucuresti\/inspectoratul-in-constructii-amenzi-de-265-de-mii-de-lei-la-institutiile-din-bucuresti-si-ilfov-in-2021-primaria-sectorului-3-campioana\/","url":"https:\/\/buletin.de\/bucuresti\/inspectoratul-in-constructii-amenzi-de-265-de-mii-de-lei-la-institutiile-din-bucuresti-si-ilfov-in-2021-primaria-sectorului-3-campioana\/","name":"Inspectoratul \u00een Construc\u021bii | Amenzi de 265 de mii de lei la institu\u021biile din Bucure\u0219ti \u0219i Ilfov, \u00een 2021. Prim\u0103ria Sectorului 3, campioan\u0103 - Buletin de Bucure\u0219ti","isPartOf":{"@id":"https:\/\/buletin.de\/bucuresti\/#website"},"primaryImageOfPage":{"@id":"https:\/\/buletin.de\/bucuresti\/inspectoratul-in-constructii-amenzi-de-265-de-mii-de-lei-la-institutiile-din-bucuresti-si-ilfov-in-2021-primaria-sectorului-3-campioana\/#primaryimage"},"image":{"@id":"https:\/\/buletin.de\/bucuresti\/inspectoratul-in-constructii-amenzi-de-265-de-mii-de-lei-la-institutiile-din-bucuresti-si-ilfov-in-2021-primaria-sectorului-3-campioana\/#primaryimage"},"thumbnailUrl":"https:\/\/buletin.de\/bucuresti\/wp-content\/uploads\/IMG20211027144347-1.jpg","datePublished":"2022-02-08T10:47:01+00:00","dateModified":"2022-02-08T10:47:02+00:00","breadcrumb":{"@id":"https:\/\/buletin.de\/bucuresti\/inspectoratul-in-constructii-amenzi-de-265-de-mii-de-lei-la-institutiile-din-bucuresti-si-ilfov-in-2021-primaria-sectorului-3-campioana\/#breadcrumb"},"inLanguage":"en-GB","potentialAction":[{"@type":"ReadAction","target":["https:\/\/buletin.de\/bucuresti\/inspectoratul-in-constructii-amenzi-de-265-de-mii-de-lei-la-institutiile-din-bucuresti-si-ilfov-in-2021-primaria-sectorului-3-campioana\/"]}]},{"@type":"ImageObject","inLanguage":"en-GB","@id":"https:\/\/buletin.de\/bucuresti\/inspectoratul-in-constructii-amenzi-de-265-de-mii-de-lei-la-institutiile-din-bucuresti-si-ilfov-in-2021-primaria-sectorului-3-campioana\/#primaryimage","url":"https:\/\/buletin.de\/bucuresti\/wp-content\/uploads\/IMG20211027144347-1.jpg","contentUrl":"https:\/\/buletin.de\/bucuresti\/wp-content\/uploads\/IMG20211027144347-1.jpg","width":2000,"height":1500},{"@type":"BreadcrumbList","@id":"https:\/\/buletin.de\/bucuresti\/inspectoratul-in-constructii-amenzi-de-265-de-mii-de-lei-la-institutiile-din-bucuresti-si-ilfov-in-2021-primaria-sectorului-3-campioana\/#breadcrumb","itemListElement":[{"@type":"ListItem","position":1,"name":"Acas\u0103","item":"https:\/\/buletin.de\/bucuresti\/"},{"@type":"ListItem","position":2,"name":"Inspectoratul \u00een Construc\u021bii | Amenzi de 265 de mii de lei la institu\u021biile din Bucure\u0219ti \u0219i Ilfov, \u00een 2021. Prim\u0103ria Sectorului 3, campioan\u0103"}]},{"@type":"WebSite","@id":"https:\/\/buletin.de\/bucuresti\/#website","url":"https:\/\/buletin.de\/bucuresti\/","name":"Buletin de Bucure\u0219ti","description":"\u0218tiri \u0219i investiga\u021bii esen\u021biale din capital\u0103","publisher":{"@id":"https:\/\/buletin.de\/bucuresti\/#organization"},"potentialAction":[{"@type":"SearchAction","target":{"@type":"EntryPoint","urlTemplate":"https:\/\/buletin.de\/bucuresti\/?s={search_term_string}"},"query-input":{"@type":"PropertyValueSpecification","valueRequired":true,"valueName":"search_term_string"}}],"inLanguage":"en-GB"},{"@type":"Organization","@id":"https:\/\/buletin.de\/bucuresti\/#organization","name":"Buletin de Bucure\u0219ti","url":"https:\/\/buletin.de\/bucuresti\/","logo":{"@type":"ImageObject","inLanguage":"en-GB","@id":"https:\/\/buletin.de\/bucuresti\/#\/schema\/logo\/image\/","url":"https:\/\/buletin.de\/bucuresti\/wp-content\/uploads\/logo-bdb-full-wide-vernil-transparent.png","contentUrl":"https:\/\/buletin.de\/bucuresti\/wp-content\/uploads\/logo-bdb-full-wide-vernil-transparent.png","width":1782,"height":626,"caption":"Buletin de Bucure\u0219ti"},"image":{"@id":"https:\/\/buletin.de\/bucuresti\/#\/schema\/logo\/image\/"},"sameAs":["https:\/\/www.facebook.com\/buletin.de.buc","https:\/\/www.instagram.com\/buletinde.bucuresti\/"]},{"@type":"Person","@id":"https:\/\/buletin.de\/bucuresti\/#\/schema\/person\/295dc2228d2dc79294d636619468dc7f","name":"Bianca Albu","image":{"@type":"ImageObject","inLanguage":"en-GB","@id":"https:\/\/secure.gravatar.com\/avatar\/3df2e34e20f529e6fd7be4311ee1f7c4ec4aa886971590baf6fa214b15743516?s=96&d=monsterid&r=gf541c715eeec409ce8101252a3c0d8a7","url":"https:\/\/secure.gravatar.com\/avatar\/3df2e34e20f529e6fd7be4311ee1f7c4ec4aa886971590baf6fa214b15743516?s=96&d=monsterid&r=g","contentUrl":"https:\/\/secure.gravatar.com\/avatar\/3df2e34e20f529e6fd7be4311ee1f7c4ec4aa886971590baf6fa214b15743516?s=96&d=monsterid&r=g","caption":"Bianca Albu"},"description":"Reporter","url":"https:\/\/buletin.de\/bucuresti\/author\/biancaalbu\/"}]}},"authors":[{"term_id":22588,"user_id":6,"is_guest":0,"slug":"biancaalbu","display_name":"Bianca Albu","avatar_url":"https:\/\/secure.gravatar.com\/avatar\/3df2e34e20f529e6fd7be4311ee1f7c4ec4aa886971590baf6fa214b15743516?s=96&d=monsterid&r=g","0":null,"1":"","2":"","3":"","4":"","5":"","6":"","7":"","8":""}],"_links":{"self":[{"href":"https:\/\/buletin.de\/bucuresti\/wp-json\/wp\/v2\/posts\/38497","targetHints":{"allow":["GET"]}}],"collection":[{"href":"https:\/\/buletin.de\/bucuresti\/wp-json\/wp\/v2\/posts"}],"about":[{"href":"https:\/\/buletin.de\/bucuresti\/wp-json\/wp\/v2\/types\/post"}],"author":[{"embeddable":true,"href":"https:\/\/buletin.de\/bucuresti\/wp-json\/wp\/v2\/users\/6"}],"replies":[{"embeddable":true,"href":"https:\/\/buletin.de\/bucuresti\/wp-json\/wp\/v2\/comments?post=38497"}],"version-history":[{"count":4,"href":"https:\/\/buletin.de\/bucuresti\/wp-json\/wp\/v2\/posts\/38497\/revisions"}],"predecessor-version":[{"id":38504,"href":"https:\/\/buletin.de\/bucuresti\/wp-json\/wp\/v2\/posts\/38497\/revisions\/38504"}],"wp:featuredmedia":[{"embeddable":true,"href":"https:\/\/buletin.de\/bucuresti\/wp-json\/wp\/v2\/media\/38498"}],"wp:attachment":[{"href":"https:\/\/buletin.de\/bucuresti\/wp-json\/wp\/v2\/media?parent=38497"}],"wp:term":[{"taxonomy":"category","embeddable":true,"href":"https:\/\/buletin.de\/bucuresti\/wp-json\/wp\/v2\/categories?post=38497"},{"taxonomy":"post_tag","embeddable":true,"href":"https:\/\/buletin.de\/bucuresti\/wp-json\/wp\/v2\/tags?post=38497"},{"taxonomy":"author","embeddable":true,"href":"https:\/\/buletin.de\/bucuresti\/wp-json\/wp\/v2\/ppma_author?post=38497"}],"curies":[{"name":"wp","href":"https:\/\/api.w.org\/{rel}","templated":true}]}}