{"id":38492,"date":"2022-02-07T21:04:02","date_gmt":"2022-02-07T19:04:02","guid":{"rendered":"https:\/\/buletin.de\/bucuresti\/?p=38492"},"modified":"2022-02-07T21:04:02","modified_gmt":"2022-02-07T19:04:02","slug":"video-sedinta-din-consiliul-local-sector-1-faza-pe-jigniri-oianu-i-a-spus-lui-armand-ca-e-mahalagioaca-ea-l-a-facut-croitor-instabil-psihic","status":"publish","type":"post","link":"https:\/\/buletin.de\/bucuresti\/video-sedinta-din-consiliul-local-sector-1-faza-pe-jigniri-oianu-i-a-spus-lui-armand-ca-e-mahalagioaca-ea-l-a-facut-croitor-instabil-psihic\/","title":{"rendered":"(VIDEO) \u0218edin\u021ba din Consiliul Local Sector 1, faza pe jigniri. Oianu i-a spus lui Armand c\u0103 e \u201emahalagioac\u0103\u201d, ea l-a f\u0103cut \u201ecroitor instabil psihic\u201d"},"content":{"rendered":"\n<p class=\"has-pale-cyan-blue-background-color has-background\"><br>Scandal \u00een \u0219edin\u021ba extraordinar\u0103 de consiliu local a Sectorului 1 \u00een aceast\u0103 sear\u0103. Certurile devenite deja o obi\u0219nuin\u021b\u0103 \u00een acest tip de adun\u0103ri \u00een fiecare lun\u0103 au dep\u0103\u0219it pragul unor simple contre cu miz\u0103 politic\u0103. De data aceast\u0103 s-a trecut la jigniri de ambele p\u0103r\u021bi. Astfel, \u00een timp ce consilierul PNL Adrian Oianu i-a spus primarului Clotilde Armand c\u0103 e \u201emahalagioac\u0103\u201d, cea din urm\u0103 l-a catalogat pe primul drept \u201eun croitor instabil psihic\u201d.<\/p>\n\n\n\n<p>Red\u0103m mai jos dialogul dintre cei doi:<\/p>\n\n\n\n<p><strong>Adrian Oianu:<\/strong> \u201dCet\u0103\u021benii din Sectorul 1 sunt dezam\u0103gi\u021bi de dumneavoastr\u0103, de presta\u021bia dumneavoastr\u0103, doamn\u0103! \u0218tiu c\u0103 vorbi\u021bi mult! Dac\u0103 exista\u021bi dvs \u00een Sectorul 1 acum 100 de ani, c\u00e2nd Sectorul 1 se numea mahala, erai mahalagioaica num\u0103rul 1 a sectorului, doamna primar! \u0218efa! Fruntea Sectorului!\u201d<\/p>\n\n\n\n<p><strong>Clotilde Armand:<\/strong> \u201dAm mare respect pentru to\u021bi croitorii, mai pu\u021bin pentru cei care se pricep la jigniri \u0219i la insulte. Domnule Oianu, aten\u021bie, c\u0103 deveni\u021bi frate geam\u0103n cu agresorul din Mogo\u0219oaia. At\u00e2t pot s\u0103 v\u0103 spun\u201d<\/p>\n\n\n\n<p><strong>Adrian Oianu:<\/strong> \u201dSigur, m\u0103 poate jigni, \u00eemi poate schimba meseria, poate s\u0103 spun\u0103 orice. Dar e o ru\u0219ine pentru Fran\u021ba ca cineva, cet\u0103\u021bean francez, s\u0103 nu \u0219tie diferen\u021ba \u00eentre croitorie \u0219i design vestimentar. E o chestie de baz\u0103, s\u0103 zicem a\u0219a. Dar asta numai dac\u0103 tr\u0103ie\u0219ti \u00een Fran\u021ba \u0219i ai avut parte s\u0103 faci parte din aceast\u0103 civiliza\u021bie \u0219i s\u0103 fii educat\u201d<\/p>\n\n\n\n<p><strong>Clotilde Armand:<\/strong> \u201d\u0218ti\u021bi, nu pot s\u0103 m\u0103 sup\u0103r pe un croitor instabil psihic.\u201d<\/p>\n\n\n\n<p><strong>Daniel Ciungu, pre\u0219edintele de \u0219edin\u021b\u0103:<\/strong> \u201eDoamna primar, dumneavoastr\u0103 a\u021bi f\u0103cut ast\u0103zi, cu adev\u0103rat, primul injuriu serios\u201d.<\/p>\n\n\n\n<p><strong>Adrian Oianu: \u201e<\/strong>Pentru asta pot s\u0103 v\u0103 dau \u00een judecat\u0103 lini\u0219tit! Dar v\u0103 da\u021bi seama c\u0103 nici eu n-o s\u0103 \u00eemi pun mintea cu dumnevoastr\u0103\u201d.<\/p>\n\n\n\n<p>Schimbul de replici dintre Clotilde Armand \u0219i Adrian Oianu poate fi urm\u0103rit \u00een clipul video de mai jos:<\/p>\n\n\n\n<figure class=\"wp-block-embed is-type-video is-provider-youtube wp-block-embed-youtube wp-embed-aspect-16-9 wp-has-aspect-ratio\"><div class=\"wp-block-embed__wrapper\">\n<div class=\"jlvid_container\"><iframe title=\"\u0218edin\u021ba CL S1. Oianu i-a spus lui Armand c\u0103 e \u201emahalagioac\u0103\u201d, ea l-a f\u0103cut \u201ecroitor instabil psihic\u201d\" width=\"1200\" height=\"675\" src=\"https:\/\/www.youtube.com\/embed\/LAAbDa15L8w?feature=oembed\" frameborder=\"0\" allow=\"accelerometer; autoplay; clipboard-write; encrypted-media; gyroscope; picture-in-picture; web-share\" allowfullscreen><\/iframe><\/div>\n<\/div><\/figure>\n\n\n\n<p>\u00cen \u0219edin\u021ba extraordinar\u0103 de consiliu local din aceast\u0103 sear\u0103 ar fi trebuit s\u0103 fie dezb\u0103tut \u0219i votat proiectul de buget pentru anul 2022 al Sectorului 1. Acest lucru nu s-a \u00eent\u00e2mplat. Proiectul de hot\u0103r\u00e2re a fost scos de pe ordinea de zi, \u00eentruc\u00e2t \u00eei lipseau avizele comisiilor de specialitate.<\/p>\n","protected":false},"excerpt":{"rendered":"<p>Scandal \u00een \u0219edin\u021ba extraordinar\u0103 de consiliu local a Sectorului 1 \u00een aceast\u0103 sear\u0103. Certurile devenite deja o obi\u0219nuin\u021b\u0103 \u00een acest tip de adun\u0103ri \u00een fiecare lun\u0103 au dep\u0103\u0219it pragul unor simple contre cu miz\u0103 politic\u0103. De data aceast\u0103 s-a trecut la jigniri de ambele p\u0103r\u021bi. Astfel, \u00een timp ce consilierul PNL Adrian Oianu i-a spus [&hellip;]<\/p>\n","protected":false},"author":38,"featured_media":38493,"comment_status":"closed","ping_status":"open","sticky":false,"template":"","format":"standard","meta":{"_acf_changed":false,"inline_featured_image":false,"ngg_post_thumbnail":0,"footnotes":""},"categories":[62],"tags":[308],"ppma_author":[22601],"class_list":["post-38492","post","type-post","status-publish","format-standard","has-post-thumbnail","hentry","category-stiri","tag-sector-1"],"acf":[],"yoast_head":"<!-- This site is optimized with the Yoast SEO Premium plugin v25.3 (Yoast SEO v27.4) - https:\/\/yoast.com\/product\/yoast-seo-premium-wordpress\/ -->\n<title>(VIDEO) \u0218edin\u021ba din Consiliul Local Sector 1, faza pe jigniri. Oianu i-a spus lui Armand c\u0103 e \u201emahalagioac\u0103\u201d, ea l-a f\u0103cut \u201ecroitor instabil psihic\u201d - Buletin de Bucure\u0219ti<\/title>\n<meta name=\"robots\" content=\"index, follow, max-snippet:-1, max-image-preview:large, max-video-preview:-1\" \/>\n<link rel=\"canonical\" href=\"https:\/\/buletin.de\/bucuresti\/video-sedinta-din-consiliul-local-sector-1-faza-pe-jigniri-oianu-i-a-spus-lui-armand-ca-e-mahalagioaca-ea-l-a-facut-croitor-instabil-psihic\/\" \/>\n<meta property=\"og:locale\" content=\"en_GB\" \/>\n<meta property=\"og:type\" content=\"article\" \/>\n<meta property=\"og:title\" content=\"(VIDEO) \u0218edin\u021ba din Consiliul Local Sector 1, faza pe jigniri. Oianu i-a spus lui Armand c\u0103 e \u201emahalagioac\u0103\u201d, ea l-a f\u0103cut \u201ecroitor instabil psihic\u201d\" \/>\n<meta property=\"og:description\" content=\"Scandal \u00een \u0219edin\u021ba extraordinar\u0103 de consiliu local a Sectorului 1 \u00een aceast\u0103 sear\u0103. Certurile devenite deja o obi\u0219nuin\u021b\u0103 \u00een acest tip de adun\u0103ri \u00een fiecare lun\u0103 au dep\u0103\u0219it pragul unor simple contre cu miz\u0103 politic\u0103. De data aceast\u0103 s-a trecut la jigniri de ambele p\u0103r\u021bi. Astfel, \u00een timp ce consilierul PNL Adrian Oianu i-a spus [&hellip;]\" \/>\n<meta property=\"og:url\" content=\"https:\/\/buletin.de\/bucuresti\/video-sedinta-din-consiliul-local-sector-1-faza-pe-jigniri-oianu-i-a-spus-lui-armand-ca-e-mahalagioaca-ea-l-a-facut-croitor-instabil-psihic\/\" \/>\n<meta property=\"og:site_name\" content=\"Buletin de Bucure\u0219ti\" \/>\n<meta property=\"article:publisher\" content=\"https:\/\/www.facebook.com\/buletin.de.buc\" \/>\n<meta property=\"article:published_time\" content=\"2022-02-07T19:04:02+00:00\" \/>\n<meta property=\"og:image\" content=\"https:\/\/buletin.de\/bucuresti\/wp-content\/uploads\/sedinta-cl-1-1.jpg\" \/>\n\t<meta property=\"og:image:width\" content=\"844\" \/>\n\t<meta property=\"og:image:height\" content=\"590\" \/>\n\t<meta property=\"og:image:type\" content=\"image\/jpeg\" \/>\n<meta name=\"author\" content=\"Anamaria Nedelcoff\" \/>\n<meta name=\"twitter:card\" content=\"summary_large_image\" \/>\n<meta name=\"twitter:label1\" content=\"Written by\" \/>\n\t<meta name=\"twitter:data1\" content=\"Anamaria Nedelcoff\" \/>\n\t<meta name=\"twitter:label2\" content=\"Estimated reading time\" \/>\n\t<meta name=\"twitter:data2\" content=\"2 minutes\" \/>\n<script type=\"application\/ld+json\" class=\"yoast-schema-graph\">{\"@context\":\"https:\\\/\\\/schema.org\",\"@graph\":[{\"@type\":\"Article\",\"@id\":\"https:\\\/\\\/buletin.de\\\/bucuresti\\\/video-sedinta-din-consiliul-local-sector-1-faza-pe-jigniri-oianu-i-a-spus-lui-armand-ca-e-mahalagioaca-ea-l-a-facut-croitor-instabil-psihic\\\/#article\",\"isPartOf\":{\"@id\":\"https:\\\/\\\/buletin.de\\\/bucuresti\\\/video-sedinta-din-consiliul-local-sector-1-faza-pe-jigniri-oianu-i-a-spus-lui-armand-ca-e-mahalagioaca-ea-l-a-facut-croitor-instabil-psihic\\\/\"},\"author\":{\"name\":\"Anamaria Nedelcoff\",\"@id\":\"https:\\\/\\\/buletin.de\\\/bucuresti\\\/#\\\/schema\\\/person\\\/bfa22994f12f5d3353b170aca494f1f9\"},\"headline\":\"(VIDEO) \u0218edin\u021ba din Consiliul Local Sector 1, faza pe jigniri. Oianu i-a spus lui Armand c\u0103 e \u201emahalagioac\u0103\u201d, ea l-a f\u0103cut \u201ecroitor instabil psihic\u201d\",\"datePublished\":\"2022-02-07T19:04:02+00:00\",\"mainEntityOfPage\":{\"@id\":\"https:\\\/\\\/buletin.de\\\/bucuresti\\\/video-sedinta-din-consiliul-local-sector-1-faza-pe-jigniri-oianu-i-a-spus-lui-armand-ca-e-mahalagioaca-ea-l-a-facut-croitor-instabil-psihic\\\/\"},\"wordCount\":417,\"publisher\":{\"@id\":\"https:\\\/\\\/buletin.de\\\/bucuresti\\\/#organization\"},\"image\":{\"@id\":\"https:\\\/\\\/buletin.de\\\/bucuresti\\\/video-sedinta-din-consiliul-local-sector-1-faza-pe-jigniri-oianu-i-a-spus-lui-armand-ca-e-mahalagioaca-ea-l-a-facut-croitor-instabil-psihic\\\/#primaryimage\"},\"thumbnailUrl\":\"https:\\\/\\\/buletin.de\\\/bucuresti\\\/wp-content\\\/uploads\\\/sedinta-cl-1-1.jpg\",\"keywords\":[\"Sector 1\"],\"articleSection\":[\"\u0218tiri\"],\"inLanguage\":\"en-GB\",\"copyrightYear\":\"2022\",\"copyrightHolder\":{\"@id\":\"https:\\\/\\\/buletin.de\\\/bucuresti\\\/#organization\"}},{\"@type\":\"WebPage\",\"@id\":\"https:\\\/\\\/buletin.de\\\/bucuresti\\\/video-sedinta-din-consiliul-local-sector-1-faza-pe-jigniri-oianu-i-a-spus-lui-armand-ca-e-mahalagioaca-ea-l-a-facut-croitor-instabil-psihic\\\/\",\"url\":\"https:\\\/\\\/buletin.de\\\/bucuresti\\\/video-sedinta-din-consiliul-local-sector-1-faza-pe-jigniri-oianu-i-a-spus-lui-armand-ca-e-mahalagioaca-ea-l-a-facut-croitor-instabil-psihic\\\/\",\"name\":\"(VIDEO) \u0218edin\u021ba din Consiliul Local Sector 1, faza pe jigniri. Oianu i-a spus lui Armand c\u0103 e \u201emahalagioac\u0103\u201d, ea l-a f\u0103cut \u201ecroitor instabil psihic\u201d - Buletin de Bucure\u0219ti\",\"isPartOf\":{\"@id\":\"https:\\\/\\\/buletin.de\\\/bucuresti\\\/#website\"},\"primaryImageOfPage\":{\"@id\":\"https:\\\/\\\/buletin.de\\\/bucuresti\\\/video-sedinta-din-consiliul-local-sector-1-faza-pe-jigniri-oianu-i-a-spus-lui-armand-ca-e-mahalagioaca-ea-l-a-facut-croitor-instabil-psihic\\\/#primaryimage\"},\"image\":{\"@id\":\"https:\\\/\\\/buletin.de\\\/bucuresti\\\/video-sedinta-din-consiliul-local-sector-1-faza-pe-jigniri-oianu-i-a-spus-lui-armand-ca-e-mahalagioaca-ea-l-a-facut-croitor-instabil-psihic\\\/#primaryimage\"},\"thumbnailUrl\":\"https:\\\/\\\/buletin.de\\\/bucuresti\\\/wp-content\\\/uploads\\\/sedinta-cl-1-1.jpg\",\"datePublished\":\"2022-02-07T19:04:02+00:00\",\"breadcrumb\":{\"@id\":\"https:\\\/\\\/buletin.de\\\/bucuresti\\\/video-sedinta-din-consiliul-local-sector-1-faza-pe-jigniri-oianu-i-a-spus-lui-armand-ca-e-mahalagioaca-ea-l-a-facut-croitor-instabil-psihic\\\/#breadcrumb\"},\"inLanguage\":\"en-GB\",\"potentialAction\":[{\"@type\":\"ReadAction\",\"target\":[\"https:\\\/\\\/buletin.de\\\/bucuresti\\\/video-sedinta-din-consiliul-local-sector-1-faza-pe-jigniri-oianu-i-a-spus-lui-armand-ca-e-mahalagioaca-ea-l-a-facut-croitor-instabil-psihic\\\/\"]}]},{\"@type\":\"ImageObject\",\"inLanguage\":\"en-GB\",\"@id\":\"https:\\\/\\\/buletin.de\\\/bucuresti\\\/video-sedinta-din-consiliul-local-sector-1-faza-pe-jigniri-oianu-i-a-spus-lui-armand-ca-e-mahalagioaca-ea-l-a-facut-croitor-instabil-psihic\\\/#primaryimage\",\"url\":\"https:\\\/\\\/buletin.de\\\/bucuresti\\\/wp-content\\\/uploads\\\/sedinta-cl-1-1.jpg\",\"contentUrl\":\"https:\\\/\\\/buletin.de\\\/bucuresti\\\/wp-content\\\/uploads\\\/sedinta-cl-1-1.jpg\",\"width\":844,\"height\":590},{\"@type\":\"BreadcrumbList\",\"@id\":\"https:\\\/\\\/buletin.de\\\/bucuresti\\\/video-sedinta-din-consiliul-local-sector-1-faza-pe-jigniri-oianu-i-a-spus-lui-armand-ca-e-mahalagioaca-ea-l-a-facut-croitor-instabil-psihic\\\/#breadcrumb\",\"itemListElement\":[{\"@type\":\"ListItem\",\"position\":1,\"name\":\"Acas\u0103\",\"item\":\"https:\\\/\\\/buletin.de\\\/bucuresti\\\/\"},{\"@type\":\"ListItem\",\"position\":2,\"name\":\"(VIDEO) \u0218edin\u021ba din Consiliul Local Sector 1, faza pe jigniri. Oianu i-a spus lui Armand c\u0103 e \u201emahalagioac\u0103\u201d, ea l-a f\u0103cut \u201ecroitor instabil psihic\u201d\"}]},{\"@type\":\"WebSite\",\"@id\":\"https:\\\/\\\/buletin.de\\\/bucuresti\\\/#website\",\"url\":\"https:\\\/\\\/buletin.de\\\/bucuresti\\\/\",\"name\":\"Buletin de Bucure\u0219ti\",\"description\":\"\u0218tiri \u0219i investiga\u021bii esen\u021biale din capital\u0103\",\"publisher\":{\"@id\":\"https:\\\/\\\/buletin.de\\\/bucuresti\\\/#organization\"},\"potentialAction\":[{\"@type\":\"SearchAction\",\"target\":{\"@type\":\"EntryPoint\",\"urlTemplate\":\"https:\\\/\\\/buletin.de\\\/bucuresti\\\/?s={search_term_string}\"},\"query-input\":{\"@type\":\"PropertyValueSpecification\",\"valueRequired\":true,\"valueName\":\"search_term_string\"}}],\"inLanguage\":\"en-GB\"},{\"@type\":\"Organization\",\"@id\":\"https:\\\/\\\/buletin.de\\\/bucuresti\\\/#organization\",\"name\":\"Buletin de Bucure\u0219ti\",\"url\":\"https:\\\/\\\/buletin.de\\\/bucuresti\\\/\",\"logo\":{\"@type\":\"ImageObject\",\"inLanguage\":\"en-GB\",\"@id\":\"https:\\\/\\\/buletin.de\\\/bucuresti\\\/#\\\/schema\\\/logo\\\/image\\\/\",\"url\":\"https:\\\/\\\/buletin.de\\\/bucuresti\\\/wp-content\\\/uploads\\\/logo-bdb-full-wide-vernil-transparent.png\",\"contentUrl\":\"https:\\\/\\\/buletin.de\\\/bucuresti\\\/wp-content\\\/uploads\\\/logo-bdb-full-wide-vernil-transparent.png\",\"width\":1782,\"height\":626,\"caption\":\"Buletin de Bucure\u0219ti\"},\"image\":{\"@id\":\"https:\\\/\\\/buletin.de\\\/bucuresti\\\/#\\\/schema\\\/logo\\\/image\\\/\"},\"sameAs\":[\"https:\\\/\\\/www.facebook.com\\\/buletin.de.buc\",\"https:\\\/\\\/www.instagram.com\\\/buletinde.bucuresti\\\/\"]},{\"@type\":\"Person\",\"@id\":\"https:\\\/\\\/buletin.de\\\/bucuresti\\\/#\\\/schema\\\/person\\\/bfa22994f12f5d3353b170aca494f1f9\",\"name\":\"Anamaria Nedelcoff\",\"image\":{\"@type\":\"ImageObject\",\"inLanguage\":\"en-GB\",\"@id\":\"https:\\\/\\\/secure.gravatar.com\\\/avatar\\\/409df91a26b98006111557131cc35236962765b734317e1dcf94c6bc1d010629?s=96&d=monsterid&r=g9bc3ae6c8e1522e913d1a0debd6aec89\",\"url\":\"https:\\\/\\\/secure.gravatar.com\\\/avatar\\\/409df91a26b98006111557131cc35236962765b734317e1dcf94c6bc1d010629?s=96&d=monsterid&r=g\",\"contentUrl\":\"https:\\\/\\\/secure.gravatar.com\\\/avatar\\\/409df91a26b98006111557131cc35236962765b734317e1dcf94c6bc1d010629?s=96&d=monsterid&r=g\",\"caption\":\"Anamaria Nedelcoff\"},\"url\":\"https:\\\/\\\/buletin.de\\\/bucuresti\\\/author\\\/nedelcoff\\\/\"}]}<\/script>\n<!-- \/ Yoast SEO Premium plugin. -->","yoast_head_json":{"title":"(VIDEO) \u0218edin\u021ba din Consiliul Local Sector 1, faza pe jigniri. Oianu i-a spus lui Armand c\u0103 e \u201emahalagioac\u0103\u201d, ea l-a f\u0103cut \u201ecroitor instabil psihic\u201d - Buletin de Bucure\u0219ti","robots":{"index":"index","follow":"follow","max-snippet":"max-snippet:-1","max-image-preview":"max-image-preview:large","max-video-preview":"max-video-preview:-1"},"canonical":"https:\/\/buletin.de\/bucuresti\/video-sedinta-din-consiliul-local-sector-1-faza-pe-jigniri-oianu-i-a-spus-lui-armand-ca-e-mahalagioaca-ea-l-a-facut-croitor-instabil-psihic\/","og_locale":"en_GB","og_type":"article","og_title":"(VIDEO) \u0218edin\u021ba din Consiliul Local Sector 1, faza pe jigniri. Oianu i-a spus lui Armand c\u0103 e \u201emahalagioac\u0103\u201d, ea l-a f\u0103cut \u201ecroitor instabil psihic\u201d","og_description":"Scandal \u00een \u0219edin\u021ba extraordinar\u0103 de consiliu local a Sectorului 1 \u00een aceast\u0103 sear\u0103. Certurile devenite deja o obi\u0219nuin\u021b\u0103 \u00een acest tip de adun\u0103ri \u00een fiecare lun\u0103 au dep\u0103\u0219it pragul unor simple contre cu miz\u0103 politic\u0103. De data aceast\u0103 s-a trecut la jigniri de ambele p\u0103r\u021bi. Astfel, \u00een timp ce consilierul PNL Adrian Oianu i-a spus [&hellip;]","og_url":"https:\/\/buletin.de\/bucuresti\/video-sedinta-din-consiliul-local-sector-1-faza-pe-jigniri-oianu-i-a-spus-lui-armand-ca-e-mahalagioaca-ea-l-a-facut-croitor-instabil-psihic\/","og_site_name":"Buletin de Bucure\u0219ti","article_publisher":"https:\/\/www.facebook.com\/buletin.de.buc","article_published_time":"2022-02-07T19:04:02+00:00","og_image":[{"width":844,"height":590,"url":"https:\/\/buletin.de\/bucuresti\/wp-content\/uploads\/sedinta-cl-1-1.jpg","type":"image\/jpeg"}],"author":"Anamaria Nedelcoff","twitter_card":"summary_large_image","twitter_misc":{"Written by":"Anamaria Nedelcoff","Estimated reading time":"2 minutes"},"schema":{"@context":"https:\/\/schema.org","@graph":[{"@type":"Article","@id":"https:\/\/buletin.de\/bucuresti\/video-sedinta-din-consiliul-local-sector-1-faza-pe-jigniri-oianu-i-a-spus-lui-armand-ca-e-mahalagioaca-ea-l-a-facut-croitor-instabil-psihic\/#article","isPartOf":{"@id":"https:\/\/buletin.de\/bucuresti\/video-sedinta-din-consiliul-local-sector-1-faza-pe-jigniri-oianu-i-a-spus-lui-armand-ca-e-mahalagioaca-ea-l-a-facut-croitor-instabil-psihic\/"},"author":{"name":"Anamaria Nedelcoff","@id":"https:\/\/buletin.de\/bucuresti\/#\/schema\/person\/bfa22994f12f5d3353b170aca494f1f9"},"headline":"(VIDEO) \u0218edin\u021ba din Consiliul Local Sector 1, faza pe jigniri. Oianu i-a spus lui Armand c\u0103 e \u201emahalagioac\u0103\u201d, ea l-a f\u0103cut \u201ecroitor instabil psihic\u201d","datePublished":"2022-02-07T19:04:02+00:00","mainEntityOfPage":{"@id":"https:\/\/buletin.de\/bucuresti\/video-sedinta-din-consiliul-local-sector-1-faza-pe-jigniri-oianu-i-a-spus-lui-armand-ca-e-mahalagioaca-ea-l-a-facut-croitor-instabil-psihic\/"},"wordCount":417,"publisher":{"@id":"https:\/\/buletin.de\/bucuresti\/#organization"},"image":{"@id":"https:\/\/buletin.de\/bucuresti\/video-sedinta-din-consiliul-local-sector-1-faza-pe-jigniri-oianu-i-a-spus-lui-armand-ca-e-mahalagioaca-ea-l-a-facut-croitor-instabil-psihic\/#primaryimage"},"thumbnailUrl":"https:\/\/buletin.de\/bucuresti\/wp-content\/uploads\/sedinta-cl-1-1.jpg","keywords":["Sector 1"],"articleSection":["\u0218tiri"],"inLanguage":"en-GB","copyrightYear":"2022","copyrightHolder":{"@id":"https:\/\/buletin.de\/bucuresti\/#organization"}},{"@type":"WebPage","@id":"https:\/\/buletin.de\/bucuresti\/video-sedinta-din-consiliul-local-sector-1-faza-pe-jigniri-oianu-i-a-spus-lui-armand-ca-e-mahalagioaca-ea-l-a-facut-croitor-instabil-psihic\/","url":"https:\/\/buletin.de\/bucuresti\/video-sedinta-din-consiliul-local-sector-1-faza-pe-jigniri-oianu-i-a-spus-lui-armand-ca-e-mahalagioaca-ea-l-a-facut-croitor-instabil-psihic\/","name":"(VIDEO) \u0218edin\u021ba din Consiliul Local Sector 1, faza pe jigniri. Oianu i-a spus lui Armand c\u0103 e \u201emahalagioac\u0103\u201d, ea l-a f\u0103cut \u201ecroitor instabil psihic\u201d - Buletin de Bucure\u0219ti","isPartOf":{"@id":"https:\/\/buletin.de\/bucuresti\/#website"},"primaryImageOfPage":{"@id":"https:\/\/buletin.de\/bucuresti\/video-sedinta-din-consiliul-local-sector-1-faza-pe-jigniri-oianu-i-a-spus-lui-armand-ca-e-mahalagioaca-ea-l-a-facut-croitor-instabil-psihic\/#primaryimage"},"image":{"@id":"https:\/\/buletin.de\/bucuresti\/video-sedinta-din-consiliul-local-sector-1-faza-pe-jigniri-oianu-i-a-spus-lui-armand-ca-e-mahalagioaca-ea-l-a-facut-croitor-instabil-psihic\/#primaryimage"},"thumbnailUrl":"https:\/\/buletin.de\/bucuresti\/wp-content\/uploads\/sedinta-cl-1-1.jpg","datePublished":"2022-02-07T19:04:02+00:00","breadcrumb":{"@id":"https:\/\/buletin.de\/bucuresti\/video-sedinta-din-consiliul-local-sector-1-faza-pe-jigniri-oianu-i-a-spus-lui-armand-ca-e-mahalagioaca-ea-l-a-facut-croitor-instabil-psihic\/#breadcrumb"},"inLanguage":"en-GB","potentialAction":[{"@type":"ReadAction","target":["https:\/\/buletin.de\/bucuresti\/video-sedinta-din-consiliul-local-sector-1-faza-pe-jigniri-oianu-i-a-spus-lui-armand-ca-e-mahalagioaca-ea-l-a-facut-croitor-instabil-psihic\/"]}]},{"@type":"ImageObject","inLanguage":"en-GB","@id":"https:\/\/buletin.de\/bucuresti\/video-sedinta-din-consiliul-local-sector-1-faza-pe-jigniri-oianu-i-a-spus-lui-armand-ca-e-mahalagioaca-ea-l-a-facut-croitor-instabil-psihic\/#primaryimage","url":"https:\/\/buletin.de\/bucuresti\/wp-content\/uploads\/sedinta-cl-1-1.jpg","contentUrl":"https:\/\/buletin.de\/bucuresti\/wp-content\/uploads\/sedinta-cl-1-1.jpg","width":844,"height":590},{"@type":"BreadcrumbList","@id":"https:\/\/buletin.de\/bucuresti\/video-sedinta-din-consiliul-local-sector-1-faza-pe-jigniri-oianu-i-a-spus-lui-armand-ca-e-mahalagioaca-ea-l-a-facut-croitor-instabil-psihic\/#breadcrumb","itemListElement":[{"@type":"ListItem","position":1,"name":"Acas\u0103","item":"https:\/\/buletin.de\/bucuresti\/"},{"@type":"ListItem","position":2,"name":"(VIDEO) \u0218edin\u021ba din Consiliul Local Sector 1, faza pe jigniri. Oianu i-a spus lui Armand c\u0103 e \u201emahalagioac\u0103\u201d, ea l-a f\u0103cut \u201ecroitor instabil psihic\u201d"}]},{"@type":"WebSite","@id":"https:\/\/buletin.de\/bucuresti\/#website","url":"https:\/\/buletin.de\/bucuresti\/","name":"Buletin de Bucure\u0219ti","description":"\u0218tiri \u0219i investiga\u021bii esen\u021biale din capital\u0103","publisher":{"@id":"https:\/\/buletin.de\/bucuresti\/#organization"},"potentialAction":[{"@type":"SearchAction","target":{"@type":"EntryPoint","urlTemplate":"https:\/\/buletin.de\/bucuresti\/?s={search_term_string}"},"query-input":{"@type":"PropertyValueSpecification","valueRequired":true,"valueName":"search_term_string"}}],"inLanguage":"en-GB"},{"@type":"Organization","@id":"https:\/\/buletin.de\/bucuresti\/#organization","name":"Buletin de Bucure\u0219ti","url":"https:\/\/buletin.de\/bucuresti\/","logo":{"@type":"ImageObject","inLanguage":"en-GB","@id":"https:\/\/buletin.de\/bucuresti\/#\/schema\/logo\/image\/","url":"https:\/\/buletin.de\/bucuresti\/wp-content\/uploads\/logo-bdb-full-wide-vernil-transparent.png","contentUrl":"https:\/\/buletin.de\/bucuresti\/wp-content\/uploads\/logo-bdb-full-wide-vernil-transparent.png","width":1782,"height":626,"caption":"Buletin de Bucure\u0219ti"},"image":{"@id":"https:\/\/buletin.de\/bucuresti\/#\/schema\/logo\/image\/"},"sameAs":["https:\/\/www.facebook.com\/buletin.de.buc","https:\/\/www.instagram.com\/buletinde.bucuresti\/"]},{"@type":"Person","@id":"https:\/\/buletin.de\/bucuresti\/#\/schema\/person\/bfa22994f12f5d3353b170aca494f1f9","name":"Anamaria Nedelcoff","image":{"@type":"ImageObject","inLanguage":"en-GB","@id":"https:\/\/secure.gravatar.com\/avatar\/409df91a26b98006111557131cc35236962765b734317e1dcf94c6bc1d010629?s=96&d=monsterid&r=g9bc3ae6c8e1522e913d1a0debd6aec89","url":"https:\/\/secure.gravatar.com\/avatar\/409df91a26b98006111557131cc35236962765b734317e1dcf94c6bc1d010629?s=96&d=monsterid&r=g","contentUrl":"https:\/\/secure.gravatar.com\/avatar\/409df91a26b98006111557131cc35236962765b734317e1dcf94c6bc1d010629?s=96&d=monsterid&r=g","caption":"Anamaria Nedelcoff"},"url":"https:\/\/buletin.de\/bucuresti\/author\/nedelcoff\/"}]}},"authors":[{"term_id":22601,"user_id":38,"is_guest":0,"slug":"nedelcoff","display_name":"Anamaria Nedelcoff","avatar_url":"https:\/\/secure.gravatar.com\/avatar\/409df91a26b98006111557131cc35236962765b734317e1dcf94c6bc1d010629?s=96&d=monsterid&r=g","0":null,"1":"","2":"","3":"","4":"","5":"","6":"","7":"","8":""}],"_links":{"self":[{"href":"https:\/\/buletin.de\/bucuresti\/wp-json\/wp\/v2\/posts\/38492","targetHints":{"allow":["GET"]}}],"collection":[{"href":"https:\/\/buletin.de\/bucuresti\/wp-json\/wp\/v2\/posts"}],"about":[{"href":"https:\/\/buletin.de\/bucuresti\/wp-json\/wp\/v2\/types\/post"}],"author":[{"embeddable":true,"href":"https:\/\/buletin.de\/bucuresti\/wp-json\/wp\/v2\/users\/38"}],"replies":[{"embeddable":true,"href":"https:\/\/buletin.de\/bucuresti\/wp-json\/wp\/v2\/comments?post=38492"}],"version-history":[{"count":1,"href":"https:\/\/buletin.de\/bucuresti\/wp-json\/wp\/v2\/posts\/38492\/revisions"}],"predecessor-version":[{"id":38494,"href":"https:\/\/buletin.de\/bucuresti\/wp-json\/wp\/v2\/posts\/38492\/revisions\/38494"}],"wp:featuredmedia":[{"embeddable":true,"href":"https:\/\/buletin.de\/bucuresti\/wp-json\/wp\/v2\/media\/38493"}],"wp:attachment":[{"href":"https:\/\/buletin.de\/bucuresti\/wp-json\/wp\/v2\/media?parent=38492"}],"wp:term":[{"taxonomy":"category","embeddable":true,"href":"https:\/\/buletin.de\/bucuresti\/wp-json\/wp\/v2\/categories?post=38492"},{"taxonomy":"post_tag","embeddable":true,"href":"https:\/\/buletin.de\/bucuresti\/wp-json\/wp\/v2\/tags?post=38492"},{"taxonomy":"author","embeddable":true,"href":"https:\/\/buletin.de\/bucuresti\/wp-json\/wp\/v2\/ppma_author?post=38492"}],"curies":[{"name":"wp","href":"https:\/\/api.w.org\/{rel}","templated":true}]}}