{"id":38427,"date":"2022-02-03T16:47:35","date_gmt":"2022-02-03T14:47:35","guid":{"rendered":"https:\/\/buletin.de\/bucuresti\/?p=38427"},"modified":"2022-02-14T18:17:10","modified_gmt":"2022-02-14T16:17:10","slug":"garda-de-mediu-arde-primariile-din-capitala-amenzi-de-aproape-1-milion-de-lei-in-2021","status":"publish","type":"post","link":"https:\/\/buletin.de\/bucuresti\/garda-de-mediu-arde-primariile-din-capitala-amenzi-de-aproape-1-milion-de-lei-in-2021\/","title":{"rendered":"Garda de Mediu arde Prim\u0103riile din Capital\u0103. Amenzi de aproape 1 milion de lei, \u00een 2021"},"content":{"rendered":"\n<p><\/p>\n\n\n\n<p><strong>\u00cen 2021, Prim\u0103ria Capitalei \u0219i celelalte \u0219ase prim\u0103rii de sector au fost amendate de Garda de Mediu cu aproape un million de lei \u00een total<\/strong><strong>. O parte din ele nu au respectat prevederile legale privind calitatea aerului, iar altele au depozitat necorespunz\u0103tor de\u0219euri. Un exemplu sunt chiar prim\u0103riile conduse de Nicu\u0219or Dan, Robert Negoi\u021b\u0103 \u0219i Ciprian Ciucu, care au fost amendate cu zeci de mii de lei pentru c\u0103 au depozitat tone de de\u0219euri f\u0103r\u0103 s\u0103 respecte reglement\u0103rile.<\/strong><\/p>\n\n\n\n<p>Anul trecut, Garda de Mediu a dat 19 amenzi administra\u021biilor din Bucure\u0219ti. Nicio prim\u0103rie nu a sc\u0103pat de amend\u0103, \u00eens\u0103 unele au fost nevoite s\u0103 scoat\u0103 din buzunar sute de mii de lei, \u00een timp ce altele au sc\u0103pat cu doar c\u00e2teva mii de lei \u00een minus. Prim\u0103ria Sectorului 1 \u0219i Prim\u0103ria Sectorului 3 au primit cele mai mari sanc\u021biuni, dep\u0103\u0219ind 300 de mii de lei. La polul opus sunt Prim\u0103riile Sectorului 2 \u0219i 5, cu c\u00e2te o singur\u0103 amend\u0103 de 7500 de lei. &nbsp;&nbsp;<\/p>\n\n\n\n<div class=\"tableauPlaceholder\" id=\"viz1643898776008\" style=\"position: relative\"><object class=\"tableauViz\" style=\"display:none;\"><param name=\"host_url\" value=\"https%3A%2F%2Fpublic.tableau.com%2F\"> <param name=\"embed_code_version\" value=\"3\"> <param name=\"site_root\" value=\"\"><param name=\"name\" value=\"CuantumultotalalamenzilorprimitedeprimriiledinBucuretidelagardademediun2021\/Sheet2\"><param name=\"tabs\" value=\"no\"><param name=\"toolbar\" value=\"yes\"><param name=\"animate_transition\" value=\"yes\"><param name=\"display_static_image\" value=\"yes\"><param name=\"display_spinner\" value=\"yes\"><param name=\"display_overlay\" value=\"yes\"><param name=\"display_count\" value=\"yes\"><param name=\"language\" value=\"en-US\"><\/object><\/div>                <script type=\"text\/javascript\">                    var divElement = document.getElementById('viz1643898776008');                    var vizElement = divElement.getElementsByTagName('object')[0];                    vizElement.style.width='100%';vizElement.style.height=(divElement.offsetWidth*0.75)+'px';                    var scriptElement = document.createElement('script');                    scriptElement.src = 'https:\/\/public.tableau.com\/javascripts\/api\/viz_v1.js';                    vizElement.parentNode.insertBefore(scriptElement, vizElement);                <\/script>\n\n\n\n<p>Nerespectarea prevederilor legale privind calitatea aerului \u0219i depozitarea necorespunz\u0103toare de de\u0219euri au fost principalele motive pentru care prim\u0103riile din Capital\u0103 au fost amendate de Garda de Mediu, \u00eens\u0103 nu singurele. De exemplu, Prim\u0103ria Bucure\u0219ti a primit o sanc\u021biune de 75 mii de lei pentru c\u0103 institu\u021bia nu de\u021bine un Registru al Spa\u021biilor Verzi, iar administra\u021biei lui Robert Negoi\u021b\u0103 i-au fost aplicate amenzi de 150 de mii de lei pentru c\u0103 a ini\u021biat mai multe construc\u021bii f\u0103r\u0103 s\u0103 de\u021bin\u0103 acord de mediu.<\/p>\n\n\n\n<div class=\"tableauPlaceholder\" id=\"viz1643898821930\" style=\"position: relative\"><object class=\"tableauViz\" style=\"display:none;\"><param name=\"host_url\" value=\"https%3A%2F%2Fpublic.tableau.com%2F\"> <param name=\"embed_code_version\" value=\"3\"> <param name=\"site_root\" value=\"\"><param name=\"name\" value=\"AmenzileprimitedePrimriiledinBucuretidelaGardadeMediun2021v3\/Sheet1\"><param name=\"tabs\" value=\"no\"><param name=\"toolbar\" value=\"yes\"><param name=\"animate_transition\" value=\"yes\"><param name=\"display_static_image\" value=\"yes\"><param name=\"display_spinner\" value=\"yes\"><param name=\"display_overlay\" value=\"yes\"><param name=\"display_count\" value=\"yes\"><param name=\"language\" value=\"en-US\"><\/object><\/div>                <script type=\"text\/javascript\">                    var divElement = document.getElementById('viz1643898821930');                    var vizElement = divElement.getElementsByTagName('object')[0];                    vizElement.style.width='100%';vizElement.style.height=(divElement.offsetWidth*0.75)+'px';                    var scriptElement = document.createElement('script');                    scriptElement.src = 'https:\/\/public.tableau.com\/javascripts\/api\/viz_v1.js';                    vizElement.parentNode.insertBefore(scriptElement, vizElement);                <\/script>\n\n\n\n<h2 class=\"wp-block-heading\">Prim\u0103ria Municipiului Bucure\u0219ti (PMB)\u2013 amenzi de 182.500 RON<\/h2>\n\n\n\n<p>Anul trecut, <strong>administra\u021bia condus\u0103 de Nicu\u0219or Dan a depozitat necorespunz\u0103tor 3.650 de tone de de\u0219euri<\/strong> pe un teren de 10 mii de metri p\u0103tra\u021bi aflat \u00een apropierea autostr\u0103zii A3, lateral \u0218o\u0219. Petricani. De\u0219eurile erau din construc\u021bii, vegetale sau ambalaje de plastic, h\u00e2rtie \u0219i carton. Pentru asta, PMB a primit dou\u0103 amenzi, pe 13 mai \u0219i pe 22 septembrie, \u00een valoare total\u0103 de 100 de mii de lei.<\/p>\n\n\n\n<p>Tot \u00een 2021, Prim\u0103ria Bucure\u0219ti a fost amendat\u0103 &nbsp;\u00een urma unui control \u00een urma c\u0103ruia s-a constatat c\u0103 institu\u021bia <a href=\"https:\/\/buletin.de\/bucuresti\/pmb-amendata-de-ministerul-mediului-din-cauza-registrului-verde-dupa-dezvaluirile-buletin-de-bucuresti-s-au-trasat-masuri-de-conformare-care-vor-fi-verificate-periodic\/\">nu de\u021bine un Registru al Spa\u021biilor Verzi<\/a> conform normelor. Verific\u0103rile Ministerului Mediului la momentul respectiv au fost f\u0103cute pe fondul dezv\u0103luirilor Buletin de Bucure\u0219ti cu privire la Registrul Verde al Capitalei.<\/p>\n\n\n\n<p>Nicu\u0219or Dan a transmis atunci c\u0103 Registrul Spa\u021biilor Verzi al Municipiului Bucure\u0219ti este \u00een lista de priorit\u0103\u021bi, dar c\u0103 acest demers este condi\u021bionat de disponibilitatea fondurilor bugetare.<\/p>\n\n\n\n<h2 class=\"wp-block-heading\">Prim\u0103ria Sectorului 1 (PS1) \u2013 amenzi de 320.000 RON<\/h2>\n\n\n\n<p>\u00cen 2021, sectorul 1 a fost scena  <a href=\"https:\/\/buletin.de\/bucuresti\/videoreportaj-razboiul-gunoaielor-necontrolate-din-sectorul-1-in-doua-zile-va-fi-prapad-sustin-lucratorii-de-la-salubritate\/\">r\u0103zboiului dintre Romprest \u0219i Clotilde Armand<\/a>. Firma de salubritate a refuzat s\u0103 mai str\u00e2ng\u0103 de\u0219eurile din sector, dup\u0103 ce Prim\u0103ria Sectorului 1 a \u00eencetat s\u0103 o pl\u0103teasc\u0103 pentru serviciile prestate, pe motiv c\u0103 facturile erau la suprapre\u021b.<\/p>\n\n\n\n<p>Astfel, Clotilde Armand a primit dou\u0103 amenzi de 60 de mii de lei, una \u00een martie \u0219i alta \u00een iunie, pentru <strong>neasigurarea m\u0103surilor de salubrizare.<\/strong> Pe l\u00e2ng\u0103 asta, ea a trebuit s\u0103 pl\u0103teasc\u0103 200 de mii de lei pentru neprezentarea unor documente solicitate de Garda de Mediu. &nbsp;<\/p>\n\n\n\n<h2 class=\"wp-block-heading\">Prim\u0103ria Sectorului 3 (PS3) \u2013 amenzi de 307.500 RON<\/h2>\n\n\n\n<p>\u00cenctomai ca Nicu\u0219or Dan, Robert Negoi\u021b\u0103 a primit pe adresa prim\u0103riei o amenda de 100 de mii de lei pentru c\u0103 <strong>a depozitat necorespunz\u0103tor 6.000 de tone de de\u0219euri municipale<\/strong>, pe un teren neautorizat de 4.000 de metri p\u0103tra\u021bi.<\/p>\n\n\n\n<p>Pe l\u00e2ng\u0103 asta, \u00een 2021, Garda de Mediu a sac\u021bionat administra\u021bia sectorului 3 de trei ori pentru lucr\u0103ri de construire f\u0103r\u0103 acord de mediu. Lucr\u0103rile f\u0103cute f\u0103r\u0103 ob\u021binerea documenta\u021biei necesare au fost:<\/p>\n\n\n\n<ul class=\"wp-block-list\"><li>Lucr\u0103ri de desfiin\u021bare trotuar aferent str. Octavian Goga- pasaj M\u0103r\u0103\u0219e\u0219ti;<\/li><li>Lucr\u0103ri de construire alei pietonale pe spa\u021biu verde \u00een zona Bilbioteca Na\u021bional\u0103;<\/li><li>Lucr\u0103ri de construire skate parc \u00een zona str. Malu Mierii cu str. Lunca Cet\u0103\u021bii.<\/li><\/ul>\n\n\n\n<p>Anul trecut, Buletin de Bucure\u0219ti a ar\u0103tat c\u0103 Prim\u0103ria Sectorului 3 a deschis <a href=\"https:\/\/buletin.de\/bucuresti\/video-robert-negoita-a-aprobat-inca-un-santier-ilegal-in-zona-bibliotecii-nationale-lucrarile-s-au-facut-fara-autorizatie-si-sunt-neconforme\/\">un nou \u0219antier ilegal<\/a> \u00een zona Bibliotecii Na\u021bionale, la nici 200 de metri de locul accidentului unde \u0219i-au pierdut via\u021ba doi angaja\u021bi din institu\u021biile lui Robert Negoi\u021b\u0103. \u0218i Inspectoratul pentru Construc\u021bii a constatat neconformit\u0103\u021bi la fa\u021ba locului, privind calitatea lucr\u0103rilor \u0219i lipsa autoriza\u021biei de construire.<\/p>\n\n\n\n<p><strong>Actualizare 14.02.2021.<\/strong> Ulterior public\u0103rii articolului, Prim\u0103ria Sectorului 3 ne-a transmis c\u0103 Direc\u021bia General\u0103 de Salubritate nu a primit amenzi pentru depozitare ilegal\u0103 de de\u0219euri, contrar informa\u021biilor oficiale primite de Buletin de Bucure\u0219ti de la Garda de Mediu. \u00cen plus, PS3 sus\u021bine c\u0103 singurele amenzi contraven\u021bionale au fost pentru amenajarea a trei locuri de parcare pe spa\u021biul verde \u00een Pia\u021ba Alba Iulia.<\/p>\n\n\n\n<p>Pentru lucr\u0103rile de igienizare a terenului de pe Splaiul Unirii- Pasaj M\u0103r\u0103\u0219e\u0219ti \u0219i pentru realizarea unei alei pietonale l\u00e2ng\u0103 Blv. Octavian Goga, Robert Negoi\u021b\u0103 ar fi primit sanc\u021biune contraven\u021bional\u0103. Edilul nu a specificat altceva despre celalalte amenzi comunicate de Garda de Mediu. <\/p>\n\n\n\n<h2 class=\"wp-block-heading\">Prim\u0103ria Sectorului 4 \u2013 amenzi de 40.000 RON<\/h2>\n\n\n\n<p>Conform informa\u021biilor ob\u021binute de la Garda de Mediu, \u00een 2021, prim\u0103ria condus\u0103 de Daniel B\u0103lu\u021b\u0103 a primit dou\u0103 amenzi \u00een valoare total\u0103 de 40 de mii de lei, ambele la final de an, pe 8 decembrie.<\/p>\n\n\n\n<p>Una dintre ele a fost pentru c\u0103 <strong>a depozitat 25 de tone de de\u0219euri din construc\u021bii \u0219i municipale \u00eentr-un loc nepermis,<\/strong> \u00een zona Drumul Po\u0219talionului. Cealalt\u0103 a fost pentru c\u0103 a predat doze de sticle goale folosite la vaccinul anti-Covid unei societ\u0103\u021bi neautorizate.<\/p>\n\n\n\n<h2 class=\"wp-block-heading\">Prim\u0103ria Sectorului 6 \u2013 amenzi de 57.500 RON<\/h2>\n\n\n\n<p>\u0218i primarul Ciprian Ciucu a fost sanc\u021bionat de comisarii G\u0103rzii de Mediu pentru modul \u00een care a depozitat de\u0219euri. Mai exact, Prim\u0103ria Sectorului 6 nu a respectat m\u0103surile privind salubrizarea terenurilor unde au ajuns 40 de tone de de\u0219euri. Este vorba despre un teren av\u00e2nd suprafa\u021ba de 2.000 de metri p\u0103tra\u021bi, \u00een apropiere de CET Vest.<\/p>\n\n\n\n<h2 class=\"wp-block-heading\">Prim\u0103ria Sectorului 2 \u0219i Prim\u0103ria Sectorului 5 \u2013 amenzi de c\u00e2te 7.500 RON<\/h2>\n\n\n\n<p>Radu Mihaiu \u0219i Cristian Popescu Piedone au sc\u0103pat cel mai ieftin din controalele G\u0103rzii de Mediu. Cele dou\u0103 prim\u0103rii au fost amendate cu doar 7.500 de lei pentru nerespectarea prevederilor legale cu privire la calitatea aerului. Ambele amenzi au fost date pe 22 februarie. \u00cen aceea\u0219i zi, comisarii au &nbsp;sesizat \u0219i sanc\u021bionat mai multe administra\u021bii din Capital\u0103 pentru calitatea aerului, inclusiv PMB, Prim\u0103ria Sectorului 3 \u0219i Prim\u0103ria Sectorului 6.<\/p>\n\n\n\n<p>P\u00e2n\u0103 la momentul public\u0103rii articolului, nicio Prim\u0103rie nu a transmis un punct de vedere.<\/p>\n\n\n\n<p><\/p>\n\n\n\n<p>Grafic\u0103: Georgiana S\u00eerbu<\/p>\n","protected":false},"excerpt":{"rendered":"<p>\u00cen 2021, Prim\u0103ria Capitalei \u0219i celelalte \u0219ase prim\u0103rii de sector au fost amendate de Garda de Mediu cu aproape un million de lei \u00een total. O parte din ele nu au respectat prevederile legale privind calitatea aerului, iar altele au depozitat necorespunz\u0103tor de\u0219euri. Un exemplu sunt chiar prim\u0103riile conduse de Nicu\u0219or Dan, Robert Negoi\u021b\u0103 \u0219i [&hellip;]<\/p>\n","protected":false},"author":6,"featured_media":38429,"comment_status":"closed","ping_status":"open","sticky":false,"template":"","format":"standard","meta":{"_acf_changed":false,"inline_featured_image":false,"ngg_post_thumbnail":0,"footnotes":""},"categories":[3419],"tags":[3933,1859,276,308,229,440,765,188],"ppma_author":[22588],"class_list":["post-38427","post","type-post","status-publish","format-standard","has-post-thumbnail","hentry","category-featured","tag-amenzi-primarii","tag-garda-de-mediu","tag-primaria-bucuresti","tag-sector-1","tag-sector-2","tag-sector-3","tag-sector-4","tag-sector-5"],"acf":[],"yoast_head":"<!-- This site is optimized with the Yoast SEO Premium plugin v25.3 (Yoast SEO v27.5) - https:\/\/yoast.com\/product\/yoast-seo-premium-wordpress\/ -->\n<title>Garda de Mediu arde Prim\u0103riile din Capital\u0103. Amenzi de aproape 1 milion de lei, \u00een 2021 - Buletin de Bucure\u0219ti<\/title>\n<meta name=\"robots\" content=\"index, follow, max-snippet:-1, max-image-preview:large, max-video-preview:-1\" \/>\n<link rel=\"canonical\" href=\"https:\/\/buletin.de\/bucuresti\/garda-de-mediu-arde-primariile-din-capitala-amenzi-de-aproape-1-milion-de-lei-in-2021\/\" \/>\n<meta property=\"og:locale\" content=\"en_GB\" \/>\n<meta property=\"og:type\" content=\"article\" \/>\n<meta property=\"og:title\" content=\"Garda de Mediu arde Prim\u0103riile din Capital\u0103. Amenzi de aproape 1 milion de lei, \u00een 2021\" \/>\n<meta property=\"og:description\" content=\"\u00cen 2021, Prim\u0103ria Capitalei \u0219i celelalte \u0219ase prim\u0103rii de sector au fost amendate de Garda de Mediu cu aproape un million de lei \u00een total. O parte din ele nu au respectat prevederile legale privind calitatea aerului, iar altele au depozitat necorespunz\u0103tor de\u0219euri. Un exemplu sunt chiar prim\u0103riile conduse de Nicu\u0219or Dan, Robert Negoi\u021b\u0103 \u0219i [&hellip;]\" \/>\n<meta property=\"og:url\" content=\"https:\/\/buletin.de\/bucuresti\/garda-de-mediu-arde-primariile-din-capitala-amenzi-de-aproape-1-milion-de-lei-in-2021\/\" \/>\n<meta property=\"og:site_name\" content=\"Buletin de Bucure\u0219ti\" \/>\n<meta property=\"article:publisher\" content=\"https:\/\/www.facebook.com\/buletin.de.buc\" \/>\n<meta property=\"article:published_time\" content=\"2022-02-03T14:47:35+00:00\" \/>\n<meta property=\"article:modified_time\" content=\"2022-02-14T16:17:10+00:00\" \/>\n<meta property=\"og:image\" content=\"https:\/\/buletin.de\/bucuresti\/wp-content\/uploads\/Screenshot_1-14.jpg\" \/>\n\t<meta property=\"og:image:width\" content=\"1852\" \/>\n\t<meta property=\"og:image:height\" content=\"668\" \/>\n\t<meta property=\"og:image:type\" content=\"image\/jpeg\" \/>\n<meta name=\"author\" content=\"Bianca Albu\" \/>\n<meta name=\"twitter:card\" content=\"summary_large_image\" \/>\n<meta name=\"twitter:label1\" content=\"Written by\" \/>\n\t<meta name=\"twitter:data1\" content=\"Bianca Albu\" \/>\n\t<meta name=\"twitter:label2\" content=\"Estimated reading time\" \/>\n\t<meta name=\"twitter:data2\" content=\"5 minutes\" \/>\n<script type=\"application\/ld+json\" class=\"yoast-schema-graph\">{\"@context\":\"https:\\\/\\\/schema.org\",\"@graph\":[{\"@type\":\"Article\",\"@id\":\"https:\\\/\\\/buletin.de\\\/bucuresti\\\/garda-de-mediu-arde-primariile-din-capitala-amenzi-de-aproape-1-milion-de-lei-in-2021\\\/#article\",\"isPartOf\":{\"@id\":\"https:\\\/\\\/buletin.de\\\/bucuresti\\\/garda-de-mediu-arde-primariile-din-capitala-amenzi-de-aproape-1-milion-de-lei-in-2021\\\/\"},\"author\":{\"name\":\"Bianca Albu\",\"@id\":\"https:\\\/\\\/buletin.de\\\/bucuresti\\\/#\\\/schema\\\/person\\\/295dc2228d2dc79294d636619468dc7f\"},\"headline\":\"Garda de Mediu arde Prim\u0103riile din Capital\u0103. Amenzi de aproape 1 milion de lei, \u00een 2021\",\"datePublished\":\"2022-02-03T14:47:35+00:00\",\"dateModified\":\"2022-02-14T16:17:10+00:00\",\"mainEntityOfPage\":{\"@id\":\"https:\\\/\\\/buletin.de\\\/bucuresti\\\/garda-de-mediu-arde-primariile-din-capitala-amenzi-de-aproape-1-milion-de-lei-in-2021\\\/\"},\"wordCount\":1146,\"publisher\":{\"@id\":\"https:\\\/\\\/buletin.de\\\/bucuresti\\\/#organization\"},\"image\":{\"@id\":\"https:\\\/\\\/buletin.de\\\/bucuresti\\\/garda-de-mediu-arde-primariile-din-capitala-amenzi-de-aproape-1-milion-de-lei-in-2021\\\/#primaryimage\"},\"thumbnailUrl\":\"https:\\\/\\\/buletin.de\\\/bucuresti\\\/wp-content\\\/uploads\\\/Screenshot_1-14.jpg\",\"keywords\":[\"amenzi primarii\",\"garda de mediu\",\"primaria bucuresti\",\"Sector 1\",\"Sector 2\",\"Sector 3\",\"Sector 4\",\"Sector 5\"],\"articleSection\":[\"Featured\"],\"inLanguage\":\"en-GB\",\"copyrightYear\":\"2022\",\"copyrightHolder\":{\"@id\":\"https:\\\/\\\/buletin.de\\\/bucuresti\\\/#organization\"}},{\"@type\":\"WebPage\",\"@id\":\"https:\\\/\\\/buletin.de\\\/bucuresti\\\/garda-de-mediu-arde-primariile-din-capitala-amenzi-de-aproape-1-milion-de-lei-in-2021\\\/\",\"url\":\"https:\\\/\\\/buletin.de\\\/bucuresti\\\/garda-de-mediu-arde-primariile-din-capitala-amenzi-de-aproape-1-milion-de-lei-in-2021\\\/\",\"name\":\"Garda de Mediu arde Prim\u0103riile din Capital\u0103. Amenzi de aproape 1 milion de lei, \u00een 2021 - Buletin de Bucure\u0219ti\",\"isPartOf\":{\"@id\":\"https:\\\/\\\/buletin.de\\\/bucuresti\\\/#website\"},\"primaryImageOfPage\":{\"@id\":\"https:\\\/\\\/buletin.de\\\/bucuresti\\\/garda-de-mediu-arde-primariile-din-capitala-amenzi-de-aproape-1-milion-de-lei-in-2021\\\/#primaryimage\"},\"image\":{\"@id\":\"https:\\\/\\\/buletin.de\\\/bucuresti\\\/garda-de-mediu-arde-primariile-din-capitala-amenzi-de-aproape-1-milion-de-lei-in-2021\\\/#primaryimage\"},\"thumbnailUrl\":\"https:\\\/\\\/buletin.de\\\/bucuresti\\\/wp-content\\\/uploads\\\/Screenshot_1-14.jpg\",\"datePublished\":\"2022-02-03T14:47:35+00:00\",\"dateModified\":\"2022-02-14T16:17:10+00:00\",\"breadcrumb\":{\"@id\":\"https:\\\/\\\/buletin.de\\\/bucuresti\\\/garda-de-mediu-arde-primariile-din-capitala-amenzi-de-aproape-1-milion-de-lei-in-2021\\\/#breadcrumb\"},\"inLanguage\":\"en-GB\",\"potentialAction\":[{\"@type\":\"ReadAction\",\"target\":[\"https:\\\/\\\/buletin.de\\\/bucuresti\\\/garda-de-mediu-arde-primariile-din-capitala-amenzi-de-aproape-1-milion-de-lei-in-2021\\\/\"]}]},{\"@type\":\"ImageObject\",\"inLanguage\":\"en-GB\",\"@id\":\"https:\\\/\\\/buletin.de\\\/bucuresti\\\/garda-de-mediu-arde-primariile-din-capitala-amenzi-de-aproape-1-milion-de-lei-in-2021\\\/#primaryimage\",\"url\":\"https:\\\/\\\/buletin.de\\\/bucuresti\\\/wp-content\\\/uploads\\\/Screenshot_1-14.jpg\",\"contentUrl\":\"https:\\\/\\\/buletin.de\\\/bucuresti\\\/wp-content\\\/uploads\\\/Screenshot_1-14.jpg\",\"width\":1852,\"height\":668},{\"@type\":\"BreadcrumbList\",\"@id\":\"https:\\\/\\\/buletin.de\\\/bucuresti\\\/garda-de-mediu-arde-primariile-din-capitala-amenzi-de-aproape-1-milion-de-lei-in-2021\\\/#breadcrumb\",\"itemListElement\":[{\"@type\":\"ListItem\",\"position\":1,\"name\":\"Acas\u0103\",\"item\":\"https:\\\/\\\/buletin.de\\\/bucuresti\\\/\"},{\"@type\":\"ListItem\",\"position\":2,\"name\":\"Garda de Mediu arde Prim\u0103riile din Capital\u0103. Amenzi de aproape 1 milion de lei, \u00een 2021\"}]},{\"@type\":\"WebSite\",\"@id\":\"https:\\\/\\\/buletin.de\\\/bucuresti\\\/#website\",\"url\":\"https:\\\/\\\/buletin.de\\\/bucuresti\\\/\",\"name\":\"Buletin de Bucure\u0219ti\",\"description\":\"\u0218tiri \u0219i investiga\u021bii esen\u021biale din capital\u0103\",\"publisher\":{\"@id\":\"https:\\\/\\\/buletin.de\\\/bucuresti\\\/#organization\"},\"potentialAction\":[{\"@type\":\"SearchAction\",\"target\":{\"@type\":\"EntryPoint\",\"urlTemplate\":\"https:\\\/\\\/buletin.de\\\/bucuresti\\\/?s={search_term_string}\"},\"query-input\":{\"@type\":\"PropertyValueSpecification\",\"valueRequired\":true,\"valueName\":\"search_term_string\"}}],\"inLanguage\":\"en-GB\"},{\"@type\":\"Organization\",\"@id\":\"https:\\\/\\\/buletin.de\\\/bucuresti\\\/#organization\",\"name\":\"Buletin de Bucure\u0219ti\",\"url\":\"https:\\\/\\\/buletin.de\\\/bucuresti\\\/\",\"logo\":{\"@type\":\"ImageObject\",\"inLanguage\":\"en-GB\",\"@id\":\"https:\\\/\\\/buletin.de\\\/bucuresti\\\/#\\\/schema\\\/logo\\\/image\\\/\",\"url\":\"https:\\\/\\\/buletin.de\\\/bucuresti\\\/wp-content\\\/uploads\\\/logo-bdb-full-wide-vernil-transparent.png\",\"contentUrl\":\"https:\\\/\\\/buletin.de\\\/bucuresti\\\/wp-content\\\/uploads\\\/logo-bdb-full-wide-vernil-transparent.png\",\"width\":1782,\"height\":626,\"caption\":\"Buletin de Bucure\u0219ti\"},\"image\":{\"@id\":\"https:\\\/\\\/buletin.de\\\/bucuresti\\\/#\\\/schema\\\/logo\\\/image\\\/\"},\"sameAs\":[\"https:\\\/\\\/www.facebook.com\\\/buletin.de.buc\",\"https:\\\/\\\/www.instagram.com\\\/buletinde.bucuresti\\\/\"]},{\"@type\":\"Person\",\"@id\":\"https:\\\/\\\/buletin.de\\\/bucuresti\\\/#\\\/schema\\\/person\\\/295dc2228d2dc79294d636619468dc7f\",\"name\":\"Bianca Albu\",\"image\":{\"@type\":\"ImageObject\",\"inLanguage\":\"en-GB\",\"@id\":\"https:\\\/\\\/secure.gravatar.com\\\/avatar\\\/3df2e34e20f529e6fd7be4311ee1f7c4ec4aa886971590baf6fa214b15743516?s=96&d=monsterid&r=gf541c715eeec409ce8101252a3c0d8a7\",\"url\":\"https:\\\/\\\/secure.gravatar.com\\\/avatar\\\/3df2e34e20f529e6fd7be4311ee1f7c4ec4aa886971590baf6fa214b15743516?s=96&d=monsterid&r=g\",\"contentUrl\":\"https:\\\/\\\/secure.gravatar.com\\\/avatar\\\/3df2e34e20f529e6fd7be4311ee1f7c4ec4aa886971590baf6fa214b15743516?s=96&d=monsterid&r=g\",\"caption\":\"Bianca Albu\"},\"description\":\"Reporter\",\"url\":\"https:\\\/\\\/buletin.de\\\/bucuresti\\\/author\\\/biancaalbu\\\/\"}]}<\/script>\n<!-- \/ Yoast SEO Premium plugin. -->","yoast_head_json":{"title":"Garda de Mediu arde Prim\u0103riile din Capital\u0103. Amenzi de aproape 1 milion de lei, \u00een 2021 - Buletin de Bucure\u0219ti","robots":{"index":"index","follow":"follow","max-snippet":"max-snippet:-1","max-image-preview":"max-image-preview:large","max-video-preview":"max-video-preview:-1"},"canonical":"https:\/\/buletin.de\/bucuresti\/garda-de-mediu-arde-primariile-din-capitala-amenzi-de-aproape-1-milion-de-lei-in-2021\/","og_locale":"en_GB","og_type":"article","og_title":"Garda de Mediu arde Prim\u0103riile din Capital\u0103. Amenzi de aproape 1 milion de lei, \u00een 2021","og_description":"\u00cen 2021, Prim\u0103ria Capitalei \u0219i celelalte \u0219ase prim\u0103rii de sector au fost amendate de Garda de Mediu cu aproape un million de lei \u00een total. O parte din ele nu au respectat prevederile legale privind calitatea aerului, iar altele au depozitat necorespunz\u0103tor de\u0219euri. Un exemplu sunt chiar prim\u0103riile conduse de Nicu\u0219or Dan, Robert Negoi\u021b\u0103 \u0219i [&hellip;]","og_url":"https:\/\/buletin.de\/bucuresti\/garda-de-mediu-arde-primariile-din-capitala-amenzi-de-aproape-1-milion-de-lei-in-2021\/","og_site_name":"Buletin de Bucure\u0219ti","article_publisher":"https:\/\/www.facebook.com\/buletin.de.buc","article_published_time":"2022-02-03T14:47:35+00:00","article_modified_time":"2022-02-14T16:17:10+00:00","og_image":[{"width":1852,"height":668,"url":"https:\/\/buletin.de\/bucuresti\/wp-content\/uploads\/Screenshot_1-14.jpg","type":"image\/jpeg"}],"author":"Bianca Albu","twitter_card":"summary_large_image","twitter_misc":{"Written by":"Bianca Albu","Estimated reading time":"5 minutes"},"schema":{"@context":"https:\/\/schema.org","@graph":[{"@type":"Article","@id":"https:\/\/buletin.de\/bucuresti\/garda-de-mediu-arde-primariile-din-capitala-amenzi-de-aproape-1-milion-de-lei-in-2021\/#article","isPartOf":{"@id":"https:\/\/buletin.de\/bucuresti\/garda-de-mediu-arde-primariile-din-capitala-amenzi-de-aproape-1-milion-de-lei-in-2021\/"},"author":{"name":"Bianca Albu","@id":"https:\/\/buletin.de\/bucuresti\/#\/schema\/person\/295dc2228d2dc79294d636619468dc7f"},"headline":"Garda de Mediu arde Prim\u0103riile din Capital\u0103. Amenzi de aproape 1 milion de lei, \u00een 2021","datePublished":"2022-02-03T14:47:35+00:00","dateModified":"2022-02-14T16:17:10+00:00","mainEntityOfPage":{"@id":"https:\/\/buletin.de\/bucuresti\/garda-de-mediu-arde-primariile-din-capitala-amenzi-de-aproape-1-milion-de-lei-in-2021\/"},"wordCount":1146,"publisher":{"@id":"https:\/\/buletin.de\/bucuresti\/#organization"},"image":{"@id":"https:\/\/buletin.de\/bucuresti\/garda-de-mediu-arde-primariile-din-capitala-amenzi-de-aproape-1-milion-de-lei-in-2021\/#primaryimage"},"thumbnailUrl":"https:\/\/buletin.de\/bucuresti\/wp-content\/uploads\/Screenshot_1-14.jpg","keywords":["amenzi primarii","garda de mediu","primaria bucuresti","Sector 1","Sector 2","Sector 3","Sector 4","Sector 5"],"articleSection":["Featured"],"inLanguage":"en-GB","copyrightYear":"2022","copyrightHolder":{"@id":"https:\/\/buletin.de\/bucuresti\/#organization"}},{"@type":"WebPage","@id":"https:\/\/buletin.de\/bucuresti\/garda-de-mediu-arde-primariile-din-capitala-amenzi-de-aproape-1-milion-de-lei-in-2021\/","url":"https:\/\/buletin.de\/bucuresti\/garda-de-mediu-arde-primariile-din-capitala-amenzi-de-aproape-1-milion-de-lei-in-2021\/","name":"Garda de Mediu arde Prim\u0103riile din Capital\u0103. Amenzi de aproape 1 milion de lei, \u00een 2021 - Buletin de Bucure\u0219ti","isPartOf":{"@id":"https:\/\/buletin.de\/bucuresti\/#website"},"primaryImageOfPage":{"@id":"https:\/\/buletin.de\/bucuresti\/garda-de-mediu-arde-primariile-din-capitala-amenzi-de-aproape-1-milion-de-lei-in-2021\/#primaryimage"},"image":{"@id":"https:\/\/buletin.de\/bucuresti\/garda-de-mediu-arde-primariile-din-capitala-amenzi-de-aproape-1-milion-de-lei-in-2021\/#primaryimage"},"thumbnailUrl":"https:\/\/buletin.de\/bucuresti\/wp-content\/uploads\/Screenshot_1-14.jpg","datePublished":"2022-02-03T14:47:35+00:00","dateModified":"2022-02-14T16:17:10+00:00","breadcrumb":{"@id":"https:\/\/buletin.de\/bucuresti\/garda-de-mediu-arde-primariile-din-capitala-amenzi-de-aproape-1-milion-de-lei-in-2021\/#breadcrumb"},"inLanguage":"en-GB","potentialAction":[{"@type":"ReadAction","target":["https:\/\/buletin.de\/bucuresti\/garda-de-mediu-arde-primariile-din-capitala-amenzi-de-aproape-1-milion-de-lei-in-2021\/"]}]},{"@type":"ImageObject","inLanguage":"en-GB","@id":"https:\/\/buletin.de\/bucuresti\/garda-de-mediu-arde-primariile-din-capitala-amenzi-de-aproape-1-milion-de-lei-in-2021\/#primaryimage","url":"https:\/\/buletin.de\/bucuresti\/wp-content\/uploads\/Screenshot_1-14.jpg","contentUrl":"https:\/\/buletin.de\/bucuresti\/wp-content\/uploads\/Screenshot_1-14.jpg","width":1852,"height":668},{"@type":"BreadcrumbList","@id":"https:\/\/buletin.de\/bucuresti\/garda-de-mediu-arde-primariile-din-capitala-amenzi-de-aproape-1-milion-de-lei-in-2021\/#breadcrumb","itemListElement":[{"@type":"ListItem","position":1,"name":"Acas\u0103","item":"https:\/\/buletin.de\/bucuresti\/"},{"@type":"ListItem","position":2,"name":"Garda de Mediu arde Prim\u0103riile din Capital\u0103. Amenzi de aproape 1 milion de lei, \u00een 2021"}]},{"@type":"WebSite","@id":"https:\/\/buletin.de\/bucuresti\/#website","url":"https:\/\/buletin.de\/bucuresti\/","name":"Buletin de Bucure\u0219ti","description":"\u0218tiri \u0219i investiga\u021bii esen\u021biale din capital\u0103","publisher":{"@id":"https:\/\/buletin.de\/bucuresti\/#organization"},"potentialAction":[{"@type":"SearchAction","target":{"@type":"EntryPoint","urlTemplate":"https:\/\/buletin.de\/bucuresti\/?s={search_term_string}"},"query-input":{"@type":"PropertyValueSpecification","valueRequired":true,"valueName":"search_term_string"}}],"inLanguage":"en-GB"},{"@type":"Organization","@id":"https:\/\/buletin.de\/bucuresti\/#organization","name":"Buletin de Bucure\u0219ti","url":"https:\/\/buletin.de\/bucuresti\/","logo":{"@type":"ImageObject","inLanguage":"en-GB","@id":"https:\/\/buletin.de\/bucuresti\/#\/schema\/logo\/image\/","url":"https:\/\/buletin.de\/bucuresti\/wp-content\/uploads\/logo-bdb-full-wide-vernil-transparent.png","contentUrl":"https:\/\/buletin.de\/bucuresti\/wp-content\/uploads\/logo-bdb-full-wide-vernil-transparent.png","width":1782,"height":626,"caption":"Buletin de Bucure\u0219ti"},"image":{"@id":"https:\/\/buletin.de\/bucuresti\/#\/schema\/logo\/image\/"},"sameAs":["https:\/\/www.facebook.com\/buletin.de.buc","https:\/\/www.instagram.com\/buletinde.bucuresti\/"]},{"@type":"Person","@id":"https:\/\/buletin.de\/bucuresti\/#\/schema\/person\/295dc2228d2dc79294d636619468dc7f","name":"Bianca Albu","image":{"@type":"ImageObject","inLanguage":"en-GB","@id":"https:\/\/secure.gravatar.com\/avatar\/3df2e34e20f529e6fd7be4311ee1f7c4ec4aa886971590baf6fa214b15743516?s=96&d=monsterid&r=gf541c715eeec409ce8101252a3c0d8a7","url":"https:\/\/secure.gravatar.com\/avatar\/3df2e34e20f529e6fd7be4311ee1f7c4ec4aa886971590baf6fa214b15743516?s=96&d=monsterid&r=g","contentUrl":"https:\/\/secure.gravatar.com\/avatar\/3df2e34e20f529e6fd7be4311ee1f7c4ec4aa886971590baf6fa214b15743516?s=96&d=monsterid&r=g","caption":"Bianca Albu"},"description":"Reporter","url":"https:\/\/buletin.de\/bucuresti\/author\/biancaalbu\/"}]}},"authors":[{"term_id":22588,"user_id":6,"is_guest":0,"slug":"biancaalbu","display_name":"Bianca Albu","avatar_url":"https:\/\/secure.gravatar.com\/avatar\/3df2e34e20f529e6fd7be4311ee1f7c4ec4aa886971590baf6fa214b15743516?s=96&d=monsterid&r=g","0":null,"1":"","2":"","3":"","4":"","5":"","6":"","7":"","8":""}],"_links":{"self":[{"href":"https:\/\/buletin.de\/bucuresti\/wp-json\/wp\/v2\/posts\/38427","targetHints":{"allow":["GET"]}}],"collection":[{"href":"https:\/\/buletin.de\/bucuresti\/wp-json\/wp\/v2\/posts"}],"about":[{"href":"https:\/\/buletin.de\/bucuresti\/wp-json\/wp\/v2\/types\/post"}],"author":[{"embeddable":true,"href":"https:\/\/buletin.de\/bucuresti\/wp-json\/wp\/v2\/users\/6"}],"replies":[{"embeddable":true,"href":"https:\/\/buletin.de\/bucuresti\/wp-json\/wp\/v2\/comments?post=38427"}],"version-history":[{"count":7,"href":"https:\/\/buletin.de\/bucuresti\/wp-json\/wp\/v2\/posts\/38427\/revisions"}],"predecessor-version":[{"id":38873,"href":"https:\/\/buletin.de\/bucuresti\/wp-json\/wp\/v2\/posts\/38427\/revisions\/38873"}],"wp:featuredmedia":[{"embeddable":true,"href":"https:\/\/buletin.de\/bucuresti\/wp-json\/wp\/v2\/media\/38429"}],"wp:attachment":[{"href":"https:\/\/buletin.de\/bucuresti\/wp-json\/wp\/v2\/media?parent=38427"}],"wp:term":[{"taxonomy":"category","embeddable":true,"href":"https:\/\/buletin.de\/bucuresti\/wp-json\/wp\/v2\/categories?post=38427"},{"taxonomy":"post_tag","embeddable":true,"href":"https:\/\/buletin.de\/bucuresti\/wp-json\/wp\/v2\/tags?post=38427"},{"taxonomy":"author","embeddable":true,"href":"https:\/\/buletin.de\/bucuresti\/wp-json\/wp\/v2\/ppma_author?post=38427"}],"curies":[{"name":"wp","href":"https:\/\/api.w.org\/{rel}","templated":true}]}}