{"id":38184,"date":"2022-01-31T14:26:22","date_gmt":"2022-01-31T12:26:22","guid":{"rendered":"https:\/\/buletin.de\/bucuresti\/?p=38184"},"modified":"2022-01-31T14:39:43","modified_gmt":"2022-01-31T12:39:43","slug":"usr-vrea-demiterea-primarului-de-la-mogosoaia-si-ancheta-dna-la-primarie","status":"publish","type":"post","link":"https:\/\/buletin.de\/bucuresti\/usr-vrea-demiterea-primarului-de-la-mogosoaia-si-ancheta-dna-la-primarie\/","title":{"rendered":"USR vrea demiterea primarului de la Mogo\u0219oaia \u0219i anchet\u0103 DNA la Prim\u0103rie"},"content":{"rendered":"\n<p class=\"has-light-green-cyan-background-color has-background\">Pre\u0219edintele USR, Dacian Ciolo\u0219, a anun\u021bat \u00eenceperea procedurii de demitere a primarului din Mogo\u0219oaia, <br>Paul Precup. Membrii filialei locale a partidului vor demara str\u00e2ngerea de semn\u0103turi, prima etap\u0103 din procedura legal\u0103. Ciolo\u0219 a mai declarat \u0219i c\u0103 partidul s\u0103u va depune o pl\u00e2ngere la DNA pentru modul \u00een care s-au f\u0103cut exproprierile de la Mogo\u0219oaia.<\/p>\n\n\n\n<p>\u201eAm discutat, ast\u0103zi, \u00een Biroul Permanent, \u0219i-am decis s\u0103 depunem ca partid USR o pl\u00e2ngere la DNA \u00eempotriva felului \u00een care au fost f\u0103cute exproprierile acolo (la Mogo\u0219oaia, n. red). <\/p>\n\n\n\n<p>Vineri seara, c\u00e2nd am fost s\u0103 ne sus\u021binem colegii \u00een Consiliul Local, am avut ocazia s\u0103 discut\u0103m cu mai mul\u021bi cet\u0103\u021beni din Mogo\u0219oaia, foarte sup\u0103ra\u021bi \u0219i foarte furio\u0219i pe felul \u00een care Prim\u0103ria a decis s\u0103 fac\u0103 acele exproprieri, f\u0103r\u0103 s\u0103 \u021bin\u0103 cont de protejarea dreptului de proprietate, f\u0103r\u0103 s\u0103 informeze suficient \u0219i f\u0103r\u0103 chiar s\u0103 respecte legea.<\/p>\n\n\n\n<p>Colegii no\u0219tri au identificat deja fapte de abuz \u00een serviciu, de fals \u0219i uz de fals, de trafic de influen\u021b\u0103\u201d, a declarat Dacian Ciolo\u0219.<\/p>\n\n\n\n<p>\u00cen paralel cu sesizarea DNA, Dacian Ciolo\u0219 a anun\u021bat \u0219i c\u0103 partidul s\u0103u va \u00eencepe procedura de demitere a primarului din Mogo\u0219oaia, pe care \u00eel acuz\u0103 de presiuni dup\u0103 adoptarea proiectului Sector Zero. <\/p>\n\n\n\n<p>\u201eDin punctul nostru de vedere, nu mai reprezint\u0103 dorin\u021bele cet\u0103\u021benilor din Mogo\u0219oaia\u201d, a explicat Dacian Ciolo\u0219.<\/p>\n\n\n\n<p>Conform Codului Administrativ, procedura de demitere a unui edil \u00eencepe cu str\u00e2ngerea de semn\u0103turi pentru declan\u0219area unui referedum. Dac\u0103 cel pu\u021bin 25% din locuitorii unei localit\u0103\u021bi semneaz\u0103, va fi organizat\u0103 consultarea public\u0103.<\/p>\n\n\n\n<h4 class=\"wp-block-heading\">ARTICOLUL 162<\/h4>\n\n\n\n<p><strong>(1)<\/strong>&nbsp;Mandatul primarului \u00eenceteaz\u0103 ca urmare a rezultatului unui referendum local av\u00e2nd ca obiect demiterea acestuia, conform procedurii prev\u0103zute la&nbsp;<a target=\"_blank\" href=\"https:\/\/lege5.ro\/Gratuit\/gm2dcnrygm3q\/codul-administrativ-din-03072019?pid=291968871&amp;d=2022-01-31#p-291968871\" rel=\"noreferrer noopener\">art. 144<\/a>&nbsp;\u015fi&nbsp;<a target=\"_blank\" href=\"https:\/\/lege5.ro\/Gratuit\/gm2dcnrygm3q\/codul-administrativ-din-03072019?pid=291968874&amp;d=2022-01-31#p-291968874\" rel=\"noreferrer noopener\">145<\/a>, care se aplic\u0103 \u00een mod corespunz\u0103tor.<\/p>\n\n\n\n<p><strong>(2)<\/strong>&nbsp;Referendumul pentru \u00eencetarea mandatului primarului se organizeaz\u0103 ca urmare a cererii adresate \u00een acest sens prefectului de locuitorii comunei, ora\u015fului sau municipiului, ca urmare a nesocotirii de c\u0103tre acesta a intereselor generale ale colectivit\u0103\u0163ii locale sau a neexercit\u0103rii atribu\u0163iilor ce \u00eei revin, potrivit legii, inclusiv a celor pe care le exercit\u0103 ca reprezentant al statului.<\/p>\n\n\n\n<p><strong>(3)<\/strong>&nbsp;Cererea cuprinde motivele ce au stat la baza acesteia, numele \u015fi prenumele, data \u015fi locul na\u015fterii, seria \u015fi num\u0103rul buletinului sau ale c\u0103r\u0163ii de identitate \u015fi semn\u0103tur\u0103 olograf\u0103 ale cet\u0103\u0163enilor care au solicitat organizarea referendumului.<\/p>\n\n\n\n<p><strong>(4)<\/strong>&nbsp;Organizarea referendumului trebuie s\u0103 fie solicitat\u0103, \u00een scris, de cel pu\u0163in 25% dintre locuitorii cu drept de vot \u00eenscri\u015fi \u00een Registrul electoral cu domiciliul sau re\u015fedin\u0163a \u00een unitatea administrativ-teritorial\u0103. Acest procent trebuie s\u0103 fie realizat \u00een fiecare dintre localit\u0103\u0163ile componente ale comunei, ora\u015fului sau municipiului.<\/p>\n\n\n\n<p><em>Sursa: <a href=\"https:\/\/lege5.ro\/gratuit\/gm2dcnrygm3q\/incetarea-mandatului-in-urma-referendumului-codul-administrativ?dp=gi4tcojwheydany\">https:\/\/lege5.ro<\/a><\/em><\/p>\n\n\n\n<p>Buletin de Bucure\u0219ti a cerut un punct de vedere al primarului comunei Mogo\u0219oaia, Paul Mihai Precup, fa\u021b\u0103 de declara\u021biile pre\u0219edintelui USR, Dacian Ciolo\u0219, dar nu a primit un r\u0103spuns p\u00e2n\u0103 la aceast\u0103 or\u0103.<\/p>\n\n\n\n<p><\/p>\n\n\n\n<p><\/p>\n\n\n\n<p><em>sursa foto: cover Facebook USR<\/em><\/p>\n","protected":false},"excerpt":{"rendered":"<p>Pre\u0219edintele USR, Dacian Ciolo\u0219, a anun\u021bat \u00eenceperea procedurii de demitere a primarului din Mogo\u0219oaia, Paul Precup. Membrii filialei locale a partidului vor demara str\u00e2ngerea de semn\u0103turi, prima etap\u0103 din procedura legal\u0103. Ciolo\u0219 a mai declarat \u0219i c\u0103 partidul s\u0103u va depune o pl\u00e2ngere la DNA pentru modul \u00een care s-au f\u0103cut exproprierile de la Mogo\u0219oaia. [&hellip;]<\/p>\n","protected":false},"author":18,"featured_media":38196,"comment_status":"closed","ping_status":"open","sticky":false,"template":"","format":"standard","meta":{"_acf_changed":false,"inline_featured_image":false,"ngg_post_thumbnail":0,"footnotes":""},"categories":[62],"tags":[2151,875,3563,3827],"ppma_author":[22579],"class_list":["post-38184","post","type-post","status-publish","format-standard","has-post-thumbnail","hentry","category-stiri","tag-demitere","tag-dna","tag-mogosoaia-2","tag-precup"],"acf":[],"yoast_head":"<!-- This site is optimized with the Yoast SEO Premium plugin v25.3 (Yoast SEO v27.5) - https:\/\/yoast.com\/product\/yoast-seo-premium-wordpress\/ -->\n<title>USR vrea demiterea primarului de la Mogo\u0219oaia \u0219i anchet\u0103 DNA la Prim\u0103rie - Buletin de Bucure\u0219ti<\/title>\n<meta name=\"robots\" content=\"index, follow, max-snippet:-1, max-image-preview:large, max-video-preview:-1\" \/>\n<link rel=\"canonical\" href=\"https:\/\/buletin.de\/bucuresti\/usr-vrea-demiterea-primarului-de-la-mogosoaia-si-ancheta-dna-la-primarie\/\" \/>\n<meta property=\"og:locale\" content=\"en_GB\" \/>\n<meta property=\"og:type\" content=\"article\" \/>\n<meta property=\"og:title\" content=\"USR vrea demiterea primarului de la Mogo\u0219oaia \u0219i anchet\u0103 DNA la Prim\u0103rie\" \/>\n<meta property=\"og:description\" content=\"Pre\u0219edintele USR, Dacian Ciolo\u0219, a anun\u021bat \u00eenceperea procedurii de demitere a primarului din Mogo\u0219oaia, Paul Precup. Membrii filialei locale a partidului vor demara str\u00e2ngerea de semn\u0103turi, prima etap\u0103 din procedura legal\u0103. Ciolo\u0219 a mai declarat \u0219i c\u0103 partidul s\u0103u va depune o pl\u00e2ngere la DNA pentru modul \u00een care s-au f\u0103cut exproprierile de la Mogo\u0219oaia. [&hellip;]\" \/>\n<meta property=\"og:url\" content=\"https:\/\/buletin.de\/bucuresti\/usr-vrea-demiterea-primarului-de-la-mogosoaia-si-ancheta-dna-la-primarie\/\" \/>\n<meta property=\"og:site_name\" content=\"Buletin de Bucure\u0219ti\" \/>\n<meta property=\"article:publisher\" content=\"https:\/\/www.facebook.com\/buletin.de.buc\" \/>\n<meta property=\"article:published_time\" content=\"2022-01-31T12:26:22+00:00\" \/>\n<meta property=\"article:modified_time\" content=\"2022-01-31T12:39:43+00:00\" \/>\n<meta property=\"og:image\" content=\"https:\/\/buletin.de\/bucuresti\/wp-content\/uploads\/ciolos.png\" \/>\n\t<meta property=\"og:image:width\" content=\"837\" \/>\n\t<meta property=\"og:image:height\" content=\"427\" \/>\n\t<meta property=\"og:image:type\" content=\"image\/png\" \/>\n<meta name=\"author\" content=\"Teodora Stroe\" \/>\n<meta name=\"twitter:card\" content=\"summary_large_image\" \/>\n<meta name=\"twitter:label1\" content=\"Written by\" \/>\n\t<meta name=\"twitter:data1\" content=\"Teodora Stroe\" \/>\n\t<meta name=\"twitter:label2\" content=\"Estimated reading time\" \/>\n\t<meta name=\"twitter:data2\" content=\"3 minutes\" \/>\n<script type=\"application\/ld+json\" class=\"yoast-schema-graph\">{\"@context\":\"https:\\\/\\\/schema.org\",\"@graph\":[{\"@type\":\"Article\",\"@id\":\"https:\\\/\\\/buletin.de\\\/bucuresti\\\/usr-vrea-demiterea-primarului-de-la-mogosoaia-si-ancheta-dna-la-primarie\\\/#article\",\"isPartOf\":{\"@id\":\"https:\\\/\\\/buletin.de\\\/bucuresti\\\/usr-vrea-demiterea-primarului-de-la-mogosoaia-si-ancheta-dna-la-primarie\\\/\"},\"author\":{\"name\":\"Teodora Stroe\",\"@id\":\"https:\\\/\\\/buletin.de\\\/bucuresti\\\/#\\\/schema\\\/person\\\/d369d7ddc775abece205795e0b804614\"},\"headline\":\"USR vrea demiterea primarului de la Mogo\u0219oaia \u0219i anchet\u0103 DNA la Prim\u0103rie\",\"datePublished\":\"2022-01-31T12:26:22+00:00\",\"dateModified\":\"2022-01-31T12:39:43+00:00\",\"mainEntityOfPage\":{\"@id\":\"https:\\\/\\\/buletin.de\\\/bucuresti\\\/usr-vrea-demiterea-primarului-de-la-mogosoaia-si-ancheta-dna-la-primarie\\\/\"},\"wordCount\":536,\"publisher\":{\"@id\":\"https:\\\/\\\/buletin.de\\\/bucuresti\\\/#organization\"},\"image\":{\"@id\":\"https:\\\/\\\/buletin.de\\\/bucuresti\\\/usr-vrea-demiterea-primarului-de-la-mogosoaia-si-ancheta-dna-la-primarie\\\/#primaryimage\"},\"thumbnailUrl\":\"https:\\\/\\\/buletin.de\\\/bucuresti\\\/wp-content\\\/uploads\\\/ciolos.png\",\"keywords\":[\"demitere\",\"dna\",\"mogosoaia\",\"precup\"],\"articleSection\":[\"\u0218tiri\"],\"inLanguage\":\"en-GB\",\"copyrightYear\":\"2022\",\"copyrightHolder\":{\"@id\":\"https:\\\/\\\/buletin.de\\\/bucuresti\\\/#organization\"}},{\"@type\":\"WebPage\",\"@id\":\"https:\\\/\\\/buletin.de\\\/bucuresti\\\/usr-vrea-demiterea-primarului-de-la-mogosoaia-si-ancheta-dna-la-primarie\\\/\",\"url\":\"https:\\\/\\\/buletin.de\\\/bucuresti\\\/usr-vrea-demiterea-primarului-de-la-mogosoaia-si-ancheta-dna-la-primarie\\\/\",\"name\":\"USR vrea demiterea primarului de la Mogo\u0219oaia \u0219i anchet\u0103 DNA la Prim\u0103rie - Buletin de Bucure\u0219ti\",\"isPartOf\":{\"@id\":\"https:\\\/\\\/buletin.de\\\/bucuresti\\\/#website\"},\"primaryImageOfPage\":{\"@id\":\"https:\\\/\\\/buletin.de\\\/bucuresti\\\/usr-vrea-demiterea-primarului-de-la-mogosoaia-si-ancheta-dna-la-primarie\\\/#primaryimage\"},\"image\":{\"@id\":\"https:\\\/\\\/buletin.de\\\/bucuresti\\\/usr-vrea-demiterea-primarului-de-la-mogosoaia-si-ancheta-dna-la-primarie\\\/#primaryimage\"},\"thumbnailUrl\":\"https:\\\/\\\/buletin.de\\\/bucuresti\\\/wp-content\\\/uploads\\\/ciolos.png\",\"datePublished\":\"2022-01-31T12:26:22+00:00\",\"dateModified\":\"2022-01-31T12:39:43+00:00\",\"breadcrumb\":{\"@id\":\"https:\\\/\\\/buletin.de\\\/bucuresti\\\/usr-vrea-demiterea-primarului-de-la-mogosoaia-si-ancheta-dna-la-primarie\\\/#breadcrumb\"},\"inLanguage\":\"en-GB\",\"potentialAction\":[{\"@type\":\"ReadAction\",\"target\":[\"https:\\\/\\\/buletin.de\\\/bucuresti\\\/usr-vrea-demiterea-primarului-de-la-mogosoaia-si-ancheta-dna-la-primarie\\\/\"]}]},{\"@type\":\"ImageObject\",\"inLanguage\":\"en-GB\",\"@id\":\"https:\\\/\\\/buletin.de\\\/bucuresti\\\/usr-vrea-demiterea-primarului-de-la-mogosoaia-si-ancheta-dna-la-primarie\\\/#primaryimage\",\"url\":\"https:\\\/\\\/buletin.de\\\/bucuresti\\\/wp-content\\\/uploads\\\/ciolos.png\",\"contentUrl\":\"https:\\\/\\\/buletin.de\\\/bucuresti\\\/wp-content\\\/uploads\\\/ciolos.png\",\"width\":837,\"height\":427},{\"@type\":\"BreadcrumbList\",\"@id\":\"https:\\\/\\\/buletin.de\\\/bucuresti\\\/usr-vrea-demiterea-primarului-de-la-mogosoaia-si-ancheta-dna-la-primarie\\\/#breadcrumb\",\"itemListElement\":[{\"@type\":\"ListItem\",\"position\":1,\"name\":\"Acas\u0103\",\"item\":\"https:\\\/\\\/buletin.de\\\/bucuresti\\\/\"},{\"@type\":\"ListItem\",\"position\":2,\"name\":\"USR vrea demiterea primarului de la Mogo\u0219oaia \u0219i anchet\u0103 DNA la Prim\u0103rie\"}]},{\"@type\":\"WebSite\",\"@id\":\"https:\\\/\\\/buletin.de\\\/bucuresti\\\/#website\",\"url\":\"https:\\\/\\\/buletin.de\\\/bucuresti\\\/\",\"name\":\"Buletin de Bucure\u0219ti\",\"description\":\"\u0218tiri \u0219i investiga\u021bii esen\u021biale din capital\u0103\",\"publisher\":{\"@id\":\"https:\\\/\\\/buletin.de\\\/bucuresti\\\/#organization\"},\"potentialAction\":[{\"@type\":\"SearchAction\",\"target\":{\"@type\":\"EntryPoint\",\"urlTemplate\":\"https:\\\/\\\/buletin.de\\\/bucuresti\\\/?s={search_term_string}\"},\"query-input\":{\"@type\":\"PropertyValueSpecification\",\"valueRequired\":true,\"valueName\":\"search_term_string\"}}],\"inLanguage\":\"en-GB\"},{\"@type\":\"Organization\",\"@id\":\"https:\\\/\\\/buletin.de\\\/bucuresti\\\/#organization\",\"name\":\"Buletin de Bucure\u0219ti\",\"url\":\"https:\\\/\\\/buletin.de\\\/bucuresti\\\/\",\"logo\":{\"@type\":\"ImageObject\",\"inLanguage\":\"en-GB\",\"@id\":\"https:\\\/\\\/buletin.de\\\/bucuresti\\\/#\\\/schema\\\/logo\\\/image\\\/\",\"url\":\"https:\\\/\\\/buletin.de\\\/bucuresti\\\/wp-content\\\/uploads\\\/logo-bdb-full-wide-vernil-transparent.png\",\"contentUrl\":\"https:\\\/\\\/buletin.de\\\/bucuresti\\\/wp-content\\\/uploads\\\/logo-bdb-full-wide-vernil-transparent.png\",\"width\":1782,\"height\":626,\"caption\":\"Buletin de Bucure\u0219ti\"},\"image\":{\"@id\":\"https:\\\/\\\/buletin.de\\\/bucuresti\\\/#\\\/schema\\\/logo\\\/image\\\/\"},\"sameAs\":[\"https:\\\/\\\/www.facebook.com\\\/buletin.de.buc\",\"https:\\\/\\\/www.instagram.com\\\/buletinde.bucuresti\\\/\"]},{\"@type\":\"Person\",\"@id\":\"https:\\\/\\\/buletin.de\\\/bucuresti\\\/#\\\/schema\\\/person\\\/d369d7ddc775abece205795e0b804614\",\"name\":\"Teodora Stroe\",\"image\":{\"@type\":\"ImageObject\",\"inLanguage\":\"en-GB\",\"@id\":\"https:\\\/\\\/secure.gravatar.com\\\/avatar\\\/2560b4cd9f5f1bc100b123158e657d75584bd1c3e1d9c69285720b9457c1b78d?s=96&d=monsterid&r=gc104800242ba5f2d78dd5d7dc4df08b6\",\"url\":\"https:\\\/\\\/secure.gravatar.com\\\/avatar\\\/2560b4cd9f5f1bc100b123158e657d75584bd1c3e1d9c69285720b9457c1b78d?s=96&d=monsterid&r=g\",\"contentUrl\":\"https:\\\/\\\/secure.gravatar.com\\\/avatar\\\/2560b4cd9f5f1bc100b123158e657d75584bd1c3e1d9c69285720b9457c1b78d?s=96&d=monsterid&r=g\",\"caption\":\"Teodora Stroe\"},\"url\":\"https:\\\/\\\/buletin.de\\\/bucuresti\\\/author\\\/simonacarlugea\\\/\"}]}<\/script>\n<!-- \/ Yoast SEO Premium plugin. -->","yoast_head_json":{"title":"USR vrea demiterea primarului de la Mogo\u0219oaia \u0219i anchet\u0103 DNA la Prim\u0103rie - Buletin de Bucure\u0219ti","robots":{"index":"index","follow":"follow","max-snippet":"max-snippet:-1","max-image-preview":"max-image-preview:large","max-video-preview":"max-video-preview:-1"},"canonical":"https:\/\/buletin.de\/bucuresti\/usr-vrea-demiterea-primarului-de-la-mogosoaia-si-ancheta-dna-la-primarie\/","og_locale":"en_GB","og_type":"article","og_title":"USR vrea demiterea primarului de la Mogo\u0219oaia \u0219i anchet\u0103 DNA la Prim\u0103rie","og_description":"Pre\u0219edintele USR, Dacian Ciolo\u0219, a anun\u021bat \u00eenceperea procedurii de demitere a primarului din Mogo\u0219oaia, Paul Precup. Membrii filialei locale a partidului vor demara str\u00e2ngerea de semn\u0103turi, prima etap\u0103 din procedura legal\u0103. Ciolo\u0219 a mai declarat \u0219i c\u0103 partidul s\u0103u va depune o pl\u00e2ngere la DNA pentru modul \u00een care s-au f\u0103cut exproprierile de la Mogo\u0219oaia. [&hellip;]","og_url":"https:\/\/buletin.de\/bucuresti\/usr-vrea-demiterea-primarului-de-la-mogosoaia-si-ancheta-dna-la-primarie\/","og_site_name":"Buletin de Bucure\u0219ti","article_publisher":"https:\/\/www.facebook.com\/buletin.de.buc","article_published_time":"2022-01-31T12:26:22+00:00","article_modified_time":"2022-01-31T12:39:43+00:00","og_image":[{"width":837,"height":427,"url":"https:\/\/buletin.de\/bucuresti\/wp-content\/uploads\/ciolos.png","type":"image\/png"}],"author":"Teodora Stroe","twitter_card":"summary_large_image","twitter_misc":{"Written by":"Teodora Stroe","Estimated reading time":"3 minutes"},"schema":{"@context":"https:\/\/schema.org","@graph":[{"@type":"Article","@id":"https:\/\/buletin.de\/bucuresti\/usr-vrea-demiterea-primarului-de-la-mogosoaia-si-ancheta-dna-la-primarie\/#article","isPartOf":{"@id":"https:\/\/buletin.de\/bucuresti\/usr-vrea-demiterea-primarului-de-la-mogosoaia-si-ancheta-dna-la-primarie\/"},"author":{"name":"Teodora Stroe","@id":"https:\/\/buletin.de\/bucuresti\/#\/schema\/person\/d369d7ddc775abece205795e0b804614"},"headline":"USR vrea demiterea primarului de la Mogo\u0219oaia \u0219i anchet\u0103 DNA la Prim\u0103rie","datePublished":"2022-01-31T12:26:22+00:00","dateModified":"2022-01-31T12:39:43+00:00","mainEntityOfPage":{"@id":"https:\/\/buletin.de\/bucuresti\/usr-vrea-demiterea-primarului-de-la-mogosoaia-si-ancheta-dna-la-primarie\/"},"wordCount":536,"publisher":{"@id":"https:\/\/buletin.de\/bucuresti\/#organization"},"image":{"@id":"https:\/\/buletin.de\/bucuresti\/usr-vrea-demiterea-primarului-de-la-mogosoaia-si-ancheta-dna-la-primarie\/#primaryimage"},"thumbnailUrl":"https:\/\/buletin.de\/bucuresti\/wp-content\/uploads\/ciolos.png","keywords":["demitere","dna","mogosoaia","precup"],"articleSection":["\u0218tiri"],"inLanguage":"en-GB","copyrightYear":"2022","copyrightHolder":{"@id":"https:\/\/buletin.de\/bucuresti\/#organization"}},{"@type":"WebPage","@id":"https:\/\/buletin.de\/bucuresti\/usr-vrea-demiterea-primarului-de-la-mogosoaia-si-ancheta-dna-la-primarie\/","url":"https:\/\/buletin.de\/bucuresti\/usr-vrea-demiterea-primarului-de-la-mogosoaia-si-ancheta-dna-la-primarie\/","name":"USR vrea demiterea primarului de la Mogo\u0219oaia \u0219i anchet\u0103 DNA la Prim\u0103rie - Buletin de Bucure\u0219ti","isPartOf":{"@id":"https:\/\/buletin.de\/bucuresti\/#website"},"primaryImageOfPage":{"@id":"https:\/\/buletin.de\/bucuresti\/usr-vrea-demiterea-primarului-de-la-mogosoaia-si-ancheta-dna-la-primarie\/#primaryimage"},"image":{"@id":"https:\/\/buletin.de\/bucuresti\/usr-vrea-demiterea-primarului-de-la-mogosoaia-si-ancheta-dna-la-primarie\/#primaryimage"},"thumbnailUrl":"https:\/\/buletin.de\/bucuresti\/wp-content\/uploads\/ciolos.png","datePublished":"2022-01-31T12:26:22+00:00","dateModified":"2022-01-31T12:39:43+00:00","breadcrumb":{"@id":"https:\/\/buletin.de\/bucuresti\/usr-vrea-demiterea-primarului-de-la-mogosoaia-si-ancheta-dna-la-primarie\/#breadcrumb"},"inLanguage":"en-GB","potentialAction":[{"@type":"ReadAction","target":["https:\/\/buletin.de\/bucuresti\/usr-vrea-demiterea-primarului-de-la-mogosoaia-si-ancheta-dna-la-primarie\/"]}]},{"@type":"ImageObject","inLanguage":"en-GB","@id":"https:\/\/buletin.de\/bucuresti\/usr-vrea-demiterea-primarului-de-la-mogosoaia-si-ancheta-dna-la-primarie\/#primaryimage","url":"https:\/\/buletin.de\/bucuresti\/wp-content\/uploads\/ciolos.png","contentUrl":"https:\/\/buletin.de\/bucuresti\/wp-content\/uploads\/ciolos.png","width":837,"height":427},{"@type":"BreadcrumbList","@id":"https:\/\/buletin.de\/bucuresti\/usr-vrea-demiterea-primarului-de-la-mogosoaia-si-ancheta-dna-la-primarie\/#breadcrumb","itemListElement":[{"@type":"ListItem","position":1,"name":"Acas\u0103","item":"https:\/\/buletin.de\/bucuresti\/"},{"@type":"ListItem","position":2,"name":"USR vrea demiterea primarului de la Mogo\u0219oaia \u0219i anchet\u0103 DNA la Prim\u0103rie"}]},{"@type":"WebSite","@id":"https:\/\/buletin.de\/bucuresti\/#website","url":"https:\/\/buletin.de\/bucuresti\/","name":"Buletin de Bucure\u0219ti","description":"\u0218tiri \u0219i investiga\u021bii esen\u021biale din capital\u0103","publisher":{"@id":"https:\/\/buletin.de\/bucuresti\/#organization"},"potentialAction":[{"@type":"SearchAction","target":{"@type":"EntryPoint","urlTemplate":"https:\/\/buletin.de\/bucuresti\/?s={search_term_string}"},"query-input":{"@type":"PropertyValueSpecification","valueRequired":true,"valueName":"search_term_string"}}],"inLanguage":"en-GB"},{"@type":"Organization","@id":"https:\/\/buletin.de\/bucuresti\/#organization","name":"Buletin de Bucure\u0219ti","url":"https:\/\/buletin.de\/bucuresti\/","logo":{"@type":"ImageObject","inLanguage":"en-GB","@id":"https:\/\/buletin.de\/bucuresti\/#\/schema\/logo\/image\/","url":"https:\/\/buletin.de\/bucuresti\/wp-content\/uploads\/logo-bdb-full-wide-vernil-transparent.png","contentUrl":"https:\/\/buletin.de\/bucuresti\/wp-content\/uploads\/logo-bdb-full-wide-vernil-transparent.png","width":1782,"height":626,"caption":"Buletin de Bucure\u0219ti"},"image":{"@id":"https:\/\/buletin.de\/bucuresti\/#\/schema\/logo\/image\/"},"sameAs":["https:\/\/www.facebook.com\/buletin.de.buc","https:\/\/www.instagram.com\/buletinde.bucuresti\/"]},{"@type":"Person","@id":"https:\/\/buletin.de\/bucuresti\/#\/schema\/person\/d369d7ddc775abece205795e0b804614","name":"Teodora Stroe","image":{"@type":"ImageObject","inLanguage":"en-GB","@id":"https:\/\/secure.gravatar.com\/avatar\/2560b4cd9f5f1bc100b123158e657d75584bd1c3e1d9c69285720b9457c1b78d?s=96&d=monsterid&r=gc104800242ba5f2d78dd5d7dc4df08b6","url":"https:\/\/secure.gravatar.com\/avatar\/2560b4cd9f5f1bc100b123158e657d75584bd1c3e1d9c69285720b9457c1b78d?s=96&d=monsterid&r=g","contentUrl":"https:\/\/secure.gravatar.com\/avatar\/2560b4cd9f5f1bc100b123158e657d75584bd1c3e1d9c69285720b9457c1b78d?s=96&d=monsterid&r=g","caption":"Teodora Stroe"},"url":"https:\/\/buletin.de\/bucuresti\/author\/simonacarlugea\/"}]}},"authors":[{"term_id":22579,"user_id":18,"is_guest":0,"slug":"simonacarlugea","display_name":"Teodora Stroe","avatar_url":"https:\/\/secure.gravatar.com\/avatar\/2560b4cd9f5f1bc100b123158e657d75584bd1c3e1d9c69285720b9457c1b78d?s=96&d=monsterid&r=g","0":null,"1":"","2":"","3":"","4":"","5":"","6":"","7":"","8":""}],"_links":{"self":[{"href":"https:\/\/buletin.de\/bucuresti\/wp-json\/wp\/v2\/posts\/38184","targetHints":{"allow":["GET"]}}],"collection":[{"href":"https:\/\/buletin.de\/bucuresti\/wp-json\/wp\/v2\/posts"}],"about":[{"href":"https:\/\/buletin.de\/bucuresti\/wp-json\/wp\/v2\/types\/post"}],"author":[{"embeddable":true,"href":"https:\/\/buletin.de\/bucuresti\/wp-json\/wp\/v2\/users\/18"}],"replies":[{"embeddable":true,"href":"https:\/\/buletin.de\/bucuresti\/wp-json\/wp\/v2\/comments?post=38184"}],"version-history":[{"count":10,"href":"https:\/\/buletin.de\/bucuresti\/wp-json\/wp\/v2\/posts\/38184\/revisions"}],"predecessor-version":[{"id":38202,"href":"https:\/\/buletin.de\/bucuresti\/wp-json\/wp\/v2\/posts\/38184\/revisions\/38202"}],"wp:featuredmedia":[{"embeddable":true,"href":"https:\/\/buletin.de\/bucuresti\/wp-json\/wp\/v2\/media\/38196"}],"wp:attachment":[{"href":"https:\/\/buletin.de\/bucuresti\/wp-json\/wp\/v2\/media?parent=38184"}],"wp:term":[{"taxonomy":"category","embeddable":true,"href":"https:\/\/buletin.de\/bucuresti\/wp-json\/wp\/v2\/categories?post=38184"},{"taxonomy":"post_tag","embeddable":true,"href":"https:\/\/buletin.de\/bucuresti\/wp-json\/wp\/v2\/tags?post=38184"},{"taxonomy":"author","embeddable":true,"href":"https:\/\/buletin.de\/bucuresti\/wp-json\/wp\/v2\/ppma_author?post=38184"}],"curies":[{"name":"wp","href":"https:\/\/api.w.org\/{rel}","templated":true}]}}