{"id":38145,"date":"2022-01-31T12:57:23","date_gmt":"2022-01-31T10:57:23","guid":{"rendered":"https:\/\/buletin.de\/bucuresti\/?p=38145"},"modified":"2022-01-31T12:57:25","modified_gmt":"2022-01-31T10:57:25","slug":"curtea-de-conturi-primariile-de-sector-au-platit-sute-de-mii-de-lei-pe-lucrari-de-reabilitare-a-blocurilor-sau-de-amenajare-a-parcarilor-facute-doar-pe-hartie","status":"publish","type":"post","link":"https:\/\/buletin.de\/bucuresti\/curtea-de-conturi-primariile-de-sector-au-platit-sute-de-mii-de-lei-pe-lucrari-de-reabilitare-a-blocurilor-sau-de-amenajare-a-parcarilor-facute-doar-pe-hartie\/","title":{"rendered":"Curtea de Conturi | Prim\u0103riile de sector au pl\u0103tit sute de mii de lei pe lucr\u0103ri de reabilitare a blocurilor sau de amenajare a parc\u0103rilor f\u0103cute doar pe h\u00e2rtie"},"content":{"rendered":"\n<p><em><strong>Cele mai recente rapoarte ale Cur\u021bii de Conturi arat\u0103 c\u0103 cinci dintre prim\u0103riile din Capital\u0103 au cheltuit bani pe lucr\u0103ri care, \u00een realitate, nu au fost prestate. Dintre toate prim\u0103riile de sector, cea din sectorul 5 a f\u0103cut cele mai mari pl\u0103\u021bi fictive: 1.1 milioane de lei pentru lucr\u0103ri de reabilitare termic\u0103 \u0219i de amenajare parc\u0103ri. O practic\u0103 comun\u0103 a firmelor care au beneficiat de bani \u00een plus a fost de a factura cantit\u0103\u021bi mai mari dec\u00e2t cele folosite \u00een mod real. <\/strong><\/em><\/p>\n\n\n\n<h2 class=\"wp-block-heading\">Sector 1- pl\u0103\u021bi nejustificate de 220 mii de lei<\/h2>\n\n\n\n<p>\u00cen toamna anului 2018, fostul primar al sectorului 1, Daniel Tudorache, a semnat un contract de peste un milion de lei pentru extinderea re\u021belei publice de canalizare pe strada Nuferilor. Doi ani mai t\u00e2rziu, firma Avi Prod Grup a primit din bugetul prim\u0103riei 220 de mii de lei necuveni\u021bi.<\/p>\n\n\n\n<p>Auditorii Cur\u021bii de Conturi au descoperit c\u0103 unele cantit\u0103\u021bi de lucr\u0103ri, precum s\u0103p\u0103tura manual\u0103 sau \u00eempr\u0103\u0219tierea cu lopata, au fost dublate. \u201eNumai \u00een cazul s\u0103p\u0103turii manuale, raportat la pre\u021bul unitar de 52.80 lei\/mc, rezult\u0103 o majorare nejustificat\u0103 a costului final al lucr\u0103rii cu 80.826,24 lei\u201d.<\/p>\n\n\n\n<p>Facturile pe care au fost \u00eenscrise cantit\u0103\u021bile duble au primit bun de plat\u0103 de la directorul Direc\u021biei de Investi\u021bii pe 17 septembrie 2020, la finalul mandatului lui Tudorache, cu c\u00e2teva zile \u00eenainte de alegerile locale.<\/p>\n\n\n\n<h2 class=\"wp-block-heading\">Sector 2 -pl\u0103\u021bi nejustificate de 62 de mii de lei<\/h2>\n\n\n\n<p>\u00cen 2020, Prim\u0103ria Sectorului 2 a acceptat s\u0103 pl\u0103teasc\u0103 lucr\u0103ri care nu au fost executate pe teren \u0219i pre\u021buri mai mari dec\u00e2t cele stabilite prin contract. Toate acestea, au ajuns la aproape 62 de mii de lei, arat\u0103 Curtea de Conturi.<\/p>\n\n\n\n<p>Din suma total\u0103, 4.721 de lei au fost achita\u021bi nejustificat pentru ni\u0219te lucr\u0103ri de reabilitare de blocuri care nu au avut loc \u00een realitate.<\/p>\n\n\n\n<blockquote class=\"wp-block-quote is-layout-flow wp-block-quote-is-layout-flow\"><p>\u201e\u00cen urma verific\u0103rii faptice a execu\u021biei lucr\u0103rilor s-a constatat c\u0103 pentru blocul 2 de la adresa men\u021bionat\u0103, entitatea a decontat lucr\u0103ri de reabilitare neexecutate la terasa orizontal\u0103 a blocului, mai mari cu 30 m.p. dec\u00e2t cele constatate pe teren \u00een urma m\u0103sur\u0103torilor efectuate\u201d.<\/p><cite>Raport Curtea de Conturi 2021<\/cite><\/blockquote>\n\n\n\n<p>Restul de 57 de mii de lei au ajuns la dou\u0103 firme care au c\u00e2\u0219tigat licita\u021bia pentru reabilitarea unui bloc din \u0218oseaua Pantelimon \u00een timpul fostei administra\u021bii condus\u0103 de Toader Mugur. Prim\u0103ria a ajuns s\u0103 scoat\u0103 din buzunar mai mul\u021bi bani dec\u00e2t s-a stabilit ini\u021bial \u00een contract, pl\u0103tind o manoper\u0103 majorat\u0103 nejustificativ \u0219i cheltuieli indirecte \u0219i profit de 5%, \u00een loc de 0%, respectiv 3.12%.<\/p>\n\n\n\n<p>Conform unui r\u0103spuns oferit Cur\u021bii de Conturi, func\u021bionarii responsabili de aceste pl\u0103\u021bi ilegale sus\u021bin c\u0103, de fapt, responsabilitatea revine firmei \u0219i inspectorului de zon\u0103 care se ocup\u0103 de verificarea situa\u021biilor de lucr\u0103ri cu realitatea din teren.&nbsp;<\/p>\n\n\n\n<p>P\u00e2n\u0103 \u00een momentul de fa\u021b\u0103, Prim\u0103ria Sectorului 2 a reu\u0219it s\u0103 ob\u021bin\u0103 \u00eenapoi doar cei 4.700 de lei.<\/p>\n\n\n\n<h2 class=\"wp-block-heading\">Sector 4 \u2013 pl\u0103\u021bi nejustificate de 155 de mii de lei<\/h2>\n\n\n\n<p>\u00cen 2020, primarul Daniel B\u0103lu\u021b\u0103 a pl\u0103tit 155 de mii de lei pentru amenajarea unor parc\u0103ri \u0219i spa\u021bii rutiere care, \u00een realitate, nu au fost amenajate. De exemplu, atunci c\u00e2nd auditorii s-au deplasat pe strada Panselelor pentru a verifica lucr\u0103rile, ei au descoperit c\u0103 firma a facturat cantit\u0103\u021bi mai mari dec\u00e2t cele constatate pe teren. Acela\u0219i lucru s-a \u00eent\u00e2mplat \u0219i pe str\u0103zile adiacente parc\u0103rii Tulnici.<\/p>\n\n\n\n<p>Cele mai mari pl\u0103\u021bi fictive au fost f\u0103cute, \u00eens\u0103, \u00een cadrul contractului de reabilitare a \u0218o\u0219. Giurgiului \u0219i Str. T\u0103tule\u0219ti. Prim\u0103ria a acceptat s\u0103 deconteze o suprafa\u021b\u0103 carosabil \u00een plus de sute de metri p\u0103tra\u021bi \u0219i a pl\u0103tit peste 125 de mii de lei.<\/p>\n\n\n\n<p><\/p>\n\n\n\n<div class=\"wp-block-image\"><figure class=\"aligncenter size-large is-resized\"><img fetchpriority=\"high\" decoding=\"async\" src=\"data:image\/gif;base64,R0lGODlhAQABAAAAACH5BAEKAAEALAAAAAABAAEAAAICTAEAOw==\" data-src=\"https:\/\/buletin.de\/bucuresti\/wp-content\/uploads\/Screenshot_2-9-900x278.jpg\" alt=\"\" class=\"wp-image-38146 lazyload\" width=\"900\" height=\"278\" data-sizes=\"auto\" data-srcset=\"https:\/\/buletin.de\/bucuresti\/wp-content\/uploads\/Screenshot_2-9-900x278.jpg 900w, https:\/\/buletin.de\/bucuresti\/wp-content\/uploads\/Screenshot_2-9-300x93.jpg 300w, https:\/\/buletin.de\/bucuresti\/wp-content\/uploads\/Screenshot_2-9-768x237.jpg 768w, https:\/\/buletin.de\/bucuresti\/wp-content\/uploads\/Screenshot_2-9-550x170.jpg 550w, https:\/\/buletin.de\/bucuresti\/wp-content\/uploads\/Screenshot_2-9-600x185.jpg 600w, https:\/\/buletin.de\/bucuresti\/wp-content\/uploads\/Screenshot_2-9.jpg 981w\" sizes=\"(max-width: 900px) 100vw, 900px\" \/><figcaption>Surs\u0103: Raport Curtea de Conturi <\/figcaption><\/figure><\/div>\n\n\n\n<p>Conform adresei trimise de Prim\u0103ria Sectorului 4 c\u0103tre Curtea de Conturi, motivul pentru care s-au f\u0103cut aceste pl\u0103\u021bi nejustificate este pentru c\u0103 \u201eactivitatea desf\u0103\u0219urat\u0103 \u00een cadrul Aparatului de Specialitate al Primarului Sectorului 4 a fost perturbat\u0103 de m\u0103surile dispuse la nivel central \u0219i local \u00een vederea dep\u0103\u0219irii situa\u021biei generate de pandemia Covid-19\u201d.<\/p>\n\n\n\n<p>Firma a returnat cei 155 de mii de lei, penalit\u0103\u021bile de \u00eent\u00e2rziere \u0219i dob\u00e2nzile aferente.<\/p>\n\n\n\n<h2 class=\"wp-block-heading\">Sector 5 \u2013 pl\u0103\u021bi nejustificate de peste un milion de lei<\/h2>\n\n\n\n<p>Dintre toate prim\u0103riile de sector, cea din sectorul 5 a f\u0103cut cele mai mari pl\u0103\u021bi fictive: 1.1 milioane de lei pentru lucr\u0103ri de reabilitare termic\u0103 \u0219i de amenajare parc\u0103ri care nu exist\u0103 pe teren.<\/p>\n\n\n\n<p>Cea mai mare parte din sum\u0103, 940 de mii de lei, a ajuns la firma Rotary Construc\u021bii, cea care se ocup\u0103 de reabilitarea termic\u0103 a imobilelor. Acest prejudiciu a fost posibil deoarece firma a facturat cantit\u0103\u021bi mai mari de lucr\u0103ri dec\u00e2t a efectuat pe teren, iar func\u021bionarii responsabili din prim\u0103rie au acceptat s\u0103 le deconteze f\u0103r\u0103 s\u0103 verifice care este situa\u021bia \u00een realitate.<\/p>\n\n\n\n<div class=\"wp-block-image\"><figure class=\"aligncenter size-large is-resized\"><img decoding=\"async\" src=\"data:image\/gif;base64,R0lGODlhAQABAAAAACH5BAEKAAEALAAAAAABAAEAAAICTAEAOw==\" data-src=\"https:\/\/buletin.de\/bucuresti\/wp-content\/uploads\/Screenshot_1-13-900x607.jpg\" alt=\"\" class=\"wp-image-38147 lazyload\" width=\"900\" height=\"607\" data-sizes=\"auto\" data-srcset=\"https:\/\/buletin.de\/bucuresti\/wp-content\/uploads\/Screenshot_1-13-900x607.jpg 900w, https:\/\/buletin.de\/bucuresti\/wp-content\/uploads\/Screenshot_1-13-300x202.jpg 300w, https:\/\/buletin.de\/bucuresti\/wp-content\/uploads\/Screenshot_1-13-768x518.jpg 768w, https:\/\/buletin.de\/bucuresti\/wp-content\/uploads\/Screenshot_1-13-550x371.jpg 550w, https:\/\/buletin.de\/bucuresti\/wp-content\/uploads\/Screenshot_1-13-742x500.jpg 742w, https:\/\/buletin.de\/bucuresti\/wp-content\/uploads\/Screenshot_1-13-600x404.jpg 600w, https:\/\/buletin.de\/bucuresti\/wp-content\/uploads\/Screenshot_1-13.jpg 954w\" sizes=\"(max-width: 900px) 100vw, 900px\" \/><\/figure><\/div>\n\n\n\n<div class=\"wp-block-image\"><figure class=\"aligncenter size-large is-resized\"><img decoding=\"async\" src=\"data:image\/gif;base64,R0lGODlhAQABAAAAACH5BAEKAAEALAAAAAABAAEAAAICTAEAOw==\" data-src=\"https:\/\/buletin.de\/bucuresti\/wp-content\/uploads\/Screenshot_3-2-900x219.jpg\" alt=\"\" class=\"wp-image-38148 lazyload\" width=\"900\" height=\"219\" data-sizes=\"auto\" data-srcset=\"https:\/\/buletin.de\/bucuresti\/wp-content\/uploads\/Screenshot_3-2-900x219.jpg 900w, https:\/\/buletin.de\/bucuresti\/wp-content\/uploads\/Screenshot_3-2-300x73.jpg 300w, https:\/\/buletin.de\/bucuresti\/wp-content\/uploads\/Screenshot_3-2-768x187.jpg 768w, https:\/\/buletin.de\/bucuresti\/wp-content\/uploads\/Screenshot_3-2-550x134.jpg 550w, https:\/\/buletin.de\/bucuresti\/wp-content\/uploads\/Screenshot_3-2-600x146.jpg 600w, https:\/\/buletin.de\/bucuresti\/wp-content\/uploads\/Screenshot_3-2.jpg 946w\" sizes=\"(max-width: 900px) 100vw, 900px\" \/><figcaption>Exemplu de cantit\u0103\u021bi facturate nejustificat<\/figcaption><\/figure><\/div>\n\n\n\n<p><\/p>\n\n\n\n<p>Primarul Cristian Popescu Piedone a transmis Cur\u021bii de Conturi c\u0103 \u201eerorile la care face\u021bi referire, respectiv realitatea cantit\u0103\u021bilor de lucr\u0103ri cu cele din teren, intr\u0103 \u00een atribu\u021biile exclusiv ale societ\u0103\u021bii de supervizare\u201d.<\/p>\n\n\n\n<p>Firma Rotary Construc\u021bii e responsabil\u0103 de reabilitarea termic\u0103 a peste 80 de imobile din sectorul 5, cu finan\u021bare din partea prim\u0103riei. Anul trecut, Inspectoratul de Stat \u00een Construc\u021bii a g\u0103sit <a href=\"https:\/\/buletin.de\/bucuresti\/nereguli-gasite-de-isc-la-blocul-incendiat-din-calea-rahovei-rotary-constructii-a-reabilitat-termic-peste-80-de-imobile-din-sectorul-5\/\">mai multe nereguli<\/a> la un bloc de pe Calea Rahovei unde a avut loc un incendiu care a afectat 24 de familii.<\/p>\n\n\n\n<p>Conducerea Rotary Construc\u021bii a refuzat s\u0103 comenteze. \u00centregul prejudiciu a fost recuperat \u00een timpul misiunii de audit, conform raportului Cur\u021bii de Control.<\/p>\n\n\n\n<p>Celelalte pl\u0103\u021bi nejustificate \u00een valoare de 169 de mii de lei au fost f\u0103cute chiar unei institu\u021bii din subordinea Prim\u0103riei Sectorului 5, anume Infrastructura DF5. De exemplu, auditorii au descoperit c\u0103 suprafa\u021ba real\u0103 a parc\u0103rii din Aleea Lere\u0219ti unde au avut loc lucr\u0103ri este de 405.64 mp, nu 450 mp, a\u0219a cum s-a acceptat la decontare.<\/p>\n\n\n\n<p>Mai mult, Infrastructura DF5 a facturat cantit\u0103\u021bi mai mari \u0219i pentru cur\u0103\u021barea amplasamentului, spargerea betonului sau montarea de borduri. Dup\u0103 ce auditorii au descoperit situa\u021bia, societatea a returnat banii primi\u021bi pentru servicii fictive.<\/p>\n\n\n\n<h2 class=\"wp-block-heading\">Sector 6 \u2013 pl\u0103\u021bi nejustificate de 63 de mii de lei<\/h2>\n\n\n\n<p>\u00cen 2020, Prim\u0103ria Sectorului 6 a efectuat lucr\u0103ri de reabilitare a sistemului rutier \u00een zonele Cr\u00e2nga\u0219i, Drumul Taberei \u0219i Militari, \u00een baza unui contract \u00eencheiat de fosta administra\u021bie condus\u0103 de Gabriel Mutu.<\/p>\n\n\n\n<p>Conform Cur\u021bii de Conturi, peste 63 de mii de lei pl\u0103ti\u021bi de prim\u0103rie au fost cheltui\u021bi degeaba, pe lucr\u0103ri care nu au avut loc \u00een realitate. Prim\u0103ria Sectorului 6 a transmis c\u0103 pl\u0103\u021bile au avut loc \u00een lunile februarie, august \u0219i decembrie 2020.<\/p>\n\n\n\n<p>Mai exact, firmele care au c\u00e2\u0219tigat licita\u021bia au facturat de dou\u0103 ori transportul a 6.496 de tone de p\u0103m\u00e2nt \u0219i moloz \u0219i manopera pentru \u00eenc\u0103rcarea acestora. Conform raportului, firma EM Prime Construct a emis o factura de stornare a sumei \u00eencasate necuvenit pe 27 octombrie 2021.<\/p>\n\n\n\n<p><\/p>\n\n\n\n<p>Surs\u0103 cover foto: <a href=\"https:\/\/www.facebook.com\/photo\/?fbid=2036449633153894&amp;set=pcb.2036453653153492\">Facebook Prim\u0103ria Sectorului 6<\/a><\/p>\n","protected":false},"excerpt":{"rendered":"<p>Cele mai recente rapoarte ale Cur\u021bii de Conturi arat\u0103 c\u0103 cinci dintre prim\u0103riile din Capital\u0103 au cheltuit bani pe lucr\u0103ri care, \u00een realitate, nu au fost prestate. Dintre toate prim\u0103riile de sector, cea din sectorul 5 a f\u0103cut cele mai mari pl\u0103\u021bi fictive: 1.1 milioane de lei pentru lucr\u0103ri de reabilitare termic\u0103 \u0219i de amenajare [&hellip;]<\/p>\n","protected":false},"author":6,"featured_media":38150,"comment_status":"closed","ping_status":"open","sticky":false,"template":"","format":"standard","meta":{"_acf_changed":false,"inline_featured_image":false,"ngg_post_thumbnail":0,"footnotes":""},"categories":[24],"tags":[518,3918,2130,308,229,765,188,523],"ppma_author":[22588],"class_list":["post-38145","post","type-post","status-publish","format-standard","has-post-thumbnail","hentry","category-primarie","tag-curtea-de-conturi","tag-primaria-sector","tag-primarii","tag-sector-1","tag-sector-2","tag-sector-4","tag-sector-5","tag-sector-6"],"acf":[],"yoast_head":"<!-- This site is optimized with the Yoast SEO Premium plugin v25.3 (Yoast SEO v27.5) - https:\/\/yoast.com\/product\/yoast-seo-premium-wordpress\/ -->\n<title>Curtea de Conturi | Prim\u0103riile de sector au pl\u0103tit sute de mii de lei pe lucr\u0103ri de reabilitare a blocurilor sau de amenajare a parc\u0103rilor f\u0103cute doar pe h\u00e2rtie - Buletin de Bucure\u0219ti<\/title>\n<meta name=\"robots\" content=\"index, follow, max-snippet:-1, max-image-preview:large, max-video-preview:-1\" \/>\n<link rel=\"canonical\" href=\"https:\/\/buletin.de\/bucuresti\/curtea-de-conturi-primariile-de-sector-au-platit-sute-de-mii-de-lei-pe-lucrari-de-reabilitare-a-blocurilor-sau-de-amenajare-a-parcarilor-facute-doar-pe-hartie\/\" \/>\n<meta property=\"og:locale\" content=\"en_GB\" \/>\n<meta property=\"og:type\" content=\"article\" \/>\n<meta property=\"og:title\" content=\"Curtea de Conturi | Prim\u0103riile de sector au pl\u0103tit sute de mii de lei pe lucr\u0103ri de reabilitare a blocurilor sau de amenajare a parc\u0103rilor f\u0103cute doar pe h\u00e2rtie\" \/>\n<meta property=\"og:description\" content=\"Cele mai recente rapoarte ale Cur\u021bii de Conturi arat\u0103 c\u0103 cinci dintre prim\u0103riile din Capital\u0103 au cheltuit bani pe lucr\u0103ri care, \u00een realitate, nu au fost prestate. Dintre toate prim\u0103riile de sector, cea din sectorul 5 a f\u0103cut cele mai mari pl\u0103\u021bi fictive: 1.1 milioane de lei pentru lucr\u0103ri de reabilitare termic\u0103 \u0219i de amenajare [&hellip;]\" \/>\n<meta property=\"og:url\" content=\"https:\/\/buletin.de\/bucuresti\/curtea-de-conturi-primariile-de-sector-au-platit-sute-de-mii-de-lei-pe-lucrari-de-reabilitare-a-blocurilor-sau-de-amenajare-a-parcarilor-facute-doar-pe-hartie\/\" \/>\n<meta property=\"og:site_name\" content=\"Buletin de Bucure\u0219ti\" \/>\n<meta property=\"article:publisher\" content=\"https:\/\/www.facebook.com\/buletin.de.buc\" \/>\n<meta property=\"article:published_time\" content=\"2022-01-31T10:57:23+00:00\" \/>\n<meta property=\"article:modified_time\" content=\"2022-01-31T10:57:25+00:00\" \/>\n<meta property=\"og:image\" content=\"https:\/\/buletin.de\/bucuresti\/wp-content\/uploads\/109632702_2036449636487227_5204339522452085748_n.jpg\" \/>\n\t<meta property=\"og:image:width\" content=\"2000\" \/>\n\t<meta property=\"og:image:height\" content=\"1333\" \/>\n\t<meta property=\"og:image:type\" content=\"image\/jpeg\" \/>\n<meta name=\"author\" content=\"Bianca Albu\" \/>\n<meta name=\"twitter:card\" content=\"summary_large_image\" \/>\n<meta name=\"twitter:label1\" content=\"Written by\" \/>\n\t<meta name=\"twitter:data1\" content=\"Bianca Albu\" \/>\n\t<meta name=\"twitter:label2\" content=\"Estimated reading time\" \/>\n\t<meta name=\"twitter:data2\" content=\"6 minutes\" \/>\n<script type=\"application\/ld+json\" class=\"yoast-schema-graph\">{\"@context\":\"https:\\\/\\\/schema.org\",\"@graph\":[{\"@type\":\"Article\",\"@id\":\"https:\\\/\\\/buletin.de\\\/bucuresti\\\/curtea-de-conturi-primariile-de-sector-au-platit-sute-de-mii-de-lei-pe-lucrari-de-reabilitare-a-blocurilor-sau-de-amenajare-a-parcarilor-facute-doar-pe-hartie\\\/#article\",\"isPartOf\":{\"@id\":\"https:\\\/\\\/buletin.de\\\/bucuresti\\\/curtea-de-conturi-primariile-de-sector-au-platit-sute-de-mii-de-lei-pe-lucrari-de-reabilitare-a-blocurilor-sau-de-amenajare-a-parcarilor-facute-doar-pe-hartie\\\/\"},\"author\":{\"name\":\"Bianca Albu\",\"@id\":\"https:\\\/\\\/buletin.de\\\/bucuresti\\\/#\\\/schema\\\/person\\\/295dc2228d2dc79294d636619468dc7f\"},\"headline\":\"Curtea de Conturi | Prim\u0103riile de sector au pl\u0103tit sute de mii de lei pe lucr\u0103ri de reabilitare a blocurilor sau de amenajare a parc\u0103rilor f\u0103cute doar pe h\u00e2rtie\",\"datePublished\":\"2022-01-31T10:57:23+00:00\",\"dateModified\":\"2022-01-31T10:57:25+00:00\",\"mainEntityOfPage\":{\"@id\":\"https:\\\/\\\/buletin.de\\\/bucuresti\\\/curtea-de-conturi-primariile-de-sector-au-platit-sute-de-mii-de-lei-pe-lucrari-de-reabilitare-a-blocurilor-sau-de-amenajare-a-parcarilor-facute-doar-pe-hartie\\\/\"},\"wordCount\":1238,\"publisher\":{\"@id\":\"https:\\\/\\\/buletin.de\\\/bucuresti\\\/#organization\"},\"image\":{\"@id\":\"https:\\\/\\\/buletin.de\\\/bucuresti\\\/curtea-de-conturi-primariile-de-sector-au-platit-sute-de-mii-de-lei-pe-lucrari-de-reabilitare-a-blocurilor-sau-de-amenajare-a-parcarilor-facute-doar-pe-hartie\\\/#primaryimage\"},\"thumbnailUrl\":\"https:\\\/\\\/buletin.de\\\/bucuresti\\\/wp-content\\\/uploads\\\/109632702_2036449636487227_5204339522452085748_n.jpg\",\"keywords\":[\"curtea de conturi\",\"primaria sector\",\"primarii\",\"Sector 1\",\"Sector 2\",\"Sector 4\",\"Sector 5\",\"Sector 6\"],\"articleSection\":[\"Prim\u0103rie\"],\"inLanguage\":\"en-GB\",\"copyrightYear\":\"2022\",\"copyrightHolder\":{\"@id\":\"https:\\\/\\\/buletin.de\\\/bucuresti\\\/#organization\"}},{\"@type\":\"WebPage\",\"@id\":\"https:\\\/\\\/buletin.de\\\/bucuresti\\\/curtea-de-conturi-primariile-de-sector-au-platit-sute-de-mii-de-lei-pe-lucrari-de-reabilitare-a-blocurilor-sau-de-amenajare-a-parcarilor-facute-doar-pe-hartie\\\/\",\"url\":\"https:\\\/\\\/buletin.de\\\/bucuresti\\\/curtea-de-conturi-primariile-de-sector-au-platit-sute-de-mii-de-lei-pe-lucrari-de-reabilitare-a-blocurilor-sau-de-amenajare-a-parcarilor-facute-doar-pe-hartie\\\/\",\"name\":\"Curtea de Conturi | Prim\u0103riile de sector au pl\u0103tit sute de mii de lei pe lucr\u0103ri de reabilitare a blocurilor sau de amenajare a parc\u0103rilor f\u0103cute doar pe h\u00e2rtie - Buletin de Bucure\u0219ti\",\"isPartOf\":{\"@id\":\"https:\\\/\\\/buletin.de\\\/bucuresti\\\/#website\"},\"primaryImageOfPage\":{\"@id\":\"https:\\\/\\\/buletin.de\\\/bucuresti\\\/curtea-de-conturi-primariile-de-sector-au-platit-sute-de-mii-de-lei-pe-lucrari-de-reabilitare-a-blocurilor-sau-de-amenajare-a-parcarilor-facute-doar-pe-hartie\\\/#primaryimage\"},\"image\":{\"@id\":\"https:\\\/\\\/buletin.de\\\/bucuresti\\\/curtea-de-conturi-primariile-de-sector-au-platit-sute-de-mii-de-lei-pe-lucrari-de-reabilitare-a-blocurilor-sau-de-amenajare-a-parcarilor-facute-doar-pe-hartie\\\/#primaryimage\"},\"thumbnailUrl\":\"https:\\\/\\\/buletin.de\\\/bucuresti\\\/wp-content\\\/uploads\\\/109632702_2036449636487227_5204339522452085748_n.jpg\",\"datePublished\":\"2022-01-31T10:57:23+00:00\",\"dateModified\":\"2022-01-31T10:57:25+00:00\",\"breadcrumb\":{\"@id\":\"https:\\\/\\\/buletin.de\\\/bucuresti\\\/curtea-de-conturi-primariile-de-sector-au-platit-sute-de-mii-de-lei-pe-lucrari-de-reabilitare-a-blocurilor-sau-de-amenajare-a-parcarilor-facute-doar-pe-hartie\\\/#breadcrumb\"},\"inLanguage\":\"en-GB\",\"potentialAction\":[{\"@type\":\"ReadAction\",\"target\":[\"https:\\\/\\\/buletin.de\\\/bucuresti\\\/curtea-de-conturi-primariile-de-sector-au-platit-sute-de-mii-de-lei-pe-lucrari-de-reabilitare-a-blocurilor-sau-de-amenajare-a-parcarilor-facute-doar-pe-hartie\\\/\"]}]},{\"@type\":\"ImageObject\",\"inLanguage\":\"en-GB\",\"@id\":\"https:\\\/\\\/buletin.de\\\/bucuresti\\\/curtea-de-conturi-primariile-de-sector-au-platit-sute-de-mii-de-lei-pe-lucrari-de-reabilitare-a-blocurilor-sau-de-amenajare-a-parcarilor-facute-doar-pe-hartie\\\/#primaryimage\",\"url\":\"https:\\\/\\\/buletin.de\\\/bucuresti\\\/wp-content\\\/uploads\\\/109632702_2036449636487227_5204339522452085748_n.jpg\",\"contentUrl\":\"https:\\\/\\\/buletin.de\\\/bucuresti\\\/wp-content\\\/uploads\\\/109632702_2036449636487227_5204339522452085748_n.jpg\",\"width\":2000,\"height\":1333},{\"@type\":\"BreadcrumbList\",\"@id\":\"https:\\\/\\\/buletin.de\\\/bucuresti\\\/curtea-de-conturi-primariile-de-sector-au-platit-sute-de-mii-de-lei-pe-lucrari-de-reabilitare-a-blocurilor-sau-de-amenajare-a-parcarilor-facute-doar-pe-hartie\\\/#breadcrumb\",\"itemListElement\":[{\"@type\":\"ListItem\",\"position\":1,\"name\":\"Acas\u0103\",\"item\":\"https:\\\/\\\/buletin.de\\\/bucuresti\\\/\"},{\"@type\":\"ListItem\",\"position\":2,\"name\":\"Curtea de Conturi | Prim\u0103riile de sector au pl\u0103tit sute de mii de lei pe lucr\u0103ri de reabilitare a blocurilor sau de amenajare a parc\u0103rilor f\u0103cute doar pe h\u00e2rtie\"}]},{\"@type\":\"WebSite\",\"@id\":\"https:\\\/\\\/buletin.de\\\/bucuresti\\\/#website\",\"url\":\"https:\\\/\\\/buletin.de\\\/bucuresti\\\/\",\"name\":\"Buletin de Bucure\u0219ti\",\"description\":\"\u0218tiri \u0219i investiga\u021bii esen\u021biale din capital\u0103\",\"publisher\":{\"@id\":\"https:\\\/\\\/buletin.de\\\/bucuresti\\\/#organization\"},\"potentialAction\":[{\"@type\":\"SearchAction\",\"target\":{\"@type\":\"EntryPoint\",\"urlTemplate\":\"https:\\\/\\\/buletin.de\\\/bucuresti\\\/?s={search_term_string}\"},\"query-input\":{\"@type\":\"PropertyValueSpecification\",\"valueRequired\":true,\"valueName\":\"search_term_string\"}}],\"inLanguage\":\"en-GB\"},{\"@type\":\"Organization\",\"@id\":\"https:\\\/\\\/buletin.de\\\/bucuresti\\\/#organization\",\"name\":\"Buletin de Bucure\u0219ti\",\"url\":\"https:\\\/\\\/buletin.de\\\/bucuresti\\\/\",\"logo\":{\"@type\":\"ImageObject\",\"inLanguage\":\"en-GB\",\"@id\":\"https:\\\/\\\/buletin.de\\\/bucuresti\\\/#\\\/schema\\\/logo\\\/image\\\/\",\"url\":\"https:\\\/\\\/buletin.de\\\/bucuresti\\\/wp-content\\\/uploads\\\/logo-bdb-full-wide-vernil-transparent.png\",\"contentUrl\":\"https:\\\/\\\/buletin.de\\\/bucuresti\\\/wp-content\\\/uploads\\\/logo-bdb-full-wide-vernil-transparent.png\",\"width\":1782,\"height\":626,\"caption\":\"Buletin de Bucure\u0219ti\"},\"image\":{\"@id\":\"https:\\\/\\\/buletin.de\\\/bucuresti\\\/#\\\/schema\\\/logo\\\/image\\\/\"},\"sameAs\":[\"https:\\\/\\\/www.facebook.com\\\/buletin.de.buc\",\"https:\\\/\\\/www.instagram.com\\\/buletinde.bucuresti\\\/\"]},{\"@type\":\"Person\",\"@id\":\"https:\\\/\\\/buletin.de\\\/bucuresti\\\/#\\\/schema\\\/person\\\/295dc2228d2dc79294d636619468dc7f\",\"name\":\"Bianca Albu\",\"image\":{\"@type\":\"ImageObject\",\"inLanguage\":\"en-GB\",\"@id\":\"https:\\\/\\\/secure.gravatar.com\\\/avatar\\\/3df2e34e20f529e6fd7be4311ee1f7c4ec4aa886971590baf6fa214b15743516?s=96&d=monsterid&r=gf541c715eeec409ce8101252a3c0d8a7\",\"url\":\"https:\\\/\\\/secure.gravatar.com\\\/avatar\\\/3df2e34e20f529e6fd7be4311ee1f7c4ec4aa886971590baf6fa214b15743516?s=96&d=monsterid&r=g\",\"contentUrl\":\"https:\\\/\\\/secure.gravatar.com\\\/avatar\\\/3df2e34e20f529e6fd7be4311ee1f7c4ec4aa886971590baf6fa214b15743516?s=96&d=monsterid&r=g\",\"caption\":\"Bianca Albu\"},\"description\":\"Reporter\",\"url\":\"https:\\\/\\\/buletin.de\\\/bucuresti\\\/author\\\/biancaalbu\\\/\"}]}<\/script>\n<!-- \/ Yoast SEO Premium plugin. -->","yoast_head_json":{"title":"Curtea de Conturi | Prim\u0103riile de sector au pl\u0103tit sute de mii de lei pe lucr\u0103ri de reabilitare a blocurilor sau de amenajare a parc\u0103rilor f\u0103cute doar pe h\u00e2rtie - Buletin de Bucure\u0219ti","robots":{"index":"index","follow":"follow","max-snippet":"max-snippet:-1","max-image-preview":"max-image-preview:large","max-video-preview":"max-video-preview:-1"},"canonical":"https:\/\/buletin.de\/bucuresti\/curtea-de-conturi-primariile-de-sector-au-platit-sute-de-mii-de-lei-pe-lucrari-de-reabilitare-a-blocurilor-sau-de-amenajare-a-parcarilor-facute-doar-pe-hartie\/","og_locale":"en_GB","og_type":"article","og_title":"Curtea de Conturi | Prim\u0103riile de sector au pl\u0103tit sute de mii de lei pe lucr\u0103ri de reabilitare a blocurilor sau de amenajare a parc\u0103rilor f\u0103cute doar pe h\u00e2rtie","og_description":"Cele mai recente rapoarte ale Cur\u021bii de Conturi arat\u0103 c\u0103 cinci dintre prim\u0103riile din Capital\u0103 au cheltuit bani pe lucr\u0103ri care, \u00een realitate, nu au fost prestate. Dintre toate prim\u0103riile de sector, cea din sectorul 5 a f\u0103cut cele mai mari pl\u0103\u021bi fictive: 1.1 milioane de lei pentru lucr\u0103ri de reabilitare termic\u0103 \u0219i de amenajare [&hellip;]","og_url":"https:\/\/buletin.de\/bucuresti\/curtea-de-conturi-primariile-de-sector-au-platit-sute-de-mii-de-lei-pe-lucrari-de-reabilitare-a-blocurilor-sau-de-amenajare-a-parcarilor-facute-doar-pe-hartie\/","og_site_name":"Buletin de Bucure\u0219ti","article_publisher":"https:\/\/www.facebook.com\/buletin.de.buc","article_published_time":"2022-01-31T10:57:23+00:00","article_modified_time":"2022-01-31T10:57:25+00:00","og_image":[{"width":2000,"height":1333,"url":"https:\/\/buletin.de\/bucuresti\/wp-content\/uploads\/109632702_2036449636487227_5204339522452085748_n.jpg","type":"image\/jpeg"}],"author":"Bianca Albu","twitter_card":"summary_large_image","twitter_misc":{"Written by":"Bianca Albu","Estimated reading time":"6 minutes"},"schema":{"@context":"https:\/\/schema.org","@graph":[{"@type":"Article","@id":"https:\/\/buletin.de\/bucuresti\/curtea-de-conturi-primariile-de-sector-au-platit-sute-de-mii-de-lei-pe-lucrari-de-reabilitare-a-blocurilor-sau-de-amenajare-a-parcarilor-facute-doar-pe-hartie\/#article","isPartOf":{"@id":"https:\/\/buletin.de\/bucuresti\/curtea-de-conturi-primariile-de-sector-au-platit-sute-de-mii-de-lei-pe-lucrari-de-reabilitare-a-blocurilor-sau-de-amenajare-a-parcarilor-facute-doar-pe-hartie\/"},"author":{"name":"Bianca Albu","@id":"https:\/\/buletin.de\/bucuresti\/#\/schema\/person\/295dc2228d2dc79294d636619468dc7f"},"headline":"Curtea de Conturi | Prim\u0103riile de sector au pl\u0103tit sute de mii de lei pe lucr\u0103ri de reabilitare a blocurilor sau de amenajare a parc\u0103rilor f\u0103cute doar pe h\u00e2rtie","datePublished":"2022-01-31T10:57:23+00:00","dateModified":"2022-01-31T10:57:25+00:00","mainEntityOfPage":{"@id":"https:\/\/buletin.de\/bucuresti\/curtea-de-conturi-primariile-de-sector-au-platit-sute-de-mii-de-lei-pe-lucrari-de-reabilitare-a-blocurilor-sau-de-amenajare-a-parcarilor-facute-doar-pe-hartie\/"},"wordCount":1238,"publisher":{"@id":"https:\/\/buletin.de\/bucuresti\/#organization"},"image":{"@id":"https:\/\/buletin.de\/bucuresti\/curtea-de-conturi-primariile-de-sector-au-platit-sute-de-mii-de-lei-pe-lucrari-de-reabilitare-a-blocurilor-sau-de-amenajare-a-parcarilor-facute-doar-pe-hartie\/#primaryimage"},"thumbnailUrl":"https:\/\/buletin.de\/bucuresti\/wp-content\/uploads\/109632702_2036449636487227_5204339522452085748_n.jpg","keywords":["curtea de conturi","primaria sector","primarii","Sector 1","Sector 2","Sector 4","Sector 5","Sector 6"],"articleSection":["Prim\u0103rie"],"inLanguage":"en-GB","copyrightYear":"2022","copyrightHolder":{"@id":"https:\/\/buletin.de\/bucuresti\/#organization"}},{"@type":"WebPage","@id":"https:\/\/buletin.de\/bucuresti\/curtea-de-conturi-primariile-de-sector-au-platit-sute-de-mii-de-lei-pe-lucrari-de-reabilitare-a-blocurilor-sau-de-amenajare-a-parcarilor-facute-doar-pe-hartie\/","url":"https:\/\/buletin.de\/bucuresti\/curtea-de-conturi-primariile-de-sector-au-platit-sute-de-mii-de-lei-pe-lucrari-de-reabilitare-a-blocurilor-sau-de-amenajare-a-parcarilor-facute-doar-pe-hartie\/","name":"Curtea de Conturi | Prim\u0103riile de sector au pl\u0103tit sute de mii de lei pe lucr\u0103ri de reabilitare a blocurilor sau de amenajare a parc\u0103rilor f\u0103cute doar pe h\u00e2rtie - Buletin de Bucure\u0219ti","isPartOf":{"@id":"https:\/\/buletin.de\/bucuresti\/#website"},"primaryImageOfPage":{"@id":"https:\/\/buletin.de\/bucuresti\/curtea-de-conturi-primariile-de-sector-au-platit-sute-de-mii-de-lei-pe-lucrari-de-reabilitare-a-blocurilor-sau-de-amenajare-a-parcarilor-facute-doar-pe-hartie\/#primaryimage"},"image":{"@id":"https:\/\/buletin.de\/bucuresti\/curtea-de-conturi-primariile-de-sector-au-platit-sute-de-mii-de-lei-pe-lucrari-de-reabilitare-a-blocurilor-sau-de-amenajare-a-parcarilor-facute-doar-pe-hartie\/#primaryimage"},"thumbnailUrl":"https:\/\/buletin.de\/bucuresti\/wp-content\/uploads\/109632702_2036449636487227_5204339522452085748_n.jpg","datePublished":"2022-01-31T10:57:23+00:00","dateModified":"2022-01-31T10:57:25+00:00","breadcrumb":{"@id":"https:\/\/buletin.de\/bucuresti\/curtea-de-conturi-primariile-de-sector-au-platit-sute-de-mii-de-lei-pe-lucrari-de-reabilitare-a-blocurilor-sau-de-amenajare-a-parcarilor-facute-doar-pe-hartie\/#breadcrumb"},"inLanguage":"en-GB","potentialAction":[{"@type":"ReadAction","target":["https:\/\/buletin.de\/bucuresti\/curtea-de-conturi-primariile-de-sector-au-platit-sute-de-mii-de-lei-pe-lucrari-de-reabilitare-a-blocurilor-sau-de-amenajare-a-parcarilor-facute-doar-pe-hartie\/"]}]},{"@type":"ImageObject","inLanguage":"en-GB","@id":"https:\/\/buletin.de\/bucuresti\/curtea-de-conturi-primariile-de-sector-au-platit-sute-de-mii-de-lei-pe-lucrari-de-reabilitare-a-blocurilor-sau-de-amenajare-a-parcarilor-facute-doar-pe-hartie\/#primaryimage","url":"https:\/\/buletin.de\/bucuresti\/wp-content\/uploads\/109632702_2036449636487227_5204339522452085748_n.jpg","contentUrl":"https:\/\/buletin.de\/bucuresti\/wp-content\/uploads\/109632702_2036449636487227_5204339522452085748_n.jpg","width":2000,"height":1333},{"@type":"BreadcrumbList","@id":"https:\/\/buletin.de\/bucuresti\/curtea-de-conturi-primariile-de-sector-au-platit-sute-de-mii-de-lei-pe-lucrari-de-reabilitare-a-blocurilor-sau-de-amenajare-a-parcarilor-facute-doar-pe-hartie\/#breadcrumb","itemListElement":[{"@type":"ListItem","position":1,"name":"Acas\u0103","item":"https:\/\/buletin.de\/bucuresti\/"},{"@type":"ListItem","position":2,"name":"Curtea de Conturi | Prim\u0103riile de sector au pl\u0103tit sute de mii de lei pe lucr\u0103ri de reabilitare a blocurilor sau de amenajare a parc\u0103rilor f\u0103cute doar pe h\u00e2rtie"}]},{"@type":"WebSite","@id":"https:\/\/buletin.de\/bucuresti\/#website","url":"https:\/\/buletin.de\/bucuresti\/","name":"Buletin de Bucure\u0219ti","description":"\u0218tiri \u0219i investiga\u021bii esen\u021biale din capital\u0103","publisher":{"@id":"https:\/\/buletin.de\/bucuresti\/#organization"},"potentialAction":[{"@type":"SearchAction","target":{"@type":"EntryPoint","urlTemplate":"https:\/\/buletin.de\/bucuresti\/?s={search_term_string}"},"query-input":{"@type":"PropertyValueSpecification","valueRequired":true,"valueName":"search_term_string"}}],"inLanguage":"en-GB"},{"@type":"Organization","@id":"https:\/\/buletin.de\/bucuresti\/#organization","name":"Buletin de Bucure\u0219ti","url":"https:\/\/buletin.de\/bucuresti\/","logo":{"@type":"ImageObject","inLanguage":"en-GB","@id":"https:\/\/buletin.de\/bucuresti\/#\/schema\/logo\/image\/","url":"https:\/\/buletin.de\/bucuresti\/wp-content\/uploads\/logo-bdb-full-wide-vernil-transparent.png","contentUrl":"https:\/\/buletin.de\/bucuresti\/wp-content\/uploads\/logo-bdb-full-wide-vernil-transparent.png","width":1782,"height":626,"caption":"Buletin de Bucure\u0219ti"},"image":{"@id":"https:\/\/buletin.de\/bucuresti\/#\/schema\/logo\/image\/"},"sameAs":["https:\/\/www.facebook.com\/buletin.de.buc","https:\/\/www.instagram.com\/buletinde.bucuresti\/"]},{"@type":"Person","@id":"https:\/\/buletin.de\/bucuresti\/#\/schema\/person\/295dc2228d2dc79294d636619468dc7f","name":"Bianca Albu","image":{"@type":"ImageObject","inLanguage":"en-GB","@id":"https:\/\/secure.gravatar.com\/avatar\/3df2e34e20f529e6fd7be4311ee1f7c4ec4aa886971590baf6fa214b15743516?s=96&d=monsterid&r=gf541c715eeec409ce8101252a3c0d8a7","url":"https:\/\/secure.gravatar.com\/avatar\/3df2e34e20f529e6fd7be4311ee1f7c4ec4aa886971590baf6fa214b15743516?s=96&d=monsterid&r=g","contentUrl":"https:\/\/secure.gravatar.com\/avatar\/3df2e34e20f529e6fd7be4311ee1f7c4ec4aa886971590baf6fa214b15743516?s=96&d=monsterid&r=g","caption":"Bianca Albu"},"description":"Reporter","url":"https:\/\/buletin.de\/bucuresti\/author\/biancaalbu\/"}]}},"authors":[{"term_id":22588,"user_id":6,"is_guest":0,"slug":"biancaalbu","display_name":"Bianca Albu","avatar_url":"https:\/\/secure.gravatar.com\/avatar\/3df2e34e20f529e6fd7be4311ee1f7c4ec4aa886971590baf6fa214b15743516?s=96&d=monsterid&r=g","0":null,"1":"","2":"","3":"","4":"","5":"","6":"","7":"","8":""}],"_links":{"self":[{"href":"https:\/\/buletin.de\/bucuresti\/wp-json\/wp\/v2\/posts\/38145","targetHints":{"allow":["GET"]}}],"collection":[{"href":"https:\/\/buletin.de\/bucuresti\/wp-json\/wp\/v2\/posts"}],"about":[{"href":"https:\/\/buletin.de\/bucuresti\/wp-json\/wp\/v2\/types\/post"}],"author":[{"embeddable":true,"href":"https:\/\/buletin.de\/bucuresti\/wp-json\/wp\/v2\/users\/6"}],"replies":[{"embeddable":true,"href":"https:\/\/buletin.de\/bucuresti\/wp-json\/wp\/v2\/comments?post=38145"}],"version-history":[{"count":6,"href":"https:\/\/buletin.de\/bucuresti\/wp-json\/wp\/v2\/posts\/38145\/revisions"}],"predecessor-version":[{"id":38168,"href":"https:\/\/buletin.de\/bucuresti\/wp-json\/wp\/v2\/posts\/38145\/revisions\/38168"}],"wp:featuredmedia":[{"embeddable":true,"href":"https:\/\/buletin.de\/bucuresti\/wp-json\/wp\/v2\/media\/38150"}],"wp:attachment":[{"href":"https:\/\/buletin.de\/bucuresti\/wp-json\/wp\/v2\/media?parent=38145"}],"wp:term":[{"taxonomy":"category","embeddable":true,"href":"https:\/\/buletin.de\/bucuresti\/wp-json\/wp\/v2\/categories?post=38145"},{"taxonomy":"post_tag","embeddable":true,"href":"https:\/\/buletin.de\/bucuresti\/wp-json\/wp\/v2\/tags?post=38145"},{"taxonomy":"author","embeddable":true,"href":"https:\/\/buletin.de\/bucuresti\/wp-json\/wp\/v2\/ppma_author?post=38145"}],"curies":[{"name":"wp","href":"https:\/\/api.w.org\/{rel}","templated":true}]}}