{"id":38092,"date":"2022-01-29T13:22:29","date_gmt":"2022-01-29T11:22:29","guid":{"rendered":"https:\/\/buletin.de\/bucuresti\/?p=38092"},"modified":"2025-05-05T05:16:08","modified_gmt":"2025-05-05T02:16:08","slug":"editorial-cnezatul-faradelegilor-de-langa-bucuresti-de-le-sectorul-0-din-mogosoaia-la-kilometrul-0-al-coruptiei-din-romania","status":"publish","type":"post","link":"https:\/\/buletin.de\/bucuresti\/editorial-cnezatul-faradelegilor-de-langa-bucuresti-de-le-sectorul-0-din-mogosoaia-la-kilometrul-0-al-coruptiei-din-romania\/","title":{"rendered":"EDITORIAL | Cnezatul f\u0103r\u0103delegilor de l\u00e2ng\u0103 Bucure\u015fti. De la \u201eSectorul 0\u201d din Mogo\u015foaia, la \u201eKilometrul 0\u201d al corup\u021biei din Rom\u00e2nia"},"content":{"rendered":"\n<p><strong>Singurul jude\u021b din Rom\u00e2nia f\u0103r\u0103 re\u0219edin\u021b\u0103 \u00een sens practic a furnizat, cel pu\u021bin \u00een ultimii ani, cazuri \u201e\u0219coal\u0103\u201d despre cum o autonomie invizibil\u0103 poate s\u0103 dep\u0103\u0219easc\u0103 sfera penalului, sau cea a bunului sim\u021b unanim acceptat, f\u0103r\u0103 nicio consecin\u021b\u0103.<\/strong><\/p>\n\n\n\n<p>Poate ca mul\u021bi dintre cei care citesc aceste r\u00e2nduri nu \u015fi-l aduc aminte sau nu-l \u015ftiu <a href=\"https:\/\/buletin.de\/bucuresti\/video-consilier-ales-din-ciolpani-batut-pe-strada-in-timp-ce-transmitea-live-pe-facebook\/\">pe consilierul independent din Ciolpani b\u0103tut live pe Facebook, dup\u0103 campania din 2020.<\/a><\/p>\n\n\n\n<iframe width=\"560\" height=\"315\" src=\"https:\/\/www.youtube.com\/embed\/kxcJkho19Xk\" title=\"YouTube video player\" frameborder=\"0\" allow=\"accelerometer; autoplay; clipboard-write; encrypted-media; gyroscope; picture-in-picture\" allowfullscreen=\"\"><\/iframe>\n\n\n\n<p>Recent, la Mogo\u0219oaia, <a href=\"https:\/\/buletin.de\/bucuresti\/va-las-in-carut-cu-rotile-chiar-daca-ma-duc-la-puscarie-amenintari-mafiote-ale-unui-consilier-local-pnl-catre-colega-sa-de-la-usr-la-mogosoaia\/\">un episod r\u0103mas, din fericire, doar la capitolul scenariu,<\/a> al c\u0103rui protagonist a reu\u0219it \u00een vremuri capitaliste s\u0103 v\u00e2nd\u0103 mici \u00een franzel\u0103 la margine de&nbsp;DN1A, a ajuns consilier local cu patalama \u00een jurnalele de \u0219tiri na\u021bionale care p\u00e2n\u0103 de cur\u00e2nd, furnizau, zonal, doar informa\u021bii despre arderile ilegale din Ilfov sau cartiere \u00een noroaie. <\/p>\n\n\n\n<p>\u00cen realitate \u00eens\u0103, arderile \u015fi n\u0103molul \u021bin de statul de drept, de Codul Penal \u0219i legea nescris\u0103 a lui \u201eOm\u201d. Adic\u0103 \u201ee\u0219ti om cu mine, sunt om cu tine\u201d. Aceast\u0103 ultima alegorie reprezint\u0103 legea de c\u0103p\u0103t\u00e2i la nivelul administra\u021biei publice din jude\u021bul Ilfov. \u201e<em>Vrei c\u0103ru\u0163 cu rotile? M\u0103 recomand pe mine, c\u0103ci \u0219tiu ce familie ai pentru c\u0103 am acces nestingherit la date sensibile din prim\u0103rie \u0219i voi avea doar necazuri din categoria \u201eretragerea func\u021biilor de conducere&#8221;, f\u0103r\u0103 sa p\u0103\u021besc nimic de fapt.<\/em>\u201d<\/p>\n\n\n\n<iframe width=\"560\" height=\"315\" src=\"https:\/\/www.youtube.com\/embed\/ytb02mBzsY4\" title=\"YouTube video player\" frameborder=\"0\" allow=\"accelerometer; autoplay; clipboard-write; encrypted-media; gyroscope; picture-in-picture\" allowfullscreen=\"\"><\/iframe>\n\n\n\n<p>Ilfov, sau SAI (Sectorul Agricol Ilfov), ar putea s\u0103 fie studiu de caz pentru majoritatea \u0219colilor de urbanism din lume. O relicv\u0103 a scelara\u0163ilor din Comitetul Central, \u00een frunte cu Basca Suprem\u0103, a ajuns dup\u0103 &#8217;89 s\u0103 stabileasc\u0103 axiome \u00een materie de imobiliare \u015fi, mai nou, <a href=\"https:\/\/buletin.de\/bucuresti\/teorema-precup-doua-treimi-din-15-fac-9-99-10-consilieri-locali-din-mogosoaia-au-fost-de-acord\/\">\u00een matematic\u0103.<\/a><\/p>\n\n\n\n<p>Regulile sunt simple: dup\u0103 \u00eempropriet\u0103riri \u00een anii \u201890 prin declara\u021bii de martori-prieteni, c\u0103ci titlurile de proprietate fie nu au existat, fie au fost inventate, nababii zonei au ajuns s\u0103-\u0219i v\u00e2nd\u0103 cur\u021bile bunicilor sau pogoane din V\u00e2ntul B\u0103r\u0103ganului populate de iepuri sau fazani la pre\u0163uri de Champs-\u00c9lys\u00e9es. Pentru c\u0103 la mijloc nu e vorba dec\u00e2t de milionari &#8220;de \u021b\u0103r\u00e2n\u0103&#8221;, nici m\u0103car &#8220;de carton&#8221;, care au f\u0103cut bani din nimic \u0219i pe care nu au reu\u0219it s\u0103-i cheltuiasc\u0103 nici \u00een al 12-lea ceas cu cap. Dup\u0103 ce i-au spart pe ma\u015fini cu cai putere mai mari dec\u00e2t bunul simt, \u015fi-au construit, invariabil, re\u0163ele de g\u0103\u015fti, sau clanuri, dac\u0103 vre\u0163i. <\/p>\n\n\n\n<p>Cei mai pu\u0163in poten\u021bi dintre ei au ajuns primari. Acesta este tabloul general.<\/p>\n\n\n\n<h2 class=\"wp-block-heading\" id=\"h-cazul-garzii-de-mediu\">Cazul G\u0103rzii de Mediu<\/h2>\n\n\n\n<p>N\u0103scut \u015fi crescut \u00een G\u0103neasa, \u0219eful G\u0103rzii de Mediu Ilfov ocup\u0103 de mai bine de 10 ani aceast\u0103 func\u0163ie. Asta de\u0219i Buletin de Bucure\u0219ti a documentat \u0219i dezv\u0103luit cum, \u00een calitate de protector al statului rom\u00e2n \u00een materie de legisla\u021bie de mediu, <a href=\"https:\/\/buletin.de\/bucuresti\/afacerea-murdara-a-sefului-garzii-de-mediu-ilfov-dna-l-a-spalat-de-coruptie-dupa-ce-vidanjele-sale-au-incarcat-levigat-de-la-groapa-de-gunoi-din-vidra-si-l-au-varsat-in-raul-arges\/\">a pus pe picioare \u0219i controlat o afacere cu vidanje care a scos levigat de la groapa de gunoi din Vidra \u0219i l-a v\u0103rsat \u00een R\u00e2ul Arge\u0219.<\/a>&nbsp;<\/p>\n\n\n\n<iframe width=\"560\" height=\"315\" src=\"https:\/\/www.youtube.com\/embed\/YvEUWw3E5wk\" title=\"YouTube video player\" frameborder=\"0\" allow=\"accelerometer; autoplay; clipboard-write; encrypted-media; gyroscope; picture-in-picture\" allowfullscreen=\"\"><\/iframe>\n\n\n\n<p>Repet, profesionistul este \u00een continuare indispensabil pentru \u0219efia G\u0103rzii de Mediu Ilfov.<\/p>\n\n\n\n<h2 class=\"wp-block-heading\" id=\"h-crima-ecologica-de-la-otopeni-\u0219i-baiatul-lui-tata\">Crima ecologic\u0103 de la Otopeni \u0219i b\u0103iatul lui tata<\/h2>\n\n\n\n<p>\u0218eful ora\u0219ului cu cel mai mare PIB per capita din \u021bar\u0103 \u0219i-a trimis fiul \u00een Parlament, datorit\u0103 faptului c\u0103 a reu\u0219it s\u0103 termine o Facultate de Istorie. Cam asta ar fi principala realizare pe plan na\u021bional, c\u0103ci \u00een aval de Otopeni, pre\u021b de c\u00e2teva localit\u0103\u021bi care au c\u0103dere c\u0103tre judetul Ialomi\u021ba, Ilfovul se confrunt\u0103 cu un dezastru ecologic, greu de \u00eenchipuit, pe apele de suprafa\u021b\u0103. <\/p>\n\n\n\n<p>Datorate infrastructurii deja existente,&nbsp;investi\u021biile generate de DN1 \u0219i Centura Capitalei, dar \u0219i de taxele colosale pl\u0103tite de aeroport, au venit peste competen\u021bele sale de strateg local ca un tren. Pentru c\u0103 legea e at\u00e2t de str\u00e2mb\u0103 \u00eenc\u00e2t i-a permis s\u0103 ias\u0103 primar de 30 de ani \u00eencoace doar cu voturile unor blocuri centrale \u021binute \u00een puf (subven\u021bionarea f\u0103r\u0103 temei a c\u0103ldurii, centru de seniori proveni\u021bi din avia\u021bie demn de filmele SF, concursuri seci de fotografie cu premii \u00een drone de mii de euro etc.), \u201echinuitul\u201d urma\u0219 al Br\u0103tienilor a uitat de \u0219colile care au ajuns s\u0103 plesneasc\u0103, de spital \u015fi, \u00een cele din urm\u0103, de canalizarea ora\u0219ului. \u00cen acte ar fi subfinan\u021bat\u0103 din cauza lipsei de fonduri locale.<\/p>\n\n\n\n<p>Dosarul penal deschis \u00een 2019, dup\u0103 o pl\u00e2ngere f\u0103cut\u0103 de Apele Rom\u00e2ne pentru devers\u0103ri ilegale \u00een R\u00e2ul Pasarea, a fost redeschis recent la Parchetul Buftea dup\u0103 o solicitare a Buletin de Bucure\u0219ti. La aproape patru ani, cercet\u0103rile sunt <em>in rem<\/em>, adic\u0103 reprezentan\u0163ii Ministerului Justi\u0163iei din Ilfov caut\u0103 s\u0103 vad\u0103, \u015fi la aceast\u0103 or\u0103, dac\u0103 inginerii de la Apele Rom\u00e2ne au min\u021bit au ba. Asta \u00een timp ce volumul de mizerie aruncat \u00een natur\u0103 a crescut constant, de la an la an.<\/p>\n\n\n\n<div class=\"wp-block-columns is-layout-flex wp-container-core-columns-is-layout-9d6595d7 wp-block-columns-is-layout-flex\">\n<div class=\"wp-block-column is-layout-flow wp-block-column-is-layout-flow\" style=\"flex-basis:100%\">\n<div class=\"wp-block-columns is-layout-flex wp-container-core-columns-is-layout-9d6595d7 wp-block-columns-is-layout-flex\">\n<div class=\"wp-block-column is-layout-flow wp-block-column-is-layout-flow\" style=\"flex-basis:100%\">\n<figure class=\"wp-block-gallery has-nested-images columns-default is-cropped wp-block-gallery-1 is-layout-flex wp-block-gallery-is-layout-flex\">\n<figure class=\"wp-block-image size-large\"><img fetchpriority=\"high\" decoding=\"async\" width=\"900\" height=\"506\" data-id=\"34493\" src=\"data:image\/gif;base64,R0lGODlhAQABAAAAACH5BAEKAAEALAAAAAABAAEAAAICTAEAOw==\" data-src=\"https:\/\/buletin.de\/bucuresti\/wp-content\/uploads\/20190429_113927-900x506.jpg\" alt=\"\" class=\"wp-image-34493 lazyload\" data-sizes=\"auto\" data-srcset=\"https:\/\/buletin.de\/bucuresti\/wp-content\/uploads\/20190429_113927-900x506.jpg 900w, https:\/\/buletin.de\/bucuresti\/wp-content\/uploads\/20190429_113927-300x169.jpg 300w, https:\/\/buletin.de\/bucuresti\/wp-content\/uploads\/20190429_113927-768x432.jpg 768w, https:\/\/buletin.de\/bucuresti\/wp-content\/uploads\/20190429_113927-1536x864.jpg 1536w, https:\/\/buletin.de\/bucuresti\/wp-content\/uploads\/20190429_113927-1060x596.jpg 1060w, https:\/\/buletin.de\/bucuresti\/wp-content\/uploads\/20190429_113927-550x309.jpg 550w, https:\/\/buletin.de\/bucuresti\/wp-content\/uploads\/20190429_113927-889x500.jpg 889w, https:\/\/buletin.de\/bucuresti\/wp-content\/uploads\/20190429_113927-1920x1080.jpg 1920w, https:\/\/buletin.de\/bucuresti\/wp-content\/uploads\/20190429_113927-600x338.jpg 600w, https:\/\/buletin.de\/bucuresti\/wp-content\/uploads\/20190429_113927.jpg 2000w\" sizes=\"(max-width: 900px) 100vw, 900px\" \/><\/figure>\n<\/figure>\n\n\n\n<figure class=\"wp-block-image size-large\"><img decoding=\"async\" width=\"900\" height=\"437\" src=\"data:image\/gif;base64,R0lGODlhAQABAAAAACH5BAEKAAEALAAAAAABAAEAAAICTAEAOw==\" data-src=\"https:\/\/buletin.de\/bucuresti\/wp-content\/uploads\/SmartSelect_20210622-153438_Video-Player-1-900x437.jpg\" alt=\"\" class=\"wp-image-34494 lazyload\" data-sizes=\"auto\" data-srcset=\"https:\/\/buletin.de\/bucuresti\/wp-content\/uploads\/SmartSelect_20210622-153438_Video-Player-1-900x437.jpg 900w, https:\/\/buletin.de\/bucuresti\/wp-content\/uploads\/SmartSelect_20210622-153438_Video-Player-1-300x146.jpg 300w, https:\/\/buletin.de\/bucuresti\/wp-content\/uploads\/SmartSelect_20210622-153438_Video-Player-1-768x373.jpg 768w, https:\/\/buletin.de\/bucuresti\/wp-content\/uploads\/SmartSelect_20210622-153438_Video-Player-1-1536x745.jpg 1536w, https:\/\/buletin.de\/bucuresti\/wp-content\/uploads\/SmartSelect_20210622-153438_Video-Player-1-1060x514.jpg 1060w, https:\/\/buletin.de\/bucuresti\/wp-content\/uploads\/SmartSelect_20210622-153438_Video-Player-1-550x267.jpg 550w, https:\/\/buletin.de\/bucuresti\/wp-content\/uploads\/SmartSelect_20210622-153438_Video-Player-1-1031x500.jpg 1031w, https:\/\/buletin.de\/bucuresti\/wp-content\/uploads\/SmartSelect_20210622-153438_Video-Player-1-600x291.jpg 600w, https:\/\/buletin.de\/bucuresti\/wp-content\/uploads\/SmartSelect_20210622-153438_Video-Player-1.jpg 1843w\" sizes=\"(max-width: 900px) 100vw, 900px\" \/><figcaption class=\"wp-element-caption\">Devers\u0103rile ilegale de la sta\u021bia de epurare a Ora\u0219ului Otopeni \u0219i &#8220;culoarea&#8221; R\u00e2ului Pas\u0103rea, pe raza comunei Tunari, la doi kilometri \u00een aval.<\/figcaption><\/figure>\n\n\n\n<p><\/p>\n<\/div>\n<\/div>\n<\/div>\n<\/div>\n\n\n\n<p>Situa\u021bia e tras\u0103 la indigo \u0219i \u00een cazul R\u00e2ului Sabar, din Sud-Vestul Capitalei, p\u0103storit de administra\u0163ia din Domne\u015fti, situa\u021bie despre care Buletin de Bucure\u0219ti a scris <a href=\"https:\/\/buletin.de\/bucuresti\/video-poluare-masiva-pe-raul-sabar-in-dreptul-localitatii-domnesti-garda-de-mediu-ilfov-nu-ar-avea-echipe-de-interventie-sustin-localnicii\/\">aici<\/a>.<\/p>\n\n\n\n<iframe width=\"560\" height=\"315\" src=\"https:\/\/www.youtube.com\/embed\/kgpXE9Gq7R8\" title=\"YouTube video player\" frameborder=\"0\" allow=\"accelerometer; autoplay; clipboard-write; encrypted-media; gyroscope; picture-in-picture\" allowfullscreen=\"\"><\/iframe>\n\n\n\n<h2 class=\"wp-block-heading\" id=\"h-voluntari-mufat-la-banii-michelin-coca-cola-si-mercedes\">Voluntari, mufat la banii Michelin, Coca-Cola \u015fi Mercedes<\/h2>\n\n\n\n<p>Cine ar fi putut s\u0103 creada acum c\u00e2\u021biva ani c\u0103 o fost\u0103 comun\u0103 din S.A.I., <a href=\"https:\/\/www.mediafax.ro\/social\/locuitorii-din-voluntari-au-votat-pentru-transformarea-orasului-in-sectorul-7-al-capitalei-video-5126072\">comun\u0103 care a votat \u00een 2009 s\u0103 devin\u0103 Sectorul 7 al Capitalei<\/a>, va reu\u015fi s\u0103 suplineasc\u0103 STB la ceas de grev\u0103? Timp de patru ani se presupune c\u0103 edilii Capitalei \u0219i ai Voluntariului au dormit \u00een acela\u0219i pat. Cu toate acestea, nu au reu\u0219it s\u0103 conceap\u0103 un pasaj func\u021bional pe \u0218oseaua Petricani, deasupra sau pe dedesubtul magistrale CFR Bucuresti-Constan\u021ba.&nbsp;<\/p>\n\n\n\n<p>Astfel ar fi fost legat\u0103 partea de Pipera din parohia Voluntari de cartierul de afaceri propriu-zis. Aici \u00ee\u015fi au sediul corpora\u0163ii <a href=\"https:\/\/buletin.de\/bucuresti\/editorial-voluntari-noul-vatican-religia-clanului-platit-din-banii-coca-cola-mercedes-si-michelin\/\">precum Michelin, Coca Cola \u015fi Mercedes, care vars\u0103 bani grei la bugetul local.<\/a><\/p>\n\n\n\n<p>\u00cen schimb, la capitolul transport a fost pl\u0103m\u0103dit\u0103 o inginerie financiar\u0103 care <a href=\"https:\/\/buletin.de\/bucuresti\/subventia-lui-pandele-de-la-gabriela-firea-autobuzele-second-hand-ale-voluntariului-primesc-100-000-de-euro-pe-luna-ca-sa-ajunga-la-capetele-de-linie\/\">asigura 100 de mii de euro pe lun\u0103 dinspre PMB c\u0103tre administra\u021bia din Voluntari.<\/a> Asta \u00een condi\u021biile \u00een care bugetul ora\u015fului este mai mare dec\u00e2t cel al Consiliul Jude\u021bean Ilfov. Ca idee, aceast\u0103 ultima institu\u021bie este condus\u0103 <a href=\"https:\/\/www.hotnews.ro\/stiri-politic-21739260-hubert-thuma-condamnat-penal-2014-6-luni-suspendare-ales-presedinte-pnl-ilfov.htm\">de un condamnat pentru corup\u021bie, la \u0219ase luni de pu\u0219c\u0103rie cu suspendare.<\/a><\/p>\n\n\n\n<h2 class=\"wp-block-heading\" id=\"h-bafta-de-la-buftea\">Bafta de la Buftea<\/h2>\n\n\n\n<p>Una dintre cele mai vechi localit\u0103\u021bi ale Ilfovului, cu bog\u0103\u021bie de lacuri \u015fi p\u0103duri, este m\u00e2nat\u0103 \u00een av\u00e2ntul imobiliar al Ilfovului de unul dintre cei mai mari latifundiari ai ora\u0219ului. Ce arm\u0103 secret\u0103 a avut de a reu\u0219it s\u0103 adune zeci de mii de metri p\u0103tra\u021bi de terenuri \u00een zone cheie, e greu de \u00eenchipuit. \u0218i mai greu de \u00eenchipuit e cum nicio autoritate a statului nu vrea s\u0103 verifice dac\u0103, astfel, se s\u0103v\u00e2r\u0219e\u0219te vreo incompatibilitate. \u0218tampila primarului s\u0103 aib\u0103 oare vreo legatur\u0103 cu PUG-ul, PUZ-urile, PUD-urile ori avizele \u0219i autoriza\u021biile at\u00e2t de necesare dezvolt\u0103rii imobiliare f\u0103r\u0103 de care nu poate s\u0103 supravie\u021buiasc\u0103, pare-se, nicio localitate din Ilfov?<\/p>\n\n\n\n<p>Ca o rugin\u0103 care cople\u0219e\u0219te angrenajele din domeniul balisticii, un consilier local independent duce poate cea mai aprig\u0103 lupt\u0103 pentru transparen\u021b\u0103 \u0219i corectitudine \u00een privin\u021ba cheltuirii banului public din jude\u0163. \u0218i, deloc surprinz\u0103tor, este singur \u00eempotriva lor.<\/p>\n\n\n\n<iframe width=\"560\" height=\"315\" src=\"https:\/\/www.youtube.com\/embed\/BVQT7_l6-pc\" title=\"YouTube video player\" frameborder=\"0\" allow=\"accelerometer; autoplay; clipboard-write; encrypted-media; gyroscope; picture-in-picture\" allowfullscreen=\"\"><\/iframe>\n\n\n\n<h2 class=\"wp-block-heading\" id=\"h-beton-la-bragadiru\">Beton la Bragadiru<\/h2>\n\n\n\n<p>\u00cen coasta Sectorului 6, de-a st\u00e2nga Prelungirii Ghencea este cel mai bun exemplu de simbioz\u0103 a combina\u021biilor imobiliare cu cele edilitare. Aici <a href=\"http:\/\/Primarul din Bragadiru \u0219i arhitectul \u0219ef al ora\u0219ului, condamna\u021bi la patru ani de \u00eenchisoare cu executare\">primarul \u0219i arhitectul \u0219ef se bucur\u0103 de \u00eemprejurimile oferite de cur\u0163ile \u015fi stilul cazon al pere\u021bilor de la Jilava ori Rahova,<\/a> dup\u0103 ce au fost dovedi\u0163i \u00een instan\u021b\u0103 ca fiind infractori \u00een domeniul certificatelor de urbanism. \u0218i pentru c\u0103 scaunul de primar a fost eliberat for\u021bat de c\u0103tre procurorii DNA, apoi au fost organizate alegeri libere.<\/p>\n\n\n\n<p><a href=\"https:\/\/buletin.de\/bucuresti\/cine-a-castigat-alegerile-din-jurul-capitalei-un-dezvoltator-imobiliar-va-conduce-orasul-bragadiru-iar-comuna-ganeasa-il-are-primar-pe-ginerele-fostului-edil\/\">Au fost c\u00e2\u0219tigate de cel mai mare afacerist imobiliar<\/a>, poreclit Beton, \u00een cazul c\u0103ruia, din nou, statul nu vede niciun poten\u021bial conflict de interese. Partea cu adev\u0103rat important\u0103 e c\u0103 vorbim de un profesionist des\u0103v\u00e2r\u0219it, nu despre un amator.<\/p>\n\n\n\n<h2 class=\"wp-block-heading\" id=\"h-tunariul-scapa-turma\">Tunariul scap\u0103 turma<\/h2>\n\n\n\n<p>\u00cen 2008, al\u0103turi de \u0218tef\u0103ne\u0219tii de Jos, comuna Tunari ar fi trebuit \u015fi ea s\u0103 scrie istorie cu privire la reluarea alegerilor locale. Dup\u0103 ce Adrian Minune, proasp\u0103t consilier local, a c\u00e2ntat democra\u021bia \u00een aval, pe malul aceluia\u015fi r\u00e2u poluat istoric de \u015feful localit\u0103\u021bii cu cel mai mare PIB per capita din \u0163ar\u0103, la Tunari, \u00een 2020, aproape c\u0103 ar fi trebuit s\u0103 se repete scenariul, dup\u0103 acela\u0219i considerent. <\/p>\n\n\n\n<p>Mai ales c\u0103 afacerile cu terenuri \u015fi gunoi, echipa de fotbal mufat\u0103 la combina\u0163ii intrajude\u021bene cu alte prim\u0103rii amatoare de fotbal de Divizia &#8220;\u0162&#8221; \u015fi metrii cubi de la vidanje au f\u0103cut s\u0103 circule pe drumurile localit\u0103\u021bii, la mai putin de doi ani de la ultimele alegeri, ma\u0219ini mai scumpe dec\u00e2t multe case luate pe credit de 30 de ani.<\/p>\n\n\n\n<iframe width=\"560\" height=\"315\" src=\"https:\/\/www.youtube.com\/embed\/GIUdUyVi_g8\" title=\"YouTube video player\" frameborder=\"0\" allow=\"accelerometer; autoplay; clipboard-write; encrypted-media; gyroscope; picture-in-picture\" allowfullscreen=\"\"><\/iframe>\n\n\n\n<p>La fel ca \u00een 2008, la Tunari, \u00een 2020, a fost vorba de vize de flotant, sec\u021bii de votare duse \u00een supracapacitate \u015fi oameni la cozi incredibile care st\u0103teau s\u0103-\u0219i voteze primarul \u0219i Consiliul Local \u0219i care nu \u0219tiau unde locuiesc cu buletinul \u00een m\u00e2n\u0103. Au fost pl\u00e2ngeri, au curs r\u00e2uri de pixeli, dosare la IPJ ilfov, chiar \u0219i Secretariatul General al Guvernului pare c\u0103 ar fi avut de treab\u0103. Lini\u0219te \u015fi pace la aceast\u0103 or\u0103. <a href=\"https:\/\/buletin.de\/bucuresti\/anomalia-votului-de-la-tunari-comuna-din-nordul-capitalei-a-intrecut-toate-orasele-din-ilfov-la-numarul-de-vize-de-flotant-este-genul-de-activitate-care-trebuie-anchetata-serios-de-parchet\/\">Anomalia votului din Tunari<\/a> nu a convulsionat nicio autoritate a statului.<\/p>\n\n\n\n<h2 class=\"wp-block-heading\" id=\"h-pepiniera-na\u021bionala\">Pepiniera na\u021bional\u0103<\/h2>\n\n\n\n<p>Ilfovul, dincolo de sectorul 0 din Mogosoaia, r\u0103m\u00e2ne jude\u021bul unde, chiar dac\u0103 nu s-a inventat tunul imobiliar \u00een Rom\u00e2nia, se \u0219lefuie\u0219te acest tip de afacere p\u0103guboas\u0103 pentru noi to\u021bi. Asta dac\u0103 nu se pup\u0103 ghiulul atunci c\u00e2nd trebuie, cui trebuie. <\/p>\n\n\n\n<p>Cu at\u00e2t mai mult cu c\u00e2t acest jude\u0163 a dat \u021b\u0103rii pe unii dintre cei mai importan\u0163i oameni politici ai zilelor noastre: Eduard Hellvig \u015fi Virgil Popescu, care sunt \u015feful SRI, respectiv ministrul Energiei din Rom\u00e2nia.<\/p>\n\n\n\n<p>E pur si mouve, vorba C.A.P.-istului din Ilfov.<\/p>\n\n\n\n<p>P.S. Anul trecut, <a href=\"https:\/\/buletin.de\/bucuresti\/primarul-din-stefanestii-de-jos-si-celelalte-doua-persoane-retinute-in-libertate-dupa-mai-putin-de-24-de-ore\/\">primarul din \u0218tef\u0103ne\u0219tii de Jos, acuzat c\u0103 a violat o fat\u0103 de 12 ani, a fost pus \u00een libertate de procurorii din Buftea \u00een mai pu\u021bin de 24 de ore.<\/a><\/p>\n\n\n\n<p>CITE\u0218TE \u0218I<\/p>\n\n\n\n<p><a href=\"https:\/\/buletin.de\/bucuresti\/dosare-penale-pentru-frauda-la-vot-si-mita-electorala-in-urma-alegerilor-de-la-tunari-la-cateva-adrese-au-resedinta-mai-mult-de-10-persoane\/\">Dosare penale pentru fraud\u0103 la vot \u0219i mit\u0103 electoral\u0103, \u00een urma alegerilor de la Tunari. La c\u00e2teva adrese au re\u0219edin\u021ba mai mult de 10 persoane<\/a><\/p>\n\n\n\n<p><a href=\"https:\/\/buletin.de\/bucuresti\/anomalia-votului-de-la-tunari-comuna-din-nordul-capitalei-a-intrecut-toate-orasele-din-ilfov-la-numarul-de-vize-de-flotant-este-genul-de-activitate-care-trebuie-anchetata-serios-de-parchet\/\">Anomalia votului de la Tunari: comuna din Nordul Capitalei a \u00eentrecut toate ora\u0219ele din Ilfov la num\u0103rul de vize de flotant. \u201cEste genul de activitate care trebuie anchetat\u0103 serios de Parchet\u201d, sus\u021bine politologul Cristian P\u00e2rvulescu<\/a><\/p>\n\n\n\n<p><a href=\"https:\/\/buletin.de\/bucuresti\/primarul-din-bragadiru-si-arhitectul-sef-al-orasului-condamnati-la-patru-ani-de-inchisoare-cu-executare\/\">Primarul din Bragadiru \u0219i arhitectul \u0219ef al ora\u0219ului, condamna\u021bi la patru ani de \u00eenchisoare cu executare<\/a><\/p>\n\n\n\n<p><a href=\"https:\/\/buletin.de\/bucuresti\/otopeni-noii-consilieri-locali-acuza-falsuri-in-inscrisuri-oficiale-dupa-ce-filmarea-sedintelor-a-fost-interzisa-inainte-de-alegeri\/\">OTOPENI | Noii consilieri locali acuz\u0103 falsuri \u00een \u00eenscrisuri oficiale, dup\u0103 ce filmarea \u0219edintelor a fost interzis\u0103 \u00eenainte de alegeri<\/a><\/p>\n\n\n\n<p><a href=\"https:\/\/buletin.de\/bucuresti\/statia-de-epurare-a-cj-ilfov-din-magurele-dosar-penal-si-amenda-pentru-deversari-ilegale-cu-repetitie-in-raul-ciorogarla\/\">Sta\u021bia de epurare a CJ Ilfov din M\u0103gurele, dosar penal \u0219i amend\u0103 pentru devers\u0103ri ilegale \u201ccu repeti\u021bie\u201d \u00een R\u00e2ul Ciorog\u00e2rla<\/a><\/p>\n\n\n\n<p><a href=\"https:\/\/buletin.de\/bucuresti\/afacerea-murdara-a-sefului-garzii-de-mediu-ilfov-dna-l-a-spalat-de-coruptie-dupa-ce-vidanjele-sale-au-incarcat-levigat-de-la-groapa-de-gunoi-din-vidra-si-l-au-varsat-in-raul-arges\/\">Afacerea murdar\u0103 a \u0219efului G\u0103rzii de Mediu Ilfov: DNA l-a \u201csp\u0103lat\u201d de corup\u021bie, dup\u0103 ce vidanjele sale au \u00eenc\u0103rcat levigat de la groapa de gunoi din Vidra \u0219i l-au v\u0103rsat \u00een R\u00e2ul Arge\u0219<\/a><\/p>\n\n\n\n<p><a href=\"https:\/\/buletin.de\/bucuresti\/fostul-prefect-psd-de-ilfov-din-echipa-lui-florentin-pandele-numit-de-florin-citu-secretar-general-al-institutiei\/\">Fostul prefect PSD de Ilfov, din echipa lui Florentin Pandele, numit de Florin C\u00ee\u021bu secretar general al institu\u021biei<\/a><\/p>\n\n\n\n<p><a href=\"https:\/\/buletin.de\/bucuresti\/monitorizarea-calitatii-aerului-din-ilfov-respinsa-de-consiliul-judetean-in-schimb-s-au-stabilit-salarii-de-peste-4-000-de-lei-pe-luna-pentru-membrii-unei-comisii-cu-rol-consultativ\/\">Monitorizarea calit\u0103\u021bii aerului din Ilfov, respins\u0103 de Consiliul Jude\u021bean. \u00cen schimb, s-au stabilit venituri de peste 4.000 de lei pe lun\u0103 pentru membrii unei comisii cu rol consultativ<\/a><\/p>\n\n\n\n<p><a href=\"https:\/\/buletin.de\/bucuresti\/politizarea-comisiei-tehnice-de-urbanism-a-judetului-ilfov-supusa-la-vot-in-consiliul-judetean\/\">Politizarea Comisiei Tehnice de Urbanism a jude\u021bului Ilfov, supus\u0103 luni la vot \u00een Consiliul Jude\u021bean<\/a><\/p>\n\n\n\n<p><a href=\"https:\/\/buletin.de\/bucuresti\/cine-a-castigat-alegerile-din-jurul-capitalei-un-dezvoltator-imobiliar-va-conduce-orasul-bragadiru-iar-comuna-ganeasa-il-are-primar-pe-ginerele-fostului-edil\/\">Cine a c\u00e2\u0219tigat alegerile din jurul Capitalei | Un dezvoltator imobiliar va conduce ora\u0219ul Bragadiru iar comuna G\u0103neasa \u00eel are primar pe ginerele fostului edil<\/a><\/p>\n\n\n\n<p>Co<a href=\"https:\/\/buletin.de\/bucuresti\/combaterea-coruptiei-se-invata-in-weekend-la-sinaia-consilierii-judeteni-din-ilfov-au-mai-facut-un-curs-pe-bani-publici-intr-un-hotel-de-lux-pe-valea-prahovei\/\">mbaterea corup\u021biei se \u00eenva\u021b\u0103, \u00een weekend, la Sinaia. Consilierii jude\u021beni din Ilfov au mai f\u0103cut un curs, pe bani publici, \u00eentr-un hotel de lux pe Valea Prahovei<\/a><\/p>\n","protected":false},"excerpt":{"rendered":"<p>Singurul jude\u021b din Rom\u00e2nia f\u0103r\u0103 re\u0219edin\u021b\u0103 \u00een sens practic a furnizat, cel pu\u021bin \u00een ultimii ani, cazuri \u201e\u0219coal\u0103\u201d despre cum o autonomie invizibil\u0103 poate s\u0103 dep\u0103\u0219easc\u0103 sfera penalului, sau cea a bunului sim\u021b unanim acceptat, f\u0103r\u0103 nicio consecin\u021b\u0103. Poate ca mul\u021bi dintre cei care citesc aceste r\u00e2nduri nu \u015fi-l aduc aminte sau nu-l \u015ftiu pe [&hellip;]<\/p>\n","protected":false},"author":10,"featured_media":34498,"comment_status":"closed","ping_status":"open","sticky":false,"template":"","format":"standard","meta":{"_acf_changed":false,"inline_featured_image":false,"ngg_post_thumbnail":0,"footnotes":""},"categories":[41,3419,24,62],"tags":[363,1586,1425,2638,28,820,1888,750,878,1653,2750],"ppma_author":[22575],"class_list":["post-38092","post","type-post","status-publish","format-standard","has-post-thumbnail","hentry","category-editorial","category-featured","category-primarie","category-stiri","tag-alegeri","tag-bragadiru","tag-buftea","tag-coruptie","tag-firea","tag-ilfov","tag-mogosoaia","tag-otopeni","tag-pandele","tag-tunari","tag-vountari"],"acf":[],"yoast_head":"<!-- This site is optimized with the Yoast SEO Premium plugin v25.3 (Yoast SEO v27.5) - https:\/\/yoast.com\/product\/yoast-seo-premium-wordpress\/ -->\n<title>EDITORIAL | Cnezatul f\u0103r\u0103delegilor de l\u00e2ng\u0103 Bucure\u015fti. De la \u201eSectorul 0\u201d din Mogo\u015foaia, la \u201eKilometrul 0\u201d al corup\u021biei din Rom\u00e2nia - Buletin de Bucure\u0219ti<\/title>\n<meta name=\"robots\" content=\"index, follow, max-snippet:-1, max-image-preview:large, max-video-preview:-1\" \/>\n<link rel=\"canonical\" href=\"https:\/\/buletin.de\/bucuresti\/editorial-cnezatul-faradelegilor-de-langa-bucuresti-de-le-sectorul-0-din-mogosoaia-la-kilometrul-0-al-coruptiei-din-romania\/\" \/>\n<meta property=\"og:locale\" content=\"en_GB\" \/>\n<meta property=\"og:type\" content=\"article\" \/>\n<meta property=\"og:title\" content=\"EDITORIAL | Cnezatul f\u0103r\u0103delegilor de l\u00e2ng\u0103 Bucure\u015fti. De la \u201eSectorul 0\u201d din Mogo\u015foaia, la \u201eKilometrul 0\u201d al corup\u021biei din Rom\u00e2nia\" \/>\n<meta property=\"og:description\" content=\"Singurul jude\u021b din Rom\u00e2nia f\u0103r\u0103 re\u0219edin\u021b\u0103 \u00een sens practic a furnizat, cel pu\u021bin \u00een ultimii ani, cazuri \u201e\u0219coal\u0103\u201d despre cum o autonomie invizibil\u0103 poate s\u0103 dep\u0103\u0219easc\u0103 sfera penalului, sau cea a bunului sim\u021b unanim acceptat, f\u0103r\u0103 nicio consecin\u021b\u0103. Poate ca mul\u021bi dintre cei care citesc aceste r\u00e2nduri nu \u015fi-l aduc aminte sau nu-l \u015ftiu pe [&hellip;]\" \/>\n<meta property=\"og:url\" content=\"https:\/\/buletin.de\/bucuresti\/editorial-cnezatul-faradelegilor-de-langa-bucuresti-de-le-sectorul-0-din-mogosoaia-la-kilometrul-0-al-coruptiei-din-romania\/\" \/>\n<meta property=\"og:site_name\" content=\"Buletin de Bucure\u0219ti\" \/>\n<meta property=\"article:publisher\" content=\"https:\/\/www.facebook.com\/buletin.de.buc\" \/>\n<meta property=\"article:published_time\" content=\"2022-01-29T11:22:29+00:00\" \/>\n<meta property=\"article:modified_time\" content=\"2025-05-05T02:16:08+00:00\" \/>\n<meta property=\"og:image\" content=\"https:\/\/buletin.de\/bucuresti\/wp-content\/uploads\/ilfov-2.jpg\" \/>\n\t<meta property=\"og:image:width\" content=\"1580\" \/>\n\t<meta property=\"og:image:height\" content=\"1137\" \/>\n\t<meta property=\"og:image:type\" content=\"image\/jpeg\" \/>\n<meta name=\"author\" content=\"C\u0103t\u0103lin Dosca\u0219\" \/>\n<meta name=\"twitter:card\" content=\"summary_large_image\" \/>\n<meta name=\"twitter:label1\" content=\"Written by\" \/>\n\t<meta name=\"twitter:data1\" content=\"C\u0103t\u0103lin Dosca\u0219\" \/>\n\t<meta name=\"twitter:label2\" content=\"Estimated reading time\" \/>\n\t<meta name=\"twitter:data2\" content=\"9 minutes\" \/>\n<script type=\"application\/ld+json\" class=\"yoast-schema-graph\">{\"@context\":\"https:\\\/\\\/schema.org\",\"@graph\":[{\"@type\":\"Article\",\"@id\":\"https:\\\/\\\/buletin.de\\\/bucuresti\\\/editorial-cnezatul-faradelegilor-de-langa-bucuresti-de-le-sectorul-0-din-mogosoaia-la-kilometrul-0-al-coruptiei-din-romania\\\/#article\",\"isPartOf\":{\"@id\":\"https:\\\/\\\/buletin.de\\\/bucuresti\\\/editorial-cnezatul-faradelegilor-de-langa-bucuresti-de-le-sectorul-0-din-mogosoaia-la-kilometrul-0-al-coruptiei-din-romania\\\/\"},\"author\":{\"name\":\"C\u0103t\u0103lin Dosca\u0219\",\"@id\":\"https:\\\/\\\/buletin.de\\\/bucuresti\\\/#\\\/schema\\\/person\\\/31117187ed4d0bdb0a4c7d6acc79d0f8\"},\"headline\":\"EDITORIAL | Cnezatul f\u0103r\u0103delegilor de l\u00e2ng\u0103 Bucure\u015fti. De la \u201eSectorul 0\u201d din Mogo\u015foaia, la \u201eKilometrul 0\u201d al corup\u021biei din Rom\u00e2nia\",\"datePublished\":\"2022-01-29T11:22:29+00:00\",\"dateModified\":\"2025-05-05T02:16:08+00:00\",\"mainEntityOfPage\":{\"@id\":\"https:\\\/\\\/buletin.de\\\/bucuresti\\\/editorial-cnezatul-faradelegilor-de-langa-bucuresti-de-le-sectorul-0-din-mogosoaia-la-kilometrul-0-al-coruptiei-din-romania\\\/\"},\"wordCount\":2092,\"publisher\":{\"@id\":\"https:\\\/\\\/buletin.de\\\/bucuresti\\\/#organization\"},\"image\":{\"@id\":\"https:\\\/\\\/buletin.de\\\/bucuresti\\\/editorial-cnezatul-faradelegilor-de-langa-bucuresti-de-le-sectorul-0-din-mogosoaia-la-kilometrul-0-al-coruptiei-din-romania\\\/#primaryimage\"},\"thumbnailUrl\":\"https:\\\/\\\/buletin.de\\\/bucuresti\\\/wp-content\\\/uploads\\\/ilfov-2.jpg\",\"keywords\":[\"alegeri\",\"Bragadiru\",\"buftea\",\"coruptie\",\"firea\",\"Ilfov\",\"Mogo\u0219oaia\",\"otopeni\",\"pandele\",\"tunari\",\"vountari\"],\"articleSection\":[\"Editorial\",\"Featured\",\"Prim\u0103rie\",\"\u0218tiri\"],\"inLanguage\":\"en-GB\",\"copyrightYear\":\"2022\",\"copyrightHolder\":{\"@id\":\"https:\\\/\\\/buletin.de\\\/bucuresti\\\/#organization\"}},{\"@type\":\"WebPage\",\"@id\":\"https:\\\/\\\/buletin.de\\\/bucuresti\\\/editorial-cnezatul-faradelegilor-de-langa-bucuresti-de-le-sectorul-0-din-mogosoaia-la-kilometrul-0-al-coruptiei-din-romania\\\/\",\"url\":\"https:\\\/\\\/buletin.de\\\/bucuresti\\\/editorial-cnezatul-faradelegilor-de-langa-bucuresti-de-le-sectorul-0-din-mogosoaia-la-kilometrul-0-al-coruptiei-din-romania\\\/\",\"name\":\"EDITORIAL | Cnezatul f\u0103r\u0103delegilor de l\u00e2ng\u0103 Bucure\u015fti. De la \u201eSectorul 0\u201d din Mogo\u015foaia, la \u201eKilometrul 0\u201d al corup\u021biei din Rom\u00e2nia - Buletin de Bucure\u0219ti\",\"isPartOf\":{\"@id\":\"https:\\\/\\\/buletin.de\\\/bucuresti\\\/#website\"},\"primaryImageOfPage\":{\"@id\":\"https:\\\/\\\/buletin.de\\\/bucuresti\\\/editorial-cnezatul-faradelegilor-de-langa-bucuresti-de-le-sectorul-0-din-mogosoaia-la-kilometrul-0-al-coruptiei-din-romania\\\/#primaryimage\"},\"image\":{\"@id\":\"https:\\\/\\\/buletin.de\\\/bucuresti\\\/editorial-cnezatul-faradelegilor-de-langa-bucuresti-de-le-sectorul-0-din-mogosoaia-la-kilometrul-0-al-coruptiei-din-romania\\\/#primaryimage\"},\"thumbnailUrl\":\"https:\\\/\\\/buletin.de\\\/bucuresti\\\/wp-content\\\/uploads\\\/ilfov-2.jpg\",\"datePublished\":\"2022-01-29T11:22:29+00:00\",\"dateModified\":\"2025-05-05T02:16:08+00:00\",\"breadcrumb\":{\"@id\":\"https:\\\/\\\/buletin.de\\\/bucuresti\\\/editorial-cnezatul-faradelegilor-de-langa-bucuresti-de-le-sectorul-0-din-mogosoaia-la-kilometrul-0-al-coruptiei-din-romania\\\/#breadcrumb\"},\"inLanguage\":\"en-GB\",\"potentialAction\":[{\"@type\":\"ReadAction\",\"target\":[\"https:\\\/\\\/buletin.de\\\/bucuresti\\\/editorial-cnezatul-faradelegilor-de-langa-bucuresti-de-le-sectorul-0-din-mogosoaia-la-kilometrul-0-al-coruptiei-din-romania\\\/\"]}]},{\"@type\":\"ImageObject\",\"inLanguage\":\"en-GB\",\"@id\":\"https:\\\/\\\/buletin.de\\\/bucuresti\\\/editorial-cnezatul-faradelegilor-de-langa-bucuresti-de-le-sectorul-0-din-mogosoaia-la-kilometrul-0-al-coruptiei-din-romania\\\/#primaryimage\",\"url\":\"https:\\\/\\\/buletin.de\\\/bucuresti\\\/wp-content\\\/uploads\\\/ilfov-2.jpg\",\"contentUrl\":\"https:\\\/\\\/buletin.de\\\/bucuresti\\\/wp-content\\\/uploads\\\/ilfov-2.jpg\",\"width\":1580,\"height\":1137},{\"@type\":\"BreadcrumbList\",\"@id\":\"https:\\\/\\\/buletin.de\\\/bucuresti\\\/editorial-cnezatul-faradelegilor-de-langa-bucuresti-de-le-sectorul-0-din-mogosoaia-la-kilometrul-0-al-coruptiei-din-romania\\\/#breadcrumb\",\"itemListElement\":[{\"@type\":\"ListItem\",\"position\":1,\"name\":\"Acas\u0103\",\"item\":\"https:\\\/\\\/buletin.de\\\/bucuresti\\\/\"},{\"@type\":\"ListItem\",\"position\":2,\"name\":\"EDITORIAL | Cnezatul f\u0103r\u0103delegilor de l\u00e2ng\u0103 Bucure\u015fti. De la \u201eSectorul 0\u201d din Mogo\u015foaia, la \u201eKilometrul 0\u201d al corup\u021biei din Rom\u00e2nia\"}]},{\"@type\":\"WebSite\",\"@id\":\"https:\\\/\\\/buletin.de\\\/bucuresti\\\/#website\",\"url\":\"https:\\\/\\\/buletin.de\\\/bucuresti\\\/\",\"name\":\"Buletin de Bucure\u0219ti\",\"description\":\"\u0218tiri \u0219i investiga\u021bii esen\u021biale din capital\u0103\",\"publisher\":{\"@id\":\"https:\\\/\\\/buletin.de\\\/bucuresti\\\/#organization\"},\"potentialAction\":[{\"@type\":\"SearchAction\",\"target\":{\"@type\":\"EntryPoint\",\"urlTemplate\":\"https:\\\/\\\/buletin.de\\\/bucuresti\\\/?s={search_term_string}\"},\"query-input\":{\"@type\":\"PropertyValueSpecification\",\"valueRequired\":true,\"valueName\":\"search_term_string\"}}],\"inLanguage\":\"en-GB\"},{\"@type\":\"Organization\",\"@id\":\"https:\\\/\\\/buletin.de\\\/bucuresti\\\/#organization\",\"name\":\"Buletin de Bucure\u0219ti\",\"url\":\"https:\\\/\\\/buletin.de\\\/bucuresti\\\/\",\"logo\":{\"@type\":\"ImageObject\",\"inLanguage\":\"en-GB\",\"@id\":\"https:\\\/\\\/buletin.de\\\/bucuresti\\\/#\\\/schema\\\/logo\\\/image\\\/\",\"url\":\"https:\\\/\\\/buletin.de\\\/bucuresti\\\/wp-content\\\/uploads\\\/logo-bdb-full-wide-vernil-transparent.png\",\"contentUrl\":\"https:\\\/\\\/buletin.de\\\/bucuresti\\\/wp-content\\\/uploads\\\/logo-bdb-full-wide-vernil-transparent.png\",\"width\":1782,\"height\":626,\"caption\":\"Buletin de Bucure\u0219ti\"},\"image\":{\"@id\":\"https:\\\/\\\/buletin.de\\\/bucuresti\\\/#\\\/schema\\\/logo\\\/image\\\/\"},\"sameAs\":[\"https:\\\/\\\/www.facebook.com\\\/buletin.de.buc\",\"https:\\\/\\\/www.instagram.com\\\/buletinde.bucuresti\\\/\"]},{\"@type\":\"Person\",\"@id\":\"https:\\\/\\\/buletin.de\\\/bucuresti\\\/#\\\/schema\\\/person\\\/31117187ed4d0bdb0a4c7d6acc79d0f8\",\"name\":\"C\u0103t\u0103lin Dosca\u0219\",\"image\":{\"@type\":\"ImageObject\",\"inLanguage\":\"en-GB\",\"@id\":\"https:\\\/\\\/buletin.de\\\/bucuresti\\\/wp-content\\\/uploads\\\/Catalin-Doscas-e1732731064764-96x96.jpga93e2943bb3b1c1f9ead823df6e6317a\",\"url\":\"https:\\\/\\\/buletin.de\\\/bucuresti\\\/wp-content\\\/uploads\\\/Catalin-Doscas-e1732731064764-96x96.jpg\",\"contentUrl\":\"https:\\\/\\\/buletin.de\\\/bucuresti\\\/wp-content\\\/uploads\\\/Catalin-Doscas-e1732731064764-96x96.jpg\",\"caption\":\"C\u0103t\u0103lin Dosca\u0219\"},\"description\":\"Reporter \u0219i redactor-\u0219ef Buletin de Bucure\u0219ti. Lucreaz\u0103 \u00een mass-media de la v\u00e2rsta de 15 ani, c\u00e2nd a publicat primele articole \u00een presa local\u0103 din Tecuci. \u00cen Bucure\u0219ti a lucrat \u00een redac\u021bii radio ca reporter, redactor \u0219i prezentator (StudentFM, Na\u021bionalFM, Radio Total, Smart FM), unde a acoperit domeniile politic, economic, social \u0219i externe. Ulterior, a fost editor-coordonator al postului Realitatea FM. Experien\u021ba \u00een jurnalismul online a dob\u00e2ndit-o la portalul B365.ro, unde a fost editor. \u00cen 2012 s-a angajat \u00een televiziune. La Realitatea TV a fost, pe r\u00e2nd, reporter la sec\u021bia Social, reporter special la emisiunea de reportaje \u0219i anchete \u201eReporterii Realit\u0103\u021bii\u201d, dar \u0219i editor al jurnalelor de \u0219tiri. Ulterior, a f\u0103cut parte din sec\u021bia de Investiga\u021bii de la Digi24 \u0219i a lucrat la campania \u201eRom\u00e2nia furat\u0103\u201d. A revenit \u00een presa scris\u0103 \u00een 2017, ca reporter special, \u00een cadrul unui proiect de repozi\u021bionare a tabloidului Libertatea \u00een cotidian generalist. Este jurnalist Buletin de Bucure\u0219ti din 2019.\",\"url\":\"https:\\\/\\\/buletin.de\\\/bucuresti\\\/author\\\/catalin\\\/\"}]}<\/script>\n<!-- \/ Yoast SEO Premium plugin. -->","yoast_head_json":{"title":"EDITORIAL | Cnezatul f\u0103r\u0103delegilor de l\u00e2ng\u0103 Bucure\u015fti. De la \u201eSectorul 0\u201d din Mogo\u015foaia, la \u201eKilometrul 0\u201d al corup\u021biei din Rom\u00e2nia - Buletin de Bucure\u0219ti","robots":{"index":"index","follow":"follow","max-snippet":"max-snippet:-1","max-image-preview":"max-image-preview:large","max-video-preview":"max-video-preview:-1"},"canonical":"https:\/\/buletin.de\/bucuresti\/editorial-cnezatul-faradelegilor-de-langa-bucuresti-de-le-sectorul-0-din-mogosoaia-la-kilometrul-0-al-coruptiei-din-romania\/","og_locale":"en_GB","og_type":"article","og_title":"EDITORIAL | Cnezatul f\u0103r\u0103delegilor de l\u00e2ng\u0103 Bucure\u015fti. De la \u201eSectorul 0\u201d din Mogo\u015foaia, la \u201eKilometrul 0\u201d al corup\u021biei din Rom\u00e2nia","og_description":"Singurul jude\u021b din Rom\u00e2nia f\u0103r\u0103 re\u0219edin\u021b\u0103 \u00een sens practic a furnizat, cel pu\u021bin \u00een ultimii ani, cazuri \u201e\u0219coal\u0103\u201d despre cum o autonomie invizibil\u0103 poate s\u0103 dep\u0103\u0219easc\u0103 sfera penalului, sau cea a bunului sim\u021b unanim acceptat, f\u0103r\u0103 nicio consecin\u021b\u0103. Poate ca mul\u021bi dintre cei care citesc aceste r\u00e2nduri nu \u015fi-l aduc aminte sau nu-l \u015ftiu pe [&hellip;]","og_url":"https:\/\/buletin.de\/bucuresti\/editorial-cnezatul-faradelegilor-de-langa-bucuresti-de-le-sectorul-0-din-mogosoaia-la-kilometrul-0-al-coruptiei-din-romania\/","og_site_name":"Buletin de Bucure\u0219ti","article_publisher":"https:\/\/www.facebook.com\/buletin.de.buc","article_published_time":"2022-01-29T11:22:29+00:00","article_modified_time":"2025-05-05T02:16:08+00:00","og_image":[{"width":1580,"height":1137,"url":"https:\/\/buletin.de\/bucuresti\/wp-content\/uploads\/ilfov-2.jpg","type":"image\/jpeg"}],"author":"C\u0103t\u0103lin Dosca\u0219","twitter_card":"summary_large_image","twitter_misc":{"Written by":"C\u0103t\u0103lin Dosca\u0219","Estimated reading time":"9 minutes"},"schema":{"@context":"https:\/\/schema.org","@graph":[{"@type":"Article","@id":"https:\/\/buletin.de\/bucuresti\/editorial-cnezatul-faradelegilor-de-langa-bucuresti-de-le-sectorul-0-din-mogosoaia-la-kilometrul-0-al-coruptiei-din-romania\/#article","isPartOf":{"@id":"https:\/\/buletin.de\/bucuresti\/editorial-cnezatul-faradelegilor-de-langa-bucuresti-de-le-sectorul-0-din-mogosoaia-la-kilometrul-0-al-coruptiei-din-romania\/"},"author":{"name":"C\u0103t\u0103lin Dosca\u0219","@id":"https:\/\/buletin.de\/bucuresti\/#\/schema\/person\/31117187ed4d0bdb0a4c7d6acc79d0f8"},"headline":"EDITORIAL | Cnezatul f\u0103r\u0103delegilor de l\u00e2ng\u0103 Bucure\u015fti. De la \u201eSectorul 0\u201d din Mogo\u015foaia, la \u201eKilometrul 0\u201d al corup\u021biei din Rom\u00e2nia","datePublished":"2022-01-29T11:22:29+00:00","dateModified":"2025-05-05T02:16:08+00:00","mainEntityOfPage":{"@id":"https:\/\/buletin.de\/bucuresti\/editorial-cnezatul-faradelegilor-de-langa-bucuresti-de-le-sectorul-0-din-mogosoaia-la-kilometrul-0-al-coruptiei-din-romania\/"},"wordCount":2092,"publisher":{"@id":"https:\/\/buletin.de\/bucuresti\/#organization"},"image":{"@id":"https:\/\/buletin.de\/bucuresti\/editorial-cnezatul-faradelegilor-de-langa-bucuresti-de-le-sectorul-0-din-mogosoaia-la-kilometrul-0-al-coruptiei-din-romania\/#primaryimage"},"thumbnailUrl":"https:\/\/buletin.de\/bucuresti\/wp-content\/uploads\/ilfov-2.jpg","keywords":["alegeri","Bragadiru","buftea","coruptie","firea","Ilfov","Mogo\u0219oaia","otopeni","pandele","tunari","vountari"],"articleSection":["Editorial","Featured","Prim\u0103rie","\u0218tiri"],"inLanguage":"en-GB","copyrightYear":"2022","copyrightHolder":{"@id":"https:\/\/buletin.de\/bucuresti\/#organization"}},{"@type":"WebPage","@id":"https:\/\/buletin.de\/bucuresti\/editorial-cnezatul-faradelegilor-de-langa-bucuresti-de-le-sectorul-0-din-mogosoaia-la-kilometrul-0-al-coruptiei-din-romania\/","url":"https:\/\/buletin.de\/bucuresti\/editorial-cnezatul-faradelegilor-de-langa-bucuresti-de-le-sectorul-0-din-mogosoaia-la-kilometrul-0-al-coruptiei-din-romania\/","name":"EDITORIAL | Cnezatul f\u0103r\u0103delegilor de l\u00e2ng\u0103 Bucure\u015fti. De la \u201eSectorul 0\u201d din Mogo\u015foaia, la \u201eKilometrul 0\u201d al corup\u021biei din Rom\u00e2nia - Buletin de Bucure\u0219ti","isPartOf":{"@id":"https:\/\/buletin.de\/bucuresti\/#website"},"primaryImageOfPage":{"@id":"https:\/\/buletin.de\/bucuresti\/editorial-cnezatul-faradelegilor-de-langa-bucuresti-de-le-sectorul-0-din-mogosoaia-la-kilometrul-0-al-coruptiei-din-romania\/#primaryimage"},"image":{"@id":"https:\/\/buletin.de\/bucuresti\/editorial-cnezatul-faradelegilor-de-langa-bucuresti-de-le-sectorul-0-din-mogosoaia-la-kilometrul-0-al-coruptiei-din-romania\/#primaryimage"},"thumbnailUrl":"https:\/\/buletin.de\/bucuresti\/wp-content\/uploads\/ilfov-2.jpg","datePublished":"2022-01-29T11:22:29+00:00","dateModified":"2025-05-05T02:16:08+00:00","breadcrumb":{"@id":"https:\/\/buletin.de\/bucuresti\/editorial-cnezatul-faradelegilor-de-langa-bucuresti-de-le-sectorul-0-din-mogosoaia-la-kilometrul-0-al-coruptiei-din-romania\/#breadcrumb"},"inLanguage":"en-GB","potentialAction":[{"@type":"ReadAction","target":["https:\/\/buletin.de\/bucuresti\/editorial-cnezatul-faradelegilor-de-langa-bucuresti-de-le-sectorul-0-din-mogosoaia-la-kilometrul-0-al-coruptiei-din-romania\/"]}]},{"@type":"ImageObject","inLanguage":"en-GB","@id":"https:\/\/buletin.de\/bucuresti\/editorial-cnezatul-faradelegilor-de-langa-bucuresti-de-le-sectorul-0-din-mogosoaia-la-kilometrul-0-al-coruptiei-din-romania\/#primaryimage","url":"https:\/\/buletin.de\/bucuresti\/wp-content\/uploads\/ilfov-2.jpg","contentUrl":"https:\/\/buletin.de\/bucuresti\/wp-content\/uploads\/ilfov-2.jpg","width":1580,"height":1137},{"@type":"BreadcrumbList","@id":"https:\/\/buletin.de\/bucuresti\/editorial-cnezatul-faradelegilor-de-langa-bucuresti-de-le-sectorul-0-din-mogosoaia-la-kilometrul-0-al-coruptiei-din-romania\/#breadcrumb","itemListElement":[{"@type":"ListItem","position":1,"name":"Acas\u0103","item":"https:\/\/buletin.de\/bucuresti\/"},{"@type":"ListItem","position":2,"name":"EDITORIAL | Cnezatul f\u0103r\u0103delegilor de l\u00e2ng\u0103 Bucure\u015fti. De la \u201eSectorul 0\u201d din Mogo\u015foaia, la \u201eKilometrul 0\u201d al corup\u021biei din Rom\u00e2nia"}]},{"@type":"WebSite","@id":"https:\/\/buletin.de\/bucuresti\/#website","url":"https:\/\/buletin.de\/bucuresti\/","name":"Buletin de Bucure\u0219ti","description":"\u0218tiri \u0219i investiga\u021bii esen\u021biale din capital\u0103","publisher":{"@id":"https:\/\/buletin.de\/bucuresti\/#organization"},"potentialAction":[{"@type":"SearchAction","target":{"@type":"EntryPoint","urlTemplate":"https:\/\/buletin.de\/bucuresti\/?s={search_term_string}"},"query-input":{"@type":"PropertyValueSpecification","valueRequired":true,"valueName":"search_term_string"}}],"inLanguage":"en-GB"},{"@type":"Organization","@id":"https:\/\/buletin.de\/bucuresti\/#organization","name":"Buletin de Bucure\u0219ti","url":"https:\/\/buletin.de\/bucuresti\/","logo":{"@type":"ImageObject","inLanguage":"en-GB","@id":"https:\/\/buletin.de\/bucuresti\/#\/schema\/logo\/image\/","url":"https:\/\/buletin.de\/bucuresti\/wp-content\/uploads\/logo-bdb-full-wide-vernil-transparent.png","contentUrl":"https:\/\/buletin.de\/bucuresti\/wp-content\/uploads\/logo-bdb-full-wide-vernil-transparent.png","width":1782,"height":626,"caption":"Buletin de Bucure\u0219ti"},"image":{"@id":"https:\/\/buletin.de\/bucuresti\/#\/schema\/logo\/image\/"},"sameAs":["https:\/\/www.facebook.com\/buletin.de.buc","https:\/\/www.instagram.com\/buletinde.bucuresti\/"]},{"@type":"Person","@id":"https:\/\/buletin.de\/bucuresti\/#\/schema\/person\/31117187ed4d0bdb0a4c7d6acc79d0f8","name":"C\u0103t\u0103lin Dosca\u0219","image":{"@type":"ImageObject","inLanguage":"en-GB","@id":"https:\/\/buletin.de\/bucuresti\/wp-content\/uploads\/Catalin-Doscas-e1732731064764-96x96.jpga93e2943bb3b1c1f9ead823df6e6317a","url":"https:\/\/buletin.de\/bucuresti\/wp-content\/uploads\/Catalin-Doscas-e1732731064764-96x96.jpg","contentUrl":"https:\/\/buletin.de\/bucuresti\/wp-content\/uploads\/Catalin-Doscas-e1732731064764-96x96.jpg","caption":"C\u0103t\u0103lin Dosca\u0219"},"description":"Reporter \u0219i redactor-\u0219ef Buletin de Bucure\u0219ti. Lucreaz\u0103 \u00een mass-media de la v\u00e2rsta de 15 ani, c\u00e2nd a publicat primele articole \u00een presa local\u0103 din Tecuci. \u00cen Bucure\u0219ti a lucrat \u00een redac\u021bii radio ca reporter, redactor \u0219i prezentator (StudentFM, Na\u021bionalFM, Radio Total, Smart FM), unde a acoperit domeniile politic, economic, social \u0219i externe. Ulterior, a fost editor-coordonator al postului Realitatea FM. Experien\u021ba \u00een jurnalismul online a dob\u00e2ndit-o la portalul B365.ro, unde a fost editor. \u00cen 2012 s-a angajat \u00een televiziune. La Realitatea TV a fost, pe r\u00e2nd, reporter la sec\u021bia Social, reporter special la emisiunea de reportaje \u0219i anchete \u201eReporterii Realit\u0103\u021bii\u201d, dar \u0219i editor al jurnalelor de \u0219tiri. Ulterior, a f\u0103cut parte din sec\u021bia de Investiga\u021bii de la Digi24 \u0219i a lucrat la campania \u201eRom\u00e2nia furat\u0103\u201d. A revenit \u00een presa scris\u0103 \u00een 2017, ca reporter special, \u00een cadrul unui proiect de repozi\u021bionare a tabloidului Libertatea \u00een cotidian generalist. Este jurnalist Buletin de Bucure\u0219ti din 2019.","url":"https:\/\/buletin.de\/bucuresti\/author\/catalin\/"}]}},"authors":[{"term_id":22575,"user_id":10,"is_guest":0,"slug":"catalin","display_name":"C\u0103t\u0103lin Dosca\u0219","avatar_url":"https:\/\/buletin.de\/bucuresti\/wp-content\/uploads\/Catalin-Doscas-e1732731064764-96x96.jpg","0":null,"1":"","2":"","3":"","4":"","5":"","6":"","7":"","8":""}],"_links":{"self":[{"href":"https:\/\/buletin.de\/bucuresti\/wp-json\/wp\/v2\/posts\/38092","targetHints":{"allow":["GET"]}}],"collection":[{"href":"https:\/\/buletin.de\/bucuresti\/wp-json\/wp\/v2\/posts"}],"about":[{"href":"https:\/\/buletin.de\/bucuresti\/wp-json\/wp\/v2\/types\/post"}],"author":[{"embeddable":true,"href":"https:\/\/buletin.de\/bucuresti\/wp-json\/wp\/v2\/users\/10"}],"replies":[{"embeddable":true,"href":"https:\/\/buletin.de\/bucuresti\/wp-json\/wp\/v2\/comments?post=38092"}],"version-history":[{"count":14,"href":"https:\/\/buletin.de\/bucuresti\/wp-json\/wp\/v2\/posts\/38092\/revisions"}],"predecessor-version":[{"id":128903,"href":"https:\/\/buletin.de\/bucuresti\/wp-json\/wp\/v2\/posts\/38092\/revisions\/128903"}],"wp:featuredmedia":[{"embeddable":true,"href":"https:\/\/buletin.de\/bucuresti\/wp-json\/wp\/v2\/media\/34498"}],"wp:attachment":[{"href":"https:\/\/buletin.de\/bucuresti\/wp-json\/wp\/v2\/media?parent=38092"}],"wp:term":[{"taxonomy":"category","embeddable":true,"href":"https:\/\/buletin.de\/bucuresti\/wp-json\/wp\/v2\/categories?post=38092"},{"taxonomy":"post_tag","embeddable":true,"href":"https:\/\/buletin.de\/bucuresti\/wp-json\/wp\/v2\/tags?post=38092"},{"taxonomy":"author","embeddable":true,"href":"https:\/\/buletin.de\/bucuresti\/wp-json\/wp\/v2\/ppma_author?post=38092"}],"curies":[{"name":"wp","href":"https:\/\/api.w.org\/{rel}","templated":true}]}}