{"id":38047,"date":"2022-01-29T09:44:02","date_gmt":"2022-01-29T07:44:02","guid":{"rendered":"https:\/\/buletin.de\/bucuresti\/?p=38047"},"modified":"2022-01-29T10:14:27","modified_gmt":"2022-01-29T08:14:27","slug":"un-an-de-la-tragedia-de-la-matei-bals-nu-exista-vinovati-pavilionul-e-nefunctional-si-in-general-nu-s-a-schimbat-nimic","status":"publish","type":"post","link":"https:\/\/buletin.de\/bucuresti\/un-an-de-la-tragedia-de-la-matei-bals-nu-exista-vinovati-pavilionul-e-nefunctional-si-in-general-nu-s-a-schimbat-nimic\/","title":{"rendered":"Un an de la tragedia de la Matei Bal\u0219. Nu exist\u0103 vinova\u021bi, pavilionul e nefunc\u021bional \u0219i, \u00een general, nu s-a schimbat nimic"},"content":{"rendered":"\n<p class=\"has-light-green-cyan-background-color has-background\">Pe 29 ianuarie 2021, un incendiu devastator a distrus Pavilionul 5 al spitalului Matei Bal\u0219 din Capital\u0103. 5 oameni au murit pe loc, mult mai mul\u021bi dup\u0103, transfera\u021bi pe fug\u0103 \u00een alte spitale. Dup\u0103 declara\u021biile din zilele urm\u0103toare, c\u00e2nd mai marii \u021b\u0103rii promiteau anchete peste anchete \u0219i vinova\u021bii pu\u0219i la zid, s-a a\u0219ternut t\u0103cerea. O t\u0103cere asurzitoare care \u00eempline\u0219te un an. Pavilionul 5 de la Matei Bal\u0219 e \u00een continuare nefunc\u021bional, anchetele Parchetului de pe l\u00e2ng\u0103 Tribunalul Bucure\u0219ti \u0219i a DNA bat pasul pe loc, iar de atunci au mai murit \u0219i al\u021bi oameni ar\u0219i \u00een spitale.<\/p>\n\n\n\n<p>Buletin de Bucure\u0219ti a aflat c\u0103 pe masa procurorilor a ajuns raportul ISU privind cauza incendiului de la Matei Bal\u0219. Pompierii ne-au comunicat acest lucru pe <strong>17 mai 2021. <\/strong>Adic\u0103 <a href=\"http:\/\/ISUB \u0219tie cauza incendiului de la Matei Bal\u0219. Rezultatul anchetei, pe masa procurorilor\">acum<\/a> 9 luni, timp \u00een care nu a venit nicio veste de la anchetatori. Nici de la Parchetul de pe langa Tribunalul Bucuresti \u0219i nici de la DNA, institu\u021bii care au deschis dosare separate privind evenimentele din ziua de 29 ianuarie 2021. <strong>Nimeni nu ancheteaz\u0103 direct moartea celor 24 de oameni. <\/strong><\/p>\n\n\n\n<figure class=\"wp-block-image\"><img decoding=\"async\" src=\"data:image\/gif;base64,R0lGODlhAQABAAAAACH5BAEKAAEALAAAAAABAAEAAAICTAEAOw==\" data-src=\"https:\/\/buletin.de\/bucuresti\/wp-content\/uploads\/image-689.png\" class=\"lazyload\" alt=\"\"\/><figcaption>R\u0103spuns ISU BIf pentru Buletin de Bucure\u0219ti<\/figcaption><\/figure>\n\n\n\n<h2 class=\"wp-block-heading\">Dosare in rem, vinova\u021bii f\u0103r\u0103 nume<\/h2>\n\n\n\n<p>Parchetul de pe l\u00e2ng\u0103 Tribunalul Bucure\u0219ti, acolo unde se afl\u0103 dosarul deschis dup\u0103 incendiul devastator, nu cerceteaz\u0103 uciderea din culp\u0103. Procurorii ancheteaz\u0103 acuza\u021bia de <em><strong>distrugere din culp\u0103 care a avut ca urmare dezastrul<\/strong>, <\/em>a\u0219a cum se men\u021bioneaz\u0103 \u00eentr-un r\u0103spuns trimis de Parchet pentru <a href=\"https:\/\/romania.europalibera.org\/a\/incendiu-neamt-acuzare\/31535465.html\"><strong>Europa Liber\u0103<\/strong><\/a> la sf\u00e2r\u0219itul lui octombrie 2021.<\/p>\n\n\n\n<p>\u201eDosarul nr 477\/P\/2021 are ca obiect infrac\u021biunea de distrugere din culp\u0103 care a avut ca urmare dezastrul \u0219i se refer\u0103 la incendiul survenit \u00een data de 29.01.2021 la Institutul Na\u021bional de Boli Infec\u021bioase \u201eMatei Bal\u0219\u201d Bucure\u0219ti, care a avut ca urmare distrugerea \u0219i degradarea pavilionului V al unit\u0103\u021bii, precum \u0219i decesul mai multor pacien\u021bi interna\u021bi\u201d, scrie \u00een comunicatul Parchetului pentru Europa Liber\u0103.<\/p>\n\n\n\n<p>La DNA, dosarul Matei Bal\u0219 s-a deschis la cererea lui Florin C\u00ee\u021bu, premierul de la acea dat\u0103, \u0219i \u00een urma unei verific\u0103ri a Corpului de Control. Nici la parchetul anticorup\u021bie dosarul nu poart\u0103 nume, ci doar fapte, a\u0219a cum reiese din r\u0103spunsul primit de Buletin de Bucure\u0219ti.<\/p>\n\n\n\n<p> \u201e Aspectele la care face\u021bi referire \u00een solicitare fac obiectul unui dosar penal \u00een care se fac cercet\u0103ri in rem (fa\u021b\u0103 de fapte) iar \u00een acest moment alte detalii nu pot fi oferite. Nu sunt persoane care s\u0103 aib\u0103 calitate de suspect sau inculpat \u00een acest stadiu al urm\u0103ririi penale\u201d, se men\u021bioneaz\u0103 \u00een comunicatul DNA.<\/p>\n\n\n\n<p>\u0218i nici \u00een acest caz, lunile scurse de la dezastru nu au fost suficiente pentru a avea concluzii.<\/p>\n\n\n\n<figure class=\"wp-block-image size-large\"><img fetchpriority=\"high\" decoding=\"async\" width=\"900\" height=\"600\" src=\"data:image\/gif;base64,R0lGODlhAQABAAAAACH5BAEKAAEALAAAAAABAAEAAAICTAEAOw==\" data-src=\"https:\/\/buletin.de\/bucuresti\/wp-content\/uploads\/143996936_3820313514679257_6973534813458539077_n-900x600.jpg\" alt=\"\" class=\"wp-image-38082 lazyload\" data-sizes=\"auto\" data-srcset=\"https:\/\/buletin.de\/bucuresti\/wp-content\/uploads\/143996936_3820313514679257_6973534813458539077_n-900x600.jpg 900w, https:\/\/buletin.de\/bucuresti\/wp-content\/uploads\/143996936_3820313514679257_6973534813458539077_n-300x200.jpg 300w, https:\/\/buletin.de\/bucuresti\/wp-content\/uploads\/143996936_3820313514679257_6973534813458539077_n-768x512.jpg 768w, https:\/\/buletin.de\/bucuresti\/wp-content\/uploads\/143996936_3820313514679257_6973534813458539077_n-1536x1024.jpg 1536w, https:\/\/buletin.de\/bucuresti\/wp-content\/uploads\/143996936_3820313514679257_6973534813458539077_n-1060x706.jpg 1060w, https:\/\/buletin.de\/bucuresti\/wp-content\/uploads\/143996936_3820313514679257_6973534813458539077_n-550x367.jpg 550w, https:\/\/buletin.de\/bucuresti\/wp-content\/uploads\/143996936_3820313514679257_6973534813458539077_n-750x500.jpg 750w, https:\/\/buletin.de\/bucuresti\/wp-content\/uploads\/143996936_3820313514679257_6973534813458539077_n-1920x1280.jpg 1920w, https:\/\/buletin.de\/bucuresti\/wp-content\/uploads\/143996936_3820313514679257_6973534813458539077_n-1620x1080.jpg 1620w, https:\/\/buletin.de\/bucuresti\/wp-content\/uploads\/143996936_3820313514679257_6973534813458539077_n-600x400.jpg 600w, https:\/\/buletin.de\/bucuresti\/wp-content\/uploads\/143996936_3820313514679257_6973534813458539077_n.jpg 2000w\" sizes=\"(max-width: 900px) 100vw, 900px\" \/><figcaption><em>Sursa Facebook B1TV<\/em><\/figcaption><\/figure>\n\n\n\n<h2 class=\"wp-block-heading\">Raportul Corpului de Control &#8211; singurele concluzii clare<\/h2>\n\n\n\n<p>\u00cen documentul publicat pe 10 martie 2021, inspectorii vorbeau de deficien\u021be grave: lipsa senzorilor de incendiu, instala\u021bia electric\u0103 subdimensionat\u0103, exploatare necorespunz\u0103toare a instala\u021biei electrice.  Dar \u0219i supravegherea necorespunz\u0103toare a pacien\u021bilor care au fost cuprin\u0219i de foc \u00eenainte ca cineva s\u0103 sesizeze asta. <\/p>\n\n\n\n<p>O <a href=\"http:\/\/Institutul Matei Bal\u0219, contract pentru servicii de pompieri cu o firm\u0103 privat\u0103 cu zero angaja\u021bi\">parte<\/a> dintre concluziile raportului <a href=\"http:\/\/Firma privat\u0103 care asigura servicii de pompieri la Matei Bal\u0219, f\u0103r\u0103 acreditare ISU\">fuseser\u0103<\/a> descoperite de jurnali\u0219ti, care \u00een ziua incendiului au scos la iveal\u0103 c\u0103 firma pentru care spitalul pl\u0103tea o sum\u0103 fabuloas\u0103 pentru servicii de pompieri, nu avea voie legal s\u0103 fac\u0103 acest lucru. <\/p>\n\n\n\n<p>\u00centregul raport al Corpului de Control al primului ministru \u00eel pute\u021bi citi mai jos.<\/p>\n\n\n\n<pre class=\"wp-block-preformatted\">1. Infrastructura veche (pavilionul nr. 5 a fost construit \u00een anul 1953), de\u0219i avea aviz de securitate la incendiu nr.16\/20\/SU-B-IF-A din 27.03.2020, a func\u021bionat f\u0103r\u0103 autoriza\u021bie de securitate la incendiu.\n Neconformit\u0103\u021bi: \n- pere\u021bii c\u0103ilor de evacuare (\u00een fapt, pere\u021bii dintre saloane \u0219i culoarul de acces) nu erau rezisten\u021bi la foc, fiind realiza\u021bi dintr-un parapet de zid\u0103rie cu \u00een\u0103l\u021bime de 1,2 m \u0219i sticl\u0103. At\u00e2t prin raportul de expertiz\u0103 tehnic\u0103, c\u00e2t \u0219i prin avizul de securitate la incendiu, s-a propus \u00eenlocuirea sticlei cu elemente de zid\u0103rie. Acest aspect ar fi putut \u00eempiedica propagarea rapid\u0103 a focului \u0219i fumului din salonul incendiat la saloanele \u00eenvecinate.\n- instala\u021bia de detectare, semnalizare \u0219i alarmare la incendiu nu era cu acoperire total\u0103, fiind supravegheate doar culoarele, birourile, camerele medicilor \u0219i asistentelor.\n- \u00een interior nu sunt prev\u0103zute dispozitive de alarmare optice \u0219i\/sau acustice. \n- lucr\u0103rile de conformare a construc\u021biei la cerin\u021ba securitate la incendiu nu au demarat, fapt pentru care, la momentul producerii incendiului, la nivelul pavilionului se reg\u0103seau cele dou\u0103 neconformit\u0103\u021bi enumerate mai sus, a c\u0103ror rezolvare ar fi putut reduce semnificativ consecin\u021bele.\n- exploatarea necorespunz\u0103toare a cl\u0103dirii (improviza\u021bii sau supra\u00eenc\u0103rc\u0103ri ale instala\u021biei electrice, utilizarea necorespunz\u0103toare a buteliilor cu gaze, mentenan\u021ba necorespunz\u0103toare a instala\u021biilor de detectare, semnalizare, alarmare \u0219i stingere a incendiilor, blocarea c\u0103ilor de evacuare sau reducerea gabaritului acestora, lipsa sau mentenan\u021ba necorespunz\u0103toare a sting\u0103toarelor de incendiu etc.) poate conduce la izbucnirea unor incendii \u0219i la imposibilitatea asigur\u0103rii unei prime interven\u021bii optime, aspecte care pot conduce la un num\u0103r mare de victime din r\u00e2ndul utilizatorilor.\n2.\tInstala\u021bia electric\u0103 proiectat\u0103 \u0219i executat\u0103 la nivelul anilor 2000-2001, subdimensionat\u0103 pentru necesit\u0103\u021bile actuale ale spitalului, respectiv suprasolicitarea acesteia prin \u00eenc\u0103rcarea cu consumatori de ultim\u0103 genera\u021bie (aparatur\u0103 medical\u0103, paturi electrice etc). Singurele lucr\u0103ri de \u00eenlocuire a instala\u021biilor electrice au fost realizate \u00een anul 2017 c\u00e2nd au fost schimbate \u0219apte tablouri electrice la etajul 3 \u0219i mansarda din Pavilionul V.\n3.\tConsum foarte mare de oxigen medical, \u00een tratarea acestor forme de infec\u021bii cu Sars-Cov2. (majoritatea pacien\u021bilor primeau O2, at\u00e2t prin narine, c\u00e2t \u0219i prin masc\u0103, conectate la instala\u021bia de oxigen din perete) a alimentat producerea incendiului \u0219i explozie. Aceste aspecte sunt de competen\u021ba, \u00een special, a exper\u021bilor \u0219i a organelor de urm\u0103rire penal\u0103. \n- este strict interzis\u0103 manipularea\/utilizarea acestor dispozitive de c\u0103tre pacien\u021bi, aceasta fiind realizat\u0103 numai de personalul medical, aspect care \u021bine cu prec\u0103dere de ancheta penal\u0103.\n-  la momentul izbucnirii incendiului, \u00een cadrul Pavilionului nr. V, erau \u00een folosin\u021b\u0103 86 de prize de oxigen suplimentare fa\u021b\u0103 de re\u021beaua ini\u021bial\u0103 de oxigen, la care se ad\u0103ugau tuburi de oxigen medical destinate strict transportului pacien\u021bilor \u0219i nu utiliz\u0103rii ca surs\u0103 suplimentar\u0103 de oxigen pentru pacien\u021bi, acest aspect fiind de asemenea de resortul anchetei penale.\n4.\tSupraveghere deficitar\u0103 a bolnavilor din partea personalului medical aflat \u00een serviciu, cu prec\u0103dere \u00een intervalul orar 01.00-05.00 diminea\u021ba.\n\u00centruc\u00e2t \u00een paralel la nivelul Parchetului de pe l\u00e2ng\u0103 Tribunalului Bucure\u0219ti este \u00eenregistrat un dosar penal av\u00e2nd ca obiect uciderea din culp\u0103, ca urmare a incendiului produs din care au rezultat pierderi de vie\u021bi omene\u0219ti, iar din analiza tuturor notelor de rela\u021bii rezult\u0103 date \u0219i informa\u021bii ce pot fi utile instrument\u0103rii cauzei, precum \u0219i anumite neconcordan\u021be cu privire la prezen\u021ba asistentelor\/infirmierelor \u00een saloanele de la parterul pavilionului nr. 5, raportul de control al CCPM, \u00eenso\u021bit de documentele la care face referire, va fi transmis acestei unit\u0103\u021bi de parchet pentru a fi valorificat \u00een cadrul dosarului penal.\n5.\t Lipsa senzorilor de fum \u0219i detec\u021bie a oxigenului \u00een cadrul saloanelor \u0219i holurilor cl\u0103dirilor respective\n6.\tLipsa supravegherii video la nivelul holurilor pavilionului 5, aspect ce ar fi favorizat observarea din timp a incendiului, reprezent\u00e2nd totodat\u0103 un martor obiectiv al desf\u0103\u0219ur\u0103rii \u00eentregii activit\u0103\u021bi medicale\/nemedicale din cl\u0103dire. \n7.\tReac\u021bie \u00eent\u00e2rziat\u0103 \u0219i deficitar\u0103 din partea pompierului de serviciu din noaptea respectiv\u0103. \n8. Asigurarea serviciilor \u00een domeniul interven\u021biilor \u00een situa\u021bii de urgen\u021b\u0103 cu o firm\u0103 ce nu era avizat\u0103 de IGSU \u0219i nu era organizat\u0103 pentru a putea asigura cerin\u021bele obligatorii \u00eentr-o unitate spitaliceasc\u0103 cu un num\u0103r de 640 de paturi. (respectiv asigurarea unui \u0219ef serviciu, compartiment pentru prevenire, dou\u0103 sau mai multe grupe de interven\u021bie care \u00eencadreaz\u0103 autospecialele de stingere cu ap\u0103 \u0219i spum\u0103 \u0219i, dup\u0103 caz, una sau mai multe echipe specializate, atelier de repara\u021bii \u0219i dispecerat). \nCu privire la acest aspect, Corpul de control al prim-ministrului a formulat o sesizare penal\u0103 la P\u00ceCCJ - Direc\u021bia Na\u021bional\u0103 Anticorup\u021bie.\n9.\tPrezen\u021ba \u00een pavilioanele Institutului (at\u00e2t pe holuri, birouri, bloc alimentar, saloane) a aparatelor electrice sau surse de aprindere \u0219i care nu intr\u0103 \u00een categoria aparaturii medicale, respectiv: cuptor cu microunde, l\u0103mpi de iluminat, prize electrice, panou electric aferent paturilor, televizor, frigidere, brichete etc.<\/pre>\n\n\n\n<figure class=\"wp-block-image size-large\"><img decoding=\"async\" width=\"900\" height=\"600\" src=\"data:image\/gif;base64,R0lGODlhAQABAAAAACH5BAEKAAEALAAAAAABAAEAAAICTAEAOw==\" data-src=\"https:\/\/buletin.de\/bucuresti\/wp-content\/uploads\/ID157550_INQUAM_Photos_Octav_Ganea-900x600.jpg\" alt=\"\" class=\"wp-image-18954 lazyload\" data-sizes=\"auto\" data-srcset=\"https:\/\/buletin.de\/bucuresti\/wp-content\/uploads\/ID157550_INQUAM_Photos_Octav_Ganea-900x600.jpg 900w, https:\/\/buletin.de\/bucuresti\/wp-content\/uploads\/ID157550_INQUAM_Photos_Octav_Ganea-300x200.jpg 300w, https:\/\/buletin.de\/bucuresti\/wp-content\/uploads\/ID157550_INQUAM_Photos_Octav_Ganea-768x512.jpg 768w, https:\/\/buletin.de\/bucuresti\/wp-content\/uploads\/ID157550_INQUAM_Photos_Octav_Ganea-1536x1024.jpg 1536w, https:\/\/buletin.de\/bucuresti\/wp-content\/uploads\/ID157550_INQUAM_Photos_Octav_Ganea-2048x1365.jpg 2048w, https:\/\/buletin.de\/bucuresti\/wp-content\/uploads\/ID157550_INQUAM_Photos_Octav_Ganea-1060x707.jpg 1060w, https:\/\/buletin.de\/bucuresti\/wp-content\/uploads\/ID157550_INQUAM_Photos_Octav_Ganea-550x367.jpg 550w, https:\/\/buletin.de\/bucuresti\/wp-content\/uploads\/ID157550_INQUAM_Photos_Octav_Ganea-750x500.jpg 750w, https:\/\/buletin.de\/bucuresti\/wp-content\/uploads\/ID157550_INQUAM_Photos_Octav_Ganea-1920x1280.jpg 1920w, https:\/\/buletin.de\/bucuresti\/wp-content\/uploads\/ID157550_INQUAM_Photos_Octav_Ganea-1620x1080.jpg 1620w, https:\/\/buletin.de\/bucuresti\/wp-content\/uploads\/ID157550_INQUAM_Photos_Octav_Ganea-600x400.jpg 600w\" sizes=\"(max-width: 900px) 100vw, 900px\" \/><figcaption><em>Sursa Foto Octav Ganea &#8211; INQUAM<\/em><\/figcaption><\/figure>\n\n\n\n<h2 class=\"wp-block-heading\">Pavilonul 5, \u00eenc\u0103 nefunc\u021bional total<\/h2>\n\n\n\n<p>\u00cen penultima zi a lui 2021, actualul ministru Alexandru Rafila a mers \u00een vizit\u0103 la Matei Bal\u0219. \u0218i dac\u0103 \u00een august i se p\u0103rea incredibil c\u0103 doar o treime din paturile din acel pavilion sunt func\u021bionale, c\u00e2nd ministru era altcineva, \u00een decembrie la Matei Bal\u0219 se lucra <em>\u00een plin.<\/em><\/p>\n\n\n\n<p><strong>20 august 2021<\/strong><\/p>\n\n\n\n<p>&#8220;Mie mi se pare absolut incredibil faptul c\u0103 Ministerul S\u0103n\u0103t\u0103\u0163ii, \u00een subordinea c\u0103ruia este Institutul Na\u0163ional de Boli Infec\u0163ioase Matei Bal\u015f, nu a f\u0103cut absolut nimic \u015fi auzeam de la doamna ministru c\u0103 la \u00eenceputul valului trei a \u00eenceput preg\u0103tirea pentru valul patru. \u201d, a declarat Alexandru Rafila pe 20 august la Digi 24.<\/p>\n\n\n\n<p><strong>30 decembrie 2021<\/strong><\/p>\n\n\n\n<p>&#8220;La Institutul Matei Bal\u015f se lucreaz\u0103 intens pentru redarea \u00een circuitul medical al acestui pavilion, 3 etaje cu circa 100 de paturi, cu oxigen \u015fi medici foarte buni, vor fi preg\u0103ti\u0163i \u00een luna ianuarie s\u0103 acorde asisten\u0163\u0103 medical\u0103\u201d, a declarat Alexandru Rafila pe 30 decembrie.<\/p>\n\n\n\n<p>\u00cen fa\u021ba ministrului, managerul spitalului promite c\u0103 \u00een ianuarie pavilionul va fi total func\u021bional. <\/p>\n\n\n\n<p>&#8220;Pavilionul V al Institutului Na\u0163ional de Boli Infec\u0163ioase Matei Bal\u015f, cu 100 de paturi cu terapie acut\u0103, va fi redat circuitului medical \u00eencep\u00e2nd din luna ianuarie 2022, dup\u0103 ce vor fi finalizate lucr\u0103rile de reabilitare a cl\u0103dirii&#8221;, a spus C\u0103t\u0103lin Apostolescu, managerul Institutului, \u00een timpul vizitei ministrului din luna decembrie.<\/p>\n\n\n\n<p>\u0218i tot managerul a explicat \u0219i ce lucr\u0103ri s-au f\u0103cut. Adic\u0103 tot ce ar fi trebuit s\u0103 existe \u00een spital ca o tragedie ca cea din ianuarie 2021 s\u0103 nu se produc\u0103 niciodat\u0103.<\/p>\n\n\n\n<p>\u201eNu ne-am mul\u0163umit s\u0103 d\u0103m \u00een folosin\u0163\u0103 pavilionul V a\u015fa cum era \u00eenainte de incendiu, ci s\u0103 facem \u015fi o serie de \u00eembun\u0103t\u0103\u0163iri, astfel \u00eenc\u00e2t s\u0103 putem ob\u0163ine f\u0103r\u0103 probleme autoriza\u0163ie de func\u0163ionare. Am \u00eenlocuit \u00een trei din cele patru nivele ale pavilionului toat\u0103 instala\u0163ia electric\u0103 (cabluri, prize, corpuri de iluminat), am montat senzori de incendiu \u00een fiecare camer\u0103. Mai avem de montat ni\u015fte u\u015fi antiincendiu, pe care deja le-am primit, \u015fi urmeaz\u0103 s\u0103 le mont\u0103m imediat dup\u0103 Revelion, \u00een a\u015fa fel \u00eenc\u00e2t \u00een cursul lunii ianuarie s\u0103 putem s\u0103 d\u0103m \u00een folosin\u0163\u0103 aceste paturi. Nu sunt paturi obi\u015fnuite, ci sunt paturi de terapie acut\u0103, pentru c\u0103 toate au oxigen \u00een cadrul unei instala\u0163ii noi\u201d, a explicat C\u0103t\u0103lin Apostolescu.<\/p>\n\n\n\n<p>Ast\u0103zi este 29 ianuarie. Pavilionul 5 nu este \u00eenc\u0103 func\u021bional.<\/p>\n\n\n<p><iframe src=\"https:\/\/www.facebook.com\/plugins\/video.php?height=314&#038;href=https%3A%2F%2Fwww.facebook.com%2FMinisterulSanatatii%2Fvideos%2F630285011429138%2F&#038;show_text=false&#038;width=560&#038;t=0\" width=\"560\" height=\"314\" style=\"border:none;overflow:hidden\" scrolling=\"no\" frameborder=\"0\" allowfullscreen=\"true\" allow=\"autoplay; clipboard-write; encrypted-media; picture-in-picture; web-share\" allowFullScreen=\"true\"><\/iframe><\/p>\n\n\n\n<h2 class=\"wp-block-heading\">Alte 6 spitale au ars de atunci<\/h2>\n\n\n\n<p><strong>21 februarie 2021<\/strong> &#8211; Alert\u0103 de incendiu la Institutul Marius Nasta din cauza unor degaj\u0103ri de fum la unitatea mobil\u0103 ATI din curtea spitalului. \u00cen tirul ATI se aflau 7 pacien\u021bi care au fost sco\u0219i \u00een timp util. Nimeni nu a fost r\u0103nit<\/p>\n\n\n\n<p><strong>8 martie 2021<\/strong> &#8211; Un incendiu a cuprins Spitalul de Psihiatrie din Craiova. Focul a pornit \u00eentr-un salon dup\u0103 ce un pacient a dat foc unei saltele. Trei cadre medicale au au s\u0103rit de la etajul 1 al cl\u0103dirii \u0219i au suferit fracturi la membrele inferioare. Alte zeci de persoane au fost evacuate. <\/p>\n\n\n\n<p><strong>21 aprilie 2021 <\/strong>&#8211; Incendiu la Sec\u021bia de Psihiatrie a Spitalului Jude\u021bean din Slatina. Focul care a cuprins dou\u0103 niveluri a pornit din izolator, de la un pacient \u00een sevraj. To\u021bi pacien\u021bii sec\u021biei au fost evacua\u021bi. 6 persoane au fost intoxicate cu fum.<\/p>\n\n\n\n<p><strong>24 iulie 2021 <\/strong>&#8211; Incendiu \u00eentr-un bloc operator de la Spitalul Jude\u021bean din Constan\u021ba. Nimeni nu a fost r\u0103nit.<\/p>\n\n\n\n<p><strong>1 octombrie 2021<\/strong> &#8211; 7 oameni au murit \u00eentr-un incendiu devastator la sec\u021bia ATI a Spitalului Jude\u021bean din Constan\u021ba. Raed Arafat: \u201eInstala\u021bia de detectare la incendiu nu exista. Nereguli la instala\u021biile electrice \u0219i improviza\u021bii\u201d. Cauza oficial\u0103 a incendiului nu a fost anun\u021bat\u0103. Exist\u0103 specula\u021bii c\u0103 focul ar fi pornit de la un corp de iluminat.<\/p>\n\n\n\n<p><strong>11 noiembrie 2021<\/strong>&nbsp;\u2013 2 oameni au murit \u00een focul izbucnit la Spitalul suport Covid Movila din Ploie\u0219ti. Al\u0163i 18 bolnavi au fost evacua\u021bi.  Nici \u00een acest caz nu a fost comunicat oficial de unde a pornit focul.<\/p>\n\n\n\n<p><em>Sursa foto cover: Facebook Digi24<\/em><\/p>\n","protected":false},"excerpt":{"rendered":"<p>Pe 29 ianuarie 2021, un incendiu devastator a distrus Pavilionul 5 al spitalului Matei Bal\u0219 din Capital\u0103. 5 oameni au murit pe loc, mult mai mul\u021bi dup\u0103, transfera\u021bi pe fug\u0103 \u00een alte spitale. Dup\u0103 declara\u021biile din zilele urm\u0103toare, c\u00e2nd mai marii \u021b\u0103rii promiteau anchete peste anchete \u0219i vinova\u021bii pu\u0219i la zid, s-a a\u0219ternut t\u0103cerea. O [&hellip;]<\/p>\n","protected":false},"author":18,"featured_media":24813,"comment_status":"closed","ping_status":"open","sticky":false,"template":"","format":"standard","meta":{"_acf_changed":false,"inline_featured_image":false,"ngg_post_thumbnail":0,"footnotes":""},"categories":[3419,62],"tags":[3911,1934,341,539,3910],"ppma_author":[22579],"class_list":["post-38047","post","type-post","status-publish","format-standard","has-post-thumbnail","hentry","category-featured","category-stiri","tag-anchete","tag-cauza","tag-incendiu","tag-matei-bals","tag-un-an"],"acf":[],"yoast_head":"<!-- This site is optimized with the Yoast SEO Premium plugin v25.3 (Yoast SEO v27.4) - https:\/\/yoast.com\/product\/yoast-seo-premium-wordpress\/ -->\n<title>Un an de la tragedia de la Matei Bal\u0219. Nu exist\u0103 vinova\u021bi, pavilionul e nefunc\u021bional \u0219i, \u00een general, nu s-a schimbat nimic - Buletin de Bucure\u0219ti<\/title>\n<meta name=\"robots\" content=\"index, follow, max-snippet:-1, max-image-preview:large, max-video-preview:-1\" \/>\n<link rel=\"canonical\" href=\"https:\/\/buletin.de\/bucuresti\/un-an-de-la-tragedia-de-la-matei-bals-nu-exista-vinovati-pavilionul-e-nefunctional-si-in-general-nu-s-a-schimbat-nimic\/\" \/>\n<meta property=\"og:locale\" content=\"en_GB\" \/>\n<meta property=\"og:type\" content=\"article\" \/>\n<meta property=\"og:title\" content=\"Un an de la tragedia de la Matei Bal\u0219. Nu exist\u0103 vinova\u021bi, pavilionul e nefunc\u021bional \u0219i, \u00een general, nu s-a schimbat nimic\" \/>\n<meta property=\"og:description\" content=\"Pe 29 ianuarie 2021, un incendiu devastator a distrus Pavilionul 5 al spitalului Matei Bal\u0219 din Capital\u0103. 5 oameni au murit pe loc, mult mai mul\u021bi dup\u0103, transfera\u021bi pe fug\u0103 \u00een alte spitale. Dup\u0103 declara\u021biile din zilele urm\u0103toare, c\u00e2nd mai marii \u021b\u0103rii promiteau anchete peste anchete \u0219i vinova\u021bii pu\u0219i la zid, s-a a\u0219ternut t\u0103cerea. O [&hellip;]\" \/>\n<meta property=\"og:url\" content=\"https:\/\/buletin.de\/bucuresti\/un-an-de-la-tragedia-de-la-matei-bals-nu-exista-vinovati-pavilionul-e-nefunctional-si-in-general-nu-s-a-schimbat-nimic\/\" \/>\n<meta property=\"og:site_name\" content=\"Buletin de Bucure\u0219ti\" \/>\n<meta property=\"article:publisher\" content=\"https:\/\/www.facebook.com\/buletin.de.buc\" \/>\n<meta property=\"article:published_time\" content=\"2022-01-29T07:44:02+00:00\" \/>\n<meta property=\"article:modified_time\" content=\"2022-01-29T08:14:27+00:00\" \/>\n<meta property=\"og:image\" content=\"https:\/\/buletin.de\/bucuresti\/wp-content\/uploads\/144739296_4247563778596140_2892842598768103526_n.jpg\" \/>\n\t<meta property=\"og:image:width\" content=\"780\" \/>\n\t<meta property=\"og:image:height\" content=\"440\" \/>\n\t<meta property=\"og:image:type\" content=\"image\/jpeg\" \/>\n<meta name=\"author\" content=\"Teodora Stroe\" \/>\n<meta name=\"twitter:card\" content=\"summary_large_image\" \/>\n<meta name=\"twitter:label1\" content=\"Written by\" \/>\n\t<meta name=\"twitter:data1\" content=\"Teodora Stroe\" \/>\n\t<meta name=\"twitter:label2\" content=\"Estimated reading time\" \/>\n\t<meta name=\"twitter:data2\" content=\"10 minutes\" \/>\n<script type=\"application\/ld+json\" class=\"yoast-schema-graph\">{\"@context\":\"https:\\\/\\\/schema.org\",\"@graph\":[{\"@type\":\"Article\",\"@id\":\"https:\\\/\\\/buletin.de\\\/bucuresti\\\/un-an-de-la-tragedia-de-la-matei-bals-nu-exista-vinovati-pavilionul-e-nefunctional-si-in-general-nu-s-a-schimbat-nimic\\\/#article\",\"isPartOf\":{\"@id\":\"https:\\\/\\\/buletin.de\\\/bucuresti\\\/un-an-de-la-tragedia-de-la-matei-bals-nu-exista-vinovati-pavilionul-e-nefunctional-si-in-general-nu-s-a-schimbat-nimic\\\/\"},\"author\":{\"name\":\"Teodora Stroe\",\"@id\":\"https:\\\/\\\/buletin.de\\\/bucuresti\\\/#\\\/schema\\\/person\\\/d369d7ddc775abece205795e0b804614\"},\"headline\":\"Un an de la tragedia de la Matei Bal\u0219. Nu exist\u0103 vinova\u021bi, pavilionul e nefunc\u021bional \u0219i, \u00een general, nu s-a schimbat nimic\",\"datePublished\":\"2022-01-29T07:44:02+00:00\",\"dateModified\":\"2022-01-29T08:14:27+00:00\",\"mainEntityOfPage\":{\"@id\":\"https:\\\/\\\/buletin.de\\\/bucuresti\\\/un-an-de-la-tragedia-de-la-matei-bals-nu-exista-vinovati-pavilionul-e-nefunctional-si-in-general-nu-s-a-schimbat-nimic\\\/\"},\"wordCount\":1286,\"publisher\":{\"@id\":\"https:\\\/\\\/buletin.de\\\/bucuresti\\\/#organization\"},\"image\":{\"@id\":\"https:\\\/\\\/buletin.de\\\/bucuresti\\\/un-an-de-la-tragedia-de-la-matei-bals-nu-exista-vinovati-pavilionul-e-nefunctional-si-in-general-nu-s-a-schimbat-nimic\\\/#primaryimage\"},\"thumbnailUrl\":\"https:\\\/\\\/buletin.de\\\/bucuresti\\\/wp-content\\\/uploads\\\/144739296_4247563778596140_2892842598768103526_n.jpg\",\"keywords\":[\"anchete\",\"cauza\",\"incendiu\",\"matei bals\",\"un an\"],\"articleSection\":[\"Featured\",\"\u0218tiri\"],\"inLanguage\":\"en-GB\",\"copyrightYear\":\"2022\",\"copyrightHolder\":{\"@id\":\"https:\\\/\\\/buletin.de\\\/bucuresti\\\/#organization\"}},{\"@type\":\"WebPage\",\"@id\":\"https:\\\/\\\/buletin.de\\\/bucuresti\\\/un-an-de-la-tragedia-de-la-matei-bals-nu-exista-vinovati-pavilionul-e-nefunctional-si-in-general-nu-s-a-schimbat-nimic\\\/\",\"url\":\"https:\\\/\\\/buletin.de\\\/bucuresti\\\/un-an-de-la-tragedia-de-la-matei-bals-nu-exista-vinovati-pavilionul-e-nefunctional-si-in-general-nu-s-a-schimbat-nimic\\\/\",\"name\":\"Un an de la tragedia de la Matei Bal\u0219. Nu exist\u0103 vinova\u021bi, pavilionul e nefunc\u021bional \u0219i, \u00een general, nu s-a schimbat nimic - Buletin de Bucure\u0219ti\",\"isPartOf\":{\"@id\":\"https:\\\/\\\/buletin.de\\\/bucuresti\\\/#website\"},\"primaryImageOfPage\":{\"@id\":\"https:\\\/\\\/buletin.de\\\/bucuresti\\\/un-an-de-la-tragedia-de-la-matei-bals-nu-exista-vinovati-pavilionul-e-nefunctional-si-in-general-nu-s-a-schimbat-nimic\\\/#primaryimage\"},\"image\":{\"@id\":\"https:\\\/\\\/buletin.de\\\/bucuresti\\\/un-an-de-la-tragedia-de-la-matei-bals-nu-exista-vinovati-pavilionul-e-nefunctional-si-in-general-nu-s-a-schimbat-nimic\\\/#primaryimage\"},\"thumbnailUrl\":\"https:\\\/\\\/buletin.de\\\/bucuresti\\\/wp-content\\\/uploads\\\/144739296_4247563778596140_2892842598768103526_n.jpg\",\"datePublished\":\"2022-01-29T07:44:02+00:00\",\"dateModified\":\"2022-01-29T08:14:27+00:00\",\"breadcrumb\":{\"@id\":\"https:\\\/\\\/buletin.de\\\/bucuresti\\\/un-an-de-la-tragedia-de-la-matei-bals-nu-exista-vinovati-pavilionul-e-nefunctional-si-in-general-nu-s-a-schimbat-nimic\\\/#breadcrumb\"},\"inLanguage\":\"en-GB\",\"potentialAction\":[{\"@type\":\"ReadAction\",\"target\":[\"https:\\\/\\\/buletin.de\\\/bucuresti\\\/un-an-de-la-tragedia-de-la-matei-bals-nu-exista-vinovati-pavilionul-e-nefunctional-si-in-general-nu-s-a-schimbat-nimic\\\/\"]}]},{\"@type\":\"ImageObject\",\"inLanguage\":\"en-GB\",\"@id\":\"https:\\\/\\\/buletin.de\\\/bucuresti\\\/un-an-de-la-tragedia-de-la-matei-bals-nu-exista-vinovati-pavilionul-e-nefunctional-si-in-general-nu-s-a-schimbat-nimic\\\/#primaryimage\",\"url\":\"https:\\\/\\\/buletin.de\\\/bucuresti\\\/wp-content\\\/uploads\\\/144739296_4247563778596140_2892842598768103526_n.jpg\",\"contentUrl\":\"https:\\\/\\\/buletin.de\\\/bucuresti\\\/wp-content\\\/uploads\\\/144739296_4247563778596140_2892842598768103526_n.jpg\",\"width\":780,\"height\":440},{\"@type\":\"BreadcrumbList\",\"@id\":\"https:\\\/\\\/buletin.de\\\/bucuresti\\\/un-an-de-la-tragedia-de-la-matei-bals-nu-exista-vinovati-pavilionul-e-nefunctional-si-in-general-nu-s-a-schimbat-nimic\\\/#breadcrumb\",\"itemListElement\":[{\"@type\":\"ListItem\",\"position\":1,\"name\":\"Acas\u0103\",\"item\":\"https:\\\/\\\/buletin.de\\\/bucuresti\\\/\"},{\"@type\":\"ListItem\",\"position\":2,\"name\":\"Un an de la tragedia de la Matei Bal\u0219. Nu exist\u0103 vinova\u021bi, pavilionul e nefunc\u021bional \u0219i, \u00een general, nu s-a schimbat nimic\"}]},{\"@type\":\"WebSite\",\"@id\":\"https:\\\/\\\/buletin.de\\\/bucuresti\\\/#website\",\"url\":\"https:\\\/\\\/buletin.de\\\/bucuresti\\\/\",\"name\":\"Buletin de Bucure\u0219ti\",\"description\":\"\u0218tiri \u0219i investiga\u021bii esen\u021biale din capital\u0103\",\"publisher\":{\"@id\":\"https:\\\/\\\/buletin.de\\\/bucuresti\\\/#organization\"},\"potentialAction\":[{\"@type\":\"SearchAction\",\"target\":{\"@type\":\"EntryPoint\",\"urlTemplate\":\"https:\\\/\\\/buletin.de\\\/bucuresti\\\/?s={search_term_string}\"},\"query-input\":{\"@type\":\"PropertyValueSpecification\",\"valueRequired\":true,\"valueName\":\"search_term_string\"}}],\"inLanguage\":\"en-GB\"},{\"@type\":\"Organization\",\"@id\":\"https:\\\/\\\/buletin.de\\\/bucuresti\\\/#organization\",\"name\":\"Buletin de Bucure\u0219ti\",\"url\":\"https:\\\/\\\/buletin.de\\\/bucuresti\\\/\",\"logo\":{\"@type\":\"ImageObject\",\"inLanguage\":\"en-GB\",\"@id\":\"https:\\\/\\\/buletin.de\\\/bucuresti\\\/#\\\/schema\\\/logo\\\/image\\\/\",\"url\":\"https:\\\/\\\/buletin.de\\\/bucuresti\\\/wp-content\\\/uploads\\\/logo-bdb-full-wide-vernil-transparent.png\",\"contentUrl\":\"https:\\\/\\\/buletin.de\\\/bucuresti\\\/wp-content\\\/uploads\\\/logo-bdb-full-wide-vernil-transparent.png\",\"width\":1782,\"height\":626,\"caption\":\"Buletin de Bucure\u0219ti\"},\"image\":{\"@id\":\"https:\\\/\\\/buletin.de\\\/bucuresti\\\/#\\\/schema\\\/logo\\\/image\\\/\"},\"sameAs\":[\"https:\\\/\\\/www.facebook.com\\\/buletin.de.buc\",\"https:\\\/\\\/www.instagram.com\\\/buletinde.bucuresti\\\/\"]},{\"@type\":\"Person\",\"@id\":\"https:\\\/\\\/buletin.de\\\/bucuresti\\\/#\\\/schema\\\/person\\\/d369d7ddc775abece205795e0b804614\",\"name\":\"Teodora Stroe\",\"image\":{\"@type\":\"ImageObject\",\"inLanguage\":\"en-GB\",\"@id\":\"https:\\\/\\\/secure.gravatar.com\\\/avatar\\\/2560b4cd9f5f1bc100b123158e657d75584bd1c3e1d9c69285720b9457c1b78d?s=96&d=monsterid&r=gc104800242ba5f2d78dd5d7dc4df08b6\",\"url\":\"https:\\\/\\\/secure.gravatar.com\\\/avatar\\\/2560b4cd9f5f1bc100b123158e657d75584bd1c3e1d9c69285720b9457c1b78d?s=96&d=monsterid&r=g\",\"contentUrl\":\"https:\\\/\\\/secure.gravatar.com\\\/avatar\\\/2560b4cd9f5f1bc100b123158e657d75584bd1c3e1d9c69285720b9457c1b78d?s=96&d=monsterid&r=g\",\"caption\":\"Teodora Stroe\"},\"url\":\"https:\\\/\\\/buletin.de\\\/bucuresti\\\/author\\\/simonacarlugea\\\/\"}]}<\/script>\n<!-- \/ Yoast SEO Premium plugin. -->","yoast_head_json":{"title":"Un an de la tragedia de la Matei Bal\u0219. Nu exist\u0103 vinova\u021bi, pavilionul e nefunc\u021bional \u0219i, \u00een general, nu s-a schimbat nimic - Buletin de Bucure\u0219ti","robots":{"index":"index","follow":"follow","max-snippet":"max-snippet:-1","max-image-preview":"max-image-preview:large","max-video-preview":"max-video-preview:-1"},"canonical":"https:\/\/buletin.de\/bucuresti\/un-an-de-la-tragedia-de-la-matei-bals-nu-exista-vinovati-pavilionul-e-nefunctional-si-in-general-nu-s-a-schimbat-nimic\/","og_locale":"en_GB","og_type":"article","og_title":"Un an de la tragedia de la Matei Bal\u0219. Nu exist\u0103 vinova\u021bi, pavilionul e nefunc\u021bional \u0219i, \u00een general, nu s-a schimbat nimic","og_description":"Pe 29 ianuarie 2021, un incendiu devastator a distrus Pavilionul 5 al spitalului Matei Bal\u0219 din Capital\u0103. 5 oameni au murit pe loc, mult mai mul\u021bi dup\u0103, transfera\u021bi pe fug\u0103 \u00een alte spitale. Dup\u0103 declara\u021biile din zilele urm\u0103toare, c\u00e2nd mai marii \u021b\u0103rii promiteau anchete peste anchete \u0219i vinova\u021bii pu\u0219i la zid, s-a a\u0219ternut t\u0103cerea. O [&hellip;]","og_url":"https:\/\/buletin.de\/bucuresti\/un-an-de-la-tragedia-de-la-matei-bals-nu-exista-vinovati-pavilionul-e-nefunctional-si-in-general-nu-s-a-schimbat-nimic\/","og_site_name":"Buletin de Bucure\u0219ti","article_publisher":"https:\/\/www.facebook.com\/buletin.de.buc","article_published_time":"2022-01-29T07:44:02+00:00","article_modified_time":"2022-01-29T08:14:27+00:00","og_image":[{"width":780,"height":440,"url":"https:\/\/buletin.de\/bucuresti\/wp-content\/uploads\/144739296_4247563778596140_2892842598768103526_n.jpg","type":"image\/jpeg"}],"author":"Teodora Stroe","twitter_card":"summary_large_image","twitter_misc":{"Written by":"Teodora Stroe","Estimated reading time":"10 minutes"},"schema":{"@context":"https:\/\/schema.org","@graph":[{"@type":"Article","@id":"https:\/\/buletin.de\/bucuresti\/un-an-de-la-tragedia-de-la-matei-bals-nu-exista-vinovati-pavilionul-e-nefunctional-si-in-general-nu-s-a-schimbat-nimic\/#article","isPartOf":{"@id":"https:\/\/buletin.de\/bucuresti\/un-an-de-la-tragedia-de-la-matei-bals-nu-exista-vinovati-pavilionul-e-nefunctional-si-in-general-nu-s-a-schimbat-nimic\/"},"author":{"name":"Teodora Stroe","@id":"https:\/\/buletin.de\/bucuresti\/#\/schema\/person\/d369d7ddc775abece205795e0b804614"},"headline":"Un an de la tragedia de la Matei Bal\u0219. Nu exist\u0103 vinova\u021bi, pavilionul e nefunc\u021bional \u0219i, \u00een general, nu s-a schimbat nimic","datePublished":"2022-01-29T07:44:02+00:00","dateModified":"2022-01-29T08:14:27+00:00","mainEntityOfPage":{"@id":"https:\/\/buletin.de\/bucuresti\/un-an-de-la-tragedia-de-la-matei-bals-nu-exista-vinovati-pavilionul-e-nefunctional-si-in-general-nu-s-a-schimbat-nimic\/"},"wordCount":1286,"publisher":{"@id":"https:\/\/buletin.de\/bucuresti\/#organization"},"image":{"@id":"https:\/\/buletin.de\/bucuresti\/un-an-de-la-tragedia-de-la-matei-bals-nu-exista-vinovati-pavilionul-e-nefunctional-si-in-general-nu-s-a-schimbat-nimic\/#primaryimage"},"thumbnailUrl":"https:\/\/buletin.de\/bucuresti\/wp-content\/uploads\/144739296_4247563778596140_2892842598768103526_n.jpg","keywords":["anchete","cauza","incendiu","matei bals","un an"],"articleSection":["Featured","\u0218tiri"],"inLanguage":"en-GB","copyrightYear":"2022","copyrightHolder":{"@id":"https:\/\/buletin.de\/bucuresti\/#organization"}},{"@type":"WebPage","@id":"https:\/\/buletin.de\/bucuresti\/un-an-de-la-tragedia-de-la-matei-bals-nu-exista-vinovati-pavilionul-e-nefunctional-si-in-general-nu-s-a-schimbat-nimic\/","url":"https:\/\/buletin.de\/bucuresti\/un-an-de-la-tragedia-de-la-matei-bals-nu-exista-vinovati-pavilionul-e-nefunctional-si-in-general-nu-s-a-schimbat-nimic\/","name":"Un an de la tragedia de la Matei Bal\u0219. Nu exist\u0103 vinova\u021bi, pavilionul e nefunc\u021bional \u0219i, \u00een general, nu s-a schimbat nimic - Buletin de Bucure\u0219ti","isPartOf":{"@id":"https:\/\/buletin.de\/bucuresti\/#website"},"primaryImageOfPage":{"@id":"https:\/\/buletin.de\/bucuresti\/un-an-de-la-tragedia-de-la-matei-bals-nu-exista-vinovati-pavilionul-e-nefunctional-si-in-general-nu-s-a-schimbat-nimic\/#primaryimage"},"image":{"@id":"https:\/\/buletin.de\/bucuresti\/un-an-de-la-tragedia-de-la-matei-bals-nu-exista-vinovati-pavilionul-e-nefunctional-si-in-general-nu-s-a-schimbat-nimic\/#primaryimage"},"thumbnailUrl":"https:\/\/buletin.de\/bucuresti\/wp-content\/uploads\/144739296_4247563778596140_2892842598768103526_n.jpg","datePublished":"2022-01-29T07:44:02+00:00","dateModified":"2022-01-29T08:14:27+00:00","breadcrumb":{"@id":"https:\/\/buletin.de\/bucuresti\/un-an-de-la-tragedia-de-la-matei-bals-nu-exista-vinovati-pavilionul-e-nefunctional-si-in-general-nu-s-a-schimbat-nimic\/#breadcrumb"},"inLanguage":"en-GB","potentialAction":[{"@type":"ReadAction","target":["https:\/\/buletin.de\/bucuresti\/un-an-de-la-tragedia-de-la-matei-bals-nu-exista-vinovati-pavilionul-e-nefunctional-si-in-general-nu-s-a-schimbat-nimic\/"]}]},{"@type":"ImageObject","inLanguage":"en-GB","@id":"https:\/\/buletin.de\/bucuresti\/un-an-de-la-tragedia-de-la-matei-bals-nu-exista-vinovati-pavilionul-e-nefunctional-si-in-general-nu-s-a-schimbat-nimic\/#primaryimage","url":"https:\/\/buletin.de\/bucuresti\/wp-content\/uploads\/144739296_4247563778596140_2892842598768103526_n.jpg","contentUrl":"https:\/\/buletin.de\/bucuresti\/wp-content\/uploads\/144739296_4247563778596140_2892842598768103526_n.jpg","width":780,"height":440},{"@type":"BreadcrumbList","@id":"https:\/\/buletin.de\/bucuresti\/un-an-de-la-tragedia-de-la-matei-bals-nu-exista-vinovati-pavilionul-e-nefunctional-si-in-general-nu-s-a-schimbat-nimic\/#breadcrumb","itemListElement":[{"@type":"ListItem","position":1,"name":"Acas\u0103","item":"https:\/\/buletin.de\/bucuresti\/"},{"@type":"ListItem","position":2,"name":"Un an de la tragedia de la Matei Bal\u0219. Nu exist\u0103 vinova\u021bi, pavilionul e nefunc\u021bional \u0219i, \u00een general, nu s-a schimbat nimic"}]},{"@type":"WebSite","@id":"https:\/\/buletin.de\/bucuresti\/#website","url":"https:\/\/buletin.de\/bucuresti\/","name":"Buletin de Bucure\u0219ti","description":"\u0218tiri \u0219i investiga\u021bii esen\u021biale din capital\u0103","publisher":{"@id":"https:\/\/buletin.de\/bucuresti\/#organization"},"potentialAction":[{"@type":"SearchAction","target":{"@type":"EntryPoint","urlTemplate":"https:\/\/buletin.de\/bucuresti\/?s={search_term_string}"},"query-input":{"@type":"PropertyValueSpecification","valueRequired":true,"valueName":"search_term_string"}}],"inLanguage":"en-GB"},{"@type":"Organization","@id":"https:\/\/buletin.de\/bucuresti\/#organization","name":"Buletin de Bucure\u0219ti","url":"https:\/\/buletin.de\/bucuresti\/","logo":{"@type":"ImageObject","inLanguage":"en-GB","@id":"https:\/\/buletin.de\/bucuresti\/#\/schema\/logo\/image\/","url":"https:\/\/buletin.de\/bucuresti\/wp-content\/uploads\/logo-bdb-full-wide-vernil-transparent.png","contentUrl":"https:\/\/buletin.de\/bucuresti\/wp-content\/uploads\/logo-bdb-full-wide-vernil-transparent.png","width":1782,"height":626,"caption":"Buletin de Bucure\u0219ti"},"image":{"@id":"https:\/\/buletin.de\/bucuresti\/#\/schema\/logo\/image\/"},"sameAs":["https:\/\/www.facebook.com\/buletin.de.buc","https:\/\/www.instagram.com\/buletinde.bucuresti\/"]},{"@type":"Person","@id":"https:\/\/buletin.de\/bucuresti\/#\/schema\/person\/d369d7ddc775abece205795e0b804614","name":"Teodora Stroe","image":{"@type":"ImageObject","inLanguage":"en-GB","@id":"https:\/\/secure.gravatar.com\/avatar\/2560b4cd9f5f1bc100b123158e657d75584bd1c3e1d9c69285720b9457c1b78d?s=96&d=monsterid&r=gc104800242ba5f2d78dd5d7dc4df08b6","url":"https:\/\/secure.gravatar.com\/avatar\/2560b4cd9f5f1bc100b123158e657d75584bd1c3e1d9c69285720b9457c1b78d?s=96&d=monsterid&r=g","contentUrl":"https:\/\/secure.gravatar.com\/avatar\/2560b4cd9f5f1bc100b123158e657d75584bd1c3e1d9c69285720b9457c1b78d?s=96&d=monsterid&r=g","caption":"Teodora Stroe"},"url":"https:\/\/buletin.de\/bucuresti\/author\/simonacarlugea\/"}]}},"authors":[{"term_id":22579,"user_id":18,"is_guest":0,"slug":"simonacarlugea","display_name":"Teodora Stroe","avatar_url":"https:\/\/secure.gravatar.com\/avatar\/2560b4cd9f5f1bc100b123158e657d75584bd1c3e1d9c69285720b9457c1b78d?s=96&d=monsterid&r=g","0":null,"1":"","2":"","3":"","4":"","5":"","6":"","7":"","8":""}],"_links":{"self":[{"href":"https:\/\/buletin.de\/bucuresti\/wp-json\/wp\/v2\/posts\/38047","targetHints":{"allow":["GET"]}}],"collection":[{"href":"https:\/\/buletin.de\/bucuresti\/wp-json\/wp\/v2\/posts"}],"about":[{"href":"https:\/\/buletin.de\/bucuresti\/wp-json\/wp\/v2\/types\/post"}],"author":[{"embeddable":true,"href":"https:\/\/buletin.de\/bucuresti\/wp-json\/wp\/v2\/users\/18"}],"replies":[{"embeddable":true,"href":"https:\/\/buletin.de\/bucuresti\/wp-json\/wp\/v2\/comments?post=38047"}],"version-history":[{"count":25,"href":"https:\/\/buletin.de\/bucuresti\/wp-json\/wp\/v2\/posts\/38047\/revisions"}],"predecessor-version":[{"id":38085,"href":"https:\/\/buletin.de\/bucuresti\/wp-json\/wp\/v2\/posts\/38047\/revisions\/38085"}],"wp:featuredmedia":[{"embeddable":true,"href":"https:\/\/buletin.de\/bucuresti\/wp-json\/wp\/v2\/media\/24813"}],"wp:attachment":[{"href":"https:\/\/buletin.de\/bucuresti\/wp-json\/wp\/v2\/media?parent=38047"}],"wp:term":[{"taxonomy":"category","embeddable":true,"href":"https:\/\/buletin.de\/bucuresti\/wp-json\/wp\/v2\/categories?post=38047"},{"taxonomy":"post_tag","embeddable":true,"href":"https:\/\/buletin.de\/bucuresti\/wp-json\/wp\/v2\/tags?post=38047"},{"taxonomy":"author","embeddable":true,"href":"https:\/\/buletin.de\/bucuresti\/wp-json\/wp\/v2\/ppma_author?post=38047"}],"curies":[{"name":"wp","href":"https:\/\/api.w.org\/{rel}","templated":true}]}}