{"id":38038,"date":"2022-01-28T13:16:22","date_gmt":"2022-01-28T11:16:22","guid":{"rendered":"https:\/\/buletin.de\/bucuresti\/?p=38038"},"modified":"2022-01-28T13:17:23","modified_gmt":"2022-01-28T11:17:23","slug":"hubert-thumapnl-ilfov-despre-scandalul-din-consiliul-local-mogosoaia-toti-cei-ce-care-se-regasesc-in-astfel-de-situatii-sa-apeleze-la-institutiile-statului","status":"publish","type":"post","link":"https:\/\/buletin.de\/bucuresti\/hubert-thumapnl-ilfov-despre-scandalul-din-consiliul-local-mogosoaia-toti-cei-ce-care-se-regasesc-in-astfel-de-situatii-sa-apeleze-la-institutiile-statului\/","title":{"rendered":"Hubert Thuma(PNL Ilfov), despre scandalul din Consiliul Local Mogo\u0219oaia: \u201cTo\u021bi cei ce care se reg\u0103sesc \u00een astfel de situa\u021bii s\u0103 apeleze la institu\u021biile statului\u201d"},"content":{"rendered":"\n<p><strong>\u201cPartidul Na\u021bional Liberal, prin filiala Ilfov pe care o conduc, condamn\u0103 ferm orice form\u0103 de violen\u021b\u0103, iar valorile \u0219i principiile liberale sunt esen\u021biale pentru orice membru al echipei noastre\u201d, a transmis printr-un comunicat de pres\u0103 Hubert Thuma.<\/strong><\/p>\n\n\n\n<p><em>\u201cCa urmare a evenimentului de ieri, domnul consilier Ene a fost suspendat din toate func\u021biile de conducere din partid, p\u00e2n\u0103 la finalizarea anchetei<strong>. PNL Ilfov se delimiteaz\u0103 de acest tip de comportament \u0219i sus\u021binem c\u0103 violen\u021ba de orice fel niciodat\u0103 nu va aduce beneficii celor care au crezut \u00een noi \u0219i ne-au mandatat s\u0103 \u00eei reprezent\u0103m. <\/strong>Nu toler\u0103m amenin\u021b\u0103rile de orice natur\u0103 \u0219i comportamentele violente, pentru c\u0103 astfel de comportamente nu trebuie tolerate \u00eentr-un stat de drept. De aceea, consider\u0103m necesar ca <strong>to\u021bi cei ce care se reg\u0103sesc \u00een astfel de situa\u021bii s\u0103 apeleze la institu\u021biile statului. Acei politicieni care consider\u0103 c\u0103 institu\u021biile sunt la cheremul conduc\u0103torului politic arat\u0103 de fapt comportamentul acestora \u00een func\u021bii publice.<\/strong><\/em><\/p>\n\n\n\n<p><em>Am \u00eencredere c\u0103 <strong>pl\u00e2ngerea penal\u0103 depus\u0103 de doamna consilier \u00ee\u0219i va urma cursul, fiind solu\u021bionat\u0103 de organele abilitate. \u00cendemn colegii din toate partidele s\u0103 dea dovad\u0103 de responsabilitate, s\u0103 nu amplifice, s\u0103 nu generalizeze \u0219i s\u0103 nu pun\u0103 etichete nefundamentate.<\/strong> Le cer colegilor mei s\u0103 dea dovad\u0103 de calm, \u00een\u021belepciune \u0219i maturitate, \u0219i s\u0103 nu uite scopul pentru care am fost ale\u0219i: s\u0103 facem tot ce ne st\u0103 \u00een puterea \u0219i \u00een priceperea noastr\u0103 pentru binele ilfovenilor.<\/em><\/p>\n\n\n\n<p><em>PNL Ilfov va fi mereu un sprijin real comunit\u0103\u021bii pe care o reprezint\u0103, cu scopul de a ajuta la transformarea sa \u00een cel mai bun loc din Rom\u00e2nia \u00een care s\u0103 tr\u0103ie\u0219ti, s\u0103 munce\u0219ti \u0219i s\u0103 te relaxezi<\/em>\u201d, a transmis pre\u0219edintele PNL Ilfov, Hubert Thuma, printr-un comunicat de pres\u0103.<\/p>\n\n\n\n<p>Asta dup\u0103 ce, \u00een spa\u021biul public au ap\u0103rut imagini cu consilierul local ales pe listele PNL, Valentin Ene, care o amenin\u021b\u0103 \u0219i o agreseaz\u0103 fizic pe Felicia Ienculescu Popovici, consilier local aleas pe listele USR-Plus.<\/p>\n\n\n\n<p>Reamint, Hubert Thuma, pre\u0219edintele Consiliului Jude\u021bean Ilfov, <a href=\"http:\/\/anticoruptie.hotnews.ro\/stiri-anticoruptie-18303575-deputatul-hubert-thuma-fostul-procuror-mihai-betelie-condamnati-definitiv-6-luni-suspendare.htm\">a condamnat \u00een 2014 la sase luni de inchisoare cu suspendare pentru fapte de coruptie.<\/a><\/p>\n\n\n\n<p>FOTO: Inquam Photos \/\u00a0<a href=\"https:\/\/inquamphotos.com\/users\/ilonaandrei\">Ilona\u00a0Andrei<\/a><\/p>\n\n\n\n<p>CITE\u0218TE \u0218I<\/p>\n\n\n\n<p><a href=\"https:\/\/buletin.de\/bucuresti\/parchetul-buftea-a-fost-sesizat-dupa-amenintarile-din-sedinta-de-consiliu-local-din-mogosoaia-procurorii-cerceteaza-daca-fapta-a-avut-loc\/\">Parchetul Buftea a fost sesizat dup\u0103 amenin\u021b\u0103rile din \u0219edin\u021ba de Consiliu Local din Mogo\u0219oaia. Procurorii cerceteaz\u0103 dac\u0103 fapta a avut loc<\/a><\/p>\n\n\n\n<p><a href=\"https:\/\/buletin.de\/bucuresti\/filmul-agresiunii-de-la-mogosoaia-momentul-in-care-felicia-ienculescu-a-fost-lovita-de-consilierul-pnl\/\">VIDEO | Filmul agresiunii de la Mogo\u0219oaia! Momentul \u00een care Felicia Ienculescu a fost lovit\u0103 de consilierul PNL<\/a><\/p>\n\n\n\n<p><a href=\"https:\/\/buletin.de\/bucuresti\/va-las-in-carut-cu-rotile-chiar-daca-ma-duc-la-puscarie-amenintari-mafiote-ale-unui-consilier-local-pnl-catre-colega-sa-de-la-usr-la-mogosoaia\/\">VIDEO | \u201cV\u0102 LAS \u00ceN C\u0102RU\u021a CU ROTILE! CHIAR DAC\u0102 M\u0102 DUC LA PU\u0218C\u0102RIE!\u201d Amenin\u021b\u0103ri mafiote ale unui consilier local PNL c\u0103tre colega sa de la USR, la Mogo\u0219oaia<\/a><\/p>\n\n\n\n<p><a href=\"https:\/\/buletin.de\/bucuresti\/filmul-agresiunii-de-la-mogosoaia-momentul-in-care-felicia-ienculescu-a-fost-lovita-de-consilierul-pnl\/\">VIDEO | Filmul agresiunii de la Mogo\u0219oaia! Momentul \u00een care Felicia Ienculescu a fost lovit\u0103 de consilierul PNL<\/a><\/p>\n\n\n\n<p><a href=\"https:\/\/buletin.de\/bucuresti\/teorema-precup-doua-treimi-din-15-fac-9-99-10-consilieri-locali-din-mogosoaia-au-fost-de-acord\/\">Teorema Precup: dou\u0103 treimi din 15 fac 9.99. 10 consilieri locali din Mogo\u0219oaia au fost de acord<\/a><\/p>\n\n\n\n<p><a href=\"https:\/\/buletin.de\/bucuresti\/primarul-din-mogosoaia-modifica-de-indata-matematica-consilierii-trebuie-sa-aprobe-ca-10110\/\">Primarul din Mogo\u0219oaia modific\u0103 \u201cde \u00eendat\u0103\u201d matematica. Cere consilierilor locali s\u0103 aprobe c\u0103 10+1=10<\/a><\/p>\n\n\n\n<p><a href=\"https:\/\/buletin.de\/bucuresti\/autostrada-a0-modificata-de-primarul-din-mogosoaia-a-cerut-desfiintarea-unui-pasaj-in-baza-unor-puz-uri-care-nu-sunt-in-vigoare\/\">Autostrada A0, modificat\u0103 de primarul din Mogo\u0219oaia. A cerut desfiin\u021barea unui pasaj \u00een baza unor PUZ-uri care nu sunt \u00een vigoare<\/a><\/p>\n\n\n\n<p><a href=\"https:\/\/buletin.de\/bucuresti\/de-fapt-a-lipsit-un-vot-exproprierile-de-la-mogosoaia-au-trecut-de-consiliul-local-cu-mai-putine-voturi-decat-spune-legea\/\">De fapt, a lipsit un vot. Exproprierile de la Mogo\u0219oaia au trecut de Consiliul Local cu mai pu\u021bine voturi dec\u00e2t spune legea<\/a><\/p>\n\n\n\n<p><a href=\"https:\/\/buletin.de\/bucuresti\/ne-ati-furat-comuna-proteste-la-mogosoaia-dupa-sedinta-de-consiliu-local-care-a-dat-verde-exproprierilor\/\">\u201eNe-a\u021bi furat comuna!\u201d Proteste la Mogo\u0219oaia dup\u0103 \u0219edin\u021ba de Consiliu Local care a dat und\u0103 verde exproprierilor<\/a><\/p>\n\n\n\n<p><a href=\"https:\/\/buletin.de\/bucuresti\/megaproiectul-sectorul-0-mogosoaia-de-la-lanuri-si-paduri-la-blocuri-de-10-etaje-consilierii-dezbat-vineri-reconfigurarea-teritoriala-a-comunei\/\">Megaproiectul \u201eSectorul 0 Mogo\u0219oaia\u201d | De la lanuri \u0219i p\u0103duri, la blocuri de 10 etaje. Reconfigurarea teritorial\u0103 a comunei, dezb\u0103tut\u0103 de Consiliul Local<\/a><\/p>\n","protected":false},"excerpt":{"rendered":"<p>\u201cPartidul Na\u021bional Liberal, prin filiala Ilfov pe care o conduc, condamn\u0103 ferm orice form\u0103 de violen\u021b\u0103, iar valorile \u0219i principiile liberale sunt esen\u021biale pentru orice membru al echipei noastre\u201d, a transmis printr-un comunicat de pres\u0103 Hubert Thuma. \u201cCa urmare a evenimentului de ieri, domnul consilier Ene a fost suspendat din toate func\u021biile de conducere din [&hellip;]<\/p>\n","protected":false},"author":10,"featured_media":38039,"comment_status":"closed","ping_status":"open","sticky":false,"template":"","format":"standard","meta":{"_acf_changed":false,"inline_featured_image":false,"ngg_post_thumbnail":0,"footnotes":""},"categories":[3419],"tags":[2638,820,1989],"ppma_author":[22575],"class_list":["post-38038","post","type-post","status-publish","format-standard","has-post-thumbnail","hentry","category-featured","tag-coruptie","tag-ilfov","tag-thuma"],"acf":[],"yoast_head":"<!-- This site is optimized with the Yoast SEO Premium plugin v25.3 (Yoast SEO v27.5) - https:\/\/yoast.com\/product\/yoast-seo-premium-wordpress\/ -->\n<title>Hubert Thuma(PNL Ilfov), despre scandalul din Consiliul Local Mogo\u0219oaia: \u201cTo\u021bi cei ce care se reg\u0103sesc \u00een astfel de situa\u021bii s\u0103 apeleze la institu\u021biile statului\u201d - Buletin de Bucure\u0219ti<\/title>\n<meta name=\"robots\" content=\"index, follow, max-snippet:-1, max-image-preview:large, max-video-preview:-1\" \/>\n<link rel=\"canonical\" href=\"https:\/\/buletin.de\/bucuresti\/hubert-thumapnl-ilfov-despre-scandalul-din-consiliul-local-mogosoaia-toti-cei-ce-care-se-regasesc-in-astfel-de-situatii-sa-apeleze-la-institutiile-statului\/\" \/>\n<meta property=\"og:locale\" content=\"en_GB\" \/>\n<meta property=\"og:type\" content=\"article\" \/>\n<meta property=\"og:title\" content=\"Hubert Thuma(PNL Ilfov), despre scandalul din Consiliul Local Mogo\u0219oaia: \u201cTo\u021bi cei ce care se reg\u0103sesc \u00een astfel de situa\u021bii s\u0103 apeleze la institu\u021biile statului\u201d\" \/>\n<meta property=\"og:description\" content=\"\u201cPartidul Na\u021bional Liberal, prin filiala Ilfov pe care o conduc, condamn\u0103 ferm orice form\u0103 de violen\u021b\u0103, iar valorile \u0219i principiile liberale sunt esen\u021biale pentru orice membru al echipei noastre\u201d, a transmis printr-un comunicat de pres\u0103 Hubert Thuma. \u201cCa urmare a evenimentului de ieri, domnul consilier Ene a fost suspendat din toate func\u021biile de conducere din [&hellip;]\" \/>\n<meta property=\"og:url\" content=\"https:\/\/buletin.de\/bucuresti\/hubert-thumapnl-ilfov-despre-scandalul-din-consiliul-local-mogosoaia-toti-cei-ce-care-se-regasesc-in-astfel-de-situatii-sa-apeleze-la-institutiile-statului\/\" \/>\n<meta property=\"og:site_name\" content=\"Buletin de Bucure\u0219ti\" \/>\n<meta property=\"article:publisher\" content=\"https:\/\/www.facebook.com\/buletin.de.buc\" \/>\n<meta property=\"article:published_time\" content=\"2022-01-28T11:16:22+00:00\" \/>\n<meta property=\"article:modified_time\" content=\"2022-01-28T11:17:23+00:00\" \/>\n<meta property=\"og:image\" content=\"https:\/\/buletin.de\/bucuresti\/wp-content\/uploads\/ID183602_INQUAM_Photos_Ilona_Andrei.jpg\" \/>\n\t<meta property=\"og:image:width\" content=\"2000\" \/>\n\t<meta property=\"og:image:height\" content=\"1333\" \/>\n\t<meta property=\"og:image:type\" content=\"image\/jpeg\" \/>\n<meta name=\"author\" content=\"C\u0103t\u0103lin Dosca\u0219\" \/>\n<meta name=\"twitter:card\" content=\"summary_large_image\" \/>\n<meta name=\"twitter:label1\" content=\"Written by\" \/>\n\t<meta name=\"twitter:data1\" content=\"C\u0103t\u0103lin Dosca\u0219\" \/>\n\t<meta name=\"twitter:label2\" content=\"Estimated reading time\" \/>\n\t<meta name=\"twitter:data2\" content=\"3 minutes\" \/>\n<script type=\"application\/ld+json\" class=\"yoast-schema-graph\">{\"@context\":\"https:\\\/\\\/schema.org\",\"@graph\":[{\"@type\":\"Article\",\"@id\":\"https:\\\/\\\/buletin.de\\\/bucuresti\\\/hubert-thumapnl-ilfov-despre-scandalul-din-consiliul-local-mogosoaia-toti-cei-ce-care-se-regasesc-in-astfel-de-situatii-sa-apeleze-la-institutiile-statului\\\/#article\",\"isPartOf\":{\"@id\":\"https:\\\/\\\/buletin.de\\\/bucuresti\\\/hubert-thumapnl-ilfov-despre-scandalul-din-consiliul-local-mogosoaia-toti-cei-ce-care-se-regasesc-in-astfel-de-situatii-sa-apeleze-la-institutiile-statului\\\/\"},\"author\":{\"name\":\"C\u0103t\u0103lin Dosca\u0219\",\"@id\":\"https:\\\/\\\/buletin.de\\\/bucuresti\\\/#\\\/schema\\\/person\\\/31117187ed4d0bdb0a4c7d6acc79d0f8\"},\"headline\":\"Hubert Thuma(PNL Ilfov), despre scandalul din Consiliul Local Mogo\u0219oaia: \u201cTo\u021bi cei ce care se reg\u0103sesc \u00een astfel de situa\u021bii s\u0103 apeleze la institu\u021biile statului\u201d\",\"datePublished\":\"2022-01-28T11:16:22+00:00\",\"dateModified\":\"2022-01-28T11:17:23+00:00\",\"mainEntityOfPage\":{\"@id\":\"https:\\\/\\\/buletin.de\\\/bucuresti\\\/hubert-thumapnl-ilfov-despre-scandalul-din-consiliul-local-mogosoaia-toti-cei-ce-care-se-regasesc-in-astfel-de-situatii-sa-apeleze-la-institutiile-statului\\\/\"},\"wordCount\":618,\"publisher\":{\"@id\":\"https:\\\/\\\/buletin.de\\\/bucuresti\\\/#organization\"},\"image\":{\"@id\":\"https:\\\/\\\/buletin.de\\\/bucuresti\\\/hubert-thumapnl-ilfov-despre-scandalul-din-consiliul-local-mogosoaia-toti-cei-ce-care-se-regasesc-in-astfel-de-situatii-sa-apeleze-la-institutiile-statului\\\/#primaryimage\"},\"thumbnailUrl\":\"https:\\\/\\\/buletin.de\\\/bucuresti\\\/wp-content\\\/uploads\\\/ID183602_INQUAM_Photos_Ilona_Andrei.jpg\",\"keywords\":[\"coruptie\",\"Ilfov\",\"thuma\"],\"articleSection\":[\"Featured\"],\"inLanguage\":\"en-GB\",\"copyrightYear\":\"2022\",\"copyrightHolder\":{\"@id\":\"https:\\\/\\\/buletin.de\\\/bucuresti\\\/#organization\"}},{\"@type\":\"WebPage\",\"@id\":\"https:\\\/\\\/buletin.de\\\/bucuresti\\\/hubert-thumapnl-ilfov-despre-scandalul-din-consiliul-local-mogosoaia-toti-cei-ce-care-se-regasesc-in-astfel-de-situatii-sa-apeleze-la-institutiile-statului\\\/\",\"url\":\"https:\\\/\\\/buletin.de\\\/bucuresti\\\/hubert-thumapnl-ilfov-despre-scandalul-din-consiliul-local-mogosoaia-toti-cei-ce-care-se-regasesc-in-astfel-de-situatii-sa-apeleze-la-institutiile-statului\\\/\",\"name\":\"Hubert Thuma(PNL Ilfov), despre scandalul din Consiliul Local Mogo\u0219oaia: \u201cTo\u021bi cei ce care se reg\u0103sesc \u00een astfel de situa\u021bii s\u0103 apeleze la institu\u021biile statului\u201d - Buletin de Bucure\u0219ti\",\"isPartOf\":{\"@id\":\"https:\\\/\\\/buletin.de\\\/bucuresti\\\/#website\"},\"primaryImageOfPage\":{\"@id\":\"https:\\\/\\\/buletin.de\\\/bucuresti\\\/hubert-thumapnl-ilfov-despre-scandalul-din-consiliul-local-mogosoaia-toti-cei-ce-care-se-regasesc-in-astfel-de-situatii-sa-apeleze-la-institutiile-statului\\\/#primaryimage\"},\"image\":{\"@id\":\"https:\\\/\\\/buletin.de\\\/bucuresti\\\/hubert-thumapnl-ilfov-despre-scandalul-din-consiliul-local-mogosoaia-toti-cei-ce-care-se-regasesc-in-astfel-de-situatii-sa-apeleze-la-institutiile-statului\\\/#primaryimage\"},\"thumbnailUrl\":\"https:\\\/\\\/buletin.de\\\/bucuresti\\\/wp-content\\\/uploads\\\/ID183602_INQUAM_Photos_Ilona_Andrei.jpg\",\"datePublished\":\"2022-01-28T11:16:22+00:00\",\"dateModified\":\"2022-01-28T11:17:23+00:00\",\"breadcrumb\":{\"@id\":\"https:\\\/\\\/buletin.de\\\/bucuresti\\\/hubert-thumapnl-ilfov-despre-scandalul-din-consiliul-local-mogosoaia-toti-cei-ce-care-se-regasesc-in-astfel-de-situatii-sa-apeleze-la-institutiile-statului\\\/#breadcrumb\"},\"inLanguage\":\"en-GB\",\"potentialAction\":[{\"@type\":\"ReadAction\",\"target\":[\"https:\\\/\\\/buletin.de\\\/bucuresti\\\/hubert-thumapnl-ilfov-despre-scandalul-din-consiliul-local-mogosoaia-toti-cei-ce-care-se-regasesc-in-astfel-de-situatii-sa-apeleze-la-institutiile-statului\\\/\"]}]},{\"@type\":\"ImageObject\",\"inLanguage\":\"en-GB\",\"@id\":\"https:\\\/\\\/buletin.de\\\/bucuresti\\\/hubert-thumapnl-ilfov-despre-scandalul-din-consiliul-local-mogosoaia-toti-cei-ce-care-se-regasesc-in-astfel-de-situatii-sa-apeleze-la-institutiile-statului\\\/#primaryimage\",\"url\":\"https:\\\/\\\/buletin.de\\\/bucuresti\\\/wp-content\\\/uploads\\\/ID183602_INQUAM_Photos_Ilona_Andrei.jpg\",\"contentUrl\":\"https:\\\/\\\/buletin.de\\\/bucuresti\\\/wp-content\\\/uploads\\\/ID183602_INQUAM_Photos_Ilona_Andrei.jpg\",\"width\":2000,\"height\":1333},{\"@type\":\"BreadcrumbList\",\"@id\":\"https:\\\/\\\/buletin.de\\\/bucuresti\\\/hubert-thumapnl-ilfov-despre-scandalul-din-consiliul-local-mogosoaia-toti-cei-ce-care-se-regasesc-in-astfel-de-situatii-sa-apeleze-la-institutiile-statului\\\/#breadcrumb\",\"itemListElement\":[{\"@type\":\"ListItem\",\"position\":1,\"name\":\"Acas\u0103\",\"item\":\"https:\\\/\\\/buletin.de\\\/bucuresti\\\/\"},{\"@type\":\"ListItem\",\"position\":2,\"name\":\"Hubert Thuma(PNL Ilfov), despre scandalul din Consiliul Local Mogo\u0219oaia: \u201cTo\u021bi cei ce care se reg\u0103sesc \u00een astfel de situa\u021bii s\u0103 apeleze la institu\u021biile statului\u201d\"}]},{\"@type\":\"WebSite\",\"@id\":\"https:\\\/\\\/buletin.de\\\/bucuresti\\\/#website\",\"url\":\"https:\\\/\\\/buletin.de\\\/bucuresti\\\/\",\"name\":\"Buletin de Bucure\u0219ti\",\"description\":\"\u0218tiri \u0219i investiga\u021bii esen\u021biale din capital\u0103\",\"publisher\":{\"@id\":\"https:\\\/\\\/buletin.de\\\/bucuresti\\\/#organization\"},\"potentialAction\":[{\"@type\":\"SearchAction\",\"target\":{\"@type\":\"EntryPoint\",\"urlTemplate\":\"https:\\\/\\\/buletin.de\\\/bucuresti\\\/?s={search_term_string}\"},\"query-input\":{\"@type\":\"PropertyValueSpecification\",\"valueRequired\":true,\"valueName\":\"search_term_string\"}}],\"inLanguage\":\"en-GB\"},{\"@type\":\"Organization\",\"@id\":\"https:\\\/\\\/buletin.de\\\/bucuresti\\\/#organization\",\"name\":\"Buletin de Bucure\u0219ti\",\"url\":\"https:\\\/\\\/buletin.de\\\/bucuresti\\\/\",\"logo\":{\"@type\":\"ImageObject\",\"inLanguage\":\"en-GB\",\"@id\":\"https:\\\/\\\/buletin.de\\\/bucuresti\\\/#\\\/schema\\\/logo\\\/image\\\/\",\"url\":\"https:\\\/\\\/buletin.de\\\/bucuresti\\\/wp-content\\\/uploads\\\/logo-bdb-full-wide-vernil-transparent.png\",\"contentUrl\":\"https:\\\/\\\/buletin.de\\\/bucuresti\\\/wp-content\\\/uploads\\\/logo-bdb-full-wide-vernil-transparent.png\",\"width\":1782,\"height\":626,\"caption\":\"Buletin de Bucure\u0219ti\"},\"image\":{\"@id\":\"https:\\\/\\\/buletin.de\\\/bucuresti\\\/#\\\/schema\\\/logo\\\/image\\\/\"},\"sameAs\":[\"https:\\\/\\\/www.facebook.com\\\/buletin.de.buc\",\"https:\\\/\\\/www.instagram.com\\\/buletinde.bucuresti\\\/\"]},{\"@type\":\"Person\",\"@id\":\"https:\\\/\\\/buletin.de\\\/bucuresti\\\/#\\\/schema\\\/person\\\/31117187ed4d0bdb0a4c7d6acc79d0f8\",\"name\":\"C\u0103t\u0103lin Dosca\u0219\",\"image\":{\"@type\":\"ImageObject\",\"inLanguage\":\"en-GB\",\"@id\":\"https:\\\/\\\/buletin.de\\\/bucuresti\\\/wp-content\\\/uploads\\\/Catalin-Doscas-e1732731064764-96x96.jpga93e2943bb3b1c1f9ead823df6e6317a\",\"url\":\"https:\\\/\\\/buletin.de\\\/bucuresti\\\/wp-content\\\/uploads\\\/Catalin-Doscas-e1732731064764-96x96.jpg\",\"contentUrl\":\"https:\\\/\\\/buletin.de\\\/bucuresti\\\/wp-content\\\/uploads\\\/Catalin-Doscas-e1732731064764-96x96.jpg\",\"caption\":\"C\u0103t\u0103lin Dosca\u0219\"},\"description\":\"Reporter \u0219i redactor-\u0219ef Buletin de Bucure\u0219ti. Lucreaz\u0103 \u00een mass-media de la v\u00e2rsta de 15 ani, c\u00e2nd a publicat primele articole \u00een presa local\u0103 din Tecuci. \u00cen Bucure\u0219ti a lucrat \u00een redac\u021bii radio ca reporter, redactor \u0219i prezentator (StudentFM, Na\u021bionalFM, Radio Total, Smart FM), unde a acoperit domeniile politic, economic, social \u0219i externe. Ulterior, a fost editor-coordonator al postului Realitatea FM. Experien\u021ba \u00een jurnalismul online a dob\u00e2ndit-o la portalul B365.ro, unde a fost editor. \u00cen 2012 s-a angajat \u00een televiziune. La Realitatea TV a fost, pe r\u00e2nd, reporter la sec\u021bia Social, reporter special la emisiunea de reportaje \u0219i anchete \u201eReporterii Realit\u0103\u021bii\u201d, dar \u0219i editor al jurnalelor de \u0219tiri. Ulterior, a f\u0103cut parte din sec\u021bia de Investiga\u021bii de la Digi24 \u0219i a lucrat la campania \u201eRom\u00e2nia furat\u0103\u201d. A revenit \u00een presa scris\u0103 \u00een 2017, ca reporter special, \u00een cadrul unui proiect de repozi\u021bionare a tabloidului Libertatea \u00een cotidian generalist. Este jurnalist Buletin de Bucure\u0219ti din 2019.\",\"url\":\"https:\\\/\\\/buletin.de\\\/bucuresti\\\/author\\\/catalin\\\/\"}]}<\/script>\n<!-- \/ Yoast SEO Premium plugin. -->","yoast_head_json":{"title":"Hubert Thuma(PNL Ilfov), despre scandalul din Consiliul Local Mogo\u0219oaia: \u201cTo\u021bi cei ce care se reg\u0103sesc \u00een astfel de situa\u021bii s\u0103 apeleze la institu\u021biile statului\u201d - Buletin de Bucure\u0219ti","robots":{"index":"index","follow":"follow","max-snippet":"max-snippet:-1","max-image-preview":"max-image-preview:large","max-video-preview":"max-video-preview:-1"},"canonical":"https:\/\/buletin.de\/bucuresti\/hubert-thumapnl-ilfov-despre-scandalul-din-consiliul-local-mogosoaia-toti-cei-ce-care-se-regasesc-in-astfel-de-situatii-sa-apeleze-la-institutiile-statului\/","og_locale":"en_GB","og_type":"article","og_title":"Hubert Thuma(PNL Ilfov), despre scandalul din Consiliul Local Mogo\u0219oaia: \u201cTo\u021bi cei ce care se reg\u0103sesc \u00een astfel de situa\u021bii s\u0103 apeleze la institu\u021biile statului\u201d","og_description":"\u201cPartidul Na\u021bional Liberal, prin filiala Ilfov pe care o conduc, condamn\u0103 ferm orice form\u0103 de violen\u021b\u0103, iar valorile \u0219i principiile liberale sunt esen\u021biale pentru orice membru al echipei noastre\u201d, a transmis printr-un comunicat de pres\u0103 Hubert Thuma. \u201cCa urmare a evenimentului de ieri, domnul consilier Ene a fost suspendat din toate func\u021biile de conducere din [&hellip;]","og_url":"https:\/\/buletin.de\/bucuresti\/hubert-thumapnl-ilfov-despre-scandalul-din-consiliul-local-mogosoaia-toti-cei-ce-care-se-regasesc-in-astfel-de-situatii-sa-apeleze-la-institutiile-statului\/","og_site_name":"Buletin de Bucure\u0219ti","article_publisher":"https:\/\/www.facebook.com\/buletin.de.buc","article_published_time":"2022-01-28T11:16:22+00:00","article_modified_time":"2022-01-28T11:17:23+00:00","og_image":[{"width":2000,"height":1333,"url":"https:\/\/buletin.de\/bucuresti\/wp-content\/uploads\/ID183602_INQUAM_Photos_Ilona_Andrei.jpg","type":"image\/jpeg"}],"author":"C\u0103t\u0103lin Dosca\u0219","twitter_card":"summary_large_image","twitter_misc":{"Written by":"C\u0103t\u0103lin Dosca\u0219","Estimated reading time":"3 minutes"},"schema":{"@context":"https:\/\/schema.org","@graph":[{"@type":"Article","@id":"https:\/\/buletin.de\/bucuresti\/hubert-thumapnl-ilfov-despre-scandalul-din-consiliul-local-mogosoaia-toti-cei-ce-care-se-regasesc-in-astfel-de-situatii-sa-apeleze-la-institutiile-statului\/#article","isPartOf":{"@id":"https:\/\/buletin.de\/bucuresti\/hubert-thumapnl-ilfov-despre-scandalul-din-consiliul-local-mogosoaia-toti-cei-ce-care-se-regasesc-in-astfel-de-situatii-sa-apeleze-la-institutiile-statului\/"},"author":{"name":"C\u0103t\u0103lin Dosca\u0219","@id":"https:\/\/buletin.de\/bucuresti\/#\/schema\/person\/31117187ed4d0bdb0a4c7d6acc79d0f8"},"headline":"Hubert Thuma(PNL Ilfov), despre scandalul din Consiliul Local Mogo\u0219oaia: \u201cTo\u021bi cei ce care se reg\u0103sesc \u00een astfel de situa\u021bii s\u0103 apeleze la institu\u021biile statului\u201d","datePublished":"2022-01-28T11:16:22+00:00","dateModified":"2022-01-28T11:17:23+00:00","mainEntityOfPage":{"@id":"https:\/\/buletin.de\/bucuresti\/hubert-thumapnl-ilfov-despre-scandalul-din-consiliul-local-mogosoaia-toti-cei-ce-care-se-regasesc-in-astfel-de-situatii-sa-apeleze-la-institutiile-statului\/"},"wordCount":618,"publisher":{"@id":"https:\/\/buletin.de\/bucuresti\/#organization"},"image":{"@id":"https:\/\/buletin.de\/bucuresti\/hubert-thumapnl-ilfov-despre-scandalul-din-consiliul-local-mogosoaia-toti-cei-ce-care-se-regasesc-in-astfel-de-situatii-sa-apeleze-la-institutiile-statului\/#primaryimage"},"thumbnailUrl":"https:\/\/buletin.de\/bucuresti\/wp-content\/uploads\/ID183602_INQUAM_Photos_Ilona_Andrei.jpg","keywords":["coruptie","Ilfov","thuma"],"articleSection":["Featured"],"inLanguage":"en-GB","copyrightYear":"2022","copyrightHolder":{"@id":"https:\/\/buletin.de\/bucuresti\/#organization"}},{"@type":"WebPage","@id":"https:\/\/buletin.de\/bucuresti\/hubert-thumapnl-ilfov-despre-scandalul-din-consiliul-local-mogosoaia-toti-cei-ce-care-se-regasesc-in-astfel-de-situatii-sa-apeleze-la-institutiile-statului\/","url":"https:\/\/buletin.de\/bucuresti\/hubert-thumapnl-ilfov-despre-scandalul-din-consiliul-local-mogosoaia-toti-cei-ce-care-se-regasesc-in-astfel-de-situatii-sa-apeleze-la-institutiile-statului\/","name":"Hubert Thuma(PNL Ilfov), despre scandalul din Consiliul Local Mogo\u0219oaia: \u201cTo\u021bi cei ce care se reg\u0103sesc \u00een astfel de situa\u021bii s\u0103 apeleze la institu\u021biile statului\u201d - Buletin de Bucure\u0219ti","isPartOf":{"@id":"https:\/\/buletin.de\/bucuresti\/#website"},"primaryImageOfPage":{"@id":"https:\/\/buletin.de\/bucuresti\/hubert-thumapnl-ilfov-despre-scandalul-din-consiliul-local-mogosoaia-toti-cei-ce-care-se-regasesc-in-astfel-de-situatii-sa-apeleze-la-institutiile-statului\/#primaryimage"},"image":{"@id":"https:\/\/buletin.de\/bucuresti\/hubert-thumapnl-ilfov-despre-scandalul-din-consiliul-local-mogosoaia-toti-cei-ce-care-se-regasesc-in-astfel-de-situatii-sa-apeleze-la-institutiile-statului\/#primaryimage"},"thumbnailUrl":"https:\/\/buletin.de\/bucuresti\/wp-content\/uploads\/ID183602_INQUAM_Photos_Ilona_Andrei.jpg","datePublished":"2022-01-28T11:16:22+00:00","dateModified":"2022-01-28T11:17:23+00:00","breadcrumb":{"@id":"https:\/\/buletin.de\/bucuresti\/hubert-thumapnl-ilfov-despre-scandalul-din-consiliul-local-mogosoaia-toti-cei-ce-care-se-regasesc-in-astfel-de-situatii-sa-apeleze-la-institutiile-statului\/#breadcrumb"},"inLanguage":"en-GB","potentialAction":[{"@type":"ReadAction","target":["https:\/\/buletin.de\/bucuresti\/hubert-thumapnl-ilfov-despre-scandalul-din-consiliul-local-mogosoaia-toti-cei-ce-care-se-regasesc-in-astfel-de-situatii-sa-apeleze-la-institutiile-statului\/"]}]},{"@type":"ImageObject","inLanguage":"en-GB","@id":"https:\/\/buletin.de\/bucuresti\/hubert-thumapnl-ilfov-despre-scandalul-din-consiliul-local-mogosoaia-toti-cei-ce-care-se-regasesc-in-astfel-de-situatii-sa-apeleze-la-institutiile-statului\/#primaryimage","url":"https:\/\/buletin.de\/bucuresti\/wp-content\/uploads\/ID183602_INQUAM_Photos_Ilona_Andrei.jpg","contentUrl":"https:\/\/buletin.de\/bucuresti\/wp-content\/uploads\/ID183602_INQUAM_Photos_Ilona_Andrei.jpg","width":2000,"height":1333},{"@type":"BreadcrumbList","@id":"https:\/\/buletin.de\/bucuresti\/hubert-thumapnl-ilfov-despre-scandalul-din-consiliul-local-mogosoaia-toti-cei-ce-care-se-regasesc-in-astfel-de-situatii-sa-apeleze-la-institutiile-statului\/#breadcrumb","itemListElement":[{"@type":"ListItem","position":1,"name":"Acas\u0103","item":"https:\/\/buletin.de\/bucuresti\/"},{"@type":"ListItem","position":2,"name":"Hubert Thuma(PNL Ilfov), despre scandalul din Consiliul Local Mogo\u0219oaia: \u201cTo\u021bi cei ce care se reg\u0103sesc \u00een astfel de situa\u021bii s\u0103 apeleze la institu\u021biile statului\u201d"}]},{"@type":"WebSite","@id":"https:\/\/buletin.de\/bucuresti\/#website","url":"https:\/\/buletin.de\/bucuresti\/","name":"Buletin de Bucure\u0219ti","description":"\u0218tiri \u0219i investiga\u021bii esen\u021biale din capital\u0103","publisher":{"@id":"https:\/\/buletin.de\/bucuresti\/#organization"},"potentialAction":[{"@type":"SearchAction","target":{"@type":"EntryPoint","urlTemplate":"https:\/\/buletin.de\/bucuresti\/?s={search_term_string}"},"query-input":{"@type":"PropertyValueSpecification","valueRequired":true,"valueName":"search_term_string"}}],"inLanguage":"en-GB"},{"@type":"Organization","@id":"https:\/\/buletin.de\/bucuresti\/#organization","name":"Buletin de Bucure\u0219ti","url":"https:\/\/buletin.de\/bucuresti\/","logo":{"@type":"ImageObject","inLanguage":"en-GB","@id":"https:\/\/buletin.de\/bucuresti\/#\/schema\/logo\/image\/","url":"https:\/\/buletin.de\/bucuresti\/wp-content\/uploads\/logo-bdb-full-wide-vernil-transparent.png","contentUrl":"https:\/\/buletin.de\/bucuresti\/wp-content\/uploads\/logo-bdb-full-wide-vernil-transparent.png","width":1782,"height":626,"caption":"Buletin de Bucure\u0219ti"},"image":{"@id":"https:\/\/buletin.de\/bucuresti\/#\/schema\/logo\/image\/"},"sameAs":["https:\/\/www.facebook.com\/buletin.de.buc","https:\/\/www.instagram.com\/buletinde.bucuresti\/"]},{"@type":"Person","@id":"https:\/\/buletin.de\/bucuresti\/#\/schema\/person\/31117187ed4d0bdb0a4c7d6acc79d0f8","name":"C\u0103t\u0103lin Dosca\u0219","image":{"@type":"ImageObject","inLanguage":"en-GB","@id":"https:\/\/buletin.de\/bucuresti\/wp-content\/uploads\/Catalin-Doscas-e1732731064764-96x96.jpga93e2943bb3b1c1f9ead823df6e6317a","url":"https:\/\/buletin.de\/bucuresti\/wp-content\/uploads\/Catalin-Doscas-e1732731064764-96x96.jpg","contentUrl":"https:\/\/buletin.de\/bucuresti\/wp-content\/uploads\/Catalin-Doscas-e1732731064764-96x96.jpg","caption":"C\u0103t\u0103lin Dosca\u0219"},"description":"Reporter \u0219i redactor-\u0219ef Buletin de Bucure\u0219ti. Lucreaz\u0103 \u00een mass-media de la v\u00e2rsta de 15 ani, c\u00e2nd a publicat primele articole \u00een presa local\u0103 din Tecuci. \u00cen Bucure\u0219ti a lucrat \u00een redac\u021bii radio ca reporter, redactor \u0219i prezentator (StudentFM, Na\u021bionalFM, Radio Total, Smart FM), unde a acoperit domeniile politic, economic, social \u0219i externe. Ulterior, a fost editor-coordonator al postului Realitatea FM. Experien\u021ba \u00een jurnalismul online a dob\u00e2ndit-o la portalul B365.ro, unde a fost editor. \u00cen 2012 s-a angajat \u00een televiziune. La Realitatea TV a fost, pe r\u00e2nd, reporter la sec\u021bia Social, reporter special la emisiunea de reportaje \u0219i anchete \u201eReporterii Realit\u0103\u021bii\u201d, dar \u0219i editor al jurnalelor de \u0219tiri. Ulterior, a f\u0103cut parte din sec\u021bia de Investiga\u021bii de la Digi24 \u0219i a lucrat la campania \u201eRom\u00e2nia furat\u0103\u201d. A revenit \u00een presa scris\u0103 \u00een 2017, ca reporter special, \u00een cadrul unui proiect de repozi\u021bionare a tabloidului Libertatea \u00een cotidian generalist. Este jurnalist Buletin de Bucure\u0219ti din 2019.","url":"https:\/\/buletin.de\/bucuresti\/author\/catalin\/"}]}},"authors":[{"term_id":22575,"user_id":10,"is_guest":0,"slug":"catalin","display_name":"C\u0103t\u0103lin Dosca\u0219","avatar_url":"https:\/\/buletin.de\/bucuresti\/wp-content\/uploads\/Catalin-Doscas-e1732731064764-96x96.jpg","0":null,"1":"","2":"","3":"","4":"","5":"","6":"","7":"","8":""}],"_links":{"self":[{"href":"https:\/\/buletin.de\/bucuresti\/wp-json\/wp\/v2\/posts\/38038","targetHints":{"allow":["GET"]}}],"collection":[{"href":"https:\/\/buletin.de\/bucuresti\/wp-json\/wp\/v2\/posts"}],"about":[{"href":"https:\/\/buletin.de\/bucuresti\/wp-json\/wp\/v2\/types\/post"}],"author":[{"embeddable":true,"href":"https:\/\/buletin.de\/bucuresti\/wp-json\/wp\/v2\/users\/10"}],"replies":[{"embeddable":true,"href":"https:\/\/buletin.de\/bucuresti\/wp-json\/wp\/v2\/comments?post=38038"}],"version-history":[{"count":3,"href":"https:\/\/buletin.de\/bucuresti\/wp-json\/wp\/v2\/posts\/38038\/revisions"}],"predecessor-version":[{"id":38042,"href":"https:\/\/buletin.de\/bucuresti\/wp-json\/wp\/v2\/posts\/38038\/revisions\/38042"}],"wp:featuredmedia":[{"embeddable":true,"href":"https:\/\/buletin.de\/bucuresti\/wp-json\/wp\/v2\/media\/38039"}],"wp:attachment":[{"href":"https:\/\/buletin.de\/bucuresti\/wp-json\/wp\/v2\/media?parent=38038"}],"wp:term":[{"taxonomy":"category","embeddable":true,"href":"https:\/\/buletin.de\/bucuresti\/wp-json\/wp\/v2\/categories?post=38038"},{"taxonomy":"post_tag","embeddable":true,"href":"https:\/\/buletin.de\/bucuresti\/wp-json\/wp\/v2\/tags?post=38038"},{"taxonomy":"author","embeddable":true,"href":"https:\/\/buletin.de\/bucuresti\/wp-json\/wp\/v2\/ppma_author?post=38038"}],"curies":[{"name":"wp","href":"https:\/\/api.w.org\/{rel}","templated":true}]}}