{"id":37945,"date":"2022-01-28T08:31:19","date_gmt":"2022-01-28T06:31:19","guid":{"rendered":"https:\/\/buletin.de\/bucuresti\/?p=37945"},"modified":"2022-01-28T12:35:45","modified_gmt":"2022-01-28T10:35:45","slug":"profesorii-bolnavi-de-covid-19-trimit-elevii-acasa-inca-4-scoli-din-bucuresti-intra-online-de-luni","status":"publish","type":"post","link":"https:\/\/buletin.de\/bucuresti\/profesorii-bolnavi-de-covid-19-trimit-elevii-acasa-inca-4-scoli-din-bucuresti-intra-online-de-luni\/","title":{"rendered":"Profesorii bolnavi de COVID-19 trimit elevii acas\u0103. \u00cenc\u0103 4 \u0219coli din Bucure\u0219ti intr\u0103 online, de luni"},"content":{"rendered":"\n<p><strong>\u00cen ultimele dou\u0103 zile, Comitetul Municipal pentru Situa\u021bii de urgen\u021b\u0103 (CMBSU) a hot\u0103r\u00e2t ca elevii din dou\u0103 licee \u0219i dou\u0103  \u0219coli gimnaziale s\u0103 \u00eenve\u021be \u00een regim online, motivul fiind c\u0103 c\u0103 mai mul\u021bi profesori din aceste \u0219coli sunt bolnavi de Covid-19. \u00cen acela\u0219i interval de timp, CMBSU a suspendat activitatea pentru alte dou\u0103 unit\u0103\u021bi, dar de aceast\u0103 dat\u0103 pentru c\u0103 unit\u0103\u021bile de \u00eenv\u0103\u021b\u0103m\u00e2nt \u00een cauz\u0103 au peste 50% dintre clase \u00een online deja. <\/strong><\/p>\n\n\n\n<p>Momentan, la nivelul Capitalei sunt \u0219apte licee \u0219i \u0219coli gimnaziale care \u00eenva\u021b\u0103 integral \u00een sistem online. Prima \u0219coal\u0103 trimis\u0103 de CMBSU acas\u0103 a fost Colegiul Na\u021bional \u201eI.L. Caragiale\u201d, pe 21 ianuarie. De atunci au urmat alte dou\u0103 hot\u0103r\u00e2ri date azi \u0219i ieri.&nbsp;&nbsp;<\/p>\n\n\n\n<p><strong>\u0218coli mutate \u00een online din cauza cazurilor din r\u00e2ndul profesorilor: <\/strong><\/p>\n\n\n\n<ul class=\"wp-block-list\"><li>Colegiul Na\u021bional \u201eI.L. Caragiale\u201d &#8211; \u00eenva\u021b\u0103 online \u00een perioada 21.01.2022-02.02.2022<\/li><li>\u0218coala Gimnazial\u0103 Special\u0103 nr.7 &#8211; \u00eenva\u021b\u0103 online \u00een perioada 26.01.2022-04.02.2022<\/li><li>\u0218coala Gimnazial\u0103 nr.112 &#8211; \u00eenva\u021b\u0103 online \u00een perioada 27.01.2022-05.02.2022<\/li><li>Colegiul Tehnic Grigore Cherchez &#8211; \u00eenva\u021b\u0103 online \u00een perioada 28.01.2022-06.02.2022<\/li><li>Colegiul Na\u021bional Gheorghe Laz\u0103r &#8211; \u00eenva\u021b\u0103 online \u00een perioada 27.01.2022-05.02.2022<\/li><\/ul>\n\n\n\n<p><strong>\u0218coli mutate \u00een online din cauza num\u0103rului mare de clase care \u00eenva\u021b\u0103 deja \u00een online: <\/strong><\/p>\n\n\n\n<ul class=\"wp-block-list\"><li>\u0218coala Gimnazial\u0103 nr.7 &#8211;  \u00eenva\u021b\u0103 online \u00een perioada 26.01.2022-04.02.2022 <\/li><li>Liceul de Coregrafie Floria Capsali &#8211;  \u00eenva\u021b\u0103 online \u00een perioada 27.01.2022-05.02.2022  <\/li><\/ul>\n\n\n\n<p>CMBSU poate s\u0103 trimit\u0103 \u0219coli \u00een online \u00een dou\u0103 scenarii, conform ultimului<a href=\"http:\/\/legislatie.just.ro\/Public\/DetaliiDocument\/246824\"> ordin comun dat de ministerele Educa\u021biei \u0219i S\u0103n\u0103t\u0103\u021bii<\/a>, pe 1 octombrie 2021, dup\u0103 cum urmeaz\u0103:&nbsp;<\/p>\n\n\n\n<p class=\"has-background\" style=\"background-color:#f9f8bc\"><strong>Articolul 6, alineatul 7:<\/strong> <em>La apari\u021bia cazurilor de \u00eemboln\u0103vire cu virusul SARSCoV2 \u00een r\u00e2ndul cadrelor didactice, didactice auxiliare sau nedidactice, acestea au obliga\u021bia de a anun\u021ba conducerea unit\u0103\u021bii de \u00eenv\u0103\u021b\u0103m\u00e2nt\/institu\u021biei conexe, care va informa DSP\/DSPMB. \u00cen urma anchetei epidemiologice, DSP\/DSPMB va stabili care sunt contac\u021bii direc\u021bi ai acestora \u0219i va decide \u00eempreun\u0103 cu conducerea unit\u0103\u021bii de \u00eenv\u0103\u021b\u0103m\u00e2nt dac\u0103 se impune suspendarea activit\u0103\u021bilor didactice la nivelul grupei\/clasei sau unit\u0103\u021bii de \u00eenv\u0103\u021b\u0103m\u00e2nt, prin excep\u021bie de la prevederile&nbsp;alin. (1)<\/em><br><br><strong>Articolul 6, alineatul 2:<\/strong> <em>La data suspend\u0103rii cursurilor pentru 50% din totalul grupelor\/claselor, se suspend\u0103 activitatea cu prezen\u021ba fizic\u0103 la nivelul \u00eentregii unit\u0103\u021bi de \u00eenv\u0103\u021b\u0103m\u00e2nt, pentru o perioad\u0103 de 10 zile. M\u0103sura suspend\u0103rii la nivelul unit\u0103\u021bii de \u00eenv\u0103\u021b\u0103m\u00e2nt este dispus\u0103 prin hot\u0103r\u00e2re a CJSU\/CMBSU, la propunerea conducerii unit\u0103\u021bii de \u00eenv\u0103\u021b\u0103m\u00e2nt\/institu\u021biei conexe, cu avizul ISJ\/ISMB \u0219i al DSP\/DSPMB.<\/em><\/p>\n\n\n\n<p>Amintim c\u0103 situa\u021bia epidemiologic\u0103 devine din ce \u00een ce mai grav\u0103, ast\u0103zi fiind a doua zi c\u00e2nd se \u00eenregistreaz\u0103 aproape 5000 de noi cazuri. Mai mult, \u00een ultimele 24 de ore, rata de inciden\u021b\u0103 a crescut de la 11,71 la 12,79 de infectare la 1.000 de locuitori.<\/p>\n","protected":false},"excerpt":{"rendered":"<p>\u00cen ultimele dou\u0103 zile, Comitetul Municipal pentru Situa\u021bii de urgen\u021b\u0103 (CMBSU) a hot\u0103r\u00e2t ca elevii din dou\u0103 licee \u0219i dou\u0103 \u0219coli gimnaziale s\u0103 \u00eenve\u021be \u00een regim online, motivul fiind c\u0103 c\u0103 mai mul\u021bi profesori din aceste \u0219coli sunt bolnavi de Covid-19. \u00cen acela\u0219i interval de timp, CMBSU a suspendat activitatea pentru alte dou\u0103 unit\u0103\u021bi, dar [&hellip;]<\/p>\n","protected":false},"author":17,"featured_media":37947,"comment_status":"closed","ping_status":"open","sticky":false,"template":"","format":"standard","meta":{"_acf_changed":false,"inline_featured_image":false,"ngg_post_thumbnail":0,"footnotes":""},"categories":[62],"tags":[3893,3604,3474,1579],"ppma_author":[22576],"class_list":["post-37945","post","type-post","status-publish","format-standard","has-post-thumbnail","hentry","category-stiri","tag-bucuresti-cmbsu","tag-educatie-2","tag-invatamant-online-2","tag-scoli-2"],"acf":[],"yoast_head":"<!-- This site is optimized with the Yoast SEO Premium plugin v25.3 (Yoast SEO v27.5) - https:\/\/yoast.com\/product\/yoast-seo-premium-wordpress\/ -->\n<title>Profesorii bolnavi de COVID-19 trimit elevii acas\u0103. \u00cenc\u0103 4 \u0219coli din Bucure\u0219ti intr\u0103 online, de luni - Buletin de Bucure\u0219ti<\/title>\n<meta name=\"robots\" content=\"index, follow, max-snippet:-1, max-image-preview:large, max-video-preview:-1\" \/>\n<link rel=\"canonical\" href=\"https:\/\/buletin.de\/bucuresti\/profesorii-bolnavi-de-covid-19-trimit-elevii-acasa-inca-4-scoli-din-bucuresti-intra-online-de-luni\/\" \/>\n<meta property=\"og:locale\" content=\"en_GB\" \/>\n<meta property=\"og:type\" content=\"article\" \/>\n<meta property=\"og:title\" content=\"Profesorii bolnavi de COVID-19 trimit elevii acas\u0103. \u00cenc\u0103 4 \u0219coli din Bucure\u0219ti intr\u0103 online, de luni\" \/>\n<meta property=\"og:description\" content=\"\u00cen ultimele dou\u0103 zile, Comitetul Municipal pentru Situa\u021bii de urgen\u021b\u0103 (CMBSU) a hot\u0103r\u00e2t ca elevii din dou\u0103 licee \u0219i dou\u0103 \u0219coli gimnaziale s\u0103 \u00eenve\u021be \u00een regim online, motivul fiind c\u0103 c\u0103 mai mul\u021bi profesori din aceste \u0219coli sunt bolnavi de Covid-19. \u00cen acela\u0219i interval de timp, CMBSU a suspendat activitatea pentru alte dou\u0103 unit\u0103\u021bi, dar [&hellip;]\" \/>\n<meta property=\"og:url\" content=\"https:\/\/buletin.de\/bucuresti\/profesorii-bolnavi-de-covid-19-trimit-elevii-acasa-inca-4-scoli-din-bucuresti-intra-online-de-luni\/\" \/>\n<meta property=\"og:site_name\" content=\"Buletin de Bucure\u0219ti\" \/>\n<meta property=\"article:publisher\" content=\"https:\/\/www.facebook.com\/buletin.de.buc\" \/>\n<meta property=\"article:published_time\" content=\"2022-01-28T06:31:19+00:00\" \/>\n<meta property=\"article:modified_time\" content=\"2022-01-28T10:35:45+00:00\" \/>\n<meta property=\"og:image\" content=\"https:\/\/buletin.de\/bucuresti\/wp-content\/uploads\/pdrfeednick.jpg\" \/>\n\t<meta property=\"og:image:width\" content=\"1600\" \/>\n\t<meta property=\"og:image:height\" content=\"900\" \/>\n\t<meta property=\"og:image:type\" content=\"image\/jpeg\" \/>\n<meta name=\"author\" content=\"Florin R\u00e2\u0219teiu\" \/>\n<meta name=\"twitter:card\" content=\"summary_large_image\" \/>\n<meta name=\"twitter:label1\" content=\"Written by\" \/>\n\t<meta name=\"twitter:data1\" content=\"Florin R\u00e2\u0219teiu\" \/>\n\t<meta name=\"twitter:label2\" content=\"Estimated reading time\" \/>\n\t<meta name=\"twitter:data2\" content=\"2 minutes\" \/>\n<script type=\"application\/ld+json\" class=\"yoast-schema-graph\">{\"@context\":\"https:\\\/\\\/schema.org\",\"@graph\":[{\"@type\":\"Article\",\"@id\":\"https:\\\/\\\/buletin.de\\\/bucuresti\\\/profesorii-bolnavi-de-covid-19-trimit-elevii-acasa-inca-4-scoli-din-bucuresti-intra-online-de-luni\\\/#article\",\"isPartOf\":{\"@id\":\"https:\\\/\\\/buletin.de\\\/bucuresti\\\/profesorii-bolnavi-de-covid-19-trimit-elevii-acasa-inca-4-scoli-din-bucuresti-intra-online-de-luni\\\/\"},\"author\":{\"name\":\"Florin R\u00e2\u0219teiu\",\"@id\":\"https:\\\/\\\/buletin.de\\\/bucuresti\\\/#\\\/schema\\\/person\\\/b0686d7a8b666c6afc78239777fd8a89\"},\"headline\":\"Profesorii bolnavi de COVID-19 trimit elevii acas\u0103. \u00cenc\u0103 4 \u0219coli din Bucure\u0219ti intr\u0103 online, de luni\",\"datePublished\":\"2022-01-28T06:31:19+00:00\",\"dateModified\":\"2022-01-28T10:35:45+00:00\",\"mainEntityOfPage\":{\"@id\":\"https:\\\/\\\/buletin.de\\\/bucuresti\\\/profesorii-bolnavi-de-covid-19-trimit-elevii-acasa-inca-4-scoli-din-bucuresti-intra-online-de-luni\\\/\"},\"wordCount\":492,\"publisher\":{\"@id\":\"https:\\\/\\\/buletin.de\\\/bucuresti\\\/#organization\"},\"image\":{\"@id\":\"https:\\\/\\\/buletin.de\\\/bucuresti\\\/profesorii-bolnavi-de-covid-19-trimit-elevii-acasa-inca-4-scoli-din-bucuresti-intra-online-de-luni\\\/#primaryimage\"},\"thumbnailUrl\":\"https:\\\/\\\/buletin.de\\\/bucuresti\\\/wp-content\\\/uploads\\\/pdrfeednick.jpg\",\"keywords\":[\"Bucure\u0219ti CMBSU\",\"Educa\u021bie\",\"\u00eenv\u0103\u021b\u0103m\u00e2nt online\",\"\u0219coli\"],\"articleSection\":[\"\u0218tiri\"],\"inLanguage\":\"en-GB\",\"copyrightYear\":\"2022\",\"copyrightHolder\":{\"@id\":\"https:\\\/\\\/buletin.de\\\/bucuresti\\\/#organization\"}},{\"@type\":\"WebPage\",\"@id\":\"https:\\\/\\\/buletin.de\\\/bucuresti\\\/profesorii-bolnavi-de-covid-19-trimit-elevii-acasa-inca-4-scoli-din-bucuresti-intra-online-de-luni\\\/\",\"url\":\"https:\\\/\\\/buletin.de\\\/bucuresti\\\/profesorii-bolnavi-de-covid-19-trimit-elevii-acasa-inca-4-scoli-din-bucuresti-intra-online-de-luni\\\/\",\"name\":\"Profesorii bolnavi de COVID-19 trimit elevii acas\u0103. \u00cenc\u0103 4 \u0219coli din Bucure\u0219ti intr\u0103 online, de luni - Buletin de Bucure\u0219ti\",\"isPartOf\":{\"@id\":\"https:\\\/\\\/buletin.de\\\/bucuresti\\\/#website\"},\"primaryImageOfPage\":{\"@id\":\"https:\\\/\\\/buletin.de\\\/bucuresti\\\/profesorii-bolnavi-de-covid-19-trimit-elevii-acasa-inca-4-scoli-din-bucuresti-intra-online-de-luni\\\/#primaryimage\"},\"image\":{\"@id\":\"https:\\\/\\\/buletin.de\\\/bucuresti\\\/profesorii-bolnavi-de-covid-19-trimit-elevii-acasa-inca-4-scoli-din-bucuresti-intra-online-de-luni\\\/#primaryimage\"},\"thumbnailUrl\":\"https:\\\/\\\/buletin.de\\\/bucuresti\\\/wp-content\\\/uploads\\\/pdrfeednick.jpg\",\"datePublished\":\"2022-01-28T06:31:19+00:00\",\"dateModified\":\"2022-01-28T10:35:45+00:00\",\"breadcrumb\":{\"@id\":\"https:\\\/\\\/buletin.de\\\/bucuresti\\\/profesorii-bolnavi-de-covid-19-trimit-elevii-acasa-inca-4-scoli-din-bucuresti-intra-online-de-luni\\\/#breadcrumb\"},\"inLanguage\":\"en-GB\",\"potentialAction\":[{\"@type\":\"ReadAction\",\"target\":[\"https:\\\/\\\/buletin.de\\\/bucuresti\\\/profesorii-bolnavi-de-covid-19-trimit-elevii-acasa-inca-4-scoli-din-bucuresti-intra-online-de-luni\\\/\"]}]},{\"@type\":\"ImageObject\",\"inLanguage\":\"en-GB\",\"@id\":\"https:\\\/\\\/buletin.de\\\/bucuresti\\\/profesorii-bolnavi-de-covid-19-trimit-elevii-acasa-inca-4-scoli-din-bucuresti-intra-online-de-luni\\\/#primaryimage\",\"url\":\"https:\\\/\\\/buletin.de\\\/bucuresti\\\/wp-content\\\/uploads\\\/pdrfeednick.jpg\",\"contentUrl\":\"https:\\\/\\\/buletin.de\\\/bucuresti\\\/wp-content\\\/uploads\\\/pdrfeednick.jpg\",\"width\":1600,\"height\":900,\"caption\":\"brown wooden table and chairs\"},{\"@type\":\"BreadcrumbList\",\"@id\":\"https:\\\/\\\/buletin.de\\\/bucuresti\\\/profesorii-bolnavi-de-covid-19-trimit-elevii-acasa-inca-4-scoli-din-bucuresti-intra-online-de-luni\\\/#breadcrumb\",\"itemListElement\":[{\"@type\":\"ListItem\",\"position\":1,\"name\":\"Acas\u0103\",\"item\":\"https:\\\/\\\/buletin.de\\\/bucuresti\\\/\"},{\"@type\":\"ListItem\",\"position\":2,\"name\":\"Profesorii bolnavi de COVID-19 trimit elevii acas\u0103. \u00cenc\u0103 4 \u0219coli din Bucure\u0219ti intr\u0103 online, de luni\"}]},{\"@type\":\"WebSite\",\"@id\":\"https:\\\/\\\/buletin.de\\\/bucuresti\\\/#website\",\"url\":\"https:\\\/\\\/buletin.de\\\/bucuresti\\\/\",\"name\":\"Buletin de Bucure\u0219ti\",\"description\":\"\u0218tiri \u0219i investiga\u021bii esen\u021biale din capital\u0103\",\"publisher\":{\"@id\":\"https:\\\/\\\/buletin.de\\\/bucuresti\\\/#organization\"},\"potentialAction\":[{\"@type\":\"SearchAction\",\"target\":{\"@type\":\"EntryPoint\",\"urlTemplate\":\"https:\\\/\\\/buletin.de\\\/bucuresti\\\/?s={search_term_string}\"},\"query-input\":{\"@type\":\"PropertyValueSpecification\",\"valueRequired\":true,\"valueName\":\"search_term_string\"}}],\"inLanguage\":\"en-GB\"},{\"@type\":\"Organization\",\"@id\":\"https:\\\/\\\/buletin.de\\\/bucuresti\\\/#organization\",\"name\":\"Buletin de Bucure\u0219ti\",\"url\":\"https:\\\/\\\/buletin.de\\\/bucuresti\\\/\",\"logo\":{\"@type\":\"ImageObject\",\"inLanguage\":\"en-GB\",\"@id\":\"https:\\\/\\\/buletin.de\\\/bucuresti\\\/#\\\/schema\\\/logo\\\/image\\\/\",\"url\":\"https:\\\/\\\/buletin.de\\\/bucuresti\\\/wp-content\\\/uploads\\\/logo-bdb-full-wide-vernil-transparent.png\",\"contentUrl\":\"https:\\\/\\\/buletin.de\\\/bucuresti\\\/wp-content\\\/uploads\\\/logo-bdb-full-wide-vernil-transparent.png\",\"width\":1782,\"height\":626,\"caption\":\"Buletin de Bucure\u0219ti\"},\"image\":{\"@id\":\"https:\\\/\\\/buletin.de\\\/bucuresti\\\/#\\\/schema\\\/logo\\\/image\\\/\"},\"sameAs\":[\"https:\\\/\\\/www.facebook.com\\\/buletin.de.buc\",\"https:\\\/\\\/www.instagram.com\\\/buletinde.bucuresti\\\/\"]},{\"@type\":\"Person\",\"@id\":\"https:\\\/\\\/buletin.de\\\/bucuresti\\\/#\\\/schema\\\/person\\\/b0686d7a8b666c6afc78239777fd8a89\",\"name\":\"Florin R\u00e2\u0219teiu\",\"image\":{\"@type\":\"ImageObject\",\"inLanguage\":\"en-GB\",\"@id\":\"https:\\\/\\\/buletin.de\\\/bucuresti\\\/wp-content\\\/uploads\\\/Florin-Rasteiu-96x96.jpgf0a6fe28453aa12f0a60e4d0a2e3a78c\",\"url\":\"https:\\\/\\\/buletin.de\\\/bucuresti\\\/wp-content\\\/uploads\\\/Florin-Rasteiu-96x96.jpg\",\"contentUrl\":\"https:\\\/\\\/buletin.de\\\/bucuresti\\\/wp-content\\\/uploads\\\/Florin-Rasteiu-96x96.jpg\",\"caption\":\"Florin R\u00e2\u0219teiu\"},\"description\":\"Jurnalist de investiga\u021bie. Lucreaz\u0103 de aproape 6 ani la Buletin de Bucure\u0219ti, unde a publicat articole care scot la suprafa\u021b\u0103 corup\u021bia din Capital\u0103. Analizeaz\u0103 baze de date zilnic \u0219i scoate pove\u0219ti din exceluri pline de cifre. Pune reflectorul pe adev\u0103r cu fiecare ocazie. A c\u00e2\u0219tigat premiul I la categoria Pres\u0103 Local\u0103 \u00een 2025 \u0219i locul al II-lea la aceea\u0219i categorie \u00een 2024 \u00een cadrul Premiilor Superscrieri pentru jurnalism independent.\",\"url\":\"https:\\\/\\\/buletin.de\\\/bucuresti\\\/author\\\/florinrasteiu\\\/\"}]}<\/script>\n<!-- \/ Yoast SEO Premium plugin. -->","yoast_head_json":{"title":"Profesorii bolnavi de COVID-19 trimit elevii acas\u0103. \u00cenc\u0103 4 \u0219coli din Bucure\u0219ti intr\u0103 online, de luni - Buletin de Bucure\u0219ti","robots":{"index":"index","follow":"follow","max-snippet":"max-snippet:-1","max-image-preview":"max-image-preview:large","max-video-preview":"max-video-preview:-1"},"canonical":"https:\/\/buletin.de\/bucuresti\/profesorii-bolnavi-de-covid-19-trimit-elevii-acasa-inca-4-scoli-din-bucuresti-intra-online-de-luni\/","og_locale":"en_GB","og_type":"article","og_title":"Profesorii bolnavi de COVID-19 trimit elevii acas\u0103. \u00cenc\u0103 4 \u0219coli din Bucure\u0219ti intr\u0103 online, de luni","og_description":"\u00cen ultimele dou\u0103 zile, Comitetul Municipal pentru Situa\u021bii de urgen\u021b\u0103 (CMBSU) a hot\u0103r\u00e2t ca elevii din dou\u0103 licee \u0219i dou\u0103 \u0219coli gimnaziale s\u0103 \u00eenve\u021be \u00een regim online, motivul fiind c\u0103 c\u0103 mai mul\u021bi profesori din aceste \u0219coli sunt bolnavi de Covid-19. \u00cen acela\u0219i interval de timp, CMBSU a suspendat activitatea pentru alte dou\u0103 unit\u0103\u021bi, dar [&hellip;]","og_url":"https:\/\/buletin.de\/bucuresti\/profesorii-bolnavi-de-covid-19-trimit-elevii-acasa-inca-4-scoli-din-bucuresti-intra-online-de-luni\/","og_site_name":"Buletin de Bucure\u0219ti","article_publisher":"https:\/\/www.facebook.com\/buletin.de.buc","article_published_time":"2022-01-28T06:31:19+00:00","article_modified_time":"2022-01-28T10:35:45+00:00","og_image":[{"width":1600,"height":900,"url":"https:\/\/buletin.de\/bucuresti\/wp-content\/uploads\/pdrfeednick.jpg","type":"image\/jpeg"}],"author":"Florin R\u00e2\u0219teiu","twitter_card":"summary_large_image","twitter_misc":{"Written by":"Florin R\u00e2\u0219teiu","Estimated reading time":"2 minutes"},"schema":{"@context":"https:\/\/schema.org","@graph":[{"@type":"Article","@id":"https:\/\/buletin.de\/bucuresti\/profesorii-bolnavi-de-covid-19-trimit-elevii-acasa-inca-4-scoli-din-bucuresti-intra-online-de-luni\/#article","isPartOf":{"@id":"https:\/\/buletin.de\/bucuresti\/profesorii-bolnavi-de-covid-19-trimit-elevii-acasa-inca-4-scoli-din-bucuresti-intra-online-de-luni\/"},"author":{"name":"Florin R\u00e2\u0219teiu","@id":"https:\/\/buletin.de\/bucuresti\/#\/schema\/person\/b0686d7a8b666c6afc78239777fd8a89"},"headline":"Profesorii bolnavi de COVID-19 trimit elevii acas\u0103. \u00cenc\u0103 4 \u0219coli din Bucure\u0219ti intr\u0103 online, de luni","datePublished":"2022-01-28T06:31:19+00:00","dateModified":"2022-01-28T10:35:45+00:00","mainEntityOfPage":{"@id":"https:\/\/buletin.de\/bucuresti\/profesorii-bolnavi-de-covid-19-trimit-elevii-acasa-inca-4-scoli-din-bucuresti-intra-online-de-luni\/"},"wordCount":492,"publisher":{"@id":"https:\/\/buletin.de\/bucuresti\/#organization"},"image":{"@id":"https:\/\/buletin.de\/bucuresti\/profesorii-bolnavi-de-covid-19-trimit-elevii-acasa-inca-4-scoli-din-bucuresti-intra-online-de-luni\/#primaryimage"},"thumbnailUrl":"https:\/\/buletin.de\/bucuresti\/wp-content\/uploads\/pdrfeednick.jpg","keywords":["Bucure\u0219ti CMBSU","Educa\u021bie","\u00eenv\u0103\u021b\u0103m\u00e2nt online","\u0219coli"],"articleSection":["\u0218tiri"],"inLanguage":"en-GB","copyrightYear":"2022","copyrightHolder":{"@id":"https:\/\/buletin.de\/bucuresti\/#organization"}},{"@type":"WebPage","@id":"https:\/\/buletin.de\/bucuresti\/profesorii-bolnavi-de-covid-19-trimit-elevii-acasa-inca-4-scoli-din-bucuresti-intra-online-de-luni\/","url":"https:\/\/buletin.de\/bucuresti\/profesorii-bolnavi-de-covid-19-trimit-elevii-acasa-inca-4-scoli-din-bucuresti-intra-online-de-luni\/","name":"Profesorii bolnavi de COVID-19 trimit elevii acas\u0103. \u00cenc\u0103 4 \u0219coli din Bucure\u0219ti intr\u0103 online, de luni - Buletin de Bucure\u0219ti","isPartOf":{"@id":"https:\/\/buletin.de\/bucuresti\/#website"},"primaryImageOfPage":{"@id":"https:\/\/buletin.de\/bucuresti\/profesorii-bolnavi-de-covid-19-trimit-elevii-acasa-inca-4-scoli-din-bucuresti-intra-online-de-luni\/#primaryimage"},"image":{"@id":"https:\/\/buletin.de\/bucuresti\/profesorii-bolnavi-de-covid-19-trimit-elevii-acasa-inca-4-scoli-din-bucuresti-intra-online-de-luni\/#primaryimage"},"thumbnailUrl":"https:\/\/buletin.de\/bucuresti\/wp-content\/uploads\/pdrfeednick.jpg","datePublished":"2022-01-28T06:31:19+00:00","dateModified":"2022-01-28T10:35:45+00:00","breadcrumb":{"@id":"https:\/\/buletin.de\/bucuresti\/profesorii-bolnavi-de-covid-19-trimit-elevii-acasa-inca-4-scoli-din-bucuresti-intra-online-de-luni\/#breadcrumb"},"inLanguage":"en-GB","potentialAction":[{"@type":"ReadAction","target":["https:\/\/buletin.de\/bucuresti\/profesorii-bolnavi-de-covid-19-trimit-elevii-acasa-inca-4-scoli-din-bucuresti-intra-online-de-luni\/"]}]},{"@type":"ImageObject","inLanguage":"en-GB","@id":"https:\/\/buletin.de\/bucuresti\/profesorii-bolnavi-de-covid-19-trimit-elevii-acasa-inca-4-scoli-din-bucuresti-intra-online-de-luni\/#primaryimage","url":"https:\/\/buletin.de\/bucuresti\/wp-content\/uploads\/pdrfeednick.jpg","contentUrl":"https:\/\/buletin.de\/bucuresti\/wp-content\/uploads\/pdrfeednick.jpg","width":1600,"height":900,"caption":"brown wooden table and chairs"},{"@type":"BreadcrumbList","@id":"https:\/\/buletin.de\/bucuresti\/profesorii-bolnavi-de-covid-19-trimit-elevii-acasa-inca-4-scoli-din-bucuresti-intra-online-de-luni\/#breadcrumb","itemListElement":[{"@type":"ListItem","position":1,"name":"Acas\u0103","item":"https:\/\/buletin.de\/bucuresti\/"},{"@type":"ListItem","position":2,"name":"Profesorii bolnavi de COVID-19 trimit elevii acas\u0103. \u00cenc\u0103 4 \u0219coli din Bucure\u0219ti intr\u0103 online, de luni"}]},{"@type":"WebSite","@id":"https:\/\/buletin.de\/bucuresti\/#website","url":"https:\/\/buletin.de\/bucuresti\/","name":"Buletin de Bucure\u0219ti","description":"\u0218tiri \u0219i investiga\u021bii esen\u021biale din capital\u0103","publisher":{"@id":"https:\/\/buletin.de\/bucuresti\/#organization"},"potentialAction":[{"@type":"SearchAction","target":{"@type":"EntryPoint","urlTemplate":"https:\/\/buletin.de\/bucuresti\/?s={search_term_string}"},"query-input":{"@type":"PropertyValueSpecification","valueRequired":true,"valueName":"search_term_string"}}],"inLanguage":"en-GB"},{"@type":"Organization","@id":"https:\/\/buletin.de\/bucuresti\/#organization","name":"Buletin de Bucure\u0219ti","url":"https:\/\/buletin.de\/bucuresti\/","logo":{"@type":"ImageObject","inLanguage":"en-GB","@id":"https:\/\/buletin.de\/bucuresti\/#\/schema\/logo\/image\/","url":"https:\/\/buletin.de\/bucuresti\/wp-content\/uploads\/logo-bdb-full-wide-vernil-transparent.png","contentUrl":"https:\/\/buletin.de\/bucuresti\/wp-content\/uploads\/logo-bdb-full-wide-vernil-transparent.png","width":1782,"height":626,"caption":"Buletin de Bucure\u0219ti"},"image":{"@id":"https:\/\/buletin.de\/bucuresti\/#\/schema\/logo\/image\/"},"sameAs":["https:\/\/www.facebook.com\/buletin.de.buc","https:\/\/www.instagram.com\/buletinde.bucuresti\/"]},{"@type":"Person","@id":"https:\/\/buletin.de\/bucuresti\/#\/schema\/person\/b0686d7a8b666c6afc78239777fd8a89","name":"Florin R\u00e2\u0219teiu","image":{"@type":"ImageObject","inLanguage":"en-GB","@id":"https:\/\/buletin.de\/bucuresti\/wp-content\/uploads\/Florin-Rasteiu-96x96.jpgf0a6fe28453aa12f0a60e4d0a2e3a78c","url":"https:\/\/buletin.de\/bucuresti\/wp-content\/uploads\/Florin-Rasteiu-96x96.jpg","contentUrl":"https:\/\/buletin.de\/bucuresti\/wp-content\/uploads\/Florin-Rasteiu-96x96.jpg","caption":"Florin R\u00e2\u0219teiu"},"description":"Jurnalist de investiga\u021bie. Lucreaz\u0103 de aproape 6 ani la Buletin de Bucure\u0219ti, unde a publicat articole care scot la suprafa\u021b\u0103 corup\u021bia din Capital\u0103. Analizeaz\u0103 baze de date zilnic \u0219i scoate pove\u0219ti din exceluri pline de cifre. Pune reflectorul pe adev\u0103r cu fiecare ocazie. A c\u00e2\u0219tigat premiul I la categoria Pres\u0103 Local\u0103 \u00een 2025 \u0219i locul al II-lea la aceea\u0219i categorie \u00een 2024 \u00een cadrul Premiilor Superscrieri pentru jurnalism independent.","url":"https:\/\/buletin.de\/bucuresti\/author\/florinrasteiu\/"}]}},"authors":[{"term_id":22576,"user_id":17,"is_guest":0,"slug":"florinrasteiu","display_name":"Florin R\u00e2\u0219teiu","avatar_url":"https:\/\/buletin.de\/bucuresti\/wp-content\/uploads\/Florin-Rasteiu-96x96.jpg","0":null,"1":"","2":"","3":"","4":"","5":"","6":"","7":"","8":""}],"_links":{"self":[{"href":"https:\/\/buletin.de\/bucuresti\/wp-json\/wp\/v2\/posts\/37945","targetHints":{"allow":["GET"]}}],"collection":[{"href":"https:\/\/buletin.de\/bucuresti\/wp-json\/wp\/v2\/posts"}],"about":[{"href":"https:\/\/buletin.de\/bucuresti\/wp-json\/wp\/v2\/types\/post"}],"author":[{"embeddable":true,"href":"https:\/\/buletin.de\/bucuresti\/wp-json\/wp\/v2\/users\/17"}],"replies":[{"embeddable":true,"href":"https:\/\/buletin.de\/bucuresti\/wp-json\/wp\/v2\/comments?post=37945"}],"version-history":[{"count":3,"href":"https:\/\/buletin.de\/bucuresti\/wp-json\/wp\/v2\/posts\/37945\/revisions"}],"predecessor-version":[{"id":38029,"href":"https:\/\/buletin.de\/bucuresti\/wp-json\/wp\/v2\/posts\/37945\/revisions\/38029"}],"wp:featuredmedia":[{"embeddable":true,"href":"https:\/\/buletin.de\/bucuresti\/wp-json\/wp\/v2\/media\/37947"}],"wp:attachment":[{"href":"https:\/\/buletin.de\/bucuresti\/wp-json\/wp\/v2\/media?parent=37945"}],"wp:term":[{"taxonomy":"category","embeddable":true,"href":"https:\/\/buletin.de\/bucuresti\/wp-json\/wp\/v2\/categories?post=37945"},{"taxonomy":"post_tag","embeddable":true,"href":"https:\/\/buletin.de\/bucuresti\/wp-json\/wp\/v2\/tags?post=37945"},{"taxonomy":"author","embeddable":true,"href":"https:\/\/buletin.de\/bucuresti\/wp-json\/wp\/v2\/ppma_author?post=37945"}],"curies":[{"name":"wp","href":"https:\/\/api.w.org\/{rel}","templated":true}]}}