{"id":37840,"date":"2022-01-29T11:29:27","date_gmt":"2022-01-29T09:29:27","guid":{"rendered":"https:\/\/buletin.de\/bucuresti\/?p=37840"},"modified":"2022-01-29T11:29:28","modified_gmt":"2022-01-29T09:29:28","slug":"achizitiile-directe-la-institutul-bals-la-un-an-dupa-incendiu-mai-multi-bani-pentru-instalatiile-electrice-reparatii-si-renovari","status":"publish","type":"post","link":"https:\/\/buletin.de\/bucuresti\/achizitiile-directe-la-institutul-bals-la-un-an-dupa-incendiu-mai-multi-bani-pentru-instalatiile-electrice-reparatii-si-renovari\/","title":{"rendered":"Achizi\u021biile directe la Institutul Bal\u0219, la un an dup\u0103 incendiu. Mai mul\u021bi bani pentru instala\u021biile electrice, repara\u021bii \u0219i renov\u0103ri"},"content":{"rendered":"\n<p><strong>La un an dup\u0103 incendiul de la Institutul Matei Bal\u0219, o analiz\u0103 a achizi\u021biilor directe arat\u0103 c\u0103 spitalul a investit mai mul\u021bi bani \u00een lucr\u0103rile instala\u021biilor electrice \u0219i \u00een repara\u021bii \u0219i renov\u0103ri dec\u00e2t \u00een anul precedent. Sumele alocate pentru lucr\u0103rile pentru securitate, acolo unde intr\u0103 \u0219i cele de preven\u021bie \u0219i siguran\u021b\u0103 la incendiu, au fost aproximativ la fel \u00een ambii ani. Totodat\u0103, o parte din firmele favorite se men\u021bin \u00een topul celor care primesc contracte publice.<\/strong><\/p>\n\n\n\n<p><\/p>\n\n\n\n<p>\u00cen urm\u0103 cu un an, pe 29 ianuarie 2021, cinci persoane au murit \u00eentr-un incendiu izbucnit la Institutul Matei Bal\u0219. Al\u021bi 14 pacien\u021bi aveau s\u0103 \u00ee\u0219i piard\u0103 via\u021ba din cauza acestui incendiu \u00een zilele urm\u0103toare. La momentul respectiv, o investiga\u021bie Buletin de Bucure\u0219ti a descoperit c\u0103 firma responsabil\u0103 de securitatea la incendiu <a href=\"https:\/\/buletin.de\/bucuresti\/firma-privata-care-asigura-servicii-de-pompieri-la-matei-bals-fara-acreditare-isu\/\">nu avea acreditare de la Inspectoratul pentru Situa\u021bii de Urgen\u021be<\/a>.<\/p>\n\n\n\n<p>C\u00e2nd a primit primul contract, \u00een 2019<a href=\"https:\/\/buletin.de\/bucuresti\/institutul-matei-bals-contract-pentru-servicii-de-pompieri-cu-o-firma-privata-cu-zero-angajati\/\">, nu avea niciun angajat.<\/a> Chiar \u0219i a\u0219a, a c\u00e2\u0219tigat aproape 300 de mii de lei pentru servicii de pompieri, cei mai mul\u021bi bani cheltui\u021bi de o institu\u021bie public\u0103 din Capital\u0103, pe acest tip de serviciu, \u00een ultimii 10 ani.<\/p>\n\n\n\n<h2 class=\"wp-block-heading\"><strong>Ce s-a schimbat \u00een ultimul an?<\/strong><\/h2>\n\n\n\n<p>Conform unei analize a tuturor achizi\u021biilor directe \u00eencheiate de Institutul Bal\u0219, \u00een 2021 conducerea a investit mai mul\u021bi bani \u00een lucr\u0103rile instala\u021biilor electrice, dar \u0219i \u00een repara\u021bii \u0219i renov\u0103ri. Pentru repararea \u0219i \u00eentre\u021binerea echipamentului de securitate, institutul a alocat aproximativ acelea\u0219i sume \u00een ambii ani, \u00een jur de 260 de mii de lei.<\/p>\n\n\n\n<p>\u00cen ultimul an de la incendiu, Institutul Bal\u0219 a atribuit direct 15 contracte pentru securitate, \u00een valoare total\u0103 de 267 de mii de lei. Firmele c\u00e2\u0219tig\u0103toare s-au ocupat de repara\u021bia sistemului de detec\u021bie \u0219i semnalizare incendiu \u0219i de \u00eentre\u021binerea sistemelor de securitate la incendiu. Totodat\u0103, conducerea a \u00eembun\u0103t\u0103\u021bit sistemul antiefrac\u021bie \u0219i cel de supraveghere video.<\/p>\n\n\n\n<p>Pe l\u00e2ng\u0103 asta, Institutul a investit aproape 670 de mii de lei \u00een lucr\u0103ri de repara\u021bii, dublu fa\u021b\u0103 de anul precedent. Conform achizi\u021biilor publicate pe platforma de licita\u021bii SEAP, spa\u021biile din holuri au fost completate cu pere\u021bi rezisten\u021bi la foc 150 de minute, unele spa\u021bii interioare au fost zugr\u0103vite \u0219i reparate, iar fa\u021badele sunt \u00eentre\u021binute lunar.<\/p>\n\n\n\n<p>O alt\u0103 categorie pentru care spitalul de boli infec\u021bioase a alocat mai mul\u021bi bani dup\u0103 incendiu este cea a instala\u021biilor electrice: 770 de mii de lei \u00een 2021 fa\u021b\u0103 de 370 de mii de lei \u00een 2020. \u0218i pe \u00eentre\u021binerea centralelor termice s-au cheltuit mai mul\u021bi bani \u00een ultimul an fa\u021b\u0103 de cel precedent, aproape 380 de mii de lei.<\/p>\n\n\n\n<div class=\"infogram-embed\" data-id=\"4f598b83-be39-4219-8abe-6e4cdb45dda8\" data-type=\"interactive\" data-title=\"Achizitii directe 2020 vs 2021 Bals\"><\/div><script>!function(e,i,n,s){var t=\"InfogramEmbeds\",d=e.getElementsByTagName(\"script\")[0];if(window[t]&&window[t].initialized)window[t].process&&window[t].process();else if(!e.getElementById(n)){var o=e.createElement(\"script\");o.async=1,o.id=n,o.src=\"https:\/\/e.infogram.com\/js\/dist\/embed-loader-min.js\",d.parentNode.insertBefore(o,d)}}(document,0,\"infogram-async\");<\/script>\n\n\n\n<h2 class=\"wp-block-heading\">Unde au ajuns banii?<\/h2>\n\n\n\n<p>O parte dintre firmele care au primit cei mai mul\u021bi bani direct de la Institutul Bal\u0219 \u00een 2020 se afl\u0103 \u0219i \u00een topul din 2021. Despre acestea Buletin de Bucure\u0219ti a scris \u00een urm\u0103 cu un an.<\/p>\n\n\n\n<p>Anpet Building SRL continu\u0103 s\u0103 apar\u0103 \u00een topul firmelor cu care institutul face afaceri, \u00eens\u0103 c\u00e2\u0219tigurile din bani publici s-au diminuat. Dac\u0103 \u00een 2020 \u00een buzunarele patronilor au ajuns aproape un milion de lei, dup\u0103 incendiu au mai c\u00e2\u0219tigat doar 360 de mii de lei.<\/p>\n\n\n\n<p>\u00cen 2020 firma nu avea niciun angajat, \u00eens\u0103 a fost \u00eencredin\u021bat\u0103 de Institut s\u0103 se ocupe de \u00eentre\u021binerea fa\u021badelor \u0219i a mobilei, de construirea de pere\u021bi \u0219i u\u0219i anti-foc \u0219i de furnizarea de diverse materiale. Boagiu Petre, patronul Anpet Building, a fost partener de afaceri \u00eentr-o firm\u0103 de construc\u021bii cu Aron Claudiu, unul dintre cei mai mari proprietari de hoteluri din Rom\u00e2nia \u0219i cel care a pus bazele companiei Alpin Resort \u00een 2003.<\/p>\n\n\n\n<p>O alt\u0103 firm\u0103 care continu\u0103 s\u0103 primeasc\u0103 contracte directe de la Matei Bal\u0219 se nume\u0219te Media Service Print. \u00cen ultimul an a c\u00e2\u0219tigat peste 270 de mii de lei pe repar\u0103ri de imprimante \u0219i furnizare de toner.<\/p>\n\n\n\n<p>Media Service Print nu e str\u0103in\u0103 de afaceri profitabile cu statul rom\u00e2n. \u00cen vara anului 2020, Buletin de Bucure\u0219ti a ar\u0103tat cum Poli\u021bia Local\u0103 Sector 1 a cump\u0103rat de la acest xerox m\u0103\u0219ti de protec\u021bie, combinezoane \u0219i kituri de testare Covid-19 \u00een valoare de 1.3 milioane de lei. M\u0103\u0219tile de protec\u021bie au fost <a href=\"https:\/\/buletin.de\/bucuresti\/politia-sectorului-1-comanda-de-masti-de-protectie-de-la-un-xerox-din-voluntari\/\">atunci achizi\u021bionate la dublu pre\u021b.<\/a><\/p>\n\n\n\n<p>\u00cen r\u00e2ndul firmelor nou ap\u0103rute \u00een topul c\u00e2\u0219tig\u0103toarelor de contracte cu Matei Bal\u0219 se afl\u0103 Eyecon Medical. \u00cen 2021, a primit peste jum\u0103tate de milion de lei de la institut. Societatea specializat\u0103 \u00een mobilier medical, a\u0219a cum scrie pe site-ul ei, este condus\u0103 de C\u00e2rstocea Ioan R\u0103zvan. <\/p>\n\n\n\n<p>Proprietarul Eyecon Medical a fost implicat \u00een 2017 \u00eentr-un <a href=\"https:\/\/www.jurisprudenta.com\/dosare-procese\/2017\/18395q3q2017-3\/\">dosar de evaziune fiscal\u0103.<\/a> Acesta nu a r\u0103spuns \u00eentreb\u0103rilor Buletin de Bucure\u0219ti p\u00e2n\u0103 la momentul public\u0103rii articolului.<\/p>\n\n\n\n<p> Surs\u0103 cover foto: Octav Ganea\/INQU <\/p>\n","protected":false},"excerpt":{"rendered":"<p>La un an dup\u0103 incendiul de la Institutul Matei Bal\u0219, o analiz\u0103 a achizi\u021biilor directe arat\u0103 c\u0103 spitalul a investit mai mul\u021bi bani \u00een lucr\u0103rile instala\u021biilor electrice \u0219i \u00een repara\u021bii \u0219i renov\u0103ri dec\u00e2t \u00een anul precedent. Sumele alocate pentru lucr\u0103rile pentru securitate, acolo unde intr\u0103 \u0219i cele de preven\u021bie \u0219i siguran\u021b\u0103 la incendiu, au fost [&hellip;]<\/p>\n","protected":false},"author":6,"featured_media":18989,"comment_status":"closed","ping_status":"open","sticky":false,"template":"","format":"standard","meta":{"_acf_changed":false,"inline_featured_image":false,"ngg_post_thumbnail":0,"footnotes":""},"categories":[4],"tags":[],"ppma_author":[22588],"class_list":["post-37840","post","type-post","status-publish","format-standard","has-post-thumbnail","hentry","category-sanatate"],"acf":[],"yoast_head":"<!-- This site is optimized with the Yoast SEO Premium plugin v25.3 (Yoast SEO v27.4) - https:\/\/yoast.com\/product\/yoast-seo-premium-wordpress\/ -->\n<title>Achizi\u021biile directe la Institutul Bal\u0219, la un an dup\u0103 incendiu. Mai mul\u021bi bani pentru instala\u021biile electrice, repara\u021bii \u0219i renov\u0103ri - Buletin de Bucure\u0219ti<\/title>\n<meta name=\"robots\" content=\"index, follow, max-snippet:-1, max-image-preview:large, max-video-preview:-1\" \/>\n<link rel=\"canonical\" href=\"https:\/\/buletin.de\/bucuresti\/achizitiile-directe-la-institutul-bals-la-un-an-dupa-incendiu-mai-multi-bani-pentru-instalatiile-electrice-reparatii-si-renovari\/\" \/>\n<meta property=\"og:locale\" content=\"en_GB\" \/>\n<meta property=\"og:type\" content=\"article\" \/>\n<meta property=\"og:title\" content=\"Achizi\u021biile directe la Institutul Bal\u0219, la un an dup\u0103 incendiu. Mai mul\u021bi bani pentru instala\u021biile electrice, repara\u021bii \u0219i renov\u0103ri\" \/>\n<meta property=\"og:description\" content=\"La un an dup\u0103 incendiul de la Institutul Matei Bal\u0219, o analiz\u0103 a achizi\u021biilor directe arat\u0103 c\u0103 spitalul a investit mai mul\u021bi bani \u00een lucr\u0103rile instala\u021biilor electrice \u0219i \u00een repara\u021bii \u0219i renov\u0103ri dec\u00e2t \u00een anul precedent. Sumele alocate pentru lucr\u0103rile pentru securitate, acolo unde intr\u0103 \u0219i cele de preven\u021bie \u0219i siguran\u021b\u0103 la incendiu, au fost [&hellip;]\" \/>\n<meta property=\"og:url\" content=\"https:\/\/buletin.de\/bucuresti\/achizitiile-directe-la-institutul-bals-la-un-an-dupa-incendiu-mai-multi-bani-pentru-instalatiile-electrice-reparatii-si-renovari\/\" \/>\n<meta property=\"og:site_name\" content=\"Buletin de Bucure\u0219ti\" \/>\n<meta property=\"article:publisher\" content=\"https:\/\/www.facebook.com\/buletin.de.buc\" \/>\n<meta property=\"article:published_time\" content=\"2022-01-29T09:29:27+00:00\" \/>\n<meta property=\"article:modified_time\" content=\"2022-01-29T09:29:28+00:00\" \/>\n<meta property=\"og:image\" content=\"https:\/\/buletin.de\/bucuresti\/wp-content\/uploads\/WhatsApp-Image-2021-01-29-at-11.20.27-2.jpeg\" \/>\n\t<meta property=\"og:image:width\" content=\"780\" \/>\n\t<meta property=\"og:image:height\" content=\"440\" \/>\n\t<meta property=\"og:image:type\" content=\"image\/jpeg\" \/>\n<meta name=\"author\" content=\"Bianca Albu\" \/>\n<meta name=\"twitter:card\" content=\"summary_large_image\" \/>\n<meta name=\"twitter:label1\" content=\"Written by\" \/>\n\t<meta name=\"twitter:data1\" content=\"Bianca Albu\" \/>\n\t<meta name=\"twitter:label2\" content=\"Estimated reading time\" \/>\n\t<meta name=\"twitter:data2\" content=\"4 minutes\" \/>\n<script type=\"application\/ld+json\" class=\"yoast-schema-graph\">{\"@context\":\"https:\\\/\\\/schema.org\",\"@graph\":[{\"@type\":\"Article\",\"@id\":\"https:\\\/\\\/buletin.de\\\/bucuresti\\\/achizitiile-directe-la-institutul-bals-la-un-an-dupa-incendiu-mai-multi-bani-pentru-instalatiile-electrice-reparatii-si-renovari\\\/#article\",\"isPartOf\":{\"@id\":\"https:\\\/\\\/buletin.de\\\/bucuresti\\\/achizitiile-directe-la-institutul-bals-la-un-an-dupa-incendiu-mai-multi-bani-pentru-instalatiile-electrice-reparatii-si-renovari\\\/\"},\"author\":{\"name\":\"Bianca Albu\",\"@id\":\"https:\\\/\\\/buletin.de\\\/bucuresti\\\/#\\\/schema\\\/person\\\/295dc2228d2dc79294d636619468dc7f\"},\"headline\":\"Achizi\u021biile directe la Institutul Bal\u0219, la un an dup\u0103 incendiu. Mai mul\u021bi bani pentru instala\u021biile electrice, repara\u021bii \u0219i renov\u0103ri\",\"datePublished\":\"2022-01-29T09:29:27+00:00\",\"dateModified\":\"2022-01-29T09:29:28+00:00\",\"mainEntityOfPage\":{\"@id\":\"https:\\\/\\\/buletin.de\\\/bucuresti\\\/achizitiile-directe-la-institutul-bals-la-un-an-dupa-incendiu-mai-multi-bani-pentru-instalatiile-electrice-reparatii-si-renovari\\\/\"},\"wordCount\":837,\"publisher\":{\"@id\":\"https:\\\/\\\/buletin.de\\\/bucuresti\\\/#organization\"},\"image\":{\"@id\":\"https:\\\/\\\/buletin.de\\\/bucuresti\\\/achizitiile-directe-la-institutul-bals-la-un-an-dupa-incendiu-mai-multi-bani-pentru-instalatiile-electrice-reparatii-si-renovari\\\/#primaryimage\"},\"thumbnailUrl\":\"https:\\\/\\\/buletin.de\\\/bucuresti\\\/wp-content\\\/uploads\\\/WhatsApp-Image-2021-01-29-at-11.20.27-2.jpeg\",\"articleSection\":[\"S\u0103n\u0103tate\"],\"inLanguage\":\"en-GB\",\"copyrightYear\":\"2022\",\"copyrightHolder\":{\"@id\":\"https:\\\/\\\/buletin.de\\\/bucuresti\\\/#organization\"}},{\"@type\":\"WebPage\",\"@id\":\"https:\\\/\\\/buletin.de\\\/bucuresti\\\/achizitiile-directe-la-institutul-bals-la-un-an-dupa-incendiu-mai-multi-bani-pentru-instalatiile-electrice-reparatii-si-renovari\\\/\",\"url\":\"https:\\\/\\\/buletin.de\\\/bucuresti\\\/achizitiile-directe-la-institutul-bals-la-un-an-dupa-incendiu-mai-multi-bani-pentru-instalatiile-electrice-reparatii-si-renovari\\\/\",\"name\":\"Achizi\u021biile directe la Institutul Bal\u0219, la un an dup\u0103 incendiu. Mai mul\u021bi bani pentru instala\u021biile electrice, repara\u021bii \u0219i renov\u0103ri - Buletin de Bucure\u0219ti\",\"isPartOf\":{\"@id\":\"https:\\\/\\\/buletin.de\\\/bucuresti\\\/#website\"},\"primaryImageOfPage\":{\"@id\":\"https:\\\/\\\/buletin.de\\\/bucuresti\\\/achizitiile-directe-la-institutul-bals-la-un-an-dupa-incendiu-mai-multi-bani-pentru-instalatiile-electrice-reparatii-si-renovari\\\/#primaryimage\"},\"image\":{\"@id\":\"https:\\\/\\\/buletin.de\\\/bucuresti\\\/achizitiile-directe-la-institutul-bals-la-un-an-dupa-incendiu-mai-multi-bani-pentru-instalatiile-electrice-reparatii-si-renovari\\\/#primaryimage\"},\"thumbnailUrl\":\"https:\\\/\\\/buletin.de\\\/bucuresti\\\/wp-content\\\/uploads\\\/WhatsApp-Image-2021-01-29-at-11.20.27-2.jpeg\",\"datePublished\":\"2022-01-29T09:29:27+00:00\",\"dateModified\":\"2022-01-29T09:29:28+00:00\",\"breadcrumb\":{\"@id\":\"https:\\\/\\\/buletin.de\\\/bucuresti\\\/achizitiile-directe-la-institutul-bals-la-un-an-dupa-incendiu-mai-multi-bani-pentru-instalatiile-electrice-reparatii-si-renovari\\\/#breadcrumb\"},\"inLanguage\":\"en-GB\",\"potentialAction\":[{\"@type\":\"ReadAction\",\"target\":[\"https:\\\/\\\/buletin.de\\\/bucuresti\\\/achizitiile-directe-la-institutul-bals-la-un-an-dupa-incendiu-mai-multi-bani-pentru-instalatiile-electrice-reparatii-si-renovari\\\/\"]}]},{\"@type\":\"ImageObject\",\"inLanguage\":\"en-GB\",\"@id\":\"https:\\\/\\\/buletin.de\\\/bucuresti\\\/achizitiile-directe-la-institutul-bals-la-un-an-dupa-incendiu-mai-multi-bani-pentru-instalatiile-electrice-reparatii-si-renovari\\\/#primaryimage\",\"url\":\"https:\\\/\\\/buletin.de\\\/bucuresti\\\/wp-content\\\/uploads\\\/WhatsApp-Image-2021-01-29-at-11.20.27-2.jpeg\",\"contentUrl\":\"https:\\\/\\\/buletin.de\\\/bucuresti\\\/wp-content\\\/uploads\\\/WhatsApp-Image-2021-01-29-at-11.20.27-2.jpeg\",\"width\":780,\"height\":440},{\"@type\":\"BreadcrumbList\",\"@id\":\"https:\\\/\\\/buletin.de\\\/bucuresti\\\/achizitiile-directe-la-institutul-bals-la-un-an-dupa-incendiu-mai-multi-bani-pentru-instalatiile-electrice-reparatii-si-renovari\\\/#breadcrumb\",\"itemListElement\":[{\"@type\":\"ListItem\",\"position\":1,\"name\":\"Acas\u0103\",\"item\":\"https:\\\/\\\/buletin.de\\\/bucuresti\\\/\"},{\"@type\":\"ListItem\",\"position\":2,\"name\":\"Achizi\u021biile directe la Institutul Bal\u0219, la un an dup\u0103 incendiu. Mai mul\u021bi bani pentru instala\u021biile electrice, repara\u021bii \u0219i renov\u0103ri\"}]},{\"@type\":\"WebSite\",\"@id\":\"https:\\\/\\\/buletin.de\\\/bucuresti\\\/#website\",\"url\":\"https:\\\/\\\/buletin.de\\\/bucuresti\\\/\",\"name\":\"Buletin de Bucure\u0219ti\",\"description\":\"\u0218tiri \u0219i investiga\u021bii esen\u021biale din capital\u0103\",\"publisher\":{\"@id\":\"https:\\\/\\\/buletin.de\\\/bucuresti\\\/#organization\"},\"potentialAction\":[{\"@type\":\"SearchAction\",\"target\":{\"@type\":\"EntryPoint\",\"urlTemplate\":\"https:\\\/\\\/buletin.de\\\/bucuresti\\\/?s={search_term_string}\"},\"query-input\":{\"@type\":\"PropertyValueSpecification\",\"valueRequired\":true,\"valueName\":\"search_term_string\"}}],\"inLanguage\":\"en-GB\"},{\"@type\":\"Organization\",\"@id\":\"https:\\\/\\\/buletin.de\\\/bucuresti\\\/#organization\",\"name\":\"Buletin de Bucure\u0219ti\",\"url\":\"https:\\\/\\\/buletin.de\\\/bucuresti\\\/\",\"logo\":{\"@type\":\"ImageObject\",\"inLanguage\":\"en-GB\",\"@id\":\"https:\\\/\\\/buletin.de\\\/bucuresti\\\/#\\\/schema\\\/logo\\\/image\\\/\",\"url\":\"https:\\\/\\\/buletin.de\\\/bucuresti\\\/wp-content\\\/uploads\\\/logo-bdb-full-wide-vernil-transparent.png\",\"contentUrl\":\"https:\\\/\\\/buletin.de\\\/bucuresti\\\/wp-content\\\/uploads\\\/logo-bdb-full-wide-vernil-transparent.png\",\"width\":1782,\"height\":626,\"caption\":\"Buletin de Bucure\u0219ti\"},\"image\":{\"@id\":\"https:\\\/\\\/buletin.de\\\/bucuresti\\\/#\\\/schema\\\/logo\\\/image\\\/\"},\"sameAs\":[\"https:\\\/\\\/www.facebook.com\\\/buletin.de.buc\",\"https:\\\/\\\/www.instagram.com\\\/buletinde.bucuresti\\\/\"]},{\"@type\":\"Person\",\"@id\":\"https:\\\/\\\/buletin.de\\\/bucuresti\\\/#\\\/schema\\\/person\\\/295dc2228d2dc79294d636619468dc7f\",\"name\":\"Bianca Albu\",\"image\":{\"@type\":\"ImageObject\",\"inLanguage\":\"en-GB\",\"@id\":\"https:\\\/\\\/secure.gravatar.com\\\/avatar\\\/3df2e34e20f529e6fd7be4311ee1f7c4ec4aa886971590baf6fa214b15743516?s=96&d=monsterid&r=gf541c715eeec409ce8101252a3c0d8a7\",\"url\":\"https:\\\/\\\/secure.gravatar.com\\\/avatar\\\/3df2e34e20f529e6fd7be4311ee1f7c4ec4aa886971590baf6fa214b15743516?s=96&d=monsterid&r=g\",\"contentUrl\":\"https:\\\/\\\/secure.gravatar.com\\\/avatar\\\/3df2e34e20f529e6fd7be4311ee1f7c4ec4aa886971590baf6fa214b15743516?s=96&d=monsterid&r=g\",\"caption\":\"Bianca Albu\"},\"description\":\"Reporter\",\"url\":\"https:\\\/\\\/buletin.de\\\/bucuresti\\\/author\\\/biancaalbu\\\/\"}]}<\/script>\n<!-- \/ Yoast SEO Premium plugin. -->","yoast_head_json":{"title":"Achizi\u021biile directe la Institutul Bal\u0219, la un an dup\u0103 incendiu. Mai mul\u021bi bani pentru instala\u021biile electrice, repara\u021bii \u0219i renov\u0103ri - Buletin de Bucure\u0219ti","robots":{"index":"index","follow":"follow","max-snippet":"max-snippet:-1","max-image-preview":"max-image-preview:large","max-video-preview":"max-video-preview:-1"},"canonical":"https:\/\/buletin.de\/bucuresti\/achizitiile-directe-la-institutul-bals-la-un-an-dupa-incendiu-mai-multi-bani-pentru-instalatiile-electrice-reparatii-si-renovari\/","og_locale":"en_GB","og_type":"article","og_title":"Achizi\u021biile directe la Institutul Bal\u0219, la un an dup\u0103 incendiu. Mai mul\u021bi bani pentru instala\u021biile electrice, repara\u021bii \u0219i renov\u0103ri","og_description":"La un an dup\u0103 incendiul de la Institutul Matei Bal\u0219, o analiz\u0103 a achizi\u021biilor directe arat\u0103 c\u0103 spitalul a investit mai mul\u021bi bani \u00een lucr\u0103rile instala\u021biilor electrice \u0219i \u00een repara\u021bii \u0219i renov\u0103ri dec\u00e2t \u00een anul precedent. Sumele alocate pentru lucr\u0103rile pentru securitate, acolo unde intr\u0103 \u0219i cele de preven\u021bie \u0219i siguran\u021b\u0103 la incendiu, au fost [&hellip;]","og_url":"https:\/\/buletin.de\/bucuresti\/achizitiile-directe-la-institutul-bals-la-un-an-dupa-incendiu-mai-multi-bani-pentru-instalatiile-electrice-reparatii-si-renovari\/","og_site_name":"Buletin de Bucure\u0219ti","article_publisher":"https:\/\/www.facebook.com\/buletin.de.buc","article_published_time":"2022-01-29T09:29:27+00:00","article_modified_time":"2022-01-29T09:29:28+00:00","og_image":[{"width":780,"height":440,"url":"https:\/\/buletin.de\/bucuresti\/wp-content\/uploads\/WhatsApp-Image-2021-01-29-at-11.20.27-2.jpeg","type":"image\/jpeg"}],"author":"Bianca Albu","twitter_card":"summary_large_image","twitter_misc":{"Written by":"Bianca Albu","Estimated reading time":"4 minutes"},"schema":{"@context":"https:\/\/schema.org","@graph":[{"@type":"Article","@id":"https:\/\/buletin.de\/bucuresti\/achizitiile-directe-la-institutul-bals-la-un-an-dupa-incendiu-mai-multi-bani-pentru-instalatiile-electrice-reparatii-si-renovari\/#article","isPartOf":{"@id":"https:\/\/buletin.de\/bucuresti\/achizitiile-directe-la-institutul-bals-la-un-an-dupa-incendiu-mai-multi-bani-pentru-instalatiile-electrice-reparatii-si-renovari\/"},"author":{"name":"Bianca Albu","@id":"https:\/\/buletin.de\/bucuresti\/#\/schema\/person\/295dc2228d2dc79294d636619468dc7f"},"headline":"Achizi\u021biile directe la Institutul Bal\u0219, la un an dup\u0103 incendiu. Mai mul\u021bi bani pentru instala\u021biile electrice, repara\u021bii \u0219i renov\u0103ri","datePublished":"2022-01-29T09:29:27+00:00","dateModified":"2022-01-29T09:29:28+00:00","mainEntityOfPage":{"@id":"https:\/\/buletin.de\/bucuresti\/achizitiile-directe-la-institutul-bals-la-un-an-dupa-incendiu-mai-multi-bani-pentru-instalatiile-electrice-reparatii-si-renovari\/"},"wordCount":837,"publisher":{"@id":"https:\/\/buletin.de\/bucuresti\/#organization"},"image":{"@id":"https:\/\/buletin.de\/bucuresti\/achizitiile-directe-la-institutul-bals-la-un-an-dupa-incendiu-mai-multi-bani-pentru-instalatiile-electrice-reparatii-si-renovari\/#primaryimage"},"thumbnailUrl":"https:\/\/buletin.de\/bucuresti\/wp-content\/uploads\/WhatsApp-Image-2021-01-29-at-11.20.27-2.jpeg","articleSection":["S\u0103n\u0103tate"],"inLanguage":"en-GB","copyrightYear":"2022","copyrightHolder":{"@id":"https:\/\/buletin.de\/bucuresti\/#organization"}},{"@type":"WebPage","@id":"https:\/\/buletin.de\/bucuresti\/achizitiile-directe-la-institutul-bals-la-un-an-dupa-incendiu-mai-multi-bani-pentru-instalatiile-electrice-reparatii-si-renovari\/","url":"https:\/\/buletin.de\/bucuresti\/achizitiile-directe-la-institutul-bals-la-un-an-dupa-incendiu-mai-multi-bani-pentru-instalatiile-electrice-reparatii-si-renovari\/","name":"Achizi\u021biile directe la Institutul Bal\u0219, la un an dup\u0103 incendiu. Mai mul\u021bi bani pentru instala\u021biile electrice, repara\u021bii \u0219i renov\u0103ri - Buletin de Bucure\u0219ti","isPartOf":{"@id":"https:\/\/buletin.de\/bucuresti\/#website"},"primaryImageOfPage":{"@id":"https:\/\/buletin.de\/bucuresti\/achizitiile-directe-la-institutul-bals-la-un-an-dupa-incendiu-mai-multi-bani-pentru-instalatiile-electrice-reparatii-si-renovari\/#primaryimage"},"image":{"@id":"https:\/\/buletin.de\/bucuresti\/achizitiile-directe-la-institutul-bals-la-un-an-dupa-incendiu-mai-multi-bani-pentru-instalatiile-electrice-reparatii-si-renovari\/#primaryimage"},"thumbnailUrl":"https:\/\/buletin.de\/bucuresti\/wp-content\/uploads\/WhatsApp-Image-2021-01-29-at-11.20.27-2.jpeg","datePublished":"2022-01-29T09:29:27+00:00","dateModified":"2022-01-29T09:29:28+00:00","breadcrumb":{"@id":"https:\/\/buletin.de\/bucuresti\/achizitiile-directe-la-institutul-bals-la-un-an-dupa-incendiu-mai-multi-bani-pentru-instalatiile-electrice-reparatii-si-renovari\/#breadcrumb"},"inLanguage":"en-GB","potentialAction":[{"@type":"ReadAction","target":["https:\/\/buletin.de\/bucuresti\/achizitiile-directe-la-institutul-bals-la-un-an-dupa-incendiu-mai-multi-bani-pentru-instalatiile-electrice-reparatii-si-renovari\/"]}]},{"@type":"ImageObject","inLanguage":"en-GB","@id":"https:\/\/buletin.de\/bucuresti\/achizitiile-directe-la-institutul-bals-la-un-an-dupa-incendiu-mai-multi-bani-pentru-instalatiile-electrice-reparatii-si-renovari\/#primaryimage","url":"https:\/\/buletin.de\/bucuresti\/wp-content\/uploads\/WhatsApp-Image-2021-01-29-at-11.20.27-2.jpeg","contentUrl":"https:\/\/buletin.de\/bucuresti\/wp-content\/uploads\/WhatsApp-Image-2021-01-29-at-11.20.27-2.jpeg","width":780,"height":440},{"@type":"BreadcrumbList","@id":"https:\/\/buletin.de\/bucuresti\/achizitiile-directe-la-institutul-bals-la-un-an-dupa-incendiu-mai-multi-bani-pentru-instalatiile-electrice-reparatii-si-renovari\/#breadcrumb","itemListElement":[{"@type":"ListItem","position":1,"name":"Acas\u0103","item":"https:\/\/buletin.de\/bucuresti\/"},{"@type":"ListItem","position":2,"name":"Achizi\u021biile directe la Institutul Bal\u0219, la un an dup\u0103 incendiu. Mai mul\u021bi bani pentru instala\u021biile electrice, repara\u021bii \u0219i renov\u0103ri"}]},{"@type":"WebSite","@id":"https:\/\/buletin.de\/bucuresti\/#website","url":"https:\/\/buletin.de\/bucuresti\/","name":"Buletin de Bucure\u0219ti","description":"\u0218tiri \u0219i investiga\u021bii esen\u021biale din capital\u0103","publisher":{"@id":"https:\/\/buletin.de\/bucuresti\/#organization"},"potentialAction":[{"@type":"SearchAction","target":{"@type":"EntryPoint","urlTemplate":"https:\/\/buletin.de\/bucuresti\/?s={search_term_string}"},"query-input":{"@type":"PropertyValueSpecification","valueRequired":true,"valueName":"search_term_string"}}],"inLanguage":"en-GB"},{"@type":"Organization","@id":"https:\/\/buletin.de\/bucuresti\/#organization","name":"Buletin de Bucure\u0219ti","url":"https:\/\/buletin.de\/bucuresti\/","logo":{"@type":"ImageObject","inLanguage":"en-GB","@id":"https:\/\/buletin.de\/bucuresti\/#\/schema\/logo\/image\/","url":"https:\/\/buletin.de\/bucuresti\/wp-content\/uploads\/logo-bdb-full-wide-vernil-transparent.png","contentUrl":"https:\/\/buletin.de\/bucuresti\/wp-content\/uploads\/logo-bdb-full-wide-vernil-transparent.png","width":1782,"height":626,"caption":"Buletin de Bucure\u0219ti"},"image":{"@id":"https:\/\/buletin.de\/bucuresti\/#\/schema\/logo\/image\/"},"sameAs":["https:\/\/www.facebook.com\/buletin.de.buc","https:\/\/www.instagram.com\/buletinde.bucuresti\/"]},{"@type":"Person","@id":"https:\/\/buletin.de\/bucuresti\/#\/schema\/person\/295dc2228d2dc79294d636619468dc7f","name":"Bianca Albu","image":{"@type":"ImageObject","inLanguage":"en-GB","@id":"https:\/\/secure.gravatar.com\/avatar\/3df2e34e20f529e6fd7be4311ee1f7c4ec4aa886971590baf6fa214b15743516?s=96&d=monsterid&r=gf541c715eeec409ce8101252a3c0d8a7","url":"https:\/\/secure.gravatar.com\/avatar\/3df2e34e20f529e6fd7be4311ee1f7c4ec4aa886971590baf6fa214b15743516?s=96&d=monsterid&r=g","contentUrl":"https:\/\/secure.gravatar.com\/avatar\/3df2e34e20f529e6fd7be4311ee1f7c4ec4aa886971590baf6fa214b15743516?s=96&d=monsterid&r=g","caption":"Bianca Albu"},"description":"Reporter","url":"https:\/\/buletin.de\/bucuresti\/author\/biancaalbu\/"}]}},"authors":[{"term_id":22588,"user_id":6,"is_guest":0,"slug":"biancaalbu","display_name":"Bianca Albu","avatar_url":"https:\/\/secure.gravatar.com\/avatar\/3df2e34e20f529e6fd7be4311ee1f7c4ec4aa886971590baf6fa214b15743516?s=96&d=monsterid&r=g","0":null,"1":"","2":"","3":"","4":"","5":"","6":"","7":"","8":""}],"_links":{"self":[{"href":"https:\/\/buletin.de\/bucuresti\/wp-json\/wp\/v2\/posts\/37840","targetHints":{"allow":["GET"]}}],"collection":[{"href":"https:\/\/buletin.de\/bucuresti\/wp-json\/wp\/v2\/posts"}],"about":[{"href":"https:\/\/buletin.de\/bucuresti\/wp-json\/wp\/v2\/types\/post"}],"author":[{"embeddable":true,"href":"https:\/\/buletin.de\/bucuresti\/wp-json\/wp\/v2\/users\/6"}],"replies":[{"embeddable":true,"href":"https:\/\/buletin.de\/bucuresti\/wp-json\/wp\/v2\/comments?post=37840"}],"version-history":[{"count":5,"href":"https:\/\/buletin.de\/bucuresti\/wp-json\/wp\/v2\/posts\/37840\/revisions"}],"predecessor-version":[{"id":38044,"href":"https:\/\/buletin.de\/bucuresti\/wp-json\/wp\/v2\/posts\/37840\/revisions\/38044"}],"wp:featuredmedia":[{"embeddable":true,"href":"https:\/\/buletin.de\/bucuresti\/wp-json\/wp\/v2\/media\/18989"}],"wp:attachment":[{"href":"https:\/\/buletin.de\/bucuresti\/wp-json\/wp\/v2\/media?parent=37840"}],"wp:term":[{"taxonomy":"category","embeddable":true,"href":"https:\/\/buletin.de\/bucuresti\/wp-json\/wp\/v2\/categories?post=37840"},{"taxonomy":"post_tag","embeddable":true,"href":"https:\/\/buletin.de\/bucuresti\/wp-json\/wp\/v2\/tags?post=37840"},{"taxonomy":"author","embeddable":true,"href":"https:\/\/buletin.de\/bucuresti\/wp-json\/wp\/v2\/ppma_author?post=37840"}],"curies":[{"name":"wp","href":"https:\/\/api.w.org\/{rel}","templated":true}]}}