{"id":37680,"date":"2022-01-23T09:06:52","date_gmt":"2022-01-23T07:06:52","guid":{"rendered":"https:\/\/buletin.de\/bucuresti\/?p=37680"},"modified":"2022-01-23T09:34:54","modified_gmt":"2022-01-23T07:34:54","slug":"greva-stb-23-din-mijloacele-de-transport-programate-circula-astazi-in-capitala-autobazele-refuza-sa-reia-lucrul","status":"publish","type":"post","link":"https:\/\/buletin.de\/bucuresti\/greva-stb-23-din-mijloacele-de-transport-programate-circula-astazi-in-capitala-autobazele-refuza-sa-reia-lucrul\/","title":{"rendered":"Greva STB | 23% din mijloacele de transport programate circul\u0103, ast\u0103zi, \u00een Capital\u0103. Autobazele refuz\u0103 s\u0103 reia lucrul"},"content":{"rendered":"\n<p><strong>La nivelul celor nou\u0103 autobaze STB, doar 15 \u0219oferi au reluat lucrul, din cei 460 care ar fi trebuit s\u0103 ias\u0103 \u00een traseu. Asta \u00een timp ce anumite depouri \u0219i troleibuze au renun\u021bat complet la grev\u0103<\/strong>.<\/p>\n\n\n\n<p>Din 151 de <strong>tramvaie<\/strong> programate sa ias\u0103 ast\u0103zi, mai bine de jumate au ie\u0219it in traseu. Singurele depouri care refuz\u0103 sa reia lucrul sunt Alexandria \u0219i Giurgiului. Depourile Dude\u0219ti \u0219i Militari func\u021bioneaz\u0103 deficitar cu 17%, respectiv 50% din capacitate. In total, la capitolul tramvaie, 54% din parcul rulant programat pentru ast\u0103zi se afl\u0103 \u00een traseu.<\/p>\n\n\n\n<p>\u00cen privin\u021ba <strong>troleibuzelor<\/strong>, doar la depoul Bujoreni se refuz\u0103 reluarea lucrului. La depourile Berceni \u0219i Bucure\u0219tii Noi, doar c\u00e2te un singur \u0219ofer refuz\u0103 s\u0103 circule, \u00een timp ce la depoul Vatra Luminoas\u0103 80% din parcul programat pentru azi se afl\u0103 \u00een traseu.<\/p>\n\n\n\n<p>La nivelul celor nou\u0103 <strong>autobaze<\/strong>, doar 15 \u0219oferi au reluat lucrul, din cei 460 care ar fi trebuit s\u0103 ias\u0103 \u00een traseu.<\/p>\n\n\n\n<p>De altfel, c\u00e2teva sute de \u0219oferi protesteaz\u0103 duminic\u0103 diminea\u021ba la autobaza Titan \u0219i cer demisia directorului general Adrian Cri\u021b.<\/p>\n\n\n\n<p>\u00cen a patra zi de grev\u0103 la STB, doar 23% din capacitatea de transport programat\u0103 la nivelul Capitalei este ie\u0219it\u0103 \u00een traseu. Asta \u00eenseamn\u0103 162 de \u0219oferi \u0219i vatmani care au reluat lucru, fa\u021b\u0103 de 76 care au ales \u00een cursul zilei de ieri s\u0103 \u00eentrerup\u0103 greva.<\/p>\n\n\n\n<p>\u201c<em>Conducerea STB SA solicit\u0103 \u00een continuare angaja\u021bilor s\u0103-\u0219i reia activitatea \u0219i s\u0103-\u0219i \u00eendeplineasc\u0103 obliga\u021biile de serviciu. <strong>Mijloacele de transport \u00een comun ie\u0219ite \u00een traseu pot fi localizate \u00een timp real folosind aplica\u021bia INFO TB.<\/strong> \u00cen acela\u0219i timp, le mul\u021bumim celor care au \u00een\u021beles gravitatea situa\u021biei, nivelul de manipulare la care au fost expu\u0219i \u0219i au decis s\u0103-\u0219i fac\u0103 datoria fa\u021b\u0103 de c\u0103l\u0103tori<\/em>\u201d, se arat\u0103 \u00eentr-un comunicat al STB.<\/p>\n\n\n\n<p>Asta \u00een contextul \u00een care, Sindicatul Transportatorilor din Bucure\u0219ti, condus de consilierul general ales pe listele PSD, Vasile Petrariu, a transmis c\u0103 nu este organizatorul grevei.<\/p>\n\n\n\n<p><em>&#8220;Pentru o corect\u0103 informare v\u0103 eviden\u021biem faptul c\u0103 Sindicatul nostru NU a ini\u021biat \u0219i NU a organizat prezentul protest, pozi\u021bion\u00e2ndu-se \u00een primul r\u00e2nd ca un factor de echilibru, iar \u00een al doilea r\u00e2nd ca un avertizor, aduc\u00e2nd la cuno\u0219tin\u021ba conducerii \u00een permanen\u0163\u0103, at\u00e2t nemul\u021bumirile salaria\u021bilor c\u00e2t \u0219i caracterul din ce \u00een ce mai alarmant al tensiunilor sociale acumulate pe fondul lipsei acute de dialog social, vinovat\u0103 fiind \u00een acest sens actuala conducere<\/em>&#8220;, a transmis Sindicatul Transportatorilor din STB.<\/p>\n\n\n\n<p>FOTO: Inquam Photos \/&nbsp;<a href=\"https:\/\/inquamphotos.com\/users\/octavganea\">Octav&nbsp;Ganea<\/a><\/p>\n\n\n\n<p>CITE\u0218TE \u0218I<\/p>\n\n\n\n<p><a href=\"https:\/\/buletin.de\/bucuresti\/presedintele-psd-bucuresti-gabriela-firea-refuza-sa-comenteze-greva-de-la-stb\/\">Pre\u0219edintele PSD Bucure\u0219ti, Gabriela Firea, refuz\u0103 s\u0103 comenteze greva de la STB<\/a><\/p>\n\n\n\n<p><a href=\"https:\/\/buletin.de\/bucuresti\/depourile-colentina-si-titan-au-renuntat-la-greva-liniilele-de-tramvai-14-si-21-functioneaza-in-regim-normal\/\">Depourile Colentina \u0219i Titan au renun\u021bat la grev\u0103. Liniilele de tramvai 14 \u0219i 21 func\u021bioneaz\u0103 \u00een regim normal<\/a><\/p>\n\n\n\n<p><a href=\"https:\/\/buletin.de\/bucuresti\/adrian-crit-despre-cei-care-au-intocmit-listele-cu-tradatori-din-autobaze-vom-lua-decizii-din-punct-de-vedere-administrativ-se-impune-o-analiza-cat-mai-completa-a-persona\/\">Adrian Cri\u021b, despre cei care au \u00eentocmit \u201elistele cu tr\u0103d\u0103tori\u201d din autobaze: \u201cVom lua decizii din punct de vedere administrativ. Se impune o analiz\u0103 c\u00e2t mai complet\u0103 a personalului \u00een perioada urm\u0103toare\u201d<\/a><\/p>\n\n\n\n<p><a href=\"https:\/\/buletin.de\/bucuresti\/exclusiv-afacerile-din-autobaze-si-caracatita-intereselor-din-stb-sofer-crit-i-a-ars-si-pe-astia-de-la-birouri-si-a-deranjat-marea-familie-pe-mine-m-a-ars-la-ore\/\">EXCLUSIV | Afacerile din autobaze \u0219i caracati\u021ba intereselor din STB. \u0218ofer: \u201cCri\u021b i-a ars \u0219i pe \u0103\u0219tia de la birouri \u0219i a deranjat Marea Familie. Pe mine m-a ars la ore pe traseu\u201d<\/a><\/p>\n\n\n\n<p><a href=\"https:\/\/buletin.de\/bucuresti\/exclusiv-culisele-grevei-de-la-stb-supraconsumuri-record-de-motorina-in-autobaze-furnizori-suspecti-achizitii-inutile-de-piese-si-facturi-umflate\/\">EXCLUSIV | Culisele grevei de la STB: supraconsumuri record de motorin\u0103 \u00een autobaze, furnizori \u201esuspec\u021bi\u201d, achizi\u021bii inutile de piese \u0219i facturi \u201eumflate\u201d<\/a><\/p>\n","protected":false},"excerpt":{"rendered":"<p>La nivelul celor nou\u0103 autobaze STB, doar 15 \u0219oferi au reluat lucrul, din cei 460 care ar fi trebuit s\u0103 ias\u0103 \u00een traseu. Asta \u00een timp ce anumite depouri \u0219i troleibuze au renun\u021bat complet la grev\u0103. Din 151 de tramvaie programate sa ias\u0103 ast\u0103zi, mai bine de jumate au ie\u0219it in traseu. Singurele depouri care [&hellip;]<\/p>\n","protected":false},"author":10,"featured_media":37686,"comment_status":"closed","ping_status":"open","sticky":false,"template":"","format":"standard","meta":{"_acf_changed":false,"inline_featured_image":false,"ngg_post_thumbnail":0,"footnotes":""},"categories":[3419,650],"tags":[3850,2442,3869,402],"ppma_author":[22575],"class_list":["post-37680","post","type-post","status-publish","format-standard","has-post-thumbnail","hentry","category-featured","category-transport","tag-autobaze","tag-greva","tag-realuarea-lucrului","tag-stb"],"acf":[],"yoast_head":"<!-- This site is optimized with the Yoast SEO Premium plugin v25.3 (Yoast SEO v27.5) - https:\/\/yoast.com\/product\/yoast-seo-premium-wordpress\/ -->\n<title>Greva STB | 23% din mijloacele de transport programate circul\u0103, ast\u0103zi, \u00een Capital\u0103. Autobazele refuz\u0103 s\u0103 reia lucrul - Buletin de Bucure\u0219ti<\/title>\n<meta name=\"robots\" content=\"index, follow, max-snippet:-1, max-image-preview:large, max-video-preview:-1\" \/>\n<link rel=\"canonical\" href=\"https:\/\/buletin.de\/bucuresti\/greva-stb-23-din-mijloacele-de-transport-programate-circula-astazi-in-capitala-autobazele-refuza-sa-reia-lucrul\/\" \/>\n<meta property=\"og:locale\" content=\"en_GB\" \/>\n<meta property=\"og:type\" content=\"article\" \/>\n<meta property=\"og:title\" content=\"Greva STB | 23% din mijloacele de transport programate circul\u0103, ast\u0103zi, \u00een Capital\u0103. Autobazele refuz\u0103 s\u0103 reia lucrul\" \/>\n<meta property=\"og:description\" content=\"La nivelul celor nou\u0103 autobaze STB, doar 15 \u0219oferi au reluat lucrul, din cei 460 care ar fi trebuit s\u0103 ias\u0103 \u00een traseu. Asta \u00een timp ce anumite depouri \u0219i troleibuze au renun\u021bat complet la grev\u0103. Din 151 de tramvaie programate sa ias\u0103 ast\u0103zi, mai bine de jumate au ie\u0219it in traseu. Singurele depouri care [&hellip;]\" \/>\n<meta property=\"og:url\" content=\"https:\/\/buletin.de\/bucuresti\/greva-stb-23-din-mijloacele-de-transport-programate-circula-astazi-in-capitala-autobazele-refuza-sa-reia-lucrul\/\" \/>\n<meta property=\"og:site_name\" content=\"Buletin de Bucure\u0219ti\" \/>\n<meta property=\"article:publisher\" content=\"https:\/\/www.facebook.com\/buletin.de.buc\" \/>\n<meta property=\"article:published_time\" content=\"2022-01-23T07:06:52+00:00\" \/>\n<meta property=\"article:modified_time\" content=\"2022-01-23T07:34:54+00:00\" \/>\n<meta property=\"og:image\" content=\"https:\/\/buletin.de\/bucuresti\/wp-content\/uploads\/ID187851_INQUAM_Photos_Octav_Ganea.jpg\" \/>\n\t<meta property=\"og:image:width\" content=\"2000\" \/>\n\t<meta property=\"og:image:height\" content=\"1333\" \/>\n\t<meta property=\"og:image:type\" content=\"image\/jpeg\" \/>\n<meta name=\"author\" content=\"C\u0103t\u0103lin Dosca\u0219\" \/>\n<meta name=\"twitter:card\" content=\"summary_large_image\" \/>\n<meta name=\"twitter:label1\" content=\"Written by\" \/>\n\t<meta name=\"twitter:data1\" content=\"C\u0103t\u0103lin Dosca\u0219\" \/>\n\t<meta name=\"twitter:label2\" content=\"Estimated reading time\" \/>\n\t<meta name=\"twitter:data2\" content=\"3 minutes\" \/>\n<script type=\"application\/ld+json\" class=\"yoast-schema-graph\">{\"@context\":\"https:\\\/\\\/schema.org\",\"@graph\":[{\"@type\":\"Article\",\"@id\":\"https:\\\/\\\/buletin.de\\\/bucuresti\\\/greva-stb-23-din-mijloacele-de-transport-programate-circula-astazi-in-capitala-autobazele-refuza-sa-reia-lucrul\\\/#article\",\"isPartOf\":{\"@id\":\"https:\\\/\\\/buletin.de\\\/bucuresti\\\/greva-stb-23-din-mijloacele-de-transport-programate-circula-astazi-in-capitala-autobazele-refuza-sa-reia-lucrul\\\/\"},\"author\":{\"name\":\"C\u0103t\u0103lin Dosca\u0219\",\"@id\":\"https:\\\/\\\/buletin.de\\\/bucuresti\\\/#\\\/schema\\\/person\\\/31117187ed4d0bdb0a4c7d6acc79d0f8\"},\"headline\":\"Greva STB | 23% din mijloacele de transport programate circul\u0103, ast\u0103zi, \u00een Capital\u0103. Autobazele refuz\u0103 s\u0103 reia lucrul\",\"datePublished\":\"2022-01-23T07:06:52+00:00\",\"dateModified\":\"2022-01-23T07:34:54+00:00\",\"mainEntityOfPage\":{\"@id\":\"https:\\\/\\\/buletin.de\\\/bucuresti\\\/greva-stb-23-din-mijloacele-de-transport-programate-circula-astazi-in-capitala-autobazele-refuza-sa-reia-lucrul\\\/\"},\"wordCount\":575,\"publisher\":{\"@id\":\"https:\\\/\\\/buletin.de\\\/bucuresti\\\/#organization\"},\"image\":{\"@id\":\"https:\\\/\\\/buletin.de\\\/bucuresti\\\/greva-stb-23-din-mijloacele-de-transport-programate-circula-astazi-in-capitala-autobazele-refuza-sa-reia-lucrul\\\/#primaryimage\"},\"thumbnailUrl\":\"https:\\\/\\\/buletin.de\\\/bucuresti\\\/wp-content\\\/uploads\\\/ID187851_INQUAM_Photos_Octav_Ganea.jpg\",\"keywords\":[\"autobaze\",\"greva\",\"realuarea lucrului\",\"stb\"],\"articleSection\":[\"Featured\",\"Transport\"],\"inLanguage\":\"en-GB\",\"copyrightYear\":\"2022\",\"copyrightHolder\":{\"@id\":\"https:\\\/\\\/buletin.de\\\/bucuresti\\\/#organization\"}},{\"@type\":\"WebPage\",\"@id\":\"https:\\\/\\\/buletin.de\\\/bucuresti\\\/greva-stb-23-din-mijloacele-de-transport-programate-circula-astazi-in-capitala-autobazele-refuza-sa-reia-lucrul\\\/\",\"url\":\"https:\\\/\\\/buletin.de\\\/bucuresti\\\/greva-stb-23-din-mijloacele-de-transport-programate-circula-astazi-in-capitala-autobazele-refuza-sa-reia-lucrul\\\/\",\"name\":\"Greva STB | 23% din mijloacele de transport programate circul\u0103, ast\u0103zi, \u00een Capital\u0103. Autobazele refuz\u0103 s\u0103 reia lucrul - Buletin de Bucure\u0219ti\",\"isPartOf\":{\"@id\":\"https:\\\/\\\/buletin.de\\\/bucuresti\\\/#website\"},\"primaryImageOfPage\":{\"@id\":\"https:\\\/\\\/buletin.de\\\/bucuresti\\\/greva-stb-23-din-mijloacele-de-transport-programate-circula-astazi-in-capitala-autobazele-refuza-sa-reia-lucrul\\\/#primaryimage\"},\"image\":{\"@id\":\"https:\\\/\\\/buletin.de\\\/bucuresti\\\/greva-stb-23-din-mijloacele-de-transport-programate-circula-astazi-in-capitala-autobazele-refuza-sa-reia-lucrul\\\/#primaryimage\"},\"thumbnailUrl\":\"https:\\\/\\\/buletin.de\\\/bucuresti\\\/wp-content\\\/uploads\\\/ID187851_INQUAM_Photos_Octav_Ganea.jpg\",\"datePublished\":\"2022-01-23T07:06:52+00:00\",\"dateModified\":\"2022-01-23T07:34:54+00:00\",\"breadcrumb\":{\"@id\":\"https:\\\/\\\/buletin.de\\\/bucuresti\\\/greva-stb-23-din-mijloacele-de-transport-programate-circula-astazi-in-capitala-autobazele-refuza-sa-reia-lucrul\\\/#breadcrumb\"},\"inLanguage\":\"en-GB\",\"potentialAction\":[{\"@type\":\"ReadAction\",\"target\":[\"https:\\\/\\\/buletin.de\\\/bucuresti\\\/greva-stb-23-din-mijloacele-de-transport-programate-circula-astazi-in-capitala-autobazele-refuza-sa-reia-lucrul\\\/\"]}]},{\"@type\":\"ImageObject\",\"inLanguage\":\"en-GB\",\"@id\":\"https:\\\/\\\/buletin.de\\\/bucuresti\\\/greva-stb-23-din-mijloacele-de-transport-programate-circula-astazi-in-capitala-autobazele-refuza-sa-reia-lucrul\\\/#primaryimage\",\"url\":\"https:\\\/\\\/buletin.de\\\/bucuresti\\\/wp-content\\\/uploads\\\/ID187851_INQUAM_Photos_Octav_Ganea.jpg\",\"contentUrl\":\"https:\\\/\\\/buletin.de\\\/bucuresti\\\/wp-content\\\/uploads\\\/ID187851_INQUAM_Photos_Octav_Ganea.jpg\",\"width\":2000,\"height\":1333},{\"@type\":\"BreadcrumbList\",\"@id\":\"https:\\\/\\\/buletin.de\\\/bucuresti\\\/greva-stb-23-din-mijloacele-de-transport-programate-circula-astazi-in-capitala-autobazele-refuza-sa-reia-lucrul\\\/#breadcrumb\",\"itemListElement\":[{\"@type\":\"ListItem\",\"position\":1,\"name\":\"Acas\u0103\",\"item\":\"https:\\\/\\\/buletin.de\\\/bucuresti\\\/\"},{\"@type\":\"ListItem\",\"position\":2,\"name\":\"Greva STB | 23% din mijloacele de transport programate circul\u0103, ast\u0103zi, \u00een Capital\u0103. Autobazele refuz\u0103 s\u0103 reia lucrul\"}]},{\"@type\":\"WebSite\",\"@id\":\"https:\\\/\\\/buletin.de\\\/bucuresti\\\/#website\",\"url\":\"https:\\\/\\\/buletin.de\\\/bucuresti\\\/\",\"name\":\"Buletin de Bucure\u0219ti\",\"description\":\"\u0218tiri \u0219i investiga\u021bii esen\u021biale din capital\u0103\",\"publisher\":{\"@id\":\"https:\\\/\\\/buletin.de\\\/bucuresti\\\/#organization\"},\"potentialAction\":[{\"@type\":\"SearchAction\",\"target\":{\"@type\":\"EntryPoint\",\"urlTemplate\":\"https:\\\/\\\/buletin.de\\\/bucuresti\\\/?s={search_term_string}\"},\"query-input\":{\"@type\":\"PropertyValueSpecification\",\"valueRequired\":true,\"valueName\":\"search_term_string\"}}],\"inLanguage\":\"en-GB\"},{\"@type\":\"Organization\",\"@id\":\"https:\\\/\\\/buletin.de\\\/bucuresti\\\/#organization\",\"name\":\"Buletin de Bucure\u0219ti\",\"url\":\"https:\\\/\\\/buletin.de\\\/bucuresti\\\/\",\"logo\":{\"@type\":\"ImageObject\",\"inLanguage\":\"en-GB\",\"@id\":\"https:\\\/\\\/buletin.de\\\/bucuresti\\\/#\\\/schema\\\/logo\\\/image\\\/\",\"url\":\"https:\\\/\\\/buletin.de\\\/bucuresti\\\/wp-content\\\/uploads\\\/logo-bdb-full-wide-vernil-transparent.png\",\"contentUrl\":\"https:\\\/\\\/buletin.de\\\/bucuresti\\\/wp-content\\\/uploads\\\/logo-bdb-full-wide-vernil-transparent.png\",\"width\":1782,\"height\":626,\"caption\":\"Buletin de Bucure\u0219ti\"},\"image\":{\"@id\":\"https:\\\/\\\/buletin.de\\\/bucuresti\\\/#\\\/schema\\\/logo\\\/image\\\/\"},\"sameAs\":[\"https:\\\/\\\/www.facebook.com\\\/buletin.de.buc\",\"https:\\\/\\\/www.instagram.com\\\/buletinde.bucuresti\\\/\"]},{\"@type\":\"Person\",\"@id\":\"https:\\\/\\\/buletin.de\\\/bucuresti\\\/#\\\/schema\\\/person\\\/31117187ed4d0bdb0a4c7d6acc79d0f8\",\"name\":\"C\u0103t\u0103lin Dosca\u0219\",\"image\":{\"@type\":\"ImageObject\",\"inLanguage\":\"en-GB\",\"@id\":\"https:\\\/\\\/buletin.de\\\/bucuresti\\\/wp-content\\\/uploads\\\/Catalin-Doscas-e1732731064764-96x96.jpga93e2943bb3b1c1f9ead823df6e6317a\",\"url\":\"https:\\\/\\\/buletin.de\\\/bucuresti\\\/wp-content\\\/uploads\\\/Catalin-Doscas-e1732731064764-96x96.jpg\",\"contentUrl\":\"https:\\\/\\\/buletin.de\\\/bucuresti\\\/wp-content\\\/uploads\\\/Catalin-Doscas-e1732731064764-96x96.jpg\",\"caption\":\"C\u0103t\u0103lin Dosca\u0219\"},\"description\":\"Reporter \u0219i redactor-\u0219ef Buletin de Bucure\u0219ti. Lucreaz\u0103 \u00een mass-media de la v\u00e2rsta de 15 ani, c\u00e2nd a publicat primele articole \u00een presa local\u0103 din Tecuci. \u00cen Bucure\u0219ti a lucrat \u00een redac\u021bii radio ca reporter, redactor \u0219i prezentator (StudentFM, Na\u021bionalFM, Radio Total, Smart FM), unde a acoperit domeniile politic, economic, social \u0219i externe. Ulterior, a fost editor-coordonator al postului Realitatea FM. Experien\u021ba \u00een jurnalismul online a dob\u00e2ndit-o la portalul B365.ro, unde a fost editor. \u00cen 2012 s-a angajat \u00een televiziune. La Realitatea TV a fost, pe r\u00e2nd, reporter la sec\u021bia Social, reporter special la emisiunea de reportaje \u0219i anchete \u201eReporterii Realit\u0103\u021bii\u201d, dar \u0219i editor al jurnalelor de \u0219tiri. Ulterior, a f\u0103cut parte din sec\u021bia de Investiga\u021bii de la Digi24 \u0219i a lucrat la campania \u201eRom\u00e2nia furat\u0103\u201d. A revenit \u00een presa scris\u0103 \u00een 2017, ca reporter special, \u00een cadrul unui proiect de repozi\u021bionare a tabloidului Libertatea \u00een cotidian generalist. Este jurnalist Buletin de Bucure\u0219ti din 2019.\",\"url\":\"https:\\\/\\\/buletin.de\\\/bucuresti\\\/author\\\/catalin\\\/\"}]}<\/script>\n<!-- \/ Yoast SEO Premium plugin. -->","yoast_head_json":{"title":"Greva STB | 23% din mijloacele de transport programate circul\u0103, ast\u0103zi, \u00een Capital\u0103. Autobazele refuz\u0103 s\u0103 reia lucrul - Buletin de Bucure\u0219ti","robots":{"index":"index","follow":"follow","max-snippet":"max-snippet:-1","max-image-preview":"max-image-preview:large","max-video-preview":"max-video-preview:-1"},"canonical":"https:\/\/buletin.de\/bucuresti\/greva-stb-23-din-mijloacele-de-transport-programate-circula-astazi-in-capitala-autobazele-refuza-sa-reia-lucrul\/","og_locale":"en_GB","og_type":"article","og_title":"Greva STB | 23% din mijloacele de transport programate circul\u0103, ast\u0103zi, \u00een Capital\u0103. Autobazele refuz\u0103 s\u0103 reia lucrul","og_description":"La nivelul celor nou\u0103 autobaze STB, doar 15 \u0219oferi au reluat lucrul, din cei 460 care ar fi trebuit s\u0103 ias\u0103 \u00een traseu. Asta \u00een timp ce anumite depouri \u0219i troleibuze au renun\u021bat complet la grev\u0103. Din 151 de tramvaie programate sa ias\u0103 ast\u0103zi, mai bine de jumate au ie\u0219it in traseu. Singurele depouri care [&hellip;]","og_url":"https:\/\/buletin.de\/bucuresti\/greva-stb-23-din-mijloacele-de-transport-programate-circula-astazi-in-capitala-autobazele-refuza-sa-reia-lucrul\/","og_site_name":"Buletin de Bucure\u0219ti","article_publisher":"https:\/\/www.facebook.com\/buletin.de.buc","article_published_time":"2022-01-23T07:06:52+00:00","article_modified_time":"2022-01-23T07:34:54+00:00","og_image":[{"width":2000,"height":1333,"url":"https:\/\/buletin.de\/bucuresti\/wp-content\/uploads\/ID187851_INQUAM_Photos_Octav_Ganea.jpg","type":"image\/jpeg"}],"author":"C\u0103t\u0103lin Dosca\u0219","twitter_card":"summary_large_image","twitter_misc":{"Written by":"C\u0103t\u0103lin Dosca\u0219","Estimated reading time":"3 minutes"},"schema":{"@context":"https:\/\/schema.org","@graph":[{"@type":"Article","@id":"https:\/\/buletin.de\/bucuresti\/greva-stb-23-din-mijloacele-de-transport-programate-circula-astazi-in-capitala-autobazele-refuza-sa-reia-lucrul\/#article","isPartOf":{"@id":"https:\/\/buletin.de\/bucuresti\/greva-stb-23-din-mijloacele-de-transport-programate-circula-astazi-in-capitala-autobazele-refuza-sa-reia-lucrul\/"},"author":{"name":"C\u0103t\u0103lin Dosca\u0219","@id":"https:\/\/buletin.de\/bucuresti\/#\/schema\/person\/31117187ed4d0bdb0a4c7d6acc79d0f8"},"headline":"Greva STB | 23% din mijloacele de transport programate circul\u0103, ast\u0103zi, \u00een Capital\u0103. Autobazele refuz\u0103 s\u0103 reia lucrul","datePublished":"2022-01-23T07:06:52+00:00","dateModified":"2022-01-23T07:34:54+00:00","mainEntityOfPage":{"@id":"https:\/\/buletin.de\/bucuresti\/greva-stb-23-din-mijloacele-de-transport-programate-circula-astazi-in-capitala-autobazele-refuza-sa-reia-lucrul\/"},"wordCount":575,"publisher":{"@id":"https:\/\/buletin.de\/bucuresti\/#organization"},"image":{"@id":"https:\/\/buletin.de\/bucuresti\/greva-stb-23-din-mijloacele-de-transport-programate-circula-astazi-in-capitala-autobazele-refuza-sa-reia-lucrul\/#primaryimage"},"thumbnailUrl":"https:\/\/buletin.de\/bucuresti\/wp-content\/uploads\/ID187851_INQUAM_Photos_Octav_Ganea.jpg","keywords":["autobaze","greva","realuarea lucrului","stb"],"articleSection":["Featured","Transport"],"inLanguage":"en-GB","copyrightYear":"2022","copyrightHolder":{"@id":"https:\/\/buletin.de\/bucuresti\/#organization"}},{"@type":"WebPage","@id":"https:\/\/buletin.de\/bucuresti\/greva-stb-23-din-mijloacele-de-transport-programate-circula-astazi-in-capitala-autobazele-refuza-sa-reia-lucrul\/","url":"https:\/\/buletin.de\/bucuresti\/greva-stb-23-din-mijloacele-de-transport-programate-circula-astazi-in-capitala-autobazele-refuza-sa-reia-lucrul\/","name":"Greva STB | 23% din mijloacele de transport programate circul\u0103, ast\u0103zi, \u00een Capital\u0103. Autobazele refuz\u0103 s\u0103 reia lucrul - Buletin de Bucure\u0219ti","isPartOf":{"@id":"https:\/\/buletin.de\/bucuresti\/#website"},"primaryImageOfPage":{"@id":"https:\/\/buletin.de\/bucuresti\/greva-stb-23-din-mijloacele-de-transport-programate-circula-astazi-in-capitala-autobazele-refuza-sa-reia-lucrul\/#primaryimage"},"image":{"@id":"https:\/\/buletin.de\/bucuresti\/greva-stb-23-din-mijloacele-de-transport-programate-circula-astazi-in-capitala-autobazele-refuza-sa-reia-lucrul\/#primaryimage"},"thumbnailUrl":"https:\/\/buletin.de\/bucuresti\/wp-content\/uploads\/ID187851_INQUAM_Photos_Octav_Ganea.jpg","datePublished":"2022-01-23T07:06:52+00:00","dateModified":"2022-01-23T07:34:54+00:00","breadcrumb":{"@id":"https:\/\/buletin.de\/bucuresti\/greva-stb-23-din-mijloacele-de-transport-programate-circula-astazi-in-capitala-autobazele-refuza-sa-reia-lucrul\/#breadcrumb"},"inLanguage":"en-GB","potentialAction":[{"@type":"ReadAction","target":["https:\/\/buletin.de\/bucuresti\/greva-stb-23-din-mijloacele-de-transport-programate-circula-astazi-in-capitala-autobazele-refuza-sa-reia-lucrul\/"]}]},{"@type":"ImageObject","inLanguage":"en-GB","@id":"https:\/\/buletin.de\/bucuresti\/greva-stb-23-din-mijloacele-de-transport-programate-circula-astazi-in-capitala-autobazele-refuza-sa-reia-lucrul\/#primaryimage","url":"https:\/\/buletin.de\/bucuresti\/wp-content\/uploads\/ID187851_INQUAM_Photos_Octav_Ganea.jpg","contentUrl":"https:\/\/buletin.de\/bucuresti\/wp-content\/uploads\/ID187851_INQUAM_Photos_Octav_Ganea.jpg","width":2000,"height":1333},{"@type":"BreadcrumbList","@id":"https:\/\/buletin.de\/bucuresti\/greva-stb-23-din-mijloacele-de-transport-programate-circula-astazi-in-capitala-autobazele-refuza-sa-reia-lucrul\/#breadcrumb","itemListElement":[{"@type":"ListItem","position":1,"name":"Acas\u0103","item":"https:\/\/buletin.de\/bucuresti\/"},{"@type":"ListItem","position":2,"name":"Greva STB | 23% din mijloacele de transport programate circul\u0103, ast\u0103zi, \u00een Capital\u0103. Autobazele refuz\u0103 s\u0103 reia lucrul"}]},{"@type":"WebSite","@id":"https:\/\/buletin.de\/bucuresti\/#website","url":"https:\/\/buletin.de\/bucuresti\/","name":"Buletin de Bucure\u0219ti","description":"\u0218tiri \u0219i investiga\u021bii esen\u021biale din capital\u0103","publisher":{"@id":"https:\/\/buletin.de\/bucuresti\/#organization"},"potentialAction":[{"@type":"SearchAction","target":{"@type":"EntryPoint","urlTemplate":"https:\/\/buletin.de\/bucuresti\/?s={search_term_string}"},"query-input":{"@type":"PropertyValueSpecification","valueRequired":true,"valueName":"search_term_string"}}],"inLanguage":"en-GB"},{"@type":"Organization","@id":"https:\/\/buletin.de\/bucuresti\/#organization","name":"Buletin de Bucure\u0219ti","url":"https:\/\/buletin.de\/bucuresti\/","logo":{"@type":"ImageObject","inLanguage":"en-GB","@id":"https:\/\/buletin.de\/bucuresti\/#\/schema\/logo\/image\/","url":"https:\/\/buletin.de\/bucuresti\/wp-content\/uploads\/logo-bdb-full-wide-vernil-transparent.png","contentUrl":"https:\/\/buletin.de\/bucuresti\/wp-content\/uploads\/logo-bdb-full-wide-vernil-transparent.png","width":1782,"height":626,"caption":"Buletin de Bucure\u0219ti"},"image":{"@id":"https:\/\/buletin.de\/bucuresti\/#\/schema\/logo\/image\/"},"sameAs":["https:\/\/www.facebook.com\/buletin.de.buc","https:\/\/www.instagram.com\/buletinde.bucuresti\/"]},{"@type":"Person","@id":"https:\/\/buletin.de\/bucuresti\/#\/schema\/person\/31117187ed4d0bdb0a4c7d6acc79d0f8","name":"C\u0103t\u0103lin Dosca\u0219","image":{"@type":"ImageObject","inLanguage":"en-GB","@id":"https:\/\/buletin.de\/bucuresti\/wp-content\/uploads\/Catalin-Doscas-e1732731064764-96x96.jpga93e2943bb3b1c1f9ead823df6e6317a","url":"https:\/\/buletin.de\/bucuresti\/wp-content\/uploads\/Catalin-Doscas-e1732731064764-96x96.jpg","contentUrl":"https:\/\/buletin.de\/bucuresti\/wp-content\/uploads\/Catalin-Doscas-e1732731064764-96x96.jpg","caption":"C\u0103t\u0103lin Dosca\u0219"},"description":"Reporter \u0219i redactor-\u0219ef Buletin de Bucure\u0219ti. Lucreaz\u0103 \u00een mass-media de la v\u00e2rsta de 15 ani, c\u00e2nd a publicat primele articole \u00een presa local\u0103 din Tecuci. \u00cen Bucure\u0219ti a lucrat \u00een redac\u021bii radio ca reporter, redactor \u0219i prezentator (StudentFM, Na\u021bionalFM, Radio Total, Smart FM), unde a acoperit domeniile politic, economic, social \u0219i externe. Ulterior, a fost editor-coordonator al postului Realitatea FM. Experien\u021ba \u00een jurnalismul online a dob\u00e2ndit-o la portalul B365.ro, unde a fost editor. \u00cen 2012 s-a angajat \u00een televiziune. La Realitatea TV a fost, pe r\u00e2nd, reporter la sec\u021bia Social, reporter special la emisiunea de reportaje \u0219i anchete \u201eReporterii Realit\u0103\u021bii\u201d, dar \u0219i editor al jurnalelor de \u0219tiri. Ulterior, a f\u0103cut parte din sec\u021bia de Investiga\u021bii de la Digi24 \u0219i a lucrat la campania \u201eRom\u00e2nia furat\u0103\u201d. A revenit \u00een presa scris\u0103 \u00een 2017, ca reporter special, \u00een cadrul unui proiect de repozi\u021bionare a tabloidului Libertatea \u00een cotidian generalist. Este jurnalist Buletin de Bucure\u0219ti din 2019.","url":"https:\/\/buletin.de\/bucuresti\/author\/catalin\/"}]}},"authors":[{"term_id":22575,"user_id":10,"is_guest":0,"slug":"catalin","display_name":"C\u0103t\u0103lin Dosca\u0219","avatar_url":"https:\/\/buletin.de\/bucuresti\/wp-content\/uploads\/Catalin-Doscas-e1732731064764-96x96.jpg","0":null,"1":"","2":"","3":"","4":"","5":"","6":"","7":"","8":""}],"_links":{"self":[{"href":"https:\/\/buletin.de\/bucuresti\/wp-json\/wp\/v2\/posts\/37680","targetHints":{"allow":["GET"]}}],"collection":[{"href":"https:\/\/buletin.de\/bucuresti\/wp-json\/wp\/v2\/posts"}],"about":[{"href":"https:\/\/buletin.de\/bucuresti\/wp-json\/wp\/v2\/types\/post"}],"author":[{"embeddable":true,"href":"https:\/\/buletin.de\/bucuresti\/wp-json\/wp\/v2\/users\/10"}],"replies":[{"embeddable":true,"href":"https:\/\/buletin.de\/bucuresti\/wp-json\/wp\/v2\/comments?post=37680"}],"version-history":[{"count":7,"href":"https:\/\/buletin.de\/bucuresti\/wp-json\/wp\/v2\/posts\/37680\/revisions"}],"predecessor-version":[{"id":37690,"href":"https:\/\/buletin.de\/bucuresti\/wp-json\/wp\/v2\/posts\/37680\/revisions\/37690"}],"wp:featuredmedia":[{"embeddable":true,"href":"https:\/\/buletin.de\/bucuresti\/wp-json\/wp\/v2\/media\/37686"}],"wp:attachment":[{"href":"https:\/\/buletin.de\/bucuresti\/wp-json\/wp\/v2\/media?parent=37680"}],"wp:term":[{"taxonomy":"category","embeddable":true,"href":"https:\/\/buletin.de\/bucuresti\/wp-json\/wp\/v2\/categories?post=37680"},{"taxonomy":"post_tag","embeddable":true,"href":"https:\/\/buletin.de\/bucuresti\/wp-json\/wp\/v2\/tags?post=37680"},{"taxonomy":"author","embeddable":true,"href":"https:\/\/buletin.de\/bucuresti\/wp-json\/wp\/v2\/ppma_author?post=37680"}],"curies":[{"name":"wp","href":"https:\/\/api.w.org\/{rel}","templated":true}]}}