{"id":37672,"date":"2022-01-22T21:37:45","date_gmt":"2022-01-22T19:37:45","guid":{"rendered":"https:\/\/buletin.de\/bucuresti\/?p=37672"},"modified":"2022-01-23T13:22:20","modified_gmt":"2022-01-23T11:22:20","slug":"76-de-soferi-si-vatmani-au-iesit-in-aceasta-seara-in-traseu-depoul-bucurestii-noi-a-renuntat-la-greva-iar-tramvaiul-41-circula-normal-lista-completa-a-liniilor-functionale","status":"publish","type":"post","link":"https:\/\/buletin.de\/bucuresti\/76-de-soferi-si-vatmani-au-iesit-in-aceasta-seara-in-traseu-depoul-bucurestii-noi-a-renuntat-la-greva-iar-tramvaiul-41-circula-normal-lista-completa-a-liniilor-functionale\/","title":{"rendered":"76 de \u0219oferi \u0219i vatmani au ie\u0219it, \u00een aceast\u0103 sear\u0103, \u00een traseu. Depoul Bucure\u0219tii Noi a renun\u021bat la grev\u0103, iar tramvaiul 41 circul\u0103 normal. LISTA COMPLET\u0102 a liniilor func\u021bionale"},"content":{"rendered":"\n<p><strong>Depourile Colentina, Titan \u0219i Bucure\u0219tii Noi sunt 100 la sut\u0103 func\u021bionale, potrivit datelor consultate de Buletin de Bucure\u0219ti. Asta \u00een timp ce doar doi \u0219oferi au renu\u021bat la grev\u0103 \u0219i au ie\u0219it \u00een trafic de la Autobazele Titan \u0219i Obregia.<\/strong><\/p>\n\n\n\n<p><strong>1. Depoul Colentina<\/strong><\/p>\n\n\n\n<p>&#8211; linia 21 &#8211; 12\/12 vagoane<\/p>\n\n\n\n<p>&#8211; linia 14 &#8211; 2\/2 vagoane<\/p>\n\n\n\n<p>&#8211; linia 16 \u2013 4\/4 vagoane<\/p>\n\n\n\n<p>&#8211; linia 36 &#8211; 5\/6 vagoane<\/p>\n\n\n\n<p><strong>2. Depoul Titan<\/strong><\/p>\n\n\n\n<p>&#8211; linia 14 &#8211; 2\/2 vagoane<\/p>\n\n\n\n<p>&#8211; linia 19 &#8211; 2\/2 vagoane<\/p>\n\n\n\n<p>&#8211; linia 23 &#8211; 1\/1 vagoane<\/p>\n\n\n\n<p>&#8211; linia 40 &#8211; 5\/5 vagoane<\/p>\n\n\n\n<p>&#8211; linia 27 &#8211; 5\/6 vagoane<\/p>\n\n\n\n<p>&#8211; linia 46 &#8211; 4\/4 vagoane<\/p>\n\n\n\n<p><strong>3. Depoul Bucurestii Noi<\/strong><\/p>\n\n\n\n<p>&#8211; linia 24 -3\/4 vagoane<\/p>\n\n\n\n<p>&#8211; linia 3 \u2013 1\/1 vagoane<\/p>\n\n\n\n<p>&#8211; linia 41 \u2013 5\/5 vagoane<\/p>\n\n\n\n<p>&#8211; linia 45 -3\/3 vagoane<\/p>\n\n\n\n<p>&#8211; linia 86 -8 \/8 troleibuze<\/p>\n\n\n\n<p>&#8211; linia 97 3\/3 troleibuze<\/p>\n\n\n\n<p><strong>4. Depoul Victoria<\/strong><\/p>\n\n\n\n<p>&nbsp; -linia 55- 3\/4 tramvaie<\/p>\n\n\n\n<p><strong>5. Depoul Dude\u0219ti<\/strong><\/p>\n\n\n\n<p>&#8211; linia 1 \u2013 3\/5 tramvaie<\/p>\n\n\n\n<p><strong>6. Depoul Vatra Luminoasa<\/strong><\/p>\n\n\n\n<p>&#8211; linia 85 \u2013 1\/7 troleibuze<\/p>\n\n\n\n<p><strong>7. Depou Berceni<\/strong>&nbsp;<\/p>\n\n\n\n<p>&#8211; linia 73 &#8211; 2\/2 troleibuze<\/p>\n\n\n\n<p>&#8211; linia 74 &#8211; 1\/3 troleibuze<\/p>\n\n\n\n<p>&#8211; linia 76 &#8211; 0\/4 troleibuze<\/p>\n\n\n\n<p><strong>8. Autobaza Titan<\/strong>&nbsp;<\/p>\n\n\n\n<p>&#8211; linia 472 &#8211; 1\/1 autobuze<\/p>\n\n\n\n<p><strong>9. Autobaza Obregia<\/strong><\/p>\n\n\n\n<p>&#8211; linia 465 &#8211; 1\/2 autobuze<\/p>\n\n\n\n<p>CITE\u0218TE \u0218I<\/p>\n\n\n\n<p><a href=\"https:\/\/buletin.de\/bucuresti\/presedintele-psd-bucuresti-gabriela-firea-refuza-sa-comenteze-greva-de-la-stb\/\">Pre\u0219edintele PSD Bucure\u0219ti, Gabriela Firea, refuz\u0103 s\u0103 comenteze greva de la STB<\/a><\/p>\n\n\n\n<p><a href=\"https:\/\/buletin.de\/bucuresti\/depourile-colentina-si-titan-au-renuntat-la-greva-liniilele-de-tramvai-14-si-21-functioneaza-in-regim-normal\/\">Depourile Colentina \u0219i Titan au renun\u021bat la grev\u0103. Liniilele de tramvai 14 \u0219i 21 func\u021bioneaz\u0103 \u00een regim normal<\/a><\/p>\n\n\n\n<p><a href=\"https:\/\/buletin.de\/bucuresti\/adrian-crit-despre-cei-care-au-intocmit-listele-cu-tradatori-din-autobaze-vom-lua-decizii-din-punct-de-vedere-administrativ-se-impune-o-analiza-cat-mai-completa-a-persona\/\">Adrian Cri\u021b, despre cei care au \u00eentocmit \u201elistele cu tr\u0103d\u0103tori\u201d din autobaze: \u201cVom lua decizii din punct de vedere administrativ. Se impune o analiz\u0103 c\u00e2t mai complet\u0103 a personalului \u00een perioada urm\u0103toare\u201d<\/a><\/p>\n\n\n\n<p><a href=\"https:\/\/buletin.de\/bucuresti\/exclusiv-afacerile-din-autobaze-si-caracatita-intereselor-din-stb-sofer-crit-i-a-ars-si-pe-astia-de-la-birouri-si-a-deranjat-marea-familie-pe-mine-m-a-ars-la-ore\/\">EXCLUSIV | Afacerile din autobaze \u0219i caracati\u021ba intereselor din STB. \u0218ofer: \u201cCri\u021b i-a ars \u0219i pe \u0103\u0219tia de la birouri \u0219i a deranjat Marea Familie. Pe mine m-a ars la ore pe traseu\u201d<\/a><\/p>\n\n\n\n<p><a href=\"https:\/\/buletin.de\/bucuresti\/exclusiv-culisele-grevei-de-la-stb-supraconsumuri-record-de-motorina-in-autobaze-furnizori-suspecti-achizitii-inutile-de-piese-si-facturi-umflate\/\">EXCLUSIV | Culisele grevei de la STB: supraconsumuri record de motorin\u0103 \u00een autobaze, furnizori \u201esuspec\u021bi\u201d, achizi\u021bii inutile de piese \u0219i facturi \u201eumflate\u201d<\/a><\/p>\n\n\n\n<p>FOTO: Inquam Photos \/&nbsp;<a href=\"https:\/\/inquamphotos.com\/users\/octavganea\">Octav&nbsp;Ganea<\/a><\/p>\n","protected":false},"excerpt":{"rendered":"<p>Depourile Colentina, Titan \u0219i Bucure\u0219tii Noi sunt 100 la sut\u0103 func\u021bionale, potrivit datelor consultate de Buletin de Bucure\u0219ti. Asta \u00een timp ce doar doi \u0219oferi au renu\u021bat la grev\u0103 \u0219i au ie\u0219it \u00een trafic de la Autobazele Titan \u0219i Obregia. 1. Depoul Colentina &#8211; linia 21 &#8211; 12\/12 vagoane &#8211; linia 14 &#8211; 2\/2 vagoane [&hellip;]<\/p>\n","protected":false},"author":10,"featured_media":37674,"comment_status":"closed","ping_status":"open","sticky":false,"template":"","format":"standard","meta":{"_acf_changed":false,"inline_featured_image":false,"ngg_post_thumbnail":0,"footnotes":""},"categories":[62,650],"tags":[2442,2041,502,402],"ppma_author":[22575],"class_list":["post-37672","post","type-post","status-publish","format-standard","has-post-thumbnail","hentry","category-stiri","category-transport","tag-greva","tag-linii","tag-program","tag-stb"],"acf":[],"yoast_head":"<!-- This site is optimized with the Yoast SEO Premium plugin v25.3 (Yoast SEO v27.5) - https:\/\/yoast.com\/product\/yoast-seo-premium-wordpress\/ -->\n<title>76 de \u0219oferi \u0219i vatmani au ie\u0219it, \u00een aceast\u0103 sear\u0103, \u00een traseu. Depoul Bucure\u0219tii Noi a renun\u021bat la grev\u0103, iar tramvaiul 41 circul\u0103 normal. LISTA COMPLET\u0102 a liniilor func\u021bionale - Buletin de Bucure\u0219ti<\/title>\n<meta name=\"robots\" content=\"index, follow, max-snippet:-1, max-image-preview:large, max-video-preview:-1\" \/>\n<link rel=\"canonical\" href=\"https:\/\/buletin.de\/bucuresti\/76-de-soferi-si-vatmani-au-iesit-in-aceasta-seara-in-traseu-depoul-bucurestii-noi-a-renuntat-la-greva-iar-tramvaiul-41-circula-normal-lista-completa-a-liniilor-functionale\/\" \/>\n<meta property=\"og:locale\" content=\"en_GB\" \/>\n<meta property=\"og:type\" content=\"article\" \/>\n<meta property=\"og:title\" content=\"76 de \u0219oferi \u0219i vatmani au ie\u0219it, \u00een aceast\u0103 sear\u0103, \u00een traseu. Depoul Bucure\u0219tii Noi a renun\u021bat la grev\u0103, iar tramvaiul 41 circul\u0103 normal. LISTA COMPLET\u0102 a liniilor func\u021bionale\" \/>\n<meta property=\"og:description\" content=\"Depourile Colentina, Titan \u0219i Bucure\u0219tii Noi sunt 100 la sut\u0103 func\u021bionale, potrivit datelor consultate de Buletin de Bucure\u0219ti. Asta \u00een timp ce doar doi \u0219oferi au renu\u021bat la grev\u0103 \u0219i au ie\u0219it \u00een trafic de la Autobazele Titan \u0219i Obregia. 1. Depoul Colentina &#8211; linia 21 &#8211; 12\/12 vagoane &#8211; linia 14 &#8211; 2\/2 vagoane [&hellip;]\" \/>\n<meta property=\"og:url\" content=\"https:\/\/buletin.de\/bucuresti\/76-de-soferi-si-vatmani-au-iesit-in-aceasta-seara-in-traseu-depoul-bucurestii-noi-a-renuntat-la-greva-iar-tramvaiul-41-circula-normal-lista-completa-a-liniilor-functionale\/\" \/>\n<meta property=\"og:site_name\" content=\"Buletin de Bucure\u0219ti\" \/>\n<meta property=\"article:publisher\" content=\"https:\/\/www.facebook.com\/buletin.de.buc\" \/>\n<meta property=\"article:published_time\" content=\"2022-01-22T19:37:45+00:00\" \/>\n<meta property=\"article:modified_time\" content=\"2022-01-23T11:22:20+00:00\" \/>\n<meta property=\"og:image\" content=\"https:\/\/buletin.de\/bucuresti\/wp-content\/uploads\/ID187844_INQUAM_Photos_Octav_Ganea.jpg\" \/>\n\t<meta property=\"og:image:width\" content=\"2000\" \/>\n\t<meta property=\"og:image:height\" content=\"1333\" \/>\n\t<meta property=\"og:image:type\" content=\"image\/jpeg\" \/>\n<meta name=\"author\" content=\"C\u0103t\u0103lin Dosca\u0219\" \/>\n<meta name=\"twitter:card\" content=\"summary_large_image\" \/>\n<meta name=\"twitter:label1\" content=\"Written by\" \/>\n\t<meta name=\"twitter:data1\" content=\"C\u0103t\u0103lin Dosca\u0219\" \/>\n\t<meta name=\"twitter:label2\" content=\"Estimated reading time\" \/>\n\t<meta name=\"twitter:data2\" content=\"2 minutes\" \/>\n<script type=\"application\/ld+json\" class=\"yoast-schema-graph\">{\"@context\":\"https:\\\/\\\/schema.org\",\"@graph\":[{\"@type\":\"Article\",\"@id\":\"https:\\\/\\\/buletin.de\\\/bucuresti\\\/76-de-soferi-si-vatmani-au-iesit-in-aceasta-seara-in-traseu-depoul-bucurestii-noi-a-renuntat-la-greva-iar-tramvaiul-41-circula-normal-lista-completa-a-liniilor-functionale\\\/#article\",\"isPartOf\":{\"@id\":\"https:\\\/\\\/buletin.de\\\/bucuresti\\\/76-de-soferi-si-vatmani-au-iesit-in-aceasta-seara-in-traseu-depoul-bucurestii-noi-a-renuntat-la-greva-iar-tramvaiul-41-circula-normal-lista-completa-a-liniilor-functionale\\\/\"},\"author\":{\"name\":\"C\u0103t\u0103lin Dosca\u0219\",\"@id\":\"https:\\\/\\\/buletin.de\\\/bucuresti\\\/#\\\/schema\\\/person\\\/31117187ed4d0bdb0a4c7d6acc79d0f8\"},\"headline\":\"76 de \u0219oferi \u0219i vatmani au ie\u0219it, \u00een aceast\u0103 sear\u0103, \u00een traseu. Depoul Bucure\u0219tii Noi a renun\u021bat la grev\u0103, iar tramvaiul 41 circul\u0103 normal. LISTA COMPLET\u0102 a liniilor func\u021bionale\",\"datePublished\":\"2022-01-22T19:37:45+00:00\",\"dateModified\":\"2022-01-23T11:22:20+00:00\",\"mainEntityOfPage\":{\"@id\":\"https:\\\/\\\/buletin.de\\\/bucuresti\\\/76-de-soferi-si-vatmani-au-iesit-in-aceasta-seara-in-traseu-depoul-bucurestii-noi-a-renuntat-la-greva-iar-tramvaiul-41-circula-normal-lista-completa-a-liniilor-functionale\\\/\"},\"wordCount\":322,\"publisher\":{\"@id\":\"https:\\\/\\\/buletin.de\\\/bucuresti\\\/#organization\"},\"image\":{\"@id\":\"https:\\\/\\\/buletin.de\\\/bucuresti\\\/76-de-soferi-si-vatmani-au-iesit-in-aceasta-seara-in-traseu-depoul-bucurestii-noi-a-renuntat-la-greva-iar-tramvaiul-41-circula-normal-lista-completa-a-liniilor-functionale\\\/#primaryimage\"},\"thumbnailUrl\":\"https:\\\/\\\/buletin.de\\\/bucuresti\\\/wp-content\\\/uploads\\\/ID187844_INQUAM_Photos_Octav_Ganea.jpg\",\"keywords\":[\"greva\",\"linii\",\"program\",\"stb\"],\"articleSection\":[\"\u0218tiri\",\"Transport\"],\"inLanguage\":\"en-GB\",\"copyrightYear\":\"2022\",\"copyrightHolder\":{\"@id\":\"https:\\\/\\\/buletin.de\\\/bucuresti\\\/#organization\"}},{\"@type\":\"WebPage\",\"@id\":\"https:\\\/\\\/buletin.de\\\/bucuresti\\\/76-de-soferi-si-vatmani-au-iesit-in-aceasta-seara-in-traseu-depoul-bucurestii-noi-a-renuntat-la-greva-iar-tramvaiul-41-circula-normal-lista-completa-a-liniilor-functionale\\\/\",\"url\":\"https:\\\/\\\/buletin.de\\\/bucuresti\\\/76-de-soferi-si-vatmani-au-iesit-in-aceasta-seara-in-traseu-depoul-bucurestii-noi-a-renuntat-la-greva-iar-tramvaiul-41-circula-normal-lista-completa-a-liniilor-functionale\\\/\",\"name\":\"76 de \u0219oferi \u0219i vatmani au ie\u0219it, \u00een aceast\u0103 sear\u0103, \u00een traseu. Depoul Bucure\u0219tii Noi a renun\u021bat la grev\u0103, iar tramvaiul 41 circul\u0103 normal. LISTA COMPLET\u0102 a liniilor func\u021bionale - Buletin de Bucure\u0219ti\",\"isPartOf\":{\"@id\":\"https:\\\/\\\/buletin.de\\\/bucuresti\\\/#website\"},\"primaryImageOfPage\":{\"@id\":\"https:\\\/\\\/buletin.de\\\/bucuresti\\\/76-de-soferi-si-vatmani-au-iesit-in-aceasta-seara-in-traseu-depoul-bucurestii-noi-a-renuntat-la-greva-iar-tramvaiul-41-circula-normal-lista-completa-a-liniilor-functionale\\\/#primaryimage\"},\"image\":{\"@id\":\"https:\\\/\\\/buletin.de\\\/bucuresti\\\/76-de-soferi-si-vatmani-au-iesit-in-aceasta-seara-in-traseu-depoul-bucurestii-noi-a-renuntat-la-greva-iar-tramvaiul-41-circula-normal-lista-completa-a-liniilor-functionale\\\/#primaryimage\"},\"thumbnailUrl\":\"https:\\\/\\\/buletin.de\\\/bucuresti\\\/wp-content\\\/uploads\\\/ID187844_INQUAM_Photos_Octav_Ganea.jpg\",\"datePublished\":\"2022-01-22T19:37:45+00:00\",\"dateModified\":\"2022-01-23T11:22:20+00:00\",\"breadcrumb\":{\"@id\":\"https:\\\/\\\/buletin.de\\\/bucuresti\\\/76-de-soferi-si-vatmani-au-iesit-in-aceasta-seara-in-traseu-depoul-bucurestii-noi-a-renuntat-la-greva-iar-tramvaiul-41-circula-normal-lista-completa-a-liniilor-functionale\\\/#breadcrumb\"},\"inLanguage\":\"en-GB\",\"potentialAction\":[{\"@type\":\"ReadAction\",\"target\":[\"https:\\\/\\\/buletin.de\\\/bucuresti\\\/76-de-soferi-si-vatmani-au-iesit-in-aceasta-seara-in-traseu-depoul-bucurestii-noi-a-renuntat-la-greva-iar-tramvaiul-41-circula-normal-lista-completa-a-liniilor-functionale\\\/\"]}]},{\"@type\":\"ImageObject\",\"inLanguage\":\"en-GB\",\"@id\":\"https:\\\/\\\/buletin.de\\\/bucuresti\\\/76-de-soferi-si-vatmani-au-iesit-in-aceasta-seara-in-traseu-depoul-bucurestii-noi-a-renuntat-la-greva-iar-tramvaiul-41-circula-normal-lista-completa-a-liniilor-functionale\\\/#primaryimage\",\"url\":\"https:\\\/\\\/buletin.de\\\/bucuresti\\\/wp-content\\\/uploads\\\/ID187844_INQUAM_Photos_Octav_Ganea.jpg\",\"contentUrl\":\"https:\\\/\\\/buletin.de\\\/bucuresti\\\/wp-content\\\/uploads\\\/ID187844_INQUAM_Photos_Octav_Ganea.jpg\",\"width\":2000,\"height\":1333},{\"@type\":\"BreadcrumbList\",\"@id\":\"https:\\\/\\\/buletin.de\\\/bucuresti\\\/76-de-soferi-si-vatmani-au-iesit-in-aceasta-seara-in-traseu-depoul-bucurestii-noi-a-renuntat-la-greva-iar-tramvaiul-41-circula-normal-lista-completa-a-liniilor-functionale\\\/#breadcrumb\",\"itemListElement\":[{\"@type\":\"ListItem\",\"position\":1,\"name\":\"Acas\u0103\",\"item\":\"https:\\\/\\\/buletin.de\\\/bucuresti\\\/\"},{\"@type\":\"ListItem\",\"position\":2,\"name\":\"76 de \u0219oferi \u0219i vatmani au ie\u0219it, \u00een aceast\u0103 sear\u0103, \u00een traseu. Depoul Bucure\u0219tii Noi a renun\u021bat la grev\u0103, iar tramvaiul 41 circul\u0103 normal. LISTA COMPLET\u0102 a liniilor func\u021bionale\"}]},{\"@type\":\"WebSite\",\"@id\":\"https:\\\/\\\/buletin.de\\\/bucuresti\\\/#website\",\"url\":\"https:\\\/\\\/buletin.de\\\/bucuresti\\\/\",\"name\":\"Buletin de Bucure\u0219ti\",\"description\":\"\u0218tiri \u0219i investiga\u021bii esen\u021biale din capital\u0103\",\"publisher\":{\"@id\":\"https:\\\/\\\/buletin.de\\\/bucuresti\\\/#organization\"},\"potentialAction\":[{\"@type\":\"SearchAction\",\"target\":{\"@type\":\"EntryPoint\",\"urlTemplate\":\"https:\\\/\\\/buletin.de\\\/bucuresti\\\/?s={search_term_string}\"},\"query-input\":{\"@type\":\"PropertyValueSpecification\",\"valueRequired\":true,\"valueName\":\"search_term_string\"}}],\"inLanguage\":\"en-GB\"},{\"@type\":\"Organization\",\"@id\":\"https:\\\/\\\/buletin.de\\\/bucuresti\\\/#organization\",\"name\":\"Buletin de Bucure\u0219ti\",\"url\":\"https:\\\/\\\/buletin.de\\\/bucuresti\\\/\",\"logo\":{\"@type\":\"ImageObject\",\"inLanguage\":\"en-GB\",\"@id\":\"https:\\\/\\\/buletin.de\\\/bucuresti\\\/#\\\/schema\\\/logo\\\/image\\\/\",\"url\":\"https:\\\/\\\/buletin.de\\\/bucuresti\\\/wp-content\\\/uploads\\\/logo-bdb-full-wide-vernil-transparent.png\",\"contentUrl\":\"https:\\\/\\\/buletin.de\\\/bucuresti\\\/wp-content\\\/uploads\\\/logo-bdb-full-wide-vernil-transparent.png\",\"width\":1782,\"height\":626,\"caption\":\"Buletin de Bucure\u0219ti\"},\"image\":{\"@id\":\"https:\\\/\\\/buletin.de\\\/bucuresti\\\/#\\\/schema\\\/logo\\\/image\\\/\"},\"sameAs\":[\"https:\\\/\\\/www.facebook.com\\\/buletin.de.buc\",\"https:\\\/\\\/www.instagram.com\\\/buletinde.bucuresti\\\/\"]},{\"@type\":\"Person\",\"@id\":\"https:\\\/\\\/buletin.de\\\/bucuresti\\\/#\\\/schema\\\/person\\\/31117187ed4d0bdb0a4c7d6acc79d0f8\",\"name\":\"C\u0103t\u0103lin Dosca\u0219\",\"image\":{\"@type\":\"ImageObject\",\"inLanguage\":\"en-GB\",\"@id\":\"https:\\\/\\\/buletin.de\\\/bucuresti\\\/wp-content\\\/uploads\\\/Catalin-Doscas-e1732731064764-96x96.jpga93e2943bb3b1c1f9ead823df6e6317a\",\"url\":\"https:\\\/\\\/buletin.de\\\/bucuresti\\\/wp-content\\\/uploads\\\/Catalin-Doscas-e1732731064764-96x96.jpg\",\"contentUrl\":\"https:\\\/\\\/buletin.de\\\/bucuresti\\\/wp-content\\\/uploads\\\/Catalin-Doscas-e1732731064764-96x96.jpg\",\"caption\":\"C\u0103t\u0103lin Dosca\u0219\"},\"description\":\"Reporter \u0219i redactor-\u0219ef Buletin de Bucure\u0219ti. Lucreaz\u0103 \u00een mass-media de la v\u00e2rsta de 15 ani, c\u00e2nd a publicat primele articole \u00een presa local\u0103 din Tecuci. \u00cen Bucure\u0219ti a lucrat \u00een redac\u021bii radio ca reporter, redactor \u0219i prezentator (StudentFM, Na\u021bionalFM, Radio Total, Smart FM), unde a acoperit domeniile politic, economic, social \u0219i externe. Ulterior, a fost editor-coordonator al postului Realitatea FM. Experien\u021ba \u00een jurnalismul online a dob\u00e2ndit-o la portalul B365.ro, unde a fost editor. \u00cen 2012 s-a angajat \u00een televiziune. La Realitatea TV a fost, pe r\u00e2nd, reporter la sec\u021bia Social, reporter special la emisiunea de reportaje \u0219i anchete \u201eReporterii Realit\u0103\u021bii\u201d, dar \u0219i editor al jurnalelor de \u0219tiri. Ulterior, a f\u0103cut parte din sec\u021bia de Investiga\u021bii de la Digi24 \u0219i a lucrat la campania \u201eRom\u00e2nia furat\u0103\u201d. A revenit \u00een presa scris\u0103 \u00een 2017, ca reporter special, \u00een cadrul unui proiect de repozi\u021bionare a tabloidului Libertatea \u00een cotidian generalist. Este jurnalist Buletin de Bucure\u0219ti din 2019.\",\"url\":\"https:\\\/\\\/buletin.de\\\/bucuresti\\\/author\\\/catalin\\\/\"}]}<\/script>\n<!-- \/ Yoast SEO Premium plugin. -->","yoast_head_json":{"title":"76 de \u0219oferi \u0219i vatmani au ie\u0219it, \u00een aceast\u0103 sear\u0103, \u00een traseu. Depoul Bucure\u0219tii Noi a renun\u021bat la grev\u0103, iar tramvaiul 41 circul\u0103 normal. LISTA COMPLET\u0102 a liniilor func\u021bionale - Buletin de Bucure\u0219ti","robots":{"index":"index","follow":"follow","max-snippet":"max-snippet:-1","max-image-preview":"max-image-preview:large","max-video-preview":"max-video-preview:-1"},"canonical":"https:\/\/buletin.de\/bucuresti\/76-de-soferi-si-vatmani-au-iesit-in-aceasta-seara-in-traseu-depoul-bucurestii-noi-a-renuntat-la-greva-iar-tramvaiul-41-circula-normal-lista-completa-a-liniilor-functionale\/","og_locale":"en_GB","og_type":"article","og_title":"76 de \u0219oferi \u0219i vatmani au ie\u0219it, \u00een aceast\u0103 sear\u0103, \u00een traseu. Depoul Bucure\u0219tii Noi a renun\u021bat la grev\u0103, iar tramvaiul 41 circul\u0103 normal. LISTA COMPLET\u0102 a liniilor func\u021bionale","og_description":"Depourile Colentina, Titan \u0219i Bucure\u0219tii Noi sunt 100 la sut\u0103 func\u021bionale, potrivit datelor consultate de Buletin de Bucure\u0219ti. Asta \u00een timp ce doar doi \u0219oferi au renu\u021bat la grev\u0103 \u0219i au ie\u0219it \u00een trafic de la Autobazele Titan \u0219i Obregia. 1. Depoul Colentina &#8211; linia 21 &#8211; 12\/12 vagoane &#8211; linia 14 &#8211; 2\/2 vagoane [&hellip;]","og_url":"https:\/\/buletin.de\/bucuresti\/76-de-soferi-si-vatmani-au-iesit-in-aceasta-seara-in-traseu-depoul-bucurestii-noi-a-renuntat-la-greva-iar-tramvaiul-41-circula-normal-lista-completa-a-liniilor-functionale\/","og_site_name":"Buletin de Bucure\u0219ti","article_publisher":"https:\/\/www.facebook.com\/buletin.de.buc","article_published_time":"2022-01-22T19:37:45+00:00","article_modified_time":"2022-01-23T11:22:20+00:00","og_image":[{"width":2000,"height":1333,"url":"https:\/\/buletin.de\/bucuresti\/wp-content\/uploads\/ID187844_INQUAM_Photos_Octav_Ganea.jpg","type":"image\/jpeg"}],"author":"C\u0103t\u0103lin Dosca\u0219","twitter_card":"summary_large_image","twitter_misc":{"Written by":"C\u0103t\u0103lin Dosca\u0219","Estimated reading time":"2 minutes"},"schema":{"@context":"https:\/\/schema.org","@graph":[{"@type":"Article","@id":"https:\/\/buletin.de\/bucuresti\/76-de-soferi-si-vatmani-au-iesit-in-aceasta-seara-in-traseu-depoul-bucurestii-noi-a-renuntat-la-greva-iar-tramvaiul-41-circula-normal-lista-completa-a-liniilor-functionale\/#article","isPartOf":{"@id":"https:\/\/buletin.de\/bucuresti\/76-de-soferi-si-vatmani-au-iesit-in-aceasta-seara-in-traseu-depoul-bucurestii-noi-a-renuntat-la-greva-iar-tramvaiul-41-circula-normal-lista-completa-a-liniilor-functionale\/"},"author":{"name":"C\u0103t\u0103lin Dosca\u0219","@id":"https:\/\/buletin.de\/bucuresti\/#\/schema\/person\/31117187ed4d0bdb0a4c7d6acc79d0f8"},"headline":"76 de \u0219oferi \u0219i vatmani au ie\u0219it, \u00een aceast\u0103 sear\u0103, \u00een traseu. Depoul Bucure\u0219tii Noi a renun\u021bat la grev\u0103, iar tramvaiul 41 circul\u0103 normal. LISTA COMPLET\u0102 a liniilor func\u021bionale","datePublished":"2022-01-22T19:37:45+00:00","dateModified":"2022-01-23T11:22:20+00:00","mainEntityOfPage":{"@id":"https:\/\/buletin.de\/bucuresti\/76-de-soferi-si-vatmani-au-iesit-in-aceasta-seara-in-traseu-depoul-bucurestii-noi-a-renuntat-la-greva-iar-tramvaiul-41-circula-normal-lista-completa-a-liniilor-functionale\/"},"wordCount":322,"publisher":{"@id":"https:\/\/buletin.de\/bucuresti\/#organization"},"image":{"@id":"https:\/\/buletin.de\/bucuresti\/76-de-soferi-si-vatmani-au-iesit-in-aceasta-seara-in-traseu-depoul-bucurestii-noi-a-renuntat-la-greva-iar-tramvaiul-41-circula-normal-lista-completa-a-liniilor-functionale\/#primaryimage"},"thumbnailUrl":"https:\/\/buletin.de\/bucuresti\/wp-content\/uploads\/ID187844_INQUAM_Photos_Octav_Ganea.jpg","keywords":["greva","linii","program","stb"],"articleSection":["\u0218tiri","Transport"],"inLanguage":"en-GB","copyrightYear":"2022","copyrightHolder":{"@id":"https:\/\/buletin.de\/bucuresti\/#organization"}},{"@type":"WebPage","@id":"https:\/\/buletin.de\/bucuresti\/76-de-soferi-si-vatmani-au-iesit-in-aceasta-seara-in-traseu-depoul-bucurestii-noi-a-renuntat-la-greva-iar-tramvaiul-41-circula-normal-lista-completa-a-liniilor-functionale\/","url":"https:\/\/buletin.de\/bucuresti\/76-de-soferi-si-vatmani-au-iesit-in-aceasta-seara-in-traseu-depoul-bucurestii-noi-a-renuntat-la-greva-iar-tramvaiul-41-circula-normal-lista-completa-a-liniilor-functionale\/","name":"76 de \u0219oferi \u0219i vatmani au ie\u0219it, \u00een aceast\u0103 sear\u0103, \u00een traseu. Depoul Bucure\u0219tii Noi a renun\u021bat la grev\u0103, iar tramvaiul 41 circul\u0103 normal. LISTA COMPLET\u0102 a liniilor func\u021bionale - Buletin de Bucure\u0219ti","isPartOf":{"@id":"https:\/\/buletin.de\/bucuresti\/#website"},"primaryImageOfPage":{"@id":"https:\/\/buletin.de\/bucuresti\/76-de-soferi-si-vatmani-au-iesit-in-aceasta-seara-in-traseu-depoul-bucurestii-noi-a-renuntat-la-greva-iar-tramvaiul-41-circula-normal-lista-completa-a-liniilor-functionale\/#primaryimage"},"image":{"@id":"https:\/\/buletin.de\/bucuresti\/76-de-soferi-si-vatmani-au-iesit-in-aceasta-seara-in-traseu-depoul-bucurestii-noi-a-renuntat-la-greva-iar-tramvaiul-41-circula-normal-lista-completa-a-liniilor-functionale\/#primaryimage"},"thumbnailUrl":"https:\/\/buletin.de\/bucuresti\/wp-content\/uploads\/ID187844_INQUAM_Photos_Octav_Ganea.jpg","datePublished":"2022-01-22T19:37:45+00:00","dateModified":"2022-01-23T11:22:20+00:00","breadcrumb":{"@id":"https:\/\/buletin.de\/bucuresti\/76-de-soferi-si-vatmani-au-iesit-in-aceasta-seara-in-traseu-depoul-bucurestii-noi-a-renuntat-la-greva-iar-tramvaiul-41-circula-normal-lista-completa-a-liniilor-functionale\/#breadcrumb"},"inLanguage":"en-GB","potentialAction":[{"@type":"ReadAction","target":["https:\/\/buletin.de\/bucuresti\/76-de-soferi-si-vatmani-au-iesit-in-aceasta-seara-in-traseu-depoul-bucurestii-noi-a-renuntat-la-greva-iar-tramvaiul-41-circula-normal-lista-completa-a-liniilor-functionale\/"]}]},{"@type":"ImageObject","inLanguage":"en-GB","@id":"https:\/\/buletin.de\/bucuresti\/76-de-soferi-si-vatmani-au-iesit-in-aceasta-seara-in-traseu-depoul-bucurestii-noi-a-renuntat-la-greva-iar-tramvaiul-41-circula-normal-lista-completa-a-liniilor-functionale\/#primaryimage","url":"https:\/\/buletin.de\/bucuresti\/wp-content\/uploads\/ID187844_INQUAM_Photos_Octav_Ganea.jpg","contentUrl":"https:\/\/buletin.de\/bucuresti\/wp-content\/uploads\/ID187844_INQUAM_Photos_Octav_Ganea.jpg","width":2000,"height":1333},{"@type":"BreadcrumbList","@id":"https:\/\/buletin.de\/bucuresti\/76-de-soferi-si-vatmani-au-iesit-in-aceasta-seara-in-traseu-depoul-bucurestii-noi-a-renuntat-la-greva-iar-tramvaiul-41-circula-normal-lista-completa-a-liniilor-functionale\/#breadcrumb","itemListElement":[{"@type":"ListItem","position":1,"name":"Acas\u0103","item":"https:\/\/buletin.de\/bucuresti\/"},{"@type":"ListItem","position":2,"name":"76 de \u0219oferi \u0219i vatmani au ie\u0219it, \u00een aceast\u0103 sear\u0103, \u00een traseu. Depoul Bucure\u0219tii Noi a renun\u021bat la grev\u0103, iar tramvaiul 41 circul\u0103 normal. LISTA COMPLET\u0102 a liniilor func\u021bionale"}]},{"@type":"WebSite","@id":"https:\/\/buletin.de\/bucuresti\/#website","url":"https:\/\/buletin.de\/bucuresti\/","name":"Buletin de Bucure\u0219ti","description":"\u0218tiri \u0219i investiga\u021bii esen\u021biale din capital\u0103","publisher":{"@id":"https:\/\/buletin.de\/bucuresti\/#organization"},"potentialAction":[{"@type":"SearchAction","target":{"@type":"EntryPoint","urlTemplate":"https:\/\/buletin.de\/bucuresti\/?s={search_term_string}"},"query-input":{"@type":"PropertyValueSpecification","valueRequired":true,"valueName":"search_term_string"}}],"inLanguage":"en-GB"},{"@type":"Organization","@id":"https:\/\/buletin.de\/bucuresti\/#organization","name":"Buletin de Bucure\u0219ti","url":"https:\/\/buletin.de\/bucuresti\/","logo":{"@type":"ImageObject","inLanguage":"en-GB","@id":"https:\/\/buletin.de\/bucuresti\/#\/schema\/logo\/image\/","url":"https:\/\/buletin.de\/bucuresti\/wp-content\/uploads\/logo-bdb-full-wide-vernil-transparent.png","contentUrl":"https:\/\/buletin.de\/bucuresti\/wp-content\/uploads\/logo-bdb-full-wide-vernil-transparent.png","width":1782,"height":626,"caption":"Buletin de Bucure\u0219ti"},"image":{"@id":"https:\/\/buletin.de\/bucuresti\/#\/schema\/logo\/image\/"},"sameAs":["https:\/\/www.facebook.com\/buletin.de.buc","https:\/\/www.instagram.com\/buletinde.bucuresti\/"]},{"@type":"Person","@id":"https:\/\/buletin.de\/bucuresti\/#\/schema\/person\/31117187ed4d0bdb0a4c7d6acc79d0f8","name":"C\u0103t\u0103lin Dosca\u0219","image":{"@type":"ImageObject","inLanguage":"en-GB","@id":"https:\/\/buletin.de\/bucuresti\/wp-content\/uploads\/Catalin-Doscas-e1732731064764-96x96.jpga93e2943bb3b1c1f9ead823df6e6317a","url":"https:\/\/buletin.de\/bucuresti\/wp-content\/uploads\/Catalin-Doscas-e1732731064764-96x96.jpg","contentUrl":"https:\/\/buletin.de\/bucuresti\/wp-content\/uploads\/Catalin-Doscas-e1732731064764-96x96.jpg","caption":"C\u0103t\u0103lin Dosca\u0219"},"description":"Reporter \u0219i redactor-\u0219ef Buletin de Bucure\u0219ti. Lucreaz\u0103 \u00een mass-media de la v\u00e2rsta de 15 ani, c\u00e2nd a publicat primele articole \u00een presa local\u0103 din Tecuci. \u00cen Bucure\u0219ti a lucrat \u00een redac\u021bii radio ca reporter, redactor \u0219i prezentator (StudentFM, Na\u021bionalFM, Radio Total, Smart FM), unde a acoperit domeniile politic, economic, social \u0219i externe. Ulterior, a fost editor-coordonator al postului Realitatea FM. Experien\u021ba \u00een jurnalismul online a dob\u00e2ndit-o la portalul B365.ro, unde a fost editor. \u00cen 2012 s-a angajat \u00een televiziune. La Realitatea TV a fost, pe r\u00e2nd, reporter la sec\u021bia Social, reporter special la emisiunea de reportaje \u0219i anchete \u201eReporterii Realit\u0103\u021bii\u201d, dar \u0219i editor al jurnalelor de \u0219tiri. Ulterior, a f\u0103cut parte din sec\u021bia de Investiga\u021bii de la Digi24 \u0219i a lucrat la campania \u201eRom\u00e2nia furat\u0103\u201d. A revenit \u00een presa scris\u0103 \u00een 2017, ca reporter special, \u00een cadrul unui proiect de repozi\u021bionare a tabloidului Libertatea \u00een cotidian generalist. Este jurnalist Buletin de Bucure\u0219ti din 2019.","url":"https:\/\/buletin.de\/bucuresti\/author\/catalin\/"}]}},"authors":[{"term_id":22575,"user_id":10,"is_guest":0,"slug":"catalin","display_name":"C\u0103t\u0103lin Dosca\u0219","avatar_url":"https:\/\/buletin.de\/bucuresti\/wp-content\/uploads\/Catalin-Doscas-e1732731064764-96x96.jpg","0":null,"1":"","2":"","3":"","4":"","5":"","6":"","7":"","8":""}],"_links":{"self":[{"href":"https:\/\/buletin.de\/bucuresti\/wp-json\/wp\/v2\/posts\/37672","targetHints":{"allow":["GET"]}}],"collection":[{"href":"https:\/\/buletin.de\/bucuresti\/wp-json\/wp\/v2\/posts"}],"about":[{"href":"https:\/\/buletin.de\/bucuresti\/wp-json\/wp\/v2\/types\/post"}],"author":[{"embeddable":true,"href":"https:\/\/buletin.de\/bucuresti\/wp-json\/wp\/v2\/users\/10"}],"replies":[{"embeddable":true,"href":"https:\/\/buletin.de\/bucuresti\/wp-json\/wp\/v2\/comments?post=37672"}],"version-history":[{"count":4,"href":"https:\/\/buletin.de\/bucuresti\/wp-json\/wp\/v2\/posts\/37672\/revisions"}],"predecessor-version":[{"id":37679,"href":"https:\/\/buletin.de\/bucuresti\/wp-json\/wp\/v2\/posts\/37672\/revisions\/37679"}],"wp:featuredmedia":[{"embeddable":true,"href":"https:\/\/buletin.de\/bucuresti\/wp-json\/wp\/v2\/media\/37674"}],"wp:attachment":[{"href":"https:\/\/buletin.de\/bucuresti\/wp-json\/wp\/v2\/media?parent=37672"}],"wp:term":[{"taxonomy":"category","embeddable":true,"href":"https:\/\/buletin.de\/bucuresti\/wp-json\/wp\/v2\/categories?post=37672"},{"taxonomy":"post_tag","embeddable":true,"href":"https:\/\/buletin.de\/bucuresti\/wp-json\/wp\/v2\/tags?post=37672"},{"taxonomy":"author","embeddable":true,"href":"https:\/\/buletin.de\/bucuresti\/wp-json\/wp\/v2\/ppma_author?post=37672"}],"curies":[{"name":"wp","href":"https:\/\/api.w.org\/{rel}","templated":true}]}}