{"id":37642,"date":"2022-01-22T17:10:27","date_gmt":"2022-01-22T15:10:27","guid":{"rendered":"https:\/\/buletin.de\/bucuresti\/?p=37642"},"modified":"2022-01-22T17:21:33","modified_gmt":"2022-01-22T15:21:33","slug":"adrian-crit-despre-cei-care-au-intocmit-listele-cu-tradatori-din-autobaze-vom-lua-decizii-din-punct-de-vedere-administrativ-se-impune-o-analiza-cat-mai-completa-a-persona","status":"publish","type":"post","link":"https:\/\/buletin.de\/bucuresti\/adrian-crit-despre-cei-care-au-intocmit-listele-cu-tradatori-din-autobaze-vom-lua-decizii-din-punct-de-vedere-administrativ-se-impune-o-analiza-cat-mai-completa-a-persona\/","title":{"rendered":"Adrian Cri\u021b, despre cei care au \u00eentocmit \u201elistele cu tr\u0103d\u0103tori\u201d din autobaze: \u201cVom lua decizii din punct de vedere administrativ. Se impune o analiz\u0103 c\u00e2t mai complet\u0103 a personalului \u00een perioada urm\u0103toare\u201d"},"content":{"rendered":"\n<p><strong>Pe re\u021belele de socializare au ap\u0103rut fotografii cu liste de nume afi\u0219ate \u00een autobaze \u0219i depouri ale \u0219oferilor \u0219i vatmanilor care au decis s\u0103 ias\u0103 \u00een trafic. Ace\u0219tia au fost calatoga\u021bi drept \u201etr\u0103d\u0103tori\u201d.<\/strong><\/p>\n\n\n\n<p>\u201c<em>O s\u0103 identific\u0103m care sunt solu\u021biile. Cred ca o analiz\u0103 c\u00e2t mai complet\u0103 a personalului se impune \u00een perioada urm\u0103toare. \u00centotdeauna exista solu\u021bia legal\u0103. Dorin\u021ba noastr\u0103 primordial\u0103 e s\u0103 debloc\u0103m traficul.<\/em><strong><em> Vom analiza cu siguran\u021ba ce s-a \u00eent\u00e2mplat acolo. \u00cen leg\u0103tura cu persoanele v\u0103t\u0103mate sau care au fost trecute pe lista ru\u0219inii sau daca au fost \u0219i alte abuzuri, vom discuta \u0219i vom lua decizii din punct de vedere administrativ<\/em>\u201d<\/strong>, a declarat pentru Buletin de Bucure\u0219ti, directorul general al STB Adrian Cri\u021b.<\/p>\n\n\n\n<p>Este a treia zi \u00een care circula\u021bia autobuzelor \u0219i tramvaielor din Bucure\u0219ti este oprit\u0103, iar sindicali\u0219tii refuz\u0103 s\u0103 respecte cele dou\u0103 hot\u0103r\u00e2ri judec\u0103tore\u0219ti executorii care dispun reluarea activit\u0103\u021bii. Totodat\u0103, grevi\u0219tii nici nu acoper\u0103 o treime din activitate, a\u0219a cum cere legea.<\/p>\n\n\n\n<p>FOTO: INQUAM Photos\/Ilona Andrei<\/p>\n\n\n\n<p>Cite\u0219te \u0219i <\/p>\n\n\n\n<p><a href=\"https:\/\/buletin.de\/bucuresti\/exclusiv-afacerile-din-autobaze-si-caracatita-intereselor-din-stb-sofer-crit-i-a-ars-si-pe-astia-de-la-birouri-si-a-deranjat-marea-familie-pe-mine-m-a-ars-la-ore\/\">EXCLUSIV | Afacerile din autobaze \u0219i caracati\u021ba intereselor din STB. \u0218ofer: \u201cCri\u021b i-a ars \u0219i pe \u0103\u0219tia de la birouri \u0219i a deranjat Marea Familie. Pe mine m-a ars la ore pe traseu\u201d<\/a><\/p>\n\n\n\n<p><a href=\"https:\/\/buletin.de\/bucuresti\/exclusiv-culisele-grevei-de-la-stb-supraconsumuri-record-de-motorina-in-autobaze-furnizori-suspecti-achizitii-inutile-de-piese-si-facturi-umflate\/\">EXCLUSIV | Culisele grevei de la STB: supraconsumuri record de motorin\u0103 \u00een autobaze, furnizori \u201esuspec\u021bi\u201d, achizi\u021bii inutile de piese \u0219i facturi \u201eumflate\u201d<\/a><\/p>\n","protected":false},"excerpt":{"rendered":"<p>Pe re\u021belele de socializare au ap\u0103rut fotografii cu liste de nume afi\u0219ate \u00een autobaze \u0219i depouri ale \u0219oferilor \u0219i vatmanilor care au decis s\u0103 ias\u0103 \u00een trafic. Ace\u0219tia au fost calatoga\u021bi drept \u201etr\u0103d\u0103tori\u201d. \u201cO s\u0103 identific\u0103m care sunt solu\u021biile. Cred ca o analiz\u0103 c\u00e2t mai complet\u0103 a personalului se impune \u00een perioada urm\u0103toare. \u00centotdeauna exista [&hellip;]<\/p>\n","protected":false},"author":10,"featured_media":37643,"comment_status":"closed","ping_status":"open","sticky":false,"template":"","format":"standard","meta":{"_acf_changed":false,"inline_featured_image":false,"ngg_post_thumbnail":0,"footnotes":""},"categories":[3419,650],"tags":[3850,3846,3866,402,3867],"ppma_author":[22575],"class_list":["post-37642","post","type-post","status-publish","format-standard","has-post-thumbnail","hentry","category-featured","category-transport","tag-autobaze","tag-crit","tag-liste","tag-stb","tag-tradatori"],"acf":[],"yoast_head":"<!-- This site is optimized with the Yoast SEO Premium plugin v25.3 (Yoast SEO v27.5) - https:\/\/yoast.com\/product\/yoast-seo-premium-wordpress\/ -->\n<title>Adrian Cri\u021b, despre cei care au \u00eentocmit \u201elistele cu tr\u0103d\u0103tori\u201d din autobaze: \u201cVom lua decizii din punct de vedere administrativ. Se impune o analiz\u0103 c\u00e2t mai complet\u0103 a personalului \u00een perioada urm\u0103toare\u201d - Buletin de Bucure\u0219ti<\/title>\n<meta name=\"robots\" content=\"index, follow, max-snippet:-1, max-image-preview:large, max-video-preview:-1\" \/>\n<link rel=\"canonical\" href=\"https:\/\/buletin.de\/bucuresti\/adrian-crit-despre-cei-care-au-intocmit-listele-cu-tradatori-din-autobaze-vom-lua-decizii-din-punct-de-vedere-administrativ-se-impune-o-analiza-cat-mai-completa-a-persona\/\" \/>\n<meta property=\"og:locale\" content=\"en_GB\" \/>\n<meta property=\"og:type\" content=\"article\" \/>\n<meta property=\"og:title\" content=\"Adrian Cri\u021b, despre cei care au \u00eentocmit \u201elistele cu tr\u0103d\u0103tori\u201d din autobaze: \u201cVom lua decizii din punct de vedere administrativ. Se impune o analiz\u0103 c\u00e2t mai complet\u0103 a personalului \u00een perioada urm\u0103toare\u201d\" \/>\n<meta property=\"og:description\" content=\"Pe re\u021belele de socializare au ap\u0103rut fotografii cu liste de nume afi\u0219ate \u00een autobaze \u0219i depouri ale \u0219oferilor \u0219i vatmanilor care au decis s\u0103 ias\u0103 \u00een trafic. Ace\u0219tia au fost calatoga\u021bi drept \u201etr\u0103d\u0103tori\u201d. \u201cO s\u0103 identific\u0103m care sunt solu\u021biile. Cred ca o analiz\u0103 c\u00e2t mai complet\u0103 a personalului se impune \u00een perioada urm\u0103toare. \u00centotdeauna exista [&hellip;]\" \/>\n<meta property=\"og:url\" content=\"https:\/\/buletin.de\/bucuresti\/adrian-crit-despre-cei-care-au-intocmit-listele-cu-tradatori-din-autobaze-vom-lua-decizii-din-punct-de-vedere-administrativ-se-impune-o-analiza-cat-mai-completa-a-persona\/\" \/>\n<meta property=\"og:site_name\" content=\"Buletin de Bucure\u0219ti\" \/>\n<meta property=\"article:publisher\" content=\"https:\/\/www.facebook.com\/buletin.de.buc\" \/>\n<meta property=\"article:published_time\" content=\"2022-01-22T15:10:27+00:00\" \/>\n<meta property=\"article:modified_time\" content=\"2022-01-22T15:21:33+00:00\" \/>\n<meta property=\"og:image\" content=\"https:\/\/buletin.de\/bucuresti\/wp-content\/uploads\/ID187923_INQUAM_Photos_Ilona_Andrei.jpg\" \/>\n\t<meta property=\"og:image:width\" content=\"2000\" \/>\n\t<meta property=\"og:image:height\" content=\"1333\" \/>\n\t<meta property=\"og:image:type\" content=\"image\/jpeg\" \/>\n<meta name=\"author\" content=\"C\u0103t\u0103lin Dosca\u0219\" \/>\n<meta name=\"twitter:card\" content=\"summary_large_image\" \/>\n<meta name=\"twitter:label1\" content=\"Written by\" \/>\n\t<meta name=\"twitter:data1\" content=\"C\u0103t\u0103lin Dosca\u0219\" \/>\n\t<meta name=\"twitter:label2\" content=\"Estimated reading time\" \/>\n\t<meta name=\"twitter:data2\" content=\"1 minute\" \/>\n<script type=\"application\/ld+json\" class=\"yoast-schema-graph\">{\"@context\":\"https:\\\/\\\/schema.org\",\"@graph\":[{\"@type\":\"Article\",\"@id\":\"https:\\\/\\\/buletin.de\\\/bucuresti\\\/adrian-crit-despre-cei-care-au-intocmit-listele-cu-tradatori-din-autobaze-vom-lua-decizii-din-punct-de-vedere-administrativ-se-impune-o-analiza-cat-mai-completa-a-persona\\\/#article\",\"isPartOf\":{\"@id\":\"https:\\\/\\\/buletin.de\\\/bucuresti\\\/adrian-crit-despre-cei-care-au-intocmit-listele-cu-tradatori-din-autobaze-vom-lua-decizii-din-punct-de-vedere-administrativ-se-impune-o-analiza-cat-mai-completa-a-persona\\\/\"},\"author\":{\"name\":\"C\u0103t\u0103lin Dosca\u0219\",\"@id\":\"https:\\\/\\\/buletin.de\\\/bucuresti\\\/#\\\/schema\\\/person\\\/31117187ed4d0bdb0a4c7d6acc79d0f8\"},\"headline\":\"Adrian Cri\u021b, despre cei care au \u00eentocmit \u201elistele cu tr\u0103d\u0103tori\u201d din autobaze: \u201cVom lua decizii din punct de vedere administrativ. Se impune o analiz\u0103 c\u00e2t mai complet\u0103 a personalului \u00een perioada urm\u0103toare\u201d\",\"datePublished\":\"2022-01-22T15:10:27+00:00\",\"dateModified\":\"2022-01-22T15:21:33+00:00\",\"mainEntityOfPage\":{\"@id\":\"https:\\\/\\\/buletin.de\\\/bucuresti\\\/adrian-crit-despre-cei-care-au-intocmit-listele-cu-tradatori-din-autobaze-vom-lua-decizii-din-punct-de-vedere-administrativ-se-impune-o-analiza-cat-mai-completa-a-persona\\\/\"},\"wordCount\":287,\"publisher\":{\"@id\":\"https:\\\/\\\/buletin.de\\\/bucuresti\\\/#organization\"},\"image\":{\"@id\":\"https:\\\/\\\/buletin.de\\\/bucuresti\\\/adrian-crit-despre-cei-care-au-intocmit-listele-cu-tradatori-din-autobaze-vom-lua-decizii-din-punct-de-vedere-administrativ-se-impune-o-analiza-cat-mai-completa-a-persona\\\/#primaryimage\"},\"thumbnailUrl\":\"https:\\\/\\\/buletin.de\\\/bucuresti\\\/wp-content\\\/uploads\\\/ID187923_INQUAM_Photos_Ilona_Andrei.jpg\",\"keywords\":[\"autobaze\",\"crit\",\"liste\",\"stb\",\"tradatori\"],\"articleSection\":[\"Featured\",\"Transport\"],\"inLanguage\":\"en-GB\",\"copyrightYear\":\"2022\",\"copyrightHolder\":{\"@id\":\"https:\\\/\\\/buletin.de\\\/bucuresti\\\/#organization\"}},{\"@type\":\"WebPage\",\"@id\":\"https:\\\/\\\/buletin.de\\\/bucuresti\\\/adrian-crit-despre-cei-care-au-intocmit-listele-cu-tradatori-din-autobaze-vom-lua-decizii-din-punct-de-vedere-administrativ-se-impune-o-analiza-cat-mai-completa-a-persona\\\/\",\"url\":\"https:\\\/\\\/buletin.de\\\/bucuresti\\\/adrian-crit-despre-cei-care-au-intocmit-listele-cu-tradatori-din-autobaze-vom-lua-decizii-din-punct-de-vedere-administrativ-se-impune-o-analiza-cat-mai-completa-a-persona\\\/\",\"name\":\"Adrian Cri\u021b, despre cei care au \u00eentocmit \u201elistele cu tr\u0103d\u0103tori\u201d din autobaze: \u201cVom lua decizii din punct de vedere administrativ. Se impune o analiz\u0103 c\u00e2t mai complet\u0103 a personalului \u00een perioada urm\u0103toare\u201d - Buletin de Bucure\u0219ti\",\"isPartOf\":{\"@id\":\"https:\\\/\\\/buletin.de\\\/bucuresti\\\/#website\"},\"primaryImageOfPage\":{\"@id\":\"https:\\\/\\\/buletin.de\\\/bucuresti\\\/adrian-crit-despre-cei-care-au-intocmit-listele-cu-tradatori-din-autobaze-vom-lua-decizii-din-punct-de-vedere-administrativ-se-impune-o-analiza-cat-mai-completa-a-persona\\\/#primaryimage\"},\"image\":{\"@id\":\"https:\\\/\\\/buletin.de\\\/bucuresti\\\/adrian-crit-despre-cei-care-au-intocmit-listele-cu-tradatori-din-autobaze-vom-lua-decizii-din-punct-de-vedere-administrativ-se-impune-o-analiza-cat-mai-completa-a-persona\\\/#primaryimage\"},\"thumbnailUrl\":\"https:\\\/\\\/buletin.de\\\/bucuresti\\\/wp-content\\\/uploads\\\/ID187923_INQUAM_Photos_Ilona_Andrei.jpg\",\"datePublished\":\"2022-01-22T15:10:27+00:00\",\"dateModified\":\"2022-01-22T15:21:33+00:00\",\"breadcrumb\":{\"@id\":\"https:\\\/\\\/buletin.de\\\/bucuresti\\\/adrian-crit-despre-cei-care-au-intocmit-listele-cu-tradatori-din-autobaze-vom-lua-decizii-din-punct-de-vedere-administrativ-se-impune-o-analiza-cat-mai-completa-a-persona\\\/#breadcrumb\"},\"inLanguage\":\"en-GB\",\"potentialAction\":[{\"@type\":\"ReadAction\",\"target\":[\"https:\\\/\\\/buletin.de\\\/bucuresti\\\/adrian-crit-despre-cei-care-au-intocmit-listele-cu-tradatori-din-autobaze-vom-lua-decizii-din-punct-de-vedere-administrativ-se-impune-o-analiza-cat-mai-completa-a-persona\\\/\"]}]},{\"@type\":\"ImageObject\",\"inLanguage\":\"en-GB\",\"@id\":\"https:\\\/\\\/buletin.de\\\/bucuresti\\\/adrian-crit-despre-cei-care-au-intocmit-listele-cu-tradatori-din-autobaze-vom-lua-decizii-din-punct-de-vedere-administrativ-se-impune-o-analiza-cat-mai-completa-a-persona\\\/#primaryimage\",\"url\":\"https:\\\/\\\/buletin.de\\\/bucuresti\\\/wp-content\\\/uploads\\\/ID187923_INQUAM_Photos_Ilona_Andrei.jpg\",\"contentUrl\":\"https:\\\/\\\/buletin.de\\\/bucuresti\\\/wp-content\\\/uploads\\\/ID187923_INQUAM_Photos_Ilona_Andrei.jpg\",\"width\":2000,\"height\":1333},{\"@type\":\"BreadcrumbList\",\"@id\":\"https:\\\/\\\/buletin.de\\\/bucuresti\\\/adrian-crit-despre-cei-care-au-intocmit-listele-cu-tradatori-din-autobaze-vom-lua-decizii-din-punct-de-vedere-administrativ-se-impune-o-analiza-cat-mai-completa-a-persona\\\/#breadcrumb\",\"itemListElement\":[{\"@type\":\"ListItem\",\"position\":1,\"name\":\"Acas\u0103\",\"item\":\"https:\\\/\\\/buletin.de\\\/bucuresti\\\/\"},{\"@type\":\"ListItem\",\"position\":2,\"name\":\"Adrian Cri\u021b, despre cei care au \u00eentocmit \u201elistele cu tr\u0103d\u0103tori\u201d din autobaze: \u201cVom lua decizii din punct de vedere administrativ. Se impune o analiz\u0103 c\u00e2t mai complet\u0103 a personalului \u00een perioada urm\u0103toare\u201d\"}]},{\"@type\":\"WebSite\",\"@id\":\"https:\\\/\\\/buletin.de\\\/bucuresti\\\/#website\",\"url\":\"https:\\\/\\\/buletin.de\\\/bucuresti\\\/\",\"name\":\"Buletin de Bucure\u0219ti\",\"description\":\"\u0218tiri \u0219i investiga\u021bii esen\u021biale din capital\u0103\",\"publisher\":{\"@id\":\"https:\\\/\\\/buletin.de\\\/bucuresti\\\/#organization\"},\"potentialAction\":[{\"@type\":\"SearchAction\",\"target\":{\"@type\":\"EntryPoint\",\"urlTemplate\":\"https:\\\/\\\/buletin.de\\\/bucuresti\\\/?s={search_term_string}\"},\"query-input\":{\"@type\":\"PropertyValueSpecification\",\"valueRequired\":true,\"valueName\":\"search_term_string\"}}],\"inLanguage\":\"en-GB\"},{\"@type\":\"Organization\",\"@id\":\"https:\\\/\\\/buletin.de\\\/bucuresti\\\/#organization\",\"name\":\"Buletin de Bucure\u0219ti\",\"url\":\"https:\\\/\\\/buletin.de\\\/bucuresti\\\/\",\"logo\":{\"@type\":\"ImageObject\",\"inLanguage\":\"en-GB\",\"@id\":\"https:\\\/\\\/buletin.de\\\/bucuresti\\\/#\\\/schema\\\/logo\\\/image\\\/\",\"url\":\"https:\\\/\\\/buletin.de\\\/bucuresti\\\/wp-content\\\/uploads\\\/logo-bdb-full-wide-vernil-transparent.png\",\"contentUrl\":\"https:\\\/\\\/buletin.de\\\/bucuresti\\\/wp-content\\\/uploads\\\/logo-bdb-full-wide-vernil-transparent.png\",\"width\":1782,\"height\":626,\"caption\":\"Buletin de Bucure\u0219ti\"},\"image\":{\"@id\":\"https:\\\/\\\/buletin.de\\\/bucuresti\\\/#\\\/schema\\\/logo\\\/image\\\/\"},\"sameAs\":[\"https:\\\/\\\/www.facebook.com\\\/buletin.de.buc\",\"https:\\\/\\\/www.instagram.com\\\/buletinde.bucuresti\\\/\"]},{\"@type\":\"Person\",\"@id\":\"https:\\\/\\\/buletin.de\\\/bucuresti\\\/#\\\/schema\\\/person\\\/31117187ed4d0bdb0a4c7d6acc79d0f8\",\"name\":\"C\u0103t\u0103lin Dosca\u0219\",\"image\":{\"@type\":\"ImageObject\",\"inLanguage\":\"en-GB\",\"@id\":\"https:\\\/\\\/buletin.de\\\/bucuresti\\\/wp-content\\\/uploads\\\/Catalin-Doscas-e1732731064764-96x96.jpga93e2943bb3b1c1f9ead823df6e6317a\",\"url\":\"https:\\\/\\\/buletin.de\\\/bucuresti\\\/wp-content\\\/uploads\\\/Catalin-Doscas-e1732731064764-96x96.jpg\",\"contentUrl\":\"https:\\\/\\\/buletin.de\\\/bucuresti\\\/wp-content\\\/uploads\\\/Catalin-Doscas-e1732731064764-96x96.jpg\",\"caption\":\"C\u0103t\u0103lin Dosca\u0219\"},\"description\":\"Reporter \u0219i redactor-\u0219ef Buletin de Bucure\u0219ti. Lucreaz\u0103 \u00een mass-media de la v\u00e2rsta de 15 ani, c\u00e2nd a publicat primele articole \u00een presa local\u0103 din Tecuci. \u00cen Bucure\u0219ti a lucrat \u00een redac\u021bii radio ca reporter, redactor \u0219i prezentator (StudentFM, Na\u021bionalFM, Radio Total, Smart FM), unde a acoperit domeniile politic, economic, social \u0219i externe. Ulterior, a fost editor-coordonator al postului Realitatea FM. Experien\u021ba \u00een jurnalismul online a dob\u00e2ndit-o la portalul B365.ro, unde a fost editor. \u00cen 2012 s-a angajat \u00een televiziune. La Realitatea TV a fost, pe r\u00e2nd, reporter la sec\u021bia Social, reporter special la emisiunea de reportaje \u0219i anchete \u201eReporterii Realit\u0103\u021bii\u201d, dar \u0219i editor al jurnalelor de \u0219tiri. Ulterior, a f\u0103cut parte din sec\u021bia de Investiga\u021bii de la Digi24 \u0219i a lucrat la campania \u201eRom\u00e2nia furat\u0103\u201d. A revenit \u00een presa scris\u0103 \u00een 2017, ca reporter special, \u00een cadrul unui proiect de repozi\u021bionare a tabloidului Libertatea \u00een cotidian generalist. Este jurnalist Buletin de Bucure\u0219ti din 2019.\",\"url\":\"https:\\\/\\\/buletin.de\\\/bucuresti\\\/author\\\/catalin\\\/\"}]}<\/script>\n<!-- \/ Yoast SEO Premium plugin. -->","yoast_head_json":{"title":"Adrian Cri\u021b, despre cei care au \u00eentocmit \u201elistele cu tr\u0103d\u0103tori\u201d din autobaze: \u201cVom lua decizii din punct de vedere administrativ. Se impune o analiz\u0103 c\u00e2t mai complet\u0103 a personalului \u00een perioada urm\u0103toare\u201d - Buletin de Bucure\u0219ti","robots":{"index":"index","follow":"follow","max-snippet":"max-snippet:-1","max-image-preview":"max-image-preview:large","max-video-preview":"max-video-preview:-1"},"canonical":"https:\/\/buletin.de\/bucuresti\/adrian-crit-despre-cei-care-au-intocmit-listele-cu-tradatori-din-autobaze-vom-lua-decizii-din-punct-de-vedere-administrativ-se-impune-o-analiza-cat-mai-completa-a-persona\/","og_locale":"en_GB","og_type":"article","og_title":"Adrian Cri\u021b, despre cei care au \u00eentocmit \u201elistele cu tr\u0103d\u0103tori\u201d din autobaze: \u201cVom lua decizii din punct de vedere administrativ. Se impune o analiz\u0103 c\u00e2t mai complet\u0103 a personalului \u00een perioada urm\u0103toare\u201d","og_description":"Pe re\u021belele de socializare au ap\u0103rut fotografii cu liste de nume afi\u0219ate \u00een autobaze \u0219i depouri ale \u0219oferilor \u0219i vatmanilor care au decis s\u0103 ias\u0103 \u00een trafic. Ace\u0219tia au fost calatoga\u021bi drept \u201etr\u0103d\u0103tori\u201d. \u201cO s\u0103 identific\u0103m care sunt solu\u021biile. Cred ca o analiz\u0103 c\u00e2t mai complet\u0103 a personalului se impune \u00een perioada urm\u0103toare. \u00centotdeauna exista [&hellip;]","og_url":"https:\/\/buletin.de\/bucuresti\/adrian-crit-despre-cei-care-au-intocmit-listele-cu-tradatori-din-autobaze-vom-lua-decizii-din-punct-de-vedere-administrativ-se-impune-o-analiza-cat-mai-completa-a-persona\/","og_site_name":"Buletin de Bucure\u0219ti","article_publisher":"https:\/\/www.facebook.com\/buletin.de.buc","article_published_time":"2022-01-22T15:10:27+00:00","article_modified_time":"2022-01-22T15:21:33+00:00","og_image":[{"width":2000,"height":1333,"url":"https:\/\/buletin.de\/bucuresti\/wp-content\/uploads\/ID187923_INQUAM_Photos_Ilona_Andrei.jpg","type":"image\/jpeg"}],"author":"C\u0103t\u0103lin Dosca\u0219","twitter_card":"summary_large_image","twitter_misc":{"Written by":"C\u0103t\u0103lin Dosca\u0219","Estimated reading time":"1 minute"},"schema":{"@context":"https:\/\/schema.org","@graph":[{"@type":"Article","@id":"https:\/\/buletin.de\/bucuresti\/adrian-crit-despre-cei-care-au-intocmit-listele-cu-tradatori-din-autobaze-vom-lua-decizii-din-punct-de-vedere-administrativ-se-impune-o-analiza-cat-mai-completa-a-persona\/#article","isPartOf":{"@id":"https:\/\/buletin.de\/bucuresti\/adrian-crit-despre-cei-care-au-intocmit-listele-cu-tradatori-din-autobaze-vom-lua-decizii-din-punct-de-vedere-administrativ-se-impune-o-analiza-cat-mai-completa-a-persona\/"},"author":{"name":"C\u0103t\u0103lin Dosca\u0219","@id":"https:\/\/buletin.de\/bucuresti\/#\/schema\/person\/31117187ed4d0bdb0a4c7d6acc79d0f8"},"headline":"Adrian Cri\u021b, despre cei care au \u00eentocmit \u201elistele cu tr\u0103d\u0103tori\u201d din autobaze: \u201cVom lua decizii din punct de vedere administrativ. Se impune o analiz\u0103 c\u00e2t mai complet\u0103 a personalului \u00een perioada urm\u0103toare\u201d","datePublished":"2022-01-22T15:10:27+00:00","dateModified":"2022-01-22T15:21:33+00:00","mainEntityOfPage":{"@id":"https:\/\/buletin.de\/bucuresti\/adrian-crit-despre-cei-care-au-intocmit-listele-cu-tradatori-din-autobaze-vom-lua-decizii-din-punct-de-vedere-administrativ-se-impune-o-analiza-cat-mai-completa-a-persona\/"},"wordCount":287,"publisher":{"@id":"https:\/\/buletin.de\/bucuresti\/#organization"},"image":{"@id":"https:\/\/buletin.de\/bucuresti\/adrian-crit-despre-cei-care-au-intocmit-listele-cu-tradatori-din-autobaze-vom-lua-decizii-din-punct-de-vedere-administrativ-se-impune-o-analiza-cat-mai-completa-a-persona\/#primaryimage"},"thumbnailUrl":"https:\/\/buletin.de\/bucuresti\/wp-content\/uploads\/ID187923_INQUAM_Photos_Ilona_Andrei.jpg","keywords":["autobaze","crit","liste","stb","tradatori"],"articleSection":["Featured","Transport"],"inLanguage":"en-GB","copyrightYear":"2022","copyrightHolder":{"@id":"https:\/\/buletin.de\/bucuresti\/#organization"}},{"@type":"WebPage","@id":"https:\/\/buletin.de\/bucuresti\/adrian-crit-despre-cei-care-au-intocmit-listele-cu-tradatori-din-autobaze-vom-lua-decizii-din-punct-de-vedere-administrativ-se-impune-o-analiza-cat-mai-completa-a-persona\/","url":"https:\/\/buletin.de\/bucuresti\/adrian-crit-despre-cei-care-au-intocmit-listele-cu-tradatori-din-autobaze-vom-lua-decizii-din-punct-de-vedere-administrativ-se-impune-o-analiza-cat-mai-completa-a-persona\/","name":"Adrian Cri\u021b, despre cei care au \u00eentocmit \u201elistele cu tr\u0103d\u0103tori\u201d din autobaze: \u201cVom lua decizii din punct de vedere administrativ. Se impune o analiz\u0103 c\u00e2t mai complet\u0103 a personalului \u00een perioada urm\u0103toare\u201d - Buletin de Bucure\u0219ti","isPartOf":{"@id":"https:\/\/buletin.de\/bucuresti\/#website"},"primaryImageOfPage":{"@id":"https:\/\/buletin.de\/bucuresti\/adrian-crit-despre-cei-care-au-intocmit-listele-cu-tradatori-din-autobaze-vom-lua-decizii-din-punct-de-vedere-administrativ-se-impune-o-analiza-cat-mai-completa-a-persona\/#primaryimage"},"image":{"@id":"https:\/\/buletin.de\/bucuresti\/adrian-crit-despre-cei-care-au-intocmit-listele-cu-tradatori-din-autobaze-vom-lua-decizii-din-punct-de-vedere-administrativ-se-impune-o-analiza-cat-mai-completa-a-persona\/#primaryimage"},"thumbnailUrl":"https:\/\/buletin.de\/bucuresti\/wp-content\/uploads\/ID187923_INQUAM_Photos_Ilona_Andrei.jpg","datePublished":"2022-01-22T15:10:27+00:00","dateModified":"2022-01-22T15:21:33+00:00","breadcrumb":{"@id":"https:\/\/buletin.de\/bucuresti\/adrian-crit-despre-cei-care-au-intocmit-listele-cu-tradatori-din-autobaze-vom-lua-decizii-din-punct-de-vedere-administrativ-se-impune-o-analiza-cat-mai-completa-a-persona\/#breadcrumb"},"inLanguage":"en-GB","potentialAction":[{"@type":"ReadAction","target":["https:\/\/buletin.de\/bucuresti\/adrian-crit-despre-cei-care-au-intocmit-listele-cu-tradatori-din-autobaze-vom-lua-decizii-din-punct-de-vedere-administrativ-se-impune-o-analiza-cat-mai-completa-a-persona\/"]}]},{"@type":"ImageObject","inLanguage":"en-GB","@id":"https:\/\/buletin.de\/bucuresti\/adrian-crit-despre-cei-care-au-intocmit-listele-cu-tradatori-din-autobaze-vom-lua-decizii-din-punct-de-vedere-administrativ-se-impune-o-analiza-cat-mai-completa-a-persona\/#primaryimage","url":"https:\/\/buletin.de\/bucuresti\/wp-content\/uploads\/ID187923_INQUAM_Photos_Ilona_Andrei.jpg","contentUrl":"https:\/\/buletin.de\/bucuresti\/wp-content\/uploads\/ID187923_INQUAM_Photos_Ilona_Andrei.jpg","width":2000,"height":1333},{"@type":"BreadcrumbList","@id":"https:\/\/buletin.de\/bucuresti\/adrian-crit-despre-cei-care-au-intocmit-listele-cu-tradatori-din-autobaze-vom-lua-decizii-din-punct-de-vedere-administrativ-se-impune-o-analiza-cat-mai-completa-a-persona\/#breadcrumb","itemListElement":[{"@type":"ListItem","position":1,"name":"Acas\u0103","item":"https:\/\/buletin.de\/bucuresti\/"},{"@type":"ListItem","position":2,"name":"Adrian Cri\u021b, despre cei care au \u00eentocmit \u201elistele cu tr\u0103d\u0103tori\u201d din autobaze: \u201cVom lua decizii din punct de vedere administrativ. Se impune o analiz\u0103 c\u00e2t mai complet\u0103 a personalului \u00een perioada urm\u0103toare\u201d"}]},{"@type":"WebSite","@id":"https:\/\/buletin.de\/bucuresti\/#website","url":"https:\/\/buletin.de\/bucuresti\/","name":"Buletin de Bucure\u0219ti","description":"\u0218tiri \u0219i investiga\u021bii esen\u021biale din capital\u0103","publisher":{"@id":"https:\/\/buletin.de\/bucuresti\/#organization"},"potentialAction":[{"@type":"SearchAction","target":{"@type":"EntryPoint","urlTemplate":"https:\/\/buletin.de\/bucuresti\/?s={search_term_string}"},"query-input":{"@type":"PropertyValueSpecification","valueRequired":true,"valueName":"search_term_string"}}],"inLanguage":"en-GB"},{"@type":"Organization","@id":"https:\/\/buletin.de\/bucuresti\/#organization","name":"Buletin de Bucure\u0219ti","url":"https:\/\/buletin.de\/bucuresti\/","logo":{"@type":"ImageObject","inLanguage":"en-GB","@id":"https:\/\/buletin.de\/bucuresti\/#\/schema\/logo\/image\/","url":"https:\/\/buletin.de\/bucuresti\/wp-content\/uploads\/logo-bdb-full-wide-vernil-transparent.png","contentUrl":"https:\/\/buletin.de\/bucuresti\/wp-content\/uploads\/logo-bdb-full-wide-vernil-transparent.png","width":1782,"height":626,"caption":"Buletin de Bucure\u0219ti"},"image":{"@id":"https:\/\/buletin.de\/bucuresti\/#\/schema\/logo\/image\/"},"sameAs":["https:\/\/www.facebook.com\/buletin.de.buc","https:\/\/www.instagram.com\/buletinde.bucuresti\/"]},{"@type":"Person","@id":"https:\/\/buletin.de\/bucuresti\/#\/schema\/person\/31117187ed4d0bdb0a4c7d6acc79d0f8","name":"C\u0103t\u0103lin Dosca\u0219","image":{"@type":"ImageObject","inLanguage":"en-GB","@id":"https:\/\/buletin.de\/bucuresti\/wp-content\/uploads\/Catalin-Doscas-e1732731064764-96x96.jpga93e2943bb3b1c1f9ead823df6e6317a","url":"https:\/\/buletin.de\/bucuresti\/wp-content\/uploads\/Catalin-Doscas-e1732731064764-96x96.jpg","contentUrl":"https:\/\/buletin.de\/bucuresti\/wp-content\/uploads\/Catalin-Doscas-e1732731064764-96x96.jpg","caption":"C\u0103t\u0103lin Dosca\u0219"},"description":"Reporter \u0219i redactor-\u0219ef Buletin de Bucure\u0219ti. Lucreaz\u0103 \u00een mass-media de la v\u00e2rsta de 15 ani, c\u00e2nd a publicat primele articole \u00een presa local\u0103 din Tecuci. \u00cen Bucure\u0219ti a lucrat \u00een redac\u021bii radio ca reporter, redactor \u0219i prezentator (StudentFM, Na\u021bionalFM, Radio Total, Smart FM), unde a acoperit domeniile politic, economic, social \u0219i externe. Ulterior, a fost editor-coordonator al postului Realitatea FM. Experien\u021ba \u00een jurnalismul online a dob\u00e2ndit-o la portalul B365.ro, unde a fost editor. \u00cen 2012 s-a angajat \u00een televiziune. La Realitatea TV a fost, pe r\u00e2nd, reporter la sec\u021bia Social, reporter special la emisiunea de reportaje \u0219i anchete \u201eReporterii Realit\u0103\u021bii\u201d, dar \u0219i editor al jurnalelor de \u0219tiri. Ulterior, a f\u0103cut parte din sec\u021bia de Investiga\u021bii de la Digi24 \u0219i a lucrat la campania \u201eRom\u00e2nia furat\u0103\u201d. A revenit \u00een presa scris\u0103 \u00een 2017, ca reporter special, \u00een cadrul unui proiect de repozi\u021bionare a tabloidului Libertatea \u00een cotidian generalist. Este jurnalist Buletin de Bucure\u0219ti din 2019.","url":"https:\/\/buletin.de\/bucuresti\/author\/catalin\/"}]}},"authors":[{"term_id":22575,"user_id":10,"is_guest":0,"slug":"catalin","display_name":"C\u0103t\u0103lin Dosca\u0219","avatar_url":"https:\/\/buletin.de\/bucuresti\/wp-content\/uploads\/Catalin-Doscas-e1732731064764-96x96.jpg","0":null,"1":"","2":"","3":"","4":"","5":"","6":"","7":"","8":""}],"_links":{"self":[{"href":"https:\/\/buletin.de\/bucuresti\/wp-json\/wp\/v2\/posts\/37642","targetHints":{"allow":["GET"]}}],"collection":[{"href":"https:\/\/buletin.de\/bucuresti\/wp-json\/wp\/v2\/posts"}],"about":[{"href":"https:\/\/buletin.de\/bucuresti\/wp-json\/wp\/v2\/types\/post"}],"author":[{"embeddable":true,"href":"https:\/\/buletin.de\/bucuresti\/wp-json\/wp\/v2\/users\/10"}],"replies":[{"embeddable":true,"href":"https:\/\/buletin.de\/bucuresti\/wp-json\/wp\/v2\/comments?post=37642"}],"version-history":[{"count":6,"href":"https:\/\/buletin.de\/bucuresti\/wp-json\/wp\/v2\/posts\/37642\/revisions"}],"predecessor-version":[{"id":37649,"href":"https:\/\/buletin.de\/bucuresti\/wp-json\/wp\/v2\/posts\/37642\/revisions\/37649"}],"wp:featuredmedia":[{"embeddable":true,"href":"https:\/\/buletin.de\/bucuresti\/wp-json\/wp\/v2\/media\/37643"}],"wp:attachment":[{"href":"https:\/\/buletin.de\/bucuresti\/wp-json\/wp\/v2\/media?parent=37642"}],"wp:term":[{"taxonomy":"category","embeddable":true,"href":"https:\/\/buletin.de\/bucuresti\/wp-json\/wp\/v2\/categories?post=37642"},{"taxonomy":"post_tag","embeddable":true,"href":"https:\/\/buletin.de\/bucuresti\/wp-json\/wp\/v2\/tags?post=37642"},{"taxonomy":"author","embeddable":true,"href":"https:\/\/buletin.de\/bucuresti\/wp-json\/wp\/v2\/ppma_author?post=37642"}],"curies":[{"name":"wp","href":"https:\/\/api.w.org\/{rel}","templated":true}]}}