{"id":37572,"date":"2022-01-21T11:39:48","date_gmt":"2022-01-21T09:39:48","guid":{"rendered":"https:\/\/buletin.de\/bucuresti\/?p=37572"},"modified":"2022-01-21T11:40:07","modified_gmt":"2022-01-21T09:40:07","slug":"bucuresti-ilfov-lista-centrelor-de-evaluare-covid","status":"publish","type":"post","link":"https:\/\/buletin.de\/bucuresti\/bucuresti-ilfov-lista-centrelor-de-evaluare-covid\/","title":{"rendered":"Bucure\u0219ti-Ilfov | Lista centrelor de evaluare COVID"},"content":{"rendered":"\n<p class=\"has-light-green-cyan-background-color has-background\">Ministerul S\u0103n\u0103t\u0103\u021bii a publicat, ast\u0103zi, <a href=\"http:\/\/www.ms.ro\/centre-de-evaluare-covid-19\/\">lista centrelor de evaluare Covid<\/a>, opera\u021bionalizate \u00een Bucure\u0219ti \u0219i Ilfov. \u00cen Capital\u0103 sunt 9 centre \u00een care bolnavii COVID cu forme u\u0219oare sau medii pot fi evalua\u021bi \u0219i pot primi tratament, iar \u00een Ilfov 2. Centrele de evaluare au fost \u00eenfiin\u021bate prin Ordin de ministru, la sf\u00e2r\u0219itul anului trecut, pentru a sc\u0103dea presiunea de pe spitale \u00een valul 5. <\/p>\n\n\n\n<p>Conform <a href=\"https:\/\/lege5.ro\/gratuit\/geydkmjrge4tk\/ghidul-de-evaluare-si-tratament-la-nivelul-centrelor-de-evaluare-ordin-86-2022?dp=gq2dimzqgy4tcmi\">legii<\/a>, <em>c<em>entrele de evaluare sunt structuri func\u0163ionale organizate \u00een unit\u0103\u0163i sanitare cu paturi av\u00e2nd ca structur\u0103 minim\u0103: cabinet\/cabinete de consulta\u0163ii, s\u0103li de tratamente, saloane\/rezerve cu minimum 2 paturi pentru spitalizare de zi, spa\u0163ii administrative \u015fi, dup\u0103 caz, laborator de analize medicale \u015fi laborator de radiodiagnostic.<\/em><\/em><\/p>\n\n\n\n<p>\u00cen Capital\u0103 au fost opera\u021bionalizate 9 astfel de centre, dup\u0103 cum urmeaz\u0103:<\/p>\n\n\n\n<p>Spitalul Universitar de Urgenta Militar Central Carol Davila<br>Adresa: Calea Plevnei 134, Bucuresti<br>Program de lucru: 08.00-20.00<br>Telefon: 213356910<\/p>\n\n\n\n<hr class=\"wp-block-separator\"\/>\n\n\n\n<p>Institutul National de Pneumoftiziologie Marius Nasta<br>Adresa: soseaua Viilor 90, Bucuresti<br>Program de lucru:<br>Telefon: 0765712321\/0213356910<\/p>\n\n\n\n<hr class=\"wp-block-separator\"\/>\n\n\n\n<p>Spitalul Clinic de Urgenta Sf Ioan<br>Adresa: soseaua Vitan-Barzesti 13, Bucuresti<br>Program de lucru: permenenta 24h\/7zile<br>Telefon: 0213345190\/1049<\/p>\n\n\n\n<hr class=\"wp-block-separator\"\/>\n\n\n\n<p>Spitalul Clinic N. Malaxa<br>Adresa: soseaua Vergului 12, Bucuresti<br>Program de lucru: luni-vineri 08.00-20.00<br>Telefon: 0733775598\/0212551761<\/p>\n\n\n\n<hr class=\"wp-block-separator\"\/>\n\n\n\n<p>Spitalul Clinic de Boli Infectioase si Tropicale Dr.V.Babes<br>Adresa: Soseaua Mihai Bravu 281, Bucuresti<\/p>\n\n\n\n<p>Program de lucru: permenenta 24h\/7zile<br>Telefon: 0786248657\/0786248654<\/p>\n\n\n\n<p><\/p>\n\n\n\n<hr class=\"wp-block-separator\"\/>\n\n\n\n<p>Spitalul de Urgenta MAI Prof. Dr.Gerota<br>Adresa: Strada Vasile Vasilievici Stroescu, Bucuresti<br>Program de lucru: 08.00-20.00<br>Telefon: 0213037080\/0212523334\/0212523110<\/p>\n\n\n\n<p><\/p>\n\n\n\n<hr class=\"wp-block-separator\"\/>\n\n\n\n<p>Institutul National Boli Infectioase Matei Bals<br>Adresa: Strada Doctor Calistrat Grozovici 1, Bucuresti<br>Judet: Bucuresti<br>Telefon: 212010980<\/p>\n\n\n\n<hr class=\"wp-block-separator\"\/>\n\n\n\n<p>Spitalul Clinic Sf Maria<br>Adresa: Bulevardul Ion Mihalache 37, Bucuresti<br>Program de lucru: 08.00-20.00<br>Telefon: 212223550<\/p>\n\n\n\n<p><\/p>\n\n\n\n<hr class=\"wp-block-separator\"\/>\n\n\n\n<p>Spitalul de Pneumoftiziologie Sf Stefan<br>Adresa: soseaua stefan cel Mare 11, Bucuresti<br>Program de lucru: luni-vineri 08.00-20.00<br>Telefon: 752191881<\/p>\n\n\n\n<hr class=\"wp-block-separator\"\/>\n\n\n\n<p>\u00cen Ilfov au fost \u00eenfiina\u021bate 2 astfel de centre, care nu apar \u00eens\u0103 pe harta MS ci doar pe pagina <a href=\"https:\/\/www.dspilfov.ro\/centre.pdf\">DSP Ilfov<\/a>. <\/p>\n\n\n\n<p>Spitalul Clinic Jude\u021bean de Urgen\u021b\u0103 Ilfov<br>Adresa:  Bucure\u0219ti, Bul. Basarabia, nr. 49-51 <br>Program de lucru: zilnic  07.00-15.00<br>Telefon: 0722210211<\/p>\n\n\n\n<p>Spitalul de Obstetric\u0103-Ginecologie Buftea<br>Adresa:  Buftea, str. Studioului nr. 5 <br>Program de lucru: luni-vineri  08.00-18.00<br>Telefon: 0730073444<\/p>\n\n\n\n<p>A fost publicat \u0219i <strong><a href=\"https:\/\/lege5.ro\/Gratuit\/geydkmjrge4tk\/anexa-nr-7-la-ordinul-nr-434-2021-ordin-86-2022?dp=gq2dimzqgy4tcma\">Ghidul de evaluare \u0219i tratament la nivelul centrelor de evaluare<\/a><\/strong><\/p>\n\n\n\n<p><strong>A. Categorii de poten\u021biali pacien\u021bi care ajung la evaluare1. Pacien\u021bii cu criterii de internare vor fi \u00eendruma\u021bi direct la spital, dup\u0103 evaluare clinic\u0103:<\/strong><\/p>\n\n\n\n<p>\u2014 pacien\u021bii cu necesar de oxigen (forme severe\/critice) cu SaO2 &lt; 94% (pentru cei f\u0103r\u0103 afec\u021biuni pulmonare cronice preexistente) sau SaO2 &lt; 90% la pacien\u021bii cu insuficien\u021b\u0103 respiratorie cronic\u0103;<br>\u2014 pacien\u021bi cu forme non-severe de COVID-19 cu SaO2 \u2265 94%, dar care au indica\u021bie de internare pentru o alt\u0103 afec\u021biune.<\/p>\n\n\n\n<p><strong>2. Pacien\u021bii f\u0103r\u0103 criterii de internare vor fi evalua\u021bi astfel:<\/strong>\u2014 primele 4 zile de boal\u0103 \u2014 pacien\u021bii asimptomatici: se va efectua examen clinic \u0219i vor fi \u00eendruma\u021bi \u00een supravegherea medicului de familie. Aceast\u0103 categorie de pacien\u021bi nu are indica\u021bie de tratament antiviral la momentul evalu\u0103rii;<br>\u2014 primele 4 zile de boal\u0103 \u2014 pacien\u021bii simptomatici: date clinice \u00b1 biologice \u00b1 imagistic\u0103 (\u00een cazul pacien\u021bilor cu simptomatologie de tract respirator inferior);<br>\u2014 din ziua a 5-a de boal\u0103: date clinice, imagistic\u0103 (CT sau Rx torace), biologice, EKG, \u00een func\u021bie de comorbidit\u0103\u021bi.<br>Date clinice: v\u00e2rst\u0103, indice mas\u0103 corporal\u0103, antecedente personale patologice, medica\u021bie pentru afec\u021biuni preexistente, afec\u021biunea actual\u0103 (debut, simptome, tratament).<br>Date biologice: hemogram\u0103, biochimie (glicemie, ALT, AST, uree, creatinin\u0103, proteina C reactiv\u0103), INR; la acestea se adaug\u0103 test de sarcin\u0103 la femeile fertile \u00een cazul necesit\u0103\u021bii prescrierii tratamentului antiviral.<br><\/p>\n\n\n\n<p><strong>B. Situa\u021bii \u00eent\u00e2lnite \u00een evaluarea pacien\u021bilor simptomatici1. La pacien\u021bii cu factori de risc (FR):<\/strong><br>a) primele 4 zile: tratament antiviral (AV) oral;<br>b) \u00een ziua 5:<br>\u2014 pacien\u021bi f\u0103r\u0103 pneumonie: AV oral \u0219i monitorizare;<br>\u2014 pacien\u021bi cu pneumonie: AV oral sau spitalizare pentru AV injectabil*;<br>c) dup\u0103 ziua a 6-a:<br>\u2014 pacien\u021bi f\u0103r\u0103 pneumonie: monitorizare sau indica\u021bie de internare \u00een cazul agrav\u0103rii afec\u021biunii cronice;<br>\u2014 pacien\u021bi cu pneumonie: recomandare de spitalizare pentru AV injectabil*.<strong>2. La pacien\u021bii f\u0103r\u0103 factori de risc (FR):<\/strong>a) primele 5 zile:<br>\u2014 pacien\u021bi f\u0103r\u0103 pneumonie: monitorizare;<br>\u2014 pacien\u021bi cu pneumonie: AV oral;<br>b) dup\u0103 ziua a 6-a:<br>\u2014 pacien\u021bi cu sau f\u0103r\u0103 pneumonie: monitorizare sau spitalizare pentru AV injectabil* (\u00een cazul<br>apari\u021biei unor complica\u021bii \u00een contextul COVID-19).<\/p>\n\n\n\n<p><br><strong>3. La pacien\u021bii afla\u021bi dup\u0103 ziua a 5-a de boal\u0103, cu pneumonie \u0219i proteina C reactiv\u0103 peste 30 mg\/L:<\/strong><br>&#8211; se va recomanda internare \u00een spital.<br><strong>4. Peste 7 zile, alte situa\u021bii: monitorizare p\u00e2n\u0103 la vindecare.<\/strong><br>Spitalizare dac\u0103 nu exist\u0103 alternativ\u0103 utilizabil\u0103 de AV oral sau pneumonie \u00eentins\u0103 sau inflama\u021bie marcat\u0103 sau nu poate fi monitorizat la domiciliu.<\/p>\n\n\n\n<p><strong>C. Factori de risc (FR):<\/strong><\/p>\n\n\n\n<p>\u2014 obezitate (IMC &gt; 30);<br>\u2014 v\u00e2rsta peste 65 de ani;<br>\u2014 patologii cronice preexistente: afec\u021biuni cardiace sau respiratorii cronice, imunodepresii, diabet zaharat, insuficien\u021b\u0103 renal\u0103 cronic\u0103, hepatopatii cronice;<br>\u2014 copiii cu v\u00e2rsta de 12\u201417 ani cu patologii severe asociate.<\/p>\n\n\n\n<p><br>Tratamentul antiviral (AV) oral se va prescrie doar dac\u0103 pacientul nu are contraindica\u021bii.<br>La pacien\u021bii monitoriza\u021bi la domiciliu se vor (re)aminti simptomele de alert\u0103 care s\u0103 necesite solicitarea Serviciului de Ambulan\u021b\u0103 112.<\/p>\n\n\n\n<p><\/p>\n\n\n\n<p><strong>D. Posologie:<\/strong><\/p>\n\n\n\n<p>\u2022 Favipiravir:<br>\u2014 1.600 mg la 12 ore \u00een prima zi, apoi 600 mg la 12 ore, timp de 10\u201414 zile sau<br>\u2014 1.800 mg la 12 ore \u00een prima zi, apoi 800 mg la 12 ore, timp de 10\u201414 zile.<br>\u2022 Molnupiravir (Lagrevio):<br>\u2014 4 capsule a 200 mg x 2\/zi timp de 5 zile (800 mg x 2\/zi)<br>\u2022 Nirmatrelvir\/Ritonavir (Paxlovid):<br>\u2014 Coadministrarea de 2 tablete de nirmatrelvir + 1 tablet\u0103 de ritonavir de 2 ori pe zi, timp de 5 zile.<br><\/p>\n\n\n\n<p><strong>E. Situa\u021bii \u00een care AV orale nu pot fi utilizate<\/strong><\/p>\n\n\n\n<p><strong>\u2022 Favipiravir:<\/strong><br>\u2014 Nu este indicat la copii.<br>\u2014 La paciente din grupe de v\u00e2rst\u0103 fertil\u0103 doar dac\u0103 exist\u0103 testul de sarcin\u0103 negativ \u0219i \u00eentotdeauna asociat cu medica\u021bie contraceptiv\u0103 pe durata tratamentului \u0219i minimum 7 zile dup\u0103 oprirea acestuia.<br>\u2014 Pentru b\u0103rba\u021bi se recomand\u0103 de asemenea utilizarea de metode contraceptive pentru cel pu\u021bin o s\u0103pt\u0103m\u00e2n\u0103 dup\u0103 \u00eencheierea tratamentului cu favipiravir.<br><strong>\u2022 Molnupiravir:<\/strong><br>\u2014 Nu este indicat la pacien\u021bi cu v\u00e2rste sub 18 ani.<br>\u2014 Nu este indicat la gravide \u0219i la femei care al\u0103pteaz\u0103.<br>\u2014 Nu este indicat la pacien\u021bi cu insuficien\u021b\u0103 renal\u0103 sever\u0103.<br>\u2014 Nu este indicat la femei de v\u00e2rst\u0103 fertil\u0103 care nu utilizeaz\u0103 metode de contracep\u021bie eficient\u0103.<br>\u2014 Nu este indicat dup\u0103 a 5-a zi de la debutul clinic al afec\u021biunii.<br><strong>\u2022 Paxlovid (nirmatrelvir\/ritonavir):<\/strong><br>\u2014 Nu este indicat la pacien\u021bi cu v\u00e2rste sub 18 ani.<br>\u2014 Nu este indicat la gravide \u0219i la femei care al\u0103pteaz\u0103.<br>\u2014 Nu este indicat la pacien\u021bi cu insuficien\u021b\u0103 renal\u0103 sau hepatic\u0103 sever\u0103.<br>\u2014 Nu este indicat la pacien\u021bi cu infec\u021bie HIV f\u0103r\u0103 tratament.<br>\u2014 Nu este indicat la pacien\u021bi care utilizeaz\u0103 medicamente care sunt interzise concomitent cu Paxlovid.<br>\u2014 Nu este indicat la femei de v\u00e2rst\u0103 fertil\u0103 care nu utilizeaz\u0103 metode de contracep\u021bie eficient\u0103.<br>\u2014 Aten\u021bie la reducerea efectului paxlovid de c\u0103tre unele medicamente.<br>\u2014 Nu este indicat dup\u0103 a 5-a zi de la debutul clinic al afec\u021biunii.<\/p>\n\n\n\n<p><br>Indica\u021biile celor dou\u0103 tratamente \u0219i posibile interac\u021biuni medicamentoase pot fi consultate aici:<br>1. https:\/\/www.fda.gov\/media\/155054\/download (Molnupiravir)<br>2. https:\/\/www.fda.gov\/media\/155050\/download (Paxlovid)<br>3. https:\/\/www.covid-19-druginteractions.org\/checker (Paxlovid).<\/p>\n","protected":false},"excerpt":{"rendered":"<p>Ministerul S\u0103n\u0103t\u0103\u021bii a publicat, ast\u0103zi, lista centrelor de evaluare Covid, opera\u021bionalizate \u00een Bucure\u0219ti \u0219i Ilfov. \u00cen Capital\u0103 sunt 9 centre \u00een care bolnavii COVID cu forme u\u0219oare sau medii pot fi evalua\u021bi \u0219i pot primi tratament, iar \u00een Ilfov 2. Centrele de evaluare au fost \u00eenfiin\u021bate prin Ordin de ministru, la sf\u00e2r\u0219itul anului trecut, pentru [&hellip;]<\/p>\n","protected":false},"author":18,"featured_media":37579,"comment_status":"closed","ping_status":"open","sticky":false,"template":"","format":"standard","meta":{"_acf_changed":false,"inline_featured_image":false,"ngg_post_thumbnail":0,"footnotes":""},"categories":[62],"tags":[9,3852,820],"ppma_author":[22579],"class_list":["post-37572","post","type-post","status-publish","format-standard","has-post-thumbnail","hentry","category-stiri","tag-bucuresti","tag-centre-de-evaluare","tag-ilfov"],"acf":[],"yoast_head":"<!-- This site is optimized with the Yoast SEO Premium plugin v25.3 (Yoast SEO v27.4) - https:\/\/yoast.com\/product\/yoast-seo-premium-wordpress\/ -->\n<title>Bucure\u0219ti-Ilfov | Lista centrelor de evaluare COVID - Buletin de Bucure\u0219ti<\/title>\n<meta name=\"robots\" content=\"index, follow, max-snippet:-1, max-image-preview:large, max-video-preview:-1\" \/>\n<link rel=\"canonical\" href=\"https:\/\/buletin.de\/bucuresti\/bucuresti-ilfov-lista-centrelor-de-evaluare-covid\/\" \/>\n<meta property=\"og:locale\" content=\"en_GB\" \/>\n<meta property=\"og:type\" content=\"article\" \/>\n<meta property=\"og:title\" content=\"Bucure\u0219ti-Ilfov | Lista centrelor de evaluare COVID\" \/>\n<meta property=\"og:description\" content=\"Ministerul S\u0103n\u0103t\u0103\u021bii a publicat, ast\u0103zi, lista centrelor de evaluare Covid, opera\u021bionalizate \u00een Bucure\u0219ti \u0219i Ilfov. \u00cen Capital\u0103 sunt 9 centre \u00een care bolnavii COVID cu forme u\u0219oare sau medii pot fi evalua\u021bi \u0219i pot primi tratament, iar \u00een Ilfov 2. Centrele de evaluare au fost \u00eenfiin\u021bate prin Ordin de ministru, la sf\u00e2r\u0219itul anului trecut, pentru [&hellip;]\" \/>\n<meta property=\"og:url\" content=\"https:\/\/buletin.de\/bucuresti\/bucuresti-ilfov-lista-centrelor-de-evaluare-covid\/\" \/>\n<meta property=\"og:site_name\" content=\"Buletin de Bucure\u0219ti\" \/>\n<meta property=\"article:publisher\" content=\"https:\/\/www.facebook.com\/buletin.de.buc\" \/>\n<meta property=\"article:published_time\" content=\"2022-01-21T09:39:48+00:00\" \/>\n<meta property=\"article:modified_time\" content=\"2022-01-21T09:40:07+00:00\" \/>\n<meta property=\"og:image\" content=\"https:\/\/buletin.de\/bucuresti\/wp-content\/uploads\/harta-centre.png\" \/>\n\t<meta property=\"og:image:width\" content=\"750\" \/>\n\t<meta property=\"og:image:height\" content=\"512\" \/>\n\t<meta property=\"og:image:type\" content=\"image\/png\" \/>\n<meta name=\"author\" content=\"Teodora Stroe\" \/>\n<meta name=\"twitter:card\" content=\"summary_large_image\" \/>\n<meta name=\"twitter:label1\" content=\"Written by\" \/>\n\t<meta name=\"twitter:data1\" content=\"Teodora Stroe\" \/>\n\t<meta name=\"twitter:label2\" content=\"Estimated reading time\" \/>\n\t<meta name=\"twitter:data2\" content=\"5 minutes\" \/>\n<script type=\"application\/ld+json\" class=\"yoast-schema-graph\">{\"@context\":\"https:\\\/\\\/schema.org\",\"@graph\":[{\"@type\":\"Article\",\"@id\":\"https:\\\/\\\/buletin.de\\\/bucuresti\\\/bucuresti-ilfov-lista-centrelor-de-evaluare-covid\\\/#article\",\"isPartOf\":{\"@id\":\"https:\\\/\\\/buletin.de\\\/bucuresti\\\/bucuresti-ilfov-lista-centrelor-de-evaluare-covid\\\/\"},\"author\":{\"name\":\"Teodora Stroe\",\"@id\":\"https:\\\/\\\/buletin.de\\\/bucuresti\\\/#\\\/schema\\\/person\\\/d369d7ddc775abece205795e0b804614\"},\"headline\":\"Bucure\u0219ti-Ilfov | Lista centrelor de evaluare COVID\",\"datePublished\":\"2022-01-21T09:39:48+00:00\",\"dateModified\":\"2022-01-21T09:40:07+00:00\",\"mainEntityOfPage\":{\"@id\":\"https:\\\/\\\/buletin.de\\\/bucuresti\\\/bucuresti-ilfov-lista-centrelor-de-evaluare-covid\\\/\"},\"wordCount\":1174,\"publisher\":{\"@id\":\"https:\\\/\\\/buletin.de\\\/bucuresti\\\/#organization\"},\"image\":{\"@id\":\"https:\\\/\\\/buletin.de\\\/bucuresti\\\/bucuresti-ilfov-lista-centrelor-de-evaluare-covid\\\/#primaryimage\"},\"thumbnailUrl\":\"https:\\\/\\\/buletin.de\\\/bucuresti\\\/wp-content\\\/uploads\\\/harta-centre.png\",\"keywords\":[\"bucuresti\",\"centre de evaluare\",\"Ilfov\"],\"articleSection\":[\"\u0218tiri\"],\"inLanguage\":\"en-GB\",\"copyrightYear\":\"2022\",\"copyrightHolder\":{\"@id\":\"https:\\\/\\\/buletin.de\\\/bucuresti\\\/#organization\"}},{\"@type\":\"WebPage\",\"@id\":\"https:\\\/\\\/buletin.de\\\/bucuresti\\\/bucuresti-ilfov-lista-centrelor-de-evaluare-covid\\\/\",\"url\":\"https:\\\/\\\/buletin.de\\\/bucuresti\\\/bucuresti-ilfov-lista-centrelor-de-evaluare-covid\\\/\",\"name\":\"Bucure\u0219ti-Ilfov | Lista centrelor de evaluare COVID - Buletin de Bucure\u0219ti\",\"isPartOf\":{\"@id\":\"https:\\\/\\\/buletin.de\\\/bucuresti\\\/#website\"},\"primaryImageOfPage\":{\"@id\":\"https:\\\/\\\/buletin.de\\\/bucuresti\\\/bucuresti-ilfov-lista-centrelor-de-evaluare-covid\\\/#primaryimage\"},\"image\":{\"@id\":\"https:\\\/\\\/buletin.de\\\/bucuresti\\\/bucuresti-ilfov-lista-centrelor-de-evaluare-covid\\\/#primaryimage\"},\"thumbnailUrl\":\"https:\\\/\\\/buletin.de\\\/bucuresti\\\/wp-content\\\/uploads\\\/harta-centre.png\",\"datePublished\":\"2022-01-21T09:39:48+00:00\",\"dateModified\":\"2022-01-21T09:40:07+00:00\",\"breadcrumb\":{\"@id\":\"https:\\\/\\\/buletin.de\\\/bucuresti\\\/bucuresti-ilfov-lista-centrelor-de-evaluare-covid\\\/#breadcrumb\"},\"inLanguage\":\"en-GB\",\"potentialAction\":[{\"@type\":\"ReadAction\",\"target\":[\"https:\\\/\\\/buletin.de\\\/bucuresti\\\/bucuresti-ilfov-lista-centrelor-de-evaluare-covid\\\/\"]}]},{\"@type\":\"ImageObject\",\"inLanguage\":\"en-GB\",\"@id\":\"https:\\\/\\\/buletin.de\\\/bucuresti\\\/bucuresti-ilfov-lista-centrelor-de-evaluare-covid\\\/#primaryimage\",\"url\":\"https:\\\/\\\/buletin.de\\\/bucuresti\\\/wp-content\\\/uploads\\\/harta-centre.png\",\"contentUrl\":\"https:\\\/\\\/buletin.de\\\/bucuresti\\\/wp-content\\\/uploads\\\/harta-centre.png\",\"width\":750,\"height\":512},{\"@type\":\"BreadcrumbList\",\"@id\":\"https:\\\/\\\/buletin.de\\\/bucuresti\\\/bucuresti-ilfov-lista-centrelor-de-evaluare-covid\\\/#breadcrumb\",\"itemListElement\":[{\"@type\":\"ListItem\",\"position\":1,\"name\":\"Acas\u0103\",\"item\":\"https:\\\/\\\/buletin.de\\\/bucuresti\\\/\"},{\"@type\":\"ListItem\",\"position\":2,\"name\":\"Bucure\u0219ti-Ilfov | Lista centrelor de evaluare COVID\"}]},{\"@type\":\"WebSite\",\"@id\":\"https:\\\/\\\/buletin.de\\\/bucuresti\\\/#website\",\"url\":\"https:\\\/\\\/buletin.de\\\/bucuresti\\\/\",\"name\":\"Buletin de Bucure\u0219ti\",\"description\":\"\u0218tiri \u0219i investiga\u021bii esen\u021biale din capital\u0103\",\"publisher\":{\"@id\":\"https:\\\/\\\/buletin.de\\\/bucuresti\\\/#organization\"},\"potentialAction\":[{\"@type\":\"SearchAction\",\"target\":{\"@type\":\"EntryPoint\",\"urlTemplate\":\"https:\\\/\\\/buletin.de\\\/bucuresti\\\/?s={search_term_string}\"},\"query-input\":{\"@type\":\"PropertyValueSpecification\",\"valueRequired\":true,\"valueName\":\"search_term_string\"}}],\"inLanguage\":\"en-GB\"},{\"@type\":\"Organization\",\"@id\":\"https:\\\/\\\/buletin.de\\\/bucuresti\\\/#organization\",\"name\":\"Buletin de Bucure\u0219ti\",\"url\":\"https:\\\/\\\/buletin.de\\\/bucuresti\\\/\",\"logo\":{\"@type\":\"ImageObject\",\"inLanguage\":\"en-GB\",\"@id\":\"https:\\\/\\\/buletin.de\\\/bucuresti\\\/#\\\/schema\\\/logo\\\/image\\\/\",\"url\":\"https:\\\/\\\/buletin.de\\\/bucuresti\\\/wp-content\\\/uploads\\\/logo-bdb-full-wide-vernil-transparent.png\",\"contentUrl\":\"https:\\\/\\\/buletin.de\\\/bucuresti\\\/wp-content\\\/uploads\\\/logo-bdb-full-wide-vernil-transparent.png\",\"width\":1782,\"height\":626,\"caption\":\"Buletin de Bucure\u0219ti\"},\"image\":{\"@id\":\"https:\\\/\\\/buletin.de\\\/bucuresti\\\/#\\\/schema\\\/logo\\\/image\\\/\"},\"sameAs\":[\"https:\\\/\\\/www.facebook.com\\\/buletin.de.buc\",\"https:\\\/\\\/www.instagram.com\\\/buletinde.bucuresti\\\/\"]},{\"@type\":\"Person\",\"@id\":\"https:\\\/\\\/buletin.de\\\/bucuresti\\\/#\\\/schema\\\/person\\\/d369d7ddc775abece205795e0b804614\",\"name\":\"Teodora Stroe\",\"image\":{\"@type\":\"ImageObject\",\"inLanguage\":\"en-GB\",\"@id\":\"https:\\\/\\\/secure.gravatar.com\\\/avatar\\\/2560b4cd9f5f1bc100b123158e657d75584bd1c3e1d9c69285720b9457c1b78d?s=96&d=monsterid&r=gc104800242ba5f2d78dd5d7dc4df08b6\",\"url\":\"https:\\\/\\\/secure.gravatar.com\\\/avatar\\\/2560b4cd9f5f1bc100b123158e657d75584bd1c3e1d9c69285720b9457c1b78d?s=96&d=monsterid&r=g\",\"contentUrl\":\"https:\\\/\\\/secure.gravatar.com\\\/avatar\\\/2560b4cd9f5f1bc100b123158e657d75584bd1c3e1d9c69285720b9457c1b78d?s=96&d=monsterid&r=g\",\"caption\":\"Teodora Stroe\"},\"url\":\"https:\\\/\\\/buletin.de\\\/bucuresti\\\/author\\\/simonacarlugea\\\/\"}]}<\/script>\n<!-- \/ Yoast SEO Premium plugin. -->","yoast_head_json":{"title":"Bucure\u0219ti-Ilfov | Lista centrelor de evaluare COVID - Buletin de Bucure\u0219ti","robots":{"index":"index","follow":"follow","max-snippet":"max-snippet:-1","max-image-preview":"max-image-preview:large","max-video-preview":"max-video-preview:-1"},"canonical":"https:\/\/buletin.de\/bucuresti\/bucuresti-ilfov-lista-centrelor-de-evaluare-covid\/","og_locale":"en_GB","og_type":"article","og_title":"Bucure\u0219ti-Ilfov | Lista centrelor de evaluare COVID","og_description":"Ministerul S\u0103n\u0103t\u0103\u021bii a publicat, ast\u0103zi, lista centrelor de evaluare Covid, opera\u021bionalizate \u00een Bucure\u0219ti \u0219i Ilfov. \u00cen Capital\u0103 sunt 9 centre \u00een care bolnavii COVID cu forme u\u0219oare sau medii pot fi evalua\u021bi \u0219i pot primi tratament, iar \u00een Ilfov 2. Centrele de evaluare au fost \u00eenfiin\u021bate prin Ordin de ministru, la sf\u00e2r\u0219itul anului trecut, pentru [&hellip;]","og_url":"https:\/\/buletin.de\/bucuresti\/bucuresti-ilfov-lista-centrelor-de-evaluare-covid\/","og_site_name":"Buletin de Bucure\u0219ti","article_publisher":"https:\/\/www.facebook.com\/buletin.de.buc","article_published_time":"2022-01-21T09:39:48+00:00","article_modified_time":"2022-01-21T09:40:07+00:00","og_image":[{"width":750,"height":512,"url":"https:\/\/buletin.de\/bucuresti\/wp-content\/uploads\/harta-centre.png","type":"image\/png"}],"author":"Teodora Stroe","twitter_card":"summary_large_image","twitter_misc":{"Written by":"Teodora Stroe","Estimated reading time":"5 minutes"},"schema":{"@context":"https:\/\/schema.org","@graph":[{"@type":"Article","@id":"https:\/\/buletin.de\/bucuresti\/bucuresti-ilfov-lista-centrelor-de-evaluare-covid\/#article","isPartOf":{"@id":"https:\/\/buletin.de\/bucuresti\/bucuresti-ilfov-lista-centrelor-de-evaluare-covid\/"},"author":{"name":"Teodora Stroe","@id":"https:\/\/buletin.de\/bucuresti\/#\/schema\/person\/d369d7ddc775abece205795e0b804614"},"headline":"Bucure\u0219ti-Ilfov | Lista centrelor de evaluare COVID","datePublished":"2022-01-21T09:39:48+00:00","dateModified":"2022-01-21T09:40:07+00:00","mainEntityOfPage":{"@id":"https:\/\/buletin.de\/bucuresti\/bucuresti-ilfov-lista-centrelor-de-evaluare-covid\/"},"wordCount":1174,"publisher":{"@id":"https:\/\/buletin.de\/bucuresti\/#organization"},"image":{"@id":"https:\/\/buletin.de\/bucuresti\/bucuresti-ilfov-lista-centrelor-de-evaluare-covid\/#primaryimage"},"thumbnailUrl":"https:\/\/buletin.de\/bucuresti\/wp-content\/uploads\/harta-centre.png","keywords":["bucuresti","centre de evaluare","Ilfov"],"articleSection":["\u0218tiri"],"inLanguage":"en-GB","copyrightYear":"2022","copyrightHolder":{"@id":"https:\/\/buletin.de\/bucuresti\/#organization"}},{"@type":"WebPage","@id":"https:\/\/buletin.de\/bucuresti\/bucuresti-ilfov-lista-centrelor-de-evaluare-covid\/","url":"https:\/\/buletin.de\/bucuresti\/bucuresti-ilfov-lista-centrelor-de-evaluare-covid\/","name":"Bucure\u0219ti-Ilfov | Lista centrelor de evaluare COVID - Buletin de Bucure\u0219ti","isPartOf":{"@id":"https:\/\/buletin.de\/bucuresti\/#website"},"primaryImageOfPage":{"@id":"https:\/\/buletin.de\/bucuresti\/bucuresti-ilfov-lista-centrelor-de-evaluare-covid\/#primaryimage"},"image":{"@id":"https:\/\/buletin.de\/bucuresti\/bucuresti-ilfov-lista-centrelor-de-evaluare-covid\/#primaryimage"},"thumbnailUrl":"https:\/\/buletin.de\/bucuresti\/wp-content\/uploads\/harta-centre.png","datePublished":"2022-01-21T09:39:48+00:00","dateModified":"2022-01-21T09:40:07+00:00","breadcrumb":{"@id":"https:\/\/buletin.de\/bucuresti\/bucuresti-ilfov-lista-centrelor-de-evaluare-covid\/#breadcrumb"},"inLanguage":"en-GB","potentialAction":[{"@type":"ReadAction","target":["https:\/\/buletin.de\/bucuresti\/bucuresti-ilfov-lista-centrelor-de-evaluare-covid\/"]}]},{"@type":"ImageObject","inLanguage":"en-GB","@id":"https:\/\/buletin.de\/bucuresti\/bucuresti-ilfov-lista-centrelor-de-evaluare-covid\/#primaryimage","url":"https:\/\/buletin.de\/bucuresti\/wp-content\/uploads\/harta-centre.png","contentUrl":"https:\/\/buletin.de\/bucuresti\/wp-content\/uploads\/harta-centre.png","width":750,"height":512},{"@type":"BreadcrumbList","@id":"https:\/\/buletin.de\/bucuresti\/bucuresti-ilfov-lista-centrelor-de-evaluare-covid\/#breadcrumb","itemListElement":[{"@type":"ListItem","position":1,"name":"Acas\u0103","item":"https:\/\/buletin.de\/bucuresti\/"},{"@type":"ListItem","position":2,"name":"Bucure\u0219ti-Ilfov | Lista centrelor de evaluare COVID"}]},{"@type":"WebSite","@id":"https:\/\/buletin.de\/bucuresti\/#website","url":"https:\/\/buletin.de\/bucuresti\/","name":"Buletin de Bucure\u0219ti","description":"\u0218tiri \u0219i investiga\u021bii esen\u021biale din capital\u0103","publisher":{"@id":"https:\/\/buletin.de\/bucuresti\/#organization"},"potentialAction":[{"@type":"SearchAction","target":{"@type":"EntryPoint","urlTemplate":"https:\/\/buletin.de\/bucuresti\/?s={search_term_string}"},"query-input":{"@type":"PropertyValueSpecification","valueRequired":true,"valueName":"search_term_string"}}],"inLanguage":"en-GB"},{"@type":"Organization","@id":"https:\/\/buletin.de\/bucuresti\/#organization","name":"Buletin de Bucure\u0219ti","url":"https:\/\/buletin.de\/bucuresti\/","logo":{"@type":"ImageObject","inLanguage":"en-GB","@id":"https:\/\/buletin.de\/bucuresti\/#\/schema\/logo\/image\/","url":"https:\/\/buletin.de\/bucuresti\/wp-content\/uploads\/logo-bdb-full-wide-vernil-transparent.png","contentUrl":"https:\/\/buletin.de\/bucuresti\/wp-content\/uploads\/logo-bdb-full-wide-vernil-transparent.png","width":1782,"height":626,"caption":"Buletin de Bucure\u0219ti"},"image":{"@id":"https:\/\/buletin.de\/bucuresti\/#\/schema\/logo\/image\/"},"sameAs":["https:\/\/www.facebook.com\/buletin.de.buc","https:\/\/www.instagram.com\/buletinde.bucuresti\/"]},{"@type":"Person","@id":"https:\/\/buletin.de\/bucuresti\/#\/schema\/person\/d369d7ddc775abece205795e0b804614","name":"Teodora Stroe","image":{"@type":"ImageObject","inLanguage":"en-GB","@id":"https:\/\/secure.gravatar.com\/avatar\/2560b4cd9f5f1bc100b123158e657d75584bd1c3e1d9c69285720b9457c1b78d?s=96&d=monsterid&r=gc104800242ba5f2d78dd5d7dc4df08b6","url":"https:\/\/secure.gravatar.com\/avatar\/2560b4cd9f5f1bc100b123158e657d75584bd1c3e1d9c69285720b9457c1b78d?s=96&d=monsterid&r=g","contentUrl":"https:\/\/secure.gravatar.com\/avatar\/2560b4cd9f5f1bc100b123158e657d75584bd1c3e1d9c69285720b9457c1b78d?s=96&d=monsterid&r=g","caption":"Teodora Stroe"},"url":"https:\/\/buletin.de\/bucuresti\/author\/simonacarlugea\/"}]}},"authors":[{"term_id":22579,"user_id":18,"is_guest":0,"slug":"simonacarlugea","display_name":"Teodora Stroe","avatar_url":"https:\/\/secure.gravatar.com\/avatar\/2560b4cd9f5f1bc100b123158e657d75584bd1c3e1d9c69285720b9457c1b78d?s=96&d=monsterid&r=g","0":null,"1":"","2":"","3":"","4":"","5":"","6":"","7":"","8":""}],"_links":{"self":[{"href":"https:\/\/buletin.de\/bucuresti\/wp-json\/wp\/v2\/posts\/37572","targetHints":{"allow":["GET"]}}],"collection":[{"href":"https:\/\/buletin.de\/bucuresti\/wp-json\/wp\/v2\/posts"}],"about":[{"href":"https:\/\/buletin.de\/bucuresti\/wp-json\/wp\/v2\/types\/post"}],"author":[{"embeddable":true,"href":"https:\/\/buletin.de\/bucuresti\/wp-json\/wp\/v2\/users\/18"}],"replies":[{"embeddable":true,"href":"https:\/\/buletin.de\/bucuresti\/wp-json\/wp\/v2\/comments?post=37572"}],"version-history":[{"count":6,"href":"https:\/\/buletin.de\/bucuresti\/wp-json\/wp\/v2\/posts\/37572\/revisions"}],"predecessor-version":[{"id":37580,"href":"https:\/\/buletin.de\/bucuresti\/wp-json\/wp\/v2\/posts\/37572\/revisions\/37580"}],"wp:featuredmedia":[{"embeddable":true,"href":"https:\/\/buletin.de\/bucuresti\/wp-json\/wp\/v2\/media\/37579"}],"wp:attachment":[{"href":"https:\/\/buletin.de\/bucuresti\/wp-json\/wp\/v2\/media?parent=37572"}],"wp:term":[{"taxonomy":"category","embeddable":true,"href":"https:\/\/buletin.de\/bucuresti\/wp-json\/wp\/v2\/categories?post=37572"},{"taxonomy":"post_tag","embeddable":true,"href":"https:\/\/buletin.de\/bucuresti\/wp-json\/wp\/v2\/tags?post=37572"},{"taxonomy":"author","embeddable":true,"href":"https:\/\/buletin.de\/bucuresti\/wp-json\/wp\/v2\/ppma_author?post=37572"}],"curies":[{"name":"wp","href":"https:\/\/api.w.org\/{rel}","templated":true}]}}