{"id":37563,"date":"2022-01-21T10:56:16","date_gmt":"2022-01-21T08:56:16","guid":{"rendered":"https:\/\/buletin.de\/bucuresti\/?p=37563"},"modified":"2022-01-21T10:58:34","modified_gmt":"2022-01-21T08:58:34","slug":"parchetul-ancheteaza-greva-de-la-stb-nicusor-dan-cere-psd-sa-se-pronunte-in-cazul-grevei","status":"publish","type":"post","link":"https:\/\/buletin.de\/bucuresti\/parchetul-ancheteaza-greva-de-la-stb-nicusor-dan-cere-psd-sa-se-pronunte-in-cazul-grevei\/","title":{"rendered":"Parchetul ancheteaz\u0103 greva de la STB. Nicu\u0219or Dan cere PSD s\u0103 se pronun\u021be \u00een cazul grevei"},"content":{"rendered":"\n<p><strong><strong>Greva \u0219oferilor STB continu\u0103 \u0219i azi. Autobuzele, tramvaiele \u0219i troleibuzele nu circul\u0103, de\u0219i instan\u021ba a dispus ca \u00eencep\u00e2nd de ieri, ora 14:00, transportul de suprafa\u021b\u0103 din Capital\u0103 s\u0103 fie reluat. Nicu\u0219or Dan consider\u0103 c\u0103 aceast\u0103 grev\u0103 este ira\u021bional\u0103 pentru c\u0103 angaja\u021bii STB risc\u0103 pierderea contractului de munc\u0103 \u0219i condamnarea penal\u0103. Mai mult, edilul Capitalei a cerut Partidului Social Democrat s\u0103 retrag\u0103 sus\u021binerea \u0219efului de sindicat \u0219i consilierului general, Vasile Petrariu sau sus\u021bine greva. \u00cen acela\u0219i timp, <strong>Procurorii Parchetului Judec\u0103toriei Sectorului 3 au deschis un dosar penal cu privire la greva STB.<\/strong><\/strong><\/strong><\/p>\n\n\n\n<blockquote class=\"wp-block-quote is-layout-flow wp-block-quote-is-layout-flow\"><p>Executorii judec\u0103tore\u0219ti au afi\u0219at decizia la autobaze. Cine nu aplic\u0103 o decizie judec\u0103toreasc\u0103 executorie s\u0103v\u00e2r\u0219e\u0219te o infrac\u021biune. Probabil p\u00e2n\u0103 la amiaz\u0103, oficial, to\u021bi angaja\u021bii STB vor avea la cuno\u0219tin\u021b\u0103 hot\u0103r\u00e2rea de ieri. Avem de-a face cu o manifestare total ira\u021bional\u0103.&nbsp;<strong>S\u0103 nu reiei lucrul risc\u00e2nd pierderea contractului de munc\u0103 \u0219i condamnarea penal\u0103 e o atitudine ira\u021bional\u0103.<\/strong><\/p><cite>A declarat Nicu\u0219or Dan, primarul Bucure\u0219tiului<\/cite><\/blockquote>\n\n\n\n<figure class=\"wp-block-image size-full\"><img fetchpriority=\"high\" decoding=\"async\" width=\"302\" height=\"403\" src=\"data:image\/gif;base64,R0lGODlhAQABAAAAACH5BAEKAAEALAAAAAABAAEAAAICTAEAOw==\" data-src=\"https:\/\/buletin.de\/bucuresti\/wp-content\/uploads\/270265966_646456129728732_6379869672280683015_n.jpg\" alt=\"\" class=\"wp-image-37564 lazyload\" data-sizes=\"auto\" data-srcset=\"https:\/\/buletin.de\/bucuresti\/wp-content\/uploads\/270265966_646456129728732_6379869672280683015_n.jpg 302w, https:\/\/buletin.de\/bucuresti\/wp-content\/uploads\/270265966_646456129728732_6379869672280683015_n-225x300.jpg 225w\" sizes=\"(max-width: 302px) 100vw, 302px\" \/><figcaption>Depoul Dude\u0219ti, \u00een aceast\u0103 diminea\u021b\u0103 &#8211; angaja\u021bii STB cer demisia directorului societ\u0103\u021bii de transport<\/figcaption><\/figure>\n\n\n\n<blockquote class=\"wp-block-quote is-layout-flow wp-block-quote-is-layout-flow\"><p>Primarul Bucure\u0219tiului a cerut PSD s\u0103 aleag\u0103 o \u201etab\u0103r\u0103\u201d, fie sus\u021bin c\u0103 sunt de acord cu greva \u0219oferilor, fie retrag sprijinul \u0219efului de sindicat \u0219i consilierului general, Vasile Petrariu, pe care-l consider\u0103 principalul vinovat pentru greva de la STB. <\/p><p>Al treilea aspect &#8211; c<strong>er PSD s\u0103 se pronun\u021be. Pentru c\u0103 avem o grev\u0103 care paralizeaz\u0103 Bucure\u0219tiul organizat\u0103 de un consilier general PSD, care \u0219i-a c\u00e2\u0219tigat mandatul pe lista PSD, a\u0219a c\u0103 cer PSD s\u0103 se pronun\u021be &#8211; fie sus\u021bine aceast\u0103 manifesta\u021bie, fie retrage sprijinul politic al lui Petrariu care a organizat aceast\u0103 grev\u0103<\/strong>.  <\/p><cite>  A declarat Nicu\u0219or Dan, primarul Bucure\u0219tiului, \u00eentr-o conferin\u021b\u0103 de pres\u0103 pe tema grevei \u0219oferilor STB   <\/cite><\/blockquote>\n\n\n\n<p>Nicu\u0219or Dan anun\u021b\u0103 \u0219i c\u0103 i-a convocat, la ora 12:00, la sediul PMB pe \u0219efii de autobaze \u0219i depouri, membri din conducerea STB \u0219i din conducerea sindicatului pentru discu\u021bii. <\/p>\n\n\n\n<blockquote class=\"wp-block-quote is-layout-flow wp-block-quote-is-layout-flow\"><p>Azi, la 12, i-am convocat la sediul prim\u0103riei pe \u0219efii de autobaze \u0219i depouri &#8211; 20 de persoane &#8211; membri \u00een conducerea STB \u0219i membri de sindicat &#8211; pentru dou\u0103 motive: s\u0103 le transmit prin ei angaja\u021bilor STB decizia noastr\u0103 de a merge \u00eenainte \u00een aplicarea legii \u0219i s\u0103 \u00een\u021beleg ce probleme pot fi rezolvate. Esen\u021bial e ca noi s\u0103 respect\u0103m legea \u00een statul rom\u00e2n. Tot ce putem face sunt gesturi \u0219i ac\u021biuni rezonabile \u0219i ra\u021bionale \u00een care s\u0103 explic\u0103m situa\u021bia \u00een care ne g\u0103sim. Nu pot eu r\u0103spunde pentru un gest ira\u021bional. <\/p><cite>A completat Nicu\u0219or Dan <\/cite><\/blockquote>\n\n\n\n<p>Parchetul de pe l\u00e2ng\u0103 Judec\u0103toria Sector 3 a anun\u021bat deschiderea unui dosar, in rem, de cercetare \u00een cazul grevei STB. <\/p>\n\n\n\n<p><em>Av\u00e2nd \u00een vedere protestul organizat de c\u0103tre angaja\u021bi ai Societ\u0103\u021bii de Transport Bucure\u0219ti, Direc\u021bia General\u0103 de Poli\u0163ie a Municipiului Bucure\u0219ti &#8211; Brigada de Poli\u021bie pentru Transportul Public s-a sesizat din oficiu, ieri, 20 ianuarie, cu privire la s\u0103v\u00e2r\u0219irea infrac\u021biunii de declararea grevei de c\u0103tre organizatori cu \u00eenc\u0103lcarea condi\u021biilor prevazute de lege (Legea dialogului social &#8211; nr 62 din 2011). Cercet\u0103rile sunt efectuate sub supravegherea Parchetului de pe l\u00e2ng\u0103 Judec\u0103toria Sectorului 3.<br>Acelea\u0219i aspecte fac obiectul unei pl\u00e2ngeri penale transmis\u0103 de c\u0103tre Societatea de Transport Bucure\u0219ti c\u0103tre unitatea de parchet men\u021bionat\u0103, Parchetul de pe l\u00e2ng\u0103 Judec\u0103toria Sectorului 3<\/em> &#8211; comunicat Poli\u021bia Capitalei. <\/p>\n\n\n\n<p>Surs\u0103 Foto: Facebook\/PMB <\/p>\n","protected":false},"excerpt":{"rendered":"<p>Greva \u0219oferilor STB continu\u0103 \u0219i azi. Autobuzele, tramvaiele \u0219i troleibuzele nu circul\u0103, de\u0219i instan\u021ba a dispus ca \u00eencep\u00e2nd de ieri, ora 14:00, transportul de suprafa\u021b\u0103 din Capital\u0103 s\u0103 fie reluat. Nicu\u0219or Dan consider\u0103 c\u0103 aceast\u0103 grev\u0103 este ira\u021bional\u0103 pentru c\u0103 angaja\u021bii STB risc\u0103 pierderea contractului de munc\u0103 \u0219i condamnarea penal\u0103. Mai mult, edilul Capitalei a [&hellip;]<\/p>\n","protected":false},"author":17,"featured_media":33535,"comment_status":"closed","ping_status":"open","sticky":false,"template":"","format":"standard","meta":{"_acf_changed":false,"inline_featured_image":false,"ngg_post_thumbnail":0,"footnotes":""},"categories":[3419],"tags":[],"ppma_author":[22576],"class_list":["post-37563","post","type-post","status-publish","format-standard","has-post-thumbnail","hentry","category-featured"],"acf":[],"yoast_head":"<!-- This site is optimized with the Yoast SEO Premium plugin v25.3 (Yoast SEO v27.4) - https:\/\/yoast.com\/product\/yoast-seo-premium-wordpress\/ -->\n<title>Parchetul ancheteaz\u0103 greva de la STB. Nicu\u0219or Dan cere PSD s\u0103 se pronun\u021be \u00een cazul grevei - Buletin de Bucure\u0219ti<\/title>\n<meta name=\"robots\" content=\"index, follow, max-snippet:-1, max-image-preview:large, max-video-preview:-1\" \/>\n<link rel=\"canonical\" href=\"https:\/\/buletin.de\/bucuresti\/parchetul-ancheteaza-greva-de-la-stb-nicusor-dan-cere-psd-sa-se-pronunte-in-cazul-grevei\/\" \/>\n<meta property=\"og:locale\" content=\"en_GB\" \/>\n<meta property=\"og:type\" content=\"article\" \/>\n<meta property=\"og:title\" content=\"Parchetul ancheteaz\u0103 greva de la STB. Nicu\u0219or Dan cere PSD s\u0103 se pronun\u021be \u00een cazul grevei\" \/>\n<meta property=\"og:description\" content=\"Greva \u0219oferilor STB continu\u0103 \u0219i azi. Autobuzele, tramvaiele \u0219i troleibuzele nu circul\u0103, de\u0219i instan\u021ba a dispus ca \u00eencep\u00e2nd de ieri, ora 14:00, transportul de suprafa\u021b\u0103 din Capital\u0103 s\u0103 fie reluat. Nicu\u0219or Dan consider\u0103 c\u0103 aceast\u0103 grev\u0103 este ira\u021bional\u0103 pentru c\u0103 angaja\u021bii STB risc\u0103 pierderea contractului de munc\u0103 \u0219i condamnarea penal\u0103. Mai mult, edilul Capitalei a [&hellip;]\" \/>\n<meta property=\"og:url\" content=\"https:\/\/buletin.de\/bucuresti\/parchetul-ancheteaza-greva-de-la-stb-nicusor-dan-cere-psd-sa-se-pronunte-in-cazul-grevei\/\" \/>\n<meta property=\"og:site_name\" content=\"Buletin de Bucure\u0219ti\" \/>\n<meta property=\"article:publisher\" content=\"https:\/\/www.facebook.com\/buletin.de.buc\" \/>\n<meta property=\"article:published_time\" content=\"2022-01-21T08:56:16+00:00\" \/>\n<meta property=\"article:modified_time\" content=\"2022-01-21T08:58:34+00:00\" \/>\n<meta property=\"og:image\" content=\"https:\/\/buletin.de\/bucuresti\/wp-content\/uploads\/nicusor-dan-pret-gigacalorie-conferinta.jpg\" \/>\n\t<meta property=\"og:image:width\" content=\"1920\" \/>\n\t<meta property=\"og:image:height\" content=\"1080\" \/>\n\t<meta property=\"og:image:type\" content=\"image\/jpeg\" \/>\n<meta name=\"author\" content=\"Florin R\u00e2\u0219teiu\" \/>\n<meta name=\"twitter:card\" content=\"summary_large_image\" \/>\n<meta name=\"twitter:label1\" content=\"Written by\" \/>\n\t<meta name=\"twitter:data1\" content=\"Florin R\u00e2\u0219teiu\" \/>\n\t<meta name=\"twitter:label2\" content=\"Estimated reading time\" \/>\n\t<meta name=\"twitter:data2\" content=\"3 minutes\" \/>\n<script type=\"application\/ld+json\" class=\"yoast-schema-graph\">{\"@context\":\"https:\\\/\\\/schema.org\",\"@graph\":[{\"@type\":\"Article\",\"@id\":\"https:\\\/\\\/buletin.de\\\/bucuresti\\\/parchetul-ancheteaza-greva-de-la-stb-nicusor-dan-cere-psd-sa-se-pronunte-in-cazul-grevei\\\/#article\",\"isPartOf\":{\"@id\":\"https:\\\/\\\/buletin.de\\\/bucuresti\\\/parchetul-ancheteaza-greva-de-la-stb-nicusor-dan-cere-psd-sa-se-pronunte-in-cazul-grevei\\\/\"},\"author\":{\"name\":\"Florin R\u00e2\u0219teiu\",\"@id\":\"https:\\\/\\\/buletin.de\\\/bucuresti\\\/#\\\/schema\\\/person\\\/b0686d7a8b666c6afc78239777fd8a89\"},\"headline\":\"Parchetul ancheteaz\u0103 greva de la STB. Nicu\u0219or Dan cere PSD s\u0103 se pronun\u021be \u00een cazul grevei\",\"datePublished\":\"2022-01-21T08:56:16+00:00\",\"dateModified\":\"2022-01-21T08:58:34+00:00\",\"mainEntityOfPage\":{\"@id\":\"https:\\\/\\\/buletin.de\\\/bucuresti\\\/parchetul-ancheteaza-greva-de-la-stb-nicusor-dan-cere-psd-sa-se-pronunte-in-cazul-grevei\\\/\"},\"wordCount\":626,\"publisher\":{\"@id\":\"https:\\\/\\\/buletin.de\\\/bucuresti\\\/#organization\"},\"image\":{\"@id\":\"https:\\\/\\\/buletin.de\\\/bucuresti\\\/parchetul-ancheteaza-greva-de-la-stb-nicusor-dan-cere-psd-sa-se-pronunte-in-cazul-grevei\\\/#primaryimage\"},\"thumbnailUrl\":\"https:\\\/\\\/buletin.de\\\/bucuresti\\\/wp-content\\\/uploads\\\/nicusor-dan-pret-gigacalorie-conferinta.jpg\",\"articleSection\":[\"Featured\"],\"inLanguage\":\"en-GB\",\"copyrightYear\":\"2022\",\"copyrightHolder\":{\"@id\":\"https:\\\/\\\/buletin.de\\\/bucuresti\\\/#organization\"}},{\"@type\":\"WebPage\",\"@id\":\"https:\\\/\\\/buletin.de\\\/bucuresti\\\/parchetul-ancheteaza-greva-de-la-stb-nicusor-dan-cere-psd-sa-se-pronunte-in-cazul-grevei\\\/\",\"url\":\"https:\\\/\\\/buletin.de\\\/bucuresti\\\/parchetul-ancheteaza-greva-de-la-stb-nicusor-dan-cere-psd-sa-se-pronunte-in-cazul-grevei\\\/\",\"name\":\"Parchetul ancheteaz\u0103 greva de la STB. Nicu\u0219or Dan cere PSD s\u0103 se pronun\u021be \u00een cazul grevei - Buletin de Bucure\u0219ti\",\"isPartOf\":{\"@id\":\"https:\\\/\\\/buletin.de\\\/bucuresti\\\/#website\"},\"primaryImageOfPage\":{\"@id\":\"https:\\\/\\\/buletin.de\\\/bucuresti\\\/parchetul-ancheteaza-greva-de-la-stb-nicusor-dan-cere-psd-sa-se-pronunte-in-cazul-grevei\\\/#primaryimage\"},\"image\":{\"@id\":\"https:\\\/\\\/buletin.de\\\/bucuresti\\\/parchetul-ancheteaza-greva-de-la-stb-nicusor-dan-cere-psd-sa-se-pronunte-in-cazul-grevei\\\/#primaryimage\"},\"thumbnailUrl\":\"https:\\\/\\\/buletin.de\\\/bucuresti\\\/wp-content\\\/uploads\\\/nicusor-dan-pret-gigacalorie-conferinta.jpg\",\"datePublished\":\"2022-01-21T08:56:16+00:00\",\"dateModified\":\"2022-01-21T08:58:34+00:00\",\"breadcrumb\":{\"@id\":\"https:\\\/\\\/buletin.de\\\/bucuresti\\\/parchetul-ancheteaza-greva-de-la-stb-nicusor-dan-cere-psd-sa-se-pronunte-in-cazul-grevei\\\/#breadcrumb\"},\"inLanguage\":\"en-GB\",\"potentialAction\":[{\"@type\":\"ReadAction\",\"target\":[\"https:\\\/\\\/buletin.de\\\/bucuresti\\\/parchetul-ancheteaza-greva-de-la-stb-nicusor-dan-cere-psd-sa-se-pronunte-in-cazul-grevei\\\/\"]}]},{\"@type\":\"ImageObject\",\"inLanguage\":\"en-GB\",\"@id\":\"https:\\\/\\\/buletin.de\\\/bucuresti\\\/parchetul-ancheteaza-greva-de-la-stb-nicusor-dan-cere-psd-sa-se-pronunte-in-cazul-grevei\\\/#primaryimage\",\"url\":\"https:\\\/\\\/buletin.de\\\/bucuresti\\\/wp-content\\\/uploads\\\/nicusor-dan-pret-gigacalorie-conferinta.jpg\",\"contentUrl\":\"https:\\\/\\\/buletin.de\\\/bucuresti\\\/wp-content\\\/uploads\\\/nicusor-dan-pret-gigacalorie-conferinta.jpg\",\"width\":1920,\"height\":1080},{\"@type\":\"BreadcrumbList\",\"@id\":\"https:\\\/\\\/buletin.de\\\/bucuresti\\\/parchetul-ancheteaza-greva-de-la-stb-nicusor-dan-cere-psd-sa-se-pronunte-in-cazul-grevei\\\/#breadcrumb\",\"itemListElement\":[{\"@type\":\"ListItem\",\"position\":1,\"name\":\"Acas\u0103\",\"item\":\"https:\\\/\\\/buletin.de\\\/bucuresti\\\/\"},{\"@type\":\"ListItem\",\"position\":2,\"name\":\"Parchetul ancheteaz\u0103 greva de la STB. Nicu\u0219or Dan cere PSD s\u0103 se pronun\u021be \u00een cazul grevei\"}]},{\"@type\":\"WebSite\",\"@id\":\"https:\\\/\\\/buletin.de\\\/bucuresti\\\/#website\",\"url\":\"https:\\\/\\\/buletin.de\\\/bucuresti\\\/\",\"name\":\"Buletin de Bucure\u0219ti\",\"description\":\"\u0218tiri \u0219i investiga\u021bii esen\u021biale din capital\u0103\",\"publisher\":{\"@id\":\"https:\\\/\\\/buletin.de\\\/bucuresti\\\/#organization\"},\"potentialAction\":[{\"@type\":\"SearchAction\",\"target\":{\"@type\":\"EntryPoint\",\"urlTemplate\":\"https:\\\/\\\/buletin.de\\\/bucuresti\\\/?s={search_term_string}\"},\"query-input\":{\"@type\":\"PropertyValueSpecification\",\"valueRequired\":true,\"valueName\":\"search_term_string\"}}],\"inLanguage\":\"en-GB\"},{\"@type\":\"Organization\",\"@id\":\"https:\\\/\\\/buletin.de\\\/bucuresti\\\/#organization\",\"name\":\"Buletin de Bucure\u0219ti\",\"url\":\"https:\\\/\\\/buletin.de\\\/bucuresti\\\/\",\"logo\":{\"@type\":\"ImageObject\",\"inLanguage\":\"en-GB\",\"@id\":\"https:\\\/\\\/buletin.de\\\/bucuresti\\\/#\\\/schema\\\/logo\\\/image\\\/\",\"url\":\"https:\\\/\\\/buletin.de\\\/bucuresti\\\/wp-content\\\/uploads\\\/logo-bdb-full-wide-vernil-transparent.png\",\"contentUrl\":\"https:\\\/\\\/buletin.de\\\/bucuresti\\\/wp-content\\\/uploads\\\/logo-bdb-full-wide-vernil-transparent.png\",\"width\":1782,\"height\":626,\"caption\":\"Buletin de Bucure\u0219ti\"},\"image\":{\"@id\":\"https:\\\/\\\/buletin.de\\\/bucuresti\\\/#\\\/schema\\\/logo\\\/image\\\/\"},\"sameAs\":[\"https:\\\/\\\/www.facebook.com\\\/buletin.de.buc\",\"https:\\\/\\\/www.instagram.com\\\/buletinde.bucuresti\\\/\"]},{\"@type\":\"Person\",\"@id\":\"https:\\\/\\\/buletin.de\\\/bucuresti\\\/#\\\/schema\\\/person\\\/b0686d7a8b666c6afc78239777fd8a89\",\"name\":\"Florin R\u00e2\u0219teiu\",\"image\":{\"@type\":\"ImageObject\",\"inLanguage\":\"en-GB\",\"@id\":\"https:\\\/\\\/buletin.de\\\/bucuresti\\\/wp-content\\\/uploads\\\/Florin-Rasteiu-96x96.jpgf0a6fe28453aa12f0a60e4d0a2e3a78c\",\"url\":\"https:\\\/\\\/buletin.de\\\/bucuresti\\\/wp-content\\\/uploads\\\/Florin-Rasteiu-96x96.jpg\",\"contentUrl\":\"https:\\\/\\\/buletin.de\\\/bucuresti\\\/wp-content\\\/uploads\\\/Florin-Rasteiu-96x96.jpg\",\"caption\":\"Florin R\u00e2\u0219teiu\"},\"description\":\"Jurnalist de investiga\u021bie. Lucreaz\u0103 de aproape 6 ani la Buletin de Bucure\u0219ti, unde a publicat articole care scot la suprafa\u021b\u0103 corup\u021bia din Capital\u0103. Analizeaz\u0103 baze de date zilnic \u0219i scoate pove\u0219ti din exceluri pline de cifre. Pune reflectorul pe adev\u0103r cu fiecare ocazie. A c\u00e2\u0219tigat premiul I la categoria Pres\u0103 Local\u0103 \u00een 2025 \u0219i locul al II-lea la aceea\u0219i categorie \u00een 2024 \u00een cadrul Premiilor Superscrieri pentru jurnalism independent.\",\"url\":\"https:\\\/\\\/buletin.de\\\/bucuresti\\\/author\\\/florinrasteiu\\\/\"}]}<\/script>\n<!-- \/ Yoast SEO Premium plugin. -->","yoast_head_json":{"title":"Parchetul ancheteaz\u0103 greva de la STB. Nicu\u0219or Dan cere PSD s\u0103 se pronun\u021be \u00een cazul grevei - Buletin de Bucure\u0219ti","robots":{"index":"index","follow":"follow","max-snippet":"max-snippet:-1","max-image-preview":"max-image-preview:large","max-video-preview":"max-video-preview:-1"},"canonical":"https:\/\/buletin.de\/bucuresti\/parchetul-ancheteaza-greva-de-la-stb-nicusor-dan-cere-psd-sa-se-pronunte-in-cazul-grevei\/","og_locale":"en_GB","og_type":"article","og_title":"Parchetul ancheteaz\u0103 greva de la STB. Nicu\u0219or Dan cere PSD s\u0103 se pronun\u021be \u00een cazul grevei","og_description":"Greva \u0219oferilor STB continu\u0103 \u0219i azi. Autobuzele, tramvaiele \u0219i troleibuzele nu circul\u0103, de\u0219i instan\u021ba a dispus ca \u00eencep\u00e2nd de ieri, ora 14:00, transportul de suprafa\u021b\u0103 din Capital\u0103 s\u0103 fie reluat. Nicu\u0219or Dan consider\u0103 c\u0103 aceast\u0103 grev\u0103 este ira\u021bional\u0103 pentru c\u0103 angaja\u021bii STB risc\u0103 pierderea contractului de munc\u0103 \u0219i condamnarea penal\u0103. Mai mult, edilul Capitalei a [&hellip;]","og_url":"https:\/\/buletin.de\/bucuresti\/parchetul-ancheteaza-greva-de-la-stb-nicusor-dan-cere-psd-sa-se-pronunte-in-cazul-grevei\/","og_site_name":"Buletin de Bucure\u0219ti","article_publisher":"https:\/\/www.facebook.com\/buletin.de.buc","article_published_time":"2022-01-21T08:56:16+00:00","article_modified_time":"2022-01-21T08:58:34+00:00","og_image":[{"width":1920,"height":1080,"url":"https:\/\/buletin.de\/bucuresti\/wp-content\/uploads\/nicusor-dan-pret-gigacalorie-conferinta.jpg","type":"image\/jpeg"}],"author":"Florin R\u00e2\u0219teiu","twitter_card":"summary_large_image","twitter_misc":{"Written by":"Florin R\u00e2\u0219teiu","Estimated reading time":"3 minutes"},"schema":{"@context":"https:\/\/schema.org","@graph":[{"@type":"Article","@id":"https:\/\/buletin.de\/bucuresti\/parchetul-ancheteaza-greva-de-la-stb-nicusor-dan-cere-psd-sa-se-pronunte-in-cazul-grevei\/#article","isPartOf":{"@id":"https:\/\/buletin.de\/bucuresti\/parchetul-ancheteaza-greva-de-la-stb-nicusor-dan-cere-psd-sa-se-pronunte-in-cazul-grevei\/"},"author":{"name":"Florin R\u00e2\u0219teiu","@id":"https:\/\/buletin.de\/bucuresti\/#\/schema\/person\/b0686d7a8b666c6afc78239777fd8a89"},"headline":"Parchetul ancheteaz\u0103 greva de la STB. Nicu\u0219or Dan cere PSD s\u0103 se pronun\u021be \u00een cazul grevei","datePublished":"2022-01-21T08:56:16+00:00","dateModified":"2022-01-21T08:58:34+00:00","mainEntityOfPage":{"@id":"https:\/\/buletin.de\/bucuresti\/parchetul-ancheteaza-greva-de-la-stb-nicusor-dan-cere-psd-sa-se-pronunte-in-cazul-grevei\/"},"wordCount":626,"publisher":{"@id":"https:\/\/buletin.de\/bucuresti\/#organization"},"image":{"@id":"https:\/\/buletin.de\/bucuresti\/parchetul-ancheteaza-greva-de-la-stb-nicusor-dan-cere-psd-sa-se-pronunte-in-cazul-grevei\/#primaryimage"},"thumbnailUrl":"https:\/\/buletin.de\/bucuresti\/wp-content\/uploads\/nicusor-dan-pret-gigacalorie-conferinta.jpg","articleSection":["Featured"],"inLanguage":"en-GB","copyrightYear":"2022","copyrightHolder":{"@id":"https:\/\/buletin.de\/bucuresti\/#organization"}},{"@type":"WebPage","@id":"https:\/\/buletin.de\/bucuresti\/parchetul-ancheteaza-greva-de-la-stb-nicusor-dan-cere-psd-sa-se-pronunte-in-cazul-grevei\/","url":"https:\/\/buletin.de\/bucuresti\/parchetul-ancheteaza-greva-de-la-stb-nicusor-dan-cere-psd-sa-se-pronunte-in-cazul-grevei\/","name":"Parchetul ancheteaz\u0103 greva de la STB. Nicu\u0219or Dan cere PSD s\u0103 se pronun\u021be \u00een cazul grevei - Buletin de Bucure\u0219ti","isPartOf":{"@id":"https:\/\/buletin.de\/bucuresti\/#website"},"primaryImageOfPage":{"@id":"https:\/\/buletin.de\/bucuresti\/parchetul-ancheteaza-greva-de-la-stb-nicusor-dan-cere-psd-sa-se-pronunte-in-cazul-grevei\/#primaryimage"},"image":{"@id":"https:\/\/buletin.de\/bucuresti\/parchetul-ancheteaza-greva-de-la-stb-nicusor-dan-cere-psd-sa-se-pronunte-in-cazul-grevei\/#primaryimage"},"thumbnailUrl":"https:\/\/buletin.de\/bucuresti\/wp-content\/uploads\/nicusor-dan-pret-gigacalorie-conferinta.jpg","datePublished":"2022-01-21T08:56:16+00:00","dateModified":"2022-01-21T08:58:34+00:00","breadcrumb":{"@id":"https:\/\/buletin.de\/bucuresti\/parchetul-ancheteaza-greva-de-la-stb-nicusor-dan-cere-psd-sa-se-pronunte-in-cazul-grevei\/#breadcrumb"},"inLanguage":"en-GB","potentialAction":[{"@type":"ReadAction","target":["https:\/\/buletin.de\/bucuresti\/parchetul-ancheteaza-greva-de-la-stb-nicusor-dan-cere-psd-sa-se-pronunte-in-cazul-grevei\/"]}]},{"@type":"ImageObject","inLanguage":"en-GB","@id":"https:\/\/buletin.de\/bucuresti\/parchetul-ancheteaza-greva-de-la-stb-nicusor-dan-cere-psd-sa-se-pronunte-in-cazul-grevei\/#primaryimage","url":"https:\/\/buletin.de\/bucuresti\/wp-content\/uploads\/nicusor-dan-pret-gigacalorie-conferinta.jpg","contentUrl":"https:\/\/buletin.de\/bucuresti\/wp-content\/uploads\/nicusor-dan-pret-gigacalorie-conferinta.jpg","width":1920,"height":1080},{"@type":"BreadcrumbList","@id":"https:\/\/buletin.de\/bucuresti\/parchetul-ancheteaza-greva-de-la-stb-nicusor-dan-cere-psd-sa-se-pronunte-in-cazul-grevei\/#breadcrumb","itemListElement":[{"@type":"ListItem","position":1,"name":"Acas\u0103","item":"https:\/\/buletin.de\/bucuresti\/"},{"@type":"ListItem","position":2,"name":"Parchetul ancheteaz\u0103 greva de la STB. Nicu\u0219or Dan cere PSD s\u0103 se pronun\u021be \u00een cazul grevei"}]},{"@type":"WebSite","@id":"https:\/\/buletin.de\/bucuresti\/#website","url":"https:\/\/buletin.de\/bucuresti\/","name":"Buletin de Bucure\u0219ti","description":"\u0218tiri \u0219i investiga\u021bii esen\u021biale din capital\u0103","publisher":{"@id":"https:\/\/buletin.de\/bucuresti\/#organization"},"potentialAction":[{"@type":"SearchAction","target":{"@type":"EntryPoint","urlTemplate":"https:\/\/buletin.de\/bucuresti\/?s={search_term_string}"},"query-input":{"@type":"PropertyValueSpecification","valueRequired":true,"valueName":"search_term_string"}}],"inLanguage":"en-GB"},{"@type":"Organization","@id":"https:\/\/buletin.de\/bucuresti\/#organization","name":"Buletin de Bucure\u0219ti","url":"https:\/\/buletin.de\/bucuresti\/","logo":{"@type":"ImageObject","inLanguage":"en-GB","@id":"https:\/\/buletin.de\/bucuresti\/#\/schema\/logo\/image\/","url":"https:\/\/buletin.de\/bucuresti\/wp-content\/uploads\/logo-bdb-full-wide-vernil-transparent.png","contentUrl":"https:\/\/buletin.de\/bucuresti\/wp-content\/uploads\/logo-bdb-full-wide-vernil-transparent.png","width":1782,"height":626,"caption":"Buletin de Bucure\u0219ti"},"image":{"@id":"https:\/\/buletin.de\/bucuresti\/#\/schema\/logo\/image\/"},"sameAs":["https:\/\/www.facebook.com\/buletin.de.buc","https:\/\/www.instagram.com\/buletinde.bucuresti\/"]},{"@type":"Person","@id":"https:\/\/buletin.de\/bucuresti\/#\/schema\/person\/b0686d7a8b666c6afc78239777fd8a89","name":"Florin R\u00e2\u0219teiu","image":{"@type":"ImageObject","inLanguage":"en-GB","@id":"https:\/\/buletin.de\/bucuresti\/wp-content\/uploads\/Florin-Rasteiu-96x96.jpgf0a6fe28453aa12f0a60e4d0a2e3a78c","url":"https:\/\/buletin.de\/bucuresti\/wp-content\/uploads\/Florin-Rasteiu-96x96.jpg","contentUrl":"https:\/\/buletin.de\/bucuresti\/wp-content\/uploads\/Florin-Rasteiu-96x96.jpg","caption":"Florin R\u00e2\u0219teiu"},"description":"Jurnalist de investiga\u021bie. Lucreaz\u0103 de aproape 6 ani la Buletin de Bucure\u0219ti, unde a publicat articole care scot la suprafa\u021b\u0103 corup\u021bia din Capital\u0103. Analizeaz\u0103 baze de date zilnic \u0219i scoate pove\u0219ti din exceluri pline de cifre. Pune reflectorul pe adev\u0103r cu fiecare ocazie. A c\u00e2\u0219tigat premiul I la categoria Pres\u0103 Local\u0103 \u00een 2025 \u0219i locul al II-lea la aceea\u0219i categorie \u00een 2024 \u00een cadrul Premiilor Superscrieri pentru jurnalism independent.","url":"https:\/\/buletin.de\/bucuresti\/author\/florinrasteiu\/"}]}},"authors":[{"term_id":22576,"user_id":17,"is_guest":0,"slug":"florinrasteiu","display_name":"Florin R\u00e2\u0219teiu","avatar_url":"https:\/\/buletin.de\/bucuresti\/wp-content\/uploads\/Florin-Rasteiu-96x96.jpg","0":null,"1":"","2":"","3":"","4":"","5":"","6":"","7":"","8":""}],"_links":{"self":[{"href":"https:\/\/buletin.de\/bucuresti\/wp-json\/wp\/v2\/posts\/37563","targetHints":{"allow":["GET"]}}],"collection":[{"href":"https:\/\/buletin.de\/bucuresti\/wp-json\/wp\/v2\/posts"}],"about":[{"href":"https:\/\/buletin.de\/bucuresti\/wp-json\/wp\/v2\/types\/post"}],"author":[{"embeddable":true,"href":"https:\/\/buletin.de\/bucuresti\/wp-json\/wp\/v2\/users\/17"}],"replies":[{"embeddable":true,"href":"https:\/\/buletin.de\/bucuresti\/wp-json\/wp\/v2\/comments?post=37563"}],"version-history":[{"count":6,"href":"https:\/\/buletin.de\/bucuresti\/wp-json\/wp\/v2\/posts\/37563\/revisions"}],"predecessor-version":[{"id":37573,"href":"https:\/\/buletin.de\/bucuresti\/wp-json\/wp\/v2\/posts\/37563\/revisions\/37573"}],"wp:featuredmedia":[{"embeddable":true,"href":"https:\/\/buletin.de\/bucuresti\/wp-json\/wp\/v2\/media\/33535"}],"wp:attachment":[{"href":"https:\/\/buletin.de\/bucuresti\/wp-json\/wp\/v2\/media?parent=37563"}],"wp:term":[{"taxonomy":"category","embeddable":true,"href":"https:\/\/buletin.de\/bucuresti\/wp-json\/wp\/v2\/categories?post=37563"},{"taxonomy":"post_tag","embeddable":true,"href":"https:\/\/buletin.de\/bucuresti\/wp-json\/wp\/v2\/tags?post=37563"},{"taxonomy":"author","embeddable":true,"href":"https:\/\/buletin.de\/bucuresti\/wp-json\/wp\/v2\/ppma_author?post=37563"}],"curies":[{"name":"wp","href":"https:\/\/api.w.org\/{rel}","templated":true}]}}