{"id":37405,"date":"2022-01-19T14:08:46","date_gmt":"2022-01-19T12:08:46","guid":{"rendered":"https:\/\/buletin.de\/bucuresti\/?p=37405"},"modified":"2022-01-19T14:08:47","modified_gmt":"2022-01-19T12:08:47","slug":"coronavirus-romania-19-ianuarie-2022","status":"publish","type":"post","link":"https:\/\/buletin.de\/bucuresti\/coronavirus-romania-19-ianuarie-2022\/","title":{"rendered":"2.293 de cazuri noi de COVID-19 \u00een Capital\u0103. Rata de infectare \u00een Otopeni este de 11,42 cazuri la 1.000 de locuitori"},"content":{"rendered":"\n<p><\/p>\n\n\n\n<style>\n\n.full-width {\n  width: 100vw;\n  position: relative;\n  left: 50%;\n  right: 50%;\n  margin-left: -50vw;\n  margin-right: -50vw;\n}\n\n<\/style>\n\n\n\n<p><\/p>\n\n\n\n<p class=\"has-text-align-center has-white-color has-vivid-red-background-color has-text-color has-background\" style=\"font-size:26px\">Bucure\u0219ti : 2.293 de cazuri noi. 6,69 rata de inciden\u021b\u0103<\/p>\n\n\n\n<p>2.293 de cazuri noi de COVID-19 s-au raportat, miercuri, \u00een Capital\u0103. Rata de inciden\u021b\u0103 a crescut \u00een ultimele 24 de ore de la 6,15 la 6,69 cazuri de infectare la 1.000 de locuitori.<\/p>\n\n\n\n<div class=\"wp-block-columns is-layout-flex wp-container-core-columns-is-layout-9d6595d7 wp-block-columns-is-layout-flex\">\n<div class=\"wp-block-column is-layout-flow wp-block-column-is-layout-flow\">\n<iframe id=\"embedGraphic\" src=\"https:\/\/www.graphs.ro\/embed.php?embed=covid_judet&amp;range=30&amp;judet_id=B\" style=\"width:100%; height:80vh; max-height: 350px; border:none;overflow:hidden;\" scrolling=\"no\" frameborder=\"0\"><\/iframe>\n<\/div>\n\n\n\n<div class=\"wp-block-column is-layout-flow wp-block-column-is-layout-flow\">\n<iframe id=\"embedGraphic\" src=\"https:\/\/www.graphs.ro\/embed.php?embed=covid_incidenta_judete&amp;range=30&amp;judet_id=B\" style=\"width:100%;height:80vh; max-height: 350px; border:none;overflow:hidden;\" scrolling=\"no\" frameborder=\"0\"><\/iframe>\n<\/div>\n<\/div>\n\n\n\n<p class=\"has-text-align-center has-white-color has-vivid-cyan-blue-background-color has-text-color has-background\" style=\"font-size:26px\">Ilfov : 498 de cazuri noi. 6,94 rata de inciden\u021b\u0103<\/p>\n\n\n\n<p>\u00cen jude\u021bul Ilfov s-au \u00eenregistrat 498 de cazuri noi de coronavirus. Rata de inciden\u021b\u0103 a crescut \u00een ultima zi de la 6,23 la 6,94 cazuri de infectare la 1.000 de locuitori.<\/p>\n\n\n\n<p>Ora\u0219ul Otopeni are o rat\u0103 de infectare de 11,42 cazuri la mia de locuitori, \u00een timp ce rata de inciden\u021b\u0103 din Voluntari este de 10,34 cazuri de infectare la 1.000 de locuitori.<\/p>\n\n\n\n<p><\/p>\n\n\n\n<div class=\"wp-block-columns are-vertically-aligned-top is-layout-flex wp-container-core-columns-is-layout-9d6595d7 wp-block-columns-is-layout-flex\">\n<div class=\"wp-block-column is-vertically-aligned-top is-layout-flow wp-block-column-is-layout-flow\"><p><iframe src=\"https:\/\/www.graphs.ro\/embed.php?embed=covid_judet&amp;range=30&amp;judet_id=IF\" style=\"width:100%;height:80vh; max-height: 350px;border:none;overflow:hidden;\" scrolling=\"no\" frameborder=\"0\"><\/iframe><\/p>\n\n\n\n<p><\/p>\n<\/div>\n\n\n\n<div class=\"wp-block-column is-vertically-aligned-top is-layout-flow wp-block-column-is-layout-flow\"><p><iframe src=\"https:\/\/www.graphs.ro\/embed.php?embed=covid_incidenta_judete&amp;range=30&amp;judet_id=IF\" style=\"width:100%; height:80vh; max-height: 350px;border:none;overflow:hidden;\" scrolling=\"no\" frameborder=\"0\"><\/iframe><\/p>\n<\/div>\n<\/div>\n\n\n\n<p class=\"has-text-align-center has-white-color has-vivid-purple-background-color has-text-color has-background\" style=\"font-size:26px\"><br>Rom\u00e2nia : 58 de decese. 16.610 de cazuri noi <\/p>\n\n\n\n<p>La nivel na\u021bional s-au raportat 16.510 cazuri noi de persoane infectate cu SARS-CoV-2, cu 150 mai pu\u021bin dec\u00e2t \u00een ziua anterioar\u0103. 1.073 dintre cazurile noi din 24 de ore sunt ale unor pacien\u021bi care s-au \u00eemboln\u0103vit de COVID-19 a doua oar\u0103.<\/p>\n\n\n\n<p>\u00cen ultimele 24 de ore au fost efectuate 26.527 de teste RT-PCR \u0219i 51.595 de teste rapide antigenice.<\/p>\n\n\n\n<iframe id=\"graficCovid\" src=\"https:\/\/www.graphs.ro\/embed.php?embed=covid_pe_zi&amp;range=full\" style=\"width:100%;border:none;overflow:hidden;\" scrolling=\"no\" frameborder=\"0\" height=\"900px\"><\/iframe>\n\n\n\n<p>INSP a raportat, miercuri, 58 de decese din cauza coronavirusului: 31 de b\u0103rba\u021bi \u0219i 27 de femei. Doi oameni au murit anterior intervalului de referin\u021b\u0103 de 24 de ore, \u00een jude\u021bele Bac\u0103u \u0219i Ilfov, unul \u00een luna noiembrie 2021 \u0219i unul \u00een luna decembrie 2021.<\/p>\n\n\n\n<p>Toate decesele \u00eenregistrate sunt ale unor pacien\u021bi care au prezentat comorbidit\u0103\u021bi.<\/p>\n\n\n\n<p>Din totalul de 58 de pacien\u021bi deceda\u021bi, 51 au fost nevaccina\u021bi \u0219i 7 vaccina\u021bi. Pacien\u021bii vaccina\u021bi aveau v\u00e2rsta cuprins\u0103 \u00eentre&nbsp; grupele de v\u00e2rst\u0103 50-59 ani \u0219i peste 80 ani \u0219i prezentau comorbidit\u0103\u021bi.<\/p>\n\n\n\n<iframe class=\"graficCovid\" src=\"https:\/\/www.graphs.ro\/embed.php?embed=covid_incidenta_oficiala\" style=\"width:100%;border:none;overflow:hidden;\" height=\"750px\" scrolling=\"no\" frameborder=\"0\"><\/iframe>\n\n\n\n<iframe class=\"graficCovid\" src=\"https:\/\/www.graphs.ro\/embed.php?embed=covid_pe_zi_compare_ati&amp;range=full\" style=\"width:100%;border:none;overflow:hidden;\" scrolling=\"no\" height=\"750px\" frameborder=\"0\"><\/iframe>\n\n\n\n<p>\u00cen spitalele din \u00eentreaga \u021bar\u0103, num\u0103rul de persoane internate \u00een sec\u021bii cu COVID-19 este de 4.534, cu 316 mai mult dec\u00e2t \u00een ziua anterioar\u0103. De asemenea, la ATI&nbsp; sunt internate 530 de persoane, cu 43 mai mult dec\u00e2t \u00een ziua anterioar\u0103. Dintre cei 530 de pacien\u021bi interna\u021bi la ATI, 57 au certificat care atest\u0103 vaccinarea.<\/p>\n\n\n\n<p>Din totalul pacien\u021bilor interna\u021bi, 387 sunt minori, 374 fiind interna\u021bi \u00een sec\u021bii, cu 37 mai mult dec\u00e2t \u00een ziua anterioar\u0103 \u0219i 13 la ATI, cu 2 mai mult dec\u00e2t \u00een ziua anterioar\u0103.<\/p>\n\n\n\n<iframe class=\"graficCovid\" src=\"https:\/\/www.graphs.ro\/embed.php?embed=covid_ati&amp;range=full\" style=\"width:100%;border:none;overflow:hidden;\" height=\"750px\" scrolling=\"no\" frameborder=\"0\"><\/iframe>\n\n\n\n<p><em>Grafice via <a href=\"http:\/\/graphs.ro\" target=\"_blank\" rel=\"noreferrer noopener\">graphs.ro<\/a><\/em><\/p>\n","protected":false},"excerpt":{"rendered":"<p>Bucure\u0219ti : 2.293 de cazuri noi. 6,69 rata de inciden\u021b\u0103 2.293 de cazuri noi de COVID-19 s-au raportat, miercuri, \u00een Capital\u0103. Rata de inciden\u021b\u0103 a crescut \u00een ultimele 24 de ore de la 6,15 la 6,69 cazuri de infectare la 1.000 de locuitori. Ilfov : 498 de cazuri noi. 6,94 rata de inciden\u021b\u0103 \u00cen jude\u021bul [&hellip;]<\/p>\n","protected":false},"author":38,"featured_media":18322,"comment_status":"closed","ping_status":"open","sticky":false,"template":"","format":"standard","meta":{"_acf_changed":false,"inline_featured_image":false,"ngg_post_thumbnail":0,"footnotes":""},"categories":[996],"tags":[2381,529,820,1725,2382],"ppma_author":[22601],"class_list":["post-37405","post","type-post","status-publish","format-standard","has-post-thumbnail","hentry","category-covid-19","tag-buletin-zilnic","tag-coronavirus","tag-ilfov","tag-incidenta-cumulata","tag-internati-ati"],"acf":[],"yoast_head":"<!-- This site is optimized with the Yoast SEO Premium plugin v25.3 (Yoast SEO v27.4) - https:\/\/yoast.com\/product\/yoast-seo-premium-wordpress\/ -->\n<title>2.293 de cazuri noi de COVID-19 \u00een Capital\u0103. Rata de infectare \u00een Otopeni este de 11,42 cazuri la 1.000 de locuitori - Buletin de Bucure\u0219ti<\/title>\n<meta name=\"robots\" content=\"index, follow, max-snippet:-1, max-image-preview:large, max-video-preview:-1\" \/>\n<link rel=\"canonical\" href=\"https:\/\/buletin.de\/bucuresti\/coronavirus-romania-19-ianuarie-2022\/\" \/>\n<meta property=\"og:locale\" content=\"en_GB\" \/>\n<meta property=\"og:type\" content=\"article\" \/>\n<meta property=\"og:title\" content=\"2.293 de cazuri noi de COVID-19 \u00een Capital\u0103. Rata de infectare \u00een Otopeni este de 11,42 cazuri la 1.000 de locuitori\" \/>\n<meta property=\"og:description\" content=\"Bucure\u0219ti : 2.293 de cazuri noi. 6,69 rata de inciden\u021b\u0103 2.293 de cazuri noi de COVID-19 s-au raportat, miercuri, \u00een Capital\u0103. Rata de inciden\u021b\u0103 a crescut \u00een ultimele 24 de ore de la 6,15 la 6,69 cazuri de infectare la 1.000 de locuitori. Ilfov : 498 de cazuri noi. 6,94 rata de inciden\u021b\u0103 \u00cen jude\u021bul [&hellip;]\" \/>\n<meta property=\"og:url\" content=\"https:\/\/buletin.de\/bucuresti\/coronavirus-romania-19-ianuarie-2022\/\" \/>\n<meta property=\"og:site_name\" content=\"Buletin de Bucure\u0219ti\" \/>\n<meta property=\"article:publisher\" content=\"https:\/\/www.facebook.com\/buletin.de.buc\" \/>\n<meta property=\"article:published_time\" content=\"2022-01-19T12:08:46+00:00\" \/>\n<meta property=\"article:modified_time\" content=\"2022-01-19T12:08:47+00:00\" \/>\n<meta property=\"og:image\" content=\"https:\/\/buletin.de\/bucuresti\/wp-content\/uploads\/340-33-chart-graph-coronavirus-scaled.jpg\" \/>\n\t<meta property=\"og:image:width\" content=\"2560\" \/>\n\t<meta property=\"og:image:height\" content=\"1810\" \/>\n\t<meta property=\"og:image:type\" content=\"image\/jpeg\" \/>\n<meta name=\"author\" content=\"Anamaria Nedelcoff\" \/>\n<meta name=\"twitter:card\" content=\"summary_large_image\" \/>\n<meta name=\"twitter:label1\" content=\"Written by\" \/>\n\t<meta name=\"twitter:data1\" content=\"Anamaria Nedelcoff\" \/>\n\t<meta name=\"twitter:label2\" content=\"Estimated reading time\" \/>\n\t<meta name=\"twitter:data2\" content=\"2 minutes\" \/>\n<script type=\"application\/ld+json\" class=\"yoast-schema-graph\">{\"@context\":\"https:\\\/\\\/schema.org\",\"@graph\":[{\"@type\":\"Article\",\"@id\":\"https:\\\/\\\/buletin.de\\\/bucuresti\\\/coronavirus-romania-19-ianuarie-2022\\\/#article\",\"isPartOf\":{\"@id\":\"https:\\\/\\\/buletin.de\\\/bucuresti\\\/coronavirus-romania-19-ianuarie-2022\\\/\"},\"author\":{\"name\":\"Anamaria Nedelcoff\",\"@id\":\"https:\\\/\\\/buletin.de\\\/bucuresti\\\/#\\\/schema\\\/person\\\/bfa22994f12f5d3353b170aca494f1f9\"},\"headline\":\"2.293 de cazuri noi de COVID-19 \u00een Capital\u0103. Rata de infectare \u00een Otopeni este de 11,42 cazuri la 1.000 de locuitori\",\"datePublished\":\"2022-01-19T12:08:46+00:00\",\"dateModified\":\"2022-01-19T12:08:47+00:00\",\"mainEntityOfPage\":{\"@id\":\"https:\\\/\\\/buletin.de\\\/bucuresti\\\/coronavirus-romania-19-ianuarie-2022\\\/\"},\"wordCount\":370,\"publisher\":{\"@id\":\"https:\\\/\\\/buletin.de\\\/bucuresti\\\/#organization\"},\"image\":{\"@id\":\"https:\\\/\\\/buletin.de\\\/bucuresti\\\/coronavirus-romania-19-ianuarie-2022\\\/#primaryimage\"},\"thumbnailUrl\":\"https:\\\/\\\/buletin.de\\\/bucuresti\\\/wp-content\\\/uploads\\\/340-33-chart-graph-coronavirus-scaled.jpg\",\"keywords\":[\"buletin zilnic\",\"coronavirus\",\"Ilfov\",\"incidenta cumulata\",\"internati ati\"],\"articleSection\":[\"Covid-19\"],\"inLanguage\":\"en-GB\",\"copyrightYear\":\"2022\",\"copyrightHolder\":{\"@id\":\"https:\\\/\\\/buletin.de\\\/bucuresti\\\/#organization\"}},{\"@type\":\"WebPage\",\"@id\":\"https:\\\/\\\/buletin.de\\\/bucuresti\\\/coronavirus-romania-19-ianuarie-2022\\\/\",\"url\":\"https:\\\/\\\/buletin.de\\\/bucuresti\\\/coronavirus-romania-19-ianuarie-2022\\\/\",\"name\":\"2.293 de cazuri noi de COVID-19 \u00een Capital\u0103. Rata de infectare \u00een Otopeni este de 11,42 cazuri la 1.000 de locuitori - Buletin de Bucure\u0219ti\",\"isPartOf\":{\"@id\":\"https:\\\/\\\/buletin.de\\\/bucuresti\\\/#website\"},\"primaryImageOfPage\":{\"@id\":\"https:\\\/\\\/buletin.de\\\/bucuresti\\\/coronavirus-romania-19-ianuarie-2022\\\/#primaryimage\"},\"image\":{\"@id\":\"https:\\\/\\\/buletin.de\\\/bucuresti\\\/coronavirus-romania-19-ianuarie-2022\\\/#primaryimage\"},\"thumbnailUrl\":\"https:\\\/\\\/buletin.de\\\/bucuresti\\\/wp-content\\\/uploads\\\/340-33-chart-graph-coronavirus-scaled.jpg\",\"datePublished\":\"2022-01-19T12:08:46+00:00\",\"dateModified\":\"2022-01-19T12:08:47+00:00\",\"breadcrumb\":{\"@id\":\"https:\\\/\\\/buletin.de\\\/bucuresti\\\/coronavirus-romania-19-ianuarie-2022\\\/#breadcrumb\"},\"inLanguage\":\"en-GB\",\"potentialAction\":[{\"@type\":\"ReadAction\",\"target\":[\"https:\\\/\\\/buletin.de\\\/bucuresti\\\/coronavirus-romania-19-ianuarie-2022\\\/\"]}]},{\"@type\":\"ImageObject\",\"inLanguage\":\"en-GB\",\"@id\":\"https:\\\/\\\/buletin.de\\\/bucuresti\\\/coronavirus-romania-19-ianuarie-2022\\\/#primaryimage\",\"url\":\"https:\\\/\\\/buletin.de\\\/bucuresti\\\/wp-content\\\/uploads\\\/340-33-chart-graph-coronavirus-scaled.jpg\",\"contentUrl\":\"https:\\\/\\\/buletin.de\\\/bucuresti\\\/wp-content\\\/uploads\\\/340-33-chart-graph-coronavirus-scaled.jpg\",\"width\":2560,\"height\":1810,\"caption\":\"Impact of the coronavirus COVID-19 on the economy. Technology vector background\"},{\"@type\":\"BreadcrumbList\",\"@id\":\"https:\\\/\\\/buletin.de\\\/bucuresti\\\/coronavirus-romania-19-ianuarie-2022\\\/#breadcrumb\",\"itemListElement\":[{\"@type\":\"ListItem\",\"position\":1,\"name\":\"Acas\u0103\",\"item\":\"https:\\\/\\\/buletin.de\\\/bucuresti\\\/\"},{\"@type\":\"ListItem\",\"position\":2,\"name\":\"2.293 de cazuri noi de COVID-19 \u00een Capital\u0103. Rata de infectare \u00een Otopeni este de 11,42 cazuri la 1.000 de locuitori\"}]},{\"@type\":\"WebSite\",\"@id\":\"https:\\\/\\\/buletin.de\\\/bucuresti\\\/#website\",\"url\":\"https:\\\/\\\/buletin.de\\\/bucuresti\\\/\",\"name\":\"Buletin de Bucure\u0219ti\",\"description\":\"\u0218tiri \u0219i investiga\u021bii esen\u021biale din capital\u0103\",\"publisher\":{\"@id\":\"https:\\\/\\\/buletin.de\\\/bucuresti\\\/#organization\"},\"potentialAction\":[{\"@type\":\"SearchAction\",\"target\":{\"@type\":\"EntryPoint\",\"urlTemplate\":\"https:\\\/\\\/buletin.de\\\/bucuresti\\\/?s={search_term_string}\"},\"query-input\":{\"@type\":\"PropertyValueSpecification\",\"valueRequired\":true,\"valueName\":\"search_term_string\"}}],\"inLanguage\":\"en-GB\"},{\"@type\":\"Organization\",\"@id\":\"https:\\\/\\\/buletin.de\\\/bucuresti\\\/#organization\",\"name\":\"Buletin de Bucure\u0219ti\",\"url\":\"https:\\\/\\\/buletin.de\\\/bucuresti\\\/\",\"logo\":{\"@type\":\"ImageObject\",\"inLanguage\":\"en-GB\",\"@id\":\"https:\\\/\\\/buletin.de\\\/bucuresti\\\/#\\\/schema\\\/logo\\\/image\\\/\",\"url\":\"https:\\\/\\\/buletin.de\\\/bucuresti\\\/wp-content\\\/uploads\\\/logo-bdb-full-wide-vernil-transparent.png\",\"contentUrl\":\"https:\\\/\\\/buletin.de\\\/bucuresti\\\/wp-content\\\/uploads\\\/logo-bdb-full-wide-vernil-transparent.png\",\"width\":1782,\"height\":626,\"caption\":\"Buletin de Bucure\u0219ti\"},\"image\":{\"@id\":\"https:\\\/\\\/buletin.de\\\/bucuresti\\\/#\\\/schema\\\/logo\\\/image\\\/\"},\"sameAs\":[\"https:\\\/\\\/www.facebook.com\\\/buletin.de.buc\",\"https:\\\/\\\/www.instagram.com\\\/buletinde.bucuresti\\\/\"]},{\"@type\":\"Person\",\"@id\":\"https:\\\/\\\/buletin.de\\\/bucuresti\\\/#\\\/schema\\\/person\\\/bfa22994f12f5d3353b170aca494f1f9\",\"name\":\"Anamaria Nedelcoff\",\"image\":{\"@type\":\"ImageObject\",\"inLanguage\":\"en-GB\",\"@id\":\"https:\\\/\\\/secure.gravatar.com\\\/avatar\\\/409df91a26b98006111557131cc35236962765b734317e1dcf94c6bc1d010629?s=96&d=monsterid&r=g9bc3ae6c8e1522e913d1a0debd6aec89\",\"url\":\"https:\\\/\\\/secure.gravatar.com\\\/avatar\\\/409df91a26b98006111557131cc35236962765b734317e1dcf94c6bc1d010629?s=96&d=monsterid&r=g\",\"contentUrl\":\"https:\\\/\\\/secure.gravatar.com\\\/avatar\\\/409df91a26b98006111557131cc35236962765b734317e1dcf94c6bc1d010629?s=96&d=monsterid&r=g\",\"caption\":\"Anamaria Nedelcoff\"},\"url\":\"https:\\\/\\\/buletin.de\\\/bucuresti\\\/author\\\/nedelcoff\\\/\"}]}<\/script>\n<!-- \/ Yoast SEO Premium plugin. -->","yoast_head_json":{"title":"2.293 de cazuri noi de COVID-19 \u00een Capital\u0103. Rata de infectare \u00een Otopeni este de 11,42 cazuri la 1.000 de locuitori - Buletin de Bucure\u0219ti","robots":{"index":"index","follow":"follow","max-snippet":"max-snippet:-1","max-image-preview":"max-image-preview:large","max-video-preview":"max-video-preview:-1"},"canonical":"https:\/\/buletin.de\/bucuresti\/coronavirus-romania-19-ianuarie-2022\/","og_locale":"en_GB","og_type":"article","og_title":"2.293 de cazuri noi de COVID-19 \u00een Capital\u0103. Rata de infectare \u00een Otopeni este de 11,42 cazuri la 1.000 de locuitori","og_description":"Bucure\u0219ti : 2.293 de cazuri noi. 6,69 rata de inciden\u021b\u0103 2.293 de cazuri noi de COVID-19 s-au raportat, miercuri, \u00een Capital\u0103. Rata de inciden\u021b\u0103 a crescut \u00een ultimele 24 de ore de la 6,15 la 6,69 cazuri de infectare la 1.000 de locuitori. Ilfov : 498 de cazuri noi. 6,94 rata de inciden\u021b\u0103 \u00cen jude\u021bul [&hellip;]","og_url":"https:\/\/buletin.de\/bucuresti\/coronavirus-romania-19-ianuarie-2022\/","og_site_name":"Buletin de Bucure\u0219ti","article_publisher":"https:\/\/www.facebook.com\/buletin.de.buc","article_published_time":"2022-01-19T12:08:46+00:00","article_modified_time":"2022-01-19T12:08:47+00:00","og_image":[{"width":2560,"height":1810,"url":"https:\/\/buletin.de\/bucuresti\/wp-content\/uploads\/340-33-chart-graph-coronavirus-scaled.jpg","type":"image\/jpeg"}],"author":"Anamaria Nedelcoff","twitter_card":"summary_large_image","twitter_misc":{"Written by":"Anamaria Nedelcoff","Estimated reading time":"2 minutes"},"schema":{"@context":"https:\/\/schema.org","@graph":[{"@type":"Article","@id":"https:\/\/buletin.de\/bucuresti\/coronavirus-romania-19-ianuarie-2022\/#article","isPartOf":{"@id":"https:\/\/buletin.de\/bucuresti\/coronavirus-romania-19-ianuarie-2022\/"},"author":{"name":"Anamaria Nedelcoff","@id":"https:\/\/buletin.de\/bucuresti\/#\/schema\/person\/bfa22994f12f5d3353b170aca494f1f9"},"headline":"2.293 de cazuri noi de COVID-19 \u00een Capital\u0103. Rata de infectare \u00een Otopeni este de 11,42 cazuri la 1.000 de locuitori","datePublished":"2022-01-19T12:08:46+00:00","dateModified":"2022-01-19T12:08:47+00:00","mainEntityOfPage":{"@id":"https:\/\/buletin.de\/bucuresti\/coronavirus-romania-19-ianuarie-2022\/"},"wordCount":370,"publisher":{"@id":"https:\/\/buletin.de\/bucuresti\/#organization"},"image":{"@id":"https:\/\/buletin.de\/bucuresti\/coronavirus-romania-19-ianuarie-2022\/#primaryimage"},"thumbnailUrl":"https:\/\/buletin.de\/bucuresti\/wp-content\/uploads\/340-33-chart-graph-coronavirus-scaled.jpg","keywords":["buletin zilnic","coronavirus","Ilfov","incidenta cumulata","internati ati"],"articleSection":["Covid-19"],"inLanguage":"en-GB","copyrightYear":"2022","copyrightHolder":{"@id":"https:\/\/buletin.de\/bucuresti\/#organization"}},{"@type":"WebPage","@id":"https:\/\/buletin.de\/bucuresti\/coronavirus-romania-19-ianuarie-2022\/","url":"https:\/\/buletin.de\/bucuresti\/coronavirus-romania-19-ianuarie-2022\/","name":"2.293 de cazuri noi de COVID-19 \u00een Capital\u0103. Rata de infectare \u00een Otopeni este de 11,42 cazuri la 1.000 de locuitori - Buletin de Bucure\u0219ti","isPartOf":{"@id":"https:\/\/buletin.de\/bucuresti\/#website"},"primaryImageOfPage":{"@id":"https:\/\/buletin.de\/bucuresti\/coronavirus-romania-19-ianuarie-2022\/#primaryimage"},"image":{"@id":"https:\/\/buletin.de\/bucuresti\/coronavirus-romania-19-ianuarie-2022\/#primaryimage"},"thumbnailUrl":"https:\/\/buletin.de\/bucuresti\/wp-content\/uploads\/340-33-chart-graph-coronavirus-scaled.jpg","datePublished":"2022-01-19T12:08:46+00:00","dateModified":"2022-01-19T12:08:47+00:00","breadcrumb":{"@id":"https:\/\/buletin.de\/bucuresti\/coronavirus-romania-19-ianuarie-2022\/#breadcrumb"},"inLanguage":"en-GB","potentialAction":[{"@type":"ReadAction","target":["https:\/\/buletin.de\/bucuresti\/coronavirus-romania-19-ianuarie-2022\/"]}]},{"@type":"ImageObject","inLanguage":"en-GB","@id":"https:\/\/buletin.de\/bucuresti\/coronavirus-romania-19-ianuarie-2022\/#primaryimage","url":"https:\/\/buletin.de\/bucuresti\/wp-content\/uploads\/340-33-chart-graph-coronavirus-scaled.jpg","contentUrl":"https:\/\/buletin.de\/bucuresti\/wp-content\/uploads\/340-33-chart-graph-coronavirus-scaled.jpg","width":2560,"height":1810,"caption":"Impact of the coronavirus COVID-19 on the economy. Technology vector background"},{"@type":"BreadcrumbList","@id":"https:\/\/buletin.de\/bucuresti\/coronavirus-romania-19-ianuarie-2022\/#breadcrumb","itemListElement":[{"@type":"ListItem","position":1,"name":"Acas\u0103","item":"https:\/\/buletin.de\/bucuresti\/"},{"@type":"ListItem","position":2,"name":"2.293 de cazuri noi de COVID-19 \u00een Capital\u0103. Rata de infectare \u00een Otopeni este de 11,42 cazuri la 1.000 de locuitori"}]},{"@type":"WebSite","@id":"https:\/\/buletin.de\/bucuresti\/#website","url":"https:\/\/buletin.de\/bucuresti\/","name":"Buletin de Bucure\u0219ti","description":"\u0218tiri \u0219i investiga\u021bii esen\u021biale din capital\u0103","publisher":{"@id":"https:\/\/buletin.de\/bucuresti\/#organization"},"potentialAction":[{"@type":"SearchAction","target":{"@type":"EntryPoint","urlTemplate":"https:\/\/buletin.de\/bucuresti\/?s={search_term_string}"},"query-input":{"@type":"PropertyValueSpecification","valueRequired":true,"valueName":"search_term_string"}}],"inLanguage":"en-GB"},{"@type":"Organization","@id":"https:\/\/buletin.de\/bucuresti\/#organization","name":"Buletin de Bucure\u0219ti","url":"https:\/\/buletin.de\/bucuresti\/","logo":{"@type":"ImageObject","inLanguage":"en-GB","@id":"https:\/\/buletin.de\/bucuresti\/#\/schema\/logo\/image\/","url":"https:\/\/buletin.de\/bucuresti\/wp-content\/uploads\/logo-bdb-full-wide-vernil-transparent.png","contentUrl":"https:\/\/buletin.de\/bucuresti\/wp-content\/uploads\/logo-bdb-full-wide-vernil-transparent.png","width":1782,"height":626,"caption":"Buletin de Bucure\u0219ti"},"image":{"@id":"https:\/\/buletin.de\/bucuresti\/#\/schema\/logo\/image\/"},"sameAs":["https:\/\/www.facebook.com\/buletin.de.buc","https:\/\/www.instagram.com\/buletinde.bucuresti\/"]},{"@type":"Person","@id":"https:\/\/buletin.de\/bucuresti\/#\/schema\/person\/bfa22994f12f5d3353b170aca494f1f9","name":"Anamaria Nedelcoff","image":{"@type":"ImageObject","inLanguage":"en-GB","@id":"https:\/\/secure.gravatar.com\/avatar\/409df91a26b98006111557131cc35236962765b734317e1dcf94c6bc1d010629?s=96&d=monsterid&r=g9bc3ae6c8e1522e913d1a0debd6aec89","url":"https:\/\/secure.gravatar.com\/avatar\/409df91a26b98006111557131cc35236962765b734317e1dcf94c6bc1d010629?s=96&d=monsterid&r=g","contentUrl":"https:\/\/secure.gravatar.com\/avatar\/409df91a26b98006111557131cc35236962765b734317e1dcf94c6bc1d010629?s=96&d=monsterid&r=g","caption":"Anamaria Nedelcoff"},"url":"https:\/\/buletin.de\/bucuresti\/author\/nedelcoff\/"}]}},"authors":[{"term_id":22601,"user_id":38,"is_guest":0,"slug":"nedelcoff","display_name":"Anamaria Nedelcoff","avatar_url":"https:\/\/secure.gravatar.com\/avatar\/409df91a26b98006111557131cc35236962765b734317e1dcf94c6bc1d010629?s=96&d=monsterid&r=g","0":null,"1":"","2":"","3":"","4":"","5":"","6":"","7":"","8":""}],"_links":{"self":[{"href":"https:\/\/buletin.de\/bucuresti\/wp-json\/wp\/v2\/posts\/37405","targetHints":{"allow":["GET"]}}],"collection":[{"href":"https:\/\/buletin.de\/bucuresti\/wp-json\/wp\/v2\/posts"}],"about":[{"href":"https:\/\/buletin.de\/bucuresti\/wp-json\/wp\/v2\/types\/post"}],"author":[{"embeddable":true,"href":"https:\/\/buletin.de\/bucuresti\/wp-json\/wp\/v2\/users\/38"}],"replies":[{"embeddable":true,"href":"https:\/\/buletin.de\/bucuresti\/wp-json\/wp\/v2\/comments?post=37405"}],"version-history":[{"count":1,"href":"https:\/\/buletin.de\/bucuresti\/wp-json\/wp\/v2\/posts\/37405\/revisions"}],"predecessor-version":[{"id":37408,"href":"https:\/\/buletin.de\/bucuresti\/wp-json\/wp\/v2\/posts\/37405\/revisions\/37408"}],"wp:featuredmedia":[{"embeddable":true,"href":"https:\/\/buletin.de\/bucuresti\/wp-json\/wp\/v2\/media\/18322"}],"wp:attachment":[{"href":"https:\/\/buletin.de\/bucuresti\/wp-json\/wp\/v2\/media?parent=37405"}],"wp:term":[{"taxonomy":"category","embeddable":true,"href":"https:\/\/buletin.de\/bucuresti\/wp-json\/wp\/v2\/categories?post=37405"},{"taxonomy":"post_tag","embeddable":true,"href":"https:\/\/buletin.de\/bucuresti\/wp-json\/wp\/v2\/tags?post=37405"},{"taxonomy":"author","embeddable":true,"href":"https:\/\/buletin.de\/bucuresti\/wp-json\/wp\/v2\/ppma_author?post=37405"}],"curies":[{"name":"wp","href":"https:\/\/api.w.org\/{rel}","templated":true}]}}