{"id":37386,"date":"2022-01-19T12:58:04","date_gmt":"2022-01-19T10:58:04","guid":{"rendered":"https:\/\/buletin.de\/bucuresti\/?p=37386"},"modified":"2022-01-19T13:02:46","modified_gmt":"2022-01-19T11:02:46","slug":"protest-la-stb-angajatii-vor-salarii-mai-mari-cu-35","status":"publish","type":"post","link":"https:\/\/buletin.de\/bucuresti\/protest-la-stb-angajatii-vor-salarii-mai-mari-cu-35\/","title":{"rendered":"Protest la STB. Angaja\u021bii vor salarii mai mari cu 35%"},"content":{"rendered":"\n<p><strong>Aproximativ 1500 de angaja\u021bi ai Societ\u0103\u021bii de Transport Bucure\u0219ti protesteaz\u0103, de la ora 11:00, \u00een fa\u021ba sediului STB pentru a cere noi condi\u021bii de munc\u0103, dar \u0219i salarii mai mari. Mai mul\u021bi angaja\u021bi STB au semnat deja solicitarea de a negocia un contract colectiv de munc\u0103 \u0219i vor o majorare cu 35% a salariului de \u00eencadrare. \u0218oferii societ\u0103\u021bii de transport sper\u0103 ca de pe urma protestelor s\u0103 ob\u021bin\u0103 o discu\u021bie cu Consiliul de Administra\u021bie al STB. <\/strong><\/p>\n\n\n\n<figure class=\"wp-block-gallery columns-2 is-cropped wp-block-gallery-1 is-layout-flex wp-block-gallery-is-layout-flex\"><ul class=\"blocks-gallery-grid\"><li class=\"blocks-gallery-item\"><figure><a href=\"https:\/\/buletin.de\/bucuresti\/wp-content\/uploads\/WhatsApp-Image-2022-01-19-at-12.36.45.jpeg\"><img fetchpriority=\"high\" decoding=\"async\" width=\"900\" height=\"600\" src=\"data:image\/gif;base64,R0lGODlhAQABAAAAACH5BAEKAAEALAAAAAABAAEAAAICTAEAOw==\" data-src=\"https:\/\/buletin.de\/bucuresti\/wp-content\/uploads\/WhatsApp-Image-2022-01-19-at-12.36.45-900x600.jpeg\" alt=\"\" data-id=\"37390\" data-full-url=\"https:\/\/buletin.de\/bucuresti\/wp-content\/uploads\/WhatsApp-Image-2022-01-19-at-12.36.45.jpeg\" data-link=\"https:\/\/buletin.de\/bucuresti\/?attachment_id=37390\" class=\"wp-image-37390 lazyload\" data-sizes=\"auto\" data-srcset=\"https:\/\/buletin.de\/bucuresti\/wp-content\/uploads\/WhatsApp-Image-2022-01-19-at-12.36.45-900x600.jpeg 900w, https:\/\/buletin.de\/bucuresti\/wp-content\/uploads\/WhatsApp-Image-2022-01-19-at-12.36.45-300x200.jpeg 300w, https:\/\/buletin.de\/bucuresti\/wp-content\/uploads\/WhatsApp-Image-2022-01-19-at-12.36.45-768x512.jpeg 768w, https:\/\/buletin.de\/bucuresti\/wp-content\/uploads\/WhatsApp-Image-2022-01-19-at-12.36.45-1536x1023.jpeg 1536w, https:\/\/buletin.de\/bucuresti\/wp-content\/uploads\/WhatsApp-Image-2022-01-19-at-12.36.45-1060x706.jpeg 1060w, https:\/\/buletin.de\/bucuresti\/wp-content\/uploads\/WhatsApp-Image-2022-01-19-at-12.36.45-550x366.jpeg 550w, https:\/\/buletin.de\/bucuresti\/wp-content\/uploads\/WhatsApp-Image-2022-01-19-at-12.36.45-750x500.jpeg 750w, https:\/\/buletin.de\/bucuresti\/wp-content\/uploads\/WhatsApp-Image-2022-01-19-at-12.36.45-600x400.jpeg 600w, https:\/\/buletin.de\/bucuresti\/wp-content\/uploads\/WhatsApp-Image-2022-01-19-at-12.36.45.jpeg 1600w\" sizes=\"(max-width: 900px) 100vw, 900px\" \/><\/a><\/figure><\/li><li class=\"blocks-gallery-item\"><figure><a href=\"https:\/\/buletin.de\/bucuresti\/wp-content\/uploads\/WhatsApp-Image-2022-01-19-at-12.36.44-1.jpeg\"><img decoding=\"async\" width=\"900\" height=\"600\" src=\"data:image\/gif;base64,R0lGODlhAQABAAAAACH5BAEKAAEALAAAAAABAAEAAAICTAEAOw==\" data-src=\"https:\/\/buletin.de\/bucuresti\/wp-content\/uploads\/WhatsApp-Image-2022-01-19-at-12.36.44-1-900x600.jpeg\" alt=\"\" data-id=\"37391\" data-full-url=\"https:\/\/buletin.de\/bucuresti\/wp-content\/uploads\/WhatsApp-Image-2022-01-19-at-12.36.44-1.jpeg\" data-link=\"https:\/\/buletin.de\/bucuresti\/?attachment_id=37391\" class=\"wp-image-37391 lazyload\" data-sizes=\"auto\" data-srcset=\"https:\/\/buletin.de\/bucuresti\/wp-content\/uploads\/WhatsApp-Image-2022-01-19-at-12.36.44-1-900x600.jpeg 900w, https:\/\/buletin.de\/bucuresti\/wp-content\/uploads\/WhatsApp-Image-2022-01-19-at-12.36.44-1-300x200.jpeg 300w, https:\/\/buletin.de\/bucuresti\/wp-content\/uploads\/WhatsApp-Image-2022-01-19-at-12.36.44-1-768x512.jpeg 768w, https:\/\/buletin.de\/bucuresti\/wp-content\/uploads\/WhatsApp-Image-2022-01-19-at-12.36.44-1-1536x1023.jpeg 1536w, https:\/\/buletin.de\/bucuresti\/wp-content\/uploads\/WhatsApp-Image-2022-01-19-at-12.36.44-1-1060x706.jpeg 1060w, https:\/\/buletin.de\/bucuresti\/wp-content\/uploads\/WhatsApp-Image-2022-01-19-at-12.36.44-1-550x366.jpeg 550w, https:\/\/buletin.de\/bucuresti\/wp-content\/uploads\/WhatsApp-Image-2022-01-19-at-12.36.44-1-750x500.jpeg 750w, https:\/\/buletin.de\/bucuresti\/wp-content\/uploads\/WhatsApp-Image-2022-01-19-at-12.36.44-1-600x400.jpeg 600w, https:\/\/buletin.de\/bucuresti\/wp-content\/uploads\/WhatsApp-Image-2022-01-19-at-12.36.44-1.jpeg 1600w\" sizes=\"(max-width: 900px) 100vw, 900px\" \/><\/a><\/figure><\/li><li class=\"blocks-gallery-item\"><figure><a href=\"https:\/\/buletin.de\/bucuresti\/wp-content\/uploads\/WhatsApp-Image-2022-01-19-at-12.36.44.jpeg\"><img decoding=\"async\" width=\"900\" height=\"600\" src=\"data:image\/gif;base64,R0lGODlhAQABAAAAACH5BAEKAAEALAAAAAABAAEAAAICTAEAOw==\" data-src=\"https:\/\/buletin.de\/bucuresti\/wp-content\/uploads\/WhatsApp-Image-2022-01-19-at-12.36.44-900x600.jpeg\" alt=\"\" data-id=\"37392\" data-full-url=\"https:\/\/buletin.de\/bucuresti\/wp-content\/uploads\/WhatsApp-Image-2022-01-19-at-12.36.44.jpeg\" data-link=\"https:\/\/buletin.de\/bucuresti\/?attachment_id=37392\" class=\"wp-image-37392 lazyload\" data-sizes=\"auto\" data-srcset=\"https:\/\/buletin.de\/bucuresti\/wp-content\/uploads\/WhatsApp-Image-2022-01-19-at-12.36.44-900x600.jpeg 900w, https:\/\/buletin.de\/bucuresti\/wp-content\/uploads\/WhatsApp-Image-2022-01-19-at-12.36.44-300x200.jpeg 300w, https:\/\/buletin.de\/bucuresti\/wp-content\/uploads\/WhatsApp-Image-2022-01-19-at-12.36.44-768x512.jpeg 768w, https:\/\/buletin.de\/bucuresti\/wp-content\/uploads\/WhatsApp-Image-2022-01-19-at-12.36.44-1536x1023.jpeg 1536w, https:\/\/buletin.de\/bucuresti\/wp-content\/uploads\/WhatsApp-Image-2022-01-19-at-12.36.44-1060x706.jpeg 1060w, https:\/\/buletin.de\/bucuresti\/wp-content\/uploads\/WhatsApp-Image-2022-01-19-at-12.36.44-550x366.jpeg 550w, https:\/\/buletin.de\/bucuresti\/wp-content\/uploads\/WhatsApp-Image-2022-01-19-at-12.36.44-750x500.jpeg 750w, https:\/\/buletin.de\/bucuresti\/wp-content\/uploads\/WhatsApp-Image-2022-01-19-at-12.36.44-600x400.jpeg 600w, https:\/\/buletin.de\/bucuresti\/wp-content\/uploads\/WhatsApp-Image-2022-01-19-at-12.36.44.jpeg 1600w\" sizes=\"(max-width: 900px) 100vw, 900px\" \/><\/a><\/figure><\/li><\/ul><figcaption class=\"blocks-gallery-caption\">Protest organizat de angajatii STB la sediul institutiei din Bucuresti, miercuri 19 ianuarie 2022. Inquam Photos \/ George Calin<\/figcaption><\/figure>\n\n\n\n<p>Vasile Petrariu, Liderul Sindicatului Transportatorilor din Bucure\u0219ti a declarat pentru <a href=\"http:\/\/www.bucurestifm.ro\/2022\/01\/19\/protest-masiv-al-salariatilor-de-la-stb\/?fbclid=IwAR0Pqz-kpZwrxDYnNsauYbv2D2qXqJ4VBF9RzGK9U3ygJW158kEsHqdDyxs\">Bucure\u0219ti FM<\/a> c\u0103 sindicali\u0219tii sunt nemul\u021bumi\u021bi de refuzul directorului general interimar al STB SA, Adrian Cri\u021b, de a negocia un nou contract colectiv de munc\u0103, \u00een locul celui care a expirat la 31 decrmbrie.<\/p>\n\n\n\n<figure class=\"wp-block-image size-large\"><a href=\"https:\/\/buletin.de\/bucuresti\/wp-content\/uploads\/271977539_441397224352061_4159721916740436020_n-1.jpg\"><img loading=\"lazy\" decoding=\"async\" width=\"900\" height=\"749\" src=\"data:image\/gif;base64,R0lGODlhAQABAAAAACH5BAEKAAEALAAAAAABAAEAAAICTAEAOw==\" data-src=\"https:\/\/buletin.de\/bucuresti\/wp-content\/uploads\/271977539_441397224352061_4159721916740436020_n-1-900x749.jpg\" alt=\"\" class=\"wp-image-37389 lazyload\" data-sizes=\"auto\" data-srcset=\"https:\/\/buletin.de\/bucuresti\/wp-content\/uploads\/271977539_441397224352061_4159721916740436020_n-1-900x749.jpg 900w, https:\/\/buletin.de\/bucuresti\/wp-content\/uploads\/271977539_441397224352061_4159721916740436020_n-1-300x250.jpg 300w, https:\/\/buletin.de\/bucuresti\/wp-content\/uploads\/271977539_441397224352061_4159721916740436020_n-1-768x639.jpg 768w, https:\/\/buletin.de\/bucuresti\/wp-content\/uploads\/271977539_441397224352061_4159721916740436020_n-1-550x458.jpg 550w, https:\/\/buletin.de\/bucuresti\/wp-content\/uploads\/271977539_441397224352061_4159721916740436020_n-1-601x500.jpg 601w, https:\/\/buletin.de\/bucuresti\/wp-content\/uploads\/271977539_441397224352061_4159721916740436020_n-1-600x499.jpg 600w, https:\/\/buletin.de\/bucuresti\/wp-content\/uploads\/271977539_441397224352061_4159721916740436020_n-1.jpg 960w\" sizes=\"(max-width: 900px) 100vw, 900px\" \/><\/a><figcaption> Imagini de la protestul \u0219oferilor din fa\u021ba sediului STB. Surs\u0103 Foto: <a href=\"https:\/\/www.facebook.com\/floriantudor.ivan\/posts\/441394784352305?__cft__[0]=AZXVsxfvZk6BzYihJslRJKhAWzrwh-VKxumT6CSBbeFn8le9wcWlwQ3L85cCg3-tnOvkAH5q7A90qZH_0zC_FqjSnQD1yWixsOhAL2Zxn-t64Zkmy2uJzvplnUBfpY0CHeI&amp;__tn__=%2CO%2CP-R\">Facebook<\/a>\/Florian Tudor Ivan  <\/figcaption><\/figure>\n\n\n\n<p>Angaja\u0163ii Societ\u0103\u0163ii de Transport Bucure\u015fti sunt nemul\u021bumi\u021bi \u0219i c\u0103 Prim\u0103ria Capitalei nu investe\u0219te \u00een re\u021beaua de transport \u0219i mai mul\u021bi angaja\u021bi au fost concedia\u021bi. De asemenea, aces\u0163ia spun c\u0103 salariile sunt prea mici.<\/p>\n\n\n\n<figure class=\"wp-block-gallery columns-2 is-cropped wp-block-gallery-2 is-layout-flex wp-block-gallery-is-layout-flex\"><ul class=\"blocks-gallery-grid\"><li class=\"blocks-gallery-item\"><figure><a href=\"https:\/\/buletin.de\/bucuresti\/wp-content\/uploads\/269604870_441394757685641_7353504896082718585_n.jpg\"><img loading=\"lazy\" decoding=\"async\" width=\"600\" height=\"450\" src=\"data:image\/gif;base64,R0lGODlhAQABAAAAACH5BAEKAAEALAAAAAABAAEAAAICTAEAOw==\" data-src=\"https:\/\/buletin.de\/bucuresti\/wp-content\/uploads\/269604870_441394757685641_7353504896082718585_n.jpg\" alt=\"\" data-id=\"37387\" data-full-url=\"https:\/\/buletin.de\/bucuresti\/wp-content\/uploads\/269604870_441394757685641_7353504896082718585_n.jpg\" data-link=\"https:\/\/buletin.de\/bucuresti\/?attachment_id=37387\" class=\"wp-image-37387 lazyload\" data-sizes=\"auto\" data-srcset=\"https:\/\/buletin.de\/bucuresti\/wp-content\/uploads\/269604870_441394757685641_7353504896082718585_n.jpg 600w, https:\/\/buletin.de\/bucuresti\/wp-content\/uploads\/269604870_441394757685641_7353504896082718585_n-300x225.jpg 300w, https:\/\/buletin.de\/bucuresti\/wp-content\/uploads\/269604870_441394757685641_7353504896082718585_n-550x413.jpg 550w\" sizes=\"(max-width: 600px) 100vw, 600px\" \/><\/a><\/figure><\/li><li class=\"blocks-gallery-item\"><figure><a href=\"https:\/\/buletin.de\/bucuresti\/wp-content\/uploads\/268263201_441394724352311_5983277202078615678_n.jpg\"><img loading=\"lazy\" decoding=\"async\" width=\"900\" height=\"675\" src=\"data:image\/gif;base64,R0lGODlhAQABAAAAACH5BAEKAAEALAAAAAABAAEAAAICTAEAOw==\" data-src=\"https:\/\/buletin.de\/bucuresti\/wp-content\/uploads\/268263201_441394724352311_5983277202078615678_n-900x675.jpg\" alt=\"\" data-id=\"37388\" data-full-url=\"https:\/\/buletin.de\/bucuresti\/wp-content\/uploads\/268263201_441394724352311_5983277202078615678_n.jpg\" data-link=\"https:\/\/buletin.de\/bucuresti\/?attachment_id=37388\" class=\"wp-image-37388 lazyload\" data-sizes=\"auto\" data-srcset=\"https:\/\/buletin.de\/bucuresti\/wp-content\/uploads\/268263201_441394724352311_5983277202078615678_n-900x675.jpg 900w, https:\/\/buletin.de\/bucuresti\/wp-content\/uploads\/268263201_441394724352311_5983277202078615678_n-300x225.jpg 300w, https:\/\/buletin.de\/bucuresti\/wp-content\/uploads\/268263201_441394724352311_5983277202078615678_n-768x576.jpg 768w, https:\/\/buletin.de\/bucuresti\/wp-content\/uploads\/268263201_441394724352311_5983277202078615678_n-550x413.jpg 550w, https:\/\/buletin.de\/bucuresti\/wp-content\/uploads\/268263201_441394724352311_5983277202078615678_n-667x500.jpg 667w, https:\/\/buletin.de\/bucuresti\/wp-content\/uploads\/268263201_441394724352311_5983277202078615678_n-600x450.jpg 600w, https:\/\/buletin.de\/bucuresti\/wp-content\/uploads\/268263201_441394724352311_5983277202078615678_n.jpg 960w\" sizes=\"(max-width: 900px) 100vw, 900px\" \/><\/a><\/figure><\/li><\/ul><figcaption class=\"blocks-gallery-caption\">Imagini de la protestul \u0219oferilor din fa\u021ba sediului STB. Surs\u0103 Foto: <a href=\"https:\/\/www.facebook.com\/floriantudor.ivan\/posts\/441394784352305?__cft__[0]=AZXVsxfvZk6BzYihJslRJKhAWzrwh-VKxumT6CSBbeFn8le9wcWlwQ3L85cCg3-tnOvkAH5q7A90qZH_0zC_FqjSnQD1yWixsOhAL2Zxn-t64Zkmy2uJzvplnUBfpY0CHeI&amp;__tn__=%2CO%2CP-R\">Facebook<\/a>\/Florian Tudor Ivan <\/figcaption><\/figure>\n\n\n\n<p>Este a doua zi de proteste \u00een fa\u021ba sediului STB. Pe 17 ianuarie angaja\u021bii societ\u0103\u021bii au demonstrat \u0219i \u00een fa\u021ba Prim\u0103riei Generale cer\u00e2nd investi\u021bii \u00een re\u021beaua de transport \u00een comun.<\/p>\n\n\n\n<p>Surs\u0103 cover: Inquam Photos \/ George Calin <\/p>\n","protected":false},"excerpt":{"rendered":"<p>Aproximativ 1500 de angaja\u021bi ai Societ\u0103\u021bii de Transport Bucure\u0219ti protesteaz\u0103, de la ora 11:00, \u00een fa\u021ba sediului STB pentru a cere noi condi\u021bii de munc\u0103, dar \u0219i salarii mai mari. Mai mul\u021bi angaja\u021bi STB au semnat deja solicitarea de a negocia un contract colectiv de munc\u0103 \u0219i vor o majorare cu 35% a salariului de [&hellip;]<\/p>\n","protected":false},"author":17,"featured_media":37390,"comment_status":"closed","ping_status":"open","sticky":false,"template":"","format":"standard","meta":{"_acf_changed":false,"inline_featured_image":false,"ngg_post_thumbnail":0,"footnotes":""},"categories":[62],"tags":[3465,130,3839,1899,104,3837,3840,402],"ppma_author":[22576],"class_list":["post-37386","post","type-post","status-publish","format-standard","has-post-thumbnail","hentry","category-stiri","tag-adrian-crit-2","tag-autobuze","tag-contract-de-munca","tag-nicusor-dan-2","tag-pmb","tag-slalrii-mici","tag-soferi","tag-stb"],"acf":[],"yoast_head":"<!-- This site is optimized with the Yoast SEO Premium plugin v25.3 (Yoast SEO v27.4) - https:\/\/yoast.com\/product\/yoast-seo-premium-wordpress\/ -->\n<title>Protest la STB. Angaja\u021bii vor salarii mai mari cu 35% - Buletin de Bucure\u0219ti<\/title>\n<meta name=\"robots\" content=\"index, follow, max-snippet:-1, max-image-preview:large, max-video-preview:-1\" \/>\n<link rel=\"canonical\" href=\"https:\/\/buletin.de\/bucuresti\/protest-la-stb-angajatii-vor-salarii-mai-mari-cu-35\/\" \/>\n<meta property=\"og:locale\" content=\"en_GB\" \/>\n<meta property=\"og:type\" content=\"article\" \/>\n<meta property=\"og:title\" content=\"Protest la STB. Angaja\u021bii vor salarii mai mari cu 35%\" \/>\n<meta property=\"og:description\" content=\"Aproximativ 1500 de angaja\u021bi ai Societ\u0103\u021bii de Transport Bucure\u0219ti protesteaz\u0103, de la ora 11:00, \u00een fa\u021ba sediului STB pentru a cere noi condi\u021bii de munc\u0103, dar \u0219i salarii mai mari. Mai mul\u021bi angaja\u021bi STB au semnat deja solicitarea de a negocia un contract colectiv de munc\u0103 \u0219i vor o majorare cu 35% a salariului de [&hellip;]\" \/>\n<meta property=\"og:url\" content=\"https:\/\/buletin.de\/bucuresti\/protest-la-stb-angajatii-vor-salarii-mai-mari-cu-35\/\" \/>\n<meta property=\"og:site_name\" content=\"Buletin de Bucure\u0219ti\" \/>\n<meta property=\"article:publisher\" content=\"https:\/\/www.facebook.com\/buletin.de.buc\" \/>\n<meta property=\"article:published_time\" content=\"2022-01-19T10:58:04+00:00\" \/>\n<meta property=\"article:modified_time\" content=\"2022-01-19T11:02:46+00:00\" \/>\n<meta property=\"og:image\" content=\"https:\/\/buletin.de\/bucuresti\/wp-content\/uploads\/WhatsApp-Image-2022-01-19-at-12.36.45.jpeg\" \/>\n\t<meta property=\"og:image:width\" content=\"1600\" \/>\n\t<meta property=\"og:image:height\" content=\"1066\" \/>\n\t<meta property=\"og:image:type\" content=\"image\/jpeg\" \/>\n<meta name=\"author\" content=\"Florin R\u00e2\u0219teiu\" \/>\n<meta name=\"twitter:card\" content=\"summary_large_image\" \/>\n<meta name=\"twitter:label1\" content=\"Written by\" \/>\n\t<meta name=\"twitter:data1\" content=\"Florin R\u00e2\u0219teiu\" \/>\n\t<meta name=\"twitter:label2\" content=\"Estimated reading time\" \/>\n\t<meta name=\"twitter:data2\" content=\"3 minutes\" \/>\n<script type=\"application\/ld+json\" class=\"yoast-schema-graph\">{\"@context\":\"https:\\\/\\\/schema.org\",\"@graph\":[{\"@type\":\"Article\",\"@id\":\"https:\\\/\\\/buletin.de\\\/bucuresti\\\/protest-la-stb-angajatii-vor-salarii-mai-mari-cu-35\\\/#article\",\"isPartOf\":{\"@id\":\"https:\\\/\\\/buletin.de\\\/bucuresti\\\/protest-la-stb-angajatii-vor-salarii-mai-mari-cu-35\\\/\"},\"author\":{\"name\":\"Florin R\u00e2\u0219teiu\",\"@id\":\"https:\\\/\\\/buletin.de\\\/bucuresti\\\/#\\\/schema\\\/person\\\/b0686d7a8b666c6afc78239777fd8a89\"},\"headline\":\"Protest la STB. Angaja\u021bii vor salarii mai mari cu 35%\",\"datePublished\":\"2022-01-19T10:58:04+00:00\",\"dateModified\":\"2022-01-19T11:02:46+00:00\",\"mainEntityOfPage\":{\"@id\":\"https:\\\/\\\/buletin.de\\\/bucuresti\\\/protest-la-stb-angajatii-vor-salarii-mai-mari-cu-35\\\/\"},\"wordCount\":278,\"publisher\":{\"@id\":\"https:\\\/\\\/buletin.de\\\/bucuresti\\\/#organization\"},\"image\":{\"@id\":\"https:\\\/\\\/buletin.de\\\/bucuresti\\\/protest-la-stb-angajatii-vor-salarii-mai-mari-cu-35\\\/#primaryimage\"},\"thumbnailUrl\":\"https:\\\/\\\/buletin.de\\\/bucuresti\\\/wp-content\\\/uploads\\\/WhatsApp-Image-2022-01-19-at-12.36.45.jpeg\",\"keywords\":[\"Adrian Cri\u021b\",\"autobuze\",\"contract de munc\u0103\",\"Nicu\u0219or Dan\",\"pmb\",\"Slalrii mici\",\"\u0219oferi\",\"stb\"],\"articleSection\":[\"\u0218tiri\"],\"inLanguage\":\"en-GB\",\"copyrightYear\":\"2022\",\"copyrightHolder\":{\"@id\":\"https:\\\/\\\/buletin.de\\\/bucuresti\\\/#organization\"}},{\"@type\":\"WebPage\",\"@id\":\"https:\\\/\\\/buletin.de\\\/bucuresti\\\/protest-la-stb-angajatii-vor-salarii-mai-mari-cu-35\\\/\",\"url\":\"https:\\\/\\\/buletin.de\\\/bucuresti\\\/protest-la-stb-angajatii-vor-salarii-mai-mari-cu-35\\\/\",\"name\":\"Protest la STB. Angaja\u021bii vor salarii mai mari cu 35% - Buletin de Bucure\u0219ti\",\"isPartOf\":{\"@id\":\"https:\\\/\\\/buletin.de\\\/bucuresti\\\/#website\"},\"primaryImageOfPage\":{\"@id\":\"https:\\\/\\\/buletin.de\\\/bucuresti\\\/protest-la-stb-angajatii-vor-salarii-mai-mari-cu-35\\\/#primaryimage\"},\"image\":{\"@id\":\"https:\\\/\\\/buletin.de\\\/bucuresti\\\/protest-la-stb-angajatii-vor-salarii-mai-mari-cu-35\\\/#primaryimage\"},\"thumbnailUrl\":\"https:\\\/\\\/buletin.de\\\/bucuresti\\\/wp-content\\\/uploads\\\/WhatsApp-Image-2022-01-19-at-12.36.45.jpeg\",\"datePublished\":\"2022-01-19T10:58:04+00:00\",\"dateModified\":\"2022-01-19T11:02:46+00:00\",\"breadcrumb\":{\"@id\":\"https:\\\/\\\/buletin.de\\\/bucuresti\\\/protest-la-stb-angajatii-vor-salarii-mai-mari-cu-35\\\/#breadcrumb\"},\"inLanguage\":\"en-GB\",\"potentialAction\":[{\"@type\":\"ReadAction\",\"target\":[\"https:\\\/\\\/buletin.de\\\/bucuresti\\\/protest-la-stb-angajatii-vor-salarii-mai-mari-cu-35\\\/\"]}]},{\"@type\":\"ImageObject\",\"inLanguage\":\"en-GB\",\"@id\":\"https:\\\/\\\/buletin.de\\\/bucuresti\\\/protest-la-stb-angajatii-vor-salarii-mai-mari-cu-35\\\/#primaryimage\",\"url\":\"https:\\\/\\\/buletin.de\\\/bucuresti\\\/wp-content\\\/uploads\\\/WhatsApp-Image-2022-01-19-at-12.36.45.jpeg\",\"contentUrl\":\"https:\\\/\\\/buletin.de\\\/bucuresti\\\/wp-content\\\/uploads\\\/WhatsApp-Image-2022-01-19-at-12.36.45.jpeg\",\"width\":1600,\"height\":1066},{\"@type\":\"BreadcrumbList\",\"@id\":\"https:\\\/\\\/buletin.de\\\/bucuresti\\\/protest-la-stb-angajatii-vor-salarii-mai-mari-cu-35\\\/#breadcrumb\",\"itemListElement\":[{\"@type\":\"ListItem\",\"position\":1,\"name\":\"Acas\u0103\",\"item\":\"https:\\\/\\\/buletin.de\\\/bucuresti\\\/\"},{\"@type\":\"ListItem\",\"position\":2,\"name\":\"Protest la STB. Angaja\u021bii vor salarii mai mari cu 35%\"}]},{\"@type\":\"WebSite\",\"@id\":\"https:\\\/\\\/buletin.de\\\/bucuresti\\\/#website\",\"url\":\"https:\\\/\\\/buletin.de\\\/bucuresti\\\/\",\"name\":\"Buletin de Bucure\u0219ti\",\"description\":\"\u0218tiri \u0219i investiga\u021bii esen\u021biale din capital\u0103\",\"publisher\":{\"@id\":\"https:\\\/\\\/buletin.de\\\/bucuresti\\\/#organization\"},\"potentialAction\":[{\"@type\":\"SearchAction\",\"target\":{\"@type\":\"EntryPoint\",\"urlTemplate\":\"https:\\\/\\\/buletin.de\\\/bucuresti\\\/?s={search_term_string}\"},\"query-input\":{\"@type\":\"PropertyValueSpecification\",\"valueRequired\":true,\"valueName\":\"search_term_string\"}}],\"inLanguage\":\"en-GB\"},{\"@type\":\"Organization\",\"@id\":\"https:\\\/\\\/buletin.de\\\/bucuresti\\\/#organization\",\"name\":\"Buletin de Bucure\u0219ti\",\"url\":\"https:\\\/\\\/buletin.de\\\/bucuresti\\\/\",\"logo\":{\"@type\":\"ImageObject\",\"inLanguage\":\"en-GB\",\"@id\":\"https:\\\/\\\/buletin.de\\\/bucuresti\\\/#\\\/schema\\\/logo\\\/image\\\/\",\"url\":\"https:\\\/\\\/buletin.de\\\/bucuresti\\\/wp-content\\\/uploads\\\/logo-bdb-full-wide-vernil-transparent.png\",\"contentUrl\":\"https:\\\/\\\/buletin.de\\\/bucuresti\\\/wp-content\\\/uploads\\\/logo-bdb-full-wide-vernil-transparent.png\",\"width\":1782,\"height\":626,\"caption\":\"Buletin de Bucure\u0219ti\"},\"image\":{\"@id\":\"https:\\\/\\\/buletin.de\\\/bucuresti\\\/#\\\/schema\\\/logo\\\/image\\\/\"},\"sameAs\":[\"https:\\\/\\\/www.facebook.com\\\/buletin.de.buc\",\"https:\\\/\\\/www.instagram.com\\\/buletinde.bucuresti\\\/\"]},{\"@type\":\"Person\",\"@id\":\"https:\\\/\\\/buletin.de\\\/bucuresti\\\/#\\\/schema\\\/person\\\/b0686d7a8b666c6afc78239777fd8a89\",\"name\":\"Florin R\u00e2\u0219teiu\",\"image\":{\"@type\":\"ImageObject\",\"inLanguage\":\"en-GB\",\"@id\":\"https:\\\/\\\/buletin.de\\\/bucuresti\\\/wp-content\\\/uploads\\\/Florin-Rasteiu-96x96.jpgf0a6fe28453aa12f0a60e4d0a2e3a78c\",\"url\":\"https:\\\/\\\/buletin.de\\\/bucuresti\\\/wp-content\\\/uploads\\\/Florin-Rasteiu-96x96.jpg\",\"contentUrl\":\"https:\\\/\\\/buletin.de\\\/bucuresti\\\/wp-content\\\/uploads\\\/Florin-Rasteiu-96x96.jpg\",\"caption\":\"Florin R\u00e2\u0219teiu\"},\"description\":\"Jurnalist de investiga\u021bie. Lucreaz\u0103 de aproape 6 ani la Buletin de Bucure\u0219ti, unde a publicat articole care scot la suprafa\u021b\u0103 corup\u021bia din Capital\u0103. Analizeaz\u0103 baze de date zilnic \u0219i scoate pove\u0219ti din exceluri pline de cifre. Pune reflectorul pe adev\u0103r cu fiecare ocazie. A c\u00e2\u0219tigat premiul I la categoria Pres\u0103 Local\u0103 \u00een 2025 \u0219i locul al II-lea la aceea\u0219i categorie \u00een 2024 \u00een cadrul Premiilor Superscrieri pentru jurnalism independent.\",\"url\":\"https:\\\/\\\/buletin.de\\\/bucuresti\\\/author\\\/florinrasteiu\\\/\"}]}<\/script>\n<!-- \/ Yoast SEO Premium plugin. -->","yoast_head_json":{"title":"Protest la STB. Angaja\u021bii vor salarii mai mari cu 35% - Buletin de Bucure\u0219ti","robots":{"index":"index","follow":"follow","max-snippet":"max-snippet:-1","max-image-preview":"max-image-preview:large","max-video-preview":"max-video-preview:-1"},"canonical":"https:\/\/buletin.de\/bucuresti\/protest-la-stb-angajatii-vor-salarii-mai-mari-cu-35\/","og_locale":"en_GB","og_type":"article","og_title":"Protest la STB. Angaja\u021bii vor salarii mai mari cu 35%","og_description":"Aproximativ 1500 de angaja\u021bi ai Societ\u0103\u021bii de Transport Bucure\u0219ti protesteaz\u0103, de la ora 11:00, \u00een fa\u021ba sediului STB pentru a cere noi condi\u021bii de munc\u0103, dar \u0219i salarii mai mari. Mai mul\u021bi angaja\u021bi STB au semnat deja solicitarea de a negocia un contract colectiv de munc\u0103 \u0219i vor o majorare cu 35% a salariului de [&hellip;]","og_url":"https:\/\/buletin.de\/bucuresti\/protest-la-stb-angajatii-vor-salarii-mai-mari-cu-35\/","og_site_name":"Buletin de Bucure\u0219ti","article_publisher":"https:\/\/www.facebook.com\/buletin.de.buc","article_published_time":"2022-01-19T10:58:04+00:00","article_modified_time":"2022-01-19T11:02:46+00:00","og_image":[{"width":1600,"height":1066,"url":"https:\/\/buletin.de\/bucuresti\/wp-content\/uploads\/WhatsApp-Image-2022-01-19-at-12.36.45.jpeg","type":"image\/jpeg"}],"author":"Florin R\u00e2\u0219teiu","twitter_card":"summary_large_image","twitter_misc":{"Written by":"Florin R\u00e2\u0219teiu","Estimated reading time":"3 minutes"},"schema":{"@context":"https:\/\/schema.org","@graph":[{"@type":"Article","@id":"https:\/\/buletin.de\/bucuresti\/protest-la-stb-angajatii-vor-salarii-mai-mari-cu-35\/#article","isPartOf":{"@id":"https:\/\/buletin.de\/bucuresti\/protest-la-stb-angajatii-vor-salarii-mai-mari-cu-35\/"},"author":{"name":"Florin R\u00e2\u0219teiu","@id":"https:\/\/buletin.de\/bucuresti\/#\/schema\/person\/b0686d7a8b666c6afc78239777fd8a89"},"headline":"Protest la STB. Angaja\u021bii vor salarii mai mari cu 35%","datePublished":"2022-01-19T10:58:04+00:00","dateModified":"2022-01-19T11:02:46+00:00","mainEntityOfPage":{"@id":"https:\/\/buletin.de\/bucuresti\/protest-la-stb-angajatii-vor-salarii-mai-mari-cu-35\/"},"wordCount":278,"publisher":{"@id":"https:\/\/buletin.de\/bucuresti\/#organization"},"image":{"@id":"https:\/\/buletin.de\/bucuresti\/protest-la-stb-angajatii-vor-salarii-mai-mari-cu-35\/#primaryimage"},"thumbnailUrl":"https:\/\/buletin.de\/bucuresti\/wp-content\/uploads\/WhatsApp-Image-2022-01-19-at-12.36.45.jpeg","keywords":["Adrian Cri\u021b","autobuze","contract de munc\u0103","Nicu\u0219or Dan","pmb","Slalrii mici","\u0219oferi","stb"],"articleSection":["\u0218tiri"],"inLanguage":"en-GB","copyrightYear":"2022","copyrightHolder":{"@id":"https:\/\/buletin.de\/bucuresti\/#organization"}},{"@type":"WebPage","@id":"https:\/\/buletin.de\/bucuresti\/protest-la-stb-angajatii-vor-salarii-mai-mari-cu-35\/","url":"https:\/\/buletin.de\/bucuresti\/protest-la-stb-angajatii-vor-salarii-mai-mari-cu-35\/","name":"Protest la STB. Angaja\u021bii vor salarii mai mari cu 35% - Buletin de Bucure\u0219ti","isPartOf":{"@id":"https:\/\/buletin.de\/bucuresti\/#website"},"primaryImageOfPage":{"@id":"https:\/\/buletin.de\/bucuresti\/protest-la-stb-angajatii-vor-salarii-mai-mari-cu-35\/#primaryimage"},"image":{"@id":"https:\/\/buletin.de\/bucuresti\/protest-la-stb-angajatii-vor-salarii-mai-mari-cu-35\/#primaryimage"},"thumbnailUrl":"https:\/\/buletin.de\/bucuresti\/wp-content\/uploads\/WhatsApp-Image-2022-01-19-at-12.36.45.jpeg","datePublished":"2022-01-19T10:58:04+00:00","dateModified":"2022-01-19T11:02:46+00:00","breadcrumb":{"@id":"https:\/\/buletin.de\/bucuresti\/protest-la-stb-angajatii-vor-salarii-mai-mari-cu-35\/#breadcrumb"},"inLanguage":"en-GB","potentialAction":[{"@type":"ReadAction","target":["https:\/\/buletin.de\/bucuresti\/protest-la-stb-angajatii-vor-salarii-mai-mari-cu-35\/"]}]},{"@type":"ImageObject","inLanguage":"en-GB","@id":"https:\/\/buletin.de\/bucuresti\/protest-la-stb-angajatii-vor-salarii-mai-mari-cu-35\/#primaryimage","url":"https:\/\/buletin.de\/bucuresti\/wp-content\/uploads\/WhatsApp-Image-2022-01-19-at-12.36.45.jpeg","contentUrl":"https:\/\/buletin.de\/bucuresti\/wp-content\/uploads\/WhatsApp-Image-2022-01-19-at-12.36.45.jpeg","width":1600,"height":1066},{"@type":"BreadcrumbList","@id":"https:\/\/buletin.de\/bucuresti\/protest-la-stb-angajatii-vor-salarii-mai-mari-cu-35\/#breadcrumb","itemListElement":[{"@type":"ListItem","position":1,"name":"Acas\u0103","item":"https:\/\/buletin.de\/bucuresti\/"},{"@type":"ListItem","position":2,"name":"Protest la STB. Angaja\u021bii vor salarii mai mari cu 35%"}]},{"@type":"WebSite","@id":"https:\/\/buletin.de\/bucuresti\/#website","url":"https:\/\/buletin.de\/bucuresti\/","name":"Buletin de Bucure\u0219ti","description":"\u0218tiri \u0219i investiga\u021bii esen\u021biale din capital\u0103","publisher":{"@id":"https:\/\/buletin.de\/bucuresti\/#organization"},"potentialAction":[{"@type":"SearchAction","target":{"@type":"EntryPoint","urlTemplate":"https:\/\/buletin.de\/bucuresti\/?s={search_term_string}"},"query-input":{"@type":"PropertyValueSpecification","valueRequired":true,"valueName":"search_term_string"}}],"inLanguage":"en-GB"},{"@type":"Organization","@id":"https:\/\/buletin.de\/bucuresti\/#organization","name":"Buletin de Bucure\u0219ti","url":"https:\/\/buletin.de\/bucuresti\/","logo":{"@type":"ImageObject","inLanguage":"en-GB","@id":"https:\/\/buletin.de\/bucuresti\/#\/schema\/logo\/image\/","url":"https:\/\/buletin.de\/bucuresti\/wp-content\/uploads\/logo-bdb-full-wide-vernil-transparent.png","contentUrl":"https:\/\/buletin.de\/bucuresti\/wp-content\/uploads\/logo-bdb-full-wide-vernil-transparent.png","width":1782,"height":626,"caption":"Buletin de Bucure\u0219ti"},"image":{"@id":"https:\/\/buletin.de\/bucuresti\/#\/schema\/logo\/image\/"},"sameAs":["https:\/\/www.facebook.com\/buletin.de.buc","https:\/\/www.instagram.com\/buletinde.bucuresti\/"]},{"@type":"Person","@id":"https:\/\/buletin.de\/bucuresti\/#\/schema\/person\/b0686d7a8b666c6afc78239777fd8a89","name":"Florin R\u00e2\u0219teiu","image":{"@type":"ImageObject","inLanguage":"en-GB","@id":"https:\/\/buletin.de\/bucuresti\/wp-content\/uploads\/Florin-Rasteiu-96x96.jpgf0a6fe28453aa12f0a60e4d0a2e3a78c","url":"https:\/\/buletin.de\/bucuresti\/wp-content\/uploads\/Florin-Rasteiu-96x96.jpg","contentUrl":"https:\/\/buletin.de\/bucuresti\/wp-content\/uploads\/Florin-Rasteiu-96x96.jpg","caption":"Florin R\u00e2\u0219teiu"},"description":"Jurnalist de investiga\u021bie. Lucreaz\u0103 de aproape 6 ani la Buletin de Bucure\u0219ti, unde a publicat articole care scot la suprafa\u021b\u0103 corup\u021bia din Capital\u0103. Analizeaz\u0103 baze de date zilnic \u0219i scoate pove\u0219ti din exceluri pline de cifre. Pune reflectorul pe adev\u0103r cu fiecare ocazie. A c\u00e2\u0219tigat premiul I la categoria Pres\u0103 Local\u0103 \u00een 2025 \u0219i locul al II-lea la aceea\u0219i categorie \u00een 2024 \u00een cadrul Premiilor Superscrieri pentru jurnalism independent.","url":"https:\/\/buletin.de\/bucuresti\/author\/florinrasteiu\/"}]}},"authors":[{"term_id":22576,"user_id":17,"is_guest":0,"slug":"florinrasteiu","display_name":"Florin R\u00e2\u0219teiu","avatar_url":"https:\/\/buletin.de\/bucuresti\/wp-content\/uploads\/Florin-Rasteiu-96x96.jpg","0":null,"1":"","2":"","3":"","4":"","5":"","6":"","7":"","8":""}],"_links":{"self":[{"href":"https:\/\/buletin.de\/bucuresti\/wp-json\/wp\/v2\/posts\/37386","targetHints":{"allow":["GET"]}}],"collection":[{"href":"https:\/\/buletin.de\/bucuresti\/wp-json\/wp\/v2\/posts"}],"about":[{"href":"https:\/\/buletin.de\/bucuresti\/wp-json\/wp\/v2\/types\/post"}],"author":[{"embeddable":true,"href":"https:\/\/buletin.de\/bucuresti\/wp-json\/wp\/v2\/users\/17"}],"replies":[{"embeddable":true,"href":"https:\/\/buletin.de\/bucuresti\/wp-json\/wp\/v2\/comments?post=37386"}],"version-history":[{"count":3,"href":"https:\/\/buletin.de\/bucuresti\/wp-json\/wp\/v2\/posts\/37386\/revisions"}],"predecessor-version":[{"id":37397,"href":"https:\/\/buletin.de\/bucuresti\/wp-json\/wp\/v2\/posts\/37386\/revisions\/37397"}],"wp:featuredmedia":[{"embeddable":true,"href":"https:\/\/buletin.de\/bucuresti\/wp-json\/wp\/v2\/media\/37390"}],"wp:attachment":[{"href":"https:\/\/buletin.de\/bucuresti\/wp-json\/wp\/v2\/media?parent=37386"}],"wp:term":[{"taxonomy":"category","embeddable":true,"href":"https:\/\/buletin.de\/bucuresti\/wp-json\/wp\/v2\/categories?post=37386"},{"taxonomy":"post_tag","embeddable":true,"href":"https:\/\/buletin.de\/bucuresti\/wp-json\/wp\/v2\/tags?post=37386"},{"taxonomy":"author","embeddable":true,"href":"https:\/\/buletin.de\/bucuresti\/wp-json\/wp\/v2\/ppma_author?post=37386"}],"curies":[{"name":"wp","href":"https:\/\/api.w.org\/{rel}","templated":true}]}}