{"id":37242,"date":"2022-01-14T11:24:56","date_gmt":"2022-01-14T09:24:56","guid":{"rendered":"https:\/\/buletin.de\/bucuresti\/?p=37242"},"modified":"2022-01-14T11:24:57","modified_gmt":"2022-01-14T09:24:57","slug":"o-noua-linie-de-autobuz-pentru-locuitorii-cartierelor-andronache-si-henri-coanda-de-sambata","status":"publish","type":"post","link":"https:\/\/buletin.de\/bucuresti\/o-noua-linie-de-autobuz-pentru-locuitorii-cartierelor-andronache-si-henri-coanda-de-sambata\/","title":{"rendered":"O nou\u0103 linie de autobuz pentru locuitorii cartierelor Andronache \u0219i Henri Coand\u0103, de s\u00e2mb\u0103t\u0103"},"content":{"rendered":"\n<p><strong><strong>Locuitorii din dou\u0103 zone din Capital\u0103, cartierele Andronache \u0219i Henri Coand\u0103, vor beneficia de o nou\u0103 linie de autobuz. S\u00e2mb\u0103t\u0103 se va circula pentru prima dat\u0103 pe linia 343, rezultat\u0103 din unificarea actualelor linii de autobuz 231 \u0219i 343. Noul traseu va asigura pentru c\u0103l\u0103tori conexiuni cu alte mijloace de transport \u00een comun, precum leg\u0103tura cu linia de tramvai 21 \u0219i sta\u021biile de metrou Aviatorilor \u0219i Aurel Vlaicu.&nbsp;<\/strong><\/strong><\/p>\n\n\n\n<p>Linia 343 va func\u021biona \u00eentre terminalele \u201eFundeni\u201d \u0219i \u201eCartier Henri Coand\u0103\u201d, de la terminalul \u201eFundeni\u201d, pe actualul traseu, p\u00e2n\u0103 la intersec\u021bia \u0218oselei Fundeni cu \u0218oseaua Colentina, apoi pe strada Gherghi\u021bei, din Cartierul Andronache. De aici, autobuzele liniei 343 vor circula pe Strada Fabrica de Glucoz\u0103, Calea Floreasca, Radu Beller, Pia\u021ba Doroban\u021bi, Calea Doroban\u021bi, Bulevardul Aviatorilor, \u0218oseaua Pipera, Strada C\u00e2mpul Pipera, terminal \u201eCartier Henri Coand\u0103\u201d, cu \u00eentoarcere pe acela\u0219i traseu.<\/p>\n\n\n\n<p>Potrivit Asocia\u021biei de Dezvoltare Intercomunitar\u0103 pentru Transport Public Bucure\u0219ti-Ilfov (TPBI), decizia de \u00eenfiin\u021bare a acestei linii face parte dintr-o serie de m\u0103suri care au ca scop \u00eembun\u0103t\u0103\u021birea transportului \u00een comun prin extinderea re\u021belei c\u0103tre zone care \u00een prezent nu beneficiaz\u0103 \u00een mod direct de acest serviciu.<\/p>\n\n\n\n<p>Surs\u0103 Foto: <a href=\"https:\/\/www.facebook.com\/100068931410345\/posts\/234936905480688\/\">Facebook<\/a>\/Prim\u0103ria Municipiului Bucure\u0219ti <\/p>\n","protected":false},"excerpt":{"rendered":"<p>Locuitorii din dou\u0103 zone din Capital\u0103, cartierele Andronache \u0219i Henri Coand\u0103, vor beneficia de o nou\u0103 linie de autobuz. S\u00e2mb\u0103t\u0103 se va circula pentru prima dat\u0103 pe linia 343, rezultat\u0103 din unificarea actualelor linii de autobuz 231 \u0219i 343. Noul traseu va asigura pentru c\u0103l\u0103tori conexiuni cu alte mijloace de transport \u00een comun, precum leg\u0103tura [&hellip;]<\/p>\n","protected":false},"author":17,"featured_media":37257,"comment_status":"closed","ping_status":"open","sticky":false,"template":"","format":"standard","meta":{"_acf_changed":false,"inline_featured_image":false,"ngg_post_thumbnail":0,"footnotes":""},"categories":[62],"tags":[],"ppma_author":[22576],"class_list":["post-37242","post","type-post","status-publish","format-standard","has-post-thumbnail","hentry","category-stiri"],"acf":[],"yoast_head":"<!-- This site is optimized with the Yoast SEO Premium plugin v25.3 (Yoast SEO v27.5) - https:\/\/yoast.com\/product\/yoast-seo-premium-wordpress\/ -->\n<title>O nou\u0103 linie de autobuz pentru locuitorii cartierelor Andronache \u0219i Henri Coand\u0103, de s\u00e2mb\u0103t\u0103 - Buletin de Bucure\u0219ti<\/title>\n<meta name=\"robots\" content=\"index, follow, max-snippet:-1, max-image-preview:large, max-video-preview:-1\" \/>\n<link rel=\"canonical\" href=\"https:\/\/buletin.de\/bucuresti\/o-noua-linie-de-autobuz-pentru-locuitorii-cartierelor-andronache-si-henri-coanda-de-sambata\/\" \/>\n<meta property=\"og:locale\" content=\"en_GB\" \/>\n<meta property=\"og:type\" content=\"article\" \/>\n<meta property=\"og:title\" content=\"O nou\u0103 linie de autobuz pentru locuitorii cartierelor Andronache \u0219i Henri Coand\u0103, de s\u00e2mb\u0103t\u0103\" \/>\n<meta property=\"og:description\" content=\"Locuitorii din dou\u0103 zone din Capital\u0103, cartierele Andronache \u0219i Henri Coand\u0103, vor beneficia de o nou\u0103 linie de autobuz. S\u00e2mb\u0103t\u0103 se va circula pentru prima dat\u0103 pe linia 343, rezultat\u0103 din unificarea actualelor linii de autobuz 231 \u0219i 343. Noul traseu va asigura pentru c\u0103l\u0103tori conexiuni cu alte mijloace de transport \u00een comun, precum leg\u0103tura [&hellip;]\" \/>\n<meta property=\"og:url\" content=\"https:\/\/buletin.de\/bucuresti\/o-noua-linie-de-autobuz-pentru-locuitorii-cartierelor-andronache-si-henri-coanda-de-sambata\/\" \/>\n<meta property=\"og:site_name\" content=\"Buletin de Bucure\u0219ti\" \/>\n<meta property=\"article:publisher\" content=\"https:\/\/www.facebook.com\/buletin.de.buc\" \/>\n<meta property=\"article:published_time\" content=\"2022-01-14T09:24:56+00:00\" \/>\n<meta property=\"article:modified_time\" content=\"2022-01-14T09:24:57+00:00\" \/>\n<meta property=\"og:image\" content=\"https:\/\/buletin.de\/bucuresti\/wp-content\/uploads\/autobuze-4.jpg\" \/>\n\t<meta property=\"og:image:width\" content=\"960\" \/>\n\t<meta property=\"og:image:height\" content=\"640\" \/>\n\t<meta property=\"og:image:type\" content=\"image\/jpeg\" \/>\n<meta name=\"author\" content=\"Florin R\u00e2\u0219teiu\" \/>\n<meta name=\"twitter:card\" content=\"summary_large_image\" \/>\n<meta name=\"twitter:label1\" content=\"Written by\" \/>\n\t<meta name=\"twitter:data1\" content=\"Florin R\u00e2\u0219teiu\" \/>\n\t<meta name=\"twitter:label2\" content=\"Estimated reading time\" \/>\n\t<meta name=\"twitter:data2\" content=\"1 minute\" \/>\n<script type=\"application\/ld+json\" class=\"yoast-schema-graph\">{\"@context\":\"https:\\\/\\\/schema.org\",\"@graph\":[{\"@type\":\"Article\",\"@id\":\"https:\\\/\\\/buletin.de\\\/bucuresti\\\/o-noua-linie-de-autobuz-pentru-locuitorii-cartierelor-andronache-si-henri-coanda-de-sambata\\\/#article\",\"isPartOf\":{\"@id\":\"https:\\\/\\\/buletin.de\\\/bucuresti\\\/o-noua-linie-de-autobuz-pentru-locuitorii-cartierelor-andronache-si-henri-coanda-de-sambata\\\/\"},\"author\":{\"name\":\"Florin R\u00e2\u0219teiu\",\"@id\":\"https:\\\/\\\/buletin.de\\\/bucuresti\\\/#\\\/schema\\\/person\\\/b0686d7a8b666c6afc78239777fd8a89\"},\"headline\":\"O nou\u0103 linie de autobuz pentru locuitorii cartierelor Andronache \u0219i Henri Coand\u0103, de s\u00e2mb\u0103t\u0103\",\"datePublished\":\"2022-01-14T09:24:56+00:00\",\"dateModified\":\"2022-01-14T09:24:57+00:00\",\"mainEntityOfPage\":{\"@id\":\"https:\\\/\\\/buletin.de\\\/bucuresti\\\/o-noua-linie-de-autobuz-pentru-locuitorii-cartierelor-andronache-si-henri-coanda-de-sambata\\\/\"},\"wordCount\":225,\"publisher\":{\"@id\":\"https:\\\/\\\/buletin.de\\\/bucuresti\\\/#organization\"},\"image\":{\"@id\":\"https:\\\/\\\/buletin.de\\\/bucuresti\\\/o-noua-linie-de-autobuz-pentru-locuitorii-cartierelor-andronache-si-henri-coanda-de-sambata\\\/#primaryimage\"},\"thumbnailUrl\":\"https:\\\/\\\/buletin.de\\\/bucuresti\\\/wp-content\\\/uploads\\\/autobuze-4.jpg\",\"articleSection\":[\"\u0218tiri\"],\"inLanguage\":\"en-GB\",\"copyrightYear\":\"2022\",\"copyrightHolder\":{\"@id\":\"https:\\\/\\\/buletin.de\\\/bucuresti\\\/#organization\"}},{\"@type\":\"WebPage\",\"@id\":\"https:\\\/\\\/buletin.de\\\/bucuresti\\\/o-noua-linie-de-autobuz-pentru-locuitorii-cartierelor-andronache-si-henri-coanda-de-sambata\\\/\",\"url\":\"https:\\\/\\\/buletin.de\\\/bucuresti\\\/o-noua-linie-de-autobuz-pentru-locuitorii-cartierelor-andronache-si-henri-coanda-de-sambata\\\/\",\"name\":\"O nou\u0103 linie de autobuz pentru locuitorii cartierelor Andronache \u0219i Henri Coand\u0103, de s\u00e2mb\u0103t\u0103 - Buletin de Bucure\u0219ti\",\"isPartOf\":{\"@id\":\"https:\\\/\\\/buletin.de\\\/bucuresti\\\/#website\"},\"primaryImageOfPage\":{\"@id\":\"https:\\\/\\\/buletin.de\\\/bucuresti\\\/o-noua-linie-de-autobuz-pentru-locuitorii-cartierelor-andronache-si-henri-coanda-de-sambata\\\/#primaryimage\"},\"image\":{\"@id\":\"https:\\\/\\\/buletin.de\\\/bucuresti\\\/o-noua-linie-de-autobuz-pentru-locuitorii-cartierelor-andronache-si-henri-coanda-de-sambata\\\/#primaryimage\"},\"thumbnailUrl\":\"https:\\\/\\\/buletin.de\\\/bucuresti\\\/wp-content\\\/uploads\\\/autobuze-4.jpg\",\"datePublished\":\"2022-01-14T09:24:56+00:00\",\"dateModified\":\"2022-01-14T09:24:57+00:00\",\"breadcrumb\":{\"@id\":\"https:\\\/\\\/buletin.de\\\/bucuresti\\\/o-noua-linie-de-autobuz-pentru-locuitorii-cartierelor-andronache-si-henri-coanda-de-sambata\\\/#breadcrumb\"},\"inLanguage\":\"en-GB\",\"potentialAction\":[{\"@type\":\"ReadAction\",\"target\":[\"https:\\\/\\\/buletin.de\\\/bucuresti\\\/o-noua-linie-de-autobuz-pentru-locuitorii-cartierelor-andronache-si-henri-coanda-de-sambata\\\/\"]}]},{\"@type\":\"ImageObject\",\"inLanguage\":\"en-GB\",\"@id\":\"https:\\\/\\\/buletin.de\\\/bucuresti\\\/o-noua-linie-de-autobuz-pentru-locuitorii-cartierelor-andronache-si-henri-coanda-de-sambata\\\/#primaryimage\",\"url\":\"https:\\\/\\\/buletin.de\\\/bucuresti\\\/wp-content\\\/uploads\\\/autobuze-4.jpg\",\"contentUrl\":\"https:\\\/\\\/buletin.de\\\/bucuresti\\\/wp-content\\\/uploads\\\/autobuze-4.jpg\",\"width\":960,\"height\":640},{\"@type\":\"BreadcrumbList\",\"@id\":\"https:\\\/\\\/buletin.de\\\/bucuresti\\\/o-noua-linie-de-autobuz-pentru-locuitorii-cartierelor-andronache-si-henri-coanda-de-sambata\\\/#breadcrumb\",\"itemListElement\":[{\"@type\":\"ListItem\",\"position\":1,\"name\":\"Acas\u0103\",\"item\":\"https:\\\/\\\/buletin.de\\\/bucuresti\\\/\"},{\"@type\":\"ListItem\",\"position\":2,\"name\":\"O nou\u0103 linie de autobuz pentru locuitorii cartierelor Andronache \u0219i Henri Coand\u0103, de s\u00e2mb\u0103t\u0103\"}]},{\"@type\":\"WebSite\",\"@id\":\"https:\\\/\\\/buletin.de\\\/bucuresti\\\/#website\",\"url\":\"https:\\\/\\\/buletin.de\\\/bucuresti\\\/\",\"name\":\"Buletin de Bucure\u0219ti\",\"description\":\"\u0218tiri \u0219i investiga\u021bii esen\u021biale din capital\u0103\",\"publisher\":{\"@id\":\"https:\\\/\\\/buletin.de\\\/bucuresti\\\/#organization\"},\"potentialAction\":[{\"@type\":\"SearchAction\",\"target\":{\"@type\":\"EntryPoint\",\"urlTemplate\":\"https:\\\/\\\/buletin.de\\\/bucuresti\\\/?s={search_term_string}\"},\"query-input\":{\"@type\":\"PropertyValueSpecification\",\"valueRequired\":true,\"valueName\":\"search_term_string\"}}],\"inLanguage\":\"en-GB\"},{\"@type\":\"Organization\",\"@id\":\"https:\\\/\\\/buletin.de\\\/bucuresti\\\/#organization\",\"name\":\"Buletin de Bucure\u0219ti\",\"url\":\"https:\\\/\\\/buletin.de\\\/bucuresti\\\/\",\"logo\":{\"@type\":\"ImageObject\",\"inLanguage\":\"en-GB\",\"@id\":\"https:\\\/\\\/buletin.de\\\/bucuresti\\\/#\\\/schema\\\/logo\\\/image\\\/\",\"url\":\"https:\\\/\\\/buletin.de\\\/bucuresti\\\/wp-content\\\/uploads\\\/logo-bdb-full-wide-vernil-transparent.png\",\"contentUrl\":\"https:\\\/\\\/buletin.de\\\/bucuresti\\\/wp-content\\\/uploads\\\/logo-bdb-full-wide-vernil-transparent.png\",\"width\":1782,\"height\":626,\"caption\":\"Buletin de Bucure\u0219ti\"},\"image\":{\"@id\":\"https:\\\/\\\/buletin.de\\\/bucuresti\\\/#\\\/schema\\\/logo\\\/image\\\/\"},\"sameAs\":[\"https:\\\/\\\/www.facebook.com\\\/buletin.de.buc\",\"https:\\\/\\\/www.instagram.com\\\/buletinde.bucuresti\\\/\"]},{\"@type\":\"Person\",\"@id\":\"https:\\\/\\\/buletin.de\\\/bucuresti\\\/#\\\/schema\\\/person\\\/b0686d7a8b666c6afc78239777fd8a89\",\"name\":\"Florin R\u00e2\u0219teiu\",\"image\":{\"@type\":\"ImageObject\",\"inLanguage\":\"en-GB\",\"@id\":\"https:\\\/\\\/buletin.de\\\/bucuresti\\\/wp-content\\\/uploads\\\/Florin-Rasteiu-96x96.jpgf0a6fe28453aa12f0a60e4d0a2e3a78c\",\"url\":\"https:\\\/\\\/buletin.de\\\/bucuresti\\\/wp-content\\\/uploads\\\/Florin-Rasteiu-96x96.jpg\",\"contentUrl\":\"https:\\\/\\\/buletin.de\\\/bucuresti\\\/wp-content\\\/uploads\\\/Florin-Rasteiu-96x96.jpg\",\"caption\":\"Florin R\u00e2\u0219teiu\"},\"description\":\"Jurnalist de investiga\u021bie. Lucreaz\u0103 de aproape 6 ani la Buletin de Bucure\u0219ti, unde a publicat articole care scot la suprafa\u021b\u0103 corup\u021bia din Capital\u0103. Analizeaz\u0103 baze de date zilnic \u0219i scoate pove\u0219ti din exceluri pline de cifre. Pune reflectorul pe adev\u0103r cu fiecare ocazie. A c\u00e2\u0219tigat premiul I la categoria Pres\u0103 Local\u0103 \u00een 2025 \u0219i locul al II-lea la aceea\u0219i categorie \u00een 2024 \u00een cadrul Premiilor Superscrieri pentru jurnalism independent.\",\"url\":\"https:\\\/\\\/buletin.de\\\/bucuresti\\\/author\\\/florinrasteiu\\\/\"}]}<\/script>\n<!-- \/ Yoast SEO Premium plugin. -->","yoast_head_json":{"title":"O nou\u0103 linie de autobuz pentru locuitorii cartierelor Andronache \u0219i Henri Coand\u0103, de s\u00e2mb\u0103t\u0103 - Buletin de Bucure\u0219ti","robots":{"index":"index","follow":"follow","max-snippet":"max-snippet:-1","max-image-preview":"max-image-preview:large","max-video-preview":"max-video-preview:-1"},"canonical":"https:\/\/buletin.de\/bucuresti\/o-noua-linie-de-autobuz-pentru-locuitorii-cartierelor-andronache-si-henri-coanda-de-sambata\/","og_locale":"en_GB","og_type":"article","og_title":"O nou\u0103 linie de autobuz pentru locuitorii cartierelor Andronache \u0219i Henri Coand\u0103, de s\u00e2mb\u0103t\u0103","og_description":"Locuitorii din dou\u0103 zone din Capital\u0103, cartierele Andronache \u0219i Henri Coand\u0103, vor beneficia de o nou\u0103 linie de autobuz. S\u00e2mb\u0103t\u0103 se va circula pentru prima dat\u0103 pe linia 343, rezultat\u0103 din unificarea actualelor linii de autobuz 231 \u0219i 343. Noul traseu va asigura pentru c\u0103l\u0103tori conexiuni cu alte mijloace de transport \u00een comun, precum leg\u0103tura [&hellip;]","og_url":"https:\/\/buletin.de\/bucuresti\/o-noua-linie-de-autobuz-pentru-locuitorii-cartierelor-andronache-si-henri-coanda-de-sambata\/","og_site_name":"Buletin de Bucure\u0219ti","article_publisher":"https:\/\/www.facebook.com\/buletin.de.buc","article_published_time":"2022-01-14T09:24:56+00:00","article_modified_time":"2022-01-14T09:24:57+00:00","og_image":[{"width":960,"height":640,"url":"https:\/\/buletin.de\/bucuresti\/wp-content\/uploads\/autobuze-4.jpg","type":"image\/jpeg"}],"author":"Florin R\u00e2\u0219teiu","twitter_card":"summary_large_image","twitter_misc":{"Written by":"Florin R\u00e2\u0219teiu","Estimated reading time":"1 minute"},"schema":{"@context":"https:\/\/schema.org","@graph":[{"@type":"Article","@id":"https:\/\/buletin.de\/bucuresti\/o-noua-linie-de-autobuz-pentru-locuitorii-cartierelor-andronache-si-henri-coanda-de-sambata\/#article","isPartOf":{"@id":"https:\/\/buletin.de\/bucuresti\/o-noua-linie-de-autobuz-pentru-locuitorii-cartierelor-andronache-si-henri-coanda-de-sambata\/"},"author":{"name":"Florin R\u00e2\u0219teiu","@id":"https:\/\/buletin.de\/bucuresti\/#\/schema\/person\/b0686d7a8b666c6afc78239777fd8a89"},"headline":"O nou\u0103 linie de autobuz pentru locuitorii cartierelor Andronache \u0219i Henri Coand\u0103, de s\u00e2mb\u0103t\u0103","datePublished":"2022-01-14T09:24:56+00:00","dateModified":"2022-01-14T09:24:57+00:00","mainEntityOfPage":{"@id":"https:\/\/buletin.de\/bucuresti\/o-noua-linie-de-autobuz-pentru-locuitorii-cartierelor-andronache-si-henri-coanda-de-sambata\/"},"wordCount":225,"publisher":{"@id":"https:\/\/buletin.de\/bucuresti\/#organization"},"image":{"@id":"https:\/\/buletin.de\/bucuresti\/o-noua-linie-de-autobuz-pentru-locuitorii-cartierelor-andronache-si-henri-coanda-de-sambata\/#primaryimage"},"thumbnailUrl":"https:\/\/buletin.de\/bucuresti\/wp-content\/uploads\/autobuze-4.jpg","articleSection":["\u0218tiri"],"inLanguage":"en-GB","copyrightYear":"2022","copyrightHolder":{"@id":"https:\/\/buletin.de\/bucuresti\/#organization"}},{"@type":"WebPage","@id":"https:\/\/buletin.de\/bucuresti\/o-noua-linie-de-autobuz-pentru-locuitorii-cartierelor-andronache-si-henri-coanda-de-sambata\/","url":"https:\/\/buletin.de\/bucuresti\/o-noua-linie-de-autobuz-pentru-locuitorii-cartierelor-andronache-si-henri-coanda-de-sambata\/","name":"O nou\u0103 linie de autobuz pentru locuitorii cartierelor Andronache \u0219i Henri Coand\u0103, de s\u00e2mb\u0103t\u0103 - Buletin de Bucure\u0219ti","isPartOf":{"@id":"https:\/\/buletin.de\/bucuresti\/#website"},"primaryImageOfPage":{"@id":"https:\/\/buletin.de\/bucuresti\/o-noua-linie-de-autobuz-pentru-locuitorii-cartierelor-andronache-si-henri-coanda-de-sambata\/#primaryimage"},"image":{"@id":"https:\/\/buletin.de\/bucuresti\/o-noua-linie-de-autobuz-pentru-locuitorii-cartierelor-andronache-si-henri-coanda-de-sambata\/#primaryimage"},"thumbnailUrl":"https:\/\/buletin.de\/bucuresti\/wp-content\/uploads\/autobuze-4.jpg","datePublished":"2022-01-14T09:24:56+00:00","dateModified":"2022-01-14T09:24:57+00:00","breadcrumb":{"@id":"https:\/\/buletin.de\/bucuresti\/o-noua-linie-de-autobuz-pentru-locuitorii-cartierelor-andronache-si-henri-coanda-de-sambata\/#breadcrumb"},"inLanguage":"en-GB","potentialAction":[{"@type":"ReadAction","target":["https:\/\/buletin.de\/bucuresti\/o-noua-linie-de-autobuz-pentru-locuitorii-cartierelor-andronache-si-henri-coanda-de-sambata\/"]}]},{"@type":"ImageObject","inLanguage":"en-GB","@id":"https:\/\/buletin.de\/bucuresti\/o-noua-linie-de-autobuz-pentru-locuitorii-cartierelor-andronache-si-henri-coanda-de-sambata\/#primaryimage","url":"https:\/\/buletin.de\/bucuresti\/wp-content\/uploads\/autobuze-4.jpg","contentUrl":"https:\/\/buletin.de\/bucuresti\/wp-content\/uploads\/autobuze-4.jpg","width":960,"height":640},{"@type":"BreadcrumbList","@id":"https:\/\/buletin.de\/bucuresti\/o-noua-linie-de-autobuz-pentru-locuitorii-cartierelor-andronache-si-henri-coanda-de-sambata\/#breadcrumb","itemListElement":[{"@type":"ListItem","position":1,"name":"Acas\u0103","item":"https:\/\/buletin.de\/bucuresti\/"},{"@type":"ListItem","position":2,"name":"O nou\u0103 linie de autobuz pentru locuitorii cartierelor Andronache \u0219i Henri Coand\u0103, de s\u00e2mb\u0103t\u0103"}]},{"@type":"WebSite","@id":"https:\/\/buletin.de\/bucuresti\/#website","url":"https:\/\/buletin.de\/bucuresti\/","name":"Buletin de Bucure\u0219ti","description":"\u0218tiri \u0219i investiga\u021bii esen\u021biale din capital\u0103","publisher":{"@id":"https:\/\/buletin.de\/bucuresti\/#organization"},"potentialAction":[{"@type":"SearchAction","target":{"@type":"EntryPoint","urlTemplate":"https:\/\/buletin.de\/bucuresti\/?s={search_term_string}"},"query-input":{"@type":"PropertyValueSpecification","valueRequired":true,"valueName":"search_term_string"}}],"inLanguage":"en-GB"},{"@type":"Organization","@id":"https:\/\/buletin.de\/bucuresti\/#organization","name":"Buletin de Bucure\u0219ti","url":"https:\/\/buletin.de\/bucuresti\/","logo":{"@type":"ImageObject","inLanguage":"en-GB","@id":"https:\/\/buletin.de\/bucuresti\/#\/schema\/logo\/image\/","url":"https:\/\/buletin.de\/bucuresti\/wp-content\/uploads\/logo-bdb-full-wide-vernil-transparent.png","contentUrl":"https:\/\/buletin.de\/bucuresti\/wp-content\/uploads\/logo-bdb-full-wide-vernil-transparent.png","width":1782,"height":626,"caption":"Buletin de Bucure\u0219ti"},"image":{"@id":"https:\/\/buletin.de\/bucuresti\/#\/schema\/logo\/image\/"},"sameAs":["https:\/\/www.facebook.com\/buletin.de.buc","https:\/\/www.instagram.com\/buletinde.bucuresti\/"]},{"@type":"Person","@id":"https:\/\/buletin.de\/bucuresti\/#\/schema\/person\/b0686d7a8b666c6afc78239777fd8a89","name":"Florin R\u00e2\u0219teiu","image":{"@type":"ImageObject","inLanguage":"en-GB","@id":"https:\/\/buletin.de\/bucuresti\/wp-content\/uploads\/Florin-Rasteiu-96x96.jpgf0a6fe28453aa12f0a60e4d0a2e3a78c","url":"https:\/\/buletin.de\/bucuresti\/wp-content\/uploads\/Florin-Rasteiu-96x96.jpg","contentUrl":"https:\/\/buletin.de\/bucuresti\/wp-content\/uploads\/Florin-Rasteiu-96x96.jpg","caption":"Florin R\u00e2\u0219teiu"},"description":"Jurnalist de investiga\u021bie. Lucreaz\u0103 de aproape 6 ani la Buletin de Bucure\u0219ti, unde a publicat articole care scot la suprafa\u021b\u0103 corup\u021bia din Capital\u0103. Analizeaz\u0103 baze de date zilnic \u0219i scoate pove\u0219ti din exceluri pline de cifre. Pune reflectorul pe adev\u0103r cu fiecare ocazie. A c\u00e2\u0219tigat premiul I la categoria Pres\u0103 Local\u0103 \u00een 2025 \u0219i locul al II-lea la aceea\u0219i categorie \u00een 2024 \u00een cadrul Premiilor Superscrieri pentru jurnalism independent.","url":"https:\/\/buletin.de\/bucuresti\/author\/florinrasteiu\/"}]}},"authors":[{"term_id":22576,"user_id":17,"is_guest":0,"slug":"florinrasteiu","display_name":"Florin R\u00e2\u0219teiu","avatar_url":"https:\/\/buletin.de\/bucuresti\/wp-content\/uploads\/Florin-Rasteiu-96x96.jpg","0":null,"1":"","2":"","3":"","4":"","5":"","6":"","7":"","8":""}],"_links":{"self":[{"href":"https:\/\/buletin.de\/bucuresti\/wp-json\/wp\/v2\/posts\/37242","targetHints":{"allow":["GET"]}}],"collection":[{"href":"https:\/\/buletin.de\/bucuresti\/wp-json\/wp\/v2\/posts"}],"about":[{"href":"https:\/\/buletin.de\/bucuresti\/wp-json\/wp\/v2\/types\/post"}],"author":[{"embeddable":true,"href":"https:\/\/buletin.de\/bucuresti\/wp-json\/wp\/v2\/users\/17"}],"replies":[{"embeddable":true,"href":"https:\/\/buletin.de\/bucuresti\/wp-json\/wp\/v2\/comments?post=37242"}],"version-history":[{"count":4,"href":"https:\/\/buletin.de\/bucuresti\/wp-json\/wp\/v2\/posts\/37242\/revisions"}],"predecessor-version":[{"id":37254,"href":"https:\/\/buletin.de\/bucuresti\/wp-json\/wp\/v2\/posts\/37242\/revisions\/37254"}],"wp:featuredmedia":[{"embeddable":true,"href":"https:\/\/buletin.de\/bucuresti\/wp-json\/wp\/v2\/media\/37257"}],"wp:attachment":[{"href":"https:\/\/buletin.de\/bucuresti\/wp-json\/wp\/v2\/media?parent=37242"}],"wp:term":[{"taxonomy":"category","embeddable":true,"href":"https:\/\/buletin.de\/bucuresti\/wp-json\/wp\/v2\/categories?post=37242"},{"taxonomy":"post_tag","embeddable":true,"href":"https:\/\/buletin.de\/bucuresti\/wp-json\/wp\/v2\/tags?post=37242"},{"taxonomy":"author","embeddable":true,"href":"https:\/\/buletin.de\/bucuresti\/wp-json\/wp\/v2\/ppma_author?post=37242"}],"curies":[{"name":"wp","href":"https:\/\/api.w.org\/{rel}","templated":true}]}}