{"id":37171,"date":"2022-01-13T14:29:48","date_gmt":"2022-01-13T12:29:48","guid":{"rendered":"https:\/\/buletin.de\/bucuresti\/?p=37171"},"modified":"2022-01-13T15:04:45","modified_gmt":"2022-01-13T13:04:45","slug":"pantelimon-s-a-deschis-primul-magazin-gratuit-pentru-persoane-defavorizate","status":"publish","type":"post","link":"https:\/\/buletin.de\/bucuresti\/pantelimon-s-a-deschis-primul-magazin-gratuit-pentru-persoane-defavorizate\/","title":{"rendered":"Pantelimon | S-a deschis primul magazin gratuit pentru persoane defavorizate"},"content":{"rendered":"\n<p><strong>Primul magazin gratuit pentru persoanele defavorizate din ora\u0219ul Pantelimon a fost deschis, ieri, de Direc\u021bia de Asisten\u021b\u0103 Social\u0103. Magazinul se nume\u0219te <em>\u201eDar din Dar\u201d<\/em> \u0219i func\u021bioneaz\u0103 pe baza dona\u021biilor primite de la locuitorii din zon\u0103. Beneficiarii proiectului sunt doar persoane care locuiesc \u00een ora\u0219ul Pantelimon. Mai mult, magazinul de caritate \u00ee\u0219i propune s\u0103 str\u00e2ng\u0103 constant de la persoanele din comunitate \u00eembr\u0103c\u0103minte, c\u0103r\u021bi, pantofi, juc\u0103rii \u0219i mobilier. <\/strong><\/p>\n\n\n\n<figure class=\"wp-block-video\"><video controls src=\"https:\/\/buletin.de\/bucuresti\/wp-content\/uploads\/WhatsApp-Video-2021-12-21-at-12.56.57.mp4\"><\/video><figcaption>Surs\u0103 Video: <a href=\"https:\/\/daspantelimon.ro\/dar-din-dar\/?fbclid=IwAR3qhYX0EyzGXd3BdHWV6D1iNncUjSSip9xUKv4z0BOA2OgoGvIMxhP5_iM\">Prim\u0103ria Pantelimon<\/a> <\/figcaption><\/figure>\n\n\n\n<p>Categoriile de oameni care pot s\u0103 primeasc\u0103 \u00eembr\u0103c\u0103minte \u0219i \u00eenc\u0103l\u021b\u0103minte gratis de la magazinul <em>\u201eDar din Dar\u201d<\/em> sunt familiile monoparentale, copiii l\u0103sa\u021bi \u00een grija bunicilor sau a altor rude, tinerii din orfelinate, persoanele v\u00e2rstnice, persoanele cu handicap, persoanele cu venituri reduse, persoanele f\u0103r\u0103 ad\u0103post, persoanele care apar\u021bin unor minoritati, posibile victime ale discrimin\u0103rii, \u0219i persoanele aflate \u00een situa\u021bii de criz\u0103.<\/p>\n\n\n\n<p><a href=\"https:\/\/daspantelimon.ro\/dar-din-dar\/?fbclid=IwAR3qhYX0EyzGXd3BdHWV6D1iNncUjSSip9xUKv4z0BOA2OgoGvIMxhP5_iM\"><a href=\"https:\/\/daspantelimon.ro\/dar-din-dar\/?fbclid=IwAR3qhYX0EyzGXd3BdHWV6D1iNncUjSSip9xUKv4z0BOA2OgoGvIMxhP5_iM\">Ghidul donatorului<\/a> con\u021bine mai multe recomand\u0103ri pe care DAS le face pentru persoanele care vor s\u0103 doneze, cum ar fi starea pe care hainele trebuie s\u0103 o aib\u0103 pentru a putea fi puse \u00een magazin sau chiar modul \u00een care hainele \u0219i \u00eenc\u0103l\u021b\u0103mintea trebuie asortate:\u00a0<\/a><\/p>\n\n\n\n<ul class=\"has-background wp-block-list\" style=\"background-color:#fcf8cb\"><li><em>Verific\u0103 toate buzunarele. Uneori g\u0103sim bani, bijuterii sau alte lucruri uitate prin buzunare.<\/em><\/li><li><em>Spal\u0103 hainele. Este important ca hainele pe care le donezi s\u0103 fie curate.<\/em><\/li><li><em>Fii atent\/\u0103 la gradul de uzur\u0103. Dac\u0103 hainele tale au un grad mare de uzur\u0103, acestea nu pot fi distribuite mai departe catre beneficiari. Chiar dac\u0103 sunt persoane aflate \u00een situa\u021bia \u00een care nu i\u021bi permit s\u0103 achizi\u021bioneze haine noi, noi nu le distribuim haine foarte deteriorate (sc\u0103mo\u0219ate, rupte, p\u0103tate sau decolorate)<\/em><\/li><li><em>Spal\u0103, usuc\u0103 \u015fi \u00eemp\u0103ture\u0219te hainele de bebelu\u015f. Aceste haine nu ar trebui s\u0103 fie murdare pentru c\u0103 de obicei ajung la mame \u00een nevoie.<\/em><\/li><li><em>Daca este posibil , folose\u015fte un detergent f\u0103r\u0103 parfum pentru a evita alergiile sau problemele de sensibilitate ale bebelu\u015filor care vor purta hainele donate de tine.<\/em><\/li><li><em>Verific\u0103 fermoarul \u0219i nasturii. Asigur\u0103-te c\u0103 hainele\/ \u00eenc\u0103l\u0163\u0103rile pe care le donezi au fermoarul func\u0163ional, nu au nasturi lips\u0103<\/em><\/li><li><em>G\u00e2nde\u0219te-te la func\u021bionalitatea hainelor pe care le donezi . Hainele de ocazii nu sunt de folos oricui.<\/em><\/li><li><em>Doneaz\u0103 blugi. Blugii sau orice alte obiecte vestimentare din denim sunt u\u015for de purtat \u015fi \u00eentre\u0163inut.<\/em><\/li><li><em>Doneaz\u0103 \u00eenc\u0103l\u0163\u0103minte de calitate. Pantofii pot fi dona\u0163i atunci c\u00e2nd sunt \u00eentr-o stare bun\u0103 \u015fi \u00eenc\u0103 se pot purta.<\/em><\/li><\/ul>\n\n\n\n<p>Surs\u0103 Foto: Facebook\/Prim\u0103ria Pantelimon <\/p>\n","protected":false},"excerpt":{"rendered":"<p>Primul magazin gratuit pentru persoanele defavorizate din ora\u0219ul Pantelimon a fost deschis, ieri, de Direc\u021bia de Asisten\u021b\u0103 Social\u0103. Magazinul se nume\u0219te \u201eDar din Dar\u201d \u0219i func\u021bioneaz\u0103 pe baza dona\u021biilor primite de la locuitorii din zon\u0103. Beneficiarii proiectului sunt doar persoane care locuiesc \u00een ora\u0219ul Pantelimon. Mai mult, magazinul de caritate \u00ee\u0219i propune s\u0103 str\u00e2ng\u0103 constant [&hellip;]<\/p>\n","protected":false},"author":17,"featured_media":37181,"comment_status":"closed","ping_status":"open","sticky":false,"template":"","format":"standard","meta":{"_acf_changed":false,"inline_featured_image":false,"ngg_post_thumbnail":0,"footnotes":""},"categories":[1432],"tags":[891,3814,1545,3815],"ppma_author":[22576],"class_list":["post-37171","post","type-post","status-publish","format-standard","has-post-thumbnail","hentry","category-buletin-de-ilfov","tag-caritate","tag-magazin","tag-pantelimon","tag-persoane-defavorizate"],"acf":[],"yoast_head":"<!-- This site is optimized with the Yoast SEO Premium plugin v25.3 (Yoast SEO v27.4) - https:\/\/yoast.com\/product\/yoast-seo-premium-wordpress\/ -->\n<title>Pantelimon | S-a deschis primul magazin gratuit pentru persoane defavorizate - Buletin de Bucure\u0219ti<\/title>\n<meta name=\"robots\" content=\"index, follow, max-snippet:-1, max-image-preview:large, max-video-preview:-1\" \/>\n<link rel=\"canonical\" href=\"https:\/\/buletin.de\/bucuresti\/pantelimon-s-a-deschis-primul-magazin-gratuit-pentru-persoane-defavorizate\/\" \/>\n<meta property=\"og:locale\" content=\"en_GB\" \/>\n<meta property=\"og:type\" content=\"article\" \/>\n<meta property=\"og:title\" content=\"Pantelimon | S-a deschis primul magazin gratuit pentru persoane defavorizate\" \/>\n<meta property=\"og:description\" content=\"Primul magazin gratuit pentru persoanele defavorizate din ora\u0219ul Pantelimon a fost deschis, ieri, de Direc\u021bia de Asisten\u021b\u0103 Social\u0103. Magazinul se nume\u0219te \u201eDar din Dar\u201d \u0219i func\u021bioneaz\u0103 pe baza dona\u021biilor primite de la locuitorii din zon\u0103. Beneficiarii proiectului sunt doar persoane care locuiesc \u00een ora\u0219ul Pantelimon. Mai mult, magazinul de caritate \u00ee\u0219i propune s\u0103 str\u00e2ng\u0103 constant [&hellip;]\" \/>\n<meta property=\"og:url\" content=\"https:\/\/buletin.de\/bucuresti\/pantelimon-s-a-deschis-primul-magazin-gratuit-pentru-persoane-defavorizate\/\" \/>\n<meta property=\"og:site_name\" content=\"Buletin de Bucure\u0219ti\" \/>\n<meta property=\"article:publisher\" content=\"https:\/\/www.facebook.com\/buletin.de.buc\" \/>\n<meta property=\"article:published_time\" content=\"2022-01-13T12:29:48+00:00\" \/>\n<meta property=\"article:modified_time\" content=\"2022-01-13T13:04:45+00:00\" \/>\n<meta property=\"og:image\" content=\"https:\/\/buletin.de\/bucuresti\/wp-content\/uploads\/271749839_293382392828731_8969923134359679745_n.jpg\" \/>\n\t<meta property=\"og:image:width\" content=\"600\" \/>\n\t<meta property=\"og:image:height\" content=\"449\" \/>\n\t<meta property=\"og:image:type\" content=\"image\/jpeg\" \/>\n<meta name=\"author\" content=\"Florin R\u00e2\u0219teiu\" \/>\n<meta name=\"twitter:card\" content=\"summary_large_image\" \/>\n<meta name=\"twitter:label1\" content=\"Written by\" \/>\n\t<meta name=\"twitter:data1\" content=\"Florin R\u00e2\u0219teiu\" \/>\n\t<meta name=\"twitter:label2\" content=\"Estimated reading time\" \/>\n\t<meta name=\"twitter:data2\" content=\"2 minutes\" \/>\n<script type=\"application\/ld+json\" class=\"yoast-schema-graph\">{\"@context\":\"https:\\\/\\\/schema.org\",\"@graph\":[{\"@type\":\"Article\",\"@id\":\"https:\\\/\\\/buletin.de\\\/bucuresti\\\/pantelimon-s-a-deschis-primul-magazin-gratuit-pentru-persoane-defavorizate\\\/#article\",\"isPartOf\":{\"@id\":\"https:\\\/\\\/buletin.de\\\/bucuresti\\\/pantelimon-s-a-deschis-primul-magazin-gratuit-pentru-persoane-defavorizate\\\/\"},\"author\":{\"name\":\"Florin R\u00e2\u0219teiu\",\"@id\":\"https:\\\/\\\/buletin.de\\\/bucuresti\\\/#\\\/schema\\\/person\\\/b0686d7a8b666c6afc78239777fd8a89\"},\"headline\":\"Pantelimon | S-a deschis primul magazin gratuit pentru persoane defavorizate\",\"datePublished\":\"2022-01-13T12:29:48+00:00\",\"dateModified\":\"2022-01-13T13:04:45+00:00\",\"mainEntityOfPage\":{\"@id\":\"https:\\\/\\\/buletin.de\\\/bucuresti\\\/pantelimon-s-a-deschis-primul-magazin-gratuit-pentru-persoane-defavorizate\\\/\"},\"wordCount\":441,\"publisher\":{\"@id\":\"https:\\\/\\\/buletin.de\\\/bucuresti\\\/#organization\"},\"image\":{\"@id\":\"https:\\\/\\\/buletin.de\\\/bucuresti\\\/pantelimon-s-a-deschis-primul-magazin-gratuit-pentru-persoane-defavorizate\\\/#primaryimage\"},\"thumbnailUrl\":\"https:\\\/\\\/buletin.de\\\/bucuresti\\\/wp-content\\\/uploads\\\/271749839_293382392828731_8969923134359679745_n.jpg\",\"keywords\":[\"caritate\",\"Magazin\",\"Pantelimon\",\"persoane defavorizate\"],\"articleSection\":[\"Buletin de Ilfov\"],\"inLanguage\":\"en-GB\",\"copyrightYear\":\"2022\",\"copyrightHolder\":{\"@id\":\"https:\\\/\\\/buletin.de\\\/bucuresti\\\/#organization\"}},{\"@type\":\"WebPage\",\"@id\":\"https:\\\/\\\/buletin.de\\\/bucuresti\\\/pantelimon-s-a-deschis-primul-magazin-gratuit-pentru-persoane-defavorizate\\\/\",\"url\":\"https:\\\/\\\/buletin.de\\\/bucuresti\\\/pantelimon-s-a-deschis-primul-magazin-gratuit-pentru-persoane-defavorizate\\\/\",\"name\":\"Pantelimon | S-a deschis primul magazin gratuit pentru persoane defavorizate - Buletin de Bucure\u0219ti\",\"isPartOf\":{\"@id\":\"https:\\\/\\\/buletin.de\\\/bucuresti\\\/#website\"},\"primaryImageOfPage\":{\"@id\":\"https:\\\/\\\/buletin.de\\\/bucuresti\\\/pantelimon-s-a-deschis-primul-magazin-gratuit-pentru-persoane-defavorizate\\\/#primaryimage\"},\"image\":{\"@id\":\"https:\\\/\\\/buletin.de\\\/bucuresti\\\/pantelimon-s-a-deschis-primul-magazin-gratuit-pentru-persoane-defavorizate\\\/#primaryimage\"},\"thumbnailUrl\":\"https:\\\/\\\/buletin.de\\\/bucuresti\\\/wp-content\\\/uploads\\\/271749839_293382392828731_8969923134359679745_n.jpg\",\"datePublished\":\"2022-01-13T12:29:48+00:00\",\"dateModified\":\"2022-01-13T13:04:45+00:00\",\"breadcrumb\":{\"@id\":\"https:\\\/\\\/buletin.de\\\/bucuresti\\\/pantelimon-s-a-deschis-primul-magazin-gratuit-pentru-persoane-defavorizate\\\/#breadcrumb\"},\"inLanguage\":\"en-GB\",\"potentialAction\":[{\"@type\":\"ReadAction\",\"target\":[\"https:\\\/\\\/buletin.de\\\/bucuresti\\\/pantelimon-s-a-deschis-primul-magazin-gratuit-pentru-persoane-defavorizate\\\/\"]}]},{\"@type\":\"ImageObject\",\"inLanguage\":\"en-GB\",\"@id\":\"https:\\\/\\\/buletin.de\\\/bucuresti\\\/pantelimon-s-a-deschis-primul-magazin-gratuit-pentru-persoane-defavorizate\\\/#primaryimage\",\"url\":\"https:\\\/\\\/buletin.de\\\/bucuresti\\\/wp-content\\\/uploads\\\/271749839_293382392828731_8969923134359679745_n.jpg\",\"contentUrl\":\"https:\\\/\\\/buletin.de\\\/bucuresti\\\/wp-content\\\/uploads\\\/271749839_293382392828731_8969923134359679745_n.jpg\",\"width\":600,\"height\":449},{\"@type\":\"BreadcrumbList\",\"@id\":\"https:\\\/\\\/buletin.de\\\/bucuresti\\\/pantelimon-s-a-deschis-primul-magazin-gratuit-pentru-persoane-defavorizate\\\/#breadcrumb\",\"itemListElement\":[{\"@type\":\"ListItem\",\"position\":1,\"name\":\"Acas\u0103\",\"item\":\"https:\\\/\\\/buletin.de\\\/bucuresti\\\/\"},{\"@type\":\"ListItem\",\"position\":2,\"name\":\"Pantelimon | S-a deschis primul magazin gratuit pentru persoane defavorizate\"}]},{\"@type\":\"WebSite\",\"@id\":\"https:\\\/\\\/buletin.de\\\/bucuresti\\\/#website\",\"url\":\"https:\\\/\\\/buletin.de\\\/bucuresti\\\/\",\"name\":\"Buletin de Bucure\u0219ti\",\"description\":\"\u0218tiri \u0219i investiga\u021bii esen\u021biale din capital\u0103\",\"publisher\":{\"@id\":\"https:\\\/\\\/buletin.de\\\/bucuresti\\\/#organization\"},\"potentialAction\":[{\"@type\":\"SearchAction\",\"target\":{\"@type\":\"EntryPoint\",\"urlTemplate\":\"https:\\\/\\\/buletin.de\\\/bucuresti\\\/?s={search_term_string}\"},\"query-input\":{\"@type\":\"PropertyValueSpecification\",\"valueRequired\":true,\"valueName\":\"search_term_string\"}}],\"inLanguage\":\"en-GB\"},{\"@type\":\"Organization\",\"@id\":\"https:\\\/\\\/buletin.de\\\/bucuresti\\\/#organization\",\"name\":\"Buletin de Bucure\u0219ti\",\"url\":\"https:\\\/\\\/buletin.de\\\/bucuresti\\\/\",\"logo\":{\"@type\":\"ImageObject\",\"inLanguage\":\"en-GB\",\"@id\":\"https:\\\/\\\/buletin.de\\\/bucuresti\\\/#\\\/schema\\\/logo\\\/image\\\/\",\"url\":\"https:\\\/\\\/buletin.de\\\/bucuresti\\\/wp-content\\\/uploads\\\/logo-bdb-full-wide-vernil-transparent.png\",\"contentUrl\":\"https:\\\/\\\/buletin.de\\\/bucuresti\\\/wp-content\\\/uploads\\\/logo-bdb-full-wide-vernil-transparent.png\",\"width\":1782,\"height\":626,\"caption\":\"Buletin de Bucure\u0219ti\"},\"image\":{\"@id\":\"https:\\\/\\\/buletin.de\\\/bucuresti\\\/#\\\/schema\\\/logo\\\/image\\\/\"},\"sameAs\":[\"https:\\\/\\\/www.facebook.com\\\/buletin.de.buc\",\"https:\\\/\\\/www.instagram.com\\\/buletinde.bucuresti\\\/\"]},{\"@type\":\"Person\",\"@id\":\"https:\\\/\\\/buletin.de\\\/bucuresti\\\/#\\\/schema\\\/person\\\/b0686d7a8b666c6afc78239777fd8a89\",\"name\":\"Florin R\u00e2\u0219teiu\",\"image\":{\"@type\":\"ImageObject\",\"inLanguage\":\"en-GB\",\"@id\":\"https:\\\/\\\/buletin.de\\\/bucuresti\\\/wp-content\\\/uploads\\\/Florin-Rasteiu-96x96.jpgf0a6fe28453aa12f0a60e4d0a2e3a78c\",\"url\":\"https:\\\/\\\/buletin.de\\\/bucuresti\\\/wp-content\\\/uploads\\\/Florin-Rasteiu-96x96.jpg\",\"contentUrl\":\"https:\\\/\\\/buletin.de\\\/bucuresti\\\/wp-content\\\/uploads\\\/Florin-Rasteiu-96x96.jpg\",\"caption\":\"Florin R\u00e2\u0219teiu\"},\"description\":\"Jurnalist de investiga\u021bie. Lucreaz\u0103 de aproape 6 ani la Buletin de Bucure\u0219ti, unde a publicat articole care scot la suprafa\u021b\u0103 corup\u021bia din Capital\u0103. Analizeaz\u0103 baze de date zilnic \u0219i scoate pove\u0219ti din exceluri pline de cifre. Pune reflectorul pe adev\u0103r cu fiecare ocazie. A c\u00e2\u0219tigat premiul I la categoria Pres\u0103 Local\u0103 \u00een 2025 \u0219i locul al II-lea la aceea\u0219i categorie \u00een 2024 \u00een cadrul Premiilor Superscrieri pentru jurnalism independent.\",\"url\":\"https:\\\/\\\/buletin.de\\\/bucuresti\\\/author\\\/florinrasteiu\\\/\"}]}<\/script>\n<!-- \/ Yoast SEO Premium plugin. -->","yoast_head_json":{"title":"Pantelimon | S-a deschis primul magazin gratuit pentru persoane defavorizate - Buletin de Bucure\u0219ti","robots":{"index":"index","follow":"follow","max-snippet":"max-snippet:-1","max-image-preview":"max-image-preview:large","max-video-preview":"max-video-preview:-1"},"canonical":"https:\/\/buletin.de\/bucuresti\/pantelimon-s-a-deschis-primul-magazin-gratuit-pentru-persoane-defavorizate\/","og_locale":"en_GB","og_type":"article","og_title":"Pantelimon | S-a deschis primul magazin gratuit pentru persoane defavorizate","og_description":"Primul magazin gratuit pentru persoanele defavorizate din ora\u0219ul Pantelimon a fost deschis, ieri, de Direc\u021bia de Asisten\u021b\u0103 Social\u0103. Magazinul se nume\u0219te \u201eDar din Dar\u201d \u0219i func\u021bioneaz\u0103 pe baza dona\u021biilor primite de la locuitorii din zon\u0103. Beneficiarii proiectului sunt doar persoane care locuiesc \u00een ora\u0219ul Pantelimon. Mai mult, magazinul de caritate \u00ee\u0219i propune s\u0103 str\u00e2ng\u0103 constant [&hellip;]","og_url":"https:\/\/buletin.de\/bucuresti\/pantelimon-s-a-deschis-primul-magazin-gratuit-pentru-persoane-defavorizate\/","og_site_name":"Buletin de Bucure\u0219ti","article_publisher":"https:\/\/www.facebook.com\/buletin.de.buc","article_published_time":"2022-01-13T12:29:48+00:00","article_modified_time":"2022-01-13T13:04:45+00:00","og_image":[{"width":600,"height":449,"url":"https:\/\/buletin.de\/bucuresti\/wp-content\/uploads\/271749839_293382392828731_8969923134359679745_n.jpg","type":"image\/jpeg"}],"author":"Florin R\u00e2\u0219teiu","twitter_card":"summary_large_image","twitter_misc":{"Written by":"Florin R\u00e2\u0219teiu","Estimated reading time":"2 minutes"},"schema":{"@context":"https:\/\/schema.org","@graph":[{"@type":"Article","@id":"https:\/\/buletin.de\/bucuresti\/pantelimon-s-a-deschis-primul-magazin-gratuit-pentru-persoane-defavorizate\/#article","isPartOf":{"@id":"https:\/\/buletin.de\/bucuresti\/pantelimon-s-a-deschis-primul-magazin-gratuit-pentru-persoane-defavorizate\/"},"author":{"name":"Florin R\u00e2\u0219teiu","@id":"https:\/\/buletin.de\/bucuresti\/#\/schema\/person\/b0686d7a8b666c6afc78239777fd8a89"},"headline":"Pantelimon | S-a deschis primul magazin gratuit pentru persoane defavorizate","datePublished":"2022-01-13T12:29:48+00:00","dateModified":"2022-01-13T13:04:45+00:00","mainEntityOfPage":{"@id":"https:\/\/buletin.de\/bucuresti\/pantelimon-s-a-deschis-primul-magazin-gratuit-pentru-persoane-defavorizate\/"},"wordCount":441,"publisher":{"@id":"https:\/\/buletin.de\/bucuresti\/#organization"},"image":{"@id":"https:\/\/buletin.de\/bucuresti\/pantelimon-s-a-deschis-primul-magazin-gratuit-pentru-persoane-defavorizate\/#primaryimage"},"thumbnailUrl":"https:\/\/buletin.de\/bucuresti\/wp-content\/uploads\/271749839_293382392828731_8969923134359679745_n.jpg","keywords":["caritate","Magazin","Pantelimon","persoane defavorizate"],"articleSection":["Buletin de Ilfov"],"inLanguage":"en-GB","copyrightYear":"2022","copyrightHolder":{"@id":"https:\/\/buletin.de\/bucuresti\/#organization"}},{"@type":"WebPage","@id":"https:\/\/buletin.de\/bucuresti\/pantelimon-s-a-deschis-primul-magazin-gratuit-pentru-persoane-defavorizate\/","url":"https:\/\/buletin.de\/bucuresti\/pantelimon-s-a-deschis-primul-magazin-gratuit-pentru-persoane-defavorizate\/","name":"Pantelimon | S-a deschis primul magazin gratuit pentru persoane defavorizate - Buletin de Bucure\u0219ti","isPartOf":{"@id":"https:\/\/buletin.de\/bucuresti\/#website"},"primaryImageOfPage":{"@id":"https:\/\/buletin.de\/bucuresti\/pantelimon-s-a-deschis-primul-magazin-gratuit-pentru-persoane-defavorizate\/#primaryimage"},"image":{"@id":"https:\/\/buletin.de\/bucuresti\/pantelimon-s-a-deschis-primul-magazin-gratuit-pentru-persoane-defavorizate\/#primaryimage"},"thumbnailUrl":"https:\/\/buletin.de\/bucuresti\/wp-content\/uploads\/271749839_293382392828731_8969923134359679745_n.jpg","datePublished":"2022-01-13T12:29:48+00:00","dateModified":"2022-01-13T13:04:45+00:00","breadcrumb":{"@id":"https:\/\/buletin.de\/bucuresti\/pantelimon-s-a-deschis-primul-magazin-gratuit-pentru-persoane-defavorizate\/#breadcrumb"},"inLanguage":"en-GB","potentialAction":[{"@type":"ReadAction","target":["https:\/\/buletin.de\/bucuresti\/pantelimon-s-a-deschis-primul-magazin-gratuit-pentru-persoane-defavorizate\/"]}]},{"@type":"ImageObject","inLanguage":"en-GB","@id":"https:\/\/buletin.de\/bucuresti\/pantelimon-s-a-deschis-primul-magazin-gratuit-pentru-persoane-defavorizate\/#primaryimage","url":"https:\/\/buletin.de\/bucuresti\/wp-content\/uploads\/271749839_293382392828731_8969923134359679745_n.jpg","contentUrl":"https:\/\/buletin.de\/bucuresti\/wp-content\/uploads\/271749839_293382392828731_8969923134359679745_n.jpg","width":600,"height":449},{"@type":"BreadcrumbList","@id":"https:\/\/buletin.de\/bucuresti\/pantelimon-s-a-deschis-primul-magazin-gratuit-pentru-persoane-defavorizate\/#breadcrumb","itemListElement":[{"@type":"ListItem","position":1,"name":"Acas\u0103","item":"https:\/\/buletin.de\/bucuresti\/"},{"@type":"ListItem","position":2,"name":"Pantelimon | S-a deschis primul magazin gratuit pentru persoane defavorizate"}]},{"@type":"WebSite","@id":"https:\/\/buletin.de\/bucuresti\/#website","url":"https:\/\/buletin.de\/bucuresti\/","name":"Buletin de Bucure\u0219ti","description":"\u0218tiri \u0219i investiga\u021bii esen\u021biale din capital\u0103","publisher":{"@id":"https:\/\/buletin.de\/bucuresti\/#organization"},"potentialAction":[{"@type":"SearchAction","target":{"@type":"EntryPoint","urlTemplate":"https:\/\/buletin.de\/bucuresti\/?s={search_term_string}"},"query-input":{"@type":"PropertyValueSpecification","valueRequired":true,"valueName":"search_term_string"}}],"inLanguage":"en-GB"},{"@type":"Organization","@id":"https:\/\/buletin.de\/bucuresti\/#organization","name":"Buletin de Bucure\u0219ti","url":"https:\/\/buletin.de\/bucuresti\/","logo":{"@type":"ImageObject","inLanguage":"en-GB","@id":"https:\/\/buletin.de\/bucuresti\/#\/schema\/logo\/image\/","url":"https:\/\/buletin.de\/bucuresti\/wp-content\/uploads\/logo-bdb-full-wide-vernil-transparent.png","contentUrl":"https:\/\/buletin.de\/bucuresti\/wp-content\/uploads\/logo-bdb-full-wide-vernil-transparent.png","width":1782,"height":626,"caption":"Buletin de Bucure\u0219ti"},"image":{"@id":"https:\/\/buletin.de\/bucuresti\/#\/schema\/logo\/image\/"},"sameAs":["https:\/\/www.facebook.com\/buletin.de.buc","https:\/\/www.instagram.com\/buletinde.bucuresti\/"]},{"@type":"Person","@id":"https:\/\/buletin.de\/bucuresti\/#\/schema\/person\/b0686d7a8b666c6afc78239777fd8a89","name":"Florin R\u00e2\u0219teiu","image":{"@type":"ImageObject","inLanguage":"en-GB","@id":"https:\/\/buletin.de\/bucuresti\/wp-content\/uploads\/Florin-Rasteiu-96x96.jpgf0a6fe28453aa12f0a60e4d0a2e3a78c","url":"https:\/\/buletin.de\/bucuresti\/wp-content\/uploads\/Florin-Rasteiu-96x96.jpg","contentUrl":"https:\/\/buletin.de\/bucuresti\/wp-content\/uploads\/Florin-Rasteiu-96x96.jpg","caption":"Florin R\u00e2\u0219teiu"},"description":"Jurnalist de investiga\u021bie. Lucreaz\u0103 de aproape 6 ani la Buletin de Bucure\u0219ti, unde a publicat articole care scot la suprafa\u021b\u0103 corup\u021bia din Capital\u0103. Analizeaz\u0103 baze de date zilnic \u0219i scoate pove\u0219ti din exceluri pline de cifre. Pune reflectorul pe adev\u0103r cu fiecare ocazie. A c\u00e2\u0219tigat premiul I la categoria Pres\u0103 Local\u0103 \u00een 2025 \u0219i locul al II-lea la aceea\u0219i categorie \u00een 2024 \u00een cadrul Premiilor Superscrieri pentru jurnalism independent.","url":"https:\/\/buletin.de\/bucuresti\/author\/florinrasteiu\/"}]}},"authors":[{"term_id":22576,"user_id":17,"is_guest":0,"slug":"florinrasteiu","display_name":"Florin R\u00e2\u0219teiu","avatar_url":"https:\/\/buletin.de\/bucuresti\/wp-content\/uploads\/Florin-Rasteiu-96x96.jpg","0":null,"1":"","2":"","3":"","4":"","5":"","6":"","7":"","8":""}],"_links":{"self":[{"href":"https:\/\/buletin.de\/bucuresti\/wp-json\/wp\/v2\/posts\/37171","targetHints":{"allow":["GET"]}}],"collection":[{"href":"https:\/\/buletin.de\/bucuresti\/wp-json\/wp\/v2\/posts"}],"about":[{"href":"https:\/\/buletin.de\/bucuresti\/wp-json\/wp\/v2\/types\/post"}],"author":[{"embeddable":true,"href":"https:\/\/buletin.de\/bucuresti\/wp-json\/wp\/v2\/users\/17"}],"replies":[{"embeddable":true,"href":"https:\/\/buletin.de\/bucuresti\/wp-json\/wp\/v2\/comments?post=37171"}],"version-history":[{"count":5,"href":"https:\/\/buletin.de\/bucuresti\/wp-json\/wp\/v2\/posts\/37171\/revisions"}],"predecessor-version":[{"id":37193,"href":"https:\/\/buletin.de\/bucuresti\/wp-json\/wp\/v2\/posts\/37171\/revisions\/37193"}],"wp:featuredmedia":[{"embeddable":true,"href":"https:\/\/buletin.de\/bucuresti\/wp-json\/wp\/v2\/media\/37181"}],"wp:attachment":[{"href":"https:\/\/buletin.de\/bucuresti\/wp-json\/wp\/v2\/media?parent=37171"}],"wp:term":[{"taxonomy":"category","embeddable":true,"href":"https:\/\/buletin.de\/bucuresti\/wp-json\/wp\/v2\/categories?post=37171"},{"taxonomy":"post_tag","embeddable":true,"href":"https:\/\/buletin.de\/bucuresti\/wp-json\/wp\/v2\/tags?post=37171"},{"taxonomy":"author","embeddable":true,"href":"https:\/\/buletin.de\/bucuresti\/wp-json\/wp\/v2\/ppma_author?post=37171"}],"curies":[{"name":"wp","href":"https:\/\/api.w.org\/{rel}","templated":true}]}}