{"id":37049,"date":"2022-01-11T16:51:05","date_gmt":"2022-01-11T14:51:05","guid":{"rendered":"https:\/\/buletin.de\/bucuresti\/?p=37049"},"modified":"2022-01-11T19:20:45","modified_gmt":"2022-01-11T17:20:45","slug":"baluta-da-70-de-milioane-de-lei-pe-doua-parcuri-licitatiile-la-romania-parc-si-parcul-tudor-arghezi-finalizate","status":"publish","type":"post","link":"https:\/\/buletin.de\/bucuresti\/baluta-da-70-de-milioane-de-lei-pe-doua-parcuri-licitatiile-la-romania-parc-si-parcul-tudor-arghezi-finalizate\/","title":{"rendered":"B\u0103lu\u021b\u0103 d\u0103 70 de milioane de lei pe dou\u0103 parcuri. Licita\u021biile la Rom\u00e2nia Parc \u0219i Parcul Tudor Arghezi, finalizate"},"content":{"rendered":"\n<p class=\"has-pale-cyan-blue-background-color has-background\">Dou\u0103 dintre proiectele de suflet ale primarului Sectorului 4, Daniel B\u0103lu\u021b\u0103, sunt cu un pas mai aproape de realitate. Licita\u021biile lansate \u00een SEAP anul trecut pentru Rom\u00e2nia Parc \u0219i Parcul Arghezi au c\u00e2\u0219tig\u0103tori. Rom\u00e2nia Parc, un mega parc tematic, va costa aproape 30 de milioane de lei \u0219i trebuie s\u0103 fie gata \u00een 32 de luni.  Pentru alte 40 de milioane de lei un grup de firme va e<em>difica<\/em> <em>un parc \u0219i un centru multicultural, pe bulevardul Metalurgiei<\/em>.<\/p>\n\n\n\n<p>Anul trecut, \u00een plin\u0103 pandemie, printre licita\u021biile de aparatur\u0103 pentru spitale, dispozitive medicale sau lucr\u0103ri de infrastructur\u0103 \u0219i-au f\u0103cut loc \u0219i dou\u0103 cereri lansate de Prim\u0103ria Sector 4. Primarul B\u0103lu\u021b\u0103 c\u0103uta constructori pentru dou\u0103 parcuri noi, amenajate la el \u00een sector, cu banii contribuabililor &#8211; Rom\u00e2nia Parc \u0219i Parcul Arghezi cu centru multicultural. Ambele proiecte au avut parte de multe critici de-a lungul timpului, dar cu toate acestea primarul B\u0103lu\u021b\u0103 nu s-a ab\u0103tut de la planurile sale. \u0218i a reu\u0219it s\u0103 fac\u0103 primul pas. Are contracte cu firme de construc\u021bie.<\/p>\n\n\n\n\n\n<p><a href=\"https:\/\/buletin.de\/bucuresti\/baluta-nu-renunta-la-romania-parc-2018-consilierii-au-aprobat-dublarea-bugetului-de-la-185-la-37-de-milioane\/\">B\u0103lu\u021b\u0103 nu renun\u021b\u0103 la Rom\u00e2nia Parc 2018. Consilierii au aprobat dublarea bugetului, de la 18,5 la 37 de milioane de lei<\/a><\/p>\n\n\n\n<h2 class=\"wp-block-heading\">Rom\u00e2nia Parc, dedicat Centenarului Unirii<\/h2>\n\n\n\n<p>Despre Rom\u00e2nia Parc, un parc tematic dedicat Centenarului Unirii, se vorbe\u0219te \u00eenc\u0103 din 2018, din mandatul trecut al primarului Daniel B\u0103lu\u021b\u0103. Dup\u0103 c\u00e2\u021biva ani \u00een care proiectul a fost tras pe linie moart\u0103, ideea a revenit \u00een for\u021b\u0103 anul trecut c\u00e2nd, pe 15 ianuarie, au fost scoase la licita\u021bie lucr\u0103rile de amenajare a parcului.<\/p>\n\n\n\n<p>Rom\u00e2nia Parc va reproduce pe aproape 2,6 hectare harta Rom\u00e2niei, cu formele de relief, cu r\u0103uri \u0219i Marea Neagr\u0103, \u0219i cu miniaturi ale celor mai semnificative cl\u0103diri. <\/p>\n\n\n\n<p><\/p>\n\n\n\n<p><a href=\"https:\/\/buletin.de\/bucuresti\/daniel-baluta-a-publicat-macheta-proiectului-parc-romania\/\">Daniel B\u0103lu\u021b\u0103 a publicat macheta proiectului \u201eParc Rom\u00e2nia\u201d<\/a><\/p>\n\n\n\n<p>A durat un an ca licita\u021bia s\u0103 aib\u0103 \u0219i un c\u00e2\u0219tig\u0103tor. Contractul dintre Prim\u0103ria Sector 4 \u0219i firma <strong>Porr Construct<\/strong> a fost semnat chiar \u00een ultima zi a anului trecut. <\/p>\n\n\n\n<figure class=\"wp-block-image size-large\"><img fetchpriority=\"high\" decoding=\"async\" width=\"900\" height=\"379\" src=\"data:image\/gif;base64,R0lGODlhAQABAAAAACH5BAEKAAEALAAAAAABAAEAAAICTAEAOw==\" data-src=\"https:\/\/buletin.de\/bucuresti\/wp-content\/uploads\/image-1045-900x379.png\" alt=\"\" class=\"wp-image-37053 lazyload\" data-sizes=\"auto\" data-srcset=\"https:\/\/buletin.de\/bucuresti\/wp-content\/uploads\/image-1045-900x379.png 900w, https:\/\/buletin.de\/bucuresti\/wp-content\/uploads\/image-1045-300x126.png 300w, https:\/\/buletin.de\/bucuresti\/wp-content\/uploads\/image-1045-768x324.png 768w, https:\/\/buletin.de\/bucuresti\/wp-content\/uploads\/image-1045-1536x648.png 1536w, https:\/\/buletin.de\/bucuresti\/wp-content\/uploads\/image-1045-1060x447.png 1060w, https:\/\/buletin.de\/bucuresti\/wp-content\/uploads\/image-1045-550x232.png 550w, https:\/\/buletin.de\/bucuresti\/wp-content\/uploads\/image-1045-1186x500.png 1186w, https:\/\/buletin.de\/bucuresti\/wp-content\/uploads\/image-1045-600x253.png 600w, https:\/\/buletin.de\/bucuresti\/wp-content\/uploads\/image-1045.png 1881w\" sizes=\"(max-width: 900px) 100vw, 900px\" \/><figcaption>sursa SEAP<\/figcaption><\/figure>\n\n\n\n<p><\/p>\n\n\n\n<p>Firma are la dispozi\u021bie, conform contractului 32 de luni pentru a da via\u021b\u0103 parcului Tematic. \u00cen SEAP sunt descrise \u0219i lucr\u0103rile care vor fi executate.<\/p>\n\n\n\n<ul class=\"wp-block-list\"><li>Defri\u0219area complex\u0103 a terenului de 26300 mp; <\/li><li>T\u0103ierea arborilor bolnavi \u0219i cu aspect inestetic, cu \u00eendep\u0103rtarea cioatelor; <\/li><li>Conservarea arborilor b\u0103tr\u00e2ni \u0219i valoro\u0219i din punct de vedere peisagistic; <\/li><li>Decopertarea terenului la 30 cm \u0219i nivelarea lui, ca s\u0103 devin\u0103 orizontal\u0103; <\/li><li>Realizarea reliefului \u021b\u0103rii \u00een miniatur\u0103, prin s\u0103p\u0103turi pentru cursurile de ap\u0103 importante propuse: \u201eDun\u0103rea\u201d, \u201ePrutul\u201d, \u201eMure\u0219ul\u201d, \u0219i \u201eOltul\u201d, respectiv \u201cMarea Neagr\u0103\u201d, iar dup\u0103 s\u0103parea \u0219an\u021burilor pentru ape ar urma realizarea dealurilor de aprox. 2-2.5 m \u00een\u0103l\u021bime, care vor reprezenta Carpa\u021bii; <\/li><li>Realizarea \u00eemprejmuirii parcului cu un gard de 1.8 m \u00een\u0103l\u021bime, cu dou\u0103 intr\u0103ri; <\/li><li>Realizarea cl\u0103dirilor din containere, cu instala\u021bii, \u0219i dot\u0103ri specifice cl\u0103dirilor de primire;<\/li><li>Realizarea aleilor de parc pietonale, \u0219i a pavajelor pentru zonele de relaxare umbrite; <\/li><li>Execu\u021bia podurilor peste cursurile de ap\u0103;<\/li><li>Procurarea \u0219i montarea machetelor ale cl\u0103dirilor reprezentative din Rom\u00e2nia Parc, 83 de buc\u0103\u021bi, respectiv instalarea trenule\u021belor, vapora\u0219elor \u0219i a ma\u0219inu\u021belor;<\/li><li>Instalarea sistemului de iluminat ambiental \u0219i al sistemului de supraveghere video; <\/li><li>Realizarea locului de joac\u0103 tematic cu pardoseal\u0103 de tartan cauciucat; <\/li><li>Dotarea parcului cu mobilier urban proiectat special pentru Rom\u00e2nia Parc cu motive populare tradi\u021bionale; <\/li><li>Dotarea zonelor de relaxare cu mese, scaune, mese de \u0219ah \u0219i table pentru exterior, beanbags etc.; <\/li><li>Plantarea vegeta\u021biei specifice fiec\u0103rei regiuni din \u021bar\u0103; <\/li><li>Instalarea sistemului de iriga\u021bii; Situa\u021bia propus\u0103 din punct de vedere al necesarului de utilit\u0103\u021bi are urm\u0103toarele componente:<\/li><li>Ap\u0103 \u0219i canalizare \u2013 cursuri de ap\u0103 (4 p\u00e2r\u00e2uri), Marea Neagr\u0103, doua lacuri; <\/li><li>Sistem de iluminat; &#8211; Sistem de supraveghere cu camere video; &#8211; Sistem de iriga\u021bii; &#8211; Instala\u021bii ale cl\u0103dirilor propuse;<\/li><\/ul>\n\n\n\n<p>\u00cenfiin\u021bat\u0103 \u00een 2006, firma Porr Construct are ac\u021bionariat austriac \u0219i sediul social \u00een Bucure\u0219ti. Conform datelor din SEAP are apropae 100 de alte licita\u021bii c\u00e2\u0219tigate. Cele mai importante contracte le are cu CNAIR pentru lucr\u0103ri de drumuri.<\/p>\n\n\n\n<h2 class=\"wp-block-heading\">Un parc foarte scump<\/h2>\n\n\n\n<p>Despre viitorul parc Tudor Arghezi, Funda\u021bia EcoCivica, preluat\u0103 de <a href=\"https:\/\/www.g4media.ro\/fundatia-eco-civica-despre-parcul-arghezi-al-lui-baluta-probabil-va-fi-cel-mai-scump-parc-din-romania-proprietarului-terenului-i-a-pus-dumnezeu-mana-in-cap.html\">G4media<\/a>, a spus c\u0103 va fi <em>cel mai scump parc din Rom\u00e2nia<\/em>. Amenajarea acestuia va costa 370 euro\/mp iar proprietarul terenului va primi 9 milioane de lei. EcoMedia sus\u021binea c\u0103 \u00een acest moment, terenul este neconstruibil din cauza re\u021belelor aflate \u00een subteran \u0219i care vor fi mutate tot pe banii Prim\u0103riei. <\/p>\n\n\n\n<p>Proiectul de 40 de milioane de lei include amenajarea Parcului Tudor Arghezi, construirea unui centru multicultural \u0219i a unei parc\u0103ri supraetajate. <\/p>\n\n\n\n<p>,,Centrul multicultural\u201d este o cl\u0103dire mixta cu sala de spectacole, s\u0103li de conferin\u021be, zona birouri si terasa circulabila. Suprafa\u021ba construit\u0103 la sol va fi de 829.08 mp iar desf\u0103\u0219urat\u0103 de 2629.53 mp<\/p>\n\n\n\n<p>Termenul de execu\u021bie este de 18 luni.<\/p>\n\n\n\n<figure class=\"wp-block-image size-large\"><img decoding=\"async\" width=\"900\" height=\"332\" src=\"data:image\/gif;base64,R0lGODlhAQABAAAAACH5BAEKAAEALAAAAAABAAEAAAICTAEAOw==\" data-src=\"https:\/\/buletin.de\/bucuresti\/wp-content\/uploads\/image-1046-900x332.png\" alt=\"\" class=\"wp-image-37056 lazyload\" data-sizes=\"auto\" data-srcset=\"https:\/\/buletin.de\/bucuresti\/wp-content\/uploads\/image-1046-900x332.png 900w, https:\/\/buletin.de\/bucuresti\/wp-content\/uploads\/image-1046-300x111.png 300w, https:\/\/buletin.de\/bucuresti\/wp-content\/uploads\/image-1046-768x283.png 768w, https:\/\/buletin.de\/bucuresti\/wp-content\/uploads\/image-1046-1536x566.png 1536w, https:\/\/buletin.de\/bucuresti\/wp-content\/uploads\/image-1046-1060x391.png 1060w, https:\/\/buletin.de\/bucuresti\/wp-content\/uploads\/image-1046-550x203.png 550w, https:\/\/buletin.de\/bucuresti\/wp-content\/uploads\/image-1046-1356x500.png 1356w, https:\/\/buletin.de\/bucuresti\/wp-content\/uploads\/image-1046-600x221.png 600w, https:\/\/buletin.de\/bucuresti\/wp-content\/uploads\/image-1046.png 1879w\" sizes=\"(max-width: 900px) 100vw, 900px\" \/><figcaption>sursa SEAP<\/figcaption><\/figure>\n\n\n\n<p>C\u00e2\u0219tig\u0103torii licita\u021biei sunt firme\u0219le <strong>OMEGA STAR SISTEMS, Totul Verde, QUEEN EIRINI S.R.L.<\/strong><\/p>\n\n\n\n<p>Totul Verde este societate de administrare a domeniului public, de\u021binut\u0103 de Prim\u0103ria Sector 4. Omega Star Sistems SRL, firm\u0103 cu ac\u021bionari rom\u00e2n\u0103 \u0219i cu sediul \u00een Bucure\u0219ti, nu este la primul contract public. \u00cen 2020 a construit parcare suprateran\u0103 din Pope\u0219ti Leordeni. <\/p>\n\n\n\n<p>Pentru firma Queen Eirini SRL acesta va fi primul contract public pe care \u00eel semneaz\u0103 \u00een cei 10 ani de existen\u021b\u0103. Firma are sediul social \u00een Voluntari \u0219i a fost \u00eenfiin\u021bat\u0103 de un cet\u0103\u021bean grec care ulterior a cedat toate p\u0103r\u021bile sociale unui asociat rom\u00e2n, Manciu T\u0103nase Ionu\u021b. T\u0103nase nu este \u00eens\u0103 la prima colaborare cu B\u0103lu\u021b\u0103. Printr-o alt\u0103 firm\u0103 a sa, ROVOMATIC a c\u00e2\u0219tigat dou\u0103 <a href=\"http:\/\/e-licitatie.ro\/#\">contracte <\/a>pentru echipamente de protec\u021bie, cu Prim\u0103ria Sector 4. Iar conform termene.ro, T\u0103nase a investit 40.000 de euro \u00eentr-o firm\u0103 cu fostul ministru al Comunica\u021biilor, \u00een Guvernul Grindeanu, Augustin Jianu.<\/p>\n\n\n\n<p><\/p>\n\n\n\n<p><\/p>\n\n\n\n<p><\/p>\n\n\n\n<p><\/p>\n\n\n\n<p><\/p>\n\n\n\n\n\n<p><\/p>\n","protected":false},"excerpt":{"rendered":"<p>Dou\u0103 dintre proiectele de suflet ale primarului Sectorului 4, Daniel B\u0103lu\u021b\u0103, sunt cu un pas mai aproape de realitate. Licita\u021biile lansate \u00een SEAP anul trecut pentru Rom\u00e2nia Parc \u0219i Parcul Arghezi au c\u00e2\u0219tig\u0103tori. Rom\u00e2nia Parc, un mega parc tematic, va costa aproape 30 de milioane de lei \u0219i trebuie s\u0103 fie gata \u00een 32 de [&hellip;]<\/p>\n","protected":false},"author":18,"featured_media":37069,"comment_status":"closed","ping_status":"open","sticky":false,"template":"","format":"standard","meta":{"_acf_changed":false,"inline_featured_image":false,"ngg_post_thumbnail":0,"footnotes":""},"categories":[62],"tags":[1204,990,3807,3377,765],"ppma_author":[22579],"class_list":["post-37049","post","type-post","status-publish","format-standard","has-post-thumbnail","hentry","category-stiri","tag-daniel-baluta","tag-licitatie","tag-parcul-tudor-arghezi","tag-romania-parc","tag-sector-4"],"acf":[],"yoast_head":"<!-- This site is optimized with the Yoast SEO Premium plugin v25.3 (Yoast SEO v27.5) - https:\/\/yoast.com\/product\/yoast-seo-premium-wordpress\/ -->\n<title>B\u0103lu\u021b\u0103 d\u0103 70 de milioane de lei pe dou\u0103 parcuri. Licita\u021biile la Rom\u00e2nia Parc \u0219i Parcul Tudor Arghezi, finalizate - Buletin de Bucure\u0219ti<\/title>\n<meta name=\"robots\" content=\"index, follow, max-snippet:-1, max-image-preview:large, max-video-preview:-1\" \/>\n<link rel=\"canonical\" href=\"https:\/\/buletin.de\/bucuresti\/baluta-da-70-de-milioane-de-lei-pe-doua-parcuri-licitatiile-la-romania-parc-si-parcul-tudor-arghezi-finalizate\/\" \/>\n<meta property=\"og:locale\" content=\"en_GB\" \/>\n<meta property=\"og:type\" content=\"article\" \/>\n<meta property=\"og:title\" content=\"B\u0103lu\u021b\u0103 d\u0103 70 de milioane de lei pe dou\u0103 parcuri. Licita\u021biile la Rom\u00e2nia Parc \u0219i Parcul Tudor Arghezi, finalizate\" \/>\n<meta property=\"og:description\" content=\"Dou\u0103 dintre proiectele de suflet ale primarului Sectorului 4, Daniel B\u0103lu\u021b\u0103, sunt cu un pas mai aproape de realitate. Licita\u021biile lansate \u00een SEAP anul trecut pentru Rom\u00e2nia Parc \u0219i Parcul Arghezi au c\u00e2\u0219tig\u0103tori. Rom\u00e2nia Parc, un mega parc tematic, va costa aproape 30 de milioane de lei \u0219i trebuie s\u0103 fie gata \u00een 32 de [&hellip;]\" \/>\n<meta property=\"og:url\" content=\"https:\/\/buletin.de\/bucuresti\/baluta-da-70-de-milioane-de-lei-pe-doua-parcuri-licitatiile-la-romania-parc-si-parcul-tudor-arghezi-finalizate\/\" \/>\n<meta property=\"og:site_name\" content=\"Buletin de Bucure\u0219ti\" \/>\n<meta property=\"article:publisher\" content=\"https:\/\/www.facebook.com\/buletin.de.buc\" \/>\n<meta property=\"article:published_time\" content=\"2022-01-11T14:51:05+00:00\" \/>\n<meta property=\"article:modified_time\" content=\"2022-01-11T17:20:45+00:00\" \/>\n<meta property=\"og:image\" content=\"https:\/\/buletin.de\/bucuresti\/wp-content\/uploads\/image-1047.png\" \/>\n\t<meta property=\"og:image:width\" content=\"835\" \/>\n\t<meta property=\"og:image:height\" content=\"415\" \/>\n\t<meta property=\"og:image:type\" content=\"image\/png\" \/>\n<meta name=\"author\" content=\"Teodora Stroe\" \/>\n<meta name=\"twitter:card\" content=\"summary_large_image\" \/>\n<meta name=\"twitter:label1\" content=\"Written by\" \/>\n\t<meta name=\"twitter:data1\" content=\"Teodora Stroe\" \/>\n\t<meta name=\"twitter:label2\" content=\"Estimated reading time\" \/>\n\t<meta name=\"twitter:data2\" content=\"5 minutes\" \/>\n<script type=\"application\/ld+json\" class=\"yoast-schema-graph\">{\"@context\":\"https:\\\/\\\/schema.org\",\"@graph\":[{\"@type\":\"Article\",\"@id\":\"https:\\\/\\\/buletin.de\\\/bucuresti\\\/baluta-da-70-de-milioane-de-lei-pe-doua-parcuri-licitatiile-la-romania-parc-si-parcul-tudor-arghezi-finalizate\\\/#article\",\"isPartOf\":{\"@id\":\"https:\\\/\\\/buletin.de\\\/bucuresti\\\/baluta-da-70-de-milioane-de-lei-pe-doua-parcuri-licitatiile-la-romania-parc-si-parcul-tudor-arghezi-finalizate\\\/\"},\"author\":{\"name\":\"Teodora Stroe\",\"@id\":\"https:\\\/\\\/buletin.de\\\/bucuresti\\\/#\\\/schema\\\/person\\\/d369d7ddc775abece205795e0b804614\"},\"headline\":\"B\u0103lu\u021b\u0103 d\u0103 70 de milioane de lei pe dou\u0103 parcuri. Licita\u021biile la Rom\u00e2nia Parc \u0219i Parcul Tudor Arghezi, finalizate\",\"datePublished\":\"2022-01-11T14:51:05+00:00\",\"dateModified\":\"2022-01-11T17:20:45+00:00\",\"mainEntityOfPage\":{\"@id\":\"https:\\\/\\\/buletin.de\\\/bucuresti\\\/baluta-da-70-de-milioane-de-lei-pe-doua-parcuri-licitatiile-la-romania-parc-si-parcul-tudor-arghezi-finalizate\\\/\"},\"wordCount\":1020,\"publisher\":{\"@id\":\"https:\\\/\\\/buletin.de\\\/bucuresti\\\/#organization\"},\"image\":{\"@id\":\"https:\\\/\\\/buletin.de\\\/bucuresti\\\/baluta-da-70-de-milioane-de-lei-pe-doua-parcuri-licitatiile-la-romania-parc-si-parcul-tudor-arghezi-finalizate\\\/#primaryimage\"},\"thumbnailUrl\":\"https:\\\/\\\/buletin.de\\\/bucuresti\\\/wp-content\\\/uploads\\\/image-1047.png\",\"keywords\":[\"daniel baluta\",\"licitatie\",\"parcul tudor arghezi\",\"romania parc\",\"Sector 4\"],\"articleSection\":[\"\u0218tiri\"],\"inLanguage\":\"en-GB\",\"copyrightYear\":\"2022\",\"copyrightHolder\":{\"@id\":\"https:\\\/\\\/buletin.de\\\/bucuresti\\\/#organization\"}},{\"@type\":\"WebPage\",\"@id\":\"https:\\\/\\\/buletin.de\\\/bucuresti\\\/baluta-da-70-de-milioane-de-lei-pe-doua-parcuri-licitatiile-la-romania-parc-si-parcul-tudor-arghezi-finalizate\\\/\",\"url\":\"https:\\\/\\\/buletin.de\\\/bucuresti\\\/baluta-da-70-de-milioane-de-lei-pe-doua-parcuri-licitatiile-la-romania-parc-si-parcul-tudor-arghezi-finalizate\\\/\",\"name\":\"B\u0103lu\u021b\u0103 d\u0103 70 de milioane de lei pe dou\u0103 parcuri. Licita\u021biile la Rom\u00e2nia Parc \u0219i Parcul Tudor Arghezi, finalizate - Buletin de Bucure\u0219ti\",\"isPartOf\":{\"@id\":\"https:\\\/\\\/buletin.de\\\/bucuresti\\\/#website\"},\"primaryImageOfPage\":{\"@id\":\"https:\\\/\\\/buletin.de\\\/bucuresti\\\/baluta-da-70-de-milioane-de-lei-pe-doua-parcuri-licitatiile-la-romania-parc-si-parcul-tudor-arghezi-finalizate\\\/#primaryimage\"},\"image\":{\"@id\":\"https:\\\/\\\/buletin.de\\\/bucuresti\\\/baluta-da-70-de-milioane-de-lei-pe-doua-parcuri-licitatiile-la-romania-parc-si-parcul-tudor-arghezi-finalizate\\\/#primaryimage\"},\"thumbnailUrl\":\"https:\\\/\\\/buletin.de\\\/bucuresti\\\/wp-content\\\/uploads\\\/image-1047.png\",\"datePublished\":\"2022-01-11T14:51:05+00:00\",\"dateModified\":\"2022-01-11T17:20:45+00:00\",\"breadcrumb\":{\"@id\":\"https:\\\/\\\/buletin.de\\\/bucuresti\\\/baluta-da-70-de-milioane-de-lei-pe-doua-parcuri-licitatiile-la-romania-parc-si-parcul-tudor-arghezi-finalizate\\\/#breadcrumb\"},\"inLanguage\":\"en-GB\",\"potentialAction\":[{\"@type\":\"ReadAction\",\"target\":[\"https:\\\/\\\/buletin.de\\\/bucuresti\\\/baluta-da-70-de-milioane-de-lei-pe-doua-parcuri-licitatiile-la-romania-parc-si-parcul-tudor-arghezi-finalizate\\\/\"]}]},{\"@type\":\"ImageObject\",\"inLanguage\":\"en-GB\",\"@id\":\"https:\\\/\\\/buletin.de\\\/bucuresti\\\/baluta-da-70-de-milioane-de-lei-pe-doua-parcuri-licitatiile-la-romania-parc-si-parcul-tudor-arghezi-finalizate\\\/#primaryimage\",\"url\":\"https:\\\/\\\/buletin.de\\\/bucuresti\\\/wp-content\\\/uploads\\\/image-1047.png\",\"contentUrl\":\"https:\\\/\\\/buletin.de\\\/bucuresti\\\/wp-content\\\/uploads\\\/image-1047.png\",\"width\":835,\"height\":415},{\"@type\":\"BreadcrumbList\",\"@id\":\"https:\\\/\\\/buletin.de\\\/bucuresti\\\/baluta-da-70-de-milioane-de-lei-pe-doua-parcuri-licitatiile-la-romania-parc-si-parcul-tudor-arghezi-finalizate\\\/#breadcrumb\",\"itemListElement\":[{\"@type\":\"ListItem\",\"position\":1,\"name\":\"Acas\u0103\",\"item\":\"https:\\\/\\\/buletin.de\\\/bucuresti\\\/\"},{\"@type\":\"ListItem\",\"position\":2,\"name\":\"B\u0103lu\u021b\u0103 d\u0103 70 de milioane de lei pe dou\u0103 parcuri. Licita\u021biile la Rom\u00e2nia Parc \u0219i Parcul Tudor Arghezi, finalizate\"}]},{\"@type\":\"WebSite\",\"@id\":\"https:\\\/\\\/buletin.de\\\/bucuresti\\\/#website\",\"url\":\"https:\\\/\\\/buletin.de\\\/bucuresti\\\/\",\"name\":\"Buletin de Bucure\u0219ti\",\"description\":\"\u0218tiri \u0219i investiga\u021bii esen\u021biale din capital\u0103\",\"publisher\":{\"@id\":\"https:\\\/\\\/buletin.de\\\/bucuresti\\\/#organization\"},\"potentialAction\":[{\"@type\":\"SearchAction\",\"target\":{\"@type\":\"EntryPoint\",\"urlTemplate\":\"https:\\\/\\\/buletin.de\\\/bucuresti\\\/?s={search_term_string}\"},\"query-input\":{\"@type\":\"PropertyValueSpecification\",\"valueRequired\":true,\"valueName\":\"search_term_string\"}}],\"inLanguage\":\"en-GB\"},{\"@type\":\"Organization\",\"@id\":\"https:\\\/\\\/buletin.de\\\/bucuresti\\\/#organization\",\"name\":\"Buletin de Bucure\u0219ti\",\"url\":\"https:\\\/\\\/buletin.de\\\/bucuresti\\\/\",\"logo\":{\"@type\":\"ImageObject\",\"inLanguage\":\"en-GB\",\"@id\":\"https:\\\/\\\/buletin.de\\\/bucuresti\\\/#\\\/schema\\\/logo\\\/image\\\/\",\"url\":\"https:\\\/\\\/buletin.de\\\/bucuresti\\\/wp-content\\\/uploads\\\/logo-bdb-full-wide-vernil-transparent.png\",\"contentUrl\":\"https:\\\/\\\/buletin.de\\\/bucuresti\\\/wp-content\\\/uploads\\\/logo-bdb-full-wide-vernil-transparent.png\",\"width\":1782,\"height\":626,\"caption\":\"Buletin de Bucure\u0219ti\"},\"image\":{\"@id\":\"https:\\\/\\\/buletin.de\\\/bucuresti\\\/#\\\/schema\\\/logo\\\/image\\\/\"},\"sameAs\":[\"https:\\\/\\\/www.facebook.com\\\/buletin.de.buc\",\"https:\\\/\\\/www.instagram.com\\\/buletinde.bucuresti\\\/\"]},{\"@type\":\"Person\",\"@id\":\"https:\\\/\\\/buletin.de\\\/bucuresti\\\/#\\\/schema\\\/person\\\/d369d7ddc775abece205795e0b804614\",\"name\":\"Teodora Stroe\",\"image\":{\"@type\":\"ImageObject\",\"inLanguage\":\"en-GB\",\"@id\":\"https:\\\/\\\/secure.gravatar.com\\\/avatar\\\/2560b4cd9f5f1bc100b123158e657d75584bd1c3e1d9c69285720b9457c1b78d?s=96&d=monsterid&r=gc104800242ba5f2d78dd5d7dc4df08b6\",\"url\":\"https:\\\/\\\/secure.gravatar.com\\\/avatar\\\/2560b4cd9f5f1bc100b123158e657d75584bd1c3e1d9c69285720b9457c1b78d?s=96&d=monsterid&r=g\",\"contentUrl\":\"https:\\\/\\\/secure.gravatar.com\\\/avatar\\\/2560b4cd9f5f1bc100b123158e657d75584bd1c3e1d9c69285720b9457c1b78d?s=96&d=monsterid&r=g\",\"caption\":\"Teodora Stroe\"},\"url\":\"https:\\\/\\\/buletin.de\\\/bucuresti\\\/author\\\/simonacarlugea\\\/\"}]}<\/script>\n<!-- \/ Yoast SEO Premium plugin. -->","yoast_head_json":{"title":"B\u0103lu\u021b\u0103 d\u0103 70 de milioane de lei pe dou\u0103 parcuri. Licita\u021biile la Rom\u00e2nia Parc \u0219i Parcul Tudor Arghezi, finalizate - Buletin de Bucure\u0219ti","robots":{"index":"index","follow":"follow","max-snippet":"max-snippet:-1","max-image-preview":"max-image-preview:large","max-video-preview":"max-video-preview:-1"},"canonical":"https:\/\/buletin.de\/bucuresti\/baluta-da-70-de-milioane-de-lei-pe-doua-parcuri-licitatiile-la-romania-parc-si-parcul-tudor-arghezi-finalizate\/","og_locale":"en_GB","og_type":"article","og_title":"B\u0103lu\u021b\u0103 d\u0103 70 de milioane de lei pe dou\u0103 parcuri. Licita\u021biile la Rom\u00e2nia Parc \u0219i Parcul Tudor Arghezi, finalizate","og_description":"Dou\u0103 dintre proiectele de suflet ale primarului Sectorului 4, Daniel B\u0103lu\u021b\u0103, sunt cu un pas mai aproape de realitate. Licita\u021biile lansate \u00een SEAP anul trecut pentru Rom\u00e2nia Parc \u0219i Parcul Arghezi au c\u00e2\u0219tig\u0103tori. Rom\u00e2nia Parc, un mega parc tematic, va costa aproape 30 de milioane de lei \u0219i trebuie s\u0103 fie gata \u00een 32 de [&hellip;]","og_url":"https:\/\/buletin.de\/bucuresti\/baluta-da-70-de-milioane-de-lei-pe-doua-parcuri-licitatiile-la-romania-parc-si-parcul-tudor-arghezi-finalizate\/","og_site_name":"Buletin de Bucure\u0219ti","article_publisher":"https:\/\/www.facebook.com\/buletin.de.buc","article_published_time":"2022-01-11T14:51:05+00:00","article_modified_time":"2022-01-11T17:20:45+00:00","og_image":[{"width":835,"height":415,"url":"https:\/\/buletin.de\/bucuresti\/wp-content\/uploads\/image-1047.png","type":"image\/png"}],"author":"Teodora Stroe","twitter_card":"summary_large_image","twitter_misc":{"Written by":"Teodora Stroe","Estimated reading time":"5 minutes"},"schema":{"@context":"https:\/\/schema.org","@graph":[{"@type":"Article","@id":"https:\/\/buletin.de\/bucuresti\/baluta-da-70-de-milioane-de-lei-pe-doua-parcuri-licitatiile-la-romania-parc-si-parcul-tudor-arghezi-finalizate\/#article","isPartOf":{"@id":"https:\/\/buletin.de\/bucuresti\/baluta-da-70-de-milioane-de-lei-pe-doua-parcuri-licitatiile-la-romania-parc-si-parcul-tudor-arghezi-finalizate\/"},"author":{"name":"Teodora Stroe","@id":"https:\/\/buletin.de\/bucuresti\/#\/schema\/person\/d369d7ddc775abece205795e0b804614"},"headline":"B\u0103lu\u021b\u0103 d\u0103 70 de milioane de lei pe dou\u0103 parcuri. Licita\u021biile la Rom\u00e2nia Parc \u0219i Parcul Tudor Arghezi, finalizate","datePublished":"2022-01-11T14:51:05+00:00","dateModified":"2022-01-11T17:20:45+00:00","mainEntityOfPage":{"@id":"https:\/\/buletin.de\/bucuresti\/baluta-da-70-de-milioane-de-lei-pe-doua-parcuri-licitatiile-la-romania-parc-si-parcul-tudor-arghezi-finalizate\/"},"wordCount":1020,"publisher":{"@id":"https:\/\/buletin.de\/bucuresti\/#organization"},"image":{"@id":"https:\/\/buletin.de\/bucuresti\/baluta-da-70-de-milioane-de-lei-pe-doua-parcuri-licitatiile-la-romania-parc-si-parcul-tudor-arghezi-finalizate\/#primaryimage"},"thumbnailUrl":"https:\/\/buletin.de\/bucuresti\/wp-content\/uploads\/image-1047.png","keywords":["daniel baluta","licitatie","parcul tudor arghezi","romania parc","Sector 4"],"articleSection":["\u0218tiri"],"inLanguage":"en-GB","copyrightYear":"2022","copyrightHolder":{"@id":"https:\/\/buletin.de\/bucuresti\/#organization"}},{"@type":"WebPage","@id":"https:\/\/buletin.de\/bucuresti\/baluta-da-70-de-milioane-de-lei-pe-doua-parcuri-licitatiile-la-romania-parc-si-parcul-tudor-arghezi-finalizate\/","url":"https:\/\/buletin.de\/bucuresti\/baluta-da-70-de-milioane-de-lei-pe-doua-parcuri-licitatiile-la-romania-parc-si-parcul-tudor-arghezi-finalizate\/","name":"B\u0103lu\u021b\u0103 d\u0103 70 de milioane de lei pe dou\u0103 parcuri. Licita\u021biile la Rom\u00e2nia Parc \u0219i Parcul Tudor Arghezi, finalizate - Buletin de Bucure\u0219ti","isPartOf":{"@id":"https:\/\/buletin.de\/bucuresti\/#website"},"primaryImageOfPage":{"@id":"https:\/\/buletin.de\/bucuresti\/baluta-da-70-de-milioane-de-lei-pe-doua-parcuri-licitatiile-la-romania-parc-si-parcul-tudor-arghezi-finalizate\/#primaryimage"},"image":{"@id":"https:\/\/buletin.de\/bucuresti\/baluta-da-70-de-milioane-de-lei-pe-doua-parcuri-licitatiile-la-romania-parc-si-parcul-tudor-arghezi-finalizate\/#primaryimage"},"thumbnailUrl":"https:\/\/buletin.de\/bucuresti\/wp-content\/uploads\/image-1047.png","datePublished":"2022-01-11T14:51:05+00:00","dateModified":"2022-01-11T17:20:45+00:00","breadcrumb":{"@id":"https:\/\/buletin.de\/bucuresti\/baluta-da-70-de-milioane-de-lei-pe-doua-parcuri-licitatiile-la-romania-parc-si-parcul-tudor-arghezi-finalizate\/#breadcrumb"},"inLanguage":"en-GB","potentialAction":[{"@type":"ReadAction","target":["https:\/\/buletin.de\/bucuresti\/baluta-da-70-de-milioane-de-lei-pe-doua-parcuri-licitatiile-la-romania-parc-si-parcul-tudor-arghezi-finalizate\/"]}]},{"@type":"ImageObject","inLanguage":"en-GB","@id":"https:\/\/buletin.de\/bucuresti\/baluta-da-70-de-milioane-de-lei-pe-doua-parcuri-licitatiile-la-romania-parc-si-parcul-tudor-arghezi-finalizate\/#primaryimage","url":"https:\/\/buletin.de\/bucuresti\/wp-content\/uploads\/image-1047.png","contentUrl":"https:\/\/buletin.de\/bucuresti\/wp-content\/uploads\/image-1047.png","width":835,"height":415},{"@type":"BreadcrumbList","@id":"https:\/\/buletin.de\/bucuresti\/baluta-da-70-de-milioane-de-lei-pe-doua-parcuri-licitatiile-la-romania-parc-si-parcul-tudor-arghezi-finalizate\/#breadcrumb","itemListElement":[{"@type":"ListItem","position":1,"name":"Acas\u0103","item":"https:\/\/buletin.de\/bucuresti\/"},{"@type":"ListItem","position":2,"name":"B\u0103lu\u021b\u0103 d\u0103 70 de milioane de lei pe dou\u0103 parcuri. Licita\u021biile la Rom\u00e2nia Parc \u0219i Parcul Tudor Arghezi, finalizate"}]},{"@type":"WebSite","@id":"https:\/\/buletin.de\/bucuresti\/#website","url":"https:\/\/buletin.de\/bucuresti\/","name":"Buletin de Bucure\u0219ti","description":"\u0218tiri \u0219i investiga\u021bii esen\u021biale din capital\u0103","publisher":{"@id":"https:\/\/buletin.de\/bucuresti\/#organization"},"potentialAction":[{"@type":"SearchAction","target":{"@type":"EntryPoint","urlTemplate":"https:\/\/buletin.de\/bucuresti\/?s={search_term_string}"},"query-input":{"@type":"PropertyValueSpecification","valueRequired":true,"valueName":"search_term_string"}}],"inLanguage":"en-GB"},{"@type":"Organization","@id":"https:\/\/buletin.de\/bucuresti\/#organization","name":"Buletin de Bucure\u0219ti","url":"https:\/\/buletin.de\/bucuresti\/","logo":{"@type":"ImageObject","inLanguage":"en-GB","@id":"https:\/\/buletin.de\/bucuresti\/#\/schema\/logo\/image\/","url":"https:\/\/buletin.de\/bucuresti\/wp-content\/uploads\/logo-bdb-full-wide-vernil-transparent.png","contentUrl":"https:\/\/buletin.de\/bucuresti\/wp-content\/uploads\/logo-bdb-full-wide-vernil-transparent.png","width":1782,"height":626,"caption":"Buletin de Bucure\u0219ti"},"image":{"@id":"https:\/\/buletin.de\/bucuresti\/#\/schema\/logo\/image\/"},"sameAs":["https:\/\/www.facebook.com\/buletin.de.buc","https:\/\/www.instagram.com\/buletinde.bucuresti\/"]},{"@type":"Person","@id":"https:\/\/buletin.de\/bucuresti\/#\/schema\/person\/d369d7ddc775abece205795e0b804614","name":"Teodora Stroe","image":{"@type":"ImageObject","inLanguage":"en-GB","@id":"https:\/\/secure.gravatar.com\/avatar\/2560b4cd9f5f1bc100b123158e657d75584bd1c3e1d9c69285720b9457c1b78d?s=96&d=monsterid&r=gc104800242ba5f2d78dd5d7dc4df08b6","url":"https:\/\/secure.gravatar.com\/avatar\/2560b4cd9f5f1bc100b123158e657d75584bd1c3e1d9c69285720b9457c1b78d?s=96&d=monsterid&r=g","contentUrl":"https:\/\/secure.gravatar.com\/avatar\/2560b4cd9f5f1bc100b123158e657d75584bd1c3e1d9c69285720b9457c1b78d?s=96&d=monsterid&r=g","caption":"Teodora Stroe"},"url":"https:\/\/buletin.de\/bucuresti\/author\/simonacarlugea\/"}]}},"authors":[{"term_id":22579,"user_id":18,"is_guest":0,"slug":"simonacarlugea","display_name":"Teodora Stroe","avatar_url":"https:\/\/secure.gravatar.com\/avatar\/2560b4cd9f5f1bc100b123158e657d75584bd1c3e1d9c69285720b9457c1b78d?s=96&d=monsterid&r=g","0":null,"1":"","2":"","3":"","4":"","5":"","6":"","7":"","8":""}],"_links":{"self":[{"href":"https:\/\/buletin.de\/bucuresti\/wp-json\/wp\/v2\/posts\/37049","targetHints":{"allow":["GET"]}}],"collection":[{"href":"https:\/\/buletin.de\/bucuresti\/wp-json\/wp\/v2\/posts"}],"about":[{"href":"https:\/\/buletin.de\/bucuresti\/wp-json\/wp\/v2\/types\/post"}],"author":[{"embeddable":true,"href":"https:\/\/buletin.de\/bucuresti\/wp-json\/wp\/v2\/users\/18"}],"replies":[{"embeddable":true,"href":"https:\/\/buletin.de\/bucuresti\/wp-json\/wp\/v2\/comments?post=37049"}],"version-history":[{"count":16,"href":"https:\/\/buletin.de\/bucuresti\/wp-json\/wp\/v2\/posts\/37049\/revisions"}],"predecessor-version":[{"id":37093,"href":"https:\/\/buletin.de\/bucuresti\/wp-json\/wp\/v2\/posts\/37049\/revisions\/37093"}],"wp:featuredmedia":[{"embeddable":true,"href":"https:\/\/buletin.de\/bucuresti\/wp-json\/wp\/v2\/media\/37069"}],"wp:attachment":[{"href":"https:\/\/buletin.de\/bucuresti\/wp-json\/wp\/v2\/media?parent=37049"}],"wp:term":[{"taxonomy":"category","embeddable":true,"href":"https:\/\/buletin.de\/bucuresti\/wp-json\/wp\/v2\/categories?post=37049"},{"taxonomy":"post_tag","embeddable":true,"href":"https:\/\/buletin.de\/bucuresti\/wp-json\/wp\/v2\/tags?post=37049"},{"taxonomy":"author","embeddable":true,"href":"https:\/\/buletin.de\/bucuresti\/wp-json\/wp\/v2\/ppma_author?post=37049"}],"curies":[{"name":"wp","href":"https:\/\/api.w.org\/{rel}","templated":true}]}}