{"id":36872,"date":"2022-01-05T14:25:06","date_gmt":"2022-01-05T12:25:06","guid":{"rendered":"https:\/\/buletin.de\/bucuresti\/?p=36872"},"modified":"2022-01-05T14:25:07","modified_gmt":"2022-01-05T12:25:07","slug":"coronavirus-romania-5-ianuarie-2022","status":"publish","type":"post","link":"https:\/\/buletin.de\/bucuresti\/coronavirus-romania-5-ianuarie-2022\/","title":{"rendered":"Rata de infectare \u00een Bucure\u0219ti a crescut la 1 caz la 1.000 de locuitori"},"content":{"rendered":"\n<p><\/p>\n\n\n\n<style>\n\n.full-width {\n  width: 100vw;\n  position: relative;\n  left: 50%;\n  right: 50%;\n  margin-left: -50vw;\n  margin-right: -50vw;\n}\n\n<\/style>\n\n\n\n<p><\/p>\n\n\n\n<p class=\"has-text-align-center has-white-color has-vivid-red-background-color has-text-color has-background\" style=\"font-size:26px\">Bucure\u0219ti : 865 de cazuri noi. 1 rata de inciden\u021b\u0103<\/p>\n\n\n\n<p>Num\u0103rul cazurilor de infectare cu SARS-CoV-2 este \u00een continu\u0103 cre\u0219tere \u00een Bucure\u0219ti. Miercuri s-au \u00eenregistrat 865 de cazuri noi. Rata de inciden\u021b\u0103 a crescut la 1 caz la 1.000 de locuitori, \u00een timp ce mar\u021bi aceasta era de 0,90 cazuri de infectare la mia de locuitori.<\/p>\n\n\n\n<div class=\"wp-block-columns is-layout-flex wp-container-core-columns-is-layout-9d6595d7 wp-block-columns-is-layout-flex\">\n<div class=\"wp-block-column is-layout-flow wp-block-column-is-layout-flow\">\n<iframe id=\"embedGraphic\" src=\"https:\/\/www.graphs.ro\/embed.php?embed=covid_judet&amp;range=30&amp;judet_id=B\" style=\"width:100%; height:80vh; max-height: 350px; border:none;overflow:hidden;\" scrolling=\"no\" frameborder=\"0\"><\/iframe>\n<\/div>\n\n\n\n<div class=\"wp-block-column is-layout-flow wp-block-column-is-layout-flow\">\n<iframe id=\"embedGraphic\" src=\"https:\/\/www.graphs.ro\/embed.php?embed=covid_incidenta_judete&amp;range=30&amp;judet_id=B\" style=\"width:100%;height:80vh; max-height: 350px; border:none;overflow:hidden;\" scrolling=\"no\" frameborder=\"0\"><\/iframe>\n<\/div>\n<\/div>\n\n\n\n<p class=\"has-text-align-center has-white-color has-vivid-cyan-blue-background-color has-text-color has-background\" style=\"font-size:26px\">Ilfov : 136 de cazuri noi. 0,95 rata de inciden\u021b\u0103<\/p>\n\n\n\n<p>\u00cen jude\u021bul Ilfov s-au \u00eenregistrat 136 de cazuri noi de coronavirus. Rata de infectare este de 0,95 cazuri la 1.000 de locuitori, \u00een timp ce mar\u021bi aceasta era de 0,92 cazuri la mia de locuitori.<\/p>\n\n\n\n<p><\/p>\n\n\n\n<div class=\"wp-block-columns are-vertically-aligned-top is-layout-flex wp-container-core-columns-is-layout-9d6595d7 wp-block-columns-is-layout-flex\">\n<div class=\"wp-block-column is-vertically-aligned-top is-layout-flow wp-block-column-is-layout-flow\"><p><iframe src=\"https:\/\/www.graphs.ro\/embed.php?embed=covid_judet&amp;range=30&amp;judet_id=IF\" style=\"width:100%;height:80vh; max-height: 350px;border:none;overflow:hidden;\" scrolling=\"no\" frameborder=\"0\"><\/iframe><\/p>\n\n\n\n<p><\/p>\n<\/div>\n\n\n\n<div class=\"wp-block-column is-vertically-aligned-top is-layout-flow wp-block-column-is-layout-flow\"><p><iframe src=\"https:\/\/www.graphs.ro\/embed.php?embed=covid_incidenta_judete&amp;range=30&amp;judet_id=IF\" style=\"width:100%; height:80vh; max-height: 350px;border:none;overflow:hidden;\" scrolling=\"no\" frameborder=\"0\"><\/iframe><\/p>\n<\/div>\n<\/div>\n\n\n\n<p class=\"has-text-align-center has-white-color has-vivid-purple-background-color has-text-color has-background\" style=\"font-size:26px\"><br>Rom\u00e2nia : 30 de decese. 4.983 de cazuri noi. <\/p>\n\n\n\n<p>La nivel na\u021bional s-au raportat 4.893 de cazuri noi de coronavirus, cu 993 mai multe fa\u021b\u0103 de ziua anterioar\u0103. 276 dintre cazurile noi sunt ale unor pacien\u021bi care s-au infectat a doua oar\u0103 cu SARS-CoV-2.<\/p>\n\n\n\n<p>\u00cen ultimele 24 de ore au fost efectuate 20.887 de teste RT-PCR \u0219i 43.759 de teste rapide antigenice.<\/p>\n\n\n\n<iframe id=\"graficCovid\" src=\"https:\/\/www.graphs.ro\/embed.php?embed=covid_pe_zi&amp;range=full\" style=\"width:100%;border:none;overflow:hidden;\" scrolling=\"no\" frameborder=\"0\" height=\"900px\"><\/iframe>\n\n\n\n<p>INSP a raportat 30 de decese: 16 b\u0103rba\u021bi \u0219i 14 femei.<\/p>\n\n\n\n<p>Din totalul de 30 de pacien\u021bi deceda\u021bi, 24 erau nevaccina\u021bi \u0219i 6 vaccina\u021bi. Cei 6 pacien\u021bi deceda\u021bi vaccina\u021bi aveau v\u00e2rste cuprinse \u00eentre grupele de v\u00e2rst\u0103 60-69 ani \u0219i peste 80 ani. To\u021bi pacien\u021bii vaccina\u021bi care au decedat prezentau comorbidit\u0103\u021bi.<\/p>\n\n\n\n<iframe class=\"graficCovid\" src=\"https:\/\/www.graphs.ro\/embed.php?embed=covid_incidenta_oficiala\" style=\"width:100%;border:none;overflow:hidden;\" height=\"750px\" scrolling=\"no\" frameborder=\"0\"><\/iframe>\n\n\n\n<iframe class=\"graficCovid\" src=\"https:\/\/www.graphs.ro\/embed.php?embed=covid_pe_zi_compare_ati&amp;range=full\" style=\"width:100%;border:none;overflow:hidden;\" scrolling=\"no\" height=\"750px\" frameborder=\"0\"><\/iframe>\n\n\n\n<p>\u00cen spitalele din \u00eentreaga \u021bar\u0103, num\u0103rul de persoane internate \u00een sec\u021bii cu COVID-19 este de 2.259, cu 56 mai mult dec\u00e2t \u00een ziua anterioar\u0103. De asemenea, la ATI&nbsp; sunt internate 409 persoane, cu 19 mai mult dec\u00e2t \u00een ziua anterioar\u0103. Dintre cei 409 de pacien\u021bi interna\u021bi la ATI, 34 au certificat care atest\u0103 vaccinarea.<\/p>\n\n\n\n<p>Din totalul pacien\u021bilor interna\u021bi, 88 sunt minori, 82 fiind interna\u021bi \u00een sec\u021bii, cu 10 mai mult dec\u00e2t \u00een ziua anterioar\u0103 \u0219i 6 la ATI, cu unul mai pu\u021bin dec\u00e2t \u00een ziua anterioar\u0103.<\/p>\n\n\n\n<iframe class=\"graficCovid\" src=\"https:\/\/www.graphs.ro\/embed.php?embed=covid_ati&amp;range=full\" style=\"width:100%;border:none;overflow:hidden;\" height=\"750px\" scrolling=\"no\" frameborder=\"0\"><\/iframe>\n\n\n\n<p><em>Grafice via <a href=\"http:\/\/graphs.ro\" target=\"_blank\" rel=\"noreferrer noopener\">graphs.ro<\/a><\/em><\/p>\n","protected":false},"excerpt":{"rendered":"<p>Bucure\u0219ti : 865 de cazuri noi. 1 rata de inciden\u021b\u0103 Num\u0103rul cazurilor de infectare cu SARS-CoV-2 este \u00een continu\u0103 cre\u0219tere \u00een Bucure\u0219ti. Miercuri s-au \u00eenregistrat 865 de cazuri noi. Rata de inciden\u021b\u0103 a crescut la 1 caz la 1.000 de locuitori, \u00een timp ce mar\u021bi aceasta era de 0,90 cazuri de infectare la mia de [&hellip;]<\/p>\n","protected":false},"author":25,"featured_media":18322,"comment_status":"closed","ping_status":"open","sticky":false,"template":"","format":"standard","meta":{"_acf_changed":false,"inline_featured_image":false,"ngg_post_thumbnail":0,"footnotes":""},"categories":[996],"tags":[2381,529,820,1725,2382],"ppma_author":[22597],"class_list":["post-36872","post","type-post","status-publish","format-standard","has-post-thumbnail","hentry","category-covid-19","tag-buletin-zilnic","tag-coronavirus","tag-ilfov","tag-incidenta-cumulata","tag-internati-ati"],"acf":[],"yoast_head":"<!-- This site is optimized with the Yoast SEO Premium plugin v25.3 (Yoast SEO v27.5) - https:\/\/yoast.com\/product\/yoast-seo-premium-wordpress\/ -->\n<title>Rata de infectare \u00een Bucure\u0219ti a crescut la 1 caz la 1.000 de locuitori - Buletin de Bucure\u0219ti<\/title>\n<meta name=\"robots\" content=\"index, follow, max-snippet:-1, max-image-preview:large, max-video-preview:-1\" \/>\n<link rel=\"canonical\" href=\"https:\/\/buletin.de\/bucuresti\/coronavirus-romania-5-ianuarie-2022\/\" \/>\n<meta property=\"og:locale\" content=\"en_GB\" \/>\n<meta property=\"og:type\" content=\"article\" \/>\n<meta property=\"og:title\" content=\"Rata de infectare \u00een Bucure\u0219ti a crescut la 1 caz la 1.000 de locuitori\" \/>\n<meta property=\"og:description\" content=\"Bucure\u0219ti : 865 de cazuri noi. 1 rata de inciden\u021b\u0103 Num\u0103rul cazurilor de infectare cu SARS-CoV-2 este \u00een continu\u0103 cre\u0219tere \u00een Bucure\u0219ti. Miercuri s-au \u00eenregistrat 865 de cazuri noi. Rata de inciden\u021b\u0103 a crescut la 1 caz la 1.000 de locuitori, \u00een timp ce mar\u021bi aceasta era de 0,90 cazuri de infectare la mia de [&hellip;]\" \/>\n<meta property=\"og:url\" content=\"https:\/\/buletin.de\/bucuresti\/coronavirus-romania-5-ianuarie-2022\/\" \/>\n<meta property=\"og:site_name\" content=\"Buletin de Bucure\u0219ti\" \/>\n<meta property=\"article:publisher\" content=\"https:\/\/www.facebook.com\/buletin.de.buc\" \/>\n<meta property=\"article:published_time\" content=\"2022-01-05T12:25:06+00:00\" \/>\n<meta property=\"article:modified_time\" content=\"2022-01-05T12:25:07+00:00\" \/>\n<meta property=\"og:image\" content=\"https:\/\/buletin.de\/bucuresti\/wp-content\/uploads\/340-33-chart-graph-coronavirus-scaled.jpg\" \/>\n\t<meta property=\"og:image:width\" content=\"2560\" \/>\n\t<meta property=\"og:image:height\" content=\"1810\" \/>\n\t<meta property=\"og:image:type\" content=\"image\/jpeg\" \/>\n<meta name=\"author\" content=\"Ana Tudor\" \/>\n<meta name=\"twitter:card\" content=\"summary_large_image\" \/>\n<meta name=\"twitter:label1\" content=\"Written by\" \/>\n\t<meta name=\"twitter:data1\" content=\"Ana Tudor\" \/>\n\t<meta name=\"twitter:label2\" content=\"Estimated reading time\" \/>\n\t<meta name=\"twitter:data2\" content=\"2 minutes\" \/>\n<script type=\"application\/ld+json\" class=\"yoast-schema-graph\">{\"@context\":\"https:\\\/\\\/schema.org\",\"@graph\":[{\"@type\":\"Article\",\"@id\":\"https:\\\/\\\/buletin.de\\\/bucuresti\\\/coronavirus-romania-5-ianuarie-2022\\\/#article\",\"isPartOf\":{\"@id\":\"https:\\\/\\\/buletin.de\\\/bucuresti\\\/coronavirus-romania-5-ianuarie-2022\\\/\"},\"author\":{\"name\":\"Ana Tudor\",\"@id\":\"https:\\\/\\\/buletin.de\\\/bucuresti\\\/#\\\/schema\\\/person\\\/8ce85bbda5515a1abb525993294155a8\"},\"headline\":\"Rata de infectare \u00een Bucure\u0219ti a crescut la 1 caz la 1.000 de locuitori\",\"datePublished\":\"2022-01-05T12:25:06+00:00\",\"dateModified\":\"2022-01-05T12:25:07+00:00\",\"mainEntityOfPage\":{\"@id\":\"https:\\\/\\\/buletin.de\\\/bucuresti\\\/coronavirus-romania-5-ianuarie-2022\\\/\"},\"wordCount\":314,\"publisher\":{\"@id\":\"https:\\\/\\\/buletin.de\\\/bucuresti\\\/#organization\"},\"image\":{\"@id\":\"https:\\\/\\\/buletin.de\\\/bucuresti\\\/coronavirus-romania-5-ianuarie-2022\\\/#primaryimage\"},\"thumbnailUrl\":\"https:\\\/\\\/buletin.de\\\/bucuresti\\\/wp-content\\\/uploads\\\/340-33-chart-graph-coronavirus-scaled.jpg\",\"keywords\":[\"buletin zilnic\",\"coronavirus\",\"Ilfov\",\"incidenta cumulata\",\"internati ati\"],\"articleSection\":[\"Covid-19\"],\"inLanguage\":\"en-GB\",\"copyrightYear\":\"2022\",\"copyrightHolder\":{\"@id\":\"https:\\\/\\\/buletin.de\\\/bucuresti\\\/#organization\"}},{\"@type\":\"WebPage\",\"@id\":\"https:\\\/\\\/buletin.de\\\/bucuresti\\\/coronavirus-romania-5-ianuarie-2022\\\/\",\"url\":\"https:\\\/\\\/buletin.de\\\/bucuresti\\\/coronavirus-romania-5-ianuarie-2022\\\/\",\"name\":\"Rata de infectare \u00een Bucure\u0219ti a crescut la 1 caz la 1.000 de locuitori - Buletin de Bucure\u0219ti\",\"isPartOf\":{\"@id\":\"https:\\\/\\\/buletin.de\\\/bucuresti\\\/#website\"},\"primaryImageOfPage\":{\"@id\":\"https:\\\/\\\/buletin.de\\\/bucuresti\\\/coronavirus-romania-5-ianuarie-2022\\\/#primaryimage\"},\"image\":{\"@id\":\"https:\\\/\\\/buletin.de\\\/bucuresti\\\/coronavirus-romania-5-ianuarie-2022\\\/#primaryimage\"},\"thumbnailUrl\":\"https:\\\/\\\/buletin.de\\\/bucuresti\\\/wp-content\\\/uploads\\\/340-33-chart-graph-coronavirus-scaled.jpg\",\"datePublished\":\"2022-01-05T12:25:06+00:00\",\"dateModified\":\"2022-01-05T12:25:07+00:00\",\"breadcrumb\":{\"@id\":\"https:\\\/\\\/buletin.de\\\/bucuresti\\\/coronavirus-romania-5-ianuarie-2022\\\/#breadcrumb\"},\"inLanguage\":\"en-GB\",\"potentialAction\":[{\"@type\":\"ReadAction\",\"target\":[\"https:\\\/\\\/buletin.de\\\/bucuresti\\\/coronavirus-romania-5-ianuarie-2022\\\/\"]}]},{\"@type\":\"ImageObject\",\"inLanguage\":\"en-GB\",\"@id\":\"https:\\\/\\\/buletin.de\\\/bucuresti\\\/coronavirus-romania-5-ianuarie-2022\\\/#primaryimage\",\"url\":\"https:\\\/\\\/buletin.de\\\/bucuresti\\\/wp-content\\\/uploads\\\/340-33-chart-graph-coronavirus-scaled.jpg\",\"contentUrl\":\"https:\\\/\\\/buletin.de\\\/bucuresti\\\/wp-content\\\/uploads\\\/340-33-chart-graph-coronavirus-scaled.jpg\",\"width\":2560,\"height\":1810,\"caption\":\"Impact of the coronavirus COVID-19 on the economy. Technology vector background\"},{\"@type\":\"BreadcrumbList\",\"@id\":\"https:\\\/\\\/buletin.de\\\/bucuresti\\\/coronavirus-romania-5-ianuarie-2022\\\/#breadcrumb\",\"itemListElement\":[{\"@type\":\"ListItem\",\"position\":1,\"name\":\"Acas\u0103\",\"item\":\"https:\\\/\\\/buletin.de\\\/bucuresti\\\/\"},{\"@type\":\"ListItem\",\"position\":2,\"name\":\"Rata de infectare \u00een Bucure\u0219ti a crescut la 1 caz la 1.000 de locuitori\"}]},{\"@type\":\"WebSite\",\"@id\":\"https:\\\/\\\/buletin.de\\\/bucuresti\\\/#website\",\"url\":\"https:\\\/\\\/buletin.de\\\/bucuresti\\\/\",\"name\":\"Buletin de Bucure\u0219ti\",\"description\":\"\u0218tiri \u0219i investiga\u021bii esen\u021biale din capital\u0103\",\"publisher\":{\"@id\":\"https:\\\/\\\/buletin.de\\\/bucuresti\\\/#organization\"},\"potentialAction\":[{\"@type\":\"SearchAction\",\"target\":{\"@type\":\"EntryPoint\",\"urlTemplate\":\"https:\\\/\\\/buletin.de\\\/bucuresti\\\/?s={search_term_string}\"},\"query-input\":{\"@type\":\"PropertyValueSpecification\",\"valueRequired\":true,\"valueName\":\"search_term_string\"}}],\"inLanguage\":\"en-GB\"},{\"@type\":\"Organization\",\"@id\":\"https:\\\/\\\/buletin.de\\\/bucuresti\\\/#organization\",\"name\":\"Buletin de Bucure\u0219ti\",\"url\":\"https:\\\/\\\/buletin.de\\\/bucuresti\\\/\",\"logo\":{\"@type\":\"ImageObject\",\"inLanguage\":\"en-GB\",\"@id\":\"https:\\\/\\\/buletin.de\\\/bucuresti\\\/#\\\/schema\\\/logo\\\/image\\\/\",\"url\":\"https:\\\/\\\/buletin.de\\\/bucuresti\\\/wp-content\\\/uploads\\\/logo-bdb-full-wide-vernil-transparent.png\",\"contentUrl\":\"https:\\\/\\\/buletin.de\\\/bucuresti\\\/wp-content\\\/uploads\\\/logo-bdb-full-wide-vernil-transparent.png\",\"width\":1782,\"height\":626,\"caption\":\"Buletin de Bucure\u0219ti\"},\"image\":{\"@id\":\"https:\\\/\\\/buletin.de\\\/bucuresti\\\/#\\\/schema\\\/logo\\\/image\\\/\"},\"sameAs\":[\"https:\\\/\\\/www.facebook.com\\\/buletin.de.buc\",\"https:\\\/\\\/www.instagram.com\\\/buletinde.bucuresti\\\/\"]},{\"@type\":\"Person\",\"@id\":\"https:\\\/\\\/buletin.de\\\/bucuresti\\\/#\\\/schema\\\/person\\\/8ce85bbda5515a1abb525993294155a8\",\"name\":\"Ana Tudor\",\"image\":{\"@type\":\"ImageObject\",\"inLanguage\":\"en-GB\",\"@id\":\"https:\\\/\\\/secure.gravatar.com\\\/avatar\\\/390c40e2d9367046adb10d832317e3f5fb181fdecb236cb1a8187477756ae24a?s=96&d=monsterid&r=g0f86ad5d6b77046fd61bd633bbfa4a29\",\"url\":\"https:\\\/\\\/secure.gravatar.com\\\/avatar\\\/390c40e2d9367046adb10d832317e3f5fb181fdecb236cb1a8187477756ae24a?s=96&d=monsterid&r=g\",\"contentUrl\":\"https:\\\/\\\/secure.gravatar.com\\\/avatar\\\/390c40e2d9367046adb10d832317e3f5fb181fdecb236cb1a8187477756ae24a?s=96&d=monsterid&r=g\",\"caption\":\"Ana Tudor\"},\"url\":\"https:\\\/\\\/buletin.de\\\/bucuresti\\\/author\\\/anamaria\\\/\"}]}<\/script>\n<!-- \/ Yoast SEO Premium plugin. -->","yoast_head_json":{"title":"Rata de infectare \u00een Bucure\u0219ti a crescut la 1 caz la 1.000 de locuitori - Buletin de Bucure\u0219ti","robots":{"index":"index","follow":"follow","max-snippet":"max-snippet:-1","max-image-preview":"max-image-preview:large","max-video-preview":"max-video-preview:-1"},"canonical":"https:\/\/buletin.de\/bucuresti\/coronavirus-romania-5-ianuarie-2022\/","og_locale":"en_GB","og_type":"article","og_title":"Rata de infectare \u00een Bucure\u0219ti a crescut la 1 caz la 1.000 de locuitori","og_description":"Bucure\u0219ti : 865 de cazuri noi. 1 rata de inciden\u021b\u0103 Num\u0103rul cazurilor de infectare cu SARS-CoV-2 este \u00een continu\u0103 cre\u0219tere \u00een Bucure\u0219ti. Miercuri s-au \u00eenregistrat 865 de cazuri noi. Rata de inciden\u021b\u0103 a crescut la 1 caz la 1.000 de locuitori, \u00een timp ce mar\u021bi aceasta era de 0,90 cazuri de infectare la mia de [&hellip;]","og_url":"https:\/\/buletin.de\/bucuresti\/coronavirus-romania-5-ianuarie-2022\/","og_site_name":"Buletin de Bucure\u0219ti","article_publisher":"https:\/\/www.facebook.com\/buletin.de.buc","article_published_time":"2022-01-05T12:25:06+00:00","article_modified_time":"2022-01-05T12:25:07+00:00","og_image":[{"width":2560,"height":1810,"url":"https:\/\/buletin.de\/bucuresti\/wp-content\/uploads\/340-33-chart-graph-coronavirus-scaled.jpg","type":"image\/jpeg"}],"author":"Ana Tudor","twitter_card":"summary_large_image","twitter_misc":{"Written by":"Ana Tudor","Estimated reading time":"2 minutes"},"schema":{"@context":"https:\/\/schema.org","@graph":[{"@type":"Article","@id":"https:\/\/buletin.de\/bucuresti\/coronavirus-romania-5-ianuarie-2022\/#article","isPartOf":{"@id":"https:\/\/buletin.de\/bucuresti\/coronavirus-romania-5-ianuarie-2022\/"},"author":{"name":"Ana Tudor","@id":"https:\/\/buletin.de\/bucuresti\/#\/schema\/person\/8ce85bbda5515a1abb525993294155a8"},"headline":"Rata de infectare \u00een Bucure\u0219ti a crescut la 1 caz la 1.000 de locuitori","datePublished":"2022-01-05T12:25:06+00:00","dateModified":"2022-01-05T12:25:07+00:00","mainEntityOfPage":{"@id":"https:\/\/buletin.de\/bucuresti\/coronavirus-romania-5-ianuarie-2022\/"},"wordCount":314,"publisher":{"@id":"https:\/\/buletin.de\/bucuresti\/#organization"},"image":{"@id":"https:\/\/buletin.de\/bucuresti\/coronavirus-romania-5-ianuarie-2022\/#primaryimage"},"thumbnailUrl":"https:\/\/buletin.de\/bucuresti\/wp-content\/uploads\/340-33-chart-graph-coronavirus-scaled.jpg","keywords":["buletin zilnic","coronavirus","Ilfov","incidenta cumulata","internati ati"],"articleSection":["Covid-19"],"inLanguage":"en-GB","copyrightYear":"2022","copyrightHolder":{"@id":"https:\/\/buletin.de\/bucuresti\/#organization"}},{"@type":"WebPage","@id":"https:\/\/buletin.de\/bucuresti\/coronavirus-romania-5-ianuarie-2022\/","url":"https:\/\/buletin.de\/bucuresti\/coronavirus-romania-5-ianuarie-2022\/","name":"Rata de infectare \u00een Bucure\u0219ti a crescut la 1 caz la 1.000 de locuitori - Buletin de Bucure\u0219ti","isPartOf":{"@id":"https:\/\/buletin.de\/bucuresti\/#website"},"primaryImageOfPage":{"@id":"https:\/\/buletin.de\/bucuresti\/coronavirus-romania-5-ianuarie-2022\/#primaryimage"},"image":{"@id":"https:\/\/buletin.de\/bucuresti\/coronavirus-romania-5-ianuarie-2022\/#primaryimage"},"thumbnailUrl":"https:\/\/buletin.de\/bucuresti\/wp-content\/uploads\/340-33-chart-graph-coronavirus-scaled.jpg","datePublished":"2022-01-05T12:25:06+00:00","dateModified":"2022-01-05T12:25:07+00:00","breadcrumb":{"@id":"https:\/\/buletin.de\/bucuresti\/coronavirus-romania-5-ianuarie-2022\/#breadcrumb"},"inLanguage":"en-GB","potentialAction":[{"@type":"ReadAction","target":["https:\/\/buletin.de\/bucuresti\/coronavirus-romania-5-ianuarie-2022\/"]}]},{"@type":"ImageObject","inLanguage":"en-GB","@id":"https:\/\/buletin.de\/bucuresti\/coronavirus-romania-5-ianuarie-2022\/#primaryimage","url":"https:\/\/buletin.de\/bucuresti\/wp-content\/uploads\/340-33-chart-graph-coronavirus-scaled.jpg","contentUrl":"https:\/\/buletin.de\/bucuresti\/wp-content\/uploads\/340-33-chart-graph-coronavirus-scaled.jpg","width":2560,"height":1810,"caption":"Impact of the coronavirus COVID-19 on the economy. Technology vector background"},{"@type":"BreadcrumbList","@id":"https:\/\/buletin.de\/bucuresti\/coronavirus-romania-5-ianuarie-2022\/#breadcrumb","itemListElement":[{"@type":"ListItem","position":1,"name":"Acas\u0103","item":"https:\/\/buletin.de\/bucuresti\/"},{"@type":"ListItem","position":2,"name":"Rata de infectare \u00een Bucure\u0219ti a crescut la 1 caz la 1.000 de locuitori"}]},{"@type":"WebSite","@id":"https:\/\/buletin.de\/bucuresti\/#website","url":"https:\/\/buletin.de\/bucuresti\/","name":"Buletin de Bucure\u0219ti","description":"\u0218tiri \u0219i investiga\u021bii esen\u021biale din capital\u0103","publisher":{"@id":"https:\/\/buletin.de\/bucuresti\/#organization"},"potentialAction":[{"@type":"SearchAction","target":{"@type":"EntryPoint","urlTemplate":"https:\/\/buletin.de\/bucuresti\/?s={search_term_string}"},"query-input":{"@type":"PropertyValueSpecification","valueRequired":true,"valueName":"search_term_string"}}],"inLanguage":"en-GB"},{"@type":"Organization","@id":"https:\/\/buletin.de\/bucuresti\/#organization","name":"Buletin de Bucure\u0219ti","url":"https:\/\/buletin.de\/bucuresti\/","logo":{"@type":"ImageObject","inLanguage":"en-GB","@id":"https:\/\/buletin.de\/bucuresti\/#\/schema\/logo\/image\/","url":"https:\/\/buletin.de\/bucuresti\/wp-content\/uploads\/logo-bdb-full-wide-vernil-transparent.png","contentUrl":"https:\/\/buletin.de\/bucuresti\/wp-content\/uploads\/logo-bdb-full-wide-vernil-transparent.png","width":1782,"height":626,"caption":"Buletin de Bucure\u0219ti"},"image":{"@id":"https:\/\/buletin.de\/bucuresti\/#\/schema\/logo\/image\/"},"sameAs":["https:\/\/www.facebook.com\/buletin.de.buc","https:\/\/www.instagram.com\/buletinde.bucuresti\/"]},{"@type":"Person","@id":"https:\/\/buletin.de\/bucuresti\/#\/schema\/person\/8ce85bbda5515a1abb525993294155a8","name":"Ana Tudor","image":{"@type":"ImageObject","inLanguage":"en-GB","@id":"https:\/\/secure.gravatar.com\/avatar\/390c40e2d9367046adb10d832317e3f5fb181fdecb236cb1a8187477756ae24a?s=96&d=monsterid&r=g0f86ad5d6b77046fd61bd633bbfa4a29","url":"https:\/\/secure.gravatar.com\/avatar\/390c40e2d9367046adb10d832317e3f5fb181fdecb236cb1a8187477756ae24a?s=96&d=monsterid&r=g","contentUrl":"https:\/\/secure.gravatar.com\/avatar\/390c40e2d9367046adb10d832317e3f5fb181fdecb236cb1a8187477756ae24a?s=96&d=monsterid&r=g","caption":"Ana Tudor"},"url":"https:\/\/buletin.de\/bucuresti\/author\/anamaria\/"}]}},"authors":[{"term_id":22597,"user_id":25,"is_guest":0,"slug":"anamaria","display_name":"Ana Tudor","avatar_url":"https:\/\/secure.gravatar.com\/avatar\/390c40e2d9367046adb10d832317e3f5fb181fdecb236cb1a8187477756ae24a?s=96&d=monsterid&r=g","0":null,"1":"","2":"","3":"","4":"","5":"","6":"","7":"","8":""}],"_links":{"self":[{"href":"https:\/\/buletin.de\/bucuresti\/wp-json\/wp\/v2\/posts\/36872","targetHints":{"allow":["GET"]}}],"collection":[{"href":"https:\/\/buletin.de\/bucuresti\/wp-json\/wp\/v2\/posts"}],"about":[{"href":"https:\/\/buletin.de\/bucuresti\/wp-json\/wp\/v2\/types\/post"}],"author":[{"embeddable":true,"href":"https:\/\/buletin.de\/bucuresti\/wp-json\/wp\/v2\/users\/25"}],"replies":[{"embeddable":true,"href":"https:\/\/buletin.de\/bucuresti\/wp-json\/wp\/v2\/comments?post=36872"}],"version-history":[{"count":1,"href":"https:\/\/buletin.de\/bucuresti\/wp-json\/wp\/v2\/posts\/36872\/revisions"}],"predecessor-version":[{"id":36873,"href":"https:\/\/buletin.de\/bucuresti\/wp-json\/wp\/v2\/posts\/36872\/revisions\/36873"}],"wp:featuredmedia":[{"embeddable":true,"href":"https:\/\/buletin.de\/bucuresti\/wp-json\/wp\/v2\/media\/18322"}],"wp:attachment":[{"href":"https:\/\/buletin.de\/bucuresti\/wp-json\/wp\/v2\/media?parent=36872"}],"wp:term":[{"taxonomy":"category","embeddable":true,"href":"https:\/\/buletin.de\/bucuresti\/wp-json\/wp\/v2\/categories?post=36872"},{"taxonomy":"post_tag","embeddable":true,"href":"https:\/\/buletin.de\/bucuresti\/wp-json\/wp\/v2\/tags?post=36872"},{"taxonomy":"author","embeddable":true,"href":"https:\/\/buletin.de\/bucuresti\/wp-json\/wp\/v2\/ppma_author?post=36872"}],"curies":[{"name":"wp","href":"https:\/\/api.w.org\/{rel}","templated":true}]}}