{"id":36686,"date":"2021-12-28T20:22:43","date_gmt":"2021-12-28T18:22:43","guid":{"rendered":"https:\/\/buletin.de\/bucuresti\/?p=36686"},"modified":"2021-12-28T20:22:44","modified_gmt":"2021-12-28T18:22:44","slug":"video-contre-pe-tema-infiintarii-directiei-de-administrare-a-unitatilor-de-invatamant-consilier-usr-e-o-problema-de-legalitate","status":"publish","type":"post","link":"https:\/\/buletin.de\/bucuresti\/video-contre-pe-tema-infiintarii-directiei-de-administrare-a-unitatilor-de-invatamant-consilier-usr-e-o-problema-de-legalitate\/","title":{"rendered":"VIDEO | Contre pe tema \u00eenfiin\u021b\u0103rii Direc\u021biei de Administrare a Unit\u0103\u021bilor de \u00cenv\u0103\u021b\u0103m\u00e2nt. Consilier USR: \u201eE o problem\u0103 de legalitate\u201d"},"content":{"rendered":"\n<p class=\"has-pale-cyan-blue-background-color has-background\">Proiectul de hot\u0103r\u00e2re prin care se \u00eenfiin\u021beaz\u0103 Direc\u021bia de Administrare a Unit\u0103\u021bilor de \u00cenv\u0103\u021b\u0103m\u00e2nt (DAUI) \u00een Sectorul 5 al Capitalei a adus noi contre \u00eentre primarul Cristian Popescu Piedone \u0219i opozi\u021bie. Consilierul local USR Alexandru Dimitriu sus\u021bine c\u0103 hot\u0103r\u00e2rea are probleme ce \u021bin de legalitate, av\u00e2nd \u00een vedere c\u0103 nu se precizeaz\u0103 c\u00e2\u021bi bani urmeaz\u0103 a se cheltui din bugetul local pe noua structur\u0103.<\/p>\n\n\n\n<p>DAUI Sector 5 se va \u00eenfiin\u021ba \u00een data de 1 februarie \u0219i va avea 49 de angaja\u021bi. Printre atribu\u021bii se num\u0103r\u0103 administrarea unit\u0103\u021bilor de \u00eenv\u0103\u021b\u0103m\u00e2nt de pe raza sectorului.<\/p>\n\n\n\n<figure class=\"wp-block-image size-full\"><img fetchpriority=\"high\" decoding=\"async\" width=\"683\" height=\"896\" src=\"data:image\/gif;base64,R0lGODlhAQABAAAAACH5BAEKAAEALAAAAAABAAEAAAICTAEAOw==\" data-src=\"https:\/\/buletin.de\/bucuresti\/wp-content\/uploads\/obiect-activitate-DAUI.jpg\" alt=\"\" class=\"wp-image-36687 lazyload\" data-sizes=\"auto\" data-srcset=\"https:\/\/buletin.de\/bucuresti\/wp-content\/uploads\/obiect-activitate-DAUI.jpg 683w, https:\/\/buletin.de\/bucuresti\/wp-content\/uploads\/obiect-activitate-DAUI-229x300.jpg 229w, https:\/\/buletin.de\/bucuresti\/wp-content\/uploads\/obiect-activitate-DAUI-550x722.jpg 550w, https:\/\/buletin.de\/bucuresti\/wp-content\/uploads\/obiect-activitate-DAUI-381x500.jpg 381w, https:\/\/buletin.de\/bucuresti\/wp-content\/uploads\/obiect-activitate-DAUI-600x787.jpg 600w\" sizes=\"(max-width: 683px) 100vw, 683px\" \/><\/figure>\n\n\n\n<figure class=\"wp-block-image size-full\"><img decoding=\"async\" width=\"644\" height=\"577\" src=\"data:image\/gif;base64,R0lGODlhAQABAAAAACH5BAEKAAEALAAAAAABAAEAAAICTAEAOw==\" data-src=\"https:\/\/buletin.de\/bucuresti\/wp-content\/uploads\/obiect-activitate-daui-2.jpg\" alt=\"\" class=\"wp-image-36688 lazyload\" data-sizes=\"auto\" data-srcset=\"https:\/\/buletin.de\/bucuresti\/wp-content\/uploads\/obiect-activitate-daui-2.jpg 644w, https:\/\/buletin.de\/bucuresti\/wp-content\/uploads\/obiect-activitate-daui-2-300x269.jpg 300w, https:\/\/buletin.de\/bucuresti\/wp-content\/uploads\/obiect-activitate-daui-2-550x493.jpg 550w, https:\/\/buletin.de\/bucuresti\/wp-content\/uploads\/obiect-activitate-daui-2-558x500.jpg 558w, https:\/\/buletin.de\/bucuresti\/wp-content\/uploads\/obiect-activitate-daui-2-600x538.jpg 600w\" sizes=\"(max-width: 644px) 100vw, 644px\" \/><\/figure>\n\n\n\n<p>Potrivit organigramei prezentate \u00een cadrul proiectului de hot\u0103r\u00e2re, salariul de baz\u0103 al directorilor noii entit\u0103\u021bi va fi de 14.714 lei, \u00een vreme ce salariul de baz\u0103 al unui debutant va porni de la 2.984 de lei.<\/p>\n\n\n\n<figure class=\"wp-block-image size-large\"><img decoding=\"async\" width=\"900\" height=\"622\" src=\"data:image\/gif;base64,R0lGODlhAQABAAAAACH5BAEKAAEALAAAAAABAAEAAAICTAEAOw==\" data-src=\"https:\/\/buletin.de\/bucuresti\/wp-content\/uploads\/organigrama-DAUI-S5-900x622.jpg\" alt=\"\" class=\"wp-image-36689 lazyload\" data-sizes=\"auto\" data-srcset=\"https:\/\/buletin.de\/bucuresti\/wp-content\/uploads\/organigrama-DAUI-S5-900x622.jpg 900w, https:\/\/buletin.de\/bucuresti\/wp-content\/uploads\/organigrama-DAUI-S5-300x207.jpg 300w, https:\/\/buletin.de\/bucuresti\/wp-content\/uploads\/organigrama-DAUI-S5-768x530.jpg 768w, https:\/\/buletin.de\/bucuresti\/wp-content\/uploads\/organigrama-DAUI-S5-1060x732.jpg 1060w, https:\/\/buletin.de\/bucuresti\/wp-content\/uploads\/organigrama-DAUI-S5-550x380.jpg 550w, https:\/\/buletin.de\/bucuresti\/wp-content\/uploads\/organigrama-DAUI-S5-724x500.jpg 724w, https:\/\/buletin.de\/bucuresti\/wp-content\/uploads\/organigrama-DAUI-S5-600x414.jpg 600w, https:\/\/buletin.de\/bucuresti\/wp-content\/uploads\/organigrama-DAUI-S5.jpg 1112w\" sizes=\"(max-width: 900px) 100vw, 900px\" \/><\/figure>\n\n\n\n<figure class=\"wp-block-image size-full\"><img loading=\"lazy\" decoding=\"async\" width=\"761\" height=\"887\" src=\"data:image\/gif;base64,R0lGODlhAQABAAAAACH5BAEKAAEALAAAAAABAAEAAAICTAEAOw==\" data-src=\"https:\/\/buletin.de\/bucuresti\/wp-content\/uploads\/salarii-daui.jpg\" alt=\"\" class=\"wp-image-36690 lazyload\" data-sizes=\"auto\" data-srcset=\"https:\/\/buletin.de\/bucuresti\/wp-content\/uploads\/salarii-daui.jpg 761w, https:\/\/buletin.de\/bucuresti\/wp-content\/uploads\/salarii-daui-257x300.jpg 257w, https:\/\/buletin.de\/bucuresti\/wp-content\/uploads\/salarii-daui-550x641.jpg 550w, https:\/\/buletin.de\/bucuresti\/wp-content\/uploads\/salarii-daui-429x500.jpg 429w, https:\/\/buletin.de\/bucuresti\/wp-content\/uploads\/salarii-daui-600x699.jpg 600w\" sizes=\"(max-width: 761px) 100vw, 761px\" \/><\/figure>\n\n\n\n<p><em>\u201e\u00centrebarea mea \u021bine de legalitate \u0219i anume c\u0103 nu avem impactul bugetar. Avem, totodat\u0103, Legea 69 din 2010 privind responsabilitatea fiscal bugetar\u0103, care spune clar c\u0103 trebuie s\u0103 avem impact bugetar pe fiecare act administrativ adoptat. Avem aici? \u0218tim care este impactul bugetar? Nu. Pentru c\u0103 nic\u0103ieri, \u00een textul rapoartelor de specialitate, respectiv al hot\u0103r\u00e2rii, nu avem o prevedere care s\u0103 spun\u0103: pentru a implementa aceast\u0103 hot\u0103r\u00e2re, avem nevoie de urm\u0103torul buget. Acest lucru afecteaz\u0103 din punct de vedere al legalit\u0103\u021bii hot\u0103r\u00e2rea\u201d,<\/em> a declarat consilierul local USR Alexandru Dimitriu \u00een \u0219edin\u021ba de consiliu local de mar\u021bi.<\/p>\n\n\n\n<p>Primarul Cristian Popescu Piedone sus\u021bine c\u0103 noua structur\u0103 este legal\u0103 \u0219i c\u0103 \u00ee\u0219i asum\u0103 acest proiect de hot\u0103r\u00e2re.<\/p>\n\n\n\n<p><em>\u201eAst\u0103zi \u00eemi asum responsabilitatea Prim\u0103riei Sectorului 5 prin eficientizarea \u0219i economia pe care o facem \u00eenfiin\u021b\u00e2nd aceast\u0103 structur\u0103. Posturile urmeaz\u0103 s\u0103 fie scoase la concurs. Nu va fi ninic din aparatul propriu numit ca director general sau directori, vor fi oameni competen\u021bi care s\u0103 rentabilizeze scurgerea de bani publici de peste 20 de ani\u201d,<\/em> a precizat edilul Sectorului 5.<\/p>\n\n\n\n<p>De asemenea, nu au lipsit nici atacurile pe teme politice la discu\u021bia pe acest proiect de hot\u0103r\u00e2re. <\/p>\n\n\n\n<figure class=\"wp-block-embed is-type-video is-provider-youtube wp-block-embed-youtube wp-embed-aspect-16-9 wp-has-aspect-ratio\"><div class=\"wp-block-embed__wrapper\">\n<div class=\"jlvid_container\"><iframe title=\"Contre pe tema \u00eenfiin\u021b\u0103rii Direc\u021biei de Administrare a Unit\u0103\u021bilor de \u00cenv\u0103\u021b\u0103m\u00e2nt din Sectorul 5\" width=\"1200\" height=\"675\" src=\"https:\/\/www.youtube.com\/embed\/YIhavrg6EjU?start=413&#038;feature=oembed\" frameborder=\"0\" allow=\"accelerometer; autoplay; clipboard-write; encrypted-media; gyroscope; picture-in-picture; web-share\" allowfullscreen><\/iframe><\/div>\n<\/div><\/figure>\n","protected":false},"excerpt":{"rendered":"<p>Proiectul de hot\u0103r\u00e2re prin care se \u00eenfiin\u021beaz\u0103 Direc\u021bia de Administrare a Unit\u0103\u021bilor de \u00cenv\u0103\u021b\u0103m\u00e2nt (DAUI) \u00een Sectorul 5 al Capitalei a adus noi contre \u00eentre primarul Cristian Popescu Piedone \u0219i opozi\u021bie. Consilierul local USR Alexandru Dimitriu sus\u021bine c\u0103 hot\u0103r\u00e2rea are probleme ce \u021bin de legalitate, av\u00e2nd \u00een vedere c\u0103 nu se precizeaz\u0103 c\u00e2\u021bi bani urmeaz\u0103 [&hellip;]<\/p>\n","protected":false},"author":25,"featured_media":36689,"comment_status":"closed","ping_status":"open","sticky":false,"template":"","format":"standard","meta":{"_acf_changed":false,"inline_featured_image":false,"ngg_post_thumbnail":0,"footnotes":""},"categories":[24],"tags":[188],"ppma_author":[22597],"class_list":["post-36686","post","type-post","status-publish","format-standard","has-post-thumbnail","hentry","category-primarie","tag-sector-5"],"acf":[],"yoast_head":"<!-- This site is optimized with the Yoast SEO Premium plugin v25.3 (Yoast SEO v27.5) - https:\/\/yoast.com\/product\/yoast-seo-premium-wordpress\/ -->\n<title>VIDEO | Contre pe tema \u00eenfiin\u021b\u0103rii Direc\u021biei de Administrare a Unit\u0103\u021bilor de \u00cenv\u0103\u021b\u0103m\u00e2nt. Consilier USR: \u201eE o problem\u0103 de legalitate\u201d - Buletin de Bucure\u0219ti<\/title>\n<meta name=\"robots\" content=\"index, follow, max-snippet:-1, max-image-preview:large, max-video-preview:-1\" \/>\n<link rel=\"canonical\" href=\"https:\/\/buletin.de\/bucuresti\/video-contre-pe-tema-infiintarii-directiei-de-administrare-a-unitatilor-de-invatamant-consilier-usr-e-o-problema-de-legalitate\/\" \/>\n<meta property=\"og:locale\" content=\"en_GB\" \/>\n<meta property=\"og:type\" content=\"article\" \/>\n<meta property=\"og:title\" content=\"VIDEO | Contre pe tema \u00eenfiin\u021b\u0103rii Direc\u021biei de Administrare a Unit\u0103\u021bilor de \u00cenv\u0103\u021b\u0103m\u00e2nt. Consilier USR: \u201eE o problem\u0103 de legalitate\u201d\" \/>\n<meta property=\"og:description\" content=\"Proiectul de hot\u0103r\u00e2re prin care se \u00eenfiin\u021beaz\u0103 Direc\u021bia de Administrare a Unit\u0103\u021bilor de \u00cenv\u0103\u021b\u0103m\u00e2nt (DAUI) \u00een Sectorul 5 al Capitalei a adus noi contre \u00eentre primarul Cristian Popescu Piedone \u0219i opozi\u021bie. Consilierul local USR Alexandru Dimitriu sus\u021bine c\u0103 hot\u0103r\u00e2rea are probleme ce \u021bin de legalitate, av\u00e2nd \u00een vedere c\u0103 nu se precizeaz\u0103 c\u00e2\u021bi bani urmeaz\u0103 [&hellip;]\" \/>\n<meta property=\"og:url\" content=\"https:\/\/buletin.de\/bucuresti\/video-contre-pe-tema-infiintarii-directiei-de-administrare-a-unitatilor-de-invatamant-consilier-usr-e-o-problema-de-legalitate\/\" \/>\n<meta property=\"og:site_name\" content=\"Buletin de Bucure\u0219ti\" \/>\n<meta property=\"article:publisher\" content=\"https:\/\/www.facebook.com\/buletin.de.buc\" \/>\n<meta property=\"article:published_time\" content=\"2021-12-28T18:22:43+00:00\" \/>\n<meta property=\"article:modified_time\" content=\"2021-12-28T18:22:44+00:00\" \/>\n<meta property=\"og:image\" content=\"https:\/\/buletin.de\/bucuresti\/wp-content\/uploads\/organigrama-DAUI-S5.jpg\" \/>\n\t<meta property=\"og:image:width\" content=\"1112\" \/>\n\t<meta property=\"og:image:height\" content=\"768\" \/>\n\t<meta property=\"og:image:type\" content=\"image\/jpeg\" \/>\n<meta name=\"author\" content=\"Ana Tudor\" \/>\n<meta name=\"twitter:card\" content=\"summary_large_image\" \/>\n<meta name=\"twitter:label1\" content=\"Written by\" \/>\n\t<meta name=\"twitter:data1\" content=\"Ana Tudor\" \/>\n\t<meta name=\"twitter:label2\" content=\"Estimated reading time\" \/>\n\t<meta name=\"twitter:data2\" content=\"3 minutes\" \/>\n<script type=\"application\/ld+json\" class=\"yoast-schema-graph\">{\"@context\":\"https:\\\/\\\/schema.org\",\"@graph\":[{\"@type\":\"Article\",\"@id\":\"https:\\\/\\\/buletin.de\\\/bucuresti\\\/video-contre-pe-tema-infiintarii-directiei-de-administrare-a-unitatilor-de-invatamant-consilier-usr-e-o-problema-de-legalitate\\\/#article\",\"isPartOf\":{\"@id\":\"https:\\\/\\\/buletin.de\\\/bucuresti\\\/video-contre-pe-tema-infiintarii-directiei-de-administrare-a-unitatilor-de-invatamant-consilier-usr-e-o-problema-de-legalitate\\\/\"},\"author\":{\"name\":\"Ana Tudor\",\"@id\":\"https:\\\/\\\/buletin.de\\\/bucuresti\\\/#\\\/schema\\\/person\\\/8ce85bbda5515a1abb525993294155a8\"},\"headline\":\"VIDEO | Contre pe tema \u00eenfiin\u021b\u0103rii Direc\u021biei de Administrare a Unit\u0103\u021bilor de \u00cenv\u0103\u021b\u0103m\u00e2nt. Consilier USR: \u201eE o problem\u0103 de legalitate\u201d\",\"datePublished\":\"2021-12-28T18:22:43+00:00\",\"dateModified\":\"2021-12-28T18:22:44+00:00\",\"mainEntityOfPage\":{\"@id\":\"https:\\\/\\\/buletin.de\\\/bucuresti\\\/video-contre-pe-tema-infiintarii-directiei-de-administrare-a-unitatilor-de-invatamant-consilier-usr-e-o-problema-de-legalitate\\\/\"},\"wordCount\":387,\"publisher\":{\"@id\":\"https:\\\/\\\/buletin.de\\\/bucuresti\\\/#organization\"},\"image\":{\"@id\":\"https:\\\/\\\/buletin.de\\\/bucuresti\\\/video-contre-pe-tema-infiintarii-directiei-de-administrare-a-unitatilor-de-invatamant-consilier-usr-e-o-problema-de-legalitate\\\/#primaryimage\"},\"thumbnailUrl\":\"https:\\\/\\\/buletin.de\\\/bucuresti\\\/wp-content\\\/uploads\\\/organigrama-DAUI-S5.jpg\",\"keywords\":[\"Sector 5\"],\"articleSection\":[\"Prim\u0103rie\"],\"inLanguage\":\"en-GB\",\"copyrightYear\":\"2021\",\"copyrightHolder\":{\"@id\":\"https:\\\/\\\/buletin.de\\\/bucuresti\\\/#organization\"}},{\"@type\":\"WebPage\",\"@id\":\"https:\\\/\\\/buletin.de\\\/bucuresti\\\/video-contre-pe-tema-infiintarii-directiei-de-administrare-a-unitatilor-de-invatamant-consilier-usr-e-o-problema-de-legalitate\\\/\",\"url\":\"https:\\\/\\\/buletin.de\\\/bucuresti\\\/video-contre-pe-tema-infiintarii-directiei-de-administrare-a-unitatilor-de-invatamant-consilier-usr-e-o-problema-de-legalitate\\\/\",\"name\":\"VIDEO | Contre pe tema \u00eenfiin\u021b\u0103rii Direc\u021biei de Administrare a Unit\u0103\u021bilor de \u00cenv\u0103\u021b\u0103m\u00e2nt. Consilier USR: \u201eE o problem\u0103 de legalitate\u201d - Buletin de Bucure\u0219ti\",\"isPartOf\":{\"@id\":\"https:\\\/\\\/buletin.de\\\/bucuresti\\\/#website\"},\"primaryImageOfPage\":{\"@id\":\"https:\\\/\\\/buletin.de\\\/bucuresti\\\/video-contre-pe-tema-infiintarii-directiei-de-administrare-a-unitatilor-de-invatamant-consilier-usr-e-o-problema-de-legalitate\\\/#primaryimage\"},\"image\":{\"@id\":\"https:\\\/\\\/buletin.de\\\/bucuresti\\\/video-contre-pe-tema-infiintarii-directiei-de-administrare-a-unitatilor-de-invatamant-consilier-usr-e-o-problema-de-legalitate\\\/#primaryimage\"},\"thumbnailUrl\":\"https:\\\/\\\/buletin.de\\\/bucuresti\\\/wp-content\\\/uploads\\\/organigrama-DAUI-S5.jpg\",\"datePublished\":\"2021-12-28T18:22:43+00:00\",\"dateModified\":\"2021-12-28T18:22:44+00:00\",\"breadcrumb\":{\"@id\":\"https:\\\/\\\/buletin.de\\\/bucuresti\\\/video-contre-pe-tema-infiintarii-directiei-de-administrare-a-unitatilor-de-invatamant-consilier-usr-e-o-problema-de-legalitate\\\/#breadcrumb\"},\"inLanguage\":\"en-GB\",\"potentialAction\":[{\"@type\":\"ReadAction\",\"target\":[\"https:\\\/\\\/buletin.de\\\/bucuresti\\\/video-contre-pe-tema-infiintarii-directiei-de-administrare-a-unitatilor-de-invatamant-consilier-usr-e-o-problema-de-legalitate\\\/\"]}]},{\"@type\":\"ImageObject\",\"inLanguage\":\"en-GB\",\"@id\":\"https:\\\/\\\/buletin.de\\\/bucuresti\\\/video-contre-pe-tema-infiintarii-directiei-de-administrare-a-unitatilor-de-invatamant-consilier-usr-e-o-problema-de-legalitate\\\/#primaryimage\",\"url\":\"https:\\\/\\\/buletin.de\\\/bucuresti\\\/wp-content\\\/uploads\\\/organigrama-DAUI-S5.jpg\",\"contentUrl\":\"https:\\\/\\\/buletin.de\\\/bucuresti\\\/wp-content\\\/uploads\\\/organigrama-DAUI-S5.jpg\",\"width\":1112,\"height\":768},{\"@type\":\"BreadcrumbList\",\"@id\":\"https:\\\/\\\/buletin.de\\\/bucuresti\\\/video-contre-pe-tema-infiintarii-directiei-de-administrare-a-unitatilor-de-invatamant-consilier-usr-e-o-problema-de-legalitate\\\/#breadcrumb\",\"itemListElement\":[{\"@type\":\"ListItem\",\"position\":1,\"name\":\"Acas\u0103\",\"item\":\"https:\\\/\\\/buletin.de\\\/bucuresti\\\/\"},{\"@type\":\"ListItem\",\"position\":2,\"name\":\"VIDEO | Contre pe tema \u00eenfiin\u021b\u0103rii Direc\u021biei de Administrare a Unit\u0103\u021bilor de \u00cenv\u0103\u021b\u0103m\u00e2nt. Consilier USR: \u201eE o problem\u0103 de legalitate\u201d\"}]},{\"@type\":\"WebSite\",\"@id\":\"https:\\\/\\\/buletin.de\\\/bucuresti\\\/#website\",\"url\":\"https:\\\/\\\/buletin.de\\\/bucuresti\\\/\",\"name\":\"Buletin de Bucure\u0219ti\",\"description\":\"\u0218tiri \u0219i investiga\u021bii esen\u021biale din capital\u0103\",\"publisher\":{\"@id\":\"https:\\\/\\\/buletin.de\\\/bucuresti\\\/#organization\"},\"potentialAction\":[{\"@type\":\"SearchAction\",\"target\":{\"@type\":\"EntryPoint\",\"urlTemplate\":\"https:\\\/\\\/buletin.de\\\/bucuresti\\\/?s={search_term_string}\"},\"query-input\":{\"@type\":\"PropertyValueSpecification\",\"valueRequired\":true,\"valueName\":\"search_term_string\"}}],\"inLanguage\":\"en-GB\"},{\"@type\":\"Organization\",\"@id\":\"https:\\\/\\\/buletin.de\\\/bucuresti\\\/#organization\",\"name\":\"Buletin de Bucure\u0219ti\",\"url\":\"https:\\\/\\\/buletin.de\\\/bucuresti\\\/\",\"logo\":{\"@type\":\"ImageObject\",\"inLanguage\":\"en-GB\",\"@id\":\"https:\\\/\\\/buletin.de\\\/bucuresti\\\/#\\\/schema\\\/logo\\\/image\\\/\",\"url\":\"https:\\\/\\\/buletin.de\\\/bucuresti\\\/wp-content\\\/uploads\\\/logo-bdb-full-wide-vernil-transparent.png\",\"contentUrl\":\"https:\\\/\\\/buletin.de\\\/bucuresti\\\/wp-content\\\/uploads\\\/logo-bdb-full-wide-vernil-transparent.png\",\"width\":1782,\"height\":626,\"caption\":\"Buletin de Bucure\u0219ti\"},\"image\":{\"@id\":\"https:\\\/\\\/buletin.de\\\/bucuresti\\\/#\\\/schema\\\/logo\\\/image\\\/\"},\"sameAs\":[\"https:\\\/\\\/www.facebook.com\\\/buletin.de.buc\",\"https:\\\/\\\/www.instagram.com\\\/buletinde.bucuresti\\\/\"]},{\"@type\":\"Person\",\"@id\":\"https:\\\/\\\/buletin.de\\\/bucuresti\\\/#\\\/schema\\\/person\\\/8ce85bbda5515a1abb525993294155a8\",\"name\":\"Ana Tudor\",\"image\":{\"@type\":\"ImageObject\",\"inLanguage\":\"en-GB\",\"@id\":\"https:\\\/\\\/secure.gravatar.com\\\/avatar\\\/390c40e2d9367046adb10d832317e3f5fb181fdecb236cb1a8187477756ae24a?s=96&d=monsterid&r=g0f86ad5d6b77046fd61bd633bbfa4a29\",\"url\":\"https:\\\/\\\/secure.gravatar.com\\\/avatar\\\/390c40e2d9367046adb10d832317e3f5fb181fdecb236cb1a8187477756ae24a?s=96&d=monsterid&r=g\",\"contentUrl\":\"https:\\\/\\\/secure.gravatar.com\\\/avatar\\\/390c40e2d9367046adb10d832317e3f5fb181fdecb236cb1a8187477756ae24a?s=96&d=monsterid&r=g\",\"caption\":\"Ana Tudor\"},\"url\":\"https:\\\/\\\/buletin.de\\\/bucuresti\\\/author\\\/anamaria\\\/\"}]}<\/script>\n<!-- \/ Yoast SEO Premium plugin. -->","yoast_head_json":{"title":"VIDEO | Contre pe tema \u00eenfiin\u021b\u0103rii Direc\u021biei de Administrare a Unit\u0103\u021bilor de \u00cenv\u0103\u021b\u0103m\u00e2nt. Consilier USR: \u201eE o problem\u0103 de legalitate\u201d - Buletin de Bucure\u0219ti","robots":{"index":"index","follow":"follow","max-snippet":"max-snippet:-1","max-image-preview":"max-image-preview:large","max-video-preview":"max-video-preview:-1"},"canonical":"https:\/\/buletin.de\/bucuresti\/video-contre-pe-tema-infiintarii-directiei-de-administrare-a-unitatilor-de-invatamant-consilier-usr-e-o-problema-de-legalitate\/","og_locale":"en_GB","og_type":"article","og_title":"VIDEO | Contre pe tema \u00eenfiin\u021b\u0103rii Direc\u021biei de Administrare a Unit\u0103\u021bilor de \u00cenv\u0103\u021b\u0103m\u00e2nt. Consilier USR: \u201eE o problem\u0103 de legalitate\u201d","og_description":"Proiectul de hot\u0103r\u00e2re prin care se \u00eenfiin\u021beaz\u0103 Direc\u021bia de Administrare a Unit\u0103\u021bilor de \u00cenv\u0103\u021b\u0103m\u00e2nt (DAUI) \u00een Sectorul 5 al Capitalei a adus noi contre \u00eentre primarul Cristian Popescu Piedone \u0219i opozi\u021bie. Consilierul local USR Alexandru Dimitriu sus\u021bine c\u0103 hot\u0103r\u00e2rea are probleme ce \u021bin de legalitate, av\u00e2nd \u00een vedere c\u0103 nu se precizeaz\u0103 c\u00e2\u021bi bani urmeaz\u0103 [&hellip;]","og_url":"https:\/\/buletin.de\/bucuresti\/video-contre-pe-tema-infiintarii-directiei-de-administrare-a-unitatilor-de-invatamant-consilier-usr-e-o-problema-de-legalitate\/","og_site_name":"Buletin de Bucure\u0219ti","article_publisher":"https:\/\/www.facebook.com\/buletin.de.buc","article_published_time":"2021-12-28T18:22:43+00:00","article_modified_time":"2021-12-28T18:22:44+00:00","og_image":[{"width":1112,"height":768,"url":"https:\/\/buletin.de\/bucuresti\/wp-content\/uploads\/organigrama-DAUI-S5.jpg","type":"image\/jpeg"}],"author":"Ana Tudor","twitter_card":"summary_large_image","twitter_misc":{"Written by":"Ana Tudor","Estimated reading time":"3 minutes"},"schema":{"@context":"https:\/\/schema.org","@graph":[{"@type":"Article","@id":"https:\/\/buletin.de\/bucuresti\/video-contre-pe-tema-infiintarii-directiei-de-administrare-a-unitatilor-de-invatamant-consilier-usr-e-o-problema-de-legalitate\/#article","isPartOf":{"@id":"https:\/\/buletin.de\/bucuresti\/video-contre-pe-tema-infiintarii-directiei-de-administrare-a-unitatilor-de-invatamant-consilier-usr-e-o-problema-de-legalitate\/"},"author":{"name":"Ana Tudor","@id":"https:\/\/buletin.de\/bucuresti\/#\/schema\/person\/8ce85bbda5515a1abb525993294155a8"},"headline":"VIDEO | Contre pe tema \u00eenfiin\u021b\u0103rii Direc\u021biei de Administrare a Unit\u0103\u021bilor de \u00cenv\u0103\u021b\u0103m\u00e2nt. Consilier USR: \u201eE o problem\u0103 de legalitate\u201d","datePublished":"2021-12-28T18:22:43+00:00","dateModified":"2021-12-28T18:22:44+00:00","mainEntityOfPage":{"@id":"https:\/\/buletin.de\/bucuresti\/video-contre-pe-tema-infiintarii-directiei-de-administrare-a-unitatilor-de-invatamant-consilier-usr-e-o-problema-de-legalitate\/"},"wordCount":387,"publisher":{"@id":"https:\/\/buletin.de\/bucuresti\/#organization"},"image":{"@id":"https:\/\/buletin.de\/bucuresti\/video-contre-pe-tema-infiintarii-directiei-de-administrare-a-unitatilor-de-invatamant-consilier-usr-e-o-problema-de-legalitate\/#primaryimage"},"thumbnailUrl":"https:\/\/buletin.de\/bucuresti\/wp-content\/uploads\/organigrama-DAUI-S5.jpg","keywords":["Sector 5"],"articleSection":["Prim\u0103rie"],"inLanguage":"en-GB","copyrightYear":"2021","copyrightHolder":{"@id":"https:\/\/buletin.de\/bucuresti\/#organization"}},{"@type":"WebPage","@id":"https:\/\/buletin.de\/bucuresti\/video-contre-pe-tema-infiintarii-directiei-de-administrare-a-unitatilor-de-invatamant-consilier-usr-e-o-problema-de-legalitate\/","url":"https:\/\/buletin.de\/bucuresti\/video-contre-pe-tema-infiintarii-directiei-de-administrare-a-unitatilor-de-invatamant-consilier-usr-e-o-problema-de-legalitate\/","name":"VIDEO | Contre pe tema \u00eenfiin\u021b\u0103rii Direc\u021biei de Administrare a Unit\u0103\u021bilor de \u00cenv\u0103\u021b\u0103m\u00e2nt. Consilier USR: \u201eE o problem\u0103 de legalitate\u201d - Buletin de Bucure\u0219ti","isPartOf":{"@id":"https:\/\/buletin.de\/bucuresti\/#website"},"primaryImageOfPage":{"@id":"https:\/\/buletin.de\/bucuresti\/video-contre-pe-tema-infiintarii-directiei-de-administrare-a-unitatilor-de-invatamant-consilier-usr-e-o-problema-de-legalitate\/#primaryimage"},"image":{"@id":"https:\/\/buletin.de\/bucuresti\/video-contre-pe-tema-infiintarii-directiei-de-administrare-a-unitatilor-de-invatamant-consilier-usr-e-o-problema-de-legalitate\/#primaryimage"},"thumbnailUrl":"https:\/\/buletin.de\/bucuresti\/wp-content\/uploads\/organigrama-DAUI-S5.jpg","datePublished":"2021-12-28T18:22:43+00:00","dateModified":"2021-12-28T18:22:44+00:00","breadcrumb":{"@id":"https:\/\/buletin.de\/bucuresti\/video-contre-pe-tema-infiintarii-directiei-de-administrare-a-unitatilor-de-invatamant-consilier-usr-e-o-problema-de-legalitate\/#breadcrumb"},"inLanguage":"en-GB","potentialAction":[{"@type":"ReadAction","target":["https:\/\/buletin.de\/bucuresti\/video-contre-pe-tema-infiintarii-directiei-de-administrare-a-unitatilor-de-invatamant-consilier-usr-e-o-problema-de-legalitate\/"]}]},{"@type":"ImageObject","inLanguage":"en-GB","@id":"https:\/\/buletin.de\/bucuresti\/video-contre-pe-tema-infiintarii-directiei-de-administrare-a-unitatilor-de-invatamant-consilier-usr-e-o-problema-de-legalitate\/#primaryimage","url":"https:\/\/buletin.de\/bucuresti\/wp-content\/uploads\/organigrama-DAUI-S5.jpg","contentUrl":"https:\/\/buletin.de\/bucuresti\/wp-content\/uploads\/organigrama-DAUI-S5.jpg","width":1112,"height":768},{"@type":"BreadcrumbList","@id":"https:\/\/buletin.de\/bucuresti\/video-contre-pe-tema-infiintarii-directiei-de-administrare-a-unitatilor-de-invatamant-consilier-usr-e-o-problema-de-legalitate\/#breadcrumb","itemListElement":[{"@type":"ListItem","position":1,"name":"Acas\u0103","item":"https:\/\/buletin.de\/bucuresti\/"},{"@type":"ListItem","position":2,"name":"VIDEO | Contre pe tema \u00eenfiin\u021b\u0103rii Direc\u021biei de Administrare a Unit\u0103\u021bilor de \u00cenv\u0103\u021b\u0103m\u00e2nt. Consilier USR: \u201eE o problem\u0103 de legalitate\u201d"}]},{"@type":"WebSite","@id":"https:\/\/buletin.de\/bucuresti\/#website","url":"https:\/\/buletin.de\/bucuresti\/","name":"Buletin de Bucure\u0219ti","description":"\u0218tiri \u0219i investiga\u021bii esen\u021biale din capital\u0103","publisher":{"@id":"https:\/\/buletin.de\/bucuresti\/#organization"},"potentialAction":[{"@type":"SearchAction","target":{"@type":"EntryPoint","urlTemplate":"https:\/\/buletin.de\/bucuresti\/?s={search_term_string}"},"query-input":{"@type":"PropertyValueSpecification","valueRequired":true,"valueName":"search_term_string"}}],"inLanguage":"en-GB"},{"@type":"Organization","@id":"https:\/\/buletin.de\/bucuresti\/#organization","name":"Buletin de Bucure\u0219ti","url":"https:\/\/buletin.de\/bucuresti\/","logo":{"@type":"ImageObject","inLanguage":"en-GB","@id":"https:\/\/buletin.de\/bucuresti\/#\/schema\/logo\/image\/","url":"https:\/\/buletin.de\/bucuresti\/wp-content\/uploads\/logo-bdb-full-wide-vernil-transparent.png","contentUrl":"https:\/\/buletin.de\/bucuresti\/wp-content\/uploads\/logo-bdb-full-wide-vernil-transparent.png","width":1782,"height":626,"caption":"Buletin de Bucure\u0219ti"},"image":{"@id":"https:\/\/buletin.de\/bucuresti\/#\/schema\/logo\/image\/"},"sameAs":["https:\/\/www.facebook.com\/buletin.de.buc","https:\/\/www.instagram.com\/buletinde.bucuresti\/"]},{"@type":"Person","@id":"https:\/\/buletin.de\/bucuresti\/#\/schema\/person\/8ce85bbda5515a1abb525993294155a8","name":"Ana Tudor","image":{"@type":"ImageObject","inLanguage":"en-GB","@id":"https:\/\/secure.gravatar.com\/avatar\/390c40e2d9367046adb10d832317e3f5fb181fdecb236cb1a8187477756ae24a?s=96&d=monsterid&r=g0f86ad5d6b77046fd61bd633bbfa4a29","url":"https:\/\/secure.gravatar.com\/avatar\/390c40e2d9367046adb10d832317e3f5fb181fdecb236cb1a8187477756ae24a?s=96&d=monsterid&r=g","contentUrl":"https:\/\/secure.gravatar.com\/avatar\/390c40e2d9367046adb10d832317e3f5fb181fdecb236cb1a8187477756ae24a?s=96&d=monsterid&r=g","caption":"Ana Tudor"},"url":"https:\/\/buletin.de\/bucuresti\/author\/anamaria\/"}]}},"authors":[{"term_id":22597,"user_id":25,"is_guest":0,"slug":"anamaria","display_name":"Ana Tudor","avatar_url":"https:\/\/secure.gravatar.com\/avatar\/390c40e2d9367046adb10d832317e3f5fb181fdecb236cb1a8187477756ae24a?s=96&d=monsterid&r=g","0":null,"1":"","2":"","3":"","4":"","5":"","6":"","7":"","8":""}],"_links":{"self":[{"href":"https:\/\/buletin.de\/bucuresti\/wp-json\/wp\/v2\/posts\/36686","targetHints":{"allow":["GET"]}}],"collection":[{"href":"https:\/\/buletin.de\/bucuresti\/wp-json\/wp\/v2\/posts"}],"about":[{"href":"https:\/\/buletin.de\/bucuresti\/wp-json\/wp\/v2\/types\/post"}],"author":[{"embeddable":true,"href":"https:\/\/buletin.de\/bucuresti\/wp-json\/wp\/v2\/users\/25"}],"replies":[{"embeddable":true,"href":"https:\/\/buletin.de\/bucuresti\/wp-json\/wp\/v2\/comments?post=36686"}],"version-history":[{"count":3,"href":"https:\/\/buletin.de\/bucuresti\/wp-json\/wp\/v2\/posts\/36686\/revisions"}],"predecessor-version":[{"id":36693,"href":"https:\/\/buletin.de\/bucuresti\/wp-json\/wp\/v2\/posts\/36686\/revisions\/36693"}],"wp:featuredmedia":[{"embeddable":true,"href":"https:\/\/buletin.de\/bucuresti\/wp-json\/wp\/v2\/media\/36689"}],"wp:attachment":[{"href":"https:\/\/buletin.de\/bucuresti\/wp-json\/wp\/v2\/media?parent=36686"}],"wp:term":[{"taxonomy":"category","embeddable":true,"href":"https:\/\/buletin.de\/bucuresti\/wp-json\/wp\/v2\/categories?post=36686"},{"taxonomy":"post_tag","embeddable":true,"href":"https:\/\/buletin.de\/bucuresti\/wp-json\/wp\/v2\/tags?post=36686"},{"taxonomy":"author","embeddable":true,"href":"https:\/\/buletin.de\/bucuresti\/wp-json\/wp\/v2\/ppma_author?post=36686"}],"curies":[{"name":"wp","href":"https:\/\/api.w.org\/{rel}","templated":true}]}}