{"id":36680,"date":"2021-12-28T15:35:55","date_gmt":"2021-12-28T13:35:55","guid":{"rendered":"https:\/\/buletin.de\/bucuresti\/?p=36680"},"modified":"2021-12-28T15:35:56","modified_gmt":"2021-12-28T13:35:56","slug":"taxa-pentru-parcarile-din-sectorul-6-mai-mare-de-opt-ori-de-anul-viitor","status":"publish","type":"post","link":"https:\/\/buletin.de\/bucuresti\/taxa-pentru-parcarile-din-sectorul-6-mai-mare-de-opt-ori-de-anul-viitor\/","title":{"rendered":"Taxa pentru parc\u0103rile din Sectorul 6, mai mare de opt ori de anul viitor"},"content":{"rendered":"\n<p class=\"has-pale-cyan-blue-background-color has-background\">Taxa anual\u0103 pentru locurile de parcare se modific\u0103 de anul viitor \u0219i \u00een Sectorul 6 al Capitalei. Noile tarife vor intra \u00een vigoare de la 1 ianuarie 2022, iar acestea sunt \u0219i de opt ori mai mari, comparativ cu sumele pl\u0103tite \u00een prezent.<\/p>\n\n\n\n<p>Noile tarife vor fi achitate \u00een func\u021bie de zona \u00een care se afl\u0103 locurile de parcare:<\/p>\n\n\n\n<ul class=\"wp-block-list\"><li>Zona A \u2013 600 de lei\/an, \u00een timp ce p\u00e2n\u0103 acum, beneficiarii plateau 84 de lei\/an;<\/li><li>Zona B \u2013 500 de lei\/an de la 66 de lei\/an;<\/li><li>Zona C \u2013 tariful va cre\u0219te de la 55 de lei\/an p\u00e2n\u0103 la 400 de lei\/an;<\/li><li>Zona D \u2013 de la 37 de lei\/an la 300 de lei\/an.<\/li><\/ul>\n\n\n\n<p>Plata taxei pentru locul de parcare se poate face \u00een dou\u0103 tran\u0219e egale, p\u00e2n\u0103 la data de 31 martie 2022, respectiv 30 septembrie 2022.<\/p>\n\n\n\n<p>Serviciul Parc\u0103ri din cadrul Administra\u021biei Comerciale Sector 6 are \u00een administrare, \u00een prezent, 43.549 de locuri \u00een parc\u0103rile de re\u0219edin\u021b\u0103.<\/p>\n","protected":false},"excerpt":{"rendered":"<p>Taxa anual\u0103 pentru locurile de parcare se modific\u0103 de anul viitor \u0219i \u00een Sectorul 6 al Capitalei. Noile tarife vor intra \u00een vigoare de la 1 ianuarie 2022, iar acestea sunt \u0219i de opt ori mai mari, comparativ cu sumele pl\u0103tite \u00een prezent. Noile tarife vor fi achitate \u00een func\u021bie de zona \u00een care se [&hellip;]<\/p>\n","protected":false},"author":25,"featured_media":25023,"comment_status":"closed","ping_status":"open","sticky":false,"template":"","format":"standard","meta":{"_acf_changed":false,"inline_featured_image":false,"ngg_post_thumbnail":0,"footnotes":""},"categories":[62],"tags":[523],"ppma_author":[22597],"class_list":["post-36680","post","type-post","status-publish","format-standard","has-post-thumbnail","hentry","category-stiri","tag-sector-6"],"acf":[],"yoast_head":"<!-- This site is optimized with the Yoast SEO Premium plugin v25.3 (Yoast SEO v27.5) - https:\/\/yoast.com\/product\/yoast-seo-premium-wordpress\/ -->\n<title>Taxa pentru parc\u0103rile din Sectorul 6, mai mare de opt ori de anul viitor - Buletin de Bucure\u0219ti<\/title>\n<meta name=\"robots\" content=\"index, follow, max-snippet:-1, max-image-preview:large, max-video-preview:-1\" \/>\n<link rel=\"canonical\" href=\"https:\/\/buletin.de\/bucuresti\/taxa-pentru-parcarile-din-sectorul-6-mai-mare-de-opt-ori-de-anul-viitor\/\" \/>\n<meta property=\"og:locale\" content=\"en_GB\" \/>\n<meta property=\"og:type\" content=\"article\" \/>\n<meta property=\"og:title\" content=\"Taxa pentru parc\u0103rile din Sectorul 6, mai mare de opt ori de anul viitor\" \/>\n<meta property=\"og:description\" content=\"Taxa anual\u0103 pentru locurile de parcare se modific\u0103 de anul viitor \u0219i \u00een Sectorul 6 al Capitalei. Noile tarife vor intra \u00een vigoare de la 1 ianuarie 2022, iar acestea sunt \u0219i de opt ori mai mari, comparativ cu sumele pl\u0103tite \u00een prezent. Noile tarife vor fi achitate \u00een func\u021bie de zona \u00een care se [&hellip;]\" \/>\n<meta property=\"og:url\" content=\"https:\/\/buletin.de\/bucuresti\/taxa-pentru-parcarile-din-sectorul-6-mai-mare-de-opt-ori-de-anul-viitor\/\" \/>\n<meta property=\"og:site_name\" content=\"Buletin de Bucure\u0219ti\" \/>\n<meta property=\"article:publisher\" content=\"https:\/\/www.facebook.com\/buletin.de.buc\" \/>\n<meta property=\"article:published_time\" content=\"2021-12-28T13:35:55+00:00\" \/>\n<meta property=\"article:modified_time\" content=\"2021-12-28T13:35:56+00:00\" \/>\n<meta property=\"og:image\" content=\"https:\/\/buletin.de\/bucuresti\/wp-content\/uploads\/parcare-sectorul-1.jpg\" \/>\n\t<meta property=\"og:image:width\" content=\"828\" \/>\n\t<meta property=\"og:image:height\" content=\"1100\" \/>\n\t<meta property=\"og:image:type\" content=\"image\/jpeg\" \/>\n<meta name=\"author\" content=\"Ana Tudor\" \/>\n<meta name=\"twitter:card\" content=\"summary_large_image\" \/>\n<meta name=\"twitter:label1\" content=\"Written by\" \/>\n\t<meta name=\"twitter:data1\" content=\"Ana Tudor\" \/>\n\t<meta name=\"twitter:label2\" content=\"Estimated reading time\" \/>\n\t<meta name=\"twitter:data2\" content=\"1 minute\" \/>\n<script type=\"application\/ld+json\" class=\"yoast-schema-graph\">{\"@context\":\"https:\\\/\\\/schema.org\",\"@graph\":[{\"@type\":\"Article\",\"@id\":\"https:\\\/\\\/buletin.de\\\/bucuresti\\\/taxa-pentru-parcarile-din-sectorul-6-mai-mare-de-opt-ori-de-anul-viitor\\\/#article\",\"isPartOf\":{\"@id\":\"https:\\\/\\\/buletin.de\\\/bucuresti\\\/taxa-pentru-parcarile-din-sectorul-6-mai-mare-de-opt-ori-de-anul-viitor\\\/\"},\"author\":{\"name\":\"Ana Tudor\",\"@id\":\"https:\\\/\\\/buletin.de\\\/bucuresti\\\/#\\\/schema\\\/person\\\/8ce85bbda5515a1abb525993294155a8\"},\"headline\":\"Taxa pentru parc\u0103rile din Sectorul 6, mai mare de opt ori de anul viitor\",\"datePublished\":\"2021-12-28T13:35:55+00:00\",\"dateModified\":\"2021-12-28T13:35:56+00:00\",\"mainEntityOfPage\":{\"@id\":\"https:\\\/\\\/buletin.de\\\/bucuresti\\\/taxa-pentru-parcarile-din-sectorul-6-mai-mare-de-opt-ori-de-anul-viitor\\\/\"},\"wordCount\":170,\"publisher\":{\"@id\":\"https:\\\/\\\/buletin.de\\\/bucuresti\\\/#organization\"},\"image\":{\"@id\":\"https:\\\/\\\/buletin.de\\\/bucuresti\\\/taxa-pentru-parcarile-din-sectorul-6-mai-mare-de-opt-ori-de-anul-viitor\\\/#primaryimage\"},\"thumbnailUrl\":\"https:\\\/\\\/buletin.de\\\/bucuresti\\\/wp-content\\\/uploads\\\/parcare-sectorul-1.jpg\",\"keywords\":[\"Sector 6\"],\"articleSection\":[\"\u0218tiri\"],\"inLanguage\":\"en-GB\",\"copyrightYear\":\"2021\",\"copyrightHolder\":{\"@id\":\"https:\\\/\\\/buletin.de\\\/bucuresti\\\/#organization\"}},{\"@type\":\"WebPage\",\"@id\":\"https:\\\/\\\/buletin.de\\\/bucuresti\\\/taxa-pentru-parcarile-din-sectorul-6-mai-mare-de-opt-ori-de-anul-viitor\\\/\",\"url\":\"https:\\\/\\\/buletin.de\\\/bucuresti\\\/taxa-pentru-parcarile-din-sectorul-6-mai-mare-de-opt-ori-de-anul-viitor\\\/\",\"name\":\"Taxa pentru parc\u0103rile din Sectorul 6, mai mare de opt ori de anul viitor - Buletin de Bucure\u0219ti\",\"isPartOf\":{\"@id\":\"https:\\\/\\\/buletin.de\\\/bucuresti\\\/#website\"},\"primaryImageOfPage\":{\"@id\":\"https:\\\/\\\/buletin.de\\\/bucuresti\\\/taxa-pentru-parcarile-din-sectorul-6-mai-mare-de-opt-ori-de-anul-viitor\\\/#primaryimage\"},\"image\":{\"@id\":\"https:\\\/\\\/buletin.de\\\/bucuresti\\\/taxa-pentru-parcarile-din-sectorul-6-mai-mare-de-opt-ori-de-anul-viitor\\\/#primaryimage\"},\"thumbnailUrl\":\"https:\\\/\\\/buletin.de\\\/bucuresti\\\/wp-content\\\/uploads\\\/parcare-sectorul-1.jpg\",\"datePublished\":\"2021-12-28T13:35:55+00:00\",\"dateModified\":\"2021-12-28T13:35:56+00:00\",\"breadcrumb\":{\"@id\":\"https:\\\/\\\/buletin.de\\\/bucuresti\\\/taxa-pentru-parcarile-din-sectorul-6-mai-mare-de-opt-ori-de-anul-viitor\\\/#breadcrumb\"},\"inLanguage\":\"en-GB\",\"potentialAction\":[{\"@type\":\"ReadAction\",\"target\":[\"https:\\\/\\\/buletin.de\\\/bucuresti\\\/taxa-pentru-parcarile-din-sectorul-6-mai-mare-de-opt-ori-de-anul-viitor\\\/\"]}]},{\"@type\":\"ImageObject\",\"inLanguage\":\"en-GB\",\"@id\":\"https:\\\/\\\/buletin.de\\\/bucuresti\\\/taxa-pentru-parcarile-din-sectorul-6-mai-mare-de-opt-ori-de-anul-viitor\\\/#primaryimage\",\"url\":\"https:\\\/\\\/buletin.de\\\/bucuresti\\\/wp-content\\\/uploads\\\/parcare-sectorul-1.jpg\",\"contentUrl\":\"https:\\\/\\\/buletin.de\\\/bucuresti\\\/wp-content\\\/uploads\\\/parcare-sectorul-1.jpg\",\"width\":828,\"height\":1100},{\"@type\":\"BreadcrumbList\",\"@id\":\"https:\\\/\\\/buletin.de\\\/bucuresti\\\/taxa-pentru-parcarile-din-sectorul-6-mai-mare-de-opt-ori-de-anul-viitor\\\/#breadcrumb\",\"itemListElement\":[{\"@type\":\"ListItem\",\"position\":1,\"name\":\"Acas\u0103\",\"item\":\"https:\\\/\\\/buletin.de\\\/bucuresti\\\/\"},{\"@type\":\"ListItem\",\"position\":2,\"name\":\"Taxa pentru parc\u0103rile din Sectorul 6, mai mare de opt ori de anul viitor\"}]},{\"@type\":\"WebSite\",\"@id\":\"https:\\\/\\\/buletin.de\\\/bucuresti\\\/#website\",\"url\":\"https:\\\/\\\/buletin.de\\\/bucuresti\\\/\",\"name\":\"Buletin de Bucure\u0219ti\",\"description\":\"\u0218tiri \u0219i investiga\u021bii esen\u021biale din capital\u0103\",\"publisher\":{\"@id\":\"https:\\\/\\\/buletin.de\\\/bucuresti\\\/#organization\"},\"potentialAction\":[{\"@type\":\"SearchAction\",\"target\":{\"@type\":\"EntryPoint\",\"urlTemplate\":\"https:\\\/\\\/buletin.de\\\/bucuresti\\\/?s={search_term_string}\"},\"query-input\":{\"@type\":\"PropertyValueSpecification\",\"valueRequired\":true,\"valueName\":\"search_term_string\"}}],\"inLanguage\":\"en-GB\"},{\"@type\":\"Organization\",\"@id\":\"https:\\\/\\\/buletin.de\\\/bucuresti\\\/#organization\",\"name\":\"Buletin de Bucure\u0219ti\",\"url\":\"https:\\\/\\\/buletin.de\\\/bucuresti\\\/\",\"logo\":{\"@type\":\"ImageObject\",\"inLanguage\":\"en-GB\",\"@id\":\"https:\\\/\\\/buletin.de\\\/bucuresti\\\/#\\\/schema\\\/logo\\\/image\\\/\",\"url\":\"https:\\\/\\\/buletin.de\\\/bucuresti\\\/wp-content\\\/uploads\\\/logo-bdb-full-wide-vernil-transparent.png\",\"contentUrl\":\"https:\\\/\\\/buletin.de\\\/bucuresti\\\/wp-content\\\/uploads\\\/logo-bdb-full-wide-vernil-transparent.png\",\"width\":1782,\"height\":626,\"caption\":\"Buletin de Bucure\u0219ti\"},\"image\":{\"@id\":\"https:\\\/\\\/buletin.de\\\/bucuresti\\\/#\\\/schema\\\/logo\\\/image\\\/\"},\"sameAs\":[\"https:\\\/\\\/www.facebook.com\\\/buletin.de.buc\",\"https:\\\/\\\/www.instagram.com\\\/buletinde.bucuresti\\\/\"]},{\"@type\":\"Person\",\"@id\":\"https:\\\/\\\/buletin.de\\\/bucuresti\\\/#\\\/schema\\\/person\\\/8ce85bbda5515a1abb525993294155a8\",\"name\":\"Ana Tudor\",\"image\":{\"@type\":\"ImageObject\",\"inLanguage\":\"en-GB\",\"@id\":\"https:\\\/\\\/secure.gravatar.com\\\/avatar\\\/390c40e2d9367046adb10d832317e3f5fb181fdecb236cb1a8187477756ae24a?s=96&d=monsterid&r=g0f86ad5d6b77046fd61bd633bbfa4a29\",\"url\":\"https:\\\/\\\/secure.gravatar.com\\\/avatar\\\/390c40e2d9367046adb10d832317e3f5fb181fdecb236cb1a8187477756ae24a?s=96&d=monsterid&r=g\",\"contentUrl\":\"https:\\\/\\\/secure.gravatar.com\\\/avatar\\\/390c40e2d9367046adb10d832317e3f5fb181fdecb236cb1a8187477756ae24a?s=96&d=monsterid&r=g\",\"caption\":\"Ana Tudor\"},\"url\":\"https:\\\/\\\/buletin.de\\\/bucuresti\\\/author\\\/anamaria\\\/\"}]}<\/script>\n<!-- \/ Yoast SEO Premium plugin. -->","yoast_head_json":{"title":"Taxa pentru parc\u0103rile din Sectorul 6, mai mare de opt ori de anul viitor - Buletin de Bucure\u0219ti","robots":{"index":"index","follow":"follow","max-snippet":"max-snippet:-1","max-image-preview":"max-image-preview:large","max-video-preview":"max-video-preview:-1"},"canonical":"https:\/\/buletin.de\/bucuresti\/taxa-pentru-parcarile-din-sectorul-6-mai-mare-de-opt-ori-de-anul-viitor\/","og_locale":"en_GB","og_type":"article","og_title":"Taxa pentru parc\u0103rile din Sectorul 6, mai mare de opt ori de anul viitor","og_description":"Taxa anual\u0103 pentru locurile de parcare se modific\u0103 de anul viitor \u0219i \u00een Sectorul 6 al Capitalei. Noile tarife vor intra \u00een vigoare de la 1 ianuarie 2022, iar acestea sunt \u0219i de opt ori mai mari, comparativ cu sumele pl\u0103tite \u00een prezent. Noile tarife vor fi achitate \u00een func\u021bie de zona \u00een care se [&hellip;]","og_url":"https:\/\/buletin.de\/bucuresti\/taxa-pentru-parcarile-din-sectorul-6-mai-mare-de-opt-ori-de-anul-viitor\/","og_site_name":"Buletin de Bucure\u0219ti","article_publisher":"https:\/\/www.facebook.com\/buletin.de.buc","article_published_time":"2021-12-28T13:35:55+00:00","article_modified_time":"2021-12-28T13:35:56+00:00","og_image":[{"width":828,"height":1100,"url":"https:\/\/buletin.de\/bucuresti\/wp-content\/uploads\/parcare-sectorul-1.jpg","type":"image\/jpeg"}],"author":"Ana Tudor","twitter_card":"summary_large_image","twitter_misc":{"Written by":"Ana Tudor","Estimated reading time":"1 minute"},"schema":{"@context":"https:\/\/schema.org","@graph":[{"@type":"Article","@id":"https:\/\/buletin.de\/bucuresti\/taxa-pentru-parcarile-din-sectorul-6-mai-mare-de-opt-ori-de-anul-viitor\/#article","isPartOf":{"@id":"https:\/\/buletin.de\/bucuresti\/taxa-pentru-parcarile-din-sectorul-6-mai-mare-de-opt-ori-de-anul-viitor\/"},"author":{"name":"Ana Tudor","@id":"https:\/\/buletin.de\/bucuresti\/#\/schema\/person\/8ce85bbda5515a1abb525993294155a8"},"headline":"Taxa pentru parc\u0103rile din Sectorul 6, mai mare de opt ori de anul viitor","datePublished":"2021-12-28T13:35:55+00:00","dateModified":"2021-12-28T13:35:56+00:00","mainEntityOfPage":{"@id":"https:\/\/buletin.de\/bucuresti\/taxa-pentru-parcarile-din-sectorul-6-mai-mare-de-opt-ori-de-anul-viitor\/"},"wordCount":170,"publisher":{"@id":"https:\/\/buletin.de\/bucuresti\/#organization"},"image":{"@id":"https:\/\/buletin.de\/bucuresti\/taxa-pentru-parcarile-din-sectorul-6-mai-mare-de-opt-ori-de-anul-viitor\/#primaryimage"},"thumbnailUrl":"https:\/\/buletin.de\/bucuresti\/wp-content\/uploads\/parcare-sectorul-1.jpg","keywords":["Sector 6"],"articleSection":["\u0218tiri"],"inLanguage":"en-GB","copyrightYear":"2021","copyrightHolder":{"@id":"https:\/\/buletin.de\/bucuresti\/#organization"}},{"@type":"WebPage","@id":"https:\/\/buletin.de\/bucuresti\/taxa-pentru-parcarile-din-sectorul-6-mai-mare-de-opt-ori-de-anul-viitor\/","url":"https:\/\/buletin.de\/bucuresti\/taxa-pentru-parcarile-din-sectorul-6-mai-mare-de-opt-ori-de-anul-viitor\/","name":"Taxa pentru parc\u0103rile din Sectorul 6, mai mare de opt ori de anul viitor - Buletin de Bucure\u0219ti","isPartOf":{"@id":"https:\/\/buletin.de\/bucuresti\/#website"},"primaryImageOfPage":{"@id":"https:\/\/buletin.de\/bucuresti\/taxa-pentru-parcarile-din-sectorul-6-mai-mare-de-opt-ori-de-anul-viitor\/#primaryimage"},"image":{"@id":"https:\/\/buletin.de\/bucuresti\/taxa-pentru-parcarile-din-sectorul-6-mai-mare-de-opt-ori-de-anul-viitor\/#primaryimage"},"thumbnailUrl":"https:\/\/buletin.de\/bucuresti\/wp-content\/uploads\/parcare-sectorul-1.jpg","datePublished":"2021-12-28T13:35:55+00:00","dateModified":"2021-12-28T13:35:56+00:00","breadcrumb":{"@id":"https:\/\/buletin.de\/bucuresti\/taxa-pentru-parcarile-din-sectorul-6-mai-mare-de-opt-ori-de-anul-viitor\/#breadcrumb"},"inLanguage":"en-GB","potentialAction":[{"@type":"ReadAction","target":["https:\/\/buletin.de\/bucuresti\/taxa-pentru-parcarile-din-sectorul-6-mai-mare-de-opt-ori-de-anul-viitor\/"]}]},{"@type":"ImageObject","inLanguage":"en-GB","@id":"https:\/\/buletin.de\/bucuresti\/taxa-pentru-parcarile-din-sectorul-6-mai-mare-de-opt-ori-de-anul-viitor\/#primaryimage","url":"https:\/\/buletin.de\/bucuresti\/wp-content\/uploads\/parcare-sectorul-1.jpg","contentUrl":"https:\/\/buletin.de\/bucuresti\/wp-content\/uploads\/parcare-sectorul-1.jpg","width":828,"height":1100},{"@type":"BreadcrumbList","@id":"https:\/\/buletin.de\/bucuresti\/taxa-pentru-parcarile-din-sectorul-6-mai-mare-de-opt-ori-de-anul-viitor\/#breadcrumb","itemListElement":[{"@type":"ListItem","position":1,"name":"Acas\u0103","item":"https:\/\/buletin.de\/bucuresti\/"},{"@type":"ListItem","position":2,"name":"Taxa pentru parc\u0103rile din Sectorul 6, mai mare de opt ori de anul viitor"}]},{"@type":"WebSite","@id":"https:\/\/buletin.de\/bucuresti\/#website","url":"https:\/\/buletin.de\/bucuresti\/","name":"Buletin de Bucure\u0219ti","description":"\u0218tiri \u0219i investiga\u021bii esen\u021biale din capital\u0103","publisher":{"@id":"https:\/\/buletin.de\/bucuresti\/#organization"},"potentialAction":[{"@type":"SearchAction","target":{"@type":"EntryPoint","urlTemplate":"https:\/\/buletin.de\/bucuresti\/?s={search_term_string}"},"query-input":{"@type":"PropertyValueSpecification","valueRequired":true,"valueName":"search_term_string"}}],"inLanguage":"en-GB"},{"@type":"Organization","@id":"https:\/\/buletin.de\/bucuresti\/#organization","name":"Buletin de Bucure\u0219ti","url":"https:\/\/buletin.de\/bucuresti\/","logo":{"@type":"ImageObject","inLanguage":"en-GB","@id":"https:\/\/buletin.de\/bucuresti\/#\/schema\/logo\/image\/","url":"https:\/\/buletin.de\/bucuresti\/wp-content\/uploads\/logo-bdb-full-wide-vernil-transparent.png","contentUrl":"https:\/\/buletin.de\/bucuresti\/wp-content\/uploads\/logo-bdb-full-wide-vernil-transparent.png","width":1782,"height":626,"caption":"Buletin de Bucure\u0219ti"},"image":{"@id":"https:\/\/buletin.de\/bucuresti\/#\/schema\/logo\/image\/"},"sameAs":["https:\/\/www.facebook.com\/buletin.de.buc","https:\/\/www.instagram.com\/buletinde.bucuresti\/"]},{"@type":"Person","@id":"https:\/\/buletin.de\/bucuresti\/#\/schema\/person\/8ce85bbda5515a1abb525993294155a8","name":"Ana Tudor","image":{"@type":"ImageObject","inLanguage":"en-GB","@id":"https:\/\/secure.gravatar.com\/avatar\/390c40e2d9367046adb10d832317e3f5fb181fdecb236cb1a8187477756ae24a?s=96&d=monsterid&r=g0f86ad5d6b77046fd61bd633bbfa4a29","url":"https:\/\/secure.gravatar.com\/avatar\/390c40e2d9367046adb10d832317e3f5fb181fdecb236cb1a8187477756ae24a?s=96&d=monsterid&r=g","contentUrl":"https:\/\/secure.gravatar.com\/avatar\/390c40e2d9367046adb10d832317e3f5fb181fdecb236cb1a8187477756ae24a?s=96&d=monsterid&r=g","caption":"Ana Tudor"},"url":"https:\/\/buletin.de\/bucuresti\/author\/anamaria\/"}]}},"authors":[{"term_id":22597,"user_id":25,"is_guest":0,"slug":"anamaria","display_name":"Ana Tudor","avatar_url":"https:\/\/secure.gravatar.com\/avatar\/390c40e2d9367046adb10d832317e3f5fb181fdecb236cb1a8187477756ae24a?s=96&d=monsterid&r=g","0":null,"1":"","2":"","3":"","4":"","5":"","6":"","7":"","8":""}],"_links":{"self":[{"href":"https:\/\/buletin.de\/bucuresti\/wp-json\/wp\/v2\/posts\/36680","targetHints":{"allow":["GET"]}}],"collection":[{"href":"https:\/\/buletin.de\/bucuresti\/wp-json\/wp\/v2\/posts"}],"about":[{"href":"https:\/\/buletin.de\/bucuresti\/wp-json\/wp\/v2\/types\/post"}],"author":[{"embeddable":true,"href":"https:\/\/buletin.de\/bucuresti\/wp-json\/wp\/v2\/users\/25"}],"replies":[{"embeddable":true,"href":"https:\/\/buletin.de\/bucuresti\/wp-json\/wp\/v2\/comments?post=36680"}],"version-history":[{"count":1,"href":"https:\/\/buletin.de\/bucuresti\/wp-json\/wp\/v2\/posts\/36680\/revisions"}],"predecessor-version":[{"id":36681,"href":"https:\/\/buletin.de\/bucuresti\/wp-json\/wp\/v2\/posts\/36680\/revisions\/36681"}],"wp:featuredmedia":[{"embeddable":true,"href":"https:\/\/buletin.de\/bucuresti\/wp-json\/wp\/v2\/media\/25023"}],"wp:attachment":[{"href":"https:\/\/buletin.de\/bucuresti\/wp-json\/wp\/v2\/media?parent=36680"}],"wp:term":[{"taxonomy":"category","embeddable":true,"href":"https:\/\/buletin.de\/bucuresti\/wp-json\/wp\/v2\/categories?post=36680"},{"taxonomy":"post_tag","embeddable":true,"href":"https:\/\/buletin.de\/bucuresti\/wp-json\/wp\/v2\/tags?post=36680"},{"taxonomy":"author","embeddable":true,"href":"https:\/\/buletin.de\/bucuresti\/wp-json\/wp\/v2\/ppma_author?post=36680"}],"curies":[{"name":"wp","href":"https:\/\/api.w.org\/{rel}","templated":true}]}}