{"id":36638,"date":"2021-12-27T19:56:53","date_gmt":"2021-12-27T17:56:53","guid":{"rendered":"https:\/\/buletin.de\/bucuresti\/?p=36638"},"modified":"2021-12-27T20:10:25","modified_gmt":"2021-12-27T18:10:25","slug":"proiectul-de-construire-a-unei-statii-de-oxigen-la-spitalul-modular-pipera-retras-din-dezbaterea-consiliului-general","status":"publish","type":"post","link":"https:\/\/buletin.de\/bucuresti\/proiectul-de-construire-a-unei-statii-de-oxigen-la-spitalul-modular-pipera-retras-din-dezbaterea-consiliului-general\/","title":{"rendered":"Proiectul de construire a unei sta\u021bii de oxigen la Spitalul Modular Pipera, retras din dezbaterea Consiliului General"},"content":{"rendered":"\n<p class=\"has-light-green-cyan-background-color has-background\">Pe ordinea de zi a \u0219edin\u021bei extraordinare a CGMB de ast\u0103zi s-a aflat \u0219i proiectul de construire a unei sta\u021bii de oxigen, la Spitalul Modular Pipera. Ini\u021biativa nu a ajuns la votul consilierilor dup\u0103 ce a fost retras\u0103 chiar de ini\u021biator, primarul general, Nicu\u0219or Dan. Decizia edilului a venit dup\u0103 ce consilierii USR au anun\u021bat c\u0103 nu vor vota hot\u0103r\u00e2rea.<\/p>\n\n\n\n<p>Conform <a href=\"http:\/\/www4.pmb.ro\/wwwt\/institutii\/CGMB\/sedinte\/ordinea_de_zi\/20211227\/4.pdf\">proiectului de hot\u0103r\u00e2re<\/a>, din bugetul municipiului Bucure\u0219ti urmau s\u0103 fie alocate 12 milioane de lei pentru construc\u021bia sta\u021biei de oxigen. Investi\u021bia ar fi urmat s\u0103 rezolve o problem\u0103 a spitalului modular, care nu are instala\u021bie de oxigen. <\/p>\n\n\n\n<p><em>Art. 1 Se aproba efectuarea de lucr\u0103ri in vederea realiz\u0103rii instala\u021biei de oxigen medicinal, in cadrul unit\u0103\u021bii modulare Pipera, sec\u021bie exterioar\u0103 a Spitalului Clinic de Boli Infec\u021bioase si Tropicale &#8220;Dr. Victor Babe\u0219&#8221; Bucure\u0219ti.<\/em><\/p>\n\n\n\n<p><em>Art. 2 Realizarea instala\u021biei de oxigen medicinal presupune, f\u0103r\u0103 a se limita la:<\/em><\/p>\n\n\n\n<ul class=\"wp-block-list\"><li><em>Proiectare;<\/em><\/li><li><em>Realizare instala\u021bie electrica conform normativ 17\/2011 (material si manopera);<\/em><\/li><li><em>Instala\u021bie detec\u021bie oxigen (material + manopera)<\/em><\/li><li><em>Instala\u021bie detec\u021bie si avertizare incendiu (material + manopera);<\/em><\/li><li><em>Realizare platform\u0103 betonata pentru instala\u021bia de stocare si vaporizare oxigen medicinal, zona depozitare acoperita si \u00eemprejmuit\u0103, probe, verific\u0103ri, etc.;<\/em><\/li><li><em>Instala\u021bie apelare sora medicala (material + manoper\u0103);<\/em><\/li><\/ul>\n\n\n\n<p><em>Art. 3 Se mandateaz\u0103 Administra\u021bia Spitalelor si Serviciilor Medicale Bucuresti, s\u0103 realizeze lucr\u0103rile men\u021bionate la articolul 2 al prezentei hot\u0103r\u00e2ri si detaliate la nivelul ofertei estimative, anexa la nota de fundamentare a prezentei hot\u0103r\u00e2ri.<\/em><\/p>\n\n\n\n<p><em>Art. 4 Cheltuielile legate de realizarea instalatiei de oxigen medicinal vor fi asigurate de Administra\u021bia Spitalelor si Serviciilor Medicale Bucure\u0219ti, prin aloca\u021bii bugetare aprobate de Consiliul General al Municipiului Bucure\u0219ti, in cuantum estimativ maximal de <strong>12.054.000,00 lei<\/strong>, cu TVA inclus.<\/em><\/p>\n\n\n\n<p>Nicu\u0219or Dan a justificat investi\u021bia prin nevoia de preg\u0103tire a infrastructurii sanitare pentru valul 5. Primarul general a sus\u021binut c\u0103 Guvernul a cerut ca s\u0103 asigure cu oxigen paturile de la Pipera. <\/p>\n\n\n\n<p>&#8220;<em>Urmeaz\u0103 valul cinci, o s\u0103 fie un necesar pentru paturi care s\u0103 aib\u0103 instala\u021bie de oxigen \u0219i solu\u021bia cea mai rapid\u0103 este acest spital modular din Pipera. Am avut o discu\u021bie cu proiectan\u021bi (&#8230;). Este o solicitare expres\u0103 a Guvernului, chiar a prim-ministrului, ca \u00een cel mai scurt timp s\u0103 asigur\u0103m paturile cu oxigen. Am mai avut aceast\u0103 discu\u021bie \u00een urm\u0103 cu dou\u0103 sau trei luni, atunci am avut o discu\u021bie a consilierilor generali cu echipa de proiectan\u021bi a companiei municipale Trust de Cl\u0103diri Metropolitane, ei au spus c\u0103 nu \u00ee\u0219i asum\u0103 instalarea unei instala\u021bii de oxigen. \u00centre timp, \u00eens\u0103, Spitalul Militar Central, care are \u00een subordine acel spital provizoriu ROL 2, a reu\u0219it, pe o structur\u0103 similar\u0103, s\u0103 pun\u0103 instala\u021bie de oxigen, au lucrat cu una din cele mai mari companii de furnizare a oxigenului medical LINDE \u0219i cred c\u0103 dac\u0103 ei au reu\u0219it lucrul acesta cu o companie asupra c\u0103reia nu exist\u0103 nicio suspiciune c\u0103 nu ar face lucrurile profesionist, trebui s\u0103 \u00eencerc\u0103m \u015fi noi s\u0103 facem acest lucru, \u00een perspectiva valului cinci<\/em>&#8220;, a declarat Nicu\u0219or Dan, conform Agerpres.<\/p>\n\n\n\n<p>Consilierii USR s-au opus \u00eens\u0103 proiectului pe motiv c\u0103 spitalul de la Pipera func\u021bioneaz\u0103 \u00eentr-un spa\u021biu neconform. <\/p>\n\n\n\n<p>&#8220;V-am f\u0103cut propuneri de-a lungul anului de a g\u0103si un spa\u021biu \u00een care s\u0103 construim un spital pe care s\u0103-l proiect\u0103m de la cap\u0103t ca spital modular. Am \u00een\u021beles c\u0103 exist\u0103 constr\u00e2ngeri financiare. De asemenea, nu am v\u0103zut nici din partea prim-ministrului, nici din partea comandantului ac\u021biunii nicio h\u00e2rtie ata\u0219at\u0103 proiectului de a opera\u021bionaliza o instala\u021bie de oxigen \u00een acel spa\u021biu neconform. Dac\u0103 prim-ministrul sau dac\u0103 comandantul ac\u021biunii \u00ee\u0219i asum\u0103 s\u0103 construiasc\u0103 o instala\u021bie de oxigen \u00eentr-un spa\u021biu care nu poate fi numit spital, nici m\u0103car de campanie, s\u0103 preia d\u00e2n\u0219ii responsabilitatea pentru o asemenea construc\u021bie, pe care noi nu o sus\u021binem&#8221;, a declarat consilierul USR Horia Tomescu, preluat de Agerpres.<\/p>\n\n\n\n<p>Conform unui raport al ASSMB, despre care Buletin de Bucure\u0219ti a scris pe larg a<a href=\"https:\/\/buletin.de\/bucuresti\/raport-assmb-in-spitalul-modular-pipera-targile-nu-trec-de-usi-nu-exista-sistem-centralizat-de-incalzire-si-nici-statie-de-oxigen\/\">ici,<\/a> spitalul de la Pipera are mari probleme \u00een a asigura condi\u021biile necesare pentru func\u021bionarea sa \u00een condi\u021bii de siguran\u021b\u0103 \u0219i confort pentru pacien\u021bi.<\/p>\n\n\n\n<p>2 milioane de euro au plecat din bugetul Capitalei spre ceea ce ar fi trebuit s\u0103 fie un spital modular, \u00een subordinea Spitalului Victor Babe\u0219, care s\u0103 preia din presiunea spitalelor \u00een pandemia COVID. Construit\u0103 pe terenul pe care urma s\u0103 se \u00eenal\u021be spitalul metropolitan, unitatea modular\u0103 Pipera a avut limit\u0103ri chiar din proiectare, care o fac aproape incompatibil\u0103 cu un spital,&nbsp;<strong>cea mai important\u0103 fiind legat\u0103 de instala\u021bia electric\u0103.<\/strong><\/p>\n\n\n\n<p>Conform raportului ASSMB,<em>&nbsp;ansamblul nu dispune de re\u021bea de gaze medicale<\/em>.&nbsp;Acela\u0219i ASSMB a comunicat, la solicitarea Buletin de Bucure\u0219ti, c\u0103 instala\u021bia electric\u0103 din fiecare salon ar permite cuplarea unor concentratoare de oxigen \u00een caz de necesitate.<\/p>\n\n\n\n<figure class=\"wp-block-embed is-type-wp-embed is-provider-buletin-de-bucure\u0219ti wp-block-embed-buletin-de-bucure\u0219ti\"><div class=\"wp-block-embed__wrapper\">\n<blockquote class=\"wp-embedded-content\" data-secret=\"h1pMOPmjGD\"><a href=\"https:\/\/buletin.de\/bucuresti\/raport-assmb-in-spitalul-modular-pipera-targile-nu-trec-de-usi-nu-exista-sistem-centralizat-de-incalzire-si-nici-statie-de-oxigen\/\">Raport ASSMB | \u00cen Spitalul Modular Pipera, t\u0103rgile nu trec de u\u0219i, nu exist\u0103 sistem centralizat de \u00eenc\u0103lzire \u0219i nici sta\u021bie de oxigen<\/a><\/blockquote><iframe class=\"wp-embedded-content\" sandbox=\"allow-scripts\" security=\"restricted\" style=\"position: absolute; clip: rect(1px, 1px, 1px, 1px);\" title=\"&#8222;Raport ASSMB | \u00cen Spitalul Modular Pipera, t\u0103rgile nu trec de u\u0219i, nu exist\u0103 sistem centralizat de \u00eenc\u0103lzire \u0219i nici sta\u021bie de oxigen&#8221; &#8212; Buletin de Bucure\u0219ti\" src=\"https:\/\/buletin.de\/bucuresti\/raport-assmb-in-spitalul-modular-pipera-targile-nu-trec-de-usi-nu-exista-sistem-centralizat-de-incalzire-si-nici-statie-de-oxigen\/embed\/#?secret=KqUKkTO0bm#?secret=h1pMOPmjGD\" data-secret=\"h1pMOPmjGD\" width=\"600\" height=\"338\" frameborder=\"0\" marginwidth=\"0\" marginheight=\"0\" scrolling=\"no\"><\/iframe>\n<\/div><figcaption>sursa foto cover Facebook Gabriela Firea<\/figcaption><\/figure>\n","protected":false},"excerpt":{"rendered":"<p>Pe ordinea de zi a \u0219edin\u021bei extraordinare a CGMB de ast\u0103zi s-a aflat \u0219i proiectul de construire a unei sta\u021bii de oxigen, la Spitalul Modular Pipera. Ini\u021biativa nu a ajuns la votul consilierilor dup\u0103 ce a fost retras\u0103 chiar de ini\u021biator, primarul general, Nicu\u0219or Dan. Decizia edilului a venit dup\u0103 ce consilierii USR au anun\u021bat [&hellip;]<\/p>\n","protected":false},"author":18,"featured_media":36641,"comment_status":"closed","ping_status":"open","sticky":false,"template":"","format":"standard","meta":{"_acf_changed":false,"inline_featured_image":false,"ngg_post_thumbnail":0,"footnotes":""},"categories":[62],"tags":[],"ppma_author":[22579],"class_list":["post-36638","post","type-post","status-publish","format-standard","has-post-thumbnail","hentry","category-stiri"],"acf":[],"yoast_head":"<!-- This site is optimized with the Yoast SEO Premium plugin v25.3 (Yoast SEO v27.5) - https:\/\/yoast.com\/product\/yoast-seo-premium-wordpress\/ -->\n<title>Proiectul de construire a unei sta\u021bii de oxigen la Spitalul Modular Pipera, retras din dezbaterea Consiliului General - Buletin de Bucure\u0219ti<\/title>\n<meta name=\"robots\" content=\"index, follow, max-snippet:-1, max-image-preview:large, max-video-preview:-1\" \/>\n<link rel=\"canonical\" href=\"https:\/\/buletin.de\/bucuresti\/proiectul-de-construire-a-unei-statii-de-oxigen-la-spitalul-modular-pipera-retras-din-dezbaterea-consiliului-general\/\" \/>\n<meta property=\"og:locale\" content=\"en_GB\" \/>\n<meta property=\"og:type\" content=\"article\" \/>\n<meta property=\"og:title\" content=\"Proiectul de construire a unei sta\u021bii de oxigen la Spitalul Modular Pipera, retras din dezbaterea Consiliului General\" \/>\n<meta property=\"og:description\" content=\"Pe ordinea de zi a \u0219edin\u021bei extraordinare a CGMB de ast\u0103zi s-a aflat \u0219i proiectul de construire a unei sta\u021bii de oxigen, la Spitalul Modular Pipera. Ini\u021biativa nu a ajuns la votul consilierilor dup\u0103 ce a fost retras\u0103 chiar de ini\u021biator, primarul general, Nicu\u0219or Dan. Decizia edilului a venit dup\u0103 ce consilierii USR au anun\u021bat [&hellip;]\" \/>\n<meta property=\"og:url\" content=\"https:\/\/buletin.de\/bucuresti\/proiectul-de-construire-a-unei-statii-de-oxigen-la-spitalul-modular-pipera-retras-din-dezbaterea-consiliului-general\/\" \/>\n<meta property=\"og:site_name\" content=\"Buletin de Bucure\u0219ti\" \/>\n<meta property=\"article:publisher\" content=\"https:\/\/www.facebook.com\/buletin.de.buc\" \/>\n<meta property=\"article:published_time\" content=\"2021-12-27T17:56:53+00:00\" \/>\n<meta property=\"article:modified_time\" content=\"2021-12-27T18:10:25+00:00\" \/>\n<meta property=\"og:image\" content=\"https:\/\/buletin.de\/bucuresti\/wp-content\/uploads\/173362415_4223910307659107_7911418582467170679_n.jpg\" \/>\n\t<meta property=\"og:image:width\" content=\"800\" \/>\n\t<meta property=\"og:image:height\" content=\"532\" \/>\n\t<meta property=\"og:image:type\" content=\"image\/jpeg\" \/>\n<meta name=\"author\" content=\"Teodora Stroe\" \/>\n<meta name=\"twitter:card\" content=\"summary_large_image\" \/>\n<meta name=\"twitter:label1\" content=\"Written by\" \/>\n\t<meta name=\"twitter:data1\" content=\"Teodora Stroe\" \/>\n\t<meta name=\"twitter:label2\" content=\"Estimated reading time\" \/>\n\t<meta name=\"twitter:data2\" content=\"4 minutes\" \/>\n<script type=\"application\/ld+json\" class=\"yoast-schema-graph\">{\"@context\":\"https:\\\/\\\/schema.org\",\"@graph\":[{\"@type\":\"Article\",\"@id\":\"https:\\\/\\\/buletin.de\\\/bucuresti\\\/proiectul-de-construire-a-unei-statii-de-oxigen-la-spitalul-modular-pipera-retras-din-dezbaterea-consiliului-general\\\/#article\",\"isPartOf\":{\"@id\":\"https:\\\/\\\/buletin.de\\\/bucuresti\\\/proiectul-de-construire-a-unei-statii-de-oxigen-la-spitalul-modular-pipera-retras-din-dezbaterea-consiliului-general\\\/\"},\"author\":{\"name\":\"Teodora Stroe\",\"@id\":\"https:\\\/\\\/buletin.de\\\/bucuresti\\\/#\\\/schema\\\/person\\\/d369d7ddc775abece205795e0b804614\"},\"headline\":\"Proiectul de construire a unei sta\u021bii de oxigen la Spitalul Modular Pipera, retras din dezbaterea Consiliului General\",\"datePublished\":\"2021-12-27T17:56:53+00:00\",\"dateModified\":\"2021-12-27T18:10:25+00:00\",\"mainEntityOfPage\":{\"@id\":\"https:\\\/\\\/buletin.de\\\/bucuresti\\\/proiectul-de-construire-a-unei-statii-de-oxigen-la-spitalul-modular-pipera-retras-din-dezbaterea-consiliului-general\\\/\"},\"wordCount\":872,\"publisher\":{\"@id\":\"https:\\\/\\\/buletin.de\\\/bucuresti\\\/#organization\"},\"image\":{\"@id\":\"https:\\\/\\\/buletin.de\\\/bucuresti\\\/proiectul-de-construire-a-unei-statii-de-oxigen-la-spitalul-modular-pipera-retras-din-dezbaterea-consiliului-general\\\/#primaryimage\"},\"thumbnailUrl\":\"https:\\\/\\\/buletin.de\\\/bucuresti\\\/wp-content\\\/uploads\\\/173362415_4223910307659107_7911418582467170679_n.jpg\",\"articleSection\":[\"\u0218tiri\"],\"inLanguage\":\"en-GB\",\"copyrightYear\":\"2021\",\"copyrightHolder\":{\"@id\":\"https:\\\/\\\/buletin.de\\\/bucuresti\\\/#organization\"}},{\"@type\":\"WebPage\",\"@id\":\"https:\\\/\\\/buletin.de\\\/bucuresti\\\/proiectul-de-construire-a-unei-statii-de-oxigen-la-spitalul-modular-pipera-retras-din-dezbaterea-consiliului-general\\\/\",\"url\":\"https:\\\/\\\/buletin.de\\\/bucuresti\\\/proiectul-de-construire-a-unei-statii-de-oxigen-la-spitalul-modular-pipera-retras-din-dezbaterea-consiliului-general\\\/\",\"name\":\"Proiectul de construire a unei sta\u021bii de oxigen la Spitalul Modular Pipera, retras din dezbaterea Consiliului General - Buletin de Bucure\u0219ti\",\"isPartOf\":{\"@id\":\"https:\\\/\\\/buletin.de\\\/bucuresti\\\/#website\"},\"primaryImageOfPage\":{\"@id\":\"https:\\\/\\\/buletin.de\\\/bucuresti\\\/proiectul-de-construire-a-unei-statii-de-oxigen-la-spitalul-modular-pipera-retras-din-dezbaterea-consiliului-general\\\/#primaryimage\"},\"image\":{\"@id\":\"https:\\\/\\\/buletin.de\\\/bucuresti\\\/proiectul-de-construire-a-unei-statii-de-oxigen-la-spitalul-modular-pipera-retras-din-dezbaterea-consiliului-general\\\/#primaryimage\"},\"thumbnailUrl\":\"https:\\\/\\\/buletin.de\\\/bucuresti\\\/wp-content\\\/uploads\\\/173362415_4223910307659107_7911418582467170679_n.jpg\",\"datePublished\":\"2021-12-27T17:56:53+00:00\",\"dateModified\":\"2021-12-27T18:10:25+00:00\",\"breadcrumb\":{\"@id\":\"https:\\\/\\\/buletin.de\\\/bucuresti\\\/proiectul-de-construire-a-unei-statii-de-oxigen-la-spitalul-modular-pipera-retras-din-dezbaterea-consiliului-general\\\/#breadcrumb\"},\"inLanguage\":\"en-GB\",\"potentialAction\":[{\"@type\":\"ReadAction\",\"target\":[\"https:\\\/\\\/buletin.de\\\/bucuresti\\\/proiectul-de-construire-a-unei-statii-de-oxigen-la-spitalul-modular-pipera-retras-din-dezbaterea-consiliului-general\\\/\"]}]},{\"@type\":\"ImageObject\",\"inLanguage\":\"en-GB\",\"@id\":\"https:\\\/\\\/buletin.de\\\/bucuresti\\\/proiectul-de-construire-a-unei-statii-de-oxigen-la-spitalul-modular-pipera-retras-din-dezbaterea-consiliului-general\\\/#primaryimage\",\"url\":\"https:\\\/\\\/buletin.de\\\/bucuresti\\\/wp-content\\\/uploads\\\/173362415_4223910307659107_7911418582467170679_n.jpg\",\"contentUrl\":\"https:\\\/\\\/buletin.de\\\/bucuresti\\\/wp-content\\\/uploads\\\/173362415_4223910307659107_7911418582467170679_n.jpg\",\"width\":800,\"height\":532},{\"@type\":\"BreadcrumbList\",\"@id\":\"https:\\\/\\\/buletin.de\\\/bucuresti\\\/proiectul-de-construire-a-unei-statii-de-oxigen-la-spitalul-modular-pipera-retras-din-dezbaterea-consiliului-general\\\/#breadcrumb\",\"itemListElement\":[{\"@type\":\"ListItem\",\"position\":1,\"name\":\"Acas\u0103\",\"item\":\"https:\\\/\\\/buletin.de\\\/bucuresti\\\/\"},{\"@type\":\"ListItem\",\"position\":2,\"name\":\"Proiectul de construire a unei sta\u021bii de oxigen la Spitalul Modular Pipera, retras din dezbaterea Consiliului General\"}]},{\"@type\":\"WebSite\",\"@id\":\"https:\\\/\\\/buletin.de\\\/bucuresti\\\/#website\",\"url\":\"https:\\\/\\\/buletin.de\\\/bucuresti\\\/\",\"name\":\"Buletin de Bucure\u0219ti\",\"description\":\"\u0218tiri \u0219i investiga\u021bii esen\u021biale din capital\u0103\",\"publisher\":{\"@id\":\"https:\\\/\\\/buletin.de\\\/bucuresti\\\/#organization\"},\"potentialAction\":[{\"@type\":\"SearchAction\",\"target\":{\"@type\":\"EntryPoint\",\"urlTemplate\":\"https:\\\/\\\/buletin.de\\\/bucuresti\\\/?s={search_term_string}\"},\"query-input\":{\"@type\":\"PropertyValueSpecification\",\"valueRequired\":true,\"valueName\":\"search_term_string\"}}],\"inLanguage\":\"en-GB\"},{\"@type\":\"Organization\",\"@id\":\"https:\\\/\\\/buletin.de\\\/bucuresti\\\/#organization\",\"name\":\"Buletin de Bucure\u0219ti\",\"url\":\"https:\\\/\\\/buletin.de\\\/bucuresti\\\/\",\"logo\":{\"@type\":\"ImageObject\",\"inLanguage\":\"en-GB\",\"@id\":\"https:\\\/\\\/buletin.de\\\/bucuresti\\\/#\\\/schema\\\/logo\\\/image\\\/\",\"url\":\"https:\\\/\\\/buletin.de\\\/bucuresti\\\/wp-content\\\/uploads\\\/logo-bdb-full-wide-vernil-transparent.png\",\"contentUrl\":\"https:\\\/\\\/buletin.de\\\/bucuresti\\\/wp-content\\\/uploads\\\/logo-bdb-full-wide-vernil-transparent.png\",\"width\":1782,\"height\":626,\"caption\":\"Buletin de Bucure\u0219ti\"},\"image\":{\"@id\":\"https:\\\/\\\/buletin.de\\\/bucuresti\\\/#\\\/schema\\\/logo\\\/image\\\/\"},\"sameAs\":[\"https:\\\/\\\/www.facebook.com\\\/buletin.de.buc\",\"https:\\\/\\\/www.instagram.com\\\/buletinde.bucuresti\\\/\"]},{\"@type\":\"Person\",\"@id\":\"https:\\\/\\\/buletin.de\\\/bucuresti\\\/#\\\/schema\\\/person\\\/d369d7ddc775abece205795e0b804614\",\"name\":\"Teodora Stroe\",\"image\":{\"@type\":\"ImageObject\",\"inLanguage\":\"en-GB\",\"@id\":\"https:\\\/\\\/secure.gravatar.com\\\/avatar\\\/2560b4cd9f5f1bc100b123158e657d75584bd1c3e1d9c69285720b9457c1b78d?s=96&d=monsterid&r=gc104800242ba5f2d78dd5d7dc4df08b6\",\"url\":\"https:\\\/\\\/secure.gravatar.com\\\/avatar\\\/2560b4cd9f5f1bc100b123158e657d75584bd1c3e1d9c69285720b9457c1b78d?s=96&d=monsterid&r=g\",\"contentUrl\":\"https:\\\/\\\/secure.gravatar.com\\\/avatar\\\/2560b4cd9f5f1bc100b123158e657d75584bd1c3e1d9c69285720b9457c1b78d?s=96&d=monsterid&r=g\",\"caption\":\"Teodora Stroe\"},\"url\":\"https:\\\/\\\/buletin.de\\\/bucuresti\\\/author\\\/simonacarlugea\\\/\"}]}<\/script>\n<!-- \/ Yoast SEO Premium plugin. -->","yoast_head_json":{"title":"Proiectul de construire a unei sta\u021bii de oxigen la Spitalul Modular Pipera, retras din dezbaterea Consiliului General - Buletin de Bucure\u0219ti","robots":{"index":"index","follow":"follow","max-snippet":"max-snippet:-1","max-image-preview":"max-image-preview:large","max-video-preview":"max-video-preview:-1"},"canonical":"https:\/\/buletin.de\/bucuresti\/proiectul-de-construire-a-unei-statii-de-oxigen-la-spitalul-modular-pipera-retras-din-dezbaterea-consiliului-general\/","og_locale":"en_GB","og_type":"article","og_title":"Proiectul de construire a unei sta\u021bii de oxigen la Spitalul Modular Pipera, retras din dezbaterea Consiliului General","og_description":"Pe ordinea de zi a \u0219edin\u021bei extraordinare a CGMB de ast\u0103zi s-a aflat \u0219i proiectul de construire a unei sta\u021bii de oxigen, la Spitalul Modular Pipera. Ini\u021biativa nu a ajuns la votul consilierilor dup\u0103 ce a fost retras\u0103 chiar de ini\u021biator, primarul general, Nicu\u0219or Dan. Decizia edilului a venit dup\u0103 ce consilierii USR au anun\u021bat [&hellip;]","og_url":"https:\/\/buletin.de\/bucuresti\/proiectul-de-construire-a-unei-statii-de-oxigen-la-spitalul-modular-pipera-retras-din-dezbaterea-consiliului-general\/","og_site_name":"Buletin de Bucure\u0219ti","article_publisher":"https:\/\/www.facebook.com\/buletin.de.buc","article_published_time":"2021-12-27T17:56:53+00:00","article_modified_time":"2021-12-27T18:10:25+00:00","og_image":[{"width":800,"height":532,"url":"https:\/\/buletin.de\/bucuresti\/wp-content\/uploads\/173362415_4223910307659107_7911418582467170679_n.jpg","type":"image\/jpeg"}],"author":"Teodora Stroe","twitter_card":"summary_large_image","twitter_misc":{"Written by":"Teodora Stroe","Estimated reading time":"4 minutes"},"schema":{"@context":"https:\/\/schema.org","@graph":[{"@type":"Article","@id":"https:\/\/buletin.de\/bucuresti\/proiectul-de-construire-a-unei-statii-de-oxigen-la-spitalul-modular-pipera-retras-din-dezbaterea-consiliului-general\/#article","isPartOf":{"@id":"https:\/\/buletin.de\/bucuresti\/proiectul-de-construire-a-unei-statii-de-oxigen-la-spitalul-modular-pipera-retras-din-dezbaterea-consiliului-general\/"},"author":{"name":"Teodora Stroe","@id":"https:\/\/buletin.de\/bucuresti\/#\/schema\/person\/d369d7ddc775abece205795e0b804614"},"headline":"Proiectul de construire a unei sta\u021bii de oxigen la Spitalul Modular Pipera, retras din dezbaterea Consiliului General","datePublished":"2021-12-27T17:56:53+00:00","dateModified":"2021-12-27T18:10:25+00:00","mainEntityOfPage":{"@id":"https:\/\/buletin.de\/bucuresti\/proiectul-de-construire-a-unei-statii-de-oxigen-la-spitalul-modular-pipera-retras-din-dezbaterea-consiliului-general\/"},"wordCount":872,"publisher":{"@id":"https:\/\/buletin.de\/bucuresti\/#organization"},"image":{"@id":"https:\/\/buletin.de\/bucuresti\/proiectul-de-construire-a-unei-statii-de-oxigen-la-spitalul-modular-pipera-retras-din-dezbaterea-consiliului-general\/#primaryimage"},"thumbnailUrl":"https:\/\/buletin.de\/bucuresti\/wp-content\/uploads\/173362415_4223910307659107_7911418582467170679_n.jpg","articleSection":["\u0218tiri"],"inLanguage":"en-GB","copyrightYear":"2021","copyrightHolder":{"@id":"https:\/\/buletin.de\/bucuresti\/#organization"}},{"@type":"WebPage","@id":"https:\/\/buletin.de\/bucuresti\/proiectul-de-construire-a-unei-statii-de-oxigen-la-spitalul-modular-pipera-retras-din-dezbaterea-consiliului-general\/","url":"https:\/\/buletin.de\/bucuresti\/proiectul-de-construire-a-unei-statii-de-oxigen-la-spitalul-modular-pipera-retras-din-dezbaterea-consiliului-general\/","name":"Proiectul de construire a unei sta\u021bii de oxigen la Spitalul Modular Pipera, retras din dezbaterea Consiliului General - Buletin de Bucure\u0219ti","isPartOf":{"@id":"https:\/\/buletin.de\/bucuresti\/#website"},"primaryImageOfPage":{"@id":"https:\/\/buletin.de\/bucuresti\/proiectul-de-construire-a-unei-statii-de-oxigen-la-spitalul-modular-pipera-retras-din-dezbaterea-consiliului-general\/#primaryimage"},"image":{"@id":"https:\/\/buletin.de\/bucuresti\/proiectul-de-construire-a-unei-statii-de-oxigen-la-spitalul-modular-pipera-retras-din-dezbaterea-consiliului-general\/#primaryimage"},"thumbnailUrl":"https:\/\/buletin.de\/bucuresti\/wp-content\/uploads\/173362415_4223910307659107_7911418582467170679_n.jpg","datePublished":"2021-12-27T17:56:53+00:00","dateModified":"2021-12-27T18:10:25+00:00","breadcrumb":{"@id":"https:\/\/buletin.de\/bucuresti\/proiectul-de-construire-a-unei-statii-de-oxigen-la-spitalul-modular-pipera-retras-din-dezbaterea-consiliului-general\/#breadcrumb"},"inLanguage":"en-GB","potentialAction":[{"@type":"ReadAction","target":["https:\/\/buletin.de\/bucuresti\/proiectul-de-construire-a-unei-statii-de-oxigen-la-spitalul-modular-pipera-retras-din-dezbaterea-consiliului-general\/"]}]},{"@type":"ImageObject","inLanguage":"en-GB","@id":"https:\/\/buletin.de\/bucuresti\/proiectul-de-construire-a-unei-statii-de-oxigen-la-spitalul-modular-pipera-retras-din-dezbaterea-consiliului-general\/#primaryimage","url":"https:\/\/buletin.de\/bucuresti\/wp-content\/uploads\/173362415_4223910307659107_7911418582467170679_n.jpg","contentUrl":"https:\/\/buletin.de\/bucuresti\/wp-content\/uploads\/173362415_4223910307659107_7911418582467170679_n.jpg","width":800,"height":532},{"@type":"BreadcrumbList","@id":"https:\/\/buletin.de\/bucuresti\/proiectul-de-construire-a-unei-statii-de-oxigen-la-spitalul-modular-pipera-retras-din-dezbaterea-consiliului-general\/#breadcrumb","itemListElement":[{"@type":"ListItem","position":1,"name":"Acas\u0103","item":"https:\/\/buletin.de\/bucuresti\/"},{"@type":"ListItem","position":2,"name":"Proiectul de construire a unei sta\u021bii de oxigen la Spitalul Modular Pipera, retras din dezbaterea Consiliului General"}]},{"@type":"WebSite","@id":"https:\/\/buletin.de\/bucuresti\/#website","url":"https:\/\/buletin.de\/bucuresti\/","name":"Buletin de Bucure\u0219ti","description":"\u0218tiri \u0219i investiga\u021bii esen\u021biale din capital\u0103","publisher":{"@id":"https:\/\/buletin.de\/bucuresti\/#organization"},"potentialAction":[{"@type":"SearchAction","target":{"@type":"EntryPoint","urlTemplate":"https:\/\/buletin.de\/bucuresti\/?s={search_term_string}"},"query-input":{"@type":"PropertyValueSpecification","valueRequired":true,"valueName":"search_term_string"}}],"inLanguage":"en-GB"},{"@type":"Organization","@id":"https:\/\/buletin.de\/bucuresti\/#organization","name":"Buletin de Bucure\u0219ti","url":"https:\/\/buletin.de\/bucuresti\/","logo":{"@type":"ImageObject","inLanguage":"en-GB","@id":"https:\/\/buletin.de\/bucuresti\/#\/schema\/logo\/image\/","url":"https:\/\/buletin.de\/bucuresti\/wp-content\/uploads\/logo-bdb-full-wide-vernil-transparent.png","contentUrl":"https:\/\/buletin.de\/bucuresti\/wp-content\/uploads\/logo-bdb-full-wide-vernil-transparent.png","width":1782,"height":626,"caption":"Buletin de Bucure\u0219ti"},"image":{"@id":"https:\/\/buletin.de\/bucuresti\/#\/schema\/logo\/image\/"},"sameAs":["https:\/\/www.facebook.com\/buletin.de.buc","https:\/\/www.instagram.com\/buletinde.bucuresti\/"]},{"@type":"Person","@id":"https:\/\/buletin.de\/bucuresti\/#\/schema\/person\/d369d7ddc775abece205795e0b804614","name":"Teodora Stroe","image":{"@type":"ImageObject","inLanguage":"en-GB","@id":"https:\/\/secure.gravatar.com\/avatar\/2560b4cd9f5f1bc100b123158e657d75584bd1c3e1d9c69285720b9457c1b78d?s=96&d=monsterid&r=gc104800242ba5f2d78dd5d7dc4df08b6","url":"https:\/\/secure.gravatar.com\/avatar\/2560b4cd9f5f1bc100b123158e657d75584bd1c3e1d9c69285720b9457c1b78d?s=96&d=monsterid&r=g","contentUrl":"https:\/\/secure.gravatar.com\/avatar\/2560b4cd9f5f1bc100b123158e657d75584bd1c3e1d9c69285720b9457c1b78d?s=96&d=monsterid&r=g","caption":"Teodora Stroe"},"url":"https:\/\/buletin.de\/bucuresti\/author\/simonacarlugea\/"}]}},"authors":[{"term_id":22579,"user_id":18,"is_guest":0,"slug":"simonacarlugea","display_name":"Teodora Stroe","avatar_url":"https:\/\/secure.gravatar.com\/avatar\/2560b4cd9f5f1bc100b123158e657d75584bd1c3e1d9c69285720b9457c1b78d?s=96&d=monsterid&r=g","0":null,"1":"","2":"","3":"","4":"","5":"","6":"","7":"","8":""}],"_links":{"self":[{"href":"https:\/\/buletin.de\/bucuresti\/wp-json\/wp\/v2\/posts\/36638","targetHints":{"allow":["GET"]}}],"collection":[{"href":"https:\/\/buletin.de\/bucuresti\/wp-json\/wp\/v2\/posts"}],"about":[{"href":"https:\/\/buletin.de\/bucuresti\/wp-json\/wp\/v2\/types\/post"}],"author":[{"embeddable":true,"href":"https:\/\/buletin.de\/bucuresti\/wp-json\/wp\/v2\/users\/18"}],"replies":[{"embeddable":true,"href":"https:\/\/buletin.de\/bucuresti\/wp-json\/wp\/v2\/comments?post=36638"}],"version-history":[{"count":4,"href":"https:\/\/buletin.de\/bucuresti\/wp-json\/wp\/v2\/posts\/36638\/revisions"}],"predecessor-version":[{"id":36643,"href":"https:\/\/buletin.de\/bucuresti\/wp-json\/wp\/v2\/posts\/36638\/revisions\/36643"}],"wp:featuredmedia":[{"embeddable":true,"href":"https:\/\/buletin.de\/bucuresti\/wp-json\/wp\/v2\/media\/36641"}],"wp:attachment":[{"href":"https:\/\/buletin.de\/bucuresti\/wp-json\/wp\/v2\/media?parent=36638"}],"wp:term":[{"taxonomy":"category","embeddable":true,"href":"https:\/\/buletin.de\/bucuresti\/wp-json\/wp\/v2\/categories?post=36638"},{"taxonomy":"post_tag","embeddable":true,"href":"https:\/\/buletin.de\/bucuresti\/wp-json\/wp\/v2\/tags?post=36638"},{"taxonomy":"author","embeddable":true,"href":"https:\/\/buletin.de\/bucuresti\/wp-json\/wp\/v2\/ppma_author?post=36638"}],"curies":[{"name":"wp","href":"https:\/\/api.w.org\/{rel}","templated":true}]}}