{"id":36615,"date":"2021-12-27T14:24:22","date_gmt":"2021-12-27T12:24:22","guid":{"rendered":"https:\/\/buletin.de\/bucuresti\/?p=36615"},"modified":"2021-12-27T14:35:28","modified_gmt":"2021-12-27T12:35:28","slug":"nicusor-dan-pastreaza-dreptul-de-reprezentare-juridica-a-consiliului-general","status":"publish","type":"post","link":"https:\/\/buletin.de\/bucuresti\/nicusor-dan-pastreaza-dreptul-de-reprezentare-juridica-a-consiliului-general\/","title":{"rendered":"Nicu\u0219or Dan p\u0103streaz\u0103 dreptul de reprezentare juridic\u0103 a Consiliului General"},"content":{"rendered":"\n<p class=\"has-light-green-cyan-background-color has-background\">Proiectul de retragere a mandatului de reprezentare juridic\u0103 a Consiliului General de c\u0103tre primarul general a picat la vot, a doua oar\u0103 \u00eentr-o s\u0103pt\u0103m\u00e2n\u0103. Ini\u021biativa, semnat\u0103 de c\u0103tre to\u021bi liderii partidelor din CGMB, a fost respins\u0103 dup\u0103 ce mai mul\u021bi consilieri PSD nu au participat la \u0219edin\u021b\u0103, iar majoritatea grupului USR s-a ab\u021binut. Primarul general primise acest mandat tot printr-o hot\u0103r\u00e2re a CGMB, \u00een 2013.<\/p>\n\n\n\n<p>Proiectul supus la vot, \u00een \u0219edin\u021ba de ast\u0103zi, presupunea ca Nicu\u0219or Dan s\u0103 nu mai aib\u0103 dreptul de a reprezenta CGMB \u00een instan\u021b\u0103. \u00cen locul lui urma s\u0103 fie angajat\u0103 o cas\u0103 de avocatur\u0103 \u00een schimbul a 20 de milioane de lei. Cel care trebuia s\u0103 \u00eencheie acest contract este directorul Direc\u021biei Juridice, Adrian Iordache, despre care actualul edil al Capitalei spunea \u00een 2020 c\u0103 va fi prima persoan\u0103 demis\u0103 de el dup\u0103 ce va ob\u021bine mandatul de primar general.<\/p>\n\n\n\n<p>Motivul pentru care Nicu\u0219or Dan voia, \u00een urm\u0103 cu un an s\u0103-l demit\u0103 pe Adrian Iordache este c\u0103 nu \u0219i-a f\u0103cut treaba a\u0219a cum trebuie \u00een ultimii ani, drept dovad\u0103 \u201esute de acte emise de prim\u0103rie\u201d au fost anulate definitiv \u00een instan\u021b\u0103, sub semn\u0103tura directorului Direc\u021biei Juridice.<\/p>\n\n\n\n<p><strong>Proiectul prevede urm\u0103toarele:<\/strong><\/p>\n\n\n\n<ol class=\"has-background wp-block-list\" style=\"background-color:#fdffcf\"><li><em>Se revoc\u0103 Hotararea Consiliului General al Municipiului Bucuresti nr. 171\/31.05.2013.<\/em><\/li><li><em>Se aproba achizitionarea de servicii de consultanta, asistenta si\/sau reprezentare juridica a intereselor Consiliului General al Municipiului Bucuresti.<\/em><\/li><li><em>Se imputerniceste Directorul Directiei Juridic, pentru a efectua demersurile necesare in vederea punerii in aplicare a procedurii privind achizitionarea de servicii de consultanta, asistenta si sau\/reprezentare juridica a intereselor Consilului General al Municipiului Bucuresti.<\/em><\/li><li><em> \u00cen plus fata de serviciile mentionate in cuprinsul art. 2, se imputerniceste Directorul Directiei Juridic, pentru a efectua demersurile necesare in vederea punerii in aplicare a procedurii privind achizitionarea in regim de urgenta a serviciilor de consultanta, asistenta si sau\/reprezentare juridica, in vederea intocmirii\/depunerii actelor de procedura neces reprezentarea, in instanta, a intereselor Consilului General al Municipiului Bucuresti, in cazul termenelor afectate de urgenta.<\/em><\/li><li><em>In cazul actelor procesuale afectate de termene de decadere, inclusiv formularea unor cai de atac si in situatia in care procedura de achizitie a serviciilor de asistenta si\/sau reprezentare juridica nu poate fi realizata pana la implinirea termenelor respective, Directia Juridic, prin Director, va indeplini toate procedurile si actele procesuale necesare apararii intereselor Consilului General al Municipiului Bucuresti. Ulterior desemnarii reprezentantilor, conform procedurii de achizitie a conform art. 2 si art. 3, Directorul Directiei Juridic va comunica in cel mai scurt timp toate actele indeplinite reprezentantilor selectati in vederea continuarii\/completarii apararilor sau actiunilor formulate.<\/em><\/li><li><em>Mandatul dat Directorului Directiei Juridice, precum si mandatul pe care \u00eel vor exercita reprezentantii selectati \u00een urma procedurilor mentionate \u00een cuprinsul art. 3 si art. 4 va fi exercitat cu buna-credinta \u0219i cu evitarea conflictului de interese al reprezentantilor.<\/em><\/li><li><em>\u00cen exercitarea mandatului conferit conform prezentei hotarari, reprezentantii Consilului General al Municipiului Bucuresti vor formula toate apararile, vor invoca toate exceptiile, vor exercita orice cale de atac ordinara sau extraordinara in vederea apararii intereselor si actelor emise de Consilului General al Municipiului Bucuresti.<\/em><\/li><li><em>\u00cen termen de maxim 5 zile de la finalizarea procedurii de selectie conform prezentei hotarari, Directorul Directiei Juridic va transmite persoanelor selectate toate cererile de chemare in judecata, apararile formulate precum si hotararile judecatoresti pronuntate, daca este cazul, in vederea formularii apararilor sau exercitarii cailor de atac, ordinare sau extraordinare, in cauzele respective.<\/em><\/li><li><em>\u00cen cauzele afectate de anumite termene de prescriptie sau decadere transmiterea documentelor mentionate la art. 8 se va realiza in cel mai scurt timp si cu prioritate.<\/em><\/li><li><em>Pentru indeplinirea actelor procesuale de dispozitie reprezentantii vor solicita un mandat expres din partea Consiliului General al Municipiului Bucuresti.<\/em><\/li><li><em>Se imputerniceste Presedintele de Sedinta al Consiliului General al Municipiului Bucuresti, sa semneze contractele incheiate pentru a asigura serviciile de consultanta, asistenta si\/sau reprezentare juridica, contractele de asistenta juridica si mandatele reprezentantilor desemnati in urma procedurii prevazute in cuprinsul prezentei.<\/em><\/li><li><em>Directia Juridic, directiile din cadrul aparatului de specialitate a Primarului General dar si Presedintele de sedinta al Consiliului General al Municipiului Bucuresti vor duce la indeplinire prevederile prezentei hotarari.\u201d<\/em><\/li><\/ol>\n\n\n\n<p>Primarul general a primit dreptul de a reprezenta CGMB \u00een instan\u021b\u0103 \u00eenc\u0103 din 2013 printr-o<a href=\"http:\/\/acteinterne.pmb.ro\/legis\/acteinterne\/acte_int\/afisint.php?f=32577\">&nbsp;hot\u0103r\u00e2re de Consiliu General<\/a>, pe care actualii consilieri generali voiau s\u0103 o \u00eenlocuiasc\u0103.<\/p>\n\n\n\n<p>Proiectul de retragere a mandatului a picat la vot cu 18 voturi pentru, 1 \u00eempotriv\u0103 \u0219i 11 ab\u021bineri.<\/p>\n\n\n\n<p><strong>CITE\u0218TE \u0218I: <\/strong><\/p>\n\n\n\n<ul class=\"wp-block-list\"><li><a href=\"https:\/\/buletin.de\/bucuresti\/scandal-in-sedinta-cgmb-consilierii-pnl-au-parasit-sedinta-dupa-ce-a-picat-proiectul-care-l-ar-fi-putut-face-pe-nicusor-dan-sa-piarda-dreptul-de-reprezentare-juridica-a-consiliului-general-in-instan\/\">Scandal \u00een \u0219edin\u021ba CGMB | Consilierii PNL au p\u0103r\u0103sit \u0219edin\u021ba dup\u0103 ce a picat proiectul care l-ar fi putut face pe Nicu\u0219or Dan s\u0103 piard\u0103 dreptul de reprezentare juridic\u0103 a Consiliului General \u00een instan\u021b\u0103<\/a><\/li><li><a href=\"https:\/\/buletin.de\/bucuresti\/directia-juridic-din-cadrul-primariei-capitalei-vrea-sa-dea-20-de-milioane-de-lei-pe-servicii-juridice-externe-incepand-cu-2022\/\">Direc\u021bia Juridic din cadrul Prim\u0103riei Capitalei vrea s\u0103 dea 20 de milioane de lei pe servicii juridice externe, \u00eencep\u00e2nd cu 2022<\/a><\/li><\/ul>\n","protected":false},"excerpt":{"rendered":"<p>Proiectul de retragere a mandatului de reprezentare juridic\u0103 a Consiliului General de c\u0103tre primarul general a picat la vot, a doua oar\u0103 \u00eentr-o s\u0103pt\u0103m\u00e2n\u0103. Ini\u021biativa, semnat\u0103 de c\u0103tre to\u021bi liderii partidelor din CGMB, a fost respins\u0103 dup\u0103 ce mai mul\u021bi consilieri PSD nu au participat la \u0219edin\u021b\u0103, iar majoritatea grupului USR s-a ab\u021binut. Primarul general [&hellip;]<\/p>\n","protected":false},"author":17,"featured_media":36452,"comment_status":"closed","ping_status":"open","sticky":false,"template":"","format":"standard","meta":{"_acf_changed":false,"inline_featured_image":false,"ngg_post_thumbnail":0,"footnotes":""},"categories":[24],"tags":[104],"ppma_author":[22576],"class_list":["post-36615","post","type-post","status-publish","format-standard","has-post-thumbnail","hentry","category-primarie","tag-pmb"],"acf":[],"yoast_head":"<!-- This site is optimized with the Yoast SEO Premium plugin v25.3 (Yoast SEO v27.5) - https:\/\/yoast.com\/product\/yoast-seo-premium-wordpress\/ -->\n<title>Nicu\u0219or Dan p\u0103streaz\u0103 dreptul de reprezentare juridic\u0103 a Consiliului General - Buletin de Bucure\u0219ti<\/title>\n<meta name=\"robots\" content=\"index, follow, max-snippet:-1, max-image-preview:large, max-video-preview:-1\" \/>\n<link rel=\"canonical\" href=\"https:\/\/buletin.de\/bucuresti\/nicusor-dan-pastreaza-dreptul-de-reprezentare-juridica-a-consiliului-general\/\" \/>\n<meta property=\"og:locale\" content=\"en_GB\" \/>\n<meta property=\"og:type\" content=\"article\" \/>\n<meta property=\"og:title\" content=\"Nicu\u0219or Dan p\u0103streaz\u0103 dreptul de reprezentare juridic\u0103 a Consiliului General\" \/>\n<meta property=\"og:description\" content=\"Proiectul de retragere a mandatului de reprezentare juridic\u0103 a Consiliului General de c\u0103tre primarul general a picat la vot, a doua oar\u0103 \u00eentr-o s\u0103pt\u0103m\u00e2n\u0103. Ini\u021biativa, semnat\u0103 de c\u0103tre to\u021bi liderii partidelor din CGMB, a fost respins\u0103 dup\u0103 ce mai mul\u021bi consilieri PSD nu au participat la \u0219edin\u021b\u0103, iar majoritatea grupului USR s-a ab\u021binut. Primarul general [&hellip;]\" \/>\n<meta property=\"og:url\" content=\"https:\/\/buletin.de\/bucuresti\/nicusor-dan-pastreaza-dreptul-de-reprezentare-juridica-a-consiliului-general\/\" \/>\n<meta property=\"og:site_name\" content=\"Buletin de Bucure\u0219ti\" \/>\n<meta property=\"article:publisher\" content=\"https:\/\/www.facebook.com\/buletin.de.buc\" \/>\n<meta property=\"article:published_time\" content=\"2021-12-27T12:24:22+00:00\" \/>\n<meta property=\"article:modified_time\" content=\"2021-12-27T12:35:28+00:00\" \/>\n<meta property=\"og:image\" content=\"https:\/\/buletin.de\/bucuresti\/wp-content\/uploads\/scott-graham-OQMZwNd3ThU-unsplash-1.jpg\" \/>\n\t<meta property=\"og:image:width\" content=\"2000\" \/>\n\t<meta property=\"og:image:height\" content=\"1335\" \/>\n\t<meta property=\"og:image:type\" content=\"image\/jpeg\" \/>\n<meta name=\"author\" content=\"Florin R\u00e2\u0219teiu\" \/>\n<meta name=\"twitter:card\" content=\"summary_large_image\" \/>\n<meta name=\"twitter:label1\" content=\"Written by\" \/>\n\t<meta name=\"twitter:data1\" content=\"Florin R\u00e2\u0219teiu\" \/>\n\t<meta name=\"twitter:label2\" content=\"Estimated reading time\" \/>\n\t<meta name=\"twitter:data2\" content=\"4 minutes\" \/>\n<script type=\"application\/ld+json\" class=\"yoast-schema-graph\">{\"@context\":\"https:\\\/\\\/schema.org\",\"@graph\":[{\"@type\":\"Article\",\"@id\":\"https:\\\/\\\/buletin.de\\\/bucuresti\\\/nicusor-dan-pastreaza-dreptul-de-reprezentare-juridica-a-consiliului-general\\\/#article\",\"isPartOf\":{\"@id\":\"https:\\\/\\\/buletin.de\\\/bucuresti\\\/nicusor-dan-pastreaza-dreptul-de-reprezentare-juridica-a-consiliului-general\\\/\"},\"author\":{\"name\":\"Florin R\u00e2\u0219teiu\",\"@id\":\"https:\\\/\\\/buletin.de\\\/bucuresti\\\/#\\\/schema\\\/person\\\/b0686d7a8b666c6afc78239777fd8a89\"},\"headline\":\"Nicu\u0219or Dan p\u0103streaz\u0103 dreptul de reprezentare juridic\u0103 a Consiliului General\",\"datePublished\":\"2021-12-27T12:24:22+00:00\",\"dateModified\":\"2021-12-27T12:35:28+00:00\",\"mainEntityOfPage\":{\"@id\":\"https:\\\/\\\/buletin.de\\\/bucuresti\\\/nicusor-dan-pastreaza-dreptul-de-reprezentare-juridica-a-consiliului-general\\\/\"},\"wordCount\":806,\"publisher\":{\"@id\":\"https:\\\/\\\/buletin.de\\\/bucuresti\\\/#organization\"},\"image\":{\"@id\":\"https:\\\/\\\/buletin.de\\\/bucuresti\\\/nicusor-dan-pastreaza-dreptul-de-reprezentare-juridica-a-consiliului-general\\\/#primaryimage\"},\"thumbnailUrl\":\"https:\\\/\\\/buletin.de\\\/bucuresti\\\/wp-content\\\/uploads\\\/scott-graham-OQMZwNd3ThU-unsplash-1.jpg\",\"keywords\":[\"pmb\"],\"articleSection\":[\"Prim\u0103rie\"],\"inLanguage\":\"en-GB\",\"copyrightYear\":\"2021\",\"copyrightHolder\":{\"@id\":\"https:\\\/\\\/buletin.de\\\/bucuresti\\\/#organization\"}},{\"@type\":\"WebPage\",\"@id\":\"https:\\\/\\\/buletin.de\\\/bucuresti\\\/nicusor-dan-pastreaza-dreptul-de-reprezentare-juridica-a-consiliului-general\\\/\",\"url\":\"https:\\\/\\\/buletin.de\\\/bucuresti\\\/nicusor-dan-pastreaza-dreptul-de-reprezentare-juridica-a-consiliului-general\\\/\",\"name\":\"Nicu\u0219or Dan p\u0103streaz\u0103 dreptul de reprezentare juridic\u0103 a Consiliului General - Buletin de Bucure\u0219ti\",\"isPartOf\":{\"@id\":\"https:\\\/\\\/buletin.de\\\/bucuresti\\\/#website\"},\"primaryImageOfPage\":{\"@id\":\"https:\\\/\\\/buletin.de\\\/bucuresti\\\/nicusor-dan-pastreaza-dreptul-de-reprezentare-juridica-a-consiliului-general\\\/#primaryimage\"},\"image\":{\"@id\":\"https:\\\/\\\/buletin.de\\\/bucuresti\\\/nicusor-dan-pastreaza-dreptul-de-reprezentare-juridica-a-consiliului-general\\\/#primaryimage\"},\"thumbnailUrl\":\"https:\\\/\\\/buletin.de\\\/bucuresti\\\/wp-content\\\/uploads\\\/scott-graham-OQMZwNd3ThU-unsplash-1.jpg\",\"datePublished\":\"2021-12-27T12:24:22+00:00\",\"dateModified\":\"2021-12-27T12:35:28+00:00\",\"breadcrumb\":{\"@id\":\"https:\\\/\\\/buletin.de\\\/bucuresti\\\/nicusor-dan-pastreaza-dreptul-de-reprezentare-juridica-a-consiliului-general\\\/#breadcrumb\"},\"inLanguage\":\"en-GB\",\"potentialAction\":[{\"@type\":\"ReadAction\",\"target\":[\"https:\\\/\\\/buletin.de\\\/bucuresti\\\/nicusor-dan-pastreaza-dreptul-de-reprezentare-juridica-a-consiliului-general\\\/\"]}]},{\"@type\":\"ImageObject\",\"inLanguage\":\"en-GB\",\"@id\":\"https:\\\/\\\/buletin.de\\\/bucuresti\\\/nicusor-dan-pastreaza-dreptul-de-reprezentare-juridica-a-consiliului-general\\\/#primaryimage\",\"url\":\"https:\\\/\\\/buletin.de\\\/bucuresti\\\/wp-content\\\/uploads\\\/scott-graham-OQMZwNd3ThU-unsplash-1.jpg\",\"contentUrl\":\"https:\\\/\\\/buletin.de\\\/bucuresti\\\/wp-content\\\/uploads\\\/scott-graham-OQMZwNd3ThU-unsplash-1.jpg\",\"width\":2000,\"height\":1335},{\"@type\":\"BreadcrumbList\",\"@id\":\"https:\\\/\\\/buletin.de\\\/bucuresti\\\/nicusor-dan-pastreaza-dreptul-de-reprezentare-juridica-a-consiliului-general\\\/#breadcrumb\",\"itemListElement\":[{\"@type\":\"ListItem\",\"position\":1,\"name\":\"Acas\u0103\",\"item\":\"https:\\\/\\\/buletin.de\\\/bucuresti\\\/\"},{\"@type\":\"ListItem\",\"position\":2,\"name\":\"Nicu\u0219or Dan p\u0103streaz\u0103 dreptul de reprezentare juridic\u0103 a Consiliului General\"}]},{\"@type\":\"WebSite\",\"@id\":\"https:\\\/\\\/buletin.de\\\/bucuresti\\\/#website\",\"url\":\"https:\\\/\\\/buletin.de\\\/bucuresti\\\/\",\"name\":\"Buletin de Bucure\u0219ti\",\"description\":\"\u0218tiri \u0219i investiga\u021bii esen\u021biale din capital\u0103\",\"publisher\":{\"@id\":\"https:\\\/\\\/buletin.de\\\/bucuresti\\\/#organization\"},\"potentialAction\":[{\"@type\":\"SearchAction\",\"target\":{\"@type\":\"EntryPoint\",\"urlTemplate\":\"https:\\\/\\\/buletin.de\\\/bucuresti\\\/?s={search_term_string}\"},\"query-input\":{\"@type\":\"PropertyValueSpecification\",\"valueRequired\":true,\"valueName\":\"search_term_string\"}}],\"inLanguage\":\"en-GB\"},{\"@type\":\"Organization\",\"@id\":\"https:\\\/\\\/buletin.de\\\/bucuresti\\\/#organization\",\"name\":\"Buletin de Bucure\u0219ti\",\"url\":\"https:\\\/\\\/buletin.de\\\/bucuresti\\\/\",\"logo\":{\"@type\":\"ImageObject\",\"inLanguage\":\"en-GB\",\"@id\":\"https:\\\/\\\/buletin.de\\\/bucuresti\\\/#\\\/schema\\\/logo\\\/image\\\/\",\"url\":\"https:\\\/\\\/buletin.de\\\/bucuresti\\\/wp-content\\\/uploads\\\/logo-bdb-full-wide-vernil-transparent.png\",\"contentUrl\":\"https:\\\/\\\/buletin.de\\\/bucuresti\\\/wp-content\\\/uploads\\\/logo-bdb-full-wide-vernil-transparent.png\",\"width\":1782,\"height\":626,\"caption\":\"Buletin de Bucure\u0219ti\"},\"image\":{\"@id\":\"https:\\\/\\\/buletin.de\\\/bucuresti\\\/#\\\/schema\\\/logo\\\/image\\\/\"},\"sameAs\":[\"https:\\\/\\\/www.facebook.com\\\/buletin.de.buc\",\"https:\\\/\\\/www.instagram.com\\\/buletinde.bucuresti\\\/\"]},{\"@type\":\"Person\",\"@id\":\"https:\\\/\\\/buletin.de\\\/bucuresti\\\/#\\\/schema\\\/person\\\/b0686d7a8b666c6afc78239777fd8a89\",\"name\":\"Florin R\u00e2\u0219teiu\",\"image\":{\"@type\":\"ImageObject\",\"inLanguage\":\"en-GB\",\"@id\":\"https:\\\/\\\/buletin.de\\\/bucuresti\\\/wp-content\\\/uploads\\\/Florin-Rasteiu-96x96.jpgf0a6fe28453aa12f0a60e4d0a2e3a78c\",\"url\":\"https:\\\/\\\/buletin.de\\\/bucuresti\\\/wp-content\\\/uploads\\\/Florin-Rasteiu-96x96.jpg\",\"contentUrl\":\"https:\\\/\\\/buletin.de\\\/bucuresti\\\/wp-content\\\/uploads\\\/Florin-Rasteiu-96x96.jpg\",\"caption\":\"Florin R\u00e2\u0219teiu\"},\"description\":\"Jurnalist de investiga\u021bie. Lucreaz\u0103 de aproape 6 ani la Buletin de Bucure\u0219ti, unde a publicat articole care scot la suprafa\u021b\u0103 corup\u021bia din Capital\u0103. Analizeaz\u0103 baze de date zilnic \u0219i scoate pove\u0219ti din exceluri pline de cifre. Pune reflectorul pe adev\u0103r cu fiecare ocazie. A c\u00e2\u0219tigat premiul I la categoria Pres\u0103 Local\u0103 \u00een 2025 \u0219i locul al II-lea la aceea\u0219i categorie \u00een 2024 \u00een cadrul Premiilor Superscrieri pentru jurnalism independent.\",\"url\":\"https:\\\/\\\/buletin.de\\\/bucuresti\\\/author\\\/florinrasteiu\\\/\"}]}<\/script>\n<!-- \/ Yoast SEO Premium plugin. -->","yoast_head_json":{"title":"Nicu\u0219or Dan p\u0103streaz\u0103 dreptul de reprezentare juridic\u0103 a Consiliului General - Buletin de Bucure\u0219ti","robots":{"index":"index","follow":"follow","max-snippet":"max-snippet:-1","max-image-preview":"max-image-preview:large","max-video-preview":"max-video-preview:-1"},"canonical":"https:\/\/buletin.de\/bucuresti\/nicusor-dan-pastreaza-dreptul-de-reprezentare-juridica-a-consiliului-general\/","og_locale":"en_GB","og_type":"article","og_title":"Nicu\u0219or Dan p\u0103streaz\u0103 dreptul de reprezentare juridic\u0103 a Consiliului General","og_description":"Proiectul de retragere a mandatului de reprezentare juridic\u0103 a Consiliului General de c\u0103tre primarul general a picat la vot, a doua oar\u0103 \u00eentr-o s\u0103pt\u0103m\u00e2n\u0103. Ini\u021biativa, semnat\u0103 de c\u0103tre to\u021bi liderii partidelor din CGMB, a fost respins\u0103 dup\u0103 ce mai mul\u021bi consilieri PSD nu au participat la \u0219edin\u021b\u0103, iar majoritatea grupului USR s-a ab\u021binut. Primarul general [&hellip;]","og_url":"https:\/\/buletin.de\/bucuresti\/nicusor-dan-pastreaza-dreptul-de-reprezentare-juridica-a-consiliului-general\/","og_site_name":"Buletin de Bucure\u0219ti","article_publisher":"https:\/\/www.facebook.com\/buletin.de.buc","article_published_time":"2021-12-27T12:24:22+00:00","article_modified_time":"2021-12-27T12:35:28+00:00","og_image":[{"width":2000,"height":1335,"url":"https:\/\/buletin.de\/bucuresti\/wp-content\/uploads\/scott-graham-OQMZwNd3ThU-unsplash-1.jpg","type":"image\/jpeg"}],"author":"Florin R\u00e2\u0219teiu","twitter_card":"summary_large_image","twitter_misc":{"Written by":"Florin R\u00e2\u0219teiu","Estimated reading time":"4 minutes"},"schema":{"@context":"https:\/\/schema.org","@graph":[{"@type":"Article","@id":"https:\/\/buletin.de\/bucuresti\/nicusor-dan-pastreaza-dreptul-de-reprezentare-juridica-a-consiliului-general\/#article","isPartOf":{"@id":"https:\/\/buletin.de\/bucuresti\/nicusor-dan-pastreaza-dreptul-de-reprezentare-juridica-a-consiliului-general\/"},"author":{"name":"Florin R\u00e2\u0219teiu","@id":"https:\/\/buletin.de\/bucuresti\/#\/schema\/person\/b0686d7a8b666c6afc78239777fd8a89"},"headline":"Nicu\u0219or Dan p\u0103streaz\u0103 dreptul de reprezentare juridic\u0103 a Consiliului General","datePublished":"2021-12-27T12:24:22+00:00","dateModified":"2021-12-27T12:35:28+00:00","mainEntityOfPage":{"@id":"https:\/\/buletin.de\/bucuresti\/nicusor-dan-pastreaza-dreptul-de-reprezentare-juridica-a-consiliului-general\/"},"wordCount":806,"publisher":{"@id":"https:\/\/buletin.de\/bucuresti\/#organization"},"image":{"@id":"https:\/\/buletin.de\/bucuresti\/nicusor-dan-pastreaza-dreptul-de-reprezentare-juridica-a-consiliului-general\/#primaryimage"},"thumbnailUrl":"https:\/\/buletin.de\/bucuresti\/wp-content\/uploads\/scott-graham-OQMZwNd3ThU-unsplash-1.jpg","keywords":["pmb"],"articleSection":["Prim\u0103rie"],"inLanguage":"en-GB","copyrightYear":"2021","copyrightHolder":{"@id":"https:\/\/buletin.de\/bucuresti\/#organization"}},{"@type":"WebPage","@id":"https:\/\/buletin.de\/bucuresti\/nicusor-dan-pastreaza-dreptul-de-reprezentare-juridica-a-consiliului-general\/","url":"https:\/\/buletin.de\/bucuresti\/nicusor-dan-pastreaza-dreptul-de-reprezentare-juridica-a-consiliului-general\/","name":"Nicu\u0219or Dan p\u0103streaz\u0103 dreptul de reprezentare juridic\u0103 a Consiliului General - Buletin de Bucure\u0219ti","isPartOf":{"@id":"https:\/\/buletin.de\/bucuresti\/#website"},"primaryImageOfPage":{"@id":"https:\/\/buletin.de\/bucuresti\/nicusor-dan-pastreaza-dreptul-de-reprezentare-juridica-a-consiliului-general\/#primaryimage"},"image":{"@id":"https:\/\/buletin.de\/bucuresti\/nicusor-dan-pastreaza-dreptul-de-reprezentare-juridica-a-consiliului-general\/#primaryimage"},"thumbnailUrl":"https:\/\/buletin.de\/bucuresti\/wp-content\/uploads\/scott-graham-OQMZwNd3ThU-unsplash-1.jpg","datePublished":"2021-12-27T12:24:22+00:00","dateModified":"2021-12-27T12:35:28+00:00","breadcrumb":{"@id":"https:\/\/buletin.de\/bucuresti\/nicusor-dan-pastreaza-dreptul-de-reprezentare-juridica-a-consiliului-general\/#breadcrumb"},"inLanguage":"en-GB","potentialAction":[{"@type":"ReadAction","target":["https:\/\/buletin.de\/bucuresti\/nicusor-dan-pastreaza-dreptul-de-reprezentare-juridica-a-consiliului-general\/"]}]},{"@type":"ImageObject","inLanguage":"en-GB","@id":"https:\/\/buletin.de\/bucuresti\/nicusor-dan-pastreaza-dreptul-de-reprezentare-juridica-a-consiliului-general\/#primaryimage","url":"https:\/\/buletin.de\/bucuresti\/wp-content\/uploads\/scott-graham-OQMZwNd3ThU-unsplash-1.jpg","contentUrl":"https:\/\/buletin.de\/bucuresti\/wp-content\/uploads\/scott-graham-OQMZwNd3ThU-unsplash-1.jpg","width":2000,"height":1335},{"@type":"BreadcrumbList","@id":"https:\/\/buletin.de\/bucuresti\/nicusor-dan-pastreaza-dreptul-de-reprezentare-juridica-a-consiliului-general\/#breadcrumb","itemListElement":[{"@type":"ListItem","position":1,"name":"Acas\u0103","item":"https:\/\/buletin.de\/bucuresti\/"},{"@type":"ListItem","position":2,"name":"Nicu\u0219or Dan p\u0103streaz\u0103 dreptul de reprezentare juridic\u0103 a Consiliului General"}]},{"@type":"WebSite","@id":"https:\/\/buletin.de\/bucuresti\/#website","url":"https:\/\/buletin.de\/bucuresti\/","name":"Buletin de Bucure\u0219ti","description":"\u0218tiri \u0219i investiga\u021bii esen\u021biale din capital\u0103","publisher":{"@id":"https:\/\/buletin.de\/bucuresti\/#organization"},"potentialAction":[{"@type":"SearchAction","target":{"@type":"EntryPoint","urlTemplate":"https:\/\/buletin.de\/bucuresti\/?s={search_term_string}"},"query-input":{"@type":"PropertyValueSpecification","valueRequired":true,"valueName":"search_term_string"}}],"inLanguage":"en-GB"},{"@type":"Organization","@id":"https:\/\/buletin.de\/bucuresti\/#organization","name":"Buletin de Bucure\u0219ti","url":"https:\/\/buletin.de\/bucuresti\/","logo":{"@type":"ImageObject","inLanguage":"en-GB","@id":"https:\/\/buletin.de\/bucuresti\/#\/schema\/logo\/image\/","url":"https:\/\/buletin.de\/bucuresti\/wp-content\/uploads\/logo-bdb-full-wide-vernil-transparent.png","contentUrl":"https:\/\/buletin.de\/bucuresti\/wp-content\/uploads\/logo-bdb-full-wide-vernil-transparent.png","width":1782,"height":626,"caption":"Buletin de Bucure\u0219ti"},"image":{"@id":"https:\/\/buletin.de\/bucuresti\/#\/schema\/logo\/image\/"},"sameAs":["https:\/\/www.facebook.com\/buletin.de.buc","https:\/\/www.instagram.com\/buletinde.bucuresti\/"]},{"@type":"Person","@id":"https:\/\/buletin.de\/bucuresti\/#\/schema\/person\/b0686d7a8b666c6afc78239777fd8a89","name":"Florin R\u00e2\u0219teiu","image":{"@type":"ImageObject","inLanguage":"en-GB","@id":"https:\/\/buletin.de\/bucuresti\/wp-content\/uploads\/Florin-Rasteiu-96x96.jpgf0a6fe28453aa12f0a60e4d0a2e3a78c","url":"https:\/\/buletin.de\/bucuresti\/wp-content\/uploads\/Florin-Rasteiu-96x96.jpg","contentUrl":"https:\/\/buletin.de\/bucuresti\/wp-content\/uploads\/Florin-Rasteiu-96x96.jpg","caption":"Florin R\u00e2\u0219teiu"},"description":"Jurnalist de investiga\u021bie. Lucreaz\u0103 de aproape 6 ani la Buletin de Bucure\u0219ti, unde a publicat articole care scot la suprafa\u021b\u0103 corup\u021bia din Capital\u0103. Analizeaz\u0103 baze de date zilnic \u0219i scoate pove\u0219ti din exceluri pline de cifre. Pune reflectorul pe adev\u0103r cu fiecare ocazie. A c\u00e2\u0219tigat premiul I la categoria Pres\u0103 Local\u0103 \u00een 2025 \u0219i locul al II-lea la aceea\u0219i categorie \u00een 2024 \u00een cadrul Premiilor Superscrieri pentru jurnalism independent.","url":"https:\/\/buletin.de\/bucuresti\/author\/florinrasteiu\/"}]}},"authors":[{"term_id":22576,"user_id":17,"is_guest":0,"slug":"florinrasteiu","display_name":"Florin R\u00e2\u0219teiu","avatar_url":"https:\/\/buletin.de\/bucuresti\/wp-content\/uploads\/Florin-Rasteiu-96x96.jpg","0":null,"1":"","2":"","3":"","4":"","5":"","6":"","7":"","8":""}],"_links":{"self":[{"href":"https:\/\/buletin.de\/bucuresti\/wp-json\/wp\/v2\/posts\/36615","targetHints":{"allow":["GET"]}}],"collection":[{"href":"https:\/\/buletin.de\/bucuresti\/wp-json\/wp\/v2\/posts"}],"about":[{"href":"https:\/\/buletin.de\/bucuresti\/wp-json\/wp\/v2\/types\/post"}],"author":[{"embeddable":true,"href":"https:\/\/buletin.de\/bucuresti\/wp-json\/wp\/v2\/users\/17"}],"replies":[{"embeddable":true,"href":"https:\/\/buletin.de\/bucuresti\/wp-json\/wp\/v2\/comments?post=36615"}],"version-history":[{"count":6,"href":"https:\/\/buletin.de\/bucuresti\/wp-json\/wp\/v2\/posts\/36615\/revisions"}],"predecessor-version":[{"id":36624,"href":"https:\/\/buletin.de\/bucuresti\/wp-json\/wp\/v2\/posts\/36615\/revisions\/36624"}],"wp:featuredmedia":[{"embeddable":true,"href":"https:\/\/buletin.de\/bucuresti\/wp-json\/wp\/v2\/media\/36452"}],"wp:attachment":[{"href":"https:\/\/buletin.de\/bucuresti\/wp-json\/wp\/v2\/media?parent=36615"}],"wp:term":[{"taxonomy":"category","embeddable":true,"href":"https:\/\/buletin.de\/bucuresti\/wp-json\/wp\/v2\/categories?post=36615"},{"taxonomy":"post_tag","embeddable":true,"href":"https:\/\/buletin.de\/bucuresti\/wp-json\/wp\/v2\/tags?post=36615"},{"taxonomy":"author","embeddable":true,"href":"https:\/\/buletin.de\/bucuresti\/wp-json\/wp\/v2\/ppma_author?post=36615"}],"curies":[{"name":"wp","href":"https:\/\/api.w.org\/{rel}","templated":true}]}}