{"id":36421,"date":"2021-12-27T16:43:32","date_gmt":"2021-12-27T14:43:32","guid":{"rendered":"https:\/\/buletin.de\/bucuresti\/?p=36421"},"modified":"2021-12-27T16:43:33","modified_gmt":"2021-12-27T14:43:33","slug":"rectificarea-bugetara-propusa-de-nicusor-dan-a-picat-la-vot","status":"publish","type":"post","link":"https:\/\/buletin.de\/bucuresti\/rectificarea-bugetara-propusa-de-nicusor-dan-a-picat-la-vot\/","title":{"rendered":"Rectificarea bugetar\u0103 propus\u0103 de Nicu\u0219or Dan a picat la vot"},"content":{"rendered":"\n<p class=\"has-background\" style=\"background-color:#97d7f2\">Consilierii generali au respins, \u00een \u0219edin\u021ba de ast\u0103zi, a opta rectificare bugetar\u0103, care ar fi modificat bugetul PMB pentru anul 2021. Rectificarea Bugetar\u0103 ar fi trebuit s\u0103 fie votat\u0103 de acum o s\u0103pt\u0103m\u00e2n\u0103, \u00eens\u0103 \u0219edin\u021ba a r\u0103mas f\u0103r\u0103 cvorum dup\u0103 ce consilierii PNL au ie\u0219it \u00een semn de protest. Nicu\u0219or Dan a fost criticat de activi\u0219tii din Bucuresti care monitorizeaz\u0103 activitatea PMB pe motiv c\u0103 niciuna dintre rectific\u0103rile bugetare din acest an nu au fost explicate cet\u0103\u021benilor, ci doar puse pe site \u00eentr-un PDF. Mai mult, s\u0103pt\u0103m\u00e2na trecut\u0103 edilul a sus\u021binut o conferin\u021b\u0103 de pres\u0103 \u00een care spunea c\u0103 veniturile pentru 2022 sunt reduse la jum\u00e3tate \u0219i c\u0103 a cerut ajutor de la Guvern pentru plata subven\u021biei pentru gigacalorie.<\/p>\n\n\n\n<p>Rectificarea propus\u0103 de Nicu\u0219or Dan ar fi t\u0103iat 24 de milioane de lei de la dezvoltarea locuintelor din Bucure\u0219ti \u0219i 1,1 milioane de lei de la spitalele generale, educa\u021bia ar fi primit \u00eenc\u0103 14 milioane de lei pentru construirea unor complexuri pentru activit\u0103\u021bi didactice extra\u0219colare. Tot la capitolul de sc\u0103deri bugetare, cultele ar fi pierdut 5 milioane de lei, bani care s-ar fi dus pe salariile angaja\u021bilor din biserici. <\/p>\n\n\n\n<p>De asemenea, edilul Capitalei a propus, \u00een \u0219edin\u021ba de ast\u0103zi, nou\u0103 amendamente asupra proiectului de rectificare, \u00eens\u0103 toate au picat la vot. Mai mult, grupul de consilieri USR l-a criticat pe primarul general pentru c\u0103 a propus at\u00e2t de multe modific\u0103ri asupra rectific\u0103rii pe care tot el a ini\u021biat-o.<\/p>\n\n\n\n<h2 class=\"wp-block-heading\"><strong>Prim\u0103ria General\u0103, venituri reduse la jumate \u00een 2022<\/strong><\/h2>\n\n\n\n<p>Veniturile reale ale Prim\u0103riei Municipiului Bucure\u015fti \u00een anul 2022 vor fi la jum\u0103tate din veniturile reale ale Prim\u0103riei Municipiului Bucure\u015fti pe 2021, a\u0219a cum arat\u0103 \u00een acest moment bugetul na\u021bional, a sus\u021binut Nicu\u0219or Dan \u00eentr-o conferin\u021b\u0103 de pres\u0103, pe 21 decembrie. Edilul Capitalei spune c\u0103 a redus costurile, dar nu mai are de unde t\u0103ia. <\/p>\n\n\n\n<blockquote class=\"wp-block-quote is-layout-flow wp-block-quote-is-layout-flow\"><p>Vreau s\u0103 subliniez c\u0103 \u00een 2021 am f\u0103cut reduceri masive ale costurilor pentru a ajunge la un echilibru \u00een aceast\u0103 institu\u0163ie. V\u0103 aduc aminte c\u0103 am \u00eenchis companii, am disponibilizat 2.700 de oameni, am t\u0103iat cheltuieli inutile \u015fi am dus banii c\u0103tre acele cheltuieli care sunt necesare pentru ora\u015f. E prima oar\u0103 c\u00e2nd am pl\u0103tit integral subven\u0163ia la termie, la nivelul Prim\u0103riei Municipiului Bucure\u015fti. \u015ei cu aceste cheltuieli, cu aceste reduceri de cheltuieli, am ajuns la acele dou\u0103 miliarde de lei, care sunt bugetul real al Prim\u0103riei Municipiului Bucure\u015fti<\/p><cite>A declarat Nicu\u0219or Dan, primarul general al Capitalei<\/cite><\/blockquote>\n\n\n\n<iframe src=\"https:\/\/www.facebook.com\/plugins\/post.php?href=https%3A%2F%2Fwww.facebook.com%2FNicusorDan.ro%2Fposts%2F460723495404070&amp;show_text=true&amp;width=500\" width=\"500\" height=\"562\" style=\"border:none;overflow:hidden\" scrolling=\"no\" frameborder=\"0\" allowfullscreen=\"true\" allow=\"autoplay; clipboard-write; encrypted-media; picture-in-picture; web-share\"><\/iframe>\n\n\n\n<p>Primarul spune c\u0103 a propus ministrului de Finan\u021be ca statul s\u0103 ajute Bucure\u015ftiul, adic\u0103 s\u0103 pl\u0103teasc\u0103 aproape 1 miliard de lei, cu c\u00e2t cre\u0219te subven\u021bia sau s\u0103 fie \u00eemp\u0103r\u0163it echitabil \u00eentre Prim\u0103ria Capitalei \u015fi sectoare, dar solu\u021biile propuse de Nicu\u0219or Dan nu se Reg\u0103sesc \u00een proiectul de buget na\u0163ional pe anul 2022.<\/p>\n\n\n\n<blockquote class=\"wp-block-quote is-layout-flow wp-block-quote-is-layout-flow\"><p>A\u015fa cum arat\u0103 proiectul de buget na\u0163ional \u00een acest moment, veniturile reale ale Prim\u0103riei Municipiului Bucure\u015fti \u00een anul 2022 vor fi la jum\u0103tate din veniturile reale ale Prim\u0103riei Municipiului Bucure\u015fti pe 2021, ceea ce va pune Prim\u0103ria Municipiului Bucure\u015fti \u00een imposibilitate de a asigura serviciile publice pe care le are \u00een atribu\u0163ii. Nicio institu\u0163ie nu poate s\u0103 func\u0163ioneze cu un buget la jum\u0103tate. V\u0103 aduc aminte, ca exemplu, Rom\u00e2nia \u00een criza din 2010. \u00cen 2010, Rom\u00e2nia a fost constr\u00e2ns\u0103 s\u0103 reduc\u0103 salarii, \u00een mod semnificativ, av\u00e2nd mari probleme, \u00een condi\u0163iile \u00een care a avut o sc\u0103dere de 10%, nicidecum de 50%, cum se, din p\u0103cate, preconizeaz\u0103 pentru Prim\u0103ria Municipiului Bucure\u015fti \u00een 2022<\/p><cite>A ad\u0103ugat Nicu\u0219or Dan <\/cite><\/blockquote>\n\n\n\n<h2 class=\"wp-block-heading\"><strong>Activi\u0219tii din Bucure\u0219ti nemul\u021bumi\u021bi de lipsa de transparen\u021b\u0103 din PMB <\/strong><\/h2>\n\n\n\n<p>Modific\u0103rile cuprinse \u00een rectificarea bugetar\u0103 nu sunt explicate de c\u0103tre PMB cet\u0103\u021benilor care doresc s\u0103 consulte proiectul de hot\u0103r\u00e2re, sus\u021binea Irina Zamfirescu de la Active Watch, pe Facebook \u00een urm\u0103 cu o s\u0103pt\u0103mn\u0103. Practic, rectificarea bugetar\u0103 aprobat\u0103 de consilierii generali e un tabel de peste 40 de pagini pus \u00een PDF.&nbsp;&nbsp;<\/p>\n\n\n\n<iframe src=\"https:\/\/www.facebook.com\/plugins\/post.php?href=https%3A%2F%2Fwww.facebook.com%2Fzamfi.irina%2Fposts%2F10159488610954194&amp;show_text=true&amp;width=500\" width=\"500\" height=\"297\" style=\"border:none;overflow:hidden\" scrolling=\"no\" frameborder=\"0\" allowfullscreen=\"true\" allow=\"autoplay; clipboard-write; encrypted-media; picture-in-picture; web-share\"><\/iframe>\n\n\n\n<p>Activista din Bucure\u0219ti, mai sus\u021bine \u0219i c\u0103 e a opta modificare a bugetului PMB pe 2021 pe care Nicu\u0219or Dan a propus-o \u0219i nici una dintre aceste rectific\u0103ri nu vine cu explica\u021bii pentru cet\u0103\u021benii capitalei, cei care contribuie direct la cre\u0219terea venitului.&nbsp;<\/p>\n\n\n\n<p>Rectificarea bugetar\u0103 a picat cu 16 voturi pentru \u0219i 14 ab\u021bineri. <\/p>\n\n\n\n<p><strong>Surs\u0103 Foto: <\/strong>Facebook\/Nicu\u0219or Dan <\/p>\n","protected":false},"excerpt":{"rendered":"<p>Consilierii generali au respins, \u00een \u0219edin\u021ba de ast\u0103zi, a opta rectificare bugetar\u0103, care ar fi modificat bugetul PMB pentru anul 2021. Rectificarea Bugetar\u0103 ar fi trebuit s\u0103 fie votat\u0103 de acum o s\u0103pt\u0103m\u00e2n\u0103, \u00eens\u0103 \u0219edin\u021ba a r\u0103mas f\u0103r\u0103 cvorum dup\u0103 ce consilierii PNL au ie\u0219it \u00een semn de protest. Nicu\u0219or Dan a fost criticat de [&hellip;]<\/p>\n","protected":false},"author":17,"featured_media":36442,"comment_status":"closed","ping_status":"open","sticky":false,"template":"","format":"standard","meta":{"_acf_changed":false,"inline_featured_image":false,"ngg_post_thumbnail":0,"footnotes":""},"categories":[24],"tags":[3718,3719,3604,1899,104,695],"ppma_author":[22576],"class_list":["post-36421","post","type-post","status-publish","format-standard","has-post-thumbnail","hentry","category-primarie","tag-3718","tag-culte","tag-educatie-2","tag-nicusor-dan-2","tag-pmb","tag-rectificare-bugetara"],"acf":[],"yoast_head":"<!-- This site is optimized with the Yoast SEO Premium plugin v25.3 (Yoast SEO v27.5) - https:\/\/yoast.com\/product\/yoast-seo-premium-wordpress\/ -->\n<title>Rectificarea bugetar\u0103 propus\u0103 de Nicu\u0219or Dan a picat la vot - Buletin de Bucure\u0219ti<\/title>\n<meta name=\"robots\" content=\"index, follow, max-snippet:-1, max-image-preview:large, max-video-preview:-1\" \/>\n<link rel=\"canonical\" href=\"https:\/\/buletin.de\/bucuresti\/rectificarea-bugetara-propusa-de-nicusor-dan-a-picat-la-vot\/\" \/>\n<meta property=\"og:locale\" content=\"en_GB\" \/>\n<meta property=\"og:type\" content=\"article\" \/>\n<meta property=\"og:title\" content=\"Rectificarea bugetar\u0103 propus\u0103 de Nicu\u0219or Dan a picat la vot\" \/>\n<meta property=\"og:description\" content=\"Consilierii generali au respins, \u00een \u0219edin\u021ba de ast\u0103zi, a opta rectificare bugetar\u0103, care ar fi modificat bugetul PMB pentru anul 2021. Rectificarea Bugetar\u0103 ar fi trebuit s\u0103 fie votat\u0103 de acum o s\u0103pt\u0103m\u00e2n\u0103, \u00eens\u0103 \u0219edin\u021ba a r\u0103mas f\u0103r\u0103 cvorum dup\u0103 ce consilierii PNL au ie\u0219it \u00een semn de protest. Nicu\u0219or Dan a fost criticat de [&hellip;]\" \/>\n<meta property=\"og:url\" content=\"https:\/\/buletin.de\/bucuresti\/rectificarea-bugetara-propusa-de-nicusor-dan-a-picat-la-vot\/\" \/>\n<meta property=\"og:site_name\" content=\"Buletin de Bucure\u0219ti\" \/>\n<meta property=\"article:publisher\" content=\"https:\/\/www.facebook.com\/buletin.de.buc\" \/>\n<meta property=\"article:published_time\" content=\"2021-12-27T14:43:32+00:00\" \/>\n<meta property=\"article:modified_time\" content=\"2021-12-27T14:43:33+00:00\" \/>\n<meta property=\"og:image\" content=\"https:\/\/buletin.de\/bucuresti\/wp-content\/uploads\/269700942_460723378737415_7360152209623482415_n.jpg\" \/>\n\t<meta property=\"og:image:width\" content=\"1323\" \/>\n\t<meta property=\"og:image:height\" content=\"872\" \/>\n\t<meta property=\"og:image:type\" content=\"image\/jpeg\" \/>\n<meta name=\"author\" content=\"Florin R\u00e2\u0219teiu\" \/>\n<meta name=\"twitter:card\" content=\"summary_large_image\" \/>\n<meta name=\"twitter:label1\" content=\"Written by\" \/>\n\t<meta name=\"twitter:data1\" content=\"Florin R\u00e2\u0219teiu\" \/>\n\t<meta name=\"twitter:label2\" content=\"Estimated reading time\" \/>\n\t<meta name=\"twitter:data2\" content=\"3 minutes\" \/>\n<script type=\"application\/ld+json\" class=\"yoast-schema-graph\">{\"@context\":\"https:\\\/\\\/schema.org\",\"@graph\":[{\"@type\":\"Article\",\"@id\":\"https:\\\/\\\/buletin.de\\\/bucuresti\\\/rectificarea-bugetara-propusa-de-nicusor-dan-a-picat-la-vot\\\/#article\",\"isPartOf\":{\"@id\":\"https:\\\/\\\/buletin.de\\\/bucuresti\\\/rectificarea-bugetara-propusa-de-nicusor-dan-a-picat-la-vot\\\/\"},\"author\":{\"name\":\"Florin R\u00e2\u0219teiu\",\"@id\":\"https:\\\/\\\/buletin.de\\\/bucuresti\\\/#\\\/schema\\\/person\\\/b0686d7a8b666c6afc78239777fd8a89\"},\"headline\":\"Rectificarea bugetar\u0103 propus\u0103 de Nicu\u0219or Dan a picat la vot\",\"datePublished\":\"2021-12-27T14:43:32+00:00\",\"dateModified\":\"2021-12-27T14:43:33+00:00\",\"mainEntityOfPage\":{\"@id\":\"https:\\\/\\\/buletin.de\\\/bucuresti\\\/rectificarea-bugetara-propusa-de-nicusor-dan-a-picat-la-vot\\\/\"},\"wordCount\":787,\"publisher\":{\"@id\":\"https:\\\/\\\/buletin.de\\\/bucuresti\\\/#organization\"},\"image\":{\"@id\":\"https:\\\/\\\/buletin.de\\\/bucuresti\\\/rectificarea-bugetara-propusa-de-nicusor-dan-a-picat-la-vot\\\/#primaryimage\"},\"thumbnailUrl\":\"https:\\\/\\\/buletin.de\\\/bucuresti\\\/wp-content\\\/uploads\\\/269700942_460723378737415_7360152209623482415_n.jpg\",\"keywords\":[\"8\",\"culte\",\"Educa\u021bie\",\"Nicu\u0219or Dan\",\"pmb\",\"rectificare bugetara\"],\"articleSection\":[\"Prim\u0103rie\"],\"inLanguage\":\"en-GB\",\"copyrightYear\":\"2021\",\"copyrightHolder\":{\"@id\":\"https:\\\/\\\/buletin.de\\\/bucuresti\\\/#organization\"}},{\"@type\":\"WebPage\",\"@id\":\"https:\\\/\\\/buletin.de\\\/bucuresti\\\/rectificarea-bugetara-propusa-de-nicusor-dan-a-picat-la-vot\\\/\",\"url\":\"https:\\\/\\\/buletin.de\\\/bucuresti\\\/rectificarea-bugetara-propusa-de-nicusor-dan-a-picat-la-vot\\\/\",\"name\":\"Rectificarea bugetar\u0103 propus\u0103 de Nicu\u0219or Dan a picat la vot - Buletin de Bucure\u0219ti\",\"isPartOf\":{\"@id\":\"https:\\\/\\\/buletin.de\\\/bucuresti\\\/#website\"},\"primaryImageOfPage\":{\"@id\":\"https:\\\/\\\/buletin.de\\\/bucuresti\\\/rectificarea-bugetara-propusa-de-nicusor-dan-a-picat-la-vot\\\/#primaryimage\"},\"image\":{\"@id\":\"https:\\\/\\\/buletin.de\\\/bucuresti\\\/rectificarea-bugetara-propusa-de-nicusor-dan-a-picat-la-vot\\\/#primaryimage\"},\"thumbnailUrl\":\"https:\\\/\\\/buletin.de\\\/bucuresti\\\/wp-content\\\/uploads\\\/269700942_460723378737415_7360152209623482415_n.jpg\",\"datePublished\":\"2021-12-27T14:43:32+00:00\",\"dateModified\":\"2021-12-27T14:43:33+00:00\",\"breadcrumb\":{\"@id\":\"https:\\\/\\\/buletin.de\\\/bucuresti\\\/rectificarea-bugetara-propusa-de-nicusor-dan-a-picat-la-vot\\\/#breadcrumb\"},\"inLanguage\":\"en-GB\",\"potentialAction\":[{\"@type\":\"ReadAction\",\"target\":[\"https:\\\/\\\/buletin.de\\\/bucuresti\\\/rectificarea-bugetara-propusa-de-nicusor-dan-a-picat-la-vot\\\/\"]}]},{\"@type\":\"ImageObject\",\"inLanguage\":\"en-GB\",\"@id\":\"https:\\\/\\\/buletin.de\\\/bucuresti\\\/rectificarea-bugetara-propusa-de-nicusor-dan-a-picat-la-vot\\\/#primaryimage\",\"url\":\"https:\\\/\\\/buletin.de\\\/bucuresti\\\/wp-content\\\/uploads\\\/269700942_460723378737415_7360152209623482415_n.jpg\",\"contentUrl\":\"https:\\\/\\\/buletin.de\\\/bucuresti\\\/wp-content\\\/uploads\\\/269700942_460723378737415_7360152209623482415_n.jpg\",\"width\":1323,\"height\":872},{\"@type\":\"BreadcrumbList\",\"@id\":\"https:\\\/\\\/buletin.de\\\/bucuresti\\\/rectificarea-bugetara-propusa-de-nicusor-dan-a-picat-la-vot\\\/#breadcrumb\",\"itemListElement\":[{\"@type\":\"ListItem\",\"position\":1,\"name\":\"Acas\u0103\",\"item\":\"https:\\\/\\\/buletin.de\\\/bucuresti\\\/\"},{\"@type\":\"ListItem\",\"position\":2,\"name\":\"Rectificarea bugetar\u0103 propus\u0103 de Nicu\u0219or Dan a picat la vot\"}]},{\"@type\":\"WebSite\",\"@id\":\"https:\\\/\\\/buletin.de\\\/bucuresti\\\/#website\",\"url\":\"https:\\\/\\\/buletin.de\\\/bucuresti\\\/\",\"name\":\"Buletin de Bucure\u0219ti\",\"description\":\"\u0218tiri \u0219i investiga\u021bii esen\u021biale din capital\u0103\",\"publisher\":{\"@id\":\"https:\\\/\\\/buletin.de\\\/bucuresti\\\/#organization\"},\"potentialAction\":[{\"@type\":\"SearchAction\",\"target\":{\"@type\":\"EntryPoint\",\"urlTemplate\":\"https:\\\/\\\/buletin.de\\\/bucuresti\\\/?s={search_term_string}\"},\"query-input\":{\"@type\":\"PropertyValueSpecification\",\"valueRequired\":true,\"valueName\":\"search_term_string\"}}],\"inLanguage\":\"en-GB\"},{\"@type\":\"Organization\",\"@id\":\"https:\\\/\\\/buletin.de\\\/bucuresti\\\/#organization\",\"name\":\"Buletin de Bucure\u0219ti\",\"url\":\"https:\\\/\\\/buletin.de\\\/bucuresti\\\/\",\"logo\":{\"@type\":\"ImageObject\",\"inLanguage\":\"en-GB\",\"@id\":\"https:\\\/\\\/buletin.de\\\/bucuresti\\\/#\\\/schema\\\/logo\\\/image\\\/\",\"url\":\"https:\\\/\\\/buletin.de\\\/bucuresti\\\/wp-content\\\/uploads\\\/logo-bdb-full-wide-vernil-transparent.png\",\"contentUrl\":\"https:\\\/\\\/buletin.de\\\/bucuresti\\\/wp-content\\\/uploads\\\/logo-bdb-full-wide-vernil-transparent.png\",\"width\":1782,\"height\":626,\"caption\":\"Buletin de Bucure\u0219ti\"},\"image\":{\"@id\":\"https:\\\/\\\/buletin.de\\\/bucuresti\\\/#\\\/schema\\\/logo\\\/image\\\/\"},\"sameAs\":[\"https:\\\/\\\/www.facebook.com\\\/buletin.de.buc\",\"https:\\\/\\\/www.instagram.com\\\/buletinde.bucuresti\\\/\"]},{\"@type\":\"Person\",\"@id\":\"https:\\\/\\\/buletin.de\\\/bucuresti\\\/#\\\/schema\\\/person\\\/b0686d7a8b666c6afc78239777fd8a89\",\"name\":\"Florin R\u00e2\u0219teiu\",\"image\":{\"@type\":\"ImageObject\",\"inLanguage\":\"en-GB\",\"@id\":\"https:\\\/\\\/buletin.de\\\/bucuresti\\\/wp-content\\\/uploads\\\/Florin-Rasteiu-96x96.jpgf0a6fe28453aa12f0a60e4d0a2e3a78c\",\"url\":\"https:\\\/\\\/buletin.de\\\/bucuresti\\\/wp-content\\\/uploads\\\/Florin-Rasteiu-96x96.jpg\",\"contentUrl\":\"https:\\\/\\\/buletin.de\\\/bucuresti\\\/wp-content\\\/uploads\\\/Florin-Rasteiu-96x96.jpg\",\"caption\":\"Florin R\u00e2\u0219teiu\"},\"description\":\"Jurnalist de investiga\u021bie. Lucreaz\u0103 de aproape 6 ani la Buletin de Bucure\u0219ti, unde a publicat articole care scot la suprafa\u021b\u0103 corup\u021bia din Capital\u0103. Analizeaz\u0103 baze de date zilnic \u0219i scoate pove\u0219ti din exceluri pline de cifre. Pune reflectorul pe adev\u0103r cu fiecare ocazie. A c\u00e2\u0219tigat premiul I la categoria Pres\u0103 Local\u0103 \u00een 2025 \u0219i locul al II-lea la aceea\u0219i categorie \u00een 2024 \u00een cadrul Premiilor Superscrieri pentru jurnalism independent.\",\"url\":\"https:\\\/\\\/buletin.de\\\/bucuresti\\\/author\\\/florinrasteiu\\\/\"}]}<\/script>\n<!-- \/ Yoast SEO Premium plugin. -->","yoast_head_json":{"title":"Rectificarea bugetar\u0103 propus\u0103 de Nicu\u0219or Dan a picat la vot - Buletin de Bucure\u0219ti","robots":{"index":"index","follow":"follow","max-snippet":"max-snippet:-1","max-image-preview":"max-image-preview:large","max-video-preview":"max-video-preview:-1"},"canonical":"https:\/\/buletin.de\/bucuresti\/rectificarea-bugetara-propusa-de-nicusor-dan-a-picat-la-vot\/","og_locale":"en_GB","og_type":"article","og_title":"Rectificarea bugetar\u0103 propus\u0103 de Nicu\u0219or Dan a picat la vot","og_description":"Consilierii generali au respins, \u00een \u0219edin\u021ba de ast\u0103zi, a opta rectificare bugetar\u0103, care ar fi modificat bugetul PMB pentru anul 2021. Rectificarea Bugetar\u0103 ar fi trebuit s\u0103 fie votat\u0103 de acum o s\u0103pt\u0103m\u00e2n\u0103, \u00eens\u0103 \u0219edin\u021ba a r\u0103mas f\u0103r\u0103 cvorum dup\u0103 ce consilierii PNL au ie\u0219it \u00een semn de protest. Nicu\u0219or Dan a fost criticat de [&hellip;]","og_url":"https:\/\/buletin.de\/bucuresti\/rectificarea-bugetara-propusa-de-nicusor-dan-a-picat-la-vot\/","og_site_name":"Buletin de Bucure\u0219ti","article_publisher":"https:\/\/www.facebook.com\/buletin.de.buc","article_published_time":"2021-12-27T14:43:32+00:00","article_modified_time":"2021-12-27T14:43:33+00:00","og_image":[{"width":1323,"height":872,"url":"https:\/\/buletin.de\/bucuresti\/wp-content\/uploads\/269700942_460723378737415_7360152209623482415_n.jpg","type":"image\/jpeg"}],"author":"Florin R\u00e2\u0219teiu","twitter_card":"summary_large_image","twitter_misc":{"Written by":"Florin R\u00e2\u0219teiu","Estimated reading time":"3 minutes"},"schema":{"@context":"https:\/\/schema.org","@graph":[{"@type":"Article","@id":"https:\/\/buletin.de\/bucuresti\/rectificarea-bugetara-propusa-de-nicusor-dan-a-picat-la-vot\/#article","isPartOf":{"@id":"https:\/\/buletin.de\/bucuresti\/rectificarea-bugetara-propusa-de-nicusor-dan-a-picat-la-vot\/"},"author":{"name":"Florin R\u00e2\u0219teiu","@id":"https:\/\/buletin.de\/bucuresti\/#\/schema\/person\/b0686d7a8b666c6afc78239777fd8a89"},"headline":"Rectificarea bugetar\u0103 propus\u0103 de Nicu\u0219or Dan a picat la vot","datePublished":"2021-12-27T14:43:32+00:00","dateModified":"2021-12-27T14:43:33+00:00","mainEntityOfPage":{"@id":"https:\/\/buletin.de\/bucuresti\/rectificarea-bugetara-propusa-de-nicusor-dan-a-picat-la-vot\/"},"wordCount":787,"publisher":{"@id":"https:\/\/buletin.de\/bucuresti\/#organization"},"image":{"@id":"https:\/\/buletin.de\/bucuresti\/rectificarea-bugetara-propusa-de-nicusor-dan-a-picat-la-vot\/#primaryimage"},"thumbnailUrl":"https:\/\/buletin.de\/bucuresti\/wp-content\/uploads\/269700942_460723378737415_7360152209623482415_n.jpg","keywords":["8","culte","Educa\u021bie","Nicu\u0219or Dan","pmb","rectificare bugetara"],"articleSection":["Prim\u0103rie"],"inLanguage":"en-GB","copyrightYear":"2021","copyrightHolder":{"@id":"https:\/\/buletin.de\/bucuresti\/#organization"}},{"@type":"WebPage","@id":"https:\/\/buletin.de\/bucuresti\/rectificarea-bugetara-propusa-de-nicusor-dan-a-picat-la-vot\/","url":"https:\/\/buletin.de\/bucuresti\/rectificarea-bugetara-propusa-de-nicusor-dan-a-picat-la-vot\/","name":"Rectificarea bugetar\u0103 propus\u0103 de Nicu\u0219or Dan a picat la vot - Buletin de Bucure\u0219ti","isPartOf":{"@id":"https:\/\/buletin.de\/bucuresti\/#website"},"primaryImageOfPage":{"@id":"https:\/\/buletin.de\/bucuresti\/rectificarea-bugetara-propusa-de-nicusor-dan-a-picat-la-vot\/#primaryimage"},"image":{"@id":"https:\/\/buletin.de\/bucuresti\/rectificarea-bugetara-propusa-de-nicusor-dan-a-picat-la-vot\/#primaryimage"},"thumbnailUrl":"https:\/\/buletin.de\/bucuresti\/wp-content\/uploads\/269700942_460723378737415_7360152209623482415_n.jpg","datePublished":"2021-12-27T14:43:32+00:00","dateModified":"2021-12-27T14:43:33+00:00","breadcrumb":{"@id":"https:\/\/buletin.de\/bucuresti\/rectificarea-bugetara-propusa-de-nicusor-dan-a-picat-la-vot\/#breadcrumb"},"inLanguage":"en-GB","potentialAction":[{"@type":"ReadAction","target":["https:\/\/buletin.de\/bucuresti\/rectificarea-bugetara-propusa-de-nicusor-dan-a-picat-la-vot\/"]}]},{"@type":"ImageObject","inLanguage":"en-GB","@id":"https:\/\/buletin.de\/bucuresti\/rectificarea-bugetara-propusa-de-nicusor-dan-a-picat-la-vot\/#primaryimage","url":"https:\/\/buletin.de\/bucuresti\/wp-content\/uploads\/269700942_460723378737415_7360152209623482415_n.jpg","contentUrl":"https:\/\/buletin.de\/bucuresti\/wp-content\/uploads\/269700942_460723378737415_7360152209623482415_n.jpg","width":1323,"height":872},{"@type":"BreadcrumbList","@id":"https:\/\/buletin.de\/bucuresti\/rectificarea-bugetara-propusa-de-nicusor-dan-a-picat-la-vot\/#breadcrumb","itemListElement":[{"@type":"ListItem","position":1,"name":"Acas\u0103","item":"https:\/\/buletin.de\/bucuresti\/"},{"@type":"ListItem","position":2,"name":"Rectificarea bugetar\u0103 propus\u0103 de Nicu\u0219or Dan a picat la vot"}]},{"@type":"WebSite","@id":"https:\/\/buletin.de\/bucuresti\/#website","url":"https:\/\/buletin.de\/bucuresti\/","name":"Buletin de Bucure\u0219ti","description":"\u0218tiri \u0219i investiga\u021bii esen\u021biale din capital\u0103","publisher":{"@id":"https:\/\/buletin.de\/bucuresti\/#organization"},"potentialAction":[{"@type":"SearchAction","target":{"@type":"EntryPoint","urlTemplate":"https:\/\/buletin.de\/bucuresti\/?s={search_term_string}"},"query-input":{"@type":"PropertyValueSpecification","valueRequired":true,"valueName":"search_term_string"}}],"inLanguage":"en-GB"},{"@type":"Organization","@id":"https:\/\/buletin.de\/bucuresti\/#organization","name":"Buletin de Bucure\u0219ti","url":"https:\/\/buletin.de\/bucuresti\/","logo":{"@type":"ImageObject","inLanguage":"en-GB","@id":"https:\/\/buletin.de\/bucuresti\/#\/schema\/logo\/image\/","url":"https:\/\/buletin.de\/bucuresti\/wp-content\/uploads\/logo-bdb-full-wide-vernil-transparent.png","contentUrl":"https:\/\/buletin.de\/bucuresti\/wp-content\/uploads\/logo-bdb-full-wide-vernil-transparent.png","width":1782,"height":626,"caption":"Buletin de Bucure\u0219ti"},"image":{"@id":"https:\/\/buletin.de\/bucuresti\/#\/schema\/logo\/image\/"},"sameAs":["https:\/\/www.facebook.com\/buletin.de.buc","https:\/\/www.instagram.com\/buletinde.bucuresti\/"]},{"@type":"Person","@id":"https:\/\/buletin.de\/bucuresti\/#\/schema\/person\/b0686d7a8b666c6afc78239777fd8a89","name":"Florin R\u00e2\u0219teiu","image":{"@type":"ImageObject","inLanguage":"en-GB","@id":"https:\/\/buletin.de\/bucuresti\/wp-content\/uploads\/Florin-Rasteiu-96x96.jpgf0a6fe28453aa12f0a60e4d0a2e3a78c","url":"https:\/\/buletin.de\/bucuresti\/wp-content\/uploads\/Florin-Rasteiu-96x96.jpg","contentUrl":"https:\/\/buletin.de\/bucuresti\/wp-content\/uploads\/Florin-Rasteiu-96x96.jpg","caption":"Florin R\u00e2\u0219teiu"},"description":"Jurnalist de investiga\u021bie. Lucreaz\u0103 de aproape 6 ani la Buletin de Bucure\u0219ti, unde a publicat articole care scot la suprafa\u021b\u0103 corup\u021bia din Capital\u0103. Analizeaz\u0103 baze de date zilnic \u0219i scoate pove\u0219ti din exceluri pline de cifre. Pune reflectorul pe adev\u0103r cu fiecare ocazie. A c\u00e2\u0219tigat premiul I la categoria Pres\u0103 Local\u0103 \u00een 2025 \u0219i locul al II-lea la aceea\u0219i categorie \u00een 2024 \u00een cadrul Premiilor Superscrieri pentru jurnalism independent.","url":"https:\/\/buletin.de\/bucuresti\/author\/florinrasteiu\/"}]}},"authors":[{"term_id":22576,"user_id":17,"is_guest":0,"slug":"florinrasteiu","display_name":"Florin R\u00e2\u0219teiu","avatar_url":"https:\/\/buletin.de\/bucuresti\/wp-content\/uploads\/Florin-Rasteiu-96x96.jpg","0":null,"1":"","2":"","3":"","4":"","5":"","6":"","7":"","8":""}],"_links":{"self":[{"href":"https:\/\/buletin.de\/bucuresti\/wp-json\/wp\/v2\/posts\/36421","targetHints":{"allow":["GET"]}}],"collection":[{"href":"https:\/\/buletin.de\/bucuresti\/wp-json\/wp\/v2\/posts"}],"about":[{"href":"https:\/\/buletin.de\/bucuresti\/wp-json\/wp\/v2\/types\/post"}],"author":[{"embeddable":true,"href":"https:\/\/buletin.de\/bucuresti\/wp-json\/wp\/v2\/users\/17"}],"replies":[{"embeddable":true,"href":"https:\/\/buletin.de\/bucuresti\/wp-json\/wp\/v2\/comments?post=36421"}],"version-history":[{"count":5,"href":"https:\/\/buletin.de\/bucuresti\/wp-json\/wp\/v2\/posts\/36421\/revisions"}],"predecessor-version":[{"id":36634,"href":"https:\/\/buletin.de\/bucuresti\/wp-json\/wp\/v2\/posts\/36421\/revisions\/36634"}],"wp:featuredmedia":[{"embeddable":true,"href":"https:\/\/buletin.de\/bucuresti\/wp-json\/wp\/v2\/media\/36442"}],"wp:attachment":[{"href":"https:\/\/buletin.de\/bucuresti\/wp-json\/wp\/v2\/media?parent=36421"}],"wp:term":[{"taxonomy":"category","embeddable":true,"href":"https:\/\/buletin.de\/bucuresti\/wp-json\/wp\/v2\/categories?post=36421"},{"taxonomy":"post_tag","embeddable":true,"href":"https:\/\/buletin.de\/bucuresti\/wp-json\/wp\/v2\/tags?post=36421"},{"taxonomy":"author","embeddable":true,"href":"https:\/\/buletin.de\/bucuresti\/wp-json\/wp\/v2\/ppma_author?post=36421"}],"curies":[{"name":"wp","href":"https:\/\/api.w.org\/{rel}","templated":true}]}}