{"id":36390,"date":"2021-12-20T13:55:17","date_gmt":"2021-12-20T11:55:17","guid":{"rendered":"https:\/\/buletin.de\/bucuresti\/?p=36390"},"modified":"2021-12-20T13:55:18","modified_gmt":"2021-12-20T11:55:18","slug":"linia-expres-780-reintrodusa-de-stb-in-urma-grevei-de-la-cfr","status":"publish","type":"post","link":"https:\/\/buletin.de\/bucuresti\/linia-expres-780-reintrodusa-de-stb-in-urma-grevei-de-la-cfr\/","title":{"rendered":"Linia expres 780, reintrodus\u0103 de STB \u00een urma grevei de la CFR"},"content":{"rendered":"\n<p>Linia expres 780 pe ruta Gara de Nord \u2013 Aeroportul Henri Coand\u0103 a fost reintrodus\u0103 luni \u00een circula\u021bie de Societatea de Transport Bucure\u0219ti, pentru a-i prelua pe c\u0103l\u0103torii afecta\u021bi de greva angaja\u021bilor CFR.<\/p>\n\n\n\n<p>\u201eAst\u0103zi, 20 decembrie 2021, ca urmare a grevei spontane a angaja\u021bilor CFR, pentru preluarea fluxurilor de c\u0103l\u0103tori \u00eentre Aeroportul Otopeni \u0219i Gara Basarab, Societatea de Transport Bucure\u0219ti STB SA a reintrodus linia express 780. Autobuzele acestei linii vor circula pe toat\u0103 durata grevei pe traseul Aeroportul Otopeni, Aeroportul B\u0103neasa, Pia\u021ba Presei, Gara de Nord, Gara Basarab\u201d, <a href=\"https:\/\/www.facebook.com\/SocietateaDeTransportBucuresti\/posts\/300539645417994\">au precizat oficialii STB.<\/a><\/p>\n\n\n\n<p>Luni diminea\u021b\u0103, peste 1.000 de angaja\u021bi ai CFR au intrat \u00een grev\u0103 spontan\u0103. Ace\u0219tia se declar\u0103 nemul\u021bumi\u021bi de faptul c\u0103 Guvernul a hot\u0103r\u00e2t s\u0103 \u00eenghe\u021be salariile anul viitor.<\/p>\n\n\n\n<p>Greva spontan\u0103 a fost declan\u0219at\u0103 \u00een Ia\u0219i, Suceava, Bac\u0103u, Bucure\u0219ti, Bra\u0219ov, Sighetul Marma\u021biei, Cluj, Arad \u0219i Craiova.<\/p>\n\n\n\n<p><em>sursa foto: Facebook \/ STB<\/em><\/p>\n","protected":false},"excerpt":{"rendered":"<p>Linia expres 780 pe ruta Gara de Nord \u2013 Aeroportul Henri Coand\u0103 a fost reintrodus\u0103 luni \u00een circula\u021bie de Societatea de Transport Bucure\u0219ti, pentru a-i prelua pe c\u0103l\u0103torii afecta\u021bi de greva angaja\u021bilor CFR. \u201eAst\u0103zi, 20 decembrie 2021, ca urmare a grevei spontane a angaja\u021bilor CFR, pentru preluarea fluxurilor de c\u0103l\u0103tori \u00eentre Aeroportul Otopeni \u0219i Gara [&hellip;]<\/p>\n","protected":false},"author":25,"featured_media":36391,"comment_status":"closed","ping_status":"open","sticky":false,"template":"","format":"standard","meta":{"_acf_changed":false,"inline_featured_image":false,"ngg_post_thumbnail":0,"footnotes":""},"categories":[62,650],"tags":[],"ppma_author":[22597],"class_list":["post-36390","post","type-post","status-publish","format-standard","has-post-thumbnail","hentry","category-stiri","category-transport"],"acf":[],"yoast_head":"<!-- This site is optimized with the Yoast SEO Premium plugin v25.3 (Yoast SEO v27.4) - https:\/\/yoast.com\/product\/yoast-seo-premium-wordpress\/ -->\n<title>Linia expres 780, reintrodus\u0103 de STB \u00een urma grevei de la CFR - Buletin de Bucure\u0219ti<\/title>\n<meta name=\"robots\" content=\"index, follow, max-snippet:-1, max-image-preview:large, max-video-preview:-1\" \/>\n<link rel=\"canonical\" href=\"https:\/\/buletin.de\/bucuresti\/linia-expres-780-reintrodusa-de-stb-in-urma-grevei-de-la-cfr\/\" \/>\n<meta property=\"og:locale\" content=\"en_GB\" \/>\n<meta property=\"og:type\" content=\"article\" \/>\n<meta property=\"og:title\" content=\"Linia expres 780, reintrodus\u0103 de STB \u00een urma grevei de la CFR\" \/>\n<meta property=\"og:description\" content=\"Linia expres 780 pe ruta Gara de Nord \u2013 Aeroportul Henri Coand\u0103 a fost reintrodus\u0103 luni \u00een circula\u021bie de Societatea de Transport Bucure\u0219ti, pentru a-i prelua pe c\u0103l\u0103torii afecta\u021bi de greva angaja\u021bilor CFR. \u201eAst\u0103zi, 20 decembrie 2021, ca urmare a grevei spontane a angaja\u021bilor CFR, pentru preluarea fluxurilor de c\u0103l\u0103tori \u00eentre Aeroportul Otopeni \u0219i Gara [&hellip;]\" \/>\n<meta property=\"og:url\" content=\"https:\/\/buletin.de\/bucuresti\/linia-expres-780-reintrodusa-de-stb-in-urma-grevei-de-la-cfr\/\" \/>\n<meta property=\"og:site_name\" content=\"Buletin de Bucure\u0219ti\" \/>\n<meta property=\"article:publisher\" content=\"https:\/\/www.facebook.com\/buletin.de.buc\" \/>\n<meta property=\"article:published_time\" content=\"2021-12-20T11:55:17+00:00\" \/>\n<meta property=\"article:modified_time\" content=\"2021-12-20T11:55:18+00:00\" \/>\n<meta property=\"og:image\" content=\"https:\/\/buletin.de\/bucuresti\/wp-content\/uploads\/stb-greva-cfr.jpg\" \/>\n\t<meta property=\"og:image:width\" content=\"960\" \/>\n\t<meta property=\"og:image:height\" content=\"578\" \/>\n\t<meta property=\"og:image:type\" content=\"image\/jpeg\" \/>\n<meta name=\"author\" content=\"Ana Tudor\" \/>\n<meta name=\"twitter:card\" content=\"summary_large_image\" \/>\n<meta name=\"twitter:label1\" content=\"Written by\" \/>\n\t<meta name=\"twitter:data1\" content=\"Ana Tudor\" \/>\n\t<meta name=\"twitter:label2\" content=\"Estimated reading time\" \/>\n\t<meta name=\"twitter:data2\" content=\"1 minute\" \/>\n<script type=\"application\/ld+json\" class=\"yoast-schema-graph\">{\"@context\":\"https:\\\/\\\/schema.org\",\"@graph\":[{\"@type\":\"Article\",\"@id\":\"https:\\\/\\\/buletin.de\\\/bucuresti\\\/linia-expres-780-reintrodusa-de-stb-in-urma-grevei-de-la-cfr\\\/#article\",\"isPartOf\":{\"@id\":\"https:\\\/\\\/buletin.de\\\/bucuresti\\\/linia-expres-780-reintrodusa-de-stb-in-urma-grevei-de-la-cfr\\\/\"},\"author\":{\"name\":\"Ana Tudor\",\"@id\":\"https:\\\/\\\/buletin.de\\\/bucuresti\\\/#\\\/schema\\\/person\\\/8ce85bbda5515a1abb525993294155a8\"},\"headline\":\"Linia expres 780, reintrodus\u0103 de STB \u00een urma grevei de la CFR\",\"datePublished\":\"2021-12-20T11:55:17+00:00\",\"dateModified\":\"2021-12-20T11:55:18+00:00\",\"mainEntityOfPage\":{\"@id\":\"https:\\\/\\\/buletin.de\\\/bucuresti\\\/linia-expres-780-reintrodusa-de-stb-in-urma-grevei-de-la-cfr\\\/\"},\"wordCount\":173,\"publisher\":{\"@id\":\"https:\\\/\\\/buletin.de\\\/bucuresti\\\/#organization\"},\"image\":{\"@id\":\"https:\\\/\\\/buletin.de\\\/bucuresti\\\/linia-expres-780-reintrodusa-de-stb-in-urma-grevei-de-la-cfr\\\/#primaryimage\"},\"thumbnailUrl\":\"https:\\\/\\\/buletin.de\\\/bucuresti\\\/wp-content\\\/uploads\\\/stb-greva-cfr.jpg\",\"articleSection\":[\"\u0218tiri\",\"Transport\"],\"inLanguage\":\"en-GB\",\"copyrightYear\":\"2021\",\"copyrightHolder\":{\"@id\":\"https:\\\/\\\/buletin.de\\\/bucuresti\\\/#organization\"}},{\"@type\":\"WebPage\",\"@id\":\"https:\\\/\\\/buletin.de\\\/bucuresti\\\/linia-expres-780-reintrodusa-de-stb-in-urma-grevei-de-la-cfr\\\/\",\"url\":\"https:\\\/\\\/buletin.de\\\/bucuresti\\\/linia-expres-780-reintrodusa-de-stb-in-urma-grevei-de-la-cfr\\\/\",\"name\":\"Linia expres 780, reintrodus\u0103 de STB \u00een urma grevei de la CFR - Buletin de Bucure\u0219ti\",\"isPartOf\":{\"@id\":\"https:\\\/\\\/buletin.de\\\/bucuresti\\\/#website\"},\"primaryImageOfPage\":{\"@id\":\"https:\\\/\\\/buletin.de\\\/bucuresti\\\/linia-expres-780-reintrodusa-de-stb-in-urma-grevei-de-la-cfr\\\/#primaryimage\"},\"image\":{\"@id\":\"https:\\\/\\\/buletin.de\\\/bucuresti\\\/linia-expres-780-reintrodusa-de-stb-in-urma-grevei-de-la-cfr\\\/#primaryimage\"},\"thumbnailUrl\":\"https:\\\/\\\/buletin.de\\\/bucuresti\\\/wp-content\\\/uploads\\\/stb-greva-cfr.jpg\",\"datePublished\":\"2021-12-20T11:55:17+00:00\",\"dateModified\":\"2021-12-20T11:55:18+00:00\",\"breadcrumb\":{\"@id\":\"https:\\\/\\\/buletin.de\\\/bucuresti\\\/linia-expres-780-reintrodusa-de-stb-in-urma-grevei-de-la-cfr\\\/#breadcrumb\"},\"inLanguage\":\"en-GB\",\"potentialAction\":[{\"@type\":\"ReadAction\",\"target\":[\"https:\\\/\\\/buletin.de\\\/bucuresti\\\/linia-expres-780-reintrodusa-de-stb-in-urma-grevei-de-la-cfr\\\/\"]}]},{\"@type\":\"ImageObject\",\"inLanguage\":\"en-GB\",\"@id\":\"https:\\\/\\\/buletin.de\\\/bucuresti\\\/linia-expres-780-reintrodusa-de-stb-in-urma-grevei-de-la-cfr\\\/#primaryimage\",\"url\":\"https:\\\/\\\/buletin.de\\\/bucuresti\\\/wp-content\\\/uploads\\\/stb-greva-cfr.jpg\",\"contentUrl\":\"https:\\\/\\\/buletin.de\\\/bucuresti\\\/wp-content\\\/uploads\\\/stb-greva-cfr.jpg\",\"width\":960,\"height\":578},{\"@type\":\"BreadcrumbList\",\"@id\":\"https:\\\/\\\/buletin.de\\\/bucuresti\\\/linia-expres-780-reintrodusa-de-stb-in-urma-grevei-de-la-cfr\\\/#breadcrumb\",\"itemListElement\":[{\"@type\":\"ListItem\",\"position\":1,\"name\":\"Acas\u0103\",\"item\":\"https:\\\/\\\/buletin.de\\\/bucuresti\\\/\"},{\"@type\":\"ListItem\",\"position\":2,\"name\":\"Linia expres 780, reintrodus\u0103 de STB \u00een urma grevei de la CFR\"}]},{\"@type\":\"WebSite\",\"@id\":\"https:\\\/\\\/buletin.de\\\/bucuresti\\\/#website\",\"url\":\"https:\\\/\\\/buletin.de\\\/bucuresti\\\/\",\"name\":\"Buletin de Bucure\u0219ti\",\"description\":\"\u0218tiri \u0219i investiga\u021bii esen\u021biale din capital\u0103\",\"publisher\":{\"@id\":\"https:\\\/\\\/buletin.de\\\/bucuresti\\\/#organization\"},\"potentialAction\":[{\"@type\":\"SearchAction\",\"target\":{\"@type\":\"EntryPoint\",\"urlTemplate\":\"https:\\\/\\\/buletin.de\\\/bucuresti\\\/?s={search_term_string}\"},\"query-input\":{\"@type\":\"PropertyValueSpecification\",\"valueRequired\":true,\"valueName\":\"search_term_string\"}}],\"inLanguage\":\"en-GB\"},{\"@type\":\"Organization\",\"@id\":\"https:\\\/\\\/buletin.de\\\/bucuresti\\\/#organization\",\"name\":\"Buletin de Bucure\u0219ti\",\"url\":\"https:\\\/\\\/buletin.de\\\/bucuresti\\\/\",\"logo\":{\"@type\":\"ImageObject\",\"inLanguage\":\"en-GB\",\"@id\":\"https:\\\/\\\/buletin.de\\\/bucuresti\\\/#\\\/schema\\\/logo\\\/image\\\/\",\"url\":\"https:\\\/\\\/buletin.de\\\/bucuresti\\\/wp-content\\\/uploads\\\/logo-bdb-full-wide-vernil-transparent.png\",\"contentUrl\":\"https:\\\/\\\/buletin.de\\\/bucuresti\\\/wp-content\\\/uploads\\\/logo-bdb-full-wide-vernil-transparent.png\",\"width\":1782,\"height\":626,\"caption\":\"Buletin de Bucure\u0219ti\"},\"image\":{\"@id\":\"https:\\\/\\\/buletin.de\\\/bucuresti\\\/#\\\/schema\\\/logo\\\/image\\\/\"},\"sameAs\":[\"https:\\\/\\\/www.facebook.com\\\/buletin.de.buc\",\"https:\\\/\\\/www.instagram.com\\\/buletinde.bucuresti\\\/\"]},{\"@type\":\"Person\",\"@id\":\"https:\\\/\\\/buletin.de\\\/bucuresti\\\/#\\\/schema\\\/person\\\/8ce85bbda5515a1abb525993294155a8\",\"name\":\"Ana Tudor\",\"image\":{\"@type\":\"ImageObject\",\"inLanguage\":\"en-GB\",\"@id\":\"https:\\\/\\\/secure.gravatar.com\\\/avatar\\\/390c40e2d9367046adb10d832317e3f5fb181fdecb236cb1a8187477756ae24a?s=96&d=monsterid&r=g0f86ad5d6b77046fd61bd633bbfa4a29\",\"url\":\"https:\\\/\\\/secure.gravatar.com\\\/avatar\\\/390c40e2d9367046adb10d832317e3f5fb181fdecb236cb1a8187477756ae24a?s=96&d=monsterid&r=g\",\"contentUrl\":\"https:\\\/\\\/secure.gravatar.com\\\/avatar\\\/390c40e2d9367046adb10d832317e3f5fb181fdecb236cb1a8187477756ae24a?s=96&d=monsterid&r=g\",\"caption\":\"Ana Tudor\"},\"url\":\"https:\\\/\\\/buletin.de\\\/bucuresti\\\/author\\\/anamaria\\\/\"}]}<\/script>\n<!-- \/ Yoast SEO Premium plugin. -->","yoast_head_json":{"title":"Linia expres 780, reintrodus\u0103 de STB \u00een urma grevei de la CFR - Buletin de Bucure\u0219ti","robots":{"index":"index","follow":"follow","max-snippet":"max-snippet:-1","max-image-preview":"max-image-preview:large","max-video-preview":"max-video-preview:-1"},"canonical":"https:\/\/buletin.de\/bucuresti\/linia-expres-780-reintrodusa-de-stb-in-urma-grevei-de-la-cfr\/","og_locale":"en_GB","og_type":"article","og_title":"Linia expres 780, reintrodus\u0103 de STB \u00een urma grevei de la CFR","og_description":"Linia expres 780 pe ruta Gara de Nord \u2013 Aeroportul Henri Coand\u0103 a fost reintrodus\u0103 luni \u00een circula\u021bie de Societatea de Transport Bucure\u0219ti, pentru a-i prelua pe c\u0103l\u0103torii afecta\u021bi de greva angaja\u021bilor CFR. \u201eAst\u0103zi, 20 decembrie 2021, ca urmare a grevei spontane a angaja\u021bilor CFR, pentru preluarea fluxurilor de c\u0103l\u0103tori \u00eentre Aeroportul Otopeni \u0219i Gara [&hellip;]","og_url":"https:\/\/buletin.de\/bucuresti\/linia-expres-780-reintrodusa-de-stb-in-urma-grevei-de-la-cfr\/","og_site_name":"Buletin de Bucure\u0219ti","article_publisher":"https:\/\/www.facebook.com\/buletin.de.buc","article_published_time":"2021-12-20T11:55:17+00:00","article_modified_time":"2021-12-20T11:55:18+00:00","og_image":[{"width":960,"height":578,"url":"https:\/\/buletin.de\/bucuresti\/wp-content\/uploads\/stb-greva-cfr.jpg","type":"image\/jpeg"}],"author":"Ana Tudor","twitter_card":"summary_large_image","twitter_misc":{"Written by":"Ana Tudor","Estimated reading time":"1 minute"},"schema":{"@context":"https:\/\/schema.org","@graph":[{"@type":"Article","@id":"https:\/\/buletin.de\/bucuresti\/linia-expres-780-reintrodusa-de-stb-in-urma-grevei-de-la-cfr\/#article","isPartOf":{"@id":"https:\/\/buletin.de\/bucuresti\/linia-expres-780-reintrodusa-de-stb-in-urma-grevei-de-la-cfr\/"},"author":{"name":"Ana Tudor","@id":"https:\/\/buletin.de\/bucuresti\/#\/schema\/person\/8ce85bbda5515a1abb525993294155a8"},"headline":"Linia expres 780, reintrodus\u0103 de STB \u00een urma grevei de la CFR","datePublished":"2021-12-20T11:55:17+00:00","dateModified":"2021-12-20T11:55:18+00:00","mainEntityOfPage":{"@id":"https:\/\/buletin.de\/bucuresti\/linia-expres-780-reintrodusa-de-stb-in-urma-grevei-de-la-cfr\/"},"wordCount":173,"publisher":{"@id":"https:\/\/buletin.de\/bucuresti\/#organization"},"image":{"@id":"https:\/\/buletin.de\/bucuresti\/linia-expres-780-reintrodusa-de-stb-in-urma-grevei-de-la-cfr\/#primaryimage"},"thumbnailUrl":"https:\/\/buletin.de\/bucuresti\/wp-content\/uploads\/stb-greva-cfr.jpg","articleSection":["\u0218tiri","Transport"],"inLanguage":"en-GB","copyrightYear":"2021","copyrightHolder":{"@id":"https:\/\/buletin.de\/bucuresti\/#organization"}},{"@type":"WebPage","@id":"https:\/\/buletin.de\/bucuresti\/linia-expres-780-reintrodusa-de-stb-in-urma-grevei-de-la-cfr\/","url":"https:\/\/buletin.de\/bucuresti\/linia-expres-780-reintrodusa-de-stb-in-urma-grevei-de-la-cfr\/","name":"Linia expres 780, reintrodus\u0103 de STB \u00een urma grevei de la CFR - Buletin de Bucure\u0219ti","isPartOf":{"@id":"https:\/\/buletin.de\/bucuresti\/#website"},"primaryImageOfPage":{"@id":"https:\/\/buletin.de\/bucuresti\/linia-expres-780-reintrodusa-de-stb-in-urma-grevei-de-la-cfr\/#primaryimage"},"image":{"@id":"https:\/\/buletin.de\/bucuresti\/linia-expres-780-reintrodusa-de-stb-in-urma-grevei-de-la-cfr\/#primaryimage"},"thumbnailUrl":"https:\/\/buletin.de\/bucuresti\/wp-content\/uploads\/stb-greva-cfr.jpg","datePublished":"2021-12-20T11:55:17+00:00","dateModified":"2021-12-20T11:55:18+00:00","breadcrumb":{"@id":"https:\/\/buletin.de\/bucuresti\/linia-expres-780-reintrodusa-de-stb-in-urma-grevei-de-la-cfr\/#breadcrumb"},"inLanguage":"en-GB","potentialAction":[{"@type":"ReadAction","target":["https:\/\/buletin.de\/bucuresti\/linia-expres-780-reintrodusa-de-stb-in-urma-grevei-de-la-cfr\/"]}]},{"@type":"ImageObject","inLanguage":"en-GB","@id":"https:\/\/buletin.de\/bucuresti\/linia-expres-780-reintrodusa-de-stb-in-urma-grevei-de-la-cfr\/#primaryimage","url":"https:\/\/buletin.de\/bucuresti\/wp-content\/uploads\/stb-greva-cfr.jpg","contentUrl":"https:\/\/buletin.de\/bucuresti\/wp-content\/uploads\/stb-greva-cfr.jpg","width":960,"height":578},{"@type":"BreadcrumbList","@id":"https:\/\/buletin.de\/bucuresti\/linia-expres-780-reintrodusa-de-stb-in-urma-grevei-de-la-cfr\/#breadcrumb","itemListElement":[{"@type":"ListItem","position":1,"name":"Acas\u0103","item":"https:\/\/buletin.de\/bucuresti\/"},{"@type":"ListItem","position":2,"name":"Linia expres 780, reintrodus\u0103 de STB \u00een urma grevei de la CFR"}]},{"@type":"WebSite","@id":"https:\/\/buletin.de\/bucuresti\/#website","url":"https:\/\/buletin.de\/bucuresti\/","name":"Buletin de Bucure\u0219ti","description":"\u0218tiri \u0219i investiga\u021bii esen\u021biale din capital\u0103","publisher":{"@id":"https:\/\/buletin.de\/bucuresti\/#organization"},"potentialAction":[{"@type":"SearchAction","target":{"@type":"EntryPoint","urlTemplate":"https:\/\/buletin.de\/bucuresti\/?s={search_term_string}"},"query-input":{"@type":"PropertyValueSpecification","valueRequired":true,"valueName":"search_term_string"}}],"inLanguage":"en-GB"},{"@type":"Organization","@id":"https:\/\/buletin.de\/bucuresti\/#organization","name":"Buletin de Bucure\u0219ti","url":"https:\/\/buletin.de\/bucuresti\/","logo":{"@type":"ImageObject","inLanguage":"en-GB","@id":"https:\/\/buletin.de\/bucuresti\/#\/schema\/logo\/image\/","url":"https:\/\/buletin.de\/bucuresti\/wp-content\/uploads\/logo-bdb-full-wide-vernil-transparent.png","contentUrl":"https:\/\/buletin.de\/bucuresti\/wp-content\/uploads\/logo-bdb-full-wide-vernil-transparent.png","width":1782,"height":626,"caption":"Buletin de Bucure\u0219ti"},"image":{"@id":"https:\/\/buletin.de\/bucuresti\/#\/schema\/logo\/image\/"},"sameAs":["https:\/\/www.facebook.com\/buletin.de.buc","https:\/\/www.instagram.com\/buletinde.bucuresti\/"]},{"@type":"Person","@id":"https:\/\/buletin.de\/bucuresti\/#\/schema\/person\/8ce85bbda5515a1abb525993294155a8","name":"Ana Tudor","image":{"@type":"ImageObject","inLanguage":"en-GB","@id":"https:\/\/secure.gravatar.com\/avatar\/390c40e2d9367046adb10d832317e3f5fb181fdecb236cb1a8187477756ae24a?s=96&d=monsterid&r=g0f86ad5d6b77046fd61bd633bbfa4a29","url":"https:\/\/secure.gravatar.com\/avatar\/390c40e2d9367046adb10d832317e3f5fb181fdecb236cb1a8187477756ae24a?s=96&d=monsterid&r=g","contentUrl":"https:\/\/secure.gravatar.com\/avatar\/390c40e2d9367046adb10d832317e3f5fb181fdecb236cb1a8187477756ae24a?s=96&d=monsterid&r=g","caption":"Ana Tudor"},"url":"https:\/\/buletin.de\/bucuresti\/author\/anamaria\/"}]}},"authors":[{"term_id":22597,"user_id":25,"is_guest":0,"slug":"anamaria","display_name":"Ana Tudor","avatar_url":"https:\/\/secure.gravatar.com\/avatar\/390c40e2d9367046adb10d832317e3f5fb181fdecb236cb1a8187477756ae24a?s=96&d=monsterid&r=g","0":null,"1":"","2":"","3":"","4":"","5":"","6":"","7":"","8":""}],"_links":{"self":[{"href":"https:\/\/buletin.de\/bucuresti\/wp-json\/wp\/v2\/posts\/36390","targetHints":{"allow":["GET"]}}],"collection":[{"href":"https:\/\/buletin.de\/bucuresti\/wp-json\/wp\/v2\/posts"}],"about":[{"href":"https:\/\/buletin.de\/bucuresti\/wp-json\/wp\/v2\/types\/post"}],"author":[{"embeddable":true,"href":"https:\/\/buletin.de\/bucuresti\/wp-json\/wp\/v2\/users\/25"}],"replies":[{"embeddable":true,"href":"https:\/\/buletin.de\/bucuresti\/wp-json\/wp\/v2\/comments?post=36390"}],"version-history":[{"count":2,"href":"https:\/\/buletin.de\/bucuresti\/wp-json\/wp\/v2\/posts\/36390\/revisions"}],"predecessor-version":[{"id":36393,"href":"https:\/\/buletin.de\/bucuresti\/wp-json\/wp\/v2\/posts\/36390\/revisions\/36393"}],"wp:featuredmedia":[{"embeddable":true,"href":"https:\/\/buletin.de\/bucuresti\/wp-json\/wp\/v2\/media\/36391"}],"wp:attachment":[{"href":"https:\/\/buletin.de\/bucuresti\/wp-json\/wp\/v2\/media?parent=36390"}],"wp:term":[{"taxonomy":"category","embeddable":true,"href":"https:\/\/buletin.de\/bucuresti\/wp-json\/wp\/v2\/categories?post=36390"},{"taxonomy":"post_tag","embeddable":true,"href":"https:\/\/buletin.de\/bucuresti\/wp-json\/wp\/v2\/tags?post=36390"},{"taxonomy":"author","embeddable":true,"href":"https:\/\/buletin.de\/bucuresti\/wp-json\/wp\/v2\/ppma_author?post=36390"}],"curies":[{"name":"wp","href":"https:\/\/api.w.org\/{rel}","templated":true}]}}