{"id":36267,"date":"2021-12-16T15:29:53","date_gmt":"2021-12-16T13:29:53","guid":{"rendered":"https:\/\/buletin.de\/bucuresti\/?p=36267"},"modified":"2021-12-16T15:29:54","modified_gmt":"2021-12-16T13:29:54","slug":"taxa-pentru-locurile-de-parcare-din-sectorul-5-mai-mare-din-ianuarie","status":"publish","type":"post","link":"https:\/\/buletin.de\/bucuresti\/taxa-pentru-locurile-de-parcare-din-sectorul-5-mai-mare-din-ianuarie\/","title":{"rendered":"Taxa pentru locurile de parcare din Sectorul 5, mai mare din ianuarie"},"content":{"rendered":"\n<p class=\"has-black-color has-pale-cyan-blue-background-color has-text-color has-background\">Taxa pentru locurile de parcare din Sectorul 5 va fi \u0219i de cinci ori mai mare \u00eencep\u00e2nd cu data de 1 ianuarie 2022. Noile tarife au fost calculate potrivit unei hot\u0103r\u00e2ri din acest an a Consiliului General al Prim\u0103riei Bucure\u0219ti, care stabille\u0219te nivelul impozitelor \u0219i taxelor locale \u00een Capital\u0103.<\/p>\n\n\n\n<p>\u00cen Sectorul 5, cuantumul taxei pentru locul de parcare depinde de zona de re\u0219edin\u021b\u0103 unde este solicitat.<\/p>\n\n\n\n<p>P\u00e2n\u0103 acum, locuitorii din zona A pl\u0103teau 84 de lei\/an pentru un loc de parcare. De la 1 ianuarie, noul tarif va fi de 600 de lei pe an.<\/p>\n\n\n\n<p>\u00cen zona B, taxa era de 66 de lei\/an, iar de la 1 ianuarie va fi de 500 de lei\/an.<\/p>\n\n\n\n<p>Taxa pentru locurile de parcare din zona C era de 55 de lei, \u00een timp ce noul tarif va fi de 400 de lei pe an.<\/p>\n\n\n\n<p>\u00cen zona D, un loc de parcare cost\u0103 37 de lei pe an. De la 1 ianuarie, locuitorii din aceast\u0103 zon\u0103 a Sectorului 5 vor fi obliga\u021bi s\u0103 pl\u0103teasc\u0103 300 de lei pe an.<\/p>\n\n\n\n<p>Noile tarife de parcare pot fi achitate prin multiple modalit\u0103\u021bi de plat\u0103, respectiv: C.E.C. Bank, Po\u0219ta Rom\u00e2n\u0103, sistemul na\u021bional electronic \u2013 ghiseul.ro, benzin\u0103riile O.M.V., sediile Taxe \u0219i Impozite Sector 5, la ghi\u0219eul Prim\u0103riei Sectorului 5, precum \u0219i la aparatele de tip self pay.<\/p>\n\n\n\n<p>\u00cen Sectorul 5 sunt amenajate peste 20.000 de locuri de parcare.<\/p>\n","protected":false},"excerpt":{"rendered":"<p>Taxa pentru locurile de parcare din Sectorul 5 va fi \u0219i de cinci ori mai mare \u00eencep\u00e2nd cu data de 1 ianuarie 2022. Noile tarife au fost calculate potrivit unei hot\u0103r\u00e2ri din acest an a Consiliului General al Prim\u0103riei Bucure\u0219ti, care stabille\u0219te nivelul impozitelor \u0219i taxelor locale \u00een Capital\u0103. \u00cen Sectorul 5, cuantumul taxei pentru [&hellip;]<\/p>\n","protected":false},"author":25,"featured_media":24192,"comment_status":"closed","ping_status":"open","sticky":false,"template":"","format":"standard","meta":{"_acf_changed":false,"inline_featured_image":false,"ngg_post_thumbnail":0,"footnotes":""},"categories":[24],"tags":[188],"ppma_author":[22597],"class_list":["post-36267","post","type-post","status-publish","format-standard","has-post-thumbnail","hentry","category-primarie","tag-sector-5"],"acf":[],"yoast_head":"<!-- This site is optimized with the Yoast SEO Premium plugin v25.3 (Yoast SEO v27.5) - https:\/\/yoast.com\/product\/yoast-seo-premium-wordpress\/ -->\n<title>Taxa pentru locurile de parcare din Sectorul 5, mai mare din ianuarie - Buletin de Bucure\u0219ti<\/title>\n<meta name=\"robots\" content=\"index, follow, max-snippet:-1, max-image-preview:large, max-video-preview:-1\" \/>\n<link rel=\"canonical\" href=\"https:\/\/buletin.de\/bucuresti\/taxa-pentru-locurile-de-parcare-din-sectorul-5-mai-mare-din-ianuarie\/\" \/>\n<meta property=\"og:locale\" content=\"en_GB\" \/>\n<meta property=\"og:type\" content=\"article\" \/>\n<meta property=\"og:title\" content=\"Taxa pentru locurile de parcare din Sectorul 5, mai mare din ianuarie\" \/>\n<meta property=\"og:description\" content=\"Taxa pentru locurile de parcare din Sectorul 5 va fi \u0219i de cinci ori mai mare \u00eencep\u00e2nd cu data de 1 ianuarie 2022. Noile tarife au fost calculate potrivit unei hot\u0103r\u00e2ri din acest an a Consiliului General al Prim\u0103riei Bucure\u0219ti, care stabille\u0219te nivelul impozitelor \u0219i taxelor locale \u00een Capital\u0103. \u00cen Sectorul 5, cuantumul taxei pentru [&hellip;]\" \/>\n<meta property=\"og:url\" content=\"https:\/\/buletin.de\/bucuresti\/taxa-pentru-locurile-de-parcare-din-sectorul-5-mai-mare-din-ianuarie\/\" \/>\n<meta property=\"og:site_name\" content=\"Buletin de Bucure\u0219ti\" \/>\n<meta property=\"article:publisher\" content=\"https:\/\/www.facebook.com\/buletin.de.buc\" \/>\n<meta property=\"article:published_time\" content=\"2021-12-16T13:29:53+00:00\" \/>\n<meta property=\"article:modified_time\" content=\"2021-12-16T13:29:54+00:00\" \/>\n<meta property=\"og:image\" content=\"https:\/\/buletin.de\/bucuresti\/wp-content\/uploads\/parcari-resedinta.png\" \/>\n\t<meta property=\"og:image:width\" content=\"1321\" \/>\n\t<meta property=\"og:image:height\" content=\"625\" \/>\n\t<meta property=\"og:image:type\" content=\"image\/png\" \/>\n<meta name=\"author\" content=\"Ana Tudor\" \/>\n<meta name=\"twitter:card\" content=\"summary_large_image\" \/>\n<meta name=\"twitter:label1\" content=\"Written by\" \/>\n\t<meta name=\"twitter:data1\" content=\"Ana Tudor\" \/>\n\t<meta name=\"twitter:label2\" content=\"Estimated reading time\" \/>\n\t<meta name=\"twitter:data2\" content=\"1 minute\" \/>\n<script type=\"application\/ld+json\" class=\"yoast-schema-graph\">{\"@context\":\"https:\\\/\\\/schema.org\",\"@graph\":[{\"@type\":\"Article\",\"@id\":\"https:\\\/\\\/buletin.de\\\/bucuresti\\\/taxa-pentru-locurile-de-parcare-din-sectorul-5-mai-mare-din-ianuarie\\\/#article\",\"isPartOf\":{\"@id\":\"https:\\\/\\\/buletin.de\\\/bucuresti\\\/taxa-pentru-locurile-de-parcare-din-sectorul-5-mai-mare-din-ianuarie\\\/\"},\"author\":{\"name\":\"Ana Tudor\",\"@id\":\"https:\\\/\\\/buletin.de\\\/bucuresti\\\/#\\\/schema\\\/person\\\/8ce85bbda5515a1abb525993294155a8\"},\"headline\":\"Taxa pentru locurile de parcare din Sectorul 5, mai mare din ianuarie\",\"datePublished\":\"2021-12-16T13:29:53+00:00\",\"dateModified\":\"2021-12-16T13:29:54+00:00\",\"mainEntityOfPage\":{\"@id\":\"https:\\\/\\\/buletin.de\\\/bucuresti\\\/taxa-pentru-locurile-de-parcare-din-sectorul-5-mai-mare-din-ianuarie\\\/\"},\"wordCount\":245,\"publisher\":{\"@id\":\"https:\\\/\\\/buletin.de\\\/bucuresti\\\/#organization\"},\"image\":{\"@id\":\"https:\\\/\\\/buletin.de\\\/bucuresti\\\/taxa-pentru-locurile-de-parcare-din-sectorul-5-mai-mare-din-ianuarie\\\/#primaryimage\"},\"thumbnailUrl\":\"https:\\\/\\\/buletin.de\\\/bucuresti\\\/wp-content\\\/uploads\\\/parcari-resedinta.png\",\"keywords\":[\"Sector 5\"],\"articleSection\":[\"Prim\u0103rie\"],\"inLanguage\":\"en-GB\",\"copyrightYear\":\"2021\",\"copyrightHolder\":{\"@id\":\"https:\\\/\\\/buletin.de\\\/bucuresti\\\/#organization\"}},{\"@type\":\"WebPage\",\"@id\":\"https:\\\/\\\/buletin.de\\\/bucuresti\\\/taxa-pentru-locurile-de-parcare-din-sectorul-5-mai-mare-din-ianuarie\\\/\",\"url\":\"https:\\\/\\\/buletin.de\\\/bucuresti\\\/taxa-pentru-locurile-de-parcare-din-sectorul-5-mai-mare-din-ianuarie\\\/\",\"name\":\"Taxa pentru locurile de parcare din Sectorul 5, mai mare din ianuarie - Buletin de Bucure\u0219ti\",\"isPartOf\":{\"@id\":\"https:\\\/\\\/buletin.de\\\/bucuresti\\\/#website\"},\"primaryImageOfPage\":{\"@id\":\"https:\\\/\\\/buletin.de\\\/bucuresti\\\/taxa-pentru-locurile-de-parcare-din-sectorul-5-mai-mare-din-ianuarie\\\/#primaryimage\"},\"image\":{\"@id\":\"https:\\\/\\\/buletin.de\\\/bucuresti\\\/taxa-pentru-locurile-de-parcare-din-sectorul-5-mai-mare-din-ianuarie\\\/#primaryimage\"},\"thumbnailUrl\":\"https:\\\/\\\/buletin.de\\\/bucuresti\\\/wp-content\\\/uploads\\\/parcari-resedinta.png\",\"datePublished\":\"2021-12-16T13:29:53+00:00\",\"dateModified\":\"2021-12-16T13:29:54+00:00\",\"breadcrumb\":{\"@id\":\"https:\\\/\\\/buletin.de\\\/bucuresti\\\/taxa-pentru-locurile-de-parcare-din-sectorul-5-mai-mare-din-ianuarie\\\/#breadcrumb\"},\"inLanguage\":\"en-GB\",\"potentialAction\":[{\"@type\":\"ReadAction\",\"target\":[\"https:\\\/\\\/buletin.de\\\/bucuresti\\\/taxa-pentru-locurile-de-parcare-din-sectorul-5-mai-mare-din-ianuarie\\\/\"]}]},{\"@type\":\"ImageObject\",\"inLanguage\":\"en-GB\",\"@id\":\"https:\\\/\\\/buletin.de\\\/bucuresti\\\/taxa-pentru-locurile-de-parcare-din-sectorul-5-mai-mare-din-ianuarie\\\/#primaryimage\",\"url\":\"https:\\\/\\\/buletin.de\\\/bucuresti\\\/wp-content\\\/uploads\\\/parcari-resedinta.png\",\"contentUrl\":\"https:\\\/\\\/buletin.de\\\/bucuresti\\\/wp-content\\\/uploads\\\/parcari-resedinta.png\",\"width\":1321,\"height\":625},{\"@type\":\"BreadcrumbList\",\"@id\":\"https:\\\/\\\/buletin.de\\\/bucuresti\\\/taxa-pentru-locurile-de-parcare-din-sectorul-5-mai-mare-din-ianuarie\\\/#breadcrumb\",\"itemListElement\":[{\"@type\":\"ListItem\",\"position\":1,\"name\":\"Acas\u0103\",\"item\":\"https:\\\/\\\/buletin.de\\\/bucuresti\\\/\"},{\"@type\":\"ListItem\",\"position\":2,\"name\":\"Taxa pentru locurile de parcare din Sectorul 5, mai mare din ianuarie\"}]},{\"@type\":\"WebSite\",\"@id\":\"https:\\\/\\\/buletin.de\\\/bucuresti\\\/#website\",\"url\":\"https:\\\/\\\/buletin.de\\\/bucuresti\\\/\",\"name\":\"Buletin de Bucure\u0219ti\",\"description\":\"\u0218tiri \u0219i investiga\u021bii esen\u021biale din capital\u0103\",\"publisher\":{\"@id\":\"https:\\\/\\\/buletin.de\\\/bucuresti\\\/#organization\"},\"potentialAction\":[{\"@type\":\"SearchAction\",\"target\":{\"@type\":\"EntryPoint\",\"urlTemplate\":\"https:\\\/\\\/buletin.de\\\/bucuresti\\\/?s={search_term_string}\"},\"query-input\":{\"@type\":\"PropertyValueSpecification\",\"valueRequired\":true,\"valueName\":\"search_term_string\"}}],\"inLanguage\":\"en-GB\"},{\"@type\":\"Organization\",\"@id\":\"https:\\\/\\\/buletin.de\\\/bucuresti\\\/#organization\",\"name\":\"Buletin de Bucure\u0219ti\",\"url\":\"https:\\\/\\\/buletin.de\\\/bucuresti\\\/\",\"logo\":{\"@type\":\"ImageObject\",\"inLanguage\":\"en-GB\",\"@id\":\"https:\\\/\\\/buletin.de\\\/bucuresti\\\/#\\\/schema\\\/logo\\\/image\\\/\",\"url\":\"https:\\\/\\\/buletin.de\\\/bucuresti\\\/wp-content\\\/uploads\\\/logo-bdb-full-wide-vernil-transparent.png\",\"contentUrl\":\"https:\\\/\\\/buletin.de\\\/bucuresti\\\/wp-content\\\/uploads\\\/logo-bdb-full-wide-vernil-transparent.png\",\"width\":1782,\"height\":626,\"caption\":\"Buletin de Bucure\u0219ti\"},\"image\":{\"@id\":\"https:\\\/\\\/buletin.de\\\/bucuresti\\\/#\\\/schema\\\/logo\\\/image\\\/\"},\"sameAs\":[\"https:\\\/\\\/www.facebook.com\\\/buletin.de.buc\",\"https:\\\/\\\/www.instagram.com\\\/buletinde.bucuresti\\\/\"]},{\"@type\":\"Person\",\"@id\":\"https:\\\/\\\/buletin.de\\\/bucuresti\\\/#\\\/schema\\\/person\\\/8ce85bbda5515a1abb525993294155a8\",\"name\":\"Ana Tudor\",\"image\":{\"@type\":\"ImageObject\",\"inLanguage\":\"en-GB\",\"@id\":\"https:\\\/\\\/secure.gravatar.com\\\/avatar\\\/390c40e2d9367046adb10d832317e3f5fb181fdecb236cb1a8187477756ae24a?s=96&d=monsterid&r=g0f86ad5d6b77046fd61bd633bbfa4a29\",\"url\":\"https:\\\/\\\/secure.gravatar.com\\\/avatar\\\/390c40e2d9367046adb10d832317e3f5fb181fdecb236cb1a8187477756ae24a?s=96&d=monsterid&r=g\",\"contentUrl\":\"https:\\\/\\\/secure.gravatar.com\\\/avatar\\\/390c40e2d9367046adb10d832317e3f5fb181fdecb236cb1a8187477756ae24a?s=96&d=monsterid&r=g\",\"caption\":\"Ana Tudor\"},\"url\":\"https:\\\/\\\/buletin.de\\\/bucuresti\\\/author\\\/anamaria\\\/\"}]}<\/script>\n<!-- \/ Yoast SEO Premium plugin. -->","yoast_head_json":{"title":"Taxa pentru locurile de parcare din Sectorul 5, mai mare din ianuarie - Buletin de Bucure\u0219ti","robots":{"index":"index","follow":"follow","max-snippet":"max-snippet:-1","max-image-preview":"max-image-preview:large","max-video-preview":"max-video-preview:-1"},"canonical":"https:\/\/buletin.de\/bucuresti\/taxa-pentru-locurile-de-parcare-din-sectorul-5-mai-mare-din-ianuarie\/","og_locale":"en_GB","og_type":"article","og_title":"Taxa pentru locurile de parcare din Sectorul 5, mai mare din ianuarie","og_description":"Taxa pentru locurile de parcare din Sectorul 5 va fi \u0219i de cinci ori mai mare \u00eencep\u00e2nd cu data de 1 ianuarie 2022. Noile tarife au fost calculate potrivit unei hot\u0103r\u00e2ri din acest an a Consiliului General al Prim\u0103riei Bucure\u0219ti, care stabille\u0219te nivelul impozitelor \u0219i taxelor locale \u00een Capital\u0103. \u00cen Sectorul 5, cuantumul taxei pentru [&hellip;]","og_url":"https:\/\/buletin.de\/bucuresti\/taxa-pentru-locurile-de-parcare-din-sectorul-5-mai-mare-din-ianuarie\/","og_site_name":"Buletin de Bucure\u0219ti","article_publisher":"https:\/\/www.facebook.com\/buletin.de.buc","article_published_time":"2021-12-16T13:29:53+00:00","article_modified_time":"2021-12-16T13:29:54+00:00","og_image":[{"width":1321,"height":625,"url":"https:\/\/buletin.de\/bucuresti\/wp-content\/uploads\/parcari-resedinta.png","type":"image\/png"}],"author":"Ana Tudor","twitter_card":"summary_large_image","twitter_misc":{"Written by":"Ana Tudor","Estimated reading time":"1 minute"},"schema":{"@context":"https:\/\/schema.org","@graph":[{"@type":"Article","@id":"https:\/\/buletin.de\/bucuresti\/taxa-pentru-locurile-de-parcare-din-sectorul-5-mai-mare-din-ianuarie\/#article","isPartOf":{"@id":"https:\/\/buletin.de\/bucuresti\/taxa-pentru-locurile-de-parcare-din-sectorul-5-mai-mare-din-ianuarie\/"},"author":{"name":"Ana Tudor","@id":"https:\/\/buletin.de\/bucuresti\/#\/schema\/person\/8ce85bbda5515a1abb525993294155a8"},"headline":"Taxa pentru locurile de parcare din Sectorul 5, mai mare din ianuarie","datePublished":"2021-12-16T13:29:53+00:00","dateModified":"2021-12-16T13:29:54+00:00","mainEntityOfPage":{"@id":"https:\/\/buletin.de\/bucuresti\/taxa-pentru-locurile-de-parcare-din-sectorul-5-mai-mare-din-ianuarie\/"},"wordCount":245,"publisher":{"@id":"https:\/\/buletin.de\/bucuresti\/#organization"},"image":{"@id":"https:\/\/buletin.de\/bucuresti\/taxa-pentru-locurile-de-parcare-din-sectorul-5-mai-mare-din-ianuarie\/#primaryimage"},"thumbnailUrl":"https:\/\/buletin.de\/bucuresti\/wp-content\/uploads\/parcari-resedinta.png","keywords":["Sector 5"],"articleSection":["Prim\u0103rie"],"inLanguage":"en-GB","copyrightYear":"2021","copyrightHolder":{"@id":"https:\/\/buletin.de\/bucuresti\/#organization"}},{"@type":"WebPage","@id":"https:\/\/buletin.de\/bucuresti\/taxa-pentru-locurile-de-parcare-din-sectorul-5-mai-mare-din-ianuarie\/","url":"https:\/\/buletin.de\/bucuresti\/taxa-pentru-locurile-de-parcare-din-sectorul-5-mai-mare-din-ianuarie\/","name":"Taxa pentru locurile de parcare din Sectorul 5, mai mare din ianuarie - Buletin de Bucure\u0219ti","isPartOf":{"@id":"https:\/\/buletin.de\/bucuresti\/#website"},"primaryImageOfPage":{"@id":"https:\/\/buletin.de\/bucuresti\/taxa-pentru-locurile-de-parcare-din-sectorul-5-mai-mare-din-ianuarie\/#primaryimage"},"image":{"@id":"https:\/\/buletin.de\/bucuresti\/taxa-pentru-locurile-de-parcare-din-sectorul-5-mai-mare-din-ianuarie\/#primaryimage"},"thumbnailUrl":"https:\/\/buletin.de\/bucuresti\/wp-content\/uploads\/parcari-resedinta.png","datePublished":"2021-12-16T13:29:53+00:00","dateModified":"2021-12-16T13:29:54+00:00","breadcrumb":{"@id":"https:\/\/buletin.de\/bucuresti\/taxa-pentru-locurile-de-parcare-din-sectorul-5-mai-mare-din-ianuarie\/#breadcrumb"},"inLanguage":"en-GB","potentialAction":[{"@type":"ReadAction","target":["https:\/\/buletin.de\/bucuresti\/taxa-pentru-locurile-de-parcare-din-sectorul-5-mai-mare-din-ianuarie\/"]}]},{"@type":"ImageObject","inLanguage":"en-GB","@id":"https:\/\/buletin.de\/bucuresti\/taxa-pentru-locurile-de-parcare-din-sectorul-5-mai-mare-din-ianuarie\/#primaryimage","url":"https:\/\/buletin.de\/bucuresti\/wp-content\/uploads\/parcari-resedinta.png","contentUrl":"https:\/\/buletin.de\/bucuresti\/wp-content\/uploads\/parcari-resedinta.png","width":1321,"height":625},{"@type":"BreadcrumbList","@id":"https:\/\/buletin.de\/bucuresti\/taxa-pentru-locurile-de-parcare-din-sectorul-5-mai-mare-din-ianuarie\/#breadcrumb","itemListElement":[{"@type":"ListItem","position":1,"name":"Acas\u0103","item":"https:\/\/buletin.de\/bucuresti\/"},{"@type":"ListItem","position":2,"name":"Taxa pentru locurile de parcare din Sectorul 5, mai mare din ianuarie"}]},{"@type":"WebSite","@id":"https:\/\/buletin.de\/bucuresti\/#website","url":"https:\/\/buletin.de\/bucuresti\/","name":"Buletin de Bucure\u0219ti","description":"\u0218tiri \u0219i investiga\u021bii esen\u021biale din capital\u0103","publisher":{"@id":"https:\/\/buletin.de\/bucuresti\/#organization"},"potentialAction":[{"@type":"SearchAction","target":{"@type":"EntryPoint","urlTemplate":"https:\/\/buletin.de\/bucuresti\/?s={search_term_string}"},"query-input":{"@type":"PropertyValueSpecification","valueRequired":true,"valueName":"search_term_string"}}],"inLanguage":"en-GB"},{"@type":"Organization","@id":"https:\/\/buletin.de\/bucuresti\/#organization","name":"Buletin de Bucure\u0219ti","url":"https:\/\/buletin.de\/bucuresti\/","logo":{"@type":"ImageObject","inLanguage":"en-GB","@id":"https:\/\/buletin.de\/bucuresti\/#\/schema\/logo\/image\/","url":"https:\/\/buletin.de\/bucuresti\/wp-content\/uploads\/logo-bdb-full-wide-vernil-transparent.png","contentUrl":"https:\/\/buletin.de\/bucuresti\/wp-content\/uploads\/logo-bdb-full-wide-vernil-transparent.png","width":1782,"height":626,"caption":"Buletin de Bucure\u0219ti"},"image":{"@id":"https:\/\/buletin.de\/bucuresti\/#\/schema\/logo\/image\/"},"sameAs":["https:\/\/www.facebook.com\/buletin.de.buc","https:\/\/www.instagram.com\/buletinde.bucuresti\/"]},{"@type":"Person","@id":"https:\/\/buletin.de\/bucuresti\/#\/schema\/person\/8ce85bbda5515a1abb525993294155a8","name":"Ana Tudor","image":{"@type":"ImageObject","inLanguage":"en-GB","@id":"https:\/\/secure.gravatar.com\/avatar\/390c40e2d9367046adb10d832317e3f5fb181fdecb236cb1a8187477756ae24a?s=96&d=monsterid&r=g0f86ad5d6b77046fd61bd633bbfa4a29","url":"https:\/\/secure.gravatar.com\/avatar\/390c40e2d9367046adb10d832317e3f5fb181fdecb236cb1a8187477756ae24a?s=96&d=monsterid&r=g","contentUrl":"https:\/\/secure.gravatar.com\/avatar\/390c40e2d9367046adb10d832317e3f5fb181fdecb236cb1a8187477756ae24a?s=96&d=monsterid&r=g","caption":"Ana Tudor"},"url":"https:\/\/buletin.de\/bucuresti\/author\/anamaria\/"}]}},"authors":[{"term_id":22597,"user_id":25,"is_guest":0,"slug":"anamaria","display_name":"Ana Tudor","avatar_url":"https:\/\/secure.gravatar.com\/avatar\/390c40e2d9367046adb10d832317e3f5fb181fdecb236cb1a8187477756ae24a?s=96&d=monsterid&r=g","0":null,"1":"","2":"","3":"","4":"","5":"","6":"","7":"","8":""}],"_links":{"self":[{"href":"https:\/\/buletin.de\/bucuresti\/wp-json\/wp\/v2\/posts\/36267","targetHints":{"allow":["GET"]}}],"collection":[{"href":"https:\/\/buletin.de\/bucuresti\/wp-json\/wp\/v2\/posts"}],"about":[{"href":"https:\/\/buletin.de\/bucuresti\/wp-json\/wp\/v2\/types\/post"}],"author":[{"embeddable":true,"href":"https:\/\/buletin.de\/bucuresti\/wp-json\/wp\/v2\/users\/25"}],"replies":[{"embeddable":true,"href":"https:\/\/buletin.de\/bucuresti\/wp-json\/wp\/v2\/comments?post=36267"}],"version-history":[{"count":2,"href":"https:\/\/buletin.de\/bucuresti\/wp-json\/wp\/v2\/posts\/36267\/revisions"}],"predecessor-version":[{"id":36270,"href":"https:\/\/buletin.de\/bucuresti\/wp-json\/wp\/v2\/posts\/36267\/revisions\/36270"}],"wp:featuredmedia":[{"embeddable":true,"href":"https:\/\/buletin.de\/bucuresti\/wp-json\/wp\/v2\/media\/24192"}],"wp:attachment":[{"href":"https:\/\/buletin.de\/bucuresti\/wp-json\/wp\/v2\/media?parent=36267"}],"wp:term":[{"taxonomy":"category","embeddable":true,"href":"https:\/\/buletin.de\/bucuresti\/wp-json\/wp\/v2\/categories?post=36267"},{"taxonomy":"post_tag","embeddable":true,"href":"https:\/\/buletin.de\/bucuresti\/wp-json\/wp\/v2\/tags?post=36267"},{"taxonomy":"author","embeddable":true,"href":"https:\/\/buletin.de\/bucuresti\/wp-json\/wp\/v2\/ppma_author?post=36267"}],"curies":[{"name":"wp","href":"https:\/\/api.w.org\/{rel}","templated":true}]}}