{"id":36245,"date":"2021-12-16T12:41:04","date_gmt":"2021-12-16T10:41:04","guid":{"rendered":"https:\/\/buletin.de\/bucuresti\/?p=36245"},"modified":"2021-12-16T12:41:05","modified_gmt":"2021-12-16T10:41:05","slug":"daniel-baluta-isi-face-campanie-cu-bani-de-la-bugetul-local-134-de-mii-de-lei-pentru-promovarea-realizarilor-sale","status":"publish","type":"post","link":"https:\/\/buletin.de\/bucuresti\/daniel-baluta-isi-face-campanie-cu-bani-de-la-bugetul-local-134-de-mii-de-lei-pentru-promovarea-realizarilor-sale\/","title":{"rendered":"Daniel B\u0103lu\u021b\u0103 \u00ee\u0219i face campanie cu bani de la bugetul local. 134 de mii de lei pentru promovarea realiz\u0103rilor sale"},"content":{"rendered":"\n<p class=\"has-pale-cyan-blue-background-color has-background\">La final de an, primarul Daniel B\u0103lu\u021b\u0103 a dat<strong> 28 de mii de EURO<\/strong> mai multor publica\u021bii din Rom\u00e2nia pentru a promova noul sistem de plat\u0103 digitalizat al Direc\u021biei de Taxe Locale. Digi24 \u0219i Ziarul Financiar au primit cele mai mari sume. Spre deosebire de acest contract care se g\u0103se\u0219te pe platforma de licita\u021bii publice SEAP, Prim\u0103ria Sectorului 4 \u021bine secret un acord cadru de dou\u0103 milioane de lei \u00eencheiat anul trecut tot pentru servicii de promovare la TV. Edilul refuz\u0103 s\u0103 spun\u0103 ce televiziuni au primit banii, sus\u021bin\u00e2nd c\u0103 toate informa\u021biile se afl\u0103 pe SEAP.<\/p>\n\n\n\n<p>O institu\u021bie din subordinea primarului Daniel B\u0103lu\u021b\u0103 a dat 134 de mii de lei, adic\u0103 28 de mii de EURO, presei din Rom\u00e2nia pentru \u201eservicii de informare\u201d. Contractul a fost atribuit direct de Direc\u021bia General\u0103 de Impozite \u0219i Taxe Locale Sector 4 c\u0103tre agen\u021bia Complete Media care, ulterior, a \u00eemp\u0103r\u021bit banii la mai multe publica\u021bii online \u0219i televiziuni.<\/p>\n\n\n\n<p>Dintre toate, Digi24.ro a primit cea mai mare sum\u0103, aproape 29 de mii de lei, urmat\u0103 de zf.ro \u0219i mediafax.ro, la care au ajuns \u00een jur de 13 mii de lei. Printre publica\u021biile online care au primit bani din bugetul sectorului 4 se num\u0103r\u0103 \u0219i antena3.ro, libertatea.ro, stiripesurse.ro \u0219i hotnews.ro.<\/p>\n\n\n\n<div class=\"infogram-embed\" data-id=\"0f3844aa-6a04-49c8-a7ce-a2fc07511f4a\" data-type=\"interactive\" data-title=\"Baluta- presa platita\"><\/div><script>!function(e,i,n,s){var t=\"InfogramEmbeds\",d=e.getElementsByTagName(\"script\")[0];if(window[t]&&window[t].initialized)window[t].process&&window[t].process();else if(!e.getElementById(n)){var o=e.createElement(\"script\");o.async=1,o.id=n,o.src=\"https:\/\/e.infogram.com\/js\/dist\/embed-loader-min.js\",d.parentNode.insertBefore(o,d)}}(document,0,\"infogram-async\");<\/script>\n\n\n\n<p>Pe 11 decembrie, la dou\u0103 zile de la atribuirea achizi\u021biei, digi24.ro a postat un advertorial cu titlu: \u201e<em>(P) De luni, 13 decembrie, sediile DGITL Sector 4 se \u00eenchid definitiv<\/em>\u201d. Este singurul articol publicat \u00een ultima lun\u0103 despre activitatea DGITL S4 pe digi24.ro. \u00cen schimbl, la DIGI24 TV, reclama a rulat zile \u00een \u0219ir \u00een calupurile de publicitate.<\/p>\n\n\n\n<div class=\"wp-block-image\"><figure class=\"aligncenter size-large is-resized\"><img fetchpriority=\"high\" decoding=\"async\" src=\"data:image\/gif;base64,R0lGODlhAQABAAAAACH5BAEKAAEALAAAAAABAAEAAAICTAEAOw==\" data-src=\"https:\/\/buletin.de\/bucuresti\/wp-content\/uploads\/Screenshot_1-10-900x546.jpg\" alt=\"\" class=\"wp-image-36246 lazyload\" width=\"900\" height=\"546\" data-sizes=\"auto\" data-srcset=\"https:\/\/buletin.de\/bucuresti\/wp-content\/uploads\/Screenshot_1-10-900x546.jpg 900w, https:\/\/buletin.de\/bucuresti\/wp-content\/uploads\/Screenshot_1-10-300x182.jpg 300w, https:\/\/buletin.de\/bucuresti\/wp-content\/uploads\/Screenshot_1-10-768x466.jpg 768w, https:\/\/buletin.de\/bucuresti\/wp-content\/uploads\/Screenshot_1-10-1060x644.jpg 1060w, https:\/\/buletin.de\/bucuresti\/wp-content\/uploads\/Screenshot_1-10-550x334.jpg 550w, https:\/\/buletin.de\/bucuresti\/wp-content\/uploads\/Screenshot_1-10-823x500.jpg 823w, https:\/\/buletin.de\/bucuresti\/wp-content\/uploads\/Screenshot_1-10-600x364.jpg 600w, https:\/\/buletin.de\/bucuresti\/wp-content\/uploads\/Screenshot_1-10.jpg 1395w\" sizes=\"(max-width: 900px) 100vw, 900px\" \/><\/figure><\/div>\n\n\n\n<p><\/p>\n\n\n\n<p>\u0218i zf.ro a marcat corespunz\u0103tor publicitatea pl\u0103tit\u0103 de Daniel B\u0103lu\u021b\u0103 cu (P) \u00eentr-un articol intitulat: \u201e<em>(P) mesaj important pentru locuitorii sectorului 4!<\/em>\u201d. Con\u021binutul advertorialului este acela\u0219i ca cel de pe digi24.ro \u0219i este despre implementarea noului sistem de plat\u0103 digital ce va deveni func\u021bional din data de 1 ianuarie 2022.<\/p>\n\n\n\n<p>Patru dintre publica\u021biile online nu au marcat articolele ca fiind publicitate: antena3.ro, evz.ro, stiripesurse.ro \u0219i dcnews.ro.<\/p>\n\n\n\n<div class=\"wp-block-image\"><figure class=\"aligncenter size-large is-resized\"><img decoding=\"async\" src=\"data:image\/gif;base64,R0lGODlhAQABAAAAACH5BAEKAAEALAAAAAABAAEAAAICTAEAOw==\" data-src=\"https:\/\/buletin.de\/bucuresti\/wp-content\/uploads\/Screenshot_2-7-900x677.jpg\" alt=\"\" class=\"wp-image-36247 lazyload\" width=\"900\" height=\"677\" data-sizes=\"auto\" data-srcset=\"https:\/\/buletin.de\/bucuresti\/wp-content\/uploads\/Screenshot_2-7-900x677.jpg 900w, https:\/\/buletin.de\/bucuresti\/wp-content\/uploads\/Screenshot_2-7-300x226.jpg 300w, https:\/\/buletin.de\/bucuresti\/wp-content\/uploads\/Screenshot_2-7-768x578.jpg 768w, https:\/\/buletin.de\/bucuresti\/wp-content\/uploads\/Screenshot_2-7-1060x798.jpg 1060w, https:\/\/buletin.de\/bucuresti\/wp-content\/uploads\/Screenshot_2-7-550x414.jpg 550w, https:\/\/buletin.de\/bucuresti\/wp-content\/uploads\/Screenshot_2-7-665x500.jpg 665w, https:\/\/buletin.de\/bucuresti\/wp-content\/uploads\/Screenshot_2-7-600x451.jpg 600w, https:\/\/buletin.de\/bucuresti\/wp-content\/uploads\/Screenshot_2-7.jpg 1131w\" sizes=\"(max-width: 900px) 100vw, 900px\" \/><\/figure><\/div>\n\n\n\n<div class=\"wp-block-image\"><figure class=\"aligncenter size-large is-resized\"><img decoding=\"async\" src=\"data:image\/gif;base64,R0lGODlhAQABAAAAACH5BAEKAAEALAAAAAABAAEAAAICTAEAOw==\" data-src=\"https:\/\/buletin.de\/bucuresti\/wp-content\/uploads\/Screenshot_3-900x830.jpg\" alt=\"\" class=\"wp-image-36248 lazyload\" width=\"900\" height=\"830\" data-sizes=\"auto\" data-srcset=\"https:\/\/buletin.de\/bucuresti\/wp-content\/uploads\/Screenshot_3-900x830.jpg 900w, https:\/\/buletin.de\/bucuresti\/wp-content\/uploads\/Screenshot_3-300x277.jpg 300w, https:\/\/buletin.de\/bucuresti\/wp-content\/uploads\/Screenshot_3-768x708.jpg 768w, https:\/\/buletin.de\/bucuresti\/wp-content\/uploads\/Screenshot_3-550x507.jpg 550w, https:\/\/buletin.de\/bucuresti\/wp-content\/uploads\/Screenshot_3-542x500.jpg 542w, https:\/\/buletin.de\/bucuresti\/wp-content\/uploads\/Screenshot_3-600x553.jpg 600w, https:\/\/buletin.de\/bucuresti\/wp-content\/uploads\/Screenshot_3.jpg 940w\" sizes=\"(max-width: 900px) 100vw, 900px\" \/><\/figure><\/div>\n\n\n\n<p><\/p>\n\n\n\n<h2 class=\"wp-block-heading\"><strong>Contractul de 2 milioane de lei cu televiziunile, \u021binut secret de Daniel B\u0103lu\u021b\u0103<\/strong><\/h2>\n\n\n\n<p>Anul trecut, pe site-ul ps4.ro a fost publicat un anun\u021b publicitar privind procedura de atribuire a unui acord cadru de dou\u0103 milioane de lei pentru \u201eServicii produc\u021bie materiale de televiziune pentru promovarea obiectivelor de dezvoltare ale Sectorului 4\u201d.<\/p>\n\n\n\n<p>Din cei dou\u0103 milioane de lei ar fi trebuit s\u0103 se publice, conform caietului de sarcini, maxim 250 de materiale video \u00eentre 30 de secunde \u0219i 2 minute care se con\u021bin\u0103 imagini, voice over, sincron de la un actor relevant (dac\u0103 e cazul) \u0219i fundal muzical (dac\u0103 e cazul).<\/p>\n\n\n\n<p><em>\u201eCriterii generale pentru crea\u021bia materialelor:<\/em><\/p>\n\n\n\n<ul class=\"wp-block-list\"><li><em>Memorabilitate<\/em><\/li><li><em>Imaginile \u0219i elementele vizuale s\u0103 fie corelate cu mesajele \u0219i textul \u0219i s\u0103 se completeze reciproc<\/em><\/li><li><em>Abordare pozitiv\u0103, ton optimist<\/em><\/li><li><em>Accesabilitate: mesajul \u0219i informa\u021biile transmise s\u0103 fie clare, simple \u0219i la obiect.\u201d<\/em><\/li><\/ul>\n\n\n\n<p>Primarul Daniel B\u0103lu\u021b\u0103 refuz\u0103 s\u0103 comunice la ce televiziuni au ajuns banii \u0219i ce sume au primit acestea, \u00een ciuda repetatelor solicit\u0103ri \u00eenaintate de Buletin de Bucure\u0219ti. Acesta sus\u021bine c\u0103 toate achizi\u021biile derulate de sectorul 4 se reg\u0103sesc \u00een Sistemul Electronic de Achizi\u021bii publice SEAP \u0219i c\u0103 pot fi g\u0103site pe site-ul e-licita\u021bie.ro.<\/p>\n\n\n\n<p><strong>Pe SEAP, \u00eens\u0103, nu exist\u0103 nici urm\u0103 de ele.<\/strong><\/p>\n\n\n\n<p>\u00centruc\u00e2t nu am primit r\u0103spuns la solicit\u0103ri, nu avem informa\u021bii legate de contractul acord cadru \u0219i dac\u0103 acesta a fost pl\u0103tit sau nu. <\/p>\n\n\n\n<p><\/p>\n\n\n\n<p>Surs\u0103 cover foto: <a href=\"https:\/\/www.facebook.com\/photo.php?fbid=452151096274560&amp;set=pb.100044390200993.-2207520000..&amp;type=3\">Facebook Daniel Baluta<\/a><\/p>\n","protected":false},"excerpt":{"rendered":"<p>La final de an, primarul Daniel B\u0103lu\u021b\u0103 a dat 28 de mii de EURO mai multor publica\u021bii din Rom\u00e2nia pentru a promova noul sistem de plat\u0103 digitalizat al Direc\u021biei de Taxe Locale. Digi24 \u0219i Ziarul Financiar au primit cele mai mari sume. Spre deosebire de acest contract care se g\u0103se\u0219te pe platforma de licita\u021bii publice [&hellip;]<\/p>\n","protected":false},"author":6,"featured_media":36251,"comment_status":"closed","ping_status":"open","sticky":false,"template":"","format":"standard","meta":{"_acf_changed":false,"inline_featured_image":false,"ngg_post_thumbnail":0,"footnotes":""},"categories":[24],"tags":[1204,3695,1849,765],"ppma_author":[22588],"class_list":["post-36245","post","type-post","status-publish","format-standard","has-post-thumbnail","hentry","category-primarie","tag-daniel-baluta","tag-presa-platita","tag-primaria-sector-4","tag-sector-4"],"acf":[],"yoast_head":"<!-- This site is optimized with the Yoast SEO Premium plugin v25.3 (Yoast SEO v27.5) - https:\/\/yoast.com\/product\/yoast-seo-premium-wordpress\/ -->\n<title>Daniel B\u0103lu\u021b\u0103 \u00ee\u0219i face campanie cu bani de la bugetul local. 134 de mii de lei pentru promovarea realiz\u0103rilor sale - Buletin de Bucure\u0219ti<\/title>\n<meta name=\"robots\" content=\"index, follow, max-snippet:-1, max-image-preview:large, max-video-preview:-1\" \/>\n<link rel=\"canonical\" href=\"https:\/\/buletin.de\/bucuresti\/daniel-baluta-isi-face-campanie-cu-bani-de-la-bugetul-local-134-de-mii-de-lei-pentru-promovarea-realizarilor-sale\/\" \/>\n<meta property=\"og:locale\" content=\"en_GB\" \/>\n<meta property=\"og:type\" content=\"article\" \/>\n<meta property=\"og:title\" content=\"Daniel B\u0103lu\u021b\u0103 \u00ee\u0219i face campanie cu bani de la bugetul local. 134 de mii de lei pentru promovarea realiz\u0103rilor sale\" \/>\n<meta property=\"og:description\" content=\"La final de an, primarul Daniel B\u0103lu\u021b\u0103 a dat 28 de mii de EURO mai multor publica\u021bii din Rom\u00e2nia pentru a promova noul sistem de plat\u0103 digitalizat al Direc\u021biei de Taxe Locale. Digi24 \u0219i Ziarul Financiar au primit cele mai mari sume. Spre deosebire de acest contract care se g\u0103se\u0219te pe platforma de licita\u021bii publice [&hellip;]\" \/>\n<meta property=\"og:url\" content=\"https:\/\/buletin.de\/bucuresti\/daniel-baluta-isi-face-campanie-cu-bani-de-la-bugetul-local-134-de-mii-de-lei-pentru-promovarea-realizarilor-sale\/\" \/>\n<meta property=\"og:site_name\" content=\"Buletin de Bucure\u0219ti\" \/>\n<meta property=\"article:publisher\" content=\"https:\/\/www.facebook.com\/buletin.de.buc\" \/>\n<meta property=\"article:published_time\" content=\"2021-12-16T10:41:04+00:00\" \/>\n<meta property=\"article:modified_time\" content=\"2021-12-16T10:41:05+00:00\" \/>\n<meta property=\"og:image\" content=\"https:\/\/buletin.de\/bucuresti\/wp-content\/uploads\/259393553_452151086274561_1459769384096876920_n.jpg\" \/>\n\t<meta property=\"og:image:width\" content=\"1600\" \/>\n\t<meta property=\"og:image:height\" content=\"1031\" \/>\n\t<meta property=\"og:image:type\" content=\"image\/jpeg\" \/>\n<meta name=\"author\" content=\"Bianca Albu\" \/>\n<meta name=\"twitter:card\" content=\"summary_large_image\" \/>\n<meta name=\"twitter:label1\" content=\"Written by\" \/>\n\t<meta name=\"twitter:data1\" content=\"Bianca Albu\" \/>\n\t<meta name=\"twitter:label2\" content=\"Estimated reading time\" \/>\n\t<meta name=\"twitter:data2\" content=\"4 minutes\" \/>\n<script type=\"application\/ld+json\" class=\"yoast-schema-graph\">{\"@context\":\"https:\\\/\\\/schema.org\",\"@graph\":[{\"@type\":\"Article\",\"@id\":\"https:\\\/\\\/buletin.de\\\/bucuresti\\\/daniel-baluta-isi-face-campanie-cu-bani-de-la-bugetul-local-134-de-mii-de-lei-pentru-promovarea-realizarilor-sale\\\/#article\",\"isPartOf\":{\"@id\":\"https:\\\/\\\/buletin.de\\\/bucuresti\\\/daniel-baluta-isi-face-campanie-cu-bani-de-la-bugetul-local-134-de-mii-de-lei-pentru-promovarea-realizarilor-sale\\\/\"},\"author\":{\"name\":\"Bianca Albu\",\"@id\":\"https:\\\/\\\/buletin.de\\\/bucuresti\\\/#\\\/schema\\\/person\\\/295dc2228d2dc79294d636619468dc7f\"},\"headline\":\"Daniel B\u0103lu\u021b\u0103 \u00ee\u0219i face campanie cu bani de la bugetul local. 134 de mii de lei pentru promovarea realiz\u0103rilor sale\",\"datePublished\":\"2021-12-16T10:41:04+00:00\",\"dateModified\":\"2021-12-16T10:41:05+00:00\",\"mainEntityOfPage\":{\"@id\":\"https:\\\/\\\/buletin.de\\\/bucuresti\\\/daniel-baluta-isi-face-campanie-cu-bani-de-la-bugetul-local-134-de-mii-de-lei-pentru-promovarea-realizarilor-sale\\\/\"},\"wordCount\":623,\"publisher\":{\"@id\":\"https:\\\/\\\/buletin.de\\\/bucuresti\\\/#organization\"},\"image\":{\"@id\":\"https:\\\/\\\/buletin.de\\\/bucuresti\\\/daniel-baluta-isi-face-campanie-cu-bani-de-la-bugetul-local-134-de-mii-de-lei-pentru-promovarea-realizarilor-sale\\\/#primaryimage\"},\"thumbnailUrl\":\"https:\\\/\\\/buletin.de\\\/bucuresti\\\/wp-content\\\/uploads\\\/259393553_452151086274561_1459769384096876920_n.jpg\",\"keywords\":[\"daniel baluta\",\"presa platita\",\"primaria sector 4\",\"Sector 4\"],\"articleSection\":[\"Prim\u0103rie\"],\"inLanguage\":\"en-GB\",\"copyrightYear\":\"2021\",\"copyrightHolder\":{\"@id\":\"https:\\\/\\\/buletin.de\\\/bucuresti\\\/#organization\"}},{\"@type\":\"WebPage\",\"@id\":\"https:\\\/\\\/buletin.de\\\/bucuresti\\\/daniel-baluta-isi-face-campanie-cu-bani-de-la-bugetul-local-134-de-mii-de-lei-pentru-promovarea-realizarilor-sale\\\/\",\"url\":\"https:\\\/\\\/buletin.de\\\/bucuresti\\\/daniel-baluta-isi-face-campanie-cu-bani-de-la-bugetul-local-134-de-mii-de-lei-pentru-promovarea-realizarilor-sale\\\/\",\"name\":\"Daniel B\u0103lu\u021b\u0103 \u00ee\u0219i face campanie cu bani de la bugetul local. 134 de mii de lei pentru promovarea realiz\u0103rilor sale - Buletin de Bucure\u0219ti\",\"isPartOf\":{\"@id\":\"https:\\\/\\\/buletin.de\\\/bucuresti\\\/#website\"},\"primaryImageOfPage\":{\"@id\":\"https:\\\/\\\/buletin.de\\\/bucuresti\\\/daniel-baluta-isi-face-campanie-cu-bani-de-la-bugetul-local-134-de-mii-de-lei-pentru-promovarea-realizarilor-sale\\\/#primaryimage\"},\"image\":{\"@id\":\"https:\\\/\\\/buletin.de\\\/bucuresti\\\/daniel-baluta-isi-face-campanie-cu-bani-de-la-bugetul-local-134-de-mii-de-lei-pentru-promovarea-realizarilor-sale\\\/#primaryimage\"},\"thumbnailUrl\":\"https:\\\/\\\/buletin.de\\\/bucuresti\\\/wp-content\\\/uploads\\\/259393553_452151086274561_1459769384096876920_n.jpg\",\"datePublished\":\"2021-12-16T10:41:04+00:00\",\"dateModified\":\"2021-12-16T10:41:05+00:00\",\"breadcrumb\":{\"@id\":\"https:\\\/\\\/buletin.de\\\/bucuresti\\\/daniel-baluta-isi-face-campanie-cu-bani-de-la-bugetul-local-134-de-mii-de-lei-pentru-promovarea-realizarilor-sale\\\/#breadcrumb\"},\"inLanguage\":\"en-GB\",\"potentialAction\":[{\"@type\":\"ReadAction\",\"target\":[\"https:\\\/\\\/buletin.de\\\/bucuresti\\\/daniel-baluta-isi-face-campanie-cu-bani-de-la-bugetul-local-134-de-mii-de-lei-pentru-promovarea-realizarilor-sale\\\/\"]}]},{\"@type\":\"ImageObject\",\"inLanguage\":\"en-GB\",\"@id\":\"https:\\\/\\\/buletin.de\\\/bucuresti\\\/daniel-baluta-isi-face-campanie-cu-bani-de-la-bugetul-local-134-de-mii-de-lei-pentru-promovarea-realizarilor-sale\\\/#primaryimage\",\"url\":\"https:\\\/\\\/buletin.de\\\/bucuresti\\\/wp-content\\\/uploads\\\/259393553_452151086274561_1459769384096876920_n.jpg\",\"contentUrl\":\"https:\\\/\\\/buletin.de\\\/bucuresti\\\/wp-content\\\/uploads\\\/259393553_452151086274561_1459769384096876920_n.jpg\",\"width\":1600,\"height\":1031},{\"@type\":\"BreadcrumbList\",\"@id\":\"https:\\\/\\\/buletin.de\\\/bucuresti\\\/daniel-baluta-isi-face-campanie-cu-bani-de-la-bugetul-local-134-de-mii-de-lei-pentru-promovarea-realizarilor-sale\\\/#breadcrumb\",\"itemListElement\":[{\"@type\":\"ListItem\",\"position\":1,\"name\":\"Acas\u0103\",\"item\":\"https:\\\/\\\/buletin.de\\\/bucuresti\\\/\"},{\"@type\":\"ListItem\",\"position\":2,\"name\":\"Daniel B\u0103lu\u021b\u0103 \u00ee\u0219i face campanie cu bani de la bugetul local. 134 de mii de lei pentru promovarea realiz\u0103rilor sale\"}]},{\"@type\":\"WebSite\",\"@id\":\"https:\\\/\\\/buletin.de\\\/bucuresti\\\/#website\",\"url\":\"https:\\\/\\\/buletin.de\\\/bucuresti\\\/\",\"name\":\"Buletin de Bucure\u0219ti\",\"description\":\"\u0218tiri \u0219i investiga\u021bii esen\u021biale din capital\u0103\",\"publisher\":{\"@id\":\"https:\\\/\\\/buletin.de\\\/bucuresti\\\/#organization\"},\"potentialAction\":[{\"@type\":\"SearchAction\",\"target\":{\"@type\":\"EntryPoint\",\"urlTemplate\":\"https:\\\/\\\/buletin.de\\\/bucuresti\\\/?s={search_term_string}\"},\"query-input\":{\"@type\":\"PropertyValueSpecification\",\"valueRequired\":true,\"valueName\":\"search_term_string\"}}],\"inLanguage\":\"en-GB\"},{\"@type\":\"Organization\",\"@id\":\"https:\\\/\\\/buletin.de\\\/bucuresti\\\/#organization\",\"name\":\"Buletin de Bucure\u0219ti\",\"url\":\"https:\\\/\\\/buletin.de\\\/bucuresti\\\/\",\"logo\":{\"@type\":\"ImageObject\",\"inLanguage\":\"en-GB\",\"@id\":\"https:\\\/\\\/buletin.de\\\/bucuresti\\\/#\\\/schema\\\/logo\\\/image\\\/\",\"url\":\"https:\\\/\\\/buletin.de\\\/bucuresti\\\/wp-content\\\/uploads\\\/logo-bdb-full-wide-vernil-transparent.png\",\"contentUrl\":\"https:\\\/\\\/buletin.de\\\/bucuresti\\\/wp-content\\\/uploads\\\/logo-bdb-full-wide-vernil-transparent.png\",\"width\":1782,\"height\":626,\"caption\":\"Buletin de Bucure\u0219ti\"},\"image\":{\"@id\":\"https:\\\/\\\/buletin.de\\\/bucuresti\\\/#\\\/schema\\\/logo\\\/image\\\/\"},\"sameAs\":[\"https:\\\/\\\/www.facebook.com\\\/buletin.de.buc\",\"https:\\\/\\\/www.instagram.com\\\/buletinde.bucuresti\\\/\"]},{\"@type\":\"Person\",\"@id\":\"https:\\\/\\\/buletin.de\\\/bucuresti\\\/#\\\/schema\\\/person\\\/295dc2228d2dc79294d636619468dc7f\",\"name\":\"Bianca Albu\",\"image\":{\"@type\":\"ImageObject\",\"inLanguage\":\"en-GB\",\"@id\":\"https:\\\/\\\/secure.gravatar.com\\\/avatar\\\/3df2e34e20f529e6fd7be4311ee1f7c4ec4aa886971590baf6fa214b15743516?s=96&d=monsterid&r=gf541c715eeec409ce8101252a3c0d8a7\",\"url\":\"https:\\\/\\\/secure.gravatar.com\\\/avatar\\\/3df2e34e20f529e6fd7be4311ee1f7c4ec4aa886971590baf6fa214b15743516?s=96&d=monsterid&r=g\",\"contentUrl\":\"https:\\\/\\\/secure.gravatar.com\\\/avatar\\\/3df2e34e20f529e6fd7be4311ee1f7c4ec4aa886971590baf6fa214b15743516?s=96&d=monsterid&r=g\",\"caption\":\"Bianca Albu\"},\"description\":\"Reporter\",\"url\":\"https:\\\/\\\/buletin.de\\\/bucuresti\\\/author\\\/biancaalbu\\\/\"}]}<\/script>\n<!-- \/ Yoast SEO Premium plugin. -->","yoast_head_json":{"title":"Daniel B\u0103lu\u021b\u0103 \u00ee\u0219i face campanie cu bani de la bugetul local. 134 de mii de lei pentru promovarea realiz\u0103rilor sale - Buletin de Bucure\u0219ti","robots":{"index":"index","follow":"follow","max-snippet":"max-snippet:-1","max-image-preview":"max-image-preview:large","max-video-preview":"max-video-preview:-1"},"canonical":"https:\/\/buletin.de\/bucuresti\/daniel-baluta-isi-face-campanie-cu-bani-de-la-bugetul-local-134-de-mii-de-lei-pentru-promovarea-realizarilor-sale\/","og_locale":"en_GB","og_type":"article","og_title":"Daniel B\u0103lu\u021b\u0103 \u00ee\u0219i face campanie cu bani de la bugetul local. 134 de mii de lei pentru promovarea realiz\u0103rilor sale","og_description":"La final de an, primarul Daniel B\u0103lu\u021b\u0103 a dat 28 de mii de EURO mai multor publica\u021bii din Rom\u00e2nia pentru a promova noul sistem de plat\u0103 digitalizat al Direc\u021biei de Taxe Locale. Digi24 \u0219i Ziarul Financiar au primit cele mai mari sume. Spre deosebire de acest contract care se g\u0103se\u0219te pe platforma de licita\u021bii publice [&hellip;]","og_url":"https:\/\/buletin.de\/bucuresti\/daniel-baluta-isi-face-campanie-cu-bani-de-la-bugetul-local-134-de-mii-de-lei-pentru-promovarea-realizarilor-sale\/","og_site_name":"Buletin de Bucure\u0219ti","article_publisher":"https:\/\/www.facebook.com\/buletin.de.buc","article_published_time":"2021-12-16T10:41:04+00:00","article_modified_time":"2021-12-16T10:41:05+00:00","og_image":[{"width":1600,"height":1031,"url":"https:\/\/buletin.de\/bucuresti\/wp-content\/uploads\/259393553_452151086274561_1459769384096876920_n.jpg","type":"image\/jpeg"}],"author":"Bianca Albu","twitter_card":"summary_large_image","twitter_misc":{"Written by":"Bianca Albu","Estimated reading time":"4 minutes"},"schema":{"@context":"https:\/\/schema.org","@graph":[{"@type":"Article","@id":"https:\/\/buletin.de\/bucuresti\/daniel-baluta-isi-face-campanie-cu-bani-de-la-bugetul-local-134-de-mii-de-lei-pentru-promovarea-realizarilor-sale\/#article","isPartOf":{"@id":"https:\/\/buletin.de\/bucuresti\/daniel-baluta-isi-face-campanie-cu-bani-de-la-bugetul-local-134-de-mii-de-lei-pentru-promovarea-realizarilor-sale\/"},"author":{"name":"Bianca Albu","@id":"https:\/\/buletin.de\/bucuresti\/#\/schema\/person\/295dc2228d2dc79294d636619468dc7f"},"headline":"Daniel B\u0103lu\u021b\u0103 \u00ee\u0219i face campanie cu bani de la bugetul local. 134 de mii de lei pentru promovarea realiz\u0103rilor sale","datePublished":"2021-12-16T10:41:04+00:00","dateModified":"2021-12-16T10:41:05+00:00","mainEntityOfPage":{"@id":"https:\/\/buletin.de\/bucuresti\/daniel-baluta-isi-face-campanie-cu-bani-de-la-bugetul-local-134-de-mii-de-lei-pentru-promovarea-realizarilor-sale\/"},"wordCount":623,"publisher":{"@id":"https:\/\/buletin.de\/bucuresti\/#organization"},"image":{"@id":"https:\/\/buletin.de\/bucuresti\/daniel-baluta-isi-face-campanie-cu-bani-de-la-bugetul-local-134-de-mii-de-lei-pentru-promovarea-realizarilor-sale\/#primaryimage"},"thumbnailUrl":"https:\/\/buletin.de\/bucuresti\/wp-content\/uploads\/259393553_452151086274561_1459769384096876920_n.jpg","keywords":["daniel baluta","presa platita","primaria sector 4","Sector 4"],"articleSection":["Prim\u0103rie"],"inLanguage":"en-GB","copyrightYear":"2021","copyrightHolder":{"@id":"https:\/\/buletin.de\/bucuresti\/#organization"}},{"@type":"WebPage","@id":"https:\/\/buletin.de\/bucuresti\/daniel-baluta-isi-face-campanie-cu-bani-de-la-bugetul-local-134-de-mii-de-lei-pentru-promovarea-realizarilor-sale\/","url":"https:\/\/buletin.de\/bucuresti\/daniel-baluta-isi-face-campanie-cu-bani-de-la-bugetul-local-134-de-mii-de-lei-pentru-promovarea-realizarilor-sale\/","name":"Daniel B\u0103lu\u021b\u0103 \u00ee\u0219i face campanie cu bani de la bugetul local. 134 de mii de lei pentru promovarea realiz\u0103rilor sale - Buletin de Bucure\u0219ti","isPartOf":{"@id":"https:\/\/buletin.de\/bucuresti\/#website"},"primaryImageOfPage":{"@id":"https:\/\/buletin.de\/bucuresti\/daniel-baluta-isi-face-campanie-cu-bani-de-la-bugetul-local-134-de-mii-de-lei-pentru-promovarea-realizarilor-sale\/#primaryimage"},"image":{"@id":"https:\/\/buletin.de\/bucuresti\/daniel-baluta-isi-face-campanie-cu-bani-de-la-bugetul-local-134-de-mii-de-lei-pentru-promovarea-realizarilor-sale\/#primaryimage"},"thumbnailUrl":"https:\/\/buletin.de\/bucuresti\/wp-content\/uploads\/259393553_452151086274561_1459769384096876920_n.jpg","datePublished":"2021-12-16T10:41:04+00:00","dateModified":"2021-12-16T10:41:05+00:00","breadcrumb":{"@id":"https:\/\/buletin.de\/bucuresti\/daniel-baluta-isi-face-campanie-cu-bani-de-la-bugetul-local-134-de-mii-de-lei-pentru-promovarea-realizarilor-sale\/#breadcrumb"},"inLanguage":"en-GB","potentialAction":[{"@type":"ReadAction","target":["https:\/\/buletin.de\/bucuresti\/daniel-baluta-isi-face-campanie-cu-bani-de-la-bugetul-local-134-de-mii-de-lei-pentru-promovarea-realizarilor-sale\/"]}]},{"@type":"ImageObject","inLanguage":"en-GB","@id":"https:\/\/buletin.de\/bucuresti\/daniel-baluta-isi-face-campanie-cu-bani-de-la-bugetul-local-134-de-mii-de-lei-pentru-promovarea-realizarilor-sale\/#primaryimage","url":"https:\/\/buletin.de\/bucuresti\/wp-content\/uploads\/259393553_452151086274561_1459769384096876920_n.jpg","contentUrl":"https:\/\/buletin.de\/bucuresti\/wp-content\/uploads\/259393553_452151086274561_1459769384096876920_n.jpg","width":1600,"height":1031},{"@type":"BreadcrumbList","@id":"https:\/\/buletin.de\/bucuresti\/daniel-baluta-isi-face-campanie-cu-bani-de-la-bugetul-local-134-de-mii-de-lei-pentru-promovarea-realizarilor-sale\/#breadcrumb","itemListElement":[{"@type":"ListItem","position":1,"name":"Acas\u0103","item":"https:\/\/buletin.de\/bucuresti\/"},{"@type":"ListItem","position":2,"name":"Daniel B\u0103lu\u021b\u0103 \u00ee\u0219i face campanie cu bani de la bugetul local. 134 de mii de lei pentru promovarea realiz\u0103rilor sale"}]},{"@type":"WebSite","@id":"https:\/\/buletin.de\/bucuresti\/#website","url":"https:\/\/buletin.de\/bucuresti\/","name":"Buletin de Bucure\u0219ti","description":"\u0218tiri \u0219i investiga\u021bii esen\u021biale din capital\u0103","publisher":{"@id":"https:\/\/buletin.de\/bucuresti\/#organization"},"potentialAction":[{"@type":"SearchAction","target":{"@type":"EntryPoint","urlTemplate":"https:\/\/buletin.de\/bucuresti\/?s={search_term_string}"},"query-input":{"@type":"PropertyValueSpecification","valueRequired":true,"valueName":"search_term_string"}}],"inLanguage":"en-GB"},{"@type":"Organization","@id":"https:\/\/buletin.de\/bucuresti\/#organization","name":"Buletin de Bucure\u0219ti","url":"https:\/\/buletin.de\/bucuresti\/","logo":{"@type":"ImageObject","inLanguage":"en-GB","@id":"https:\/\/buletin.de\/bucuresti\/#\/schema\/logo\/image\/","url":"https:\/\/buletin.de\/bucuresti\/wp-content\/uploads\/logo-bdb-full-wide-vernil-transparent.png","contentUrl":"https:\/\/buletin.de\/bucuresti\/wp-content\/uploads\/logo-bdb-full-wide-vernil-transparent.png","width":1782,"height":626,"caption":"Buletin de Bucure\u0219ti"},"image":{"@id":"https:\/\/buletin.de\/bucuresti\/#\/schema\/logo\/image\/"},"sameAs":["https:\/\/www.facebook.com\/buletin.de.buc","https:\/\/www.instagram.com\/buletinde.bucuresti\/"]},{"@type":"Person","@id":"https:\/\/buletin.de\/bucuresti\/#\/schema\/person\/295dc2228d2dc79294d636619468dc7f","name":"Bianca Albu","image":{"@type":"ImageObject","inLanguage":"en-GB","@id":"https:\/\/secure.gravatar.com\/avatar\/3df2e34e20f529e6fd7be4311ee1f7c4ec4aa886971590baf6fa214b15743516?s=96&d=monsterid&r=gf541c715eeec409ce8101252a3c0d8a7","url":"https:\/\/secure.gravatar.com\/avatar\/3df2e34e20f529e6fd7be4311ee1f7c4ec4aa886971590baf6fa214b15743516?s=96&d=monsterid&r=g","contentUrl":"https:\/\/secure.gravatar.com\/avatar\/3df2e34e20f529e6fd7be4311ee1f7c4ec4aa886971590baf6fa214b15743516?s=96&d=monsterid&r=g","caption":"Bianca Albu"},"description":"Reporter","url":"https:\/\/buletin.de\/bucuresti\/author\/biancaalbu\/"}]}},"authors":[{"term_id":22588,"user_id":6,"is_guest":0,"slug":"biancaalbu","display_name":"Bianca Albu","avatar_url":"https:\/\/secure.gravatar.com\/avatar\/3df2e34e20f529e6fd7be4311ee1f7c4ec4aa886971590baf6fa214b15743516?s=96&d=monsterid&r=g","0":null,"1":"","2":"","3":"","4":"","5":"","6":"","7":"","8":""}],"_links":{"self":[{"href":"https:\/\/buletin.de\/bucuresti\/wp-json\/wp\/v2\/posts\/36245","targetHints":{"allow":["GET"]}}],"collection":[{"href":"https:\/\/buletin.de\/bucuresti\/wp-json\/wp\/v2\/posts"}],"about":[{"href":"https:\/\/buletin.de\/bucuresti\/wp-json\/wp\/v2\/types\/post"}],"author":[{"embeddable":true,"href":"https:\/\/buletin.de\/bucuresti\/wp-json\/wp\/v2\/users\/6"}],"replies":[{"embeddable":true,"href":"https:\/\/buletin.de\/bucuresti\/wp-json\/wp\/v2\/comments?post=36245"}],"version-history":[{"count":6,"href":"https:\/\/buletin.de\/bucuresti\/wp-json\/wp\/v2\/posts\/36245\/revisions"}],"predecessor-version":[{"id":36260,"href":"https:\/\/buletin.de\/bucuresti\/wp-json\/wp\/v2\/posts\/36245\/revisions\/36260"}],"wp:featuredmedia":[{"embeddable":true,"href":"https:\/\/buletin.de\/bucuresti\/wp-json\/wp\/v2\/media\/36251"}],"wp:attachment":[{"href":"https:\/\/buletin.de\/bucuresti\/wp-json\/wp\/v2\/media?parent=36245"}],"wp:term":[{"taxonomy":"category","embeddable":true,"href":"https:\/\/buletin.de\/bucuresti\/wp-json\/wp\/v2\/categories?post=36245"},{"taxonomy":"post_tag","embeddable":true,"href":"https:\/\/buletin.de\/bucuresti\/wp-json\/wp\/v2\/tags?post=36245"},{"taxonomy":"author","embeddable":true,"href":"https:\/\/buletin.de\/bucuresti\/wp-json\/wp\/v2\/ppma_author?post=36245"}],"curies":[{"name":"wp","href":"https:\/\/api.w.org\/{rel}","templated":true}]}}