{"id":36232,"date":"2021-12-16T13:41:24","date_gmt":"2021-12-16T11:41:24","guid":{"rendered":"https:\/\/buletin.de\/bucuresti\/?p=36232"},"modified":"2021-12-17T11:39:13","modified_gmt":"2021-12-17T09:39:13","slug":"reportaj-miracolul-globului-luminat-din-parcul-ioanid-si-povara-lumii-de-pe-umerii-bucurestenilor","status":"publish","type":"post","link":"https:\/\/buletin.de\/bucuresti\/reportaj-miracolul-globului-luminat-din-parcul-ioanid-si-povara-lumii-de-pe-umerii-bucurestenilor\/","title":{"rendered":"REPORTAJ | Miracolul globului luminat din Parcul Ioanid \u0219i povara lumii de pe umerii bucure\u0219tenilor"},"content":{"rendered":"\n<p><strong>Parcul Ioanid \u00ee\u0219i retr\u0103ie\u0219te, \u00een aceast\u0103 perioad\u0103, perioada de glorie de acum 150 de ani. Mereu aflat \u00een umbra surorii mai mari &#8211; Gr\u0103dina Icoanei \u2013 locul a c\u0103p\u0103tat de c\u00e2teva zile toate atributele unui veritabil pelerinaj.<\/strong><\/p>\n\n\n\n<p>O dub\u0103 de Jandarmerie p\u0103ze\u0219te intrarea principal\u0103 din Pia\u021ba Gheorghe Cantacuzino. E greu de intuit dac\u0103 e vorba de vreun eveniment de anvergur\u0103 prin preajm\u0103 sau doar de cele patru ambasade, cea a Austriei, a Iordaniei, a Arabiei Saudite \u0219i a Belgiei, care \u00eemprejmuiesc Parcul Ioanid. Este aproape ora 17:00, trecut de zenit, iar din cap\u0103tul primei alei se \u00eentrez\u0103re\u0219te o forfot\u0103 ciudat\u0103 \u00een inima locului.<\/p>\n\n\n\n<p>Un glob p\u0103m\u00e2ntesc se reflecta dintr-un mic lac artificial iar de jur \u00eemprejur o mul\u021bime pestri\u021b\u0103 roie\u0219te haotic.<\/p>\n\n\n\n<p>\u201c<em>Hai, treci s\u0103-\u021bi fac \u0219i \u021bie una<\/em>\u201d, se aude \u00eentr-o lini\u0219te aproape anormal\u0103. Cu un genunchi \u00een p\u0103m\u00e2nt \u0219i un trandafir \u00een m\u00e2n\u0103, un t\u00e2n\u0103r pred\u0103 tandru telefonul unei domni\u0219oare pe care tocmai a pozat-o cu globul p\u0103m\u00e2ntesc \u00een spate. Nimeni n-ar putea s\u0103 spun\u0103, \u00een acest moment, dac\u0103 t\u00e2n\u0103ra ori planeta P\u0103m\u00e2nt reprezint\u0103 centrul universului s\u0103u.<\/p>\n\n\n\n<figure class=\"wp-block-image size-large\"><img fetchpriority=\"high\" decoding=\"async\" width=\"900\" height=\"437\" src=\"data:image\/gif;base64,R0lGODlhAQABAAAAACH5BAEKAAEALAAAAAABAAEAAAICTAEAOw==\" data-src=\"https:\/\/buletin.de\/bucuresti\/wp-content\/uploads\/20211215_170221-900x437.jpg\" alt=\"\" class=\"wp-image-36233 lazyload\" data-sizes=\"auto\" data-srcset=\"https:\/\/buletin.de\/bucuresti\/wp-content\/uploads\/20211215_170221-900x437.jpg 900w, https:\/\/buletin.de\/bucuresti\/wp-content\/uploads\/20211215_170221-300x146.jpg 300w, https:\/\/buletin.de\/bucuresti\/wp-content\/uploads\/20211215_170221-768x373.jpg 768w, https:\/\/buletin.de\/bucuresti\/wp-content\/uploads\/20211215_170221-1536x746.jpg 1536w, https:\/\/buletin.de\/bucuresti\/wp-content\/uploads\/20211215_170221-1060x515.jpg 1060w, https:\/\/buletin.de\/bucuresti\/wp-content\/uploads\/20211215_170221-550x267.jpg 550w, https:\/\/buletin.de\/bucuresti\/wp-content\/uploads\/20211215_170221-1029x500.jpg 1029w, https:\/\/buletin.de\/bucuresti\/wp-content\/uploads\/20211215_170221-1920x933.jpg 1920w, https:\/\/buletin.de\/bucuresti\/wp-content\/uploads\/20211215_170221-600x292.jpg 600w, https:\/\/buletin.de\/bucuresti\/wp-content\/uploads\/20211215_170221.jpg 2000w\" sizes=\"(max-width: 900px) 100vw, 900px\" \/><\/figure>\n\n\n\n<p>La c\u00e2\u021biva metri distan\u021b\u0103, o alta t\u00e2n\u0103r\u0103 sta nemi\u0219cat\u0103. \u00cencremenit\u0103 \u00een pozi\u021bia lui Atlas, a\u0219teapt\u0103 ok-ul de la prietena sa cu privire la instantaneul care, cel mai probabil, \u00eei va \u00eembog\u0103\u021bi galeria de pe Instagram. Dup\u0103 un du-te-vino c\u0103tre ecranul telefonului, scena se repeta parc\u0103 \u00een ciuda titanului grec care a purtat greutatea lumii pe umeri. \u00centr-un fel, adus\u0103 \u00een zilele noastre, legenda ar avea multe coresponden\u021be. In anumite privin\u021be, propria imagine poate fi o povara, grea c\u00e2t lumea, pentru unii.<\/p>\n\n\n\n<figure class=\"wp-block-gallery columns-2 is-cropped wp-block-gallery-1 is-layout-flex wp-block-gallery-is-layout-flex\"><ul class=\"blocks-gallery-grid\"><li class=\"blocks-gallery-item\"><figure><img decoding=\"async\" width=\"900\" height=\"437\" src=\"data:image\/gif;base64,R0lGODlhAQABAAAAACH5BAEKAAEALAAAAAABAAEAAAICTAEAOw==\" data-src=\"https:\/\/buletin.de\/bucuresti\/wp-content\/uploads\/20211215_170413-900x437.jpg\" alt=\"\" data-id=\"36234\" class=\"wp-image-36234 lazyload\" data-sizes=\"auto\" data-srcset=\"https:\/\/buletin.de\/bucuresti\/wp-content\/uploads\/20211215_170413-900x437.jpg 900w, https:\/\/buletin.de\/bucuresti\/wp-content\/uploads\/20211215_170413-300x146.jpg 300w, https:\/\/buletin.de\/bucuresti\/wp-content\/uploads\/20211215_170413-768x373.jpg 768w, https:\/\/buletin.de\/bucuresti\/wp-content\/uploads\/20211215_170413-1536x746.jpg 1536w, https:\/\/buletin.de\/bucuresti\/wp-content\/uploads\/20211215_170413-1060x515.jpg 1060w, https:\/\/buletin.de\/bucuresti\/wp-content\/uploads\/20211215_170413-550x267.jpg 550w, https:\/\/buletin.de\/bucuresti\/wp-content\/uploads\/20211215_170413-1029x500.jpg 1029w, https:\/\/buletin.de\/bucuresti\/wp-content\/uploads\/20211215_170413-1920x933.jpg 1920w, https:\/\/buletin.de\/bucuresti\/wp-content\/uploads\/20211215_170413-600x292.jpg 600w, https:\/\/buletin.de\/bucuresti\/wp-content\/uploads\/20211215_170413.jpg 2000w\" sizes=\"(max-width: 900px) 100vw, 900px\" \/><\/figure><\/li><li class=\"blocks-gallery-item\"><figure><img decoding=\"async\" width=\"900\" height=\"437\" src=\"data:image\/gif;base64,R0lGODlhAQABAAAAACH5BAEKAAEALAAAAAABAAEAAAICTAEAOw==\" data-src=\"https:\/\/buletin.de\/bucuresti\/wp-content\/uploads\/20211215_170438-900x437.jpg\" alt=\"\" data-id=\"36239\" data-full-url=\"https:\/\/buletin.de\/bucuresti\/wp-content\/uploads\/20211215_170438.jpg\" data-link=\"https:\/\/buletin.de\/bucuresti\/?attachment_id=36239\" class=\"wp-image-36239 lazyload\" data-sizes=\"auto\" data-srcset=\"https:\/\/buletin.de\/bucuresti\/wp-content\/uploads\/20211215_170438-900x437.jpg 900w, https:\/\/buletin.de\/bucuresti\/wp-content\/uploads\/20211215_170438-300x146.jpg 300w, https:\/\/buletin.de\/bucuresti\/wp-content\/uploads\/20211215_170438-768x373.jpg 768w, https:\/\/buletin.de\/bucuresti\/wp-content\/uploads\/20211215_170438-1536x746.jpg 1536w, https:\/\/buletin.de\/bucuresti\/wp-content\/uploads\/20211215_170438-1060x515.jpg 1060w, https:\/\/buletin.de\/bucuresti\/wp-content\/uploads\/20211215_170438-550x267.jpg 550w, https:\/\/buletin.de\/bucuresti\/wp-content\/uploads\/20211215_170438-1029x500.jpg 1029w, https:\/\/buletin.de\/bucuresti\/wp-content\/uploads\/20211215_170438-1920x933.jpg 1920w, https:\/\/buletin.de\/bucuresti\/wp-content\/uploads\/20211215_170438-600x292.jpg 600w, https:\/\/buletin.de\/bucuresti\/wp-content\/uploads\/20211215_170438.jpg 2000w\" sizes=\"(max-width: 900px) 100vw, 900px\" \/><\/figure><\/li><\/ul><\/figure>\n\n\n\n<p>Lini\u0219tea, sor\u0103 cu pio\u0219enia, se sparge \u00eens\u0103 \u00een vecin\u0103tatea locului de joac\u0103 din cel\u0103lalt cap\u0103t. Copil\u0103ria are alte priorit\u0103\u021bi fata de preocup\u0103rile adul\u021bilor pentru o sfera luminat\u0103. Aici e o cu totul alt\u0103 lume, cu alte \u021beluri. Nimic din joaca generalizat\u0103 nu pare s\u0103 aib\u0103 vreo leg\u0103tura cu <a href=\"https:\/\/buletin.de\/bucuresti\/festivalul-lights-on-in-premiera-in-parcurile-din-sectorul-2\/\">Festivalul Lights On<\/a>, care a adus mapamondul \u00een Parcul Ioanid \u0219i care a animat locul \u00een ciuda tarabelor \u00eenchise.<\/p>\n\n\n\n<p>Surprinz\u0103tor lucru pentru malurile D\u00e2mbovi\u021bei, pentru c\u0103 orice eveniment public, oric\u00e2t de ne\u00eensemnat ar fi, vine la pachet cu oportunitatea pentru profit a buticarilor care parc\u0103 ies din p\u0103m\u00e2nt la un semn.<\/p>\n\n\n\n<figure class=\"wp-block-image size-large\"><img loading=\"lazy\" decoding=\"async\" width=\"900\" height=\"437\" src=\"data:image\/gif;base64,R0lGODlhAQABAAAAACH5BAEKAAEALAAAAAABAAEAAAICTAEAOw==\" data-src=\"https:\/\/buletin.de\/bucuresti\/wp-content\/uploads\/20211215_170818-900x437.jpg\" alt=\"\" class=\"wp-image-36235 lazyload\" data-sizes=\"auto\" data-srcset=\"https:\/\/buletin.de\/bucuresti\/wp-content\/uploads\/20211215_170818-900x437.jpg 900w, https:\/\/buletin.de\/bucuresti\/wp-content\/uploads\/20211215_170818-300x146.jpg 300w, https:\/\/buletin.de\/bucuresti\/wp-content\/uploads\/20211215_170818-768x373.jpg 768w, https:\/\/buletin.de\/bucuresti\/wp-content\/uploads\/20211215_170818-1536x746.jpg 1536w, https:\/\/buletin.de\/bucuresti\/wp-content\/uploads\/20211215_170818-1060x515.jpg 1060w, https:\/\/buletin.de\/bucuresti\/wp-content\/uploads\/20211215_170818-550x267.jpg 550w, https:\/\/buletin.de\/bucuresti\/wp-content\/uploads\/20211215_170818-1029x500.jpg 1029w, https:\/\/buletin.de\/bucuresti\/wp-content\/uploads\/20211215_170818-1920x933.jpg 1920w, https:\/\/buletin.de\/bucuresti\/wp-content\/uploads\/20211215_170818-600x292.jpg 600w, https:\/\/buletin.de\/bucuresti\/wp-content\/uploads\/20211215_170818.jpg 2000w\" sizes=\"(max-width: 900px) 100vw, 900px\" \/><\/figure>\n\n\n\n<p>\u00cen parcul Ioanid, la ceas de sear\u0103, cele dou\u0103 gherete au obloanele trase, iar singurele simboluri ale mercantilismului sunt reprezentate de dou\u0103 automate: unul pentru cafea iar cel\u0103lalt pentru fre\u0219 de portocale.<\/p>\n\n\n\n<p>Greu de crezut pentru lumea de acum 150 de ani, c\u00e2nd \u00een Gr\u0103dina lui Br\u0103slea locuitorii din mahalalele \u00eenvecinate se adunau s\u00e2mbetele \u0219i duminicile \u0219i animau locul aproape ca \u0219i ast\u0103zi.<\/p>\n\n\n\n<p><em>\u201cGr\u0103dina Ioanid este aceea\u015fi gr\u0103din\u0103 care, \u00eentre 1830\u20141860, era cunoscut\u0103 sub numele de gr\u0103dina lui Breslea (Br\u0103slea). Mai t\u00eerziu ea a devenit proprietatea librarului Gh. Ioanid (1818\u20141906) care, pe la mijlocul secolului trecut avea c\u00e2teva pr\u0103v\u0103lii de libr\u0103rie \u015fi papet\u0103rie \u00een Bucure\u015fti \u015fi era unul din cei mai activi editori de c\u0103r\u0163i, romane \u015fi traduceri din diferite limbi str\u0103ine, \u00een special din limba francez\u0103.<\/em><\/p>\n\n\n\n<p><em>Era o gr\u0103din\u0103 mare, cu pomi fructiferi de toate sorturile (26 specii create de Ioanid), iar pe cea mai \u00eentins\u0103 suprafa\u0163\u0103 a ei se cultivau legume \u015fi zarzavaturi care, prin 1872, nu erau numai spre folosul proprietarului, ci, prin v\u00eenzare, \u015fi spre al locuitorilor din acea mahala.<\/em><\/p>\n\n\n\n<p><em>\u00cen mijlocul gr\u0103dinii se afla o frumoas\u0103 cas\u0103 cu parter \u015fi etaj care la un moment dat, cu aprobarea autorit\u0103\u0163ilor, a fost pus\u0103 la loterie. Pre\u0163ul unui bilet era de un galben. Cum a decurs tragerea loteriei \u0219i cine a c\u00ee\u015ftigat-o, nu ne este cunoscut.<\/em><\/p>\n\n\n\n<p><em>Mai t\u00eerziu, o parte din loc a fost parcelat \u015fi numai o mic\u0103 por\u0163iune se mai p\u0103streaz\u0103 din ea (cump\u0103rat\u0103 de prim\u0103ria ora\u015fului), fiindc\u0103 pe restul terenului s-a construit o serie de case \u015fi vile foarte frumoase, form\u00eend un cartier select al ora\u015fului, cuprins \u00eentre str. Polon\u0103, B-dul Dacia \u015fi strada \u0162\u0103ranilor, devenit\u0103 din 1913, dup\u0103 moartea renumitului nostru aviator, strada Aurel Vlaicu.<\/em><\/p>\n\n\n\n<p><em>Intre 1870\u20141900 gr\u0103dina Ioanid era locul unde locuitorii din mahalalele \u00eenvecinate, veneau \u00een num\u0103r mare, mai ales duminicile \u015fi \u00een celelalte s\u0103rb\u0103tori ale verii, s\u0103 m\u0103n\u00e2nce la iarb\u0103 verde, s\u0103 bea \u015fi s\u0103 petreac\u0103. Partea gr\u0103dinii, neparcelat\u0103, \u015fi cump\u0103rat\u0103 de prim\u0103rie, dup\u0103 1920 a devenit Parcul Ioanid\u201d<\/em><\/p>\n\n\n\n<p><em>George Potra \u2013 Din Bucure\u0219tii de alt\u0103dat\u0103 (Editura \u0218tiin\u021bific\u0103 \u0219i Enciclopedic\u0103, 1981)<\/em><\/p>\n\n\n\n<p><strong>CITE\u0218TE \u0218I <\/strong><\/p>\n\n\n\n<p><a href=\"https:\/\/buletin.de\/bucuresti\/festivalul-lights-on-in-premiera-in-parcurile-din-sectorul-2\/\">Festivalul Lights On \u00een premier\u0103, \u00een parcurile din Sectorul 2<\/a><\/p>\n","protected":false},"excerpt":{"rendered":"<p>Parcul Ioanid \u00ee\u0219i retr\u0103ie\u0219te, \u00een aceast\u0103 perioad\u0103, perioada de glorie de acum 150 de ani. Mereu aflat \u00een umbra surorii mai mari &#8211; Gr\u0103dina Icoanei \u2013 locul a c\u0103p\u0103tat de c\u00e2teva zile toate atributele unui veritabil pelerinaj. O dub\u0103 de Jandarmerie p\u0103ze\u0219te intrarea principal\u0103 din Pia\u021ba Gheorghe Cantacuzino. E greu de intuit dac\u0103 e vorba [&hellip;]<\/p>\n","protected":false},"author":10,"featured_media":36236,"comment_status":"closed","ping_status":"open","sticky":false,"template":"","format":"standard","meta":{"_acf_changed":false,"inline_featured_image":false,"ngg_post_thumbnail":0,"footnotes":""},"categories":[3419,169],"tags":[3694,3645,3693,502,173],"ppma_author":[22575],"class_list":["post-36232","post","type-post","status-publish","format-standard","has-post-thumbnail","hentry","category-featured","category-reportaj","tag-glob","tag-lights-on","tag-parcul-ioanid","tag-program","tag-reportaj"],"acf":[],"yoast_head":"<!-- This site is optimized with the Yoast SEO Premium plugin v25.3 (Yoast SEO v27.4) - https:\/\/yoast.com\/product\/yoast-seo-premium-wordpress\/ -->\n<title>REPORTAJ | Miracolul globului luminat din Parcul Ioanid \u0219i povara lumii de pe umerii bucure\u0219tenilor - Buletin de Bucure\u0219ti<\/title>\n<meta name=\"robots\" content=\"index, follow, max-snippet:-1, max-image-preview:large, max-video-preview:-1\" \/>\n<link rel=\"canonical\" href=\"https:\/\/buletin.de\/bucuresti\/reportaj-miracolul-globului-luminat-din-parcul-ioanid-si-povara-lumii-de-pe-umerii-bucurestenilor\/\" \/>\n<meta property=\"og:locale\" content=\"en_GB\" \/>\n<meta property=\"og:type\" content=\"article\" \/>\n<meta property=\"og:title\" content=\"REPORTAJ | Miracolul globului luminat din Parcul Ioanid \u0219i povara lumii de pe umerii bucure\u0219tenilor\" \/>\n<meta property=\"og:description\" content=\"Parcul Ioanid \u00ee\u0219i retr\u0103ie\u0219te, \u00een aceast\u0103 perioad\u0103, perioada de glorie de acum 150 de ani. Mereu aflat \u00een umbra surorii mai mari &#8211; Gr\u0103dina Icoanei \u2013 locul a c\u0103p\u0103tat de c\u00e2teva zile toate atributele unui veritabil pelerinaj. O dub\u0103 de Jandarmerie p\u0103ze\u0219te intrarea principal\u0103 din Pia\u021ba Gheorghe Cantacuzino. E greu de intuit dac\u0103 e vorba [&hellip;]\" \/>\n<meta property=\"og:url\" content=\"https:\/\/buletin.de\/bucuresti\/reportaj-miracolul-globului-luminat-din-parcul-ioanid-si-povara-lumii-de-pe-umerii-bucurestenilor\/\" \/>\n<meta property=\"og:site_name\" content=\"Buletin de Bucure\u0219ti\" \/>\n<meta property=\"article:publisher\" content=\"https:\/\/www.facebook.com\/buletin.de.buc\" \/>\n<meta property=\"article:published_time\" content=\"2021-12-16T11:41:24+00:00\" \/>\n<meta property=\"article:modified_time\" content=\"2021-12-17T09:39:13+00:00\" \/>\n<meta property=\"og:image\" content=\"https:\/\/buletin.de\/bucuresti\/wp-content\/uploads\/20211215_170533.jpg\" \/>\n\t<meta property=\"og:image:width\" content=\"2000\" \/>\n\t<meta property=\"og:image:height\" content=\"972\" \/>\n\t<meta property=\"og:image:type\" content=\"image\/jpeg\" \/>\n<meta name=\"author\" content=\"C\u0103t\u0103lin Dosca\u0219\" \/>\n<meta name=\"twitter:card\" content=\"summary_large_image\" \/>\n<meta name=\"twitter:label1\" content=\"Written by\" \/>\n\t<meta name=\"twitter:data1\" content=\"C\u0103t\u0103lin Dosca\u0219\" \/>\n\t<meta name=\"twitter:label2\" content=\"Estimated reading time\" \/>\n\t<meta name=\"twitter:data2\" content=\"4 minutes\" \/>\n<script type=\"application\/ld+json\" class=\"yoast-schema-graph\">{\"@context\":\"https:\\\/\\\/schema.org\",\"@graph\":[{\"@type\":\"Article\",\"@id\":\"https:\\\/\\\/buletin.de\\\/bucuresti\\\/reportaj-miracolul-globului-luminat-din-parcul-ioanid-si-povara-lumii-de-pe-umerii-bucurestenilor\\\/#article\",\"isPartOf\":{\"@id\":\"https:\\\/\\\/buletin.de\\\/bucuresti\\\/reportaj-miracolul-globului-luminat-din-parcul-ioanid-si-povara-lumii-de-pe-umerii-bucurestenilor\\\/\"},\"author\":{\"name\":\"C\u0103t\u0103lin Dosca\u0219\",\"@id\":\"https:\\\/\\\/buletin.de\\\/bucuresti\\\/#\\\/schema\\\/person\\\/31117187ed4d0bdb0a4c7d6acc79d0f8\"},\"headline\":\"REPORTAJ | Miracolul globului luminat din Parcul Ioanid \u0219i povara lumii de pe umerii bucure\u0219tenilor\",\"datePublished\":\"2021-12-16T11:41:24+00:00\",\"dateModified\":\"2021-12-17T09:39:13+00:00\",\"mainEntityOfPage\":{\"@id\":\"https:\\\/\\\/buletin.de\\\/bucuresti\\\/reportaj-miracolul-globului-luminat-din-parcul-ioanid-si-povara-lumii-de-pe-umerii-bucurestenilor\\\/\"},\"wordCount\":820,\"publisher\":{\"@id\":\"https:\\\/\\\/buletin.de\\\/bucuresti\\\/#organization\"},\"image\":{\"@id\":\"https:\\\/\\\/buletin.de\\\/bucuresti\\\/reportaj-miracolul-globului-luminat-din-parcul-ioanid-si-povara-lumii-de-pe-umerii-bucurestenilor\\\/#primaryimage\"},\"thumbnailUrl\":\"https:\\\/\\\/buletin.de\\\/bucuresti\\\/wp-content\\\/uploads\\\/20211215_170533.jpg\",\"keywords\":[\"glob\",\"Lights on\",\"parcul ioanid\",\"program\",\"reportaj\"],\"articleSection\":[\"Featured\",\"Reportaj\"],\"inLanguage\":\"en-GB\",\"copyrightYear\":\"2021\",\"copyrightHolder\":{\"@id\":\"https:\\\/\\\/buletin.de\\\/bucuresti\\\/#organization\"}},{\"@type\":\"WebPage\",\"@id\":\"https:\\\/\\\/buletin.de\\\/bucuresti\\\/reportaj-miracolul-globului-luminat-din-parcul-ioanid-si-povara-lumii-de-pe-umerii-bucurestenilor\\\/\",\"url\":\"https:\\\/\\\/buletin.de\\\/bucuresti\\\/reportaj-miracolul-globului-luminat-din-parcul-ioanid-si-povara-lumii-de-pe-umerii-bucurestenilor\\\/\",\"name\":\"REPORTAJ | Miracolul globului luminat din Parcul Ioanid \u0219i povara lumii de pe umerii bucure\u0219tenilor - Buletin de Bucure\u0219ti\",\"isPartOf\":{\"@id\":\"https:\\\/\\\/buletin.de\\\/bucuresti\\\/#website\"},\"primaryImageOfPage\":{\"@id\":\"https:\\\/\\\/buletin.de\\\/bucuresti\\\/reportaj-miracolul-globului-luminat-din-parcul-ioanid-si-povara-lumii-de-pe-umerii-bucurestenilor\\\/#primaryimage\"},\"image\":{\"@id\":\"https:\\\/\\\/buletin.de\\\/bucuresti\\\/reportaj-miracolul-globului-luminat-din-parcul-ioanid-si-povara-lumii-de-pe-umerii-bucurestenilor\\\/#primaryimage\"},\"thumbnailUrl\":\"https:\\\/\\\/buletin.de\\\/bucuresti\\\/wp-content\\\/uploads\\\/20211215_170533.jpg\",\"datePublished\":\"2021-12-16T11:41:24+00:00\",\"dateModified\":\"2021-12-17T09:39:13+00:00\",\"breadcrumb\":{\"@id\":\"https:\\\/\\\/buletin.de\\\/bucuresti\\\/reportaj-miracolul-globului-luminat-din-parcul-ioanid-si-povara-lumii-de-pe-umerii-bucurestenilor\\\/#breadcrumb\"},\"inLanguage\":\"en-GB\",\"potentialAction\":[{\"@type\":\"ReadAction\",\"target\":[\"https:\\\/\\\/buletin.de\\\/bucuresti\\\/reportaj-miracolul-globului-luminat-din-parcul-ioanid-si-povara-lumii-de-pe-umerii-bucurestenilor\\\/\"]}]},{\"@type\":\"ImageObject\",\"inLanguage\":\"en-GB\",\"@id\":\"https:\\\/\\\/buletin.de\\\/bucuresti\\\/reportaj-miracolul-globului-luminat-din-parcul-ioanid-si-povara-lumii-de-pe-umerii-bucurestenilor\\\/#primaryimage\",\"url\":\"https:\\\/\\\/buletin.de\\\/bucuresti\\\/wp-content\\\/uploads\\\/20211215_170533.jpg\",\"contentUrl\":\"https:\\\/\\\/buletin.de\\\/bucuresti\\\/wp-content\\\/uploads\\\/20211215_170533.jpg\",\"width\":2000,\"height\":972},{\"@type\":\"BreadcrumbList\",\"@id\":\"https:\\\/\\\/buletin.de\\\/bucuresti\\\/reportaj-miracolul-globului-luminat-din-parcul-ioanid-si-povara-lumii-de-pe-umerii-bucurestenilor\\\/#breadcrumb\",\"itemListElement\":[{\"@type\":\"ListItem\",\"position\":1,\"name\":\"Acas\u0103\",\"item\":\"https:\\\/\\\/buletin.de\\\/bucuresti\\\/\"},{\"@type\":\"ListItem\",\"position\":2,\"name\":\"REPORTAJ | Miracolul globului luminat din Parcul Ioanid \u0219i povara lumii de pe umerii bucure\u0219tenilor\"}]},{\"@type\":\"WebSite\",\"@id\":\"https:\\\/\\\/buletin.de\\\/bucuresti\\\/#website\",\"url\":\"https:\\\/\\\/buletin.de\\\/bucuresti\\\/\",\"name\":\"Buletin de Bucure\u0219ti\",\"description\":\"\u0218tiri \u0219i investiga\u021bii esen\u021biale din capital\u0103\",\"publisher\":{\"@id\":\"https:\\\/\\\/buletin.de\\\/bucuresti\\\/#organization\"},\"potentialAction\":[{\"@type\":\"SearchAction\",\"target\":{\"@type\":\"EntryPoint\",\"urlTemplate\":\"https:\\\/\\\/buletin.de\\\/bucuresti\\\/?s={search_term_string}\"},\"query-input\":{\"@type\":\"PropertyValueSpecification\",\"valueRequired\":true,\"valueName\":\"search_term_string\"}}],\"inLanguage\":\"en-GB\"},{\"@type\":\"Organization\",\"@id\":\"https:\\\/\\\/buletin.de\\\/bucuresti\\\/#organization\",\"name\":\"Buletin de Bucure\u0219ti\",\"url\":\"https:\\\/\\\/buletin.de\\\/bucuresti\\\/\",\"logo\":{\"@type\":\"ImageObject\",\"inLanguage\":\"en-GB\",\"@id\":\"https:\\\/\\\/buletin.de\\\/bucuresti\\\/#\\\/schema\\\/logo\\\/image\\\/\",\"url\":\"https:\\\/\\\/buletin.de\\\/bucuresti\\\/wp-content\\\/uploads\\\/logo-bdb-full-wide-vernil-transparent.png\",\"contentUrl\":\"https:\\\/\\\/buletin.de\\\/bucuresti\\\/wp-content\\\/uploads\\\/logo-bdb-full-wide-vernil-transparent.png\",\"width\":1782,\"height\":626,\"caption\":\"Buletin de Bucure\u0219ti\"},\"image\":{\"@id\":\"https:\\\/\\\/buletin.de\\\/bucuresti\\\/#\\\/schema\\\/logo\\\/image\\\/\"},\"sameAs\":[\"https:\\\/\\\/www.facebook.com\\\/buletin.de.buc\",\"https:\\\/\\\/www.instagram.com\\\/buletinde.bucuresti\\\/\"]},{\"@type\":\"Person\",\"@id\":\"https:\\\/\\\/buletin.de\\\/bucuresti\\\/#\\\/schema\\\/person\\\/31117187ed4d0bdb0a4c7d6acc79d0f8\",\"name\":\"C\u0103t\u0103lin Dosca\u0219\",\"image\":{\"@type\":\"ImageObject\",\"inLanguage\":\"en-GB\",\"@id\":\"https:\\\/\\\/buletin.de\\\/bucuresti\\\/wp-content\\\/uploads\\\/Catalin-Doscas-e1732731064764-96x96.jpga93e2943bb3b1c1f9ead823df6e6317a\",\"url\":\"https:\\\/\\\/buletin.de\\\/bucuresti\\\/wp-content\\\/uploads\\\/Catalin-Doscas-e1732731064764-96x96.jpg\",\"contentUrl\":\"https:\\\/\\\/buletin.de\\\/bucuresti\\\/wp-content\\\/uploads\\\/Catalin-Doscas-e1732731064764-96x96.jpg\",\"caption\":\"C\u0103t\u0103lin Dosca\u0219\"},\"description\":\"Reporter \u0219i redactor-\u0219ef Buletin de Bucure\u0219ti. Lucreaz\u0103 \u00een mass-media de la v\u00e2rsta de 15 ani, c\u00e2nd a publicat primele articole \u00een presa local\u0103 din Tecuci. \u00cen Bucure\u0219ti a lucrat \u00een redac\u021bii radio ca reporter, redactor \u0219i prezentator (StudentFM, Na\u021bionalFM, Radio Total, Smart FM), unde a acoperit domeniile politic, economic, social \u0219i externe. Ulterior, a fost editor-coordonator al postului Realitatea FM. Experien\u021ba \u00een jurnalismul online a dob\u00e2ndit-o la portalul B365.ro, unde a fost editor. \u00cen 2012 s-a angajat \u00een televiziune. La Realitatea TV a fost, pe r\u00e2nd, reporter la sec\u021bia Social, reporter special la emisiunea de reportaje \u0219i anchete \u201eReporterii Realit\u0103\u021bii\u201d, dar \u0219i editor al jurnalelor de \u0219tiri. Ulterior, a f\u0103cut parte din sec\u021bia de Investiga\u021bii de la Digi24 \u0219i a lucrat la campania \u201eRom\u00e2nia furat\u0103\u201d. A revenit \u00een presa scris\u0103 \u00een 2017, ca reporter special, \u00een cadrul unui proiect de repozi\u021bionare a tabloidului Libertatea \u00een cotidian generalist. Este jurnalist Buletin de Bucure\u0219ti din 2019.\",\"url\":\"https:\\\/\\\/buletin.de\\\/bucuresti\\\/author\\\/catalin\\\/\"}]}<\/script>\n<!-- \/ Yoast SEO Premium plugin. -->","yoast_head_json":{"title":"REPORTAJ | Miracolul globului luminat din Parcul Ioanid \u0219i povara lumii de pe umerii bucure\u0219tenilor - Buletin de Bucure\u0219ti","robots":{"index":"index","follow":"follow","max-snippet":"max-snippet:-1","max-image-preview":"max-image-preview:large","max-video-preview":"max-video-preview:-1"},"canonical":"https:\/\/buletin.de\/bucuresti\/reportaj-miracolul-globului-luminat-din-parcul-ioanid-si-povara-lumii-de-pe-umerii-bucurestenilor\/","og_locale":"en_GB","og_type":"article","og_title":"REPORTAJ | Miracolul globului luminat din Parcul Ioanid \u0219i povara lumii de pe umerii bucure\u0219tenilor","og_description":"Parcul Ioanid \u00ee\u0219i retr\u0103ie\u0219te, \u00een aceast\u0103 perioad\u0103, perioada de glorie de acum 150 de ani. Mereu aflat \u00een umbra surorii mai mari &#8211; Gr\u0103dina Icoanei \u2013 locul a c\u0103p\u0103tat de c\u00e2teva zile toate atributele unui veritabil pelerinaj. O dub\u0103 de Jandarmerie p\u0103ze\u0219te intrarea principal\u0103 din Pia\u021ba Gheorghe Cantacuzino. E greu de intuit dac\u0103 e vorba [&hellip;]","og_url":"https:\/\/buletin.de\/bucuresti\/reportaj-miracolul-globului-luminat-din-parcul-ioanid-si-povara-lumii-de-pe-umerii-bucurestenilor\/","og_site_name":"Buletin de Bucure\u0219ti","article_publisher":"https:\/\/www.facebook.com\/buletin.de.buc","article_published_time":"2021-12-16T11:41:24+00:00","article_modified_time":"2021-12-17T09:39:13+00:00","og_image":[{"width":2000,"height":972,"url":"https:\/\/buletin.de\/bucuresti\/wp-content\/uploads\/20211215_170533.jpg","type":"image\/jpeg"}],"author":"C\u0103t\u0103lin Dosca\u0219","twitter_card":"summary_large_image","twitter_misc":{"Written by":"C\u0103t\u0103lin Dosca\u0219","Estimated reading time":"4 minutes"},"schema":{"@context":"https:\/\/schema.org","@graph":[{"@type":"Article","@id":"https:\/\/buletin.de\/bucuresti\/reportaj-miracolul-globului-luminat-din-parcul-ioanid-si-povara-lumii-de-pe-umerii-bucurestenilor\/#article","isPartOf":{"@id":"https:\/\/buletin.de\/bucuresti\/reportaj-miracolul-globului-luminat-din-parcul-ioanid-si-povara-lumii-de-pe-umerii-bucurestenilor\/"},"author":{"name":"C\u0103t\u0103lin Dosca\u0219","@id":"https:\/\/buletin.de\/bucuresti\/#\/schema\/person\/31117187ed4d0bdb0a4c7d6acc79d0f8"},"headline":"REPORTAJ | Miracolul globului luminat din Parcul Ioanid \u0219i povara lumii de pe umerii bucure\u0219tenilor","datePublished":"2021-12-16T11:41:24+00:00","dateModified":"2021-12-17T09:39:13+00:00","mainEntityOfPage":{"@id":"https:\/\/buletin.de\/bucuresti\/reportaj-miracolul-globului-luminat-din-parcul-ioanid-si-povara-lumii-de-pe-umerii-bucurestenilor\/"},"wordCount":820,"publisher":{"@id":"https:\/\/buletin.de\/bucuresti\/#organization"},"image":{"@id":"https:\/\/buletin.de\/bucuresti\/reportaj-miracolul-globului-luminat-din-parcul-ioanid-si-povara-lumii-de-pe-umerii-bucurestenilor\/#primaryimage"},"thumbnailUrl":"https:\/\/buletin.de\/bucuresti\/wp-content\/uploads\/20211215_170533.jpg","keywords":["glob","Lights on","parcul ioanid","program","reportaj"],"articleSection":["Featured","Reportaj"],"inLanguage":"en-GB","copyrightYear":"2021","copyrightHolder":{"@id":"https:\/\/buletin.de\/bucuresti\/#organization"}},{"@type":"WebPage","@id":"https:\/\/buletin.de\/bucuresti\/reportaj-miracolul-globului-luminat-din-parcul-ioanid-si-povara-lumii-de-pe-umerii-bucurestenilor\/","url":"https:\/\/buletin.de\/bucuresti\/reportaj-miracolul-globului-luminat-din-parcul-ioanid-si-povara-lumii-de-pe-umerii-bucurestenilor\/","name":"REPORTAJ | Miracolul globului luminat din Parcul Ioanid \u0219i povara lumii de pe umerii bucure\u0219tenilor - Buletin de Bucure\u0219ti","isPartOf":{"@id":"https:\/\/buletin.de\/bucuresti\/#website"},"primaryImageOfPage":{"@id":"https:\/\/buletin.de\/bucuresti\/reportaj-miracolul-globului-luminat-din-parcul-ioanid-si-povara-lumii-de-pe-umerii-bucurestenilor\/#primaryimage"},"image":{"@id":"https:\/\/buletin.de\/bucuresti\/reportaj-miracolul-globului-luminat-din-parcul-ioanid-si-povara-lumii-de-pe-umerii-bucurestenilor\/#primaryimage"},"thumbnailUrl":"https:\/\/buletin.de\/bucuresti\/wp-content\/uploads\/20211215_170533.jpg","datePublished":"2021-12-16T11:41:24+00:00","dateModified":"2021-12-17T09:39:13+00:00","breadcrumb":{"@id":"https:\/\/buletin.de\/bucuresti\/reportaj-miracolul-globului-luminat-din-parcul-ioanid-si-povara-lumii-de-pe-umerii-bucurestenilor\/#breadcrumb"},"inLanguage":"en-GB","potentialAction":[{"@type":"ReadAction","target":["https:\/\/buletin.de\/bucuresti\/reportaj-miracolul-globului-luminat-din-parcul-ioanid-si-povara-lumii-de-pe-umerii-bucurestenilor\/"]}]},{"@type":"ImageObject","inLanguage":"en-GB","@id":"https:\/\/buletin.de\/bucuresti\/reportaj-miracolul-globului-luminat-din-parcul-ioanid-si-povara-lumii-de-pe-umerii-bucurestenilor\/#primaryimage","url":"https:\/\/buletin.de\/bucuresti\/wp-content\/uploads\/20211215_170533.jpg","contentUrl":"https:\/\/buletin.de\/bucuresti\/wp-content\/uploads\/20211215_170533.jpg","width":2000,"height":972},{"@type":"BreadcrumbList","@id":"https:\/\/buletin.de\/bucuresti\/reportaj-miracolul-globului-luminat-din-parcul-ioanid-si-povara-lumii-de-pe-umerii-bucurestenilor\/#breadcrumb","itemListElement":[{"@type":"ListItem","position":1,"name":"Acas\u0103","item":"https:\/\/buletin.de\/bucuresti\/"},{"@type":"ListItem","position":2,"name":"REPORTAJ | Miracolul globului luminat din Parcul Ioanid \u0219i povara lumii de pe umerii bucure\u0219tenilor"}]},{"@type":"WebSite","@id":"https:\/\/buletin.de\/bucuresti\/#website","url":"https:\/\/buletin.de\/bucuresti\/","name":"Buletin de Bucure\u0219ti","description":"\u0218tiri \u0219i investiga\u021bii esen\u021biale din capital\u0103","publisher":{"@id":"https:\/\/buletin.de\/bucuresti\/#organization"},"potentialAction":[{"@type":"SearchAction","target":{"@type":"EntryPoint","urlTemplate":"https:\/\/buletin.de\/bucuresti\/?s={search_term_string}"},"query-input":{"@type":"PropertyValueSpecification","valueRequired":true,"valueName":"search_term_string"}}],"inLanguage":"en-GB"},{"@type":"Organization","@id":"https:\/\/buletin.de\/bucuresti\/#organization","name":"Buletin de Bucure\u0219ti","url":"https:\/\/buletin.de\/bucuresti\/","logo":{"@type":"ImageObject","inLanguage":"en-GB","@id":"https:\/\/buletin.de\/bucuresti\/#\/schema\/logo\/image\/","url":"https:\/\/buletin.de\/bucuresti\/wp-content\/uploads\/logo-bdb-full-wide-vernil-transparent.png","contentUrl":"https:\/\/buletin.de\/bucuresti\/wp-content\/uploads\/logo-bdb-full-wide-vernil-transparent.png","width":1782,"height":626,"caption":"Buletin de Bucure\u0219ti"},"image":{"@id":"https:\/\/buletin.de\/bucuresti\/#\/schema\/logo\/image\/"},"sameAs":["https:\/\/www.facebook.com\/buletin.de.buc","https:\/\/www.instagram.com\/buletinde.bucuresti\/"]},{"@type":"Person","@id":"https:\/\/buletin.de\/bucuresti\/#\/schema\/person\/31117187ed4d0bdb0a4c7d6acc79d0f8","name":"C\u0103t\u0103lin Dosca\u0219","image":{"@type":"ImageObject","inLanguage":"en-GB","@id":"https:\/\/buletin.de\/bucuresti\/wp-content\/uploads\/Catalin-Doscas-e1732731064764-96x96.jpga93e2943bb3b1c1f9ead823df6e6317a","url":"https:\/\/buletin.de\/bucuresti\/wp-content\/uploads\/Catalin-Doscas-e1732731064764-96x96.jpg","contentUrl":"https:\/\/buletin.de\/bucuresti\/wp-content\/uploads\/Catalin-Doscas-e1732731064764-96x96.jpg","caption":"C\u0103t\u0103lin Dosca\u0219"},"description":"Reporter \u0219i redactor-\u0219ef Buletin de Bucure\u0219ti. Lucreaz\u0103 \u00een mass-media de la v\u00e2rsta de 15 ani, c\u00e2nd a publicat primele articole \u00een presa local\u0103 din Tecuci. \u00cen Bucure\u0219ti a lucrat \u00een redac\u021bii radio ca reporter, redactor \u0219i prezentator (StudentFM, Na\u021bionalFM, Radio Total, Smart FM), unde a acoperit domeniile politic, economic, social \u0219i externe. Ulterior, a fost editor-coordonator al postului Realitatea FM. Experien\u021ba \u00een jurnalismul online a dob\u00e2ndit-o la portalul B365.ro, unde a fost editor. \u00cen 2012 s-a angajat \u00een televiziune. La Realitatea TV a fost, pe r\u00e2nd, reporter la sec\u021bia Social, reporter special la emisiunea de reportaje \u0219i anchete \u201eReporterii Realit\u0103\u021bii\u201d, dar \u0219i editor al jurnalelor de \u0219tiri. Ulterior, a f\u0103cut parte din sec\u021bia de Investiga\u021bii de la Digi24 \u0219i a lucrat la campania \u201eRom\u00e2nia furat\u0103\u201d. A revenit \u00een presa scris\u0103 \u00een 2017, ca reporter special, \u00een cadrul unui proiect de repozi\u021bionare a tabloidului Libertatea \u00een cotidian generalist. Este jurnalist Buletin de Bucure\u0219ti din 2019.","url":"https:\/\/buletin.de\/bucuresti\/author\/catalin\/"}]}},"authors":[{"term_id":22575,"user_id":10,"is_guest":0,"slug":"catalin","display_name":"C\u0103t\u0103lin Dosca\u0219","avatar_url":"https:\/\/buletin.de\/bucuresti\/wp-content\/uploads\/Catalin-Doscas-e1732731064764-96x96.jpg","0":null,"1":"","2":"","3":"","4":"","5":"","6":"","7":"","8":""}],"_links":{"self":[{"href":"https:\/\/buletin.de\/bucuresti\/wp-json\/wp\/v2\/posts\/36232","targetHints":{"allow":["GET"]}}],"collection":[{"href":"https:\/\/buletin.de\/bucuresti\/wp-json\/wp\/v2\/posts"}],"about":[{"href":"https:\/\/buletin.de\/bucuresti\/wp-json\/wp\/v2\/types\/post"}],"author":[{"embeddable":true,"href":"https:\/\/buletin.de\/bucuresti\/wp-json\/wp\/v2\/users\/10"}],"replies":[{"embeddable":true,"href":"https:\/\/buletin.de\/bucuresti\/wp-json\/wp\/v2\/comments?post=36232"}],"version-history":[{"count":9,"href":"https:\/\/buletin.de\/bucuresti\/wp-json\/wp\/v2\/posts\/36232\/revisions"}],"predecessor-version":[{"id":36340,"href":"https:\/\/buletin.de\/bucuresti\/wp-json\/wp\/v2\/posts\/36232\/revisions\/36340"}],"wp:featuredmedia":[{"embeddable":true,"href":"https:\/\/buletin.de\/bucuresti\/wp-json\/wp\/v2\/media\/36236"}],"wp:attachment":[{"href":"https:\/\/buletin.de\/bucuresti\/wp-json\/wp\/v2\/media?parent=36232"}],"wp:term":[{"taxonomy":"category","embeddable":true,"href":"https:\/\/buletin.de\/bucuresti\/wp-json\/wp\/v2\/categories?post=36232"},{"taxonomy":"post_tag","embeddable":true,"href":"https:\/\/buletin.de\/bucuresti\/wp-json\/wp\/v2\/tags?post=36232"},{"taxonomy":"author","embeddable":true,"href":"https:\/\/buletin.de\/bucuresti\/wp-json\/wp\/v2\/ppma_author?post=36232"}],"curies":[{"name":"wp","href":"https:\/\/api.w.org\/{rel}","templated":true}]}}