{"id":36183,"date":"2021-12-15T09:30:40","date_gmt":"2021-12-15T07:30:40","guid":{"rendered":"https:\/\/buletin.de\/bucuresti\/?p=36183"},"modified":"2021-12-15T11:49:04","modified_gmt":"2021-12-15T09:49:04","slug":"ne-ati-furat-comuna-proteste-la-mogosoaia-dupa-sedinta-de-consiliu-local-care-a-dat-verde-exproprierilor","status":"publish","type":"post","link":"https:\/\/buletin.de\/bucuresti\/ne-ati-furat-comuna-proteste-la-mogosoaia-dupa-sedinta-de-consiliu-local-care-a-dat-verde-exproprierilor\/","title":{"rendered":"\u201eNe-a\u021bi furat comuna!&#8221; Proteste la Mogo\u0219oaia dup\u0103 \u0219edin\u021ba de Consiliu Local care a dat und\u0103 verde exproprierilor"},"content":{"rendered":"\n<p class=\"has-pale-cyan-blue-background-color has-background\">Dincolo de pandemie, criz\u0103 economic\u0103 \u0219i energetic\u0103 \u0219i alte probleme de pe agenda public\u0103, oamenii din Mogo\u0219oaia mai au gestionat \u00eenc\u0103 una. <strong>Parte din propriet\u0103\u021bile lor vor fi expropriate<\/strong> pentru a face loc unui proiect dorit de mul\u021bi ani de edilul din comun\u0103. \u0218i care, \u00een sf\u00e2r\u0219it, are parte \u0219i de voturile a dou\u0103 treimi din consilierii locali. O parte dintre cei afecta\u021bi a protestat dup\u0103 fiecare \u0219edin\u021b\u0103 de consiliu \u00een care cei c\u0103rora le-au dat votul au dispus de propriet\u0103\u021bile lor, dar f\u0103r\u0103 efect. Aproape<strong> 6 milioane de metri p\u0103tra\u021bi<\/strong> de terenuri vor fi trecute \u00een proprietatea comunei Mogo\u0219oaia. Iar procedura poate \u00eencepe. <\/p>\n\n\n\n<p><\/p>\n\n\n\n<p>Consilierii locali PNL \u0219i PMP de la Mogo\u0219oaia au aprobat, \u00een \u0219edin\u021ba de seara trecut\u0103, declan\u0219area procedurii de expropriere pentru<strong> 3,2 milioane de mp<\/strong>. Adic\u0103 4 din cele 5 corpuri de teren care se vor transforma \u00een Sectorul Zero. \u00cen total, prim\u0103ria le va pl\u0103ti oamenilor peste 30 de milioane de lei desp\u0103gubiri, cu bani \u00eemprumuta\u021bi. La finalul \u0219edin\u021bei, oamenii s-au mai str\u00e2ns \u00eenc\u0103 o dat\u0103 pentru a-\u0219i ar\u0103ta opozi\u021bia fa\u021b\u0103 de planurile edilului. Au strigat &#8220;Ho\u021bii&#8221;, &#8220;Ne-a\u021bi furat comuna&#8221;, au cerut s\u0103 fie asculta\u021bi, s\u0103 le fie respectat dreptul de proprietate. \u00cen replic\u0103 autorit\u0103\u021bile au chemat poli\u021bia \u0219i jandarmii. <\/p>\n\n\n\n<p><\/p>\n\n\n\n<figure class=\"wp-block-video\"><video controls src=\"https:\/\/buletin.de\/bucuresti\/wp-content\/uploads\/WhatsApp-Video-2021-12-14-at-7.29.51-PM.mp4\"><\/video><figcaption>sursa USR Mogo\u0219oaia<\/figcaption><\/figure>\n\n\n\n<h2 class=\"wp-block-heading\">Un vot de la PMP a \u00eenclinat balan\u021ba<\/h2>\n\n\n\n<p>Primarul Precup, autorul reconfigur\u0103rii teritoriale a comunei Mogo\u0219oaia, a lipsit de la \u0219edin\u021ba de Consiliu Local. S-a declarat bolnav. A l\u0103sat \u00een sarcina consilierilor s\u0103 ia decizia de a \u00eencepe exproprierile. Iar votul decisiv a venit de la consilierul PMP Costel B\u0103ia\u0219 care de\u0219i ini\u021bial s-a declarat \u00eempotriva proiectului, seara trecut\u0103 a spus da. <\/p>\n\n\n\n<p>Contra proiectului au mai r\u0103mas doar 5 consilieri, 4 de la USR \u0219i unul de la PSD. Insuficient \u00eens\u0103 pentru a respinge hot\u0103r\u00e2rile care aveau nevoie de dou\u0103 treimi din voturi. <\/p>\n\n\n\n<p>Cele dou\u0103 hot\u0103r\u00e2ri care dau verde exproprierilor vizeaz\u0103 corpurile A, B, C \u0219i E din cele 5 care vor forma Sectorul Zero. <\/p>\n\n\n\n<p><\/p>\n\n\n\n<figure class=\"wp-block-image size-full\"><img fetchpriority=\"high\" decoding=\"async\" width=\"609\" height=\"631\" src=\"data:image\/gif;base64,R0lGODlhAQABAAAAACH5BAEKAAEALAAAAAABAAEAAAICTAEAOw==\" data-src=\"https:\/\/buletin.de\/bucuresti\/wp-content\/uploads\/image-993-1.png\" alt=\"\" class=\"wp-image-36185 lazyload\" data-sizes=\"auto\" data-srcset=\"https:\/\/buletin.de\/bucuresti\/wp-content\/uploads\/image-993-1.png 609w, https:\/\/buletin.de\/bucuresti\/wp-content\/uploads\/image-993-1-290x300.png 290w, https:\/\/buletin.de\/bucuresti\/wp-content\/uploads\/image-993-1-550x570.png 550w, https:\/\/buletin.de\/bucuresti\/wp-content\/uploads\/image-993-1-483x500.png 483w, https:\/\/buletin.de\/bucuresti\/wp-content\/uploads\/image-993-1-600x622.png 600w\" sizes=\"(max-width: 609px) 100vw, 609px\" \/><\/figure>\n\n\n\n<p>Despre planurile primarului Precup de a reconfigura comuna Buletin de Bucure\u0219ti a scris, pe larg, <a href=\"https:\/\/buletin.de\/bucuresti\/megaproiectul-sectorul-0-mogosoaia-de-la-lanuri-si-paduri-la-blocuri-de-10-etaje-consilierii-dezbat-vineri-reconfigurarea-teritoriala-a-comunei\/?fbclid=IwAR3pgLFq0rn_aEwzIfuHFqIJ3rV2Vp2X22Ph1in4JRBz6f8LgJPA3ob4QNM\">aici.<\/a><\/p>\n\n\n\n<figure class=\"wp-block-embed is-type-wp-embed is-provider-buletin-de-bucure\u0219ti wp-block-embed-buletin-de-bucure\u0219ti\"><div class=\"wp-block-embed__wrapper\">\n<blockquote class=\"wp-embedded-content\" data-secret=\"F5IjXLxqxH\"><a href=\"https:\/\/buletin.de\/bucuresti\/megaproiectul-sectorul-0-mogosoaia-de-la-lanuri-si-paduri-la-blocuri-de-10-etaje-consilierii-dezbat-vineri-reconfigurarea-teritoriala-a-comunei\/\">Megaproiectul \u201eSectorul 0 Mogo\u0219oaia\u201d | De la lanuri \u0219i p\u0103duri, la blocuri de 10 etaje. Reconfigurarea teritorial\u0103 a comunei, dezb\u0103tut\u0103 de Consiliul Local<\/a><\/blockquote><iframe class=\"wp-embedded-content\" sandbox=\"allow-scripts\" security=\"restricted\" style=\"position: absolute; clip: rect(1px, 1px, 1px, 1px);\" title=\"&#8222;Megaproiectul \u201eSectorul 0 Mogo\u0219oaia\u201d | De la lanuri \u0219i p\u0103duri, la blocuri de 10 etaje. Reconfigurarea teritorial\u0103 a comunei, dezb\u0103tut\u0103 de Consiliul Local&#8221; &#8212; Buletin de Bucure\u0219ti\" src=\"https:\/\/buletin.de\/bucuresti\/megaproiectul-sectorul-0-mogosoaia-de-la-lanuri-si-paduri-la-blocuri-de-10-etaje-consilierii-dezbat-vineri-reconfigurarea-teritoriala-a-comunei\/embed\/#?secret=7PItx6gQGR#?secret=F5IjXLxqxH\" data-secret=\"F5IjXLxqxH\" width=\"600\" height=\"338\" frameborder=\"0\" marginwidth=\"0\" marginheight=\"0\" scrolling=\"no\"><\/iframe>\n<\/div><\/figure>\n\n\n\n<h2 class=\"wp-block-heading\">Opozi\u021bie pe multe planuri, proiectul rezist\u0103<\/h2>\n\n\n\n<p>Deputatul USR Oana Cambera a f\u0103cut, ieri, o declara\u021bie politic\u0103 \u00een Parlament, pe tema proiectului de la Mogo\u0219oaia &#8211; Tun imobiliar sau dezvoltare durabil\u0103. Cambera le-a prezentat parlamentarilor o analiza succint\u0103 a situa\u021biei, a vorbit despre opozi\u021bia oamenilor \u0219i despre multele semne de \u00eentrebare care se pun asupra legalit\u0103\u021bii ac\u021biunilor \u00eentreprinse de Prim\u0103rie. <\/p>\n\n\n<p><iframe src=\"https:\/\/www.facebook.com\/plugins\/post.php?href=https%3A%2F%2Fwww.facebook.com%2FOanaCamberaUSRPLUS%2Fposts%2F312749657523486&amp;show_text=true&amp;width=500\" width=\"500\" height=\"609\" style=\"border:none;overflow:hidden\" scrolling=\"no\" frameborder=\"0\" allowfullscreen=\"true\" allow=\"autoplay; clipboard-write; encrypted-media; picture-in-picture; web-share\"><\/iframe><\/p>\n\n\n\n<p>Este doar una dintre \u00eencerc\u0103rile de a atrage aten\u021bia asupra problemelor generate de mega-proiectul Sector Zero dar \u0219i asupra modului \u00een care acesta e implementat. <\/p>\n\n\n\n<p>Pe rolul instan\u021belor sunt mai multe procese intentate de proprietarii afecta\u021bi care contest\u0103 legalitatea procedurii \u0219i cer stoparea exproprierilor p\u00e2n\u0103 la judecata pe fond. <\/p>\n\n\n\n<p>Dup\u0103 aprobarea declan\u0219\u0103rii procedurilor de expropiere, mai sunt de parcurs c\u00e2tiva pa\u0219i p\u00e2n\u0103 c\u00e2nd oamenii \u00ee\u0219i vor pierde dreptul de proprietate asupra terenurilor. <\/p>\n\n\n\n<p><em><strong>(1)<\/strong>&nbsp;Notificarea inten\u0163iei de expropriere a imobilelor, precum \u015fi lista imobilelor ce urmeaz\u0103 a fi expropriate se transmit prin po\u015ft\u0103 c\u0103tre proprietari. Lista imobilelor se face public\u0103 prin afi\u015farea acesteia la sediul consiliului local respectiv \u015fi pe pagina proprie de internet a expropriatorului.<\/em><\/p>\n\n\n\n<p><em><strong>(2)<\/strong>&nbsp;\u00cen termen de 30 de zile lucr\u0103toare de la data notific\u0103rii prev\u0103zute la alin. (1), proprietarii imobilelor cuprinse \u00een list\u0103 au obliga\u0163ia prezent\u0103rii la sediul expropriatorului, \u00een vederea stabilirii unei juste desp\u0103gubiri<\/em>.<\/p>\n\n\n\n<p>Extras Legea 255\/2010<\/p>\n\n\n\n<p>Abia dup\u0103 parcurgerea acestor etape, Prim\u0103ria va putea emite deciziile de expropriere care vor ajunge, individual, la fiecare proprietar. Conform legii 255\/2010, &nbsp;<em>transferul dreptului de proprietate asupra imobilelor din proprietatea privat\u0103 a persoanelor fizice sau juridice \u00een proprietatea public\u0103 a statului sau a unit\u0103\u0163ilor administrativ-teritoriale \u015fi \u00een administrarea expropriatorului opereaz\u0103 de drept la data emiterii actului administrativ de expropriere de c\u0103tre expropriator, ulterior consemn\u0103rii sumelor aferente desp\u0103gubirii<\/em>. <\/p>\n","protected":false},"excerpt":{"rendered":"<p>Dincolo de pandemie, criz\u0103 economic\u0103 \u0219i energetic\u0103 \u0219i alte probleme de pe agenda public\u0103, oamenii din Mogo\u0219oaia mai au gestionat \u00eenc\u0103 una. Parte din propriet\u0103\u021bile lor vor fi expropriate pentru a face loc unui proiect dorit de mul\u021bi ani de edilul din comun\u0103. \u0218i care, \u00een sf\u00e2r\u0219it, are parte \u0219i de voturile a dou\u0103 treimi [&hellip;]<\/p>\n","protected":false},"author":18,"featured_media":36192,"comment_status":"closed","ping_status":"open","sticky":false,"template":"","format":"standard","meta":{"_acf_changed":false,"inline_featured_image":false,"ngg_post_thumbnail":0,"footnotes":""},"categories":[62],"tags":[802,1818,3563,1348,3688],"ppma_author":[22579],"class_list":["post-36183","post","type-post","status-publish","format-standard","has-post-thumbnail","hentry","category-stiri","tag-consiliu-local","tag-exproprieri","tag-mogosoaia-2","tag-proteste","tag-sector-zero"],"acf":[],"yoast_head":"<!-- This site is optimized with the Yoast SEO Premium plugin v25.3 (Yoast SEO v27.5) - https:\/\/yoast.com\/product\/yoast-seo-premium-wordpress\/ -->\n<title>\u201eNe-a\u021bi furat comuna!&quot; Proteste la Mogo\u0219oaia dup\u0103 \u0219edin\u021ba de Consiliu Local care a dat und\u0103 verde exproprierilor - Buletin de Bucure\u0219ti<\/title>\n<meta name=\"robots\" content=\"index, follow, max-snippet:-1, max-image-preview:large, max-video-preview:-1\" \/>\n<link rel=\"canonical\" href=\"https:\/\/buletin.de\/bucuresti\/ne-ati-furat-comuna-proteste-la-mogosoaia-dupa-sedinta-de-consiliu-local-care-a-dat-verde-exproprierilor\/\" \/>\n<meta property=\"og:locale\" content=\"en_GB\" \/>\n<meta property=\"og:type\" content=\"article\" \/>\n<meta property=\"og:title\" content=\"\u201eNe-a\u021bi furat comuna!&quot; Proteste la Mogo\u0219oaia dup\u0103 \u0219edin\u021ba de Consiliu Local care a dat und\u0103 verde exproprierilor\" \/>\n<meta property=\"og:description\" content=\"Dincolo de pandemie, criz\u0103 economic\u0103 \u0219i energetic\u0103 \u0219i alte probleme de pe agenda public\u0103, oamenii din Mogo\u0219oaia mai au gestionat \u00eenc\u0103 una. Parte din propriet\u0103\u021bile lor vor fi expropriate pentru a face loc unui proiect dorit de mul\u021bi ani de edilul din comun\u0103. \u0218i care, \u00een sf\u00e2r\u0219it, are parte \u0219i de voturile a dou\u0103 treimi [&hellip;]\" \/>\n<meta property=\"og:url\" content=\"https:\/\/buletin.de\/bucuresti\/ne-ati-furat-comuna-proteste-la-mogosoaia-dupa-sedinta-de-consiliu-local-care-a-dat-verde-exproprierilor\/\" \/>\n<meta property=\"og:site_name\" content=\"Buletin de Bucure\u0219ti\" \/>\n<meta property=\"article:publisher\" content=\"https:\/\/www.facebook.com\/buletin.de.buc\" \/>\n<meta property=\"article:published_time\" content=\"2021-12-15T07:30:40+00:00\" \/>\n<meta property=\"article:modified_time\" content=\"2021-12-15T09:49:04+00:00\" \/>\n<meta property=\"og:image\" content=\"https:\/\/buletin.de\/bucuresti\/wp-content\/uploads\/mogo1.png\" \/>\n\t<meta property=\"og:image:width\" content=\"387\" \/>\n\t<meta property=\"og:image:height\" content=\"533\" \/>\n\t<meta property=\"og:image:type\" content=\"image\/png\" \/>\n<meta name=\"author\" content=\"Teodora Stroe\" \/>\n<meta name=\"twitter:card\" content=\"summary_large_image\" \/>\n<meta name=\"twitter:label1\" content=\"Written by\" \/>\n\t<meta name=\"twitter:data1\" content=\"Teodora Stroe\" \/>\n\t<meta name=\"twitter:label2\" content=\"Estimated reading time\" \/>\n\t<meta name=\"twitter:data2\" content=\"3 minutes\" \/>\n<script type=\"application\/ld+json\" class=\"yoast-schema-graph\">{\"@context\":\"https:\\\/\\\/schema.org\",\"@graph\":[{\"@type\":\"Article\",\"@id\":\"https:\\\/\\\/buletin.de\\\/bucuresti\\\/ne-ati-furat-comuna-proteste-la-mogosoaia-dupa-sedinta-de-consiliu-local-care-a-dat-verde-exproprierilor\\\/#article\",\"isPartOf\":{\"@id\":\"https:\\\/\\\/buletin.de\\\/bucuresti\\\/ne-ati-furat-comuna-proteste-la-mogosoaia-dupa-sedinta-de-consiliu-local-care-a-dat-verde-exproprierilor\\\/\"},\"author\":{\"name\":\"Teodora Stroe\",\"@id\":\"https:\\\/\\\/buletin.de\\\/bucuresti\\\/#\\\/schema\\\/person\\\/d369d7ddc775abece205795e0b804614\"},\"headline\":\"\u201eNe-a\u021bi furat comuna!&#8221; Proteste la Mogo\u0219oaia dup\u0103 \u0219edin\u021ba de Consiliu Local care a dat und\u0103 verde exproprierilor\",\"datePublished\":\"2021-12-15T07:30:40+00:00\",\"dateModified\":\"2021-12-15T09:49:04+00:00\",\"mainEntityOfPage\":{\"@id\":\"https:\\\/\\\/buletin.de\\\/bucuresti\\\/ne-ati-furat-comuna-proteste-la-mogosoaia-dupa-sedinta-de-consiliu-local-care-a-dat-verde-exproprierilor\\\/\"},\"wordCount\":724,\"publisher\":{\"@id\":\"https:\\\/\\\/buletin.de\\\/bucuresti\\\/#organization\"},\"image\":{\"@id\":\"https:\\\/\\\/buletin.de\\\/bucuresti\\\/ne-ati-furat-comuna-proteste-la-mogosoaia-dupa-sedinta-de-consiliu-local-care-a-dat-verde-exproprierilor\\\/#primaryimage\"},\"thumbnailUrl\":\"https:\\\/\\\/buletin.de\\\/bucuresti\\\/wp-content\\\/uploads\\\/mogo1.png\",\"keywords\":[\"consiliu local\",\"exproprieri\",\"mogosoaia\",\"proteste\",\"sector zero\"],\"articleSection\":[\"\u0218tiri\"],\"inLanguage\":\"en-GB\",\"copyrightYear\":\"2021\",\"copyrightHolder\":{\"@id\":\"https:\\\/\\\/buletin.de\\\/bucuresti\\\/#organization\"}},{\"@type\":\"WebPage\",\"@id\":\"https:\\\/\\\/buletin.de\\\/bucuresti\\\/ne-ati-furat-comuna-proteste-la-mogosoaia-dupa-sedinta-de-consiliu-local-care-a-dat-verde-exproprierilor\\\/\",\"url\":\"https:\\\/\\\/buletin.de\\\/bucuresti\\\/ne-ati-furat-comuna-proteste-la-mogosoaia-dupa-sedinta-de-consiliu-local-care-a-dat-verde-exproprierilor\\\/\",\"name\":\"\u201eNe-a\u021bi furat comuna!\\\" Proteste la Mogo\u0219oaia dup\u0103 \u0219edin\u021ba de Consiliu Local care a dat und\u0103 verde exproprierilor - Buletin de Bucure\u0219ti\",\"isPartOf\":{\"@id\":\"https:\\\/\\\/buletin.de\\\/bucuresti\\\/#website\"},\"primaryImageOfPage\":{\"@id\":\"https:\\\/\\\/buletin.de\\\/bucuresti\\\/ne-ati-furat-comuna-proteste-la-mogosoaia-dupa-sedinta-de-consiliu-local-care-a-dat-verde-exproprierilor\\\/#primaryimage\"},\"image\":{\"@id\":\"https:\\\/\\\/buletin.de\\\/bucuresti\\\/ne-ati-furat-comuna-proteste-la-mogosoaia-dupa-sedinta-de-consiliu-local-care-a-dat-verde-exproprierilor\\\/#primaryimage\"},\"thumbnailUrl\":\"https:\\\/\\\/buletin.de\\\/bucuresti\\\/wp-content\\\/uploads\\\/mogo1.png\",\"datePublished\":\"2021-12-15T07:30:40+00:00\",\"dateModified\":\"2021-12-15T09:49:04+00:00\",\"breadcrumb\":{\"@id\":\"https:\\\/\\\/buletin.de\\\/bucuresti\\\/ne-ati-furat-comuna-proteste-la-mogosoaia-dupa-sedinta-de-consiliu-local-care-a-dat-verde-exproprierilor\\\/#breadcrumb\"},\"inLanguage\":\"en-GB\",\"potentialAction\":[{\"@type\":\"ReadAction\",\"target\":[\"https:\\\/\\\/buletin.de\\\/bucuresti\\\/ne-ati-furat-comuna-proteste-la-mogosoaia-dupa-sedinta-de-consiliu-local-care-a-dat-verde-exproprierilor\\\/\"]}]},{\"@type\":\"ImageObject\",\"inLanguage\":\"en-GB\",\"@id\":\"https:\\\/\\\/buletin.de\\\/bucuresti\\\/ne-ati-furat-comuna-proteste-la-mogosoaia-dupa-sedinta-de-consiliu-local-care-a-dat-verde-exproprierilor\\\/#primaryimage\",\"url\":\"https:\\\/\\\/buletin.de\\\/bucuresti\\\/wp-content\\\/uploads\\\/mogo1.png\",\"contentUrl\":\"https:\\\/\\\/buletin.de\\\/bucuresti\\\/wp-content\\\/uploads\\\/mogo1.png\",\"width\":387,\"height\":533},{\"@type\":\"BreadcrumbList\",\"@id\":\"https:\\\/\\\/buletin.de\\\/bucuresti\\\/ne-ati-furat-comuna-proteste-la-mogosoaia-dupa-sedinta-de-consiliu-local-care-a-dat-verde-exproprierilor\\\/#breadcrumb\",\"itemListElement\":[{\"@type\":\"ListItem\",\"position\":1,\"name\":\"Acas\u0103\",\"item\":\"https:\\\/\\\/buletin.de\\\/bucuresti\\\/\"},{\"@type\":\"ListItem\",\"position\":2,\"name\":\"\u201eNe-a\u021bi furat comuna!&#8221; Proteste la Mogo\u0219oaia dup\u0103 \u0219edin\u021ba de Consiliu Local care a dat und\u0103 verde exproprierilor\"}]},{\"@type\":\"WebSite\",\"@id\":\"https:\\\/\\\/buletin.de\\\/bucuresti\\\/#website\",\"url\":\"https:\\\/\\\/buletin.de\\\/bucuresti\\\/\",\"name\":\"Buletin de Bucure\u0219ti\",\"description\":\"\u0218tiri \u0219i investiga\u021bii esen\u021biale din capital\u0103\",\"publisher\":{\"@id\":\"https:\\\/\\\/buletin.de\\\/bucuresti\\\/#organization\"},\"potentialAction\":[{\"@type\":\"SearchAction\",\"target\":{\"@type\":\"EntryPoint\",\"urlTemplate\":\"https:\\\/\\\/buletin.de\\\/bucuresti\\\/?s={search_term_string}\"},\"query-input\":{\"@type\":\"PropertyValueSpecification\",\"valueRequired\":true,\"valueName\":\"search_term_string\"}}],\"inLanguage\":\"en-GB\"},{\"@type\":\"Organization\",\"@id\":\"https:\\\/\\\/buletin.de\\\/bucuresti\\\/#organization\",\"name\":\"Buletin de Bucure\u0219ti\",\"url\":\"https:\\\/\\\/buletin.de\\\/bucuresti\\\/\",\"logo\":{\"@type\":\"ImageObject\",\"inLanguage\":\"en-GB\",\"@id\":\"https:\\\/\\\/buletin.de\\\/bucuresti\\\/#\\\/schema\\\/logo\\\/image\\\/\",\"url\":\"https:\\\/\\\/buletin.de\\\/bucuresti\\\/wp-content\\\/uploads\\\/logo-bdb-full-wide-vernil-transparent.png\",\"contentUrl\":\"https:\\\/\\\/buletin.de\\\/bucuresti\\\/wp-content\\\/uploads\\\/logo-bdb-full-wide-vernil-transparent.png\",\"width\":1782,\"height\":626,\"caption\":\"Buletin de Bucure\u0219ti\"},\"image\":{\"@id\":\"https:\\\/\\\/buletin.de\\\/bucuresti\\\/#\\\/schema\\\/logo\\\/image\\\/\"},\"sameAs\":[\"https:\\\/\\\/www.facebook.com\\\/buletin.de.buc\",\"https:\\\/\\\/www.instagram.com\\\/buletinde.bucuresti\\\/\"]},{\"@type\":\"Person\",\"@id\":\"https:\\\/\\\/buletin.de\\\/bucuresti\\\/#\\\/schema\\\/person\\\/d369d7ddc775abece205795e0b804614\",\"name\":\"Teodora Stroe\",\"image\":{\"@type\":\"ImageObject\",\"inLanguage\":\"en-GB\",\"@id\":\"https:\\\/\\\/secure.gravatar.com\\\/avatar\\\/2560b4cd9f5f1bc100b123158e657d75584bd1c3e1d9c69285720b9457c1b78d?s=96&d=monsterid&r=gc104800242ba5f2d78dd5d7dc4df08b6\",\"url\":\"https:\\\/\\\/secure.gravatar.com\\\/avatar\\\/2560b4cd9f5f1bc100b123158e657d75584bd1c3e1d9c69285720b9457c1b78d?s=96&d=monsterid&r=g\",\"contentUrl\":\"https:\\\/\\\/secure.gravatar.com\\\/avatar\\\/2560b4cd9f5f1bc100b123158e657d75584bd1c3e1d9c69285720b9457c1b78d?s=96&d=monsterid&r=g\",\"caption\":\"Teodora Stroe\"},\"url\":\"https:\\\/\\\/buletin.de\\\/bucuresti\\\/author\\\/simonacarlugea\\\/\"}]}<\/script>\n<!-- \/ Yoast SEO Premium plugin. -->","yoast_head_json":{"title":"\u201eNe-a\u021bi furat comuna!\" Proteste la Mogo\u0219oaia dup\u0103 \u0219edin\u021ba de Consiliu Local care a dat und\u0103 verde exproprierilor - Buletin de Bucure\u0219ti","robots":{"index":"index","follow":"follow","max-snippet":"max-snippet:-1","max-image-preview":"max-image-preview:large","max-video-preview":"max-video-preview:-1"},"canonical":"https:\/\/buletin.de\/bucuresti\/ne-ati-furat-comuna-proteste-la-mogosoaia-dupa-sedinta-de-consiliu-local-care-a-dat-verde-exproprierilor\/","og_locale":"en_GB","og_type":"article","og_title":"\u201eNe-a\u021bi furat comuna!\" Proteste la Mogo\u0219oaia dup\u0103 \u0219edin\u021ba de Consiliu Local care a dat und\u0103 verde exproprierilor","og_description":"Dincolo de pandemie, criz\u0103 economic\u0103 \u0219i energetic\u0103 \u0219i alte probleme de pe agenda public\u0103, oamenii din Mogo\u0219oaia mai au gestionat \u00eenc\u0103 una. Parte din propriet\u0103\u021bile lor vor fi expropriate pentru a face loc unui proiect dorit de mul\u021bi ani de edilul din comun\u0103. \u0218i care, \u00een sf\u00e2r\u0219it, are parte \u0219i de voturile a dou\u0103 treimi [&hellip;]","og_url":"https:\/\/buletin.de\/bucuresti\/ne-ati-furat-comuna-proteste-la-mogosoaia-dupa-sedinta-de-consiliu-local-care-a-dat-verde-exproprierilor\/","og_site_name":"Buletin de Bucure\u0219ti","article_publisher":"https:\/\/www.facebook.com\/buletin.de.buc","article_published_time":"2021-12-15T07:30:40+00:00","article_modified_time":"2021-12-15T09:49:04+00:00","og_image":[{"width":387,"height":533,"url":"https:\/\/buletin.de\/bucuresti\/wp-content\/uploads\/mogo1.png","type":"image\/png"}],"author":"Teodora Stroe","twitter_card":"summary_large_image","twitter_misc":{"Written by":"Teodora Stroe","Estimated reading time":"3 minutes"},"schema":{"@context":"https:\/\/schema.org","@graph":[{"@type":"Article","@id":"https:\/\/buletin.de\/bucuresti\/ne-ati-furat-comuna-proteste-la-mogosoaia-dupa-sedinta-de-consiliu-local-care-a-dat-verde-exproprierilor\/#article","isPartOf":{"@id":"https:\/\/buletin.de\/bucuresti\/ne-ati-furat-comuna-proteste-la-mogosoaia-dupa-sedinta-de-consiliu-local-care-a-dat-verde-exproprierilor\/"},"author":{"name":"Teodora Stroe","@id":"https:\/\/buletin.de\/bucuresti\/#\/schema\/person\/d369d7ddc775abece205795e0b804614"},"headline":"\u201eNe-a\u021bi furat comuna!&#8221; Proteste la Mogo\u0219oaia dup\u0103 \u0219edin\u021ba de Consiliu Local care a dat und\u0103 verde exproprierilor","datePublished":"2021-12-15T07:30:40+00:00","dateModified":"2021-12-15T09:49:04+00:00","mainEntityOfPage":{"@id":"https:\/\/buletin.de\/bucuresti\/ne-ati-furat-comuna-proteste-la-mogosoaia-dupa-sedinta-de-consiliu-local-care-a-dat-verde-exproprierilor\/"},"wordCount":724,"publisher":{"@id":"https:\/\/buletin.de\/bucuresti\/#organization"},"image":{"@id":"https:\/\/buletin.de\/bucuresti\/ne-ati-furat-comuna-proteste-la-mogosoaia-dupa-sedinta-de-consiliu-local-care-a-dat-verde-exproprierilor\/#primaryimage"},"thumbnailUrl":"https:\/\/buletin.de\/bucuresti\/wp-content\/uploads\/mogo1.png","keywords":["consiliu local","exproprieri","mogosoaia","proteste","sector zero"],"articleSection":["\u0218tiri"],"inLanguage":"en-GB","copyrightYear":"2021","copyrightHolder":{"@id":"https:\/\/buletin.de\/bucuresti\/#organization"}},{"@type":"WebPage","@id":"https:\/\/buletin.de\/bucuresti\/ne-ati-furat-comuna-proteste-la-mogosoaia-dupa-sedinta-de-consiliu-local-care-a-dat-verde-exproprierilor\/","url":"https:\/\/buletin.de\/bucuresti\/ne-ati-furat-comuna-proteste-la-mogosoaia-dupa-sedinta-de-consiliu-local-care-a-dat-verde-exproprierilor\/","name":"\u201eNe-a\u021bi furat comuna!\" Proteste la Mogo\u0219oaia dup\u0103 \u0219edin\u021ba de Consiliu Local care a dat und\u0103 verde exproprierilor - Buletin de Bucure\u0219ti","isPartOf":{"@id":"https:\/\/buletin.de\/bucuresti\/#website"},"primaryImageOfPage":{"@id":"https:\/\/buletin.de\/bucuresti\/ne-ati-furat-comuna-proteste-la-mogosoaia-dupa-sedinta-de-consiliu-local-care-a-dat-verde-exproprierilor\/#primaryimage"},"image":{"@id":"https:\/\/buletin.de\/bucuresti\/ne-ati-furat-comuna-proteste-la-mogosoaia-dupa-sedinta-de-consiliu-local-care-a-dat-verde-exproprierilor\/#primaryimage"},"thumbnailUrl":"https:\/\/buletin.de\/bucuresti\/wp-content\/uploads\/mogo1.png","datePublished":"2021-12-15T07:30:40+00:00","dateModified":"2021-12-15T09:49:04+00:00","breadcrumb":{"@id":"https:\/\/buletin.de\/bucuresti\/ne-ati-furat-comuna-proteste-la-mogosoaia-dupa-sedinta-de-consiliu-local-care-a-dat-verde-exproprierilor\/#breadcrumb"},"inLanguage":"en-GB","potentialAction":[{"@type":"ReadAction","target":["https:\/\/buletin.de\/bucuresti\/ne-ati-furat-comuna-proteste-la-mogosoaia-dupa-sedinta-de-consiliu-local-care-a-dat-verde-exproprierilor\/"]}]},{"@type":"ImageObject","inLanguage":"en-GB","@id":"https:\/\/buletin.de\/bucuresti\/ne-ati-furat-comuna-proteste-la-mogosoaia-dupa-sedinta-de-consiliu-local-care-a-dat-verde-exproprierilor\/#primaryimage","url":"https:\/\/buletin.de\/bucuresti\/wp-content\/uploads\/mogo1.png","contentUrl":"https:\/\/buletin.de\/bucuresti\/wp-content\/uploads\/mogo1.png","width":387,"height":533},{"@type":"BreadcrumbList","@id":"https:\/\/buletin.de\/bucuresti\/ne-ati-furat-comuna-proteste-la-mogosoaia-dupa-sedinta-de-consiliu-local-care-a-dat-verde-exproprierilor\/#breadcrumb","itemListElement":[{"@type":"ListItem","position":1,"name":"Acas\u0103","item":"https:\/\/buletin.de\/bucuresti\/"},{"@type":"ListItem","position":2,"name":"\u201eNe-a\u021bi furat comuna!&#8221; Proteste la Mogo\u0219oaia dup\u0103 \u0219edin\u021ba de Consiliu Local care a dat und\u0103 verde exproprierilor"}]},{"@type":"WebSite","@id":"https:\/\/buletin.de\/bucuresti\/#website","url":"https:\/\/buletin.de\/bucuresti\/","name":"Buletin de Bucure\u0219ti","description":"\u0218tiri \u0219i investiga\u021bii esen\u021biale din capital\u0103","publisher":{"@id":"https:\/\/buletin.de\/bucuresti\/#organization"},"potentialAction":[{"@type":"SearchAction","target":{"@type":"EntryPoint","urlTemplate":"https:\/\/buletin.de\/bucuresti\/?s={search_term_string}"},"query-input":{"@type":"PropertyValueSpecification","valueRequired":true,"valueName":"search_term_string"}}],"inLanguage":"en-GB"},{"@type":"Organization","@id":"https:\/\/buletin.de\/bucuresti\/#organization","name":"Buletin de Bucure\u0219ti","url":"https:\/\/buletin.de\/bucuresti\/","logo":{"@type":"ImageObject","inLanguage":"en-GB","@id":"https:\/\/buletin.de\/bucuresti\/#\/schema\/logo\/image\/","url":"https:\/\/buletin.de\/bucuresti\/wp-content\/uploads\/logo-bdb-full-wide-vernil-transparent.png","contentUrl":"https:\/\/buletin.de\/bucuresti\/wp-content\/uploads\/logo-bdb-full-wide-vernil-transparent.png","width":1782,"height":626,"caption":"Buletin de Bucure\u0219ti"},"image":{"@id":"https:\/\/buletin.de\/bucuresti\/#\/schema\/logo\/image\/"},"sameAs":["https:\/\/www.facebook.com\/buletin.de.buc","https:\/\/www.instagram.com\/buletinde.bucuresti\/"]},{"@type":"Person","@id":"https:\/\/buletin.de\/bucuresti\/#\/schema\/person\/d369d7ddc775abece205795e0b804614","name":"Teodora Stroe","image":{"@type":"ImageObject","inLanguage":"en-GB","@id":"https:\/\/secure.gravatar.com\/avatar\/2560b4cd9f5f1bc100b123158e657d75584bd1c3e1d9c69285720b9457c1b78d?s=96&d=monsterid&r=gc104800242ba5f2d78dd5d7dc4df08b6","url":"https:\/\/secure.gravatar.com\/avatar\/2560b4cd9f5f1bc100b123158e657d75584bd1c3e1d9c69285720b9457c1b78d?s=96&d=monsterid&r=g","contentUrl":"https:\/\/secure.gravatar.com\/avatar\/2560b4cd9f5f1bc100b123158e657d75584bd1c3e1d9c69285720b9457c1b78d?s=96&d=monsterid&r=g","caption":"Teodora Stroe"},"url":"https:\/\/buletin.de\/bucuresti\/author\/simonacarlugea\/"}]}},"authors":[{"term_id":22579,"user_id":18,"is_guest":0,"slug":"simonacarlugea","display_name":"Teodora Stroe","avatar_url":"https:\/\/secure.gravatar.com\/avatar\/2560b4cd9f5f1bc100b123158e657d75584bd1c3e1d9c69285720b9457c1b78d?s=96&d=monsterid&r=g","0":null,"1":"","2":"","3":"","4":"","5":"","6":"","7":"","8":""}],"_links":{"self":[{"href":"https:\/\/buletin.de\/bucuresti\/wp-json\/wp\/v2\/posts\/36183","targetHints":{"allow":["GET"]}}],"collection":[{"href":"https:\/\/buletin.de\/bucuresti\/wp-json\/wp\/v2\/posts"}],"about":[{"href":"https:\/\/buletin.de\/bucuresti\/wp-json\/wp\/v2\/types\/post"}],"author":[{"embeddable":true,"href":"https:\/\/buletin.de\/bucuresti\/wp-json\/wp\/v2\/users\/18"}],"replies":[{"embeddable":true,"href":"https:\/\/buletin.de\/bucuresti\/wp-json\/wp\/v2\/comments?post=36183"}],"version-history":[{"count":10,"href":"https:\/\/buletin.de\/bucuresti\/wp-json\/wp\/v2\/posts\/36183\/revisions"}],"predecessor-version":[{"id":36204,"href":"https:\/\/buletin.de\/bucuresti\/wp-json\/wp\/v2\/posts\/36183\/revisions\/36204"}],"wp:featuredmedia":[{"embeddable":true,"href":"https:\/\/buletin.de\/bucuresti\/wp-json\/wp\/v2\/media\/36192"}],"wp:attachment":[{"href":"https:\/\/buletin.de\/bucuresti\/wp-json\/wp\/v2\/media?parent=36183"}],"wp:term":[{"taxonomy":"category","embeddable":true,"href":"https:\/\/buletin.de\/bucuresti\/wp-json\/wp\/v2\/categories?post=36183"},{"taxonomy":"post_tag","embeddable":true,"href":"https:\/\/buletin.de\/bucuresti\/wp-json\/wp\/v2\/tags?post=36183"},{"taxonomy":"author","embeddable":true,"href":"https:\/\/buletin.de\/bucuresti\/wp-json\/wp\/v2\/ppma_author?post=36183"}],"curies":[{"name":"wp","href":"https:\/\/api.w.org\/{rel}","templated":true}]}}