{"id":36134,"date":"2021-12-15T14:02:37","date_gmt":"2021-12-15T12:02:37","guid":{"rendered":"https:\/\/buletin.de\/bucuresti\/?p=36134"},"modified":"2021-12-15T14:02:37","modified_gmt":"2021-12-15T12:02:37","slug":"dubai-vs-bucuresti-cum-trebuie-cheltuit-un-miliard-de-dolari","status":"publish","type":"post","link":"https:\/\/buletin.de\/bucuresti\/dubai-vs-bucuresti-cum-trebuie-cheltuit-un-miliard-de-dolari\/","title":{"rendered":"Dubai vs. Bucure\u0219ti | Cum trebuie cheltuit un miliard de dolari"},"content":{"rendered":"\n<p class=\"has-background\" style=\"background-color:#a6d8ed\">Diferen\u021ba dintre Bucure\u0219ti \u0219i Dubai \u021bine de felul cum este cheltuit un miliard de dolari. Dac\u0103 \u00een Dubai a fost construit\u0103 cu un miliard de dolari o cl\u0103dire de tip zg\u00e2rie-nori \u00een jurul c\u0103reia a fost creat un centru comercial care anual aduce miliarde de dolari pentru ora\u0219, <strong>\u00een Bucure\u0219ti trec ani de zile p\u00e2n\u0103 este modernizat un bulevard<\/strong> care, \u00een cele din urm\u0103, ar <strong>ajunge s\u0103 coste tot cam at\u00e2t<\/strong>, spune Marius H\u0103r\u0103t\u0103u, CEO <a href=\"https:\/\/factory40.ro\/\">Factory 4.0<\/a>. Mai mult, \u00een ultimii 10 ani prin m\u00e2na primarilor generali ai Capitalei au trecut aproape 14 miliarde de euro \u0219i au fost promise servicii publice de calitate \u0219i infrastructur\u0103 dezvoltat\u0103, \u00eens\u0103 multe dintre marile proiecte critice au b\u0103tut \u0219i pasul pe loc de ani buni.<\/p>\n\n\n\n<blockquote class=\"wp-block-quote is-layout-flow wp-block-quote-is-layout-flow\"><p>\u00centrebat fiind de localnici despre cum arat\u0103 Rom\u00e2nia, le-am explicat c\u0103 noi cu un miliard de dolari n-am reu\u0219it s\u0103 facem mare lucru cu un drum, dar ei au reu\u0219it s\u0103 construiasc\u0103 o cl\u0103dire foarte \u00eenalt\u0103 care genereaz\u0103 miliarde de dolari anual. Deci un proiect foarte bune g\u00e2ndit, foarte bine structurat. Au creat un centru comercial care nu doar creeaz\u0103 imaginea unui ora\u0219, ci genereaz\u0103 venituri pentru acel ora\u0219.&nbsp;<\/p><cite>A declarat Marius H\u0103r\u0103t\u0103u, CEO <a href=\"https:\/\/factory40.ro\/\">Factory 4.0<\/a>, \u00een cadrul dezbaterii \u201eMarele Bucure\u0219ti\u201d<\/cite><\/blockquote>\n\n\n\n<h2 class=\"wp-block-heading\"><strong>Ce lipse\u0219te Bucure\u0219tiului. Compara\u021bia cu Dubai <\/strong><\/h2>\n\n\n\n<p><span style=\"font-size: revert; color: initial;\">\u00cen Bucure\u0219ti exist\u0103 profesioni\u0219ti la fel de bine preg\u0103ti\u021bi ca \u00een Dubai, sus\u021bine Marius H\u0103t\u0103r\u0103u, care a declarat \u0219i c\u0103 principala problem\u0103 pe care o are Bucure\u0219tiul este c\u0103 nu exist\u0103 <em>leadership<\/em> la nivel municipal \u0219i nici cultura lucrului colectiv, \u00een echip\u0103.&nbsp;<\/span><\/p>\n\n\n\n<blockquote class=\"wp-block-quote is-layout-flow wp-block-quote-is-layout-flow\"><p>Este un \u0219oc nu doar cultural, este un \u0219oc atunci c\u00e2nd \u00eencerci s\u0103-\u021bi imaginezi din perspectiva managementului de proiect cum au reu\u0219it oamenii \u0103\u0219tia \u00eentr-un timp at\u00e2t de scurt s\u0103 construiasc\u0103 acele lucruri. Problema noastr\u0103 nu este una de resurse, nu este de oameni. Am \u00eent\u00e2lnit extrem de mul\u021bi rom\u00e2ni care-\u0219i pun resursele pe care le au ca profesioni\u0219ti \u00een slujba unor companii locale. Avem aceste resurse. Nu avem \u00eens\u0103 un proiect, nu avem leadership \u0219i nu reu\u0219im s\u0103 dep\u0103\u0219im aceast\u0103 barier\u0103 a colectivit\u0103\u021bii, a lucrului \u00een comun.&nbsp;<\/p><cite>A ad\u0103ugat Marius H\u0103r\u0103t\u0103u <\/cite><\/blockquote>\n\n\n\n<figure class=\"wp-block-image size-large\"><img fetchpriority=\"high\" decoding=\"async\" width=\"900\" height=\"599\" src=\"data:image\/gif;base64,R0lGODlhAQABAAAAACH5BAEKAAEALAAAAAABAAEAAAICTAEAOw==\" data-src=\"https:\/\/buletin.de\/bucuresti\/wp-content\/uploads\/byJohnny-Bucuresti-2050-10-900x599.jpg\" alt=\"\" class=\"wp-image-36225 lazyload\" data-sizes=\"auto\" data-srcset=\"https:\/\/buletin.de\/bucuresti\/wp-content\/uploads\/byJohnny-Bucuresti-2050-10-900x599.jpg 900w, https:\/\/buletin.de\/bucuresti\/wp-content\/uploads\/byJohnny-Bucuresti-2050-10-300x200.jpg 300w, https:\/\/buletin.de\/bucuresti\/wp-content\/uploads\/byJohnny-Bucuresti-2050-10-768x511.jpg 768w, https:\/\/buletin.de\/bucuresti\/wp-content\/uploads\/byJohnny-Bucuresti-2050-10-1536x1022.jpg 1536w, https:\/\/buletin.de\/bucuresti\/wp-content\/uploads\/byJohnny-Bucuresti-2050-10-1060x705.jpg 1060w, https:\/\/buletin.de\/bucuresti\/wp-content\/uploads\/byJohnny-Bucuresti-2050-10-550x366.jpg 550w, https:\/\/buletin.de\/bucuresti\/wp-content\/uploads\/byJohnny-Bucuresti-2050-10-751x500.jpg 751w, https:\/\/buletin.de\/bucuresti\/wp-content\/uploads\/byJohnny-Bucuresti-2050-10-1920x1278.jpg 1920w, https:\/\/buletin.de\/bucuresti\/wp-content\/uploads\/byJohnny-Bucuresti-2050-10-1623x1080.jpg 1623w, https:\/\/buletin.de\/bucuresti\/wp-content\/uploads\/byJohnny-Bucuresti-2050-10-600x399.jpg 600w, https:\/\/buletin.de\/bucuresti\/wp-content\/uploads\/byJohnny-Bucuresti-2050-10.jpg 2000w\" sizes=\"(max-width: 900px) 100vw, 900px\" \/><figcaption>Marius H\u0103r\u0103t\u0103u \u00een cadrul dezbaterii \u201eMarele Bucure\u0219ti&#8221;. <br>Foto de Ion Mate\u0219<\/figcaption><\/figure>\n\n\n\n<p>Directorul Factory 4.0 a g\u0103sit \u0219i solu\u021bii pentru a dep\u0103\u0219i barierele cu care \u00een prezent se confrunt\u0103 Capitala \u0219i printre ele se num\u0103r\u0103 descentralizarea deciziilor \u0219i transparentizarea proceselor pentru a cre\u0219te \u00eencrederea \u00een autorit\u0103\u021bi. Aceste lucruri pot fi f\u0103cute cu ajutorul noii tehnologii, mai spune Marius H\u0103t\u0103r\u0103u.&nbsp;<\/p>\n\n\n\n<blockquote class=\"wp-block-quote is-layout-flow wp-block-quote-is-layout-flow\"><p>Noua tehnologie poate ajuta \u00een rezolvarea acestor probleme prin descentralizarea anumitor decizii sau printr-o transparen\u021b\u0103 mult mai mare a proceselor. Atunci c\u00e2nd apare transparen\u021ba, \u00eencepe s\u0103 apar\u0103 \u0219i \u00eencrederea. Atunci c\u00e2nd apar alte mecanisme de luare a deciziilor, \u00eencepe s\u0103 apar\u0103 \u0219i \u00eencrederea.&nbsp;<\/p><cite>A completat Marius H\u0103r\u0103t\u0103u <\/cite><\/blockquote>\n\n\n\n<h2 class=\"wp-block-heading\"><strong>Bucure\u0219ti, \u00een ultimii 10 ani <\/strong><\/h2>\n\n\n\n<p>Primarii care au condus Prim\u0103ria General\u0103 \u00een ultimii 10 ani au avut \u201epe m\u00e2n\u0103\u201d peste 13,8 miliarde de euro, iar din ace\u0219ti bani au fost promise anual mari proiecte de infrastructur\u0103, servicii publice de calitate \u0219i investi\u021bii de care s\u0103 beneficieze at\u00e2t administra\u021bia Capitalei, c\u00e2t \u0219i locuitorii acesteia. <\/p>\n\n\n\n<p>Unele proiecte au fost promise cu peste 10 ani \u00een urm\u0103 \u0219i nici m\u0103car \u00een prezent nu sunt finalizate. Marile proiecte de infrastructur\u0103 ale Bucure\u0219tiului cum ar fi: Supral\u0103rgirea Prelungirii Ghencea, Pasajul Doamna Ghica sau Spitalul Metropolitan sunt departe de a fi terminate, de\u0219i aproape \u00een fiecare an din ultimii 10 bugetul Capitalei a trecut de 1 miliard de euro.&nbsp;<\/p>\n\n\n\n<div class=\"infogram-embed\" data-id=\"_\/JphfKKPNHcFqiFPe2fsx\" data-type=\"interactive\" data-title=\"Untitled infographic\"><\/div><script>!function(e,i,n,s){var t=\"InfogramEmbeds\",d=e.getElementsByTagName(\"script\")[0];if(window[t]&&window[t].initialized)window[t].process&&window[t].process();else if(!e.getElementById(n)){var o=e.createElement(\"script\");o.async=1,o.id=n,o.src=\"https:\/\/e.infogram.com\/js\/dist\/embed-loader-min.js\",d.parentNode.insertBefore(o,d)}}(document,0,\"infogram-async\");<\/script>\n\n\n\n<p>\u00cen schimb, edilii Bucure\u0219tiului au ales s\u0103 acorde vouchere, s\u0103 subve\u021bioneze \u00een loc s\u0103 repare sistemul de termoficare sau s\u0103 investeasc\u0103 masiv \u00een culte. <\/p>\n\n\n\n<p><strong>CITE\u0218TE \u0218I: <\/strong><\/p>\n\n\n\n<ul class=\"wp-block-list\"><li><a href=\"https:\/\/buletin.de\/bucuresti\/intarzierile-din-prelungirea-ghencea-ivprimaria-capitalei-vrea-sa-dea-lucrarile-primarie-sector-6-sau-cni\/\">\u00cent\u00e2rzierile din Prelungirea Ghencea IV<\/a><\/li><li><a href=\"https:\/\/buletin.de\/bucuresti\/intarzierile-din-prelungirea-ghencea-i-dupa-patru-ani-si-12-proteste-ale-locuitorilor-din-zona-lucrarile-sunt-undeva-sub-8\/\">\u00cent\u00e2rzierile din Prelungirea Ghencea (I)<\/a><\/li><li><a href=\"https:\/\/buletin.de\/bucuresti\/intarzierile-din-prelungirea-ghencea-ii-cum-motiveaza-directorul-trustului-de-cladiri-metropolitane-lucrarile-in-ritm-de-melc-a-fost-noroi-si-am-fi-poluat-aerul\/\">\u00cent\u00e2rzierile din Prelungirea Ghencea (II)<\/a><\/li><li><a href=\"https:\/\/buletin.de\/bucuresti\/intarzierile-din-prelungirea-ghencea-iii-lucarile-au-fost-suspendate-pana-la-deblocarea-conturilor-primariei-capitalei\/\">\u00cent\u00e2rzierile din Prelungirea Ghencea (III)<\/a><\/li><li><a href=\"https:\/\/buletin.de\/bucuresti\/pasajul-doamna-ghica-se-scumpeste-cu-aproape-10-milioane-de-lei\/\">Pasajul Doamna Ghica se scumpe\u0219te cu aproape 10 milioane de lei<\/a><\/li><li><a href=\"https:\/\/buletin.de\/bucuresti\/s-au-reluat-lucrarile-la-pasajul-doamna-ghica-nicusor-dan-promite-ca-din-toamna-se-va-circula-pe-doua-benzi\/\">S-au reluat lucr\u0103rile la Pasajul Doamna Ghica. Nicu\u0219or Dan promite c\u0103, din toamn\u0103, se va circula pe dou\u0103 benzi<\/a><\/li><li><a href=\"https:\/\/buletin.de\/bucuresti\/sputnik-md-fake-news-despre-proiectele-mari-din-capitala-bazat-pe-declaratiile-fostului-edil-sef-gabriela-firea\/\">Sputnik.md, fake news despre proiectele mari din Capital\u0103 bazat pe declara\u021biile fostului edil-\u0219ef, Gabriela Firea<\/a><\/li><li><a href=\"https:\/\/buletin.de\/bucuresti\/investitiile-in-capitala-blocate-de-datorii-nicusor-dan-a-cerut-sprijin-ministrului-de-finante\/\">Investi\u021biile \u00een Capital\u0103, blocate de datorii | Nicu\u0219or Dan a cerut sprijin ministrului de Finan\u021be<\/a><\/li><li><a href=\"https:\/\/buletin.de\/bucuresti\/gabriela-firea-peste-25-milioane-de-euro-pentru-45-de-parohii-in-prag-de-alegeri-camere-video-altare-de-vara-remodelare-de-bucatarii-amenajari-de-scari-si-gradini-printre-investitii\/\">Gabriela Firea, peste 2,5 milioane de euro pentru 45 de parohii, \u00een prag de alegeri. Camere video, altare de var\u0103, remodelare de buc\u0103t\u0103rii, amenaj\u0103ri de sc\u0103ri \u0219i gr\u0103dini, printre investi\u021bii<\/a><\/li><\/ul>\n\n\n\n<p>Dezbaterea despre <em>\u201eBucure\u0219ti 2050\u201d<\/em> a avut loc la <a href=\"https:\/\/theark.ro\/\">The Ark<\/a>. Poate fi urm\u0103rit\u0103 integral pe pagina de Facebook Buletin de Bucure\u0219ti<em>:<\/em><\/p>\n\n\n\n<iframe src=\"https:\/\/www.facebook.com\/plugins\/video.php?height=314&amp;href=https%3A%2F%2Fwww.facebook.com%2Fbuletin.de.buc%2Fvideos%2F424502779389808%2F&amp;show_text=false&amp;width=560&amp;t=0\" width=\"560\" height=\"314\" style=\"border:none;overflow:hidden\" scrolling=\"no\" frameborder=\"0\" allowfullscreen=\"true\" allow=\"autoplay; clipboard-write; encrypted-media; picture-in-picture; web-share\"><\/iframe>\n\n\n\n<p>Aceasta a fost ultima discu\u021bie din seria \u201eMarele Bucure\u0219ti\u201d, o serie de \u0219ase dezbateri despre subiecte vulnerabile \u0219i de interes pentru Bucure\u0219ti.  Dezbatera a fost moderat\u0103 de Elena Calistru (pre\u0219edinte, Funky Citizens) \u0219i&nbsp;<a href=\"https:\/\/buletin.de\/bucuresti\/author\/catalin\/\">C\u0103t\u0103lin Dosca\u0219<\/a>&nbsp;(reporter, Buletin de Bucure\u0219ti).<\/p>\n\n\n\n<hr class=\"wp-block-separator\"\/>\n\n\n\n<p class=\"has-text-align-center\"><em>Marele Bucure\u0219ti este un proiect elaborat cu sprijinul B\u0103ncii Mondiale, care ofer\u0103 asisten\u021b\u0103 tehnic\u0103 Prim\u0103riei Municipiului Bucure\u0219ti pentru elaborarea Strategiei Integrate de Dezvoltare Urban\u0103 (Strategia #Bucuresti2050). Detalii pe&nbsp;<a target=\"_blank\" href=\"https:\/\/www.estibucuresti.org\/\" rel=\"noreferrer noopener\">estibucuresti.org<\/a>&nbsp;\/\/&nbsp;<a target=\"_blank\" href=\"http:\/\/www.fb.com\/estibucuresti.org\" rel=\"noreferrer noopener\">www.fb.com\/estibucuresti.org<\/a><\/em><\/p>\n\n\n\n<p>Cite\u0219te mai multe detalii aici:<\/p>\n\n\n\n<h3 class=\"wp-block-heading\"><a href=\"https:\/\/buletin.de\/bucuresti\/marele-bucuresti\/\"><strong>Marele Bucure\u0219ti<\/strong><\/a><\/h3>\n\n\n\n<p>FOTO: unsplash.com\/wikipedia.com<\/p>\n","protected":false},"excerpt":{"rendered":"<p>Diferen\u021ba dintre Bucure\u0219ti \u0219i Dubai \u021bine de felul cum este cheltuit un miliard de dolari. Dac\u0103 \u00een Dubai a fost construit\u0103 cu un miliard de dolari o cl\u0103dire de tip zg\u00e2rie-nori \u00een jurul c\u0103reia a fost creat un centru comercial care anual aduce miliarde de dolari pentru ora\u0219, \u00een Bucure\u0219ti trec ani de zile p\u00e2n\u0103 [&hellip;]<\/p>\n","protected":false},"author":17,"featured_media":36212,"comment_status":"closed","ping_status":"open","sticky":false,"template":"","format":"standard","meta":{"_acf_changed":false,"inline_featured_image":false,"ngg_post_thumbnail":0,"footnotes":""},"categories":[3419,169],"tags":[2054,3689,3691,3239,3690,3692],"ppma_author":[22576],"class_list":["post-36134","post","type-post","status-publish","format-standard","has-post-thumbnail","hentry","category-featured","category-reportaj","tag-capitala","tag-dubai-vs-bucuresti","tag-factory4-0","tag-marele-bucuresti","tag-marius-hatarau","tag-miliard-de-dolari"],"acf":[],"yoast_head":"<!-- This site is optimized with the Yoast SEO Premium plugin v25.3 (Yoast SEO v27.4) - https:\/\/yoast.com\/product\/yoast-seo-premium-wordpress\/ -->\n<title>Dubai vs. Bucure\u0219ti | Cum trebuie cheltuit un miliard de dolari - Buletin de Bucure\u0219ti<\/title>\n<meta name=\"robots\" content=\"index, follow, max-snippet:-1, max-image-preview:large, max-video-preview:-1\" \/>\n<link rel=\"canonical\" href=\"https:\/\/buletin.de\/bucuresti\/dubai-vs-bucuresti-cum-trebuie-cheltuit-un-miliard-de-dolari\/\" \/>\n<meta property=\"og:locale\" content=\"en_GB\" \/>\n<meta property=\"og:type\" content=\"article\" \/>\n<meta property=\"og:title\" content=\"Dubai vs. Bucure\u0219ti | Cum trebuie cheltuit un miliard de dolari\" \/>\n<meta property=\"og:description\" content=\"Diferen\u021ba dintre Bucure\u0219ti \u0219i Dubai \u021bine de felul cum este cheltuit un miliard de dolari. Dac\u0103 \u00een Dubai a fost construit\u0103 cu un miliard de dolari o cl\u0103dire de tip zg\u00e2rie-nori \u00een jurul c\u0103reia a fost creat un centru comercial care anual aduce miliarde de dolari pentru ora\u0219, \u00een Bucure\u0219ti trec ani de zile p\u00e2n\u0103 [&hellip;]\" \/>\n<meta property=\"og:url\" content=\"https:\/\/buletin.de\/bucuresti\/dubai-vs-bucuresti-cum-trebuie-cheltuit-un-miliard-de-dolari\/\" \/>\n<meta property=\"og:site_name\" content=\"Buletin de Bucure\u0219ti\" \/>\n<meta property=\"article:publisher\" content=\"https:\/\/www.facebook.com\/buletin.de.buc\" \/>\n<meta property=\"article:published_time\" content=\"2021-12-15T12:02:37+00:00\" \/>\n<meta property=\"og:image\" content=\"https:\/\/buletin.de\/bucuresti\/wp-content\/uploads\/BeFunky-collage-3-1.jpg\" \/>\n\t<meta property=\"og:image:width\" content=\"2000\" \/>\n\t<meta property=\"og:image:height\" content=\"868\" \/>\n\t<meta property=\"og:image:type\" content=\"image\/jpeg\" \/>\n<meta name=\"author\" content=\"Florin R\u00e2\u0219teiu\" \/>\n<meta name=\"twitter:card\" content=\"summary_large_image\" \/>\n<meta name=\"twitter:label1\" content=\"Written by\" \/>\n\t<meta name=\"twitter:data1\" content=\"Florin R\u00e2\u0219teiu\" \/>\n\t<meta name=\"twitter:label2\" content=\"Estimated reading time\" \/>\n\t<meta name=\"twitter:data2\" content=\"4 minutes\" \/>\n<script type=\"application\/ld+json\" class=\"yoast-schema-graph\">{\"@context\":\"https:\\\/\\\/schema.org\",\"@graph\":[{\"@type\":\"Article\",\"@id\":\"https:\\\/\\\/buletin.de\\\/bucuresti\\\/dubai-vs-bucuresti-cum-trebuie-cheltuit-un-miliard-de-dolari\\\/#article\",\"isPartOf\":{\"@id\":\"https:\\\/\\\/buletin.de\\\/bucuresti\\\/dubai-vs-bucuresti-cum-trebuie-cheltuit-un-miliard-de-dolari\\\/\"},\"author\":{\"name\":\"Florin R\u00e2\u0219teiu\",\"@id\":\"https:\\\/\\\/buletin.de\\\/bucuresti\\\/#\\\/schema\\\/person\\\/b0686d7a8b666c6afc78239777fd8a89\"},\"headline\":\"Dubai vs. Bucure\u0219ti | Cum trebuie cheltuit un miliard de dolari\",\"datePublished\":\"2021-12-15T12:02:37+00:00\",\"mainEntityOfPage\":{\"@id\":\"https:\\\/\\\/buletin.de\\\/bucuresti\\\/dubai-vs-bucuresti-cum-trebuie-cheltuit-un-miliard-de-dolari\\\/\"},\"wordCount\":931,\"publisher\":{\"@id\":\"https:\\\/\\\/buletin.de\\\/bucuresti\\\/#organization\"},\"image\":{\"@id\":\"https:\\\/\\\/buletin.de\\\/bucuresti\\\/dubai-vs-bucuresti-cum-trebuie-cheltuit-un-miliard-de-dolari\\\/#primaryimage\"},\"thumbnailUrl\":\"https:\\\/\\\/buletin.de\\\/bucuresti\\\/wp-content\\\/uploads\\\/BeFunky-collage-3-1.jpg\",\"keywords\":[\"Capitala\",\"Dubai vs Bucure\u0219ti\",\"Factory4.0\",\"Marele Bucure\u0219ti\",\"Marius H\u0103t\u0103r\u0103u\",\"miliard de dolari\"],\"articleSection\":[\"Featured\",\"Reportaj\"],\"inLanguage\":\"en-GB\",\"copyrightYear\":\"2021\",\"copyrightHolder\":{\"@id\":\"https:\\\/\\\/buletin.de\\\/bucuresti\\\/#organization\"}},{\"@type\":\"WebPage\",\"@id\":\"https:\\\/\\\/buletin.de\\\/bucuresti\\\/dubai-vs-bucuresti-cum-trebuie-cheltuit-un-miliard-de-dolari\\\/\",\"url\":\"https:\\\/\\\/buletin.de\\\/bucuresti\\\/dubai-vs-bucuresti-cum-trebuie-cheltuit-un-miliard-de-dolari\\\/\",\"name\":\"Dubai vs. Bucure\u0219ti | Cum trebuie cheltuit un miliard de dolari - Buletin de Bucure\u0219ti\",\"isPartOf\":{\"@id\":\"https:\\\/\\\/buletin.de\\\/bucuresti\\\/#website\"},\"primaryImageOfPage\":{\"@id\":\"https:\\\/\\\/buletin.de\\\/bucuresti\\\/dubai-vs-bucuresti-cum-trebuie-cheltuit-un-miliard-de-dolari\\\/#primaryimage\"},\"image\":{\"@id\":\"https:\\\/\\\/buletin.de\\\/bucuresti\\\/dubai-vs-bucuresti-cum-trebuie-cheltuit-un-miliard-de-dolari\\\/#primaryimage\"},\"thumbnailUrl\":\"https:\\\/\\\/buletin.de\\\/bucuresti\\\/wp-content\\\/uploads\\\/BeFunky-collage-3-1.jpg\",\"datePublished\":\"2021-12-15T12:02:37+00:00\",\"breadcrumb\":{\"@id\":\"https:\\\/\\\/buletin.de\\\/bucuresti\\\/dubai-vs-bucuresti-cum-trebuie-cheltuit-un-miliard-de-dolari\\\/#breadcrumb\"},\"inLanguage\":\"en-GB\",\"potentialAction\":[{\"@type\":\"ReadAction\",\"target\":[\"https:\\\/\\\/buletin.de\\\/bucuresti\\\/dubai-vs-bucuresti-cum-trebuie-cheltuit-un-miliard-de-dolari\\\/\"]}]},{\"@type\":\"ImageObject\",\"inLanguage\":\"en-GB\",\"@id\":\"https:\\\/\\\/buletin.de\\\/bucuresti\\\/dubai-vs-bucuresti-cum-trebuie-cheltuit-un-miliard-de-dolari\\\/#primaryimage\",\"url\":\"https:\\\/\\\/buletin.de\\\/bucuresti\\\/wp-content\\\/uploads\\\/BeFunky-collage-3-1.jpg\",\"contentUrl\":\"https:\\\/\\\/buletin.de\\\/bucuresti\\\/wp-content\\\/uploads\\\/BeFunky-collage-3-1.jpg\",\"width\":2000,\"height\":868},{\"@type\":\"BreadcrumbList\",\"@id\":\"https:\\\/\\\/buletin.de\\\/bucuresti\\\/dubai-vs-bucuresti-cum-trebuie-cheltuit-un-miliard-de-dolari\\\/#breadcrumb\",\"itemListElement\":[{\"@type\":\"ListItem\",\"position\":1,\"name\":\"Acas\u0103\",\"item\":\"https:\\\/\\\/buletin.de\\\/bucuresti\\\/\"},{\"@type\":\"ListItem\",\"position\":2,\"name\":\"Dubai vs. Bucure\u0219ti | Cum trebuie cheltuit un miliard de dolari\"}]},{\"@type\":\"WebSite\",\"@id\":\"https:\\\/\\\/buletin.de\\\/bucuresti\\\/#website\",\"url\":\"https:\\\/\\\/buletin.de\\\/bucuresti\\\/\",\"name\":\"Buletin de Bucure\u0219ti\",\"description\":\"\u0218tiri \u0219i investiga\u021bii esen\u021biale din capital\u0103\",\"publisher\":{\"@id\":\"https:\\\/\\\/buletin.de\\\/bucuresti\\\/#organization\"},\"potentialAction\":[{\"@type\":\"SearchAction\",\"target\":{\"@type\":\"EntryPoint\",\"urlTemplate\":\"https:\\\/\\\/buletin.de\\\/bucuresti\\\/?s={search_term_string}\"},\"query-input\":{\"@type\":\"PropertyValueSpecification\",\"valueRequired\":true,\"valueName\":\"search_term_string\"}}],\"inLanguage\":\"en-GB\"},{\"@type\":\"Organization\",\"@id\":\"https:\\\/\\\/buletin.de\\\/bucuresti\\\/#organization\",\"name\":\"Buletin de Bucure\u0219ti\",\"url\":\"https:\\\/\\\/buletin.de\\\/bucuresti\\\/\",\"logo\":{\"@type\":\"ImageObject\",\"inLanguage\":\"en-GB\",\"@id\":\"https:\\\/\\\/buletin.de\\\/bucuresti\\\/#\\\/schema\\\/logo\\\/image\\\/\",\"url\":\"https:\\\/\\\/buletin.de\\\/bucuresti\\\/wp-content\\\/uploads\\\/logo-bdb-full-wide-vernil-transparent.png\",\"contentUrl\":\"https:\\\/\\\/buletin.de\\\/bucuresti\\\/wp-content\\\/uploads\\\/logo-bdb-full-wide-vernil-transparent.png\",\"width\":1782,\"height\":626,\"caption\":\"Buletin de Bucure\u0219ti\"},\"image\":{\"@id\":\"https:\\\/\\\/buletin.de\\\/bucuresti\\\/#\\\/schema\\\/logo\\\/image\\\/\"},\"sameAs\":[\"https:\\\/\\\/www.facebook.com\\\/buletin.de.buc\",\"https:\\\/\\\/www.instagram.com\\\/buletinde.bucuresti\\\/\"]},{\"@type\":\"Person\",\"@id\":\"https:\\\/\\\/buletin.de\\\/bucuresti\\\/#\\\/schema\\\/person\\\/b0686d7a8b666c6afc78239777fd8a89\",\"name\":\"Florin R\u00e2\u0219teiu\",\"image\":{\"@type\":\"ImageObject\",\"inLanguage\":\"en-GB\",\"@id\":\"https:\\\/\\\/buletin.de\\\/bucuresti\\\/wp-content\\\/uploads\\\/Florin-Rasteiu-96x96.jpgf0a6fe28453aa12f0a60e4d0a2e3a78c\",\"url\":\"https:\\\/\\\/buletin.de\\\/bucuresti\\\/wp-content\\\/uploads\\\/Florin-Rasteiu-96x96.jpg\",\"contentUrl\":\"https:\\\/\\\/buletin.de\\\/bucuresti\\\/wp-content\\\/uploads\\\/Florin-Rasteiu-96x96.jpg\",\"caption\":\"Florin R\u00e2\u0219teiu\"},\"description\":\"Jurnalist de investiga\u021bie. Lucreaz\u0103 de aproape 6 ani la Buletin de Bucure\u0219ti, unde a publicat articole care scot la suprafa\u021b\u0103 corup\u021bia din Capital\u0103. Analizeaz\u0103 baze de date zilnic \u0219i scoate pove\u0219ti din exceluri pline de cifre. Pune reflectorul pe adev\u0103r cu fiecare ocazie. A c\u00e2\u0219tigat premiul I la categoria Pres\u0103 Local\u0103 \u00een 2025 \u0219i locul al II-lea la aceea\u0219i categorie \u00een 2024 \u00een cadrul Premiilor Superscrieri pentru jurnalism independent.\",\"url\":\"https:\\\/\\\/buletin.de\\\/bucuresti\\\/author\\\/florinrasteiu\\\/\"}]}<\/script>\n<!-- \/ Yoast SEO Premium plugin. -->","yoast_head_json":{"title":"Dubai vs. Bucure\u0219ti | Cum trebuie cheltuit un miliard de dolari - Buletin de Bucure\u0219ti","robots":{"index":"index","follow":"follow","max-snippet":"max-snippet:-1","max-image-preview":"max-image-preview:large","max-video-preview":"max-video-preview:-1"},"canonical":"https:\/\/buletin.de\/bucuresti\/dubai-vs-bucuresti-cum-trebuie-cheltuit-un-miliard-de-dolari\/","og_locale":"en_GB","og_type":"article","og_title":"Dubai vs. Bucure\u0219ti | Cum trebuie cheltuit un miliard de dolari","og_description":"Diferen\u021ba dintre Bucure\u0219ti \u0219i Dubai \u021bine de felul cum este cheltuit un miliard de dolari. Dac\u0103 \u00een Dubai a fost construit\u0103 cu un miliard de dolari o cl\u0103dire de tip zg\u00e2rie-nori \u00een jurul c\u0103reia a fost creat un centru comercial care anual aduce miliarde de dolari pentru ora\u0219, \u00een Bucure\u0219ti trec ani de zile p\u00e2n\u0103 [&hellip;]","og_url":"https:\/\/buletin.de\/bucuresti\/dubai-vs-bucuresti-cum-trebuie-cheltuit-un-miliard-de-dolari\/","og_site_name":"Buletin de Bucure\u0219ti","article_publisher":"https:\/\/www.facebook.com\/buletin.de.buc","article_published_time":"2021-12-15T12:02:37+00:00","og_image":[{"width":2000,"height":868,"url":"https:\/\/buletin.de\/bucuresti\/wp-content\/uploads\/BeFunky-collage-3-1.jpg","type":"image\/jpeg"}],"author":"Florin R\u00e2\u0219teiu","twitter_card":"summary_large_image","twitter_misc":{"Written by":"Florin R\u00e2\u0219teiu","Estimated reading time":"4 minutes"},"schema":{"@context":"https:\/\/schema.org","@graph":[{"@type":"Article","@id":"https:\/\/buletin.de\/bucuresti\/dubai-vs-bucuresti-cum-trebuie-cheltuit-un-miliard-de-dolari\/#article","isPartOf":{"@id":"https:\/\/buletin.de\/bucuresti\/dubai-vs-bucuresti-cum-trebuie-cheltuit-un-miliard-de-dolari\/"},"author":{"name":"Florin R\u00e2\u0219teiu","@id":"https:\/\/buletin.de\/bucuresti\/#\/schema\/person\/b0686d7a8b666c6afc78239777fd8a89"},"headline":"Dubai vs. Bucure\u0219ti | Cum trebuie cheltuit un miliard de dolari","datePublished":"2021-12-15T12:02:37+00:00","mainEntityOfPage":{"@id":"https:\/\/buletin.de\/bucuresti\/dubai-vs-bucuresti-cum-trebuie-cheltuit-un-miliard-de-dolari\/"},"wordCount":931,"publisher":{"@id":"https:\/\/buletin.de\/bucuresti\/#organization"},"image":{"@id":"https:\/\/buletin.de\/bucuresti\/dubai-vs-bucuresti-cum-trebuie-cheltuit-un-miliard-de-dolari\/#primaryimage"},"thumbnailUrl":"https:\/\/buletin.de\/bucuresti\/wp-content\/uploads\/BeFunky-collage-3-1.jpg","keywords":["Capitala","Dubai vs Bucure\u0219ti","Factory4.0","Marele Bucure\u0219ti","Marius H\u0103t\u0103r\u0103u","miliard de dolari"],"articleSection":["Featured","Reportaj"],"inLanguage":"en-GB","copyrightYear":"2021","copyrightHolder":{"@id":"https:\/\/buletin.de\/bucuresti\/#organization"}},{"@type":"WebPage","@id":"https:\/\/buletin.de\/bucuresti\/dubai-vs-bucuresti-cum-trebuie-cheltuit-un-miliard-de-dolari\/","url":"https:\/\/buletin.de\/bucuresti\/dubai-vs-bucuresti-cum-trebuie-cheltuit-un-miliard-de-dolari\/","name":"Dubai vs. Bucure\u0219ti | Cum trebuie cheltuit un miliard de dolari - Buletin de Bucure\u0219ti","isPartOf":{"@id":"https:\/\/buletin.de\/bucuresti\/#website"},"primaryImageOfPage":{"@id":"https:\/\/buletin.de\/bucuresti\/dubai-vs-bucuresti-cum-trebuie-cheltuit-un-miliard-de-dolari\/#primaryimage"},"image":{"@id":"https:\/\/buletin.de\/bucuresti\/dubai-vs-bucuresti-cum-trebuie-cheltuit-un-miliard-de-dolari\/#primaryimage"},"thumbnailUrl":"https:\/\/buletin.de\/bucuresti\/wp-content\/uploads\/BeFunky-collage-3-1.jpg","datePublished":"2021-12-15T12:02:37+00:00","breadcrumb":{"@id":"https:\/\/buletin.de\/bucuresti\/dubai-vs-bucuresti-cum-trebuie-cheltuit-un-miliard-de-dolari\/#breadcrumb"},"inLanguage":"en-GB","potentialAction":[{"@type":"ReadAction","target":["https:\/\/buletin.de\/bucuresti\/dubai-vs-bucuresti-cum-trebuie-cheltuit-un-miliard-de-dolari\/"]}]},{"@type":"ImageObject","inLanguage":"en-GB","@id":"https:\/\/buletin.de\/bucuresti\/dubai-vs-bucuresti-cum-trebuie-cheltuit-un-miliard-de-dolari\/#primaryimage","url":"https:\/\/buletin.de\/bucuresti\/wp-content\/uploads\/BeFunky-collage-3-1.jpg","contentUrl":"https:\/\/buletin.de\/bucuresti\/wp-content\/uploads\/BeFunky-collage-3-1.jpg","width":2000,"height":868},{"@type":"BreadcrumbList","@id":"https:\/\/buletin.de\/bucuresti\/dubai-vs-bucuresti-cum-trebuie-cheltuit-un-miliard-de-dolari\/#breadcrumb","itemListElement":[{"@type":"ListItem","position":1,"name":"Acas\u0103","item":"https:\/\/buletin.de\/bucuresti\/"},{"@type":"ListItem","position":2,"name":"Dubai vs. Bucure\u0219ti | Cum trebuie cheltuit un miliard de dolari"}]},{"@type":"WebSite","@id":"https:\/\/buletin.de\/bucuresti\/#website","url":"https:\/\/buletin.de\/bucuresti\/","name":"Buletin de Bucure\u0219ti","description":"\u0218tiri \u0219i investiga\u021bii esen\u021biale din capital\u0103","publisher":{"@id":"https:\/\/buletin.de\/bucuresti\/#organization"},"potentialAction":[{"@type":"SearchAction","target":{"@type":"EntryPoint","urlTemplate":"https:\/\/buletin.de\/bucuresti\/?s={search_term_string}"},"query-input":{"@type":"PropertyValueSpecification","valueRequired":true,"valueName":"search_term_string"}}],"inLanguage":"en-GB"},{"@type":"Organization","@id":"https:\/\/buletin.de\/bucuresti\/#organization","name":"Buletin de Bucure\u0219ti","url":"https:\/\/buletin.de\/bucuresti\/","logo":{"@type":"ImageObject","inLanguage":"en-GB","@id":"https:\/\/buletin.de\/bucuresti\/#\/schema\/logo\/image\/","url":"https:\/\/buletin.de\/bucuresti\/wp-content\/uploads\/logo-bdb-full-wide-vernil-transparent.png","contentUrl":"https:\/\/buletin.de\/bucuresti\/wp-content\/uploads\/logo-bdb-full-wide-vernil-transparent.png","width":1782,"height":626,"caption":"Buletin de Bucure\u0219ti"},"image":{"@id":"https:\/\/buletin.de\/bucuresti\/#\/schema\/logo\/image\/"},"sameAs":["https:\/\/www.facebook.com\/buletin.de.buc","https:\/\/www.instagram.com\/buletinde.bucuresti\/"]},{"@type":"Person","@id":"https:\/\/buletin.de\/bucuresti\/#\/schema\/person\/b0686d7a8b666c6afc78239777fd8a89","name":"Florin R\u00e2\u0219teiu","image":{"@type":"ImageObject","inLanguage":"en-GB","@id":"https:\/\/buletin.de\/bucuresti\/wp-content\/uploads\/Florin-Rasteiu-96x96.jpgf0a6fe28453aa12f0a60e4d0a2e3a78c","url":"https:\/\/buletin.de\/bucuresti\/wp-content\/uploads\/Florin-Rasteiu-96x96.jpg","contentUrl":"https:\/\/buletin.de\/bucuresti\/wp-content\/uploads\/Florin-Rasteiu-96x96.jpg","caption":"Florin R\u00e2\u0219teiu"},"description":"Jurnalist de investiga\u021bie. Lucreaz\u0103 de aproape 6 ani la Buletin de Bucure\u0219ti, unde a publicat articole care scot la suprafa\u021b\u0103 corup\u021bia din Capital\u0103. Analizeaz\u0103 baze de date zilnic \u0219i scoate pove\u0219ti din exceluri pline de cifre. Pune reflectorul pe adev\u0103r cu fiecare ocazie. A c\u00e2\u0219tigat premiul I la categoria Pres\u0103 Local\u0103 \u00een 2025 \u0219i locul al II-lea la aceea\u0219i categorie \u00een 2024 \u00een cadrul Premiilor Superscrieri pentru jurnalism independent.","url":"https:\/\/buletin.de\/bucuresti\/author\/florinrasteiu\/"}]}},"authors":[{"term_id":22576,"user_id":17,"is_guest":0,"slug":"florinrasteiu","display_name":"Florin R\u00e2\u0219teiu","avatar_url":"https:\/\/buletin.de\/bucuresti\/wp-content\/uploads\/Florin-Rasteiu-96x96.jpg","0":null,"1":"","2":"","3":"","4":"","5":"","6":"","7":"","8":""}],"_links":{"self":[{"href":"https:\/\/buletin.de\/bucuresti\/wp-json\/wp\/v2\/posts\/36134","targetHints":{"allow":["GET"]}}],"collection":[{"href":"https:\/\/buletin.de\/bucuresti\/wp-json\/wp\/v2\/posts"}],"about":[{"href":"https:\/\/buletin.de\/bucuresti\/wp-json\/wp\/v2\/types\/post"}],"author":[{"embeddable":true,"href":"https:\/\/buletin.de\/bucuresti\/wp-json\/wp\/v2\/users\/17"}],"replies":[{"embeddable":true,"href":"https:\/\/buletin.de\/bucuresti\/wp-json\/wp\/v2\/comments?post=36134"}],"version-history":[{"count":13,"href":"https:\/\/buletin.de\/bucuresti\/wp-json\/wp\/v2\/posts\/36134\/revisions"}],"predecessor-version":[{"id":36226,"href":"https:\/\/buletin.de\/bucuresti\/wp-json\/wp\/v2\/posts\/36134\/revisions\/36226"}],"wp:featuredmedia":[{"embeddable":true,"href":"https:\/\/buletin.de\/bucuresti\/wp-json\/wp\/v2\/media\/36212"}],"wp:attachment":[{"href":"https:\/\/buletin.de\/bucuresti\/wp-json\/wp\/v2\/media?parent=36134"}],"wp:term":[{"taxonomy":"category","embeddable":true,"href":"https:\/\/buletin.de\/bucuresti\/wp-json\/wp\/v2\/categories?post=36134"},{"taxonomy":"post_tag","embeddable":true,"href":"https:\/\/buletin.de\/bucuresti\/wp-json\/wp\/v2\/tags?post=36134"},{"taxonomy":"author","embeddable":true,"href":"https:\/\/buletin.de\/bucuresti\/wp-json\/wp\/v2\/ppma_author?post=36134"}],"curies":[{"name":"wp","href":"https:\/\/api.w.org\/{rel}","templated":true}]}}