{"id":36115,"date":"2021-12-14T15:00:57","date_gmt":"2021-12-14T13:00:57","guid":{"rendered":"https:\/\/buletin.de\/bucuresti\/?p=36115"},"modified":"2021-12-14T15:00:58","modified_gmt":"2021-12-14T13:00:58","slug":"legea-fatadelor-in-bucuresti-supraimpozitare-si-facilitati-pentru-proprietari","status":"publish","type":"post","link":"https:\/\/buletin.de\/bucuresti\/legea-fatadelor-in-bucuresti-supraimpozitare-si-facilitati-pentru-proprietari\/","title":{"rendered":"\u201eLegea fa\u021badelor\u201d \u00een Bucure\u0219ti: supraimpozitare \u0219i facilit\u0103\u021bi pentru proprietari"},"content":{"rendered":"\n<p class=\"has-background\" style=\"background-color:#d5ebf9\">Multe dintre cl\u0103dirile din Bucure\u0219ti, mai ales cele monument istoric, au fa\u021bade deteriorate sau \u00een unele cazuri sunt chiar pericol public pentru cet\u0103\u021benii din Capital\u0103. Prim\u0103ria Sectorului 2 a \u00eenceput s\u0103 supraimpoziteze cu 500% cl\u0103dirile cu fa\u021bade ne\u00eengrijite, iar p\u00e2n\u0103 acum au fost vizate aproximativ 40 de astfel de cl\u0103diri. Radu Mihaiu, primarul Sectorului 2, sus\u021bine c\u0103 exist\u0103 situa\u021bii \u00een care proprietarii nu-\u0219i permit s\u0103 renoveze aceste fa\u021bade, iar prim\u0103ria nu are baz\u0103 legal\u0103 s\u0103-i sprijine. Solu\u021bia g\u0103sit\u0103 de edilul Sectorului 2 ar fi o \u201elege a fa\u021badelor\u201d, dup\u0103 modelul din Oradea care s\u0103 prevad\u0103 \u0219i posibilitatea prim\u0103riei de a acoperi o parte din costurile de renovare, dar \u0219i posibilitatea de a amenda proprietarii care \u00eempiedic\u0103 acest proces.&nbsp;&nbsp;<\/p>\n\n\n\n<blockquote class=\"wp-block-quote is-layout-flow wp-block-quote-is-layout-flow\"><p>Atunci c\u00e2nd supraimpozit\u0103m cl\u0103diri, ajungem \u00een situa\u021bii nea\u0219teptate s\u0103 spun a\u0219a. Sunt cl\u0103diri pe care le-am supraimpozitat cu proprietari care ar vrea s\u0103-\u0219i renoveze cl\u0103dirile, dar de\u021bin o mic\u0103 parte dintr-un bloc care are 10 apartamente \u0219i au un apartament \u0219i din cele 10 apartamente, 7 sunt de\u021binute de statul rom\u00e2n. Atunci supraimpozitarea pentru ei nu conteaz\u0103 \u0219i statul rom\u00e2n nu face nimic cu propriile cl\u0103diri care decad. Mergem \u0219i supraimpozit\u0103m oamenii care ar vrea s\u0103 fac\u0103 ceva, dar nu-\u0219i permit ei s\u0103 repare toat\u0103 cl\u0103direa.&nbsp;<\/p><cite>A declarat Radu Mihaiu, primarul Sectorului 2, \u00een cadrul dezbaterii \u201eMarele Bucure\u0219ti\u201d<\/cite><\/blockquote>\n\n\n\n<h2 class=\"wp-block-heading\"><strong>Legea fa\u021badelor din Bucure\u0219ti<\/strong><\/h2>\n\n\n\n<p>Radu Mihaiu sus\u021bine c\u0103 \u00een acest moment se munce\u0219te la o lege a fa\u021badelor, dup\u0103 modelul ora\u0219elor Oradea \u0219i Timi\u0219oara dup\u0103 ce Prim\u0103ria Sectorului 2 a supraimpozitat aproape 40 de cl\u0103diri cu fa\u021bade deteriorate. Edilul a spus \u0219i c\u0103 dup\u0103 ce acest regulament local va fi adoptat, proprietarii care doresc s\u0103 renoveze fa\u021badele deteriorate vor fi sprijini\u021bi cu bani de prim\u0103rie, dar vor fi acordate \u0219i amenzi celor care \u00eempiedic\u0103 procesul de reabilitare.&nbsp;<\/p>\n\n\n\n<blockquote class=\"wp-block-quote is-layout-flow wp-block-quote-is-layout-flow\"><p>O alt\u0103 problem\u0103 e c\u0103 sunt multe persoane \u00een v\u00e2rst\u0103 care stau \u00een astfel de cl\u0103diri \u0219i ele nu sunt bancabile, adic\u0103 nu vor primi niciodat\u0103 credit \u0219i pun\u00e2nd un astfel de impozit, el se transfer\u0103 asupra propriet\u0103\u021bii \u0219i cumva singurul care poate face acest lucru este statul.&nbsp;<\/p><cite>A completat Radu Mihaiu <\/cite><\/blockquote>\n\n\n\n<h2 class=\"wp-block-heading\"><strong>Modelul Oradea<\/strong><\/h2>\n\n\n\n<p>Edilul Sectorului 2 a dat exemplu de \u00eengrijire a cl\u0103dirilor monument istoric ora\u0219ul Oradea, care are \u00een prezent o lege a fa\u021badelor care reglementeaz\u0103 at\u00e2t amenzi \u0219i supraimpozit\u0103ri, c\u00e2t \u0219i facilit\u0103\u021bi pentru proprietarii care vor s\u0103-\u0219i reabiliteze cl\u0103dirile cu fa\u021bade deteriorate. <\/p>\n\n\n\n<blockquote class=\"wp-block-quote is-layout-flow wp-block-quote-is-layout-flow\"><p>Sunt dou\u0103 lucruri care s-au \u00eent\u00e2mplat la Oradea. Pe de o parte, \u0219i aceast\u0103 facilitate pentru fiecare proprietar de a-\u0219i renova fa\u021bada \u0219i pe de alt\u0103 parte amenda \u0219i supraimpozitarea. Deci ele trebuie s\u0103 func\u021bioneze concomitent. De asta \u0219i vrem nu doar s\u0103 amend\u0103m, ci \u0219i s\u0103 oferim celor care se afl\u0103 \u00een aceast\u0103 situa\u021bie.&nbsp;<\/p><cite>A ad\u0103ugat Radu Mihaiu <\/cite><\/blockquote>\n\n\n\n<p>\u201eLegea fa\u021badelor\u201d din Oradea exist\u0103 de aproape 10 ani, din 2012 mai exact. Legea a fost extins\u0103 \u00een 2013, c\u00e2nd a devenit obligatorie renovarea de c\u0103tre proprietari a cl\u0103dirilor din centrul istoric al ora\u0219ului.<\/p>\n\n\n\n<p>\u00cen urm\u0103 cu o lun\u0103 aceast\u0103 lege local\u0103 a fost modificat\u0103 \u0219i printre schimb\u0103ri se num\u0103r\u0103 \u0219i c\u0103, de acum, Poli\u0163ia Local\u0103 Oradea va trimite notific\u0103ri proprietarilor cl\u0103dirilor din Centrul Istoric, care vor avea \u00eentre 1 \u0219i 3 luni pentru reabilitarea fa\u021badelor. \u00cen cazul \u00een care nu sunt realizate lucr\u0103rile solicitate, Funda\u0163ia de Protejare a Monumentelor Istorice din Bihor va efectua cur\u0103\u0163area fa\u0163adelor, urm\u00e2nd a fi recuperate sumele prin instituirea unei taxe.<\/p>\n\n\n\n<p>Mai mult,<a href=\"http:\/\/www.oradea.ro\/fisiere\/module_fisiere\/16143\/h837_12a1.pdf\"> regulamentul din Oradea<\/a> prevede \u0219i o serie de amenzi \u00een cazul \u00een care proprietarii nu \u00eengrijesc fa\u021badele cl\u0103dirilor istorice. Amenzile sunt de la 50 la 2500 lei \u00een func\u021bie de gravitatea deterior\u0103rii, dac\u0103 fa\u021bada reprezint\u0103 un pericol public, amenda este mai mare.\u00a0<\/p>\n\n\n\n<p>Proprietarii care renoveaz\u0103 imobilele monument istoric din Oradea pot s\u0103 primeasc\u0103 \u00eemprumuturi care pot s\u0103 fie rambursate sau nerambursabile. Noi am luat decizia s\u0103 fie rambursabile \u00een propor\u021bie de 80%. Proprietarii primesc \u00eemprumutul, iar Prim\u0103ria suporta 20% din cheltuieli, respectiv proiectul tehnic \u0219i dirigen\u021bia de \u0219antier. Mai mult, dac\u0103 proprietarii \u00ee\u0219i reabiliteaz\u0103 cl\u0103dirile, primesc scutire de impozit pe 5 ani, sus\u021binea pentru Hotnews \u00een 2016 fostul primar din Oradea, Ilie Bolojan.\u00a0<\/p>\n\n\n\n<h2 class=\"wp-block-heading\"><strong>2021, anul supraimpozit\u0103rilor din Sectorul 2<\/strong><\/h2>\n\n\n\n<p>Prim\u0103ria Sectorului 2 a \u00eenceput \u00eenc\u0103 din prima lun\u0103 a acestui an s\u0103 supraimpoziteze cl\u0103dirile ne\u00eengrijite din sector. \u00cen ianuarie au fost supraimpozitate cu 500% 31 de cl\u0103diri cu fa\u021bade deteriorate. Proprietarii imobilelor au avut termen s\u0103 remedieze problema p\u00e2n\u0103 luna trecut\u0103, \u00een noiembrie, pentru a sc\u0103pa de supraimpozitare. <\/p>\n\n\n\n<p>Urm\u0103torul val de cl\u0103diri ale c\u0103ror impozit a crescut cu 500% a fost \u00een iulie, pentru \u0219ase imobile cu urm\u0103toarele adrese: Olimpiadei nr. 27, Ion Polizu nr. 32, P\u00e2ncota nr. 5, Zalelor nr. 3, Toamnei nr. 117 \u0219i\u00a0Ceptura nr. 57. Proprietarii acestor cl\u0103diri au primit acela\u0219i termen pentru reabilitarea fa\u021badelor, noiembrie. <\/p>\n\n\n\n<p>Ultima astfel de decizie a fost dat\u0103 \u00een octombrie, pentru alte patru imobile, pe motiv c\u0103\u00a0fa\u021badele imobilelor sunt \u00eentr-o avansat\u0103 stare de degradare. Adresele acestor imobile sunt: str. \u0218tiucii nr. 18, \u0219os. Pantelimon nr. 21 bis, str. C\u0103r\u0103u\u0219ilor nr. 41 \u0219i str. Maiorului nr. 13. Proprietarii au avut la dispozi\u021bie dou\u0103 luni, p\u00e2n\u0103 la final de noiembrie, s\u0103 reabiliteze fa\u021badele pentru a fi scuti\u021bi de cre\u0219terea impozitului cu 500%. <\/p>\n\n\n\n<p><strong>CTE\u0218TE \u0218I: <\/strong><\/p>\n\n\n\n<ul class=\"wp-block-list\"><li><a href=\"https:\/\/buletin.de\/bucuresti\/impozit-si-de-5-ori-mai-mare-pentru-cladirile-degradate-din-sectorul-2\/\">Impozit \u0219i de 5 ori mai mare pentru cl\u0103dirile degradate din sectorul 2<\/a><\/li><li><a href=\"https:\/\/buletin.de\/bucuresti\/supraimpozit-de-500-pentru-proprietarii-cladirilor-degradate-din-sectorul-2\/\">Supraimpozit de 500% pentru proprietarii cl\u0103dirilor degradate din Sectorul 2<\/a><\/li><li><a href=\"https:\/\/buletin.de\/bucuresti\/impozit-cu-500-mai-mare-anul-viitor-pentru-cladirile-neingrijite-din-sectorul-2\/\">Impozit cu 500% mai mare, anul viitor, pentru cl\u0103dirile \u201ene\u00eengrijite\u201d din Sectorul 2<\/a><\/li><\/ul>\n\n\n\n<p>Dezbaterea despre <em>\u201eBucure\u0219ti 2050\u201d<\/em> a vut loc la <a href=\"https:\/\/theark.ro\/\">The Ark<\/a>. Poate fi ascultat\u0103 integral pe pagina de Facebook Buletin de Bucure\u0219ti<em>:<\/em><\/p>\n\n\n\n<iframe src=\"https:\/\/www.facebook.com\/plugins\/video.php?height=314&#038;href=https%3A%2F%2Fwww.facebook.com%2Fbuletin.de.buc%2Fvideos%2F424502779389808%2F&#038;show_text=false&#038;width=560&#038;t=0\" width=\"560\" height=\"314\" style=\"border:none;overflow:hidden\" scrolling=\"no\" frameborder=\"0\" allowfullscreen=\"true\" allow=\"autoplay; clipboard-write; encrypted-media; picture-in-picture; web-share\" allowFullScreen=\"true\"><\/iframe>\n\n\n\n<p>Aceasta a fost ultima discu\u021bie din seria \u201eMarele Bucure\u0219ti\u201d, o serie de \u0219ase dezbateri despre subiecte vulnerabile \u0219i de interes pentru Bucure\u0219ti. Dezbatera a fost moderat\u0103 de Elena Calistru (pre\u0219edinte, Funky Citizens) \u0219i\u00a0<a href=\"https:\/\/buletin.de\/bucuresti\/author\/catalin\/\">C\u0103t\u0103lin Dosca\u0219<\/a>\u00a0(reporter, Buletin de Bucure\u0219ti).<\/p>\n\n\n\n<hr class=\"wp-block-separator\"\/>\n\n\n\n<p><em>Marele Bucure\u0219ti este un proiect elaborat cu sprijinul B\u0103ncii Mondiale, care ofer\u0103 asisten\u021b\u0103 tehnic\u0103 Prim\u0103riei Municipiului Bucure\u0219ti pentru elaborarea Strategiei Integrate de Dezvoltare Urban\u0103 (Strategia #Bucuresti2050). Detalii pe&nbsp;<a target=\"_blank\" href=\"https:\/\/www.estibucuresti.org\/\" rel=\"noreferrer noopener\">estibucuresti.org<\/a>&nbsp;\/\/&nbsp;<a target=\"_blank\" href=\"http:\/\/www.fb.com\/estibucuresti.org\" rel=\"noreferrer noopener\">www.fb.com\/estibucuresti.org<\/a><\/em><\/p>\n\n\n\n<p>Cite\u0219te mai multe detalii aici:<\/p>\n\n\n\n<h3 class=\"wp-block-heading\"><a href=\"https:\/\/buletin.de\/bucuresti\/marele-bucuresti\/\"><strong>Marele Bucure\u0219ti<\/strong><\/a><\/h3>\n","protected":false},"excerpt":{"rendered":"<p>Multe dintre cl\u0103dirile din Bucure\u0219ti, mai ales cele monument istoric, au fa\u021bade deteriorate sau \u00een unele cazuri sunt chiar pericol public pentru cet\u0103\u021benii din Capital\u0103. Prim\u0103ria Sectorului 2 a \u00eenceput s\u0103 supraimpoziteze cu 500% cl\u0103dirile cu fa\u021bade ne\u00eengrijite, iar p\u00e2n\u0103 acum au fost vizate aproximativ 40 de astfel de cl\u0103diri. Radu Mihaiu, primarul Sectorului 2, [&hellip;]<\/p>\n","protected":false},"author":17,"featured_media":36121,"comment_status":"closed","ping_status":"open","sticky":false,"template":"","format":"standard","meta":{"_acf_changed":false,"inline_featured_image":false,"ngg_post_thumbnail":0,"footnotes":""},"categories":[3419],"tags":[1810,2054,3678,3679,3677,3239,2935,1919,229,3676],"ppma_author":[22576],"class_list":["post-36115","post","type-post","status-publish","format-standard","has-post-thumbnail","hentry","category-featured","tag-1810","tag-capitala","tag-cladiri-deteriorate","tag-fatade","tag-legea-fatadelor","tag-marele-bucuresti","tag-oradea","tag-radu-mihaiu","tag-sector-2","tag-supraimpozitare"],"acf":[],"yoast_head":"<!-- This site is optimized with the Yoast SEO Premium plugin v25.3 (Yoast SEO v27.4) - https:\/\/yoast.com\/product\/yoast-seo-premium-wordpress\/ -->\n<title>\u201eLegea fa\u021badelor\u201d \u00een Bucure\u0219ti: supraimpozitare \u0219i facilit\u0103\u021bi pentru proprietari - Buletin de Bucure\u0219ti<\/title>\n<meta name=\"robots\" content=\"index, follow, max-snippet:-1, max-image-preview:large, max-video-preview:-1\" \/>\n<link rel=\"canonical\" href=\"https:\/\/buletin.de\/bucuresti\/legea-fatadelor-in-bucuresti-supraimpozitare-si-facilitati-pentru-proprietari\/\" \/>\n<meta property=\"og:locale\" content=\"en_GB\" \/>\n<meta property=\"og:type\" content=\"article\" \/>\n<meta property=\"og:title\" content=\"\u201eLegea fa\u021badelor\u201d \u00een Bucure\u0219ti: supraimpozitare \u0219i facilit\u0103\u021bi pentru proprietari\" \/>\n<meta property=\"og:description\" content=\"Multe dintre cl\u0103dirile din Bucure\u0219ti, mai ales cele monument istoric, au fa\u021bade deteriorate sau \u00een unele cazuri sunt chiar pericol public pentru cet\u0103\u021benii din Capital\u0103. Prim\u0103ria Sectorului 2 a \u00eenceput s\u0103 supraimpoziteze cu 500% cl\u0103dirile cu fa\u021bade ne\u00eengrijite, iar p\u00e2n\u0103 acum au fost vizate aproximativ 40 de astfel de cl\u0103diri. Radu Mihaiu, primarul Sectorului 2, [&hellip;]\" \/>\n<meta property=\"og:url\" content=\"https:\/\/buletin.de\/bucuresti\/legea-fatadelor-in-bucuresti-supraimpozitare-si-facilitati-pentru-proprietari\/\" \/>\n<meta property=\"og:site_name\" content=\"Buletin de Bucure\u0219ti\" \/>\n<meta property=\"article:publisher\" content=\"https:\/\/www.facebook.com\/buletin.de.buc\" \/>\n<meta property=\"article:published_time\" content=\"2021-12-14T13:00:57+00:00\" \/>\n<meta property=\"article:modified_time\" content=\"2021-12-14T13:00:58+00:00\" \/>\n<meta property=\"og:image\" content=\"https:\/\/buletin.de\/bucuresti\/wp-content\/uploads\/cladire-1.jpg\" \/>\n\t<meta property=\"og:image:width\" content=\"2239\" \/>\n\t<meta property=\"og:image:height\" content=\"1274\" \/>\n\t<meta property=\"og:image:type\" content=\"image\/jpeg\" \/>\n<meta name=\"author\" content=\"Florin R\u00e2\u0219teiu\" \/>\n<meta name=\"twitter:card\" content=\"summary_large_image\" \/>\n<meta name=\"twitter:label1\" content=\"Written by\" \/>\n\t<meta name=\"twitter:data1\" content=\"Florin R\u00e2\u0219teiu\" \/>\n\t<meta name=\"twitter:label2\" content=\"Estimated reading time\" \/>\n\t<meta name=\"twitter:data2\" content=\"5 minutes\" \/>\n<script type=\"application\/ld+json\" class=\"yoast-schema-graph\">{\"@context\":\"https:\\\/\\\/schema.org\",\"@graph\":[{\"@type\":\"Article\",\"@id\":\"https:\\\/\\\/buletin.de\\\/bucuresti\\\/legea-fatadelor-in-bucuresti-supraimpozitare-si-facilitati-pentru-proprietari\\\/#article\",\"isPartOf\":{\"@id\":\"https:\\\/\\\/buletin.de\\\/bucuresti\\\/legea-fatadelor-in-bucuresti-supraimpozitare-si-facilitati-pentru-proprietari\\\/\"},\"author\":{\"name\":\"Florin R\u00e2\u0219teiu\",\"@id\":\"https:\\\/\\\/buletin.de\\\/bucuresti\\\/#\\\/schema\\\/person\\\/b0686d7a8b666c6afc78239777fd8a89\"},\"headline\":\"\u201eLegea fa\u021badelor\u201d \u00een Bucure\u0219ti: supraimpozitare \u0219i facilit\u0103\u021bi pentru proprietari\",\"datePublished\":\"2021-12-14T13:00:57+00:00\",\"dateModified\":\"2021-12-14T13:00:58+00:00\",\"mainEntityOfPage\":{\"@id\":\"https:\\\/\\\/buletin.de\\\/bucuresti\\\/legea-fatadelor-in-bucuresti-supraimpozitare-si-facilitati-pentru-proprietari\\\/\"},\"wordCount\":1104,\"publisher\":{\"@id\":\"https:\\\/\\\/buletin.de\\\/bucuresti\\\/#organization\"},\"image\":{\"@id\":\"https:\\\/\\\/buletin.de\\\/bucuresti\\\/legea-fatadelor-in-bucuresti-supraimpozitare-si-facilitati-pentru-proprietari\\\/#primaryimage\"},\"thumbnailUrl\":\"https:\\\/\\\/buletin.de\\\/bucuresti\\\/wp-content\\\/uploads\\\/cladire-1.jpg\",\"keywords\":[\"2021\",\"Capitala\",\"Cl\u0103diri deteriorate\",\"fa\u021bade\",\"legea fa\u021badelor\",\"Marele Bucure\u0219ti\",\"oradea\",\"Radu Mihaiu\",\"Sector 2\",\"Supraimpozitare\"],\"articleSection\":[\"Featured\"],\"inLanguage\":\"en-GB\",\"copyrightYear\":\"2021\",\"copyrightHolder\":{\"@id\":\"https:\\\/\\\/buletin.de\\\/bucuresti\\\/#organization\"}},{\"@type\":\"WebPage\",\"@id\":\"https:\\\/\\\/buletin.de\\\/bucuresti\\\/legea-fatadelor-in-bucuresti-supraimpozitare-si-facilitati-pentru-proprietari\\\/\",\"url\":\"https:\\\/\\\/buletin.de\\\/bucuresti\\\/legea-fatadelor-in-bucuresti-supraimpozitare-si-facilitati-pentru-proprietari\\\/\",\"name\":\"\u201eLegea fa\u021badelor\u201d \u00een Bucure\u0219ti: supraimpozitare \u0219i facilit\u0103\u021bi pentru proprietari - Buletin de Bucure\u0219ti\",\"isPartOf\":{\"@id\":\"https:\\\/\\\/buletin.de\\\/bucuresti\\\/#website\"},\"primaryImageOfPage\":{\"@id\":\"https:\\\/\\\/buletin.de\\\/bucuresti\\\/legea-fatadelor-in-bucuresti-supraimpozitare-si-facilitati-pentru-proprietari\\\/#primaryimage\"},\"image\":{\"@id\":\"https:\\\/\\\/buletin.de\\\/bucuresti\\\/legea-fatadelor-in-bucuresti-supraimpozitare-si-facilitati-pentru-proprietari\\\/#primaryimage\"},\"thumbnailUrl\":\"https:\\\/\\\/buletin.de\\\/bucuresti\\\/wp-content\\\/uploads\\\/cladire-1.jpg\",\"datePublished\":\"2021-12-14T13:00:57+00:00\",\"dateModified\":\"2021-12-14T13:00:58+00:00\",\"breadcrumb\":{\"@id\":\"https:\\\/\\\/buletin.de\\\/bucuresti\\\/legea-fatadelor-in-bucuresti-supraimpozitare-si-facilitati-pentru-proprietari\\\/#breadcrumb\"},\"inLanguage\":\"en-GB\",\"potentialAction\":[{\"@type\":\"ReadAction\",\"target\":[\"https:\\\/\\\/buletin.de\\\/bucuresti\\\/legea-fatadelor-in-bucuresti-supraimpozitare-si-facilitati-pentru-proprietari\\\/\"]}]},{\"@type\":\"ImageObject\",\"inLanguage\":\"en-GB\",\"@id\":\"https:\\\/\\\/buletin.de\\\/bucuresti\\\/legea-fatadelor-in-bucuresti-supraimpozitare-si-facilitati-pentru-proprietari\\\/#primaryimage\",\"url\":\"https:\\\/\\\/buletin.de\\\/bucuresti\\\/wp-content\\\/uploads\\\/cladire-1.jpg\",\"contentUrl\":\"https:\\\/\\\/buletin.de\\\/bucuresti\\\/wp-content\\\/uploads\\\/cladire-1.jpg\",\"width\":2239,\"height\":1274},{\"@type\":\"BreadcrumbList\",\"@id\":\"https:\\\/\\\/buletin.de\\\/bucuresti\\\/legea-fatadelor-in-bucuresti-supraimpozitare-si-facilitati-pentru-proprietari\\\/#breadcrumb\",\"itemListElement\":[{\"@type\":\"ListItem\",\"position\":1,\"name\":\"Acas\u0103\",\"item\":\"https:\\\/\\\/buletin.de\\\/bucuresti\\\/\"},{\"@type\":\"ListItem\",\"position\":2,\"name\":\"\u201eLegea fa\u021badelor\u201d \u00een Bucure\u0219ti: supraimpozitare \u0219i facilit\u0103\u021bi pentru proprietari\"}]},{\"@type\":\"WebSite\",\"@id\":\"https:\\\/\\\/buletin.de\\\/bucuresti\\\/#website\",\"url\":\"https:\\\/\\\/buletin.de\\\/bucuresti\\\/\",\"name\":\"Buletin de Bucure\u0219ti\",\"description\":\"\u0218tiri \u0219i investiga\u021bii esen\u021biale din capital\u0103\",\"publisher\":{\"@id\":\"https:\\\/\\\/buletin.de\\\/bucuresti\\\/#organization\"},\"potentialAction\":[{\"@type\":\"SearchAction\",\"target\":{\"@type\":\"EntryPoint\",\"urlTemplate\":\"https:\\\/\\\/buletin.de\\\/bucuresti\\\/?s={search_term_string}\"},\"query-input\":{\"@type\":\"PropertyValueSpecification\",\"valueRequired\":true,\"valueName\":\"search_term_string\"}}],\"inLanguage\":\"en-GB\"},{\"@type\":\"Organization\",\"@id\":\"https:\\\/\\\/buletin.de\\\/bucuresti\\\/#organization\",\"name\":\"Buletin de Bucure\u0219ti\",\"url\":\"https:\\\/\\\/buletin.de\\\/bucuresti\\\/\",\"logo\":{\"@type\":\"ImageObject\",\"inLanguage\":\"en-GB\",\"@id\":\"https:\\\/\\\/buletin.de\\\/bucuresti\\\/#\\\/schema\\\/logo\\\/image\\\/\",\"url\":\"https:\\\/\\\/buletin.de\\\/bucuresti\\\/wp-content\\\/uploads\\\/logo-bdb-full-wide-vernil-transparent.png\",\"contentUrl\":\"https:\\\/\\\/buletin.de\\\/bucuresti\\\/wp-content\\\/uploads\\\/logo-bdb-full-wide-vernil-transparent.png\",\"width\":1782,\"height\":626,\"caption\":\"Buletin de Bucure\u0219ti\"},\"image\":{\"@id\":\"https:\\\/\\\/buletin.de\\\/bucuresti\\\/#\\\/schema\\\/logo\\\/image\\\/\"},\"sameAs\":[\"https:\\\/\\\/www.facebook.com\\\/buletin.de.buc\",\"https:\\\/\\\/www.instagram.com\\\/buletinde.bucuresti\\\/\"]},{\"@type\":\"Person\",\"@id\":\"https:\\\/\\\/buletin.de\\\/bucuresti\\\/#\\\/schema\\\/person\\\/b0686d7a8b666c6afc78239777fd8a89\",\"name\":\"Florin R\u00e2\u0219teiu\",\"image\":{\"@type\":\"ImageObject\",\"inLanguage\":\"en-GB\",\"@id\":\"https:\\\/\\\/buletin.de\\\/bucuresti\\\/wp-content\\\/uploads\\\/Florin-Rasteiu-96x96.jpgf0a6fe28453aa12f0a60e4d0a2e3a78c\",\"url\":\"https:\\\/\\\/buletin.de\\\/bucuresti\\\/wp-content\\\/uploads\\\/Florin-Rasteiu-96x96.jpg\",\"contentUrl\":\"https:\\\/\\\/buletin.de\\\/bucuresti\\\/wp-content\\\/uploads\\\/Florin-Rasteiu-96x96.jpg\",\"caption\":\"Florin R\u00e2\u0219teiu\"},\"description\":\"Jurnalist de investiga\u021bie. Lucreaz\u0103 de aproape 6 ani la Buletin de Bucure\u0219ti, unde a publicat articole care scot la suprafa\u021b\u0103 corup\u021bia din Capital\u0103. Analizeaz\u0103 baze de date zilnic \u0219i scoate pove\u0219ti din exceluri pline de cifre. Pune reflectorul pe adev\u0103r cu fiecare ocazie. A c\u00e2\u0219tigat premiul I la categoria Pres\u0103 Local\u0103 \u00een 2025 \u0219i locul al II-lea la aceea\u0219i categorie \u00een 2024 \u00een cadrul Premiilor Superscrieri pentru jurnalism independent.\",\"url\":\"https:\\\/\\\/buletin.de\\\/bucuresti\\\/author\\\/florinrasteiu\\\/\"}]}<\/script>\n<!-- \/ Yoast SEO Premium plugin. -->","yoast_head_json":{"title":"\u201eLegea fa\u021badelor\u201d \u00een Bucure\u0219ti: supraimpozitare \u0219i facilit\u0103\u021bi pentru proprietari - Buletin de Bucure\u0219ti","robots":{"index":"index","follow":"follow","max-snippet":"max-snippet:-1","max-image-preview":"max-image-preview:large","max-video-preview":"max-video-preview:-1"},"canonical":"https:\/\/buletin.de\/bucuresti\/legea-fatadelor-in-bucuresti-supraimpozitare-si-facilitati-pentru-proprietari\/","og_locale":"en_GB","og_type":"article","og_title":"\u201eLegea fa\u021badelor\u201d \u00een Bucure\u0219ti: supraimpozitare \u0219i facilit\u0103\u021bi pentru proprietari","og_description":"Multe dintre cl\u0103dirile din Bucure\u0219ti, mai ales cele monument istoric, au fa\u021bade deteriorate sau \u00een unele cazuri sunt chiar pericol public pentru cet\u0103\u021benii din Capital\u0103. Prim\u0103ria Sectorului 2 a \u00eenceput s\u0103 supraimpoziteze cu 500% cl\u0103dirile cu fa\u021bade ne\u00eengrijite, iar p\u00e2n\u0103 acum au fost vizate aproximativ 40 de astfel de cl\u0103diri. Radu Mihaiu, primarul Sectorului 2, [&hellip;]","og_url":"https:\/\/buletin.de\/bucuresti\/legea-fatadelor-in-bucuresti-supraimpozitare-si-facilitati-pentru-proprietari\/","og_site_name":"Buletin de Bucure\u0219ti","article_publisher":"https:\/\/www.facebook.com\/buletin.de.buc","article_published_time":"2021-12-14T13:00:57+00:00","article_modified_time":"2021-12-14T13:00:58+00:00","og_image":[{"width":2239,"height":1274,"url":"https:\/\/buletin.de\/bucuresti\/wp-content\/uploads\/cladire-1.jpg","type":"image\/jpeg"}],"author":"Florin R\u00e2\u0219teiu","twitter_card":"summary_large_image","twitter_misc":{"Written by":"Florin R\u00e2\u0219teiu","Estimated reading time":"5 minutes"},"schema":{"@context":"https:\/\/schema.org","@graph":[{"@type":"Article","@id":"https:\/\/buletin.de\/bucuresti\/legea-fatadelor-in-bucuresti-supraimpozitare-si-facilitati-pentru-proprietari\/#article","isPartOf":{"@id":"https:\/\/buletin.de\/bucuresti\/legea-fatadelor-in-bucuresti-supraimpozitare-si-facilitati-pentru-proprietari\/"},"author":{"name":"Florin R\u00e2\u0219teiu","@id":"https:\/\/buletin.de\/bucuresti\/#\/schema\/person\/b0686d7a8b666c6afc78239777fd8a89"},"headline":"\u201eLegea fa\u021badelor\u201d \u00een Bucure\u0219ti: supraimpozitare \u0219i facilit\u0103\u021bi pentru proprietari","datePublished":"2021-12-14T13:00:57+00:00","dateModified":"2021-12-14T13:00:58+00:00","mainEntityOfPage":{"@id":"https:\/\/buletin.de\/bucuresti\/legea-fatadelor-in-bucuresti-supraimpozitare-si-facilitati-pentru-proprietari\/"},"wordCount":1104,"publisher":{"@id":"https:\/\/buletin.de\/bucuresti\/#organization"},"image":{"@id":"https:\/\/buletin.de\/bucuresti\/legea-fatadelor-in-bucuresti-supraimpozitare-si-facilitati-pentru-proprietari\/#primaryimage"},"thumbnailUrl":"https:\/\/buletin.de\/bucuresti\/wp-content\/uploads\/cladire-1.jpg","keywords":["2021","Capitala","Cl\u0103diri deteriorate","fa\u021bade","legea fa\u021badelor","Marele Bucure\u0219ti","oradea","Radu Mihaiu","Sector 2","Supraimpozitare"],"articleSection":["Featured"],"inLanguage":"en-GB","copyrightYear":"2021","copyrightHolder":{"@id":"https:\/\/buletin.de\/bucuresti\/#organization"}},{"@type":"WebPage","@id":"https:\/\/buletin.de\/bucuresti\/legea-fatadelor-in-bucuresti-supraimpozitare-si-facilitati-pentru-proprietari\/","url":"https:\/\/buletin.de\/bucuresti\/legea-fatadelor-in-bucuresti-supraimpozitare-si-facilitati-pentru-proprietari\/","name":"\u201eLegea fa\u021badelor\u201d \u00een Bucure\u0219ti: supraimpozitare \u0219i facilit\u0103\u021bi pentru proprietari - Buletin de Bucure\u0219ti","isPartOf":{"@id":"https:\/\/buletin.de\/bucuresti\/#website"},"primaryImageOfPage":{"@id":"https:\/\/buletin.de\/bucuresti\/legea-fatadelor-in-bucuresti-supraimpozitare-si-facilitati-pentru-proprietari\/#primaryimage"},"image":{"@id":"https:\/\/buletin.de\/bucuresti\/legea-fatadelor-in-bucuresti-supraimpozitare-si-facilitati-pentru-proprietari\/#primaryimage"},"thumbnailUrl":"https:\/\/buletin.de\/bucuresti\/wp-content\/uploads\/cladire-1.jpg","datePublished":"2021-12-14T13:00:57+00:00","dateModified":"2021-12-14T13:00:58+00:00","breadcrumb":{"@id":"https:\/\/buletin.de\/bucuresti\/legea-fatadelor-in-bucuresti-supraimpozitare-si-facilitati-pentru-proprietari\/#breadcrumb"},"inLanguage":"en-GB","potentialAction":[{"@type":"ReadAction","target":["https:\/\/buletin.de\/bucuresti\/legea-fatadelor-in-bucuresti-supraimpozitare-si-facilitati-pentru-proprietari\/"]}]},{"@type":"ImageObject","inLanguage":"en-GB","@id":"https:\/\/buletin.de\/bucuresti\/legea-fatadelor-in-bucuresti-supraimpozitare-si-facilitati-pentru-proprietari\/#primaryimage","url":"https:\/\/buletin.de\/bucuresti\/wp-content\/uploads\/cladire-1.jpg","contentUrl":"https:\/\/buletin.de\/bucuresti\/wp-content\/uploads\/cladire-1.jpg","width":2239,"height":1274},{"@type":"BreadcrumbList","@id":"https:\/\/buletin.de\/bucuresti\/legea-fatadelor-in-bucuresti-supraimpozitare-si-facilitati-pentru-proprietari\/#breadcrumb","itemListElement":[{"@type":"ListItem","position":1,"name":"Acas\u0103","item":"https:\/\/buletin.de\/bucuresti\/"},{"@type":"ListItem","position":2,"name":"\u201eLegea fa\u021badelor\u201d \u00een Bucure\u0219ti: supraimpozitare \u0219i facilit\u0103\u021bi pentru proprietari"}]},{"@type":"WebSite","@id":"https:\/\/buletin.de\/bucuresti\/#website","url":"https:\/\/buletin.de\/bucuresti\/","name":"Buletin de Bucure\u0219ti","description":"\u0218tiri \u0219i investiga\u021bii esen\u021biale din capital\u0103","publisher":{"@id":"https:\/\/buletin.de\/bucuresti\/#organization"},"potentialAction":[{"@type":"SearchAction","target":{"@type":"EntryPoint","urlTemplate":"https:\/\/buletin.de\/bucuresti\/?s={search_term_string}"},"query-input":{"@type":"PropertyValueSpecification","valueRequired":true,"valueName":"search_term_string"}}],"inLanguage":"en-GB"},{"@type":"Organization","@id":"https:\/\/buletin.de\/bucuresti\/#organization","name":"Buletin de Bucure\u0219ti","url":"https:\/\/buletin.de\/bucuresti\/","logo":{"@type":"ImageObject","inLanguage":"en-GB","@id":"https:\/\/buletin.de\/bucuresti\/#\/schema\/logo\/image\/","url":"https:\/\/buletin.de\/bucuresti\/wp-content\/uploads\/logo-bdb-full-wide-vernil-transparent.png","contentUrl":"https:\/\/buletin.de\/bucuresti\/wp-content\/uploads\/logo-bdb-full-wide-vernil-transparent.png","width":1782,"height":626,"caption":"Buletin de Bucure\u0219ti"},"image":{"@id":"https:\/\/buletin.de\/bucuresti\/#\/schema\/logo\/image\/"},"sameAs":["https:\/\/www.facebook.com\/buletin.de.buc","https:\/\/www.instagram.com\/buletinde.bucuresti\/"]},{"@type":"Person","@id":"https:\/\/buletin.de\/bucuresti\/#\/schema\/person\/b0686d7a8b666c6afc78239777fd8a89","name":"Florin R\u00e2\u0219teiu","image":{"@type":"ImageObject","inLanguage":"en-GB","@id":"https:\/\/buletin.de\/bucuresti\/wp-content\/uploads\/Florin-Rasteiu-96x96.jpgf0a6fe28453aa12f0a60e4d0a2e3a78c","url":"https:\/\/buletin.de\/bucuresti\/wp-content\/uploads\/Florin-Rasteiu-96x96.jpg","contentUrl":"https:\/\/buletin.de\/bucuresti\/wp-content\/uploads\/Florin-Rasteiu-96x96.jpg","caption":"Florin R\u00e2\u0219teiu"},"description":"Jurnalist de investiga\u021bie. Lucreaz\u0103 de aproape 6 ani la Buletin de Bucure\u0219ti, unde a publicat articole care scot la suprafa\u021b\u0103 corup\u021bia din Capital\u0103. Analizeaz\u0103 baze de date zilnic \u0219i scoate pove\u0219ti din exceluri pline de cifre. Pune reflectorul pe adev\u0103r cu fiecare ocazie. A c\u00e2\u0219tigat premiul I la categoria Pres\u0103 Local\u0103 \u00een 2025 \u0219i locul al II-lea la aceea\u0219i categorie \u00een 2024 \u00een cadrul Premiilor Superscrieri pentru jurnalism independent.","url":"https:\/\/buletin.de\/bucuresti\/author\/florinrasteiu\/"}]}},"authors":[{"term_id":22576,"user_id":17,"is_guest":0,"slug":"florinrasteiu","display_name":"Florin R\u00e2\u0219teiu","avatar_url":"https:\/\/buletin.de\/bucuresti\/wp-content\/uploads\/Florin-Rasteiu-96x96.jpg","0":null,"1":"","2":"","3":"","4":"","5":"","6":"","7":"","8":""}],"_links":{"self":[{"href":"https:\/\/buletin.de\/bucuresti\/wp-json\/wp\/v2\/posts\/36115","targetHints":{"allow":["GET"]}}],"collection":[{"href":"https:\/\/buletin.de\/bucuresti\/wp-json\/wp\/v2\/posts"}],"about":[{"href":"https:\/\/buletin.de\/bucuresti\/wp-json\/wp\/v2\/types\/post"}],"author":[{"embeddable":true,"href":"https:\/\/buletin.de\/bucuresti\/wp-json\/wp\/v2\/users\/17"}],"replies":[{"embeddable":true,"href":"https:\/\/buletin.de\/bucuresti\/wp-json\/wp\/v2\/comments?post=36115"}],"version-history":[{"count":5,"href":"https:\/\/buletin.de\/bucuresti\/wp-json\/wp\/v2\/posts\/36115\/revisions"}],"predecessor-version":[{"id":36147,"href":"https:\/\/buletin.de\/bucuresti\/wp-json\/wp\/v2\/posts\/36115\/revisions\/36147"}],"wp:featuredmedia":[{"embeddable":true,"href":"https:\/\/buletin.de\/bucuresti\/wp-json\/wp\/v2\/media\/36121"}],"wp:attachment":[{"href":"https:\/\/buletin.de\/bucuresti\/wp-json\/wp\/v2\/media?parent=36115"}],"wp:term":[{"taxonomy":"category","embeddable":true,"href":"https:\/\/buletin.de\/bucuresti\/wp-json\/wp\/v2\/categories?post=36115"},{"taxonomy":"post_tag","embeddable":true,"href":"https:\/\/buletin.de\/bucuresti\/wp-json\/wp\/v2\/tags?post=36115"},{"taxonomy":"author","embeddable":true,"href":"https:\/\/buletin.de\/bucuresti\/wp-json\/wp\/v2\/ppma_author?post=36115"}],"curies":[{"name":"wp","href":"https:\/\/api.w.org\/{rel}","templated":true}]}}